{"id":4429,"date":"2019-11-13T10:26:06","date_gmt":"2019-11-13T10:26:06","guid":{"rendered":"https:\/\/teatrulreginamaria.ro\/2019\/11\/13\/crestini-8-noiembrie-2019-oana-rapotan-bookhub-ro\/"},"modified":"2019-11-13T10:26:06","modified_gmt":"2019-11-13T10:26:06","slug":"keresztenyek-2019-november-8-oana-rapotan-bookhub-ro","status":"publish","type":"post","link":"https:\/\/www.teatrulreginamaria.ro\/hu\/crestini-8-noiembrie-2019-oana-rapotan-bookhub-ro\/","title":{"rendered":"KERESZT\u00c9NYEK: 2019. november 8. \u2013 Oana Rapotan (bookhub.ro)"},"content":{"rendered":"<header class=\"post-header cf\">\n<div class=\"heading cf\">\n<p>Sz\u00f6vegszerz\u0151: Oana Rapotan<br \/>Vettem innen <a href=\"http:\/\/bookhub.ro\/crestini-sau-o-introspectie-asupra-propriilor-valori-morale-si-nu-numai\/\">bookhub.ro<\/a><\/p>\n<p style=\"text-align: justify;\">Egy t\u00f6bb mint 200 000 lakos\u00fa v\u00e1rosban,\u00a0<strong>Sz\u00ednh\u00e1z\u00a0<em>M\u00e1ria kir\u00e1lyn\u0151<\/em>\u00a0Nagyv\u00e1radr\u00f3l<\/strong>\u00a0t\u00f6bb \u00e9vadon kereszt\u00fcl t\u00f6rekedett arra, hogy sz\u00e9les\u00edtse t\u00e9ma- \u00e9s megk\u00f6zel\u00edt\u00e9si reperto\u00e1rj\u00e1t, \u00edgy a n\u00e9z\u0151sz\u00e1m \u00e1tlag feletti. Ez magyar\u00e1zhatja az elm\u00falt \u00e9vek premierjeit is: fiatal \u00e9s nagyon fiatal rendez\u0151k, akik m\u00e1r d\u00edjazottak az orsz\u00e1gban vagy ak\u00e1r Rom\u00e1ni\u00e1n k\u00edv\u00fcl is, k\u00f6vetkezetes sz\u00f6vegek, amelyek igazi kih\u00edv\u00e1st jelentenek a sz\u00edn\u00e9szek, de a k\u00f6z\u00f6ns\u00e9g sz\u00e1m\u00e1ra is, olyan sz\u00ednpadk\u00e9pek, amelyek a klasszikus d\u00edszleteket a legmodernebb technol\u00f3gia audiovizu\u00e1lis effektusaival \u00f6tv\u00f6zik. A 2019-2020-as \u00e9vad \u00fajabb kih\u00edv\u00e1ssal kezd\u0151d\u00f6tt a sz\u00edn\u00e9szek \u00e9s rendez\u0151k t\u00e1rsulata sz\u00e1m\u00e1ra: a sz\u00ednh\u00e1zi sz\u00ednpad (Nagyv\u00e1rad emblematikus \u00e9p\u00edt\u00e9szeti gy\u00f6ngyszeme) nagyszab\u00e1s\u00fa moderniz\u00e1ci\u00f3s folyamat\u00e1ba val\u00f3 bel\u00e9p\u00e9s miatt a sz\u00ednh\u00e1z vezet\u0151inek siker\u00fclt megszerezni\u00fck a jogot, hogy a darabokat szokatlan helysz\u00edneken is bemutathass\u00e1k, de a rendez\u0151k ezt teljes m\u00e9rt\u00e9kben ki tudt\u00e1k haszn\u00e1lni. Ez t\u00f6rt\u00e9nt az \u00e9vad m\u00e1sodik premierj\u00e9vel is:\u00a0<strong><em>kereszt\u00e9nyek<\/em><\/strong>.A fiatal, de m\u00e1r befutott rendez\u0151\u00a0<strong>Radu Iacoban<\/strong>\u00a0lehet\u0151s\u00e9g\u00fck volt arra, hogy az el\u0151ad\u00e1st egy kiv\u00e9teles helysz\u00ednen j\u00e1tssz\u00e1k el:\u00a0<strong>Zion Neol\u00f3g Zsinag\u00f3ga<\/strong>, Nagyv\u00e1rad egy m\u00e1sik emblematikus \u00e9p\u00edt\u00e9szeti gy\u00f6ngyszeme.<\/p>\n<p><!--more-->\n<\/div>\n<\/header>\n<div class=\"post-container cf\">\n<div class=\"post-content-right\">\n<div class=\"post-content description\">\n<p style=\"text-align: justify;\">A sz\u00f6veg szerz\u0151je,\u00a0<strong>Lucas Hnath,<\/strong>\u00a0hatalmas kock\u00e1zatot v\u00e1llalt a darab bemutat\u00e1s\u00e1val, de a fogad\u00e1s nyer\u0151nek bizonyult: a sz\u00f6veget azonnal sz\u00ednpadra \u00e1ll\u00edtott\u00e1k, \u00e9s az el\u0151ad\u00e1st 2016 \u00f3ta d\u00edjazt\u00e1k. Radu Iacoban szint\u00e9n hatalmas kock\u00e1zatot v\u00e1llalt a darab orsz\u00e1gos rom\u00e1niai premierj\u00e9vel. Szociol\u00f3giai szempontb\u00f3l a rom\u00e1n t\u00e1rsadalom Eur\u00f3pa egyik legkonzervat\u00edvabb t\u00e1rsadalma, \u00e9s a vall\u00e1si elvek nagy szerepet j\u00e1tszanak ennek a konzervativizmusnak a meghat\u00e1roz\u00e1s\u00e1ban. A ment\u00e1lis mint\u00e1kb\u00f3l val\u00f3 kit\u00f6r\u00e9s gyakran intoleranci\u00e1t \u00e9s mindenf\u00e9le sz\u00e9ls\u0151s\u00e9gess\u00e9ghez vezethet, ami val\u00f3di egy\u00e9ni \u00e9s kollekt\u00edv dr\u00e1m\u00e1khoz vezet. P\u00e1l lelk\u00e9sz pr\u00e9dik\u00e1ci\u00f3ja, amely l\u00e1tsz\u00f3lag p\u00e1rbesz\u00e9d a h\u00edveivel, hideg zuhany lehet sok rom\u00e1n n\u00e9z\u0151 sz\u00e1m\u00e1ra, ami \u00e9rthet\u0151, hiszen az agnosztikus kommunista rezsim m\u00e9ly nyomokat hagyott a vall\u00e1shoz val\u00f3 hozz\u00e1\u00e1ll\u00e1sban \u00e1ltal\u00e1ban, de k\u00fcl\u00f6n\u00f6sen a saj\u00e1t vall\u00e1s\/hiedelem vagy vall\u00e1si attit\u0171d szabad\/cenz\u00far\u00e1zatlan kifejez\u00e9s\u00e9ben. A totalit\u00e1rius rezsim \u00e1ltal oly j\u00f3l \u00e1polt viselked\u00e9si mint\u00e1k \u00e9s klis\u00e9k rendszerez\u00e9se fenntart\u00e1sokat\/tart\u00f3zkod\u00e1sokat kelt a saj\u00e1tjukt\u00f3l elt\u00e9r\u0151 r\u00edtus\u00fa vall\u00e1si szertart\u00e1sokon val\u00f3 r\u00e9szv\u00e9tellel szemben, a \u201epr\u00e9dik\u00e1ci\u00f3\u201d sz\u00f3 pedig gyanakv\u00e1st er\u0151s\u00edt. Az evang\u00e9liumot meglep\u0151en j\u00f3l \u00e9rtelmezt\u00e9k (abban az \u00e9rtelemben, hogy tiszteletben tartotta a m\u0171faj \u00f6sszes k\u00e1nonj\u00e1t) a k\u00f6vetkez\u0151k:\u00a0<strong>B\u00e1lint Rich\u00e1rd<\/strong>\u00a0\u00a0\u2013 P\u00e1l lelk\u00e9sz h\u00edveivel egy\u00fctt bevezeti a k\u00f6z\u00f6ns\u00e9get egy amerikai vas\u00e1rnapi istentisztelet hangulat\u00e1ba. A r\u00e9sztvev\u0151k vid\u00e1m, laza, s\u0151t enyh\u00e9n euforikus hozz\u00e1\u00e1ll\u00e1sa a szok\u00e1sos vas\u00e1rnapi liturgi\u00e1ban ellentmond az ortodox kereszt\u00e9ny istentisztelet mint\u00e1inak, ami irrit\u00e1lhat egyes n\u00e9z\u0151ket (akik ak\u00e1r a sz\u00f6veg szerz\u0151j\u00e9t, de azokat is, akik mert\u00e9k megrendezni, istenk\u00e1roml\u00e1ssal v\u00e1dolhatj\u00e1k), vagy \u00e9ppen ellenkez\u0151leg, nevet\u00e9st v\u00e1lthat ki m\u00e1sokb\u00f3l (ahogyan az val\u00f3j\u00e1ban t\u00f6rt\u00e9nt is). Mindk\u00e9t reakci\u00f3 a k\u00f6z\u00f6ns\u00e9g alkalmazkod\u00e1si folyamat\u00e1nak r\u00e9sze egy olyan t\u00e9m\u00e1hoz, amely eg\u00e9szen a k\u00f6zelm\u00faltig tabu volt a rom\u00e1n t\u00e1rsadalomban: a hal\u00e1l ut\u00e1ni \u00e9lethez \u00e9s ahhoz, hogy hov\u00e1 jutunk (test\u00fcnkkel vagy lelk\u00fcnkkel, vagy mi\u00e9rt ne mindkett\u0151vel).<\/p>\n<p style=\"text-align: justify;\">De Paul lelk\u00e9sz b\u00e1tors\u00e1g\u00e1n t\u00fal, hogy tagadja a Pokol l\u00e9tez\u00e9s\u00e9t, a teljes intellektu\u00e1lis \u00e9retts\u00e9g kor\u00e1t el\u00e9rt klerikus bels\u0151 p\u00e1rbesz\u00e9d\u00e9nek k\u00f6z\u00f6s sz\u00e1la az \u201e\u00e1thidalhatatlan t\u00e1vols\u00e1g\u201d, amelyet \u00e9lete d\u00f6nt\u0151 pillanataiban \u00e9rzett: a t\u00e1vols\u00e1g (amely elviselhetetlenn\u00e9 v\u00e1lik) leend\u0151 feles\u00e9g\u00e9t\u0151l, akivel egy rep\u00fcl\u0151g\u00e9pen tal\u00e1lkozik, Joshua testv\u00e9rt\u0151l, aki nem fogadja el a lelk\u00e9sz \u201eforradalm\u00e1t\u201d, de Jenny n\u0151v\u00e9rt\u0151l is, aki vehemensen el\u00e9gedetlens\u00e9g\u00e9nek ad hangot saj\u00e1t lelk\u00e9sze \u2013 lelki vezet\u0151, de egyben laikus is \u2013 vall\u00e1sos napi rutinj\u00e1t\u00f3l val\u00f3 elt\u00e9r\u00e9se miatt. A t\u00e1j\u00e9koz\u00f3d\u00e1si pontok elveszt\u00e9se (az\u00e1ltal, hogy csak a Menny, nem a Pokol l\u00e9tez\u00e9s\u00e9t er\u0151s\u00edti) az Egyh\u00e1zi Tan\u00e1cs t\u00e1mogat\u00e1s\u00e1nak gyors elveszt\u00e9s\u00e9hez vezet, \u00e9s Jay testv\u00e9r (a tapasztalt \u00e9s j\u00f3l ell\u00e1tott zeneszerz\u0151i szerep) gyorsan elvesz\u00edti a t\u00e1mogat\u00e1st.\u00a0<strong>Petre Ghimbasan<\/strong>), sz\u00f3viv\u0151je, nyersen kijelenti: saj\u00e1t eretneks\u00e9g\u00e9nek tagad\u00e1sa az egyetlen es\u00e9lye P\u00e1l lelk\u00e9sz sz\u00e1m\u00e1ra, k\u00fcl\u00f6nben semmif\u00e9le t\u00e1mogat\u00e1sr\u00f3l, bele\u00e9rtve az anyagiakat is, sz\u00f3 sem lehet. A feles\u00e9g mer\u00e9szs\u00e9ge, hogy a Pokol l\u00e9tez\u00e9s\u00e9t t\u00f6bb mint kategorikus m\u00f3don \u00e1ll\u00edtsa, a lelk\u00e9szt saj\u00e1t egzisztenci\u00e1lis v\u00e1ls\u00e1g\u00e1nak kritikus pontj\u00e1ra fogja juttatni.<\/p>\n<p style=\"text-align: justify;\">A minimalista dekor\u00e1ci\u00f3, nem v\u00e9letlen\u00fcl feh\u00e9r, a videografika, de a f\u00e9nyj\u00e1t\u00e9k is \u00fajraaktiv\u00e1l a n\u00e9z\u0151 sz\u00e1m\u00e1ra egy sor szimb\u00f3lumot, melyeket az \u00fagynevezett szocializ\u00e1ci\u00f3 pora \u00e9s a m\u00e9dia \u00e1ltal r\u00e1 z\u00fadul\u00f3 \u201e\u00e9rt\u00e9kek\u201d bor\u00edtanak. Szinte mindegy, hogy Pastor Paul tal\u00e1l-e megold\u00e1st a semmib\u0151l kit\u00f6rt egzisztenci\u00e1lis v\u00e1ls\u00e1gra. Lucas Hnath sz\u00e1m\u00e1ra sokkal fontosabb, hogy a n\u00e9z\u0151 tudat\u00e1ra \u00e9bredjen saj\u00e1t, lek\u00fczdhetetlen t\u00e1vols\u00e1g\u00e1nak a saj\u00e1t lelkiismeret\u00e9t\u0151l \u00e9s embert\u00e1rsait\u00f3l.\u00a0<strong>Radu Iacoban\u00a0<\/strong>nagyon j\u00f3l \u00e9rtette ezt (tal\u00e1n az\u00e9rt, mert a sz\u00f6veget is \u0151 ford\u00edtotta), amit a sz\u00edn\u00e9szek nagyon gondosan adagolt fr\u00e1zisai \u00e9s gesztusai, valamint a k\u00f6z\u00f6ns\u00e9ggel val\u00f3 interakci\u00f3 is bizony\u00edt, akik k\u00f6z\u00e9 t\u00f6bbsz\u00f6r is leereszkedtek.\u00a0<strong>B\u00e1lint Rich\u00e1rd<\/strong>\u00a0ism\u00e9t meger\u0151s\u00edti tehets\u00e9g\u00e9t (a tapasztalat lehet\u0151v\u00e9 tette sz\u00e1m\u00e1ra, hogy p\u00e1rbesz\u00e9det folytasson a k\u00f6z\u00f6ns\u00e9ggel, zsongl\u0151rk\u00f6dj\u00f6n a csintalan mikrofonokkal, amelyek hangulatban hagynak el, \u00e9s egy csintalan l\u00e9gylyel is &quot;megk\u00fczdj\u00f6n&quot;), de a m\u0171sor sikere a csapatmunka eredm\u00e9nye.<\/p>\n<p style=\"text-align: justify;\">\u00d6r\u00fcl\u00fcnk a b\u00e1tors\u00e1g\u00e1nak.\u00a0<strong>Radu Iacoban<\/strong>\u00a0Egy ilyen \u00e9rz\u00e9keny t\u00e9ma sz\u00ednpadra \u00e1ll\u00edt\u00e1s\u00e1hoz el\u00e9gedettek vagyunk a rendez\u0151i koncepci\u00f3j\u00e1val, \u00f6r\u00fcl\u00fcnk, hogy zs\u00fafol\u00e1sig megtelt a terem, \u00f6r\u00fcl\u00fcnk, hogy sok fiatal n\u00e9z\u0151 volt (rem\u00e9lj\u00fck, hogy a kisebb technikai hi\u00e1nyoss\u00e1gokat, k\u00fcl\u00f6n\u00f6sen a hanggal kapcsolatosakat, a j\u00f6v\u0151beli el\u0151ad\u00e1sokban orvosolni fogj\u00e1k). V\u00e1rjuk Radu Iacoban tov\u00e1bbi, hasonl\u00f3an inspir\u00e1l\u00f3 javaslatait.<\/p>\n<p>\u00a0<\/p>\n<\/div>\n<\/div>\n<\/div>","protected":false},"excerpt":{"rendered":"<p>Autor text:\u00a0Oana RapotanPreluat de pe bookhub.ro \u00centr-un ora\u0219 cu peste 200000 de locuitori,\u00a0Teatrul\u00a0Regina Maria\u00a0din Oradea\u00a0se str\u0103duie\u0219te de c\u00e2teva stagiuni \u00eencoace s\u0103-\u0219i l\u0103rgeasc\u0103 repertoriul de subiecte \u0219i de abord\u0103ri, astfel \u00eenc\u00e2t num\u0103rul de spectatori s\u0103 fie unul peste medie. A\u0219a se pot explica \u0219i premierele din ultimii ani: regizori tineri \u0219i foarte tineri, dar deja premia\u021bi [&hellip;]<\/p>\n","protected":false},"author":6,"featured_media":0,"comment_status":"open","ping_status":"open","sticky":false,"template":"","format":"standard","meta":{"_acf_changed":false,"footnotes":""},"categories":[213],"tags":[],"class_list":["post-4429","post","type-post","status-publish","format-standard","hentry","category-aparitii-media"],"aioseo_notices":[],"aioseo_head":"\n\t\t<!-- All in One SEO Pro 5.0.1.1 - aioseo.com -->\n\t<meta name=\"description\" content=\"Autor text: Oana RapotanPreluat de pe bookhub.ro \u00centr-un ora\u0219 cu peste 200000 de locuitori, Teatrul Regina Maria din Oradea se str\u0103duie\u0219te de c\u00e2teva stagiuni \u00eencoace s\u0103-\u0219i l\u0103rgeasc\u0103 repertoriul de subiecte \u0219i de abord\u0103ri, astfel \u00eenc\u00e2t num\u0103rul de spectatori s\u0103 fie unul peste medie. A\u0219a se pot explica \u0219i premierele din ultimii ani: regizori tineri \u0219i foarte tineri, dar deja premia\u021bi\" \/>\n\t<meta name=\"robots\" content=\"max-image-preview:large\" \/>\n\t<meta name=\"author\" content=\"Teatrul Regina Maria\"\/>\n\t<link rel=\"canonical\" href=\"https:\/\/www.teatrulreginamaria.ro\/hu\/crestini-8-noiembrie-2019-oana-rapotan-bookhub-ro\/\" \/>\n\t<meta name=\"generator\" content=\"All in One SEO Pro (AIOSEO) 5.0.1.1\" \/>\n\t\t<meta property=\"og:locale\" content=\"hu_HU\" \/>\n\t\t<meta property=\"og:site_name\" content=\"Teatrul Regina Maria Oradea - Trupa Iosif Vulcan \u0219i Trupa Arcadia\" \/>\n\t\t<meta property=\"og:type\" content=\"article\" \/>\n\t\t<meta property=\"og:title\" content=\"CRE\u0218TINI: 8 noiembrie 2019 \u2013 Oana Rapotan (bookhub.ro) - Teatrul Regina Maria Oradea\" \/>\n\t\t<meta property=\"og:description\" content=\"Autor text: Oana RapotanPreluat de pe bookhub.ro \u00centr-un ora\u0219 cu peste 200000 de locuitori, Teatrul Regina Maria din Oradea se str\u0103duie\u0219te de c\u00e2teva stagiuni \u00eencoace s\u0103-\u0219i l\u0103rgeasc\u0103 repertoriul de subiecte \u0219i de abord\u0103ri, astfel \u00eenc\u00e2t num\u0103rul de spectatori s\u0103 fie unul peste medie. A\u0219a se pot explica \u0219i premierele din ultimii ani: regizori tineri \u0219i foarte tineri, dar deja premia\u021bi\" \/>\n\t\t<meta property=\"og:url\" content=\"https:\/\/www.teatrulreginamaria.ro\/hu\/crestini-8-noiembrie-2019-oana-rapotan-bookhub-ro\/\" \/>\n\t\t<meta property=\"og:image\" content=\"https:\/\/www.teatrulreginamaria.ro\/wp-content\/uploads\/2025\/03\/trm-istoric-01.jpg\" \/>\n\t\t<meta property=\"og:image:secure_url\" content=\"https:\/\/www.teatrulreginamaria.ro\/wp-content\/uploads\/2025\/03\/trm-istoric-01.jpg\" \/>\n\t\t<meta property=\"og:image:width\" content=\"1200\" \/>\n\t\t<meta property=\"og:image:height\" content=\"800\" \/>\n\t\t<meta property=\"article:published_time\" content=\"2019-11-13T10:26:06+00:00\" \/>\n\t\t<meta property=\"article:modified_time\" content=\"2019-11-13T10:26:06+00:00\" \/>\n\t\t<meta property=\"article:publisher\" content=\"https:\/\/www.facebook.com\/TRMTrupaIosifVulcan\/\" \/>\n\t\t<meta name=\"twitter:card\" content=\"summary_large_image\" \/>\n\t\t<meta name=\"twitter:site\" content=\"@TRMOradea\" \/>\n\t\t<meta name=\"twitter:title\" content=\"CRE\u0218TINI: 8 noiembrie 2019 \u2013 Oana Rapotan (bookhub.ro) - Teatrul Regina Maria Oradea\" \/>\n\t\t<meta name=\"twitter:description\" content=\"Autor text: Oana RapotanPreluat de pe bookhub.ro \u00centr-un ora\u0219 cu peste 200000 de locuitori, Teatrul Regina Maria din Oradea se str\u0103duie\u0219te de c\u00e2teva stagiuni \u00eencoace s\u0103-\u0219i l\u0103rgeasc\u0103 repertoriul de subiecte \u0219i de abord\u0103ri, astfel \u00eenc\u00e2t num\u0103rul de spectatori s\u0103 fie unul peste medie. A\u0219a se pot explica \u0219i premierele din ultimii ani: regizori tineri \u0219i foarte tineri, dar deja premia\u021bi\" \/>\n\t\t<meta name=\"twitter:creator\" content=\"@TRMOradea\" \/>\n\t\t<meta name=\"twitter:image\" content=\"https:\/\/www.teatrulreginamaria.ro\/wp-content\/uploads\/2025\/03\/trm-istoric-01.jpg\" \/>\n\t\t<script type=\"application\/ld+json\" class=\"aioseo-schema\">\n\t\t\t{\"@context\":\"https:\\\/\\\/schema.org\",\"@graph\":[{\"@type\":\"BlogPosting\",\"@id\":\"https:\\\/\\\/www.teatrulreginamaria.ro\\\/hu\\\/crestini-8-noiembrie-2019-oana-rapotan-bookhub-ro\\\/#blogposting\",\"name\":\"CRE\\u0218TINI: 8 noiembrie 2019 \\u2013 Oana Rapotan (bookhub.ro) - Teatrul Regina Maria Oradea\",\"headline\":\"CRE\\u0218TINI: 8 noiembrie 2019 \\u2013 Oana Rapotan (bookhub.ro)\",\"author\":{\"@id\":\"https:\\\/\\\/www.teatrulreginamaria.ro\\\/hu\\\/author\\\/w3bmaster\\\/#author\"},\"publisher\":{\"@id\":\"https:\\\/\\\/www.teatrulreginamaria.ro\\\/hu\\\/#organization\"},\"image\":{\"@type\":\"ImageObject\",\"url\":\"https:\\\/\\\/www.teatrulreginamaria.ro\\\/wp-content\\\/uploads\\\/2025\\\/06\\\/logo-trm-01-dark.png\",\"@id\":\"https:\\\/\\\/www.teatrulreginamaria.ro\\\/hu\\\/#articleImage\",\"width\":300,\"height\":148},\"datePublished\":\"2019-11-13T10:26:06+02:00\",\"dateModified\":\"2019-11-13T10:26:06+02:00\",\"inLanguage\":\"hu-HU\",\"mainEntityOfPage\":{\"@id\":\"https:\\\/\\\/www.teatrulreginamaria.ro\\\/hu\\\/crestini-8-noiembrie-2019-oana-rapotan-bookhub-ro\\\/#webpage\"},\"isPartOf\":{\"@id\":\"https:\\\/\\\/www.teatrulreginamaria.ro\\\/hu\\\/crestini-8-noiembrie-2019-oana-rapotan-bookhub-ro\\\/#webpage\"},\"articleSection\":\"Apari\\u021bii media\"},{\"@type\":\"BreadcrumbList\",\"@id\":\"https:\\\/\\\/www.teatrulreginamaria.ro\\\/hu\\\/crestini-8-noiembrie-2019-oana-rapotan-bookhub-ro\\\/#breadcrumblist\",\"itemListElement\":[{\"@type\":\"ListItem\",\"@id\":\"https:\\\/\\\/www.teatrulreginamaria.ro\\\/hu#listItem\",\"position\":1,\"name\":\"Home\",\"item\":\"https:\\\/\\\/www.teatrulreginamaria.ro\\\/hu\",\"nextItem\":{\"@type\":\"ListItem\",\"@id\":\"https:\\\/\\\/www.teatrulreginamaria.ro\\\/hu\\\/categorie\\\/aparitii-media\\\/#listItem\",\"name\":\"Apari\\u021bii media\"}},{\"@type\":\"ListItem\",\"@id\":\"https:\\\/\\\/www.teatrulreginamaria.ro\\\/hu\\\/categorie\\\/aparitii-media\\\/#listItem\",\"position\":2,\"name\":\"Apari\\u021bii media\",\"item\":\"https:\\\/\\\/www.teatrulreginamaria.ro\\\/hu\\\/categorie\\\/aparitii-media\\\/\",\"nextItem\":{\"@type\":\"ListItem\",\"@id\":\"https:\\\/\\\/www.teatrulreginamaria.ro\\\/hu\\\/crestini-8-noiembrie-2019-oana-rapotan-bookhub-ro\\\/#listItem\",\"name\":\"CRE\\u0218TINI: 8 noiembrie 2019 \\u2013 Oana Rapotan (bookhub.ro)\"},\"previousItem\":{\"@type\":\"ListItem\",\"@id\":\"https:\\\/\\\/www.teatrulreginamaria.ro\\\/hu#listItem\",\"name\":\"Home\"}},{\"@type\":\"ListItem\",\"@id\":\"https:\\\/\\\/www.teatrulreginamaria.ro\\\/hu\\\/crestini-8-noiembrie-2019-oana-rapotan-bookhub-ro\\\/#listItem\",\"position\":3,\"name\":\"CRE\\u0218TINI: 8 noiembrie 2019 \\u2013 Oana Rapotan (bookhub.ro)\",\"previousItem\":{\"@type\":\"ListItem\",\"@id\":\"https:\\\/\\\/www.teatrulreginamaria.ro\\\/hu\\\/categorie\\\/aparitii-media\\\/#listItem\",\"name\":\"Apari\\u021bii media\"}}]},{\"@type\":\"Organization\",\"@id\":\"https:\\\/\\\/www.teatrulreginamaria.ro\\\/hu\\\/#organization\",\"name\":\"Teatrul Regina Maria Oradea\",\"description\":\"Trupa Iosif Vulcan \\u0219i Trupa Arcadia\",\"url\":\"https:\\\/\\\/www.teatrulreginamaria.ro\\\/hu\\\/\",\"email\":\"marketing@teatrulreginamaria.ro\",\"telephone\":\"+40359411534\",\"numberOfEmployees\":{\"@type\":\"QuantitativeValue\",\"minValue\":0,\"maxValue\":150},\"logo\":{\"@type\":\"ImageObject\",\"url\":\"https:\\\/\\\/www.teatrulreginamaria.ro\\\/wp-content\\\/uploads\\\/2025\\\/06\\\/logo-trm-01-dark.png\",\"@id\":\"https:\\\/\\\/www.teatrulreginamaria.ro\\\/hu\\\/crestini-8-noiembrie-2019-oana-rapotan-bookhub-ro\\\/#organizationLogo\",\"width\":300,\"height\":148},\"image\":{\"@id\":\"https:\\\/\\\/www.teatrulreginamaria.ro\\\/hu\\\/crestini-8-noiembrie-2019-oana-rapotan-bookhub-ro\\\/#organizationLogo\"},\"sameAs\":[\"https:\\\/\\\/www.facebook.com\\\/TRMTrupaIosifVulcan\\\/\",\"https:\\\/\\\/x.com\\\/TRMOradea\",\"https:\\\/\\\/www.instagram.com\\\/teatrul_regina_maria\\\/\",\"https:\\\/\\\/www.youtube.com\\\/c\\\/TeatrulReginaMariaOradea\",\"https:\\\/\\\/www.linkedin.com\\\/company\\\/teatrul-regina-maria\"]},{\"@type\":\"Person\",\"@id\":\"https:\\\/\\\/www.teatrulreginamaria.ro\\\/hu\\\/author\\\/w3bmaster\\\/#author\",\"url\":\"https:\\\/\\\/www.teatrulreginamaria.ro\\\/hu\\\/author\\\/w3bmaster\\\/\",\"name\":\"Teatrul Regina Maria\",\"image\":{\"@type\":\"ImageObject\",\"@id\":\"https:\\\/\\\/www.teatrulreginamaria.ro\\\/hu\\\/crestini-8-noiembrie-2019-oana-rapotan-bookhub-ro\\\/#authorImage\",\"url\":\"https:\\\/\\\/secure.gravatar.com\\\/avatar\\\/5884139d508ae3f0bafe45e60563b48a9640146d3b08ccc6278c305ff9329305?s=96&d=mm&r=g\",\"width\":96,\"height\":96,\"caption\":\"Teatrul Regina Maria\"}},{\"@type\":\"WebPage\",\"@id\":\"https:\\\/\\\/www.teatrulreginamaria.ro\\\/hu\\\/crestini-8-noiembrie-2019-oana-rapotan-bookhub-ro\\\/#webpage\",\"url\":\"https:\\\/\\\/www.teatrulreginamaria.ro\\\/hu\\\/crestini-8-noiembrie-2019-oana-rapotan-bookhub-ro\\\/\",\"name\":\"CRE\\u0218TINI: 8 noiembrie 2019 \\u2013 Oana Rapotan (bookhub.ro) - Teatrul Regina Maria Oradea\",\"description\":\"Autor text: Oana RapotanPreluat de pe bookhub.ro \\u00centr-un ora\\u0219 cu peste 200000 de locuitori, Teatrul Regina Maria din Oradea se str\\u0103duie\\u0219te de c\\u00e2teva stagiuni \\u00eencoace s\\u0103-\\u0219i l\\u0103rgeasc\\u0103 repertoriul de subiecte \\u0219i de abord\\u0103ri, astfel \\u00eenc\\u00e2t num\\u0103rul de spectatori s\\u0103 fie unul peste medie. A\\u0219a se pot explica \\u0219i premierele din ultimii ani: regizori tineri \\u0219i foarte tineri, dar deja premia\\u021bi\",\"inLanguage\":\"hu-HU\",\"isPartOf\":{\"@id\":\"https:\\\/\\\/www.teatrulreginamaria.ro\\\/hu\\\/#website\"},\"breadcrumb\":{\"@id\":\"https:\\\/\\\/www.teatrulreginamaria.ro\\\/hu\\\/crestini-8-noiembrie-2019-oana-rapotan-bookhub-ro\\\/#breadcrumblist\"},\"author\":{\"@id\":\"https:\\\/\\\/www.teatrulreginamaria.ro\\\/hu\\\/author\\\/w3bmaster\\\/#author\"},\"creator\":{\"@id\":\"https:\\\/\\\/www.teatrulreginamaria.ro\\\/hu\\\/author\\\/w3bmaster\\\/#author\"},\"datePublished\":\"2019-11-13T10:26:06+02:00\",\"dateModified\":\"2019-11-13T10:26:06+02:00\"},{\"@type\":\"WebSite\",\"@id\":\"https:\\\/\\\/www.teatrulreginamaria.ro\\\/hu\\\/#website\",\"url\":\"https:\\\/\\\/www.teatrulreginamaria.ro\\\/hu\\\/\",\"name\":\"Teatrul Regina Maria Oradea\",\"alternateName\":\"TRM Oradea\",\"description\":\"Trupa Iosif Vulcan \\u0219i Trupa Arcadia\",\"inLanguage\":\"hu-HU\",\"publisher\":{\"@id\":\"https:\\\/\\\/www.teatrulreginamaria.ro\\\/hu\\\/#organization\"}}]}\n\t\t<\/script>\n\t\t<!-- All in One SEO Pro -->\r\n\t\t<title>CRE\u0218TINI: 8 noiembrie 2019 \u2013 Oana Rapotan (bookhub.ro) - Teatrul Regina Maria Oradea<\/title>\n\n","aioseo_head_json":{"title":"KERESZT\u00c9NYEK: 2019. november 8. \u2013 Oana Rapotan (bookhub.ro) \u2013 Nagyv\u00e1radi Regina Maria Sz\u00ednh\u00e1z","description":"Sz\u00f6veg szerz\u0151je: Oana RapotanA bookhub.ro oldalr\u00f3l sz\u00e1rmazik. A t\u00f6bb mint 200 000 lakos\u00fa nagyv\u00e1radi Regina Maria Sz\u00ednh\u00e1z m\u00e1r t\u00f6bb \u00e9vada \u00f3ta arra t\u00f6rekszik, hogy sz\u00e9les\u00edtse t\u00e9ma- \u00e9s megk\u00f6zel\u00edt\u00e9si reperto\u00e1rj\u00e1t, \u00edgy a n\u00e9z\u0151sz\u00e1m eggyel magasabb az \u00e1tlagosn\u00e1l. Ez magyar\u00e1zhatja az elm\u00falt \u00e9vek premierjeit is: fiatal \u00e9s nagyon fiatal rendez\u0151k, de m\u00e1r d\u00edjazottak.","canonical_url":"https:\/\/www.teatrulreginamaria.ro\/hu\/crestini-8-noiembrie-2019-oana-rapotan-bookhub-ro\/","robots":"max-image-preview:large","keywords":"","webmasterTools":{"miscellaneous":""},"schema":{"@context":"https:\/\/schema.org","@graph":[{"@type":"BlogPosting","@id":"https:\/\/www.teatrulreginamaria.ro\/hu\/crestini-8-noiembrie-2019-oana-rapotan-bookhub-ro\/#blogposting","name":"CRE\u0218TINI: 8 noiembrie 2019 \u2013 Oana Rapotan (bookhub.ro) - Teatrul Regina Maria Oradea","headline":"CRE\u0218TINI: 8 noiembrie 2019 \u2013 Oana Rapotan (bookhub.ro)","author":{"@id":"https:\/\/www.teatrulreginamaria.ro\/hu\/author\/w3bmaster\/#author"},"publisher":{"@id":"https:\/\/www.teatrulreginamaria.ro\/hu\/#organization"},"image":{"@type":"ImageObject","url":"https:\/\/www.teatrulreginamaria.ro\/wp-content\/uploads\/2025\/06\/logo-trm-01-dark.png","@id":"https:\/\/www.teatrulreginamaria.ro\/hu\/#articleImage","width":300,"height":148},"datePublished":"2019-11-13T10:26:06+02:00","dateModified":"2019-11-13T10:26:06+02:00","inLanguage":"hu-HU","mainEntityOfPage":{"@id":"https:\/\/www.teatrulreginamaria.ro\/hu\/crestini-8-noiembrie-2019-oana-rapotan-bookhub-ro\/#webpage"},"isPartOf":{"@id":"https:\/\/www.teatrulreginamaria.ro\/hu\/crestini-8-noiembrie-2019-oana-rapotan-bookhub-ro\/#webpage"},"articleSection":"Apari\u021bii media"},{"@type":"BreadcrumbList","@id":"https:\/\/www.teatrulreginamaria.ro\/hu\/crestini-8-noiembrie-2019-oana-rapotan-bookhub-ro\/#breadcrumblist","itemListElement":[{"@type":"ListItem","@id":"https:\/\/www.teatrulreginamaria.ro\/hu#listItem","position":1,"name":"Home","item":"https:\/\/www.teatrulreginamaria.ro\/hu","nextItem":{"@type":"ListItem","@id":"https:\/\/www.teatrulreginamaria.ro\/hu\/categorie\/aparitii-media\/#listItem","name":"Apari\u021bii media"}},{"@type":"ListItem","@id":"https:\/\/www.teatrulreginamaria.ro\/hu\/categorie\/aparitii-media\/#listItem","position":2,"name":"Apari\u021bii media","item":"https:\/\/www.teatrulreginamaria.ro\/hu\/categorie\/aparitii-media\/","nextItem":{"@type":"ListItem","@id":"https:\/\/www.teatrulreginamaria.ro\/hu\/crestini-8-noiembrie-2019-oana-rapotan-bookhub-ro\/#listItem","name":"CRE\u0218TINI: 8 noiembrie 2019 \u2013 Oana Rapotan (bookhub.ro)"},"previousItem":{"@type":"ListItem","@id":"https:\/\/www.teatrulreginamaria.ro\/hu#listItem","name":"Home"}},{"@type":"ListItem","@id":"https:\/\/www.teatrulreginamaria.ro\/hu\/crestini-8-noiembrie-2019-oana-rapotan-bookhub-ro\/#listItem","position":3,"name":"CRE\u0218TINI: 8 noiembrie 2019 \u2013 Oana Rapotan (bookhub.ro)","previousItem":{"@type":"ListItem","@id":"https:\/\/www.teatrulreginamaria.ro\/hu\/categorie\/aparitii-media\/#listItem","name":"Apari\u021bii media"}}]},{"@type":"Organization","@id":"https:\/\/www.teatrulreginamaria.ro\/hu\/#organization","name":"Teatrul Regina Maria Oradea","description":"Trupa Iosif Vulcan \u0219i Trupa Arcadia","url":"https:\/\/www.teatrulreginamaria.ro\/hu\/","email":"marketing@teatrulreginamaria.ro","telephone":"+40359411534","numberOfEmployees":{"@type":"QuantitativeValue","minValue":0,"maxValue":150},"logo":{"@type":"ImageObject","url":"https:\/\/www.teatrulreginamaria.ro\/wp-content\/uploads\/2025\/06\/logo-trm-01-dark.png","@id":"https:\/\/www.teatrulreginamaria.ro\/hu\/crestini-8-noiembrie-2019-oana-rapotan-bookhub-ro\/#organizationLogo","width":300,"height":148},"image":{"@id":"https:\/\/www.teatrulreginamaria.ro\/hu\/crestini-8-noiembrie-2019-oana-rapotan-bookhub-ro\/#organizationLogo"},"sameAs":["https:\/\/www.facebook.com\/TRMTrupaIosifVulcan\/","https:\/\/x.com\/TRMOradea","https:\/\/www.instagram.com\/teatrul_regina_maria\/","https:\/\/www.youtube.com\/c\/TeatrulReginaMariaOradea","https:\/\/www.linkedin.com\/company\/teatrul-regina-maria"]},{"@type":"Person","@id":"https:\/\/www.teatrulreginamaria.ro\/hu\/author\/w3bmaster\/#author","url":"https:\/\/www.teatrulreginamaria.ro\/hu\/author\/w3bmaster\/","name":"Teatrul Regina Maria","image":{"@type":"ImageObject","@id":"https:\/\/www.teatrulreginamaria.ro\/hu\/crestini-8-noiembrie-2019-oana-rapotan-bookhub-ro\/#authorImage","url":"https:\/\/secure.gravatar.com\/avatar\/5884139d508ae3f0bafe45e60563b48a9640146d3b08ccc6278c305ff9329305?s=96&d=mm&r=g","width":96,"height":96,"caption":"Teatrul Regina Maria"}},{"@type":"WebPage","@id":"https:\/\/www.teatrulreginamaria.ro\/hu\/crestini-8-noiembrie-2019-oana-rapotan-bookhub-ro\/#webpage","url":"https:\/\/www.teatrulreginamaria.ro\/hu\/crestini-8-noiembrie-2019-oana-rapotan-bookhub-ro\/","name":"CRE\u0218TINI: 8 noiembrie 2019 \u2013 Oana Rapotan (bookhub.ro) - Teatrul Regina Maria Oradea","description":"Autor text: Oana RapotanPreluat de pe bookhub.ro \u00centr-un ora\u0219 cu peste 200000 de locuitori, Teatrul Regina Maria din Oradea se str\u0103duie\u0219te de c\u00e2teva stagiuni \u00eencoace s\u0103-\u0219i l\u0103rgeasc\u0103 repertoriul de subiecte \u0219i de abord\u0103ri, astfel \u00eenc\u00e2t num\u0103rul de spectatori s\u0103 fie unul peste medie. A\u0219a se pot explica \u0219i premierele din ultimii ani: regizori tineri \u0219i foarte tineri, dar deja premia\u021bi","inLanguage":"hu-HU","isPartOf":{"@id":"https:\/\/www.teatrulreginamaria.ro\/hu\/#website"},"breadcrumb":{"@id":"https:\/\/www.teatrulreginamaria.ro\/hu\/crestini-8-noiembrie-2019-oana-rapotan-bookhub-ro\/#breadcrumblist"},"author":{"@id":"https:\/\/www.teatrulreginamaria.ro\/hu\/author\/w3bmaster\/#author"},"creator":{"@id":"https:\/\/www.teatrulreginamaria.ro\/hu\/author\/w3bmaster\/#author"},"datePublished":"2019-11-13T10:26:06+02:00","dateModified":"2019-11-13T10:26:06+02:00"},{"@type":"WebSite","@id":"https:\/\/www.teatrulreginamaria.ro\/hu\/#website","url":"https:\/\/www.teatrulreginamaria.ro\/hu\/","name":"Teatrul Regina Maria Oradea","alternateName":"TRM Oradea","description":"Trupa Iosif Vulcan \u0219i Trupa Arcadia","inLanguage":"hu-HU","publisher":{"@id":"https:\/\/www.teatrulreginamaria.ro\/hu\/#organization"}}]},"og:locale":"hu_HU","og:site_name":"Teatrul Regina Maria Oradea - Trupa Iosif Vulcan \u0219i Trupa Arcadia","og:type":"article","og:title":"CRE\u0218TINI: 8 noiembrie 2019 \u2013 Oana Rapotan (bookhub.ro) - Teatrul Regina Maria Oradea","og:description":"Autor text: Oana RapotanPreluat de pe bookhub.ro \u00centr-un ora\u0219 cu peste 200000 de locuitori, Teatrul Regina Maria din Oradea se str\u0103duie\u0219te de c\u00e2teva stagiuni \u00eencoace s\u0103-\u0219i l\u0103rgeasc\u0103 repertoriul de subiecte \u0219i de abord\u0103ri, astfel \u00eenc\u00e2t num\u0103rul de spectatori s\u0103 fie unul peste medie. A\u0219a se pot explica \u0219i premierele din ultimii ani: regizori tineri \u0219i foarte tineri, dar deja premia\u021bi","og:url":"https:\/\/www.teatrulreginamaria.ro\/hu\/crestini-8-noiembrie-2019-oana-rapotan-bookhub-ro\/","og:image":"https:\/\/www.teatrulreginamaria.ro\/wp-content\/uploads\/2025\/03\/trm-istoric-01.jpg","og:image:secure_url":"https:\/\/www.teatrulreginamaria.ro\/wp-content\/uploads\/2025\/03\/trm-istoric-01.jpg","og:image:width":1200,"og:image:height":800,"article:published_time":"2019-11-13T10:26:06+00:00","article:modified_time":"2019-11-13T10:26:06+00:00","article:publisher":"https:\/\/www.facebook.com\/TRMTrupaIosifVulcan\/","twitter:card":"summary_large_image","twitter:site":"@TRMOradea","twitter:title":"CRE\u0218TINI: 8 noiembrie 2019 \u2013 Oana Rapotan (bookhub.ro) - Teatrul Regina Maria Oradea","twitter:description":"Autor text: Oana RapotanPreluat de pe bookhub.ro \u00centr-un ora\u0219 cu peste 200000 de locuitori, Teatrul Regina Maria din Oradea se str\u0103duie\u0219te de c\u00e2teva stagiuni \u00eencoace s\u0103-\u0219i l\u0103rgeasc\u0103 repertoriul de subiecte \u0219i de abord\u0103ri, astfel \u00eenc\u00e2t num\u0103rul de spectatori s\u0103 fie unul peste medie. A\u0219a se pot explica \u0219i premierele din ultimii ani: regizori tineri \u0219i foarte tineri, dar deja premia\u021bi","twitter:creator":"@TRMOradea","twitter:image":"https:\/\/www.teatrulreginamaria.ro\/wp-content\/uploads\/2025\/03\/trm-istoric-01.jpg"},"aioseo_meta_data":{"post_id":"4429","title":null,"description":null,"keywords":null,"keyphrases":null,"primary_term":null,"canonical_url":null,"og_title":null,"og_description":null,"og_object_type":"default","og_image_type":"default","og_image_url":null,"og_image_width":null,"og_image_height":null,"og_image_custom_url":null,"og_image_custom_fields":null,"og_video":null,"og_custom_url":null,"og_article_section":null,"og_article_tags":null,"twitter_use_og":false,"twitter_card":"default","twitter_image_type":"default","twitter_image_url":null,"twitter_image_custom_url":null,"twitter_image_custom_fields":null,"twitter_title":null,"twitter_description":null,"schema":{"blockGraphs":[],"customGraphs":[],"default":{"data":{"Article":[],"Course":[],"Dataset":[],"FAQPage":[],"Movie":[],"Person":[],"Product":[],"ProductReview":[],"Car":[],"Recipe":[],"Service":[],"SoftwareApplication":[],"WebPage":[]},"graphName":"","isEnabled":true},"graphs":[]},"schema_type":"default","schema_type_options":null,"pillar_content":false,"robots_default":true,"robots_noindex":false,"robots_noarchive":false,"robots_nosnippet":false,"robots_nofollow":false,"robots_noimageindex":false,"robots_noodp":false,"robots_notranslate":false,"robots_max_snippet":null,"robots_max_videopreview":null,"robots_max_imagepreview":"large","priority":null,"frequency":null,"local_seo":null,"seo_analyzer_scan_date":"2026-05-13 02:25:53","breadcrumb_settings":null,"limit_modified_date":false,"reviewed_by":null,"open_ai":null,"ai":null,"created":"2025-04-09 17:42:42","updated":"2026-05-13 02:25:53","focus_keyword":null,"additional_keywords":null,"truseo_locale":null},"aioseo_breadcrumb":"<div class=\"aioseo-breadcrumbs\"><span class=\"aioseo-breadcrumb\">\n\t<a href=\"https:\/\/www.teatrulreginamaria.ro\/hu\" title=\"Home\">Home<\/a>\n<\/span><span class=\"aioseo-breadcrumb-separator\">&raquo;<\/span><span class=\"aioseo-breadcrumb\">\n\t<a href=\"https:\/\/www.teatrulreginamaria.ro\/hu\/categorie\/aparitii-media\/\" title=\"Apari\u021bii media\">Apari\u021bii media<\/a>\n<\/span><span class=\"aioseo-breadcrumb-separator\">&raquo;<\/span><span class=\"aioseo-breadcrumb\">\n\tCRE\u0218TINI: 8 noiembrie 2019 \u2013 Oana Rapotan (bookhub.ro)\n<\/span><\/div>","aioseo_breadcrumb_json":[{"label":"Home","link":"https:\/\/www.teatrulreginamaria.ro\/hu"},{"label":"Apari\u021bii media","link":"https:\/\/www.teatrulreginamaria.ro\/hu\/categorie\/aparitii-media\/"},{"label":"CRE\u0218TINI: 8 noiembrie 2019 \u2013 Oana Rapotan (bookhub.ro)","link":"https:\/\/www.teatrulreginamaria.ro\/hu\/crestini-8-noiembrie-2019-oana-rapotan-bookhub-ro\/"}],"acf":[],"_links":{"self":[{"href":"https:\/\/www.teatrulreginamaria.ro\/hu\/wp-json\/wp\/v2\/posts\/4429","targetHints":{"allow":["GET"]}}],"collection":[{"href":"https:\/\/www.teatrulreginamaria.ro\/hu\/wp-json\/wp\/v2\/posts"}],"about":[{"href":"https:\/\/www.teatrulreginamaria.ro\/hu\/wp-json\/wp\/v2\/types\/post"}],"author":[{"embeddable":true,"href":"https:\/\/www.teatrulreginamaria.ro\/hu\/wp-json\/wp\/v2\/users\/6"}],"replies":[{"embeddable":true,"href":"https:\/\/www.teatrulreginamaria.ro\/hu\/wp-json\/wp\/v2\/comments?post=4429"}],"version-history":[{"count":0,"href":"https:\/\/www.teatrulreginamaria.ro\/hu\/wp-json\/wp\/v2\/posts\/4429\/revisions"}],"wp:attachment":[{"href":"https:\/\/www.teatrulreginamaria.ro\/hu\/wp-json\/wp\/v2\/media?parent=4429"}],"wp:term":[{"taxonomy":"category","embeddable":true,"href":"https:\/\/www.teatrulreginamaria.ro\/hu\/wp-json\/wp\/v2\/categories?post=4429"},{"taxonomy":"post_tag","embeddable":true,"href":"https:\/\/www.teatrulreginamaria.ro\/hu\/wp-json\/wp\/v2\/tags?post=4429"}],"curies":[{"name":"munkaf\u00fczet","href":"https:\/\/api.w.org\/{rel}","templated":true}]}}