{"id":4465,"date":"2020-01-10T09:41:09","date_gmt":"2020-01-10T09:41:09","guid":{"rendered":"https:\/\/teatrulreginamaria.ro\/2020\/01\/10\/prima-productie-a-anului-2020\/"},"modified":"2020-01-10T09:41:09","modified_gmt":"2020-01-10T09:41:09","slug":"2020-as-elso-produkcio","status":"publish","type":"post","link":"https:\/\/www.teatrulreginamaria.ro\/hu\/prima-productie-a-anului-2020\/","title":{"rendered":"2020 els\u0151 produkci\u00f3ja"},"content":{"rendered":"<p style=\"font-weight: 400; text-align: justify;\"><strong>A Iosif Vulcan t\u00e1rsulat megh\u00edvja Nagyv\u00e1rad lakoss\u00e1g\u00e1t 2020 els\u0151 el\u0151ad\u00e1s\u00e1ra, az I Never Thought I Would Learn to Die c\u00edm\u0171 el\u0151ad\u00e1sra, amely janu\u00e1r 15-\u00e9n, szerd\u00e1n 18:00 \u00f3rakor lesz az Arcadia Csarnokban. A Mihai Eminescunak szentelt verses, zenei \u00e9s t\u00e1ncos el\u0151ad\u00e1st Emil Sauciuc sz\u00edn\u00e9sz-rendez\u0151 koordin\u00e1lja.<\/strong><\/p>\n<p><!--more--><\/p>\n<p style=\"font-weight: 400; text-align: justify;\">\u201eMihai Eminescu, a brili\u00e1ns k\u00f6lt\u0151, pr\u00f3za\u00edr\u00f3, dr\u00e1ma\u00edr\u00f3, essz\u00e9\u00edr\u00f3, \u00fajs\u00e1g\u00edr\u00f3, politikai r\u00f6pirat\u00edr\u00f3 \u00e9s rom\u00e1n nyelvoktat\u00f3 39 \u00e9ves kor\u00e1ban hunyt el, szinte m\u00e9g sz\u00fclet\u00e9se el\u0151tt. Hadd magyar\u00e1zzam el: ha 80 vagy 100 \u00e9vig, j\u00f3 eg\u00e9szs\u00e9gben \u00e9lt volna, val\u00f3sz\u00edn\u0171leg t\u00falsz\u00e1rnyalta volna a vil\u00e1g \u00f6sszes \u00edr\u00f3j\u00e1t m\u00e9ly zsenialit\u00e1s\u00e1val \u00e9s kult\u00far\u00e1j\u00e1val, \u00e9s 2000-ben \u0151t v\u00e1lasztott\u00e1k volna az \u00e9vezred els\u0151 sz\u00e1m\u00fa szem\u00e9lyis\u00e9g\u00e9nek, nem Shakespeare-t\u201d \u2013 mondja az el\u0151ad\u00e1s rendez\u0151je, Emil Sauciuc. Az el\u0151ad\u00e1s a k\u00f6lt\u00e9szet, a zene \u00e9s a t\u00e1nc darabja, amelyek mind a nagy k\u00f6lt\u0151 szem\u00e9lyis\u00e9g\u00e9nek, intellektus\u00e1nak \u00e9s lelk\u00e9nek lebontott kifejez\u0151d\u00e9sei. A sz\u00ednpad k\u00f6zep\u00e9n, a h\u00e1tt\u00e9rben a p\u00e1ratlan k\u00f6lt\u0151 festm\u00e9nye l\u00e1that\u00f3. A szerepl\u0151k feh\u00e9r vagy kr\u00e9mfeh\u00e9r ruh\u00e1ban vannak, \u00e9s a m\u0171v\u00e9sz sz\u00edv\u00e9nek tisztas\u00e1g\u00e1t fejezik ki. A dalsz\u00f6vegek az eszm\u00e9it \u00e9s \u00e9rz\u00e9seit, a t\u00e1nc a bels\u0151 vil\u00e1g\u00e1nak mozg\u00e1sa, a zene pedig a lelke hangja. A sz\u00ednpadon egy szimbolikus, vir\u00e1gokb\u00f3l \u00e9s t\u0171zb\u0151l k\u00e9sz\u00fclt olt\u00e1r is tal\u00e1lhat\u00f3, amely az \u00f6r\u00f6k szeretetet jelk\u00e9pezi, amelyet \u0151 ir\u00e1ntunk \u00e9rez, \u00e9s amelyet mi Eminescu ir\u00e1nt \u00e9rz\u00fcnk. Van egy feh\u00e9r pad is, a teremt\u00e9s tal\u00e1lkoz\u00e1si helye, valamint h\u00e1rom feh\u00e9r kocka, amelyeken a sz\u00edn\u00e9szek id\u0151nk\u00e9nt megpihennek. A h\u00e1tt\u00e9r k\u00f6zel\u00e9ben k\u00e9t feh\u00e9r fa is l\u00e1that\u00f3, mintha h\u00f3 \u00e9s tiszta gondolatok bor\u00edtan\u00e1k \u0151ket. Az el\u0151ad\u00e1s 50 percig tart, melynek sor\u00e1n sz\u0171z f\u00f6ldekre \u00e9s spiritu\u00e1lis szf\u00e9r\u00e1kba rep\u00edtj\u00fck el \u00d6nt, tele b\u00e1jjal \u00e9s frissess\u00e9ggel, amelyeket a j\u00f6v\u0151b\u0151l \u00e9rkez\u0151 \u00e9s a m\u00faltba tart\u00f3 eml\u00e9kek inspir\u00e1lnak, \u00e1thaladva a jelenen, azaz rajtunk, m\u0171v\u00e9szeken \u00e9s n\u00e9z\u0151k\u00f6n, a nagy szerelmek \u00e9s a sz\u00fcletend\u0151 ragyog\u00f3 k\u00f6lt\u0151, Mihai Eminescu kedves lesz\u00e1rmazottain. A szerepl\u0151k k\u00f6z\u00f6tt szerepelnek a sz\u00edn\u00e9szek: Maria Tei\u0219anu, David Constantinescu, Miruna Lazar, Emil Sauciuc, Ioana Moldovan. A d\u00edszleteket Amalia Buie, a zen\u00e9t Sorin Domide szerezte.<\/p>\n<p style=\"font-weight: 400; text-align: justify;\">A jegyek m\u00e1r kaphat\u00f3k a Sz\u00ednh\u00e1zi \u00dcgyn\u00f6ks\u00e9gn\u00e9l (Arcadia Csarnok, 1. emelet \u2013 Vulturul Negru Passage, bej\u00e1rat a Vasile Alecsandri s\u00e9t\u00e1l\u00f3utc\u00e1b\u00f3l), keddt\u0151l p\u00e9ntekig 12:00 \u00e9s 18:00 \u00f3ra k\u00f6z\u00f6tt, h\u00e9tv\u00e9g\u00e9n pedig 10:00 \u00e9s 13:00 \u00f3ra k\u00f6z\u00f6tt. Jegyek az el\u0151ad\u00e1s el\u0151tt egy \u00f3r\u00e1val vagy online is megv\u00e1s\u00e1rolhat\u00f3k a k\u00f6vetkez\u0151 c\u00edmen:\u00a0<a href=\"http:\/\/www.bilete.ro\/\" data-saferedirecturl=\"https:\/\/www.google.com\/url?q=http:\/\/www.bilete.ro&amp;source=gmail&amp;ust=1578735606664000&amp;usg=AFQjCNEW3tJWUsD5bYTHdcNe-t4HBtEBlQ\">www.bilete.ro<\/a>. Foglal\u00e1s a 0371.381.550-es telefonsz\u00e1mon lehets\u00e9ges.<\/p>\n<p style=\"font-weight: 400; text-align: justify;\">\u00a0<\/p>\n<p style=\"font-weight: 400; text-align: justify;\">\u00a0<\/p>","protected":false},"excerpt":{"rendered":"<p>A Iosif Vulcan t\u00e1rsulat megh\u00edvja Nagyv\u00e1rad lakoss\u00e1g\u00e1t 2020 els\u0151 el\u0151ad\u00e1s\u00e1ra, az I Never Thought I Would Learn to Die c\u00edm\u0171 el\u0151ad\u00e1sra, amely janu\u00e1r 15-\u00e9n, szerd\u00e1n 18:00 \u00f3rakor lesz az Arcadia Csarnokban. A Mihai Eminescunak szentelt verses, zenei \u00e9s t\u00e1ncos el\u0151ad\u00e1st Emil Sauciuc sz\u00edn\u00e9sz-rendez\u0151 koordin\u00e1lja.<\/p>","protected":false},"author":6,"featured_media":0,"comment_status":"open","ping_status":"open","sticky":false,"template":"","format":"standard","meta":{"_acf_changed":false,"footnotes":""},"categories":[22],"tags":[],"class_list":["post-4465","post","type-post","status-publish","format-standard","hentry","category-noutati-trupa-iosif-vulcan"],"aioseo_notices":[],"aioseo_head":"\n\t\t<!-- All in One SEO Pro 5.0.1.1 - aioseo.com -->\n\t<meta name=\"description\" content=\"Trupa Iosif Vulcan invit\u0103 or\u0103denii la prima produc\u021bie a anului 2020, spectacolul Nu credeam s\u0103-nv\u0103\u021b a muri vreodat\u0103, care va avea loc miercuri, 15 ianuarie, de la ora 18:00, la Sala Arcadia. Spectcolul de poezie, muzic\u0103 \u0219i dans dedicat lui Mihai Eminescu este coordonat de actorul \u0219i regizorul Emil Sauciuc. \u201eMihai Eminescu, genialul poet, prozator,\" \/>\n\t<meta name=\"robots\" content=\"max-image-preview:large\" \/>\n\t<meta name=\"author\" content=\"Teatrul Regina Maria\"\/>\n\t<link rel=\"canonical\" href=\"https:\/\/www.teatrulreginamaria.ro\/hu\/prima-productie-a-anului-2020\/\" \/>\n\t<meta name=\"generator\" content=\"All in One SEO Pro (AIOSEO) 5.0.1.1\" \/>\n\t\t<meta property=\"og:locale\" content=\"hu_HU\" \/>\n\t\t<meta property=\"og:site_name\" content=\"Teatrul Regina Maria Oradea - Trupa Iosif Vulcan \u0219i Trupa Arcadia\" \/>\n\t\t<meta property=\"og:type\" content=\"article\" \/>\n\t\t<meta property=\"og:title\" content=\"Prima produc\u021bie a anului 2020 - Teatrul Regina Maria Oradea\" \/>\n\t\t<meta property=\"og:description\" content=\"Trupa Iosif Vulcan invit\u0103 or\u0103denii la prima produc\u021bie a anului 2020, spectacolul Nu credeam s\u0103-nv\u0103\u021b a muri vreodat\u0103, care va avea loc miercuri, 15 ianuarie, de la ora 18:00, la Sala Arcadia. Spectcolul de poezie, muzic\u0103 \u0219i dans dedicat lui Mihai Eminescu este coordonat de actorul \u0219i regizorul Emil Sauciuc. \u201eMihai Eminescu, genialul poet, prozator,\" \/>\n\t\t<meta property=\"og:url\" content=\"https:\/\/www.teatrulreginamaria.ro\/hu\/prima-productie-a-anului-2020\/\" \/>\n\t\t<meta property=\"og:image\" content=\"https:\/\/www.teatrulreginamaria.ro\/wp-content\/uploads\/2025\/03\/trm-istoric-01.jpg\" \/>\n\t\t<meta property=\"og:image:secure_url\" content=\"https:\/\/www.teatrulreginamaria.ro\/wp-content\/uploads\/2025\/03\/trm-istoric-01.jpg\" \/>\n\t\t<meta property=\"og:image:width\" content=\"1200\" \/>\n\t\t<meta property=\"og:image:height\" content=\"800\" \/>\n\t\t<meta property=\"article:published_time\" content=\"2020-01-10T09:41:09+00:00\" \/>\n\t\t<meta property=\"article:modified_time\" content=\"2020-01-10T09:41:09+00:00\" \/>\n\t\t<meta property=\"article:publisher\" content=\"https:\/\/www.facebook.com\/TRMTrupaIosifVulcan\/\" \/>\n\t\t<meta name=\"twitter:card\" content=\"summary_large_image\" \/>\n\t\t<meta name=\"twitter:site\" content=\"@TRMOradea\" \/>\n\t\t<meta name=\"twitter:title\" content=\"Prima produc\u021bie a anului 2020 - Teatrul Regina Maria Oradea\" \/>\n\t\t<meta name=\"twitter:description\" content=\"Trupa Iosif Vulcan invit\u0103 or\u0103denii la prima produc\u021bie a anului 2020, spectacolul Nu credeam s\u0103-nv\u0103\u021b a muri vreodat\u0103, care va avea loc miercuri, 15 ianuarie, de la ora 18:00, la Sala Arcadia. Spectcolul de poezie, muzic\u0103 \u0219i dans dedicat lui Mihai Eminescu este coordonat de actorul \u0219i regizorul Emil Sauciuc. \u201eMihai Eminescu, genialul poet, prozator,\" \/>\n\t\t<meta name=\"twitter:creator\" content=\"@TRMOradea\" \/>\n\t\t<meta name=\"twitter:image\" content=\"https:\/\/www.teatrulreginamaria.ro\/wp-content\/uploads\/2025\/03\/trm-istoric-01.jpg\" \/>\n\t\t<script type=\"application\/ld+json\" class=\"aioseo-schema\">\n\t\t\t{\"@context\":\"https:\\\/\\\/schema.org\",\"@graph\":[{\"@type\":\"BlogPosting\",\"@id\":\"https:\\\/\\\/www.teatrulreginamaria.ro\\\/hu\\\/prima-productie-a-anului-2020\\\/#blogposting\",\"name\":\"Prima produc\\u021bie a anului 2020 - Teatrul Regina Maria Oradea\",\"headline\":\"Prima produc\\u021bie a anului 2020\",\"author\":{\"@id\":\"https:\\\/\\\/www.teatrulreginamaria.ro\\\/hu\\\/author\\\/w3bmaster\\\/#author\"},\"publisher\":{\"@id\":\"https:\\\/\\\/www.teatrulreginamaria.ro\\\/hu\\\/#organization\"},\"image\":{\"@type\":\"ImageObject\",\"url\":\"https:\\\/\\\/www.teatrulreginamaria.ro\\\/wp-content\\\/uploads\\\/2025\\\/06\\\/logo-trm-01-dark.png\",\"@id\":\"https:\\\/\\\/www.teatrulreginamaria.ro\\\/hu\\\/#articleImage\",\"width\":300,\"height\":148},\"datePublished\":\"2020-01-10T09:41:09+02:00\",\"dateModified\":\"2020-01-10T09:41:09+02:00\",\"inLanguage\":\"hu-HU\",\"mainEntityOfPage\":{\"@id\":\"https:\\\/\\\/www.teatrulreginamaria.ro\\\/hu\\\/prima-productie-a-anului-2020\\\/#webpage\"},\"isPartOf\":{\"@id\":\"https:\\\/\\\/www.teatrulreginamaria.ro\\\/hu\\\/prima-productie-a-anului-2020\\\/#webpage\"},\"articleSection\":\"Nout\\u0103\\u021bi - Trupa Iosif Vulcan\"},{\"@type\":\"BreadcrumbList\",\"@id\":\"https:\\\/\\\/www.teatrulreginamaria.ro\\\/hu\\\/prima-productie-a-anului-2020\\\/#breadcrumblist\",\"itemListElement\":[{\"@type\":\"ListItem\",\"@id\":\"https:\\\/\\\/www.teatrulreginamaria.ro\\\/hu#listItem\",\"position\":1,\"name\":\"Home\",\"item\":\"https:\\\/\\\/www.teatrulreginamaria.ro\\\/hu\",\"nextItem\":{\"@type\":\"ListItem\",\"@id\":\"https:\\\/\\\/www.teatrulreginamaria.ro\\\/hu\\\/categorie\\\/noutati\\\/#listItem\",\"name\":\"Nout\\u0103\\u021bi\"}},{\"@type\":\"ListItem\",\"@id\":\"https:\\\/\\\/www.teatrulreginamaria.ro\\\/hu\\\/categorie\\\/noutati\\\/#listItem\",\"position\":2,\"name\":\"Nout\\u0103\\u021bi\",\"item\":\"https:\\\/\\\/www.teatrulreginamaria.ro\\\/hu\\\/categorie\\\/noutati\\\/\",\"nextItem\":{\"@type\":\"ListItem\",\"@id\":\"https:\\\/\\\/www.teatrulreginamaria.ro\\\/hu\\\/categorie\\\/noutati\\\/noutati-trupa-iosif-vulcan\\\/#listItem\",\"name\":\"Nout\\u0103\\u021bi - Trupa Iosif Vulcan\"},\"previousItem\":{\"@type\":\"ListItem\",\"@id\":\"https:\\\/\\\/www.teatrulreginamaria.ro\\\/hu#listItem\",\"name\":\"Home\"}},{\"@type\":\"ListItem\",\"@id\":\"https:\\\/\\\/www.teatrulreginamaria.ro\\\/hu\\\/categorie\\\/noutati\\\/noutati-trupa-iosif-vulcan\\\/#listItem\",\"position\":3,\"name\":\"Nout\\u0103\\u021bi - Trupa Iosif Vulcan\",\"item\":\"https:\\\/\\\/www.teatrulreginamaria.ro\\\/hu\\\/categorie\\\/noutati\\\/noutati-trupa-iosif-vulcan\\\/\",\"nextItem\":{\"@type\":\"ListItem\",\"@id\":\"https:\\\/\\\/www.teatrulreginamaria.ro\\\/hu\\\/prima-productie-a-anului-2020\\\/#listItem\",\"name\":\"Prima produc\\u021bie a anului 2020\"},\"previousItem\":{\"@type\":\"ListItem\",\"@id\":\"https:\\\/\\\/www.teatrulreginamaria.ro\\\/hu\\\/categorie\\\/noutati\\\/#listItem\",\"name\":\"Nout\\u0103\\u021bi\"}},{\"@type\":\"ListItem\",\"@id\":\"https:\\\/\\\/www.teatrulreginamaria.ro\\\/hu\\\/prima-productie-a-anului-2020\\\/#listItem\",\"position\":4,\"name\":\"Prima produc\\u021bie a anului 2020\",\"previousItem\":{\"@type\":\"ListItem\",\"@id\":\"https:\\\/\\\/www.teatrulreginamaria.ro\\\/hu\\\/categorie\\\/noutati\\\/noutati-trupa-iosif-vulcan\\\/#listItem\",\"name\":\"Nout\\u0103\\u021bi - Trupa Iosif Vulcan\"}}]},{\"@type\":\"Organization\",\"@id\":\"https:\\\/\\\/www.teatrulreginamaria.ro\\\/hu\\\/#organization\",\"name\":\"Teatrul Regina Maria Oradea\",\"description\":\"Trupa Iosif Vulcan \\u0219i Trupa Arcadia\",\"url\":\"https:\\\/\\\/www.teatrulreginamaria.ro\\\/hu\\\/\",\"email\":\"marketing@teatrulreginamaria.ro\",\"telephone\":\"+40359411534\",\"numberOfEmployees\":{\"@type\":\"QuantitativeValue\",\"minValue\":0,\"maxValue\":150},\"logo\":{\"@type\":\"ImageObject\",\"url\":\"https:\\\/\\\/www.teatrulreginamaria.ro\\\/wp-content\\\/uploads\\\/2025\\\/06\\\/logo-trm-01-dark.png\",\"@id\":\"https:\\\/\\\/www.teatrulreginamaria.ro\\\/hu\\\/prima-productie-a-anului-2020\\\/#organizationLogo\",\"width\":300,\"height\":148},\"image\":{\"@id\":\"https:\\\/\\\/www.teatrulreginamaria.ro\\\/hu\\\/prima-productie-a-anului-2020\\\/#organizationLogo\"},\"sameAs\":[\"https:\\\/\\\/www.facebook.com\\\/TRMTrupaIosifVulcan\\\/\",\"https:\\\/\\\/x.com\\\/TRMOradea\",\"https:\\\/\\\/www.instagram.com\\\/teatrul_regina_maria\\\/\",\"https:\\\/\\\/www.youtube.com\\\/c\\\/TeatrulReginaMariaOradea\",\"https:\\\/\\\/www.linkedin.com\\\/company\\\/teatrul-regina-maria\"]},{\"@type\":\"Person\",\"@id\":\"https:\\\/\\\/www.teatrulreginamaria.ro\\\/hu\\\/author\\\/w3bmaster\\\/#author\",\"url\":\"https:\\\/\\\/www.teatrulreginamaria.ro\\\/hu\\\/author\\\/w3bmaster\\\/\",\"name\":\"Teatrul Regina Maria\",\"image\":{\"@type\":\"ImageObject\",\"@id\":\"https:\\\/\\\/www.teatrulreginamaria.ro\\\/hu\\\/prima-productie-a-anului-2020\\\/#authorImage\",\"url\":\"https:\\\/\\\/secure.gravatar.com\\\/avatar\\\/5884139d508ae3f0bafe45e60563b48a9640146d3b08ccc6278c305ff9329305?s=96&d=mm&r=g\",\"width\":96,\"height\":96,\"caption\":\"Teatrul Regina Maria\"}},{\"@type\":\"WebPage\",\"@id\":\"https:\\\/\\\/www.teatrulreginamaria.ro\\\/hu\\\/prima-productie-a-anului-2020\\\/#webpage\",\"url\":\"https:\\\/\\\/www.teatrulreginamaria.ro\\\/hu\\\/prima-productie-a-anului-2020\\\/\",\"name\":\"Prima produc\\u021bie a anului 2020 - Teatrul Regina Maria Oradea\",\"description\":\"Trupa Iosif Vulcan invit\\u0103 or\\u0103denii la prima produc\\u021bie a anului 2020, spectacolul Nu credeam s\\u0103-nv\\u0103\\u021b a muri vreodat\\u0103, care va avea loc miercuri, 15 ianuarie, de la ora 18:00, la Sala Arcadia. Spectcolul de poezie, muzic\\u0103 \\u0219i dans dedicat lui Mihai Eminescu este coordonat de actorul \\u0219i regizorul Emil Sauciuc. \\u201eMihai Eminescu, genialul poet, prozator,\",\"inLanguage\":\"hu-HU\",\"isPartOf\":{\"@id\":\"https:\\\/\\\/www.teatrulreginamaria.ro\\\/hu\\\/#website\"},\"breadcrumb\":{\"@id\":\"https:\\\/\\\/www.teatrulreginamaria.ro\\\/hu\\\/prima-productie-a-anului-2020\\\/#breadcrumblist\"},\"author\":{\"@id\":\"https:\\\/\\\/www.teatrulreginamaria.ro\\\/hu\\\/author\\\/w3bmaster\\\/#author\"},\"creator\":{\"@id\":\"https:\\\/\\\/www.teatrulreginamaria.ro\\\/hu\\\/author\\\/w3bmaster\\\/#author\"},\"datePublished\":\"2020-01-10T09:41:09+02:00\",\"dateModified\":\"2020-01-10T09:41:09+02:00\"},{\"@type\":\"WebSite\",\"@id\":\"https:\\\/\\\/www.teatrulreginamaria.ro\\\/hu\\\/#website\",\"url\":\"https:\\\/\\\/www.teatrulreginamaria.ro\\\/hu\\\/\",\"name\":\"Teatrul Regina Maria Oradea\",\"alternateName\":\"TRM Oradea\",\"description\":\"Trupa Iosif Vulcan \\u0219i Trupa Arcadia\",\"inLanguage\":\"hu-HU\",\"publisher\":{\"@id\":\"https:\\\/\\\/www.teatrulreginamaria.ro\\\/hu\\\/#organization\"}}]}\n\t\t<\/script>\n\t\t<!-- All in One SEO Pro -->\r\n\t\t<title>Prima produc\u021bie a anului 2020 - Teatrul Regina Maria Oradea<\/title>\n\n","aioseo_head_json":{"title":"A 2020-as \u00e9v els\u0151 produkci\u00f3ja - Regina Maria Sz\u00ednh\u00e1z, Nagyv\u00e1radi","description":"A Iosif Vulcan t\u00e1rsulat megh\u00edvja Nagyv\u00e1rad lakoss\u00e1g\u00e1t 2020 els\u0151 el\u0151ad\u00e1s\u00e1ra, az \u201eSoha nem gondoltam volna, hogy megtanulok meghalni\u201d c\u00edm\u0171 el\u0151ad\u00e1sra, amelyre janu\u00e1r 15-\u00e9n, szerd\u00e1n 18:00 \u00f3rakor ker\u00fcl sor az \u00c1rk\u00e1dia Teremben. A Mihai Eminescunak szentelt verses, zenei \u00e9s t\u00e1ncos el\u0151ad\u00e1st Emil Sauciuc sz\u00edn\u00e9sz \u00e9s rendez\u0151 koordin\u00e1lja. \u201eMihai Eminescu, a brili\u00e1ns k\u00f6lt\u0151, pr\u00f3za\u00edr\u00f3,","canonical_url":"https:\/\/www.teatrulreginamaria.ro\/hu\/prima-productie-a-anului-2020\/","robots":"max-image-preview:large","keywords":"","webmasterTools":{"miscellaneous":""},"schema":{"@context":"https:\/\/schema.org","@graph":[{"@type":"BlogPosting","@id":"https:\/\/www.teatrulreginamaria.ro\/hu\/prima-productie-a-anului-2020\/#blogposting","name":"Prima produc\u021bie a anului 2020 - Teatrul Regina Maria Oradea","headline":"Prima produc\u021bie a anului 2020","author":{"@id":"https:\/\/www.teatrulreginamaria.ro\/hu\/author\/w3bmaster\/#author"},"publisher":{"@id":"https:\/\/www.teatrulreginamaria.ro\/hu\/#organization"},"image":{"@type":"ImageObject","url":"https:\/\/www.teatrulreginamaria.ro\/wp-content\/uploads\/2025\/06\/logo-trm-01-dark.png","@id":"https:\/\/www.teatrulreginamaria.ro\/hu\/#articleImage","width":300,"height":148},"datePublished":"2020-01-10T09:41:09+02:00","dateModified":"2020-01-10T09:41:09+02:00","inLanguage":"hu-HU","mainEntityOfPage":{"@id":"https:\/\/www.teatrulreginamaria.ro\/hu\/prima-productie-a-anului-2020\/#webpage"},"isPartOf":{"@id":"https:\/\/www.teatrulreginamaria.ro\/hu\/prima-productie-a-anului-2020\/#webpage"},"articleSection":"Nout\u0103\u021bi - Trupa Iosif Vulcan"},{"@type":"BreadcrumbList","@id":"https:\/\/www.teatrulreginamaria.ro\/hu\/prima-productie-a-anului-2020\/#breadcrumblist","itemListElement":[{"@type":"ListItem","@id":"https:\/\/www.teatrulreginamaria.ro\/hu#listItem","position":1,"name":"Home","item":"https:\/\/www.teatrulreginamaria.ro\/hu","nextItem":{"@type":"ListItem","@id":"https:\/\/www.teatrulreginamaria.ro\/hu\/categorie\/noutati\/#listItem","name":"Nout\u0103\u021bi"}},{"@type":"ListItem","@id":"https:\/\/www.teatrulreginamaria.ro\/hu\/categorie\/noutati\/#listItem","position":2,"name":"Nout\u0103\u021bi","item":"https:\/\/www.teatrulreginamaria.ro\/hu\/categorie\/noutati\/","nextItem":{"@type":"ListItem","@id":"https:\/\/www.teatrulreginamaria.ro\/hu\/categorie\/noutati\/noutati-trupa-iosif-vulcan\/#listItem","name":"Nout\u0103\u021bi - Trupa Iosif Vulcan"},"previousItem":{"@type":"ListItem","@id":"https:\/\/www.teatrulreginamaria.ro\/hu#listItem","name":"Home"}},{"@type":"ListItem","@id":"https:\/\/www.teatrulreginamaria.ro\/hu\/categorie\/noutati\/noutati-trupa-iosif-vulcan\/#listItem","position":3,"name":"Nout\u0103\u021bi - Trupa Iosif Vulcan","item":"https:\/\/www.teatrulreginamaria.ro\/hu\/categorie\/noutati\/noutati-trupa-iosif-vulcan\/","nextItem":{"@type":"ListItem","@id":"https:\/\/www.teatrulreginamaria.ro\/hu\/prima-productie-a-anului-2020\/#listItem","name":"Prima produc\u021bie a anului 2020"},"previousItem":{"@type":"ListItem","@id":"https:\/\/www.teatrulreginamaria.ro\/hu\/categorie\/noutati\/#listItem","name":"Nout\u0103\u021bi"}},{"@type":"ListItem","@id":"https:\/\/www.teatrulreginamaria.ro\/hu\/prima-productie-a-anului-2020\/#listItem","position":4,"name":"Prima produc\u021bie a anului 2020","previousItem":{"@type":"ListItem","@id":"https:\/\/www.teatrulreginamaria.ro\/hu\/categorie\/noutati\/noutati-trupa-iosif-vulcan\/#listItem","name":"Nout\u0103\u021bi - Trupa Iosif Vulcan"}}]},{"@type":"Organization","@id":"https:\/\/www.teatrulreginamaria.ro\/hu\/#organization","name":"Teatrul Regina Maria Oradea","description":"Trupa Iosif Vulcan \u0219i Trupa Arcadia","url":"https:\/\/www.teatrulreginamaria.ro\/hu\/","email":"marketing@teatrulreginamaria.ro","telephone":"+40359411534","numberOfEmployees":{"@type":"QuantitativeValue","minValue":0,"maxValue":150},"logo":{"@type":"ImageObject","url":"https:\/\/www.teatrulreginamaria.ro\/wp-content\/uploads\/2025\/06\/logo-trm-01-dark.png","@id":"https:\/\/www.teatrulreginamaria.ro\/hu\/prima-productie-a-anului-2020\/#organizationLogo","width":300,"height":148},"image":{"@id":"https:\/\/www.teatrulreginamaria.ro\/hu\/prima-productie-a-anului-2020\/#organizationLogo"},"sameAs":["https:\/\/www.facebook.com\/TRMTrupaIosifVulcan\/","https:\/\/x.com\/TRMOradea","https:\/\/www.instagram.com\/teatrul_regina_maria\/","https:\/\/www.youtube.com\/c\/TeatrulReginaMariaOradea","https:\/\/www.linkedin.com\/company\/teatrul-regina-maria"]},{"@type":"Person","@id":"https:\/\/www.teatrulreginamaria.ro\/hu\/author\/w3bmaster\/#author","url":"https:\/\/www.teatrulreginamaria.ro\/hu\/author\/w3bmaster\/","name":"Teatrul Regina Maria","image":{"@type":"ImageObject","@id":"https:\/\/www.teatrulreginamaria.ro\/hu\/prima-productie-a-anului-2020\/#authorImage","url":"https:\/\/secure.gravatar.com\/avatar\/5884139d508ae3f0bafe45e60563b48a9640146d3b08ccc6278c305ff9329305?s=96&d=mm&r=g","width":96,"height":96,"caption":"Teatrul Regina Maria"}},{"@type":"WebPage","@id":"https:\/\/www.teatrulreginamaria.ro\/hu\/prima-productie-a-anului-2020\/#webpage","url":"https:\/\/www.teatrulreginamaria.ro\/hu\/prima-productie-a-anului-2020\/","name":"Prima produc\u021bie a anului 2020 - Teatrul Regina Maria Oradea","description":"Trupa Iosif Vulcan invit\u0103 or\u0103denii la prima produc\u021bie a anului 2020, spectacolul Nu credeam s\u0103-nv\u0103\u021b a muri vreodat\u0103, care va avea loc miercuri, 15 ianuarie, de la ora 18:00, la Sala Arcadia. Spectcolul de poezie, muzic\u0103 \u0219i dans dedicat lui Mihai Eminescu este coordonat de actorul \u0219i regizorul Emil Sauciuc. \u201eMihai Eminescu, genialul poet, prozator,","inLanguage":"hu-HU","isPartOf":{"@id":"https:\/\/www.teatrulreginamaria.ro\/hu\/#website"},"breadcrumb":{"@id":"https:\/\/www.teatrulreginamaria.ro\/hu\/prima-productie-a-anului-2020\/#breadcrumblist"},"author":{"@id":"https:\/\/www.teatrulreginamaria.ro\/hu\/author\/w3bmaster\/#author"},"creator":{"@id":"https:\/\/www.teatrulreginamaria.ro\/hu\/author\/w3bmaster\/#author"},"datePublished":"2020-01-10T09:41:09+02:00","dateModified":"2020-01-10T09:41:09+02:00"},{"@type":"WebSite","@id":"https:\/\/www.teatrulreginamaria.ro\/hu\/#website","url":"https:\/\/www.teatrulreginamaria.ro\/hu\/","name":"Teatrul Regina Maria Oradea","alternateName":"TRM Oradea","description":"Trupa Iosif Vulcan \u0219i Trupa Arcadia","inLanguage":"hu-HU","publisher":{"@id":"https:\/\/www.teatrulreginamaria.ro\/hu\/#organization"}}]},"og:locale":"hu_HU","og:site_name":"Teatrul Regina Maria Oradea - Trupa Iosif Vulcan \u0219i Trupa Arcadia","og:type":"article","og:title":"Prima produc\u021bie a anului 2020 - Teatrul Regina Maria Oradea","og:description":"Trupa Iosif Vulcan invit\u0103 or\u0103denii la prima produc\u021bie a anului 2020, spectacolul Nu credeam s\u0103-nv\u0103\u021b a muri vreodat\u0103, care va avea loc miercuri, 15 ianuarie, de la ora 18:00, la Sala Arcadia. Spectcolul de poezie, muzic\u0103 \u0219i dans dedicat lui Mihai Eminescu este coordonat de actorul \u0219i regizorul Emil Sauciuc. \u201eMihai Eminescu, genialul poet, prozator,","og:url":"https:\/\/www.teatrulreginamaria.ro\/hu\/prima-productie-a-anului-2020\/","og:image":"https:\/\/www.teatrulreginamaria.ro\/wp-content\/uploads\/2025\/03\/trm-istoric-01.jpg","og:image:secure_url":"https:\/\/www.teatrulreginamaria.ro\/wp-content\/uploads\/2025\/03\/trm-istoric-01.jpg","og:image:width":1200,"og:image:height":800,"article:published_time":"2020-01-10T09:41:09+00:00","article:modified_time":"2020-01-10T09:41:09+00:00","article:publisher":"https:\/\/www.facebook.com\/TRMTrupaIosifVulcan\/","twitter:card":"summary_large_image","twitter:site":"@TRMOradea","twitter:title":"Prima produc\u021bie a anului 2020 - Teatrul Regina Maria Oradea","twitter:description":"Trupa Iosif Vulcan invit\u0103 or\u0103denii la prima produc\u021bie a anului 2020, spectacolul Nu credeam s\u0103-nv\u0103\u021b a muri vreodat\u0103, care va avea loc miercuri, 15 ianuarie, de la ora 18:00, la Sala Arcadia. Spectcolul de poezie, muzic\u0103 \u0219i dans dedicat lui Mihai Eminescu este coordonat de actorul \u0219i regizorul Emil Sauciuc. \u201eMihai Eminescu, genialul poet, prozator,","twitter:creator":"@TRMOradea","twitter:image":"https:\/\/www.teatrulreginamaria.ro\/wp-content\/uploads\/2025\/03\/trm-istoric-01.jpg"},"aioseo_meta_data":{"post_id":"4465","title":null,"description":null,"keywords":null,"keyphrases":null,"primary_term":null,"canonical_url":null,"og_title":null,"og_description":null,"og_object_type":"default","og_image_type":"default","og_image_url":null,"og_image_width":null,"og_image_height":null,"og_image_custom_url":null,"og_image_custom_fields":null,"og_video":null,"og_custom_url":null,"og_article_section":null,"og_article_tags":null,"twitter_use_og":false,"twitter_card":"default","twitter_image_type":"default","twitter_image_url":null,"twitter_image_custom_url":null,"twitter_image_custom_fields":null,"twitter_title":null,"twitter_description":null,"schema":{"blockGraphs":[],"customGraphs":[],"default":{"data":{"Article":[],"Course":[],"Dataset":[],"FAQPage":[],"Movie":[],"Person":[],"Product":[],"ProductReview":[],"Car":[],"Recipe":[],"Service":[],"SoftwareApplication":[],"WebPage":[]},"graphName":"","isEnabled":true},"graphs":[]},"schema_type":"default","schema_type_options":null,"pillar_content":false,"robots_default":true,"robots_noindex":false,"robots_noarchive":false,"robots_nosnippet":false,"robots_nofollow":false,"robots_noimageindex":false,"robots_noodp":false,"robots_notranslate":false,"robots_max_snippet":null,"robots_max_videopreview":null,"robots_max_imagepreview":"large","priority":null,"frequency":null,"local_seo":null,"seo_analyzer_scan_date":"2026-05-13 02:27:25","breadcrumb_settings":null,"limit_modified_date":false,"reviewed_by":null,"open_ai":null,"ai":null,"created":"2025-04-09 17:42:42","updated":"2026-05-13 02:27:25","focus_keyword":null,"additional_keywords":null,"truseo_locale":null},"aioseo_breadcrumb":"<div class=\"aioseo-breadcrumbs\"><span class=\"aioseo-breadcrumb\">\n\t<a href=\"https:\/\/www.teatrulreginamaria.ro\/hu\" title=\"Home\">Home<\/a>\n<\/span><span class=\"aioseo-breadcrumb-separator\">&raquo;<\/span><span class=\"aioseo-breadcrumb\">\n\t<a href=\"https:\/\/www.teatrulreginamaria.ro\/hu\/categorie\/noutati\/\" title=\"Nout\u0103\u021bi\">Nout\u0103\u021bi<\/a>\n<\/span><span class=\"aioseo-breadcrumb-separator\">&raquo;<\/span><span class=\"aioseo-breadcrumb\">\n\t<a href=\"https:\/\/www.teatrulreginamaria.ro\/hu\/categorie\/noutati\/noutati-trupa-iosif-vulcan\/\" title=\"Nout\u0103\u021bi - Trupa Iosif Vulcan\">Nout\u0103\u021bi - Trupa Iosif Vulcan<\/a>\n<\/span><span class=\"aioseo-breadcrumb-separator\">&raquo;<\/span><span class=\"aioseo-breadcrumb\">\n\tPrima produc\u021bie a anului 2020\n<\/span><\/div>","aioseo_breadcrumb_json":[{"label":"Home","link":"https:\/\/www.teatrulreginamaria.ro\/hu"},{"label":"Nout\u0103\u021bi","link":"https:\/\/www.teatrulreginamaria.ro\/hu\/categorie\/noutati\/"},{"label":"Nout\u0103\u021bi - Trupa Iosif Vulcan","link":"https:\/\/www.teatrulreginamaria.ro\/hu\/categorie\/noutati\/noutati-trupa-iosif-vulcan\/"},{"label":"Prima produc\u021bie a anului 2020","link":"https:\/\/www.teatrulreginamaria.ro\/hu\/prima-productie-a-anului-2020\/"}],"acf":[],"_links":{"self":[{"href":"https:\/\/www.teatrulreginamaria.ro\/hu\/wp-json\/wp\/v2\/posts\/4465","targetHints":{"allow":["GET"]}}],"collection":[{"href":"https:\/\/www.teatrulreginamaria.ro\/hu\/wp-json\/wp\/v2\/posts"}],"about":[{"href":"https:\/\/www.teatrulreginamaria.ro\/hu\/wp-json\/wp\/v2\/types\/post"}],"author":[{"embeddable":true,"href":"https:\/\/www.teatrulreginamaria.ro\/hu\/wp-json\/wp\/v2\/users\/6"}],"replies":[{"embeddable":true,"href":"https:\/\/www.teatrulreginamaria.ro\/hu\/wp-json\/wp\/v2\/comments?post=4465"}],"version-history":[{"count":0,"href":"https:\/\/www.teatrulreginamaria.ro\/hu\/wp-json\/wp\/v2\/posts\/4465\/revisions"}],"wp:attachment":[{"href":"https:\/\/www.teatrulreginamaria.ro\/hu\/wp-json\/wp\/v2\/media?parent=4465"}],"wp:term":[{"taxonomy":"category","embeddable":true,"href":"https:\/\/www.teatrulreginamaria.ro\/hu\/wp-json\/wp\/v2\/categories?post=4465"},{"taxonomy":"post_tag","embeddable":true,"href":"https:\/\/www.teatrulreginamaria.ro\/hu\/wp-json\/wp\/v2\/tags?post=4465"}],"curies":[{"name":"munkaf\u00fczet","href":"https:\/\/api.w.org\/{rel}","templated":true}]}}