{"id":4489,"date":"2020-02-24T09:23:23","date_gmt":"2020-02-24T09:23:23","guid":{"rendered":"https:\/\/teatrulreginamaria.ro\/2020\/02\/24\/actorul-razvan-vicoveanu-nominalizat-la-premiile-uniter-pentru-rolul-din-spectacolul-crestini\/"},"modified":"2020-02-24T09:23:23","modified_gmt":"2020-02-24T09:23:23","slug":"razvan-vicoveanu-szineszt-uniter-dijra-jeloltek-a-keresztenyek-cimu-sorozatban-nyujtott-alakitasaert","status":"publish","type":"post","link":"https:\/\/www.teatrulreginamaria.ro\/hu\/actorul-razvan-vicoveanu-nominalizat-la-premiile-uniter-pentru-rolul-din-spectacolul-crestini\/","title":{"rendered":"R\u0103zvan Vicoveanu sz\u00edn\u00e9szt UNITER-d\u00edjra jel\u00f6lt\u00e9k a Christians c\u00edm\u0171 sorozatban ny\u00fajtott alak\u00edt\u00e1s\u00e1\u00e9rt."},"content":{"rendered":"<p style=\"text-align: justify;\"><strong>A Dragobete fesztiv\u00e1lon a Regina Maria Sz\u00ednh\u00e1znak k\u00e9t oka is van az \u00fcnnepl\u00e9sre! Ma kihirdett\u00e9k az UNITER-d\u00edjak \u00faj, XXVIII. kiad\u00e1s\u00e1nak jel\u00f6ltjeit, a legjobb f\u00e9rfi mell\u00e9kszerepl\u0151 kateg\u00f3ri\u00e1ban koll\u00e9g\u00e1nk, R\u0103zvan Vicoveanu nyerte Joshua szerep\u00e9t Lucas Hnath KERESZT\u00c9NYEK c\u00edm\u0171 darabj\u00e1ban, Radu Iacoban rendez\u00e9s\u00e9ben.\u00a0<\/strong><\/p>\n<p style=\"text-align: justify;\">A Kereszt\u00e9nyek c\u00edm\u0171 darab premierje novemberben volt, orsz\u00e1gos premierj\u00e9t pedig a Regina Maria Sz\u00ednh\u00e1zban tartott\u00e1k. A f\u0151szerepet, Paul lelk\u00e9szt Richard Balint alak\u00edtja, aki tavaly elnyerte az UNITER-d\u00edjat a \u201cLegjobb f\u00e9rfi mell\u00e9kszerepl\u0151\u201d kateg\u00f3ri\u00e1ban, Mr. Lockhart szerep\u00e9ben Conor McPherson \u201eA navig\u00e1tor\u201d c\u00edm\u0171 darabj\u00e1ban (rendez\u0151: Cristian Juncu, a Marosv\u00e1s\u00e1rhelyi Nemzeti Sz\u00ednh\u00e1z \u2013 \u201eLiviu Rebreanu\u201d T\u00e1rsulat el\u0151ad\u00e1sa). Paul lelk\u00e9sz bevallja az \u00e1ltala vezetett gy\u00fclekezetbe j\u00e1r\u00f3 h\u00edveknek, hogy bizonytalans\u00e1gai vannak sz\u00e1mos \u201ehitigazs\u00e1ggal\u201d kapcsolatban, \u00e9s ez a vallom\u00e1s ellentmond\u00e1sos reakci\u00f3kat v\u00e1lt ki a hallgat\u00f3s\u00e1gb\u00f3l. Az els\u0151, aki szembe mer sz\u00e1llni vele, Joshua seg\u00e9dlelk\u00e9sz, akit R\u0103zvan Vicoveanu alak\u00edt, egy fiatalember, akit mind a gy\u00fclekezeti tan\u00e1cs, mind a vas\u00e1rnapi pr\u00e9dik\u00e1ci\u00f3n jelenl\u00e9v\u0151k k\u00f6z\u00fcl sokan szeretnek. B\u00e1r bizonyos tekintetben a sz\u00e9ls\u0151s\u00e9gekbe vezet\u0151 viselked\u00e9sre utal, J\u00f3zsu\u00e9 az emberek sz\u00edv\u00e9be a betegek, a szeg\u00e9nyek \u00e9s \u00e1ltal\u00e1ban mindazok ir\u00e1nti er\u0151fesz\u00edt\u00e9seivel jutott be, akikre meghallgat\u00e1sra vagy \u00fatmutat\u00e1sra volt sz\u00fcks\u00e9g\u00fck.<\/p>\n<p style=\"text-align: justify;\">Amikor a jelenl\u00e9v\u0151k szavazat\u00e1t k\u00f6vet\u0151en Joshua elhagyja a templomot, a tan\u00e1cs egyik tagja, az \u00f6reg Jay (akit Petre Ghimb\u0103\u0219an alak\u00edt), a visszat\u00e9r\u00e9s\u00e9\u00e9rt kamp\u00e1nyol, \u00e9s megpr\u00f3b\u00e1lja eml\u00e9keztetni Paul lelk\u00e9szt a kiz\u00e1rt fiatalember \u00e9rt\u00e9k\u00e9re:<\/p>\n<p style=\"text-align: justify;\">\u201eJ\u00f3zsu\u00e9 bizonyos \u00e9rtelemben a te lelki fiad. Te mentetted meg \u0151t. Egyed\u00fcl j\u00f6tt ebbe a gy\u00fclekezetbe, \u00e9s t\u00e1mogat\u00e1st, bar\u00e1tokat keresett. Ha j\u00f3l eml\u00e9kszem, kir\u00fagt\u00e1k otthonr\u00f3l valami... nagyon komoly probl\u00e9ma miatt. \u00c9s eml\u00e9kszem, hogy ez a fi\u00fa idej\u00f6tt, az olt\u00e1rhoz k\u00f6zeledett, \u00e9s ezt mondta nek\u00fcnk: <em>Sz\u00fcks\u00e9gem van valamire, nem tudom pontosan, mi\u00e9rt, de sz\u00fcks\u00e9gem van arra a dologra, hogy tov\u00e1bbl\u00e9pjek.<\/em> \u00c9s ez az ember minden istentiszteletre elj\u00f6tt. Minden vas\u00e1rnap, azt\u00e1n vas\u00e1rnap, szerd\u00e1n, azt\u00e1n p\u00e9nteken, \u00e9s apr\u00e1nk\u00e9nt egyre t\u00f6bb felel\u0151ss\u00e9get adt\u00e1l neki a gy\u00fclekezet\u00fcnkben, egy im\u00e1t a vas\u00e1rnapi istentiszteleten, egy helyet a tan\u00e1csban, felolvashatott a Bibli\u00e1b\u00f3l, s\u0151t, m\u00e9g egy pr\u00e9dik\u00e1ci\u00f3t is, azt\u00e1n kinevezted seg\u00e9dlelk\u00e9sznek. \u00c9s mindannyian egyet\u00e9rt\u00fcnk abban, hogy kem\u00e9nyen dolgozott, \u00e9s meg\u00e9rdemelte ezt a helyet.\u201d<\/p>\n<p style=\"text-align: justify;\">R\u0103zvan Vicoveanu szerepe \u00f6sszetett, Joshua seg\u00e9dlelk\u00e9sz fokozatosan v\u00e1lik ismertt\u00e9 a k\u00f6z\u00f6ns\u00e9g sz\u00e1m\u00e1ra, \u00e9s R\u0103zvannak minden alkalommal siker\u00fcl term\u00e9szetes m\u00f3don \u00e1tadnia a karakter \u00e9rzelmeit, \u00e9s minden egyes jelenetbe l\u00e9p\u00e9ssel \u00e1talakul\u00e1s\u00e1t l\u00e1tjuk. El\u0151sz\u00f6r l\u00e1zad, l\u00e1tsz\u00f3lag elt\u00falzottan, szakad\u00e1st okozva az \u0151t befogad\u00f3 egyh\u00e1zban, \u00e9s \u00e9ppen az ellen fordul, aki a legt\u00f6bb elismer\u00e9st adta neki: Paul lelk\u00e9sz ellen. K\u00e9s\u0151bb azonban r\u00e1j\u00f6v\u00fcnk, hogy Joshua reakci\u00f3j\u00e1nak okai m\u00e1sok, mint amiket elk\u00e9pzel\u00fcnk. \u00c9lete, am\u00edg be nem l\u00e9pett Paul lelk\u00e9sz egyh\u00e1z\u00e1ba, arra k\u00e9sztette, hogy akad\u00e1lyokat \u00e9s er\u0151sen gy\u00f6kerez\u0151 hiedelmeket teremtsen, amelyek t\u00e1mogatj\u00e1k \u0151t, \u00e9s zsigeri sz\u00fcks\u00e9glete van ezekre. Sz\u00e1m\u00e1ra az egyik alapvet\u0151 hiedelm\u00e9nek megk\u00e9rd\u0151jelez\u00e9se nem filoz\u00f3fiai k\u00edv\u00e1ncsis\u00e1g szintj\u00e9n t\u00f6rt\u00e9nik, hanem l\u00e9tez\u00e9s\u00e9nek alapjait t\u00e1madja. A sorozat v\u00e9g\u00e9n Joshua visszat\u00e9r Paul lelk\u00e9szhez, megold\u00e1st keresve az egyh\u00e1zban uralkod\u00f3 helyzetre, \u00e9s n\u00e9h\u00e1ny megvil\u00e1gos\u00edt\u00f3 inform\u00e1ci\u00f3t k\u00edn\u00e1l a n\u00e9z\u0151knek:<\/p>\n<p style=\"text-align: justify;\">\u201eA sz\u00fcleid kereszt\u00e9nyek voltak, ahogy az \u0151 sz\u00fcleik is. A nagymam\u00e1d vitt el el\u0151sz\u00f6r templomba, mindenki azt akarta, hogy \u00fcdv\u00f6z\u00fclj, \u00e9s nem volt mit vesz\u00edtened azzal, hogy hitt\u00e9l abban, amiben hitt\u00e9l. Csak \u00e9n. Mindent elvesztettem. A sz\u00fcleim nem hittek abban, amiben \u00e9n hittem. \u00c9s \u00e9n pr\u00f3b\u00e1lkoztam. \u00dajra \u00e9s \u00fajra pr\u00f3b\u00e1ltam megmutatni nekik az utat, elvezetni \u0151ket Istenhez. Csak ezt akartam, eg\u00e9szen a v\u00e9g\u00e9ig. Ezt pr\u00f3b\u00e1ltam.\u201d<\/p>\n<p style=\"text-align: justify;\">Az a t\u00e9ny, hogy nem siker\u00fclt megt\u00e9r\u00edtenie sz\u00fcleit, \u00e9s hogy \u00e9desanyja hal\u00e1los \u00e1gy\u00e1n ink\u00e1bb sz\u00e1m\u0171zte, mintsem hogy hitvall\u00e1st tegyen, helyrehozhatatlan nyomot hagyott Joshu\u00e1n. Az a pillanat eml\u00e9ke, amikor \u00e9desanyja meghalt, \u00e9s a szem\u00e9ben l\u00e1that\u00f3 f\u00e9lelem, borzalom \u00e9s f\u00e1jdalom nem engedi meg neki, hogy k\u00f6nnyen megbirk\u00f3zzon a t\u00falvil\u00e1g l\u00e9tez\u00e9s\u00e9nek megk\u00e9rd\u0151jelez\u00e9s\u00e9vel, ahogyan azt eddig hirdett\u00e9k.\u00a0<\/p>\n<p style=\"text-align: justify;\">A m\u0171sor sor\u00e1n Joshua seg\u00e9dlelk\u00e9sznek siker\u00fcl kiv\u00edvnia a k\u00f6z\u00f6ns\u00e9g rosszall\u00e1s\u00e1t, felh\u00e1borod\u00e1s\u00e1t, egy\u00fctt\u00e9rz\u00e9s\u00e9t, s\u0151t v\u00e9gs\u0151 soron t\u00e1mogat\u00e1s\u00e1t is, Paul lelk\u00e9sz rov\u00e1s\u00e1ra. R\u0103zvan Vicoveanu er\u0151fesz\u00edt\u00e9seit, hogy ilyen sokr\u00e9t\u0171 szerepet alkosson, j\u00f3l elosztott\u00e1k \u00e9s jogosan \u00e9rt\u00e9kelik.\u00a0<\/p>\n<p style=\"text-align: justify;\">Gratul\u00e1lok R\u0103zvan, gratul\u00e1lok a &quot;Cre\u0219tini&quot; m\u0171sor teljes csapat\u00e1nak, \u00e9s sok sikert k\u00edv\u00e1nok a j\u00f6v\u0151ben!<\/p>\n<p style=\"text-align: center;\">\n<p style=\"text-align: justify;\">\u00a0<\/p>","protected":false},"excerpt":{"rendered":"<p>De Dragobete, Teatrul Regina Maria are dou\u0103 motive de s\u0103rb\u0103toare! Ast\u0103zi s-au anun\u021bat\u00a0nominaliz\u0103rile pentru o nou\u0103 edi\u0163ie &#8211; a XXVIII-a &#8211; a Premiilor UNITER, iar la categoria Cel mai bun actor \u00een rol secundar \u00eel g\u0103sim pe colegul nostru R\u0103zvan Vicoveanu, cu rolul Joshua din spectacolul CRE\u0218TINI de Lucas Hnath, regia Radu Iacoban.\u00a0 Spectacolul Cre\u0219tini [&hellip;]<\/p>\n","protected":false},"author":6,"featured_media":4487,"comment_status":"open","ping_status":"open","sticky":false,"template":"","format":"standard","meta":{"_acf_changed":false,"footnotes":""},"categories":[22],"tags":[],"class_list":["post-4489","post","type-post","status-publish","format-standard","has-post-thumbnail","hentry","category-noutati-trupa-iosif-vulcan"],"aioseo_notices":[],"aioseo_head":"\n\t\t<!-- All in One SEO Pro 5.0.1.1 - aioseo.com -->\n\t<meta name=\"description\" content=\"De Dragobete, Teatrul Regina Maria are dou\u0103 motive de s\u0103rb\u0103toare! Ast\u0103zi s-au anun\u021bat nominaliz\u0103rile pentru o nou\u0103 edi\u0163ie - a XXVIII-a - a Premiilor UNITER, iar la categoria Cel mai bun actor \u00een rol secundar \u00eel g\u0103sim pe colegul nostru R\u0103zvan Vicoveanu, cu rolul Joshua din spectacolul CRE\u0218TINI de Lucas Hnath, regia Radu Iacoban. Spectacolul Cre\u0219tini\" \/>\n\t<meta name=\"robots\" content=\"max-image-preview:large\" \/>\n\t<meta name=\"author\" content=\"Teatrul Regina Maria\"\/>\n\t<link rel=\"canonical\" href=\"https:\/\/www.teatrulreginamaria.ro\/hu\/actorul-razvan-vicoveanu-nominalizat-la-premiile-uniter-pentru-rolul-din-spectacolul-crestini\/\" \/>\n\t<meta name=\"generator\" content=\"All in One SEO Pro (AIOSEO) 5.0.1.1\" \/>\n\t\t<meta property=\"og:locale\" content=\"hu_HU\" \/>\n\t\t<meta property=\"og:site_name\" content=\"Teatrul Regina Maria Oradea - Trupa Iosif Vulcan \u0219i Trupa Arcadia\" \/>\n\t\t<meta property=\"og:type\" content=\"article\" \/>\n\t\t<meta property=\"og:title\" content=\"Actorul R\u0103zvan Vicoveanu nominalizat la Premiile UNITER pentru rolul din spectacolul CRE\u0218TINI - Teatrul Regina Maria Oradea\" \/>\n\t\t<meta property=\"og:description\" content=\"De Dragobete, Teatrul Regina Maria are dou\u0103 motive de s\u0103rb\u0103toare! Ast\u0103zi s-au anun\u021bat nominaliz\u0103rile pentru o nou\u0103 edi\u0163ie - a XXVIII-a - a Premiilor UNITER, iar la categoria Cel mai bun actor \u00een rol secundar \u00eel g\u0103sim pe colegul nostru R\u0103zvan Vicoveanu, cu rolul Joshua din spectacolul CRE\u0218TINI de Lucas Hnath, regia Radu Iacoban. Spectacolul Cre\u0219tini\" \/>\n\t\t<meta property=\"og:url\" content=\"https:\/\/www.teatrulreginamaria.ro\/hu\/actorul-razvan-vicoveanu-nominalizat-la-premiile-uniter-pentru-rolul-din-spectacolul-crestini\/\" \/>\n\t\t<meta property=\"og:image\" content=\"https:\/\/www.teatrulreginamaria.ro\/wp-content\/uploads\/2025\/03\/trm-istoric-01.jpg\" \/>\n\t\t<meta property=\"og:image:secure_url\" content=\"https:\/\/www.teatrulreginamaria.ro\/wp-content\/uploads\/2025\/03\/trm-istoric-01.jpg\" \/>\n\t\t<meta property=\"og:image:width\" content=\"1200\" \/>\n\t\t<meta property=\"og:image:height\" content=\"800\" \/>\n\t\t<meta property=\"article:published_time\" content=\"2020-02-24T09:23:23+00:00\" \/>\n\t\t<meta property=\"article:modified_time\" content=\"2020-02-24T09:23:23+00:00\" \/>\n\t\t<meta property=\"article:publisher\" content=\"https:\/\/www.facebook.com\/TRMTrupaIosifVulcan\/\" \/>\n\t\t<meta name=\"twitter:card\" content=\"summary_large_image\" \/>\n\t\t<meta name=\"twitter:site\" content=\"@TRMOradea\" \/>\n\t\t<meta name=\"twitter:title\" content=\"Actorul R\u0103zvan Vicoveanu nominalizat la Premiile UNITER pentru rolul din spectacolul CRE\u0218TINI - Teatrul Regina Maria Oradea\" \/>\n\t\t<meta name=\"twitter:description\" content=\"De Dragobete, Teatrul Regina Maria are dou\u0103 motive de s\u0103rb\u0103toare! Ast\u0103zi s-au anun\u021bat nominaliz\u0103rile pentru o nou\u0103 edi\u0163ie - a XXVIII-a - a Premiilor UNITER, iar la categoria Cel mai bun actor \u00een rol secundar \u00eel g\u0103sim pe colegul nostru R\u0103zvan Vicoveanu, cu rolul Joshua din spectacolul CRE\u0218TINI de Lucas Hnath, regia Radu Iacoban. Spectacolul Cre\u0219tini\" \/>\n\t\t<meta name=\"twitter:creator\" content=\"@TRMOradea\" \/>\n\t\t<meta name=\"twitter:image\" content=\"https:\/\/www.teatrulreginamaria.ro\/wp-content\/uploads\/2025\/03\/trm-istoric-01.jpg\" \/>\n\t\t<script type=\"application\/ld+json\" class=\"aioseo-schema\">\n\t\t\t{\"@context\":\"https:\\\/\\\/schema.org\",\"@graph\":[{\"@type\":\"BlogPosting\",\"@id\":\"https:\\\/\\\/www.teatrulreginamaria.ro\\\/hu\\\/actorul-razvan-vicoveanu-nominalizat-la-premiile-uniter-pentru-rolul-din-spectacolul-crestini\\\/#blogposting\",\"name\":\"Actorul R\\u0103zvan Vicoveanu nominalizat la Premiile UNITER pentru rolul din spectacolul CRE\\u0218TINI - Teatrul Regina Maria Oradea\",\"headline\":\"Actorul R\\u0103zvan Vicoveanu nominalizat la Premiile UNITER pentru rolul din spectacolul CRE\\u0218TINI\",\"author\":{\"@id\":\"https:\\\/\\\/www.teatrulreginamaria.ro\\\/hu\\\/author\\\/w3bmaster\\\/#author\"},\"publisher\":{\"@id\":\"https:\\\/\\\/www.teatrulreginamaria.ro\\\/hu\\\/#organization\"},\"image\":{\"@type\":\"ImageObject\",\"url\":\"https:\\\/\\\/www.teatrulreginamaria.ro\\\/wp-content\\\/uploads\\\/2020\\\/02\\\/87358000_217210986087211_7549964907597266944_n.jpg\",\"width\":1080,\"height\":520},\"datePublished\":\"2020-02-24T09:23:23+02:00\",\"dateModified\":\"2020-02-24T09:23:23+02:00\",\"inLanguage\":\"hu-HU\",\"mainEntityOfPage\":{\"@id\":\"https:\\\/\\\/www.teatrulreginamaria.ro\\\/hu\\\/actorul-razvan-vicoveanu-nominalizat-la-premiile-uniter-pentru-rolul-din-spectacolul-crestini\\\/#webpage\"},\"isPartOf\":{\"@id\":\"https:\\\/\\\/www.teatrulreginamaria.ro\\\/hu\\\/actorul-razvan-vicoveanu-nominalizat-la-premiile-uniter-pentru-rolul-din-spectacolul-crestini\\\/#webpage\"},\"articleSection\":\"Nout\\u0103\\u021bi - Trupa Iosif Vulcan\"},{\"@type\":\"BreadcrumbList\",\"@id\":\"https:\\\/\\\/www.teatrulreginamaria.ro\\\/hu\\\/actorul-razvan-vicoveanu-nominalizat-la-premiile-uniter-pentru-rolul-din-spectacolul-crestini\\\/#breadcrumblist\",\"itemListElement\":[{\"@type\":\"ListItem\",\"@id\":\"https:\\\/\\\/www.teatrulreginamaria.ro\\\/hu#listItem\",\"position\":1,\"name\":\"Home\",\"item\":\"https:\\\/\\\/www.teatrulreginamaria.ro\\\/hu\",\"nextItem\":{\"@type\":\"ListItem\",\"@id\":\"https:\\\/\\\/www.teatrulreginamaria.ro\\\/hu\\\/categorie\\\/noutati\\\/#listItem\",\"name\":\"Nout\\u0103\\u021bi\"}},{\"@type\":\"ListItem\",\"@id\":\"https:\\\/\\\/www.teatrulreginamaria.ro\\\/hu\\\/categorie\\\/noutati\\\/#listItem\",\"position\":2,\"name\":\"Nout\\u0103\\u021bi\",\"item\":\"https:\\\/\\\/www.teatrulreginamaria.ro\\\/hu\\\/categorie\\\/noutati\\\/\",\"nextItem\":{\"@type\":\"ListItem\",\"@id\":\"https:\\\/\\\/www.teatrulreginamaria.ro\\\/hu\\\/categorie\\\/noutati\\\/noutati-trupa-iosif-vulcan\\\/#listItem\",\"name\":\"Nout\\u0103\\u021bi - Trupa Iosif Vulcan\"},\"previousItem\":{\"@type\":\"ListItem\",\"@id\":\"https:\\\/\\\/www.teatrulreginamaria.ro\\\/hu#listItem\",\"name\":\"Home\"}},{\"@type\":\"ListItem\",\"@id\":\"https:\\\/\\\/www.teatrulreginamaria.ro\\\/hu\\\/categorie\\\/noutati\\\/noutati-trupa-iosif-vulcan\\\/#listItem\",\"position\":3,\"name\":\"Nout\\u0103\\u021bi - Trupa Iosif Vulcan\",\"item\":\"https:\\\/\\\/www.teatrulreginamaria.ro\\\/hu\\\/categorie\\\/noutati\\\/noutati-trupa-iosif-vulcan\\\/\",\"nextItem\":{\"@type\":\"ListItem\",\"@id\":\"https:\\\/\\\/www.teatrulreginamaria.ro\\\/hu\\\/actorul-razvan-vicoveanu-nominalizat-la-premiile-uniter-pentru-rolul-din-spectacolul-crestini\\\/#listItem\",\"name\":\"Actorul R\\u0103zvan Vicoveanu nominalizat la Premiile UNITER pentru rolul din spectacolul CRE\\u0218TINI\"},\"previousItem\":{\"@type\":\"ListItem\",\"@id\":\"https:\\\/\\\/www.teatrulreginamaria.ro\\\/hu\\\/categorie\\\/noutati\\\/#listItem\",\"name\":\"Nout\\u0103\\u021bi\"}},{\"@type\":\"ListItem\",\"@id\":\"https:\\\/\\\/www.teatrulreginamaria.ro\\\/hu\\\/actorul-razvan-vicoveanu-nominalizat-la-premiile-uniter-pentru-rolul-din-spectacolul-crestini\\\/#listItem\",\"position\":4,\"name\":\"Actorul R\\u0103zvan Vicoveanu nominalizat la Premiile UNITER pentru rolul din spectacolul CRE\\u0218TINI\",\"previousItem\":{\"@type\":\"ListItem\",\"@id\":\"https:\\\/\\\/www.teatrulreginamaria.ro\\\/hu\\\/categorie\\\/noutati\\\/noutati-trupa-iosif-vulcan\\\/#listItem\",\"name\":\"Nout\\u0103\\u021bi - Trupa Iosif Vulcan\"}}]},{\"@type\":\"Organization\",\"@id\":\"https:\\\/\\\/www.teatrulreginamaria.ro\\\/hu\\\/#organization\",\"name\":\"Teatrul Regina Maria Oradea\",\"description\":\"Trupa Iosif Vulcan \\u0219i Trupa Arcadia\",\"url\":\"https:\\\/\\\/www.teatrulreginamaria.ro\\\/hu\\\/\",\"email\":\"marketing@teatrulreginamaria.ro\",\"telephone\":\"+40359411534\",\"numberOfEmployees\":{\"@type\":\"QuantitativeValue\",\"minValue\":0,\"maxValue\":150},\"logo\":{\"@type\":\"ImageObject\",\"url\":\"https:\\\/\\\/www.teatrulreginamaria.ro\\\/wp-content\\\/uploads\\\/2025\\\/06\\\/logo-trm-01-dark.png\",\"@id\":\"https:\\\/\\\/www.teatrulreginamaria.ro\\\/hu\\\/actorul-razvan-vicoveanu-nominalizat-la-premiile-uniter-pentru-rolul-din-spectacolul-crestini\\\/#organizationLogo\",\"width\":300,\"height\":148},\"image\":{\"@id\":\"https:\\\/\\\/www.teatrulreginamaria.ro\\\/hu\\\/actorul-razvan-vicoveanu-nominalizat-la-premiile-uniter-pentru-rolul-din-spectacolul-crestini\\\/#organizationLogo\"},\"sameAs\":[\"https:\\\/\\\/www.facebook.com\\\/TRMTrupaIosifVulcan\\\/\",\"https:\\\/\\\/x.com\\\/TRMOradea\",\"https:\\\/\\\/www.instagram.com\\\/teatrul_regina_maria\\\/\",\"https:\\\/\\\/www.youtube.com\\\/c\\\/TeatrulReginaMariaOradea\",\"https:\\\/\\\/www.linkedin.com\\\/company\\\/teatrul-regina-maria\"]},{\"@type\":\"Person\",\"@id\":\"https:\\\/\\\/www.teatrulreginamaria.ro\\\/hu\\\/author\\\/w3bmaster\\\/#author\",\"url\":\"https:\\\/\\\/www.teatrulreginamaria.ro\\\/hu\\\/author\\\/w3bmaster\\\/\",\"name\":\"Teatrul Regina Maria\",\"image\":{\"@type\":\"ImageObject\",\"@id\":\"https:\\\/\\\/www.teatrulreginamaria.ro\\\/hu\\\/actorul-razvan-vicoveanu-nominalizat-la-premiile-uniter-pentru-rolul-din-spectacolul-crestini\\\/#authorImage\",\"url\":\"https:\\\/\\\/secure.gravatar.com\\\/avatar\\\/5884139d508ae3f0bafe45e60563b48a9640146d3b08ccc6278c305ff9329305?s=96&d=mm&r=g\",\"width\":96,\"height\":96,\"caption\":\"Teatrul Regina Maria\"}},{\"@type\":\"WebPage\",\"@id\":\"https:\\\/\\\/www.teatrulreginamaria.ro\\\/hu\\\/actorul-razvan-vicoveanu-nominalizat-la-premiile-uniter-pentru-rolul-din-spectacolul-crestini\\\/#webpage\",\"url\":\"https:\\\/\\\/www.teatrulreginamaria.ro\\\/hu\\\/actorul-razvan-vicoveanu-nominalizat-la-premiile-uniter-pentru-rolul-din-spectacolul-crestini\\\/\",\"name\":\"Actorul R\\u0103zvan Vicoveanu nominalizat la Premiile UNITER pentru rolul din spectacolul CRE\\u0218TINI - Teatrul Regina Maria Oradea\",\"description\":\"De Dragobete, Teatrul Regina Maria are dou\\u0103 motive de s\\u0103rb\\u0103toare! Ast\\u0103zi s-au anun\\u021bat nominaliz\\u0103rile pentru o nou\\u0103 edi\\u0163ie - a XXVIII-a - a Premiilor UNITER, iar la categoria Cel mai bun actor \\u00een rol secundar \\u00eel g\\u0103sim pe colegul nostru R\\u0103zvan Vicoveanu, cu rolul Joshua din spectacolul CRE\\u0218TINI de Lucas Hnath, regia Radu Iacoban. Spectacolul Cre\\u0219tini\",\"inLanguage\":\"hu-HU\",\"isPartOf\":{\"@id\":\"https:\\\/\\\/www.teatrulreginamaria.ro\\\/hu\\\/#website\"},\"breadcrumb\":{\"@id\":\"https:\\\/\\\/www.teatrulreginamaria.ro\\\/hu\\\/actorul-razvan-vicoveanu-nominalizat-la-premiile-uniter-pentru-rolul-din-spectacolul-crestini\\\/#breadcrumblist\"},\"author\":{\"@id\":\"https:\\\/\\\/www.teatrulreginamaria.ro\\\/hu\\\/author\\\/w3bmaster\\\/#author\"},\"creator\":{\"@id\":\"https:\\\/\\\/www.teatrulreginamaria.ro\\\/hu\\\/author\\\/w3bmaster\\\/#author\"},\"image\":{\"@type\":\"ImageObject\",\"url\":\"https:\\\/\\\/www.teatrulreginamaria.ro\\\/wp-content\\\/uploads\\\/2020\\\/02\\\/87358000_217210986087211_7549964907597266944_n.jpg\",\"@id\":\"https:\\\/\\\/www.teatrulreginamaria.ro\\\/hu\\\/actorul-razvan-vicoveanu-nominalizat-la-premiile-uniter-pentru-rolul-din-spectacolul-crestini\\\/#mainImage\",\"width\":1080,\"height\":520},\"primaryImageOfPage\":{\"@id\":\"https:\\\/\\\/www.teatrulreginamaria.ro\\\/hu\\\/actorul-razvan-vicoveanu-nominalizat-la-premiile-uniter-pentru-rolul-din-spectacolul-crestini\\\/#mainImage\"},\"datePublished\":\"2020-02-24T09:23:23+02:00\",\"dateModified\":\"2020-02-24T09:23:23+02:00\"},{\"@type\":\"WebSite\",\"@id\":\"https:\\\/\\\/www.teatrulreginamaria.ro\\\/hu\\\/#website\",\"url\":\"https:\\\/\\\/www.teatrulreginamaria.ro\\\/hu\\\/\",\"name\":\"Teatrul Regina Maria Oradea\",\"alternateName\":\"TRM Oradea\",\"description\":\"Trupa Iosif Vulcan \\u0219i Trupa Arcadia\",\"inLanguage\":\"hu-HU\",\"publisher\":{\"@id\":\"https:\\\/\\\/www.teatrulreginamaria.ro\\\/hu\\\/#organization\"}}]}\n\t\t<\/script>\n\t\t<!-- All in One SEO Pro -->\r\n\t\t<title>Actorul R\u0103zvan Vicoveanu nominalizat la Premiile UNITER pentru rolul din spectacolul CRE\u0218TINI - Teatrul Regina Maria Oradea<\/title>\n\n","aioseo_head_json":{"title":"R\u0103zvan Vicoveanu sz\u00edn\u00e9szt UNITER-d\u00edjra jel\u00f6lt\u00e9k a KERESZT\u00c9NYEK c\u00edm\u0171 darabban ny\u00fajtott alak\u00edt\u00e1s\u00e1\u00e9rt - Regina Maria Sz\u00ednh\u00e1z Nagyv\u00e1radon","description":"A Dragobete-n a Regina Maria Sz\u00ednh\u00e1znak k\u00e9t oka is van az \u00fcnnepl\u00e9sre! Ma kihirdett\u00e9k az UNITER-d\u00edjak \u00faj, XXVIII. kiad\u00e1s\u00e1nak jel\u00f6ltjeit, a legjobb f\u00e9rfi mell\u00e9kszerepl\u0151 kateg\u00f3ri\u00e1ban koll\u00e9g\u00e1nk, R\u0103zvan Vicoveanu Joshua szerep\u00e9ben Lucas Hnath CRE\u0218TINI c\u00edm\u0171 darabj\u00e1ban, Radu Iacoban rendez\u00e9s\u00e9ben. A Cre\u0219tini c\u00edm\u0171 el\u0151ad\u00e1s...","canonical_url":"https:\/\/www.teatrulreginamaria.ro\/hu\/actorul-razvan-vicoveanu-nominalizat-la-premiile-uniter-pentru-rolul-din-spectacolul-crestini\/","robots":"max-image-preview:large","keywords":"","webmasterTools":{"miscellaneous":""},"schema":{"@context":"https:\/\/schema.org","@graph":[{"@type":"BlogPosting","@id":"https:\/\/www.teatrulreginamaria.ro\/hu\/actorul-razvan-vicoveanu-nominalizat-la-premiile-uniter-pentru-rolul-din-spectacolul-crestini\/#blogposting","name":"Actorul R\u0103zvan Vicoveanu nominalizat la Premiile UNITER pentru rolul din spectacolul CRE\u0218TINI - Teatrul Regina Maria Oradea","headline":"Actorul R\u0103zvan Vicoveanu nominalizat la Premiile UNITER pentru rolul din spectacolul CRE\u0218TINI","author":{"@id":"https:\/\/www.teatrulreginamaria.ro\/hu\/author\/w3bmaster\/#author"},"publisher":{"@id":"https:\/\/www.teatrulreginamaria.ro\/hu\/#organization"},"image":{"@type":"ImageObject","url":"https:\/\/www.teatrulreginamaria.ro\/wp-content\/uploads\/2020\/02\/87358000_217210986087211_7549964907597266944_n.jpg","width":1080,"height":520},"datePublished":"2020-02-24T09:23:23+02:00","dateModified":"2020-02-24T09:23:23+02:00","inLanguage":"hu-HU","mainEntityOfPage":{"@id":"https:\/\/www.teatrulreginamaria.ro\/hu\/actorul-razvan-vicoveanu-nominalizat-la-premiile-uniter-pentru-rolul-din-spectacolul-crestini\/#webpage"},"isPartOf":{"@id":"https:\/\/www.teatrulreginamaria.ro\/hu\/actorul-razvan-vicoveanu-nominalizat-la-premiile-uniter-pentru-rolul-din-spectacolul-crestini\/#webpage"},"articleSection":"Nout\u0103\u021bi - Trupa Iosif Vulcan"},{"@type":"BreadcrumbList","@id":"https:\/\/www.teatrulreginamaria.ro\/hu\/actorul-razvan-vicoveanu-nominalizat-la-premiile-uniter-pentru-rolul-din-spectacolul-crestini\/#breadcrumblist","itemListElement":[{"@type":"ListItem","@id":"https:\/\/www.teatrulreginamaria.ro\/hu#listItem","position":1,"name":"Home","item":"https:\/\/www.teatrulreginamaria.ro\/hu","nextItem":{"@type":"ListItem","@id":"https:\/\/www.teatrulreginamaria.ro\/hu\/categorie\/noutati\/#listItem","name":"Nout\u0103\u021bi"}},{"@type":"ListItem","@id":"https:\/\/www.teatrulreginamaria.ro\/hu\/categorie\/noutati\/#listItem","position":2,"name":"Nout\u0103\u021bi","item":"https:\/\/www.teatrulreginamaria.ro\/hu\/categorie\/noutati\/","nextItem":{"@type":"ListItem","@id":"https:\/\/www.teatrulreginamaria.ro\/hu\/categorie\/noutati\/noutati-trupa-iosif-vulcan\/#listItem","name":"Nout\u0103\u021bi - Trupa Iosif Vulcan"},"previousItem":{"@type":"ListItem","@id":"https:\/\/www.teatrulreginamaria.ro\/hu#listItem","name":"Home"}},{"@type":"ListItem","@id":"https:\/\/www.teatrulreginamaria.ro\/hu\/categorie\/noutati\/noutati-trupa-iosif-vulcan\/#listItem","position":3,"name":"Nout\u0103\u021bi - Trupa Iosif Vulcan","item":"https:\/\/www.teatrulreginamaria.ro\/hu\/categorie\/noutati\/noutati-trupa-iosif-vulcan\/","nextItem":{"@type":"ListItem","@id":"https:\/\/www.teatrulreginamaria.ro\/hu\/actorul-razvan-vicoveanu-nominalizat-la-premiile-uniter-pentru-rolul-din-spectacolul-crestini\/#listItem","name":"Actorul R\u0103zvan Vicoveanu nominalizat la Premiile UNITER pentru rolul din spectacolul CRE\u0218TINI"},"previousItem":{"@type":"ListItem","@id":"https:\/\/www.teatrulreginamaria.ro\/hu\/categorie\/noutati\/#listItem","name":"Nout\u0103\u021bi"}},{"@type":"ListItem","@id":"https:\/\/www.teatrulreginamaria.ro\/hu\/actorul-razvan-vicoveanu-nominalizat-la-premiile-uniter-pentru-rolul-din-spectacolul-crestini\/#listItem","position":4,"name":"Actorul R\u0103zvan Vicoveanu nominalizat la Premiile UNITER pentru rolul din spectacolul CRE\u0218TINI","previousItem":{"@type":"ListItem","@id":"https:\/\/www.teatrulreginamaria.ro\/hu\/categorie\/noutati\/noutati-trupa-iosif-vulcan\/#listItem","name":"Nout\u0103\u021bi - Trupa Iosif Vulcan"}}]},{"@type":"Organization","@id":"https:\/\/www.teatrulreginamaria.ro\/hu\/#organization","name":"Teatrul Regina Maria Oradea","description":"Trupa Iosif Vulcan \u0219i Trupa Arcadia","url":"https:\/\/www.teatrulreginamaria.ro\/hu\/","email":"marketing@teatrulreginamaria.ro","telephone":"+40359411534","numberOfEmployees":{"@type":"QuantitativeValue","minValue":0,"maxValue":150},"logo":{"@type":"ImageObject","url":"https:\/\/www.teatrulreginamaria.ro\/wp-content\/uploads\/2025\/06\/logo-trm-01-dark.png","@id":"https:\/\/www.teatrulreginamaria.ro\/hu\/actorul-razvan-vicoveanu-nominalizat-la-premiile-uniter-pentru-rolul-din-spectacolul-crestini\/#organizationLogo","width":300,"height":148},"image":{"@id":"https:\/\/www.teatrulreginamaria.ro\/hu\/actorul-razvan-vicoveanu-nominalizat-la-premiile-uniter-pentru-rolul-din-spectacolul-crestini\/#organizationLogo"},"sameAs":["https:\/\/www.facebook.com\/TRMTrupaIosifVulcan\/","https:\/\/x.com\/TRMOradea","https:\/\/www.instagram.com\/teatrul_regina_maria\/","https:\/\/www.youtube.com\/c\/TeatrulReginaMariaOradea","https:\/\/www.linkedin.com\/company\/teatrul-regina-maria"]},{"@type":"Person","@id":"https:\/\/www.teatrulreginamaria.ro\/hu\/author\/w3bmaster\/#author","url":"https:\/\/www.teatrulreginamaria.ro\/hu\/author\/w3bmaster\/","name":"Teatrul Regina Maria","image":{"@type":"ImageObject","@id":"https:\/\/www.teatrulreginamaria.ro\/hu\/actorul-razvan-vicoveanu-nominalizat-la-premiile-uniter-pentru-rolul-din-spectacolul-crestini\/#authorImage","url":"https:\/\/secure.gravatar.com\/avatar\/5884139d508ae3f0bafe45e60563b48a9640146d3b08ccc6278c305ff9329305?s=96&d=mm&r=g","width":96,"height":96,"caption":"Teatrul Regina Maria"}},{"@type":"WebPage","@id":"https:\/\/www.teatrulreginamaria.ro\/hu\/actorul-razvan-vicoveanu-nominalizat-la-premiile-uniter-pentru-rolul-din-spectacolul-crestini\/#webpage","url":"https:\/\/www.teatrulreginamaria.ro\/hu\/actorul-razvan-vicoveanu-nominalizat-la-premiile-uniter-pentru-rolul-din-spectacolul-crestini\/","name":"Actorul R\u0103zvan Vicoveanu nominalizat la Premiile UNITER pentru rolul din spectacolul CRE\u0218TINI - Teatrul Regina Maria Oradea","description":"De Dragobete, Teatrul Regina Maria are dou\u0103 motive de s\u0103rb\u0103toare! Ast\u0103zi s-au anun\u021bat nominaliz\u0103rile pentru o nou\u0103 edi\u0163ie - a XXVIII-a - a Premiilor UNITER, iar la categoria Cel mai bun actor \u00een rol secundar \u00eel g\u0103sim pe colegul nostru R\u0103zvan Vicoveanu, cu rolul Joshua din spectacolul CRE\u0218TINI de Lucas Hnath, regia Radu Iacoban. Spectacolul Cre\u0219tini","inLanguage":"hu-HU","isPartOf":{"@id":"https:\/\/www.teatrulreginamaria.ro\/hu\/#website"},"breadcrumb":{"@id":"https:\/\/www.teatrulreginamaria.ro\/hu\/actorul-razvan-vicoveanu-nominalizat-la-premiile-uniter-pentru-rolul-din-spectacolul-crestini\/#breadcrumblist"},"author":{"@id":"https:\/\/www.teatrulreginamaria.ro\/hu\/author\/w3bmaster\/#author"},"creator":{"@id":"https:\/\/www.teatrulreginamaria.ro\/hu\/author\/w3bmaster\/#author"},"image":{"@type":"ImageObject","url":"https:\/\/www.teatrulreginamaria.ro\/wp-content\/uploads\/2020\/02\/87358000_217210986087211_7549964907597266944_n.jpg","@id":"https:\/\/www.teatrulreginamaria.ro\/hu\/actorul-razvan-vicoveanu-nominalizat-la-premiile-uniter-pentru-rolul-din-spectacolul-crestini\/#mainImage","width":1080,"height":520},"primaryImageOfPage":{"@id":"https:\/\/www.teatrulreginamaria.ro\/hu\/actorul-razvan-vicoveanu-nominalizat-la-premiile-uniter-pentru-rolul-din-spectacolul-crestini\/#mainImage"},"datePublished":"2020-02-24T09:23:23+02:00","dateModified":"2020-02-24T09:23:23+02:00"},{"@type":"WebSite","@id":"https:\/\/www.teatrulreginamaria.ro\/hu\/#website","url":"https:\/\/www.teatrulreginamaria.ro\/hu\/","name":"Teatrul Regina Maria Oradea","alternateName":"TRM Oradea","description":"Trupa Iosif Vulcan \u0219i Trupa Arcadia","inLanguage":"hu-HU","publisher":{"@id":"https:\/\/www.teatrulreginamaria.ro\/hu\/#organization"}}]},"og:locale":"hu_HU","og:site_name":"Teatrul Regina Maria Oradea - Trupa Iosif Vulcan \u0219i Trupa Arcadia","og:type":"article","og:title":"Actorul R\u0103zvan Vicoveanu nominalizat la Premiile UNITER pentru rolul din spectacolul CRE\u0218TINI - Teatrul Regina Maria Oradea","og:description":"De Dragobete, Teatrul Regina Maria are dou\u0103 motive de s\u0103rb\u0103toare! Ast\u0103zi s-au anun\u021bat nominaliz\u0103rile pentru o nou\u0103 edi\u0163ie - a XXVIII-a - a Premiilor UNITER, iar la categoria Cel mai bun actor \u00een rol secundar \u00eel g\u0103sim pe colegul nostru R\u0103zvan Vicoveanu, cu rolul Joshua din spectacolul CRE\u0218TINI de Lucas Hnath, regia Radu Iacoban. Spectacolul Cre\u0219tini","og:url":"https:\/\/www.teatrulreginamaria.ro\/hu\/actorul-razvan-vicoveanu-nominalizat-la-premiile-uniter-pentru-rolul-din-spectacolul-crestini\/","og:image":"https:\/\/www.teatrulreginamaria.ro\/wp-content\/uploads\/2025\/03\/trm-istoric-01.jpg","og:image:secure_url":"https:\/\/www.teatrulreginamaria.ro\/wp-content\/uploads\/2025\/03\/trm-istoric-01.jpg","og:image:width":1200,"og:image:height":800,"article:published_time":"2020-02-24T09:23:23+00:00","article:modified_time":"2020-02-24T09:23:23+00:00","article:publisher":"https:\/\/www.facebook.com\/TRMTrupaIosifVulcan\/","twitter:card":"summary_large_image","twitter:site":"@TRMOradea","twitter:title":"Actorul R\u0103zvan Vicoveanu nominalizat la Premiile UNITER pentru rolul din spectacolul CRE\u0218TINI - Teatrul Regina Maria Oradea","twitter:description":"De Dragobete, Teatrul Regina Maria are dou\u0103 motive de s\u0103rb\u0103toare! Ast\u0103zi s-au anun\u021bat nominaliz\u0103rile pentru o nou\u0103 edi\u0163ie - a XXVIII-a - a Premiilor UNITER, iar la categoria Cel mai bun actor \u00een rol secundar \u00eel g\u0103sim pe colegul nostru R\u0103zvan Vicoveanu, cu rolul Joshua din spectacolul CRE\u0218TINI de Lucas Hnath, regia Radu Iacoban. Spectacolul Cre\u0219tini","twitter:creator":"@TRMOradea","twitter:image":"https:\/\/www.teatrulreginamaria.ro\/wp-content\/uploads\/2025\/03\/trm-istoric-01.jpg"},"aioseo_meta_data":{"post_id":"4489","title":null,"description":null,"keywords":null,"keyphrases":null,"primary_term":null,"canonical_url":null,"og_title":null,"og_description":null,"og_object_type":"default","og_image_type":"default","og_image_url":null,"og_image_width":null,"og_image_height":null,"og_image_custom_url":null,"og_image_custom_fields":null,"og_video":null,"og_custom_url":null,"og_article_section":null,"og_article_tags":null,"twitter_use_og":false,"twitter_card":"default","twitter_image_type":"default","twitter_image_url":null,"twitter_image_custom_url":null,"twitter_image_custom_fields":null,"twitter_title":null,"twitter_description":null,"schema":{"blockGraphs":[],"customGraphs":[],"default":{"data":{"Article":[],"Course":[],"Dataset":[],"FAQPage":[],"Movie":[],"Person":[],"Product":[],"ProductReview":[],"Car":[],"Recipe":[],"Service":[],"SoftwareApplication":[],"WebPage":[]},"graphName":"","isEnabled":true},"graphs":[]},"schema_type":"default","schema_type_options":null,"pillar_content":false,"robots_default":true,"robots_noindex":false,"robots_noarchive":false,"robots_nosnippet":false,"robots_nofollow":false,"robots_noimageindex":false,"robots_noodp":false,"robots_notranslate":false,"robots_max_snippet":null,"robots_max_videopreview":null,"robots_max_imagepreview":"large","priority":null,"frequency":null,"local_seo":null,"seo_analyzer_scan_date":"2026-05-13 02:30:37","breadcrumb_settings":null,"limit_modified_date":false,"reviewed_by":null,"open_ai":null,"ai":null,"created":"2025-04-09 17:42:42","updated":"2026-05-13 02:30:37","focus_keyword":null,"additional_keywords":null,"truseo_locale":null},"aioseo_breadcrumb":"<div class=\"aioseo-breadcrumbs\"><span class=\"aioseo-breadcrumb\">\n\t<a href=\"https:\/\/www.teatrulreginamaria.ro\/hu\" title=\"Home\">Home<\/a>\n<\/span><span class=\"aioseo-breadcrumb-separator\">&raquo;<\/span><span class=\"aioseo-breadcrumb\">\n\t<a href=\"https:\/\/www.teatrulreginamaria.ro\/hu\/categorie\/noutati\/\" title=\"Nout\u0103\u021bi\">Nout\u0103\u021bi<\/a>\n<\/span><span class=\"aioseo-breadcrumb-separator\">&raquo;<\/span><span class=\"aioseo-breadcrumb\">\n\t<a href=\"https:\/\/www.teatrulreginamaria.ro\/hu\/categorie\/noutati\/noutati-trupa-iosif-vulcan\/\" title=\"Nout\u0103\u021bi - Trupa Iosif Vulcan\">Nout\u0103\u021bi - Trupa Iosif Vulcan<\/a>\n<\/span><span class=\"aioseo-breadcrumb-separator\">&raquo;<\/span><span class=\"aioseo-breadcrumb\">\n\tActorul R\u0103zvan Vicoveanu nominalizat la Premiile UNITER pentru rolul din spectacolul CRE\u0218TINI\n<\/span><\/div>","aioseo_breadcrumb_json":[{"label":"Home","link":"https:\/\/www.teatrulreginamaria.ro\/hu"},{"label":"Nout\u0103\u021bi","link":"https:\/\/www.teatrulreginamaria.ro\/hu\/categorie\/noutati\/"},{"label":"Nout\u0103\u021bi - Trupa Iosif Vulcan","link":"https:\/\/www.teatrulreginamaria.ro\/hu\/categorie\/noutati\/noutati-trupa-iosif-vulcan\/"},{"label":"Actorul R\u0103zvan Vicoveanu nominalizat la Premiile UNITER pentru rolul din spectacolul CRE\u0218TINI","link":"https:\/\/www.teatrulreginamaria.ro\/hu\/actorul-razvan-vicoveanu-nominalizat-la-premiile-uniter-pentru-rolul-din-spectacolul-crestini\/"}],"acf":[],"_links":{"self":[{"href":"https:\/\/www.teatrulreginamaria.ro\/hu\/wp-json\/wp\/v2\/posts\/4489","targetHints":{"allow":["GET"]}}],"collection":[{"href":"https:\/\/www.teatrulreginamaria.ro\/hu\/wp-json\/wp\/v2\/posts"}],"about":[{"href":"https:\/\/www.teatrulreginamaria.ro\/hu\/wp-json\/wp\/v2\/types\/post"}],"author":[{"embeddable":true,"href":"https:\/\/www.teatrulreginamaria.ro\/hu\/wp-json\/wp\/v2\/users\/6"}],"replies":[{"embeddable":true,"href":"https:\/\/www.teatrulreginamaria.ro\/hu\/wp-json\/wp\/v2\/comments?post=4489"}],"version-history":[{"count":0,"href":"https:\/\/www.teatrulreginamaria.ro\/hu\/wp-json\/wp\/v2\/posts\/4489\/revisions"}],"wp:featuredmedia":[{"embeddable":true,"href":"https:\/\/www.teatrulreginamaria.ro\/hu\/wp-json\/wp\/v2\/media\/4487"}],"wp:attachment":[{"href":"https:\/\/www.teatrulreginamaria.ro\/hu\/wp-json\/wp\/v2\/media?parent=4489"}],"wp:term":[{"taxonomy":"category","embeddable":true,"href":"https:\/\/www.teatrulreginamaria.ro\/hu\/wp-json\/wp\/v2\/categories?post=4489"},{"taxonomy":"post_tag","embeddable":true,"href":"https:\/\/www.teatrulreginamaria.ro\/hu\/wp-json\/wp\/v2\/tags?post=4489"}],"curies":[{"name":"munkaf\u00fczet","href":"https:\/\/api.w.org\/{rel}","templated":true}]}}