{"id":4495,"date":"2020-03-02T11:43:55","date_gmt":"2020-03-02T11:43:55","guid":{"rendered":"https:\/\/teatrulreginamaria.ro\/2020\/03\/02\/un-recital-de-muzica-si-poezie-la-teatrul-regina-maria-voci-de-primavara\/"},"modified":"2020-03-02T11:43:55","modified_gmt":"2020-03-02T11:43:55","slug":"zenei-es-kolteszeti-eloadas-a-queen-maria-szinhazban-a-tavasz-hangjai-cimu-musorban","status":"publish","type":"post","link":"https:\/\/www.teatrulreginamaria.ro\/hu\/un-recital-de-muzica-si-poezie-la-teatrul-regina-maria-voci-de-primavara\/","title":{"rendered":"Zenei \u00e9s k\u00f6lt\u00e9szeti est a Regina Maria Sz\u00ednh\u00e1zban \u2013 A TAVASZ HANGJAI"},"content":{"rendered":"<p>\u00a0A Regina Maria Sz\u00ednh\u00e1z megtiszteltet\u00e9sben r\u00e9szes\u00edti \u00d6nt egy k\u00fcl\u00f6nleges zenei estre, amelyre m\u00e1rcius 4-\u00e9n, szerd\u00e1n 18:30-kor ker\u00fcl sor az Arcadia Hallban: a &quot;Tavaszi hangok&quot; c\u00edm\u0171 el\u0151ad\u00e1sra.<\/p>\n<p>Gabriela Codrea sz\u00edn\u00e9szn\u0151 hangja kalauzol minket a l\u00edrai univerzumon kereszt\u00fcl, aki Cristian B\u0103dili\u021b\u0103 szerelmes dalsz\u00f6vegeib\u0151l sz\u00e1rmaz\u00f3 verseket szaval, melyeket harmonikusan k\u00eds\u00e9r majd Alina Ro\u0219ca szopr\u00e1n \u00e9s Vlad David bariton hangja egy \u00e9rzelmekkel teli esem\u00e9nyen, melyen a k\u00f6lt\u00e9szet \u00e9s a zene p\u00e1rbesz\u00e9de meleg \u00e9s pozit\u00edv l\u00e9gk\u00f6rt teremt.<\/p>\n<p><!--more--><\/p>\n<p>A k\u00f6vetkez\u0151 c\u00edmek szerepelnek majd Alina Ro\u0219ca szopr\u00e1n reperto\u00e1rj\u00e1ban:<\/p>\n<ul>\n<li>\u201eTal\u00e1n nem szeretn\u00e9nk annyira\u201d \u2013 Mauriciu Vescan<\/li>\n<li>\u201e\u00c9n vagyok a post\u00e1sn\u0151, Cristinel\u201d \u2013 \u00e1ria C. Zeller \u201eA mad\u00e1r\u00e1rus\u201d c\u00edm\u0171 operettj\u00e9b\u0151l<\/li>\n<li>\u201eKedves \u00e1lmokb\u00f3l, versekb\u0151l...\u201d \u2013 Sabin P\u0103u\u021ba<\/li>\n<li>\u201e&quot;Torna a Surriento&quot; - E. De Curtis<\/li>\n<li>Francis Poulenc \u201eTel jour, telle nuit\u201d c\u00edm\u0171 dalciklusa<\/li>\n<li>\u201e&quot;Zene&quot; George Grigoriu &quot;A Duna hull\u00e1mai&quot; operettj\u00e9b\u0151l<\/li>\n<\/ul>\n<p>A bariton David Vlad fell\u00e9p:<\/p>\n<ul>\n<li>\u201eP. Tosti \u201eIde\u00e1lok\u201d<\/li>\n<li>\u201eVasile Popovici \u201dV\u00e1gy\u201d c\u00edm\u0171 m\u0171ve<\/li>\n<\/ul>\n<p>K\u00eds\u00e9r\u0151j\u00fck lesz Henrietta Varady, aki Erik Satie \u2013 Gnossiene No. 1, 2, 3 c\u00edm\u0171 m\u0171v\u00e9t j\u00e1tssza zongor\u00e1n.<\/p>\n<p>Jegyek kaphat\u00f3k a Sz\u00ednh\u00e1zi Jegyirod\u00e1ban keddt\u0151l p\u00e9ntekig 10:00 \u00e9s 19:00 \u00f3ra k\u00f6z\u00f6tt, szombaton pedig 10:00 \u00e9s 13:00 \u00f3ra k\u00f6z\u00f6tt. Jegyek az el\u0151ad\u00e1s kezdete el\u0151tt egy \u00f3r\u00e1val vagy online is megv\u00e1s\u00e1rolhat\u00f3k a k\u00f6vetkez\u0151 c\u00edmen: <u>www.bilete.ro<\/u>. Tov\u00e1bbi inform\u00e1ci\u00f3\u00e9rt \u00e9s jegyfoglal\u00e1s\u00e9rt k\u00e9rj\u00fck, h\u00edvja a 0359\/411.570-es telefonsz\u00e1mot.<\/p>\n<p>V\u00e1runk a sz\u00ednh\u00e1zban!<\/p>\n<p>___________________________________________<\/p>\n<p>Ramona Gabriela Nemes<br \/>PR-titk\u00e1r<\/p>","protected":false},"excerpt":{"rendered":"<p>\u00a0Teatrul Regina Maria are onoarea de a v\u0103 invita la o serat\u0103 muzical\u0103 deosebit\u0103, care va avea loc miercuri, 4 martie, de la ora 18:30, la Sala Arcadia: spectacolul-recital \u201eVoci de prim\u0103var\u0103\u201d. Vom c\u0103l\u0103tori prin universul liric ghida\u021bi de vocea actri\u021bei Gabriela Codrea, care va recita poezii din lirica de dragoste a lui Cristian B\u0103dili\u021b\u0103, [&hellip;]<\/p>\n","protected":false},"author":6,"featured_media":4492,"comment_status":"open","ping_status":"open","sticky":false,"template":"","format":"standard","meta":{"_acf_changed":false,"footnotes":""},"categories":[22],"tags":[],"class_list":["post-4495","post","type-post","status-publish","format-standard","has-post-thumbnail","hentry","category-noutati-trupa-iosif-vulcan"],"aioseo_notices":[],"aioseo_head":"\n\t\t<!-- All in One SEO Pro 5.0.1.1 - aioseo.com -->\n\t<meta name=\"description\" content=\"Teatrul Regina Maria are onoarea de a v\u0103 invita la o serat\u0103 muzical\u0103 deosebit\u0103, care va avea loc miercuri, 4 martie, de la ora 18:30, la Sala Arcadia: spectacolul-recital \u201eVoci de prim\u0103var\u0103\u201d. Vom c\u0103l\u0103tori prin universul liric ghida\u021bi de vocea actri\u021bei Gabriela Codrea, care va recita poezii din lirica de dragoste a lui Cristian B\u0103dili\u021b\u0103,\" \/>\n\t<meta name=\"robots\" content=\"max-image-preview:large\" \/>\n\t<meta name=\"author\" content=\"Teatrul Regina Maria\"\/>\n\t<link rel=\"canonical\" href=\"https:\/\/www.teatrulreginamaria.ro\/hu\/un-recital-de-muzica-si-poezie-la-teatrul-regina-maria-voci-de-primavara\/\" \/>\n\t<meta name=\"generator\" content=\"All in One SEO Pro (AIOSEO) 5.0.1.1\" \/>\n\t\t<meta property=\"og:locale\" content=\"hu_HU\" \/>\n\t\t<meta property=\"og:site_name\" content=\"Teatrul Regina Maria Oradea - Trupa Iosif Vulcan \u0219i Trupa Arcadia\" \/>\n\t\t<meta property=\"og:type\" content=\"article\" \/>\n\t\t<meta property=\"og:title\" content=\"Recital de muzic\u0103 \u0219i poezie la Teatrul Regina Maria \u2013 VOCI DE PRIM\u0102VAR\u0102 - Teatrul Regina Maria Oradea\" \/>\n\t\t<meta property=\"og:description\" content=\"Teatrul Regina Maria are onoarea de a v\u0103 invita la o serat\u0103 muzical\u0103 deosebit\u0103, care va avea loc miercuri, 4 martie, de la ora 18:30, la Sala Arcadia: spectacolul-recital \u201eVoci de prim\u0103var\u0103\u201d. Vom c\u0103l\u0103tori prin universul liric ghida\u021bi de vocea actri\u021bei Gabriela Codrea, care va recita poezii din lirica de dragoste a lui Cristian B\u0103dili\u021b\u0103,\" \/>\n\t\t<meta property=\"og:url\" content=\"https:\/\/www.teatrulreginamaria.ro\/hu\/un-recital-de-muzica-si-poezie-la-teatrul-regina-maria-voci-de-primavara\/\" \/>\n\t\t<meta property=\"og:image\" content=\"https:\/\/www.teatrulreginamaria.ro\/wp-content\/uploads\/2025\/03\/trm-istoric-01.jpg\" \/>\n\t\t<meta property=\"og:image:secure_url\" content=\"https:\/\/www.teatrulreginamaria.ro\/wp-content\/uploads\/2025\/03\/trm-istoric-01.jpg\" \/>\n\t\t<meta property=\"og:image:width\" content=\"1200\" \/>\n\t\t<meta property=\"og:image:height\" content=\"800\" \/>\n\t\t<meta property=\"article:published_time\" content=\"2020-03-02T11:43:55+00:00\" \/>\n\t\t<meta property=\"article:modified_time\" content=\"2020-03-02T11:43:55+00:00\" \/>\n\t\t<meta property=\"article:publisher\" content=\"https:\/\/www.facebook.com\/TRMTrupaIosifVulcan\/\" \/>\n\t\t<meta name=\"twitter:card\" content=\"summary_large_image\" \/>\n\t\t<meta name=\"twitter:site\" content=\"@TRMOradea\" \/>\n\t\t<meta name=\"twitter:title\" content=\"Recital de muzic\u0103 \u0219i poezie la Teatrul Regina Maria \u2013 VOCI DE PRIM\u0102VAR\u0102 - Teatrul Regina Maria Oradea\" \/>\n\t\t<meta name=\"twitter:description\" content=\"Teatrul Regina Maria are onoarea de a v\u0103 invita la o serat\u0103 muzical\u0103 deosebit\u0103, care va avea loc miercuri, 4 martie, de la ora 18:30, la Sala Arcadia: spectacolul-recital \u201eVoci de prim\u0103var\u0103\u201d. Vom c\u0103l\u0103tori prin universul liric ghida\u021bi de vocea actri\u021bei Gabriela Codrea, care va recita poezii din lirica de dragoste a lui Cristian B\u0103dili\u021b\u0103,\" \/>\n\t\t<meta name=\"twitter:creator\" content=\"@TRMOradea\" \/>\n\t\t<meta name=\"twitter:image\" content=\"https:\/\/www.teatrulreginamaria.ro\/wp-content\/uploads\/2025\/03\/trm-istoric-01.jpg\" \/>\n\t\t<script type=\"application\/ld+json\" class=\"aioseo-schema\">\n\t\t\t{\"@context\":\"https:\\\/\\\/schema.org\",\"@graph\":[{\"@type\":\"BlogPosting\",\"@id\":\"https:\\\/\\\/www.teatrulreginamaria.ro\\\/hu\\\/un-recital-de-muzica-si-poezie-la-teatrul-regina-maria-voci-de-primavara\\\/#blogposting\",\"name\":\"Recital de muzic\\u0103 \\u0219i poezie la Teatrul Regina Maria \\u2013 VOCI DE PRIM\\u0102VAR\\u0102 - Teatrul Regina Maria Oradea\",\"headline\":\"Recital de muzic\\u0103 \\u0219i poezie la Teatrul Regina Maria &#8211; \\u00a0VOCI DE PRIM\\u0102VAR\\u0102\",\"author\":{\"@id\":\"https:\\\/\\\/www.teatrulreginamaria.ro\\\/hu\\\/author\\\/w3bmaster\\\/#author\"},\"publisher\":{\"@id\":\"https:\\\/\\\/www.teatrulreginamaria.ro\\\/hu\\\/#organization\"},\"image\":{\"@type\":\"ImageObject\",\"url\":\"https:\\\/\\\/www.teatrulreginamaria.ro\\\/wp-content\\\/uploads\\\/2020\\\/02\\\/Afis_Voci_de_primavara_modificat_IANIS_MIC-scaled.jpg\",\"width\":1810,\"height\":2560},\"datePublished\":\"2020-03-02T11:43:55+02:00\",\"dateModified\":\"2020-03-02T11:43:55+02:00\",\"inLanguage\":\"hu-HU\",\"mainEntityOfPage\":{\"@id\":\"https:\\\/\\\/www.teatrulreginamaria.ro\\\/hu\\\/un-recital-de-muzica-si-poezie-la-teatrul-regina-maria-voci-de-primavara\\\/#webpage\"},\"isPartOf\":{\"@id\":\"https:\\\/\\\/www.teatrulreginamaria.ro\\\/hu\\\/un-recital-de-muzica-si-poezie-la-teatrul-regina-maria-voci-de-primavara\\\/#webpage\"},\"articleSection\":\"Nout\\u0103\\u021bi - Trupa Iosif Vulcan\"},{\"@type\":\"BreadcrumbList\",\"@id\":\"https:\\\/\\\/www.teatrulreginamaria.ro\\\/hu\\\/un-recital-de-muzica-si-poezie-la-teatrul-regina-maria-voci-de-primavara\\\/#breadcrumblist\",\"itemListElement\":[{\"@type\":\"ListItem\",\"@id\":\"https:\\\/\\\/www.teatrulreginamaria.ro\\\/hu#listItem\",\"position\":1,\"name\":\"Home\",\"item\":\"https:\\\/\\\/www.teatrulreginamaria.ro\\\/hu\",\"nextItem\":{\"@type\":\"ListItem\",\"@id\":\"https:\\\/\\\/www.teatrulreginamaria.ro\\\/hu\\\/categorie\\\/noutati\\\/#listItem\",\"name\":\"Nout\\u0103\\u021bi\"}},{\"@type\":\"ListItem\",\"@id\":\"https:\\\/\\\/www.teatrulreginamaria.ro\\\/hu\\\/categorie\\\/noutati\\\/#listItem\",\"position\":2,\"name\":\"Nout\\u0103\\u021bi\",\"item\":\"https:\\\/\\\/www.teatrulreginamaria.ro\\\/hu\\\/categorie\\\/noutati\\\/\",\"nextItem\":{\"@type\":\"ListItem\",\"@id\":\"https:\\\/\\\/www.teatrulreginamaria.ro\\\/hu\\\/categorie\\\/noutati\\\/noutati-trupa-iosif-vulcan\\\/#listItem\",\"name\":\"Nout\\u0103\\u021bi - Trupa Iosif Vulcan\"},\"previousItem\":{\"@type\":\"ListItem\",\"@id\":\"https:\\\/\\\/www.teatrulreginamaria.ro\\\/hu#listItem\",\"name\":\"Home\"}},{\"@type\":\"ListItem\",\"@id\":\"https:\\\/\\\/www.teatrulreginamaria.ro\\\/hu\\\/categorie\\\/noutati\\\/noutati-trupa-iosif-vulcan\\\/#listItem\",\"position\":3,\"name\":\"Nout\\u0103\\u021bi - Trupa Iosif Vulcan\",\"item\":\"https:\\\/\\\/www.teatrulreginamaria.ro\\\/hu\\\/categorie\\\/noutati\\\/noutati-trupa-iosif-vulcan\\\/\",\"nextItem\":{\"@type\":\"ListItem\",\"@id\":\"https:\\\/\\\/www.teatrulreginamaria.ro\\\/hu\\\/un-recital-de-muzica-si-poezie-la-teatrul-regina-maria-voci-de-primavara\\\/#listItem\",\"name\":\"Recital de muzic\\u0103 \\u0219i poezie la Teatrul Regina Maria &#8211; \\u00a0VOCI DE PRIM\\u0102VAR\\u0102\"},\"previousItem\":{\"@type\":\"ListItem\",\"@id\":\"https:\\\/\\\/www.teatrulreginamaria.ro\\\/hu\\\/categorie\\\/noutati\\\/#listItem\",\"name\":\"Nout\\u0103\\u021bi\"}},{\"@type\":\"ListItem\",\"@id\":\"https:\\\/\\\/www.teatrulreginamaria.ro\\\/hu\\\/un-recital-de-muzica-si-poezie-la-teatrul-regina-maria-voci-de-primavara\\\/#listItem\",\"position\":4,\"name\":\"Recital de muzic\\u0103 \\u0219i poezie la Teatrul Regina Maria &#8211; \\u00a0VOCI DE PRIM\\u0102VAR\\u0102\",\"previousItem\":{\"@type\":\"ListItem\",\"@id\":\"https:\\\/\\\/www.teatrulreginamaria.ro\\\/hu\\\/categorie\\\/noutati\\\/noutati-trupa-iosif-vulcan\\\/#listItem\",\"name\":\"Nout\\u0103\\u021bi - Trupa Iosif Vulcan\"}}]},{\"@type\":\"Organization\",\"@id\":\"https:\\\/\\\/www.teatrulreginamaria.ro\\\/hu\\\/#organization\",\"name\":\"Teatrul Regina Maria Oradea\",\"description\":\"Trupa Iosif Vulcan \\u0219i Trupa Arcadia\",\"url\":\"https:\\\/\\\/www.teatrulreginamaria.ro\\\/hu\\\/\",\"email\":\"marketing@teatrulreginamaria.ro\",\"telephone\":\"+40359411534\",\"numberOfEmployees\":{\"@type\":\"QuantitativeValue\",\"minValue\":0,\"maxValue\":150},\"logo\":{\"@type\":\"ImageObject\",\"url\":\"https:\\\/\\\/www.teatrulreginamaria.ro\\\/wp-content\\\/uploads\\\/2025\\\/06\\\/logo-trm-01-dark.png\",\"@id\":\"https:\\\/\\\/www.teatrulreginamaria.ro\\\/hu\\\/un-recital-de-muzica-si-poezie-la-teatrul-regina-maria-voci-de-primavara\\\/#organizationLogo\",\"width\":300,\"height\":148},\"image\":{\"@id\":\"https:\\\/\\\/www.teatrulreginamaria.ro\\\/hu\\\/un-recital-de-muzica-si-poezie-la-teatrul-regina-maria-voci-de-primavara\\\/#organizationLogo\"},\"sameAs\":[\"https:\\\/\\\/www.facebook.com\\\/TRMTrupaIosifVulcan\\\/\",\"https:\\\/\\\/x.com\\\/TRMOradea\",\"https:\\\/\\\/www.instagram.com\\\/teatrul_regina_maria\\\/\",\"https:\\\/\\\/www.youtube.com\\\/c\\\/TeatrulReginaMariaOradea\",\"https:\\\/\\\/www.linkedin.com\\\/company\\\/teatrul-regina-maria\"]},{\"@type\":\"Person\",\"@id\":\"https:\\\/\\\/www.teatrulreginamaria.ro\\\/hu\\\/author\\\/w3bmaster\\\/#author\",\"url\":\"https:\\\/\\\/www.teatrulreginamaria.ro\\\/hu\\\/author\\\/w3bmaster\\\/\",\"name\":\"Teatrul Regina Maria\",\"image\":{\"@type\":\"ImageObject\",\"@id\":\"https:\\\/\\\/www.teatrulreginamaria.ro\\\/hu\\\/un-recital-de-muzica-si-poezie-la-teatrul-regina-maria-voci-de-primavara\\\/#authorImage\",\"url\":\"https:\\\/\\\/secure.gravatar.com\\\/avatar\\\/5884139d508ae3f0bafe45e60563b48a9640146d3b08ccc6278c305ff9329305?s=96&d=mm&r=g\",\"width\":96,\"height\":96,\"caption\":\"Teatrul Regina Maria\"}},{\"@type\":\"WebPage\",\"@id\":\"https:\\\/\\\/www.teatrulreginamaria.ro\\\/hu\\\/un-recital-de-muzica-si-poezie-la-teatrul-regina-maria-voci-de-primavara\\\/#webpage\",\"url\":\"https:\\\/\\\/www.teatrulreginamaria.ro\\\/hu\\\/un-recital-de-muzica-si-poezie-la-teatrul-regina-maria-voci-de-primavara\\\/\",\"name\":\"Recital de muzic\\u0103 \\u0219i poezie la Teatrul Regina Maria \\u2013 VOCI DE PRIM\\u0102VAR\\u0102 - Teatrul Regina Maria Oradea\",\"description\":\"Teatrul Regina Maria are onoarea de a v\\u0103 invita la o serat\\u0103 muzical\\u0103 deosebit\\u0103, care va avea loc miercuri, 4 martie, de la ora 18:30, la Sala Arcadia: spectacolul-recital \\u201eVoci de prim\\u0103var\\u0103\\u201d. Vom c\\u0103l\\u0103tori prin universul liric ghida\\u021bi de vocea actri\\u021bei Gabriela Codrea, care va recita poezii din lirica de dragoste a lui Cristian B\\u0103dili\\u021b\\u0103,\",\"inLanguage\":\"hu-HU\",\"isPartOf\":{\"@id\":\"https:\\\/\\\/www.teatrulreginamaria.ro\\\/hu\\\/#website\"},\"breadcrumb\":{\"@id\":\"https:\\\/\\\/www.teatrulreginamaria.ro\\\/hu\\\/un-recital-de-muzica-si-poezie-la-teatrul-regina-maria-voci-de-primavara\\\/#breadcrumblist\"},\"author\":{\"@id\":\"https:\\\/\\\/www.teatrulreginamaria.ro\\\/hu\\\/author\\\/w3bmaster\\\/#author\"},\"creator\":{\"@id\":\"https:\\\/\\\/www.teatrulreginamaria.ro\\\/hu\\\/author\\\/w3bmaster\\\/#author\"},\"image\":{\"@type\":\"ImageObject\",\"url\":\"https:\\\/\\\/www.teatrulreginamaria.ro\\\/wp-content\\\/uploads\\\/2020\\\/02\\\/Afis_Voci_de_primavara_modificat_IANIS_MIC-scaled.jpg\",\"@id\":\"https:\\\/\\\/www.teatrulreginamaria.ro\\\/hu\\\/un-recital-de-muzica-si-poezie-la-teatrul-regina-maria-voci-de-primavara\\\/#mainImage\",\"width\":1810,\"height\":2560},\"primaryImageOfPage\":{\"@id\":\"https:\\\/\\\/www.teatrulreginamaria.ro\\\/hu\\\/un-recital-de-muzica-si-poezie-la-teatrul-regina-maria-voci-de-primavara\\\/#mainImage\"},\"datePublished\":\"2020-03-02T11:43:55+02:00\",\"dateModified\":\"2020-03-02T11:43:55+02:00\"},{\"@type\":\"WebSite\",\"@id\":\"https:\\\/\\\/www.teatrulreginamaria.ro\\\/hu\\\/#website\",\"url\":\"https:\\\/\\\/www.teatrulreginamaria.ro\\\/hu\\\/\",\"name\":\"Teatrul Regina Maria Oradea\",\"alternateName\":\"TRM Oradea\",\"description\":\"Trupa Iosif Vulcan \\u0219i Trupa Arcadia\",\"inLanguage\":\"hu-HU\",\"publisher\":{\"@id\":\"https:\\\/\\\/www.teatrulreginamaria.ro\\\/hu\\\/#organization\"}}]}\n\t\t<\/script>\n\t\t<!-- All in One SEO Pro -->\r\n\t\t<title>Recital de muzic\u0103 \u0219i poezie la Teatrul Regina Maria \u2013 VOCI DE PRIM\u0102VAR\u0102 - Teatrul Regina Maria Oradea<\/title>\n\n","aioseo_head_json":{"title":"Zenei \u00e9s k\u00f6lt\u00e9szeti est a Regina Maria Sz\u00ednh\u00e1zban \u2013 A TAVASZ HANGJAI - Regina Maria Sz\u00ednh\u00e1z Nagyv\u00e1rad","description":"A Regina Maria Sz\u00ednh\u00e1z megtiszteltet\u00e9sben r\u00e9szes\u00edti \u00d6nt egy k\u00fcl\u00f6nleges zenei est\u00e9re, amelyre m\u00e1rcius 4-\u00e9n, szerd\u00e1n 18:30-kor ker\u00fcl sor az Arcadia Teremben: a \u201eTavasz hangjai\u201d c\u00edm\u0171 el\u0151ad\u00e1sra. Gabriela Codrea sz\u00edn\u00e9szn\u0151 hangja kalauzol minket a l\u00edrai univerzumban, aki Cristian B\u0103dili\u021b\u0103 szerelmes dalsz\u00f6vegeib\u0151l sz\u00e1rmaz\u00f3 verseket szaval.,","canonical_url":"https:\/\/www.teatrulreginamaria.ro\/hu\/un-recital-de-muzica-si-poezie-la-teatrul-regina-maria-voci-de-primavara\/","robots":"max-image-preview:large","keywords":"","webmasterTools":{"miscellaneous":""},"schema":{"@context":"https:\/\/schema.org","@graph":[{"@type":"BlogPosting","@id":"https:\/\/www.teatrulreginamaria.ro\/hu\/un-recital-de-muzica-si-poezie-la-teatrul-regina-maria-voci-de-primavara\/#blogposting","name":"Recital de muzic\u0103 \u0219i poezie la Teatrul Regina Maria \u2013 VOCI DE PRIM\u0102VAR\u0102 - Teatrul Regina Maria Oradea","headline":"Recital de muzic\u0103 \u0219i poezie la Teatrul Regina Maria &#8211; \u00a0VOCI DE PRIM\u0102VAR\u0102","author":{"@id":"https:\/\/www.teatrulreginamaria.ro\/hu\/author\/w3bmaster\/#author"},"publisher":{"@id":"https:\/\/www.teatrulreginamaria.ro\/hu\/#organization"},"image":{"@type":"ImageObject","url":"https:\/\/www.teatrulreginamaria.ro\/wp-content\/uploads\/2020\/02\/Afis_Voci_de_primavara_modificat_IANIS_MIC-scaled.jpg","width":1810,"height":2560},"datePublished":"2020-03-02T11:43:55+02:00","dateModified":"2020-03-02T11:43:55+02:00","inLanguage":"hu-HU","mainEntityOfPage":{"@id":"https:\/\/www.teatrulreginamaria.ro\/hu\/un-recital-de-muzica-si-poezie-la-teatrul-regina-maria-voci-de-primavara\/#webpage"},"isPartOf":{"@id":"https:\/\/www.teatrulreginamaria.ro\/hu\/un-recital-de-muzica-si-poezie-la-teatrul-regina-maria-voci-de-primavara\/#webpage"},"articleSection":"Nout\u0103\u021bi - Trupa Iosif Vulcan"},{"@type":"BreadcrumbList","@id":"https:\/\/www.teatrulreginamaria.ro\/hu\/un-recital-de-muzica-si-poezie-la-teatrul-regina-maria-voci-de-primavara\/#breadcrumblist","itemListElement":[{"@type":"ListItem","@id":"https:\/\/www.teatrulreginamaria.ro\/hu#listItem","position":1,"name":"Home","item":"https:\/\/www.teatrulreginamaria.ro\/hu","nextItem":{"@type":"ListItem","@id":"https:\/\/www.teatrulreginamaria.ro\/hu\/categorie\/noutati\/#listItem","name":"Nout\u0103\u021bi"}},{"@type":"ListItem","@id":"https:\/\/www.teatrulreginamaria.ro\/hu\/categorie\/noutati\/#listItem","position":2,"name":"Nout\u0103\u021bi","item":"https:\/\/www.teatrulreginamaria.ro\/hu\/categorie\/noutati\/","nextItem":{"@type":"ListItem","@id":"https:\/\/www.teatrulreginamaria.ro\/hu\/categorie\/noutati\/noutati-trupa-iosif-vulcan\/#listItem","name":"Nout\u0103\u021bi - Trupa Iosif Vulcan"},"previousItem":{"@type":"ListItem","@id":"https:\/\/www.teatrulreginamaria.ro\/hu#listItem","name":"Home"}},{"@type":"ListItem","@id":"https:\/\/www.teatrulreginamaria.ro\/hu\/categorie\/noutati\/noutati-trupa-iosif-vulcan\/#listItem","position":3,"name":"Nout\u0103\u021bi - Trupa Iosif Vulcan","item":"https:\/\/www.teatrulreginamaria.ro\/hu\/categorie\/noutati\/noutati-trupa-iosif-vulcan\/","nextItem":{"@type":"ListItem","@id":"https:\/\/www.teatrulreginamaria.ro\/hu\/un-recital-de-muzica-si-poezie-la-teatrul-regina-maria-voci-de-primavara\/#listItem","name":"Recital de muzic\u0103 \u0219i poezie la Teatrul Regina Maria &#8211; \u00a0VOCI DE PRIM\u0102VAR\u0102"},"previousItem":{"@type":"ListItem","@id":"https:\/\/www.teatrulreginamaria.ro\/hu\/categorie\/noutati\/#listItem","name":"Nout\u0103\u021bi"}},{"@type":"ListItem","@id":"https:\/\/www.teatrulreginamaria.ro\/hu\/un-recital-de-muzica-si-poezie-la-teatrul-regina-maria-voci-de-primavara\/#listItem","position":4,"name":"Recital de muzic\u0103 \u0219i poezie la Teatrul Regina Maria &#8211; \u00a0VOCI DE PRIM\u0102VAR\u0102","previousItem":{"@type":"ListItem","@id":"https:\/\/www.teatrulreginamaria.ro\/hu\/categorie\/noutati\/noutati-trupa-iosif-vulcan\/#listItem","name":"Nout\u0103\u021bi - Trupa Iosif Vulcan"}}]},{"@type":"Organization","@id":"https:\/\/www.teatrulreginamaria.ro\/hu\/#organization","name":"Teatrul Regina Maria Oradea","description":"Trupa Iosif Vulcan \u0219i Trupa Arcadia","url":"https:\/\/www.teatrulreginamaria.ro\/hu\/","email":"marketing@teatrulreginamaria.ro","telephone":"+40359411534","numberOfEmployees":{"@type":"QuantitativeValue","minValue":0,"maxValue":150},"logo":{"@type":"ImageObject","url":"https:\/\/www.teatrulreginamaria.ro\/wp-content\/uploads\/2025\/06\/logo-trm-01-dark.png","@id":"https:\/\/www.teatrulreginamaria.ro\/hu\/un-recital-de-muzica-si-poezie-la-teatrul-regina-maria-voci-de-primavara\/#organizationLogo","width":300,"height":148},"image":{"@id":"https:\/\/www.teatrulreginamaria.ro\/hu\/un-recital-de-muzica-si-poezie-la-teatrul-regina-maria-voci-de-primavara\/#organizationLogo"},"sameAs":["https:\/\/www.facebook.com\/TRMTrupaIosifVulcan\/","https:\/\/x.com\/TRMOradea","https:\/\/www.instagram.com\/teatrul_regina_maria\/","https:\/\/www.youtube.com\/c\/TeatrulReginaMariaOradea","https:\/\/www.linkedin.com\/company\/teatrul-regina-maria"]},{"@type":"Person","@id":"https:\/\/www.teatrulreginamaria.ro\/hu\/author\/w3bmaster\/#author","url":"https:\/\/www.teatrulreginamaria.ro\/hu\/author\/w3bmaster\/","name":"Teatrul Regina Maria","image":{"@type":"ImageObject","@id":"https:\/\/www.teatrulreginamaria.ro\/hu\/un-recital-de-muzica-si-poezie-la-teatrul-regina-maria-voci-de-primavara\/#authorImage","url":"https:\/\/secure.gravatar.com\/avatar\/5884139d508ae3f0bafe45e60563b48a9640146d3b08ccc6278c305ff9329305?s=96&d=mm&r=g","width":96,"height":96,"caption":"Teatrul Regina Maria"}},{"@type":"WebPage","@id":"https:\/\/www.teatrulreginamaria.ro\/hu\/un-recital-de-muzica-si-poezie-la-teatrul-regina-maria-voci-de-primavara\/#webpage","url":"https:\/\/www.teatrulreginamaria.ro\/hu\/un-recital-de-muzica-si-poezie-la-teatrul-regina-maria-voci-de-primavara\/","name":"Recital de muzic\u0103 \u0219i poezie la Teatrul Regina Maria \u2013 VOCI DE PRIM\u0102VAR\u0102 - Teatrul Regina Maria Oradea","description":"Teatrul Regina Maria are onoarea de a v\u0103 invita la o serat\u0103 muzical\u0103 deosebit\u0103, care va avea loc miercuri, 4 martie, de la ora 18:30, la Sala Arcadia: spectacolul-recital \u201eVoci de prim\u0103var\u0103\u201d. Vom c\u0103l\u0103tori prin universul liric ghida\u021bi de vocea actri\u021bei Gabriela Codrea, care va recita poezii din lirica de dragoste a lui Cristian B\u0103dili\u021b\u0103,","inLanguage":"hu-HU","isPartOf":{"@id":"https:\/\/www.teatrulreginamaria.ro\/hu\/#website"},"breadcrumb":{"@id":"https:\/\/www.teatrulreginamaria.ro\/hu\/un-recital-de-muzica-si-poezie-la-teatrul-regina-maria-voci-de-primavara\/#breadcrumblist"},"author":{"@id":"https:\/\/www.teatrulreginamaria.ro\/hu\/author\/w3bmaster\/#author"},"creator":{"@id":"https:\/\/www.teatrulreginamaria.ro\/hu\/author\/w3bmaster\/#author"},"image":{"@type":"ImageObject","url":"https:\/\/www.teatrulreginamaria.ro\/wp-content\/uploads\/2020\/02\/Afis_Voci_de_primavara_modificat_IANIS_MIC-scaled.jpg","@id":"https:\/\/www.teatrulreginamaria.ro\/hu\/un-recital-de-muzica-si-poezie-la-teatrul-regina-maria-voci-de-primavara\/#mainImage","width":1810,"height":2560},"primaryImageOfPage":{"@id":"https:\/\/www.teatrulreginamaria.ro\/hu\/un-recital-de-muzica-si-poezie-la-teatrul-regina-maria-voci-de-primavara\/#mainImage"},"datePublished":"2020-03-02T11:43:55+02:00","dateModified":"2020-03-02T11:43:55+02:00"},{"@type":"WebSite","@id":"https:\/\/www.teatrulreginamaria.ro\/hu\/#website","url":"https:\/\/www.teatrulreginamaria.ro\/hu\/","name":"Teatrul Regina Maria Oradea","alternateName":"TRM Oradea","description":"Trupa Iosif Vulcan \u0219i Trupa Arcadia","inLanguage":"hu-HU","publisher":{"@id":"https:\/\/www.teatrulreginamaria.ro\/hu\/#organization"}}]},"og:locale":"hu_HU","og:site_name":"Teatrul Regina Maria Oradea - Trupa Iosif Vulcan \u0219i Trupa Arcadia","og:type":"article","og:title":"Recital de muzic\u0103 \u0219i poezie la Teatrul Regina Maria \u2013 VOCI DE PRIM\u0102VAR\u0102 - Teatrul Regina Maria Oradea","og:description":"Teatrul Regina Maria are onoarea de a v\u0103 invita la o serat\u0103 muzical\u0103 deosebit\u0103, care va avea loc miercuri, 4 martie, de la ora 18:30, la Sala Arcadia: spectacolul-recital \u201eVoci de prim\u0103var\u0103\u201d. Vom c\u0103l\u0103tori prin universul liric ghida\u021bi de vocea actri\u021bei Gabriela Codrea, care va recita poezii din lirica de dragoste a lui Cristian B\u0103dili\u021b\u0103,","og:url":"https:\/\/www.teatrulreginamaria.ro\/hu\/un-recital-de-muzica-si-poezie-la-teatrul-regina-maria-voci-de-primavara\/","og:image":"https:\/\/www.teatrulreginamaria.ro\/wp-content\/uploads\/2025\/03\/trm-istoric-01.jpg","og:image:secure_url":"https:\/\/www.teatrulreginamaria.ro\/wp-content\/uploads\/2025\/03\/trm-istoric-01.jpg","og:image:width":1200,"og:image:height":800,"article:published_time":"2020-03-02T11:43:55+00:00","article:modified_time":"2020-03-02T11:43:55+00:00","article:publisher":"https:\/\/www.facebook.com\/TRMTrupaIosifVulcan\/","twitter:card":"summary_large_image","twitter:site":"@TRMOradea","twitter:title":"Recital de muzic\u0103 \u0219i poezie la Teatrul Regina Maria \u2013 VOCI DE PRIM\u0102VAR\u0102 - Teatrul Regina Maria Oradea","twitter:description":"Teatrul Regina Maria are onoarea de a v\u0103 invita la o serat\u0103 muzical\u0103 deosebit\u0103, care va avea loc miercuri, 4 martie, de la ora 18:30, la Sala Arcadia: spectacolul-recital \u201eVoci de prim\u0103var\u0103\u201d. Vom c\u0103l\u0103tori prin universul liric ghida\u021bi de vocea actri\u021bei Gabriela Codrea, care va recita poezii din lirica de dragoste a lui Cristian B\u0103dili\u021b\u0103,","twitter:creator":"@TRMOradea","twitter:image":"https:\/\/www.teatrulreginamaria.ro\/wp-content\/uploads\/2025\/03\/trm-istoric-01.jpg"},"aioseo_meta_data":{"post_id":"4495","title":null,"description":null,"keywords":null,"keyphrases":null,"primary_term":null,"canonical_url":null,"og_title":null,"og_description":null,"og_object_type":"default","og_image_type":"default","og_image_url":null,"og_image_width":null,"og_image_height":null,"og_image_custom_url":null,"og_image_custom_fields":null,"og_video":null,"og_custom_url":null,"og_article_section":null,"og_article_tags":null,"twitter_use_og":false,"twitter_card":"default","twitter_image_type":"default","twitter_image_url":null,"twitter_image_custom_url":null,"twitter_image_custom_fields":null,"twitter_title":null,"twitter_description":null,"schema":{"blockGraphs":[],"customGraphs":[],"default":{"data":{"Article":[],"Course":[],"Dataset":[],"FAQPage":[],"Movie":[],"Person":[],"Product":[],"ProductReview":[],"Car":[],"Recipe":[],"Service":[],"SoftwareApplication":[],"WebPage":[]},"graphName":"","isEnabled":true},"graphs":[]},"schema_type":"default","schema_type_options":null,"pillar_content":false,"robots_default":true,"robots_noindex":false,"robots_noarchive":false,"robots_nosnippet":false,"robots_nofollow":false,"robots_noimageindex":false,"robots_noodp":false,"robots_notranslate":false,"robots_max_snippet":null,"robots_max_videopreview":null,"robots_max_imagepreview":"large","priority":null,"frequency":null,"local_seo":null,"seo_analyzer_scan_date":"2026-05-13 02:30:40","breadcrumb_settings":null,"limit_modified_date":false,"reviewed_by":null,"open_ai":null,"ai":null,"created":"2025-04-09 17:42:42","updated":"2026-05-13 02:30:40","focus_keyword":null,"additional_keywords":null,"truseo_locale":null},"aioseo_breadcrumb":"<div class=\"aioseo-breadcrumbs\"><span class=\"aioseo-breadcrumb\">\n\t<a href=\"https:\/\/www.teatrulreginamaria.ro\/hu\" title=\"Home\">Home<\/a>\n<\/span><span class=\"aioseo-breadcrumb-separator\">&raquo;<\/span><span class=\"aioseo-breadcrumb\">\n\t<a href=\"https:\/\/www.teatrulreginamaria.ro\/hu\/categorie\/noutati\/\" title=\"Nout\u0103\u021bi\">Nout\u0103\u021bi<\/a>\n<\/span><span class=\"aioseo-breadcrumb-separator\">&raquo;<\/span><span class=\"aioseo-breadcrumb\">\n\t<a href=\"https:\/\/www.teatrulreginamaria.ro\/hu\/categorie\/noutati\/noutati-trupa-iosif-vulcan\/\" title=\"Nout\u0103\u021bi - Trupa Iosif Vulcan\">Nout\u0103\u021bi - Trupa Iosif Vulcan<\/a>\n<\/span><span class=\"aioseo-breadcrumb-separator\">&raquo;<\/span><span class=\"aioseo-breadcrumb\">\n\tRecital de muzic\u0103 \u0219i poezie la Teatrul Regina Maria \u2013  VOCI DE PRIM\u0102VAR\u0102\n<\/span><\/div>","aioseo_breadcrumb_json":[{"label":"Home","link":"https:\/\/www.teatrulreginamaria.ro\/hu"},{"label":"Nout\u0103\u021bi","link":"https:\/\/www.teatrulreginamaria.ro\/hu\/categorie\/noutati\/"},{"label":"Nout\u0103\u021bi - Trupa Iosif Vulcan","link":"https:\/\/www.teatrulreginamaria.ro\/hu\/categorie\/noutati\/noutati-trupa-iosif-vulcan\/"},{"label":"Recital de muzic\u0103 \u0219i poezie la Teatrul Regina Maria &#8211; \u00a0VOCI DE PRIM\u0102VAR\u0102","link":"https:\/\/www.teatrulreginamaria.ro\/hu\/un-recital-de-muzica-si-poezie-la-teatrul-regina-maria-voci-de-primavara\/"}],"acf":[],"_links":{"self":[{"href":"https:\/\/www.teatrulreginamaria.ro\/hu\/wp-json\/wp\/v2\/posts\/4495","targetHints":{"allow":["GET"]}}],"collection":[{"href":"https:\/\/www.teatrulreginamaria.ro\/hu\/wp-json\/wp\/v2\/posts"}],"about":[{"href":"https:\/\/www.teatrulreginamaria.ro\/hu\/wp-json\/wp\/v2\/types\/post"}],"author":[{"embeddable":true,"href":"https:\/\/www.teatrulreginamaria.ro\/hu\/wp-json\/wp\/v2\/users\/6"}],"replies":[{"embeddable":true,"href":"https:\/\/www.teatrulreginamaria.ro\/hu\/wp-json\/wp\/v2\/comments?post=4495"}],"version-history":[{"count":0,"href":"https:\/\/www.teatrulreginamaria.ro\/hu\/wp-json\/wp\/v2\/posts\/4495\/revisions"}],"wp:featuredmedia":[{"embeddable":true,"href":"https:\/\/www.teatrulreginamaria.ro\/hu\/wp-json\/wp\/v2\/media\/4492"}],"wp:attachment":[{"href":"https:\/\/www.teatrulreginamaria.ro\/hu\/wp-json\/wp\/v2\/media?parent=4495"}],"wp:term":[{"taxonomy":"category","embeddable":true,"href":"https:\/\/www.teatrulreginamaria.ro\/hu\/wp-json\/wp\/v2\/categories?post=4495"},{"taxonomy":"post_tag","embeddable":true,"href":"https:\/\/www.teatrulreginamaria.ro\/hu\/wp-json\/wp\/v2\/tags?post=4495"}],"curies":[{"name":"munkaf\u00fczet","href":"https:\/\/api.w.org\/{rel}","templated":true}]}}