{"id":4514,"date":"2019-05-14T12:11:50","date_gmt":"2019-05-14T12:11:50","guid":{"rendered":"https:\/\/teatrulreginamaria.ro\/2019\/05\/14\/avalansa-sau-frica-ce-ti-ingheata-ratiunea-un-spectacol-exceptional-la-festivalul-de-teatru-nou-14-mai-2019-raluca-medeleanu-specialarad-ro\/"},"modified":"2019-05-14T12:11:50","modified_gmt":"2019-05-14T12:11:50","slug":"lavina-avagy-a-felelem-ami-megfagyasztja-az-ertelmedet-kiveteles-eloadas-a-nou-teatr-fesztivalon-2019-majus-14-raluca-medeleanu-specialarad-ro","status":"publish","type":"post","link":"https:\/\/www.teatrulreginamaria.ro\/hu\/avalansa-sau-frica-ce-ti-ingheata-ratiunea-un-spectacol-exceptional-la-festivalul-de-teatru-nou-14-mai-2019-raluca-medeleanu-specialarad-ro\/","title":{"rendered":"lavina: 2019. m\u00e1jus 14. \u2013 Raluca Medeleanu (specialarad.ro)"},"content":{"rendered":"<p style=\"text-align: justify;\">\u00cdrta: Raluca Medeleanu<br \/>Innen vett\u00fck: <a href=\"https:\/\/specialarad.ro\/avalansa-sau-frica-ce-ti-ingheata-ratiunea-un-spectacol-exceptional-la-festivalul-de-teatru-nou\/\">www.specialarad.ro<\/a><\/p>\n<p style=\"text-align: justify;\">A k\u00f6z\u00f6ns\u00e9gnek \u00e1tadott ruh\u00e1k \u2013 feh\u00e9r csizm\u00e1k \u00e9s tal\u00e1rok \u2013 automatikusan el\u0151revet\u00edtett\u00e9k az el\u0151ad\u00e1s egyik f\u0151 t\u00e9m\u00e1j\u00e1t: a sz\u00fclet\u00e9st, de egy steril, z\u00e1rt k\u00f6rnyezet gondolat\u00e1t is, amelyben az ember valami idegen, betolakod\u00f3, akinek jelenl\u00e9te l\u00e1tsz\u00f3lag nem sz\u00e1m\u00edt, nincs helye. Ahogy a k\u00f6z\u00f6ns\u00e9g a d\u00edszlet r\u00e9sz\u00e9v\u00e9 v\u00e1lt, \u00fagy az el\u0151ad\u00e1sban bemutatott k\u00f6z\u00f6ss\u00e9g tagjai is elvesztek a d\u00edszletben, sz\u00e1nd\u00e9kosan \u201enem l\u00e9tez\u0151v\u00e9\u201d v\u00e1ltak, att\u00f3l tartva, hogy a term\u00e9szet sz\u00f3 szerint eggy\u00e9 teszi \u0151ket vele.<\/p>\n<p style=\"text-align: justify;\">Az \u201eAvalan\u0219a\u201d c\u00edm\u0171 el\u0151ad\u00e1st, amelyet a nagyv\u00e1radi \u201eRegina Maria\u201d Sz\u00ednh\u00e1z hozott el a Nemzetk\u00f6zi \u00daj Sz\u00ednh\u00e1zi Fesztiv\u00e1lra, a j\u00f3l ismert Petru Vutc\u0103r\u0103u rendezte, \u00e9s meglep\u0151 m\u00f3don igaz t\u00f6rt\u00e9neten alapul. Egy elfeledett kis hegyi faluban Kelet-Anat\u00f3li\u00e1ban (Kis-\u00c1zsia) az embereknek csak \u00e9vi 3 h\u00f3napig szabad zajonganiuk, a t\u00f6bbi id\u0151ben k\u00e9nytelenek csendben \u00e9lni, mert a legkisebb zaj is lavin\u00e1t ind\u00edthat el, amely meg\u00f6lheti \u0151ket.<\/p>\n<p><!--more--><\/p>\n<p style=\"text-align: justify;\">A sorozat ebb\u0151l az alapfeltev\u00e9sb\u0151l indul ki, de a val\u00f3di t\u00f6rt\u00e9net csup\u00e1n egy kiindul\u00f3pont a f\u00e9lelem \u00e9rz\u00e9se k\u00f6r\u00fcl kering\u0151 filoz\u00f3fiai gondolatok sz\u00e1m\u00e1ra. A hal\u00e1lf\u00e9lelem, a v\u00e1ltoz\u00e1st\u00f3l val\u00f3 f\u00e9lelem...<\/p>\n<p style=\"text-align: justify;\">Amikor az emberek szembes\u00fclnek a term\u00e9szet kegyetlens\u00e9geivel, az \u00e1llat-ember \u0151s\u00e1llapot\u00e1ba esnek, akinek minden\u00e1ron meg kell v\u00e9denie a falk\u00e1j\u00e1t. \u00c9s akkor mi jelent\u0151s\u00e9ge lehet egyetlen ember \u00e9let\u00e9nek az eg\u00e9sz k\u00f6z\u00f6ss\u00e9g \u00e9let\u00e9vel szemben? Lavinavesz\u00e9ly idej\u00e9n teljes csendnek kell lennie. Teh\u00e1t egy sz\u00fclni k\u00e9sz\u00fcl\u0151 n\u0151nek nincs helye ilyen k\u00f6rnyezetben. Sem \u0151, sem a gyermek t\u00fal nagy zajt csap. Egyetlen \u00e9let fontoss\u00e1ga elt\u00f6rp\u00fcl t\u00f6bb tucat, vagy ak\u00e1r t\u00f6bb sz\u00e1z \u00e9let megment\u00e9s\u00e9nek fontoss\u00e1g\u00e1hoz k\u00e9pest. A f\u00e9lelem szigor\u00fa t\u00f6rv\u00e9nyeket gener\u00e1l, \u00e9s a sz\u00fclet\u00e9seket szigor\u00faan ellen\u0151rzik. Csak a zaj 3 h\u00f3napja alatt t\u00f6rt\u00e9nhetnek meg, \u00e9s aki nem tartja be ezeket... azt el kell hallgattatni.<\/p>\n<p style=\"text-align: justify;\">Amikor \u00e1lland\u00f3 f\u00e9lelemben \u00e9lsz, \u00e9s az \u00e9letedet olyan vezet\u0151k kez\u00e9be adod, akik szint\u00e9n vakon k\u00f6vetik a r\u00e9g\u00f3ta \u00edrott szab\u00e1lyokat, amelyek l\u00e1tsz\u00f3lag mindig is v\u00e9dt\u00e9k \u0151ket, van-e m\u00e9g b\u00e1tors\u00e1god ki\u00e1llni \u00e9s tiltakozni, amikor \u00fagy \u00e9rzed, hogy ezek a szab\u00e1lyok is hib\u00e1zhatnak? Vagy a f\u00e9lelem teljesen lefagyasztja a torkodat \u00e9s az eszedet? Akik nem \u00e9rtenek egyet a szab\u00e1lyokkal, fel\u00e1llnak \u00e9s elmennek. Ahogy a falu v\u00e9nei megjegyezt\u00e9k: &quot;A fiatalok m\u00e1sok. Elmennek, \u00e9s soha nem j\u00f6nnek vissza.&quot; Akik m\u00e9g mindig ott akarnak \u00e9lni... A csend lassan elveszi az embers\u00e9g minden nyom\u00e1t. Vannak, akik j\u00e9gt\u00e1bl\u00e1kk\u00e1 v\u00e1lnak. M\u00e1sok elvesz\u00edtik az esz\u00fcket... De mi t\u00f6rt\u00e9nik azokkal, akiknek van b\u00e1tors\u00e1guk megv\u00e1ltoztatni r\u00e9gi mentalit\u00e1sukat, szemben\u00e9zni a vesz\u00e9llyel, kock\u00e1zatot v\u00e1llalni \u00e9s megk\u00e9rd\u0151jelezni a t\u00f6rv\u00e9nyeket? Vajon siker\u00fcl-e emelt f\u0151vel \u00e1tv\u00e9szelni\u00fck, vagy \u00f6r\u00f6kre elnyeli \u0151ket a h\u00f3?<\/p>\n<p style=\"text-align: justify;\">A t\u00f6r\u00f6k dr\u00e1ma\u00edr\u00f3, Tuncer Cucenoglu \u00e1ltal \u00edrt m\u00e9lyrehat\u00f3 forgat\u00f3k\u00f6nyv a szerepl\u0151ket \u00e9letre kelt\u0151 sz\u00edn\u00e9szek tehets\u00e9g\u00e9nek (akiknek suttogva, a homlokukhoz szor\u00edtott mikrofon seg\u00edts\u00e9g\u00e9vel kellett elmondaniuk a sz\u00f6veg\u00fcket!), a zavarba ejt\u0151 zen\u00e9nek \u00e9s a kiv\u00e9teles, minim\u00e1lis, de hat\u00e1sos d\u00edszletnek k\u00f6sz\u00f6nhet\u0151en sz\u00fcletett meg, amely ink\u00e1bb a h\u00f3 vak\u00edt\u00f3 feh\u00e9rs\u00e9g\u00e9re \u00e9s a reflektorf\u00e9nyekre, a k\u00e9kre \u00e9s s\u00e1rg\u00e1ra, a hidegre \u00e9s a melegre t\u00e1maszkodott.<\/p>\n<p style=\"text-align: justify;\">\u201eAz \u201dAvalan\u0219a\u201d az a fajta el\u0151ad\u00e1s, ami nem \u00e9r v\u00e9get a f\u00fcgg\u00f6nnyel, hanem elkalandoz a gondolataiddal, m\u00e9g a sz\u00ednh\u00e1z elhagy\u00e1sa ut\u00e1n is. Mert ha els\u0151re a szemed el\u0151tt kibontakoz\u00f3 t\u00f6rt\u00e9net t\u00f6bb mint abszurdnak t\u0171nt volna, nem tudod abbahagyni a k\u00e9rd\u00e9sek feltev\u00e9s\u00e9t. M\u00e9g ha ott lenn\u00e9l is, abban a kis faluban, amelyet a sors elfelejtett, meddig lenn\u00e9l k\u00e9pes elmenni a t\u00fal\u00e9l\u00e9s\u00e9rt? Belet\u00f6r\u0151dn\u00e9l, vagy megt\u00f6rn\u00e9d a jeget?<\/p>","protected":false},"excerpt":{"rendered":"<p>Scris de: Raluca MedeleanuPreluat de pe: www.specialarad.ro Straiele care le-au fost \u00eenm\u00e2nate publicului \u2013 boto\u0219ei \u0219i halate albe \u2013 ne-a prevestit automat una dintre principalele teme ale spectacolului: na\u0219terea, dar \u0219i ideea de mediu steril, \u00eenchis, \u00een care omul este ceva str\u0103in, un intrus, a c\u0103rei prezen\u021b\u0103 parc\u0103 nici nu conteaz\u0103, nu \u00ee\u0219i are locul. [&hellip;]<\/p>\n","protected":false},"author":6,"featured_media":0,"comment_status":"open","ping_status":"open","sticky":false,"template":"","format":"standard","meta":{"_acf_changed":false,"footnotes":""},"categories":[213],"tags":[],"class_list":["post-4514","post","type-post","status-publish","format-standard","hentry","category-aparitii-media"],"aioseo_notices":[],"aioseo_head":"\n\t\t<!-- All in One SEO Pro 5.0.1.1 - aioseo.com -->\n\t<meta name=\"description\" content=\"Scris de: Raluca MedeleanuPreluat de pe: www.specialarad.ro Straiele care le-au fost \u00eenm\u00e2nate publicului \u2013 boto\u0219ei \u0219i halate albe \u2013 ne-a prevestit automat una dintre principalele teme ale spectacolului: na\u0219terea, dar \u0219i ideea de mediu steril, \u00eenchis, \u00een care omul este ceva str\u0103in, un intrus, a c\u0103rei prezen\u021b\u0103 parc\u0103 nici nu conteaz\u0103, nu \u00ee\u0219i are locul.\" \/>\n\t<meta name=\"robots\" content=\"max-image-preview:large\" \/>\n\t<meta name=\"author\" content=\"Teatrul Regina Maria\"\/>\n\t<link rel=\"canonical\" href=\"https:\/\/www.teatrulreginamaria.ro\/hu\/avalansa-sau-frica-ce-ti-ingheata-ratiunea-un-spectacol-exceptional-la-festivalul-de-teatru-nou-14-mai-2019-raluca-medeleanu-specialarad-ro\/\" \/>\n\t<meta name=\"generator\" content=\"All in One SEO Pro (AIOSEO) 5.0.1.1\" \/>\n\t\t<meta property=\"og:locale\" content=\"hu_HU\" \/>\n\t\t<meta property=\"og:site_name\" content=\"Teatrul Regina Maria Oradea - Trupa Iosif Vulcan \u0219i Trupa Arcadia\" \/>\n\t\t<meta property=\"og:type\" content=\"article\" \/>\n\t\t<meta property=\"og:title\" content=\"AVALAN\u0218A: 14 mai 2019 \u2013 Raluca Medeleanu (specialarad.ro) - Teatrul Regina Maria Oradea\" \/>\n\t\t<meta property=\"og:description\" content=\"Scris de: Raluca MedeleanuPreluat de pe: www.specialarad.ro Straiele care le-au fost \u00eenm\u00e2nate publicului \u2013 boto\u0219ei \u0219i halate albe \u2013 ne-a prevestit automat una dintre principalele teme ale spectacolului: na\u0219terea, dar \u0219i ideea de mediu steril, \u00eenchis, \u00een care omul este ceva str\u0103in, un intrus, a c\u0103rei prezen\u021b\u0103 parc\u0103 nici nu conteaz\u0103, nu \u00ee\u0219i are locul.\" \/>\n\t\t<meta property=\"og:url\" content=\"https:\/\/www.teatrulreginamaria.ro\/hu\/avalansa-sau-frica-ce-ti-ingheata-ratiunea-un-spectacol-exceptional-la-festivalul-de-teatru-nou-14-mai-2019-raluca-medeleanu-specialarad-ro\/\" \/>\n\t\t<meta property=\"og:image\" content=\"https:\/\/www.teatrulreginamaria.ro\/wp-content\/uploads\/2025\/03\/trm-istoric-01.jpg\" \/>\n\t\t<meta property=\"og:image:secure_url\" content=\"https:\/\/www.teatrulreginamaria.ro\/wp-content\/uploads\/2025\/03\/trm-istoric-01.jpg\" \/>\n\t\t<meta property=\"og:image:width\" content=\"1200\" \/>\n\t\t<meta property=\"og:image:height\" content=\"800\" \/>\n\t\t<meta property=\"article:published_time\" content=\"2019-05-14T12:11:50+00:00\" \/>\n\t\t<meta property=\"article:modified_time\" content=\"2019-05-14T12:11:50+00:00\" \/>\n\t\t<meta property=\"article:publisher\" content=\"https:\/\/www.facebook.com\/TRMTrupaIosifVulcan\/\" \/>\n\t\t<meta name=\"twitter:card\" content=\"summary_large_image\" \/>\n\t\t<meta name=\"twitter:site\" content=\"@TRMOradea\" \/>\n\t\t<meta name=\"twitter:title\" content=\"AVALAN\u0218A: 14 mai 2019 \u2013 Raluca Medeleanu (specialarad.ro) - Teatrul Regina Maria Oradea\" \/>\n\t\t<meta name=\"twitter:description\" content=\"Scris de: Raluca MedeleanuPreluat de pe: www.specialarad.ro Straiele care le-au fost \u00eenm\u00e2nate publicului \u2013 boto\u0219ei \u0219i halate albe \u2013 ne-a prevestit automat una dintre principalele teme ale spectacolului: na\u0219terea, dar \u0219i ideea de mediu steril, \u00eenchis, \u00een care omul este ceva str\u0103in, un intrus, a c\u0103rei prezen\u021b\u0103 parc\u0103 nici nu conteaz\u0103, nu \u00ee\u0219i are locul.\" \/>\n\t\t<meta name=\"twitter:creator\" content=\"@TRMOradea\" \/>\n\t\t<meta name=\"twitter:image\" content=\"https:\/\/www.teatrulreginamaria.ro\/wp-content\/uploads\/2025\/03\/trm-istoric-01.jpg\" \/>\n\t\t<script type=\"application\/ld+json\" class=\"aioseo-schema\">\n\t\t\t{\"@context\":\"https:\\\/\\\/schema.org\",\"@graph\":[{\"@type\":\"BlogPosting\",\"@id\":\"https:\\\/\\\/www.teatrulreginamaria.ro\\\/hu\\\/avalansa-sau-frica-ce-ti-ingheata-ratiunea-un-spectacol-exceptional-la-festivalul-de-teatru-nou-14-mai-2019-raluca-medeleanu-specialarad-ro\\\/#blogposting\",\"name\":\"AVALAN\\u0218A: 14 mai 2019 \\u2013 Raluca Medeleanu (specialarad.ro) - Teatrul Regina Maria Oradea\",\"headline\":\"AVALAN\\u0218A: 14 mai 2019 \\u2013 Raluca Medeleanu (specialarad.ro)\",\"author\":{\"@id\":\"https:\\\/\\\/www.teatrulreginamaria.ro\\\/hu\\\/author\\\/w3bmaster\\\/#author\"},\"publisher\":{\"@id\":\"https:\\\/\\\/www.teatrulreginamaria.ro\\\/hu\\\/#organization\"},\"image\":{\"@type\":\"ImageObject\",\"url\":\"https:\\\/\\\/www.teatrulreginamaria.ro\\\/wp-content\\\/uploads\\\/2025\\\/06\\\/logo-trm-01-dark.png\",\"@id\":\"https:\\\/\\\/www.teatrulreginamaria.ro\\\/hu\\\/#articleImage\",\"width\":300,\"height\":148},\"datePublished\":\"2019-05-14T12:11:50+03:00\",\"dateModified\":\"2019-05-14T12:11:50+03:00\",\"inLanguage\":\"hu-HU\",\"mainEntityOfPage\":{\"@id\":\"https:\\\/\\\/www.teatrulreginamaria.ro\\\/hu\\\/avalansa-sau-frica-ce-ti-ingheata-ratiunea-un-spectacol-exceptional-la-festivalul-de-teatru-nou-14-mai-2019-raluca-medeleanu-specialarad-ro\\\/#webpage\"},\"isPartOf\":{\"@id\":\"https:\\\/\\\/www.teatrulreginamaria.ro\\\/hu\\\/avalansa-sau-frica-ce-ti-ingheata-ratiunea-un-spectacol-exceptional-la-festivalul-de-teatru-nou-14-mai-2019-raluca-medeleanu-specialarad-ro\\\/#webpage\"},\"articleSection\":\"Apari\\u021bii media\"},{\"@type\":\"BreadcrumbList\",\"@id\":\"https:\\\/\\\/www.teatrulreginamaria.ro\\\/hu\\\/avalansa-sau-frica-ce-ti-ingheata-ratiunea-un-spectacol-exceptional-la-festivalul-de-teatru-nou-14-mai-2019-raluca-medeleanu-specialarad-ro\\\/#breadcrumblist\",\"itemListElement\":[{\"@type\":\"ListItem\",\"@id\":\"https:\\\/\\\/www.teatrulreginamaria.ro\\\/hu#listItem\",\"position\":1,\"name\":\"Home\",\"item\":\"https:\\\/\\\/www.teatrulreginamaria.ro\\\/hu\",\"nextItem\":{\"@type\":\"ListItem\",\"@id\":\"https:\\\/\\\/www.teatrulreginamaria.ro\\\/hu\\\/categorie\\\/aparitii-media\\\/#listItem\",\"name\":\"Apari\\u021bii media\"}},{\"@type\":\"ListItem\",\"@id\":\"https:\\\/\\\/www.teatrulreginamaria.ro\\\/hu\\\/categorie\\\/aparitii-media\\\/#listItem\",\"position\":2,\"name\":\"Apari\\u021bii media\",\"item\":\"https:\\\/\\\/www.teatrulreginamaria.ro\\\/hu\\\/categorie\\\/aparitii-media\\\/\",\"nextItem\":{\"@type\":\"ListItem\",\"@id\":\"https:\\\/\\\/www.teatrulreginamaria.ro\\\/hu\\\/avalansa-sau-frica-ce-ti-ingheata-ratiunea-un-spectacol-exceptional-la-festivalul-de-teatru-nou-14-mai-2019-raluca-medeleanu-specialarad-ro\\\/#listItem\",\"name\":\"AVALAN\\u0218A: 14 mai 2019 \\u2013 Raluca Medeleanu (specialarad.ro)\"},\"previousItem\":{\"@type\":\"ListItem\",\"@id\":\"https:\\\/\\\/www.teatrulreginamaria.ro\\\/hu#listItem\",\"name\":\"Home\"}},{\"@type\":\"ListItem\",\"@id\":\"https:\\\/\\\/www.teatrulreginamaria.ro\\\/hu\\\/avalansa-sau-frica-ce-ti-ingheata-ratiunea-un-spectacol-exceptional-la-festivalul-de-teatru-nou-14-mai-2019-raluca-medeleanu-specialarad-ro\\\/#listItem\",\"position\":3,\"name\":\"AVALAN\\u0218A: 14 mai 2019 \\u2013 Raluca Medeleanu (specialarad.ro)\",\"previousItem\":{\"@type\":\"ListItem\",\"@id\":\"https:\\\/\\\/www.teatrulreginamaria.ro\\\/hu\\\/categorie\\\/aparitii-media\\\/#listItem\",\"name\":\"Apari\\u021bii media\"}}]},{\"@type\":\"Organization\",\"@id\":\"https:\\\/\\\/www.teatrulreginamaria.ro\\\/hu\\\/#organization\",\"name\":\"Teatrul Regina Maria Oradea\",\"description\":\"Trupa Iosif Vulcan \\u0219i Trupa Arcadia\",\"url\":\"https:\\\/\\\/www.teatrulreginamaria.ro\\\/hu\\\/\",\"email\":\"marketing@teatrulreginamaria.ro\",\"telephone\":\"+40359411534\",\"numberOfEmployees\":{\"@type\":\"QuantitativeValue\",\"minValue\":0,\"maxValue\":150},\"logo\":{\"@type\":\"ImageObject\",\"url\":\"https:\\\/\\\/www.teatrulreginamaria.ro\\\/wp-content\\\/uploads\\\/2025\\\/06\\\/logo-trm-01-dark.png\",\"@id\":\"https:\\\/\\\/www.teatrulreginamaria.ro\\\/hu\\\/avalansa-sau-frica-ce-ti-ingheata-ratiunea-un-spectacol-exceptional-la-festivalul-de-teatru-nou-14-mai-2019-raluca-medeleanu-specialarad-ro\\\/#organizationLogo\",\"width\":300,\"height\":148},\"image\":{\"@id\":\"https:\\\/\\\/www.teatrulreginamaria.ro\\\/hu\\\/avalansa-sau-frica-ce-ti-ingheata-ratiunea-un-spectacol-exceptional-la-festivalul-de-teatru-nou-14-mai-2019-raluca-medeleanu-specialarad-ro\\\/#organizationLogo\"},\"sameAs\":[\"https:\\\/\\\/www.facebook.com\\\/TRMTrupaIosifVulcan\\\/\",\"https:\\\/\\\/x.com\\\/TRMOradea\",\"https:\\\/\\\/www.instagram.com\\\/teatrul_regina_maria\\\/\",\"https:\\\/\\\/www.youtube.com\\\/c\\\/TeatrulReginaMariaOradea\",\"https:\\\/\\\/www.linkedin.com\\\/company\\\/teatrul-regina-maria\"]},{\"@type\":\"Person\",\"@id\":\"https:\\\/\\\/www.teatrulreginamaria.ro\\\/hu\\\/author\\\/w3bmaster\\\/#author\",\"url\":\"https:\\\/\\\/www.teatrulreginamaria.ro\\\/hu\\\/author\\\/w3bmaster\\\/\",\"name\":\"Teatrul Regina Maria\",\"image\":{\"@type\":\"ImageObject\",\"@id\":\"https:\\\/\\\/www.teatrulreginamaria.ro\\\/hu\\\/avalansa-sau-frica-ce-ti-ingheata-ratiunea-un-spectacol-exceptional-la-festivalul-de-teatru-nou-14-mai-2019-raluca-medeleanu-specialarad-ro\\\/#authorImage\",\"url\":\"https:\\\/\\\/secure.gravatar.com\\\/avatar\\\/5884139d508ae3f0bafe45e60563b48a9640146d3b08ccc6278c305ff9329305?s=96&d=mm&r=g\",\"width\":96,\"height\":96,\"caption\":\"Teatrul Regina Maria\"}},{\"@type\":\"WebPage\",\"@id\":\"https:\\\/\\\/www.teatrulreginamaria.ro\\\/hu\\\/avalansa-sau-frica-ce-ti-ingheata-ratiunea-un-spectacol-exceptional-la-festivalul-de-teatru-nou-14-mai-2019-raluca-medeleanu-specialarad-ro\\\/#webpage\",\"url\":\"https:\\\/\\\/www.teatrulreginamaria.ro\\\/hu\\\/avalansa-sau-frica-ce-ti-ingheata-ratiunea-un-spectacol-exceptional-la-festivalul-de-teatru-nou-14-mai-2019-raluca-medeleanu-specialarad-ro\\\/\",\"name\":\"AVALAN\\u0218A: 14 mai 2019 \\u2013 Raluca Medeleanu (specialarad.ro) - Teatrul Regina Maria Oradea\",\"description\":\"Scris de: Raluca MedeleanuPreluat de pe: www.specialarad.ro Straiele care le-au fost \\u00eenm\\u00e2nate publicului \\u2013 boto\\u0219ei \\u0219i halate albe \\u2013 ne-a prevestit automat una dintre principalele teme ale spectacolului: na\\u0219terea, dar \\u0219i ideea de mediu steril, \\u00eenchis, \\u00een care omul este ceva str\\u0103in, un intrus, a c\\u0103rei prezen\\u021b\\u0103 parc\\u0103 nici nu conteaz\\u0103, nu \\u00ee\\u0219i are locul.\",\"inLanguage\":\"hu-HU\",\"isPartOf\":{\"@id\":\"https:\\\/\\\/www.teatrulreginamaria.ro\\\/hu\\\/#website\"},\"breadcrumb\":{\"@id\":\"https:\\\/\\\/www.teatrulreginamaria.ro\\\/hu\\\/avalansa-sau-frica-ce-ti-ingheata-ratiunea-un-spectacol-exceptional-la-festivalul-de-teatru-nou-14-mai-2019-raluca-medeleanu-specialarad-ro\\\/#breadcrumblist\"},\"author\":{\"@id\":\"https:\\\/\\\/www.teatrulreginamaria.ro\\\/hu\\\/author\\\/w3bmaster\\\/#author\"},\"creator\":{\"@id\":\"https:\\\/\\\/www.teatrulreginamaria.ro\\\/hu\\\/author\\\/w3bmaster\\\/#author\"},\"datePublished\":\"2019-05-14T12:11:50+03:00\",\"dateModified\":\"2019-05-14T12:11:50+03:00\"},{\"@type\":\"WebSite\",\"@id\":\"https:\\\/\\\/www.teatrulreginamaria.ro\\\/hu\\\/#website\",\"url\":\"https:\\\/\\\/www.teatrulreginamaria.ro\\\/hu\\\/\",\"name\":\"Teatrul Regina Maria Oradea\",\"alternateName\":\"TRM Oradea\",\"description\":\"Trupa Iosif Vulcan \\u0219i Trupa Arcadia\",\"inLanguage\":\"hu-HU\",\"publisher\":{\"@id\":\"https:\\\/\\\/www.teatrulreginamaria.ro\\\/hu\\\/#organization\"}}]}\n\t\t<\/script>\n\t\t<!-- All in One SEO Pro -->\r\n\t\t<title>AVALAN\u0218A: 14 mai 2019 \u2013 Raluca Medeleanu (specialarad.ro) - Teatrul Regina Maria Oradea<\/title>\n\n","aioseo_head_json":{"title":"lavina: 2019. m\u00e1jus 14. \u2013 Raluca Medeleanu (specialarad.ro) \u2013 Nagyv\u00e1radi Regina Maria Sz\u00ednh\u00e1z","description":"\u00cdrta: Raluca MedeleanuForr\u00e1s: www.specialarad.ro A k\u00f6z\u00f6ns\u00e9gnek \u00e1tadott ruh\u00e1k \u2013 feh\u00e9r csizm\u00e1k \u00e9s tal\u00e1rok \u2013 automatikusan el\u0151revet\u00edtett\u00e9k az el\u0151ad\u00e1s egyik f\u0151 t\u00e9m\u00e1j\u00e1t: a sz\u00fclet\u00e9st, de egy steril, z\u00e1rt k\u00f6rnyezet gondolat\u00e1t is, amelyben az ember valami idegen, betolakod\u00f3, akinek a jelenl\u00e9te l\u00e1tsz\u00f3lag nem sz\u00e1m\u00edt, nincs helye.","canonical_url":"https:\/\/www.teatrulreginamaria.ro\/hu\/avalansa-sau-frica-ce-ti-ingheata-ratiunea-un-spectacol-exceptional-la-festivalul-de-teatru-nou-14-mai-2019-raluca-medeleanu-specialarad-ro\/","robots":"max-image-preview:large","keywords":"","webmasterTools":{"miscellaneous":""},"schema":{"@context":"https:\/\/schema.org","@graph":[{"@type":"BlogPosting","@id":"https:\/\/www.teatrulreginamaria.ro\/hu\/avalansa-sau-frica-ce-ti-ingheata-ratiunea-un-spectacol-exceptional-la-festivalul-de-teatru-nou-14-mai-2019-raluca-medeleanu-specialarad-ro\/#blogposting","name":"AVALAN\u0218A: 14 mai 2019 \u2013 Raluca Medeleanu (specialarad.ro) - Teatrul Regina Maria Oradea","headline":"AVALAN\u0218A: 14 mai 2019 \u2013 Raluca Medeleanu (specialarad.ro)","author":{"@id":"https:\/\/www.teatrulreginamaria.ro\/hu\/author\/w3bmaster\/#author"},"publisher":{"@id":"https:\/\/www.teatrulreginamaria.ro\/hu\/#organization"},"image":{"@type":"ImageObject","url":"https:\/\/www.teatrulreginamaria.ro\/wp-content\/uploads\/2025\/06\/logo-trm-01-dark.png","@id":"https:\/\/www.teatrulreginamaria.ro\/hu\/#articleImage","width":300,"height":148},"datePublished":"2019-05-14T12:11:50+03:00","dateModified":"2019-05-14T12:11:50+03:00","inLanguage":"hu-HU","mainEntityOfPage":{"@id":"https:\/\/www.teatrulreginamaria.ro\/hu\/avalansa-sau-frica-ce-ti-ingheata-ratiunea-un-spectacol-exceptional-la-festivalul-de-teatru-nou-14-mai-2019-raluca-medeleanu-specialarad-ro\/#webpage"},"isPartOf":{"@id":"https:\/\/www.teatrulreginamaria.ro\/hu\/avalansa-sau-frica-ce-ti-ingheata-ratiunea-un-spectacol-exceptional-la-festivalul-de-teatru-nou-14-mai-2019-raluca-medeleanu-specialarad-ro\/#webpage"},"articleSection":"Apari\u021bii media"},{"@type":"BreadcrumbList","@id":"https:\/\/www.teatrulreginamaria.ro\/hu\/avalansa-sau-frica-ce-ti-ingheata-ratiunea-un-spectacol-exceptional-la-festivalul-de-teatru-nou-14-mai-2019-raluca-medeleanu-specialarad-ro\/#breadcrumblist","itemListElement":[{"@type":"ListItem","@id":"https:\/\/www.teatrulreginamaria.ro\/hu#listItem","position":1,"name":"Home","item":"https:\/\/www.teatrulreginamaria.ro\/hu","nextItem":{"@type":"ListItem","@id":"https:\/\/www.teatrulreginamaria.ro\/hu\/categorie\/aparitii-media\/#listItem","name":"Apari\u021bii media"}},{"@type":"ListItem","@id":"https:\/\/www.teatrulreginamaria.ro\/hu\/categorie\/aparitii-media\/#listItem","position":2,"name":"Apari\u021bii media","item":"https:\/\/www.teatrulreginamaria.ro\/hu\/categorie\/aparitii-media\/","nextItem":{"@type":"ListItem","@id":"https:\/\/www.teatrulreginamaria.ro\/hu\/avalansa-sau-frica-ce-ti-ingheata-ratiunea-un-spectacol-exceptional-la-festivalul-de-teatru-nou-14-mai-2019-raluca-medeleanu-specialarad-ro\/#listItem","name":"AVALAN\u0218A: 14 mai 2019 \u2013 Raluca Medeleanu (specialarad.ro)"},"previousItem":{"@type":"ListItem","@id":"https:\/\/www.teatrulreginamaria.ro\/hu#listItem","name":"Home"}},{"@type":"ListItem","@id":"https:\/\/www.teatrulreginamaria.ro\/hu\/avalansa-sau-frica-ce-ti-ingheata-ratiunea-un-spectacol-exceptional-la-festivalul-de-teatru-nou-14-mai-2019-raluca-medeleanu-specialarad-ro\/#listItem","position":3,"name":"AVALAN\u0218A: 14 mai 2019 \u2013 Raluca Medeleanu (specialarad.ro)","previousItem":{"@type":"ListItem","@id":"https:\/\/www.teatrulreginamaria.ro\/hu\/categorie\/aparitii-media\/#listItem","name":"Apari\u021bii media"}}]},{"@type":"Organization","@id":"https:\/\/www.teatrulreginamaria.ro\/hu\/#organization","name":"Teatrul Regina Maria Oradea","description":"Trupa Iosif Vulcan \u0219i Trupa Arcadia","url":"https:\/\/www.teatrulreginamaria.ro\/hu\/","email":"marketing@teatrulreginamaria.ro","telephone":"+40359411534","numberOfEmployees":{"@type":"QuantitativeValue","minValue":0,"maxValue":150},"logo":{"@type":"ImageObject","url":"https:\/\/www.teatrulreginamaria.ro\/wp-content\/uploads\/2025\/06\/logo-trm-01-dark.png","@id":"https:\/\/www.teatrulreginamaria.ro\/hu\/avalansa-sau-frica-ce-ti-ingheata-ratiunea-un-spectacol-exceptional-la-festivalul-de-teatru-nou-14-mai-2019-raluca-medeleanu-specialarad-ro\/#organizationLogo","width":300,"height":148},"image":{"@id":"https:\/\/www.teatrulreginamaria.ro\/hu\/avalansa-sau-frica-ce-ti-ingheata-ratiunea-un-spectacol-exceptional-la-festivalul-de-teatru-nou-14-mai-2019-raluca-medeleanu-specialarad-ro\/#organizationLogo"},"sameAs":["https:\/\/www.facebook.com\/TRMTrupaIosifVulcan\/","https:\/\/x.com\/TRMOradea","https:\/\/www.instagram.com\/teatrul_regina_maria\/","https:\/\/www.youtube.com\/c\/TeatrulReginaMariaOradea","https:\/\/www.linkedin.com\/company\/teatrul-regina-maria"]},{"@type":"Person","@id":"https:\/\/www.teatrulreginamaria.ro\/hu\/author\/w3bmaster\/#author","url":"https:\/\/www.teatrulreginamaria.ro\/hu\/author\/w3bmaster\/","name":"Teatrul Regina Maria","image":{"@type":"ImageObject","@id":"https:\/\/www.teatrulreginamaria.ro\/hu\/avalansa-sau-frica-ce-ti-ingheata-ratiunea-un-spectacol-exceptional-la-festivalul-de-teatru-nou-14-mai-2019-raluca-medeleanu-specialarad-ro\/#authorImage","url":"https:\/\/secure.gravatar.com\/avatar\/5884139d508ae3f0bafe45e60563b48a9640146d3b08ccc6278c305ff9329305?s=96&d=mm&r=g","width":96,"height":96,"caption":"Teatrul Regina Maria"}},{"@type":"WebPage","@id":"https:\/\/www.teatrulreginamaria.ro\/hu\/avalansa-sau-frica-ce-ti-ingheata-ratiunea-un-spectacol-exceptional-la-festivalul-de-teatru-nou-14-mai-2019-raluca-medeleanu-specialarad-ro\/#webpage","url":"https:\/\/www.teatrulreginamaria.ro\/hu\/avalansa-sau-frica-ce-ti-ingheata-ratiunea-un-spectacol-exceptional-la-festivalul-de-teatru-nou-14-mai-2019-raluca-medeleanu-specialarad-ro\/","name":"AVALAN\u0218A: 14 mai 2019 \u2013 Raluca Medeleanu (specialarad.ro) - Teatrul Regina Maria Oradea","description":"Scris de: Raluca MedeleanuPreluat de pe: www.specialarad.ro Straiele care le-au fost \u00eenm\u00e2nate publicului \u2013 boto\u0219ei \u0219i halate albe \u2013 ne-a prevestit automat una dintre principalele teme ale spectacolului: na\u0219terea, dar \u0219i ideea de mediu steril, \u00eenchis, \u00een care omul este ceva str\u0103in, un intrus, a c\u0103rei prezen\u021b\u0103 parc\u0103 nici nu conteaz\u0103, nu \u00ee\u0219i are locul.","inLanguage":"hu-HU","isPartOf":{"@id":"https:\/\/www.teatrulreginamaria.ro\/hu\/#website"},"breadcrumb":{"@id":"https:\/\/www.teatrulreginamaria.ro\/hu\/avalansa-sau-frica-ce-ti-ingheata-ratiunea-un-spectacol-exceptional-la-festivalul-de-teatru-nou-14-mai-2019-raluca-medeleanu-specialarad-ro\/#breadcrumblist"},"author":{"@id":"https:\/\/www.teatrulreginamaria.ro\/hu\/author\/w3bmaster\/#author"},"creator":{"@id":"https:\/\/www.teatrulreginamaria.ro\/hu\/author\/w3bmaster\/#author"},"datePublished":"2019-05-14T12:11:50+03:00","dateModified":"2019-05-14T12:11:50+03:00"},{"@type":"WebSite","@id":"https:\/\/www.teatrulreginamaria.ro\/hu\/#website","url":"https:\/\/www.teatrulreginamaria.ro\/hu\/","name":"Teatrul Regina Maria Oradea","alternateName":"TRM Oradea","description":"Trupa Iosif Vulcan \u0219i Trupa Arcadia","inLanguage":"hu-HU","publisher":{"@id":"https:\/\/www.teatrulreginamaria.ro\/hu\/#organization"}}]},"og:locale":"hu_HU","og:site_name":"Teatrul Regina Maria Oradea - Trupa Iosif Vulcan \u0219i Trupa Arcadia","og:type":"article","og:title":"AVALAN\u0218A: 14 mai 2019 \u2013 Raluca Medeleanu (specialarad.ro) - Teatrul Regina Maria Oradea","og:description":"Scris de: Raluca MedeleanuPreluat de pe: www.specialarad.ro Straiele care le-au fost \u00eenm\u00e2nate publicului \u2013 boto\u0219ei \u0219i halate albe \u2013 ne-a prevestit automat una dintre principalele teme ale spectacolului: na\u0219terea, dar \u0219i ideea de mediu steril, \u00eenchis, \u00een care omul este ceva str\u0103in, un intrus, a c\u0103rei prezen\u021b\u0103 parc\u0103 nici nu conteaz\u0103, nu \u00ee\u0219i are locul.","og:url":"https:\/\/www.teatrulreginamaria.ro\/hu\/avalansa-sau-frica-ce-ti-ingheata-ratiunea-un-spectacol-exceptional-la-festivalul-de-teatru-nou-14-mai-2019-raluca-medeleanu-specialarad-ro\/","og:image":"https:\/\/www.teatrulreginamaria.ro\/wp-content\/uploads\/2025\/03\/trm-istoric-01.jpg","og:image:secure_url":"https:\/\/www.teatrulreginamaria.ro\/wp-content\/uploads\/2025\/03\/trm-istoric-01.jpg","og:image:width":1200,"og:image:height":800,"article:published_time":"2019-05-14T12:11:50+00:00","article:modified_time":"2019-05-14T12:11:50+00:00","article:publisher":"https:\/\/www.facebook.com\/TRMTrupaIosifVulcan\/","twitter:card":"summary_large_image","twitter:site":"@TRMOradea","twitter:title":"AVALAN\u0218A: 14 mai 2019 \u2013 Raluca Medeleanu (specialarad.ro) - Teatrul Regina Maria Oradea","twitter:description":"Scris de: Raluca MedeleanuPreluat de pe: www.specialarad.ro Straiele care le-au fost \u00eenm\u00e2nate publicului \u2013 boto\u0219ei \u0219i halate albe \u2013 ne-a prevestit automat una dintre principalele teme ale spectacolului: na\u0219terea, dar \u0219i ideea de mediu steril, \u00eenchis, \u00een care omul este ceva str\u0103in, un intrus, a c\u0103rei prezen\u021b\u0103 parc\u0103 nici nu conteaz\u0103, nu \u00ee\u0219i are locul.","twitter:creator":"@TRMOradea","twitter:image":"https:\/\/www.teatrulreginamaria.ro\/wp-content\/uploads\/2025\/03\/trm-istoric-01.jpg"},"aioseo_meta_data":{"post_id":"4514","title":null,"description":null,"keywords":null,"keyphrases":null,"primary_term":null,"canonical_url":null,"og_title":null,"og_description":null,"og_object_type":"default","og_image_type":"default","og_image_url":null,"og_image_width":null,"og_image_height":null,"og_image_custom_url":null,"og_image_custom_fields":null,"og_video":null,"og_custom_url":null,"og_article_section":null,"og_article_tags":null,"twitter_use_og":false,"twitter_card":"default","twitter_image_type":"default","twitter_image_url":null,"twitter_image_custom_url":null,"twitter_image_custom_fields":null,"twitter_title":null,"twitter_description":null,"schema":{"blockGraphs":[],"customGraphs":[],"default":{"data":{"Article":[],"Course":[],"Dataset":[],"FAQPage":[],"Movie":[],"Person":[],"Product":[],"ProductReview":[],"Car":[],"Recipe":[],"Service":[],"SoftwareApplication":[],"WebPage":[]},"graphName":"","isEnabled":true},"graphs":[]},"schema_type":"default","schema_type_options":null,"pillar_content":false,"robots_default":true,"robots_noindex":false,"robots_noarchive":false,"robots_nosnippet":false,"robots_nofollow":false,"robots_noimageindex":false,"robots_noodp":false,"robots_notranslate":false,"robots_max_snippet":null,"robots_max_videopreview":null,"robots_max_imagepreview":"large","priority":null,"frequency":null,"local_seo":null,"seo_analyzer_scan_date":"2026-05-13 02:21:04","breadcrumb_settings":null,"limit_modified_date":false,"reviewed_by":null,"open_ai":null,"ai":null,"created":"2025-04-09 17:42:42","updated":"2026-05-13 02:21:04","focus_keyword":null,"additional_keywords":null,"truseo_locale":null},"aioseo_breadcrumb":"<div class=\"aioseo-breadcrumbs\"><span class=\"aioseo-breadcrumb\">\n\t<a href=\"https:\/\/www.teatrulreginamaria.ro\/hu\" title=\"Home\">Home<\/a>\n<\/span><span class=\"aioseo-breadcrumb-separator\">&raquo;<\/span><span class=\"aioseo-breadcrumb\">\n\t<a href=\"https:\/\/www.teatrulreginamaria.ro\/hu\/categorie\/aparitii-media\/\" title=\"Apari\u021bii media\">Apari\u021bii media<\/a>\n<\/span><span class=\"aioseo-breadcrumb-separator\">&raquo;<\/span><span class=\"aioseo-breadcrumb\">\n\tAVALAN\u0218A: 14 mai 2019 \u2013 Raluca Medeleanu (specialarad.ro)\n<\/span><\/div>","aioseo_breadcrumb_json":[{"label":"Home","link":"https:\/\/www.teatrulreginamaria.ro\/hu"},{"label":"Apari\u021bii media","link":"https:\/\/www.teatrulreginamaria.ro\/hu\/categorie\/aparitii-media\/"},{"label":"AVALAN\u0218A: 14 mai 2019 \u2013 Raluca Medeleanu (specialarad.ro)","link":"https:\/\/www.teatrulreginamaria.ro\/hu\/avalansa-sau-frica-ce-ti-ingheata-ratiunea-un-spectacol-exceptional-la-festivalul-de-teatru-nou-14-mai-2019-raluca-medeleanu-specialarad-ro\/"}],"acf":[],"_links":{"self":[{"href":"https:\/\/www.teatrulreginamaria.ro\/hu\/wp-json\/wp\/v2\/posts\/4514","targetHints":{"allow":["GET"]}}],"collection":[{"href":"https:\/\/www.teatrulreginamaria.ro\/hu\/wp-json\/wp\/v2\/posts"}],"about":[{"href":"https:\/\/www.teatrulreginamaria.ro\/hu\/wp-json\/wp\/v2\/types\/post"}],"author":[{"embeddable":true,"href":"https:\/\/www.teatrulreginamaria.ro\/hu\/wp-json\/wp\/v2\/users\/6"}],"replies":[{"embeddable":true,"href":"https:\/\/www.teatrulreginamaria.ro\/hu\/wp-json\/wp\/v2\/comments?post=4514"}],"version-history":[{"count":0,"href":"https:\/\/www.teatrulreginamaria.ro\/hu\/wp-json\/wp\/v2\/posts\/4514\/revisions"}],"wp:attachment":[{"href":"https:\/\/www.teatrulreginamaria.ro\/hu\/wp-json\/wp\/v2\/media?parent=4514"}],"wp:term":[{"taxonomy":"category","embeddable":true,"href":"https:\/\/www.teatrulreginamaria.ro\/hu\/wp-json\/wp\/v2\/categories?post=4514"},{"taxonomy":"post_tag","embeddable":true,"href":"https:\/\/www.teatrulreginamaria.ro\/hu\/wp-json\/wp\/v2\/tags?post=4514"}],"curies":[{"name":"munkaf\u00fczet","href":"https:\/\/api.w.org\/{rel}","templated":true}]}}