{"id":4541,"date":"2020-06-22T05:34:20","date_gmt":"2020-06-22T05:34:20","guid":{"rendered":"https:\/\/teatrulreginamaria.ro\/2020\/06\/22\/programul-lunii-iulie-trupa-iosif-vulcan\/"},"modified":"2020-06-22T05:34:20","modified_gmt":"2020-06-22T05:34:20","slug":"programul-lunii-iulie-trupa-iosif-vulcan","status":"publish","type":"post","link":"https:\/\/www.teatrulreginamaria.ro\/hu\/programul-lunii-iulie-trupa-iosif-vulcan\/","title":{"rendered":"J\u00faliusi program \u2013 Iosif Vulcan Band"},"content":{"rendered":"<p style=\"text-align: justify;\">A Regina Maria Sz\u00ednh\u00e1z ebben a h\u00f3napban is igazi sz\u00ednh\u00e1zi lakom\u00e1val k\u00e9sz\u00fclt Nagyv\u00e1rad lakoss\u00e1g\u00e1nak.<\/p>\n<p style=\"text-align: justify;\">Az els\u0151 el\u0151ad\u00e1s j\u00faliusban lesz <strong>&quot;Kereszt\u00e9nyek&quot;<\/strong> ami meg fog t\u00f6rt\u00e9nni <strong>P\u00e9nteken, j\u00falius 3-\u00e1n, este 8:30-t\u00f3l<\/strong> a nagyv\u00e1radi Citadell\u00e1ban tal\u00e1lhat\u00f3 mobil sz\u00ednpadon. Ugyanezen a napon, 19:00 \u00f3r\u00e1t\u00f3l v\u00e1rjuk azokat a n\u00e9z\u0151ket, akik j\u00fanius 14-\u00e9n jelen voltak az el\u0151ad\u00e1son, amelyet az id\u0151j\u00e1r\u00e1s miatt f\u00e9lbe kellett szak\u00edtanunk. Az el\u0151ad\u00e1s 14 \u00e9ven aluliaknak nem aj\u00e1nlott!<\/p>\n<p> <strong>J\u00falius 4-\u00e9n, szombaton, 19:00 \u00f3r\u00e1t\u00f3l,<\/strong> meg fog t\u00f6rt\u00e9nni <strong>a &quot;K\u00edgy\u00f3 a f\u0171ben&quot; c\u00edm\u0171 m\u0171sor online premierje <\/strong>Alan Ayckbourn toll\u00e1b\u00f3l, Sebastian Lupu rendez\u00e9s\u00e9ben k\u00e9sz\u00fclt dr\u00e1mai, izgalmas \u00e9s izgalmas thriller gyilkoss\u00e1gr\u00f3l, zsarol\u00e1sr\u00f3l \u00e9s er\u0151teljes, k\u00eds\u00e9rteties k\u00e9pekr\u0151l. A m\u00e1sodik el\u0151ad\u00e1s is online lesz, <strong>j\u00falius 26-\u00e1n, 19:00 \u00f3r\u00e1t\u00f3l.<\/strong>. Jegyek csak online v\u00e1s\u00e1rolhat\u00f3k, a forgat\u00e1st pedig a Regina Maria Sz\u00ednh\u00e1z YouTube-csatorn\u00e1j\u00e1n k\u00f6zvet\u00edtik. A n\u00e9z\u0151k a m\u0171sor felv\u00e9tel\u00e9nek linkj\u00e9t e-mailben kapj\u00e1k meg, f\u00e9l \u00f3r\u00e1val a k\u00f6zvet\u00edt\u00e9s kezdete el\u0151tt. <\/p>\n<p> <strong>Cs\u00fct\u00f6rt\u00f6k, j\u00falius 9., 20:00-t\u00f3l, Nagyv\u00e1radi Citadella<\/strong> Egy kis olasz v\u00e1rosk\u00e1v\u00e1 alakul \u00e1t, melynek lak\u00f3i hat\u00e1rtalanul szeretik egym\u00e1st. <strong>Anconai szerelmesek <\/strong>alkalmazkodtak az id\u0151kh\u00f6z, \u00edgy meglep\u0151dsz majd, mennyit v\u00e1ltoztak a dolgok, mi\u00f3ta utolj\u00e1ra l\u00e1ttad \u0151ket. <\/p>\n<p> Hab\u00e1r az \u00e1thatolhatatlan felh\u0151r\u00e9teg m\u00e9g mindig ott motoszk\u00e1l, m\u00e9g mindig ny\u00e1r van, \u00e9s lemaradunk egy koncertr\u0151l. \u00cdgy, <strong>Szerda, j\u00falius 15., este 8:00-t\u00f3l<\/strong>, szint\u00e9n a <strong>Nagyv\u00e1radi er\u0151d<\/strong>, megh\u00edvjuk \u00d6nt az el\u0151ad\u00e1sra <strong>\u201eLeonce \u00e9s Lena\u201d \u2013 KONCERT<\/strong>. A legszimpatikusabb hippik mozg\u00f3 sz\u00ednpadra l\u00e9pnek, hogy Ada Milea \u00e1ltal kompon\u00e1lt dalokb\u00f3l \u00e1ll\u00f3 reperto\u00e1rral beragyogj\u00e1k az eget \u00e9s a jelenl\u00e9v\u0151k sz\u00edv\u00e9t. <\/p>\n<p> <strong>Vas\u00e1rnap, j\u00falius 19-\u00e9n, este 8 \u00f3r\u00e1t\u00f3l<\/strong>, a m\u0171sor <strong>&quot;Hamlet csapd\u00e1ja&quot;<\/strong>Nedialko Yordanov alkot\u00e1sa, Petru Vutc\u0103r\u0103u rendez\u00e9s\u00e9ben, Hamlet herceg udvar\u00e1ban \u00e9l\u0151 m\u0171v\u00e9szek \u00e9let\u00e9b\u0151l t\u00e1r el\u00e9nk k\u00e9peket. <strong>Cs\u00fct\u00f6rt\u00f6k, j\u00falius 23.<\/strong>, ugyanebben az id\u0151ben Florence Foster Jenkins amat\u0151r szopr\u00e1n is fell\u00e9p a nagyv\u00e1radi Citadella mozg\u00f3 sz\u00ednpad\u00e1n, <strong>&quot;Teljes dics\u0151s\u00e9gben!&quot;<\/strong>, ahogy azt a n\u00e9z\u0151k\u00f6z\u00f6ns\u00e9g m\u00e1r megszokhatta. <\/p>\n<p> A j\u00faliusi h\u00f3nap a k\u00f6zkedvelt el\u0151ad\u00e1s el\u0151ad\u00e1s\u00e1val z\u00e1rul. <strong>&quot;Rejt\u00e9lyes vari\u00e1ci\u00f3k&quot;<\/strong>, amelyben Sebastian Lupu \u00e9s Petre Ghimb\u0103\u0219an j\u00e1tssz\u00e1k a f\u0151szerepeket, \u00e9s amelyre a ... ker\u00fcl sor. <strong>30-\u00e1n, este 8:30-t\u00f3l, a nagyv\u00e1radi Citadell\u00e1ban<\/strong>.<\/p>\n<p> Mivel az el\u0151ad\u00e1sok a szabadban zajlanak, az id\u0151j\u00e1r\u00e1si viszonyokt\u00f3l f\u00fcgg\u0151en el\u0151fordulhat, hogy az el\u0151ad\u00e1sokat f\u00e9lbe kell szak\u00edtani vagy \u00e1t kell \u00fctemezni. \u00cdgy a Regina Maria Sz\u00ednh\u00e1z fenntartja a jogot a m\u0171sorv\u00e1ltoztat\u00e1sra!<\/p>\n<p> Hogy felk\u00e9sz\u00fclj\u00fcnk az esetleges id\u0151j\u00e1r\u00e1si meglepet\u00e9sekre, k\u00e9rj\u00fck, j\u00f6jj\u00f6n eserny\u0151vel \u00e9s k\u00f6pennyel. <\/p>\n<p> Jegyek online is megv\u00e1s\u00e1rolhat\u00f3k (<a href=\"http:\/\/www.bilete.ro\">www.bilete.ro<\/a>), valamint a helysz\u00ednen, az el\u0151ad\u00e1s kezdete el\u0151tt egy \u00f3r\u00e1val.<\/p>\n<p> Az el\u0151ad\u00e1sok \u00e1t\u00fctemez\u00e9s\u00e9vel, a jegyek \u00e9rv\u00e9nyess\u00e9g\u00e9vel vagy visszat\u00e9r\u00edt\u00e9s\u00e9vel kapcsolatos inform\u00e1ci\u00f3k\u00e9rt k\u00e9rj\u00fck, vegye fel a kapcsolatot a szervez\u0151 munkat\u00e1rsaival (h\u00e9tf\u0151t\u0151l p\u00e9ntekig 9:00-16:30 k\u00f6z\u00f6tt, szombaton \u00e9s vas\u00e1rnap 10:00-13:00 k\u00f6z\u00f6tt):<\/p>\n<p> \u2022 Bianca Seg\u0103rceanu: 0752 165 001 (Arcadia Band)<br \/> \u2022 Virginia Oan\u021bo: 0753 404 257 (Iosif Vulcan Band)<\/p>\n<p style=\"text-align: justify;\">V\u00e1rjuk \u00d6n\u00f6ket szeretettel az el\u0151ad\u00e1sokon!<\/p>","protected":false},"excerpt":{"rendered":"<p>Teatrul Regina Maria a preg\u0103tit \u015fi luna aceasta un adev\u0103rat festin teatral pentru or\u0103deni. Primul spectacol din luna iulie este \u201eCre\u0219tini\u201d care va avea loc vineri, 3 iulie de la ora 20:30 pe scena mobil\u0103 amplasat\u0103 \u00een Cetatea Oradea. \u00cen aceea\u0219i zi, de la ora 19:00, sunt a\u0219tepta\u021bi spectatorii care au fost prezen\u021bi la reprezenta\u021bia [&hellip;]<\/p>\n","protected":false},"author":6,"featured_media":0,"comment_status":"open","ping_status":"open","sticky":false,"template":"","format":"standard","meta":{"_acf_changed":false,"footnotes":""},"categories":[22],"tags":[],"class_list":["post-4541","post","type-post","status-publish","format-standard","hentry","category-noutati-trupa-iosif-vulcan"],"aioseo_notices":[],"aioseo_head":"\n\t\t<!-- All in One SEO Pro 5.0.1.1 - aioseo.com -->\n\t<meta name=\"description\" content=\"Teatrul Regina Maria a preg\u0103tit \u015fi luna aceasta un adev\u0103rat festin teatral pentru or\u0103deni. Primul spectacol din luna iulie este \u201eCre\u0219tini\u201d care va avea loc vineri, 3 iulie de la ora 20:30 pe scena mobil\u0103 amplasat\u0103 \u00een Cetatea Oradea. \u00cen aceea\u0219i zi, de la ora 19:00, sunt a\u0219tepta\u021bi spectatorii care au fost prezen\u021bi la reprezenta\u021bia\" \/>\n\t<meta name=\"robots\" content=\"max-image-preview:large\" \/>\n\t<meta name=\"author\" content=\"Teatrul Regina Maria\"\/>\n\t<link rel=\"canonical\" href=\"https:\/\/www.teatrulreginamaria.ro\/hu\/programul-lunii-iulie-trupa-iosif-vulcan\/\" \/>\n\t<meta name=\"generator\" content=\"All in One SEO Pro (AIOSEO) 5.0.1.1\" \/>\n\t\t<meta property=\"og:locale\" content=\"hu_HU\" \/>\n\t\t<meta property=\"og:site_name\" content=\"Teatrul Regina Maria Oradea - Trupa Iosif Vulcan \u0219i Trupa Arcadia\" \/>\n\t\t<meta property=\"og:type\" content=\"article\" \/>\n\t\t<meta property=\"og:title\" content=\"Programul lunii iulie \u2013 Trupa Iosif Vulcan - Teatrul Regina Maria Oradea\" \/>\n\t\t<meta property=\"og:description\" content=\"Teatrul Regina Maria a preg\u0103tit \u015fi luna aceasta un adev\u0103rat festin teatral pentru or\u0103deni. Primul spectacol din luna iulie este \u201eCre\u0219tini\u201d care va avea loc vineri, 3 iulie de la ora 20:30 pe scena mobil\u0103 amplasat\u0103 \u00een Cetatea Oradea. \u00cen aceea\u0219i zi, de la ora 19:00, sunt a\u0219tepta\u021bi spectatorii care au fost prezen\u021bi la reprezenta\u021bia\" \/>\n\t\t<meta property=\"og:url\" content=\"https:\/\/www.teatrulreginamaria.ro\/hu\/programul-lunii-iulie-trupa-iosif-vulcan\/\" \/>\n\t\t<meta property=\"og:image\" content=\"https:\/\/www.teatrulreginamaria.ro\/wp-content\/uploads\/2025\/03\/trm-istoric-01.jpg\" \/>\n\t\t<meta property=\"og:image:secure_url\" content=\"https:\/\/www.teatrulreginamaria.ro\/wp-content\/uploads\/2025\/03\/trm-istoric-01.jpg\" \/>\n\t\t<meta property=\"og:image:width\" content=\"1200\" \/>\n\t\t<meta property=\"og:image:height\" content=\"800\" \/>\n\t\t<meta property=\"article:published_time\" content=\"2020-06-22T05:34:20+00:00\" \/>\n\t\t<meta property=\"article:modified_time\" content=\"2020-06-22T05:34:20+00:00\" \/>\n\t\t<meta property=\"article:publisher\" content=\"https:\/\/www.facebook.com\/TRMTrupaIosifVulcan\/\" \/>\n\t\t<meta name=\"twitter:card\" content=\"summary_large_image\" \/>\n\t\t<meta name=\"twitter:site\" content=\"@TRMOradea\" \/>\n\t\t<meta name=\"twitter:title\" content=\"Programul lunii iulie \u2013 Trupa Iosif Vulcan - Teatrul Regina Maria Oradea\" \/>\n\t\t<meta name=\"twitter:description\" content=\"Teatrul Regina Maria a preg\u0103tit \u015fi luna aceasta un adev\u0103rat festin teatral pentru or\u0103deni. Primul spectacol din luna iulie este \u201eCre\u0219tini\u201d care va avea loc vineri, 3 iulie de la ora 20:30 pe scena mobil\u0103 amplasat\u0103 \u00een Cetatea Oradea. \u00cen aceea\u0219i zi, de la ora 19:00, sunt a\u0219tepta\u021bi spectatorii care au fost prezen\u021bi la reprezenta\u021bia\" \/>\n\t\t<meta name=\"twitter:creator\" content=\"@TRMOradea\" \/>\n\t\t<meta name=\"twitter:image\" content=\"https:\/\/www.teatrulreginamaria.ro\/wp-content\/uploads\/2025\/03\/trm-istoric-01.jpg\" \/>\n\t\t<script type=\"application\/ld+json\" class=\"aioseo-schema\">\n\t\t\t{\"@context\":\"https:\\\/\\\/schema.org\",\"@graph\":[{\"@type\":\"BlogPosting\",\"@id\":\"https:\\\/\\\/www.teatrulreginamaria.ro\\\/hu\\\/programul-lunii-iulie-trupa-iosif-vulcan\\\/#blogposting\",\"name\":\"Programul lunii iulie \\u2013 Trupa Iosif Vulcan - Teatrul Regina Maria Oradea\",\"headline\":\"Programul lunii iulie &#8211; Trupa Iosif Vulcan\",\"author\":{\"@id\":\"https:\\\/\\\/www.teatrulreginamaria.ro\\\/hu\\\/author\\\/w3bmaster\\\/#author\"},\"publisher\":{\"@id\":\"https:\\\/\\\/www.teatrulreginamaria.ro\\\/hu\\\/#organization\"},\"image\":{\"@type\":\"ImageObject\",\"url\":\"https:\\\/\\\/www.teatrulreginamaria.ro\\\/wp-content\\\/uploads\\\/2025\\\/06\\\/logo-trm-01-dark.png\",\"@id\":\"https:\\\/\\\/www.teatrulreginamaria.ro\\\/hu\\\/#articleImage\",\"width\":300,\"height\":148},\"datePublished\":\"2020-06-22T05:34:20+03:00\",\"dateModified\":\"2020-06-22T05:34:20+03:00\",\"inLanguage\":\"hu-HU\",\"mainEntityOfPage\":{\"@id\":\"https:\\\/\\\/www.teatrulreginamaria.ro\\\/hu\\\/programul-lunii-iulie-trupa-iosif-vulcan\\\/#webpage\"},\"isPartOf\":{\"@id\":\"https:\\\/\\\/www.teatrulreginamaria.ro\\\/hu\\\/programul-lunii-iulie-trupa-iosif-vulcan\\\/#webpage\"},\"articleSection\":\"Nout\\u0103\\u021bi - Trupa Iosif Vulcan\"},{\"@type\":\"BreadcrumbList\",\"@id\":\"https:\\\/\\\/www.teatrulreginamaria.ro\\\/hu\\\/programul-lunii-iulie-trupa-iosif-vulcan\\\/#breadcrumblist\",\"itemListElement\":[{\"@type\":\"ListItem\",\"@id\":\"https:\\\/\\\/www.teatrulreginamaria.ro\\\/hu#listItem\",\"position\":1,\"name\":\"Home\",\"item\":\"https:\\\/\\\/www.teatrulreginamaria.ro\\\/hu\",\"nextItem\":{\"@type\":\"ListItem\",\"@id\":\"https:\\\/\\\/www.teatrulreginamaria.ro\\\/hu\\\/categorie\\\/noutati\\\/#listItem\",\"name\":\"Nout\\u0103\\u021bi\"}},{\"@type\":\"ListItem\",\"@id\":\"https:\\\/\\\/www.teatrulreginamaria.ro\\\/hu\\\/categorie\\\/noutati\\\/#listItem\",\"position\":2,\"name\":\"Nout\\u0103\\u021bi\",\"item\":\"https:\\\/\\\/www.teatrulreginamaria.ro\\\/hu\\\/categorie\\\/noutati\\\/\",\"nextItem\":{\"@type\":\"ListItem\",\"@id\":\"https:\\\/\\\/www.teatrulreginamaria.ro\\\/hu\\\/categorie\\\/noutati\\\/noutati-trupa-iosif-vulcan\\\/#listItem\",\"name\":\"Nout\\u0103\\u021bi - Trupa Iosif Vulcan\"},\"previousItem\":{\"@type\":\"ListItem\",\"@id\":\"https:\\\/\\\/www.teatrulreginamaria.ro\\\/hu#listItem\",\"name\":\"Home\"}},{\"@type\":\"ListItem\",\"@id\":\"https:\\\/\\\/www.teatrulreginamaria.ro\\\/hu\\\/categorie\\\/noutati\\\/noutati-trupa-iosif-vulcan\\\/#listItem\",\"position\":3,\"name\":\"Nout\\u0103\\u021bi - Trupa Iosif Vulcan\",\"item\":\"https:\\\/\\\/www.teatrulreginamaria.ro\\\/hu\\\/categorie\\\/noutati\\\/noutati-trupa-iosif-vulcan\\\/\",\"nextItem\":{\"@type\":\"ListItem\",\"@id\":\"https:\\\/\\\/www.teatrulreginamaria.ro\\\/hu\\\/programul-lunii-iulie-trupa-iosif-vulcan\\\/#listItem\",\"name\":\"Programul lunii iulie &#8211; Trupa Iosif Vulcan\"},\"previousItem\":{\"@type\":\"ListItem\",\"@id\":\"https:\\\/\\\/www.teatrulreginamaria.ro\\\/hu\\\/categorie\\\/noutati\\\/#listItem\",\"name\":\"Nout\\u0103\\u021bi\"}},{\"@type\":\"ListItem\",\"@id\":\"https:\\\/\\\/www.teatrulreginamaria.ro\\\/hu\\\/programul-lunii-iulie-trupa-iosif-vulcan\\\/#listItem\",\"position\":4,\"name\":\"Programul lunii iulie &#8211; Trupa Iosif Vulcan\",\"previousItem\":{\"@type\":\"ListItem\",\"@id\":\"https:\\\/\\\/www.teatrulreginamaria.ro\\\/hu\\\/categorie\\\/noutati\\\/noutati-trupa-iosif-vulcan\\\/#listItem\",\"name\":\"Nout\\u0103\\u021bi - Trupa Iosif Vulcan\"}}]},{\"@type\":\"Organization\",\"@id\":\"https:\\\/\\\/www.teatrulreginamaria.ro\\\/hu\\\/#organization\",\"name\":\"Teatrul Regina Maria Oradea\",\"description\":\"Trupa Iosif Vulcan \\u0219i Trupa Arcadia\",\"url\":\"https:\\\/\\\/www.teatrulreginamaria.ro\\\/hu\\\/\",\"email\":\"marketing@teatrulreginamaria.ro\",\"telephone\":\"+40359411534\",\"numberOfEmployees\":{\"@type\":\"QuantitativeValue\",\"minValue\":0,\"maxValue\":150},\"logo\":{\"@type\":\"ImageObject\",\"url\":\"https:\\\/\\\/www.teatrulreginamaria.ro\\\/wp-content\\\/uploads\\\/2025\\\/06\\\/logo-trm-01-dark.png\",\"@id\":\"https:\\\/\\\/www.teatrulreginamaria.ro\\\/hu\\\/programul-lunii-iulie-trupa-iosif-vulcan\\\/#organizationLogo\",\"width\":300,\"height\":148},\"image\":{\"@id\":\"https:\\\/\\\/www.teatrulreginamaria.ro\\\/hu\\\/programul-lunii-iulie-trupa-iosif-vulcan\\\/#organizationLogo\"},\"sameAs\":[\"https:\\\/\\\/www.facebook.com\\\/TRMTrupaIosifVulcan\\\/\",\"https:\\\/\\\/x.com\\\/TRMOradea\",\"https:\\\/\\\/www.instagram.com\\\/teatrul_regina_maria\\\/\",\"https:\\\/\\\/www.youtube.com\\\/c\\\/TeatrulReginaMariaOradea\",\"https:\\\/\\\/www.linkedin.com\\\/company\\\/teatrul-regina-maria\"]},{\"@type\":\"Person\",\"@id\":\"https:\\\/\\\/www.teatrulreginamaria.ro\\\/hu\\\/author\\\/w3bmaster\\\/#author\",\"url\":\"https:\\\/\\\/www.teatrulreginamaria.ro\\\/hu\\\/author\\\/w3bmaster\\\/\",\"name\":\"Teatrul Regina Maria\",\"image\":{\"@type\":\"ImageObject\",\"@id\":\"https:\\\/\\\/www.teatrulreginamaria.ro\\\/hu\\\/programul-lunii-iulie-trupa-iosif-vulcan\\\/#authorImage\",\"url\":\"https:\\\/\\\/secure.gravatar.com\\\/avatar\\\/5884139d508ae3f0bafe45e60563b48a9640146d3b08ccc6278c305ff9329305?s=96&d=mm&r=g\",\"width\":96,\"height\":96,\"caption\":\"Teatrul Regina Maria\"}},{\"@type\":\"WebPage\",\"@id\":\"https:\\\/\\\/www.teatrulreginamaria.ro\\\/hu\\\/programul-lunii-iulie-trupa-iosif-vulcan\\\/#webpage\",\"url\":\"https:\\\/\\\/www.teatrulreginamaria.ro\\\/hu\\\/programul-lunii-iulie-trupa-iosif-vulcan\\\/\",\"name\":\"Programul lunii iulie \\u2013 Trupa Iosif Vulcan - Teatrul Regina Maria Oradea\",\"description\":\"Teatrul Regina Maria a preg\\u0103tit \\u015fi luna aceasta un adev\\u0103rat festin teatral pentru or\\u0103deni. Primul spectacol din luna iulie este \\u201eCre\\u0219tini\\u201d care va avea loc vineri, 3 iulie de la ora 20:30 pe scena mobil\\u0103 amplasat\\u0103 \\u00een Cetatea Oradea. \\u00cen aceea\\u0219i zi, de la ora 19:00, sunt a\\u0219tepta\\u021bi spectatorii care au fost prezen\\u021bi la reprezenta\\u021bia\",\"inLanguage\":\"hu-HU\",\"isPartOf\":{\"@id\":\"https:\\\/\\\/www.teatrulreginamaria.ro\\\/hu\\\/#website\"},\"breadcrumb\":{\"@id\":\"https:\\\/\\\/www.teatrulreginamaria.ro\\\/hu\\\/programul-lunii-iulie-trupa-iosif-vulcan\\\/#breadcrumblist\"},\"author\":{\"@id\":\"https:\\\/\\\/www.teatrulreginamaria.ro\\\/hu\\\/author\\\/w3bmaster\\\/#author\"},\"creator\":{\"@id\":\"https:\\\/\\\/www.teatrulreginamaria.ro\\\/hu\\\/author\\\/w3bmaster\\\/#author\"},\"datePublished\":\"2020-06-22T05:34:20+03:00\",\"dateModified\":\"2020-06-22T05:34:20+03:00\"},{\"@type\":\"WebSite\",\"@id\":\"https:\\\/\\\/www.teatrulreginamaria.ro\\\/hu\\\/#website\",\"url\":\"https:\\\/\\\/www.teatrulreginamaria.ro\\\/hu\\\/\",\"name\":\"Teatrul Regina Maria Oradea\",\"alternateName\":\"TRM Oradea\",\"description\":\"Trupa Iosif Vulcan \\u0219i Trupa Arcadia\",\"inLanguage\":\"hu-HU\",\"publisher\":{\"@id\":\"https:\\\/\\\/www.teatrulreginamaria.ro\\\/hu\\\/#organization\"}}]}\n\t\t<\/script>\n\t\t<!-- All in One SEO Pro -->\r\n\t\t<title>Programul lunii iulie \u2013 Trupa Iosif Vulcan - Teatrul Regina Maria Oradea<\/title>\n\n","aioseo_head_json":{"title":"Programul lunii iulie \u2013 Trupa Iosif Vulcan - Teatrul Regina Maria Oradea","description":"Teatrul Regina Maria a preg\u0103tit \u015fi luna aceasta un adev\u0103rat festin teatral pentru or\u0103deni. Primul spectacol din luna iulie este \u201eCre\u0219tini\u201d care va avea loc vineri, 3 iulie de la ora 20:30 pe scena mobil\u0103 amplasat\u0103 \u00een Cetatea Oradea. \u00cen aceea\u0219i zi, de la ora 19:00, sunt a\u0219tepta\u021bi spectatorii care au fost prezen\u021bi la reprezenta\u021bia","canonical_url":"https:\/\/www.teatrulreginamaria.ro\/hu\/programul-lunii-iulie-trupa-iosif-vulcan\/","robots":"max-image-preview:large","keywords":"","webmasterTools":{"miscellaneous":""},"schema":{"@context":"https:\/\/schema.org","@graph":[{"@type":"BlogPosting","@id":"https:\/\/www.teatrulreginamaria.ro\/hu\/programul-lunii-iulie-trupa-iosif-vulcan\/#blogposting","name":"Programul lunii iulie \u2013 Trupa Iosif Vulcan - Teatrul Regina Maria Oradea","headline":"Programul lunii iulie &#8211; Trupa Iosif Vulcan","author":{"@id":"https:\/\/www.teatrulreginamaria.ro\/hu\/author\/w3bmaster\/#author"},"publisher":{"@id":"https:\/\/www.teatrulreginamaria.ro\/hu\/#organization"},"image":{"@type":"ImageObject","url":"https:\/\/www.teatrulreginamaria.ro\/wp-content\/uploads\/2025\/06\/logo-trm-01-dark.png","@id":"https:\/\/www.teatrulreginamaria.ro\/hu\/#articleImage","width":300,"height":148},"datePublished":"2020-06-22T05:34:20+03:00","dateModified":"2020-06-22T05:34:20+03:00","inLanguage":"hu-HU","mainEntityOfPage":{"@id":"https:\/\/www.teatrulreginamaria.ro\/hu\/programul-lunii-iulie-trupa-iosif-vulcan\/#webpage"},"isPartOf":{"@id":"https:\/\/www.teatrulreginamaria.ro\/hu\/programul-lunii-iulie-trupa-iosif-vulcan\/#webpage"},"articleSection":"Nout\u0103\u021bi - Trupa Iosif Vulcan"},{"@type":"BreadcrumbList","@id":"https:\/\/www.teatrulreginamaria.ro\/hu\/programul-lunii-iulie-trupa-iosif-vulcan\/#breadcrumblist","itemListElement":[{"@type":"ListItem","@id":"https:\/\/www.teatrulreginamaria.ro\/hu#listItem","position":1,"name":"Home","item":"https:\/\/www.teatrulreginamaria.ro\/hu","nextItem":{"@type":"ListItem","@id":"https:\/\/www.teatrulreginamaria.ro\/hu\/categorie\/noutati\/#listItem","name":"Nout\u0103\u021bi"}},{"@type":"ListItem","@id":"https:\/\/www.teatrulreginamaria.ro\/hu\/categorie\/noutati\/#listItem","position":2,"name":"Nout\u0103\u021bi","item":"https:\/\/www.teatrulreginamaria.ro\/hu\/categorie\/noutati\/","nextItem":{"@type":"ListItem","@id":"https:\/\/www.teatrulreginamaria.ro\/hu\/categorie\/noutati\/noutati-trupa-iosif-vulcan\/#listItem","name":"Nout\u0103\u021bi - Trupa Iosif Vulcan"},"previousItem":{"@type":"ListItem","@id":"https:\/\/www.teatrulreginamaria.ro\/hu#listItem","name":"Home"}},{"@type":"ListItem","@id":"https:\/\/www.teatrulreginamaria.ro\/hu\/categorie\/noutati\/noutati-trupa-iosif-vulcan\/#listItem","position":3,"name":"Nout\u0103\u021bi - Trupa Iosif Vulcan","item":"https:\/\/www.teatrulreginamaria.ro\/hu\/categorie\/noutati\/noutati-trupa-iosif-vulcan\/","nextItem":{"@type":"ListItem","@id":"https:\/\/www.teatrulreginamaria.ro\/hu\/programul-lunii-iulie-trupa-iosif-vulcan\/#listItem","name":"Programul lunii iulie &#8211; Trupa Iosif Vulcan"},"previousItem":{"@type":"ListItem","@id":"https:\/\/www.teatrulreginamaria.ro\/hu\/categorie\/noutati\/#listItem","name":"Nout\u0103\u021bi"}},{"@type":"ListItem","@id":"https:\/\/www.teatrulreginamaria.ro\/hu\/programul-lunii-iulie-trupa-iosif-vulcan\/#listItem","position":4,"name":"Programul lunii iulie &#8211; Trupa Iosif Vulcan","previousItem":{"@type":"ListItem","@id":"https:\/\/www.teatrulreginamaria.ro\/hu\/categorie\/noutati\/noutati-trupa-iosif-vulcan\/#listItem","name":"Nout\u0103\u021bi - Trupa Iosif Vulcan"}}]},{"@type":"Organization","@id":"https:\/\/www.teatrulreginamaria.ro\/hu\/#organization","name":"Teatrul Regina Maria Oradea","description":"Trupa Iosif Vulcan \u0219i Trupa Arcadia","url":"https:\/\/www.teatrulreginamaria.ro\/hu\/","email":"marketing@teatrulreginamaria.ro","telephone":"+40359411534","numberOfEmployees":{"@type":"QuantitativeValue","minValue":0,"maxValue":150},"logo":{"@type":"ImageObject","url":"https:\/\/www.teatrulreginamaria.ro\/wp-content\/uploads\/2025\/06\/logo-trm-01-dark.png","@id":"https:\/\/www.teatrulreginamaria.ro\/hu\/programul-lunii-iulie-trupa-iosif-vulcan\/#organizationLogo","width":300,"height":148},"image":{"@id":"https:\/\/www.teatrulreginamaria.ro\/hu\/programul-lunii-iulie-trupa-iosif-vulcan\/#organizationLogo"},"sameAs":["https:\/\/www.facebook.com\/TRMTrupaIosifVulcan\/","https:\/\/x.com\/TRMOradea","https:\/\/www.instagram.com\/teatrul_regina_maria\/","https:\/\/www.youtube.com\/c\/TeatrulReginaMariaOradea","https:\/\/www.linkedin.com\/company\/teatrul-regina-maria"]},{"@type":"Person","@id":"https:\/\/www.teatrulreginamaria.ro\/hu\/author\/w3bmaster\/#author","url":"https:\/\/www.teatrulreginamaria.ro\/hu\/author\/w3bmaster\/","name":"Teatrul Regina Maria","image":{"@type":"ImageObject","@id":"https:\/\/www.teatrulreginamaria.ro\/hu\/programul-lunii-iulie-trupa-iosif-vulcan\/#authorImage","url":"https:\/\/secure.gravatar.com\/avatar\/5884139d508ae3f0bafe45e60563b48a9640146d3b08ccc6278c305ff9329305?s=96&d=mm&r=g","width":96,"height":96,"caption":"Teatrul Regina Maria"}},{"@type":"WebPage","@id":"https:\/\/www.teatrulreginamaria.ro\/hu\/programul-lunii-iulie-trupa-iosif-vulcan\/#webpage","url":"https:\/\/www.teatrulreginamaria.ro\/hu\/programul-lunii-iulie-trupa-iosif-vulcan\/","name":"Programul lunii iulie \u2013 Trupa Iosif Vulcan - Teatrul Regina Maria Oradea","description":"Teatrul Regina Maria a preg\u0103tit \u015fi luna aceasta un adev\u0103rat festin teatral pentru or\u0103deni. Primul spectacol din luna iulie este \u201eCre\u0219tini\u201d care va avea loc vineri, 3 iulie de la ora 20:30 pe scena mobil\u0103 amplasat\u0103 \u00een Cetatea Oradea. \u00cen aceea\u0219i zi, de la ora 19:00, sunt a\u0219tepta\u021bi spectatorii care au fost prezen\u021bi la reprezenta\u021bia","inLanguage":"hu-HU","isPartOf":{"@id":"https:\/\/www.teatrulreginamaria.ro\/hu\/#website"},"breadcrumb":{"@id":"https:\/\/www.teatrulreginamaria.ro\/hu\/programul-lunii-iulie-trupa-iosif-vulcan\/#breadcrumblist"},"author":{"@id":"https:\/\/www.teatrulreginamaria.ro\/hu\/author\/w3bmaster\/#author"},"creator":{"@id":"https:\/\/www.teatrulreginamaria.ro\/hu\/author\/w3bmaster\/#author"},"datePublished":"2020-06-22T05:34:20+03:00","dateModified":"2020-06-22T05:34:20+03:00"},{"@type":"WebSite","@id":"https:\/\/www.teatrulreginamaria.ro\/hu\/#website","url":"https:\/\/www.teatrulreginamaria.ro\/hu\/","name":"Teatrul Regina Maria Oradea","alternateName":"TRM Oradea","description":"Trupa Iosif Vulcan \u0219i Trupa Arcadia","inLanguage":"hu-HU","publisher":{"@id":"https:\/\/www.teatrulreginamaria.ro\/hu\/#organization"}}]},"og:locale":"hu_HU","og:site_name":"Teatrul Regina Maria Oradea - Trupa Iosif Vulcan \u0219i Trupa Arcadia","og:type":"article","og:title":"Programul lunii iulie \u2013 Trupa Iosif Vulcan - Teatrul Regina Maria Oradea","og:description":"Teatrul Regina Maria a preg\u0103tit \u015fi luna aceasta un adev\u0103rat festin teatral pentru or\u0103deni. Primul spectacol din luna iulie este \u201eCre\u0219tini\u201d care va avea loc vineri, 3 iulie de la ora 20:30 pe scena mobil\u0103 amplasat\u0103 \u00een Cetatea Oradea. \u00cen aceea\u0219i zi, de la ora 19:00, sunt a\u0219tepta\u021bi spectatorii care au fost prezen\u021bi la reprezenta\u021bia","og:url":"https:\/\/www.teatrulreginamaria.ro\/hu\/programul-lunii-iulie-trupa-iosif-vulcan\/","og:image":"https:\/\/www.teatrulreginamaria.ro\/wp-content\/uploads\/2025\/03\/trm-istoric-01.jpg","og:image:secure_url":"https:\/\/www.teatrulreginamaria.ro\/wp-content\/uploads\/2025\/03\/trm-istoric-01.jpg","og:image:width":1200,"og:image:height":800,"article:published_time":"2020-06-22T05:34:20+00:00","article:modified_time":"2020-06-22T05:34:20+00:00","article:publisher":"https:\/\/www.facebook.com\/TRMTrupaIosifVulcan\/","twitter:card":"summary_large_image","twitter:site":"@TRMOradea","twitter:title":"Programul lunii iulie \u2013 Trupa Iosif Vulcan - Teatrul Regina Maria Oradea","twitter:description":"Teatrul Regina Maria a preg\u0103tit \u015fi luna aceasta un adev\u0103rat festin teatral pentru or\u0103deni. Primul spectacol din luna iulie este \u201eCre\u0219tini\u201d care va avea loc vineri, 3 iulie de la ora 20:30 pe scena mobil\u0103 amplasat\u0103 \u00een Cetatea Oradea. \u00cen aceea\u0219i zi, de la ora 19:00, sunt a\u0219tepta\u021bi spectatorii care au fost prezen\u021bi la reprezenta\u021bia","twitter:creator":"@TRMOradea","twitter:image":"https:\/\/www.teatrulreginamaria.ro\/wp-content\/uploads\/2025\/03\/trm-istoric-01.jpg"},"aioseo_meta_data":{"post_id":"4541","title":null,"description":null,"keywords":null,"keyphrases":null,"primary_term":null,"canonical_url":null,"og_title":null,"og_description":null,"og_object_type":"default","og_image_type":"default","og_image_url":null,"og_image_width":null,"og_image_height":null,"og_image_custom_url":null,"og_image_custom_fields":null,"og_video":null,"og_custom_url":null,"og_article_section":null,"og_article_tags":null,"twitter_use_og":false,"twitter_card":"default","twitter_image_type":"default","twitter_image_url":null,"twitter_image_custom_url":null,"twitter_image_custom_fields":null,"twitter_title":null,"twitter_description":null,"schema":{"blockGraphs":[],"customGraphs":[],"default":{"data":{"Article":[],"Course":[],"Dataset":[],"FAQPage":[],"Movie":[],"Person":[],"Product":[],"ProductReview":[],"Car":[],"Recipe":[],"Service":[],"SoftwareApplication":[],"WebPage":[]},"graphName":"","isEnabled":true},"graphs":[]},"schema_type":"default","schema_type_options":null,"pillar_content":false,"robots_default":true,"robots_noindex":false,"robots_noarchive":false,"robots_nosnippet":false,"robots_nofollow":false,"robots_noimageindex":false,"robots_noodp":false,"robots_notranslate":false,"robots_max_snippet":null,"robots_max_videopreview":null,"robots_max_imagepreview":"large","priority":null,"frequency":null,"local_seo":null,"seo_analyzer_scan_date":"2026-05-13 02:33:45","breadcrumb_settings":null,"limit_modified_date":false,"reviewed_by":null,"open_ai":null,"ai":null,"created":"2025-04-09 17:42:42","updated":"2026-05-13 02:33:45","focus_keyword":null,"additional_keywords":null,"truseo_locale":null},"aioseo_breadcrumb":"<div class=\"aioseo-breadcrumbs\"><span class=\"aioseo-breadcrumb\">\n\t<a href=\"https:\/\/www.teatrulreginamaria.ro\/hu\" title=\"Home\">Home<\/a>\n<\/span><span class=\"aioseo-breadcrumb-separator\">&raquo;<\/span><span class=\"aioseo-breadcrumb\">\n\t<a href=\"https:\/\/www.teatrulreginamaria.ro\/hu\/categorie\/noutati\/\" title=\"Nout\u0103\u021bi\">Nout\u0103\u021bi<\/a>\n<\/span><span class=\"aioseo-breadcrumb-separator\">&raquo;<\/span><span class=\"aioseo-breadcrumb\">\n\t<a href=\"https:\/\/www.teatrulreginamaria.ro\/hu\/categorie\/noutati\/noutati-trupa-iosif-vulcan\/\" title=\"Nout\u0103\u021bi - Trupa Iosif Vulcan\">Nout\u0103\u021bi - Trupa Iosif Vulcan<\/a>\n<\/span><span class=\"aioseo-breadcrumb-separator\">&raquo;<\/span><span class=\"aioseo-breadcrumb\">\n\tProgramul lunii iulie \u2013 Trupa Iosif Vulcan\n<\/span><\/div>","aioseo_breadcrumb_json":[{"label":"Home","link":"https:\/\/www.teatrulreginamaria.ro\/hu"},{"label":"Nout\u0103\u021bi","link":"https:\/\/www.teatrulreginamaria.ro\/hu\/categorie\/noutati\/"},{"label":"Nout\u0103\u021bi - Trupa Iosif Vulcan","link":"https:\/\/www.teatrulreginamaria.ro\/hu\/categorie\/noutati\/noutati-trupa-iosif-vulcan\/"},{"label":"Programul lunii iulie &#8211; Trupa Iosif Vulcan","link":"https:\/\/www.teatrulreginamaria.ro\/hu\/programul-lunii-iulie-trupa-iosif-vulcan\/"}],"acf":[],"_links":{"self":[{"href":"https:\/\/www.teatrulreginamaria.ro\/hu\/wp-json\/wp\/v2\/posts\/4541","targetHints":{"allow":["GET"]}}],"collection":[{"href":"https:\/\/www.teatrulreginamaria.ro\/hu\/wp-json\/wp\/v2\/posts"}],"about":[{"href":"https:\/\/www.teatrulreginamaria.ro\/hu\/wp-json\/wp\/v2\/types\/post"}],"author":[{"embeddable":true,"href":"https:\/\/www.teatrulreginamaria.ro\/hu\/wp-json\/wp\/v2\/users\/6"}],"replies":[{"embeddable":true,"href":"https:\/\/www.teatrulreginamaria.ro\/hu\/wp-json\/wp\/v2\/comments?post=4541"}],"version-history":[{"count":0,"href":"https:\/\/www.teatrulreginamaria.ro\/hu\/wp-json\/wp\/v2\/posts\/4541\/revisions"}],"wp:attachment":[{"href":"https:\/\/www.teatrulreginamaria.ro\/hu\/wp-json\/wp\/v2\/media?parent=4541"}],"wp:term":[{"taxonomy":"category","embeddable":true,"href":"https:\/\/www.teatrulreginamaria.ro\/hu\/wp-json\/wp\/v2\/categories?post=4541"},{"taxonomy":"post_tag","embeddable":true,"href":"https:\/\/www.teatrulreginamaria.ro\/hu\/wp-json\/wp\/v2\/tags?post=4541"}],"curies":[{"name":"munkaf\u00fczet","href":"https:\/\/api.w.org\/{rel}","templated":true}]}}