{"id":4547,"date":"2020-07-01T09:50:07","date_gmt":"2020-07-01T09:50:07","guid":{"rendered":"https:\/\/teatrulreginamaria.ro\/2020\/07\/01\/premiera-inedita-la-teatrul-regina-maria-sarpele-in-iarba\/"},"modified":"2025-04-10T11:00:38","modified_gmt":"2025-04-10T08:00:38","slug":"egyedulallo-premier-a-queen-maria-szinhazban-a-kigyo-a-fuben","status":"publish","type":"post","link":"https:\/\/www.teatrulreginamaria.ro\/hu\/premiera-inedita-la-teatrul-regina-maria-sarpele-in-iarba\/","title":{"rendered":"Egyed\u00fcl\u00e1ll\u00f3 premier a Regina Maria Sz\u00ednh\u00e1zban: A K\u00cdGY\u00d3 A F\u0170BEN"},"content":{"rendered":"<p class=\"wp-block-paragraph\">A Regina Maria Sz\u00ednh\u00e1z j\u00falius 4-\u00e9n, szombaton 19:00 \u00f3r\u00e1t\u00f3l szeretettel v\u00e1rja \u00d6nt az els\u0151, kifejezetten online megtekint\u00e9sre k\u00e9sz\u00fclt el\u0151ad\u00e1s megtekint\u00e9s\u00e9re: Alan Ayckbourn \u201eA k\u00edgy\u00f3 a f\u0171ben\u201d c\u00edm\u0171 m\u0171ve, m\u0171v\u00e9szeti vezet\u0151: Sebastian Lupu. A k\u00f6vetkez\u0151 el\u0151ad\u00e1s j\u00falius 26-ra volt kit\u0171zve, ugyanekkor, szint\u00e9n online.<\/p>\n\n\n\n<!--more-->\n\n\n\n<p class=\"wp-block-paragraph\">A F\u0170BEN A K\u00cdGY\u00d3 szerz\u0151je, Alan Ayckbourn, egy term\u00e9keny brit dr\u00e1ma\u00edr\u00f3, aki t\u00f6bb mint 80 darabot \u00edrt, \u00e9s vil\u00e1gszerte elismert irodalmi alkot\u00e1sai\u00e9rt. Rendez\u0151k\u00e9nt is ismert, k\u00fcl\u00f6n\u00f6sen az SJT-ben (Stephen Joseph Sz\u00ednh\u00e1z), amely Stephen Joseph rendez\u0151r\u0151l kapta a nev\u00e9t, aki Alan Ayckbourn mentora volt, \u00e9s aki arra biztatta, hogy elkezdjen darabokat \u00edrni. Sz\u00e1mos d\u00edjat kapott, k\u00f6zt\u00fck k\u00e9t Olivier-d\u00edjat, k\u00e9t Moli\u00e8re-d\u00edjat \u00e9s egy k\u00fcl\u00f6nleges Tony-d\u00edjat a sz\u00ednh\u00e1znak szentelt \u00e9letm\u0171v\u00e9\u00e9rt. Tov\u00e1bbra is \u00edr \u00e9s rendez el\u0151ad\u00e1sokat az SJT-ben, leg\u00fajabb darabja, az &quot;Anno Domino&quot;, amelyet saj\u00e1t maga rendezett, online el\u00e9rhet\u0151 r\u00e1di\u00f3s v\u00e1ltozatban.&nbsp;<\/p>\n\n\n\n<p class=\"wp-block-paragraph\">A F\u0170BEN CSAP\u00d3 K\u00cdGY\u00d3 c\u00edm\u0171 darab egy pszichol\u00f3giai thriller, amely a szerepl\u0151k sz\u00e1nd\u00e9kainak finom kidolgozotts\u00e1g\u00e1val \u00e9s az \u00e9rzelmek mozaikj\u00e1nak m\u00e9lys\u00e9g\u00e9vel ragadja meg a k\u00f6z\u00f6ns\u00e9get, fokozva a t\u00f6rt\u00e9net sor\u00e1n v\u00e9gig \u00e9rezhet\u0151 fesz\u00fclts\u00e9get \u00e9s izgalmat.<\/p>\n\n\n\n<p class=\"wp-block-paragraph\">K\u00e9t n\u0151v\u00e9r, akiket a t\u00e1vols\u00e1g \u00e9s k\u00fcl\u00f6n\u00f6sen a boldogtalan gyermekkor eml\u00e9ke v\u00e1laszt el egym\u00e1st\u00f3l, apjuk nemr\u00e9giben bek\u00f6vetkezett hal\u00e1la ut\u00e1n \u00fajra tal\u00e1lkoznak. \u00dajra felfedezve azokat az eml\u00e9keket, amelyek a sz\u00fcl\u0151i h\u00e1zhoz k\u00f6tik \u0151ket, elkezdenek felsz\u00ednre hozni olyan \u00e9rz\u00e9seket, amelyek felkavarj\u00e1k a zsarnokoskod\u00f3 \u00e9s \u00e9rzelmileg el\u00e9rhetetlen ap\u00e1val le\u00e9lt \u00e9let s\u00f6t\u00e9t m\u00faltj\u00e1t.<\/p>\n\n\n\n<p class=\"wp-block-paragraph\">Azt gondolhatn\u00e1nk, hogy ez a tal\u00e1lkoz\u00e1s ter\u00e1pi\u00e1s jelleg\u0171, amelyen kereszt\u00fcl a k\u00e9t n\u0151 \u00e9rzelmi traum\u00e1i enyh\u00fclnek, \u00e1m apjuk egykori \u00e1pol\u00f3n\u0151j\u00e9nek megjelen\u00e9se, aki ravaszul k\u00e9ts\u00e9get \u00fcltet az id\u0151sebb n\u0151v\u00e9r elm\u00e9j\u00e9be, meglep\u0151 fordulatot okoz.<\/p>\n\n\n\n<p class=\"wp-block-paragraph\">\u201eA k\u00edgy\u00f3 a f\u0171ben\u201d c\u00edm\u0171 darab m\u00e1s kultur\u00e1lis int\u00e9zm\u00e9nyek reperto\u00e1rj\u00e1ban is szerepel: a galaci \u201eFani Tardini\u201d Dr\u00e1mai Sz\u00ednh\u00e1z, a Bulandra Sz\u00ednh\u00e1z \u00e9s a nagyszebeni \u201eRadu Stanca\u201d Nemzeti Sz\u00ednh\u00e1z, melyeket a sz\u00ednh\u00e1zi vil\u00e1g \u00e9s a k\u00f6z\u00f6ns\u00e9g is nagy sikerrel fogadott. Az Iosif Vulcan T\u00e1rsulat premierje azonban \u00fajdons\u00e1g Rom\u00e1ni\u00e1ban, mivel megval\u00f3s\u00edt\u00e1s\u00e1nak m\u00f3dja miatt ez a projekt \u00fatt\u00f6r\u0151nek sz\u00e1m\u00edt a el\u0151ad\u00f3m\u0171v\u00e9szet ter\u00fclet\u00e9n. A COVID-19 j\u00e1rv\u00e1ny miatti korl\u00e1toz\u00e1sok miatt z\u00e1rt terekben nem lehetett rendezv\u00e9nyeket szervezni, ez\u00e9rt a m\u0171v\u00e9szeti csapat tagjainak innovat\u00edv k\u00e9pess\u00e9gei arra ir\u00e1nyultak, hogy optim\u00e1lis megold\u00e1st tal\u00e1ljanak A K\u00cdGY\u00d3 a f\u0171ben c\u00edm\u0171 darab koncepci\u00f3j\u00e1ban, nevezetesen egy online premierre. A Regina Maria Sz\u00ednh\u00e1z vezet\u0151s\u00e9ge \u2013 ahogyan azt m\u00e1r m\u00e1s alkalmakkor is tette \u2013 pozit\u00edvan reag\u00e1lt Sebastian Lupu sz\u00edn\u00e9sz javaslat\u00e1ra, hogy egy ilyen potenci\u00e1llal rendelkez\u0151 sz\u00f6veget \u00e1ll\u00edtson sz\u00ednpadra.<\/p>\n\n\n\n<p class=\"wp-block-paragraph\">A F\u0170BEN A K\u00cdGY\u00d3 az els\u0151 rendez\u0151i projekt, amelyet Sebastian Lupu a sz\u00ednpadra val\u00f3 visszat\u00e9r\u00e9se ut\u00e1n v\u00e1llal, miut\u00e1n egy id\u0151re visszavonult egy agyi aneurizma miatti fel\u00e9p\u00fcl\u00e9s miatt. \u00cdgy, m\u00edg az el\u0151ad\u00e1s elk\u00e9sz\u00edt\u00e9s\u00e9ben r\u00e9szt vev\u0151 teljes csapat sz\u00e1m\u00e1ra ez egy lelki projekt, Sebastian Lupu sz\u00e1m\u00e1ra ez \u00f6nmaga \u00fajrafelfedez\u00e9se, a m\u0171v\u00e9szet \u00e1ltali fel\u00e9p\u00fcl\u00e9s m\u00f3dja, hogyan m\u00e1sk\u00e9pp, mint az \u00e9let \u00e9s az alkot\u00e1s \u00e1ltal.<\/p>\n\n\n\n<p class=\"wp-block-paragraph\"><em>Hatalmas \u00f6r\u00f6m a koll\u00e9g\u00e1iddal egy\u00fctt lenni \u00e9s egy olyan t\u00f6rt\u00e9netet l\u00e9trehozni, amit ennyi n\u00e9z\u0151 \u00e9lvezni fog! 23 \u00e9ve csin\u00e1lom ezt, \u00e9s minden alkalommal egyedi \u00e9s szem\u00e9lyes \u00fcnnep!<\/em><\/p>\n\n\n\n<p class=\"wp-block-paragraph\"><em>De amikor t\u00f6rt\u00e9netesen \u00e9n vagyok az, akinek megadatott a kiv\u00e1lts\u00e1g, hogy \u0151 lehetek a \u201ef\u0151 alkot\u00f3\u201d, amikor a koll\u00e9g\u00e1id, a testv\u00e9reid, azok, akikkel \u00e9vtizedekig egy\u00fctt \u00e9ltetek \u00e9s t\u00e1pl\u00e1lkoztatok ugyanazon a szent deszk\u00e1n, hagyj\u00e1k, hogy a t\u00f6rt\u00e9neted vezesse \u00e9s megh\u00f3d\u00edtsa \u0151ket, \u00e9s minden bizalmukat bel\u00e9d helyezik, csukott szemmel vetik bele magukat egy olyan kalandba, amelyet kezdetben csak te ismersz, nos, akkor minden es\u00e9ly megvan arra, hogy egy teljesen \u00e9s eg\u00e9szen k\u00fcl\u00f6nleges el\u0151ad\u00e1s sz\u00fclessen!<\/em> \u2013 Sebastian Lupu<\/p>\n\n\n\n<p class=\"wp-block-paragraph\">A szerepl\u0151k k\u00f6z\u00f6tt a k\u00f6vetkez\u0151 sz\u00edn\u00e9szn\u0151k szerepelnek: Mirela Ni\u021b\u0103 Lupu (Miriam), Anda T\u0103m\u0103\u0219anu (Alice) \u00e9s Angela Tanko (Annabel).<\/p>\n\n\n\n<p class=\"wp-block-paragraph\"><em>Miriam a \u201eK\u00edgy\u00f3 a f\u0171ben\u201d c\u00edm\u0171 filmb\u0151l sz\u00e1momra az a karakter, akir\u0151l azt mondtam: \u201e\u00c9letre kell keltenem.\u201d A szerelem, az \u00e9rdekl\u0151d\u00e9s, a szenved\u00e9ly, a manipul\u00e1ci\u00f3, az \u0151szintes\u00e9g, a k\u00e9pmutat\u00e1s, az elhivatotts\u00e1g \u00e9s az \u00f6nz\u00e9s kever\u00e9ke, igazi kih\u00edv\u00e1s. <\/em><\/p>\n\n\n\n<p class=\"wp-block-paragraph\"><em>\u201eA k\u00edgy\u00f3 a f\u0171ben\u201d szenved\u00e9lyes \u00e9s elk\u00f6telezett embereket gy\u0171jt\u00f6tt \u00f6ssze, \u00e9s meg vagyok gy\u0151z\u0151dve arr\u00f3l, hogy a k\u00f6z\u00f6ns\u00e9g ugyan\u00fagy szeretni fogja, mint mi, akik \u00e9letre keltj\u00fck.<\/em>. \u2013 Mirela Nita Lupu<\/p>\n\n\n\n<p class=\"wp-block-paragraph\"><em>\u201eA k\u00edgy\u00f3 a f\u0171ben\u201d egy elk\u00f6telezett, szenved\u00e9lyes \u00e9s nagyon kedves csapatot jelent sz\u00e1momra, akik egys\u00e9gesen \u00e9s m\u00f3dszeresen dolgoztak. Olyan sz\u00f6vegre \u00e9s \u00fcr\u00fcgyre bukkantam, amely ism\u00e9t bebizony\u00edtja sz\u00e1momra, sz\u00edn\u00e9szn\u0151k\u00e9nt \u00e9s emberk\u00e9nt is, hogy val\u00f3ban van ig\u00e9nyem az olyan zen\u00e9kre, amelyek felt\u00e1rj\u00e1k a h\u00e1l\u00e1tlans\u00e1got, a sz\u00ednleltet, a \u201eneh\u00e9z megv\u00e9deni\u201d-t. Alice sz\u00e1momra meglep\u0151 kih\u00edv\u00e1s. <\/em>\u2013 Anda Tamasanu<\/p>\n\n\n\n<p class=\"wp-block-paragraph\"><em>\u201eA k\u00edgy\u00f3 a f\u0171ben\u201d egy \u00e9letm\u0171 el\u0151ad\u00e1sa, amely b\u00e1rki sz\u00e1m\u00e1ra el\u00e9rhet\u0151.&nbsp;&nbsp;&nbsp;&nbsp;&nbsp;&nbsp;&nbsp;&nbsp;&nbsp;&nbsp;&nbsp;&nbsp;&nbsp;&nbsp;&nbsp;&nbsp;&nbsp;&nbsp;&nbsp;&nbsp; <\/em><\/p>\n\n\n\n<p class=\"wp-block-paragraph\"><em>Egy gy\u00f6ny\u00f6r\u0171 utaz\u00e1s, melyet kiv\u00e1l\u00f3 sz\u00edn\u00e9szkoll\u00e9g\u00e1immal tettem meg Sebastian Lupu vezet\u00e9s\u00e9vel, akiben egy olyan embert \u00e9s rendez\u0151t l\u00e1tok, aki tele van professzion\u00e1lis kvalit\u00e1sokkal. <\/em><\/p>\n\n\n\n<p class=\"wp-block-paragraph\"><em>&nbsp;Ezek \u00faj sz\u00ednpadi helyzetek, amelyekhez mindannyian csod\u00e1latosan hozz\u00e1j\u00e1rultunk, \u00e9s rem\u00e9lem, hogy felkeltj\u00fck a darab t\u00e9m\u00e1j\u00e1t azok \u00e9rdekl\u0151d\u00e9s\u00e9re, akik megn\u00e9zik.&nbsp; <\/em>\u2013 Angela Tanko<\/p>\n\n\n\n<p class=\"wp-block-paragraph\">A m\u0171v\u00e9szeti csapatot Oana Cernea (d\u00edszletrajz) \u00e9s Romeo R\u00eembu (eredeti zene) teszi teljess\u00e9.<\/p>\n\n\n\n<p class=\"wp-block-paragraph\"><em>A \u201eK\u00edgy\u00f3 a f\u0171ben\u201d c\u00edm\u0171 el\u0151ad\u00e1s d\u00edszletei furcsa kih\u00edv\u00e1st jelentettek sz\u00e1momra. Mivel hozz\u00e1szoktam ahhoz, hogy a d\u00edszleteket olyan el\u0151ad\u00e1shoz tervezzem, amely nem korl\u00e1tozza a t\u00e1rsadalmi t\u00e1vols\u00e1gtart\u00e1st, \u00e9s nem k\u00e9pzelek el olyan teret, ahol a sz\u00edn\u00e9szek csak 3 m\u00e9ter t\u00e1vols\u00e1gb\u00f3l tudnak interakci\u00f3ba l\u00e9pni egym\u00e1ssal, olyan teret kellett kialak\u00edtanom, amely egyszerre l\u00e9legzik a sz\u00f6veggel \u00e9s Sebastian Lupu rendez\u0151i \u00f6tleteivel.<\/em><\/p>\n\n\n\n<p class=\"wp-block-paragraph\"><em>Azonban bizonyos \u00e9rtelemben &quot;elt\u00e1volodva&quot; azt hiszem, mindig tanulunk csapatk\u00e9nt m\u0171k\u00f6dni, k\u00f6zelebb ker\u00fcl\u00fcnk egym\u00e1shoz \u00f6tletekben, m\u0171v\u00e9szetben, olyan l\u00e9gk\u00f6rt teremt\u00fcnk, amelyet m\u00e1soknak is \u00e1t akarunk adni. Err\u0151l sz\u00f3l a sz\u00ednh\u00e1z, \u00e9s ez fejezi ki a &quot;K\u00edgy\u00f3 a f\u0171ben&quot; c\u00edm\u0171 el\u0151ad\u00e1s csapat\u00e1nak minden er\u0151fesz\u00edt\u00e9s\u00e9t. Sz\u00edvb\u0151l k\u00f6sz\u00f6n\u00f6m ezt!<\/em> \u2013 Oana Cernea<\/p>\n\n\n\n<p class=\"wp-block-paragraph\">Jegyek csak online voltak kaphat\u00f3k a <a href=\"http:\/\/www.bilete.ro\">www.bilete.ro<\/a>. A felv\u00e9tel felt\u00f6lt\u00e9sre ker\u00fcl a YouTube-ra, \u00e9s csak este 7 \u00f3r\u00e1t\u00f3l lesz el\u00e9rhet\u0151, a k\u00f6zvet\u00edt\u00e9s kezdete el\u0151tt egy \u00f3r\u00e1val pedig a jegyet v\u00e1s\u00e1rl\u00f3 n\u00e9z\u0151k e-mailben kapnak egy linket a vide\u00f3 el\u00e9r\u00e9s\u00e9hez.<\/p>\n\n\n\n<p class=\"wp-block-paragraph\">Megh\u00edvunk, hogy \u00e9ld \u00e1t vel\u00fcnk az online \u00e9let var\u00e1zs\u00e1t!<\/p>\n\n\n\n<p class=\"wp-block-paragraph\">__________________________________________________<\/p>\n\n\n\n<p class=\"wp-block-paragraph\">Nemes Ram\u00f3na<br>PR-titk\u00e1r<br>Queen Mary Sz\u00ednh\u00e1z<br>email: <a href=\"mailto:secretariat.literar.trm@gmail.com\">secretariat.literar.trm@gmail.com<\/a>&nbsp;<br>weboldal: <a href=\"http:\/\/www.teatrulreginamaria.ro\/hu\/\">www.teatrulreginamaria.ro<\/a><\/p>","protected":false},"excerpt":{"rendered":"<p>A Regina Maria Sz\u00ednh\u00e1z j\u00falius 4-\u00e9n, szombaton 19:00 \u00f3r\u00e1t\u00f3l szeretettel v\u00e1rja \u00d6nt az els\u0151, kifejezetten online megtekint\u00e9sre k\u00e9sz\u00fclt el\u0151ad\u00e1s megtekint\u00e9s\u00e9re: Alan Ayckbourn \u201eA k\u00edgy\u00f3 a f\u0171ben\u201d c\u00edm\u0171 m\u0171ve, m\u0171v\u00e9szeti vezet\u0151: Sebastian Lupu. A k\u00f6vetkez\u0151 el\u0151ad\u00e1s j\u00falius 26-ra volt kit\u0171zve, ugyanekkor, szint\u00e9n online.<\/p>","protected":false},"author":6,"featured_media":0,"comment_status":"open","ping_status":"open","sticky":false,"template":"","format":"standard","meta":{"_acf_changed":false,"footnotes":""},"categories":[22],"tags":[],"class_list":["post-4547","post","type-post","status-publish","format-standard","hentry","category-noutati-trupa-iosif-vulcan"],"aioseo_notices":[],"aioseo_head":"\n\t\t<!-- All in One SEO Pro 5.0.1.1 - aioseo.com -->\n\t<meta name=\"description\" content=\"Teatrul Regina Maria v\u0103 invit\u0103 s\u00e2mb\u0103t\u0103, 4 iulie, de la ora 19:00, s\u0103 v\u0103 bucura\u021bi de primul spectacol realizat special pentru a fi vizionat online: \u201e\u0218arpele \u00een iarb\u0103\u201d de Alan Ayckbourn, regia artistic\u0103: Sebastian Lupu. Urm\u0103toarea reprezenta\u021bie a fost programat\u0103 \u00een 26 iulie, de la aceea\u0219i or\u0103, tot on-line. Autorul textului \u0218ARPELE \u00ceN IARB\u0102, Alan\" \/>\n\t<meta name=\"robots\" content=\"max-image-preview:large\" \/>\n\t<meta name=\"author\" content=\"Teatrul Regina Maria\"\/>\n\t<link rel=\"canonical\" href=\"https:\/\/www.teatrulreginamaria.ro\/hu\/premiera-inedita-la-teatrul-regina-maria-sarpele-in-iarba\/\" \/>\n\t<meta name=\"generator\" content=\"All in One SEO Pro (AIOSEO) 5.0.1.1\" \/>\n\t\t<meta property=\"og:locale\" content=\"hu_HU\" \/>\n\t\t<meta property=\"og:site_name\" content=\"Teatrul Regina Maria Oradea - Trupa Iosif Vulcan \u0219i Trupa Arcadia\" \/>\n\t\t<meta property=\"og:type\" content=\"article\" \/>\n\t\t<meta property=\"og:title\" content=\"Premier\u0103 inedit\u0103 la Teatrul Regina Maria: \u0218ARPELE \u00ceN IARB\u0102 - Teatrul Regina Maria Oradea\" \/>\n\t\t<meta property=\"og:description\" content=\"Teatrul Regina Maria v\u0103 invit\u0103 s\u00e2mb\u0103t\u0103, 4 iulie, de la ora 19:00, s\u0103 v\u0103 bucura\u021bi de primul spectacol realizat special pentru a fi vizionat online: \u201e\u0218arpele \u00een iarb\u0103\u201d de Alan Ayckbourn, regia artistic\u0103: Sebastian Lupu. Urm\u0103toarea reprezenta\u021bie a fost programat\u0103 \u00een 26 iulie, de la aceea\u0219i or\u0103, tot on-line. Autorul textului \u0218ARPELE \u00ceN IARB\u0102, Alan\" \/>\n\t\t<meta property=\"og:url\" content=\"https:\/\/www.teatrulreginamaria.ro\/hu\/premiera-inedita-la-teatrul-regina-maria-sarpele-in-iarba\/\" \/>\n\t\t<meta property=\"og:image\" content=\"https:\/\/www.teatrulreginamaria.ro\/wp-content\/uploads\/2025\/03\/trm-istoric-01.jpg\" \/>\n\t\t<meta property=\"og:image:secure_url\" content=\"https:\/\/www.teatrulreginamaria.ro\/wp-content\/uploads\/2025\/03\/trm-istoric-01.jpg\" \/>\n\t\t<meta property=\"og:image:width\" content=\"1200\" \/>\n\t\t<meta property=\"og:image:height\" content=\"800\" \/>\n\t\t<meta property=\"article:published_time\" content=\"2020-07-01T09:50:07+00:00\" \/>\n\t\t<meta property=\"article:modified_time\" content=\"2025-04-10T08:00:38+00:00\" \/>\n\t\t<meta property=\"article:publisher\" content=\"https:\/\/www.facebook.com\/TRMTrupaIosifVulcan\/\" \/>\n\t\t<meta name=\"twitter:card\" content=\"summary_large_image\" \/>\n\t\t<meta name=\"twitter:site\" content=\"@TRMOradea\" \/>\n\t\t<meta name=\"twitter:title\" content=\"Premier\u0103 inedit\u0103 la Teatrul Regina Maria: \u0218ARPELE \u00ceN IARB\u0102 - Teatrul Regina Maria Oradea\" \/>\n\t\t<meta name=\"twitter:description\" content=\"Teatrul Regina Maria v\u0103 invit\u0103 s\u00e2mb\u0103t\u0103, 4 iulie, de la ora 19:00, s\u0103 v\u0103 bucura\u021bi de primul spectacol realizat special pentru a fi vizionat online: \u201e\u0218arpele \u00een iarb\u0103\u201d de Alan Ayckbourn, regia artistic\u0103: Sebastian Lupu. Urm\u0103toarea reprezenta\u021bie a fost programat\u0103 \u00een 26 iulie, de la aceea\u0219i or\u0103, tot on-line. Autorul textului \u0218ARPELE \u00ceN IARB\u0102, Alan\" \/>\n\t\t<meta name=\"twitter:creator\" content=\"@TRMOradea\" \/>\n\t\t<meta name=\"twitter:image\" content=\"https:\/\/www.teatrulreginamaria.ro\/wp-content\/uploads\/2025\/03\/trm-istoric-01.jpg\" \/>\n\t\t<script type=\"application\/ld+json\" class=\"aioseo-schema\">\n\t\t\t{\"@context\":\"https:\\\/\\\/schema.org\",\"@graph\":[{\"@type\":\"BlogPosting\",\"@id\":\"https:\\\/\\\/www.teatrulreginamaria.ro\\\/hu\\\/premiera-inedita-la-teatrul-regina-maria-sarpele-in-iarba\\\/#blogposting\",\"name\":\"Premier\\u0103 inedit\\u0103 la Teatrul Regina Maria: \\u0218ARPELE \\u00ceN IARB\\u0102 - Teatrul Regina Maria Oradea\",\"headline\":\"Premier\\u0103 inedit\\u0103 la Teatrul Regina Maria: \\u0218ARPELE \\u00ceN IARB\\u0102\",\"author\":{\"@id\":\"https:\\\/\\\/www.teatrulreginamaria.ro\\\/hu\\\/author\\\/w3bmaster\\\/#author\"},\"publisher\":{\"@id\":\"https:\\\/\\\/www.teatrulreginamaria.ro\\\/hu\\\/#organization\"},\"image\":{\"@type\":\"ImageObject\",\"url\":\"https:\\\/\\\/www.teatrulreginamaria.ro\\\/wp-content\\\/uploads\\\/2025\\\/06\\\/logo-trm-01-dark.png\",\"@id\":\"https:\\\/\\\/www.teatrulreginamaria.ro\\\/hu\\\/#articleImage\",\"width\":300,\"height\":148},\"datePublished\":\"2020-07-01T09:50:07+03:00\",\"dateModified\":\"2025-04-10T11:00:38+03:00\",\"inLanguage\":\"hu-HU\",\"mainEntityOfPage\":{\"@id\":\"https:\\\/\\\/www.teatrulreginamaria.ro\\\/hu\\\/premiera-inedita-la-teatrul-regina-maria-sarpele-in-iarba\\\/#webpage\"},\"isPartOf\":{\"@id\":\"https:\\\/\\\/www.teatrulreginamaria.ro\\\/hu\\\/premiera-inedita-la-teatrul-regina-maria-sarpele-in-iarba\\\/#webpage\"},\"articleSection\":\"Nout\\u0103\\u021bi - Trupa Iosif Vulcan\"},{\"@type\":\"BreadcrumbList\",\"@id\":\"https:\\\/\\\/www.teatrulreginamaria.ro\\\/hu\\\/premiera-inedita-la-teatrul-regina-maria-sarpele-in-iarba\\\/#breadcrumblist\",\"itemListElement\":[{\"@type\":\"ListItem\",\"@id\":\"https:\\\/\\\/www.teatrulreginamaria.ro\\\/hu#listItem\",\"position\":1,\"name\":\"Home\",\"item\":\"https:\\\/\\\/www.teatrulreginamaria.ro\\\/hu\",\"nextItem\":{\"@type\":\"ListItem\",\"@id\":\"https:\\\/\\\/www.teatrulreginamaria.ro\\\/hu\\\/categorie\\\/noutati\\\/#listItem\",\"name\":\"Nout\\u0103\\u021bi\"}},{\"@type\":\"ListItem\",\"@id\":\"https:\\\/\\\/www.teatrulreginamaria.ro\\\/hu\\\/categorie\\\/noutati\\\/#listItem\",\"position\":2,\"name\":\"Nout\\u0103\\u021bi\",\"item\":\"https:\\\/\\\/www.teatrulreginamaria.ro\\\/hu\\\/categorie\\\/noutati\\\/\",\"nextItem\":{\"@type\":\"ListItem\",\"@id\":\"https:\\\/\\\/www.teatrulreginamaria.ro\\\/hu\\\/categorie\\\/noutati\\\/noutati-trupa-iosif-vulcan\\\/#listItem\",\"name\":\"Nout\\u0103\\u021bi - Trupa Iosif Vulcan\"},\"previousItem\":{\"@type\":\"ListItem\",\"@id\":\"https:\\\/\\\/www.teatrulreginamaria.ro\\\/hu#listItem\",\"name\":\"Home\"}},{\"@type\":\"ListItem\",\"@id\":\"https:\\\/\\\/www.teatrulreginamaria.ro\\\/hu\\\/categorie\\\/noutati\\\/noutati-trupa-iosif-vulcan\\\/#listItem\",\"position\":3,\"name\":\"Nout\\u0103\\u021bi - Trupa Iosif Vulcan\",\"item\":\"https:\\\/\\\/www.teatrulreginamaria.ro\\\/hu\\\/categorie\\\/noutati\\\/noutati-trupa-iosif-vulcan\\\/\",\"nextItem\":{\"@type\":\"ListItem\",\"@id\":\"https:\\\/\\\/www.teatrulreginamaria.ro\\\/hu\\\/premiera-inedita-la-teatrul-regina-maria-sarpele-in-iarba\\\/#listItem\",\"name\":\"Premier\\u0103 inedit\\u0103 la Teatrul Regina Maria: \\u0218ARPELE \\u00ceN IARB\\u0102\"},\"previousItem\":{\"@type\":\"ListItem\",\"@id\":\"https:\\\/\\\/www.teatrulreginamaria.ro\\\/hu\\\/categorie\\\/noutati\\\/#listItem\",\"name\":\"Nout\\u0103\\u021bi\"}},{\"@type\":\"ListItem\",\"@id\":\"https:\\\/\\\/www.teatrulreginamaria.ro\\\/hu\\\/premiera-inedita-la-teatrul-regina-maria-sarpele-in-iarba\\\/#listItem\",\"position\":4,\"name\":\"Premier\\u0103 inedit\\u0103 la Teatrul Regina Maria: \\u0218ARPELE \\u00ceN IARB\\u0102\",\"previousItem\":{\"@type\":\"ListItem\",\"@id\":\"https:\\\/\\\/www.teatrulreginamaria.ro\\\/hu\\\/categorie\\\/noutati\\\/noutati-trupa-iosif-vulcan\\\/#listItem\",\"name\":\"Nout\\u0103\\u021bi - Trupa Iosif Vulcan\"}}]},{\"@type\":\"Organization\",\"@id\":\"https:\\\/\\\/www.teatrulreginamaria.ro\\\/hu\\\/#organization\",\"name\":\"Teatrul Regina Maria Oradea\",\"description\":\"Trupa Iosif Vulcan \\u0219i Trupa Arcadia\",\"url\":\"https:\\\/\\\/www.teatrulreginamaria.ro\\\/hu\\\/\",\"email\":\"marketing@teatrulreginamaria.ro\",\"telephone\":\"+40359411534\",\"numberOfEmployees\":{\"@type\":\"QuantitativeValue\",\"minValue\":0,\"maxValue\":150},\"logo\":{\"@type\":\"ImageObject\",\"url\":\"https:\\\/\\\/www.teatrulreginamaria.ro\\\/wp-content\\\/uploads\\\/2025\\\/06\\\/logo-trm-01-dark.png\",\"@id\":\"https:\\\/\\\/www.teatrulreginamaria.ro\\\/hu\\\/premiera-inedita-la-teatrul-regina-maria-sarpele-in-iarba\\\/#organizationLogo\",\"width\":300,\"height\":148},\"image\":{\"@id\":\"https:\\\/\\\/www.teatrulreginamaria.ro\\\/hu\\\/premiera-inedita-la-teatrul-regina-maria-sarpele-in-iarba\\\/#organizationLogo\"},\"sameAs\":[\"https:\\\/\\\/www.facebook.com\\\/TRMTrupaIosifVulcan\\\/\",\"https:\\\/\\\/x.com\\\/TRMOradea\",\"https:\\\/\\\/www.instagram.com\\\/teatrul_regina_maria\\\/\",\"https:\\\/\\\/www.youtube.com\\\/c\\\/TeatrulReginaMariaOradea\",\"https:\\\/\\\/www.linkedin.com\\\/company\\\/teatrul-regina-maria\"]},{\"@type\":\"Person\",\"@id\":\"https:\\\/\\\/www.teatrulreginamaria.ro\\\/hu\\\/author\\\/w3bmaster\\\/#author\",\"url\":\"https:\\\/\\\/www.teatrulreginamaria.ro\\\/hu\\\/author\\\/w3bmaster\\\/\",\"name\":\"Teatrul Regina Maria\",\"image\":{\"@type\":\"ImageObject\",\"@id\":\"https:\\\/\\\/www.teatrulreginamaria.ro\\\/hu\\\/premiera-inedita-la-teatrul-regina-maria-sarpele-in-iarba\\\/#authorImage\",\"url\":\"https:\\\/\\\/secure.gravatar.com\\\/avatar\\\/5884139d508ae3f0bafe45e60563b48a9640146d3b08ccc6278c305ff9329305?s=96&d=mm&r=g\",\"width\":96,\"height\":96,\"caption\":\"Teatrul Regina Maria\"}},{\"@type\":\"WebPage\",\"@id\":\"https:\\\/\\\/www.teatrulreginamaria.ro\\\/hu\\\/premiera-inedita-la-teatrul-regina-maria-sarpele-in-iarba\\\/#webpage\",\"url\":\"https:\\\/\\\/www.teatrulreginamaria.ro\\\/hu\\\/premiera-inedita-la-teatrul-regina-maria-sarpele-in-iarba\\\/\",\"name\":\"Premier\\u0103 inedit\\u0103 la Teatrul Regina Maria: \\u0218ARPELE \\u00ceN IARB\\u0102 - Teatrul Regina Maria Oradea\",\"description\":\"Teatrul Regina Maria v\\u0103 invit\\u0103 s\\u00e2mb\\u0103t\\u0103, 4 iulie, de la ora 19:00, s\\u0103 v\\u0103 bucura\\u021bi de primul spectacol realizat special pentru a fi vizionat online: \\u201e\\u0218arpele \\u00een iarb\\u0103\\u201d de Alan Ayckbourn, regia artistic\\u0103: Sebastian Lupu. Urm\\u0103toarea reprezenta\\u021bie a fost programat\\u0103 \\u00een 26 iulie, de la aceea\\u0219i or\\u0103, tot on-line. Autorul textului \\u0218ARPELE \\u00ceN IARB\\u0102, Alan\",\"inLanguage\":\"hu-HU\",\"isPartOf\":{\"@id\":\"https:\\\/\\\/www.teatrulreginamaria.ro\\\/hu\\\/#website\"},\"breadcrumb\":{\"@id\":\"https:\\\/\\\/www.teatrulreginamaria.ro\\\/hu\\\/premiera-inedita-la-teatrul-regina-maria-sarpele-in-iarba\\\/#breadcrumblist\"},\"author\":{\"@id\":\"https:\\\/\\\/www.teatrulreginamaria.ro\\\/hu\\\/author\\\/w3bmaster\\\/#author\"},\"creator\":{\"@id\":\"https:\\\/\\\/www.teatrulreginamaria.ro\\\/hu\\\/author\\\/w3bmaster\\\/#author\"},\"datePublished\":\"2020-07-01T09:50:07+03:00\",\"dateModified\":\"2025-04-10T11:00:38+03:00\"},{\"@type\":\"WebSite\",\"@id\":\"https:\\\/\\\/www.teatrulreginamaria.ro\\\/hu\\\/#website\",\"url\":\"https:\\\/\\\/www.teatrulreginamaria.ro\\\/hu\\\/\",\"name\":\"Teatrul Regina Maria Oradea\",\"alternateName\":\"TRM Oradea\",\"description\":\"Trupa Iosif Vulcan \\u0219i Trupa Arcadia\",\"inLanguage\":\"hu-HU\",\"publisher\":{\"@id\":\"https:\\\/\\\/www.teatrulreginamaria.ro\\\/hu\\\/#organization\"}}]}\n\t\t<\/script>\n\t\t<!-- All in One SEO Pro -->\r\n\t\t<title>Premier\u0103 inedit\u0103 la Teatrul Regina Maria: \u0218ARPELE \u00ceN IARB\u0102 - Teatrul Regina Maria Oradea<\/title>\n\n","aioseo_head_json":{"title":"Egyed\u00fcl\u00e1ll\u00f3 premier a Regina Maria Sz\u00ednh\u00e1zban: A K\u00cdGY\u00d3 A F\u0170BEN - Regina Maria Sz\u00ednh\u00e1z Nagyv\u00e1radon","description":"A Regina Maria Sz\u00ednh\u00e1z j\u00falius 4-\u00e9n, szombaton 19:00 \u00f3r\u00e1t\u00f3l szeretettel v\u00e1rja \u00d6nt az els\u0151, kifejezetten online megtekint\u00e9sre k\u00e9sz\u00fclt el\u0151ad\u00e1sra: Alan Ayckbourn &quot;A k\u00edgy\u00f3 a f\u0171ben&quot; c\u00edm\u0171 darabj\u00e1ra, m\u0171v\u00e9szeti vezet\u0151: Sebastian Lupu. A k\u00f6vetkez\u0151 el\u0151ad\u00e1s j\u00falius 26-\u00e1n, ugyanekkor, szint\u00e9n online ker\u00fcl bemutat\u00e1sra. A &quot;A k\u00edgy\u00f3 a f\u0171ben&quot; c\u00edm\u0171 dal szerz\u0151je Alan Ayckbourn.","canonical_url":"https:\/\/www.teatrulreginamaria.ro\/hu\/premiera-inedita-la-teatrul-regina-maria-sarpele-in-iarba\/","robots":"max-image-preview:large","keywords":"","webmasterTools":{"miscellaneous":""},"schema":{"@context":"https:\/\/schema.org","@graph":[{"@type":"BlogPosting","@id":"https:\/\/www.teatrulreginamaria.ro\/hu\/premiera-inedita-la-teatrul-regina-maria-sarpele-in-iarba\/#blogposting","name":"Premier\u0103 inedit\u0103 la Teatrul Regina Maria: \u0218ARPELE \u00ceN IARB\u0102 - Teatrul Regina Maria Oradea","headline":"Premier\u0103 inedit\u0103 la Teatrul Regina Maria: \u0218ARPELE \u00ceN IARB\u0102","author":{"@id":"https:\/\/www.teatrulreginamaria.ro\/hu\/author\/w3bmaster\/#author"},"publisher":{"@id":"https:\/\/www.teatrulreginamaria.ro\/hu\/#organization"},"image":{"@type":"ImageObject","url":"https:\/\/www.teatrulreginamaria.ro\/wp-content\/uploads\/2025\/06\/logo-trm-01-dark.png","@id":"https:\/\/www.teatrulreginamaria.ro\/hu\/#articleImage","width":300,"height":148},"datePublished":"2020-07-01T09:50:07+03:00","dateModified":"2025-04-10T11:00:38+03:00","inLanguage":"hu-HU","mainEntityOfPage":{"@id":"https:\/\/www.teatrulreginamaria.ro\/hu\/premiera-inedita-la-teatrul-regina-maria-sarpele-in-iarba\/#webpage"},"isPartOf":{"@id":"https:\/\/www.teatrulreginamaria.ro\/hu\/premiera-inedita-la-teatrul-regina-maria-sarpele-in-iarba\/#webpage"},"articleSection":"Nout\u0103\u021bi - Trupa Iosif Vulcan"},{"@type":"BreadcrumbList","@id":"https:\/\/www.teatrulreginamaria.ro\/hu\/premiera-inedita-la-teatrul-regina-maria-sarpele-in-iarba\/#breadcrumblist","itemListElement":[{"@type":"ListItem","@id":"https:\/\/www.teatrulreginamaria.ro\/hu#listItem","position":1,"name":"Home","item":"https:\/\/www.teatrulreginamaria.ro\/hu","nextItem":{"@type":"ListItem","@id":"https:\/\/www.teatrulreginamaria.ro\/hu\/categorie\/noutati\/#listItem","name":"Nout\u0103\u021bi"}},{"@type":"ListItem","@id":"https:\/\/www.teatrulreginamaria.ro\/hu\/categorie\/noutati\/#listItem","position":2,"name":"Nout\u0103\u021bi","item":"https:\/\/www.teatrulreginamaria.ro\/hu\/categorie\/noutati\/","nextItem":{"@type":"ListItem","@id":"https:\/\/www.teatrulreginamaria.ro\/hu\/categorie\/noutati\/noutati-trupa-iosif-vulcan\/#listItem","name":"Nout\u0103\u021bi - Trupa Iosif Vulcan"},"previousItem":{"@type":"ListItem","@id":"https:\/\/www.teatrulreginamaria.ro\/hu#listItem","name":"Home"}},{"@type":"ListItem","@id":"https:\/\/www.teatrulreginamaria.ro\/hu\/categorie\/noutati\/noutati-trupa-iosif-vulcan\/#listItem","position":3,"name":"Nout\u0103\u021bi - Trupa Iosif Vulcan","item":"https:\/\/www.teatrulreginamaria.ro\/hu\/categorie\/noutati\/noutati-trupa-iosif-vulcan\/","nextItem":{"@type":"ListItem","@id":"https:\/\/www.teatrulreginamaria.ro\/hu\/premiera-inedita-la-teatrul-regina-maria-sarpele-in-iarba\/#listItem","name":"Premier\u0103 inedit\u0103 la Teatrul Regina Maria: \u0218ARPELE \u00ceN IARB\u0102"},"previousItem":{"@type":"ListItem","@id":"https:\/\/www.teatrulreginamaria.ro\/hu\/categorie\/noutati\/#listItem","name":"Nout\u0103\u021bi"}},{"@type":"ListItem","@id":"https:\/\/www.teatrulreginamaria.ro\/hu\/premiera-inedita-la-teatrul-regina-maria-sarpele-in-iarba\/#listItem","position":4,"name":"Premier\u0103 inedit\u0103 la Teatrul Regina Maria: \u0218ARPELE \u00ceN IARB\u0102","previousItem":{"@type":"ListItem","@id":"https:\/\/www.teatrulreginamaria.ro\/hu\/categorie\/noutati\/noutati-trupa-iosif-vulcan\/#listItem","name":"Nout\u0103\u021bi - Trupa Iosif Vulcan"}}]},{"@type":"Organization","@id":"https:\/\/www.teatrulreginamaria.ro\/hu\/#organization","name":"Teatrul Regina Maria Oradea","description":"Trupa Iosif Vulcan \u0219i Trupa Arcadia","url":"https:\/\/www.teatrulreginamaria.ro\/hu\/","email":"marketing@teatrulreginamaria.ro","telephone":"+40359411534","numberOfEmployees":{"@type":"QuantitativeValue","minValue":0,"maxValue":150},"logo":{"@type":"ImageObject","url":"https:\/\/www.teatrulreginamaria.ro\/wp-content\/uploads\/2025\/06\/logo-trm-01-dark.png","@id":"https:\/\/www.teatrulreginamaria.ro\/hu\/premiera-inedita-la-teatrul-regina-maria-sarpele-in-iarba\/#organizationLogo","width":300,"height":148},"image":{"@id":"https:\/\/www.teatrulreginamaria.ro\/hu\/premiera-inedita-la-teatrul-regina-maria-sarpele-in-iarba\/#organizationLogo"},"sameAs":["https:\/\/www.facebook.com\/TRMTrupaIosifVulcan\/","https:\/\/x.com\/TRMOradea","https:\/\/www.instagram.com\/teatrul_regina_maria\/","https:\/\/www.youtube.com\/c\/TeatrulReginaMariaOradea","https:\/\/www.linkedin.com\/company\/teatrul-regina-maria"]},{"@type":"Person","@id":"https:\/\/www.teatrulreginamaria.ro\/hu\/author\/w3bmaster\/#author","url":"https:\/\/www.teatrulreginamaria.ro\/hu\/author\/w3bmaster\/","name":"Teatrul Regina Maria","image":{"@type":"ImageObject","@id":"https:\/\/www.teatrulreginamaria.ro\/hu\/premiera-inedita-la-teatrul-regina-maria-sarpele-in-iarba\/#authorImage","url":"https:\/\/secure.gravatar.com\/avatar\/5884139d508ae3f0bafe45e60563b48a9640146d3b08ccc6278c305ff9329305?s=96&d=mm&r=g","width":96,"height":96,"caption":"Teatrul Regina Maria"}},{"@type":"WebPage","@id":"https:\/\/www.teatrulreginamaria.ro\/hu\/premiera-inedita-la-teatrul-regina-maria-sarpele-in-iarba\/#webpage","url":"https:\/\/www.teatrulreginamaria.ro\/hu\/premiera-inedita-la-teatrul-regina-maria-sarpele-in-iarba\/","name":"Premier\u0103 inedit\u0103 la Teatrul Regina Maria: \u0218ARPELE \u00ceN IARB\u0102 - Teatrul Regina Maria Oradea","description":"Teatrul Regina Maria v\u0103 invit\u0103 s\u00e2mb\u0103t\u0103, 4 iulie, de la ora 19:00, s\u0103 v\u0103 bucura\u021bi de primul spectacol realizat special pentru a fi vizionat online: \u201e\u0218arpele \u00een iarb\u0103\u201d de Alan Ayckbourn, regia artistic\u0103: Sebastian Lupu. Urm\u0103toarea reprezenta\u021bie a fost programat\u0103 \u00een 26 iulie, de la aceea\u0219i or\u0103, tot on-line. Autorul textului \u0218ARPELE \u00ceN IARB\u0102, Alan","inLanguage":"hu-HU","isPartOf":{"@id":"https:\/\/www.teatrulreginamaria.ro\/hu\/#website"},"breadcrumb":{"@id":"https:\/\/www.teatrulreginamaria.ro\/hu\/premiera-inedita-la-teatrul-regina-maria-sarpele-in-iarba\/#breadcrumblist"},"author":{"@id":"https:\/\/www.teatrulreginamaria.ro\/hu\/author\/w3bmaster\/#author"},"creator":{"@id":"https:\/\/www.teatrulreginamaria.ro\/hu\/author\/w3bmaster\/#author"},"datePublished":"2020-07-01T09:50:07+03:00","dateModified":"2025-04-10T11:00:38+03:00"},{"@type":"WebSite","@id":"https:\/\/www.teatrulreginamaria.ro\/hu\/#website","url":"https:\/\/www.teatrulreginamaria.ro\/hu\/","name":"Teatrul Regina Maria Oradea","alternateName":"TRM Oradea","description":"Trupa Iosif Vulcan \u0219i Trupa Arcadia","inLanguage":"hu-HU","publisher":{"@id":"https:\/\/www.teatrulreginamaria.ro\/hu\/#organization"}}]},"og:locale":"hu_HU","og:site_name":"Teatrul Regina Maria Oradea - Trupa Iosif Vulcan \u0219i Trupa Arcadia","og:type":"article","og:title":"Premier\u0103 inedit\u0103 la Teatrul Regina Maria: \u0218ARPELE \u00ceN IARB\u0102 - Teatrul Regina Maria Oradea","og:description":"Teatrul Regina Maria v\u0103 invit\u0103 s\u00e2mb\u0103t\u0103, 4 iulie, de la ora 19:00, s\u0103 v\u0103 bucura\u021bi de primul spectacol realizat special pentru a fi vizionat online: \u201e\u0218arpele \u00een iarb\u0103\u201d de Alan Ayckbourn, regia artistic\u0103: Sebastian Lupu. Urm\u0103toarea reprezenta\u021bie a fost programat\u0103 \u00een 26 iulie, de la aceea\u0219i or\u0103, tot on-line. Autorul textului \u0218ARPELE \u00ceN IARB\u0102, Alan","og:url":"https:\/\/www.teatrulreginamaria.ro\/hu\/premiera-inedita-la-teatrul-regina-maria-sarpele-in-iarba\/","og:image":"https:\/\/www.teatrulreginamaria.ro\/wp-content\/uploads\/2025\/03\/trm-istoric-01.jpg","og:image:secure_url":"https:\/\/www.teatrulreginamaria.ro\/wp-content\/uploads\/2025\/03\/trm-istoric-01.jpg","og:image:width":1200,"og:image:height":800,"article:published_time":"2020-07-01T09:50:07+00:00","article:modified_time":"2025-04-10T08:00:38+00:00","article:publisher":"https:\/\/www.facebook.com\/TRMTrupaIosifVulcan\/","twitter:card":"summary_large_image","twitter:site":"@TRMOradea","twitter:title":"Premier\u0103 inedit\u0103 la Teatrul Regina Maria: \u0218ARPELE \u00ceN IARB\u0102 - Teatrul Regina Maria Oradea","twitter:description":"Teatrul Regina Maria v\u0103 invit\u0103 s\u00e2mb\u0103t\u0103, 4 iulie, de la ora 19:00, s\u0103 v\u0103 bucura\u021bi de primul spectacol realizat special pentru a fi vizionat online: \u201e\u0218arpele \u00een iarb\u0103\u201d de Alan Ayckbourn, regia artistic\u0103: Sebastian Lupu. Urm\u0103toarea reprezenta\u021bie a fost programat\u0103 \u00een 26 iulie, de la aceea\u0219i or\u0103, tot on-line. Autorul textului \u0218ARPELE \u00ceN IARB\u0102, Alan","twitter:creator":"@TRMOradea","twitter:image":"https:\/\/www.teatrulreginamaria.ro\/wp-content\/uploads\/2025\/03\/trm-istoric-01.jpg"},"aioseo_meta_data":{"post_id":"4547","title":null,"description":null,"keywords":null,"keyphrases":{"focus":{"keyphrase":"","score":0,"analysis":{"keyphraseInTitle":{"score":0,"maxScore":9,"error":1}}},"additional":[]},"primary_term":null,"canonical_url":null,"og_title":null,"og_description":null,"og_object_type":"default","og_image_type":"default","og_image_url":null,"og_image_width":null,"og_image_height":null,"og_image_custom_url":null,"og_image_custom_fields":null,"og_video":"","og_custom_url":null,"og_article_section":null,"og_article_tags":null,"twitter_use_og":false,"twitter_card":"default","twitter_image_type":"default","twitter_image_url":null,"twitter_image_custom_url":null,"twitter_image_custom_fields":null,"twitter_title":null,"twitter_description":null,"schema":{"blockGraphs":[],"customGraphs":[],"default":{"data":{"Article":[],"Course":[],"Dataset":[],"FAQPage":[],"Movie":[],"Person":[],"Product":[],"ProductReview":[],"Car":[],"Recipe":[],"Service":[],"SoftwareApplication":[],"WebPage":[]},"graphName":"BlogPosting","isEnabled":true},"graphs":[]},"schema_type":"default","schema_type_options":null,"pillar_content":false,"robots_default":true,"robots_noindex":false,"robots_noarchive":false,"robots_nosnippet":false,"robots_nofollow":false,"robots_noimageindex":false,"robots_noodp":false,"robots_notranslate":false,"robots_max_snippet":"-1","robots_max_videopreview":"-1","robots_max_imagepreview":"large","priority":null,"frequency":"default","local_seo":null,"seo_analyzer_scan_date":"2026-05-13 02:36:42","breadcrumb_settings":null,"limit_modified_date":false,"reviewed_by":null,"open_ai":"{\"title\":{\"suggestions\":[],\"usage\":0},\"description\":{\"suggestions\":[],\"usage\":0}}","ai":null,"created":"2025-04-09 17:42:42","updated":"2026-05-13 02:36:42","focus_keyword":null,"additional_keywords":null,"truseo_locale":null},"aioseo_breadcrumb":"<div class=\"aioseo-breadcrumbs\"><span class=\"aioseo-breadcrumb\">\n\t<a href=\"https:\/\/www.teatrulreginamaria.ro\/hu\" title=\"Home\">Home<\/a>\n<\/span><span class=\"aioseo-breadcrumb-separator\">&raquo;<\/span><span class=\"aioseo-breadcrumb\">\n\t<a href=\"https:\/\/www.teatrulreginamaria.ro\/hu\/categorie\/noutati\/\" title=\"Nout\u0103\u021bi\">Nout\u0103\u021bi<\/a>\n<\/span><span class=\"aioseo-breadcrumb-separator\">&raquo;<\/span><span class=\"aioseo-breadcrumb\">\n\t<a href=\"https:\/\/www.teatrulreginamaria.ro\/hu\/categorie\/noutati\/noutati-trupa-iosif-vulcan\/\" title=\"Nout\u0103\u021bi - Trupa Iosif Vulcan\">Nout\u0103\u021bi - Trupa Iosif Vulcan<\/a>\n<\/span><span class=\"aioseo-breadcrumb-separator\">&raquo;<\/span><span class=\"aioseo-breadcrumb\">\n\tPremier\u0103 inedit\u0103 la Teatrul Regina Maria: \u0218ARPELE \u00ceN IARB\u0102\n<\/span><\/div>","aioseo_breadcrumb_json":[{"label":"Home","link":"https:\/\/www.teatrulreginamaria.ro\/hu"},{"label":"Nout\u0103\u021bi","link":"https:\/\/www.teatrulreginamaria.ro\/hu\/categorie\/noutati\/"},{"label":"Nout\u0103\u021bi - Trupa Iosif Vulcan","link":"https:\/\/www.teatrulreginamaria.ro\/hu\/categorie\/noutati\/noutati-trupa-iosif-vulcan\/"},{"label":"Premier\u0103 inedit\u0103 la Teatrul Regina Maria: \u0218ARPELE \u00ceN IARB\u0102","link":"https:\/\/www.teatrulreginamaria.ro\/hu\/premiera-inedita-la-teatrul-regina-maria-sarpele-in-iarba\/"}],"acf":[],"_links":{"self":[{"href":"https:\/\/www.teatrulreginamaria.ro\/hu\/wp-json\/wp\/v2\/posts\/4547","targetHints":{"allow":["GET"]}}],"collection":[{"href":"https:\/\/www.teatrulreginamaria.ro\/hu\/wp-json\/wp\/v2\/posts"}],"about":[{"href":"https:\/\/www.teatrulreginamaria.ro\/hu\/wp-json\/wp\/v2\/types\/post"}],"author":[{"embeddable":true,"href":"https:\/\/www.teatrulreginamaria.ro\/hu\/wp-json\/wp\/v2\/users\/6"}],"replies":[{"embeddable":true,"href":"https:\/\/www.teatrulreginamaria.ro\/hu\/wp-json\/wp\/v2\/comments?post=4547"}],"version-history":[{"count":1,"href":"https:\/\/www.teatrulreginamaria.ro\/hu\/wp-json\/wp\/v2\/posts\/4547\/revisions"}],"predecessor-version":[{"id":12790,"href":"https:\/\/www.teatrulreginamaria.ro\/hu\/wp-json\/wp\/v2\/posts\/4547\/revisions\/12790"}],"wp:attachment":[{"href":"https:\/\/www.teatrulreginamaria.ro\/hu\/wp-json\/wp\/v2\/media?parent=4547"}],"wp:term":[{"taxonomy":"category","embeddable":true,"href":"https:\/\/www.teatrulreginamaria.ro\/hu\/wp-json\/wp\/v2\/categories?post=4547"},{"taxonomy":"post_tag","embeddable":true,"href":"https:\/\/www.teatrulreginamaria.ro\/hu\/wp-json\/wp\/v2\/tags?post=4547"}],"curies":[{"name":"munkaf\u00fczet","href":"https:\/\/api.w.org\/{rel}","templated":true}]}}