{"id":4827,"date":"2021-03-01T12:58:18","date_gmt":"2021-03-01T12:58:18","guid":{"rendered":"https:\/\/teatrulreginamaria.ro\/2021\/03\/01\/genul-acuzativ-premiera-lunii-martie\/"},"modified":"2021-03-01T12:58:18","modified_gmt":"2021-03-01T12:58:18","slug":"marciusi-vadlo-nemi-premierje","status":"publish","type":"post","link":"https:\/\/www.teatrulreginamaria.ro\/hu\/genul-acuzativ-premiera-lunii-martie\/","title":{"rendered":"AKKUSAT\u00cdV NEM | M\u00e1rciusi premier"},"content":{"rendered":"<p style=\"text-align: justify;\">A Regina Maria Sz\u00ednh\u00e1z \u00f6r\u00f6mmel jelenti be a Mimi Br\u0103nescu \u00e1ltal \u00edrt \u00e9s rendezett AZ AKKUSAT\u00cdV M\u0170FAJ c\u00edm\u0171 elragad\u00f3 tragikom\u00e9dia premierj\u00e9t, amelyben a v\u00edgj\u00e1t\u00e9k \u00e9s a dr\u00e1ma kever\u00e9ke egy \u00e1tlagos csal\u00e1d mindennapi \u00e9let\u00e9b\u0151l vett epiz\u00f3dot eleven\u00edt fel.<\/p>\n<p style=\"text-align: justify;\">Tekintettel arra, hogy Nagyv\u00e1rad ism\u00e9t a s\u00e1rga forgat\u00f3k\u00f6nyvbe l\u00e9pett, \u00e9s a sz\u00ednh\u00e1z befogad\u00f3k\u00e9pess\u00e9g\u00e9nek 30%-j\u00e9vel j\u00e1tssza a sz\u00ednh\u00e1zat, az AKKUSAT\u00cdV NEM c\u00edm\u0171 darabnak h\u00e1rom egym\u00e1st k\u00f6vet\u0151 el\u0151ad\u00e1sa lesz premierk\u00e9nt: <strong>M\u00e1rcius 5-\u00e9n, p\u00e9nteken, m\u00e1rcius 6-\u00e1n, szombaton \u00e9s m\u00e1rcius 7-\u00e9n, vas\u00e1rnap 18:00-t\u00f3l a Nagyteremben<\/strong>Azok a n\u00e9z\u0151k, akik nem tudnak r\u00e9szt venni az els\u0151 h\u00e1rom el\u0151ad\u00e1son, m\u00e1rcius 28-\u00e1n, vas\u00e1rnap 18:00 \u00f3r\u00e1t\u00f3l tekinthetik meg az el\u0151ad\u00e1st a Nagyteremben.<\/p>\n<p><!--more--><\/p>\n<p style=\"text-align: justify;\">F\u00e9rje hal\u00e1la ut\u00e1n Marina elt\u00f6k\u00e9lten bossz\u00fat \u00e1ll minden igazs\u00e1gtalans\u00e1g\u00e9rt, amit a hozz\u00e1 k\u00f6zel \u00e1ll\u00f3kt\u00f3l elszenvedett. Hiszt\u00e9rikus rohamok, r\u00e1galmak, kit\u00f6r\u00e9sek, f\u00e1jdalmas titkok szabadulnak el, \u00e9s mindent a feje tetej\u00e9re \u00e1ll\u00edtanak. Semmi sem mer\u00fcl feled\u00e9sbe \u00e9s semmi sem bocs\u00e1t\u00f3dik meg. Minden hib\u00e1t feljegyeznek \u00e9s megb\u00fcntetnek.<\/p>\n<p style=\"text-align: justify;\">A teremtett szitu\u00e1ci\u00f3k \u00e9s a dinamikus p\u00e1rbesz\u00e9dek \u0151r\u00fclten humorosak, a szerepl\u0151k megszabad\u00edtj\u00e1k magukat a formas\u00e1gokt\u00f3l \u00e9s a k\u00e9pmutat\u00e1st\u00f3l, de komoly jellemhib\u00e1kat t\u00e1rnak fel, \u00e9s komoly k\u00e9rd\u00e9seket vetnek fel a csal\u00e1di kapcsolatokkal kapcsolatban.<\/p>\n<p style=\"text-align: justify;\"><strong>Mimi Branescu<\/strong> sz\u00edn\u00e9sz, dr\u00e1ma\u00edr\u00f3, forgat\u00f3k\u00f6nyv\u00edr\u00f3 \u00e9s sz\u00ednh\u00e1zi rendez\u0151, akit minden m\u0171v\u00e9szeti tev\u00e9kenys\u00e9g\u00e9\u00e9rt egyform\u00e1n elismertek. \u0150 a &quot;Las Fierbin\u021bi&quot; c\u00edm\u0171 rom\u00e1n v\u00edgj\u00e1t\u00e9ksorozat alkot\u00f3ja is. A GENUL ACUZATIV c\u00edm\u0171 darabban kett\u0151s szerepben tal\u00e1ljuk: dr\u00e1ma\u00edr\u00f3k\u00e9nt \u00e9s sz\u00ednh\u00e1zi rendez\u0151k\u00e9nt, egy m\u0171v\u00e9szi megkett\u0151z\u0151d\u00e9sben, amelyhez k\u00e9ts\u00e9gtelen\u00fcl hozz\u00e1ad\u00f3dik a sz\u00edn\u00e9szi perspekt\u00edva, amely t\u00f6k\u00e9letes\u00edti az alkot\u00e1s aktus\u00e1t, lehet\u0151s\u00e9get adva neki, hogy a darabot sokr\u00e9t\u0171 \u00e9s egym\u00e1st kieg\u00e9sz\u00edt\u0151 n\u00e9z\u0151pontokb\u00f3l vizsg\u00e1lja.<\/p>\n<p style=\"text-align: justify;\">Az el\u0151ad\u00e1s d\u00edszleteit Oana Cernea tervezte, aki most el\u0151sz\u00f6r m\u0171k\u00f6dik egy\u00fctt Mimi Br\u0103nescu rendez\u0151vel, a f\u00e9nydiz\u00e1jn \u00e9s az eredeti zene pedig \u0218erban Ionescu alkot\u00e1sa.\u00a0<\/p>\n<p style=\"text-align: justify;\"><strong>A szerepl\u0151g\u00e1rda a k\u00f6vetkez\u0151 sz\u00edn\u00e9szeket tartalmazza:<\/strong> Denisa Irina Vlad (Lena), Gabriela Codrea (Marina), Ioana Drago\u0219 Gajdo (Cati), Adela Lazar (Tania), Sorin Ionescu (Anghel), Richard Balint (Ionel) \u00e9s Pavel S\u00e2rghi (Marius).<\/p>\n<p style=\"text-align: justify;\"><em>Minden egyes szerepl\u0151vel egyre m\u00e9lyebbre mer\u00fclsz \u00f6nmagadban. N\u00e9ha m\u00e9ly, l\u00e1tsz\u00f3lag nyugodt vizeket kavarsz fel. Ezt teszi Marina. Marina, aki egy seb, megrepedt h\u00e9jjal, ami soha nem gy\u00f3gyul be. Nem tudom, lelke vagy emberi mivolt\u00e1nak mely m\u00e9ly\u00e9r\u0151l h\u00fazta el\u0151 Mimi, de m\u00e9g most is csod\u00e1lattal t\u00f6lt el! Minden szerepl\u0151t, minden sz\u00f3t csod\u00e1lok, mintha a gyerekeim d\u00edjnyertesek lenn\u00e9nek a k\u00fclf\u00f6ldi olimpi\u00e1kon!<br \/> Mimi Br\u0103nescu felaj\u00e1nlott nekem egy utat egy tengeri f\u00far\u00f3toronyhoz, nem r\u00e9szletekben, hanem \u00e9rzelmekben fizetve! H\u00e1t h\u00e1nyszor kap az ember \u00e9let\u00e9ben ilyen aj\u00e1nlatot?!<\/em>\u00a0 \u2013 Gabriela Codrea (Marina)<\/p>\n<p style=\"text-align: justify;\">Az el\u0151ad\u00e1s 16 \u00e9ven aluliaknak nem aj\u00e1nlott!<\/p>\n<p style=\"text-align: justify;\">A jegyek m\u00e1r kaphat\u00f3k, \u00e9s a Sz\u00ednh\u00e1zi \u00dcgyn\u00f6ks\u00e9gn\u00e9l v\u00e1s\u00e1rolhat\u00f3k meg szerd\u00e1n, cs\u00fct\u00f6rt\u00f6k\u00f6n \u00e9s p\u00e9nteken 14:00 \u00e9s 19:00 \u00f3ra k\u00f6z\u00f6tt, illetve szombaton \u00e9s vas\u00e1rnap 16:00 \u00e9s 19:00 \u00f3ra k\u00f6z\u00f6tt. Jegyek az el\u0151ad\u00e1s el\u0151tt egy \u00f3r\u00e1val vagy online is v\u00e1s\u00e1rolhat\u00f3k a k\u00f6vetkez\u0151 c\u00edmen: <a href=\"http:\/\/www.eventim.ro\">www.eventim.ro<\/a>.<\/p>\n<p style=\"text-align: justify;\">Tov\u00e1bbi inform\u00e1ci\u00f3k\u00e9rt \u00e9s jegyfoglal\u00e1s\u00e9rt k\u00e9rj\u00fck, vegye fel vel\u00fcnk a kapcsolatot a 0359 452 324-es telefonsz\u00e1mon vagy az al\u00e1bbi e-mail c\u00edmen. <a href=\"mailto:rezervari@teatrulreginamaria.ro\">rezervari@teatrulreginamaria.ro<\/a>.<\/p>\n<p style=\"text-align: justify;\">Szeretettel v\u00e1runk!<\/p>","protected":false},"excerpt":{"rendered":"<p>Teatrul Regina Maria are deosebita pl\u0103cere de a anun\u021ba premiera spectacolului GENUL ACUZATIV, text \u0219i regie: Mimi Br\u0103nescu, o tragicomedie \u00eenc\u00e2nt\u0103toare, \u00een care amestecul de comic \u0219i dramatic recreeaz\u0103 un episod desprins din via\u021ba de zi cu zi a unei familii obi\u0219nuite. Dat fiind faptul c\u0103 Oradea a reintrat \u00een scenariul galben \u0219i se joac\u0103 [&hellip;]<\/p>\n","protected":false},"author":6,"featured_media":0,"comment_status":"open","ping_status":"open","sticky":false,"template":"","format":"standard","meta":{"_acf_changed":false,"footnotes":""},"categories":[22],"tags":[],"class_list":["post-4827","post","type-post","status-publish","format-standard","hentry","category-noutati-trupa-iosif-vulcan"],"aioseo_notices":[],"aioseo_head":"\n\t\t<!-- All in One SEO Pro 5.0.1.1 - aioseo.com -->\n\t<meta name=\"description\" content=\"Teatrul Regina Maria are deosebita pl\u0103cere de a anun\u021ba premiera spectacolului GENUL ACUZATIV, text \u0219i regie: Mimi Br\u0103nescu, o tragicomedie \u00eenc\u00e2nt\u0103toare, \u00een care amestecul de comic \u0219i dramatic recreeaz\u0103 un episod desprins din via\u021ba de zi cu zi a unei familii obi\u0219nuite. Dat fiind faptul c\u0103 Oradea a reintrat \u00een scenariul galben \u0219i se joac\u0103\" \/>\n\t<meta name=\"robots\" content=\"max-image-preview:large\" \/>\n\t<meta name=\"author\" content=\"Teatrul Regina Maria\"\/>\n\t<link rel=\"canonical\" href=\"https:\/\/www.teatrulreginamaria.ro\/hu\/genul-acuzativ-premiera-lunii-martie\/\" \/>\n\t<meta name=\"generator\" content=\"All in One SEO Pro (AIOSEO) 5.0.1.1\" \/>\n\t\t<meta property=\"og:locale\" content=\"hu_HU\" \/>\n\t\t<meta property=\"og:site_name\" content=\"Teatrul Regina Maria Oradea - Trupa Iosif Vulcan \u0219i Trupa Arcadia\" \/>\n\t\t<meta property=\"og:type\" content=\"article\" \/>\n\t\t<meta property=\"og:title\" content=\"GENUL ACUZATIV | premiera lunii martie - Teatrul Regina Maria Oradea\" \/>\n\t\t<meta property=\"og:description\" content=\"Teatrul Regina Maria are deosebita pl\u0103cere de a anun\u021ba premiera spectacolului GENUL ACUZATIV, text \u0219i regie: Mimi Br\u0103nescu, o tragicomedie \u00eenc\u00e2nt\u0103toare, \u00een care amestecul de comic \u0219i dramatic recreeaz\u0103 un episod desprins din via\u021ba de zi cu zi a unei familii obi\u0219nuite. Dat fiind faptul c\u0103 Oradea a reintrat \u00een scenariul galben \u0219i se joac\u0103\" \/>\n\t\t<meta property=\"og:url\" content=\"https:\/\/www.teatrulreginamaria.ro\/hu\/genul-acuzativ-premiera-lunii-martie\/\" \/>\n\t\t<meta property=\"og:image\" content=\"https:\/\/www.teatrulreginamaria.ro\/wp-content\/uploads\/2025\/03\/trm-istoric-01.jpg\" \/>\n\t\t<meta property=\"og:image:secure_url\" content=\"https:\/\/www.teatrulreginamaria.ro\/wp-content\/uploads\/2025\/03\/trm-istoric-01.jpg\" \/>\n\t\t<meta property=\"og:image:width\" content=\"1200\" \/>\n\t\t<meta property=\"og:image:height\" content=\"800\" \/>\n\t\t<meta property=\"article:published_time\" content=\"2021-03-01T12:58:18+00:00\" \/>\n\t\t<meta property=\"article:modified_time\" content=\"2021-03-01T12:58:18+00:00\" \/>\n\t\t<meta property=\"article:publisher\" content=\"https:\/\/www.facebook.com\/TRMTrupaIosifVulcan\/\" \/>\n\t\t<meta name=\"twitter:card\" content=\"summary_large_image\" \/>\n\t\t<meta name=\"twitter:site\" content=\"@TRMOradea\" \/>\n\t\t<meta name=\"twitter:title\" content=\"GENUL ACUZATIV | premiera lunii martie - Teatrul Regina Maria Oradea\" \/>\n\t\t<meta name=\"twitter:description\" content=\"Teatrul Regina Maria are deosebita pl\u0103cere de a anun\u021ba premiera spectacolului GENUL ACUZATIV, text \u0219i regie: Mimi Br\u0103nescu, o tragicomedie \u00eenc\u00e2nt\u0103toare, \u00een care amestecul de comic \u0219i dramatic recreeaz\u0103 un episod desprins din via\u021ba de zi cu zi a unei familii obi\u0219nuite. Dat fiind faptul c\u0103 Oradea a reintrat \u00een scenariul galben \u0219i se joac\u0103\" \/>\n\t\t<meta name=\"twitter:creator\" content=\"@TRMOradea\" \/>\n\t\t<meta name=\"twitter:image\" content=\"https:\/\/www.teatrulreginamaria.ro\/wp-content\/uploads\/2025\/03\/trm-istoric-01.jpg\" \/>\n\t\t<script type=\"application\/ld+json\" class=\"aioseo-schema\">\n\t\t\t{\"@context\":\"https:\\\/\\\/schema.org\",\"@graph\":[{\"@type\":\"BlogPosting\",\"@id\":\"https:\\\/\\\/www.teatrulreginamaria.ro\\\/hu\\\/genul-acuzativ-premiera-lunii-martie\\\/#blogposting\",\"name\":\"GENUL ACUZATIV | premiera lunii martie - Teatrul Regina Maria Oradea\",\"headline\":\"GENUL ACUZATIV | premiera lunii martie\",\"author\":{\"@id\":\"https:\\\/\\\/www.teatrulreginamaria.ro\\\/hu\\\/author\\\/w3bmaster\\\/#author\"},\"publisher\":{\"@id\":\"https:\\\/\\\/www.teatrulreginamaria.ro\\\/hu\\\/#organization\"},\"image\":{\"@type\":\"ImageObject\",\"url\":\"https:\\\/\\\/www.teatrulreginamaria.ro\\\/wp-content\\\/uploads\\\/2025\\\/06\\\/logo-trm-01-dark.png\",\"@id\":\"https:\\\/\\\/www.teatrulreginamaria.ro\\\/hu\\\/#articleImage\",\"width\":300,\"height\":148},\"datePublished\":\"2021-03-01T12:58:18+02:00\",\"dateModified\":\"2021-03-01T12:58:18+02:00\",\"inLanguage\":\"hu-HU\",\"mainEntityOfPage\":{\"@id\":\"https:\\\/\\\/www.teatrulreginamaria.ro\\\/hu\\\/genul-acuzativ-premiera-lunii-martie\\\/#webpage\"},\"isPartOf\":{\"@id\":\"https:\\\/\\\/www.teatrulreginamaria.ro\\\/hu\\\/genul-acuzativ-premiera-lunii-martie\\\/#webpage\"},\"articleSection\":\"Nout\\u0103\\u021bi - Trupa Iosif Vulcan\"},{\"@type\":\"BreadcrumbList\",\"@id\":\"https:\\\/\\\/www.teatrulreginamaria.ro\\\/hu\\\/genul-acuzativ-premiera-lunii-martie\\\/#breadcrumblist\",\"itemListElement\":[{\"@type\":\"ListItem\",\"@id\":\"https:\\\/\\\/www.teatrulreginamaria.ro\\\/hu#listItem\",\"position\":1,\"name\":\"Home\",\"item\":\"https:\\\/\\\/www.teatrulreginamaria.ro\\\/hu\",\"nextItem\":{\"@type\":\"ListItem\",\"@id\":\"https:\\\/\\\/www.teatrulreginamaria.ro\\\/hu\\\/categorie\\\/noutati\\\/#listItem\",\"name\":\"Nout\\u0103\\u021bi\"}},{\"@type\":\"ListItem\",\"@id\":\"https:\\\/\\\/www.teatrulreginamaria.ro\\\/hu\\\/categorie\\\/noutati\\\/#listItem\",\"position\":2,\"name\":\"Nout\\u0103\\u021bi\",\"item\":\"https:\\\/\\\/www.teatrulreginamaria.ro\\\/hu\\\/categorie\\\/noutati\\\/\",\"nextItem\":{\"@type\":\"ListItem\",\"@id\":\"https:\\\/\\\/www.teatrulreginamaria.ro\\\/hu\\\/categorie\\\/noutati\\\/noutati-trupa-iosif-vulcan\\\/#listItem\",\"name\":\"Nout\\u0103\\u021bi - Trupa Iosif Vulcan\"},\"previousItem\":{\"@type\":\"ListItem\",\"@id\":\"https:\\\/\\\/www.teatrulreginamaria.ro\\\/hu#listItem\",\"name\":\"Home\"}},{\"@type\":\"ListItem\",\"@id\":\"https:\\\/\\\/www.teatrulreginamaria.ro\\\/hu\\\/categorie\\\/noutati\\\/noutati-trupa-iosif-vulcan\\\/#listItem\",\"position\":3,\"name\":\"Nout\\u0103\\u021bi - Trupa Iosif Vulcan\",\"item\":\"https:\\\/\\\/www.teatrulreginamaria.ro\\\/hu\\\/categorie\\\/noutati\\\/noutati-trupa-iosif-vulcan\\\/\",\"nextItem\":{\"@type\":\"ListItem\",\"@id\":\"https:\\\/\\\/www.teatrulreginamaria.ro\\\/hu\\\/genul-acuzativ-premiera-lunii-martie\\\/#listItem\",\"name\":\"GENUL ACUZATIV | premiera lunii martie\"},\"previousItem\":{\"@type\":\"ListItem\",\"@id\":\"https:\\\/\\\/www.teatrulreginamaria.ro\\\/hu\\\/categorie\\\/noutati\\\/#listItem\",\"name\":\"Nout\\u0103\\u021bi\"}},{\"@type\":\"ListItem\",\"@id\":\"https:\\\/\\\/www.teatrulreginamaria.ro\\\/hu\\\/genul-acuzativ-premiera-lunii-martie\\\/#listItem\",\"position\":4,\"name\":\"GENUL ACUZATIV | premiera lunii martie\",\"previousItem\":{\"@type\":\"ListItem\",\"@id\":\"https:\\\/\\\/www.teatrulreginamaria.ro\\\/hu\\\/categorie\\\/noutati\\\/noutati-trupa-iosif-vulcan\\\/#listItem\",\"name\":\"Nout\\u0103\\u021bi - Trupa Iosif Vulcan\"}}]},{\"@type\":\"Organization\",\"@id\":\"https:\\\/\\\/www.teatrulreginamaria.ro\\\/hu\\\/#organization\",\"name\":\"Teatrul Regina Maria Oradea\",\"description\":\"Trupa Iosif Vulcan \\u0219i Trupa Arcadia\",\"url\":\"https:\\\/\\\/www.teatrulreginamaria.ro\\\/hu\\\/\",\"email\":\"marketing@teatrulreginamaria.ro\",\"telephone\":\"+40359411534\",\"numberOfEmployees\":{\"@type\":\"QuantitativeValue\",\"minValue\":0,\"maxValue\":150},\"logo\":{\"@type\":\"ImageObject\",\"url\":\"https:\\\/\\\/www.teatrulreginamaria.ro\\\/wp-content\\\/uploads\\\/2025\\\/06\\\/logo-trm-01-dark.png\",\"@id\":\"https:\\\/\\\/www.teatrulreginamaria.ro\\\/hu\\\/genul-acuzativ-premiera-lunii-martie\\\/#organizationLogo\",\"width\":300,\"height\":148},\"image\":{\"@id\":\"https:\\\/\\\/www.teatrulreginamaria.ro\\\/hu\\\/genul-acuzativ-premiera-lunii-martie\\\/#organizationLogo\"},\"sameAs\":[\"https:\\\/\\\/www.facebook.com\\\/TRMTrupaIosifVulcan\\\/\",\"https:\\\/\\\/x.com\\\/TRMOradea\",\"https:\\\/\\\/www.instagram.com\\\/teatrul_regina_maria\\\/\",\"https:\\\/\\\/www.youtube.com\\\/c\\\/TeatrulReginaMariaOradea\",\"https:\\\/\\\/www.linkedin.com\\\/company\\\/teatrul-regina-maria\"]},{\"@type\":\"Person\",\"@id\":\"https:\\\/\\\/www.teatrulreginamaria.ro\\\/hu\\\/author\\\/w3bmaster\\\/#author\",\"url\":\"https:\\\/\\\/www.teatrulreginamaria.ro\\\/hu\\\/author\\\/w3bmaster\\\/\",\"name\":\"Teatrul Regina Maria\",\"image\":{\"@type\":\"ImageObject\",\"@id\":\"https:\\\/\\\/www.teatrulreginamaria.ro\\\/hu\\\/genul-acuzativ-premiera-lunii-martie\\\/#authorImage\",\"url\":\"https:\\\/\\\/secure.gravatar.com\\\/avatar\\\/5884139d508ae3f0bafe45e60563b48a9640146d3b08ccc6278c305ff9329305?s=96&d=mm&r=g\",\"width\":96,\"height\":96,\"caption\":\"Teatrul Regina Maria\"}},{\"@type\":\"WebPage\",\"@id\":\"https:\\\/\\\/www.teatrulreginamaria.ro\\\/hu\\\/genul-acuzativ-premiera-lunii-martie\\\/#webpage\",\"url\":\"https:\\\/\\\/www.teatrulreginamaria.ro\\\/hu\\\/genul-acuzativ-premiera-lunii-martie\\\/\",\"name\":\"GENUL ACUZATIV | premiera lunii martie - Teatrul Regina Maria Oradea\",\"description\":\"Teatrul Regina Maria are deosebita pl\\u0103cere de a anun\\u021ba premiera spectacolului GENUL ACUZATIV, text \\u0219i regie: Mimi Br\\u0103nescu, o tragicomedie \\u00eenc\\u00e2nt\\u0103toare, \\u00een care amestecul de comic \\u0219i dramatic recreeaz\\u0103 un episod desprins din via\\u021ba de zi cu zi a unei familii obi\\u0219nuite. Dat fiind faptul c\\u0103 Oradea a reintrat \\u00een scenariul galben \\u0219i se joac\\u0103\",\"inLanguage\":\"hu-HU\",\"isPartOf\":{\"@id\":\"https:\\\/\\\/www.teatrulreginamaria.ro\\\/hu\\\/#website\"},\"breadcrumb\":{\"@id\":\"https:\\\/\\\/www.teatrulreginamaria.ro\\\/hu\\\/genul-acuzativ-premiera-lunii-martie\\\/#breadcrumblist\"},\"author\":{\"@id\":\"https:\\\/\\\/www.teatrulreginamaria.ro\\\/hu\\\/author\\\/w3bmaster\\\/#author\"},\"creator\":{\"@id\":\"https:\\\/\\\/www.teatrulreginamaria.ro\\\/hu\\\/author\\\/w3bmaster\\\/#author\"},\"datePublished\":\"2021-03-01T12:58:18+02:00\",\"dateModified\":\"2021-03-01T12:58:18+02:00\"},{\"@type\":\"WebSite\",\"@id\":\"https:\\\/\\\/www.teatrulreginamaria.ro\\\/hu\\\/#website\",\"url\":\"https:\\\/\\\/www.teatrulreginamaria.ro\\\/hu\\\/\",\"name\":\"Teatrul Regina Maria Oradea\",\"alternateName\":\"TRM Oradea\",\"description\":\"Trupa Iosif Vulcan \\u0219i Trupa Arcadia\",\"inLanguage\":\"hu-HU\",\"publisher\":{\"@id\":\"https:\\\/\\\/www.teatrulreginamaria.ro\\\/hu\\\/#organization\"}}]}\n\t\t<\/script>\n\t\t<!-- All in One SEO Pro -->\r\n\t\t<title>GENUL ACUZATIV | premiera lunii martie - Teatrul Regina Maria Oradea<\/title>\n\n","aioseo_head_json":{"title":"HAJT\u00d3 NEM | M\u00e1rciusi premier - Regina Maria Sz\u00ednh\u00e1z Nagyv\u00e1radi","description":"A Regina Maria Sz\u00ednh\u00e1z \u00f6r\u00f6mmel jelenti be a Mimi Br\u0103nescu \u00e1ltal \u00edrt \u00e9s rendezett AZ AKKUSAT\u00cdV M\u0170FAJ c\u00edm\u0171 elragad\u00f3 tragikom\u00e9dia premierj\u00e9t, amelyben a v\u00edgj\u00e1t\u00e9k \u00e9s a dr\u00e1ma kever\u00e9ke egy \u00e1tlagos csal\u00e1d mindennapi \u00e9let\u00e9b\u0151l vett epiz\u00f3dot eleven\u00edt fel. Tekintettel arra, hogy Nagyv\u00e1rad visszat\u00e9rt a s\u00e1rga forgat\u00f3k\u00f6nyvbe, \u00e9s a k\u00f6vetkez\u0151 el\u0151ad\u00e1sokat j\u00e1tssza...","canonical_url":"https:\/\/www.teatrulreginamaria.ro\/hu\/genul-acuzativ-premiera-lunii-martie\/","robots":"max-image-preview:large","keywords":"","webmasterTools":{"miscellaneous":""},"schema":{"@context":"https:\/\/schema.org","@graph":[{"@type":"BlogPosting","@id":"https:\/\/www.teatrulreginamaria.ro\/hu\/genul-acuzativ-premiera-lunii-martie\/#blogposting","name":"GENUL ACUZATIV | premiera lunii martie - Teatrul Regina Maria Oradea","headline":"GENUL ACUZATIV | premiera lunii martie","author":{"@id":"https:\/\/www.teatrulreginamaria.ro\/hu\/author\/w3bmaster\/#author"},"publisher":{"@id":"https:\/\/www.teatrulreginamaria.ro\/hu\/#organization"},"image":{"@type":"ImageObject","url":"https:\/\/www.teatrulreginamaria.ro\/wp-content\/uploads\/2025\/06\/logo-trm-01-dark.png","@id":"https:\/\/www.teatrulreginamaria.ro\/hu\/#articleImage","width":300,"height":148},"datePublished":"2021-03-01T12:58:18+02:00","dateModified":"2021-03-01T12:58:18+02:00","inLanguage":"hu-HU","mainEntityOfPage":{"@id":"https:\/\/www.teatrulreginamaria.ro\/hu\/genul-acuzativ-premiera-lunii-martie\/#webpage"},"isPartOf":{"@id":"https:\/\/www.teatrulreginamaria.ro\/hu\/genul-acuzativ-premiera-lunii-martie\/#webpage"},"articleSection":"Nout\u0103\u021bi - Trupa Iosif Vulcan"},{"@type":"BreadcrumbList","@id":"https:\/\/www.teatrulreginamaria.ro\/hu\/genul-acuzativ-premiera-lunii-martie\/#breadcrumblist","itemListElement":[{"@type":"ListItem","@id":"https:\/\/www.teatrulreginamaria.ro\/hu#listItem","position":1,"name":"Home","item":"https:\/\/www.teatrulreginamaria.ro\/hu","nextItem":{"@type":"ListItem","@id":"https:\/\/www.teatrulreginamaria.ro\/hu\/categorie\/noutati\/#listItem","name":"Nout\u0103\u021bi"}},{"@type":"ListItem","@id":"https:\/\/www.teatrulreginamaria.ro\/hu\/categorie\/noutati\/#listItem","position":2,"name":"Nout\u0103\u021bi","item":"https:\/\/www.teatrulreginamaria.ro\/hu\/categorie\/noutati\/","nextItem":{"@type":"ListItem","@id":"https:\/\/www.teatrulreginamaria.ro\/hu\/categorie\/noutati\/noutati-trupa-iosif-vulcan\/#listItem","name":"Nout\u0103\u021bi - Trupa Iosif Vulcan"},"previousItem":{"@type":"ListItem","@id":"https:\/\/www.teatrulreginamaria.ro\/hu#listItem","name":"Home"}},{"@type":"ListItem","@id":"https:\/\/www.teatrulreginamaria.ro\/hu\/categorie\/noutati\/noutati-trupa-iosif-vulcan\/#listItem","position":3,"name":"Nout\u0103\u021bi - Trupa Iosif Vulcan","item":"https:\/\/www.teatrulreginamaria.ro\/hu\/categorie\/noutati\/noutati-trupa-iosif-vulcan\/","nextItem":{"@type":"ListItem","@id":"https:\/\/www.teatrulreginamaria.ro\/hu\/genul-acuzativ-premiera-lunii-martie\/#listItem","name":"GENUL ACUZATIV | premiera lunii martie"},"previousItem":{"@type":"ListItem","@id":"https:\/\/www.teatrulreginamaria.ro\/hu\/categorie\/noutati\/#listItem","name":"Nout\u0103\u021bi"}},{"@type":"ListItem","@id":"https:\/\/www.teatrulreginamaria.ro\/hu\/genul-acuzativ-premiera-lunii-martie\/#listItem","position":4,"name":"GENUL ACUZATIV | premiera lunii martie","previousItem":{"@type":"ListItem","@id":"https:\/\/www.teatrulreginamaria.ro\/hu\/categorie\/noutati\/noutati-trupa-iosif-vulcan\/#listItem","name":"Nout\u0103\u021bi - Trupa Iosif Vulcan"}}]},{"@type":"Organization","@id":"https:\/\/www.teatrulreginamaria.ro\/hu\/#organization","name":"Teatrul Regina Maria Oradea","description":"Trupa Iosif Vulcan \u0219i Trupa Arcadia","url":"https:\/\/www.teatrulreginamaria.ro\/hu\/","email":"marketing@teatrulreginamaria.ro","telephone":"+40359411534","numberOfEmployees":{"@type":"QuantitativeValue","minValue":0,"maxValue":150},"logo":{"@type":"ImageObject","url":"https:\/\/www.teatrulreginamaria.ro\/wp-content\/uploads\/2025\/06\/logo-trm-01-dark.png","@id":"https:\/\/www.teatrulreginamaria.ro\/hu\/genul-acuzativ-premiera-lunii-martie\/#organizationLogo","width":300,"height":148},"image":{"@id":"https:\/\/www.teatrulreginamaria.ro\/hu\/genul-acuzativ-premiera-lunii-martie\/#organizationLogo"},"sameAs":["https:\/\/www.facebook.com\/TRMTrupaIosifVulcan\/","https:\/\/x.com\/TRMOradea","https:\/\/www.instagram.com\/teatrul_regina_maria\/","https:\/\/www.youtube.com\/c\/TeatrulReginaMariaOradea","https:\/\/www.linkedin.com\/company\/teatrul-regina-maria"]},{"@type":"Person","@id":"https:\/\/www.teatrulreginamaria.ro\/hu\/author\/w3bmaster\/#author","url":"https:\/\/www.teatrulreginamaria.ro\/hu\/author\/w3bmaster\/","name":"Teatrul Regina Maria","image":{"@type":"ImageObject","@id":"https:\/\/www.teatrulreginamaria.ro\/hu\/genul-acuzativ-premiera-lunii-martie\/#authorImage","url":"https:\/\/secure.gravatar.com\/avatar\/5884139d508ae3f0bafe45e60563b48a9640146d3b08ccc6278c305ff9329305?s=96&d=mm&r=g","width":96,"height":96,"caption":"Teatrul Regina Maria"}},{"@type":"WebPage","@id":"https:\/\/www.teatrulreginamaria.ro\/hu\/genul-acuzativ-premiera-lunii-martie\/#webpage","url":"https:\/\/www.teatrulreginamaria.ro\/hu\/genul-acuzativ-premiera-lunii-martie\/","name":"GENUL ACUZATIV | premiera lunii martie - Teatrul Regina Maria Oradea","description":"Teatrul Regina Maria are deosebita pl\u0103cere de a anun\u021ba premiera spectacolului GENUL ACUZATIV, text \u0219i regie: Mimi Br\u0103nescu, o tragicomedie \u00eenc\u00e2nt\u0103toare, \u00een care amestecul de comic \u0219i dramatic recreeaz\u0103 un episod desprins din via\u021ba de zi cu zi a unei familii obi\u0219nuite. Dat fiind faptul c\u0103 Oradea a reintrat \u00een scenariul galben \u0219i se joac\u0103","inLanguage":"hu-HU","isPartOf":{"@id":"https:\/\/www.teatrulreginamaria.ro\/hu\/#website"},"breadcrumb":{"@id":"https:\/\/www.teatrulreginamaria.ro\/hu\/genul-acuzativ-premiera-lunii-martie\/#breadcrumblist"},"author":{"@id":"https:\/\/www.teatrulreginamaria.ro\/hu\/author\/w3bmaster\/#author"},"creator":{"@id":"https:\/\/www.teatrulreginamaria.ro\/hu\/author\/w3bmaster\/#author"},"datePublished":"2021-03-01T12:58:18+02:00","dateModified":"2021-03-01T12:58:18+02:00"},{"@type":"WebSite","@id":"https:\/\/www.teatrulreginamaria.ro\/hu\/#website","url":"https:\/\/www.teatrulreginamaria.ro\/hu\/","name":"Teatrul Regina Maria Oradea","alternateName":"TRM Oradea","description":"Trupa Iosif Vulcan \u0219i Trupa Arcadia","inLanguage":"hu-HU","publisher":{"@id":"https:\/\/www.teatrulreginamaria.ro\/hu\/#organization"}}]},"og:locale":"hu_HU","og:site_name":"Teatrul Regina Maria Oradea - Trupa Iosif Vulcan \u0219i Trupa Arcadia","og:type":"article","og:title":"GENUL ACUZATIV | premiera lunii martie - Teatrul Regina Maria Oradea","og:description":"Teatrul Regina Maria are deosebita pl\u0103cere de a anun\u021ba premiera spectacolului GENUL ACUZATIV, text \u0219i regie: Mimi Br\u0103nescu, o tragicomedie \u00eenc\u00e2nt\u0103toare, \u00een care amestecul de comic \u0219i dramatic recreeaz\u0103 un episod desprins din via\u021ba de zi cu zi a unei familii obi\u0219nuite. Dat fiind faptul c\u0103 Oradea a reintrat \u00een scenariul galben \u0219i se joac\u0103","og:url":"https:\/\/www.teatrulreginamaria.ro\/hu\/genul-acuzativ-premiera-lunii-martie\/","og:image":"https:\/\/www.teatrulreginamaria.ro\/wp-content\/uploads\/2025\/03\/trm-istoric-01.jpg","og:image:secure_url":"https:\/\/www.teatrulreginamaria.ro\/wp-content\/uploads\/2025\/03\/trm-istoric-01.jpg","og:image:width":1200,"og:image:height":800,"article:published_time":"2021-03-01T12:58:18+00:00","article:modified_time":"2021-03-01T12:58:18+00:00","article:publisher":"https:\/\/www.facebook.com\/TRMTrupaIosifVulcan\/","twitter:card":"summary_large_image","twitter:site":"@TRMOradea","twitter:title":"GENUL ACUZATIV | premiera lunii martie - Teatrul Regina Maria Oradea","twitter:description":"Teatrul Regina Maria are deosebita pl\u0103cere de a anun\u021ba premiera spectacolului GENUL ACUZATIV, text \u0219i regie: Mimi Br\u0103nescu, o tragicomedie \u00eenc\u00e2nt\u0103toare, \u00een care amestecul de comic \u0219i dramatic recreeaz\u0103 un episod desprins din via\u021ba de zi cu zi a unei familii obi\u0219nuite. Dat fiind faptul c\u0103 Oradea a reintrat \u00een scenariul galben \u0219i se joac\u0103","twitter:creator":"@TRMOradea","twitter:image":"https:\/\/www.teatrulreginamaria.ro\/wp-content\/uploads\/2025\/03\/trm-istoric-01.jpg"},"aioseo_meta_data":{"post_id":"4827","title":null,"description":null,"keywords":null,"keyphrases":null,"primary_term":null,"canonical_url":null,"og_title":null,"og_description":null,"og_object_type":"default","og_image_type":"default","og_image_url":null,"og_image_width":null,"og_image_height":null,"og_image_custom_url":null,"og_image_custom_fields":null,"og_video":null,"og_custom_url":null,"og_article_section":null,"og_article_tags":null,"twitter_use_og":false,"twitter_card":"default","twitter_image_type":"default","twitter_image_url":null,"twitter_image_custom_url":null,"twitter_image_custom_fields":null,"twitter_title":null,"twitter_description":null,"schema":{"blockGraphs":[],"customGraphs":[],"default":{"data":{"Article":[],"Course":[],"Dataset":[],"FAQPage":[],"Movie":[],"Person":[],"Product":[],"ProductReview":[],"Car":[],"Recipe":[],"Service":[],"SoftwareApplication":[],"WebPage":[]},"graphName":"","isEnabled":true},"graphs":[]},"schema_type":"default","schema_type_options":null,"pillar_content":false,"robots_default":true,"robots_noindex":false,"robots_noarchive":false,"robots_nosnippet":false,"robots_nofollow":false,"robots_noimageindex":false,"robots_noodp":false,"robots_notranslate":false,"robots_max_snippet":null,"robots_max_videopreview":null,"robots_max_imagepreview":"large","priority":null,"frequency":null,"local_seo":null,"seo_analyzer_scan_date":"2026-05-13 02:42:37","breadcrumb_settings":null,"limit_modified_date":false,"reviewed_by":null,"open_ai":null,"ai":null,"created":"2025-04-09 17:42:43","updated":"2026-05-13 02:42:37","focus_keyword":null,"additional_keywords":null,"truseo_locale":null},"aioseo_breadcrumb":"<div class=\"aioseo-breadcrumbs\"><span class=\"aioseo-breadcrumb\">\n\t<a href=\"https:\/\/www.teatrulreginamaria.ro\/hu\" title=\"Home\">Home<\/a>\n<\/span><span class=\"aioseo-breadcrumb-separator\">&raquo;<\/span><span class=\"aioseo-breadcrumb\">\n\t<a href=\"https:\/\/www.teatrulreginamaria.ro\/hu\/categorie\/noutati\/\" title=\"Nout\u0103\u021bi\">Nout\u0103\u021bi<\/a>\n<\/span><span class=\"aioseo-breadcrumb-separator\">&raquo;<\/span><span class=\"aioseo-breadcrumb\">\n\t<a href=\"https:\/\/www.teatrulreginamaria.ro\/hu\/categorie\/noutati\/noutati-trupa-iosif-vulcan\/\" title=\"Nout\u0103\u021bi - Trupa Iosif Vulcan\">Nout\u0103\u021bi - Trupa Iosif Vulcan<\/a>\n<\/span><span class=\"aioseo-breadcrumb-separator\">&raquo;<\/span><span class=\"aioseo-breadcrumb\">\n\tGENUL ACUZATIV | premiera lunii martie\n<\/span><\/div>","aioseo_breadcrumb_json":[{"label":"Home","link":"https:\/\/www.teatrulreginamaria.ro\/hu"},{"label":"Nout\u0103\u021bi","link":"https:\/\/www.teatrulreginamaria.ro\/hu\/categorie\/noutati\/"},{"label":"Nout\u0103\u021bi - Trupa Iosif Vulcan","link":"https:\/\/www.teatrulreginamaria.ro\/hu\/categorie\/noutati\/noutati-trupa-iosif-vulcan\/"},{"label":"GENUL ACUZATIV | premiera lunii martie","link":"https:\/\/www.teatrulreginamaria.ro\/hu\/genul-acuzativ-premiera-lunii-martie\/"}],"acf":[],"_links":{"self":[{"href":"https:\/\/www.teatrulreginamaria.ro\/hu\/wp-json\/wp\/v2\/posts\/4827","targetHints":{"allow":["GET"]}}],"collection":[{"href":"https:\/\/www.teatrulreginamaria.ro\/hu\/wp-json\/wp\/v2\/posts"}],"about":[{"href":"https:\/\/www.teatrulreginamaria.ro\/hu\/wp-json\/wp\/v2\/types\/post"}],"author":[{"embeddable":true,"href":"https:\/\/www.teatrulreginamaria.ro\/hu\/wp-json\/wp\/v2\/users\/6"}],"replies":[{"embeddable":true,"href":"https:\/\/www.teatrulreginamaria.ro\/hu\/wp-json\/wp\/v2\/comments?post=4827"}],"version-history":[{"count":0,"href":"https:\/\/www.teatrulreginamaria.ro\/hu\/wp-json\/wp\/v2\/posts\/4827\/revisions"}],"wp:attachment":[{"href":"https:\/\/www.teatrulreginamaria.ro\/hu\/wp-json\/wp\/v2\/media?parent=4827"}],"wp:term":[{"taxonomy":"category","embeddable":true,"href":"https:\/\/www.teatrulreginamaria.ro\/hu\/wp-json\/wp\/v2\/categories?post=4827"},{"taxonomy":"post_tag","embeddable":true,"href":"https:\/\/www.teatrulreginamaria.ro\/hu\/wp-json\/wp\/v2\/tags?post=4827"}],"curies":[{"name":"munkaf\u00fczet","href":"https:\/\/api.w.org\/{rel}","templated":true}]}}