{"id":4829,"date":"2021-03-16T11:51:54","date_gmt":"2021-03-16T11:51:54","guid":{"rendered":"https:\/\/teatrulreginamaria.ro\/2021\/03\/16\/cantarea-patimirii-noastre-premiera\/"},"modified":"2021-03-16T11:51:54","modified_gmt":"2021-03-16T11:51:54","slug":"a-szenvedelyunk-dalanak-premierje","status":"publish","type":"post","link":"https:\/\/www.teatrulreginamaria.ro\/hu\/cantarea-patimirii-noastre-premiera\/","title":{"rendered":"SZENVED\u00c9LY\u00dcNK DAL\u00c1NAK | Premier"},"content":{"rendered":"<p style=\"font-weight: 400; text-align: center;\">\u00a0<\/p>\n<p style=\"font-weight: 400; text-align: center;\"><strong>A szenved\u00e9ly\u00fcnk dala<br \/><\/strong><strong>Octavian Goga verseib\u0151l sz\u00f3l\u00f3 est Eugen \u021augulea sz\u00ednm\u0171v\u00e9sz el\u0151ad\u00e1s\u00e1ban a K\u00f6lt\u00e9szet Nemzetk\u00f6zi Napja alkalm\u00e1b\u00f3l<\/strong><\/p>\n<p style=\"font-weight: 400; text-align: justify;\">\u00a0<\/p>\n<p style=\"font-weight: 400; text-align: justify;\">A Regina Maria Sz\u00ednh\u00e1z szeretettel v\u00e1rja \u00d6nt m\u00e1rcius 21-\u00e9n, vas\u00e1rnap 19:00 \u00f3r\u00e1t\u00f3l az Arcadia Teremben Octavian Goga verseib\u0151l sz\u00f3l\u00f3 hangversenyre:\u00a0<strong>\u201e&quot;Szenved\u00e9ly\u00fcnk dala&quot;,<\/strong>\u00a0a Nemzetk\u00f6zi K\u00f6lt\u00e9szet Napja alkalm\u00e1b\u00f3l szervezik. Az est\u00e9t Eugen \u021augulea sz\u00ednm\u0171v\u00e9sz, a 2016-os UNITER-d\u00edj\u00e1tad\u00f3 g\u00e1la d\u00edjazottja adja.\u00a0<em>K\u00fcl\u00f6nd\u00edj a sz\u00ednh\u00e1znak \u00e9s a k\u00f6lt\u00e9szetnek szentelt \u00e9let\u00e9rt<\/em>.<\/p>\n<p style=\"font-weight: 400; text-align: justify;\">Egy erd\u00e9lyi k\u00f6lt\u0151, \u00e9s k\u00fcl\u00f6n\u00f6sen Octavian Goga kiv\u00e1laszt\u00e1sa egy\u00e1ltal\u00e1n nem v\u00e9letlen, \u00e9s t\u00f6rt\u00e9nelmi, valamint szem\u00e9lyes ind\u00edttat\u00e1s\u00fa is. El\u0151sz\u00f6r is, id\u00e9n van Octavian Goga k\u00f6lt\u0151 sz\u00fclet\u00e9s\u00e9nek 140. \u00e9vfordul\u00f3ja (1881. \u00e1prilis 1.), \u00e9s a hangverseny id\u0151pontja is nagyon k\u00f6zel van az \u00e9vfordul\u00f3hoz, \u00edgy amellett, hogy egy \u00e9rt\u00e9kes rom\u00e1n k\u00f6lt\u0151 el\u0151tt tisztelegve a Nemzetk\u00f6zi K\u00f6lt\u00e9szet Napj\u00e1t is \u00fcnneplik, ezt az esem\u00e9nyt is meg\u00fcnneplik.<\/p>\n<p><!--more--><\/p>\n<p style=\"font-weight: 400; text-align: justify;\">M\u00e1sodszor, Eugen \u021augulea bevallja, hogy \u00fagy \u00e9rzi, ad\u00f3sa van az erd\u00e9lyi k\u00f6lt\u00e9szetnek, mert \u201eb\u00e1r \u00e9vtizedek \u00f3ta itt \u00e9lek \u00e9s gy\u00f6keret eresztettem ezen a helyen, Rom\u00e1nia minden t\u00f6rt\u00e9nelmi tartom\u00e1ny\u00e1b\u00f3l sz\u00e1rmaz\u00f3 szerz\u0151k verseit szavaltam m\u00e1r, de soha, legal\u00e1bbis nyilv\u00e1nosan, erd\u00e9lyi k\u00f6lt\u0151 verseit nem.\u201d.\u00a0<\/p>\n<p style=\"font-weight: 400; text-align: justify;\">K\u00fcl\u00f6n\u00f6sen Goga kiv\u00e1laszt\u00e1s\u00e1nak lelki ind\u00edttat\u00e1sa is van: az 1940-es \u00e9s 1945-\u00f6s \u00e9vekben hallotta egy koll\u00e9g\u00e1j\u00e1t, amint egy Octavian Gog\u00e1nak aj\u00e1nlott verset szaval, ami m\u00e9ly benyom\u00e1st tett r\u00e1, \u00e9s amit azonnal megtanult, b\u00e1r kor\u00e1bban soha nem szavalt nyilv\u00e1nosan. Az biztos, hogy ez az esem\u00e9ny nyitotta meg sz\u00e1m\u00e1ra az utat az erd\u00e9lyi k\u00f6lt\u0151 l\u00edrai univerzum\u00e1nak felfedez\u00e9se fel\u00e9.<\/p>\n<p style=\"font-weight: 400; text-align: justify;\">Goga igen gazdag \u00e9letm\u0171v\u00e9b\u0151l kiv\u00e1lasztott l\u00edrai alkot\u00e1sokr\u00f3l Eugen \u021augulea \u00edgy nyilatkozott: \u201eSzubjekt\u00edv voltam a versek kiv\u00e1laszt\u00e1sakor. Octavian Goga m\u0171v\u00e9b\u0151l azt emeltem ki, amit eszt\u00e9tikai szempontb\u00f3l meg\u00e9rtettem \u00e9s szerettem, de els\u0151sorban \u00e9rzelmileg is, mert egy h\u00fasz verses el\u0151ad\u00e1s nem \u00f6lelheti fel egy fontos k\u00f6lt\u0151 \u00f6sszes \u00e9rt\u00e9k\u00e9t \u00e9s gondolat\u00e1t. Ez\u00e9rt v\u00e1lasztottam ezt a szubjekt\u00edv perspekt\u00edv\u00e1t, amely egyben a szerz\u0151t is k\u00e9pviseli, de engem is k\u00e9pvisel abban, ahogyan a szerz\u0151r\u0151l l\u00e1tok. Nem korl\u00e1toz\u00f3dtam az emblematikus verseire, amelyek val\u00f3ban hozz\u00e1adott \u00e9rt\u00e9ket adnak neki, mert csak a szerz\u0151 tudat\u00e1nak dimenzi\u00f3j\u00e1nak r\u00e9sz\u00e9t k\u00e9pezik. \u00dagy v\u00e9lem, hogy aki egy k\u00f6lt\u0151t akar kifejezni, nem v\u00e1laszthatja csak azt, ami \u0151t reprezent\u00e1lja, mert ez azt jelenten\u00e9, hogy csak a legfels\u0151 elem \u00e9rdekli, vagy nem csak ez a szempont k\u00e9pviseli a szem\u00e9lyis\u00e9get, f\u00fcggetlen\u00fcl att\u00f3l, hogy kir\u0151l van sz\u00f3. Miben vagyok j\u00f3 vagy kev\u00e9sb\u00e9?\u201d Nos, egy hib\u00e1m vagy egy tulajdons\u00e1gom nem k\u00e9pvisel engem teljes eg\u00e9sz\u00e9ben, hanem a tulajdons\u00e1gaim \u00e9s hi\u00e1nyoss\u00e1gaim \u00f6sszess\u00e9g\u00e9t.\u201d Ugyan\u00edgy tekintek egy k\u00f6lt\u0151 m\u0171v\u00e9re, amikor verseket v\u00e1lasztok egy el\u0151ad\u00e1shoz. Megpr\u00f3b\u00e1lok egy bels\u0151 strukt\u00far\u00e1t l\u00e9trehozni, mint egyfajta t\u00f6rt\u00e9netet az adott szerz\u0151r\u0151l, amelynek van kezdete \u00e9s v\u00e9ge.&quot;.<\/p>\n<p style=\"font-weight: 400; text-align: justify;\">Az el\u0151ad\u00e1sra jegyek online, az Eventim.ro weboldalon, vagy a Sz\u00ednh\u00e1zi \u00dcgyn\u00f6ks\u00e9gn\u00e9l v\u00e1s\u00e1rolhat\u00f3k, amelyek szerd\u00e1t\u00f3l p\u00e9ntekig 14:00 \u00e9s 19:00 \u00f3ra k\u00f6z\u00f6tt, szombaton \u00e9s vas\u00e1rnap pedig 16:00 \u00e9s 19:00 \u00f3ra k\u00f6z\u00f6tt tartanak nyitva.<\/p>\n<p style=\"font-weight: 400; text-align: justify;\">\u00a0Szeretettel v\u00e1runk a sz\u00ednh\u00e1zba!<\/p>\n<hr \/>\n<p style=\"font-weight: 400; text-align: justify;\"><strong>A COVID-19 esetek 3\u2030-ot meghalad\u00f3 el\u0151fordul\u00e1sa miatt elmarad. \u00c1t\u00fctemezve: 2021. m\u00e1jus 7., 19:00 \u00f3ra, az Arcadia Hallban.<\/strong><\/p>\n<p style=\"font-weight: 400;\">","protected":false},"excerpt":{"rendered":"<p>\u00a0 C\u00c2NTAREA P\u0102TIMIRII NOASTRErecital pe versuri de Octavian Goga, sus\u021binut de actorul Eugen \u021augulea cu ocazia Zilei Interna\u021bionale a Poeziei \u00a0 Teatrul Regina Maria v\u0103 invit\u0103 duminic\u0103, 21 martie, de la ora 19:00, la Sala Arcadia, la spectacolul recital pe versuri de Octavian Goga:\u00a0\u201eC\u00e2ntarea p\u0103timirii noastre\u201d,\u00a0organizat cu ocazia Zilei Interna\u021bionale a Poeziei. Recitalul va fi [&hellip;]<\/p>\n","protected":false},"author":6,"featured_media":4828,"comment_status":"open","ping_status":"open","sticky":false,"template":"","format":"standard","meta":{"_acf_changed":false,"footnotes":""},"categories":[22],"tags":[],"class_list":["post-4829","post","type-post","status-publish","format-standard","has-post-thumbnail","hentry","category-noutati-trupa-iosif-vulcan"],"aioseo_notices":[],"aioseo_head":"\n\t\t<!-- All in One SEO Pro 5.0.1.1 - aioseo.com -->\n\t<meta name=\"description\" content=\"C\u00c2NTAREA P\u0102TIMIRII NOASTRErecital pe versuri de Octavian Goga, sus\u021binut de actorul Eugen \u021augulea cu ocazia Zilei Interna\u021bionale a Poeziei Teatrul Regina Maria v\u0103 invit\u0103 duminic\u0103, 21 martie, de la ora 19:00, la Sala Arcadia, la spectacolul recital pe versuri de Octavian Goga: \u201eC\u00e2ntarea p\u0103timirii noastre\u201d, organizat cu ocazia Zilei Interna\u021bionale a Poeziei. Recitalul va fi\" \/>\n\t<meta name=\"robots\" content=\"max-image-preview:large\" \/>\n\t<meta name=\"author\" content=\"Teatrul Regina Maria\"\/>\n\t<link rel=\"canonical\" href=\"https:\/\/www.teatrulreginamaria.ro\/hu\/cantarea-patimirii-noastre-premiera\/\" \/>\n\t<meta name=\"generator\" content=\"All in One SEO Pro (AIOSEO) 5.0.1.1\" \/>\n\t\t<meta property=\"og:locale\" content=\"hu_HU\" \/>\n\t\t<meta property=\"og:site_name\" content=\"Teatrul Regina Maria Oradea - Trupa Iosif Vulcan \u0219i Trupa Arcadia\" \/>\n\t\t<meta property=\"og:type\" content=\"article\" \/>\n\t\t<meta property=\"og:title\" content=\"C\u00c2NTAREA P\u0102TIMIRII NOASTRE | Premiera - Teatrul Regina Maria Oradea\" \/>\n\t\t<meta property=\"og:description\" content=\"C\u00c2NTAREA P\u0102TIMIRII NOASTRErecital pe versuri de Octavian Goga, sus\u021binut de actorul Eugen \u021augulea cu ocazia Zilei Interna\u021bionale a Poeziei Teatrul Regina Maria v\u0103 invit\u0103 duminic\u0103, 21 martie, de la ora 19:00, la Sala Arcadia, la spectacolul recital pe versuri de Octavian Goga: \u201eC\u00e2ntarea p\u0103timirii noastre\u201d, organizat cu ocazia Zilei Interna\u021bionale a Poeziei. Recitalul va fi\" \/>\n\t\t<meta property=\"og:url\" content=\"https:\/\/www.teatrulreginamaria.ro\/hu\/cantarea-patimirii-noastre-premiera\/\" \/>\n\t\t<meta property=\"og:image\" content=\"https:\/\/www.teatrulreginamaria.ro\/wp-content\/uploads\/2025\/03\/trm-istoric-01.jpg\" \/>\n\t\t<meta property=\"og:image:secure_url\" content=\"https:\/\/www.teatrulreginamaria.ro\/wp-content\/uploads\/2025\/03\/trm-istoric-01.jpg\" \/>\n\t\t<meta property=\"og:image:width\" content=\"1200\" \/>\n\t\t<meta property=\"og:image:height\" content=\"800\" \/>\n\t\t<meta property=\"article:published_time\" content=\"2021-03-16T11:51:54+00:00\" \/>\n\t\t<meta property=\"article:modified_time\" content=\"2021-03-16T11:51:54+00:00\" \/>\n\t\t<meta property=\"article:publisher\" content=\"https:\/\/www.facebook.com\/TRMTrupaIosifVulcan\/\" \/>\n\t\t<meta name=\"twitter:card\" content=\"summary_large_image\" \/>\n\t\t<meta name=\"twitter:site\" content=\"@TRMOradea\" \/>\n\t\t<meta name=\"twitter:title\" content=\"C\u00c2NTAREA P\u0102TIMIRII NOASTRE | Premiera - Teatrul Regina Maria Oradea\" \/>\n\t\t<meta name=\"twitter:description\" content=\"C\u00c2NTAREA P\u0102TIMIRII NOASTRErecital pe versuri de Octavian Goga, sus\u021binut de actorul Eugen \u021augulea cu ocazia Zilei Interna\u021bionale a Poeziei Teatrul Regina Maria v\u0103 invit\u0103 duminic\u0103, 21 martie, de la ora 19:00, la Sala Arcadia, la spectacolul recital pe versuri de Octavian Goga: \u201eC\u00e2ntarea p\u0103timirii noastre\u201d, organizat cu ocazia Zilei Interna\u021bionale a Poeziei. Recitalul va fi\" \/>\n\t\t<meta name=\"twitter:creator\" content=\"@TRMOradea\" \/>\n\t\t<meta name=\"twitter:image\" content=\"https:\/\/www.teatrulreginamaria.ro\/wp-content\/uploads\/2025\/03\/trm-istoric-01.jpg\" \/>\n\t\t<script type=\"application\/ld+json\" class=\"aioseo-schema\">\n\t\t\t{\"@context\":\"https:\\\/\\\/schema.org\",\"@graph\":[{\"@type\":\"BlogPosting\",\"@id\":\"https:\\\/\\\/www.teatrulreginamaria.ro\\\/hu\\\/cantarea-patimirii-noastre-premiera\\\/#blogposting\",\"name\":\"C\\u00c2NTAREA P\\u0102TIMIRII NOASTRE | Premiera - Teatrul Regina Maria Oradea\",\"headline\":\"C\\u00c2NTAREA P\\u0102TIMIRII NOASTRE | Premiera\",\"author\":{\"@id\":\"https:\\\/\\\/www.teatrulreginamaria.ro\\\/hu\\\/author\\\/w3bmaster\\\/#author\"},\"publisher\":{\"@id\":\"https:\\\/\\\/www.teatrulreginamaria.ro\\\/hu\\\/#organization\"},\"image\":{\"@type\":\"ImageObject\",\"url\":\"https:\\\/\\\/www.teatrulreginamaria.ro\\\/wp-content\\\/uploads\\\/2021\\\/03\\\/Grafic__Pavel_Popa_Sunet__Sergiu_Domide_Lumini__Peter_Papp.jpg\",\"width\":1920,\"height\":1005},\"datePublished\":\"2021-03-16T11:51:54+02:00\",\"dateModified\":\"2021-03-16T11:51:54+02:00\",\"inLanguage\":\"hu-HU\",\"mainEntityOfPage\":{\"@id\":\"https:\\\/\\\/www.teatrulreginamaria.ro\\\/hu\\\/cantarea-patimirii-noastre-premiera\\\/#webpage\"},\"isPartOf\":{\"@id\":\"https:\\\/\\\/www.teatrulreginamaria.ro\\\/hu\\\/cantarea-patimirii-noastre-premiera\\\/#webpage\"},\"articleSection\":\"Nout\\u0103\\u021bi - Trupa Iosif Vulcan\"},{\"@type\":\"BreadcrumbList\",\"@id\":\"https:\\\/\\\/www.teatrulreginamaria.ro\\\/hu\\\/cantarea-patimirii-noastre-premiera\\\/#breadcrumblist\",\"itemListElement\":[{\"@type\":\"ListItem\",\"@id\":\"https:\\\/\\\/www.teatrulreginamaria.ro\\\/hu#listItem\",\"position\":1,\"name\":\"Home\",\"item\":\"https:\\\/\\\/www.teatrulreginamaria.ro\\\/hu\",\"nextItem\":{\"@type\":\"ListItem\",\"@id\":\"https:\\\/\\\/www.teatrulreginamaria.ro\\\/hu\\\/categorie\\\/noutati\\\/#listItem\",\"name\":\"Nout\\u0103\\u021bi\"}},{\"@type\":\"ListItem\",\"@id\":\"https:\\\/\\\/www.teatrulreginamaria.ro\\\/hu\\\/categorie\\\/noutati\\\/#listItem\",\"position\":2,\"name\":\"Nout\\u0103\\u021bi\",\"item\":\"https:\\\/\\\/www.teatrulreginamaria.ro\\\/hu\\\/categorie\\\/noutati\\\/\",\"nextItem\":{\"@type\":\"ListItem\",\"@id\":\"https:\\\/\\\/www.teatrulreginamaria.ro\\\/hu\\\/categorie\\\/noutati\\\/noutati-trupa-iosif-vulcan\\\/#listItem\",\"name\":\"Nout\\u0103\\u021bi - Trupa Iosif Vulcan\"},\"previousItem\":{\"@type\":\"ListItem\",\"@id\":\"https:\\\/\\\/www.teatrulreginamaria.ro\\\/hu#listItem\",\"name\":\"Home\"}},{\"@type\":\"ListItem\",\"@id\":\"https:\\\/\\\/www.teatrulreginamaria.ro\\\/hu\\\/categorie\\\/noutati\\\/noutati-trupa-iosif-vulcan\\\/#listItem\",\"position\":3,\"name\":\"Nout\\u0103\\u021bi - Trupa Iosif Vulcan\",\"item\":\"https:\\\/\\\/www.teatrulreginamaria.ro\\\/hu\\\/categorie\\\/noutati\\\/noutati-trupa-iosif-vulcan\\\/\",\"nextItem\":{\"@type\":\"ListItem\",\"@id\":\"https:\\\/\\\/www.teatrulreginamaria.ro\\\/hu\\\/cantarea-patimirii-noastre-premiera\\\/#listItem\",\"name\":\"C\\u00c2NTAREA P\\u0102TIMIRII NOASTRE | Premiera\"},\"previousItem\":{\"@type\":\"ListItem\",\"@id\":\"https:\\\/\\\/www.teatrulreginamaria.ro\\\/hu\\\/categorie\\\/noutati\\\/#listItem\",\"name\":\"Nout\\u0103\\u021bi\"}},{\"@type\":\"ListItem\",\"@id\":\"https:\\\/\\\/www.teatrulreginamaria.ro\\\/hu\\\/cantarea-patimirii-noastre-premiera\\\/#listItem\",\"position\":4,\"name\":\"C\\u00c2NTAREA P\\u0102TIMIRII NOASTRE | Premiera\",\"previousItem\":{\"@type\":\"ListItem\",\"@id\":\"https:\\\/\\\/www.teatrulreginamaria.ro\\\/hu\\\/categorie\\\/noutati\\\/noutati-trupa-iosif-vulcan\\\/#listItem\",\"name\":\"Nout\\u0103\\u021bi - Trupa Iosif Vulcan\"}}]},{\"@type\":\"Organization\",\"@id\":\"https:\\\/\\\/www.teatrulreginamaria.ro\\\/hu\\\/#organization\",\"name\":\"Teatrul Regina Maria Oradea\",\"description\":\"Trupa Iosif Vulcan \\u0219i Trupa Arcadia\",\"url\":\"https:\\\/\\\/www.teatrulreginamaria.ro\\\/hu\\\/\",\"email\":\"marketing@teatrulreginamaria.ro\",\"telephone\":\"+40359411534\",\"numberOfEmployees\":{\"@type\":\"QuantitativeValue\",\"minValue\":0,\"maxValue\":150},\"logo\":{\"@type\":\"ImageObject\",\"url\":\"https:\\\/\\\/www.teatrulreginamaria.ro\\\/wp-content\\\/uploads\\\/2025\\\/06\\\/logo-trm-01-dark.png\",\"@id\":\"https:\\\/\\\/www.teatrulreginamaria.ro\\\/hu\\\/cantarea-patimirii-noastre-premiera\\\/#organizationLogo\",\"width\":300,\"height\":148},\"image\":{\"@id\":\"https:\\\/\\\/www.teatrulreginamaria.ro\\\/hu\\\/cantarea-patimirii-noastre-premiera\\\/#organizationLogo\"},\"sameAs\":[\"https:\\\/\\\/www.facebook.com\\\/TRMTrupaIosifVulcan\\\/\",\"https:\\\/\\\/x.com\\\/TRMOradea\",\"https:\\\/\\\/www.instagram.com\\\/teatrul_regina_maria\\\/\",\"https:\\\/\\\/www.youtube.com\\\/c\\\/TeatrulReginaMariaOradea\",\"https:\\\/\\\/www.linkedin.com\\\/company\\\/teatrul-regina-maria\"]},{\"@type\":\"Person\",\"@id\":\"https:\\\/\\\/www.teatrulreginamaria.ro\\\/hu\\\/author\\\/w3bmaster\\\/#author\",\"url\":\"https:\\\/\\\/www.teatrulreginamaria.ro\\\/hu\\\/author\\\/w3bmaster\\\/\",\"name\":\"Teatrul Regina Maria\",\"image\":{\"@type\":\"ImageObject\",\"@id\":\"https:\\\/\\\/www.teatrulreginamaria.ro\\\/hu\\\/cantarea-patimirii-noastre-premiera\\\/#authorImage\",\"url\":\"https:\\\/\\\/secure.gravatar.com\\\/avatar\\\/5884139d508ae3f0bafe45e60563b48a9640146d3b08ccc6278c305ff9329305?s=96&d=mm&r=g\",\"width\":96,\"height\":96,\"caption\":\"Teatrul Regina Maria\"}},{\"@type\":\"WebPage\",\"@id\":\"https:\\\/\\\/www.teatrulreginamaria.ro\\\/hu\\\/cantarea-patimirii-noastre-premiera\\\/#webpage\",\"url\":\"https:\\\/\\\/www.teatrulreginamaria.ro\\\/hu\\\/cantarea-patimirii-noastre-premiera\\\/\",\"name\":\"C\\u00c2NTAREA P\\u0102TIMIRII NOASTRE | Premiera - Teatrul Regina Maria Oradea\",\"description\":\"C\\u00c2NTAREA P\\u0102TIMIRII NOASTRErecital pe versuri de Octavian Goga, sus\\u021binut de actorul Eugen \\u021augulea cu ocazia Zilei Interna\\u021bionale a Poeziei Teatrul Regina Maria v\\u0103 invit\\u0103 duminic\\u0103, 21 martie, de la ora 19:00, la Sala Arcadia, la spectacolul recital pe versuri de Octavian Goga: \\u201eC\\u00e2ntarea p\\u0103timirii noastre\\u201d, organizat cu ocazia Zilei Interna\\u021bionale a Poeziei. Recitalul va fi\",\"inLanguage\":\"hu-HU\",\"isPartOf\":{\"@id\":\"https:\\\/\\\/www.teatrulreginamaria.ro\\\/hu\\\/#website\"},\"breadcrumb\":{\"@id\":\"https:\\\/\\\/www.teatrulreginamaria.ro\\\/hu\\\/cantarea-patimirii-noastre-premiera\\\/#breadcrumblist\"},\"author\":{\"@id\":\"https:\\\/\\\/www.teatrulreginamaria.ro\\\/hu\\\/author\\\/w3bmaster\\\/#author\"},\"creator\":{\"@id\":\"https:\\\/\\\/www.teatrulreginamaria.ro\\\/hu\\\/author\\\/w3bmaster\\\/#author\"},\"image\":{\"@type\":\"ImageObject\",\"url\":\"https:\\\/\\\/www.teatrulreginamaria.ro\\\/wp-content\\\/uploads\\\/2021\\\/03\\\/Grafic__Pavel_Popa_Sunet__Sergiu_Domide_Lumini__Peter_Papp.jpg\",\"@id\":\"https:\\\/\\\/www.teatrulreginamaria.ro\\\/hu\\\/cantarea-patimirii-noastre-premiera\\\/#mainImage\",\"width\":1920,\"height\":1005},\"primaryImageOfPage\":{\"@id\":\"https:\\\/\\\/www.teatrulreginamaria.ro\\\/hu\\\/cantarea-patimirii-noastre-premiera\\\/#mainImage\"},\"datePublished\":\"2021-03-16T11:51:54+02:00\",\"dateModified\":\"2021-03-16T11:51:54+02:00\"},{\"@type\":\"WebSite\",\"@id\":\"https:\\\/\\\/www.teatrulreginamaria.ro\\\/hu\\\/#website\",\"url\":\"https:\\\/\\\/www.teatrulreginamaria.ro\\\/hu\\\/\",\"name\":\"Teatrul Regina Maria Oradea\",\"alternateName\":\"TRM Oradea\",\"description\":\"Trupa Iosif Vulcan \\u0219i Trupa Arcadia\",\"inLanguage\":\"hu-HU\",\"publisher\":{\"@id\":\"https:\\\/\\\/www.teatrulreginamaria.ro\\\/hu\\\/#organization\"}}]}\n\t\t<\/script>\n\t\t<!-- All in One SEO Pro -->\r\n\t\t<title>C\u00c2NTAREA P\u0102TIMIRII NOASTRE | Premiera - Teatrul Regina Maria Oradea<\/title>\n\n","aioseo_head_json":{"title":"SZENVED\u00c9LY\u00dcNK DAL\u00c1NAK | Premier - Regina Maria Sz\u00ednh\u00e1z, Nagyv\u00e1radi","description":"F\u00c1JDALMUNK DAL\u00c1Nc Octavian Goga verseire \u00edrt hangverseny, Eugen \u021augulea sz\u00ednm\u0171v\u00e9sz el\u0151ad\u00e1s\u00e1ban, a K\u00f6lt\u00e9szet Nemzetk\u00f6zi Napja alkalm\u00e1b\u00f3l A Regina Maria Sz\u00ednh\u00e1z szeretettel v\u00e1rja \u00d6nt m\u00e1rcius 21-\u00e9n, vas\u00e1rnap 19 \u00f3r\u00e1t\u00f3l az Arcadia Teremben Octavian Goga verseire \u00edrt &quot;Sajn\u00e1latunk dala&quot; c\u00edm\u0171 hangverseny\u00e9re, amelyet a K\u00f6lt\u00e9szet Nemzetk\u00f6zi Napja alkalm\u00e1b\u00f3l rendeznek. Az el\u0151ad\u00e1s a k\u00f6vetkez\u0151 lesz:","canonical_url":"https:\/\/www.teatrulreginamaria.ro\/hu\/cantarea-patimirii-noastre-premiera\/","robots":"max-image-preview:large","keywords":"","webmasterTools":{"miscellaneous":""},"schema":{"@context":"https:\/\/schema.org","@graph":[{"@type":"BlogPosting","@id":"https:\/\/www.teatrulreginamaria.ro\/hu\/cantarea-patimirii-noastre-premiera\/#blogposting","name":"C\u00c2NTAREA P\u0102TIMIRII NOASTRE | Premiera - Teatrul Regina Maria Oradea","headline":"C\u00c2NTAREA P\u0102TIMIRII NOASTRE | Premiera","author":{"@id":"https:\/\/www.teatrulreginamaria.ro\/hu\/author\/w3bmaster\/#author"},"publisher":{"@id":"https:\/\/www.teatrulreginamaria.ro\/hu\/#organization"},"image":{"@type":"ImageObject","url":"https:\/\/www.teatrulreginamaria.ro\/wp-content\/uploads\/2021\/03\/Grafic__Pavel_Popa_Sunet__Sergiu_Domide_Lumini__Peter_Papp.jpg","width":1920,"height":1005},"datePublished":"2021-03-16T11:51:54+02:00","dateModified":"2021-03-16T11:51:54+02:00","inLanguage":"hu-HU","mainEntityOfPage":{"@id":"https:\/\/www.teatrulreginamaria.ro\/hu\/cantarea-patimirii-noastre-premiera\/#webpage"},"isPartOf":{"@id":"https:\/\/www.teatrulreginamaria.ro\/hu\/cantarea-patimirii-noastre-premiera\/#webpage"},"articleSection":"Nout\u0103\u021bi - Trupa Iosif Vulcan"},{"@type":"BreadcrumbList","@id":"https:\/\/www.teatrulreginamaria.ro\/hu\/cantarea-patimirii-noastre-premiera\/#breadcrumblist","itemListElement":[{"@type":"ListItem","@id":"https:\/\/www.teatrulreginamaria.ro\/hu#listItem","position":1,"name":"Home","item":"https:\/\/www.teatrulreginamaria.ro\/hu","nextItem":{"@type":"ListItem","@id":"https:\/\/www.teatrulreginamaria.ro\/hu\/categorie\/noutati\/#listItem","name":"Nout\u0103\u021bi"}},{"@type":"ListItem","@id":"https:\/\/www.teatrulreginamaria.ro\/hu\/categorie\/noutati\/#listItem","position":2,"name":"Nout\u0103\u021bi","item":"https:\/\/www.teatrulreginamaria.ro\/hu\/categorie\/noutati\/","nextItem":{"@type":"ListItem","@id":"https:\/\/www.teatrulreginamaria.ro\/hu\/categorie\/noutati\/noutati-trupa-iosif-vulcan\/#listItem","name":"Nout\u0103\u021bi - Trupa Iosif Vulcan"},"previousItem":{"@type":"ListItem","@id":"https:\/\/www.teatrulreginamaria.ro\/hu#listItem","name":"Home"}},{"@type":"ListItem","@id":"https:\/\/www.teatrulreginamaria.ro\/hu\/categorie\/noutati\/noutati-trupa-iosif-vulcan\/#listItem","position":3,"name":"Nout\u0103\u021bi - Trupa Iosif Vulcan","item":"https:\/\/www.teatrulreginamaria.ro\/hu\/categorie\/noutati\/noutati-trupa-iosif-vulcan\/","nextItem":{"@type":"ListItem","@id":"https:\/\/www.teatrulreginamaria.ro\/hu\/cantarea-patimirii-noastre-premiera\/#listItem","name":"C\u00c2NTAREA P\u0102TIMIRII NOASTRE | Premiera"},"previousItem":{"@type":"ListItem","@id":"https:\/\/www.teatrulreginamaria.ro\/hu\/categorie\/noutati\/#listItem","name":"Nout\u0103\u021bi"}},{"@type":"ListItem","@id":"https:\/\/www.teatrulreginamaria.ro\/hu\/cantarea-patimirii-noastre-premiera\/#listItem","position":4,"name":"C\u00c2NTAREA P\u0102TIMIRII NOASTRE | Premiera","previousItem":{"@type":"ListItem","@id":"https:\/\/www.teatrulreginamaria.ro\/hu\/categorie\/noutati\/noutati-trupa-iosif-vulcan\/#listItem","name":"Nout\u0103\u021bi - Trupa Iosif Vulcan"}}]},{"@type":"Organization","@id":"https:\/\/www.teatrulreginamaria.ro\/hu\/#organization","name":"Teatrul Regina Maria Oradea","description":"Trupa Iosif Vulcan \u0219i Trupa Arcadia","url":"https:\/\/www.teatrulreginamaria.ro\/hu\/","email":"marketing@teatrulreginamaria.ro","telephone":"+40359411534","numberOfEmployees":{"@type":"QuantitativeValue","minValue":0,"maxValue":150},"logo":{"@type":"ImageObject","url":"https:\/\/www.teatrulreginamaria.ro\/wp-content\/uploads\/2025\/06\/logo-trm-01-dark.png","@id":"https:\/\/www.teatrulreginamaria.ro\/hu\/cantarea-patimirii-noastre-premiera\/#organizationLogo","width":300,"height":148},"image":{"@id":"https:\/\/www.teatrulreginamaria.ro\/hu\/cantarea-patimirii-noastre-premiera\/#organizationLogo"},"sameAs":["https:\/\/www.facebook.com\/TRMTrupaIosifVulcan\/","https:\/\/x.com\/TRMOradea","https:\/\/www.instagram.com\/teatrul_regina_maria\/","https:\/\/www.youtube.com\/c\/TeatrulReginaMariaOradea","https:\/\/www.linkedin.com\/company\/teatrul-regina-maria"]},{"@type":"Person","@id":"https:\/\/www.teatrulreginamaria.ro\/hu\/author\/w3bmaster\/#author","url":"https:\/\/www.teatrulreginamaria.ro\/hu\/author\/w3bmaster\/","name":"Teatrul Regina Maria","image":{"@type":"ImageObject","@id":"https:\/\/www.teatrulreginamaria.ro\/hu\/cantarea-patimirii-noastre-premiera\/#authorImage","url":"https:\/\/secure.gravatar.com\/avatar\/5884139d508ae3f0bafe45e60563b48a9640146d3b08ccc6278c305ff9329305?s=96&d=mm&r=g","width":96,"height":96,"caption":"Teatrul Regina Maria"}},{"@type":"WebPage","@id":"https:\/\/www.teatrulreginamaria.ro\/hu\/cantarea-patimirii-noastre-premiera\/#webpage","url":"https:\/\/www.teatrulreginamaria.ro\/hu\/cantarea-patimirii-noastre-premiera\/","name":"C\u00c2NTAREA P\u0102TIMIRII NOASTRE | Premiera - Teatrul Regina Maria Oradea","description":"C\u00c2NTAREA P\u0102TIMIRII NOASTRErecital pe versuri de Octavian Goga, sus\u021binut de actorul Eugen \u021augulea cu ocazia Zilei Interna\u021bionale a Poeziei Teatrul Regina Maria v\u0103 invit\u0103 duminic\u0103, 21 martie, de la ora 19:00, la Sala Arcadia, la spectacolul recital pe versuri de Octavian Goga: \u201eC\u00e2ntarea p\u0103timirii noastre\u201d, organizat cu ocazia Zilei Interna\u021bionale a Poeziei. Recitalul va fi","inLanguage":"hu-HU","isPartOf":{"@id":"https:\/\/www.teatrulreginamaria.ro\/hu\/#website"},"breadcrumb":{"@id":"https:\/\/www.teatrulreginamaria.ro\/hu\/cantarea-patimirii-noastre-premiera\/#breadcrumblist"},"author":{"@id":"https:\/\/www.teatrulreginamaria.ro\/hu\/author\/w3bmaster\/#author"},"creator":{"@id":"https:\/\/www.teatrulreginamaria.ro\/hu\/author\/w3bmaster\/#author"},"image":{"@type":"ImageObject","url":"https:\/\/www.teatrulreginamaria.ro\/wp-content\/uploads\/2021\/03\/Grafic__Pavel_Popa_Sunet__Sergiu_Domide_Lumini__Peter_Papp.jpg","@id":"https:\/\/www.teatrulreginamaria.ro\/hu\/cantarea-patimirii-noastre-premiera\/#mainImage","width":1920,"height":1005},"primaryImageOfPage":{"@id":"https:\/\/www.teatrulreginamaria.ro\/hu\/cantarea-patimirii-noastre-premiera\/#mainImage"},"datePublished":"2021-03-16T11:51:54+02:00","dateModified":"2021-03-16T11:51:54+02:00"},{"@type":"WebSite","@id":"https:\/\/www.teatrulreginamaria.ro\/hu\/#website","url":"https:\/\/www.teatrulreginamaria.ro\/hu\/","name":"Teatrul Regina Maria Oradea","alternateName":"TRM Oradea","description":"Trupa Iosif Vulcan \u0219i Trupa Arcadia","inLanguage":"hu-HU","publisher":{"@id":"https:\/\/www.teatrulreginamaria.ro\/hu\/#organization"}}]},"og:locale":"hu_HU","og:site_name":"Teatrul Regina Maria Oradea - Trupa Iosif Vulcan \u0219i Trupa Arcadia","og:type":"article","og:title":"C\u00c2NTAREA P\u0102TIMIRII NOASTRE | Premiera - Teatrul Regina Maria Oradea","og:description":"C\u00c2NTAREA P\u0102TIMIRII NOASTRErecital pe versuri de Octavian Goga, sus\u021binut de actorul Eugen \u021augulea cu ocazia Zilei Interna\u021bionale a Poeziei Teatrul Regina Maria v\u0103 invit\u0103 duminic\u0103, 21 martie, de la ora 19:00, la Sala Arcadia, la spectacolul recital pe versuri de Octavian Goga: \u201eC\u00e2ntarea p\u0103timirii noastre\u201d, organizat cu ocazia Zilei Interna\u021bionale a Poeziei. Recitalul va fi","og:url":"https:\/\/www.teatrulreginamaria.ro\/hu\/cantarea-patimirii-noastre-premiera\/","og:image":"https:\/\/www.teatrulreginamaria.ro\/wp-content\/uploads\/2025\/03\/trm-istoric-01.jpg","og:image:secure_url":"https:\/\/www.teatrulreginamaria.ro\/wp-content\/uploads\/2025\/03\/trm-istoric-01.jpg","og:image:width":1200,"og:image:height":800,"article:published_time":"2021-03-16T11:51:54+00:00","article:modified_time":"2021-03-16T11:51:54+00:00","article:publisher":"https:\/\/www.facebook.com\/TRMTrupaIosifVulcan\/","twitter:card":"summary_large_image","twitter:site":"@TRMOradea","twitter:title":"C\u00c2NTAREA P\u0102TIMIRII NOASTRE | Premiera - Teatrul Regina Maria Oradea","twitter:description":"C\u00c2NTAREA P\u0102TIMIRII NOASTRErecital pe versuri de Octavian Goga, sus\u021binut de actorul Eugen \u021augulea cu ocazia Zilei Interna\u021bionale a Poeziei Teatrul Regina Maria v\u0103 invit\u0103 duminic\u0103, 21 martie, de la ora 19:00, la Sala Arcadia, la spectacolul recital pe versuri de Octavian Goga: \u201eC\u00e2ntarea p\u0103timirii noastre\u201d, organizat cu ocazia Zilei Interna\u021bionale a Poeziei. Recitalul va fi","twitter:creator":"@TRMOradea","twitter:image":"https:\/\/www.teatrulreginamaria.ro\/wp-content\/uploads\/2025\/03\/trm-istoric-01.jpg"},"aioseo_meta_data":{"post_id":"4829","title":null,"description":null,"keywords":null,"keyphrases":null,"primary_term":null,"canonical_url":null,"og_title":null,"og_description":null,"og_object_type":"default","og_image_type":"default","og_image_url":null,"og_image_width":null,"og_image_height":null,"og_image_custom_url":null,"og_image_custom_fields":null,"og_video":null,"og_custom_url":null,"og_article_section":null,"og_article_tags":null,"twitter_use_og":false,"twitter_card":"default","twitter_image_type":"default","twitter_image_url":null,"twitter_image_custom_url":null,"twitter_image_custom_fields":null,"twitter_title":null,"twitter_description":null,"schema":{"blockGraphs":[],"customGraphs":[],"default":{"data":{"Article":[],"Course":[],"Dataset":[],"FAQPage":[],"Movie":[],"Person":[],"Product":[],"ProductReview":[],"Car":[],"Recipe":[],"Service":[],"SoftwareApplication":[],"WebPage":[]},"graphName":"","isEnabled":true},"graphs":[]},"schema_type":"default","schema_type_options":null,"pillar_content":false,"robots_default":true,"robots_noindex":false,"robots_noarchive":false,"robots_nosnippet":false,"robots_nofollow":false,"robots_noimageindex":false,"robots_noodp":false,"robots_notranslate":false,"robots_max_snippet":null,"robots_max_videopreview":null,"robots_max_imagepreview":"large","priority":null,"frequency":null,"local_seo":null,"seo_analyzer_scan_date":"2026-05-13 02:42:42","breadcrumb_settings":null,"limit_modified_date":false,"reviewed_by":null,"open_ai":null,"ai":null,"created":"2025-04-09 17:42:43","updated":"2026-05-13 02:42:42","focus_keyword":null,"additional_keywords":null,"truseo_locale":null},"aioseo_breadcrumb":"<div class=\"aioseo-breadcrumbs\"><span class=\"aioseo-breadcrumb\">\n\t<a href=\"https:\/\/www.teatrulreginamaria.ro\/hu\" title=\"Home\">Home<\/a>\n<\/span><span class=\"aioseo-breadcrumb-separator\">&raquo;<\/span><span class=\"aioseo-breadcrumb\">\n\t<a href=\"https:\/\/www.teatrulreginamaria.ro\/hu\/categorie\/noutati\/\" title=\"Nout\u0103\u021bi\">Nout\u0103\u021bi<\/a>\n<\/span><span class=\"aioseo-breadcrumb-separator\">&raquo;<\/span><span class=\"aioseo-breadcrumb\">\n\t<a href=\"https:\/\/www.teatrulreginamaria.ro\/hu\/categorie\/noutati\/noutati-trupa-iosif-vulcan\/\" title=\"Nout\u0103\u021bi - Trupa Iosif Vulcan\">Nout\u0103\u021bi - Trupa Iosif Vulcan<\/a>\n<\/span><span class=\"aioseo-breadcrumb-separator\">&raquo;<\/span><span class=\"aioseo-breadcrumb\">\n\tC\u00c2NTAREA P\u0102TIMIRII NOASTRE | Premiera\n<\/span><\/div>","aioseo_breadcrumb_json":[{"label":"Home","link":"https:\/\/www.teatrulreginamaria.ro\/hu"},{"label":"Nout\u0103\u021bi","link":"https:\/\/www.teatrulreginamaria.ro\/hu\/categorie\/noutati\/"},{"label":"Nout\u0103\u021bi - Trupa Iosif Vulcan","link":"https:\/\/www.teatrulreginamaria.ro\/hu\/categorie\/noutati\/noutati-trupa-iosif-vulcan\/"},{"label":"C\u00c2NTAREA P\u0102TIMIRII NOASTRE | Premiera","link":"https:\/\/www.teatrulreginamaria.ro\/hu\/cantarea-patimirii-noastre-premiera\/"}],"acf":[],"_links":{"self":[{"href":"https:\/\/www.teatrulreginamaria.ro\/hu\/wp-json\/wp\/v2\/posts\/4829","targetHints":{"allow":["GET"]}}],"collection":[{"href":"https:\/\/www.teatrulreginamaria.ro\/hu\/wp-json\/wp\/v2\/posts"}],"about":[{"href":"https:\/\/www.teatrulreginamaria.ro\/hu\/wp-json\/wp\/v2\/types\/post"}],"author":[{"embeddable":true,"href":"https:\/\/www.teatrulreginamaria.ro\/hu\/wp-json\/wp\/v2\/users\/6"}],"replies":[{"embeddable":true,"href":"https:\/\/www.teatrulreginamaria.ro\/hu\/wp-json\/wp\/v2\/comments?post=4829"}],"version-history":[{"count":0,"href":"https:\/\/www.teatrulreginamaria.ro\/hu\/wp-json\/wp\/v2\/posts\/4829\/revisions"}],"wp:featuredmedia":[{"embeddable":true,"href":"https:\/\/www.teatrulreginamaria.ro\/hu\/wp-json\/wp\/v2\/media\/4828"}],"wp:attachment":[{"href":"https:\/\/www.teatrulreginamaria.ro\/hu\/wp-json\/wp\/v2\/media?parent=4829"}],"wp:term":[{"taxonomy":"category","embeddable":true,"href":"https:\/\/www.teatrulreginamaria.ro\/hu\/wp-json\/wp\/v2\/categories?post=4829"},{"taxonomy":"post_tag","embeddable":true,"href":"https:\/\/www.teatrulreginamaria.ro\/hu\/wp-json\/wp\/v2\/tags?post=4829"}],"curies":[{"name":"munkaf\u00fczet","href":"https:\/\/api.w.org\/{rel}","templated":true}]}}