{"id":4881,"date":"2021-06-08T08:39:05","date_gmt":"2021-06-08T08:39:05","guid":{"rendered":"https:\/\/teatrulreginamaria.ro\/2021\/06\/08\/spectacolul-sunetul-muzicii-revine-pe-scena-trm\/"},"modified":"2025-09-22T10:10:15","modified_gmt":"2025-09-22T07:10:15","slug":"a-muzsika-hangja-visszater-a-trm-szinpadara","status":"publish","type":"post","link":"https:\/\/www.teatrulreginamaria.ro\/hu\/spectacolul-sunetul-muzicii-revine-pe-scena-trm\/","title":{"rendered":"A SOUND OF MUSIC show visszat\u00e9r a TRM sz\u00ednpad\u00e1ra!"},"content":{"rendered":"<p style=\"text-align: justify;\">Kedves n\u00e9z\u0151k!<\/p>\n<p style=\"text-align: justify;\">A &quot;The Sound of Music&quot; c\u00edm\u0171 musical t\u00f6bb mint egy \u00e9ves sz\u00fcnet ut\u00e1n t\u00e9r vissza a Regina Maria Sz\u00ednh\u00e1z sz\u00ednpad\u00e1ra, amelyet a SARS Cov-2 v\u00edrus terjed\u00e9s\u00e9nek megakad\u00e1lyoz\u00e1s\u00e1ra bevezetett korl\u00e1toz\u00e1sok okoztak. Az els\u0151 el\u0151ad\u00e1s j\u00fanius 25-\u00e9n, 19:00-kor lesz a nagyteremben, a jegyek m\u00e1r kaphat\u00f3k.<\/p>\n<p style=\"text-align: justify;\">Azoknak a n\u00e9z\u0151knek, akik 2020. m\u00e1rcius 9-\u00e9n v\u00e1s\u00e1roltak jegyet az el\u0151ad\u00e1sra, \u00e9s nem adt\u00e1k vissza, illetve nem haszn\u00e1lt\u00e1k fel a TRM programban szerepl\u0151 egy\u00e9b el\u0151ad\u00e1sokra, m\u00e1r lefoglalt\u00e1k a hely\u00fcket. Csak meg kell er\u0151s\u00edtenie jelenl\u00e9t\u00fcket a organizare.trm@gmail.com e-mail c\u00edmen. Aki elvesztette jegy\u00e9t \u00e9s szeretne r\u00e9szt venni az el\u0151ad\u00e1son, az a teatrulreginamaria@yahoo.com e-mail c\u00edmre \u00edrjon egy k\u00e9r\u00e9st, amelyben meg kell eml\u00edtenie, hogy h\u00e1ny jegyet v\u00e1s\u00e1rolt \u00e9s milyen n\u00e9ven v\u00e1s\u00e1rolta. V\u00e1laszt kapnak a r\u00e9szv\u00e9tel visszaigazol\u00e1s\u00e1val \u00e9s a pontos helysz\u00ednekkel.<\/p>\n<div class=\"text_exposed_show\">\n<p style=\"text-align: justify;\">A k\u00f6vetkez\u0151 el\u0151ad\u00e1s j\u00fanius 26-\u00e1n lesz, hamarosan \u00e1rus\u00edt\u00e1sra ker\u00fcl. Azok a n\u00e9z\u0151k, akik 2020. m\u00e1rcius 13-\u00e1n v\u00e1s\u00e1roltak jegyet az el\u0151ad\u00e1sra, \u00e9s nem k\u00fcldt\u00e9k vissza, vagy nem haszn\u00e1lt\u00e1k fel m\u00e1s el\u0151ad\u00e1sra, lefoglalj\u00e1k a hely\u00fcket, amennyiben k\u00f6vetik a fenti l\u00e9p\u00e9seket.<\/p>\n<p style=\"text-align: justify;\"><span class=\"_5mfr\"><span class=\"_6qdm\">?<\/span><\/span>\u00a0Jegyek online kaphat\u00f3k az Eventim.ro oldalon: eventim.ro vagy az el\u0151ad\u00e1s el\u0151tt egy \u00f3r\u00e1val a Regina Maria Sz\u00ednh\u00e1zban (a szabad helyek erej\u00e9ig).<\/p>\n<p style=\"text-align: justify;\">Szeretettel v\u00e1runk a sz\u00ednh\u00e1zba!<\/p>\n<p style=\"text-align: justify;\"><a class=\"_58cn\" href=\"https:\/\/business.facebook.com\/hashtag\/tr%C4%83ie%C8%99temagiascenei?source=feed_text&amp;epa=HASHTAG&amp;__xts__%5B0%5D=68.ARBRkOvHHGnPNr07st6NonVBjiFXSeXqcI-FAYotcy0NGDzKIyqKO8fbH2IGnJpACNLJdeLQfZScqUxGAW25Bvj7Mn05RWklLXq2zjrsyHXSyCDupdighqzEypicfuWyOX-CHOVP8wnVfSfu8yu13gTfJsQq7Nu37gqSbVFvCVB3Dm_YU8uF9YdOKa8rEnksjk4HxjmFjj0Y8mwoewovBI8OlDxQ7wdZHfIdsR3h7Jt0KkFqES4G8qThPnxC-2qHOesBPoBCWPfmgkTrKesZTdkwFoMTj_VioMUoIgtTOKwpWA2i9KjBNA&amp;__tn__=%2ANK-R\" data-ft=\"{&quot;type&quot;:104,&quot;tn&quot;:&quot;*N&quot;}\"><span class=\"_5afx\"><span class=\"_58cl _5afz\">#<\/span><span class=\"_58cm\">\u00e9ld \u00e1t a sz\u00ednpad var\u00e1zs\u00e1t<\/span><\/span><\/a><\/p>\n<\/div>","protected":false},"excerpt":{"rendered":"<p>Stima\u021bi spectatori, Musicalul \u201eSunetul muzicii\u201d se reia pe scena Teatrului Regina Maria, dup\u0103 o pauz\u0103 de mai bine de un an, cauzat\u0103 de restric\u021biile impuse pentru prevenirea r\u0103sp\u00e2ndirii virusului SARD Cov-2. Prima reprezenta\u021bie este programat\u0103 \u00een\u00a0 data de 25 iunie, de la ora 19:00, la Sala Mare, iar biletele sunt deja puse deja \u00een v\u00e2nzare. [&hellip;]<\/p>\n","protected":false},"author":6,"featured_media":4879,"comment_status":"open","ping_status":"open","sticky":false,"template":"","format":"standard","meta":{"_acf_changed":false,"footnotes":""},"categories":[22],"tags":[],"class_list":["post-4881","post","type-post","status-publish","format-standard","has-post-thumbnail","hentry","category-noutati-trupa-iosif-vulcan"],"aioseo_notices":[],"aioseo_head":"\n\t\t<!-- All in One SEO Pro 5.0.1.1 - aioseo.com -->\n\t<meta name=\"description\" content=\"Stima\u021bi spectatori, Musicalul \u201eSunetul muzicii\u201d se reia pe scena Teatrului Regina Maria, dup\u0103 o pauz\u0103 de mai bine de un an, cauzat\u0103 de restric\u021biile impuse pentru prevenirea r\u0103sp\u00e2ndirii virusului SARD Cov-2. Prima reprezenta\u021bie este programat\u0103 \u00een data de 25 iunie, de la ora 19:00, la Sala Mare, iar biletele sunt deja puse deja \u00een v\u00e2nzare.\" \/>\n\t<meta name=\"robots\" content=\"max-image-preview:large\" \/>\n\t<meta name=\"author\" content=\"Teatrul Regina Maria\"\/>\n\t<link rel=\"canonical\" href=\"https:\/\/www.teatrulreginamaria.ro\/hu\/spectacolul-sunetul-muzicii-revine-pe-scena-trm\/\" \/>\n\t<meta name=\"generator\" content=\"All in One SEO Pro (AIOSEO) 5.0.1.1\" \/>\n\t\t<meta property=\"og:locale\" content=\"hu_HU\" \/>\n\t\t<meta property=\"og:site_name\" content=\"Teatrul Regina Maria Oradea - Trupa Iosif Vulcan \u0219i Trupa Arcadia\" \/>\n\t\t<meta property=\"og:type\" content=\"article\" \/>\n\t\t<meta property=\"og:title\" content=\"Spectacolul SUNETUL MUZICII revine pe scena TRM! - Teatrul Regina Maria Oradea\" \/>\n\t\t<meta property=\"og:description\" content=\"Stima\u021bi spectatori, Musicalul \u201eSunetul muzicii\u201d se reia pe scena Teatrului Regina Maria, dup\u0103 o pauz\u0103 de mai bine de un an, cauzat\u0103 de restric\u021biile impuse pentru prevenirea r\u0103sp\u00e2ndirii virusului SARD Cov-2. Prima reprezenta\u021bie este programat\u0103 \u00een data de 25 iunie, de la ora 19:00, la Sala Mare, iar biletele sunt deja puse deja \u00een v\u00e2nzare.\" \/>\n\t\t<meta property=\"og:url\" content=\"https:\/\/www.teatrulreginamaria.ro\/hu\/spectacolul-sunetul-muzicii-revine-pe-scena-trm\/\" \/>\n\t\t<meta property=\"og:image\" content=\"https:\/\/www.teatrulreginamaria.ro\/wp-content\/uploads\/2025\/03\/trm-istoric-01.jpg\" \/>\n\t\t<meta property=\"og:image:secure_url\" content=\"https:\/\/www.teatrulreginamaria.ro\/wp-content\/uploads\/2025\/03\/trm-istoric-01.jpg\" \/>\n\t\t<meta property=\"og:image:width\" content=\"1200\" \/>\n\t\t<meta property=\"og:image:height\" content=\"800\" \/>\n\t\t<meta property=\"article:published_time\" content=\"2021-06-08T08:39:05+00:00\" \/>\n\t\t<meta property=\"article:modified_time\" content=\"2025-09-22T07:10:15+00:00\" \/>\n\t\t<meta property=\"article:publisher\" content=\"https:\/\/www.facebook.com\/TRMTrupaIosifVulcan\/\" \/>\n\t\t<meta name=\"twitter:card\" content=\"summary_large_image\" \/>\n\t\t<meta name=\"twitter:site\" content=\"@TRMOradea\" \/>\n\t\t<meta name=\"twitter:title\" content=\"Spectacolul SUNETUL MUZICII revine pe scena TRM! - Teatrul Regina Maria Oradea\" \/>\n\t\t<meta name=\"twitter:description\" content=\"Stima\u021bi spectatori, Musicalul \u201eSunetul muzicii\u201d se reia pe scena Teatrului Regina Maria, dup\u0103 o pauz\u0103 de mai bine de un an, cauzat\u0103 de restric\u021biile impuse pentru prevenirea r\u0103sp\u00e2ndirii virusului SARD Cov-2. Prima reprezenta\u021bie este programat\u0103 \u00een data de 25 iunie, de la ora 19:00, la Sala Mare, iar biletele sunt deja puse deja \u00een v\u00e2nzare.\" \/>\n\t\t<meta name=\"twitter:creator\" content=\"@TRMOradea\" \/>\n\t\t<meta name=\"twitter:image\" content=\"https:\/\/www.teatrulreginamaria.ro\/wp-content\/uploads\/2025\/03\/trm-istoric-01.jpg\" \/>\n\t\t<script type=\"application\/ld+json\" class=\"aioseo-schema\">\n\t\t\t{\"@context\":\"https:\\\/\\\/schema.org\",\"@graph\":[{\"@type\":\"BlogPosting\",\"@id\":\"https:\\\/\\\/www.teatrulreginamaria.ro\\\/hu\\\/spectacolul-sunetul-muzicii-revine-pe-scena-trm\\\/#blogposting\",\"name\":\"Spectacolul SUNETUL MUZICII revine pe scena TRM! - Teatrul Regina Maria Oradea\",\"headline\":\"Spectacolul SUNETUL MUZICII revine pe scena TRM!\",\"author\":{\"@id\":\"https:\\\/\\\/www.teatrulreginamaria.ro\\\/hu\\\/author\\\/w3bmaster\\\/#author\"},\"publisher\":{\"@id\":\"https:\\\/\\\/www.teatrulreginamaria.ro\\\/hu\\\/#organization\"},\"image\":{\"@type\":\"ImageObject\",\"url\":\"https:\\\/\\\/www.teatrulreginamaria.ro\\\/wp-content\\\/uploads\\\/2021\\\/06\\\/Sunetul_Muzicii.png\",\"width\":1400,\"height\":425},\"datePublished\":\"2021-06-08T08:39:05+03:00\",\"dateModified\":\"2025-09-22T10:10:15+03:00\",\"inLanguage\":\"hu-HU\",\"mainEntityOfPage\":{\"@id\":\"https:\\\/\\\/www.teatrulreginamaria.ro\\\/hu\\\/spectacolul-sunetul-muzicii-revine-pe-scena-trm\\\/#webpage\"},\"isPartOf\":{\"@id\":\"https:\\\/\\\/www.teatrulreginamaria.ro\\\/hu\\\/spectacolul-sunetul-muzicii-revine-pe-scena-trm\\\/#webpage\"},\"articleSection\":\"Nout\\u0103\\u021bi - Trupa Iosif Vulcan\"},{\"@type\":\"BreadcrumbList\",\"@id\":\"https:\\\/\\\/www.teatrulreginamaria.ro\\\/hu\\\/spectacolul-sunetul-muzicii-revine-pe-scena-trm\\\/#breadcrumblist\",\"itemListElement\":[{\"@type\":\"ListItem\",\"@id\":\"https:\\\/\\\/www.teatrulreginamaria.ro\\\/hu#listItem\",\"position\":1,\"name\":\"Home\",\"item\":\"https:\\\/\\\/www.teatrulreginamaria.ro\\\/hu\",\"nextItem\":{\"@type\":\"ListItem\",\"@id\":\"https:\\\/\\\/www.teatrulreginamaria.ro\\\/hu\\\/categorie\\\/noutati\\\/#listItem\",\"name\":\"Nout\\u0103\\u021bi\"}},{\"@type\":\"ListItem\",\"@id\":\"https:\\\/\\\/www.teatrulreginamaria.ro\\\/hu\\\/categorie\\\/noutati\\\/#listItem\",\"position\":2,\"name\":\"Nout\\u0103\\u021bi\",\"item\":\"https:\\\/\\\/www.teatrulreginamaria.ro\\\/hu\\\/categorie\\\/noutati\\\/\",\"nextItem\":{\"@type\":\"ListItem\",\"@id\":\"https:\\\/\\\/www.teatrulreginamaria.ro\\\/hu\\\/categorie\\\/noutati\\\/noutati-trupa-iosif-vulcan\\\/#listItem\",\"name\":\"Nout\\u0103\\u021bi - Trupa Iosif Vulcan\"},\"previousItem\":{\"@type\":\"ListItem\",\"@id\":\"https:\\\/\\\/www.teatrulreginamaria.ro\\\/hu#listItem\",\"name\":\"Home\"}},{\"@type\":\"ListItem\",\"@id\":\"https:\\\/\\\/www.teatrulreginamaria.ro\\\/hu\\\/categorie\\\/noutati\\\/noutati-trupa-iosif-vulcan\\\/#listItem\",\"position\":3,\"name\":\"Nout\\u0103\\u021bi - Trupa Iosif Vulcan\",\"item\":\"https:\\\/\\\/www.teatrulreginamaria.ro\\\/hu\\\/categorie\\\/noutati\\\/noutati-trupa-iosif-vulcan\\\/\",\"nextItem\":{\"@type\":\"ListItem\",\"@id\":\"https:\\\/\\\/www.teatrulreginamaria.ro\\\/hu\\\/spectacolul-sunetul-muzicii-revine-pe-scena-trm\\\/#listItem\",\"name\":\"Spectacolul SUNETUL MUZICII revine pe scena TRM!\"},\"previousItem\":{\"@type\":\"ListItem\",\"@id\":\"https:\\\/\\\/www.teatrulreginamaria.ro\\\/hu\\\/categorie\\\/noutati\\\/#listItem\",\"name\":\"Nout\\u0103\\u021bi\"}},{\"@type\":\"ListItem\",\"@id\":\"https:\\\/\\\/www.teatrulreginamaria.ro\\\/hu\\\/spectacolul-sunetul-muzicii-revine-pe-scena-trm\\\/#listItem\",\"position\":4,\"name\":\"Spectacolul SUNETUL MUZICII revine pe scena TRM!\",\"previousItem\":{\"@type\":\"ListItem\",\"@id\":\"https:\\\/\\\/www.teatrulreginamaria.ro\\\/hu\\\/categorie\\\/noutati\\\/noutati-trupa-iosif-vulcan\\\/#listItem\",\"name\":\"Nout\\u0103\\u021bi - Trupa Iosif Vulcan\"}}]},{\"@type\":\"Organization\",\"@id\":\"https:\\\/\\\/www.teatrulreginamaria.ro\\\/hu\\\/#organization\",\"name\":\"Teatrul Regina Maria Oradea\",\"description\":\"Trupa Iosif Vulcan \\u0219i Trupa Arcadia\",\"url\":\"https:\\\/\\\/www.teatrulreginamaria.ro\\\/hu\\\/\",\"email\":\"marketing@teatrulreginamaria.ro\",\"telephone\":\"+40359411534\",\"numberOfEmployees\":{\"@type\":\"QuantitativeValue\",\"minValue\":0,\"maxValue\":150},\"logo\":{\"@type\":\"ImageObject\",\"url\":\"https:\\\/\\\/www.teatrulreginamaria.ro\\\/wp-content\\\/uploads\\\/2025\\\/06\\\/logo-trm-01-dark.png\",\"@id\":\"https:\\\/\\\/www.teatrulreginamaria.ro\\\/hu\\\/spectacolul-sunetul-muzicii-revine-pe-scena-trm\\\/#organizationLogo\",\"width\":300,\"height\":148},\"image\":{\"@id\":\"https:\\\/\\\/www.teatrulreginamaria.ro\\\/hu\\\/spectacolul-sunetul-muzicii-revine-pe-scena-trm\\\/#organizationLogo\"},\"sameAs\":[\"https:\\\/\\\/www.facebook.com\\\/TRMTrupaIosifVulcan\\\/\",\"https:\\\/\\\/x.com\\\/TRMOradea\",\"https:\\\/\\\/www.instagram.com\\\/teatrul_regina_maria\\\/\",\"https:\\\/\\\/www.youtube.com\\\/c\\\/TeatrulReginaMariaOradea\",\"https:\\\/\\\/www.linkedin.com\\\/company\\\/teatrul-regina-maria\"]},{\"@type\":\"Person\",\"@id\":\"https:\\\/\\\/www.teatrulreginamaria.ro\\\/hu\\\/author\\\/w3bmaster\\\/#author\",\"url\":\"https:\\\/\\\/www.teatrulreginamaria.ro\\\/hu\\\/author\\\/w3bmaster\\\/\",\"name\":\"Teatrul Regina Maria\",\"image\":{\"@type\":\"ImageObject\",\"@id\":\"https:\\\/\\\/www.teatrulreginamaria.ro\\\/hu\\\/spectacolul-sunetul-muzicii-revine-pe-scena-trm\\\/#authorImage\",\"url\":\"https:\\\/\\\/secure.gravatar.com\\\/avatar\\\/5884139d508ae3f0bafe45e60563b48a9640146d3b08ccc6278c305ff9329305?s=96&d=mm&r=g\",\"width\":96,\"height\":96,\"caption\":\"Teatrul Regina Maria\"}},{\"@type\":\"WebPage\",\"@id\":\"https:\\\/\\\/www.teatrulreginamaria.ro\\\/hu\\\/spectacolul-sunetul-muzicii-revine-pe-scena-trm\\\/#webpage\",\"url\":\"https:\\\/\\\/www.teatrulreginamaria.ro\\\/hu\\\/spectacolul-sunetul-muzicii-revine-pe-scena-trm\\\/\",\"name\":\"Spectacolul SUNETUL MUZICII revine pe scena TRM! - Teatrul Regina Maria Oradea\",\"description\":\"Stima\\u021bi spectatori, Musicalul \\u201eSunetul muzicii\\u201d se reia pe scena Teatrului Regina Maria, dup\\u0103 o pauz\\u0103 de mai bine de un an, cauzat\\u0103 de restric\\u021biile impuse pentru prevenirea r\\u0103sp\\u00e2ndirii virusului SARD Cov-2. Prima reprezenta\\u021bie este programat\\u0103 \\u00een data de 25 iunie, de la ora 19:00, la Sala Mare, iar biletele sunt deja puse deja \\u00een v\\u00e2nzare.\",\"inLanguage\":\"hu-HU\",\"isPartOf\":{\"@id\":\"https:\\\/\\\/www.teatrulreginamaria.ro\\\/hu\\\/#website\"},\"breadcrumb\":{\"@id\":\"https:\\\/\\\/www.teatrulreginamaria.ro\\\/hu\\\/spectacolul-sunetul-muzicii-revine-pe-scena-trm\\\/#breadcrumblist\"},\"author\":{\"@id\":\"https:\\\/\\\/www.teatrulreginamaria.ro\\\/hu\\\/author\\\/w3bmaster\\\/#author\"},\"creator\":{\"@id\":\"https:\\\/\\\/www.teatrulreginamaria.ro\\\/hu\\\/author\\\/w3bmaster\\\/#author\"},\"image\":{\"@type\":\"ImageObject\",\"url\":\"https:\\\/\\\/www.teatrulreginamaria.ro\\\/wp-content\\\/uploads\\\/2021\\\/06\\\/Sunetul_Muzicii.png\",\"@id\":\"https:\\\/\\\/www.teatrulreginamaria.ro\\\/hu\\\/spectacolul-sunetul-muzicii-revine-pe-scena-trm\\\/#mainImage\",\"width\":1400,\"height\":425},\"primaryImageOfPage\":{\"@id\":\"https:\\\/\\\/www.teatrulreginamaria.ro\\\/hu\\\/spectacolul-sunetul-muzicii-revine-pe-scena-trm\\\/#mainImage\"},\"datePublished\":\"2021-06-08T08:39:05+03:00\",\"dateModified\":\"2025-09-22T10:10:15+03:00\"},{\"@type\":\"WebSite\",\"@id\":\"https:\\\/\\\/www.teatrulreginamaria.ro\\\/hu\\\/#website\",\"url\":\"https:\\\/\\\/www.teatrulreginamaria.ro\\\/hu\\\/\",\"name\":\"Teatrul Regina Maria Oradea\",\"alternateName\":\"TRM Oradea\",\"description\":\"Trupa Iosif Vulcan \\u0219i Trupa Arcadia\",\"inLanguage\":\"hu-HU\",\"publisher\":{\"@id\":\"https:\\\/\\\/www.teatrulreginamaria.ro\\\/hu\\\/#organization\"}}]}\n\t\t<\/script>\n\t\t<!-- All in One SEO Pro -->\r\n\t\t<title>Spectacolul SUNETUL MUZICII revine pe scena TRM! - Teatrul Regina Maria Oradea<\/title>\n\n","aioseo_head_json":{"title":"A ZENE HANGJA c\u00edm\u0171 m\u0171sor visszat\u00e9r a TRM sz\u00ednpad\u00e1ra! - Nagyv\u00e1rad, M\u00e1ria Kir\u00e1lyn\u0151 Sz\u00ednh\u00e1z","description":"Kedves n\u00e9z\u0151k! A &quot;A muzsika hangja&quot; c\u00edm\u0171 musical t\u00f6bb mint egy \u00e9v sz\u00fcnet ut\u00e1n \u00fajra m\u0171sorra ker\u00fcl a Regina Maria Sz\u00ednh\u00e1zban, melyet a SARS Covid-2 v\u00edrus terjed\u00e9s\u00e9nek megakad\u00e1lyoz\u00e1sa \u00e9rdek\u00e9ben bevezetett korl\u00e1toz\u00e1sok okoztak. Az els\u0151 el\u0151ad\u00e1s j\u00fanius 25-\u00e9n, 19:00-kor lesz a Nagyteremben, a jegyek m\u00e1r kaphat\u00f3k.","canonical_url":"https:\/\/www.teatrulreginamaria.ro\/hu\/spectacolul-sunetul-muzicii-revine-pe-scena-trm\/","robots":"max-image-preview:large","keywords":"","webmasterTools":{"miscellaneous":""},"schema":{"@context":"https:\/\/schema.org","@graph":[{"@type":"BlogPosting","@id":"https:\/\/www.teatrulreginamaria.ro\/hu\/spectacolul-sunetul-muzicii-revine-pe-scena-trm\/#blogposting","name":"Spectacolul SUNETUL MUZICII revine pe scena TRM! - Teatrul Regina Maria Oradea","headline":"Spectacolul SUNETUL MUZICII revine pe scena TRM!","author":{"@id":"https:\/\/www.teatrulreginamaria.ro\/hu\/author\/w3bmaster\/#author"},"publisher":{"@id":"https:\/\/www.teatrulreginamaria.ro\/hu\/#organization"},"image":{"@type":"ImageObject","url":"https:\/\/www.teatrulreginamaria.ro\/wp-content\/uploads\/2021\/06\/Sunetul_Muzicii.png","width":1400,"height":425},"datePublished":"2021-06-08T08:39:05+03:00","dateModified":"2025-09-22T10:10:15+03:00","inLanguage":"hu-HU","mainEntityOfPage":{"@id":"https:\/\/www.teatrulreginamaria.ro\/hu\/spectacolul-sunetul-muzicii-revine-pe-scena-trm\/#webpage"},"isPartOf":{"@id":"https:\/\/www.teatrulreginamaria.ro\/hu\/spectacolul-sunetul-muzicii-revine-pe-scena-trm\/#webpage"},"articleSection":"Nout\u0103\u021bi - Trupa Iosif Vulcan"},{"@type":"BreadcrumbList","@id":"https:\/\/www.teatrulreginamaria.ro\/hu\/spectacolul-sunetul-muzicii-revine-pe-scena-trm\/#breadcrumblist","itemListElement":[{"@type":"ListItem","@id":"https:\/\/www.teatrulreginamaria.ro\/hu#listItem","position":1,"name":"Home","item":"https:\/\/www.teatrulreginamaria.ro\/hu","nextItem":{"@type":"ListItem","@id":"https:\/\/www.teatrulreginamaria.ro\/hu\/categorie\/noutati\/#listItem","name":"Nout\u0103\u021bi"}},{"@type":"ListItem","@id":"https:\/\/www.teatrulreginamaria.ro\/hu\/categorie\/noutati\/#listItem","position":2,"name":"Nout\u0103\u021bi","item":"https:\/\/www.teatrulreginamaria.ro\/hu\/categorie\/noutati\/","nextItem":{"@type":"ListItem","@id":"https:\/\/www.teatrulreginamaria.ro\/hu\/categorie\/noutati\/noutati-trupa-iosif-vulcan\/#listItem","name":"Nout\u0103\u021bi - Trupa Iosif Vulcan"},"previousItem":{"@type":"ListItem","@id":"https:\/\/www.teatrulreginamaria.ro\/hu#listItem","name":"Home"}},{"@type":"ListItem","@id":"https:\/\/www.teatrulreginamaria.ro\/hu\/categorie\/noutati\/noutati-trupa-iosif-vulcan\/#listItem","position":3,"name":"Nout\u0103\u021bi - Trupa Iosif Vulcan","item":"https:\/\/www.teatrulreginamaria.ro\/hu\/categorie\/noutati\/noutati-trupa-iosif-vulcan\/","nextItem":{"@type":"ListItem","@id":"https:\/\/www.teatrulreginamaria.ro\/hu\/spectacolul-sunetul-muzicii-revine-pe-scena-trm\/#listItem","name":"Spectacolul SUNETUL MUZICII revine pe scena TRM!"},"previousItem":{"@type":"ListItem","@id":"https:\/\/www.teatrulreginamaria.ro\/hu\/categorie\/noutati\/#listItem","name":"Nout\u0103\u021bi"}},{"@type":"ListItem","@id":"https:\/\/www.teatrulreginamaria.ro\/hu\/spectacolul-sunetul-muzicii-revine-pe-scena-trm\/#listItem","position":4,"name":"Spectacolul SUNETUL MUZICII revine pe scena TRM!","previousItem":{"@type":"ListItem","@id":"https:\/\/www.teatrulreginamaria.ro\/hu\/categorie\/noutati\/noutati-trupa-iosif-vulcan\/#listItem","name":"Nout\u0103\u021bi - Trupa Iosif Vulcan"}}]},{"@type":"Organization","@id":"https:\/\/www.teatrulreginamaria.ro\/hu\/#organization","name":"Teatrul Regina Maria Oradea","description":"Trupa Iosif Vulcan \u0219i Trupa Arcadia","url":"https:\/\/www.teatrulreginamaria.ro\/hu\/","email":"marketing@teatrulreginamaria.ro","telephone":"+40359411534","numberOfEmployees":{"@type":"QuantitativeValue","minValue":0,"maxValue":150},"logo":{"@type":"ImageObject","url":"https:\/\/www.teatrulreginamaria.ro\/wp-content\/uploads\/2025\/06\/logo-trm-01-dark.png","@id":"https:\/\/www.teatrulreginamaria.ro\/hu\/spectacolul-sunetul-muzicii-revine-pe-scena-trm\/#organizationLogo","width":300,"height":148},"image":{"@id":"https:\/\/www.teatrulreginamaria.ro\/hu\/spectacolul-sunetul-muzicii-revine-pe-scena-trm\/#organizationLogo"},"sameAs":["https:\/\/www.facebook.com\/TRMTrupaIosifVulcan\/","https:\/\/x.com\/TRMOradea","https:\/\/www.instagram.com\/teatrul_regina_maria\/","https:\/\/www.youtube.com\/c\/TeatrulReginaMariaOradea","https:\/\/www.linkedin.com\/company\/teatrul-regina-maria"]},{"@type":"Person","@id":"https:\/\/www.teatrulreginamaria.ro\/hu\/author\/w3bmaster\/#author","url":"https:\/\/www.teatrulreginamaria.ro\/hu\/author\/w3bmaster\/","name":"Teatrul Regina Maria","image":{"@type":"ImageObject","@id":"https:\/\/www.teatrulreginamaria.ro\/hu\/spectacolul-sunetul-muzicii-revine-pe-scena-trm\/#authorImage","url":"https:\/\/secure.gravatar.com\/avatar\/5884139d508ae3f0bafe45e60563b48a9640146d3b08ccc6278c305ff9329305?s=96&d=mm&r=g","width":96,"height":96,"caption":"Teatrul Regina Maria"}},{"@type":"WebPage","@id":"https:\/\/www.teatrulreginamaria.ro\/hu\/spectacolul-sunetul-muzicii-revine-pe-scena-trm\/#webpage","url":"https:\/\/www.teatrulreginamaria.ro\/hu\/spectacolul-sunetul-muzicii-revine-pe-scena-trm\/","name":"Spectacolul SUNETUL MUZICII revine pe scena TRM! - Teatrul Regina Maria Oradea","description":"Stima\u021bi spectatori, Musicalul \u201eSunetul muzicii\u201d se reia pe scena Teatrului Regina Maria, dup\u0103 o pauz\u0103 de mai bine de un an, cauzat\u0103 de restric\u021biile impuse pentru prevenirea r\u0103sp\u00e2ndirii virusului SARD Cov-2. Prima reprezenta\u021bie este programat\u0103 \u00een data de 25 iunie, de la ora 19:00, la Sala Mare, iar biletele sunt deja puse deja \u00een v\u00e2nzare.","inLanguage":"hu-HU","isPartOf":{"@id":"https:\/\/www.teatrulreginamaria.ro\/hu\/#website"},"breadcrumb":{"@id":"https:\/\/www.teatrulreginamaria.ro\/hu\/spectacolul-sunetul-muzicii-revine-pe-scena-trm\/#breadcrumblist"},"author":{"@id":"https:\/\/www.teatrulreginamaria.ro\/hu\/author\/w3bmaster\/#author"},"creator":{"@id":"https:\/\/www.teatrulreginamaria.ro\/hu\/author\/w3bmaster\/#author"},"image":{"@type":"ImageObject","url":"https:\/\/www.teatrulreginamaria.ro\/wp-content\/uploads\/2021\/06\/Sunetul_Muzicii.png","@id":"https:\/\/www.teatrulreginamaria.ro\/hu\/spectacolul-sunetul-muzicii-revine-pe-scena-trm\/#mainImage","width":1400,"height":425},"primaryImageOfPage":{"@id":"https:\/\/www.teatrulreginamaria.ro\/hu\/spectacolul-sunetul-muzicii-revine-pe-scena-trm\/#mainImage"},"datePublished":"2021-06-08T08:39:05+03:00","dateModified":"2025-09-22T10:10:15+03:00"},{"@type":"WebSite","@id":"https:\/\/www.teatrulreginamaria.ro\/hu\/#website","url":"https:\/\/www.teatrulreginamaria.ro\/hu\/","name":"Teatrul Regina Maria Oradea","alternateName":"TRM Oradea","description":"Trupa Iosif Vulcan \u0219i Trupa Arcadia","inLanguage":"hu-HU","publisher":{"@id":"https:\/\/www.teatrulreginamaria.ro\/hu\/#organization"}}]},"og:locale":"hu_HU","og:site_name":"Teatrul Regina Maria Oradea - Trupa Iosif Vulcan \u0219i Trupa Arcadia","og:type":"article","og:title":"Spectacolul SUNETUL MUZICII revine pe scena TRM! - Teatrul Regina Maria Oradea","og:description":"Stima\u021bi spectatori, Musicalul \u201eSunetul muzicii\u201d se reia pe scena Teatrului Regina Maria, dup\u0103 o pauz\u0103 de mai bine de un an, cauzat\u0103 de restric\u021biile impuse pentru prevenirea r\u0103sp\u00e2ndirii virusului SARD Cov-2. Prima reprezenta\u021bie este programat\u0103 \u00een data de 25 iunie, de la ora 19:00, la Sala Mare, iar biletele sunt deja puse deja \u00een v\u00e2nzare.","og:url":"https:\/\/www.teatrulreginamaria.ro\/hu\/spectacolul-sunetul-muzicii-revine-pe-scena-trm\/","og:image":"https:\/\/www.teatrulreginamaria.ro\/wp-content\/uploads\/2025\/03\/trm-istoric-01.jpg","og:image:secure_url":"https:\/\/www.teatrulreginamaria.ro\/wp-content\/uploads\/2025\/03\/trm-istoric-01.jpg","og:image:width":1200,"og:image:height":800,"article:published_time":"2021-06-08T08:39:05+00:00","article:modified_time":"2025-09-22T07:10:15+00:00","article:publisher":"https:\/\/www.facebook.com\/TRMTrupaIosifVulcan\/","twitter:card":"summary_large_image","twitter:site":"@TRMOradea","twitter:title":"Spectacolul SUNETUL MUZICII revine pe scena TRM! - Teatrul Regina Maria Oradea","twitter:description":"Stima\u021bi spectatori, Musicalul \u201eSunetul muzicii\u201d se reia pe scena Teatrului Regina Maria, dup\u0103 o pauz\u0103 de mai bine de un an, cauzat\u0103 de restric\u021biile impuse pentru prevenirea r\u0103sp\u00e2ndirii virusului SARD Cov-2. Prima reprezenta\u021bie este programat\u0103 \u00een data de 25 iunie, de la ora 19:00, la Sala Mare, iar biletele sunt deja puse deja \u00een v\u00e2nzare.","twitter:creator":"@TRMOradea","twitter:image":"https:\/\/www.teatrulreginamaria.ro\/wp-content\/uploads\/2025\/03\/trm-istoric-01.jpg"},"aioseo_meta_data":{"post_id":"4881","title":null,"description":null,"keywords":null,"keyphrases":{"focus":{"keyphrase":"","score":0,"analysis":{"keyphraseInTitle":{"score":0,"maxScore":9,"error":1}}},"additional":[]},"primary_term":null,"canonical_url":null,"og_title":null,"og_description":null,"og_object_type":"default","og_image_type":"default","og_image_url":null,"og_image_width":null,"og_image_height":null,"og_image_custom_url":null,"og_image_custom_fields":null,"og_video":"","og_custom_url":null,"og_article_section":null,"og_article_tags":null,"twitter_use_og":false,"twitter_card":"default","twitter_image_type":"default","twitter_image_url":null,"twitter_image_custom_url":null,"twitter_image_custom_fields":null,"twitter_title":null,"twitter_description":null,"schema":{"blockGraphs":[],"customGraphs":[],"default":{"data":{"Article":[],"Course":[],"Dataset":[],"FAQPage":[],"Movie":[],"Person":[],"Product":[],"ProductReview":[],"Car":[],"Recipe":[],"Service":[],"SoftwareApplication":[],"WebPage":[]},"graphName":"BlogPosting","isEnabled":true},"graphs":[]},"schema_type":"default","schema_type_options":null,"pillar_content":false,"robots_default":true,"robots_noindex":false,"robots_noarchive":false,"robots_nosnippet":false,"robots_nofollow":false,"robots_noimageindex":false,"robots_noodp":false,"robots_notranslate":false,"robots_max_snippet":"-1","robots_max_videopreview":"-1","robots_max_imagepreview":"large","priority":null,"frequency":"default","local_seo":null,"seo_analyzer_scan_date":"2026-05-13 03:43:43","breadcrumb_settings":null,"limit_modified_date":false,"reviewed_by":"0","open_ai":null,"ai":{"faqs":[],"keyPoints":[],"titles":[],"descriptions":[],"socialPosts":{"email":[],"linkedin":[],"twitter":[],"facebook":[],"instagram":[]}},"created":"2025-04-09 17:42:43","updated":"2026-05-13 03:43:43","focus_keyword":null,"additional_keywords":null,"truseo_locale":null},"aioseo_breadcrumb":"<div class=\"aioseo-breadcrumbs\"><span class=\"aioseo-breadcrumb\">\n\t<a href=\"https:\/\/www.teatrulreginamaria.ro\/hu\" title=\"Home\">Home<\/a>\n<\/span><span class=\"aioseo-breadcrumb-separator\">&raquo;<\/span><span class=\"aioseo-breadcrumb\">\n\t<a href=\"https:\/\/www.teatrulreginamaria.ro\/hu\/categorie\/noutati\/\" title=\"Nout\u0103\u021bi\">Nout\u0103\u021bi<\/a>\n<\/span><span class=\"aioseo-breadcrumb-separator\">&raquo;<\/span><span class=\"aioseo-breadcrumb\">\n\t<a href=\"https:\/\/www.teatrulreginamaria.ro\/hu\/categorie\/noutati\/noutati-trupa-iosif-vulcan\/\" title=\"Nout\u0103\u021bi - Trupa Iosif Vulcan\">Nout\u0103\u021bi - Trupa Iosif Vulcan<\/a>\n<\/span><span class=\"aioseo-breadcrumb-separator\">&raquo;<\/span><span class=\"aioseo-breadcrumb\">\n\tSpectacolul SUNETUL MUZICII revine pe scena TRM!\n<\/span><\/div>","aioseo_breadcrumb_json":[{"label":"Home","link":"https:\/\/www.teatrulreginamaria.ro\/hu"},{"label":"Nout\u0103\u021bi","link":"https:\/\/www.teatrulreginamaria.ro\/hu\/categorie\/noutati\/"},{"label":"Nout\u0103\u021bi - Trupa Iosif Vulcan","link":"https:\/\/www.teatrulreginamaria.ro\/hu\/categorie\/noutati\/noutati-trupa-iosif-vulcan\/"},{"label":"Spectacolul SUNETUL MUZICII revine pe scena TRM!","link":"https:\/\/www.teatrulreginamaria.ro\/hu\/spectacolul-sunetul-muzicii-revine-pe-scena-trm\/"}],"acf":[],"_links":{"self":[{"href":"https:\/\/www.teatrulreginamaria.ro\/hu\/wp-json\/wp\/v2\/posts\/4881","targetHints":{"allow":["GET"]}}],"collection":[{"href":"https:\/\/www.teatrulreginamaria.ro\/hu\/wp-json\/wp\/v2\/posts"}],"about":[{"href":"https:\/\/www.teatrulreginamaria.ro\/hu\/wp-json\/wp\/v2\/types\/post"}],"author":[{"embeddable":true,"href":"https:\/\/www.teatrulreginamaria.ro\/hu\/wp-json\/wp\/v2\/users\/6"}],"replies":[{"embeddable":true,"href":"https:\/\/www.teatrulreginamaria.ro\/hu\/wp-json\/wp\/v2\/comments?post=4881"}],"version-history":[{"count":2,"href":"https:\/\/www.teatrulreginamaria.ro\/hu\/wp-json\/wp\/v2\/posts\/4881\/revisions"}],"predecessor-version":[{"id":13764,"href":"https:\/\/www.teatrulreginamaria.ro\/hu\/wp-json\/wp\/v2\/posts\/4881\/revisions\/13764"}],"wp:featuredmedia":[{"embeddable":true,"href":"https:\/\/www.teatrulreginamaria.ro\/hu\/wp-json\/wp\/v2\/media\/4879"}],"wp:attachment":[{"href":"https:\/\/www.teatrulreginamaria.ro\/hu\/wp-json\/wp\/v2\/media?parent=4881"}],"wp:term":[{"taxonomy":"category","embeddable":true,"href":"https:\/\/www.teatrulreginamaria.ro\/hu\/wp-json\/wp\/v2\/categories?post=4881"},{"taxonomy":"post_tag","embeddable":true,"href":"https:\/\/www.teatrulreginamaria.ro\/hu\/wp-json\/wp\/v2\/tags?post=4881"}],"curies":[{"name":"munkaf\u00fczet","href":"https:\/\/api.w.org\/{rel}","templated":true}]}}