{"id":4892,"date":"2021-06-28T07:38:33","date_gmt":"2021-06-28T07:38:33","guid":{"rendered":"https:\/\/teatrulreginamaria.ro\/2021\/06\/28\/in-memoriam-mircea-bradu\/"},"modified":"2021-06-28T07:38:33","modified_gmt":"2021-06-28T07:38:33","slug":"mircea-bradu-emlekere","status":"publish","type":"post","link":"https:\/\/www.teatrulreginamaria.ro\/hu\/in-memoriam-mircea-bradu\/","title":{"rendered":"Mircea Bradu eml\u00e9k\u00e9re"},"content":{"rendered":"<p style=\"text-align: justify;\">Milyen furcsa az \u00e9let! K\u00f6r\u00fclbel\u00fcl k\u00e9t h\u00f3napja \u2013 \u00e1prilis k\u00f6rny\u00e9k\u00e9n, amikor \u00e9n is bet\u00f6lt\u00f6ttem n\u00e9h\u00e1ny \u00e9ves \u2013 Mircea \u00fajs\u00e1goldalt \u00edrt r\u00f3lam \u00e9s a munk\u00e1mr\u00f3l, mint egy bar\u00e1tr\u00f3l \u00e9s munkat\u00e1rsr\u00f3l, akit ismert\u00e9l \u00e9s \u00e9rt\u00e9kelt\u00e9l. M\u00e9g \u00fagy is besz\u00e9lt\u00fcnk telefonon, hogy nem tudtuk, hogy ez lesz az utols\u00f3 besz\u00e9lget\u00e9s\u00fcnk!<\/p>\n<p style=\"text-align: justify;\">R\u00e9g\u00f3ta ismerj\u00fck egym\u00e1st, 1959 \u00f3ta, amikor a Krisanai N\u00e9pi Alkot\u00e1s Region\u00e1lis H\u00e1z\u00e1ban dolgoztunk egy\u00fctt m\u00f3dszertanosk\u00e9nt, majd miut\u00e1n \u0151 elkezdett &quot;sz\u00ednh\u00e1zat \u00edrni&quot;, \u00e9s \u00e9n igazgat\u00f3 lettem, \u00e9rdemek alapj\u00e1n el\u0151l\u00e9ptem, \u00e9s minden darabj\u00e1ban szerepet j\u00e1tszottunk, ak\u00e1r &quot;Vladi, a D\u00f6nt\u00e9s&quot;, a janu\u00e1ri &quot;\u00e9jszaka&quot;, a &quot;Feh\u00e9r&quot; c.<\/p>\n<p style=\"text-align: justify;\">Elisabeta Poppal egy\u00fctt t\u00e1mogattam \u0151t hossz\u00fa rendez\u0151i ideje alatt, \u00e9s bar\u00e1tok maradtunk, m\u00e9g akkor is, ha m\u00e1r nem voltunk rendez\u0151k\u2026!<\/p>\n<p style=\"text-align: justify;\">&quot;Boldog sz\u00fclet\u00e9snapot!&quot; k\u00edv\u00e1nt. K\u00e9nytelen vagyok, mint minden bar\u00e1tja, egy k\u00f6nnyet hullatni Mircea Bradu f\u00e9rfi\u00e9rt, \u00e9s kifejezni hitemet, hogy az \u0151 neve referenciak\u00e9nt fog szolg\u00e1lni arra, amit az irodalom \u00e9s a m\u0171v\u00e9szet jelent \u2013 ezen a nagylelk\u0171 ter\u00fcleten azok sz\u00e1m\u00e1ra, akik szeretik \u00e9s tisztelik a sz\u00e9ps\u00e9g alkot\u00f3it!<\/p>\n<p style=\"text-align: justify;\">...M\u00e1s is elment! Ez az \u00e9let!<\/p>\n<p style=\"text-align: right;\"><em>Eugen Tugulea<\/em><br \/>Sz\u00edn\u00e9sz<\/p>","protected":false},"excerpt":{"rendered":"<p>Ce ciudat\u0103 este via\u021ba! \u00cen urm\u0103 cu dou\u0103 luni \u0219i ceva \u2013 prin aprilie, c\u00e2nd \u00eemplinisem \u0219i eu ni\u0219te ani \u2013 Mircea scria o pagin\u0103 de ziar despre mine \u0219i activitatea mea, ca despre un prieten \u0219i colaborator pe care l-ai cunoscut \u0219i apreciat. Am \u0219i vorbit la telefon f\u0103r\u0103 s\u0103 \u0219tim c\u0103 va fi [&hellip;]<\/p>\n","protected":false},"author":6,"featured_media":0,"comment_status":"open","ping_status":"open","sticky":false,"template":"","format":"standard","meta":{"_acf_changed":false,"footnotes":""},"categories":[22],"tags":[],"class_list":["post-4892","post","type-post","status-publish","format-standard","hentry","category-noutati-trupa-iosif-vulcan"],"aioseo_notices":[],"aioseo_head":"\n\t\t<!-- All in One SEO Pro 5.0.1.1 - aioseo.com -->\n\t<meta name=\"description\" content=\"Ce ciudat\u0103 este via\u021ba! \u00cen urm\u0103 cu dou\u0103 luni \u0219i ceva \u2013 prin aprilie, c\u00e2nd \u00eemplinisem \u0219i eu ni\u0219te ani \u2013 Mircea scria o pagin\u0103 de ziar despre mine \u0219i activitatea mea, ca despre un prieten \u0219i colaborator pe care l-ai cunoscut \u0219i apreciat. Am \u0219i vorbit la telefon f\u0103r\u0103 s\u0103 \u0219tim c\u0103 va fi\" \/>\n\t<meta name=\"robots\" content=\"max-image-preview:large\" \/>\n\t<meta name=\"author\" content=\"Teatrul Regina Maria\"\/>\n\t<link rel=\"canonical\" href=\"https:\/\/www.teatrulreginamaria.ro\/hu\/in-memoriam-mircea-bradu\/\" \/>\n\t<meta name=\"generator\" content=\"All in One SEO Pro (AIOSEO) 5.0.1.1\" \/>\n\t\t<meta property=\"og:locale\" content=\"hu_HU\" \/>\n\t\t<meta property=\"og:site_name\" content=\"Teatrul Regina Maria Oradea - Trupa Iosif Vulcan \u0219i Trupa Arcadia\" \/>\n\t\t<meta property=\"og:type\" content=\"article\" \/>\n\t\t<meta property=\"og:title\" content=\"In memoriam Mircea Bradu - Teatrul Regina Maria Oradea\" \/>\n\t\t<meta property=\"og:description\" content=\"Ce ciudat\u0103 este via\u021ba! \u00cen urm\u0103 cu dou\u0103 luni \u0219i ceva \u2013 prin aprilie, c\u00e2nd \u00eemplinisem \u0219i eu ni\u0219te ani \u2013 Mircea scria o pagin\u0103 de ziar despre mine \u0219i activitatea mea, ca despre un prieten \u0219i colaborator pe care l-ai cunoscut \u0219i apreciat. Am \u0219i vorbit la telefon f\u0103r\u0103 s\u0103 \u0219tim c\u0103 va fi\" \/>\n\t\t<meta property=\"og:url\" content=\"https:\/\/www.teatrulreginamaria.ro\/hu\/in-memoriam-mircea-bradu\/\" \/>\n\t\t<meta property=\"og:image\" content=\"https:\/\/www.teatrulreginamaria.ro\/wp-content\/uploads\/2025\/03\/trm-istoric-01.jpg\" \/>\n\t\t<meta property=\"og:image:secure_url\" content=\"https:\/\/www.teatrulreginamaria.ro\/wp-content\/uploads\/2025\/03\/trm-istoric-01.jpg\" \/>\n\t\t<meta property=\"og:image:width\" content=\"1200\" \/>\n\t\t<meta property=\"og:image:height\" content=\"800\" \/>\n\t\t<meta property=\"article:published_time\" content=\"2021-06-28T07:38:33+00:00\" \/>\n\t\t<meta property=\"article:modified_time\" content=\"2021-06-28T07:38:33+00:00\" \/>\n\t\t<meta property=\"article:publisher\" content=\"https:\/\/www.facebook.com\/TRMTrupaIosifVulcan\/\" \/>\n\t\t<meta name=\"twitter:card\" content=\"summary_large_image\" \/>\n\t\t<meta name=\"twitter:site\" content=\"@TRMOradea\" \/>\n\t\t<meta name=\"twitter:title\" content=\"In memoriam Mircea Bradu - Teatrul Regina Maria Oradea\" \/>\n\t\t<meta name=\"twitter:description\" content=\"Ce ciudat\u0103 este via\u021ba! \u00cen urm\u0103 cu dou\u0103 luni \u0219i ceva \u2013 prin aprilie, c\u00e2nd \u00eemplinisem \u0219i eu ni\u0219te ani \u2013 Mircea scria o pagin\u0103 de ziar despre mine \u0219i activitatea mea, ca despre un prieten \u0219i colaborator pe care l-ai cunoscut \u0219i apreciat. Am \u0219i vorbit la telefon f\u0103r\u0103 s\u0103 \u0219tim c\u0103 va fi\" \/>\n\t\t<meta name=\"twitter:creator\" content=\"@TRMOradea\" \/>\n\t\t<meta name=\"twitter:image\" content=\"https:\/\/www.teatrulreginamaria.ro\/wp-content\/uploads\/2025\/03\/trm-istoric-01.jpg\" \/>\n\t\t<script type=\"application\/ld+json\" class=\"aioseo-schema\">\n\t\t\t{\"@context\":\"https:\\\/\\\/schema.org\",\"@graph\":[{\"@type\":\"BlogPosting\",\"@id\":\"https:\\\/\\\/www.teatrulreginamaria.ro\\\/hu\\\/in-memoriam-mircea-bradu\\\/#blogposting\",\"name\":\"In memoriam Mircea Bradu - Teatrul Regina Maria Oradea\",\"headline\":\"In memoriam Mircea Bradu\",\"author\":{\"@id\":\"https:\\\/\\\/www.teatrulreginamaria.ro\\\/hu\\\/author\\\/w3bmaster\\\/#author\"},\"publisher\":{\"@id\":\"https:\\\/\\\/www.teatrulreginamaria.ro\\\/hu\\\/#organization\"},\"image\":{\"@type\":\"ImageObject\",\"url\":\"https:\\\/\\\/www.teatrulreginamaria.ro\\\/wp-content\\\/uploads\\\/2025\\\/06\\\/logo-trm-01-dark.png\",\"@id\":\"https:\\\/\\\/www.teatrulreginamaria.ro\\\/hu\\\/#articleImage\",\"width\":300,\"height\":148},\"datePublished\":\"2021-06-28T07:38:33+03:00\",\"dateModified\":\"2021-06-28T07:38:33+03:00\",\"inLanguage\":\"hu-HU\",\"mainEntityOfPage\":{\"@id\":\"https:\\\/\\\/www.teatrulreginamaria.ro\\\/hu\\\/in-memoriam-mircea-bradu\\\/#webpage\"},\"isPartOf\":{\"@id\":\"https:\\\/\\\/www.teatrulreginamaria.ro\\\/hu\\\/in-memoriam-mircea-bradu\\\/#webpage\"},\"articleSection\":\"Nout\\u0103\\u021bi - Trupa Iosif Vulcan\"},{\"@type\":\"BreadcrumbList\",\"@id\":\"https:\\\/\\\/www.teatrulreginamaria.ro\\\/hu\\\/in-memoriam-mircea-bradu\\\/#breadcrumblist\",\"itemListElement\":[{\"@type\":\"ListItem\",\"@id\":\"https:\\\/\\\/www.teatrulreginamaria.ro\\\/hu#listItem\",\"position\":1,\"name\":\"Home\",\"item\":\"https:\\\/\\\/www.teatrulreginamaria.ro\\\/hu\",\"nextItem\":{\"@type\":\"ListItem\",\"@id\":\"https:\\\/\\\/www.teatrulreginamaria.ro\\\/hu\\\/categorie\\\/noutati\\\/#listItem\",\"name\":\"Nout\\u0103\\u021bi\"}},{\"@type\":\"ListItem\",\"@id\":\"https:\\\/\\\/www.teatrulreginamaria.ro\\\/hu\\\/categorie\\\/noutati\\\/#listItem\",\"position\":2,\"name\":\"Nout\\u0103\\u021bi\",\"item\":\"https:\\\/\\\/www.teatrulreginamaria.ro\\\/hu\\\/categorie\\\/noutati\\\/\",\"nextItem\":{\"@type\":\"ListItem\",\"@id\":\"https:\\\/\\\/www.teatrulreginamaria.ro\\\/hu\\\/categorie\\\/noutati\\\/noutati-trupa-iosif-vulcan\\\/#listItem\",\"name\":\"Nout\\u0103\\u021bi - Trupa Iosif Vulcan\"},\"previousItem\":{\"@type\":\"ListItem\",\"@id\":\"https:\\\/\\\/www.teatrulreginamaria.ro\\\/hu#listItem\",\"name\":\"Home\"}},{\"@type\":\"ListItem\",\"@id\":\"https:\\\/\\\/www.teatrulreginamaria.ro\\\/hu\\\/categorie\\\/noutati\\\/noutati-trupa-iosif-vulcan\\\/#listItem\",\"position\":3,\"name\":\"Nout\\u0103\\u021bi - Trupa Iosif Vulcan\",\"item\":\"https:\\\/\\\/www.teatrulreginamaria.ro\\\/hu\\\/categorie\\\/noutati\\\/noutati-trupa-iosif-vulcan\\\/\",\"nextItem\":{\"@type\":\"ListItem\",\"@id\":\"https:\\\/\\\/www.teatrulreginamaria.ro\\\/hu\\\/in-memoriam-mircea-bradu\\\/#listItem\",\"name\":\"In memoriam Mircea Bradu\"},\"previousItem\":{\"@type\":\"ListItem\",\"@id\":\"https:\\\/\\\/www.teatrulreginamaria.ro\\\/hu\\\/categorie\\\/noutati\\\/#listItem\",\"name\":\"Nout\\u0103\\u021bi\"}},{\"@type\":\"ListItem\",\"@id\":\"https:\\\/\\\/www.teatrulreginamaria.ro\\\/hu\\\/in-memoriam-mircea-bradu\\\/#listItem\",\"position\":4,\"name\":\"In memoriam Mircea Bradu\",\"previousItem\":{\"@type\":\"ListItem\",\"@id\":\"https:\\\/\\\/www.teatrulreginamaria.ro\\\/hu\\\/categorie\\\/noutati\\\/noutati-trupa-iosif-vulcan\\\/#listItem\",\"name\":\"Nout\\u0103\\u021bi - Trupa Iosif Vulcan\"}}]},{\"@type\":\"Organization\",\"@id\":\"https:\\\/\\\/www.teatrulreginamaria.ro\\\/hu\\\/#organization\",\"name\":\"Teatrul Regina Maria Oradea\",\"description\":\"Trupa Iosif Vulcan \\u0219i Trupa Arcadia\",\"url\":\"https:\\\/\\\/www.teatrulreginamaria.ro\\\/hu\\\/\",\"email\":\"marketing@teatrulreginamaria.ro\",\"telephone\":\"+40359411534\",\"numberOfEmployees\":{\"@type\":\"QuantitativeValue\",\"minValue\":0,\"maxValue\":150},\"logo\":{\"@type\":\"ImageObject\",\"url\":\"https:\\\/\\\/www.teatrulreginamaria.ro\\\/wp-content\\\/uploads\\\/2025\\\/06\\\/logo-trm-01-dark.png\",\"@id\":\"https:\\\/\\\/www.teatrulreginamaria.ro\\\/hu\\\/in-memoriam-mircea-bradu\\\/#organizationLogo\",\"width\":300,\"height\":148},\"image\":{\"@id\":\"https:\\\/\\\/www.teatrulreginamaria.ro\\\/hu\\\/in-memoriam-mircea-bradu\\\/#organizationLogo\"},\"sameAs\":[\"https:\\\/\\\/www.facebook.com\\\/TRMTrupaIosifVulcan\\\/\",\"https:\\\/\\\/x.com\\\/TRMOradea\",\"https:\\\/\\\/www.instagram.com\\\/teatrul_regina_maria\\\/\",\"https:\\\/\\\/www.youtube.com\\\/c\\\/TeatrulReginaMariaOradea\",\"https:\\\/\\\/www.linkedin.com\\\/company\\\/teatrul-regina-maria\"]},{\"@type\":\"Person\",\"@id\":\"https:\\\/\\\/www.teatrulreginamaria.ro\\\/hu\\\/author\\\/w3bmaster\\\/#author\",\"url\":\"https:\\\/\\\/www.teatrulreginamaria.ro\\\/hu\\\/author\\\/w3bmaster\\\/\",\"name\":\"Teatrul Regina Maria\",\"image\":{\"@type\":\"ImageObject\",\"@id\":\"https:\\\/\\\/www.teatrulreginamaria.ro\\\/hu\\\/in-memoriam-mircea-bradu\\\/#authorImage\",\"url\":\"https:\\\/\\\/secure.gravatar.com\\\/avatar\\\/5884139d508ae3f0bafe45e60563b48a9640146d3b08ccc6278c305ff9329305?s=96&d=mm&r=g\",\"width\":96,\"height\":96,\"caption\":\"Teatrul Regina Maria\"}},{\"@type\":\"WebPage\",\"@id\":\"https:\\\/\\\/www.teatrulreginamaria.ro\\\/hu\\\/in-memoriam-mircea-bradu\\\/#webpage\",\"url\":\"https:\\\/\\\/www.teatrulreginamaria.ro\\\/hu\\\/in-memoriam-mircea-bradu\\\/\",\"name\":\"In memoriam Mircea Bradu - Teatrul Regina Maria Oradea\",\"description\":\"Ce ciudat\\u0103 este via\\u021ba! \\u00cen urm\\u0103 cu dou\\u0103 luni \\u0219i ceva \\u2013 prin aprilie, c\\u00e2nd \\u00eemplinisem \\u0219i eu ni\\u0219te ani \\u2013 Mircea scria o pagin\\u0103 de ziar despre mine \\u0219i activitatea mea, ca despre un prieten \\u0219i colaborator pe care l-ai cunoscut \\u0219i apreciat. Am \\u0219i vorbit la telefon f\\u0103r\\u0103 s\\u0103 \\u0219tim c\\u0103 va fi\",\"inLanguage\":\"hu-HU\",\"isPartOf\":{\"@id\":\"https:\\\/\\\/www.teatrulreginamaria.ro\\\/hu\\\/#website\"},\"breadcrumb\":{\"@id\":\"https:\\\/\\\/www.teatrulreginamaria.ro\\\/hu\\\/in-memoriam-mircea-bradu\\\/#breadcrumblist\"},\"author\":{\"@id\":\"https:\\\/\\\/www.teatrulreginamaria.ro\\\/hu\\\/author\\\/w3bmaster\\\/#author\"},\"creator\":{\"@id\":\"https:\\\/\\\/www.teatrulreginamaria.ro\\\/hu\\\/author\\\/w3bmaster\\\/#author\"},\"datePublished\":\"2021-06-28T07:38:33+03:00\",\"dateModified\":\"2021-06-28T07:38:33+03:00\"},{\"@type\":\"WebSite\",\"@id\":\"https:\\\/\\\/www.teatrulreginamaria.ro\\\/hu\\\/#website\",\"url\":\"https:\\\/\\\/www.teatrulreginamaria.ro\\\/hu\\\/\",\"name\":\"Teatrul Regina Maria Oradea\",\"alternateName\":\"TRM Oradea\",\"description\":\"Trupa Iosif Vulcan \\u0219i Trupa Arcadia\",\"inLanguage\":\"hu-HU\",\"publisher\":{\"@id\":\"https:\\\/\\\/www.teatrulreginamaria.ro\\\/hu\\\/#organization\"}}]}\n\t\t<\/script>\n\t\t<!-- All in One SEO Pro -->\r\n\t\t<title>In memoriam Mircea Bradu - Teatrul Regina Maria Oradea<\/title>\n\n","aioseo_head_json":{"title":"Mircea Bradu eml\u00e9k\u00e9re - Nagyv\u00e1radi Regina Maria Sz\u00ednh\u00e1z","description":"Milyen furcsa az \u00e9let! K\u00f6r\u00fclbel\u00fcl k\u00e9t h\u00f3nappal ezel\u0151tt \u2013 \u00e1prilis k\u00f6rny\u00e9k\u00e9n, amikor \u00e9n is bet\u00f6lt\u00f6ttem n\u00e9h\u00e1ny \u00e9ves korom \u2013 Mircea \u00edrt egy \u00fajs\u00e1gcikkben r\u00f3lam \u00e9s a munk\u00e1mr\u00f3l, mint egy bar\u00e1tr\u00f3l \u00e9s munkat\u00e1rsr\u00f3l, akit ismersz \u00e9s nagyra \u00e9rt\u00e9kelsz. M\u00e9g telefonon is besz\u00e9lt\u00fcnk an\u00e9lk\u00fcl, hogy tudtuk volna, hogy ez lesz...","canonical_url":"https:\/\/www.teatrulreginamaria.ro\/hu\/in-memoriam-mircea-bradu\/","robots":"max-image-preview:large","keywords":"","webmasterTools":{"miscellaneous":""},"schema":{"@context":"https:\/\/schema.org","@graph":[{"@type":"BlogPosting","@id":"https:\/\/www.teatrulreginamaria.ro\/hu\/in-memoriam-mircea-bradu\/#blogposting","name":"In memoriam Mircea Bradu - Teatrul Regina Maria Oradea","headline":"In memoriam Mircea Bradu","author":{"@id":"https:\/\/www.teatrulreginamaria.ro\/hu\/author\/w3bmaster\/#author"},"publisher":{"@id":"https:\/\/www.teatrulreginamaria.ro\/hu\/#organization"},"image":{"@type":"ImageObject","url":"https:\/\/www.teatrulreginamaria.ro\/wp-content\/uploads\/2025\/06\/logo-trm-01-dark.png","@id":"https:\/\/www.teatrulreginamaria.ro\/hu\/#articleImage","width":300,"height":148},"datePublished":"2021-06-28T07:38:33+03:00","dateModified":"2021-06-28T07:38:33+03:00","inLanguage":"hu-HU","mainEntityOfPage":{"@id":"https:\/\/www.teatrulreginamaria.ro\/hu\/in-memoriam-mircea-bradu\/#webpage"},"isPartOf":{"@id":"https:\/\/www.teatrulreginamaria.ro\/hu\/in-memoriam-mircea-bradu\/#webpage"},"articleSection":"Nout\u0103\u021bi - Trupa Iosif Vulcan"},{"@type":"BreadcrumbList","@id":"https:\/\/www.teatrulreginamaria.ro\/hu\/in-memoriam-mircea-bradu\/#breadcrumblist","itemListElement":[{"@type":"ListItem","@id":"https:\/\/www.teatrulreginamaria.ro\/hu#listItem","position":1,"name":"Home","item":"https:\/\/www.teatrulreginamaria.ro\/hu","nextItem":{"@type":"ListItem","@id":"https:\/\/www.teatrulreginamaria.ro\/hu\/categorie\/noutati\/#listItem","name":"Nout\u0103\u021bi"}},{"@type":"ListItem","@id":"https:\/\/www.teatrulreginamaria.ro\/hu\/categorie\/noutati\/#listItem","position":2,"name":"Nout\u0103\u021bi","item":"https:\/\/www.teatrulreginamaria.ro\/hu\/categorie\/noutati\/","nextItem":{"@type":"ListItem","@id":"https:\/\/www.teatrulreginamaria.ro\/hu\/categorie\/noutati\/noutati-trupa-iosif-vulcan\/#listItem","name":"Nout\u0103\u021bi - Trupa Iosif Vulcan"},"previousItem":{"@type":"ListItem","@id":"https:\/\/www.teatrulreginamaria.ro\/hu#listItem","name":"Home"}},{"@type":"ListItem","@id":"https:\/\/www.teatrulreginamaria.ro\/hu\/categorie\/noutati\/noutati-trupa-iosif-vulcan\/#listItem","position":3,"name":"Nout\u0103\u021bi - Trupa Iosif Vulcan","item":"https:\/\/www.teatrulreginamaria.ro\/hu\/categorie\/noutati\/noutati-trupa-iosif-vulcan\/","nextItem":{"@type":"ListItem","@id":"https:\/\/www.teatrulreginamaria.ro\/hu\/in-memoriam-mircea-bradu\/#listItem","name":"In memoriam Mircea Bradu"},"previousItem":{"@type":"ListItem","@id":"https:\/\/www.teatrulreginamaria.ro\/hu\/categorie\/noutati\/#listItem","name":"Nout\u0103\u021bi"}},{"@type":"ListItem","@id":"https:\/\/www.teatrulreginamaria.ro\/hu\/in-memoriam-mircea-bradu\/#listItem","position":4,"name":"In memoriam Mircea Bradu","previousItem":{"@type":"ListItem","@id":"https:\/\/www.teatrulreginamaria.ro\/hu\/categorie\/noutati\/noutati-trupa-iosif-vulcan\/#listItem","name":"Nout\u0103\u021bi - Trupa Iosif Vulcan"}}]},{"@type":"Organization","@id":"https:\/\/www.teatrulreginamaria.ro\/hu\/#organization","name":"Teatrul Regina Maria Oradea","description":"Trupa Iosif Vulcan \u0219i Trupa Arcadia","url":"https:\/\/www.teatrulreginamaria.ro\/hu\/","email":"marketing@teatrulreginamaria.ro","telephone":"+40359411534","numberOfEmployees":{"@type":"QuantitativeValue","minValue":0,"maxValue":150},"logo":{"@type":"ImageObject","url":"https:\/\/www.teatrulreginamaria.ro\/wp-content\/uploads\/2025\/06\/logo-trm-01-dark.png","@id":"https:\/\/www.teatrulreginamaria.ro\/hu\/in-memoriam-mircea-bradu\/#organizationLogo","width":300,"height":148},"image":{"@id":"https:\/\/www.teatrulreginamaria.ro\/hu\/in-memoriam-mircea-bradu\/#organizationLogo"},"sameAs":["https:\/\/www.facebook.com\/TRMTrupaIosifVulcan\/","https:\/\/x.com\/TRMOradea","https:\/\/www.instagram.com\/teatrul_regina_maria\/","https:\/\/www.youtube.com\/c\/TeatrulReginaMariaOradea","https:\/\/www.linkedin.com\/company\/teatrul-regina-maria"]},{"@type":"Person","@id":"https:\/\/www.teatrulreginamaria.ro\/hu\/author\/w3bmaster\/#author","url":"https:\/\/www.teatrulreginamaria.ro\/hu\/author\/w3bmaster\/","name":"Teatrul Regina Maria","image":{"@type":"ImageObject","@id":"https:\/\/www.teatrulreginamaria.ro\/hu\/in-memoriam-mircea-bradu\/#authorImage","url":"https:\/\/secure.gravatar.com\/avatar\/5884139d508ae3f0bafe45e60563b48a9640146d3b08ccc6278c305ff9329305?s=96&d=mm&r=g","width":96,"height":96,"caption":"Teatrul Regina Maria"}},{"@type":"WebPage","@id":"https:\/\/www.teatrulreginamaria.ro\/hu\/in-memoriam-mircea-bradu\/#webpage","url":"https:\/\/www.teatrulreginamaria.ro\/hu\/in-memoriam-mircea-bradu\/","name":"In memoriam Mircea Bradu - Teatrul Regina Maria Oradea","description":"Ce ciudat\u0103 este via\u021ba! \u00cen urm\u0103 cu dou\u0103 luni \u0219i ceva \u2013 prin aprilie, c\u00e2nd \u00eemplinisem \u0219i eu ni\u0219te ani \u2013 Mircea scria o pagin\u0103 de ziar despre mine \u0219i activitatea mea, ca despre un prieten \u0219i colaborator pe care l-ai cunoscut \u0219i apreciat. Am \u0219i vorbit la telefon f\u0103r\u0103 s\u0103 \u0219tim c\u0103 va fi","inLanguage":"hu-HU","isPartOf":{"@id":"https:\/\/www.teatrulreginamaria.ro\/hu\/#website"},"breadcrumb":{"@id":"https:\/\/www.teatrulreginamaria.ro\/hu\/in-memoriam-mircea-bradu\/#breadcrumblist"},"author":{"@id":"https:\/\/www.teatrulreginamaria.ro\/hu\/author\/w3bmaster\/#author"},"creator":{"@id":"https:\/\/www.teatrulreginamaria.ro\/hu\/author\/w3bmaster\/#author"},"datePublished":"2021-06-28T07:38:33+03:00","dateModified":"2021-06-28T07:38:33+03:00"},{"@type":"WebSite","@id":"https:\/\/www.teatrulreginamaria.ro\/hu\/#website","url":"https:\/\/www.teatrulreginamaria.ro\/hu\/","name":"Teatrul Regina Maria Oradea","alternateName":"TRM Oradea","description":"Trupa Iosif Vulcan \u0219i Trupa Arcadia","inLanguage":"hu-HU","publisher":{"@id":"https:\/\/www.teatrulreginamaria.ro\/hu\/#organization"}}]},"og:locale":"hu_HU","og:site_name":"Teatrul Regina Maria Oradea - Trupa Iosif Vulcan \u0219i Trupa Arcadia","og:type":"article","og:title":"In memoriam Mircea Bradu - Teatrul Regina Maria Oradea","og:description":"Ce ciudat\u0103 este via\u021ba! \u00cen urm\u0103 cu dou\u0103 luni \u0219i ceva \u2013 prin aprilie, c\u00e2nd \u00eemplinisem \u0219i eu ni\u0219te ani \u2013 Mircea scria o pagin\u0103 de ziar despre mine \u0219i activitatea mea, ca despre un prieten \u0219i colaborator pe care l-ai cunoscut \u0219i apreciat. Am \u0219i vorbit la telefon f\u0103r\u0103 s\u0103 \u0219tim c\u0103 va fi","og:url":"https:\/\/www.teatrulreginamaria.ro\/hu\/in-memoriam-mircea-bradu\/","og:image":"https:\/\/www.teatrulreginamaria.ro\/wp-content\/uploads\/2025\/03\/trm-istoric-01.jpg","og:image:secure_url":"https:\/\/www.teatrulreginamaria.ro\/wp-content\/uploads\/2025\/03\/trm-istoric-01.jpg","og:image:width":1200,"og:image:height":800,"article:published_time":"2021-06-28T07:38:33+00:00","article:modified_time":"2021-06-28T07:38:33+00:00","article:publisher":"https:\/\/www.facebook.com\/TRMTrupaIosifVulcan\/","twitter:card":"summary_large_image","twitter:site":"@TRMOradea","twitter:title":"In memoriam Mircea Bradu - Teatrul Regina Maria Oradea","twitter:description":"Ce ciudat\u0103 este via\u021ba! \u00cen urm\u0103 cu dou\u0103 luni \u0219i ceva \u2013 prin aprilie, c\u00e2nd \u00eemplinisem \u0219i eu ni\u0219te ani \u2013 Mircea scria o pagin\u0103 de ziar despre mine \u0219i activitatea mea, ca despre un prieten \u0219i colaborator pe care l-ai cunoscut \u0219i apreciat. Am \u0219i vorbit la telefon f\u0103r\u0103 s\u0103 \u0219tim c\u0103 va fi","twitter:creator":"@TRMOradea","twitter:image":"https:\/\/www.teatrulreginamaria.ro\/wp-content\/uploads\/2025\/03\/trm-istoric-01.jpg"},"aioseo_meta_data":{"post_id":"4892","title":null,"description":null,"keywords":null,"keyphrases":null,"primary_term":null,"canonical_url":null,"og_title":null,"og_description":null,"og_object_type":"default","og_image_type":"default","og_image_url":null,"og_image_width":null,"og_image_height":null,"og_image_custom_url":null,"og_image_custom_fields":null,"og_video":null,"og_custom_url":null,"og_article_section":null,"og_article_tags":null,"twitter_use_og":false,"twitter_card":"default","twitter_image_type":"default","twitter_image_url":null,"twitter_image_custom_url":null,"twitter_image_custom_fields":null,"twitter_title":null,"twitter_description":null,"schema":{"blockGraphs":[],"customGraphs":[],"default":{"data":{"Article":[],"Course":[],"Dataset":[],"FAQPage":[],"Movie":[],"Person":[],"Product":[],"ProductReview":[],"Car":[],"Recipe":[],"Service":[],"SoftwareApplication":[],"WebPage":[]},"graphName":"","isEnabled":true},"graphs":[]},"schema_type":"default","schema_type_options":null,"pillar_content":false,"robots_default":true,"robots_noindex":false,"robots_noarchive":false,"robots_nosnippet":false,"robots_nofollow":false,"robots_noimageindex":false,"robots_noodp":false,"robots_notranslate":false,"robots_max_snippet":null,"robots_max_videopreview":null,"robots_max_imagepreview":"large","priority":null,"frequency":null,"local_seo":null,"seo_analyzer_scan_date":"2026-05-13 02:46:56","breadcrumb_settings":null,"limit_modified_date":false,"reviewed_by":null,"open_ai":null,"ai":null,"created":"2025-04-09 17:42:43","updated":"2026-05-13 02:46:56","focus_keyword":null,"additional_keywords":null,"truseo_locale":null},"aioseo_breadcrumb":"<div class=\"aioseo-breadcrumbs\"><span class=\"aioseo-breadcrumb\">\n\t<a href=\"https:\/\/www.teatrulreginamaria.ro\/hu\" title=\"Home\">Home<\/a>\n<\/span><span class=\"aioseo-breadcrumb-separator\">&raquo;<\/span><span class=\"aioseo-breadcrumb\">\n\t<a href=\"https:\/\/www.teatrulreginamaria.ro\/hu\/categorie\/noutati\/\" title=\"Nout\u0103\u021bi\">Nout\u0103\u021bi<\/a>\n<\/span><span class=\"aioseo-breadcrumb-separator\">&raquo;<\/span><span class=\"aioseo-breadcrumb\">\n\t<a href=\"https:\/\/www.teatrulreginamaria.ro\/hu\/categorie\/noutati\/noutati-trupa-iosif-vulcan\/\" title=\"Nout\u0103\u021bi - Trupa Iosif Vulcan\">Nout\u0103\u021bi - Trupa Iosif Vulcan<\/a>\n<\/span><span class=\"aioseo-breadcrumb-separator\">&raquo;<\/span><span class=\"aioseo-breadcrumb\">\n\tIn memoriam Mircea Bradu\n<\/span><\/div>","aioseo_breadcrumb_json":[{"label":"Home","link":"https:\/\/www.teatrulreginamaria.ro\/hu"},{"label":"Nout\u0103\u021bi","link":"https:\/\/www.teatrulreginamaria.ro\/hu\/categorie\/noutati\/"},{"label":"Nout\u0103\u021bi - Trupa Iosif Vulcan","link":"https:\/\/www.teatrulreginamaria.ro\/hu\/categorie\/noutati\/noutati-trupa-iosif-vulcan\/"},{"label":"In memoriam Mircea Bradu","link":"https:\/\/www.teatrulreginamaria.ro\/hu\/in-memoriam-mircea-bradu\/"}],"acf":[],"_links":{"self":[{"href":"https:\/\/www.teatrulreginamaria.ro\/hu\/wp-json\/wp\/v2\/posts\/4892","targetHints":{"allow":["GET"]}}],"collection":[{"href":"https:\/\/www.teatrulreginamaria.ro\/hu\/wp-json\/wp\/v2\/posts"}],"about":[{"href":"https:\/\/www.teatrulreginamaria.ro\/hu\/wp-json\/wp\/v2\/types\/post"}],"author":[{"embeddable":true,"href":"https:\/\/www.teatrulreginamaria.ro\/hu\/wp-json\/wp\/v2\/users\/6"}],"replies":[{"embeddable":true,"href":"https:\/\/www.teatrulreginamaria.ro\/hu\/wp-json\/wp\/v2\/comments?post=4892"}],"version-history":[{"count":0,"href":"https:\/\/www.teatrulreginamaria.ro\/hu\/wp-json\/wp\/v2\/posts\/4892\/revisions"}],"wp:attachment":[{"href":"https:\/\/www.teatrulreginamaria.ro\/hu\/wp-json\/wp\/v2\/media?parent=4892"}],"wp:term":[{"taxonomy":"category","embeddable":true,"href":"https:\/\/www.teatrulreginamaria.ro\/hu\/wp-json\/wp\/v2\/categories?post=4892"},{"taxonomy":"post_tag","embeddable":true,"href":"https:\/\/www.teatrulreginamaria.ro\/hu\/wp-json\/wp\/v2\/tags?post=4892"}],"curies":[{"name":"munkaf\u00fczet","href":"https:\/\/api.w.org\/{rel}","templated":true}]}}