{"id":4909,"date":"2021-07-07T08:51:58","date_gmt":"2021-07-07T08:51:58","guid":{"rendered":"https:\/\/teatrulreginamaria.ro\/2021\/07\/07\/comunicat-de-presa-premiera-trupa-arcadia-baietelul-care-se-putea-musca-de-nas\/"},"modified":"2021-07-07T08:51:58","modified_gmt":"2021-07-07T08:51:58","slug":"sajtokozlemeny-az-arcadia-egyuttes-premierje-a-kisfiu-aki-meg-tudta-harapni-az-orrat","status":"publish","type":"post","link":"https:\/\/www.teatrulreginamaria.ro\/hu\/comunicat-de-presa-premiera-trupa-arcadia-baietelul-care-se-putea-musca-de-nas\/","title":{"rendered":"Sajt\u00f3k\u00f6zlem\u00e9ny \u01c0 Premier Arcadia Troupe: &quot;A kisfi\u00fa, aki harapni tudta az orr\u00e1t&quot;"},"content":{"rendered":"<p><strong>A Regina Maria Sz\u00ednh\u00e1z Arcadia t\u00e1rsulata j\u00falius 9-\u00e9n, p\u00e9nteken 19 \u00f3r\u00e1t\u00f3l \u00e9s j\u00falius 10-\u00e9n, szombaton 10 \u00f3r\u00e1t\u00f3l megh\u00edvja \u00d6nt az Or\u0103\u0219elul Copiilor-ba, hogy \u00e9lvezze Alex Moldovan \u00e9s S\u0103urandadirect S\u0103randabugogo (S\u0103urandaddirect S\u0103randabugo) el\u0151ad\u00e1s\u00e1nak ny\u00e1ri szabadt\u00e9ri bemutat\u00f3j\u00e1t. (koreogr\u00e1fia).<\/strong><\/p>\n<p><!--more--><\/p>\n<p style=\"text-align: justify;\">Alex Moldovan ford\u00edt\u00f3 \u00e9s gyermekk\u00f6nyvek szerz\u0151je. \u00cdr\u00f3i sikereit az is bizony\u00edtja, hogy n\u00e9h\u00e1ny sz\u00f6veg\u00e9t m\u00e1r k\u00f6z\u00e9piskol\u00e1s kor\u00e1ban tanulm\u00e1nyozta. A \u201eThe Boy Who Could Bite His Nose\u201d a m\u00e1sodik dedik\u00e1lt k\u00f6nyve, \u00e9s egyben az els\u0151 illusztr\u00e1lt albuma is. Dr\u00e1ma\u00edr\u00f3k\u00e9nt az Arcadia Troupe \u201eThe Boy Who Could Bite His Nose\u201d c\u00edm\u0171 projektj\u00e9vel deb\u00fct\u00e1lt, amely az azonos c\u00edm\u0171 k\u00f6nyv \u00f6tlet\u00e9b\u0151l indult ki. A sz\u00f6veget kifejezetten ehhez a projekthez dramatiz\u00e1lt\u00e1k, amely egy vil\u00e1gpremier \u00e9s exkluz\u00edv el\u0151ad\u00e1s volt.<\/p>\n<p style=\"text-align: justify;\">A Selma Drago\u0219 rendez\u0151 \u00e9s Smaranda G\u0103budeanu koreogr\u00e1fus \u00e1ltal sz\u00ednpadra \u00e1ll\u00edtott el\u0151ad\u00e1s a t\u00f6bbi gyermekprodukci\u00f3hoz k\u00e9pest egy \u201eford\u00edtott\u201d perspekt\u00edv\u00e1t k\u00edn\u00e1l, mivel ez\u00fattal v\u00e9gs\u0151 soron a sz\u00fcl\u0151knek kell levonniuk a tanuls\u00e1gokat.<\/p>\n<p style=\"text-align: justify;\">A t\u00f6rt\u00e9net k\u00e9t k\u00fcl\u00f6nb\u00f6z\u0151 vil\u00e1g k\u00f6z\u00f6tti ellent\u00e9tet boncolgatja: a sz\u00fcl\u0151k\u00e9t, akik b\u00e1r mindig j\u00f3 sz\u00e1nd\u00e9k\u00faak, t\u00fals\u00e1gosan lek\u00f6tik magukat a gyermekr\u0151l alkotott elk\u00e9pzel\u00e9seikkel, \u00e9s \u00f6nk\u00e9ntelen\u00fcl is figyelmen k\u00edv\u00fcl hagyj\u00e1k a gyermek k\u00edv\u00e1ns\u00e1gait. Ez a szempont extrapol\u00e1ci\u00f3 \u00fatj\u00e1n minden feln\u0151ttre vonatkozik, akiket a sz\u00f6vegben a k\u00e9t sz\u00fcl\u0151 mellett egy orvos, egy \u00fajs\u00e1g\u00edr\u00f3, egy influenszer \u00e9s n\u00e9h\u00e1ny k\u00edv\u00e1ncsi szomsz\u00e9d is illusztr\u00e1l. A feln\u0151ttek vil\u00e1ga felsz\u00ednes \u00e9s meglehet\u0151sen merev, \u00e9s onnan fentr\u0151l, a magass\u00e1gukb\u00f3l m\u00e1r nem k\u00e9pesek megfigyelni a r\u00e9szleteket, az \u00e9rzelmeket \u00e9s a gyermek teljes leny\u0171g\u00f6z\u0151 \u00e9s j\u00e1t\u00e9kos univerzum\u00e1t.<\/p>\n<p style=\"text-align: justify;\">A feln\u0151ttek \u00e9s gyermekek k\u00f6z\u00f6tt megjelen\u0151 t\u00e1vols\u00e1got t\u00f6k\u00e9letesen \u00e1br\u00e1zolj\u00e1k az \u00f3ri\u00e1si mechanikus b\u00e1bok, melyeket R\u0103zvan Chendrean k\u00e9sz\u00edtett a sz\u00ednh\u00e1z m\u0171helyeiben. A b\u00e1bok k\u00f6r\u00fclbel\u00fcl 2,5 m\u00e9ter magasak, \u00e9s egy egyedi kreat\u00edv technik\u00e1t k\u00e9pviselnek, amelyet Rom\u00e1ni\u00e1ban nagyon kev\u00e9ss\u00e9 vizsg\u00e1ltak. Az \u00f3ri\u00e1sb\u00e1boknak csak n\u00e9h\u00e1ny meghat\u00e1roz\u00f3 gesztusuk van, egy\u00e9bk\u00e9nt merevek, ami pontosan illusztr\u00e1lja a feln\u0151ttek pszichol\u00f3giai rugalmatlans\u00e1g\u00e1nak ezt az elk\u00e9pzel\u00e9s\u00e9t, ami a gyermek \u00e9rzelmi elhanyagol\u00e1s\u00e1hoz vezet.<\/p>\n<p style=\"text-align: justify;\">Ezzel egy id\u0151ben egy m\u00e1sik vil\u00e1g sz\u00fcletik a sz\u00ednpadon, a gyermek vil\u00e1ga, amely tele van fant\u00e1zi\u00e1val. A bab\u00e1k, amelyekkel j\u00e1tszik, norm\u00e1lis ar\u00e1nyokkal rendelkeznek, \u00e9s m\u00e9g ha naiv technik\u00e1val is k\u00e9sz\u00fcltek, rendk\u00edv\u00fcl aranyosak. A kis bab\u00e1k, de a d\u00edszlet \u00e9s a jelmezek is Oana Cernea d\u00edszlettervez\u0151 kre\u00e1ci\u00f3i.<\/p>\n<p style=\"text-align: justify;\">Az eredeti zen\u00e9t V\u0103zduh (Adi Cimpoe\u0219u) szerezte, aki az Arcadia Troupe-pal is egy\u00fcttm\u0171k\u00f6d\u00f6tt a &quot;Mult aer pentru nimic&quot; c\u00edm\u0171 el\u0151ad\u00e1son. Szeretn\u00e9nk k\u00f6sz\u00f6netet mondani Louis L&#039;\u00c9tourneau-nak is az &quot;A Child is a Man&quot; hangszerel\u00e9s\u00e9ben val\u00f3 k\u00f6zrem\u0171k\u00f6d\u00e9s\u00e9\u00e9rt.<\/p>\n<p style=\"text-align: justify;\">A szerepl\u0151g\u00e1rda a k\u00f6vetkez\u0151 sz\u00edn\u00e9szeket vonultatja fel: Florian Silaghi (A gyermek \u2013 Vlad), Zentania Lup\u0219e (az anya), Alexandru Pop (az apa), Andrei Fazeca\u0219 (az orvos \u00e9s a polg\u00e1rmester), Armanca Serac (az \u00fajs\u00e1g\u00edr\u00f3) \u00e9s Igor Lungu (az influenszer).<\/p>\n<p style=\"text-align: justify;\">\u201eA fi\u00fa, aki meg tudta harapni az orr\u00e1t\u201d c\u00edm\u0171 el\u0151ad\u00e1s az exkluz\u00edv premier \u00e9s a mechanikus b\u00e1bok \u00fajdons\u00e1ga mellett az Arcadia T\u00e1rsulat els\u0151 olyan el\u0151ad\u00e1sa is, amelyet kifejezetten szabadt\u00e9ri el\u0151ad\u00e1sra k\u00e9sz\u00edtett. Az el\u0151ad\u00e1s k\u00f6vetkez\u0151 el\u0151ad\u00e1sa j\u00falius 13-\u00e1n, kedden 19:00-kor lesz, szint\u00e9n az Or\u0103\u0219elul Copiilorban.<\/p>\n<p style=\"text-align: justify;\">Jegyek v\u00e1s\u00e1rolhat\u00f3k a Sz\u00ednh\u00e1zi \u00dcgyn\u00f6ks\u00e9gn\u00e9l (kedd-p\u00e9ntek: 15:00-19:00), online az Eventim.ro oldalon, vagy az el\u0151ad\u00e1s kezdete el\u0151tt egy \u00f3r\u00e1val az Or\u0103\u0219elul Copiilorban. Mivel szabadt\u00e9ri el\u0151ad\u00e1sr\u00f3l van sz\u00f3, a r\u00e9szv\u00e9telhez a n\u00e9z\u0151knek n\u00e9gy felt\u00e9tel egyik\u00e9nek kell megfelelni\u00fck: SARS-CoV-2 v\u00edrus elleni olt\u00e1s (+10 nap a teljes olt\u00e1si sorozat befejez\u00e9s\u00e9t\u0151l sz\u00e1m\u00edtva), 72 \u00f3r\u00e1n\u00e1l nem r\u00e9gebbi negat\u00edv RT-PCR teszt eredm\u00e9nye, 24 \u00f3r\u00e1n\u00e1l nem r\u00e9gebbi, igazoltan negat\u00edv gyorsteszt eredm\u00e9nye, vagy igazol\u00e1s arr\u00f3l, hogy a SARS-CoV-2 fert\u0151z\u00e9s meger\u0151s\u00edt\u00e9s\u00e9t k\u00f6vet\u0151 15. \u00e9s 90. nap k\u00f6z\u00f6tt vannak. A kiskor\u00faak mentes\u00fclnek ezen orvosi igazol\u00e1s bemutat\u00e1sa al\u00f3l. A maszk visel\u00e9se tov\u00e1bbra is k\u00f6telez\u0151 minden r\u00e9sztvev\u0151 sz\u00e1m\u00e1ra, kiv\u00e9ve az 5 \u00e9v alatti kiskor\u00faakat.<\/p>\n<p style=\"text-align: justify;\">Szeretettel v\u00e1runk!<\/p>","protected":false},"excerpt":{"rendered":"<p>Trupa Arcadia a Teatrului Regina Maria v\u0103 invit\u0103 vineri, 9 iulie, de ora 19:00 \u0219i s\u00e2mb\u0103t\u0103 10 iulie, de la ora 10:00, \u00een Or\u0103\u0219elul Copiilor, pentru a v\u0103 bucura de premiera estival\u0103 outdoor (\u00een aer liber) a spectacolului \u201eB\u0103ie\u021belul care se putea mu\u0219ca de nas\u201d, de Alex Moldovan, un spectacol de Selma Drago\u0219 (regie) \u0219i [&hellip;]<\/p>\n","protected":false},"author":6,"featured_media":4907,"comment_status":"open","ping_status":"open","sticky":false,"template":"","format":"standard","meta":{"_acf_changed":false,"footnotes":""},"categories":[37],"tags":[],"class_list":["post-4909","post","type-post","status-publish","format-standard","has-post-thumbnail","hentry","category-noutati-trupa-arcadia"],"aioseo_notices":[],"aioseo_head":"\n\t\t<!-- All in One SEO Pro 5.0.1.1 - aioseo.com -->\n\t<meta name=\"description\" content=\"Trupa Arcadia a Teatrului Regina Maria v\u0103 invit\u0103 vineri, 9 iulie, de ora 19:00 \u0219i s\u00e2mb\u0103t\u0103 10 iulie, de la ora 10:00, \u00een Or\u0103\u0219elul Copiilor, pentru a v\u0103 bucura de premiera estival\u0103 outdoor (\u00een aer liber) a spectacolului \u201eB\u0103ie\u021belul care se putea mu\u0219ca de nas\u201d, de Alex Moldovan, un spectacol de Selma Drago\u0219 (regie) \u0219i\" \/>\n\t<meta name=\"robots\" content=\"max-image-preview:large\" \/>\n\t<meta name=\"author\" content=\"Teatrul Regina Maria\"\/>\n\t<link rel=\"canonical\" href=\"https:\/\/www.teatrulreginamaria.ro\/hu\/comunicat-de-presa-premiera-trupa-arcadia-baietelul-care-se-putea-musca-de-nas\/\" \/>\n\t<meta name=\"generator\" content=\"All in One SEO Pro (AIOSEO) 5.0.1.1\" \/>\n\t\t<meta property=\"og:locale\" content=\"hu_HU\" \/>\n\t\t<meta property=\"og:site_name\" content=\"Teatrul Regina Maria Oradea - Trupa Iosif Vulcan \u0219i Trupa Arcadia\" \/>\n\t\t<meta property=\"og:type\" content=\"article\" \/>\n\t\t<meta property=\"og:title\" content=\"Comunicat de pres\u0103 \u01c0 Premier\u0103 Trupa Arcadia: \u201eB\u0103ie\u021belul care se putea mu\u0219ca de nas\u201d - Teatrul Regina Maria Oradea\" \/>\n\t\t<meta property=\"og:description\" content=\"Trupa Arcadia a Teatrului Regina Maria v\u0103 invit\u0103 vineri, 9 iulie, de ora 19:00 \u0219i s\u00e2mb\u0103t\u0103 10 iulie, de la ora 10:00, \u00een Or\u0103\u0219elul Copiilor, pentru a v\u0103 bucura de premiera estival\u0103 outdoor (\u00een aer liber) a spectacolului \u201eB\u0103ie\u021belul care se putea mu\u0219ca de nas\u201d, de Alex Moldovan, un spectacol de Selma Drago\u0219 (regie) \u0219i\" \/>\n\t\t<meta property=\"og:url\" content=\"https:\/\/www.teatrulreginamaria.ro\/hu\/comunicat-de-presa-premiera-trupa-arcadia-baietelul-care-se-putea-musca-de-nas\/\" \/>\n\t\t<meta property=\"og:image\" content=\"https:\/\/www.teatrulreginamaria.ro\/wp-content\/uploads\/2025\/03\/trm-istoric-01.jpg\" \/>\n\t\t<meta property=\"og:image:secure_url\" content=\"https:\/\/www.teatrulreginamaria.ro\/wp-content\/uploads\/2025\/03\/trm-istoric-01.jpg\" \/>\n\t\t<meta property=\"og:image:width\" content=\"1200\" \/>\n\t\t<meta property=\"og:image:height\" content=\"800\" \/>\n\t\t<meta property=\"article:published_time\" content=\"2021-07-07T08:51:58+00:00\" \/>\n\t\t<meta property=\"article:modified_time\" content=\"2021-07-07T08:51:58+00:00\" \/>\n\t\t<meta property=\"article:publisher\" content=\"https:\/\/www.facebook.com\/TRMTrupaIosifVulcan\/\" \/>\n\t\t<meta name=\"twitter:card\" content=\"summary_large_image\" \/>\n\t\t<meta name=\"twitter:site\" content=\"@TRMOradea\" \/>\n\t\t<meta name=\"twitter:title\" content=\"Comunicat de pres\u0103 \u01c0 Premier\u0103 Trupa Arcadia: \u201eB\u0103ie\u021belul care se putea mu\u0219ca de nas\u201d - Teatrul Regina Maria Oradea\" \/>\n\t\t<meta name=\"twitter:description\" content=\"Trupa Arcadia a Teatrului Regina Maria v\u0103 invit\u0103 vineri, 9 iulie, de ora 19:00 \u0219i s\u00e2mb\u0103t\u0103 10 iulie, de la ora 10:00, \u00een Or\u0103\u0219elul Copiilor, pentru a v\u0103 bucura de premiera estival\u0103 outdoor (\u00een aer liber) a spectacolului \u201eB\u0103ie\u021belul care se putea mu\u0219ca de nas\u201d, de Alex Moldovan, un spectacol de Selma Drago\u0219 (regie) \u0219i\" \/>\n\t\t<meta name=\"twitter:creator\" content=\"@TRMOradea\" \/>\n\t\t<meta name=\"twitter:image\" content=\"https:\/\/www.teatrulreginamaria.ro\/wp-content\/uploads\/2025\/03\/trm-istoric-01.jpg\" \/>\n\t\t<script type=\"application\/ld+json\" class=\"aioseo-schema\">\n\t\t\t{\"@context\":\"https:\\\/\\\/schema.org\",\"@graph\":[{\"@type\":\"BlogPosting\",\"@id\":\"https:\\\/\\\/www.teatrulreginamaria.ro\\\/hu\\\/comunicat-de-presa-premiera-trupa-arcadia-baietelul-care-se-putea-musca-de-nas\\\/#blogposting\",\"name\":\"Comunicat de pres\\u0103 \\u01c0 Premier\\u0103 Trupa Arcadia: \\u201eB\\u0103ie\\u021belul care se putea mu\\u0219ca de nas\\u201d - Teatrul Regina Maria Oradea\",\"headline\":\"Comunicat de pres\\u0103 \\u01c0 Premier\\u0103 Trupa Arcadia: \\u201eB\\u0103ie\\u021belul care se putea mu\\u0219ca de nas\\u201d\",\"author\":{\"@id\":\"https:\\\/\\\/www.teatrulreginamaria.ro\\\/hu\\\/author\\\/w3bmaster\\\/#author\"},\"publisher\":{\"@id\":\"https:\\\/\\\/www.teatrulreginamaria.ro\\\/hu\\\/#organization\"},\"image\":{\"@type\":\"ImageObject\",\"url\":\"https:\\\/\\\/www.teatrulreginamaria.ro\\\/wp-content\\\/uploads\\\/2021\\\/07\\\/afis-baietelul-care-se-putea-musca-de-nas_2.jpg\",\"width\":1060,\"height\":1500},\"datePublished\":\"2021-07-07T08:51:58+03:00\",\"dateModified\":\"2021-07-07T08:51:58+03:00\",\"inLanguage\":\"hu-HU\",\"mainEntityOfPage\":{\"@id\":\"https:\\\/\\\/www.teatrulreginamaria.ro\\\/hu\\\/comunicat-de-presa-premiera-trupa-arcadia-baietelul-care-se-putea-musca-de-nas\\\/#webpage\"},\"isPartOf\":{\"@id\":\"https:\\\/\\\/www.teatrulreginamaria.ro\\\/hu\\\/comunicat-de-presa-premiera-trupa-arcadia-baietelul-care-se-putea-musca-de-nas\\\/#webpage\"},\"articleSection\":\"Nout\\u0103\\u021bi - Trupa Arcadia\"},{\"@type\":\"BreadcrumbList\",\"@id\":\"https:\\\/\\\/www.teatrulreginamaria.ro\\\/hu\\\/comunicat-de-presa-premiera-trupa-arcadia-baietelul-care-se-putea-musca-de-nas\\\/#breadcrumblist\",\"itemListElement\":[{\"@type\":\"ListItem\",\"@id\":\"https:\\\/\\\/www.teatrulreginamaria.ro\\\/hu#listItem\",\"position\":1,\"name\":\"Home\",\"item\":\"https:\\\/\\\/www.teatrulreginamaria.ro\\\/hu\",\"nextItem\":{\"@type\":\"ListItem\",\"@id\":\"https:\\\/\\\/www.teatrulreginamaria.ro\\\/hu\\\/categorie\\\/noutati\\\/#listItem\",\"name\":\"Nout\\u0103\\u021bi\"}},{\"@type\":\"ListItem\",\"@id\":\"https:\\\/\\\/www.teatrulreginamaria.ro\\\/hu\\\/categorie\\\/noutati\\\/#listItem\",\"position\":2,\"name\":\"Nout\\u0103\\u021bi\",\"item\":\"https:\\\/\\\/www.teatrulreginamaria.ro\\\/hu\\\/categorie\\\/noutati\\\/\",\"nextItem\":{\"@type\":\"ListItem\",\"@id\":\"https:\\\/\\\/www.teatrulreginamaria.ro\\\/hu\\\/categorie\\\/noutati\\\/noutati-trupa-arcadia\\\/#listItem\",\"name\":\"Nout\\u0103\\u021bi - Trupa Arcadia\"},\"previousItem\":{\"@type\":\"ListItem\",\"@id\":\"https:\\\/\\\/www.teatrulreginamaria.ro\\\/hu#listItem\",\"name\":\"Home\"}},{\"@type\":\"ListItem\",\"@id\":\"https:\\\/\\\/www.teatrulreginamaria.ro\\\/hu\\\/categorie\\\/noutati\\\/noutati-trupa-arcadia\\\/#listItem\",\"position\":3,\"name\":\"Nout\\u0103\\u021bi - Trupa Arcadia\",\"item\":\"https:\\\/\\\/www.teatrulreginamaria.ro\\\/hu\\\/categorie\\\/noutati\\\/noutati-trupa-arcadia\\\/\",\"nextItem\":{\"@type\":\"ListItem\",\"@id\":\"https:\\\/\\\/www.teatrulreginamaria.ro\\\/hu\\\/comunicat-de-presa-premiera-trupa-arcadia-baietelul-care-se-putea-musca-de-nas\\\/#listItem\",\"name\":\"Comunicat de pres\\u0103 \\u01c0 Premier\\u0103 Trupa Arcadia: \\u201eB\\u0103ie\\u021belul care se putea mu\\u0219ca de nas\\u201d\"},\"previousItem\":{\"@type\":\"ListItem\",\"@id\":\"https:\\\/\\\/www.teatrulreginamaria.ro\\\/hu\\\/categorie\\\/noutati\\\/#listItem\",\"name\":\"Nout\\u0103\\u021bi\"}},{\"@type\":\"ListItem\",\"@id\":\"https:\\\/\\\/www.teatrulreginamaria.ro\\\/hu\\\/comunicat-de-presa-premiera-trupa-arcadia-baietelul-care-se-putea-musca-de-nas\\\/#listItem\",\"position\":4,\"name\":\"Comunicat de pres\\u0103 \\u01c0 Premier\\u0103 Trupa Arcadia: \\u201eB\\u0103ie\\u021belul care se putea mu\\u0219ca de nas\\u201d\",\"previousItem\":{\"@type\":\"ListItem\",\"@id\":\"https:\\\/\\\/www.teatrulreginamaria.ro\\\/hu\\\/categorie\\\/noutati\\\/noutati-trupa-arcadia\\\/#listItem\",\"name\":\"Nout\\u0103\\u021bi - Trupa Arcadia\"}}]},{\"@type\":\"Organization\",\"@id\":\"https:\\\/\\\/www.teatrulreginamaria.ro\\\/hu\\\/#organization\",\"name\":\"Teatrul Regina Maria Oradea\",\"description\":\"Trupa Iosif Vulcan \\u0219i Trupa Arcadia\",\"url\":\"https:\\\/\\\/www.teatrulreginamaria.ro\\\/hu\\\/\",\"email\":\"marketing@teatrulreginamaria.ro\",\"telephone\":\"+40359411534\",\"numberOfEmployees\":{\"@type\":\"QuantitativeValue\",\"minValue\":0,\"maxValue\":150},\"logo\":{\"@type\":\"ImageObject\",\"url\":\"https:\\\/\\\/www.teatrulreginamaria.ro\\\/wp-content\\\/uploads\\\/2025\\\/06\\\/logo-trm-01-dark.png\",\"@id\":\"https:\\\/\\\/www.teatrulreginamaria.ro\\\/hu\\\/comunicat-de-presa-premiera-trupa-arcadia-baietelul-care-se-putea-musca-de-nas\\\/#organizationLogo\",\"width\":300,\"height\":148},\"image\":{\"@id\":\"https:\\\/\\\/www.teatrulreginamaria.ro\\\/hu\\\/comunicat-de-presa-premiera-trupa-arcadia-baietelul-care-se-putea-musca-de-nas\\\/#organizationLogo\"},\"sameAs\":[\"https:\\\/\\\/www.facebook.com\\\/TRMTrupaIosifVulcan\\\/\",\"https:\\\/\\\/x.com\\\/TRMOradea\",\"https:\\\/\\\/www.instagram.com\\\/teatrul_regina_maria\\\/\",\"https:\\\/\\\/www.youtube.com\\\/c\\\/TeatrulReginaMariaOradea\",\"https:\\\/\\\/www.linkedin.com\\\/company\\\/teatrul-regina-maria\"]},{\"@type\":\"Person\",\"@id\":\"https:\\\/\\\/www.teatrulreginamaria.ro\\\/hu\\\/author\\\/w3bmaster\\\/#author\",\"url\":\"https:\\\/\\\/www.teatrulreginamaria.ro\\\/hu\\\/author\\\/w3bmaster\\\/\",\"name\":\"Teatrul Regina Maria\",\"image\":{\"@type\":\"ImageObject\",\"@id\":\"https:\\\/\\\/www.teatrulreginamaria.ro\\\/hu\\\/comunicat-de-presa-premiera-trupa-arcadia-baietelul-care-se-putea-musca-de-nas\\\/#authorImage\",\"url\":\"https:\\\/\\\/secure.gravatar.com\\\/avatar\\\/5884139d508ae3f0bafe45e60563b48a9640146d3b08ccc6278c305ff9329305?s=96&d=mm&r=g\",\"width\":96,\"height\":96,\"caption\":\"Teatrul Regina Maria\"}},{\"@type\":\"WebPage\",\"@id\":\"https:\\\/\\\/www.teatrulreginamaria.ro\\\/hu\\\/comunicat-de-presa-premiera-trupa-arcadia-baietelul-care-se-putea-musca-de-nas\\\/#webpage\",\"url\":\"https:\\\/\\\/www.teatrulreginamaria.ro\\\/hu\\\/comunicat-de-presa-premiera-trupa-arcadia-baietelul-care-se-putea-musca-de-nas\\\/\",\"name\":\"Comunicat de pres\\u0103 \\u01c0 Premier\\u0103 Trupa Arcadia: \\u201eB\\u0103ie\\u021belul care se putea mu\\u0219ca de nas\\u201d - Teatrul Regina Maria Oradea\",\"description\":\"Trupa Arcadia a Teatrului Regina Maria v\\u0103 invit\\u0103 vineri, 9 iulie, de ora 19:00 \\u0219i s\\u00e2mb\\u0103t\\u0103 10 iulie, de la ora 10:00, \\u00een Or\\u0103\\u0219elul Copiilor, pentru a v\\u0103 bucura de premiera estival\\u0103 outdoor (\\u00een aer liber) a spectacolului \\u201eB\\u0103ie\\u021belul care se putea mu\\u0219ca de nas\\u201d, de Alex Moldovan, un spectacol de Selma Drago\\u0219 (regie) \\u0219i\",\"inLanguage\":\"hu-HU\",\"isPartOf\":{\"@id\":\"https:\\\/\\\/www.teatrulreginamaria.ro\\\/hu\\\/#website\"},\"breadcrumb\":{\"@id\":\"https:\\\/\\\/www.teatrulreginamaria.ro\\\/hu\\\/comunicat-de-presa-premiera-trupa-arcadia-baietelul-care-se-putea-musca-de-nas\\\/#breadcrumblist\"},\"author\":{\"@id\":\"https:\\\/\\\/www.teatrulreginamaria.ro\\\/hu\\\/author\\\/w3bmaster\\\/#author\"},\"creator\":{\"@id\":\"https:\\\/\\\/www.teatrulreginamaria.ro\\\/hu\\\/author\\\/w3bmaster\\\/#author\"},\"image\":{\"@type\":\"ImageObject\",\"url\":\"https:\\\/\\\/www.teatrulreginamaria.ro\\\/wp-content\\\/uploads\\\/2021\\\/07\\\/afis-baietelul-care-se-putea-musca-de-nas_2.jpg\",\"@id\":\"https:\\\/\\\/www.teatrulreginamaria.ro\\\/hu\\\/comunicat-de-presa-premiera-trupa-arcadia-baietelul-care-se-putea-musca-de-nas\\\/#mainImage\",\"width\":1060,\"height\":1500},\"primaryImageOfPage\":{\"@id\":\"https:\\\/\\\/www.teatrulreginamaria.ro\\\/hu\\\/comunicat-de-presa-premiera-trupa-arcadia-baietelul-care-se-putea-musca-de-nas\\\/#mainImage\"},\"datePublished\":\"2021-07-07T08:51:58+03:00\",\"dateModified\":\"2021-07-07T08:51:58+03:00\"},{\"@type\":\"WebSite\",\"@id\":\"https:\\\/\\\/www.teatrulreginamaria.ro\\\/hu\\\/#website\",\"url\":\"https:\\\/\\\/www.teatrulreginamaria.ro\\\/hu\\\/\",\"name\":\"Teatrul Regina Maria Oradea\",\"alternateName\":\"TRM Oradea\",\"description\":\"Trupa Iosif Vulcan \\u0219i Trupa Arcadia\",\"inLanguage\":\"hu-HU\",\"publisher\":{\"@id\":\"https:\\\/\\\/www.teatrulreginamaria.ro\\\/hu\\\/#organization\"}}]}\n\t\t<\/script>\n\t\t<!-- All in One SEO Pro -->\r\n\t\t<title>Comunicat de pres\u0103 \u01c0 Premier\u0103 Trupa Arcadia: \u201eB\u0103ie\u021belul care se putea mu\u0219ca de nas\u201d - Teatrul Regina Maria Oradea<\/title>\n\n","aioseo_head_json":{"title":"Sajt\u00f3k\u00f6zlem\u00e9ny \u01c0 Premier Arcadia T\u00e1rsulat: \u201eA kisfi\u00fa, aki meg tudta harapni az orr\u00e1t\u201d - Regina Maria Sz\u00ednh\u00e1z Nagyv\u00e1rad","description":"A Regina Maria Sz\u00ednh\u00e1z Arcadia t\u00e1rsulata szeretettel v\u00e1rja \u00d6nt j\u00falius 9-\u00e9n, p\u00e9nteken 19:00-t\u00f3l \u00e9s j\u00falius 10-\u00e9n, szombaton 10:00-t\u00f3l az Or\u0103\u0219elul Copiilorba, hogy \u00e9lvezhesse Alex Moldovan &quot;A fi\u00fa, aki meg tudta harapni az orr\u00e1t&quot; c\u00edm\u0171 darabj\u00e1nak szabadt\u00e9ri ny\u00e1ri premierj\u00e9t, Selma Drago\u0219 rendez\u00e9s\u00e9ben.","canonical_url":"https:\/\/www.teatrulreginamaria.ro\/hu\/comunicat-de-presa-premiera-trupa-arcadia-baietelul-care-se-putea-musca-de-nas\/","robots":"max-image-preview:large","keywords":"","webmasterTools":{"miscellaneous":""},"schema":{"@context":"https:\/\/schema.org","@graph":[{"@type":"BlogPosting","@id":"https:\/\/www.teatrulreginamaria.ro\/hu\/comunicat-de-presa-premiera-trupa-arcadia-baietelul-care-se-putea-musca-de-nas\/#blogposting","name":"Comunicat de pres\u0103 \u01c0 Premier\u0103 Trupa Arcadia: \u201eB\u0103ie\u021belul care se putea mu\u0219ca de nas\u201d - Teatrul Regina Maria Oradea","headline":"Comunicat de pres\u0103 \u01c0 Premier\u0103 Trupa Arcadia: \u201eB\u0103ie\u021belul care se putea mu\u0219ca de nas\u201d","author":{"@id":"https:\/\/www.teatrulreginamaria.ro\/hu\/author\/w3bmaster\/#author"},"publisher":{"@id":"https:\/\/www.teatrulreginamaria.ro\/hu\/#organization"},"image":{"@type":"ImageObject","url":"https:\/\/www.teatrulreginamaria.ro\/wp-content\/uploads\/2021\/07\/afis-baietelul-care-se-putea-musca-de-nas_2.jpg","width":1060,"height":1500},"datePublished":"2021-07-07T08:51:58+03:00","dateModified":"2021-07-07T08:51:58+03:00","inLanguage":"hu-HU","mainEntityOfPage":{"@id":"https:\/\/www.teatrulreginamaria.ro\/hu\/comunicat-de-presa-premiera-trupa-arcadia-baietelul-care-se-putea-musca-de-nas\/#webpage"},"isPartOf":{"@id":"https:\/\/www.teatrulreginamaria.ro\/hu\/comunicat-de-presa-premiera-trupa-arcadia-baietelul-care-se-putea-musca-de-nas\/#webpage"},"articleSection":"Nout\u0103\u021bi - Trupa Arcadia"},{"@type":"BreadcrumbList","@id":"https:\/\/www.teatrulreginamaria.ro\/hu\/comunicat-de-presa-premiera-trupa-arcadia-baietelul-care-se-putea-musca-de-nas\/#breadcrumblist","itemListElement":[{"@type":"ListItem","@id":"https:\/\/www.teatrulreginamaria.ro\/hu#listItem","position":1,"name":"Home","item":"https:\/\/www.teatrulreginamaria.ro\/hu","nextItem":{"@type":"ListItem","@id":"https:\/\/www.teatrulreginamaria.ro\/hu\/categorie\/noutati\/#listItem","name":"Nout\u0103\u021bi"}},{"@type":"ListItem","@id":"https:\/\/www.teatrulreginamaria.ro\/hu\/categorie\/noutati\/#listItem","position":2,"name":"Nout\u0103\u021bi","item":"https:\/\/www.teatrulreginamaria.ro\/hu\/categorie\/noutati\/","nextItem":{"@type":"ListItem","@id":"https:\/\/www.teatrulreginamaria.ro\/hu\/categorie\/noutati\/noutati-trupa-arcadia\/#listItem","name":"Nout\u0103\u021bi - Trupa Arcadia"},"previousItem":{"@type":"ListItem","@id":"https:\/\/www.teatrulreginamaria.ro\/hu#listItem","name":"Home"}},{"@type":"ListItem","@id":"https:\/\/www.teatrulreginamaria.ro\/hu\/categorie\/noutati\/noutati-trupa-arcadia\/#listItem","position":3,"name":"Nout\u0103\u021bi - Trupa Arcadia","item":"https:\/\/www.teatrulreginamaria.ro\/hu\/categorie\/noutati\/noutati-trupa-arcadia\/","nextItem":{"@type":"ListItem","@id":"https:\/\/www.teatrulreginamaria.ro\/hu\/comunicat-de-presa-premiera-trupa-arcadia-baietelul-care-se-putea-musca-de-nas\/#listItem","name":"Comunicat de pres\u0103 \u01c0 Premier\u0103 Trupa Arcadia: \u201eB\u0103ie\u021belul care se putea mu\u0219ca de nas\u201d"},"previousItem":{"@type":"ListItem","@id":"https:\/\/www.teatrulreginamaria.ro\/hu\/categorie\/noutati\/#listItem","name":"Nout\u0103\u021bi"}},{"@type":"ListItem","@id":"https:\/\/www.teatrulreginamaria.ro\/hu\/comunicat-de-presa-premiera-trupa-arcadia-baietelul-care-se-putea-musca-de-nas\/#listItem","position":4,"name":"Comunicat de pres\u0103 \u01c0 Premier\u0103 Trupa Arcadia: \u201eB\u0103ie\u021belul care se putea mu\u0219ca de nas\u201d","previousItem":{"@type":"ListItem","@id":"https:\/\/www.teatrulreginamaria.ro\/hu\/categorie\/noutati\/noutati-trupa-arcadia\/#listItem","name":"Nout\u0103\u021bi - Trupa Arcadia"}}]},{"@type":"Organization","@id":"https:\/\/www.teatrulreginamaria.ro\/hu\/#organization","name":"Teatrul Regina Maria Oradea","description":"Trupa Iosif Vulcan \u0219i Trupa Arcadia","url":"https:\/\/www.teatrulreginamaria.ro\/hu\/","email":"marketing@teatrulreginamaria.ro","telephone":"+40359411534","numberOfEmployees":{"@type":"QuantitativeValue","minValue":0,"maxValue":150},"logo":{"@type":"ImageObject","url":"https:\/\/www.teatrulreginamaria.ro\/wp-content\/uploads\/2025\/06\/logo-trm-01-dark.png","@id":"https:\/\/www.teatrulreginamaria.ro\/hu\/comunicat-de-presa-premiera-trupa-arcadia-baietelul-care-se-putea-musca-de-nas\/#organizationLogo","width":300,"height":148},"image":{"@id":"https:\/\/www.teatrulreginamaria.ro\/hu\/comunicat-de-presa-premiera-trupa-arcadia-baietelul-care-se-putea-musca-de-nas\/#organizationLogo"},"sameAs":["https:\/\/www.facebook.com\/TRMTrupaIosifVulcan\/","https:\/\/x.com\/TRMOradea","https:\/\/www.instagram.com\/teatrul_regina_maria\/","https:\/\/www.youtube.com\/c\/TeatrulReginaMariaOradea","https:\/\/www.linkedin.com\/company\/teatrul-regina-maria"]},{"@type":"Person","@id":"https:\/\/www.teatrulreginamaria.ro\/hu\/author\/w3bmaster\/#author","url":"https:\/\/www.teatrulreginamaria.ro\/hu\/author\/w3bmaster\/","name":"Teatrul Regina Maria","image":{"@type":"ImageObject","@id":"https:\/\/www.teatrulreginamaria.ro\/hu\/comunicat-de-presa-premiera-trupa-arcadia-baietelul-care-se-putea-musca-de-nas\/#authorImage","url":"https:\/\/secure.gravatar.com\/avatar\/5884139d508ae3f0bafe45e60563b48a9640146d3b08ccc6278c305ff9329305?s=96&d=mm&r=g","width":96,"height":96,"caption":"Teatrul Regina Maria"}},{"@type":"WebPage","@id":"https:\/\/www.teatrulreginamaria.ro\/hu\/comunicat-de-presa-premiera-trupa-arcadia-baietelul-care-se-putea-musca-de-nas\/#webpage","url":"https:\/\/www.teatrulreginamaria.ro\/hu\/comunicat-de-presa-premiera-trupa-arcadia-baietelul-care-se-putea-musca-de-nas\/","name":"Comunicat de pres\u0103 \u01c0 Premier\u0103 Trupa Arcadia: \u201eB\u0103ie\u021belul care se putea mu\u0219ca de nas\u201d - Teatrul Regina Maria Oradea","description":"Trupa Arcadia a Teatrului Regina Maria v\u0103 invit\u0103 vineri, 9 iulie, de ora 19:00 \u0219i s\u00e2mb\u0103t\u0103 10 iulie, de la ora 10:00, \u00een Or\u0103\u0219elul Copiilor, pentru a v\u0103 bucura de premiera estival\u0103 outdoor (\u00een aer liber) a spectacolului \u201eB\u0103ie\u021belul care se putea mu\u0219ca de nas\u201d, de Alex Moldovan, un spectacol de Selma Drago\u0219 (regie) \u0219i","inLanguage":"hu-HU","isPartOf":{"@id":"https:\/\/www.teatrulreginamaria.ro\/hu\/#website"},"breadcrumb":{"@id":"https:\/\/www.teatrulreginamaria.ro\/hu\/comunicat-de-presa-premiera-trupa-arcadia-baietelul-care-se-putea-musca-de-nas\/#breadcrumblist"},"author":{"@id":"https:\/\/www.teatrulreginamaria.ro\/hu\/author\/w3bmaster\/#author"},"creator":{"@id":"https:\/\/www.teatrulreginamaria.ro\/hu\/author\/w3bmaster\/#author"},"image":{"@type":"ImageObject","url":"https:\/\/www.teatrulreginamaria.ro\/wp-content\/uploads\/2021\/07\/afis-baietelul-care-se-putea-musca-de-nas_2.jpg","@id":"https:\/\/www.teatrulreginamaria.ro\/hu\/comunicat-de-presa-premiera-trupa-arcadia-baietelul-care-se-putea-musca-de-nas\/#mainImage","width":1060,"height":1500},"primaryImageOfPage":{"@id":"https:\/\/www.teatrulreginamaria.ro\/hu\/comunicat-de-presa-premiera-trupa-arcadia-baietelul-care-se-putea-musca-de-nas\/#mainImage"},"datePublished":"2021-07-07T08:51:58+03:00","dateModified":"2021-07-07T08:51:58+03:00"},{"@type":"WebSite","@id":"https:\/\/www.teatrulreginamaria.ro\/hu\/#website","url":"https:\/\/www.teatrulreginamaria.ro\/hu\/","name":"Teatrul Regina Maria Oradea","alternateName":"TRM Oradea","description":"Trupa Iosif Vulcan \u0219i Trupa Arcadia","inLanguage":"hu-HU","publisher":{"@id":"https:\/\/www.teatrulreginamaria.ro\/hu\/#organization"}}]},"og:locale":"hu_HU","og:site_name":"Teatrul Regina Maria Oradea - Trupa Iosif Vulcan \u0219i Trupa Arcadia","og:type":"article","og:title":"Comunicat de pres\u0103 \u01c0 Premier\u0103 Trupa Arcadia: \u201eB\u0103ie\u021belul care se putea mu\u0219ca de nas\u201d - Teatrul Regina Maria Oradea","og:description":"Trupa Arcadia a Teatrului Regina Maria v\u0103 invit\u0103 vineri, 9 iulie, de ora 19:00 \u0219i s\u00e2mb\u0103t\u0103 10 iulie, de la ora 10:00, \u00een Or\u0103\u0219elul Copiilor, pentru a v\u0103 bucura de premiera estival\u0103 outdoor (\u00een aer liber) a spectacolului \u201eB\u0103ie\u021belul care se putea mu\u0219ca de nas\u201d, de Alex Moldovan, un spectacol de Selma Drago\u0219 (regie) \u0219i","og:url":"https:\/\/www.teatrulreginamaria.ro\/hu\/comunicat-de-presa-premiera-trupa-arcadia-baietelul-care-se-putea-musca-de-nas\/","og:image":"https:\/\/www.teatrulreginamaria.ro\/wp-content\/uploads\/2025\/03\/trm-istoric-01.jpg","og:image:secure_url":"https:\/\/www.teatrulreginamaria.ro\/wp-content\/uploads\/2025\/03\/trm-istoric-01.jpg","og:image:width":1200,"og:image:height":800,"article:published_time":"2021-07-07T08:51:58+00:00","article:modified_time":"2021-07-07T08:51:58+00:00","article:publisher":"https:\/\/www.facebook.com\/TRMTrupaIosifVulcan\/","twitter:card":"summary_large_image","twitter:site":"@TRMOradea","twitter:title":"Comunicat de pres\u0103 \u01c0 Premier\u0103 Trupa Arcadia: \u201eB\u0103ie\u021belul care se putea mu\u0219ca de nas\u201d - Teatrul Regina Maria Oradea","twitter:description":"Trupa Arcadia a Teatrului Regina Maria v\u0103 invit\u0103 vineri, 9 iulie, de ora 19:00 \u0219i s\u00e2mb\u0103t\u0103 10 iulie, de la ora 10:00, \u00een Or\u0103\u0219elul Copiilor, pentru a v\u0103 bucura de premiera estival\u0103 outdoor (\u00een aer liber) a spectacolului \u201eB\u0103ie\u021belul care se putea mu\u0219ca de nas\u201d, de Alex Moldovan, un spectacol de Selma Drago\u0219 (regie) \u0219i","twitter:creator":"@TRMOradea","twitter:image":"https:\/\/www.teatrulreginamaria.ro\/wp-content\/uploads\/2025\/03\/trm-istoric-01.jpg"},"aioseo_meta_data":{"post_id":"4909","title":null,"description":null,"keywords":null,"keyphrases":null,"primary_term":null,"canonical_url":null,"og_title":null,"og_description":null,"og_object_type":"default","og_image_type":"default","og_image_url":null,"og_image_width":null,"og_image_height":null,"og_image_custom_url":null,"og_image_custom_fields":null,"og_video":null,"og_custom_url":null,"og_article_section":null,"og_article_tags":null,"twitter_use_og":false,"twitter_card":"default","twitter_image_type":"default","twitter_image_url":null,"twitter_image_custom_url":null,"twitter_image_custom_fields":null,"twitter_title":null,"twitter_description":null,"schema":{"blockGraphs":[],"customGraphs":[],"default":{"data":{"Article":[],"Course":[],"Dataset":[],"FAQPage":[],"Movie":[],"Person":[],"Product":[],"ProductReview":[],"Car":[],"Recipe":[],"Service":[],"SoftwareApplication":[],"WebPage":[]},"graphName":"","isEnabled":true},"graphs":[]},"schema_type":"default","schema_type_options":null,"pillar_content":false,"robots_default":true,"robots_noindex":false,"robots_noarchive":false,"robots_nosnippet":false,"robots_nofollow":false,"robots_noimageindex":false,"robots_noodp":false,"robots_notranslate":false,"robots_max_snippet":null,"robots_max_videopreview":null,"robots_max_imagepreview":"large","priority":null,"frequency":null,"local_seo":null,"seo_analyzer_scan_date":"2026-05-13 02:46:59","breadcrumb_settings":null,"limit_modified_date":false,"reviewed_by":null,"open_ai":null,"ai":null,"created":"2025-04-09 17:42:43","updated":"2026-05-13 02:46:59","focus_keyword":null,"additional_keywords":null,"truseo_locale":null},"aioseo_breadcrumb":"<div class=\"aioseo-breadcrumbs\"><span class=\"aioseo-breadcrumb\">\n\t<a href=\"https:\/\/www.teatrulreginamaria.ro\/hu\" title=\"Home\">Home<\/a>\n<\/span><span class=\"aioseo-breadcrumb-separator\">&raquo;<\/span><span class=\"aioseo-breadcrumb\">\n\t<a href=\"https:\/\/www.teatrulreginamaria.ro\/hu\/categorie\/noutati\/\" title=\"Nout\u0103\u021bi\">Nout\u0103\u021bi<\/a>\n<\/span><span class=\"aioseo-breadcrumb-separator\">&raquo;<\/span><span class=\"aioseo-breadcrumb\">\n\t<a href=\"https:\/\/www.teatrulreginamaria.ro\/hu\/categorie\/noutati\/noutati-trupa-arcadia\/\" title=\"Nout\u0103\u021bi - Trupa Arcadia\">Nout\u0103\u021bi - Trupa Arcadia<\/a>\n<\/span><span class=\"aioseo-breadcrumb-separator\">&raquo;<\/span><span class=\"aioseo-breadcrumb\">\n\tComunicat de pres\u0103 \u01c0 Premier\u0103 Trupa Arcadia: \u201eB\u0103ie\u021belul care se putea mu\u0219ca de nas\u201d\n<\/span><\/div>","aioseo_breadcrumb_json":[{"label":"Home","link":"https:\/\/www.teatrulreginamaria.ro\/hu"},{"label":"Nout\u0103\u021bi","link":"https:\/\/www.teatrulreginamaria.ro\/hu\/categorie\/noutati\/"},{"label":"Nout\u0103\u021bi - Trupa Arcadia","link":"https:\/\/www.teatrulreginamaria.ro\/hu\/categorie\/noutati\/noutati-trupa-arcadia\/"},{"label":"Comunicat de pres\u0103 \u01c0 Premier\u0103 Trupa Arcadia: \u201eB\u0103ie\u021belul care se putea mu\u0219ca de nas\u201d","link":"https:\/\/www.teatrulreginamaria.ro\/hu\/comunicat-de-presa-premiera-trupa-arcadia-baietelul-care-se-putea-musca-de-nas\/"}],"acf":[],"_links":{"self":[{"href":"https:\/\/www.teatrulreginamaria.ro\/hu\/wp-json\/wp\/v2\/posts\/4909","targetHints":{"allow":["GET"]}}],"collection":[{"href":"https:\/\/www.teatrulreginamaria.ro\/hu\/wp-json\/wp\/v2\/posts"}],"about":[{"href":"https:\/\/www.teatrulreginamaria.ro\/hu\/wp-json\/wp\/v2\/types\/post"}],"author":[{"embeddable":true,"href":"https:\/\/www.teatrulreginamaria.ro\/hu\/wp-json\/wp\/v2\/users\/6"}],"replies":[{"embeddable":true,"href":"https:\/\/www.teatrulreginamaria.ro\/hu\/wp-json\/wp\/v2\/comments?post=4909"}],"version-history":[{"count":0,"href":"https:\/\/www.teatrulreginamaria.ro\/hu\/wp-json\/wp\/v2\/posts\/4909\/revisions"}],"wp:featuredmedia":[{"embeddable":true,"href":"https:\/\/www.teatrulreginamaria.ro\/hu\/wp-json\/wp\/v2\/media\/4907"}],"wp:attachment":[{"href":"https:\/\/www.teatrulreginamaria.ro\/hu\/wp-json\/wp\/v2\/media?parent=4909"}],"wp:term":[{"taxonomy":"category","embeddable":true,"href":"https:\/\/www.teatrulreginamaria.ro\/hu\/wp-json\/wp\/v2\/categories?post=4909"},{"taxonomy":"post_tag","embeddable":true,"href":"https:\/\/www.teatrulreginamaria.ro\/hu\/wp-json\/wp\/v2\/tags?post=4909"}],"curies":[{"name":"munkaf\u00fczet","href":"https:\/\/api.w.org\/{rel}","templated":true}]}}