{"id":4960,"date":"2021-09-29T12:50:05","date_gmt":"2021-09-29T12:50:05","guid":{"rendered":"https:\/\/teatrulreginamaria.ro\/2021\/09\/29\/comunicat-de-presa-doua-spectacole-ale-trupei-iosif-vulcan-selectate-la-festivalul-national-de-teatru\/"},"modified":"2021-09-29T12:50:05","modified_gmt":"2021-09-29T12:50:05","slug":"sajtokozlemeny-a-iosif-vulcan-tarsulat-ket-eloadasat-valasztottak-be-a-nemzeti-szinhazi-fesztivalra","status":"publish","type":"post","link":"https:\/\/www.teatrulreginamaria.ro\/hu\/comunicat-de-presa-doua-spectacole-ale-trupei-iosif-vulcan-selectate-la-festivalul-national-de-teatru\/","title":{"rendered":"Sajt\u00f3k\u00f6zlem\u00e9ny | Az Iosif Vulcan Troupe k\u00e9t el\u0151ad\u00e1sa az Orsz\u00e1gos Sz\u00ednh\u00e1zi Fesztiv\u00e1lon kiv\u00e1lasztott"},"content":{"rendered":"<p><strong>A Regina Maria Sz\u00ednh\u00e1z \u00f6r\u00f6mmel jelenti be, hogy a Iosif Vulcan T\u00e1rsulat k\u00e9t el\u0151ad\u00e1s\u00e1val r\u00e9szt vesz a 31. Nemzeti Sz\u00ednh\u00e1zi Fesztiv\u00e1lon: &quot;\u201e<a href=\"\/hu\/ro\/zenekar-josif-vulcan\/esemenyek\/2495-trei-femei-inalte\/\" target=\"_blank\" rel=\"noopener noreferrer\">&quot;H\u00e1rom magas n\u0151&quot;\u201d<\/a>, Edward Albee toll\u00e1b\u00f3l, Diana P\u0103curar rendez\u00e9s\u00e9ben \u00e9s &quot;\u201e<a href=\"\/hu\/ro\/zenekar-josif-vulcan\/esemenyek\/2494-mostenirea-norocului\/\" target=\"_blank\" rel=\"noopener noreferrer\">A szerencse \u00f6r\u00f6ks\u00e9ge<\/a>\u201dThanasis Papathanasiou \u00e9s Mihalis Reppas, rendez\u0151: Radu Nichifor.<\/strong><\/p>\n<p><!--more--><\/p>\n<p>A v\u00e1logat\u00e1st ez\u00fattal Oana Cristea Grigorescu, Cristina Rusiecki \u00e9s Claudiu Groza kritikusok v\u00e9gezt\u00e9k, akik 38 el\u0151ad\u00e1st v\u00e1lasztottak ki az orsz\u00e1gb\u00f3l, amelyek a \u201eAlkot\u00e1s. Kikapcsol\u00f3d\u00e1s. \u00dajraalkot\u00e1s\u201d koncepci\u00f3 al\u00e1 tartoznak, amely az FNT szekci\u00f3it is mag\u00e1ban foglalja.<\/p>\n<p>A &quot;H\u00e1rom magas n\u0151&quot; c\u00edm\u0171 m\u0171sor a szekci\u00f3ban tal\u00e1lhat\u00f3 <em>Teremt\u00e9s.N\u0151ies<\/em>, egy alszekci\u00f3, amely a n\u0151i rendez\u0151k alkot\u00e1s\u00e1nak van szentelve, \u201eegy p\u00e9lda n\u00e9lk\u00fcli m\u0171v\u00e9szeti teljes\u00edtm\u00e9ny a helyi sz\u00ednt\u00e9r t\u00f6rt\u00e9net\u00e9ben\u201d (Claudiu Groza), valamint a \u201eSzerencse \u00f6r\u00f6ks\u00e9ge\u201d a szekci\u00f3ban <em>nyaral\u00e1s<\/em>, amely \u201eparodisztikus, komikus von\u00e1sokkal, ak\u00e1r fekete humorral is megpr\u00f3b\u00e1lja megragadni a vil\u00e1g portr\u00e9j\u00e1t, de nem k\u00f6nnyed\u00e9n, hanem egyfajta mosolyogva adott reakci\u00f3k\u00e9nt a bizarr id\u0151kre, amelyekben \u00e9l\u00fcnk\u201d (Claudiu Groza).<\/p>\n<p>A Nemzeti Sz\u00ednh\u00e1zi Fesztiv\u00e1l 2021. november 6. \u00e9s 14. k\u00f6z\u00f6tt, online form\u00e1tumban ker\u00fcl megrendez\u00e9sre a vil\u00e1gj\u00e1rv\u00e1ny miatti korl\u00e1toz\u00e1sok miatt, \u00e9s a 38 orsz\u00e1gos el\u0151ad\u00e1s mellett programj\u00e1ban performansz install\u00e1ci\u00f3k, vizu\u00e1lis install\u00e1ci\u00f3k, k\u00fclf\u00f6ldi produkci\u00f3k \u00e9s kapcsol\u00f3d\u00f3 esem\u00e9nyek, valamint Ion Caramitru m\u0171v\u00e9sznek \u00e9s az UNITER eln\u00f6k\u00e9nek szentelt eml\u00e9kr\u00e9sz is szerepel.<\/p>\n<p>Gratul\u00e1lok a nagyv\u00e1radi sz\u00ednh\u00e1znak \u00e9s a csapatoknak, akik \u00e9letre keltett\u00e9k a k\u00e9t el\u0151ad\u00e1st!<\/p>\n<p>\u00a0<\/p>\n<p><img loading=\"lazy\" decoding=\"async\" class=\"size-full wp-image-4959\" src=\"https:\/\/teatrulreginamaria.ro\/wp-content\/uploads\/2021\/09\/Mostenirea-norocului-032.jpg\" alt=\"\" width=\"488\" height=\"325\" srcset=\"https:\/\/www.teatrulreginamaria.ro\/wp-content\/uploads\/2021\/09\/Mostenirea-norocului-032.jpg 1667w, https:\/\/www.teatrulreginamaria.ro\/wp-content\/uploads\/2021\/09\/Mostenirea-norocului-032-300x200.jpg 300w, https:\/\/www.teatrulreginamaria.ro\/wp-content\/uploads\/2021\/09\/Mostenirea-norocului-032-1024x682.jpg 1024w, https:\/\/www.teatrulreginamaria.ro\/wp-content\/uploads\/2021\/09\/Mostenirea-norocului-032-768x512.jpg 768w, https:\/\/www.teatrulreginamaria.ro\/wp-content\/uploads\/2021\/09\/Mostenirea-norocului-032-1536x1024.jpg 1536w\" sizes=\"(max-width: 488px) 100vw, 488px\" \/><\/p>","protected":false},"excerpt":{"rendered":"<p>A Regina Maria Sz\u00ednh\u00e1z \u00f6r\u00f6mmel jelenti be, hogy a 31. Orsz\u00e1gos Sz\u00ednh\u00e1zi Fesztiv\u00e1lon r\u00e9szt vesz a Iosif Vulcan Troupe k\u00e9t el\u0151ad\u00e1s\u00e1val: Edward Albee \u201eH\u00e1rom magas n\u0151\u201d c\u00edm\u0171 el\u0151ad\u00e1s\u00e1val, Diana P\u0103curar rendez\u00e9s\u00e9ben \u00e9s \u201eA szerencse \u00f6r\u00f6ks\u00e9ge\u201d, Thanasis Papathanasiou \u00e9s Mihalis Reppas rendez\u00e9s\u00e9ben.<\/p>","protected":false},"author":6,"featured_media":4957,"comment_status":"open","ping_status":"open","sticky":false,"template":"","format":"standard","meta":{"_acf_changed":false,"footnotes":""},"categories":[22],"tags":[],"class_list":["post-4960","post","type-post","status-publish","format-standard","has-post-thumbnail","hentry","category-noutati-trupa-iosif-vulcan"],"aioseo_notices":[],"aioseo_head":"\n\t\t<!-- All in One SEO Pro 5.0.1.1 - aioseo.com -->\n\t<meta name=\"description\" content=\"Teatrul Regina Maria are deosebita pl\u0103cere de a anun\u021ba c\u0103 va participa la cea de-a 31-a edi\u021bie a Festivalului Na\u021bional de Teatru cu dou\u0103 spectacole ale Trupei Iosif Vulcan: \u201eTrei femei \u00eenalte\u201d, de Edward Albee, regia Diana P\u0103curar \u0219i \u201eMo\u0219tenirea norocului\u201d, de Thanasis Papathanasiou \u0219i Mihalis Reppas, regia Radu Nichifor. Selec\u021bia a fost realizat\u0103 edi\u021bia\" \/>\n\t<meta name=\"robots\" content=\"max-image-preview:large\" \/>\n\t<meta name=\"author\" content=\"Teatrul Regina Maria\"\/>\n\t<link rel=\"canonical\" href=\"https:\/\/www.teatrulreginamaria.ro\/hu\/comunicat-de-presa-doua-spectacole-ale-trupei-iosif-vulcan-selectate-la-festivalul-national-de-teatru\/\" \/>\n\t<meta name=\"generator\" content=\"All in One SEO Pro (AIOSEO) 5.0.1.1\" \/>\n\t\t<meta property=\"og:locale\" content=\"hu_HU\" \/>\n\t\t<meta property=\"og:site_name\" content=\"Teatrul Regina Maria Oradea - Trupa Iosif Vulcan \u0219i Trupa Arcadia\" \/>\n\t\t<meta property=\"og:type\" content=\"article\" \/>\n\t\t<meta property=\"og:title\" content=\"Comunicat de pres\u0103 | Dou\u0103 spectacole ale Trupei Iosif Vulcan selectate la Festivalul Na\u021bional de Teatru - Teatrul Regina Maria Oradea\" \/>\n\t\t<meta property=\"og:description\" content=\"Teatrul Regina Maria are deosebita pl\u0103cere de a anun\u021ba c\u0103 va participa la cea de-a 31-a edi\u021bie a Festivalului Na\u021bional de Teatru cu dou\u0103 spectacole ale Trupei Iosif Vulcan: \u201eTrei femei \u00eenalte\u201d, de Edward Albee, regia Diana P\u0103curar \u0219i \u201eMo\u0219tenirea norocului\u201d, de Thanasis Papathanasiou \u0219i Mihalis Reppas, regia Radu Nichifor. Selec\u021bia a fost realizat\u0103 edi\u021bia\" \/>\n\t\t<meta property=\"og:url\" content=\"https:\/\/www.teatrulreginamaria.ro\/hu\/comunicat-de-presa-doua-spectacole-ale-trupei-iosif-vulcan-selectate-la-festivalul-national-de-teatru\/\" \/>\n\t\t<meta property=\"og:image\" content=\"https:\/\/www.teatrulreginamaria.ro\/wp-content\/uploads\/2025\/03\/trm-istoric-01.jpg\" \/>\n\t\t<meta property=\"og:image:secure_url\" content=\"https:\/\/www.teatrulreginamaria.ro\/wp-content\/uploads\/2025\/03\/trm-istoric-01.jpg\" \/>\n\t\t<meta property=\"og:image:width\" content=\"1200\" \/>\n\t\t<meta property=\"og:image:height\" content=\"800\" \/>\n\t\t<meta property=\"article:published_time\" content=\"2021-09-29T12:50:05+00:00\" \/>\n\t\t<meta property=\"article:modified_time\" content=\"2021-09-29T12:50:05+00:00\" \/>\n\t\t<meta property=\"article:publisher\" content=\"https:\/\/www.facebook.com\/TRMTrupaIosifVulcan\/\" \/>\n\t\t<meta name=\"twitter:card\" content=\"summary_large_image\" \/>\n\t\t<meta name=\"twitter:site\" content=\"@TRMOradea\" \/>\n\t\t<meta name=\"twitter:title\" content=\"Comunicat de pres\u0103 | Dou\u0103 spectacole ale Trupei Iosif Vulcan selectate la Festivalul Na\u021bional de Teatru - Teatrul Regina Maria Oradea\" \/>\n\t\t<meta name=\"twitter:description\" content=\"Teatrul Regina Maria are deosebita pl\u0103cere de a anun\u021ba c\u0103 va participa la cea de-a 31-a edi\u021bie a Festivalului Na\u021bional de Teatru cu dou\u0103 spectacole ale Trupei Iosif Vulcan: \u201eTrei femei \u00eenalte\u201d, de Edward Albee, regia Diana P\u0103curar \u0219i \u201eMo\u0219tenirea norocului\u201d, de Thanasis Papathanasiou \u0219i Mihalis Reppas, regia Radu Nichifor. Selec\u021bia a fost realizat\u0103 edi\u021bia\" \/>\n\t\t<meta name=\"twitter:creator\" content=\"@TRMOradea\" \/>\n\t\t<meta name=\"twitter:image\" content=\"https:\/\/www.teatrulreginamaria.ro\/wp-content\/uploads\/2025\/03\/trm-istoric-01.jpg\" \/>\n\t\t<script type=\"application\/ld+json\" class=\"aioseo-schema\">\n\t\t\t{\"@context\":\"https:\\\/\\\/schema.org\",\"@graph\":[{\"@type\":\"BlogPosting\",\"@id\":\"https:\\\/\\\/www.teatrulreginamaria.ro\\\/hu\\\/comunicat-de-presa-doua-spectacole-ale-trupei-iosif-vulcan-selectate-la-festivalul-national-de-teatru\\\/#blogposting\",\"name\":\"Comunicat de pres\\u0103 | Dou\\u0103 spectacole ale Trupei Iosif Vulcan selectate la Festivalul Na\\u021bional de Teatru - Teatrul Regina Maria Oradea\",\"headline\":\"Comunicat de pres\\u0103 | Dou\\u0103 spectacole ale Trupei Iosif Vulcan selectate la Festivalul Na\\u021bional de Teatru\",\"author\":{\"@id\":\"https:\\\/\\\/www.teatrulreginamaria.ro\\\/hu\\\/author\\\/w3bmaster\\\/#author\"},\"publisher\":{\"@id\":\"https:\\\/\\\/www.teatrulreginamaria.ro\\\/hu\\\/#organization\"},\"image\":{\"@type\":\"ImageObject\",\"url\":\"https:\\\/\\\/www.teatrulreginamaria.ro\\\/wp-content\\\/uploads\\\/2021\\\/09\\\/Trei_femei_nalte_Remus_Toderici_139-scaled.jpg\",\"width\":2560,\"height\":1707},\"datePublished\":\"2021-09-29T12:50:05+03:00\",\"dateModified\":\"2021-09-29T12:50:05+03:00\",\"inLanguage\":\"hu-HU\",\"mainEntityOfPage\":{\"@id\":\"https:\\\/\\\/www.teatrulreginamaria.ro\\\/hu\\\/comunicat-de-presa-doua-spectacole-ale-trupei-iosif-vulcan-selectate-la-festivalul-national-de-teatru\\\/#webpage\"},\"isPartOf\":{\"@id\":\"https:\\\/\\\/www.teatrulreginamaria.ro\\\/hu\\\/comunicat-de-presa-doua-spectacole-ale-trupei-iosif-vulcan-selectate-la-festivalul-national-de-teatru\\\/#webpage\"},\"articleSection\":\"Nout\\u0103\\u021bi - Trupa Iosif Vulcan\"},{\"@type\":\"BreadcrumbList\",\"@id\":\"https:\\\/\\\/www.teatrulreginamaria.ro\\\/hu\\\/comunicat-de-presa-doua-spectacole-ale-trupei-iosif-vulcan-selectate-la-festivalul-national-de-teatru\\\/#breadcrumblist\",\"itemListElement\":[{\"@type\":\"ListItem\",\"@id\":\"https:\\\/\\\/www.teatrulreginamaria.ro\\\/hu#listItem\",\"position\":1,\"name\":\"Home\",\"item\":\"https:\\\/\\\/www.teatrulreginamaria.ro\\\/hu\",\"nextItem\":{\"@type\":\"ListItem\",\"@id\":\"https:\\\/\\\/www.teatrulreginamaria.ro\\\/hu\\\/categorie\\\/noutati\\\/#listItem\",\"name\":\"Nout\\u0103\\u021bi\"}},{\"@type\":\"ListItem\",\"@id\":\"https:\\\/\\\/www.teatrulreginamaria.ro\\\/hu\\\/categorie\\\/noutati\\\/#listItem\",\"position\":2,\"name\":\"Nout\\u0103\\u021bi\",\"item\":\"https:\\\/\\\/www.teatrulreginamaria.ro\\\/hu\\\/categorie\\\/noutati\\\/\",\"nextItem\":{\"@type\":\"ListItem\",\"@id\":\"https:\\\/\\\/www.teatrulreginamaria.ro\\\/hu\\\/categorie\\\/noutati\\\/noutati-trupa-iosif-vulcan\\\/#listItem\",\"name\":\"Nout\\u0103\\u021bi - Trupa Iosif Vulcan\"},\"previousItem\":{\"@type\":\"ListItem\",\"@id\":\"https:\\\/\\\/www.teatrulreginamaria.ro\\\/hu#listItem\",\"name\":\"Home\"}},{\"@type\":\"ListItem\",\"@id\":\"https:\\\/\\\/www.teatrulreginamaria.ro\\\/hu\\\/categorie\\\/noutati\\\/noutati-trupa-iosif-vulcan\\\/#listItem\",\"position\":3,\"name\":\"Nout\\u0103\\u021bi - Trupa Iosif Vulcan\",\"item\":\"https:\\\/\\\/www.teatrulreginamaria.ro\\\/hu\\\/categorie\\\/noutati\\\/noutati-trupa-iosif-vulcan\\\/\",\"nextItem\":{\"@type\":\"ListItem\",\"@id\":\"https:\\\/\\\/www.teatrulreginamaria.ro\\\/hu\\\/comunicat-de-presa-doua-spectacole-ale-trupei-iosif-vulcan-selectate-la-festivalul-national-de-teatru\\\/#listItem\",\"name\":\"Comunicat de pres\\u0103 | Dou\\u0103 spectacole ale Trupei Iosif Vulcan selectate la Festivalul Na\\u021bional de Teatru\"},\"previousItem\":{\"@type\":\"ListItem\",\"@id\":\"https:\\\/\\\/www.teatrulreginamaria.ro\\\/hu\\\/categorie\\\/noutati\\\/#listItem\",\"name\":\"Nout\\u0103\\u021bi\"}},{\"@type\":\"ListItem\",\"@id\":\"https:\\\/\\\/www.teatrulreginamaria.ro\\\/hu\\\/comunicat-de-presa-doua-spectacole-ale-trupei-iosif-vulcan-selectate-la-festivalul-national-de-teatru\\\/#listItem\",\"position\":4,\"name\":\"Comunicat de pres\\u0103 | Dou\\u0103 spectacole ale Trupei Iosif Vulcan selectate la Festivalul Na\\u021bional de Teatru\",\"previousItem\":{\"@type\":\"ListItem\",\"@id\":\"https:\\\/\\\/www.teatrulreginamaria.ro\\\/hu\\\/categorie\\\/noutati\\\/noutati-trupa-iosif-vulcan\\\/#listItem\",\"name\":\"Nout\\u0103\\u021bi - Trupa Iosif Vulcan\"}}]},{\"@type\":\"Organization\",\"@id\":\"https:\\\/\\\/www.teatrulreginamaria.ro\\\/hu\\\/#organization\",\"name\":\"Teatrul Regina Maria Oradea\",\"description\":\"Trupa Iosif Vulcan \\u0219i Trupa Arcadia\",\"url\":\"https:\\\/\\\/www.teatrulreginamaria.ro\\\/hu\\\/\",\"email\":\"marketing@teatrulreginamaria.ro\",\"telephone\":\"+40359411534\",\"numberOfEmployees\":{\"@type\":\"QuantitativeValue\",\"minValue\":0,\"maxValue\":150},\"logo\":{\"@type\":\"ImageObject\",\"url\":\"https:\\\/\\\/www.teatrulreginamaria.ro\\\/wp-content\\\/uploads\\\/2025\\\/06\\\/logo-trm-01-dark.png\",\"@id\":\"https:\\\/\\\/www.teatrulreginamaria.ro\\\/hu\\\/comunicat-de-presa-doua-spectacole-ale-trupei-iosif-vulcan-selectate-la-festivalul-national-de-teatru\\\/#organizationLogo\",\"width\":300,\"height\":148},\"image\":{\"@id\":\"https:\\\/\\\/www.teatrulreginamaria.ro\\\/hu\\\/comunicat-de-presa-doua-spectacole-ale-trupei-iosif-vulcan-selectate-la-festivalul-national-de-teatru\\\/#organizationLogo\"},\"sameAs\":[\"https:\\\/\\\/www.facebook.com\\\/TRMTrupaIosifVulcan\\\/\",\"https:\\\/\\\/x.com\\\/TRMOradea\",\"https:\\\/\\\/www.instagram.com\\\/teatrul_regina_maria\\\/\",\"https:\\\/\\\/www.youtube.com\\\/c\\\/TeatrulReginaMariaOradea\",\"https:\\\/\\\/www.linkedin.com\\\/company\\\/teatrul-regina-maria\"]},{\"@type\":\"Person\",\"@id\":\"https:\\\/\\\/www.teatrulreginamaria.ro\\\/hu\\\/author\\\/w3bmaster\\\/#author\",\"url\":\"https:\\\/\\\/www.teatrulreginamaria.ro\\\/hu\\\/author\\\/w3bmaster\\\/\",\"name\":\"Teatrul Regina Maria\",\"image\":{\"@type\":\"ImageObject\",\"@id\":\"https:\\\/\\\/www.teatrulreginamaria.ro\\\/hu\\\/comunicat-de-presa-doua-spectacole-ale-trupei-iosif-vulcan-selectate-la-festivalul-national-de-teatru\\\/#authorImage\",\"url\":\"https:\\\/\\\/secure.gravatar.com\\\/avatar\\\/5884139d508ae3f0bafe45e60563b48a9640146d3b08ccc6278c305ff9329305?s=96&d=mm&r=g\",\"width\":96,\"height\":96,\"caption\":\"Teatrul Regina Maria\"}},{\"@type\":\"WebPage\",\"@id\":\"https:\\\/\\\/www.teatrulreginamaria.ro\\\/hu\\\/comunicat-de-presa-doua-spectacole-ale-trupei-iosif-vulcan-selectate-la-festivalul-national-de-teatru\\\/#webpage\",\"url\":\"https:\\\/\\\/www.teatrulreginamaria.ro\\\/hu\\\/comunicat-de-presa-doua-spectacole-ale-trupei-iosif-vulcan-selectate-la-festivalul-national-de-teatru\\\/\",\"name\":\"Comunicat de pres\\u0103 | Dou\\u0103 spectacole ale Trupei Iosif Vulcan selectate la Festivalul Na\\u021bional de Teatru - Teatrul Regina Maria Oradea\",\"description\":\"Teatrul Regina Maria are deosebita pl\\u0103cere de a anun\\u021ba c\\u0103 va participa la cea de-a 31-a edi\\u021bie a Festivalului Na\\u021bional de Teatru cu dou\\u0103 spectacole ale Trupei Iosif Vulcan: \\u201eTrei femei \\u00eenalte\\u201d, de Edward Albee, regia Diana P\\u0103curar \\u0219i \\u201eMo\\u0219tenirea norocului\\u201d, de Thanasis Papathanasiou \\u0219i Mihalis Reppas, regia Radu Nichifor. Selec\\u021bia a fost realizat\\u0103 edi\\u021bia\",\"inLanguage\":\"hu-HU\",\"isPartOf\":{\"@id\":\"https:\\\/\\\/www.teatrulreginamaria.ro\\\/hu\\\/#website\"},\"breadcrumb\":{\"@id\":\"https:\\\/\\\/www.teatrulreginamaria.ro\\\/hu\\\/comunicat-de-presa-doua-spectacole-ale-trupei-iosif-vulcan-selectate-la-festivalul-national-de-teatru\\\/#breadcrumblist\"},\"author\":{\"@id\":\"https:\\\/\\\/www.teatrulreginamaria.ro\\\/hu\\\/author\\\/w3bmaster\\\/#author\"},\"creator\":{\"@id\":\"https:\\\/\\\/www.teatrulreginamaria.ro\\\/hu\\\/author\\\/w3bmaster\\\/#author\"},\"image\":{\"@type\":\"ImageObject\",\"url\":\"https:\\\/\\\/www.teatrulreginamaria.ro\\\/wp-content\\\/uploads\\\/2021\\\/09\\\/Trei_femei_nalte_Remus_Toderici_139-scaled.jpg\",\"@id\":\"https:\\\/\\\/www.teatrulreginamaria.ro\\\/hu\\\/comunicat-de-presa-doua-spectacole-ale-trupei-iosif-vulcan-selectate-la-festivalul-national-de-teatru\\\/#mainImage\",\"width\":2560,\"height\":1707},\"primaryImageOfPage\":{\"@id\":\"https:\\\/\\\/www.teatrulreginamaria.ro\\\/hu\\\/comunicat-de-presa-doua-spectacole-ale-trupei-iosif-vulcan-selectate-la-festivalul-national-de-teatru\\\/#mainImage\"},\"datePublished\":\"2021-09-29T12:50:05+03:00\",\"dateModified\":\"2021-09-29T12:50:05+03:00\"},{\"@type\":\"WebSite\",\"@id\":\"https:\\\/\\\/www.teatrulreginamaria.ro\\\/hu\\\/#website\",\"url\":\"https:\\\/\\\/www.teatrulreginamaria.ro\\\/hu\\\/\",\"name\":\"Teatrul Regina Maria Oradea\",\"alternateName\":\"TRM Oradea\",\"description\":\"Trupa Iosif Vulcan \\u0219i Trupa Arcadia\",\"inLanguage\":\"hu-HU\",\"publisher\":{\"@id\":\"https:\\\/\\\/www.teatrulreginamaria.ro\\\/hu\\\/#organization\"}}]}\n\t\t<\/script>\n\t\t<!-- All in One SEO Pro -->\r\n\t\t<title>Comunicat de pres\u0103 | Dou\u0103 spectacole ale Trupei Iosif Vulcan selectate la Festivalul Na\u021bional de Teatru - Teatrul Regina Maria Oradea<\/title>\n\n","aioseo_head_json":{"title":"Sajt\u00f3k\u00f6zlem\u00e9ny | A Iosif Vulcan T\u00e1rsulat k\u00e9t el\u0151ad\u00e1sa bev\u00e1logatva az Orsz\u00e1gos Sz\u00ednh\u00e1zi Fesztiv\u00e1lra - Regina Maria Sz\u00ednh\u00e1z Nagyv\u00e1rad","description":"A Regina Maria Sz\u00ednh\u00e1z \u00f6r\u00f6mmel jelenti be, hogy r\u00e9szt vesz a 31. Nemzeti Sz\u00ednh\u00e1zi Fesztiv\u00e1lon a Iosif Vulcan T\u00e1rsulat k\u00e9t el\u0151ad\u00e1s\u00e1val: Edward Albee \u201eH\u00e1rom magas n\u0151\u201d c\u00edm\u0171 darabj\u00e1val, Diana P\u0103curar rendez\u00e9s\u00e9ben, valamint Thanasis Papathanasiou \u00e9s Mihalis Reppas \u201eA szerencse \u00f6r\u00f6ks\u00e9ge\u201d c\u00edm\u0171 darabj\u00e1val, Radu Nichifor rendez\u00e9s\u00e9ben. A v\u00e1logat\u00e1s a 31. kiad\u00e1son t\u00f6rt\u00e9nt.","canonical_url":"https:\/\/www.teatrulreginamaria.ro\/hu\/comunicat-de-presa-doua-spectacole-ale-trupei-iosif-vulcan-selectate-la-festivalul-national-de-teatru\/","robots":"max-image-preview:large","keywords":"","webmasterTools":{"miscellaneous":""},"schema":{"@context":"https:\/\/schema.org","@graph":[{"@type":"BlogPosting","@id":"https:\/\/www.teatrulreginamaria.ro\/hu\/comunicat-de-presa-doua-spectacole-ale-trupei-iosif-vulcan-selectate-la-festivalul-national-de-teatru\/#blogposting","name":"Comunicat de pres\u0103 | Dou\u0103 spectacole ale Trupei Iosif Vulcan selectate la Festivalul Na\u021bional de Teatru - Teatrul Regina Maria Oradea","headline":"Comunicat de pres\u0103 | Dou\u0103 spectacole ale Trupei Iosif Vulcan selectate la Festivalul Na\u021bional de Teatru","author":{"@id":"https:\/\/www.teatrulreginamaria.ro\/hu\/author\/w3bmaster\/#author"},"publisher":{"@id":"https:\/\/www.teatrulreginamaria.ro\/hu\/#organization"},"image":{"@type":"ImageObject","url":"https:\/\/www.teatrulreginamaria.ro\/wp-content\/uploads\/2021\/09\/Trei_femei_nalte_Remus_Toderici_139-scaled.jpg","width":2560,"height":1707},"datePublished":"2021-09-29T12:50:05+03:00","dateModified":"2021-09-29T12:50:05+03:00","inLanguage":"hu-HU","mainEntityOfPage":{"@id":"https:\/\/www.teatrulreginamaria.ro\/hu\/comunicat-de-presa-doua-spectacole-ale-trupei-iosif-vulcan-selectate-la-festivalul-national-de-teatru\/#webpage"},"isPartOf":{"@id":"https:\/\/www.teatrulreginamaria.ro\/hu\/comunicat-de-presa-doua-spectacole-ale-trupei-iosif-vulcan-selectate-la-festivalul-national-de-teatru\/#webpage"},"articleSection":"Nout\u0103\u021bi - Trupa Iosif Vulcan"},{"@type":"BreadcrumbList","@id":"https:\/\/www.teatrulreginamaria.ro\/hu\/comunicat-de-presa-doua-spectacole-ale-trupei-iosif-vulcan-selectate-la-festivalul-national-de-teatru\/#breadcrumblist","itemListElement":[{"@type":"ListItem","@id":"https:\/\/www.teatrulreginamaria.ro\/hu#listItem","position":1,"name":"Home","item":"https:\/\/www.teatrulreginamaria.ro\/hu","nextItem":{"@type":"ListItem","@id":"https:\/\/www.teatrulreginamaria.ro\/hu\/categorie\/noutati\/#listItem","name":"Nout\u0103\u021bi"}},{"@type":"ListItem","@id":"https:\/\/www.teatrulreginamaria.ro\/hu\/categorie\/noutati\/#listItem","position":2,"name":"Nout\u0103\u021bi","item":"https:\/\/www.teatrulreginamaria.ro\/hu\/categorie\/noutati\/","nextItem":{"@type":"ListItem","@id":"https:\/\/www.teatrulreginamaria.ro\/hu\/categorie\/noutati\/noutati-trupa-iosif-vulcan\/#listItem","name":"Nout\u0103\u021bi - Trupa Iosif Vulcan"},"previousItem":{"@type":"ListItem","@id":"https:\/\/www.teatrulreginamaria.ro\/hu#listItem","name":"Home"}},{"@type":"ListItem","@id":"https:\/\/www.teatrulreginamaria.ro\/hu\/categorie\/noutati\/noutati-trupa-iosif-vulcan\/#listItem","position":3,"name":"Nout\u0103\u021bi - Trupa Iosif Vulcan","item":"https:\/\/www.teatrulreginamaria.ro\/hu\/categorie\/noutati\/noutati-trupa-iosif-vulcan\/","nextItem":{"@type":"ListItem","@id":"https:\/\/www.teatrulreginamaria.ro\/hu\/comunicat-de-presa-doua-spectacole-ale-trupei-iosif-vulcan-selectate-la-festivalul-national-de-teatru\/#listItem","name":"Comunicat de pres\u0103 | Dou\u0103 spectacole ale Trupei Iosif Vulcan selectate la Festivalul Na\u021bional de Teatru"},"previousItem":{"@type":"ListItem","@id":"https:\/\/www.teatrulreginamaria.ro\/hu\/categorie\/noutati\/#listItem","name":"Nout\u0103\u021bi"}},{"@type":"ListItem","@id":"https:\/\/www.teatrulreginamaria.ro\/hu\/comunicat-de-presa-doua-spectacole-ale-trupei-iosif-vulcan-selectate-la-festivalul-national-de-teatru\/#listItem","position":4,"name":"Comunicat de pres\u0103 | Dou\u0103 spectacole ale Trupei Iosif Vulcan selectate la Festivalul Na\u021bional de Teatru","previousItem":{"@type":"ListItem","@id":"https:\/\/www.teatrulreginamaria.ro\/hu\/categorie\/noutati\/noutati-trupa-iosif-vulcan\/#listItem","name":"Nout\u0103\u021bi - Trupa Iosif Vulcan"}}]},{"@type":"Organization","@id":"https:\/\/www.teatrulreginamaria.ro\/hu\/#organization","name":"Teatrul Regina Maria Oradea","description":"Trupa Iosif Vulcan \u0219i Trupa Arcadia","url":"https:\/\/www.teatrulreginamaria.ro\/hu\/","email":"marketing@teatrulreginamaria.ro","telephone":"+40359411534","numberOfEmployees":{"@type":"QuantitativeValue","minValue":0,"maxValue":150},"logo":{"@type":"ImageObject","url":"https:\/\/www.teatrulreginamaria.ro\/wp-content\/uploads\/2025\/06\/logo-trm-01-dark.png","@id":"https:\/\/www.teatrulreginamaria.ro\/hu\/comunicat-de-presa-doua-spectacole-ale-trupei-iosif-vulcan-selectate-la-festivalul-national-de-teatru\/#organizationLogo","width":300,"height":148},"image":{"@id":"https:\/\/www.teatrulreginamaria.ro\/hu\/comunicat-de-presa-doua-spectacole-ale-trupei-iosif-vulcan-selectate-la-festivalul-national-de-teatru\/#organizationLogo"},"sameAs":["https:\/\/www.facebook.com\/TRMTrupaIosifVulcan\/","https:\/\/x.com\/TRMOradea","https:\/\/www.instagram.com\/teatrul_regina_maria\/","https:\/\/www.youtube.com\/c\/TeatrulReginaMariaOradea","https:\/\/www.linkedin.com\/company\/teatrul-regina-maria"]},{"@type":"Person","@id":"https:\/\/www.teatrulreginamaria.ro\/hu\/author\/w3bmaster\/#author","url":"https:\/\/www.teatrulreginamaria.ro\/hu\/author\/w3bmaster\/","name":"Teatrul Regina Maria","image":{"@type":"ImageObject","@id":"https:\/\/www.teatrulreginamaria.ro\/hu\/comunicat-de-presa-doua-spectacole-ale-trupei-iosif-vulcan-selectate-la-festivalul-national-de-teatru\/#authorImage","url":"https:\/\/secure.gravatar.com\/avatar\/5884139d508ae3f0bafe45e60563b48a9640146d3b08ccc6278c305ff9329305?s=96&d=mm&r=g","width":96,"height":96,"caption":"Teatrul Regina Maria"}},{"@type":"WebPage","@id":"https:\/\/www.teatrulreginamaria.ro\/hu\/comunicat-de-presa-doua-spectacole-ale-trupei-iosif-vulcan-selectate-la-festivalul-national-de-teatru\/#webpage","url":"https:\/\/www.teatrulreginamaria.ro\/hu\/comunicat-de-presa-doua-spectacole-ale-trupei-iosif-vulcan-selectate-la-festivalul-national-de-teatru\/","name":"Comunicat de pres\u0103 | Dou\u0103 spectacole ale Trupei Iosif Vulcan selectate la Festivalul Na\u021bional de Teatru - Teatrul Regina Maria Oradea","description":"Teatrul Regina Maria are deosebita pl\u0103cere de a anun\u021ba c\u0103 va participa la cea de-a 31-a edi\u021bie a Festivalului Na\u021bional de Teatru cu dou\u0103 spectacole ale Trupei Iosif Vulcan: \u201eTrei femei \u00eenalte\u201d, de Edward Albee, regia Diana P\u0103curar \u0219i \u201eMo\u0219tenirea norocului\u201d, de Thanasis Papathanasiou \u0219i Mihalis Reppas, regia Radu Nichifor. Selec\u021bia a fost realizat\u0103 edi\u021bia","inLanguage":"hu-HU","isPartOf":{"@id":"https:\/\/www.teatrulreginamaria.ro\/hu\/#website"},"breadcrumb":{"@id":"https:\/\/www.teatrulreginamaria.ro\/hu\/comunicat-de-presa-doua-spectacole-ale-trupei-iosif-vulcan-selectate-la-festivalul-national-de-teatru\/#breadcrumblist"},"author":{"@id":"https:\/\/www.teatrulreginamaria.ro\/hu\/author\/w3bmaster\/#author"},"creator":{"@id":"https:\/\/www.teatrulreginamaria.ro\/hu\/author\/w3bmaster\/#author"},"image":{"@type":"ImageObject","url":"https:\/\/www.teatrulreginamaria.ro\/wp-content\/uploads\/2021\/09\/Trei_femei_nalte_Remus_Toderici_139-scaled.jpg","@id":"https:\/\/www.teatrulreginamaria.ro\/hu\/comunicat-de-presa-doua-spectacole-ale-trupei-iosif-vulcan-selectate-la-festivalul-national-de-teatru\/#mainImage","width":2560,"height":1707},"primaryImageOfPage":{"@id":"https:\/\/www.teatrulreginamaria.ro\/hu\/comunicat-de-presa-doua-spectacole-ale-trupei-iosif-vulcan-selectate-la-festivalul-national-de-teatru\/#mainImage"},"datePublished":"2021-09-29T12:50:05+03:00","dateModified":"2021-09-29T12:50:05+03:00"},{"@type":"WebSite","@id":"https:\/\/www.teatrulreginamaria.ro\/hu\/#website","url":"https:\/\/www.teatrulreginamaria.ro\/hu\/","name":"Teatrul Regina Maria Oradea","alternateName":"TRM Oradea","description":"Trupa Iosif Vulcan \u0219i Trupa Arcadia","inLanguage":"hu-HU","publisher":{"@id":"https:\/\/www.teatrulreginamaria.ro\/hu\/#organization"}}]},"og:locale":"hu_HU","og:site_name":"Teatrul Regina Maria Oradea - Trupa Iosif Vulcan \u0219i Trupa Arcadia","og:type":"article","og:title":"Comunicat de pres\u0103 | Dou\u0103 spectacole ale Trupei Iosif Vulcan selectate la Festivalul Na\u021bional de Teatru - Teatrul Regina Maria Oradea","og:description":"Teatrul Regina Maria are deosebita pl\u0103cere de a anun\u021ba c\u0103 va participa la cea de-a 31-a edi\u021bie a Festivalului Na\u021bional de Teatru cu dou\u0103 spectacole ale Trupei Iosif Vulcan: \u201eTrei femei \u00eenalte\u201d, de Edward Albee, regia Diana P\u0103curar \u0219i \u201eMo\u0219tenirea norocului\u201d, de Thanasis Papathanasiou \u0219i Mihalis Reppas, regia Radu Nichifor. Selec\u021bia a fost realizat\u0103 edi\u021bia","og:url":"https:\/\/www.teatrulreginamaria.ro\/hu\/comunicat-de-presa-doua-spectacole-ale-trupei-iosif-vulcan-selectate-la-festivalul-national-de-teatru\/","og:image":"https:\/\/www.teatrulreginamaria.ro\/wp-content\/uploads\/2025\/03\/trm-istoric-01.jpg","og:image:secure_url":"https:\/\/www.teatrulreginamaria.ro\/wp-content\/uploads\/2025\/03\/trm-istoric-01.jpg","og:image:width":1200,"og:image:height":800,"article:published_time":"2021-09-29T12:50:05+00:00","article:modified_time":"2021-09-29T12:50:05+00:00","article:publisher":"https:\/\/www.facebook.com\/TRMTrupaIosifVulcan\/","twitter:card":"summary_large_image","twitter:site":"@TRMOradea","twitter:title":"Comunicat de pres\u0103 | Dou\u0103 spectacole ale Trupei Iosif Vulcan selectate la Festivalul Na\u021bional de Teatru - Teatrul Regina Maria Oradea","twitter:description":"Teatrul Regina Maria are deosebita pl\u0103cere de a anun\u021ba c\u0103 va participa la cea de-a 31-a edi\u021bie a Festivalului Na\u021bional de Teatru cu dou\u0103 spectacole ale Trupei Iosif Vulcan: \u201eTrei femei \u00eenalte\u201d, de Edward Albee, regia Diana P\u0103curar \u0219i \u201eMo\u0219tenirea norocului\u201d, de Thanasis Papathanasiou \u0219i Mihalis Reppas, regia Radu Nichifor. Selec\u021bia a fost realizat\u0103 edi\u021bia","twitter:creator":"@TRMOradea","twitter:image":"https:\/\/www.teatrulreginamaria.ro\/wp-content\/uploads\/2025\/03\/trm-istoric-01.jpg"},"aioseo_meta_data":{"post_id":"4960","title":null,"description":null,"keywords":null,"keyphrases":null,"primary_term":null,"canonical_url":null,"og_title":null,"og_description":null,"og_object_type":"default","og_image_type":"default","og_image_url":null,"og_image_width":null,"og_image_height":null,"og_image_custom_url":null,"og_image_custom_fields":null,"og_video":null,"og_custom_url":null,"og_article_section":null,"og_article_tags":null,"twitter_use_og":false,"twitter_card":"default","twitter_image_type":"default","twitter_image_url":null,"twitter_image_custom_url":null,"twitter_image_custom_fields":null,"twitter_title":null,"twitter_description":null,"schema":{"blockGraphs":[],"customGraphs":[],"default":{"data":{"Article":[],"Course":[],"Dataset":[],"FAQPage":[],"Movie":[],"Person":[],"Product":[],"ProductReview":[],"Car":[],"Recipe":[],"Service":[],"SoftwareApplication":[],"WebPage":[]},"graphName":"","isEnabled":true},"graphs":[]},"schema_type":"default","schema_type_options":null,"pillar_content":false,"robots_default":true,"robots_noindex":false,"robots_noarchive":false,"robots_nosnippet":false,"robots_nofollow":false,"robots_noimageindex":false,"robots_noodp":false,"robots_notranslate":false,"robots_max_snippet":null,"robots_max_videopreview":null,"robots_max_imagepreview":"large","priority":null,"frequency":null,"local_seo":null,"seo_analyzer_scan_date":"2026-05-13 02:50:31","breadcrumb_settings":null,"limit_modified_date":false,"reviewed_by":null,"open_ai":null,"ai":null,"created":"2025-04-09 17:42:43","updated":"2026-05-13 02:50:31","focus_keyword":null,"additional_keywords":null,"truseo_locale":null},"aioseo_breadcrumb":"<div class=\"aioseo-breadcrumbs\"><span class=\"aioseo-breadcrumb\">\n\t<a href=\"https:\/\/www.teatrulreginamaria.ro\/hu\" title=\"Home\">Home<\/a>\n<\/span><span class=\"aioseo-breadcrumb-separator\">&raquo;<\/span><span class=\"aioseo-breadcrumb\">\n\t<a href=\"https:\/\/www.teatrulreginamaria.ro\/hu\/categorie\/noutati\/\" title=\"Nout\u0103\u021bi\">Nout\u0103\u021bi<\/a>\n<\/span><span class=\"aioseo-breadcrumb-separator\">&raquo;<\/span><span class=\"aioseo-breadcrumb\">\n\t<a href=\"https:\/\/www.teatrulreginamaria.ro\/hu\/categorie\/noutati\/noutati-trupa-iosif-vulcan\/\" title=\"Nout\u0103\u021bi - Trupa Iosif Vulcan\">Nout\u0103\u021bi - Trupa Iosif Vulcan<\/a>\n<\/span><span class=\"aioseo-breadcrumb-separator\">&raquo;<\/span><span class=\"aioseo-breadcrumb\">\n\tComunicat de pres\u0103 | Dou\u0103 spectacole ale Trupei Iosif Vulcan selectate la Festivalul Na\u021bional de Teatru\n<\/span><\/div>","aioseo_breadcrumb_json":[{"label":"Home","link":"https:\/\/www.teatrulreginamaria.ro\/hu"},{"label":"Nout\u0103\u021bi","link":"https:\/\/www.teatrulreginamaria.ro\/hu\/categorie\/noutati\/"},{"label":"Nout\u0103\u021bi - Trupa Iosif Vulcan","link":"https:\/\/www.teatrulreginamaria.ro\/hu\/categorie\/noutati\/noutati-trupa-iosif-vulcan\/"},{"label":"Comunicat de pres\u0103 | Dou\u0103 spectacole ale Trupei Iosif Vulcan selectate la Festivalul Na\u021bional de Teatru","link":"https:\/\/www.teatrulreginamaria.ro\/hu\/comunicat-de-presa-doua-spectacole-ale-trupei-iosif-vulcan-selectate-la-festivalul-national-de-teatru\/"}],"acf":[],"_links":{"self":[{"href":"https:\/\/www.teatrulreginamaria.ro\/hu\/wp-json\/wp\/v2\/posts\/4960","targetHints":{"allow":["GET"]}}],"collection":[{"href":"https:\/\/www.teatrulreginamaria.ro\/hu\/wp-json\/wp\/v2\/posts"}],"about":[{"href":"https:\/\/www.teatrulreginamaria.ro\/hu\/wp-json\/wp\/v2\/types\/post"}],"author":[{"embeddable":true,"href":"https:\/\/www.teatrulreginamaria.ro\/hu\/wp-json\/wp\/v2\/users\/6"}],"replies":[{"embeddable":true,"href":"https:\/\/www.teatrulreginamaria.ro\/hu\/wp-json\/wp\/v2\/comments?post=4960"}],"version-history":[{"count":0,"href":"https:\/\/www.teatrulreginamaria.ro\/hu\/wp-json\/wp\/v2\/posts\/4960\/revisions"}],"wp:featuredmedia":[{"embeddable":true,"href":"https:\/\/www.teatrulreginamaria.ro\/hu\/wp-json\/wp\/v2\/media\/4957"}],"wp:attachment":[{"href":"https:\/\/www.teatrulreginamaria.ro\/hu\/wp-json\/wp\/v2\/media?parent=4960"}],"wp:term":[{"taxonomy":"category","embeddable":true,"href":"https:\/\/www.teatrulreginamaria.ro\/hu\/wp-json\/wp\/v2\/categories?post=4960"},{"taxonomy":"post_tag","embeddable":true,"href":"https:\/\/www.teatrulreginamaria.ro\/hu\/wp-json\/wp\/v2\/tags?post=4960"}],"curies":[{"name":"munkaf\u00fczet","href":"https:\/\/api.w.org\/{rel}","templated":true}]}}