{"id":4990,"date":"2021-11-18T10:35:09","date_gmt":"2021-11-18T10:35:09","guid":{"rendered":"https:\/\/teatrulreginamaria.ro\/2021\/11\/18\/comunicat-de-presa-premiera-eva-heyman\/"},"modified":"2021-11-18T10:35:09","modified_gmt":"2021-11-18T10:35:09","slug":"sajtokozlemeny-premierje-eva-heyman","status":"publish","type":"post","link":"https:\/\/www.teatrulreginamaria.ro\/hu\/comunicat-de-presa-premiera-eva-heyman\/","title":{"rendered":"SAJT\u00d3K\u00d6ZLEM\u00c9NY | &quot;Eva Heyman&quot; premier"},"content":{"rendered":"<p style=\"text-align: center;\">\u00a0<strong>Eva Heyman \u2013 premier<br \/><\/strong><strong>\u2013 Gondolunk r\u00e1d, Eva Heyman!<\/strong><strong>\u00a0<\/strong><\/p>\n<p>A Regina Maria Sz\u00ednh\u00e1z egy k\u00fcl\u00f6nleges, Nagyv\u00e1rad v\u00e1ros, de az eg\u00e9sz vil\u00e1g t\u00f6rt\u00e9net\u00e9nek egy t\u00f6red\u00e9k\u00e9t bemutat\u00f3 el\u0151ad\u00e1s premierj\u00e9re h\u00edv: &quot;Eva Heyman&quot;, dramatiz\u00e1l\u00e1s, koncepci\u00f3 \u00e9s rendez\u00e9s: Emil Sauciuc \u00e9s Ioana-Maria Repciuc, amely november 21-\u00e9n, vas\u00e1rnap 18.00 \u00f3r\u00e1t\u00f3l lesz az Arcadia teremben.<\/p>\n<p><!--more--><\/p>\n<p>Eva Heyman, akit gyakran t\u00e1rs\u00edtanak Anne Frankkal, aki ugyanilyen kegyetlen sorsra jutott, egy nagyv\u00e1radi zsid\u00f3 l\u00e1ny, aki 13 \u00e9ves kor\u00e1ban tragikus v\u00e9get \u00e9rt az auschwitzi t\u00e1borban. N\u00e9h\u00e1ny h\u00f3nappal a deport\u00e1l\u00e1sa el\u0151tt napl\u00f3t kezd \u00edrni, amelyben gondolatait, \u00e9rz\u00e9seit, v\u00e1gyait, de olyan esem\u00e9nyeket \u00e9s esem\u00e9nyeket is lejegyzi, amelyek megragadj\u00e1k \u00e9s \u00fajraalkotj\u00e1k a n\u00e1ci inv\u00e1zi\u00f3 \u00e9s a k\u00f6r\u00fcl\u00f6tt\u00fck terjesztett antiszemita gy\u0171l\u00f6let \u00e1ltal gener\u00e1lt v\u00e1ltoz\u00f3 vil\u00e1g val\u00f3s\u00e1g\u00e1t. \u00cdgy a rem\u00e9l\u0151, szeret\u0151, \u00e1lmodoz\u00f3 gyermek-megfigyel\u0151 \u00e1ltal nagy vil\u00e1goss\u00e1ggal \u00edrt sorok k\u00f6z\u00f6tt kiolvashat\u00f3 a saj\u00e1t f\u00e9lelme, k\u00e9ts\u00e9gbees\u00e9se \u00e9s tehetetlens\u00e9ge, valamint a marginaliz\u00e1lt \u00e9s el\u00edt\u00e9lt t\u00e1rsai\u00e9, de a t\u00f6bbiek, az \u00fagynevezett &quot;\u00e1rj\u00e1k&quot; hozz\u00e1\u00e1ll\u00e1sa is, akik k\u00f6z\u00fcl n\u00e9melyeket h\u00f3h\u00e9rokk\u00e1, m\u00e1sokat seg\u00edt\u0151kk\u00e9 v\u00e1ltoztattak. A napl\u00f3t a csal\u00e1d szak\u00e1csn\u0151je csemp\u00e9szte ki a gett\u00f3b\u00f3l, ahov\u00e1 a zsid\u00f3kat er\u0151szakkal k\u00f6lt\u00f6ztett\u00e9k, majd \u00c9va \u00e9desanyj\u00e1nak adta, aki t\u00fal\u00e9lte a holokausztot. Agnes Heyman \u00fagy d\u00f6nt\u00f6tt, hogy k\u00f6zz\u00e9teszi l\u00e1nya jegyzeteit, amelyek hiteles tan\u00fas\u00e1gt\u00e9telek, \u00e9s mindig \u0151rk\u00f6dni fognak, hogy az ilyen atrocit\u00e1sok ne mer\u00fcljenek feled\u00e9sbe, \u00e9s soha ne ism\u00e9tl\u0151djenek meg.<\/p>\n<p>A Regina Maria Sz\u00ednh\u00e1zban bemutatott el\u0151ad\u00e1s a napl\u00f3 dramatiz\u00e1l\u00e1sa, \u00e9s kett\u0151s k\u00fcldet\u00e9se van: tisztelegni Eva Heyman, a b\u00e1tor \u00e9s \u00e9lesl\u00e1t\u00f3 kisl\u00e1ny el\u0151tt, aki egy k\u00e9nyszer\u00edt\u0151 rendszer \u00e1ldozata lett, \u00e9s csatlakozni \u2013 m\u00e1s feljegyz\u00e9sekkel, dokumentumokkal, t\u00f6rt\u00e9nelmi eml\u00e9kekkel \u00e9s nagyv\u00e1radi zsid\u00f3 \u00e9p\u00fcletekkel egy\u00fctt \u2013 az ilyen atrocit\u00e1sok elleni tan\u00fas\u00e1gt\u00e9telek-ki\u00e1ltv\u00e1nyok k\u00f6rforg\u00e1s\u00e1hoz.<\/p>\n<p>A darab monodr\u00e1ma form\u00e1j\u00e1ban jelenik meg, tiszteletben tartva az \u00e9letrajzi jegyzetek kronol\u00f3gi\u00e1j\u00e1t, hol a kisl\u00e1ny legbens\u0151s\u00e9gesebb gondolatainak felt\u00e1r\u00e1sa, hol pedig olyan esem\u00e9nyek r\u00f6gz\u00edt\u00e9se k\u00f6z\u00f6tt ingadozik, amelyek egy \u00f6sszetett t\u00f6rt\u00e9nelmi k\u00e9pet rekonstru\u00e1lnak, amelyben Nagyv\u00e1rad 1944-ben \u00e9s egy megvetett \u00e9s igazs\u00e1gtalanul lem\u00e9sz\u00e1rolt n\u00e9p trag\u00e9di\u00e1ja jelenik meg, ez\u00e1ltal alapvet\u0151en bibliogr\u00e1fiai aspektust is felv\u00e9ve.<\/p>\n<p>Eva Heyman szerep\u00e9t a szint\u00e9n nagyv\u00e1radi Ioana-Maria Repciuc sz\u00edn\u00e9szn\u0151 j\u00e1tssza, aki el\u0151sz\u00f6r l\u00e9p fel profi sz\u00edn\u00e9szk\u00e9nt a Regina Maria Sz\u00ednh\u00e1z sz\u00ednpad\u00e1n:<\/p>\n<p><em>\u00c9va mindenk\u00e9ppen nagy kih\u00edv\u00e1s sz\u00e1momra. Mindig, minden szerepbe, amibe belev\u00e1gok, teljesen bele\u00e9lem magam. \u00c9v\u00e1val ez enn\u00e9l t\u00f6bb volt. Az els\u0151 pillanatt\u00f3l kezdve hatalmas felel\u0151ss\u00e9get \u00e9s egyfajta k\u00f6teless\u00e9get \u00e9reztem ir\u00e1nta a kisl\u00e1ny ir\u00e1nt. Azt akarta, hogy a t\u00f6rt\u00e9net\u00e9t ismertt\u00e9 tegy\u00e9k, ez\u00e9rt egy napl\u00f3t hagyott h\u00e1tra, amit szent\u00fcl \u0151rz\u00f6tt. Ahogy csak tudom, igyekszem teljes\u00edteni a k\u00edv\u00e1ns\u00e1g\u00e1t. (Ioana-Maria Repciuc)<\/em><\/p>\n<p>\u00a0A dramatiz\u00e1l\u00e1st \u00e9s a rendez\u00e9st Emil Sauciuc sz\u00edn\u00e9sz \u00edrta Ioana-Maria Repciuccal egy\u00fcttm\u0171k\u00f6dve:<\/p>\n<p><em>N\u00e9h\u00e1ny \u00e9vvel ezel\u0151tt felfedeztem Eva Heyman napl\u00f3j\u00e1t, elolvastam, faltam az eg\u00e9szet. Annyira mag\u00e1val ragadott, hogy olvas\u00e1s ut\u00e1n azonnal elkezdtem dramatiz\u00e1lni. T\u00f6k\u00e9letes volt sz\u00ednpadra... Mik\u00f6zben dolgoztam rajta, sokat felfedeztem Eva karakter\u00e9r\u0151l, a sz\u00fcleihez \u00e9s rokonaihoz, a bar\u00e1taihoz, de a r\u00e9szben \u0151r\u00fclt, v\u00e9res t\u00e1rsadalomhoz f\u0171z\u0151d\u0151 kapcsolat\u00e1r\u00f3l is, amelyet \u00e1thatott a hal\u00e1l \u00e9s az embertelen\u00edt\u00e9s.<\/em><\/p>\n<p><em>M\u0171sorunk egy ki\u00e1ltv\u00e1ny a kort\u00e1rs vil\u00e1g borzalmai ellen. A zsid\u00f3k k\u00ednz\u00e1ssal \u00e9s g\u00e1zzal t\u00f6rt\u00e9n\u0151 meggyilkol\u00e1sa olyan k\u00f6zel t\u00f6rt\u00e9nt hozz\u00e1nk, ehhez a korszakhoz, hogy megr\u00e9m\u00edt. (Emil Sauciuc)<\/em><\/p>\n<p>A d\u00edszlettervez\u0151 Ilinca Ghimb\u0103\u0219an, a vet\u00edt\u00e9s\u00e9rt \u00e9s a filmzen\u00e9\u00e9rt pedig Ioana-Maria Repciuc felelt.<\/p>\n<p>A premierre a jegyek m\u00e1r elkeltek, de a november 30-\u00e1n, 18:00 \u00f3r\u00e1t\u00f3l az Arcadia Hallban megrendez\u00e9sre ker\u00fcl\u0151 k\u00f6vetkez\u0151 el\u0151ad\u00e1sra m\u00e9g mindig lehet v\u00e1s\u00e1rolni \u0151ket a sz\u00ednh\u00e1z \u00fcgyn\u00f6ks\u00e9g\u00e9n\u00e9l, amely keddt\u0151l p\u00e9ntekig 10:00 \u00e9s 14:00 \u00f3ra k\u00f6z\u00f6tt tart nyitva, vagy online az Eventim.ro oldalon, vagy egy \u00f3r\u00e1val kor\u00e1bban az Arcadia Hallban (a szabad helyek f\u00fcggv\u00e9ny\u00e9ben).<\/p>\n<p>Az \u00faj, hat\u00e1lyos szab\u00e1lyoz\u00e1s \u00e9rtelm\u00e9ben a rendezv\u00e9nytermekbe csak a SARS-COV-2 v\u00edrus ellen beoltott szem\u00e9lyek l\u00e9phetnek be, akikn\u00e9l a teljes olt\u00e1si sorozat befejez\u00e9s\u00e9t\u0151l sz\u00e1m\u00edtott 10 nap telt el, akik igazol\u00e1st mutatnak be arr\u00f3l, hogy a SARS-CoV-2 fert\u0151z\u00e9s meger\u0151s\u00edt\u00e9s\u00e9t k\u00f6vet\u0151 15. \u00e9s 180. nap k\u00f6z\u00f6tt vannak, valamint a 12 \u00e9v alatti kiskor\u00faak. A rendezv\u00e9ny teljes id\u0151tartama alatt (az el\u0151csarnokba val\u00f3 bel\u00e9p\u00e9st\u0151l az \u00e9p\u00fclet elhagy\u00e1s\u00e1ig) k\u00f6telez\u0151 a v\u00e9d\u0151maszk visel\u00e9se.<\/p>\n<p>Szeretettel v\u00e1runk!<\/p>\n<p>\u00a0<\/p>\n<p>\u00a0<\/p>","protected":false},"excerpt":{"rendered":"<p>\u00a0Eva Heyman \u2013 premier\u0103\u201eNe g\u00e2ndim la tine, Eva Heyman!\u201d\u00a0 Teatrul Regina Maria v\u0103 invit\u0103 la premiera unui spectacol aparte, care ilustreaz\u0103 un fragment din istoria ora\u0219ului Oradea, dar \u0219i a \u00eentregii lumi: \u201eEva Heyman\u201d, dramatizare, concept \u0219i regie: Emil Sauciuc \u0219i Ioana-Maria Repciuc, care va avea loc duminic\u0103, 21 noiembrie, de la ora 18:00, la [&hellip;]<\/p>\n","protected":false},"author":6,"featured_media":4984,"comment_status":"open","ping_status":"open","sticky":false,"template":"","format":"standard","meta":{"_acf_changed":false,"footnotes":""},"categories":[22],"tags":[],"class_list":["post-4990","post","type-post","status-publish","format-standard","has-post-thumbnail","hentry","category-noutati-trupa-iosif-vulcan"],"aioseo_notices":[],"aioseo_head":"\n\t\t<!-- All in One SEO Pro 5.0.1.1 - aioseo.com -->\n\t<meta name=\"description\" content=\"Eva Heyman \u2013 premier\u0103\u201eNe g\u00e2ndim la tine, Eva Heyman!\u201d Teatrul Regina Maria v\u0103 invit\u0103 la premiera unui spectacol aparte, care ilustreaz\u0103 un fragment din istoria ora\u0219ului Oradea, dar \u0219i a \u00eentregii lumi: \u201eEva Heyman\u201d, dramatizare, concept \u0219i regie: Emil Sauciuc \u0219i Ioana-Maria Repciuc, care va avea loc duminic\u0103, 21 noiembrie, de la ora 18:00, la\" \/>\n\t<meta name=\"robots\" content=\"max-image-preview:large\" \/>\n\t<meta name=\"author\" content=\"Teatrul Regina Maria\"\/>\n\t<link rel=\"canonical\" href=\"https:\/\/www.teatrulreginamaria.ro\/hu\/comunicat-de-presa-premiera-eva-heyman\/\" \/>\n\t<meta name=\"generator\" content=\"All in One SEO Pro (AIOSEO) 5.0.1.1\" \/>\n\t\t<meta property=\"og:locale\" content=\"hu_HU\" \/>\n\t\t<meta property=\"og:site_name\" content=\"Teatrul Regina Maria Oradea - Trupa Iosif Vulcan \u0219i Trupa Arcadia\" \/>\n\t\t<meta property=\"og:type\" content=\"article\" \/>\n\t\t<meta property=\"og:title\" content=\"COMUNICAT DE PRES\u0102 | Premier\u0103 \u201eEva Heyman\u201d - Teatrul Regina Maria Oradea\" \/>\n\t\t<meta property=\"og:description\" content=\"Eva Heyman \u2013 premier\u0103\u201eNe g\u00e2ndim la tine, Eva Heyman!\u201d Teatrul Regina Maria v\u0103 invit\u0103 la premiera unui spectacol aparte, care ilustreaz\u0103 un fragment din istoria ora\u0219ului Oradea, dar \u0219i a \u00eentregii lumi: \u201eEva Heyman\u201d, dramatizare, concept \u0219i regie: Emil Sauciuc \u0219i Ioana-Maria Repciuc, care va avea loc duminic\u0103, 21 noiembrie, de la ora 18:00, la\" \/>\n\t\t<meta property=\"og:url\" content=\"https:\/\/www.teatrulreginamaria.ro\/hu\/comunicat-de-presa-premiera-eva-heyman\/\" \/>\n\t\t<meta property=\"og:image\" content=\"https:\/\/www.teatrulreginamaria.ro\/wp-content\/uploads\/2025\/03\/trm-istoric-01.jpg\" \/>\n\t\t<meta property=\"og:image:secure_url\" content=\"https:\/\/www.teatrulreginamaria.ro\/wp-content\/uploads\/2025\/03\/trm-istoric-01.jpg\" \/>\n\t\t<meta property=\"og:image:width\" content=\"1200\" \/>\n\t\t<meta property=\"og:image:height\" content=\"800\" \/>\n\t\t<meta property=\"article:published_time\" content=\"2021-11-18T10:35:09+00:00\" \/>\n\t\t<meta property=\"article:modified_time\" content=\"2021-11-18T10:35:09+00:00\" \/>\n\t\t<meta property=\"article:publisher\" content=\"https:\/\/www.facebook.com\/TRMTrupaIosifVulcan\/\" \/>\n\t\t<meta name=\"twitter:card\" content=\"summary_large_image\" \/>\n\t\t<meta name=\"twitter:site\" content=\"@TRMOradea\" \/>\n\t\t<meta name=\"twitter:title\" content=\"COMUNICAT DE PRES\u0102 | Premier\u0103 \u201eEva Heyman\u201d - Teatrul Regina Maria Oradea\" \/>\n\t\t<meta name=\"twitter:description\" content=\"Eva Heyman \u2013 premier\u0103\u201eNe g\u00e2ndim la tine, Eva Heyman!\u201d Teatrul Regina Maria v\u0103 invit\u0103 la premiera unui spectacol aparte, care ilustreaz\u0103 un fragment din istoria ora\u0219ului Oradea, dar \u0219i a \u00eentregii lumi: \u201eEva Heyman\u201d, dramatizare, concept \u0219i regie: Emil Sauciuc \u0219i Ioana-Maria Repciuc, care va avea loc duminic\u0103, 21 noiembrie, de la ora 18:00, la\" \/>\n\t\t<meta name=\"twitter:creator\" content=\"@TRMOradea\" \/>\n\t\t<meta name=\"twitter:image\" content=\"https:\/\/www.teatrulreginamaria.ro\/wp-content\/uploads\/2025\/03\/trm-istoric-01.jpg\" \/>\n\t\t<script type=\"application\/ld+json\" class=\"aioseo-schema\">\n\t\t\t{\"@context\":\"https:\\\/\\\/schema.org\",\"@graph\":[{\"@type\":\"BlogPosting\",\"@id\":\"https:\\\/\\\/www.teatrulreginamaria.ro\\\/hu\\\/comunicat-de-presa-premiera-eva-heyman\\\/#blogposting\",\"name\":\"COMUNICAT DE PRES\\u0102 | Premier\\u0103 \\u201eEva Heyman\\u201d - Teatrul Regina Maria Oradea\",\"headline\":\"COMUNICAT DE PRES\\u0102 | Premier\\u0103 \\u201eEva Heyman\\u201d\",\"author\":{\"@id\":\"https:\\\/\\\/www.teatrulreginamaria.ro\\\/hu\\\/author\\\/w3bmaster\\\/#author\"},\"publisher\":{\"@id\":\"https:\\\/\\\/www.teatrulreginamaria.ro\\\/hu\\\/#organization\"},\"image\":{\"@type\":\"ImageObject\",\"url\":\"https:\\\/\\\/www.teatrulreginamaria.ro\\\/wp-content\\\/uploads\\\/2021\\\/11\\\/Eva_Heyman_31-scaled.jpg\",\"width\":2560,\"height\":1707},\"datePublished\":\"2021-11-18T10:35:09+02:00\",\"dateModified\":\"2021-11-18T10:35:09+02:00\",\"inLanguage\":\"hu-HU\",\"mainEntityOfPage\":{\"@id\":\"https:\\\/\\\/www.teatrulreginamaria.ro\\\/hu\\\/comunicat-de-presa-premiera-eva-heyman\\\/#webpage\"},\"isPartOf\":{\"@id\":\"https:\\\/\\\/www.teatrulreginamaria.ro\\\/hu\\\/comunicat-de-presa-premiera-eva-heyman\\\/#webpage\"},\"articleSection\":\"Nout\\u0103\\u021bi - Trupa Iosif Vulcan\"},{\"@type\":\"BreadcrumbList\",\"@id\":\"https:\\\/\\\/www.teatrulreginamaria.ro\\\/hu\\\/comunicat-de-presa-premiera-eva-heyman\\\/#breadcrumblist\",\"itemListElement\":[{\"@type\":\"ListItem\",\"@id\":\"https:\\\/\\\/www.teatrulreginamaria.ro\\\/hu#listItem\",\"position\":1,\"name\":\"Home\",\"item\":\"https:\\\/\\\/www.teatrulreginamaria.ro\\\/hu\",\"nextItem\":{\"@type\":\"ListItem\",\"@id\":\"https:\\\/\\\/www.teatrulreginamaria.ro\\\/hu\\\/categorie\\\/noutati\\\/#listItem\",\"name\":\"Nout\\u0103\\u021bi\"}},{\"@type\":\"ListItem\",\"@id\":\"https:\\\/\\\/www.teatrulreginamaria.ro\\\/hu\\\/categorie\\\/noutati\\\/#listItem\",\"position\":2,\"name\":\"Nout\\u0103\\u021bi\",\"item\":\"https:\\\/\\\/www.teatrulreginamaria.ro\\\/hu\\\/categorie\\\/noutati\\\/\",\"nextItem\":{\"@type\":\"ListItem\",\"@id\":\"https:\\\/\\\/www.teatrulreginamaria.ro\\\/hu\\\/categorie\\\/noutati\\\/noutati-trupa-iosif-vulcan\\\/#listItem\",\"name\":\"Nout\\u0103\\u021bi - Trupa Iosif Vulcan\"},\"previousItem\":{\"@type\":\"ListItem\",\"@id\":\"https:\\\/\\\/www.teatrulreginamaria.ro\\\/hu#listItem\",\"name\":\"Home\"}},{\"@type\":\"ListItem\",\"@id\":\"https:\\\/\\\/www.teatrulreginamaria.ro\\\/hu\\\/categorie\\\/noutati\\\/noutati-trupa-iosif-vulcan\\\/#listItem\",\"position\":3,\"name\":\"Nout\\u0103\\u021bi - Trupa Iosif Vulcan\",\"item\":\"https:\\\/\\\/www.teatrulreginamaria.ro\\\/hu\\\/categorie\\\/noutati\\\/noutati-trupa-iosif-vulcan\\\/\",\"nextItem\":{\"@type\":\"ListItem\",\"@id\":\"https:\\\/\\\/www.teatrulreginamaria.ro\\\/hu\\\/comunicat-de-presa-premiera-eva-heyman\\\/#listItem\",\"name\":\"COMUNICAT DE PRES\\u0102 | Premier\\u0103 \\u201eEva Heyman\\u201d\"},\"previousItem\":{\"@type\":\"ListItem\",\"@id\":\"https:\\\/\\\/www.teatrulreginamaria.ro\\\/hu\\\/categorie\\\/noutati\\\/#listItem\",\"name\":\"Nout\\u0103\\u021bi\"}},{\"@type\":\"ListItem\",\"@id\":\"https:\\\/\\\/www.teatrulreginamaria.ro\\\/hu\\\/comunicat-de-presa-premiera-eva-heyman\\\/#listItem\",\"position\":4,\"name\":\"COMUNICAT DE PRES\\u0102 | Premier\\u0103 \\u201eEva Heyman\\u201d\",\"previousItem\":{\"@type\":\"ListItem\",\"@id\":\"https:\\\/\\\/www.teatrulreginamaria.ro\\\/hu\\\/categorie\\\/noutati\\\/noutati-trupa-iosif-vulcan\\\/#listItem\",\"name\":\"Nout\\u0103\\u021bi - Trupa Iosif Vulcan\"}}]},{\"@type\":\"Organization\",\"@id\":\"https:\\\/\\\/www.teatrulreginamaria.ro\\\/hu\\\/#organization\",\"name\":\"Teatrul Regina Maria Oradea\",\"description\":\"Trupa Iosif Vulcan \\u0219i Trupa Arcadia\",\"url\":\"https:\\\/\\\/www.teatrulreginamaria.ro\\\/hu\\\/\",\"email\":\"marketing@teatrulreginamaria.ro\",\"telephone\":\"+40359411534\",\"numberOfEmployees\":{\"@type\":\"QuantitativeValue\",\"minValue\":0,\"maxValue\":150},\"logo\":{\"@type\":\"ImageObject\",\"url\":\"https:\\\/\\\/www.teatrulreginamaria.ro\\\/wp-content\\\/uploads\\\/2025\\\/06\\\/logo-trm-01-dark.png\",\"@id\":\"https:\\\/\\\/www.teatrulreginamaria.ro\\\/hu\\\/comunicat-de-presa-premiera-eva-heyman\\\/#organizationLogo\",\"width\":300,\"height\":148},\"image\":{\"@id\":\"https:\\\/\\\/www.teatrulreginamaria.ro\\\/hu\\\/comunicat-de-presa-premiera-eva-heyman\\\/#organizationLogo\"},\"sameAs\":[\"https:\\\/\\\/www.facebook.com\\\/TRMTrupaIosifVulcan\\\/\",\"https:\\\/\\\/x.com\\\/TRMOradea\",\"https:\\\/\\\/www.instagram.com\\\/teatrul_regina_maria\\\/\",\"https:\\\/\\\/www.youtube.com\\\/c\\\/TeatrulReginaMariaOradea\",\"https:\\\/\\\/www.linkedin.com\\\/company\\\/teatrul-regina-maria\"]},{\"@type\":\"Person\",\"@id\":\"https:\\\/\\\/www.teatrulreginamaria.ro\\\/hu\\\/author\\\/w3bmaster\\\/#author\",\"url\":\"https:\\\/\\\/www.teatrulreginamaria.ro\\\/hu\\\/author\\\/w3bmaster\\\/\",\"name\":\"Teatrul Regina Maria\",\"image\":{\"@type\":\"ImageObject\",\"@id\":\"https:\\\/\\\/www.teatrulreginamaria.ro\\\/hu\\\/comunicat-de-presa-premiera-eva-heyman\\\/#authorImage\",\"url\":\"https:\\\/\\\/secure.gravatar.com\\\/avatar\\\/5884139d508ae3f0bafe45e60563b48a9640146d3b08ccc6278c305ff9329305?s=96&d=mm&r=g\",\"width\":96,\"height\":96,\"caption\":\"Teatrul Regina Maria\"}},{\"@type\":\"WebPage\",\"@id\":\"https:\\\/\\\/www.teatrulreginamaria.ro\\\/hu\\\/comunicat-de-presa-premiera-eva-heyman\\\/#webpage\",\"url\":\"https:\\\/\\\/www.teatrulreginamaria.ro\\\/hu\\\/comunicat-de-presa-premiera-eva-heyman\\\/\",\"name\":\"COMUNICAT DE PRES\\u0102 | Premier\\u0103 \\u201eEva Heyman\\u201d - Teatrul Regina Maria Oradea\",\"description\":\"Eva Heyman \\u2013 premier\\u0103\\u201eNe g\\u00e2ndim la tine, Eva Heyman!\\u201d Teatrul Regina Maria v\\u0103 invit\\u0103 la premiera unui spectacol aparte, care ilustreaz\\u0103 un fragment din istoria ora\\u0219ului Oradea, dar \\u0219i a \\u00eentregii lumi: \\u201eEva Heyman\\u201d, dramatizare, concept \\u0219i regie: Emil Sauciuc \\u0219i Ioana-Maria Repciuc, care va avea loc duminic\\u0103, 21 noiembrie, de la ora 18:00, la\",\"inLanguage\":\"hu-HU\",\"isPartOf\":{\"@id\":\"https:\\\/\\\/www.teatrulreginamaria.ro\\\/hu\\\/#website\"},\"breadcrumb\":{\"@id\":\"https:\\\/\\\/www.teatrulreginamaria.ro\\\/hu\\\/comunicat-de-presa-premiera-eva-heyman\\\/#breadcrumblist\"},\"author\":{\"@id\":\"https:\\\/\\\/www.teatrulreginamaria.ro\\\/hu\\\/author\\\/w3bmaster\\\/#author\"},\"creator\":{\"@id\":\"https:\\\/\\\/www.teatrulreginamaria.ro\\\/hu\\\/author\\\/w3bmaster\\\/#author\"},\"image\":{\"@type\":\"ImageObject\",\"url\":\"https:\\\/\\\/www.teatrulreginamaria.ro\\\/wp-content\\\/uploads\\\/2021\\\/11\\\/Eva_Heyman_31-scaled.jpg\",\"@id\":\"https:\\\/\\\/www.teatrulreginamaria.ro\\\/hu\\\/comunicat-de-presa-premiera-eva-heyman\\\/#mainImage\",\"width\":2560,\"height\":1707},\"primaryImageOfPage\":{\"@id\":\"https:\\\/\\\/www.teatrulreginamaria.ro\\\/hu\\\/comunicat-de-presa-premiera-eva-heyman\\\/#mainImage\"},\"datePublished\":\"2021-11-18T10:35:09+02:00\",\"dateModified\":\"2021-11-18T10:35:09+02:00\"},{\"@type\":\"WebSite\",\"@id\":\"https:\\\/\\\/www.teatrulreginamaria.ro\\\/hu\\\/#website\",\"url\":\"https:\\\/\\\/www.teatrulreginamaria.ro\\\/hu\\\/\",\"name\":\"Teatrul Regina Maria Oradea\",\"alternateName\":\"TRM Oradea\",\"description\":\"Trupa Iosif Vulcan \\u0219i Trupa Arcadia\",\"inLanguage\":\"hu-HU\",\"publisher\":{\"@id\":\"https:\\\/\\\/www.teatrulreginamaria.ro\\\/hu\\\/#organization\"}}]}\n\t\t<\/script>\n\t\t<!-- All in One SEO Pro -->\r\n\t\t<title>COMUNICAT DE PRES\u0102 | Premier\u0103 \u201eEva Heyman\u201d - Teatrul Regina Maria Oradea<\/title>\n\n","aioseo_head_json":{"title":"SAJT\u00d3K\u00d6ZLEM\u00c9NY | Az &quot;Eva Heyman&quot; premierje - Regina Maria Sz\u00ednh\u00e1z, Nagyv\u00e1radi","description":"Eva Heyman \u2013 premier \u201eGondolunk r\u00e1d, Eva Heyman!\u201d A Regina Maria Sz\u00ednh\u00e1z egy k\u00fcl\u00f6nleges el\u0151ad\u00e1s premierj\u00e9re h\u00edvja \u00d6nt, amely Nagyv\u00e1rad, de az eg\u00e9sz vil\u00e1g t\u00f6rt\u00e9nelm\u00e9nek egy r\u00e9szlet\u00e9t illusztr\u00e1lja: \u201eEva Heyman\u201d, dramatiz\u00e1l\u00e1s, koncepci\u00f3 \u00e9s rendez\u0151: Emil Sauciuc \u00e9s Ioana-Maria Repciuc, november 21-\u00e9n, vas\u00e1rnap 18:00 \u00f3r\u00e1t\u00f3l.","canonical_url":"https:\/\/www.teatrulreginamaria.ro\/hu\/comunicat-de-presa-premiera-eva-heyman\/","robots":"max-image-preview:large","keywords":"","webmasterTools":{"miscellaneous":""},"schema":{"@context":"https:\/\/schema.org","@graph":[{"@type":"BlogPosting","@id":"https:\/\/www.teatrulreginamaria.ro\/hu\/comunicat-de-presa-premiera-eva-heyman\/#blogposting","name":"COMUNICAT DE PRES\u0102 | Premier\u0103 \u201eEva Heyman\u201d - Teatrul Regina Maria Oradea","headline":"COMUNICAT DE PRES\u0102 | Premier\u0103 \u201eEva Heyman\u201d","author":{"@id":"https:\/\/www.teatrulreginamaria.ro\/hu\/author\/w3bmaster\/#author"},"publisher":{"@id":"https:\/\/www.teatrulreginamaria.ro\/hu\/#organization"},"image":{"@type":"ImageObject","url":"https:\/\/www.teatrulreginamaria.ro\/wp-content\/uploads\/2021\/11\/Eva_Heyman_31-scaled.jpg","width":2560,"height":1707},"datePublished":"2021-11-18T10:35:09+02:00","dateModified":"2021-11-18T10:35:09+02:00","inLanguage":"hu-HU","mainEntityOfPage":{"@id":"https:\/\/www.teatrulreginamaria.ro\/hu\/comunicat-de-presa-premiera-eva-heyman\/#webpage"},"isPartOf":{"@id":"https:\/\/www.teatrulreginamaria.ro\/hu\/comunicat-de-presa-premiera-eva-heyman\/#webpage"},"articleSection":"Nout\u0103\u021bi - Trupa Iosif Vulcan"},{"@type":"BreadcrumbList","@id":"https:\/\/www.teatrulreginamaria.ro\/hu\/comunicat-de-presa-premiera-eva-heyman\/#breadcrumblist","itemListElement":[{"@type":"ListItem","@id":"https:\/\/www.teatrulreginamaria.ro\/hu#listItem","position":1,"name":"Home","item":"https:\/\/www.teatrulreginamaria.ro\/hu","nextItem":{"@type":"ListItem","@id":"https:\/\/www.teatrulreginamaria.ro\/hu\/categorie\/noutati\/#listItem","name":"Nout\u0103\u021bi"}},{"@type":"ListItem","@id":"https:\/\/www.teatrulreginamaria.ro\/hu\/categorie\/noutati\/#listItem","position":2,"name":"Nout\u0103\u021bi","item":"https:\/\/www.teatrulreginamaria.ro\/hu\/categorie\/noutati\/","nextItem":{"@type":"ListItem","@id":"https:\/\/www.teatrulreginamaria.ro\/hu\/categorie\/noutati\/noutati-trupa-iosif-vulcan\/#listItem","name":"Nout\u0103\u021bi - Trupa Iosif Vulcan"},"previousItem":{"@type":"ListItem","@id":"https:\/\/www.teatrulreginamaria.ro\/hu#listItem","name":"Home"}},{"@type":"ListItem","@id":"https:\/\/www.teatrulreginamaria.ro\/hu\/categorie\/noutati\/noutati-trupa-iosif-vulcan\/#listItem","position":3,"name":"Nout\u0103\u021bi - Trupa Iosif Vulcan","item":"https:\/\/www.teatrulreginamaria.ro\/hu\/categorie\/noutati\/noutati-trupa-iosif-vulcan\/","nextItem":{"@type":"ListItem","@id":"https:\/\/www.teatrulreginamaria.ro\/hu\/comunicat-de-presa-premiera-eva-heyman\/#listItem","name":"COMUNICAT DE PRES\u0102 | Premier\u0103 \u201eEva Heyman\u201d"},"previousItem":{"@type":"ListItem","@id":"https:\/\/www.teatrulreginamaria.ro\/hu\/categorie\/noutati\/#listItem","name":"Nout\u0103\u021bi"}},{"@type":"ListItem","@id":"https:\/\/www.teatrulreginamaria.ro\/hu\/comunicat-de-presa-premiera-eva-heyman\/#listItem","position":4,"name":"COMUNICAT DE PRES\u0102 | Premier\u0103 \u201eEva Heyman\u201d","previousItem":{"@type":"ListItem","@id":"https:\/\/www.teatrulreginamaria.ro\/hu\/categorie\/noutati\/noutati-trupa-iosif-vulcan\/#listItem","name":"Nout\u0103\u021bi - Trupa Iosif Vulcan"}}]},{"@type":"Organization","@id":"https:\/\/www.teatrulreginamaria.ro\/hu\/#organization","name":"Teatrul Regina Maria Oradea","description":"Trupa Iosif Vulcan \u0219i Trupa Arcadia","url":"https:\/\/www.teatrulreginamaria.ro\/hu\/","email":"marketing@teatrulreginamaria.ro","telephone":"+40359411534","numberOfEmployees":{"@type":"QuantitativeValue","minValue":0,"maxValue":150},"logo":{"@type":"ImageObject","url":"https:\/\/www.teatrulreginamaria.ro\/wp-content\/uploads\/2025\/06\/logo-trm-01-dark.png","@id":"https:\/\/www.teatrulreginamaria.ro\/hu\/comunicat-de-presa-premiera-eva-heyman\/#organizationLogo","width":300,"height":148},"image":{"@id":"https:\/\/www.teatrulreginamaria.ro\/hu\/comunicat-de-presa-premiera-eva-heyman\/#organizationLogo"},"sameAs":["https:\/\/www.facebook.com\/TRMTrupaIosifVulcan\/","https:\/\/x.com\/TRMOradea","https:\/\/www.instagram.com\/teatrul_regina_maria\/","https:\/\/www.youtube.com\/c\/TeatrulReginaMariaOradea","https:\/\/www.linkedin.com\/company\/teatrul-regina-maria"]},{"@type":"Person","@id":"https:\/\/www.teatrulreginamaria.ro\/hu\/author\/w3bmaster\/#author","url":"https:\/\/www.teatrulreginamaria.ro\/hu\/author\/w3bmaster\/","name":"Teatrul Regina Maria","image":{"@type":"ImageObject","@id":"https:\/\/www.teatrulreginamaria.ro\/hu\/comunicat-de-presa-premiera-eva-heyman\/#authorImage","url":"https:\/\/secure.gravatar.com\/avatar\/5884139d508ae3f0bafe45e60563b48a9640146d3b08ccc6278c305ff9329305?s=96&d=mm&r=g","width":96,"height":96,"caption":"Teatrul Regina Maria"}},{"@type":"WebPage","@id":"https:\/\/www.teatrulreginamaria.ro\/hu\/comunicat-de-presa-premiera-eva-heyman\/#webpage","url":"https:\/\/www.teatrulreginamaria.ro\/hu\/comunicat-de-presa-premiera-eva-heyman\/","name":"COMUNICAT DE PRES\u0102 | Premier\u0103 \u201eEva Heyman\u201d - Teatrul Regina Maria Oradea","description":"Eva Heyman \u2013 premier\u0103\u201eNe g\u00e2ndim la tine, Eva Heyman!\u201d Teatrul Regina Maria v\u0103 invit\u0103 la premiera unui spectacol aparte, care ilustreaz\u0103 un fragment din istoria ora\u0219ului Oradea, dar \u0219i a \u00eentregii lumi: \u201eEva Heyman\u201d, dramatizare, concept \u0219i regie: Emil Sauciuc \u0219i Ioana-Maria Repciuc, care va avea loc duminic\u0103, 21 noiembrie, de la ora 18:00, la","inLanguage":"hu-HU","isPartOf":{"@id":"https:\/\/www.teatrulreginamaria.ro\/hu\/#website"},"breadcrumb":{"@id":"https:\/\/www.teatrulreginamaria.ro\/hu\/comunicat-de-presa-premiera-eva-heyman\/#breadcrumblist"},"author":{"@id":"https:\/\/www.teatrulreginamaria.ro\/hu\/author\/w3bmaster\/#author"},"creator":{"@id":"https:\/\/www.teatrulreginamaria.ro\/hu\/author\/w3bmaster\/#author"},"image":{"@type":"ImageObject","url":"https:\/\/www.teatrulreginamaria.ro\/wp-content\/uploads\/2021\/11\/Eva_Heyman_31-scaled.jpg","@id":"https:\/\/www.teatrulreginamaria.ro\/hu\/comunicat-de-presa-premiera-eva-heyman\/#mainImage","width":2560,"height":1707},"primaryImageOfPage":{"@id":"https:\/\/www.teatrulreginamaria.ro\/hu\/comunicat-de-presa-premiera-eva-heyman\/#mainImage"},"datePublished":"2021-11-18T10:35:09+02:00","dateModified":"2021-11-18T10:35:09+02:00"},{"@type":"WebSite","@id":"https:\/\/www.teatrulreginamaria.ro\/hu\/#website","url":"https:\/\/www.teatrulreginamaria.ro\/hu\/","name":"Teatrul Regina Maria Oradea","alternateName":"TRM Oradea","description":"Trupa Iosif Vulcan \u0219i Trupa Arcadia","inLanguage":"hu-HU","publisher":{"@id":"https:\/\/www.teatrulreginamaria.ro\/hu\/#organization"}}]},"og:locale":"hu_HU","og:site_name":"Teatrul Regina Maria Oradea - Trupa Iosif Vulcan \u0219i Trupa Arcadia","og:type":"article","og:title":"COMUNICAT DE PRES\u0102 | Premier\u0103 \u201eEva Heyman\u201d - Teatrul Regina Maria Oradea","og:description":"Eva Heyman \u2013 premier\u0103\u201eNe g\u00e2ndim la tine, Eva Heyman!\u201d Teatrul Regina Maria v\u0103 invit\u0103 la premiera unui spectacol aparte, care ilustreaz\u0103 un fragment din istoria ora\u0219ului Oradea, dar \u0219i a \u00eentregii lumi: \u201eEva Heyman\u201d, dramatizare, concept \u0219i regie: Emil Sauciuc \u0219i Ioana-Maria Repciuc, care va avea loc duminic\u0103, 21 noiembrie, de la ora 18:00, la","og:url":"https:\/\/www.teatrulreginamaria.ro\/hu\/comunicat-de-presa-premiera-eva-heyman\/","og:image":"https:\/\/www.teatrulreginamaria.ro\/wp-content\/uploads\/2025\/03\/trm-istoric-01.jpg","og:image:secure_url":"https:\/\/www.teatrulreginamaria.ro\/wp-content\/uploads\/2025\/03\/trm-istoric-01.jpg","og:image:width":1200,"og:image:height":800,"article:published_time":"2021-11-18T10:35:09+00:00","article:modified_time":"2021-11-18T10:35:09+00:00","article:publisher":"https:\/\/www.facebook.com\/TRMTrupaIosifVulcan\/","twitter:card":"summary_large_image","twitter:site":"@TRMOradea","twitter:title":"COMUNICAT DE PRES\u0102 | Premier\u0103 \u201eEva Heyman\u201d - Teatrul Regina Maria Oradea","twitter:description":"Eva Heyman \u2013 premier\u0103\u201eNe g\u00e2ndim la tine, Eva Heyman!\u201d Teatrul Regina Maria v\u0103 invit\u0103 la premiera unui spectacol aparte, care ilustreaz\u0103 un fragment din istoria ora\u0219ului Oradea, dar \u0219i a \u00eentregii lumi: \u201eEva Heyman\u201d, dramatizare, concept \u0219i regie: Emil Sauciuc \u0219i Ioana-Maria Repciuc, care va avea loc duminic\u0103, 21 noiembrie, de la ora 18:00, la","twitter:creator":"@TRMOradea","twitter:image":"https:\/\/www.teatrulreginamaria.ro\/wp-content\/uploads\/2025\/03\/trm-istoric-01.jpg"},"aioseo_meta_data":{"post_id":"4990","title":null,"description":null,"keywords":null,"keyphrases":null,"primary_term":null,"canonical_url":null,"og_title":null,"og_description":null,"og_object_type":"default","og_image_type":"default","og_image_url":null,"og_image_width":null,"og_image_height":null,"og_image_custom_url":null,"og_image_custom_fields":null,"og_video":null,"og_custom_url":null,"og_article_section":null,"og_article_tags":null,"twitter_use_og":false,"twitter_card":"default","twitter_image_type":"default","twitter_image_url":null,"twitter_image_custom_url":null,"twitter_image_custom_fields":null,"twitter_title":null,"twitter_description":null,"schema":{"blockGraphs":[],"customGraphs":[],"default":{"data":{"Article":[],"Course":[],"Dataset":[],"FAQPage":[],"Movie":[],"Person":[],"Product":[],"ProductReview":[],"Car":[],"Recipe":[],"Service":[],"SoftwareApplication":[],"WebPage":[]},"graphName":"","isEnabled":true},"graphs":[]},"schema_type":"default","schema_type_options":null,"pillar_content":false,"robots_default":true,"robots_noindex":false,"robots_noarchive":false,"robots_nosnippet":false,"robots_nofollow":false,"robots_noimageindex":false,"robots_noodp":false,"robots_notranslate":false,"robots_max_snippet":null,"robots_max_videopreview":null,"robots_max_imagepreview":"large","priority":null,"frequency":null,"local_seo":null,"seo_analyzer_scan_date":"2026-05-13 02:50:37","breadcrumb_settings":null,"limit_modified_date":false,"reviewed_by":null,"open_ai":null,"ai":null,"created":"2025-04-09 17:42:43","updated":"2026-05-13 02:50:37","focus_keyword":null,"additional_keywords":null,"truseo_locale":null},"aioseo_breadcrumb":"<div class=\"aioseo-breadcrumbs\"><span class=\"aioseo-breadcrumb\">\n\t<a href=\"https:\/\/www.teatrulreginamaria.ro\/hu\" title=\"Home\">Home<\/a>\n<\/span><span class=\"aioseo-breadcrumb-separator\">&raquo;<\/span><span class=\"aioseo-breadcrumb\">\n\t<a href=\"https:\/\/www.teatrulreginamaria.ro\/hu\/categorie\/noutati\/\" title=\"Nout\u0103\u021bi\">Nout\u0103\u021bi<\/a>\n<\/span><span class=\"aioseo-breadcrumb-separator\">&raquo;<\/span><span class=\"aioseo-breadcrumb\">\n\t<a href=\"https:\/\/www.teatrulreginamaria.ro\/hu\/categorie\/noutati\/noutati-trupa-iosif-vulcan\/\" title=\"Nout\u0103\u021bi - Trupa Iosif Vulcan\">Nout\u0103\u021bi - Trupa Iosif Vulcan<\/a>\n<\/span><span class=\"aioseo-breadcrumb-separator\">&raquo;<\/span><span class=\"aioseo-breadcrumb\">\n\tCOMUNICAT DE PRES\u0102 | Premier\u0103 \u201eEva Heyman\u201d\n<\/span><\/div>","aioseo_breadcrumb_json":[{"label":"Home","link":"https:\/\/www.teatrulreginamaria.ro\/hu"},{"label":"Nout\u0103\u021bi","link":"https:\/\/www.teatrulreginamaria.ro\/hu\/categorie\/noutati\/"},{"label":"Nout\u0103\u021bi - Trupa Iosif Vulcan","link":"https:\/\/www.teatrulreginamaria.ro\/hu\/categorie\/noutati\/noutati-trupa-iosif-vulcan\/"},{"label":"COMUNICAT DE PRES\u0102 | Premier\u0103 \u201eEva Heyman\u201d","link":"https:\/\/www.teatrulreginamaria.ro\/hu\/comunicat-de-presa-premiera-eva-heyman\/"}],"acf":[],"_links":{"self":[{"href":"https:\/\/www.teatrulreginamaria.ro\/hu\/wp-json\/wp\/v2\/posts\/4990","targetHints":{"allow":["GET"]}}],"collection":[{"href":"https:\/\/www.teatrulreginamaria.ro\/hu\/wp-json\/wp\/v2\/posts"}],"about":[{"href":"https:\/\/www.teatrulreginamaria.ro\/hu\/wp-json\/wp\/v2\/types\/post"}],"author":[{"embeddable":true,"href":"https:\/\/www.teatrulreginamaria.ro\/hu\/wp-json\/wp\/v2\/users\/6"}],"replies":[{"embeddable":true,"href":"https:\/\/www.teatrulreginamaria.ro\/hu\/wp-json\/wp\/v2\/comments?post=4990"}],"version-history":[{"count":0,"href":"https:\/\/www.teatrulreginamaria.ro\/hu\/wp-json\/wp\/v2\/posts\/4990\/revisions"}],"wp:featuredmedia":[{"embeddable":true,"href":"https:\/\/www.teatrulreginamaria.ro\/hu\/wp-json\/wp\/v2\/media\/4984"}],"wp:attachment":[{"href":"https:\/\/www.teatrulreginamaria.ro\/hu\/wp-json\/wp\/v2\/media?parent=4990"}],"wp:term":[{"taxonomy":"category","embeddable":true,"href":"https:\/\/www.teatrulreginamaria.ro\/hu\/wp-json\/wp\/v2\/categories?post=4990"},{"taxonomy":"post_tag","embeddable":true,"href":"https:\/\/www.teatrulreginamaria.ro\/hu\/wp-json\/wp\/v2\/tags?post=4990"}],"curies":[{"name":"munkaf\u00fczet","href":"https:\/\/api.w.org\/{rel}","templated":true}]}}