{"id":5044,"date":"2022-02-15T08:11:59","date_gmt":"2022-02-15T08:11:59","guid":{"rendered":"https:\/\/teatrulreginamaria.ro\/2022\/02\/15\/start-inscrieri-la-la-cea-de-a-xxvi-a-editie-a-festivalului-de-teatru-scurt-2022\/"},"modified":"2022-02-15T08:11:59","modified_gmt":"2022-02-15T08:11:59","slug":"megkezdodott-a-regisztracio-a-2022-es-rovidszinhazi-fesztival-26-kiadasara","status":"publish","type":"post","link":"https:\/\/www.teatrulreginamaria.ro\/hu\/start-inscrieri-la-la-cea-de-a-xxvi-a-editie-a-festivalului-de-teatru-scurt-2022\/","title":{"rendered":"Megny\u00edlik a regisztr\u00e1ci\u00f3 a 26. alkalommal megrendezett R\u00f6vid Sz\u00ednh\u00e1zi Fesztiv\u00e1lra | 2022"},"content":{"rendered":"<p>A nagyv\u00e1radi Regina Maria Sz\u00ednh\u00e1z meghirdeti a regisztr\u00e1ci\u00f3t a 26. alkalommal megrendezett R\u00f6vidsz\u00ednh\u00e1zi Fesztiv\u00e1lra. A rom\u00e1niai sz\u00ednh\u00e1zi t\u00e1jon egyed\u00fcl\u00e1ll\u00f3 esem\u00e9ny 2022. j\u00fanius 12. \u00e9s 19. k\u00f6z\u00f6tt ker\u00fcl megrendez\u00e9sre.<\/p>\n<p><!--more--><\/p>\n<p><strong>R\u00d6VID SZ\u00cdNH\u00c1ZI FESZTIV\u00c1L \u2013 VERSENYSZEKCI\u00d3<br \/><\/strong><strong>kiad\u00e1s<\/strong><strong>26. kiad\u00e1s, Nagyv\u00e1rad<\/strong><strong>\u00a0(<\/strong><strong>2022. j\u00fanius 9\u201319.)<\/strong><\/p>\n<ol>\n<li><strong>R\u00d6VID T\u00d6RT\u00c9NET<\/strong><\/li>\n<\/ol>\n<p>A R\u00f6vidsz\u00ednm\u0171vek Fesztiv\u00e1lja, Rom\u00e1nia egyetlen egyfelvon\u00e1sos daraboknak szentelt fesztiv\u00e1lja, egy olyan hossz\u00fa m\u00faltra visszatekint\u0151 kultur\u00e1lis esem\u00e9ny, amelyhez foghat\u00f3t kev\u00e9s fesztiv\u00e1l tart az orsz\u00e1gban \u2013 az els\u0151 kiad\u00e1sra 1976-ban ker\u00fclt sor. Az 1984-es 6. kiad\u00e1st\u00f3l kezdve a R\u00f6vidsz\u00ednm\u0171vek Fesztiv\u00e1lja nemzetk\u00f6ziv\u00e9 v\u00e1lt.<\/p>\n<p>A nagyv\u00e1radiak Magyarorsz\u00e1gr\u00f3l, Olaszorsz\u00e1gb\u00f3l, Franciaorsz\u00e1gb\u00f3l, Horv\u00e1torsz\u00e1gb\u00f3l, Csehorsz\u00e1gb\u00f3l, Moldova K\u00f6zt\u00e1rsas\u00e1gb\u00f3l, de a t\u00e1voli Jap\u00e1nb\u00f3l is megtekintettek m\u0171sorokat. Az id\u0151k sor\u00e1n fontos vend\u00e9gek \u2013 sz\u00edn\u00e9szek, rendez\u0151k, t\u00e1ncosok, d\u00edszlettervez\u0151k, sz\u00ednh\u00e1zkritikusok, fesztiv\u00e1ligazgat\u00f3k, de a rom\u00e1n kultur\u00e1lis \u00e9let kiemelked\u0151 szem\u00e9lyis\u00e9gei is \u2013 vettek r\u00e9szt a nagyv\u00e1radi kultur\u00e1lis esem\u00e9nyen.<\/p>\n<p>A fesztiv\u00e1lnak siker\u00fclt egy trendet kialak\u00edtania az \u00e9rt\u00e9kes rendez\u0151k k\u00f6r\u00e9ben, arra \u00f6szt\u00f6n\u00f6zve \u0151ket, hogy egyre t\u00f6bb r\u00f6viddarabot \u00e1ll\u00edtsanak sz\u00ednpadra, jelent\u0151sen hozz\u00e1j\u00e1rulva e k\u00fcl\u00f6nleges sz\u00ednh\u00e1zi m\u0171faj \u2013 a r\u00f6vid sz\u00ednh\u00e1zi el\u0151ad\u00e1s (maximum 90 perces, sz\u00fcnet n\u00e9lk\u00fcli el\u0151ad\u00e1s) \u2013 felszentel\u00e9s\u00e9hez. Ma m\u00e1r nincs olyan sz\u00ednh\u00e1z, amelynek reperto\u00e1rj\u00e1b\u00f3l hi\u00e1nyozna a r\u00f6viddarab. R\u00e1ad\u00e1sul, id\u0151-, t\u00e9r- \u00e9s energiatakar\u00e9koss\u00e1ga r\u00e9v\u00e9n ez a m\u0171faj a kort\u00e1rs kor ide\u00e1lis sz\u00ednh\u00e1zi opci\u00f3j\u00e1nak t\u0171nik, k\u00fcl\u00f6n\u00f6sen mivel ez a m\u0171v\u00e9szeti forma egyre ink\u00e1bb ismert \u00e9s elismert a k\u00f6z\u00f6ns\u00e9g k\u00f6r\u00e9ben.<\/p>\n<p><strong>C\u00e9l\u00a0<\/strong>A fesztiv\u00e1l c\u00e9lja, hogy teret teremtsen a sz\u00ednh\u00e1zi cselekm\u00e9nyr\u0151l val\u00f3 elm\u00e9lked\u00e9sre, r\u00f6vid darabok bemutat\u00e1s\u00e1val \u00f6szt\u00f6n\u00f6zze a kort\u00e1rs alkot\u00e1st, a kultur\u00e1lis cselekm\u00e9nyhez val\u00f3 nyilv\u00e1nos hozz\u00e1f\u00e9r\u00e9st megk\u00f6nny\u00edtse a nem konvencion\u00e1lis el\u0151ad\u00f3terek kihaszn\u00e1l\u00e1s\u00e1val, valamint t\u00e1mogassa \u00e9s n\u00e9pszer\u0171s\u00edtse a sz\u00ednh\u00e1zi ter\u00fcleten dolgoz\u00f3 fiatal m\u0171v\u00e9szeket.<\/p>\n<p><strong>2013 \u00f3ta a R\u00f6vid Sz\u00ednh\u00e1zi Fesztiv\u00e1l a Nagyv\u00e1radi Nemzetk\u00f6zi Sz\u00ednh\u00e1zi Fesztiv\u00e1l r\u00e9sz\u00e9v\u00e9 v\u00e1lt.<\/strong><\/p>\n<p>\u00a0<\/p>\n<ol>\n<li><strong>R\u00d6VID SZ\u00cdNH\u00c1ZI FESZTIV\u00c1L SZAB\u00c1LYZATA<\/strong><\/li>\n<\/ol>\n<ul>\n<li>A fesztiv\u00e1lt egy m\u0171v\u00e9szeti vezet\u0151 vezeti, a v\u00e1logat\u00e1st pedig egy sz\u00ednh\u00e1zi csapat v\u00e9gzi, amelynek tagjai: Daniel Vulcu (menedzser), Ioana Drago\u0219 Gajd\u00f3 (sz\u00ednh\u00e1zigazgat\u00f3), Victoria Balint (a Iosif Vulcan T\u00e1rsulat szekci\u00f3j\u00e1nak vezet\u0151je), Andreea Costea (az Arcadia T\u00e1rsulat szekci\u00f3j\u00e1nak vezet\u0151je) \u00e9s Florina Dometi (irodalmi titk\u00e1r).<\/li>\n<li><strong>A kiv\u00e1lasztott el\u0151ad\u00e1soknak illeszkedni\u00fck kell a r\u00f6vid sz\u00ednh\u00e1zi fesztiv\u00e1l saj\u00e1toss\u00e1gaihoz (maximum 90 perc, sz\u00fcnet n\u00e9lk\u00fcl)<\/strong><\/li>\n<li><strong>A versenyre benevezett el\u0151ad\u00e1soknak a R\u00f6vidsz\u00ednh\u00e1zi Fesztiv\u00e1l legut\u00f3bbi kiad\u00e1s\u00e1nak \u2013 2021. j\u00fanius 1-j\u00e9nek \u2013 regisztr\u00e1ci\u00f3s hat\u00e1rideje ut\u00e1n bemutatott el\u0151ad\u00e1soknak kellett lenni\u00fck.<\/strong><\/li>\n<li>A fesztiv\u00e1lon bemutat\u00e1sra ker\u00fcl\u0151 el\u0151ad\u00e1sok list\u00e1j\u00e1t a napt\u00e1ri napon fogj\u00e1k kihirdetni.\u00a0<strong>2022. m\u00e1jus 1.<\/strong>.<\/li>\n<li>A szervez\u0151k nem v\u00e1llalnak felel\u0151ss\u00e9get a kiv\u00e1lasztott el\u0151ad\u00e1sok szerz\u0151i jogainak megszerz\u00e9s\u00e9vel kapcsolatos esetleges probl\u00e9m\u00e1k\u00e9rt.<\/li>\n<li>A szervez\u0151k a fesztiv\u00e1l k\u00f6lts\u00e9gvet\u00e9s\u00e9t\u0151l f\u00fcgg\u0151en maximum 2 \u00e9jszak\u00e1ra tudnak sz\u00e1ll\u00e1st, napid\u00edjat, valamint szem\u00e9lyek \u00e9s a d\u00edszletek sz\u00e1ll\u00edt\u00e1s\u00e1t biztos\u00edtani;<\/li>\n<li>A verseny szekci\u00f3ban szerepl\u0151 zenekarok \u00f6sszet\u00e9tele:\u00a0<strong>maximum 30 f\u0151<\/strong><\/li>\n<li>Minden r\u00e9szt vev\u0151 m\u0171v\u00e9szeti kollekt\u00edva ingyenes technikai seg\u00edts\u00e9get kap;<\/li>\n<li>A zenekarok k\u00e9r\u00e9s\u00e9re a szervez\u0151k m\u00e1s helysz\u00edneket is rendelkez\u00e9sre tudnak bocs\u00e1tani az el\u0151ad\u00e1sok lebonyol\u00edt\u00e1s\u00e1ra.<\/li>\n<\/ul>\n<p>A fesztiv\u00e1l verseny jelleg\u0171. A rom\u00e1n sz\u00ednh\u00e1zi \u00e9let h\u00e1rom szem\u00e9lyis\u00e9g\u00e9b\u0151l \u00e1ll\u00f3 zs\u0171ri a k\u00f6vetkez\u0151 d\u00edjakat \u00edt\u00e9li oda:<\/p>\n<ul>\n<li><strong>Legjobb m\u0171sor d\u00edja<\/strong><\/li>\n<li><strong>Legjobb rendez\u0151 d\u00edja<\/strong><\/li>\n<li><strong>D\u00edj a legjobb d\u00edszletrajz\u00e9rt<\/strong><\/li>\n<li><strong>Legjobb sz\u00edn\u00e9sz d\u00edja<\/strong><\/li>\n<li><strong>Legjobb sz\u00edn\u00e9szn\u0151 d\u00edja<\/strong><\/li>\n<\/ul>\n<p><strong>J\u00e1tsz\u00f3terek bel\u00fcl\u00a0<\/strong><strong>Fesztiv\u00e1l<\/strong>:<\/p>\n<ul>\n<li>A Queen Maria Sz\u00ednh\u00e1z nagyterme<\/li>\n<li>Regina Maria Sz\u00ednh\u00e1z Arcadia terme<\/li>\n<li>Nagyv\u00e1rad Citadella \u2013 mobil sz\u00ednpad<\/li>\n<li>Erd\u00e9ly Csarnok<\/li>\n<\/ul>\n<p><strong><u>R\u00e9szletek\u00a0<\/u><\/strong><strong><u>regisztr\u00e1ci\u00f3<\/u><\/strong><u>:<\/u><\/p>\n<p><strong>Az id\u0151szak\u00a0<\/strong><strong>bejegyz\u00e9s<\/strong>2022. febru\u00e1r 14. \u2013 \u00e1prilis 15.<\/p>\n<p><strong>Sz\u00fcks\u00e9ges anyagok\u00a0<\/strong><strong>BEL\u00c9P\u00c9S<\/strong>:<\/p>\n<ul>\n<li>A m\u0171sor felv\u00e9tele (2 p\u00e9ld\u00e1ny elektronikus adathordoz\u00f3n \u2013 online)<\/li>\n<li>\u00d6sszefoglal\u00f3 \u00e9s sajt\u00f3k\u00f6zlem\u00e9nyek;<\/li>\n<li>5 fot\u00f3;<\/li>\n<li>Regisztr\u00e1ci\u00f3s \u0171rlap (r\u00e9szletek megjelen\u00edt\u00e9se, technikai r\u00e9szletek, logisztikai r\u00e9szletek) \u2013 <a href=\"https:\/\/docs.google.com\/document\/d\/1ddtWEvxhx9YfXDVOxZppUbUJIz3KiMUn\/edit?usp=sharing&amp;ouid=105144293657991859312&amp;rtpof=true&amp;sd=true\">CSATLAKOZOTT<\/a><\/li>\n<\/ul>\n<p><strong>Az anyagokat a k\u00f6vetkez\u0151 c\u00edmre k\u00fcldj\u00fck:<br \/><\/strong>Queen Mary Sz\u00ednh\u00e1z<br \/>I. Ferdin\u00e1nd kir\u00e1ly t\u00e9r, sz. 6, 410021, Nagyv\u00e1rad, Bihar, Rom\u00e1nia<br \/><strong><em>Men\u00fcvel<\/em><\/strong><strong><em>ci\u00f3:\u00a0<\/em><\/strong><strong><em>A R\u00f6vid Sz\u00ednh\u00e1zi Fesztiv\u00e1lra<br \/><\/em><\/strong>Vagy az al\u00e1bbi e-mail c\u00edmre:\u00a0<strong>ftsoradea@gmail.com<\/strong><\/p>\n<p><strong>Inform\u00e1ci\u00f3\u00e9rt<\/strong><strong>Tov\u00e1bbi inform\u00e1ci\u00f3k\u00e9rt forduljon hozz\u00e1nk a k\u00f6vetkez\u0151 c\u00edmen:<\/strong>:<br \/>Telefon: 0359.411.534 \/ 0359.411.535<br \/>Email: ftsoradea@gmail.com<\/p>\n<p><u>\u00a0<\/u><\/p>\n<p>Kapcsolattart\u00f3 szem\u00e9ly:<br \/>Vikt\u00f3ria B\u00e1lint, az Iosif Vulcan T\u00e1rsulat szekci\u00f3j\u00e1nak vezet\u0151je<br \/>Telefon: 0730 009 507<br \/>Fesztiv\u00e1ligazgat\u00f3: Daniel Vulcu<\/p>","protected":false},"excerpt":{"rendered":"<p>A nagyv\u00e1radi Regina Maria Sz\u00ednh\u00e1z meghirdeti a regisztr\u00e1ci\u00f3t a 26. alkalommal megrendezett R\u00f6vidsz\u00ednh\u00e1zi Fesztiv\u00e1lra. A rom\u00e1niai sz\u00ednh\u00e1zi t\u00e1jon egyed\u00fcl\u00e1ll\u00f3 esem\u00e9ny 2022. j\u00fanius 12. \u00e9s 19. k\u00f6z\u00f6tt ker\u00fcl megrendez\u00e9sre.<\/p>","protected":false},"author":6,"featured_media":0,"comment_status":"open","ping_status":"open","sticky":false,"template":"","format":"standard","meta":{"_acf_changed":false,"footnotes":""},"categories":[22],"tags":[],"class_list":["post-5044","post","type-post","status-publish","format-standard","hentry","category-noutati-trupa-iosif-vulcan"],"aioseo_notices":[],"aioseo_head":"\n\t\t<!-- All in One SEO Pro 5.0.1.1 - aioseo.com -->\n\t<meta name=\"description\" content=\"Teatrul \u201eRegina Maria\u201d din Oradea anun\u0163\u0103 startul \u00eenscrierilor la cea de-a XXVI-a edi\u0163ie a Festivalului de Teatru Scurt. Evenimentul, unic \u00een peisajul teatral rom\u00e2nesc, se va desf\u0103\u015fura \u00een perioada 12 \u2013 19 iunie 2022. FESTIVALUL DE TEATRU SCURT \u2013 SEC\u0162IUNEA CONCURSEdi\u0163ia a XXVI-a, Oradea (9-19 iunie 2022) SCURT ISTORIC Festivalul de Teatru Scurt, singurul festival dedicat\" \/>\n\t<meta name=\"robots\" content=\"max-image-preview:large\" \/>\n\t<meta name=\"author\" content=\"Teatrul Regina Maria\"\/>\n\t<link rel=\"canonical\" href=\"https:\/\/www.teatrulreginamaria.ro\/hu\/start-inscrieri-la-la-cea-de-a-xxvi-a-editie-a-festivalului-de-teatru-scurt-2022\/\" \/>\n\t<meta name=\"generator\" content=\"All in One SEO Pro (AIOSEO) 5.0.1.1\" \/>\n\t\t<meta property=\"og:locale\" content=\"hu_HU\" \/>\n\t\t<meta property=\"og:site_name\" content=\"Teatrul Regina Maria Oradea - Trupa Iosif Vulcan \u0219i Trupa Arcadia\" \/>\n\t\t<meta property=\"og:type\" content=\"article\" \/>\n\t\t<meta property=\"og:title\" content=\"Start \u00eenscrieri pentru cea de-a XXVI-a edi\u0163ie a Festivalului de Teatru Scurt | 2022 - Teatrul Regina Maria Oradea\" \/>\n\t\t<meta property=\"og:description\" content=\"Teatrul \u201eRegina Maria\u201d din Oradea anun\u0163\u0103 startul \u00eenscrierilor la cea de-a XXVI-a edi\u0163ie a Festivalului de Teatru Scurt. Evenimentul, unic \u00een peisajul teatral rom\u00e2nesc, se va desf\u0103\u015fura \u00een perioada 12 \u2013 19 iunie 2022. FESTIVALUL DE TEATRU SCURT \u2013 SEC\u0162IUNEA CONCURSEdi\u0163ia a XXVI-a, Oradea (9-19 iunie 2022) SCURT ISTORIC Festivalul de Teatru Scurt, singurul festival dedicat\" \/>\n\t\t<meta property=\"og:url\" content=\"https:\/\/www.teatrulreginamaria.ro\/hu\/start-inscrieri-la-la-cea-de-a-xxvi-a-editie-a-festivalului-de-teatru-scurt-2022\/\" \/>\n\t\t<meta property=\"og:image\" content=\"https:\/\/www.teatrulreginamaria.ro\/wp-content\/uploads\/2025\/03\/trm-istoric-01.jpg\" \/>\n\t\t<meta property=\"og:image:secure_url\" content=\"https:\/\/www.teatrulreginamaria.ro\/wp-content\/uploads\/2025\/03\/trm-istoric-01.jpg\" \/>\n\t\t<meta property=\"og:image:width\" content=\"1200\" \/>\n\t\t<meta property=\"og:image:height\" content=\"800\" \/>\n\t\t<meta property=\"article:published_time\" content=\"2022-02-15T08:11:59+00:00\" \/>\n\t\t<meta property=\"article:modified_time\" content=\"2022-02-15T08:11:59+00:00\" \/>\n\t\t<meta property=\"article:publisher\" content=\"https:\/\/www.facebook.com\/TRMTrupaIosifVulcan\/\" \/>\n\t\t<meta name=\"twitter:card\" content=\"summary_large_image\" \/>\n\t\t<meta name=\"twitter:site\" content=\"@TRMOradea\" \/>\n\t\t<meta name=\"twitter:title\" content=\"Start \u00eenscrieri pentru cea de-a XXVI-a edi\u0163ie a Festivalului de Teatru Scurt | 2022 - Teatrul Regina Maria Oradea\" \/>\n\t\t<meta name=\"twitter:description\" content=\"Teatrul \u201eRegina Maria\u201d din Oradea anun\u0163\u0103 startul \u00eenscrierilor la cea de-a XXVI-a edi\u0163ie a Festivalului de Teatru Scurt. Evenimentul, unic \u00een peisajul teatral rom\u00e2nesc, se va desf\u0103\u015fura \u00een perioada 12 \u2013 19 iunie 2022. FESTIVALUL DE TEATRU SCURT \u2013 SEC\u0162IUNEA CONCURSEdi\u0163ia a XXVI-a, Oradea (9-19 iunie 2022) SCURT ISTORIC Festivalul de Teatru Scurt, singurul festival dedicat\" \/>\n\t\t<meta name=\"twitter:creator\" content=\"@TRMOradea\" \/>\n\t\t<meta name=\"twitter:image\" content=\"https:\/\/www.teatrulreginamaria.ro\/wp-content\/uploads\/2025\/03\/trm-istoric-01.jpg\" \/>\n\t\t<script type=\"application\/ld+json\" class=\"aioseo-schema\">\n\t\t\t{\"@context\":\"https:\\\/\\\/schema.org\",\"@graph\":[{\"@type\":\"BlogPosting\",\"@id\":\"https:\\\/\\\/www.teatrulreginamaria.ro\\\/hu\\\/start-inscrieri-la-la-cea-de-a-xxvi-a-editie-a-festivalului-de-teatru-scurt-2022\\\/#blogposting\",\"name\":\"Start \\u00eenscrieri pentru cea de-a XXVI-a edi\\u0163ie a Festivalului de Teatru Scurt | 2022 - Teatrul Regina Maria Oradea\",\"headline\":\"Start \\u00eenscrieri pentru cea de-a XXVI-a edi\\u0163ie a Festivalului de Teatru Scurt | 2022\",\"author\":{\"@id\":\"https:\\\/\\\/www.teatrulreginamaria.ro\\\/hu\\\/author\\\/w3bmaster\\\/#author\"},\"publisher\":{\"@id\":\"https:\\\/\\\/www.teatrulreginamaria.ro\\\/hu\\\/#organization\"},\"image\":{\"@type\":\"ImageObject\",\"url\":\"https:\\\/\\\/www.teatrulreginamaria.ro\\\/wp-content\\\/uploads\\\/2025\\\/06\\\/logo-trm-01-dark.png\",\"@id\":\"https:\\\/\\\/www.teatrulreginamaria.ro\\\/hu\\\/#articleImage\",\"width\":300,\"height\":148},\"datePublished\":\"2022-02-15T08:11:59+02:00\",\"dateModified\":\"2022-02-15T08:11:59+02:00\",\"inLanguage\":\"hu-HU\",\"mainEntityOfPage\":{\"@id\":\"https:\\\/\\\/www.teatrulreginamaria.ro\\\/hu\\\/start-inscrieri-la-la-cea-de-a-xxvi-a-editie-a-festivalului-de-teatru-scurt-2022\\\/#webpage\"},\"isPartOf\":{\"@id\":\"https:\\\/\\\/www.teatrulreginamaria.ro\\\/hu\\\/start-inscrieri-la-la-cea-de-a-xxvi-a-editie-a-festivalului-de-teatru-scurt-2022\\\/#webpage\"},\"articleSection\":\"Nout\\u0103\\u021bi - Trupa Iosif Vulcan\"},{\"@type\":\"BreadcrumbList\",\"@id\":\"https:\\\/\\\/www.teatrulreginamaria.ro\\\/hu\\\/start-inscrieri-la-la-cea-de-a-xxvi-a-editie-a-festivalului-de-teatru-scurt-2022\\\/#breadcrumblist\",\"itemListElement\":[{\"@type\":\"ListItem\",\"@id\":\"https:\\\/\\\/www.teatrulreginamaria.ro\\\/hu#listItem\",\"position\":1,\"name\":\"Home\",\"item\":\"https:\\\/\\\/www.teatrulreginamaria.ro\\\/hu\",\"nextItem\":{\"@type\":\"ListItem\",\"@id\":\"https:\\\/\\\/www.teatrulreginamaria.ro\\\/hu\\\/categorie\\\/noutati\\\/#listItem\",\"name\":\"Nout\\u0103\\u021bi\"}},{\"@type\":\"ListItem\",\"@id\":\"https:\\\/\\\/www.teatrulreginamaria.ro\\\/hu\\\/categorie\\\/noutati\\\/#listItem\",\"position\":2,\"name\":\"Nout\\u0103\\u021bi\",\"item\":\"https:\\\/\\\/www.teatrulreginamaria.ro\\\/hu\\\/categorie\\\/noutati\\\/\",\"nextItem\":{\"@type\":\"ListItem\",\"@id\":\"https:\\\/\\\/www.teatrulreginamaria.ro\\\/hu\\\/categorie\\\/noutati\\\/noutati-trupa-iosif-vulcan\\\/#listItem\",\"name\":\"Nout\\u0103\\u021bi - Trupa Iosif Vulcan\"},\"previousItem\":{\"@type\":\"ListItem\",\"@id\":\"https:\\\/\\\/www.teatrulreginamaria.ro\\\/hu#listItem\",\"name\":\"Home\"}},{\"@type\":\"ListItem\",\"@id\":\"https:\\\/\\\/www.teatrulreginamaria.ro\\\/hu\\\/categorie\\\/noutati\\\/noutati-trupa-iosif-vulcan\\\/#listItem\",\"position\":3,\"name\":\"Nout\\u0103\\u021bi - Trupa Iosif Vulcan\",\"item\":\"https:\\\/\\\/www.teatrulreginamaria.ro\\\/hu\\\/categorie\\\/noutati\\\/noutati-trupa-iosif-vulcan\\\/\",\"nextItem\":{\"@type\":\"ListItem\",\"@id\":\"https:\\\/\\\/www.teatrulreginamaria.ro\\\/hu\\\/start-inscrieri-la-la-cea-de-a-xxvi-a-editie-a-festivalului-de-teatru-scurt-2022\\\/#listItem\",\"name\":\"Start \\u00eenscrieri pentru cea de-a XXVI-a edi\\u0163ie a Festivalului de Teatru Scurt | 2022\"},\"previousItem\":{\"@type\":\"ListItem\",\"@id\":\"https:\\\/\\\/www.teatrulreginamaria.ro\\\/hu\\\/categorie\\\/noutati\\\/#listItem\",\"name\":\"Nout\\u0103\\u021bi\"}},{\"@type\":\"ListItem\",\"@id\":\"https:\\\/\\\/www.teatrulreginamaria.ro\\\/hu\\\/start-inscrieri-la-la-cea-de-a-xxvi-a-editie-a-festivalului-de-teatru-scurt-2022\\\/#listItem\",\"position\":4,\"name\":\"Start \\u00eenscrieri pentru cea de-a XXVI-a edi\\u0163ie a Festivalului de Teatru Scurt | 2022\",\"previousItem\":{\"@type\":\"ListItem\",\"@id\":\"https:\\\/\\\/www.teatrulreginamaria.ro\\\/hu\\\/categorie\\\/noutati\\\/noutati-trupa-iosif-vulcan\\\/#listItem\",\"name\":\"Nout\\u0103\\u021bi - Trupa Iosif Vulcan\"}}]},{\"@type\":\"Organization\",\"@id\":\"https:\\\/\\\/www.teatrulreginamaria.ro\\\/hu\\\/#organization\",\"name\":\"Teatrul Regina Maria Oradea\",\"description\":\"Trupa Iosif Vulcan \\u0219i Trupa Arcadia\",\"url\":\"https:\\\/\\\/www.teatrulreginamaria.ro\\\/hu\\\/\",\"email\":\"marketing@teatrulreginamaria.ro\",\"telephone\":\"+40359411534\",\"numberOfEmployees\":{\"@type\":\"QuantitativeValue\",\"minValue\":0,\"maxValue\":150},\"logo\":{\"@type\":\"ImageObject\",\"url\":\"https:\\\/\\\/www.teatrulreginamaria.ro\\\/wp-content\\\/uploads\\\/2025\\\/06\\\/logo-trm-01-dark.png\",\"@id\":\"https:\\\/\\\/www.teatrulreginamaria.ro\\\/hu\\\/start-inscrieri-la-la-cea-de-a-xxvi-a-editie-a-festivalului-de-teatru-scurt-2022\\\/#organizationLogo\",\"width\":300,\"height\":148},\"image\":{\"@id\":\"https:\\\/\\\/www.teatrulreginamaria.ro\\\/hu\\\/start-inscrieri-la-la-cea-de-a-xxvi-a-editie-a-festivalului-de-teatru-scurt-2022\\\/#organizationLogo\"},\"sameAs\":[\"https:\\\/\\\/www.facebook.com\\\/TRMTrupaIosifVulcan\\\/\",\"https:\\\/\\\/x.com\\\/TRMOradea\",\"https:\\\/\\\/www.instagram.com\\\/teatrul_regina_maria\\\/\",\"https:\\\/\\\/www.youtube.com\\\/c\\\/TeatrulReginaMariaOradea\",\"https:\\\/\\\/www.linkedin.com\\\/company\\\/teatrul-regina-maria\"]},{\"@type\":\"Person\",\"@id\":\"https:\\\/\\\/www.teatrulreginamaria.ro\\\/hu\\\/author\\\/w3bmaster\\\/#author\",\"url\":\"https:\\\/\\\/www.teatrulreginamaria.ro\\\/hu\\\/author\\\/w3bmaster\\\/\",\"name\":\"Teatrul Regina Maria\",\"image\":{\"@type\":\"ImageObject\",\"@id\":\"https:\\\/\\\/www.teatrulreginamaria.ro\\\/hu\\\/start-inscrieri-la-la-cea-de-a-xxvi-a-editie-a-festivalului-de-teatru-scurt-2022\\\/#authorImage\",\"url\":\"https:\\\/\\\/secure.gravatar.com\\\/avatar\\\/5884139d508ae3f0bafe45e60563b48a9640146d3b08ccc6278c305ff9329305?s=96&d=mm&r=g\",\"width\":96,\"height\":96,\"caption\":\"Teatrul Regina Maria\"}},{\"@type\":\"WebPage\",\"@id\":\"https:\\\/\\\/www.teatrulreginamaria.ro\\\/hu\\\/start-inscrieri-la-la-cea-de-a-xxvi-a-editie-a-festivalului-de-teatru-scurt-2022\\\/#webpage\",\"url\":\"https:\\\/\\\/www.teatrulreginamaria.ro\\\/hu\\\/start-inscrieri-la-la-cea-de-a-xxvi-a-editie-a-festivalului-de-teatru-scurt-2022\\\/\",\"name\":\"Start \\u00eenscrieri pentru cea de-a XXVI-a edi\\u0163ie a Festivalului de Teatru Scurt | 2022 - Teatrul Regina Maria Oradea\",\"description\":\"Teatrul \\u201eRegina Maria\\u201d din Oradea anun\\u0163\\u0103 startul \\u00eenscrierilor la cea de-a XXVI-a edi\\u0163ie a Festivalului de Teatru Scurt. Evenimentul, unic \\u00een peisajul teatral rom\\u00e2nesc, se va desf\\u0103\\u015fura \\u00een perioada 12 \\u2013 19 iunie 2022. FESTIVALUL DE TEATRU SCURT \\u2013 SEC\\u0162IUNEA CONCURSEdi\\u0163ia a XXVI-a, Oradea (9-19 iunie 2022) SCURT ISTORIC Festivalul de Teatru Scurt, singurul festival dedicat\",\"inLanguage\":\"hu-HU\",\"isPartOf\":{\"@id\":\"https:\\\/\\\/www.teatrulreginamaria.ro\\\/hu\\\/#website\"},\"breadcrumb\":{\"@id\":\"https:\\\/\\\/www.teatrulreginamaria.ro\\\/hu\\\/start-inscrieri-la-la-cea-de-a-xxvi-a-editie-a-festivalului-de-teatru-scurt-2022\\\/#breadcrumblist\"},\"author\":{\"@id\":\"https:\\\/\\\/www.teatrulreginamaria.ro\\\/hu\\\/author\\\/w3bmaster\\\/#author\"},\"creator\":{\"@id\":\"https:\\\/\\\/www.teatrulreginamaria.ro\\\/hu\\\/author\\\/w3bmaster\\\/#author\"},\"datePublished\":\"2022-02-15T08:11:59+02:00\",\"dateModified\":\"2022-02-15T08:11:59+02:00\"},{\"@type\":\"WebSite\",\"@id\":\"https:\\\/\\\/www.teatrulreginamaria.ro\\\/hu\\\/#website\",\"url\":\"https:\\\/\\\/www.teatrulreginamaria.ro\\\/hu\\\/\",\"name\":\"Teatrul Regina Maria Oradea\",\"alternateName\":\"TRM Oradea\",\"description\":\"Trupa Iosif Vulcan \\u0219i Trupa Arcadia\",\"inLanguage\":\"hu-HU\",\"publisher\":{\"@id\":\"https:\\\/\\\/www.teatrulreginamaria.ro\\\/hu\\\/#organization\"}}]}\n\t\t<\/script>\n\t\t<!-- All in One SEO Pro -->\r\n\t\t<title>Start \u00eenscrieri pentru cea de-a XXVI-a edi\u0163ie a Festivalului de Teatru Scurt | 2022 - Teatrul Regina Maria Oradea<\/title>\n\n","aioseo_head_json":{"title":"Megny\u00edlt a regisztr\u00e1ci\u00f3 a R\u00f6vidsz\u00ednh\u00e1zi Fesztiv\u00e1l 26. kiad\u00e1s\u00e1ra | 2022 - Nagyv\u00e1rad, M\u00e1ria Kir\u00e1lyn\u0151 Sz\u00ednh\u00e1z","description":"A nagyv\u00e1radi Regina Maria Sz\u00ednh\u00e1z bejelentette a regisztr\u00e1ci\u00f3 megkezd\u00e9s\u00e9t a 26. R\u00f6vidsz\u00ednh\u00e1zi Fesztiv\u00e1lra. A rom\u00e1n sz\u00ednh\u00e1zi \u00e9letben egyed\u00fcl\u00e1ll\u00f3 esem\u00e9nyre 2022. j\u00fanius 12. \u00e9s 19. k\u00f6z\u00f6tt ker\u00fcl sor. R\u00d6VID SZ\u00cdNH\u00c1ZI FESZTIV\u00c1L \u2013 VERSENYSZEKCI\u00d3 26. kiad\u00e1s, Nagyv\u00e1rad (2022. j\u00fanius 9-19.) R\u00d6VID T\u00d6RT\u00c9NET A R\u00f6vid Sz\u00ednh\u00e1zi Fesztiv\u00e1l, az egyetlen olyan fesztiv\u00e1l, amely a","canonical_url":"https:\/\/www.teatrulreginamaria.ro\/hu\/start-inscrieri-la-la-cea-de-a-xxvi-a-editie-a-festivalului-de-teatru-scurt-2022\/","robots":"max-image-preview:large","keywords":"","webmasterTools":{"miscellaneous":""},"schema":{"@context":"https:\/\/schema.org","@graph":[{"@type":"BlogPosting","@id":"https:\/\/www.teatrulreginamaria.ro\/hu\/start-inscrieri-la-la-cea-de-a-xxvi-a-editie-a-festivalului-de-teatru-scurt-2022\/#blogposting","name":"Start \u00eenscrieri pentru cea de-a XXVI-a edi\u0163ie a Festivalului de Teatru Scurt | 2022 - Teatrul Regina Maria Oradea","headline":"Start \u00eenscrieri pentru cea de-a XXVI-a edi\u0163ie a Festivalului de Teatru Scurt | 2022","author":{"@id":"https:\/\/www.teatrulreginamaria.ro\/hu\/author\/w3bmaster\/#author"},"publisher":{"@id":"https:\/\/www.teatrulreginamaria.ro\/hu\/#organization"},"image":{"@type":"ImageObject","url":"https:\/\/www.teatrulreginamaria.ro\/wp-content\/uploads\/2025\/06\/logo-trm-01-dark.png","@id":"https:\/\/www.teatrulreginamaria.ro\/hu\/#articleImage","width":300,"height":148},"datePublished":"2022-02-15T08:11:59+02:00","dateModified":"2022-02-15T08:11:59+02:00","inLanguage":"hu-HU","mainEntityOfPage":{"@id":"https:\/\/www.teatrulreginamaria.ro\/hu\/start-inscrieri-la-la-cea-de-a-xxvi-a-editie-a-festivalului-de-teatru-scurt-2022\/#webpage"},"isPartOf":{"@id":"https:\/\/www.teatrulreginamaria.ro\/hu\/start-inscrieri-la-la-cea-de-a-xxvi-a-editie-a-festivalului-de-teatru-scurt-2022\/#webpage"},"articleSection":"Nout\u0103\u021bi - Trupa Iosif Vulcan"},{"@type":"BreadcrumbList","@id":"https:\/\/www.teatrulreginamaria.ro\/hu\/start-inscrieri-la-la-cea-de-a-xxvi-a-editie-a-festivalului-de-teatru-scurt-2022\/#breadcrumblist","itemListElement":[{"@type":"ListItem","@id":"https:\/\/www.teatrulreginamaria.ro\/hu#listItem","position":1,"name":"Home","item":"https:\/\/www.teatrulreginamaria.ro\/hu","nextItem":{"@type":"ListItem","@id":"https:\/\/www.teatrulreginamaria.ro\/hu\/categorie\/noutati\/#listItem","name":"Nout\u0103\u021bi"}},{"@type":"ListItem","@id":"https:\/\/www.teatrulreginamaria.ro\/hu\/categorie\/noutati\/#listItem","position":2,"name":"Nout\u0103\u021bi","item":"https:\/\/www.teatrulreginamaria.ro\/hu\/categorie\/noutati\/","nextItem":{"@type":"ListItem","@id":"https:\/\/www.teatrulreginamaria.ro\/hu\/categorie\/noutati\/noutati-trupa-iosif-vulcan\/#listItem","name":"Nout\u0103\u021bi - Trupa Iosif Vulcan"},"previousItem":{"@type":"ListItem","@id":"https:\/\/www.teatrulreginamaria.ro\/hu#listItem","name":"Home"}},{"@type":"ListItem","@id":"https:\/\/www.teatrulreginamaria.ro\/hu\/categorie\/noutati\/noutati-trupa-iosif-vulcan\/#listItem","position":3,"name":"Nout\u0103\u021bi - Trupa Iosif Vulcan","item":"https:\/\/www.teatrulreginamaria.ro\/hu\/categorie\/noutati\/noutati-trupa-iosif-vulcan\/","nextItem":{"@type":"ListItem","@id":"https:\/\/www.teatrulreginamaria.ro\/hu\/start-inscrieri-la-la-cea-de-a-xxvi-a-editie-a-festivalului-de-teatru-scurt-2022\/#listItem","name":"Start \u00eenscrieri pentru cea de-a XXVI-a edi\u0163ie a Festivalului de Teatru Scurt | 2022"},"previousItem":{"@type":"ListItem","@id":"https:\/\/www.teatrulreginamaria.ro\/hu\/categorie\/noutati\/#listItem","name":"Nout\u0103\u021bi"}},{"@type":"ListItem","@id":"https:\/\/www.teatrulreginamaria.ro\/hu\/start-inscrieri-la-la-cea-de-a-xxvi-a-editie-a-festivalului-de-teatru-scurt-2022\/#listItem","position":4,"name":"Start \u00eenscrieri pentru cea de-a XXVI-a edi\u0163ie a Festivalului de Teatru Scurt | 2022","previousItem":{"@type":"ListItem","@id":"https:\/\/www.teatrulreginamaria.ro\/hu\/categorie\/noutati\/noutati-trupa-iosif-vulcan\/#listItem","name":"Nout\u0103\u021bi - Trupa Iosif Vulcan"}}]},{"@type":"Organization","@id":"https:\/\/www.teatrulreginamaria.ro\/hu\/#organization","name":"Teatrul Regina Maria Oradea","description":"Trupa Iosif Vulcan \u0219i Trupa Arcadia","url":"https:\/\/www.teatrulreginamaria.ro\/hu\/","email":"marketing@teatrulreginamaria.ro","telephone":"+40359411534","numberOfEmployees":{"@type":"QuantitativeValue","minValue":0,"maxValue":150},"logo":{"@type":"ImageObject","url":"https:\/\/www.teatrulreginamaria.ro\/wp-content\/uploads\/2025\/06\/logo-trm-01-dark.png","@id":"https:\/\/www.teatrulreginamaria.ro\/hu\/start-inscrieri-la-la-cea-de-a-xxvi-a-editie-a-festivalului-de-teatru-scurt-2022\/#organizationLogo","width":300,"height":148},"image":{"@id":"https:\/\/www.teatrulreginamaria.ro\/hu\/start-inscrieri-la-la-cea-de-a-xxvi-a-editie-a-festivalului-de-teatru-scurt-2022\/#organizationLogo"},"sameAs":["https:\/\/www.facebook.com\/TRMTrupaIosifVulcan\/","https:\/\/x.com\/TRMOradea","https:\/\/www.instagram.com\/teatrul_regina_maria\/","https:\/\/www.youtube.com\/c\/TeatrulReginaMariaOradea","https:\/\/www.linkedin.com\/company\/teatrul-regina-maria"]},{"@type":"Person","@id":"https:\/\/www.teatrulreginamaria.ro\/hu\/author\/w3bmaster\/#author","url":"https:\/\/www.teatrulreginamaria.ro\/hu\/author\/w3bmaster\/","name":"Teatrul Regina Maria","image":{"@type":"ImageObject","@id":"https:\/\/www.teatrulreginamaria.ro\/hu\/start-inscrieri-la-la-cea-de-a-xxvi-a-editie-a-festivalului-de-teatru-scurt-2022\/#authorImage","url":"https:\/\/secure.gravatar.com\/avatar\/5884139d508ae3f0bafe45e60563b48a9640146d3b08ccc6278c305ff9329305?s=96&d=mm&r=g","width":96,"height":96,"caption":"Teatrul Regina Maria"}},{"@type":"WebPage","@id":"https:\/\/www.teatrulreginamaria.ro\/hu\/start-inscrieri-la-la-cea-de-a-xxvi-a-editie-a-festivalului-de-teatru-scurt-2022\/#webpage","url":"https:\/\/www.teatrulreginamaria.ro\/hu\/start-inscrieri-la-la-cea-de-a-xxvi-a-editie-a-festivalului-de-teatru-scurt-2022\/","name":"Start \u00eenscrieri pentru cea de-a XXVI-a edi\u0163ie a Festivalului de Teatru Scurt | 2022 - Teatrul Regina Maria Oradea","description":"Teatrul \u201eRegina Maria\u201d din Oradea anun\u0163\u0103 startul \u00eenscrierilor la cea de-a XXVI-a edi\u0163ie a Festivalului de Teatru Scurt. Evenimentul, unic \u00een peisajul teatral rom\u00e2nesc, se va desf\u0103\u015fura \u00een perioada 12 \u2013 19 iunie 2022. FESTIVALUL DE TEATRU SCURT \u2013 SEC\u0162IUNEA CONCURSEdi\u0163ia a XXVI-a, Oradea (9-19 iunie 2022) SCURT ISTORIC Festivalul de Teatru Scurt, singurul festival dedicat","inLanguage":"hu-HU","isPartOf":{"@id":"https:\/\/www.teatrulreginamaria.ro\/hu\/#website"},"breadcrumb":{"@id":"https:\/\/www.teatrulreginamaria.ro\/hu\/start-inscrieri-la-la-cea-de-a-xxvi-a-editie-a-festivalului-de-teatru-scurt-2022\/#breadcrumblist"},"author":{"@id":"https:\/\/www.teatrulreginamaria.ro\/hu\/author\/w3bmaster\/#author"},"creator":{"@id":"https:\/\/www.teatrulreginamaria.ro\/hu\/author\/w3bmaster\/#author"},"datePublished":"2022-02-15T08:11:59+02:00","dateModified":"2022-02-15T08:11:59+02:00"},{"@type":"WebSite","@id":"https:\/\/www.teatrulreginamaria.ro\/hu\/#website","url":"https:\/\/www.teatrulreginamaria.ro\/hu\/","name":"Teatrul Regina Maria Oradea","alternateName":"TRM Oradea","description":"Trupa Iosif Vulcan \u0219i Trupa Arcadia","inLanguage":"hu-HU","publisher":{"@id":"https:\/\/www.teatrulreginamaria.ro\/hu\/#organization"}}]},"og:locale":"hu_HU","og:site_name":"Teatrul Regina Maria Oradea - Trupa Iosif Vulcan \u0219i Trupa Arcadia","og:type":"article","og:title":"Start \u00eenscrieri pentru cea de-a XXVI-a edi\u0163ie a Festivalului de Teatru Scurt | 2022 - Teatrul Regina Maria Oradea","og:description":"Teatrul \u201eRegina Maria\u201d din Oradea anun\u0163\u0103 startul \u00eenscrierilor la cea de-a XXVI-a edi\u0163ie a Festivalului de Teatru Scurt. Evenimentul, unic \u00een peisajul teatral rom\u00e2nesc, se va desf\u0103\u015fura \u00een perioada 12 \u2013 19 iunie 2022. FESTIVALUL DE TEATRU SCURT \u2013 SEC\u0162IUNEA CONCURSEdi\u0163ia a XXVI-a, Oradea (9-19 iunie 2022) SCURT ISTORIC Festivalul de Teatru Scurt, singurul festival dedicat","og:url":"https:\/\/www.teatrulreginamaria.ro\/hu\/start-inscrieri-la-la-cea-de-a-xxvi-a-editie-a-festivalului-de-teatru-scurt-2022\/","og:image":"https:\/\/www.teatrulreginamaria.ro\/wp-content\/uploads\/2025\/03\/trm-istoric-01.jpg","og:image:secure_url":"https:\/\/www.teatrulreginamaria.ro\/wp-content\/uploads\/2025\/03\/trm-istoric-01.jpg","og:image:width":1200,"og:image:height":800,"article:published_time":"2022-02-15T08:11:59+00:00","article:modified_time":"2022-02-15T08:11:59+00:00","article:publisher":"https:\/\/www.facebook.com\/TRMTrupaIosifVulcan\/","twitter:card":"summary_large_image","twitter:site":"@TRMOradea","twitter:title":"Start \u00eenscrieri pentru cea de-a XXVI-a edi\u0163ie a Festivalului de Teatru Scurt | 2022 - Teatrul Regina Maria Oradea","twitter:description":"Teatrul \u201eRegina Maria\u201d din Oradea anun\u0163\u0103 startul \u00eenscrierilor la cea de-a XXVI-a edi\u0163ie a Festivalului de Teatru Scurt. Evenimentul, unic \u00een peisajul teatral rom\u00e2nesc, se va desf\u0103\u015fura \u00een perioada 12 \u2013 19 iunie 2022. FESTIVALUL DE TEATRU SCURT \u2013 SEC\u0162IUNEA CONCURSEdi\u0163ia a XXVI-a, Oradea (9-19 iunie 2022) SCURT ISTORIC Festivalul de Teatru Scurt, singurul festival dedicat","twitter:creator":"@TRMOradea","twitter:image":"https:\/\/www.teatrulreginamaria.ro\/wp-content\/uploads\/2025\/03\/trm-istoric-01.jpg"},"aioseo_meta_data":{"post_id":"5044","title":null,"description":null,"keywords":null,"keyphrases":null,"primary_term":null,"canonical_url":null,"og_title":null,"og_description":null,"og_object_type":"default","og_image_type":"default","og_image_url":null,"og_image_width":null,"og_image_height":null,"og_image_custom_url":null,"og_image_custom_fields":null,"og_video":null,"og_custom_url":null,"og_article_section":null,"og_article_tags":null,"twitter_use_og":false,"twitter_card":"default","twitter_image_type":"default","twitter_image_url":null,"twitter_image_custom_url":null,"twitter_image_custom_fields":null,"twitter_title":null,"twitter_description":null,"schema":{"blockGraphs":[],"customGraphs":[],"default":{"data":{"Article":[],"Course":[],"Dataset":[],"FAQPage":[],"Movie":[],"Person":[],"Product":[],"ProductReview":[],"Car":[],"Recipe":[],"Service":[],"SoftwareApplication":[],"WebPage":[]},"graphName":"","isEnabled":true},"graphs":[]},"schema_type":"default","schema_type_options":null,"pillar_content":false,"robots_default":true,"robots_noindex":false,"robots_noarchive":false,"robots_nosnippet":false,"robots_nofollow":false,"robots_noimageindex":false,"robots_noodp":false,"robots_notranslate":false,"robots_max_snippet":null,"robots_max_videopreview":null,"robots_max_imagepreview":"large","priority":null,"frequency":null,"local_seo":null,"seo_analyzer_scan_date":"2026-05-13 02:54:19","breadcrumb_settings":null,"limit_modified_date":false,"reviewed_by":null,"open_ai":null,"ai":null,"created":"2025-04-09 17:42:43","updated":"2026-05-13 02:54:19","focus_keyword":null,"additional_keywords":null,"truseo_locale":null},"aioseo_breadcrumb":"<div class=\"aioseo-breadcrumbs\"><span class=\"aioseo-breadcrumb\">\n\t<a href=\"https:\/\/www.teatrulreginamaria.ro\/hu\" title=\"Home\">Home<\/a>\n<\/span><span class=\"aioseo-breadcrumb-separator\">&raquo;<\/span><span class=\"aioseo-breadcrumb\">\n\t<a href=\"https:\/\/www.teatrulreginamaria.ro\/hu\/categorie\/noutati\/\" title=\"Nout\u0103\u021bi\">Nout\u0103\u021bi<\/a>\n<\/span><span class=\"aioseo-breadcrumb-separator\">&raquo;<\/span><span class=\"aioseo-breadcrumb\">\n\t<a href=\"https:\/\/www.teatrulreginamaria.ro\/hu\/categorie\/noutati\/noutati-trupa-iosif-vulcan\/\" title=\"Nout\u0103\u021bi - Trupa Iosif Vulcan\">Nout\u0103\u021bi - Trupa Iosif Vulcan<\/a>\n<\/span><span class=\"aioseo-breadcrumb-separator\">&raquo;<\/span><span class=\"aioseo-breadcrumb\">\n\tStart \u00eenscrieri pentru cea de-a XXVI-a edi\u0163ie a Festivalului de Teatru Scurt | 2022\n<\/span><\/div>","aioseo_breadcrumb_json":[{"label":"Home","link":"https:\/\/www.teatrulreginamaria.ro\/hu"},{"label":"Nout\u0103\u021bi","link":"https:\/\/www.teatrulreginamaria.ro\/hu\/categorie\/noutati\/"},{"label":"Nout\u0103\u021bi - Trupa Iosif Vulcan","link":"https:\/\/www.teatrulreginamaria.ro\/hu\/categorie\/noutati\/noutati-trupa-iosif-vulcan\/"},{"label":"Start \u00eenscrieri pentru cea de-a XXVI-a edi\u0163ie a Festivalului de Teatru Scurt | 2022","link":"https:\/\/www.teatrulreginamaria.ro\/hu\/start-inscrieri-la-la-cea-de-a-xxvi-a-editie-a-festivalului-de-teatru-scurt-2022\/"}],"acf":[],"_links":{"self":[{"href":"https:\/\/www.teatrulreginamaria.ro\/hu\/wp-json\/wp\/v2\/posts\/5044","targetHints":{"allow":["GET"]}}],"collection":[{"href":"https:\/\/www.teatrulreginamaria.ro\/hu\/wp-json\/wp\/v2\/posts"}],"about":[{"href":"https:\/\/www.teatrulreginamaria.ro\/hu\/wp-json\/wp\/v2\/types\/post"}],"author":[{"embeddable":true,"href":"https:\/\/www.teatrulreginamaria.ro\/hu\/wp-json\/wp\/v2\/users\/6"}],"replies":[{"embeddable":true,"href":"https:\/\/www.teatrulreginamaria.ro\/hu\/wp-json\/wp\/v2\/comments?post=5044"}],"version-history":[{"count":0,"href":"https:\/\/www.teatrulreginamaria.ro\/hu\/wp-json\/wp\/v2\/posts\/5044\/revisions"}],"wp:attachment":[{"href":"https:\/\/www.teatrulreginamaria.ro\/hu\/wp-json\/wp\/v2\/media?parent=5044"}],"wp:term":[{"taxonomy":"category","embeddable":true,"href":"https:\/\/www.teatrulreginamaria.ro\/hu\/wp-json\/wp\/v2\/categories?post=5044"},{"taxonomy":"post_tag","embeddable":true,"href":"https:\/\/www.teatrulreginamaria.ro\/hu\/wp-json\/wp\/v2\/tags?post=5044"}],"curies":[{"name":"munkaf\u00fczet","href":"https:\/\/api.w.org\/{rel}","templated":true}]}}