{"id":5057,"date":"2022-03-04T12:32:44","date_gmt":"2022-03-04T12:32:44","guid":{"rendered":"https:\/\/teatrulreginamaria.ro\/2022\/03\/04\/teatrul-regina-maria-se-alatura-campaniilor-umanitare-pentru-refugiatii-din-ucraina\/"},"modified":"2022-03-04T12:32:44","modified_gmt":"2022-03-04T12:32:44","slug":"a-queen-maria-szinhaz-humanitarius-kampanyokhoz-csatlakozik-ukrajnaban-a-menekultek-megsegitesere","status":"publish","type":"post","link":"https:\/\/www.teatrulreginamaria.ro\/hu\/teatrul-regina-maria-se-alatura-campaniilor-umanitare-pentru-refugiatii-din-ucraina\/","title":{"rendered":"A Regina Maria Sz\u00ednh\u00e1z csatlakozik az ukr\u00e1n n\u00e9p ir\u00e1nti szolidarit\u00e1st \u00e9s egy\u00fctt\u00e9rz\u00e9st s\u00fcrget\u0151 kamp\u00e1nyhoz"},"content":{"rendered":"<p>\u00a0A Regina Maria Sz\u00ednh\u00e1z csatlakozik a &quot;K\u00f6ny\u00f6r\u00f6gj a b\u00e9k\u00e9\u00e9rt!&quot; kamp\u00e1ny \u2013 A Radio Rom\u00e1nia Kultur\u00e1lis kamp\u00e1ny az ukr\u00e1n n\u00e9ppel val\u00f3 szolidarit\u00e1s jelek\u00e9nt, hang\u00fczenet sug\u00e1rz\u00e1s\u00e1val, amely szolidarit\u00e1sra, emp\u00e1ti\u00e1ra \u00e9s egy\u00fctt\u00e9rz\u00e9sre sz\u00f3l\u00edt fel az ukrajnai h\u00e1bor\u00fa trag\u00e9di\u00e1ja ir\u00e1nt.<\/p>\n<p style=\"text-align: justify;\">Ma 18 \u00f3r\u00e1t\u00f3l a Nagyteremben, A h\u00e1zass\u00e1gt\u00f6r\u00e9s m\u0171v\u00e9szete c\u00edm\u0171 m\u0171sor kezdete el\u0151tt \u00e9s m\u00e1rcius 5-\u00e9n, szombaton 18 \u00f3r\u00e1t\u00f3l az \u00c1rk\u00e1dia teremben, a H\u00e1rom magas n\u0151 c\u00edm\u0171 m\u0171sor kezdete el\u0151tt hangfelv\u00e9tel Ana Blandian\u00e1r\u00f3l, melyen egy r\u00f6vid, er\u0151s \u00e9rzelmi hat\u00e1st kelt\u0151 r\u00e9szletet olvas fel Az utols\u00f3 ukr\u00e1n Wit-\u00edr\u00f3 No. az Irodalom sz\u00e1m\u00e1ra, ad\u00e1sba ker\u00fcl. Szvetlana Alekszijevics.<\/p>\n<p><!--more--><\/p>\n<p style=\"text-align: justify;\">M\u00e1rcius 5-\u00e9n, szombaton minden, a kamp\u00e1nyhoz csatlakoz\u00f3 kultur\u00e1lis int\u00e9zm\u00e9ny a Radio Romania Cultural ad\u00e1s\u00e1val egyidej\u0171leg sug\u00e1rozza a hangos \u00fczenetet. A Radio Romania Cultural \u00e1ltal kiadott sajt\u00f3k\u00f6zlem\u00e9ny szerint a kamp\u00e1ny ezut\u00e1n rom\u00e1n \u00e9s k\u00fclf\u00f6ldi \u00edr\u00f3k, a Pen Club Romania \u00e9s a Pen Club International tagjainak felolvas\u00e1saival folytat\u00f3dik, akik sajt\u00f3k\u00f6zlem\u00e9nyben az ukrajnai er\u0151szak v\u00e9g\u00e9t szorgalmazt\u00e1k: <em>A PEN International hat\u00e1rozottan el\u00edt\u00e9li az orosz er\u0151k \u00e1ltal Ukrajn\u00e1ban kirobbantott er\u0151szakot, \u00e9s s\u00fcrg\u0151sen felsz\u00f3l\u00edt a szuver\u00e9n, f\u00fcggetlen \u00e1llam elleni katonai agresszi\u00f3 besz\u00fcntet\u00e9s\u00e9re. A v\u00e9ront\u00e1snak most v\u00e9get kell vetni. Ki\u00e1llunk Ukrajna \u00e9s a PEN Ukrajna-beli bar\u00e1taink mellett, \u00e9s felsz\u00f3l\u00edtjuk Putyin eln\u00f6k\u00f6t, hogy azonnal \u00e1ll\u00edtsa le ezt a h\u00e1bor\u00fat. A b\u00e9k\u00e9nek gy\u0151zedelmeskednie kell.<\/em><\/p>\n<p style=\"text-align: justify;\">A Radio Rom\u00e2nia IM\u00c1DKOZZ A B\u00c9K\u00c9\u00c9RT kultur\u00e1lis kamp\u00e1nya a Litera Kiad\u00f3 t\u00e1mogat\u00e1s\u00e1val val\u00f3sul meg.<\/p>\n<p>\u00a0<\/p>","protected":false},"excerpt":{"rendered":"<p>\u00a0Teatrul Regina Maria se al\u0103tur\u0103 campaniei \u201eRug\u0103 pentru Pace!\u201d \u2013 O campanie Radio Rom\u00e2nia Cultural ini\u021biat\u0103 \u00een semn de solidaritate cu poporul ucrainean, prin difuzarea unui mesaj audio ce face un apel la solidaritate, empatie \u0219i compasiune cu tragedia r\u0103zboiului din Ucraina. Ast\u0103zi, de la ora 18:00, la Sala Mare, \u00eenainte de \u00eenceperea spectacolului \u201eArta [&hellip;]<\/p>\n","protected":false},"author":6,"featured_media":5047,"comment_status":"open","ping_status":"open","sticky":false,"template":"","format":"standard","meta":{"_acf_changed":false,"footnotes":""},"categories":[22],"tags":[],"class_list":["post-5057","post","type-post","status-publish","format-standard","has-post-thumbnail","hentry","category-noutati-trupa-iosif-vulcan"],"aioseo_notices":[],"aioseo_head":"\n\t\t<!-- All in One SEO Pro 5.0.1.1 - aioseo.com -->\n\t<meta name=\"description\" content=\"Teatrul Regina Maria se al\u0103tur\u0103 campaniei \u201eRug\u0103 pentru Pace!\u201d \u2013 O campanie Radio Rom\u00e2nia Cultural ini\u021biat\u0103 \u00een semn de solidaritate cu poporul ucrainean, prin difuzarea unui mesaj audio ce face un apel la solidaritate, empatie \u0219i compasiune cu tragedia r\u0103zboiului din Ucraina. Ast\u0103zi, de la ora 18:00, la Sala Mare, \u00eenainte de \u00eenceperea spectacolului \u201eArta\" \/>\n\t<meta name=\"robots\" content=\"max-image-preview:large\" \/>\n\t<meta name=\"author\" content=\"Teatrul Regina Maria\"\/>\n\t<link rel=\"canonical\" href=\"https:\/\/www.teatrulreginamaria.ro\/hu\/teatrul-regina-maria-se-alatura-campaniilor-umanitare-pentru-refugiatii-din-ucraina\/\" \/>\n\t<meta name=\"generator\" content=\"All in One SEO Pro (AIOSEO) 5.0.1.1\" \/>\n\t\t<meta property=\"og:locale\" content=\"hu_HU\" \/>\n\t\t<meta property=\"og:site_name\" content=\"Teatrul Regina Maria Oradea - Trupa Iosif Vulcan \u0219i Trupa Arcadia\" \/>\n\t\t<meta property=\"og:type\" content=\"article\" \/>\n\t\t<meta property=\"og:title\" content=\"Teatrul Regina Maria se al\u0103tur\u0103 campaniei care \u00eendeamn\u0103 la solidaritate \u0219i compasiune fa\u021b\u0103 de poporul ucrainean - Teatrul Regina Maria Oradea\" \/>\n\t\t<meta property=\"og:description\" content=\"Teatrul Regina Maria se al\u0103tur\u0103 campaniei \u201eRug\u0103 pentru Pace!\u201d \u2013 O campanie Radio Rom\u00e2nia Cultural ini\u021biat\u0103 \u00een semn de solidaritate cu poporul ucrainean, prin difuzarea unui mesaj audio ce face un apel la solidaritate, empatie \u0219i compasiune cu tragedia r\u0103zboiului din Ucraina. Ast\u0103zi, de la ora 18:00, la Sala Mare, \u00eenainte de \u00eenceperea spectacolului \u201eArta\" \/>\n\t\t<meta property=\"og:url\" content=\"https:\/\/www.teatrulreginamaria.ro\/hu\/teatrul-regina-maria-se-alatura-campaniilor-umanitare-pentru-refugiatii-din-ucraina\/\" \/>\n\t\t<meta property=\"og:image\" content=\"https:\/\/www.teatrulreginamaria.ro\/wp-content\/uploads\/2025\/03\/trm-istoric-01.jpg\" \/>\n\t\t<meta property=\"og:image:secure_url\" content=\"https:\/\/www.teatrulreginamaria.ro\/wp-content\/uploads\/2025\/03\/trm-istoric-01.jpg\" \/>\n\t\t<meta property=\"og:image:width\" content=\"1200\" \/>\n\t\t<meta property=\"og:image:height\" content=\"800\" \/>\n\t\t<meta property=\"article:published_time\" content=\"2022-03-04T12:32:44+00:00\" \/>\n\t\t<meta property=\"article:modified_time\" content=\"2022-03-04T12:32:44+00:00\" \/>\n\t\t<meta property=\"article:publisher\" content=\"https:\/\/www.facebook.com\/TRMTrupaIosifVulcan\/\" \/>\n\t\t<meta name=\"twitter:card\" content=\"summary_large_image\" \/>\n\t\t<meta name=\"twitter:site\" content=\"@TRMOradea\" \/>\n\t\t<meta name=\"twitter:title\" content=\"Teatrul Regina Maria se al\u0103tur\u0103 campaniei care \u00eendeamn\u0103 la solidaritate \u0219i compasiune fa\u021b\u0103 de poporul ucrainean - Teatrul Regina Maria Oradea\" \/>\n\t\t<meta name=\"twitter:description\" content=\"Teatrul Regina Maria se al\u0103tur\u0103 campaniei \u201eRug\u0103 pentru Pace!\u201d \u2013 O campanie Radio Rom\u00e2nia Cultural ini\u021biat\u0103 \u00een semn de solidaritate cu poporul ucrainean, prin difuzarea unui mesaj audio ce face un apel la solidaritate, empatie \u0219i compasiune cu tragedia r\u0103zboiului din Ucraina. Ast\u0103zi, de la ora 18:00, la Sala Mare, \u00eenainte de \u00eenceperea spectacolului \u201eArta\" \/>\n\t\t<meta name=\"twitter:creator\" content=\"@TRMOradea\" \/>\n\t\t<meta name=\"twitter:image\" content=\"https:\/\/www.teatrulreginamaria.ro\/wp-content\/uploads\/2025\/03\/trm-istoric-01.jpg\" \/>\n\t\t<script type=\"application\/ld+json\" class=\"aioseo-schema\">\n\t\t\t{\"@context\":\"https:\\\/\\\/schema.org\",\"@graph\":[{\"@type\":\"BlogPosting\",\"@id\":\"https:\\\/\\\/www.teatrulreginamaria.ro\\\/hu\\\/teatrul-regina-maria-se-alatura-campaniilor-umanitare-pentru-refugiatii-din-ucraina\\\/#blogposting\",\"name\":\"Teatrul Regina Maria se al\\u0103tur\\u0103 campaniei care \\u00eendeamn\\u0103 la solidaritate \\u0219i compasiune fa\\u021b\\u0103 de poporul ucrainean - Teatrul Regina Maria Oradea\",\"headline\":\"Teatrul Regina Maria se al\\u0103tur\\u0103 campaniei care \\u00eendeamn\\u0103 la solidaritate \\u0219i compasiune fa\\u021b\\u0103 de poporul ucrainean\",\"author\":{\"@id\":\"https:\\\/\\\/www.teatrulreginamaria.ro\\\/hu\\\/author\\\/w3bmaster\\\/#author\"},\"publisher\":{\"@id\":\"https:\\\/\\\/www.teatrulreginamaria.ro\\\/hu\\\/#organization\"},\"image\":{\"@type\":\"ImageObject\",\"url\":\"https:\\\/\\\/www.teatrulreginamaria.ro\\\/wp-content\\\/uploads\\\/2022\\\/03\\\/rug-pentru-pace.png\",\"width\":1080,\"height\":1080},\"datePublished\":\"2022-03-04T12:32:44+02:00\",\"dateModified\":\"2022-03-04T12:32:44+02:00\",\"inLanguage\":\"hu-HU\",\"mainEntityOfPage\":{\"@id\":\"https:\\\/\\\/www.teatrulreginamaria.ro\\\/hu\\\/teatrul-regina-maria-se-alatura-campaniilor-umanitare-pentru-refugiatii-din-ucraina\\\/#webpage\"},\"isPartOf\":{\"@id\":\"https:\\\/\\\/www.teatrulreginamaria.ro\\\/hu\\\/teatrul-regina-maria-se-alatura-campaniilor-umanitare-pentru-refugiatii-din-ucraina\\\/#webpage\"},\"articleSection\":\"Nout\\u0103\\u021bi - Trupa Iosif Vulcan\"},{\"@type\":\"BreadcrumbList\",\"@id\":\"https:\\\/\\\/www.teatrulreginamaria.ro\\\/hu\\\/teatrul-regina-maria-se-alatura-campaniilor-umanitare-pentru-refugiatii-din-ucraina\\\/#breadcrumblist\",\"itemListElement\":[{\"@type\":\"ListItem\",\"@id\":\"https:\\\/\\\/www.teatrulreginamaria.ro\\\/hu#listItem\",\"position\":1,\"name\":\"Home\",\"item\":\"https:\\\/\\\/www.teatrulreginamaria.ro\\\/hu\",\"nextItem\":{\"@type\":\"ListItem\",\"@id\":\"https:\\\/\\\/www.teatrulreginamaria.ro\\\/hu\\\/categorie\\\/noutati\\\/#listItem\",\"name\":\"Nout\\u0103\\u021bi\"}},{\"@type\":\"ListItem\",\"@id\":\"https:\\\/\\\/www.teatrulreginamaria.ro\\\/hu\\\/categorie\\\/noutati\\\/#listItem\",\"position\":2,\"name\":\"Nout\\u0103\\u021bi\",\"item\":\"https:\\\/\\\/www.teatrulreginamaria.ro\\\/hu\\\/categorie\\\/noutati\\\/\",\"nextItem\":{\"@type\":\"ListItem\",\"@id\":\"https:\\\/\\\/www.teatrulreginamaria.ro\\\/hu\\\/categorie\\\/noutati\\\/noutati-trupa-iosif-vulcan\\\/#listItem\",\"name\":\"Nout\\u0103\\u021bi - Trupa Iosif Vulcan\"},\"previousItem\":{\"@type\":\"ListItem\",\"@id\":\"https:\\\/\\\/www.teatrulreginamaria.ro\\\/hu#listItem\",\"name\":\"Home\"}},{\"@type\":\"ListItem\",\"@id\":\"https:\\\/\\\/www.teatrulreginamaria.ro\\\/hu\\\/categorie\\\/noutati\\\/noutati-trupa-iosif-vulcan\\\/#listItem\",\"position\":3,\"name\":\"Nout\\u0103\\u021bi - Trupa Iosif Vulcan\",\"item\":\"https:\\\/\\\/www.teatrulreginamaria.ro\\\/hu\\\/categorie\\\/noutati\\\/noutati-trupa-iosif-vulcan\\\/\",\"nextItem\":{\"@type\":\"ListItem\",\"@id\":\"https:\\\/\\\/www.teatrulreginamaria.ro\\\/hu\\\/teatrul-regina-maria-se-alatura-campaniilor-umanitare-pentru-refugiatii-din-ucraina\\\/#listItem\",\"name\":\"Teatrul Regina Maria se al\\u0103tur\\u0103 campaniei care \\u00eendeamn\\u0103 la solidaritate \\u0219i compasiune fa\\u021b\\u0103 de poporul ucrainean\"},\"previousItem\":{\"@type\":\"ListItem\",\"@id\":\"https:\\\/\\\/www.teatrulreginamaria.ro\\\/hu\\\/categorie\\\/noutati\\\/#listItem\",\"name\":\"Nout\\u0103\\u021bi\"}},{\"@type\":\"ListItem\",\"@id\":\"https:\\\/\\\/www.teatrulreginamaria.ro\\\/hu\\\/teatrul-regina-maria-se-alatura-campaniilor-umanitare-pentru-refugiatii-din-ucraina\\\/#listItem\",\"position\":4,\"name\":\"Teatrul Regina Maria se al\\u0103tur\\u0103 campaniei care \\u00eendeamn\\u0103 la solidaritate \\u0219i compasiune fa\\u021b\\u0103 de poporul ucrainean\",\"previousItem\":{\"@type\":\"ListItem\",\"@id\":\"https:\\\/\\\/www.teatrulreginamaria.ro\\\/hu\\\/categorie\\\/noutati\\\/noutati-trupa-iosif-vulcan\\\/#listItem\",\"name\":\"Nout\\u0103\\u021bi - Trupa Iosif Vulcan\"}}]},{\"@type\":\"Organization\",\"@id\":\"https:\\\/\\\/www.teatrulreginamaria.ro\\\/hu\\\/#organization\",\"name\":\"Teatrul Regina Maria Oradea\",\"description\":\"Trupa Iosif Vulcan \\u0219i Trupa Arcadia\",\"url\":\"https:\\\/\\\/www.teatrulreginamaria.ro\\\/hu\\\/\",\"email\":\"marketing@teatrulreginamaria.ro\",\"telephone\":\"+40359411534\",\"numberOfEmployees\":{\"@type\":\"QuantitativeValue\",\"minValue\":0,\"maxValue\":150},\"logo\":{\"@type\":\"ImageObject\",\"url\":\"https:\\\/\\\/www.teatrulreginamaria.ro\\\/wp-content\\\/uploads\\\/2025\\\/06\\\/logo-trm-01-dark.png\",\"@id\":\"https:\\\/\\\/www.teatrulreginamaria.ro\\\/hu\\\/teatrul-regina-maria-se-alatura-campaniilor-umanitare-pentru-refugiatii-din-ucraina\\\/#organizationLogo\",\"width\":300,\"height\":148},\"image\":{\"@id\":\"https:\\\/\\\/www.teatrulreginamaria.ro\\\/hu\\\/teatrul-regina-maria-se-alatura-campaniilor-umanitare-pentru-refugiatii-din-ucraina\\\/#organizationLogo\"},\"sameAs\":[\"https:\\\/\\\/www.facebook.com\\\/TRMTrupaIosifVulcan\\\/\",\"https:\\\/\\\/x.com\\\/TRMOradea\",\"https:\\\/\\\/www.instagram.com\\\/teatrul_regina_maria\\\/\",\"https:\\\/\\\/www.youtube.com\\\/c\\\/TeatrulReginaMariaOradea\",\"https:\\\/\\\/www.linkedin.com\\\/company\\\/teatrul-regina-maria\"]},{\"@type\":\"Person\",\"@id\":\"https:\\\/\\\/www.teatrulreginamaria.ro\\\/hu\\\/author\\\/w3bmaster\\\/#author\",\"url\":\"https:\\\/\\\/www.teatrulreginamaria.ro\\\/hu\\\/author\\\/w3bmaster\\\/\",\"name\":\"Teatrul Regina Maria\",\"image\":{\"@type\":\"ImageObject\",\"@id\":\"https:\\\/\\\/www.teatrulreginamaria.ro\\\/hu\\\/teatrul-regina-maria-se-alatura-campaniilor-umanitare-pentru-refugiatii-din-ucraina\\\/#authorImage\",\"url\":\"https:\\\/\\\/secure.gravatar.com\\\/avatar\\\/5884139d508ae3f0bafe45e60563b48a9640146d3b08ccc6278c305ff9329305?s=96&d=mm&r=g\",\"width\":96,\"height\":96,\"caption\":\"Teatrul Regina Maria\"}},{\"@type\":\"WebPage\",\"@id\":\"https:\\\/\\\/www.teatrulreginamaria.ro\\\/hu\\\/teatrul-regina-maria-se-alatura-campaniilor-umanitare-pentru-refugiatii-din-ucraina\\\/#webpage\",\"url\":\"https:\\\/\\\/www.teatrulreginamaria.ro\\\/hu\\\/teatrul-regina-maria-se-alatura-campaniilor-umanitare-pentru-refugiatii-din-ucraina\\\/\",\"name\":\"Teatrul Regina Maria se al\\u0103tur\\u0103 campaniei care \\u00eendeamn\\u0103 la solidaritate \\u0219i compasiune fa\\u021b\\u0103 de poporul ucrainean - Teatrul Regina Maria Oradea\",\"description\":\"Teatrul Regina Maria se al\\u0103tur\\u0103 campaniei \\u201eRug\\u0103 pentru Pace!\\u201d \\u2013 O campanie Radio Rom\\u00e2nia Cultural ini\\u021biat\\u0103 \\u00een semn de solidaritate cu poporul ucrainean, prin difuzarea unui mesaj audio ce face un apel la solidaritate, empatie \\u0219i compasiune cu tragedia r\\u0103zboiului din Ucraina. Ast\\u0103zi, de la ora 18:00, la Sala Mare, \\u00eenainte de \\u00eenceperea spectacolului \\u201eArta\",\"inLanguage\":\"hu-HU\",\"isPartOf\":{\"@id\":\"https:\\\/\\\/www.teatrulreginamaria.ro\\\/hu\\\/#website\"},\"breadcrumb\":{\"@id\":\"https:\\\/\\\/www.teatrulreginamaria.ro\\\/hu\\\/teatrul-regina-maria-se-alatura-campaniilor-umanitare-pentru-refugiatii-din-ucraina\\\/#breadcrumblist\"},\"author\":{\"@id\":\"https:\\\/\\\/www.teatrulreginamaria.ro\\\/hu\\\/author\\\/w3bmaster\\\/#author\"},\"creator\":{\"@id\":\"https:\\\/\\\/www.teatrulreginamaria.ro\\\/hu\\\/author\\\/w3bmaster\\\/#author\"},\"image\":{\"@type\":\"ImageObject\",\"url\":\"https:\\\/\\\/www.teatrulreginamaria.ro\\\/wp-content\\\/uploads\\\/2022\\\/03\\\/rug-pentru-pace.png\",\"@id\":\"https:\\\/\\\/www.teatrulreginamaria.ro\\\/hu\\\/teatrul-regina-maria-se-alatura-campaniilor-umanitare-pentru-refugiatii-din-ucraina\\\/#mainImage\",\"width\":1080,\"height\":1080},\"primaryImageOfPage\":{\"@id\":\"https:\\\/\\\/www.teatrulreginamaria.ro\\\/hu\\\/teatrul-regina-maria-se-alatura-campaniilor-umanitare-pentru-refugiatii-din-ucraina\\\/#mainImage\"},\"datePublished\":\"2022-03-04T12:32:44+02:00\",\"dateModified\":\"2022-03-04T12:32:44+02:00\"},{\"@type\":\"WebSite\",\"@id\":\"https:\\\/\\\/www.teatrulreginamaria.ro\\\/hu\\\/#website\",\"url\":\"https:\\\/\\\/www.teatrulreginamaria.ro\\\/hu\\\/\",\"name\":\"Teatrul Regina Maria Oradea\",\"alternateName\":\"TRM Oradea\",\"description\":\"Trupa Iosif Vulcan \\u0219i Trupa Arcadia\",\"inLanguage\":\"hu-HU\",\"publisher\":{\"@id\":\"https:\\\/\\\/www.teatrulreginamaria.ro\\\/hu\\\/#organization\"}}]}\n\t\t<\/script>\n\t\t<!-- All in One SEO Pro -->\r\n\t\t<title>Teatrul Regina Maria se al\u0103tur\u0103 campaniei care \u00eendeamn\u0103 la solidaritate \u0219i compasiune fa\u021b\u0103 de poporul ucrainean - Teatrul Regina Maria Oradea<\/title>\n\n","aioseo_head_json":{"title":"A Regina Maria Sz\u00ednh\u00e1z csatlakozik a kamp\u00e1nyhoz, amely az ukr\u00e1n n\u00e9p ir\u00e1nti szolidarit\u00e1st \u00e9s egy\u00fctt\u00e9rz\u00e9st s\u00fcrgeti - A nagyv\u00e1radi Regina Maria Sz\u00ednh\u00e1z","description":"A Regina Maria Sz\u00ednh\u00e1z csatlakozik az \u201eIm\u00e1dkozzatok a b\u00e9k\u00e9\u00e9rt!\u201d kamp\u00e1nyhoz \u2013 a Rom\u00e1nia R\u00e1di\u00f3 kultur\u00e1lis kamp\u00e1ny\u00e1hoz, amelyet az ukr\u00e1n n\u00e9ppel val\u00f3 szolidarit\u00e1s jelek\u00e9nt ind\u00edtottak \u2013 egy hangos \u00fczenet sug\u00e1rz\u00e1s\u00e1val, amely szolidarit\u00e1sra, emp\u00e1ti\u00e1ra \u00e9s egy\u00fctt\u00e9rz\u00e9sre sz\u00f3l\u00edt fel az ukrajnai h\u00e1bor\u00fa trag\u00e9di\u00e1j\u00e1val kapcsolatban. Ma, 18:00-t\u00f3l a Nagyteremben, a \u201eA b\u00e9ke m\u0171v\u00e9szete\u201d c\u00edm\u0171 el\u0151ad\u00e1s kezdete el\u0151tt...","canonical_url":"https:\/\/www.teatrulreginamaria.ro\/hu\/teatrul-regina-maria-se-alatura-campaniilor-umanitare-pentru-refugiatii-din-ucraina\/","robots":"max-image-preview:large","keywords":"","webmasterTools":{"miscellaneous":""},"schema":{"@context":"https:\/\/schema.org","@graph":[{"@type":"BlogPosting","@id":"https:\/\/www.teatrulreginamaria.ro\/hu\/teatrul-regina-maria-se-alatura-campaniilor-umanitare-pentru-refugiatii-din-ucraina\/#blogposting","name":"Teatrul Regina Maria se al\u0103tur\u0103 campaniei care \u00eendeamn\u0103 la solidaritate \u0219i compasiune fa\u021b\u0103 de poporul ucrainean - Teatrul Regina Maria Oradea","headline":"Teatrul Regina Maria se al\u0103tur\u0103 campaniei care \u00eendeamn\u0103 la solidaritate \u0219i compasiune fa\u021b\u0103 de poporul ucrainean","author":{"@id":"https:\/\/www.teatrulreginamaria.ro\/hu\/author\/w3bmaster\/#author"},"publisher":{"@id":"https:\/\/www.teatrulreginamaria.ro\/hu\/#organization"},"image":{"@type":"ImageObject","url":"https:\/\/www.teatrulreginamaria.ro\/wp-content\/uploads\/2022\/03\/rug-pentru-pace.png","width":1080,"height":1080},"datePublished":"2022-03-04T12:32:44+02:00","dateModified":"2022-03-04T12:32:44+02:00","inLanguage":"hu-HU","mainEntityOfPage":{"@id":"https:\/\/www.teatrulreginamaria.ro\/hu\/teatrul-regina-maria-se-alatura-campaniilor-umanitare-pentru-refugiatii-din-ucraina\/#webpage"},"isPartOf":{"@id":"https:\/\/www.teatrulreginamaria.ro\/hu\/teatrul-regina-maria-se-alatura-campaniilor-umanitare-pentru-refugiatii-din-ucraina\/#webpage"},"articleSection":"Nout\u0103\u021bi - Trupa Iosif Vulcan"},{"@type":"BreadcrumbList","@id":"https:\/\/www.teatrulreginamaria.ro\/hu\/teatrul-regina-maria-se-alatura-campaniilor-umanitare-pentru-refugiatii-din-ucraina\/#breadcrumblist","itemListElement":[{"@type":"ListItem","@id":"https:\/\/www.teatrulreginamaria.ro\/hu#listItem","position":1,"name":"Home","item":"https:\/\/www.teatrulreginamaria.ro\/hu","nextItem":{"@type":"ListItem","@id":"https:\/\/www.teatrulreginamaria.ro\/hu\/categorie\/noutati\/#listItem","name":"Nout\u0103\u021bi"}},{"@type":"ListItem","@id":"https:\/\/www.teatrulreginamaria.ro\/hu\/categorie\/noutati\/#listItem","position":2,"name":"Nout\u0103\u021bi","item":"https:\/\/www.teatrulreginamaria.ro\/hu\/categorie\/noutati\/","nextItem":{"@type":"ListItem","@id":"https:\/\/www.teatrulreginamaria.ro\/hu\/categorie\/noutati\/noutati-trupa-iosif-vulcan\/#listItem","name":"Nout\u0103\u021bi - Trupa Iosif Vulcan"},"previousItem":{"@type":"ListItem","@id":"https:\/\/www.teatrulreginamaria.ro\/hu#listItem","name":"Home"}},{"@type":"ListItem","@id":"https:\/\/www.teatrulreginamaria.ro\/hu\/categorie\/noutati\/noutati-trupa-iosif-vulcan\/#listItem","position":3,"name":"Nout\u0103\u021bi - Trupa Iosif Vulcan","item":"https:\/\/www.teatrulreginamaria.ro\/hu\/categorie\/noutati\/noutati-trupa-iosif-vulcan\/","nextItem":{"@type":"ListItem","@id":"https:\/\/www.teatrulreginamaria.ro\/hu\/teatrul-regina-maria-se-alatura-campaniilor-umanitare-pentru-refugiatii-din-ucraina\/#listItem","name":"Teatrul Regina Maria se al\u0103tur\u0103 campaniei care \u00eendeamn\u0103 la solidaritate \u0219i compasiune fa\u021b\u0103 de poporul ucrainean"},"previousItem":{"@type":"ListItem","@id":"https:\/\/www.teatrulreginamaria.ro\/hu\/categorie\/noutati\/#listItem","name":"Nout\u0103\u021bi"}},{"@type":"ListItem","@id":"https:\/\/www.teatrulreginamaria.ro\/hu\/teatrul-regina-maria-se-alatura-campaniilor-umanitare-pentru-refugiatii-din-ucraina\/#listItem","position":4,"name":"Teatrul Regina Maria se al\u0103tur\u0103 campaniei care \u00eendeamn\u0103 la solidaritate \u0219i compasiune fa\u021b\u0103 de poporul ucrainean","previousItem":{"@type":"ListItem","@id":"https:\/\/www.teatrulreginamaria.ro\/hu\/categorie\/noutati\/noutati-trupa-iosif-vulcan\/#listItem","name":"Nout\u0103\u021bi - Trupa Iosif Vulcan"}}]},{"@type":"Organization","@id":"https:\/\/www.teatrulreginamaria.ro\/hu\/#organization","name":"Teatrul Regina Maria Oradea","description":"Trupa Iosif Vulcan \u0219i Trupa Arcadia","url":"https:\/\/www.teatrulreginamaria.ro\/hu\/","email":"marketing@teatrulreginamaria.ro","telephone":"+40359411534","numberOfEmployees":{"@type":"QuantitativeValue","minValue":0,"maxValue":150},"logo":{"@type":"ImageObject","url":"https:\/\/www.teatrulreginamaria.ro\/wp-content\/uploads\/2025\/06\/logo-trm-01-dark.png","@id":"https:\/\/www.teatrulreginamaria.ro\/hu\/teatrul-regina-maria-se-alatura-campaniilor-umanitare-pentru-refugiatii-din-ucraina\/#organizationLogo","width":300,"height":148},"image":{"@id":"https:\/\/www.teatrulreginamaria.ro\/hu\/teatrul-regina-maria-se-alatura-campaniilor-umanitare-pentru-refugiatii-din-ucraina\/#organizationLogo"},"sameAs":["https:\/\/www.facebook.com\/TRMTrupaIosifVulcan\/","https:\/\/x.com\/TRMOradea","https:\/\/www.instagram.com\/teatrul_regina_maria\/","https:\/\/www.youtube.com\/c\/TeatrulReginaMariaOradea","https:\/\/www.linkedin.com\/company\/teatrul-regina-maria"]},{"@type":"Person","@id":"https:\/\/www.teatrulreginamaria.ro\/hu\/author\/w3bmaster\/#author","url":"https:\/\/www.teatrulreginamaria.ro\/hu\/author\/w3bmaster\/","name":"Teatrul Regina Maria","image":{"@type":"ImageObject","@id":"https:\/\/www.teatrulreginamaria.ro\/hu\/teatrul-regina-maria-se-alatura-campaniilor-umanitare-pentru-refugiatii-din-ucraina\/#authorImage","url":"https:\/\/secure.gravatar.com\/avatar\/5884139d508ae3f0bafe45e60563b48a9640146d3b08ccc6278c305ff9329305?s=96&d=mm&r=g","width":96,"height":96,"caption":"Teatrul Regina Maria"}},{"@type":"WebPage","@id":"https:\/\/www.teatrulreginamaria.ro\/hu\/teatrul-regina-maria-se-alatura-campaniilor-umanitare-pentru-refugiatii-din-ucraina\/#webpage","url":"https:\/\/www.teatrulreginamaria.ro\/hu\/teatrul-regina-maria-se-alatura-campaniilor-umanitare-pentru-refugiatii-din-ucraina\/","name":"Teatrul Regina Maria se al\u0103tur\u0103 campaniei care \u00eendeamn\u0103 la solidaritate \u0219i compasiune fa\u021b\u0103 de poporul ucrainean - Teatrul Regina Maria Oradea","description":"Teatrul Regina Maria se al\u0103tur\u0103 campaniei \u201eRug\u0103 pentru Pace!\u201d \u2013 O campanie Radio Rom\u00e2nia Cultural ini\u021biat\u0103 \u00een semn de solidaritate cu poporul ucrainean, prin difuzarea unui mesaj audio ce face un apel la solidaritate, empatie \u0219i compasiune cu tragedia r\u0103zboiului din Ucraina. Ast\u0103zi, de la ora 18:00, la Sala Mare, \u00eenainte de \u00eenceperea spectacolului \u201eArta","inLanguage":"hu-HU","isPartOf":{"@id":"https:\/\/www.teatrulreginamaria.ro\/hu\/#website"},"breadcrumb":{"@id":"https:\/\/www.teatrulreginamaria.ro\/hu\/teatrul-regina-maria-se-alatura-campaniilor-umanitare-pentru-refugiatii-din-ucraina\/#breadcrumblist"},"author":{"@id":"https:\/\/www.teatrulreginamaria.ro\/hu\/author\/w3bmaster\/#author"},"creator":{"@id":"https:\/\/www.teatrulreginamaria.ro\/hu\/author\/w3bmaster\/#author"},"image":{"@type":"ImageObject","url":"https:\/\/www.teatrulreginamaria.ro\/wp-content\/uploads\/2022\/03\/rug-pentru-pace.png","@id":"https:\/\/www.teatrulreginamaria.ro\/hu\/teatrul-regina-maria-se-alatura-campaniilor-umanitare-pentru-refugiatii-din-ucraina\/#mainImage","width":1080,"height":1080},"primaryImageOfPage":{"@id":"https:\/\/www.teatrulreginamaria.ro\/hu\/teatrul-regina-maria-se-alatura-campaniilor-umanitare-pentru-refugiatii-din-ucraina\/#mainImage"},"datePublished":"2022-03-04T12:32:44+02:00","dateModified":"2022-03-04T12:32:44+02:00"},{"@type":"WebSite","@id":"https:\/\/www.teatrulreginamaria.ro\/hu\/#website","url":"https:\/\/www.teatrulreginamaria.ro\/hu\/","name":"Teatrul Regina Maria Oradea","alternateName":"TRM Oradea","description":"Trupa Iosif Vulcan \u0219i Trupa Arcadia","inLanguage":"hu-HU","publisher":{"@id":"https:\/\/www.teatrulreginamaria.ro\/hu\/#organization"}}]},"og:locale":"hu_HU","og:site_name":"Teatrul Regina Maria Oradea - Trupa Iosif Vulcan \u0219i Trupa Arcadia","og:type":"article","og:title":"Teatrul Regina Maria se al\u0103tur\u0103 campaniei care \u00eendeamn\u0103 la solidaritate \u0219i compasiune fa\u021b\u0103 de poporul ucrainean - Teatrul Regina Maria Oradea","og:description":"Teatrul Regina Maria se al\u0103tur\u0103 campaniei \u201eRug\u0103 pentru Pace!\u201d \u2013 O campanie Radio Rom\u00e2nia Cultural ini\u021biat\u0103 \u00een semn de solidaritate cu poporul ucrainean, prin difuzarea unui mesaj audio ce face un apel la solidaritate, empatie \u0219i compasiune cu tragedia r\u0103zboiului din Ucraina. Ast\u0103zi, de la ora 18:00, la Sala Mare, \u00eenainte de \u00eenceperea spectacolului \u201eArta","og:url":"https:\/\/www.teatrulreginamaria.ro\/hu\/teatrul-regina-maria-se-alatura-campaniilor-umanitare-pentru-refugiatii-din-ucraina\/","og:image":"https:\/\/www.teatrulreginamaria.ro\/wp-content\/uploads\/2025\/03\/trm-istoric-01.jpg","og:image:secure_url":"https:\/\/www.teatrulreginamaria.ro\/wp-content\/uploads\/2025\/03\/trm-istoric-01.jpg","og:image:width":1200,"og:image:height":800,"article:published_time":"2022-03-04T12:32:44+00:00","article:modified_time":"2022-03-04T12:32:44+00:00","article:publisher":"https:\/\/www.facebook.com\/TRMTrupaIosifVulcan\/","twitter:card":"summary_large_image","twitter:site":"@TRMOradea","twitter:title":"Teatrul Regina Maria se al\u0103tur\u0103 campaniei care \u00eendeamn\u0103 la solidaritate \u0219i compasiune fa\u021b\u0103 de poporul ucrainean - Teatrul Regina Maria Oradea","twitter:description":"Teatrul Regina Maria se al\u0103tur\u0103 campaniei \u201eRug\u0103 pentru Pace!\u201d \u2013 O campanie Radio Rom\u00e2nia Cultural ini\u021biat\u0103 \u00een semn de solidaritate cu poporul ucrainean, prin difuzarea unui mesaj audio ce face un apel la solidaritate, empatie \u0219i compasiune cu tragedia r\u0103zboiului din Ucraina. Ast\u0103zi, de la ora 18:00, la Sala Mare, \u00eenainte de \u00eenceperea spectacolului \u201eArta","twitter:creator":"@TRMOradea","twitter:image":"https:\/\/www.teatrulreginamaria.ro\/wp-content\/uploads\/2025\/03\/trm-istoric-01.jpg"},"aioseo_meta_data":{"post_id":"5057","title":null,"description":null,"keywords":null,"keyphrases":null,"primary_term":null,"canonical_url":null,"og_title":null,"og_description":null,"og_object_type":"default","og_image_type":"default","og_image_url":null,"og_image_width":null,"og_image_height":null,"og_image_custom_url":null,"og_image_custom_fields":null,"og_video":null,"og_custom_url":null,"og_article_section":null,"og_article_tags":null,"twitter_use_og":false,"twitter_card":"default","twitter_image_type":"default","twitter_image_url":null,"twitter_image_custom_url":null,"twitter_image_custom_fields":null,"twitter_title":null,"twitter_description":null,"schema":{"blockGraphs":[],"customGraphs":[],"default":{"data":{"Article":[],"Course":[],"Dataset":[],"FAQPage":[],"Movie":[],"Person":[],"Product":[],"ProductReview":[],"Car":[],"Recipe":[],"Service":[],"SoftwareApplication":[],"WebPage":[]},"graphName":"","isEnabled":true},"graphs":[]},"schema_type":"default","schema_type_options":null,"pillar_content":false,"robots_default":true,"robots_noindex":false,"robots_noarchive":false,"robots_nosnippet":false,"robots_nofollow":false,"robots_noimageindex":false,"robots_noodp":false,"robots_notranslate":false,"robots_max_snippet":null,"robots_max_videopreview":null,"robots_max_imagepreview":"large","priority":null,"frequency":null,"local_seo":null,"seo_analyzer_scan_date":"2026-05-13 02:55:26","breadcrumb_settings":null,"limit_modified_date":false,"reviewed_by":null,"open_ai":null,"ai":null,"created":"2025-04-09 17:42:43","updated":"2026-05-13 02:55:26","focus_keyword":null,"additional_keywords":null,"truseo_locale":null},"aioseo_breadcrumb":"<div class=\"aioseo-breadcrumbs\"><span class=\"aioseo-breadcrumb\">\n\t<a href=\"https:\/\/www.teatrulreginamaria.ro\/hu\" title=\"Home\">Home<\/a>\n<\/span><span class=\"aioseo-breadcrumb-separator\">&raquo;<\/span><span class=\"aioseo-breadcrumb\">\n\t<a href=\"https:\/\/www.teatrulreginamaria.ro\/hu\/categorie\/noutati\/\" title=\"Nout\u0103\u021bi\">Nout\u0103\u021bi<\/a>\n<\/span><span class=\"aioseo-breadcrumb-separator\">&raquo;<\/span><span class=\"aioseo-breadcrumb\">\n\t<a href=\"https:\/\/www.teatrulreginamaria.ro\/hu\/categorie\/noutati\/noutati-trupa-iosif-vulcan\/\" title=\"Nout\u0103\u021bi - Trupa Iosif Vulcan\">Nout\u0103\u021bi - Trupa Iosif Vulcan<\/a>\n<\/span><span class=\"aioseo-breadcrumb-separator\">&raquo;<\/span><span class=\"aioseo-breadcrumb\">\n\tTeatrul Regina Maria se al\u0103tur\u0103 campaniei care \u00eendeamn\u0103 la solidaritate \u0219i compasiune fa\u021b\u0103 de poporul ucrainean\n<\/span><\/div>","aioseo_breadcrumb_json":[{"label":"Home","link":"https:\/\/www.teatrulreginamaria.ro\/hu"},{"label":"Nout\u0103\u021bi","link":"https:\/\/www.teatrulreginamaria.ro\/hu\/categorie\/noutati\/"},{"label":"Nout\u0103\u021bi - Trupa Iosif Vulcan","link":"https:\/\/www.teatrulreginamaria.ro\/hu\/categorie\/noutati\/noutati-trupa-iosif-vulcan\/"},{"label":"Teatrul Regina Maria se al\u0103tur\u0103 campaniei care \u00eendeamn\u0103 la solidaritate \u0219i compasiune fa\u021b\u0103 de poporul ucrainean","link":"https:\/\/www.teatrulreginamaria.ro\/hu\/teatrul-regina-maria-se-alatura-campaniilor-umanitare-pentru-refugiatii-din-ucraina\/"}],"acf":[],"_links":{"self":[{"href":"https:\/\/www.teatrulreginamaria.ro\/hu\/wp-json\/wp\/v2\/posts\/5057","targetHints":{"allow":["GET"]}}],"collection":[{"href":"https:\/\/www.teatrulreginamaria.ro\/hu\/wp-json\/wp\/v2\/posts"}],"about":[{"href":"https:\/\/www.teatrulreginamaria.ro\/hu\/wp-json\/wp\/v2\/types\/post"}],"author":[{"embeddable":true,"href":"https:\/\/www.teatrulreginamaria.ro\/hu\/wp-json\/wp\/v2\/users\/6"}],"replies":[{"embeddable":true,"href":"https:\/\/www.teatrulreginamaria.ro\/hu\/wp-json\/wp\/v2\/comments?post=5057"}],"version-history":[{"count":0,"href":"https:\/\/www.teatrulreginamaria.ro\/hu\/wp-json\/wp\/v2\/posts\/5057\/revisions"}],"wp:featuredmedia":[{"embeddable":true,"href":"https:\/\/www.teatrulreginamaria.ro\/hu\/wp-json\/wp\/v2\/media\/5047"}],"wp:attachment":[{"href":"https:\/\/www.teatrulreginamaria.ro\/hu\/wp-json\/wp\/v2\/media?parent=5057"}],"wp:term":[{"taxonomy":"category","embeddable":true,"href":"https:\/\/www.teatrulreginamaria.ro\/hu\/wp-json\/wp\/v2\/categories?post=5057"},{"taxonomy":"post_tag","embeddable":true,"href":"https:\/\/www.teatrulreginamaria.ro\/hu\/wp-json\/wp\/v2\/tags?post=5057"}],"curies":[{"name":"munkaf\u00fczet","href":"https:\/\/api.w.org\/{rel}","templated":true}]}}