{"id":5109,"date":"2022-05-11T06:49:22","date_gmt":"2022-05-11T06:49:22","guid":{"rendered":"https:\/\/teatrulreginamaria.ro\/2022\/05\/11\/comunicat-de-presa-saptamana-povesti-din-arcadia\/"},"modified":"2022-05-11T06:49:22","modified_gmt":"2022-05-11T06:49:22","slug":"sajtokozlemenyek-az-arcadia-hetrol","status":"publish","type":"post","link":"https:\/\/www.teatrulreginamaria.ro\/hu\/comunicat-de-presa-saptamana-povesti-din-arcadia\/","title":{"rendered":"SAJT\u00d3K\u00d6ZLEM\u00c9NY | &quot;Ark\u00e1diai mes\u00e9k&quot; h\u00e9t\u201e"},"content":{"rendered":"<p style=\"text-align: center;\"><strong>Egy h\u00e9tnyi t\u00f6rt\u00e9net Arcadi\u00e1b\u00f3l<\/strong><\/p>\n<p>A Regina Maria Sz\u00ednh\u00e1z 2022. m\u00e1jus 15-22. k\u00f6z\u00f6tt szeretettel v\u00e1rja \u00d6nt az \u201e\u00c1rk\u00e1diai mes\u00e9k\u201d h\u00e9tre, az Arcadia T\u00e1rsulat \u00e1ltal szervezett komplex rendezv\u00e9nyre, amely a t\u00e1rsulat reperto\u00e1rj\u00e1nak legkedveltebb sz\u00ednh\u00e1zi el\u0151ad\u00e1sait, valamint a fiatal n\u00e9z\u0151k sz\u00f3rakoztat\u00e1s\u00e1ra szolg\u00e1l\u00f3 kapcsol\u00f3d\u00f3 programokat is mag\u00e1ban foglal.<\/p>\n<p>Az \u201e\u00c1rk\u00e1diai mes\u00e9k\u201d h\u00e9t egy fantasztikus utaz\u00e1sra invit\u00e1l, ahol gyermekkori t\u00f6rt\u00e9netek kelnek \u00e9letre a sz\u00ednpadon, \u00e9s gyerekek \u00e9s feln\u0151ttek egyar\u00e1nt \u00fajra \u00e1t\u00e9lhetik \u0151ket a sz\u00ednh\u00e1z eme \u00faj, \u00e9l\u00e9nk \u00e9s \u00f6r\u00f6mteli perspekt\u00edv\u00e1j\u00e1b\u00f3l.<\/p>\n<p><!--more--><\/p>\n<p>Nyolc napon \u00e1t az Arcadia T\u00e1rsulat sz\u00edn\u00e9szei a t\u00e1rsulat reperto\u00e1rj\u00e1nak legh\u00edresebb c\u00edmeib\u0151l adnak el\u0151 t\u00f6bb el\u0151ad\u00e1st is, k\u00f6zt\u00fck az egyetemes irodalom mes\u00e9ib\u0151l: \u201ePiroska \u00e9s a farkas\u201d, \u201eA sz\u00e9ps\u00e9g \u00e9s a sz\u00f6rnyeteg\u201d, \u201ePinokki\u00f3\u201d, de a rom\u00e1n irodalomb\u00f3l is: \u201eA kecske h\u00e1rom kecsk\u00e9vel\u201d, \u201eP\u0103cal\u0103 tettei\u201d \u00e9s \u201eA zs\u00e1k k\u00e9t p\u00e9nzzel\u201d. Ha h\u00e9tv\u00e9g\u00e9n a nagyk\u00f6z\u00f6ns\u00e9gnek j\u00e1tssz\u00e1k az el\u0151ad\u00e1sokat, h\u00e9tk\u00f6znap a gyerekek szervezett sz\u00ednh\u00e1zba, iskol\u00e1val vagy \u00f3vod\u00e1val j\u00f6nnek. \u00c9s mivel k\u00f6zelebb akarunk lenni a kicsikhez, k\u00e9t \u00e9v vil\u00e1gj\u00e1rv\u00e1ny \u00e9s t\u00e1vols\u00e1gtart\u00e1s ut\u00e1n az el\u0151ad\u00e1sok ut\u00e1n a sz\u00edn\u00e9szek elk\u00eds\u00e9rik a gyerekeket az el\u0151csarnokba, ahol egy interakt\u00edv ki\u00e1ll\u00edt\u00e1s ny\u00edlik R\u0103zvan Chendrean, a Regina Maria Sz\u00ednh\u00e1z tehets\u00e9ges kell\u00e9kes\u00e9nek, szobr\u00e1sz\u00e1nak \u00e9s d\u00edszlettervez\u0151j\u00e9nek b\u00e1bjaival \u00e9s modelljeivel.<\/p>\n<p>Ezenk\u00edv\u00fcl egy kih\u00edv\u00e1st is hirdet\u00fcnk az iskol\u00e1s \u00e9s \u00f3vod\u00e1s gyerekek sz\u00e1m\u00e1ra, akik bet\u00e9rnek hozz\u00e1nk. A kicsiket arra k\u00e9rj\u00fck, hogy rajzolj\u00e1k le kedvenc mes\u00e9j\u00fcket vagy a sz\u00ednh\u00e1zban l\u00e1tott mes\u00e9t. Hogy hogyan l\u00e1tjuk a mes\u00e9k vil\u00e1g\u00e1t az \u0151 szemsz\u00f6g\u00fck\u00f6n kereszt\u00fcl, azt megtudhatjuk egy Gyermeknap alkalm\u00e1b\u00f3l rendezett ki\u00e1ll\u00edt\u00e1son, amelyet m\u00e1jus v\u00e9g\u00e9n nyitunk meg a sz\u00ednh\u00e1z el\u0151csarnok\u00e1ban.<\/p>\n<p>M\u00e1jus 18-\u00e1n, szerd\u00e1n a \u201eP\u0103cal\u0103 kalandjai\u201d c\u00edm\u0171 el\u0151ad\u00e1s ut\u00e1n Mirela Ni\u021b\u0103 Lupu sz\u00edn\u00e9szn\u0151 felfedi az el\u0151ad\u00e1son jelen l\u00e9v\u0151 gyerekeknek a b\u00e1bsz\u00ednh\u00e1zi el\u0151ad\u00e1s sz\u00fclet\u00e9s\u00e9nek n\u00e9h\u00e1ny titk\u00e1t, amelyeket az \u201eEgy t\u00f6rt\u00e9net napl\u00f3ja, avagy hogyan lettem b\u00e1bsz\u00ednh\u00e1zi el\u0151ad\u00e1s gyerekeknek\u201d c\u00edm\u0171 k\u00f6nyv\u00e9ben \u00f6r\u00f6k\u00edtett meg \u00e9s magyar\u00e1zott el alaposan.<\/p>\n<p>Az \u201e\u00c1rk\u00e1diai Mes\u00e9k\u201d Het\u00e9nek utols\u00f3 h\u00e9tv\u00e9g\u00e9je k\u00fcl\u00f6nleges megh\u00edv\u00e1ssal \u00e9rkezik: h\u00e1rom var\u00e1zslatos pizsam\u00e1s meseesttel, melyeket a Iosif Vulcan T\u00e1rsulat k\u00f6zkedvelt sz\u00edn\u00e9szei, mint p\u00e9ld\u00e1ul: Ioana Drago\u0219 Gajd\u00f3, Alina Leonte, Toppolina (Adela Laz\u0103r), valamint az Arcadia T\u00e1rsulat sz\u00edn\u00e9szei: Igor Lungu, Andrei Fazeca\u0219 \u00e9s Florian Silaghi mesterien hangszerelnek. Minden pizsam\u00e1s meseestnek megvan a maga var\u00e1zsa \u00e9s jellegzetes hangv\u00e9tele. \u00cdgy az els\u0151, mes\u00e9knek szentelt est\u00e9n a gyerekeket az Arcadia Terembe invit\u00e1lj\u00e1k, hogy Ioana Drago\u0219 Gajd\u00f3val \u00e9s Igor Lunguval filmvet\u00edt\u00e9seket n\u00e9zzenek. A mes\u00e9ket kreat\u00edv j\u00e1t\u00e9kok \u00e9s egy kis bepillant\u00e1s a sz\u00ednh\u00e1z titkaiba k\u00f6veti. Szombaton \u00e9s vas\u00e1rnap a Kakimes\u00e9k a Kisterembe k\u00f6lt\u00f6zik, ahol Alina Leonte \u00e9s Andrei Fazeca\u0219 (szombat), valamint Toppolina (Adela Laz\u0103r) \u00e9s Florian Silaghi (vas\u00e1rnap) sz\u00edn\u00e9szek felejthetetlen \u00f3r\u00e1t \u00edg\u00e9rnek a kicsiknek, v\u00e1ltozatos t\u00f6rt\u00e9netekkel \u00e9s meglepet\u00e9sekkel. Melegen aj\u00e1nljuk, hogy minden kis r\u00e9sztvev\u0151 pizsam\u00e1ban \u00e9s kedvenc pl\u00fcss\u00e1llat\u00e1val vagy takar\u00f3j\u00e1val \u00e9rkezzen.<\/p>\n<p>Ezen a boldogs\u00e1g \u00e9s t\u00f6rt\u00e9netek birodalm\u00e1n \u00e1t\u00edvel\u0151 utaz\u00e1son elk\u00eds\u00e9r minket Arc, az esem\u00e9ny kabalafigur\u00e1ja, a sas. Arc egy sasfi\u00f3ka, aki im\u00e1dja a t\u00f6rt\u00e9neteket \u00e9s beleszeret a sz\u00ednh\u00e1zba, annak ellen\u00e9re, hogy a sz\u00fclei nem igaz\u00e1n \u00e9rtenek ezzel egyet. De a sas t\u00f6rt\u00e9net\u00e9t az esem\u00e9nyek sor\u00e1n megismerhetitek.<\/p>\n<p>A jegyek a sz\u00ednh\u00e1zi \u00fcgyn\u00f6ks\u00e9gn\u00e9l v\u00e1s\u00e1rolhat\u00f3k meg, amely keddt\u0151l p\u00e9ntekig 10:00 \u00e9s 14:00 \u00f3ra k\u00f6z\u00f6tt tart nyitva, online az Eventim.ro oldalon, vagy az el\u0151ad\u00e1s kezdete el\u0151tt egy \u00f3r\u00e1val az Arcadia Hallban, a szabad helyek erej\u00e9ig.<\/p>\n<p>Szeretettel v\u00e1runk a sz\u00ednh\u00e1zba!<\/p>\n<p>\u00a0<\/p>\n<p>\u00a0<\/p>","protected":false},"excerpt":{"rendered":"<p>O s\u0103pt\u0103m\u00e2n\u0103 de pove\u0219ti din Arcadia Teatrul Regina Maria v\u0103 invit\u0103 \u00een perioada 15-22 mai 2022 la S\u0103pt\u0103m\u00e2na \u201ePove\u0219ti din Arcadia\u201d, un eveniment complex, organizat de c\u0103tre Trupa Arcadia, care va cuprinde c\u00e2teva dintre cele mai iubite spectacole de teatru din repertoriul trupei, dar \u0219i evenimente conexe menite s\u0103-i \u00eenc\u00e2nte pe micii spectatori. S\u0103pt\u0103m\u00e2na \u201ePove\u0219ti [&hellip;]<\/p>\n","protected":false},"author":6,"featured_media":5107,"comment_status":"open","ping_status":"open","sticky":false,"template":"","format":"standard","meta":{"_acf_changed":false,"footnotes":""},"categories":[37],"tags":[],"class_list":["post-5109","post","type-post","status-publish","format-standard","has-post-thumbnail","hentry","category-noutati-trupa-arcadia"],"aioseo_notices":[],"aioseo_head":"\n\t\t<!-- All in One SEO Pro 5.0.1.1 - aioseo.com -->\n\t<meta name=\"description\" content=\"O s\u0103pt\u0103m\u00e2n\u0103 de pove\u0219ti din Arcadia Teatrul Regina Maria v\u0103 invit\u0103 \u00een perioada 15-22 mai 2022 la S\u0103pt\u0103m\u00e2na \u201ePove\u0219ti din Arcadia\u201d, un eveniment complex, organizat de c\u0103tre Trupa Arcadia, care va cuprinde c\u00e2teva dintre cele mai iubite spectacole de teatru din repertoriul trupei, dar \u0219i evenimente conexe menite s\u0103-i \u00eenc\u00e2nte pe micii spectatori. S\u0103pt\u0103m\u00e2na \u201ePove\u0219ti\" \/>\n\t<meta name=\"robots\" content=\"max-image-preview:large\" \/>\n\t<meta name=\"author\" content=\"Teatrul Regina Maria\"\/>\n\t<link rel=\"canonical\" href=\"https:\/\/www.teatrulreginamaria.ro\/hu\/comunicat-de-presa-saptamana-povesti-din-arcadia\/\" \/>\n\t<meta name=\"generator\" content=\"All in One SEO Pro (AIOSEO) 5.0.1.1\" \/>\n\t\t<meta property=\"og:locale\" content=\"hu_HU\" \/>\n\t\t<meta property=\"og:site_name\" content=\"Teatrul Regina Maria Oradea - Trupa Iosif Vulcan \u0219i Trupa Arcadia\" \/>\n\t\t<meta property=\"og:type\" content=\"article\" \/>\n\t\t<meta property=\"og:title\" content=\"COMUNICAT DE PRES\u0102 | S\u0103pt\u0103m\u00e2na \u201ePove\u0219ti din Arcadia\u201d - Teatrul Regina Maria Oradea\" \/>\n\t\t<meta property=\"og:description\" content=\"O s\u0103pt\u0103m\u00e2n\u0103 de pove\u0219ti din Arcadia Teatrul Regina Maria v\u0103 invit\u0103 \u00een perioada 15-22 mai 2022 la S\u0103pt\u0103m\u00e2na \u201ePove\u0219ti din Arcadia\u201d, un eveniment complex, organizat de c\u0103tre Trupa Arcadia, care va cuprinde c\u00e2teva dintre cele mai iubite spectacole de teatru din repertoriul trupei, dar \u0219i evenimente conexe menite s\u0103-i \u00eenc\u00e2nte pe micii spectatori. S\u0103pt\u0103m\u00e2na \u201ePove\u0219ti\" \/>\n\t\t<meta property=\"og:url\" content=\"https:\/\/www.teatrulreginamaria.ro\/hu\/comunicat-de-presa-saptamana-povesti-din-arcadia\/\" \/>\n\t\t<meta property=\"og:image\" content=\"https:\/\/www.teatrulreginamaria.ro\/wp-content\/uploads\/2025\/03\/trm-istoric-01.jpg\" \/>\n\t\t<meta property=\"og:image:secure_url\" content=\"https:\/\/www.teatrulreginamaria.ro\/wp-content\/uploads\/2025\/03\/trm-istoric-01.jpg\" \/>\n\t\t<meta property=\"og:image:width\" content=\"1200\" \/>\n\t\t<meta property=\"og:image:height\" content=\"800\" \/>\n\t\t<meta property=\"article:published_time\" content=\"2022-05-11T06:49:22+00:00\" \/>\n\t\t<meta property=\"article:modified_time\" content=\"2022-05-11T06:49:22+00:00\" \/>\n\t\t<meta property=\"article:publisher\" content=\"https:\/\/www.facebook.com\/TRMTrupaIosifVulcan\/\" \/>\n\t\t<meta name=\"twitter:card\" content=\"summary_large_image\" \/>\n\t\t<meta name=\"twitter:site\" content=\"@TRMOradea\" \/>\n\t\t<meta name=\"twitter:title\" content=\"COMUNICAT DE PRES\u0102 | S\u0103pt\u0103m\u00e2na \u201ePove\u0219ti din Arcadia\u201d - Teatrul Regina Maria Oradea\" \/>\n\t\t<meta name=\"twitter:description\" content=\"O s\u0103pt\u0103m\u00e2n\u0103 de pove\u0219ti din Arcadia Teatrul Regina Maria v\u0103 invit\u0103 \u00een perioada 15-22 mai 2022 la S\u0103pt\u0103m\u00e2na \u201ePove\u0219ti din Arcadia\u201d, un eveniment complex, organizat de c\u0103tre Trupa Arcadia, care va cuprinde c\u00e2teva dintre cele mai iubite spectacole de teatru din repertoriul trupei, dar \u0219i evenimente conexe menite s\u0103-i \u00eenc\u00e2nte pe micii spectatori. S\u0103pt\u0103m\u00e2na \u201ePove\u0219ti\" \/>\n\t\t<meta name=\"twitter:creator\" content=\"@TRMOradea\" \/>\n\t\t<meta name=\"twitter:image\" content=\"https:\/\/www.teatrulreginamaria.ro\/wp-content\/uploads\/2025\/03\/trm-istoric-01.jpg\" \/>\n\t\t<script type=\"application\/ld+json\" class=\"aioseo-schema\">\n\t\t\t{\"@context\":\"https:\\\/\\\/schema.org\",\"@graph\":[{\"@type\":\"BlogPosting\",\"@id\":\"https:\\\/\\\/www.teatrulreginamaria.ro\\\/hu\\\/comunicat-de-presa-saptamana-povesti-din-arcadia\\\/#blogposting\",\"name\":\"COMUNICAT DE PRES\\u0102 | S\\u0103pt\\u0103m\\u00e2na \\u201ePove\\u0219ti din Arcadia\\u201d - Teatrul Regina Maria Oradea\",\"headline\":\"COMUNICAT DE PRES\\u0102 | S\\u0103pt\\u0103m\\u00e2na \\u201ePove\\u0219ti din Arcadia\\u201d\",\"author\":{\"@id\":\"https:\\\/\\\/www.teatrulreginamaria.ro\\\/hu\\\/author\\\/w3bmaster\\\/#author\"},\"publisher\":{\"@id\":\"https:\\\/\\\/www.teatrulreginamaria.ro\\\/hu\\\/#organization\"},\"image\":{\"@type\":\"ImageObject\",\"url\":\"https:\\\/\\\/www.teatrulreginamaria.ro\\\/wp-content\\\/uploads\\\/2022\\\/05\\\/Sptmna_Poveti_din_Arcadia_program-scaled.jpg\",\"width\":1810,\"height\":2560},\"datePublished\":\"2022-05-11T06:49:22+03:00\",\"dateModified\":\"2022-05-11T06:49:22+03:00\",\"inLanguage\":\"hu-HU\",\"mainEntityOfPage\":{\"@id\":\"https:\\\/\\\/www.teatrulreginamaria.ro\\\/hu\\\/comunicat-de-presa-saptamana-povesti-din-arcadia\\\/#webpage\"},\"isPartOf\":{\"@id\":\"https:\\\/\\\/www.teatrulreginamaria.ro\\\/hu\\\/comunicat-de-presa-saptamana-povesti-din-arcadia\\\/#webpage\"},\"articleSection\":\"Nout\\u0103\\u021bi - Trupa Arcadia\"},{\"@type\":\"BreadcrumbList\",\"@id\":\"https:\\\/\\\/www.teatrulreginamaria.ro\\\/hu\\\/comunicat-de-presa-saptamana-povesti-din-arcadia\\\/#breadcrumblist\",\"itemListElement\":[{\"@type\":\"ListItem\",\"@id\":\"https:\\\/\\\/www.teatrulreginamaria.ro\\\/hu#listItem\",\"position\":1,\"name\":\"Home\",\"item\":\"https:\\\/\\\/www.teatrulreginamaria.ro\\\/hu\",\"nextItem\":{\"@type\":\"ListItem\",\"@id\":\"https:\\\/\\\/www.teatrulreginamaria.ro\\\/hu\\\/categorie\\\/noutati\\\/#listItem\",\"name\":\"Nout\\u0103\\u021bi\"}},{\"@type\":\"ListItem\",\"@id\":\"https:\\\/\\\/www.teatrulreginamaria.ro\\\/hu\\\/categorie\\\/noutati\\\/#listItem\",\"position\":2,\"name\":\"Nout\\u0103\\u021bi\",\"item\":\"https:\\\/\\\/www.teatrulreginamaria.ro\\\/hu\\\/categorie\\\/noutati\\\/\",\"nextItem\":{\"@type\":\"ListItem\",\"@id\":\"https:\\\/\\\/www.teatrulreginamaria.ro\\\/hu\\\/categorie\\\/noutati\\\/noutati-trupa-arcadia\\\/#listItem\",\"name\":\"Nout\\u0103\\u021bi - Trupa Arcadia\"},\"previousItem\":{\"@type\":\"ListItem\",\"@id\":\"https:\\\/\\\/www.teatrulreginamaria.ro\\\/hu#listItem\",\"name\":\"Home\"}},{\"@type\":\"ListItem\",\"@id\":\"https:\\\/\\\/www.teatrulreginamaria.ro\\\/hu\\\/categorie\\\/noutati\\\/noutati-trupa-arcadia\\\/#listItem\",\"position\":3,\"name\":\"Nout\\u0103\\u021bi - Trupa Arcadia\",\"item\":\"https:\\\/\\\/www.teatrulreginamaria.ro\\\/hu\\\/categorie\\\/noutati\\\/noutati-trupa-arcadia\\\/\",\"nextItem\":{\"@type\":\"ListItem\",\"@id\":\"https:\\\/\\\/www.teatrulreginamaria.ro\\\/hu\\\/comunicat-de-presa-saptamana-povesti-din-arcadia\\\/#listItem\",\"name\":\"COMUNICAT DE PRES\\u0102 | S\\u0103pt\\u0103m\\u00e2na \\u201ePove\\u0219ti din Arcadia\\u201d\"},\"previousItem\":{\"@type\":\"ListItem\",\"@id\":\"https:\\\/\\\/www.teatrulreginamaria.ro\\\/hu\\\/categorie\\\/noutati\\\/#listItem\",\"name\":\"Nout\\u0103\\u021bi\"}},{\"@type\":\"ListItem\",\"@id\":\"https:\\\/\\\/www.teatrulreginamaria.ro\\\/hu\\\/comunicat-de-presa-saptamana-povesti-din-arcadia\\\/#listItem\",\"position\":4,\"name\":\"COMUNICAT DE PRES\\u0102 | S\\u0103pt\\u0103m\\u00e2na \\u201ePove\\u0219ti din Arcadia\\u201d\",\"previousItem\":{\"@type\":\"ListItem\",\"@id\":\"https:\\\/\\\/www.teatrulreginamaria.ro\\\/hu\\\/categorie\\\/noutati\\\/noutati-trupa-arcadia\\\/#listItem\",\"name\":\"Nout\\u0103\\u021bi - Trupa Arcadia\"}}]},{\"@type\":\"Organization\",\"@id\":\"https:\\\/\\\/www.teatrulreginamaria.ro\\\/hu\\\/#organization\",\"name\":\"Teatrul Regina Maria Oradea\",\"description\":\"Trupa Iosif Vulcan \\u0219i Trupa Arcadia\",\"url\":\"https:\\\/\\\/www.teatrulreginamaria.ro\\\/hu\\\/\",\"email\":\"marketing@teatrulreginamaria.ro\",\"telephone\":\"+40359411534\",\"numberOfEmployees\":{\"@type\":\"QuantitativeValue\",\"minValue\":0,\"maxValue\":150},\"logo\":{\"@type\":\"ImageObject\",\"url\":\"https:\\\/\\\/www.teatrulreginamaria.ro\\\/wp-content\\\/uploads\\\/2025\\\/06\\\/logo-trm-01-dark.png\",\"@id\":\"https:\\\/\\\/www.teatrulreginamaria.ro\\\/hu\\\/comunicat-de-presa-saptamana-povesti-din-arcadia\\\/#organizationLogo\",\"width\":300,\"height\":148},\"image\":{\"@id\":\"https:\\\/\\\/www.teatrulreginamaria.ro\\\/hu\\\/comunicat-de-presa-saptamana-povesti-din-arcadia\\\/#organizationLogo\"},\"sameAs\":[\"https:\\\/\\\/www.facebook.com\\\/TRMTrupaIosifVulcan\\\/\",\"https:\\\/\\\/x.com\\\/TRMOradea\",\"https:\\\/\\\/www.instagram.com\\\/teatrul_regina_maria\\\/\",\"https:\\\/\\\/www.youtube.com\\\/c\\\/TeatrulReginaMariaOradea\",\"https:\\\/\\\/www.linkedin.com\\\/company\\\/teatrul-regina-maria\"]},{\"@type\":\"Person\",\"@id\":\"https:\\\/\\\/www.teatrulreginamaria.ro\\\/hu\\\/author\\\/w3bmaster\\\/#author\",\"url\":\"https:\\\/\\\/www.teatrulreginamaria.ro\\\/hu\\\/author\\\/w3bmaster\\\/\",\"name\":\"Teatrul Regina Maria\",\"image\":{\"@type\":\"ImageObject\",\"@id\":\"https:\\\/\\\/www.teatrulreginamaria.ro\\\/hu\\\/comunicat-de-presa-saptamana-povesti-din-arcadia\\\/#authorImage\",\"url\":\"https:\\\/\\\/secure.gravatar.com\\\/avatar\\\/5884139d508ae3f0bafe45e60563b48a9640146d3b08ccc6278c305ff9329305?s=96&d=mm&r=g\",\"width\":96,\"height\":96,\"caption\":\"Teatrul Regina Maria\"}},{\"@type\":\"WebPage\",\"@id\":\"https:\\\/\\\/www.teatrulreginamaria.ro\\\/hu\\\/comunicat-de-presa-saptamana-povesti-din-arcadia\\\/#webpage\",\"url\":\"https:\\\/\\\/www.teatrulreginamaria.ro\\\/hu\\\/comunicat-de-presa-saptamana-povesti-din-arcadia\\\/\",\"name\":\"COMUNICAT DE PRES\\u0102 | S\\u0103pt\\u0103m\\u00e2na \\u201ePove\\u0219ti din Arcadia\\u201d - Teatrul Regina Maria Oradea\",\"description\":\"O s\\u0103pt\\u0103m\\u00e2n\\u0103 de pove\\u0219ti din Arcadia Teatrul Regina Maria v\\u0103 invit\\u0103 \\u00een perioada 15-22 mai 2022 la S\\u0103pt\\u0103m\\u00e2na \\u201ePove\\u0219ti din Arcadia\\u201d, un eveniment complex, organizat de c\\u0103tre Trupa Arcadia, care va cuprinde c\\u00e2teva dintre cele mai iubite spectacole de teatru din repertoriul trupei, dar \\u0219i evenimente conexe menite s\\u0103-i \\u00eenc\\u00e2nte pe micii spectatori. S\\u0103pt\\u0103m\\u00e2na \\u201ePove\\u0219ti\",\"inLanguage\":\"hu-HU\",\"isPartOf\":{\"@id\":\"https:\\\/\\\/www.teatrulreginamaria.ro\\\/hu\\\/#website\"},\"breadcrumb\":{\"@id\":\"https:\\\/\\\/www.teatrulreginamaria.ro\\\/hu\\\/comunicat-de-presa-saptamana-povesti-din-arcadia\\\/#breadcrumblist\"},\"author\":{\"@id\":\"https:\\\/\\\/www.teatrulreginamaria.ro\\\/hu\\\/author\\\/w3bmaster\\\/#author\"},\"creator\":{\"@id\":\"https:\\\/\\\/www.teatrulreginamaria.ro\\\/hu\\\/author\\\/w3bmaster\\\/#author\"},\"image\":{\"@type\":\"ImageObject\",\"url\":\"https:\\\/\\\/www.teatrulreginamaria.ro\\\/wp-content\\\/uploads\\\/2022\\\/05\\\/Sptmna_Poveti_din_Arcadia_program-scaled.jpg\",\"@id\":\"https:\\\/\\\/www.teatrulreginamaria.ro\\\/hu\\\/comunicat-de-presa-saptamana-povesti-din-arcadia\\\/#mainImage\",\"width\":1810,\"height\":2560},\"primaryImageOfPage\":{\"@id\":\"https:\\\/\\\/www.teatrulreginamaria.ro\\\/hu\\\/comunicat-de-presa-saptamana-povesti-din-arcadia\\\/#mainImage\"},\"datePublished\":\"2022-05-11T06:49:22+03:00\",\"dateModified\":\"2022-05-11T06:49:22+03:00\"},{\"@type\":\"WebSite\",\"@id\":\"https:\\\/\\\/www.teatrulreginamaria.ro\\\/hu\\\/#website\",\"url\":\"https:\\\/\\\/www.teatrulreginamaria.ro\\\/hu\\\/\",\"name\":\"Teatrul Regina Maria Oradea\",\"alternateName\":\"TRM Oradea\",\"description\":\"Trupa Iosif Vulcan \\u0219i Trupa Arcadia\",\"inLanguage\":\"hu-HU\",\"publisher\":{\"@id\":\"https:\\\/\\\/www.teatrulreginamaria.ro\\\/hu\\\/#organization\"}}]}\n\t\t<\/script>\n\t\t<!-- All in One SEO Pro -->\r\n\t\t<title>COMUNICAT DE PRES\u0102 | S\u0103pt\u0103m\u00e2na \u201ePove\u0219ti din Arcadia\u201d - Teatrul Regina Maria Oradea<\/title>\n\n","aioseo_head_json":{"title":"SAJT\u00d3K\u00d6ZLEM\u00c9NY | &quot;\u00c1rk\u00e1diai mes\u00e9k&quot; h\u00e9t - Regina Maria Sz\u00ednh\u00e1z Nagyv\u00e1rad","description":"Egy h\u00e9t \u00c1rk\u00e1diai t\u00f6rt\u00e9netekkel A Regina Maria Sz\u00ednh\u00e1z 2022. m\u00e1jus 15. \u00e9s 22. k\u00f6z\u00f6tt szeretettel v\u00e1rja \u00d6nt az \u201e\u00c1rk\u00e1diai mes\u00e9k\u201d h\u00e9tre, az Arcadia T\u00e1rsulat \u00e1ltal szervezett komplex esem\u00e9nyre, amely a t\u00e1rsulat reperto\u00e1rj\u00e1nak n\u00e9h\u00e1ny legkedveltebb sz\u00ednh\u00e1zi el\u0151ad\u00e1s\u00e1t, valamint a fiatal n\u00e9z\u0151k sz\u00f3rakoztat\u00e1s\u00e1ra tervezett kapcsol\u00f3d\u00f3 programokat is mag\u00e1ban foglal. \u201e\u00c1rk\u00e1diai mes\u00e9k\u201d h\u00e9t","canonical_url":"https:\/\/www.teatrulreginamaria.ro\/hu\/comunicat-de-presa-saptamana-povesti-din-arcadia\/","robots":"max-image-preview:large","keywords":"","webmasterTools":{"miscellaneous":""},"schema":{"@context":"https:\/\/schema.org","@graph":[{"@type":"BlogPosting","@id":"https:\/\/www.teatrulreginamaria.ro\/hu\/comunicat-de-presa-saptamana-povesti-din-arcadia\/#blogposting","name":"COMUNICAT DE PRES\u0102 | S\u0103pt\u0103m\u00e2na \u201ePove\u0219ti din Arcadia\u201d - Teatrul Regina Maria Oradea","headline":"COMUNICAT DE PRES\u0102 | S\u0103pt\u0103m\u00e2na \u201ePove\u0219ti din Arcadia\u201d","author":{"@id":"https:\/\/www.teatrulreginamaria.ro\/hu\/author\/w3bmaster\/#author"},"publisher":{"@id":"https:\/\/www.teatrulreginamaria.ro\/hu\/#organization"},"image":{"@type":"ImageObject","url":"https:\/\/www.teatrulreginamaria.ro\/wp-content\/uploads\/2022\/05\/Sptmna_Poveti_din_Arcadia_program-scaled.jpg","width":1810,"height":2560},"datePublished":"2022-05-11T06:49:22+03:00","dateModified":"2022-05-11T06:49:22+03:00","inLanguage":"hu-HU","mainEntityOfPage":{"@id":"https:\/\/www.teatrulreginamaria.ro\/hu\/comunicat-de-presa-saptamana-povesti-din-arcadia\/#webpage"},"isPartOf":{"@id":"https:\/\/www.teatrulreginamaria.ro\/hu\/comunicat-de-presa-saptamana-povesti-din-arcadia\/#webpage"},"articleSection":"Nout\u0103\u021bi - Trupa Arcadia"},{"@type":"BreadcrumbList","@id":"https:\/\/www.teatrulreginamaria.ro\/hu\/comunicat-de-presa-saptamana-povesti-din-arcadia\/#breadcrumblist","itemListElement":[{"@type":"ListItem","@id":"https:\/\/www.teatrulreginamaria.ro\/hu#listItem","position":1,"name":"Home","item":"https:\/\/www.teatrulreginamaria.ro\/hu","nextItem":{"@type":"ListItem","@id":"https:\/\/www.teatrulreginamaria.ro\/hu\/categorie\/noutati\/#listItem","name":"Nout\u0103\u021bi"}},{"@type":"ListItem","@id":"https:\/\/www.teatrulreginamaria.ro\/hu\/categorie\/noutati\/#listItem","position":2,"name":"Nout\u0103\u021bi","item":"https:\/\/www.teatrulreginamaria.ro\/hu\/categorie\/noutati\/","nextItem":{"@type":"ListItem","@id":"https:\/\/www.teatrulreginamaria.ro\/hu\/categorie\/noutati\/noutati-trupa-arcadia\/#listItem","name":"Nout\u0103\u021bi - Trupa Arcadia"},"previousItem":{"@type":"ListItem","@id":"https:\/\/www.teatrulreginamaria.ro\/hu#listItem","name":"Home"}},{"@type":"ListItem","@id":"https:\/\/www.teatrulreginamaria.ro\/hu\/categorie\/noutati\/noutati-trupa-arcadia\/#listItem","position":3,"name":"Nout\u0103\u021bi - Trupa Arcadia","item":"https:\/\/www.teatrulreginamaria.ro\/hu\/categorie\/noutati\/noutati-trupa-arcadia\/","nextItem":{"@type":"ListItem","@id":"https:\/\/www.teatrulreginamaria.ro\/hu\/comunicat-de-presa-saptamana-povesti-din-arcadia\/#listItem","name":"COMUNICAT DE PRES\u0102 | S\u0103pt\u0103m\u00e2na \u201ePove\u0219ti din Arcadia\u201d"},"previousItem":{"@type":"ListItem","@id":"https:\/\/www.teatrulreginamaria.ro\/hu\/categorie\/noutati\/#listItem","name":"Nout\u0103\u021bi"}},{"@type":"ListItem","@id":"https:\/\/www.teatrulreginamaria.ro\/hu\/comunicat-de-presa-saptamana-povesti-din-arcadia\/#listItem","position":4,"name":"COMUNICAT DE PRES\u0102 | S\u0103pt\u0103m\u00e2na \u201ePove\u0219ti din Arcadia\u201d","previousItem":{"@type":"ListItem","@id":"https:\/\/www.teatrulreginamaria.ro\/hu\/categorie\/noutati\/noutati-trupa-arcadia\/#listItem","name":"Nout\u0103\u021bi - Trupa Arcadia"}}]},{"@type":"Organization","@id":"https:\/\/www.teatrulreginamaria.ro\/hu\/#organization","name":"Teatrul Regina Maria Oradea","description":"Trupa Iosif Vulcan \u0219i Trupa Arcadia","url":"https:\/\/www.teatrulreginamaria.ro\/hu\/","email":"marketing@teatrulreginamaria.ro","telephone":"+40359411534","numberOfEmployees":{"@type":"QuantitativeValue","minValue":0,"maxValue":150},"logo":{"@type":"ImageObject","url":"https:\/\/www.teatrulreginamaria.ro\/wp-content\/uploads\/2025\/06\/logo-trm-01-dark.png","@id":"https:\/\/www.teatrulreginamaria.ro\/hu\/comunicat-de-presa-saptamana-povesti-din-arcadia\/#organizationLogo","width":300,"height":148},"image":{"@id":"https:\/\/www.teatrulreginamaria.ro\/hu\/comunicat-de-presa-saptamana-povesti-din-arcadia\/#organizationLogo"},"sameAs":["https:\/\/www.facebook.com\/TRMTrupaIosifVulcan\/","https:\/\/x.com\/TRMOradea","https:\/\/www.instagram.com\/teatrul_regina_maria\/","https:\/\/www.youtube.com\/c\/TeatrulReginaMariaOradea","https:\/\/www.linkedin.com\/company\/teatrul-regina-maria"]},{"@type":"Person","@id":"https:\/\/www.teatrulreginamaria.ro\/hu\/author\/w3bmaster\/#author","url":"https:\/\/www.teatrulreginamaria.ro\/hu\/author\/w3bmaster\/","name":"Teatrul Regina Maria","image":{"@type":"ImageObject","@id":"https:\/\/www.teatrulreginamaria.ro\/hu\/comunicat-de-presa-saptamana-povesti-din-arcadia\/#authorImage","url":"https:\/\/secure.gravatar.com\/avatar\/5884139d508ae3f0bafe45e60563b48a9640146d3b08ccc6278c305ff9329305?s=96&d=mm&r=g","width":96,"height":96,"caption":"Teatrul Regina Maria"}},{"@type":"WebPage","@id":"https:\/\/www.teatrulreginamaria.ro\/hu\/comunicat-de-presa-saptamana-povesti-din-arcadia\/#webpage","url":"https:\/\/www.teatrulreginamaria.ro\/hu\/comunicat-de-presa-saptamana-povesti-din-arcadia\/","name":"COMUNICAT DE PRES\u0102 | S\u0103pt\u0103m\u00e2na \u201ePove\u0219ti din Arcadia\u201d - Teatrul Regina Maria Oradea","description":"O s\u0103pt\u0103m\u00e2n\u0103 de pove\u0219ti din Arcadia Teatrul Regina Maria v\u0103 invit\u0103 \u00een perioada 15-22 mai 2022 la S\u0103pt\u0103m\u00e2na \u201ePove\u0219ti din Arcadia\u201d, un eveniment complex, organizat de c\u0103tre Trupa Arcadia, care va cuprinde c\u00e2teva dintre cele mai iubite spectacole de teatru din repertoriul trupei, dar \u0219i evenimente conexe menite s\u0103-i \u00eenc\u00e2nte pe micii spectatori. S\u0103pt\u0103m\u00e2na \u201ePove\u0219ti","inLanguage":"hu-HU","isPartOf":{"@id":"https:\/\/www.teatrulreginamaria.ro\/hu\/#website"},"breadcrumb":{"@id":"https:\/\/www.teatrulreginamaria.ro\/hu\/comunicat-de-presa-saptamana-povesti-din-arcadia\/#breadcrumblist"},"author":{"@id":"https:\/\/www.teatrulreginamaria.ro\/hu\/author\/w3bmaster\/#author"},"creator":{"@id":"https:\/\/www.teatrulreginamaria.ro\/hu\/author\/w3bmaster\/#author"},"image":{"@type":"ImageObject","url":"https:\/\/www.teatrulreginamaria.ro\/wp-content\/uploads\/2022\/05\/Sptmna_Poveti_din_Arcadia_program-scaled.jpg","@id":"https:\/\/www.teatrulreginamaria.ro\/hu\/comunicat-de-presa-saptamana-povesti-din-arcadia\/#mainImage","width":1810,"height":2560},"primaryImageOfPage":{"@id":"https:\/\/www.teatrulreginamaria.ro\/hu\/comunicat-de-presa-saptamana-povesti-din-arcadia\/#mainImage"},"datePublished":"2022-05-11T06:49:22+03:00","dateModified":"2022-05-11T06:49:22+03:00"},{"@type":"WebSite","@id":"https:\/\/www.teatrulreginamaria.ro\/hu\/#website","url":"https:\/\/www.teatrulreginamaria.ro\/hu\/","name":"Teatrul Regina Maria Oradea","alternateName":"TRM Oradea","description":"Trupa Iosif Vulcan \u0219i Trupa Arcadia","inLanguage":"hu-HU","publisher":{"@id":"https:\/\/www.teatrulreginamaria.ro\/hu\/#organization"}}]},"og:locale":"hu_HU","og:site_name":"Teatrul Regina Maria Oradea - Trupa Iosif Vulcan \u0219i Trupa Arcadia","og:type":"article","og:title":"COMUNICAT DE PRES\u0102 | S\u0103pt\u0103m\u00e2na \u201ePove\u0219ti din Arcadia\u201d - Teatrul Regina Maria Oradea","og:description":"O s\u0103pt\u0103m\u00e2n\u0103 de pove\u0219ti din Arcadia Teatrul Regina Maria v\u0103 invit\u0103 \u00een perioada 15-22 mai 2022 la S\u0103pt\u0103m\u00e2na \u201ePove\u0219ti din Arcadia\u201d, un eveniment complex, organizat de c\u0103tre Trupa Arcadia, care va cuprinde c\u00e2teva dintre cele mai iubite spectacole de teatru din repertoriul trupei, dar \u0219i evenimente conexe menite s\u0103-i \u00eenc\u00e2nte pe micii spectatori. S\u0103pt\u0103m\u00e2na \u201ePove\u0219ti","og:url":"https:\/\/www.teatrulreginamaria.ro\/hu\/comunicat-de-presa-saptamana-povesti-din-arcadia\/","og:image":"https:\/\/www.teatrulreginamaria.ro\/wp-content\/uploads\/2025\/03\/trm-istoric-01.jpg","og:image:secure_url":"https:\/\/www.teatrulreginamaria.ro\/wp-content\/uploads\/2025\/03\/trm-istoric-01.jpg","og:image:width":1200,"og:image:height":800,"article:published_time":"2022-05-11T06:49:22+00:00","article:modified_time":"2022-05-11T06:49:22+00:00","article:publisher":"https:\/\/www.facebook.com\/TRMTrupaIosifVulcan\/","twitter:card":"summary_large_image","twitter:site":"@TRMOradea","twitter:title":"COMUNICAT DE PRES\u0102 | S\u0103pt\u0103m\u00e2na \u201ePove\u0219ti din Arcadia\u201d - Teatrul Regina Maria Oradea","twitter:description":"O s\u0103pt\u0103m\u00e2n\u0103 de pove\u0219ti din Arcadia Teatrul Regina Maria v\u0103 invit\u0103 \u00een perioada 15-22 mai 2022 la S\u0103pt\u0103m\u00e2na \u201ePove\u0219ti din Arcadia\u201d, un eveniment complex, organizat de c\u0103tre Trupa Arcadia, care va cuprinde c\u00e2teva dintre cele mai iubite spectacole de teatru din repertoriul trupei, dar \u0219i evenimente conexe menite s\u0103-i \u00eenc\u00e2nte pe micii spectatori. S\u0103pt\u0103m\u00e2na \u201ePove\u0219ti","twitter:creator":"@TRMOradea","twitter:image":"https:\/\/www.teatrulreginamaria.ro\/wp-content\/uploads\/2025\/03\/trm-istoric-01.jpg"},"aioseo_meta_data":{"post_id":"5109","title":null,"description":null,"keywords":null,"keyphrases":null,"primary_term":null,"canonical_url":null,"og_title":null,"og_description":null,"og_object_type":"default","og_image_type":"default","og_image_url":null,"og_image_width":null,"og_image_height":null,"og_image_custom_url":null,"og_image_custom_fields":null,"og_video":null,"og_custom_url":null,"og_article_section":null,"og_article_tags":null,"twitter_use_og":false,"twitter_card":"default","twitter_image_type":"default","twitter_image_url":null,"twitter_image_custom_url":null,"twitter_image_custom_fields":null,"twitter_title":null,"twitter_description":null,"schema":{"blockGraphs":[],"customGraphs":[],"default":{"data":{"Article":[],"Course":[],"Dataset":[],"FAQPage":[],"Movie":[],"Person":[],"Product":[],"ProductReview":[],"Car":[],"Recipe":[],"Service":[],"SoftwareApplication":[],"WebPage":[]},"graphName":"","isEnabled":true},"graphs":[]},"schema_type":"default","schema_type_options":null,"pillar_content":false,"robots_default":true,"robots_noindex":false,"robots_noarchive":false,"robots_nosnippet":false,"robots_nofollow":false,"robots_noimageindex":false,"robots_noodp":false,"robots_notranslate":false,"robots_max_snippet":null,"robots_max_videopreview":null,"robots_max_imagepreview":"large","priority":null,"frequency":null,"local_seo":null,"seo_analyzer_scan_date":"2026-05-13 02:56:46","breadcrumb_settings":null,"limit_modified_date":false,"reviewed_by":null,"open_ai":null,"ai":null,"created":"2025-04-09 17:42:43","updated":"2026-05-13 02:56:46","focus_keyword":null,"additional_keywords":null,"truseo_locale":null},"aioseo_breadcrumb":"<div class=\"aioseo-breadcrumbs\"><span class=\"aioseo-breadcrumb\">\n\t<a href=\"https:\/\/www.teatrulreginamaria.ro\/hu\" title=\"Home\">Home<\/a>\n<\/span><span class=\"aioseo-breadcrumb-separator\">&raquo;<\/span><span class=\"aioseo-breadcrumb\">\n\t<a href=\"https:\/\/www.teatrulreginamaria.ro\/hu\/categorie\/noutati\/\" title=\"Nout\u0103\u021bi\">Nout\u0103\u021bi<\/a>\n<\/span><span class=\"aioseo-breadcrumb-separator\">&raquo;<\/span><span class=\"aioseo-breadcrumb\">\n\t<a href=\"https:\/\/www.teatrulreginamaria.ro\/hu\/categorie\/noutati\/noutati-trupa-arcadia\/\" title=\"Nout\u0103\u021bi - Trupa Arcadia\">Nout\u0103\u021bi - Trupa Arcadia<\/a>\n<\/span><span class=\"aioseo-breadcrumb-separator\">&raquo;<\/span><span class=\"aioseo-breadcrumb\">\n\tCOMUNICAT DE PRES\u0102 | S\u0103pt\u0103m\u00e2na \u201ePove\u0219ti din Arcadia\u201d\n<\/span><\/div>","aioseo_breadcrumb_json":[{"label":"Home","link":"https:\/\/www.teatrulreginamaria.ro\/hu"},{"label":"Nout\u0103\u021bi","link":"https:\/\/www.teatrulreginamaria.ro\/hu\/categorie\/noutati\/"},{"label":"Nout\u0103\u021bi - Trupa Arcadia","link":"https:\/\/www.teatrulreginamaria.ro\/hu\/categorie\/noutati\/noutati-trupa-arcadia\/"},{"label":"COMUNICAT DE PRES\u0102 | S\u0103pt\u0103m\u00e2na \u201ePove\u0219ti din Arcadia\u201d","link":"https:\/\/www.teatrulreginamaria.ro\/hu\/comunicat-de-presa-saptamana-povesti-din-arcadia\/"}],"acf":[],"_links":{"self":[{"href":"https:\/\/www.teatrulreginamaria.ro\/hu\/wp-json\/wp\/v2\/posts\/5109","targetHints":{"allow":["GET"]}}],"collection":[{"href":"https:\/\/www.teatrulreginamaria.ro\/hu\/wp-json\/wp\/v2\/posts"}],"about":[{"href":"https:\/\/www.teatrulreginamaria.ro\/hu\/wp-json\/wp\/v2\/types\/post"}],"author":[{"embeddable":true,"href":"https:\/\/www.teatrulreginamaria.ro\/hu\/wp-json\/wp\/v2\/users\/6"}],"replies":[{"embeddable":true,"href":"https:\/\/www.teatrulreginamaria.ro\/hu\/wp-json\/wp\/v2\/comments?post=5109"}],"version-history":[{"count":0,"href":"https:\/\/www.teatrulreginamaria.ro\/hu\/wp-json\/wp\/v2\/posts\/5109\/revisions"}],"wp:featuredmedia":[{"embeddable":true,"href":"https:\/\/www.teatrulreginamaria.ro\/hu\/wp-json\/wp\/v2\/media\/5107"}],"wp:attachment":[{"href":"https:\/\/www.teatrulreginamaria.ro\/hu\/wp-json\/wp\/v2\/media?parent=5109"}],"wp:term":[{"taxonomy":"category","embeddable":true,"href":"https:\/\/www.teatrulreginamaria.ro\/hu\/wp-json\/wp\/v2\/categories?post=5109"},{"taxonomy":"post_tag","embeddable":true,"href":"https:\/\/www.teatrulreginamaria.ro\/hu\/wp-json\/wp\/v2\/tags?post=5109"}],"curies":[{"name":"munkaf\u00fczet","href":"https:\/\/api.w.org\/{rel}","templated":true}]}}