{"id":5114,"date":"2022-05-17T12:39:28","date_gmt":"2022-05-17T12:39:28","guid":{"rendered":"https:\/\/teatrulreginamaria.ro\/2022\/05\/17\/comunicat-de-presa-armonii-de-toamna-teatru-contemporan-in-sali-de-clasa\/"},"modified":"2022-05-17T12:39:28","modified_gmt":"2022-05-17T12:39:28","slug":"sajtokozlemeny-oszi-harmoniak-kortars-szinhaz-a-tantermekben","status":"publish","type":"post","link":"https:\/\/www.teatrulreginamaria.ro\/hu\/comunicat-de-presa-armonii-de-toamna-teatru-contemporan-in-sali-de-clasa\/","title":{"rendered":"SAJT\u00d3K\u00d6ZLEM\u00c9NY | Kort\u00e1rs sz\u00ednh\u00e1z az oszt\u00e1lytermekben"},"content":{"rendered":"<p style=\"text-align: center;\"><strong>Egy k\u00eds\u00e9rleti projekt Rom\u00e1ni\u00e1ban <\/strong><strong>\u2013\u00a0<\/strong><strong>\u201e&quot;Kort\u00e1rs sz\u00ednh\u00e1z az oszt\u00e1lytermekben&quot;\u201d<\/strong>\u00a0<\/p>\n<p>A Regina Maria Sz\u00ednh\u00e1z Arcadia t\u00e1rsulata csatlakozott a projekthez <strong>\u201e&quot;Kort\u00e1rs sz\u00ednh\u00e1z az oszt\u00e1lytermekben&quot;\u201d<\/strong>, amelyet a Rom\u00e1n El\u0151ad\u00f3m\u0171v\u00e9szetek T\u00e1mogat\u00e1s\u00e1\u00e9rt felel\u0151s Sz\u00f6vets\u00e9g (ARPAS) ind\u00edtott el, egy\u00fcttm\u0171k\u00f6dve a <strong>Goethe Int\u00e9zet Bukarest<\/strong> \u00e9s az \u00fcgyn\u00f6ks\u00e9ggel <strong>Henschel<\/strong> Berlinb\u0151l, a Nemzeti Kultur\u00e1lis Alap Igazgat\u00f3s\u00e1g\u00e1nak t\u00e1rsfinansz\u00edroz\u00e1s\u00e1val.<\/p>\n<p><!--more--><\/p>\n<p>A projekt k\u00fcldet\u00e9se egy \u00faj, a n\u00e9met t\u00e9rben sz\u00e9les k\u00f6rben elterjedt sz\u00ednh\u00e1zi form\u00e1tum megval\u00f3s\u00edt\u00e1sa \u00f6t rom\u00e1niai gyermek- \u00e9s ifj\u00fas\u00e1gi sz\u00ednh\u00e1zban: <strong>Tantermi darabok<\/strong>, kifejezetten tantermi el\u0151ad\u00e1sokra tervezett el\u0151ad\u00e1sok. Rom\u00e1ni\u00e1ban a projekt k\u00eds\u00e9rleti jelleg\u0171, ilyen t\u00edpus\u00fa el\u0151ad\u00e1st kor\u00e1bban m\u00e9g nem mutattak be.<\/p>\n<p>Az \u00f6t erd\u00e9lyi sz\u00ednh\u00e1z, amely r\u00e9szt vesz, a Nagyv\u00e1rad \u2013 Regina Maria Sz\u00ednh\u00e1z \u2013 <strong>Az &quot;Arcadia&quot; zenekar<\/strong>\u201d&quot;, Gyulafeh\u00e9rv\u00e1r \u2013 <strong>&quot;Prichindel&quot; B\u00e1bsz\u00ednh\u00e1z\u201e<\/strong>, Marosv\u00e1s\u00e1rhely \u2013 <strong>&quot;Ariel&quot; Sz\u00ednh\u00e1z<\/strong>\u201d&quot;, Brass\u00f3 \u2013 <strong>&quot;Arlechino&quot; Sz\u00ednh\u00e1z<\/strong>\u201d\u00e9s Nagyszeben \u2013 <strong>GONG Sz\u00ednh\u00e1z<\/strong>.<\/p>\n<p>A \u201eKort\u00e1rs sz\u00ednh\u00e1z az oszt\u00e1lytermekben\u201d c\u00edm\u0171 el\u0151ad\u00e1sok 6 \u00e9s 14 \u00e9v k\u00f6z\u00f6tti gyermekeknek \u00e9s serd\u00fcl\u0151knek sz\u00f3l\u00f3 kort\u00e1rs n\u00e9met darabokon alapulnak, amelyeket Elise Wilk \u00e9s Ciprian Marinescu v\u00e1logattak \u00e9s ford\u00edtottak n\u00e9metb\u0151l.<\/p>\n<p>Az \u201eArcadia Troupe\u201d \u00e1ltal a projekt keret\u00e9ben sz\u00ednpadra \u00e1ll\u00edtott sz\u00f6veg c\u00edme \u201eNem j\u00e1rnak iskol\u00e1ba a szt\u00e1rok?\u201d, \u00e9s Carsten Brandau \u00edrta. A rendez\u0151 Bianca Oprea, a bukaresti IL Caragiale Nemzeti Sz\u00ednh\u00e1z- \u00e9s Filmm\u0171v\u00e9szeti Egyetem harmad\u00e9ves hallgat\u00f3ja, aki kor\u00e1bban egy online workshopot tartott a dr\u00e1ma\u00edr\u00f3val az el\u0151ad\u00e1s el\u0151k\u00e9sz\u00edt\u00e9sek\u00e9nt. Az el\u0151ad\u00e1s szerepl\u0151g\u00e1rd\u00e1j\u00e1t David Constantinescu \u00e9s Carina Bunea sz\u00edn\u00e9szek alkotj\u00e1k.<\/p>\n<p>\u00a0A premierre ma, m\u00e1jus 17-\u00e9n ker\u00fclt sor a \u201eMihai Eminescu\u201d Nemzeti Koll\u00e9giumban, a k\u00f6vetkez\u0151 k\u00e9t el\u0151ad\u00e1sra pedig a Nicolae B\u0103lcescu K\u00f6z\u00e9piskol\u00e1ban \u00e9s az \u201eIosif Vulcan\u201d Nemzeti Koll\u00e9giumban ker\u00fcl sor.<\/p>\n<p>\u00a0<\/p>\n<p>\u00a0<\/p>\n<p>\u00a0<\/p>","protected":false},"excerpt":{"rendered":"<p>K\u00eds\u00e9rleti projekt Rom\u00e1ni\u00e1ban \u2013 \u201eKort\u00e1rs sz\u00ednh\u00e1z az oszt\u00e1lytermekben\u201d A Regina Maria Sz\u00ednh\u00e1z Arcadia t\u00e1rsulata csatlakozott a \u201eKort\u00e1rs sz\u00ednh\u00e1z az oszt\u00e1lytermekben\u201d projekthez, amelyet a Rom\u00e1n El\u0151ad\u00f3m\u0171v\u00e9szeti T\u00e1mogat\u00e1si Sz\u00f6vets\u00e9g (ARPAS) ind\u00edtott a bukaresti Goethe Int\u00e9zettel \u00e9s a berlini Henschel \u00fcgyn\u00f6ks\u00e9ggel egy\u00fcttm\u0171k\u00f6dve, a Nemzeti Kultur\u00e1lis Alap Igazgat\u00f3s\u00e1ga t\u00e1rsfinansz\u00edroz\u00e1s\u00e1val.<\/p>","protected":false},"author":6,"featured_media":5113,"comment_status":"open","ping_status":"open","sticky":false,"template":"","format":"standard","meta":{"_acf_changed":false,"footnotes":""},"categories":[37],"tags":[],"class_list":["post-5114","post","type-post","status-publish","format-standard","has-post-thumbnail","hentry","category-noutati-trupa-arcadia"],"aioseo_notices":[],"aioseo_head":"\n\t\t<!-- All in One SEO Pro 5.0.1.1 - aioseo.com -->\n\t<meta name=\"description\" content=\"Un proiect pilot \u00een Rom\u00e2nia - \u201eTeatru contemporan \u00een s\u0103li de clase\u201d Trupa Arcadia a Teatrului Regina Maria s-a al\u0103turat proiectului \u201eTeatru contemporan \u00een s\u0103li de clas\u0103\u201d, lansat de Asocia\u021bia Rom\u00e2n\u0103 pentru Promovarea Artelor Spectacolului (ARPAS), \u00een colaborare cu Goethe-Institut Bucure\u0219ti \u0219i cu agen\u021bia Henschel din Berlin, cofinan\u0163at de Administra\u0163ia Fondului Cultural Na\u0163ional. Misiunea proiectului este\" \/>\n\t<meta name=\"robots\" content=\"max-image-preview:large\" \/>\n\t<meta name=\"author\" content=\"Teatrul Regina Maria\"\/>\n\t<link rel=\"canonical\" href=\"https:\/\/www.teatrulreginamaria.ro\/hu\/comunicat-de-presa-armonii-de-toamna-teatru-contemporan-in-sali-de-clasa\/\" \/>\n\t<meta name=\"generator\" content=\"All in One SEO Pro (AIOSEO) 5.0.1.1\" \/>\n\t\t<meta property=\"og:locale\" content=\"hu_HU\" \/>\n\t\t<meta property=\"og:site_name\" content=\"Teatrul Regina Maria Oradea - Trupa Iosif Vulcan \u0219i Trupa Arcadia\" \/>\n\t\t<meta property=\"og:type\" content=\"article\" \/>\n\t\t<meta property=\"og:title\" content=\"COMUNICAT DE PRES\u0102 | Teatru contemporan \u00een s\u0103li de clas\u0103 - Teatrul Regina Maria Oradea\" \/>\n\t\t<meta property=\"og:description\" content=\"Un proiect pilot \u00een Rom\u00e2nia - \u201eTeatru contemporan \u00een s\u0103li de clase\u201d Trupa Arcadia a Teatrului Regina Maria s-a al\u0103turat proiectului \u201eTeatru contemporan \u00een s\u0103li de clas\u0103\u201d, lansat de Asocia\u021bia Rom\u00e2n\u0103 pentru Promovarea Artelor Spectacolului (ARPAS), \u00een colaborare cu Goethe-Institut Bucure\u0219ti \u0219i cu agen\u021bia Henschel din Berlin, cofinan\u0163at de Administra\u0163ia Fondului Cultural Na\u0163ional. Misiunea proiectului este\" \/>\n\t\t<meta property=\"og:url\" content=\"https:\/\/www.teatrulreginamaria.ro\/hu\/comunicat-de-presa-armonii-de-toamna-teatru-contemporan-in-sali-de-clasa\/\" \/>\n\t\t<meta property=\"og:image\" content=\"https:\/\/www.teatrulreginamaria.ro\/wp-content\/uploads\/2025\/03\/trm-istoric-01.jpg\" \/>\n\t\t<meta property=\"og:image:secure_url\" content=\"https:\/\/www.teatrulreginamaria.ro\/wp-content\/uploads\/2025\/03\/trm-istoric-01.jpg\" \/>\n\t\t<meta property=\"og:image:width\" content=\"1200\" \/>\n\t\t<meta property=\"og:image:height\" content=\"800\" \/>\n\t\t<meta property=\"article:published_time\" content=\"2022-05-17T12:39:28+00:00\" \/>\n\t\t<meta property=\"article:modified_time\" content=\"2022-05-17T12:39:28+00:00\" \/>\n\t\t<meta property=\"article:publisher\" content=\"https:\/\/www.facebook.com\/TRMTrupaIosifVulcan\/\" \/>\n\t\t<meta name=\"twitter:card\" content=\"summary_large_image\" \/>\n\t\t<meta name=\"twitter:site\" content=\"@TRMOradea\" \/>\n\t\t<meta name=\"twitter:title\" content=\"COMUNICAT DE PRES\u0102 | Teatru contemporan \u00een s\u0103li de clas\u0103 - Teatrul Regina Maria Oradea\" \/>\n\t\t<meta name=\"twitter:description\" content=\"Un proiect pilot \u00een Rom\u00e2nia - \u201eTeatru contemporan \u00een s\u0103li de clase\u201d Trupa Arcadia a Teatrului Regina Maria s-a al\u0103turat proiectului \u201eTeatru contemporan \u00een s\u0103li de clas\u0103\u201d, lansat de Asocia\u021bia Rom\u00e2n\u0103 pentru Promovarea Artelor Spectacolului (ARPAS), \u00een colaborare cu Goethe-Institut Bucure\u0219ti \u0219i cu agen\u021bia Henschel din Berlin, cofinan\u0163at de Administra\u0163ia Fondului Cultural Na\u0163ional. Misiunea proiectului este\" \/>\n\t\t<meta name=\"twitter:creator\" content=\"@TRMOradea\" \/>\n\t\t<meta name=\"twitter:image\" content=\"https:\/\/www.teatrulreginamaria.ro\/wp-content\/uploads\/2025\/03\/trm-istoric-01.jpg\" \/>\n\t\t<script type=\"application\/ld+json\" class=\"aioseo-schema\">\n\t\t\t{\"@context\":\"https:\\\/\\\/schema.org\",\"@graph\":[{\"@type\":\"BlogPosting\",\"@id\":\"https:\\\/\\\/www.teatrulreginamaria.ro\\\/hu\\\/comunicat-de-presa-armonii-de-toamna-teatru-contemporan-in-sali-de-clasa\\\/#blogposting\",\"name\":\"COMUNICAT DE PRES\\u0102 | Teatru contemporan \\u00een s\\u0103li de clas\\u0103 - Teatrul Regina Maria Oradea\",\"headline\":\"COMUNICAT DE PRES\\u0102 | Teatru contemporan \\u00een s\\u0103li de clas\\u0103\",\"author\":{\"@id\":\"https:\\\/\\\/www.teatrulreginamaria.ro\\\/hu\\\/author\\\/w3bmaster\\\/#author\"},\"publisher\":{\"@id\":\"https:\\\/\\\/www.teatrulreginamaria.ro\\\/hu\\\/#organization\"},\"image\":{\"@type\":\"ImageObject\",\"url\":\"https:\\\/\\\/www.teatrulreginamaria.ro\\\/wp-content\\\/uploads\\\/2022\\\/05\\\/Teatru_contemporan_in_sali_de_clasa.jpg\",\"width\":1920,\"height\":1005},\"datePublished\":\"2022-05-17T12:39:28+03:00\",\"dateModified\":\"2022-05-17T12:39:28+03:00\",\"inLanguage\":\"hu-HU\",\"mainEntityOfPage\":{\"@id\":\"https:\\\/\\\/www.teatrulreginamaria.ro\\\/hu\\\/comunicat-de-presa-armonii-de-toamna-teatru-contemporan-in-sali-de-clasa\\\/#webpage\"},\"isPartOf\":{\"@id\":\"https:\\\/\\\/www.teatrulreginamaria.ro\\\/hu\\\/comunicat-de-presa-armonii-de-toamna-teatru-contemporan-in-sali-de-clasa\\\/#webpage\"},\"articleSection\":\"Nout\\u0103\\u021bi - Trupa Arcadia\"},{\"@type\":\"BreadcrumbList\",\"@id\":\"https:\\\/\\\/www.teatrulreginamaria.ro\\\/hu\\\/comunicat-de-presa-armonii-de-toamna-teatru-contemporan-in-sali-de-clasa\\\/#breadcrumblist\",\"itemListElement\":[{\"@type\":\"ListItem\",\"@id\":\"https:\\\/\\\/www.teatrulreginamaria.ro\\\/hu#listItem\",\"position\":1,\"name\":\"Home\",\"item\":\"https:\\\/\\\/www.teatrulreginamaria.ro\\\/hu\",\"nextItem\":{\"@type\":\"ListItem\",\"@id\":\"https:\\\/\\\/www.teatrulreginamaria.ro\\\/hu\\\/categorie\\\/noutati\\\/#listItem\",\"name\":\"Nout\\u0103\\u021bi\"}},{\"@type\":\"ListItem\",\"@id\":\"https:\\\/\\\/www.teatrulreginamaria.ro\\\/hu\\\/categorie\\\/noutati\\\/#listItem\",\"position\":2,\"name\":\"Nout\\u0103\\u021bi\",\"item\":\"https:\\\/\\\/www.teatrulreginamaria.ro\\\/hu\\\/categorie\\\/noutati\\\/\",\"nextItem\":{\"@type\":\"ListItem\",\"@id\":\"https:\\\/\\\/www.teatrulreginamaria.ro\\\/hu\\\/categorie\\\/noutati\\\/noutati-trupa-arcadia\\\/#listItem\",\"name\":\"Nout\\u0103\\u021bi - Trupa Arcadia\"},\"previousItem\":{\"@type\":\"ListItem\",\"@id\":\"https:\\\/\\\/www.teatrulreginamaria.ro\\\/hu#listItem\",\"name\":\"Home\"}},{\"@type\":\"ListItem\",\"@id\":\"https:\\\/\\\/www.teatrulreginamaria.ro\\\/hu\\\/categorie\\\/noutati\\\/noutati-trupa-arcadia\\\/#listItem\",\"position\":3,\"name\":\"Nout\\u0103\\u021bi - Trupa Arcadia\",\"item\":\"https:\\\/\\\/www.teatrulreginamaria.ro\\\/hu\\\/categorie\\\/noutati\\\/noutati-trupa-arcadia\\\/\",\"nextItem\":{\"@type\":\"ListItem\",\"@id\":\"https:\\\/\\\/www.teatrulreginamaria.ro\\\/hu\\\/comunicat-de-presa-armonii-de-toamna-teatru-contemporan-in-sali-de-clasa\\\/#listItem\",\"name\":\"COMUNICAT DE PRES\\u0102 | Teatru contemporan \\u00een s\\u0103li de clas\\u0103\"},\"previousItem\":{\"@type\":\"ListItem\",\"@id\":\"https:\\\/\\\/www.teatrulreginamaria.ro\\\/hu\\\/categorie\\\/noutati\\\/#listItem\",\"name\":\"Nout\\u0103\\u021bi\"}},{\"@type\":\"ListItem\",\"@id\":\"https:\\\/\\\/www.teatrulreginamaria.ro\\\/hu\\\/comunicat-de-presa-armonii-de-toamna-teatru-contemporan-in-sali-de-clasa\\\/#listItem\",\"position\":4,\"name\":\"COMUNICAT DE PRES\\u0102 | Teatru contemporan \\u00een s\\u0103li de clas\\u0103\",\"previousItem\":{\"@type\":\"ListItem\",\"@id\":\"https:\\\/\\\/www.teatrulreginamaria.ro\\\/hu\\\/categorie\\\/noutati\\\/noutati-trupa-arcadia\\\/#listItem\",\"name\":\"Nout\\u0103\\u021bi - Trupa Arcadia\"}}]},{\"@type\":\"Organization\",\"@id\":\"https:\\\/\\\/www.teatrulreginamaria.ro\\\/hu\\\/#organization\",\"name\":\"Teatrul Regina Maria Oradea\",\"description\":\"Trupa Iosif Vulcan \\u0219i Trupa Arcadia\",\"url\":\"https:\\\/\\\/www.teatrulreginamaria.ro\\\/hu\\\/\",\"email\":\"marketing@teatrulreginamaria.ro\",\"telephone\":\"+40359411534\",\"numberOfEmployees\":{\"@type\":\"QuantitativeValue\",\"minValue\":0,\"maxValue\":150},\"logo\":{\"@type\":\"ImageObject\",\"url\":\"https:\\\/\\\/www.teatrulreginamaria.ro\\\/wp-content\\\/uploads\\\/2025\\\/06\\\/logo-trm-01-dark.png\",\"@id\":\"https:\\\/\\\/www.teatrulreginamaria.ro\\\/hu\\\/comunicat-de-presa-armonii-de-toamna-teatru-contemporan-in-sali-de-clasa\\\/#organizationLogo\",\"width\":300,\"height\":148},\"image\":{\"@id\":\"https:\\\/\\\/www.teatrulreginamaria.ro\\\/hu\\\/comunicat-de-presa-armonii-de-toamna-teatru-contemporan-in-sali-de-clasa\\\/#organizationLogo\"},\"sameAs\":[\"https:\\\/\\\/www.facebook.com\\\/TRMTrupaIosifVulcan\\\/\",\"https:\\\/\\\/x.com\\\/TRMOradea\",\"https:\\\/\\\/www.instagram.com\\\/teatrul_regina_maria\\\/\",\"https:\\\/\\\/www.youtube.com\\\/c\\\/TeatrulReginaMariaOradea\",\"https:\\\/\\\/www.linkedin.com\\\/company\\\/teatrul-regina-maria\"]},{\"@type\":\"Person\",\"@id\":\"https:\\\/\\\/www.teatrulreginamaria.ro\\\/hu\\\/author\\\/w3bmaster\\\/#author\",\"url\":\"https:\\\/\\\/www.teatrulreginamaria.ro\\\/hu\\\/author\\\/w3bmaster\\\/\",\"name\":\"Teatrul Regina Maria\",\"image\":{\"@type\":\"ImageObject\",\"@id\":\"https:\\\/\\\/www.teatrulreginamaria.ro\\\/hu\\\/comunicat-de-presa-armonii-de-toamna-teatru-contemporan-in-sali-de-clasa\\\/#authorImage\",\"url\":\"https:\\\/\\\/secure.gravatar.com\\\/avatar\\\/5884139d508ae3f0bafe45e60563b48a9640146d3b08ccc6278c305ff9329305?s=96&d=mm&r=g\",\"width\":96,\"height\":96,\"caption\":\"Teatrul Regina Maria\"}},{\"@type\":\"WebPage\",\"@id\":\"https:\\\/\\\/www.teatrulreginamaria.ro\\\/hu\\\/comunicat-de-presa-armonii-de-toamna-teatru-contemporan-in-sali-de-clasa\\\/#webpage\",\"url\":\"https:\\\/\\\/www.teatrulreginamaria.ro\\\/hu\\\/comunicat-de-presa-armonii-de-toamna-teatru-contemporan-in-sali-de-clasa\\\/\",\"name\":\"COMUNICAT DE PRES\\u0102 | Teatru contemporan \\u00een s\\u0103li de clas\\u0103 - Teatrul Regina Maria Oradea\",\"description\":\"Un proiect pilot \\u00een Rom\\u00e2nia - \\u201eTeatru contemporan \\u00een s\\u0103li de clase\\u201d Trupa Arcadia a Teatrului Regina Maria s-a al\\u0103turat proiectului \\u201eTeatru contemporan \\u00een s\\u0103li de clas\\u0103\\u201d, lansat de Asocia\\u021bia Rom\\u00e2n\\u0103 pentru Promovarea Artelor Spectacolului (ARPAS), \\u00een colaborare cu Goethe-Institut Bucure\\u0219ti \\u0219i cu agen\\u021bia Henschel din Berlin, cofinan\\u0163at de Administra\\u0163ia Fondului Cultural Na\\u0163ional. Misiunea proiectului este\",\"inLanguage\":\"hu-HU\",\"isPartOf\":{\"@id\":\"https:\\\/\\\/www.teatrulreginamaria.ro\\\/hu\\\/#website\"},\"breadcrumb\":{\"@id\":\"https:\\\/\\\/www.teatrulreginamaria.ro\\\/hu\\\/comunicat-de-presa-armonii-de-toamna-teatru-contemporan-in-sali-de-clasa\\\/#breadcrumblist\"},\"author\":{\"@id\":\"https:\\\/\\\/www.teatrulreginamaria.ro\\\/hu\\\/author\\\/w3bmaster\\\/#author\"},\"creator\":{\"@id\":\"https:\\\/\\\/www.teatrulreginamaria.ro\\\/hu\\\/author\\\/w3bmaster\\\/#author\"},\"image\":{\"@type\":\"ImageObject\",\"url\":\"https:\\\/\\\/www.teatrulreginamaria.ro\\\/wp-content\\\/uploads\\\/2022\\\/05\\\/Teatru_contemporan_in_sali_de_clasa.jpg\",\"@id\":\"https:\\\/\\\/www.teatrulreginamaria.ro\\\/hu\\\/comunicat-de-presa-armonii-de-toamna-teatru-contemporan-in-sali-de-clasa\\\/#mainImage\",\"width\":1920,\"height\":1005},\"primaryImageOfPage\":{\"@id\":\"https:\\\/\\\/www.teatrulreginamaria.ro\\\/hu\\\/comunicat-de-presa-armonii-de-toamna-teatru-contemporan-in-sali-de-clasa\\\/#mainImage\"},\"datePublished\":\"2022-05-17T12:39:28+03:00\",\"dateModified\":\"2022-05-17T12:39:28+03:00\"},{\"@type\":\"WebSite\",\"@id\":\"https:\\\/\\\/www.teatrulreginamaria.ro\\\/hu\\\/#website\",\"url\":\"https:\\\/\\\/www.teatrulreginamaria.ro\\\/hu\\\/\",\"name\":\"Teatrul Regina Maria Oradea\",\"alternateName\":\"TRM Oradea\",\"description\":\"Trupa Iosif Vulcan \\u0219i Trupa Arcadia\",\"inLanguage\":\"hu-HU\",\"publisher\":{\"@id\":\"https:\\\/\\\/www.teatrulreginamaria.ro\\\/hu\\\/#organization\"}}]}\n\t\t<\/script>\n\t\t<!-- All in One SEO Pro -->\r\n\t\t<title>COMUNICAT DE PRES\u0102 | Teatru contemporan \u00een s\u0103li de clas\u0103 - Teatrul Regina Maria Oradea<\/title>\n\n","aioseo_head_json":{"title":"SAJT\u00d3K\u00d6ZLEM\u00c9NY | Kort\u00e1rs sz\u00ednh\u00e1z az oszt\u00e1lytermekben - Regina Maria Sz\u00ednh\u00e1z, Nagyv\u00e1radi","description":"K\u00eds\u00e9rleti projekt Rom\u00e1ni\u00e1ban - &quot;Kort\u00e1rs sz\u00ednh\u00e1z az oszt\u00e1lytermekben&quot; A Regina Maria Sz\u00ednh\u00e1z Arcadia t\u00e1rsulata csatlakozott a Rom\u00e1n El\u0151ad\u00f3m\u0171v\u00e9szeti T\u00e1mogat\u00e1si Sz\u00f6vets\u00e9g (ARPAS) \u00e1ltal ind\u00edtott &quot;Kort\u00e1rs sz\u00ednh\u00e1z az oszt\u00e1lytermekben&quot; projekthez, amelyet a bukaresti Goethe Int\u00e9zettel \u00e9s a berlini Henschel \u00fcgyn\u00f6ks\u00e9ggel egy\u00fcttm\u0171k\u00f6dve ind\u00edtott el, a Nemzeti Kultur\u00e1lis Alap Igazgat\u00f3s\u00e1ga t\u00e1rsfinansz\u00edroz\u00e1s\u00e1val. A projekt k\u00fcldet\u00e9se","canonical_url":"https:\/\/www.teatrulreginamaria.ro\/hu\/comunicat-de-presa-armonii-de-toamna-teatru-contemporan-in-sali-de-clasa\/","robots":"max-image-preview:large","keywords":"","webmasterTools":{"miscellaneous":""},"schema":{"@context":"https:\/\/schema.org","@graph":[{"@type":"BlogPosting","@id":"https:\/\/www.teatrulreginamaria.ro\/hu\/comunicat-de-presa-armonii-de-toamna-teatru-contemporan-in-sali-de-clasa\/#blogposting","name":"COMUNICAT DE PRES\u0102 | Teatru contemporan \u00een s\u0103li de clas\u0103 - Teatrul Regina Maria Oradea","headline":"COMUNICAT DE PRES\u0102 | Teatru contemporan \u00een s\u0103li de clas\u0103","author":{"@id":"https:\/\/www.teatrulreginamaria.ro\/hu\/author\/w3bmaster\/#author"},"publisher":{"@id":"https:\/\/www.teatrulreginamaria.ro\/hu\/#organization"},"image":{"@type":"ImageObject","url":"https:\/\/www.teatrulreginamaria.ro\/wp-content\/uploads\/2022\/05\/Teatru_contemporan_in_sali_de_clasa.jpg","width":1920,"height":1005},"datePublished":"2022-05-17T12:39:28+03:00","dateModified":"2022-05-17T12:39:28+03:00","inLanguage":"hu-HU","mainEntityOfPage":{"@id":"https:\/\/www.teatrulreginamaria.ro\/hu\/comunicat-de-presa-armonii-de-toamna-teatru-contemporan-in-sali-de-clasa\/#webpage"},"isPartOf":{"@id":"https:\/\/www.teatrulreginamaria.ro\/hu\/comunicat-de-presa-armonii-de-toamna-teatru-contemporan-in-sali-de-clasa\/#webpage"},"articleSection":"Nout\u0103\u021bi - Trupa Arcadia"},{"@type":"BreadcrumbList","@id":"https:\/\/www.teatrulreginamaria.ro\/hu\/comunicat-de-presa-armonii-de-toamna-teatru-contemporan-in-sali-de-clasa\/#breadcrumblist","itemListElement":[{"@type":"ListItem","@id":"https:\/\/www.teatrulreginamaria.ro\/hu#listItem","position":1,"name":"Home","item":"https:\/\/www.teatrulreginamaria.ro\/hu","nextItem":{"@type":"ListItem","@id":"https:\/\/www.teatrulreginamaria.ro\/hu\/categorie\/noutati\/#listItem","name":"Nout\u0103\u021bi"}},{"@type":"ListItem","@id":"https:\/\/www.teatrulreginamaria.ro\/hu\/categorie\/noutati\/#listItem","position":2,"name":"Nout\u0103\u021bi","item":"https:\/\/www.teatrulreginamaria.ro\/hu\/categorie\/noutati\/","nextItem":{"@type":"ListItem","@id":"https:\/\/www.teatrulreginamaria.ro\/hu\/categorie\/noutati\/noutati-trupa-arcadia\/#listItem","name":"Nout\u0103\u021bi - Trupa Arcadia"},"previousItem":{"@type":"ListItem","@id":"https:\/\/www.teatrulreginamaria.ro\/hu#listItem","name":"Home"}},{"@type":"ListItem","@id":"https:\/\/www.teatrulreginamaria.ro\/hu\/categorie\/noutati\/noutati-trupa-arcadia\/#listItem","position":3,"name":"Nout\u0103\u021bi - Trupa Arcadia","item":"https:\/\/www.teatrulreginamaria.ro\/hu\/categorie\/noutati\/noutati-trupa-arcadia\/","nextItem":{"@type":"ListItem","@id":"https:\/\/www.teatrulreginamaria.ro\/hu\/comunicat-de-presa-armonii-de-toamna-teatru-contemporan-in-sali-de-clasa\/#listItem","name":"COMUNICAT DE PRES\u0102 | Teatru contemporan \u00een s\u0103li de clas\u0103"},"previousItem":{"@type":"ListItem","@id":"https:\/\/www.teatrulreginamaria.ro\/hu\/categorie\/noutati\/#listItem","name":"Nout\u0103\u021bi"}},{"@type":"ListItem","@id":"https:\/\/www.teatrulreginamaria.ro\/hu\/comunicat-de-presa-armonii-de-toamna-teatru-contemporan-in-sali-de-clasa\/#listItem","position":4,"name":"COMUNICAT DE PRES\u0102 | Teatru contemporan \u00een s\u0103li de clas\u0103","previousItem":{"@type":"ListItem","@id":"https:\/\/www.teatrulreginamaria.ro\/hu\/categorie\/noutati\/noutati-trupa-arcadia\/#listItem","name":"Nout\u0103\u021bi - Trupa Arcadia"}}]},{"@type":"Organization","@id":"https:\/\/www.teatrulreginamaria.ro\/hu\/#organization","name":"Teatrul Regina Maria Oradea","description":"Trupa Iosif Vulcan \u0219i Trupa Arcadia","url":"https:\/\/www.teatrulreginamaria.ro\/hu\/","email":"marketing@teatrulreginamaria.ro","telephone":"+40359411534","numberOfEmployees":{"@type":"QuantitativeValue","minValue":0,"maxValue":150},"logo":{"@type":"ImageObject","url":"https:\/\/www.teatrulreginamaria.ro\/wp-content\/uploads\/2025\/06\/logo-trm-01-dark.png","@id":"https:\/\/www.teatrulreginamaria.ro\/hu\/comunicat-de-presa-armonii-de-toamna-teatru-contemporan-in-sali-de-clasa\/#organizationLogo","width":300,"height":148},"image":{"@id":"https:\/\/www.teatrulreginamaria.ro\/hu\/comunicat-de-presa-armonii-de-toamna-teatru-contemporan-in-sali-de-clasa\/#organizationLogo"},"sameAs":["https:\/\/www.facebook.com\/TRMTrupaIosifVulcan\/","https:\/\/x.com\/TRMOradea","https:\/\/www.instagram.com\/teatrul_regina_maria\/","https:\/\/www.youtube.com\/c\/TeatrulReginaMariaOradea","https:\/\/www.linkedin.com\/company\/teatrul-regina-maria"]},{"@type":"Person","@id":"https:\/\/www.teatrulreginamaria.ro\/hu\/author\/w3bmaster\/#author","url":"https:\/\/www.teatrulreginamaria.ro\/hu\/author\/w3bmaster\/","name":"Teatrul Regina Maria","image":{"@type":"ImageObject","@id":"https:\/\/www.teatrulreginamaria.ro\/hu\/comunicat-de-presa-armonii-de-toamna-teatru-contemporan-in-sali-de-clasa\/#authorImage","url":"https:\/\/secure.gravatar.com\/avatar\/5884139d508ae3f0bafe45e60563b48a9640146d3b08ccc6278c305ff9329305?s=96&d=mm&r=g","width":96,"height":96,"caption":"Teatrul Regina Maria"}},{"@type":"WebPage","@id":"https:\/\/www.teatrulreginamaria.ro\/hu\/comunicat-de-presa-armonii-de-toamna-teatru-contemporan-in-sali-de-clasa\/#webpage","url":"https:\/\/www.teatrulreginamaria.ro\/hu\/comunicat-de-presa-armonii-de-toamna-teatru-contemporan-in-sali-de-clasa\/","name":"COMUNICAT DE PRES\u0102 | Teatru contemporan \u00een s\u0103li de clas\u0103 - Teatrul Regina Maria Oradea","description":"Un proiect pilot \u00een Rom\u00e2nia - \u201eTeatru contemporan \u00een s\u0103li de clase\u201d Trupa Arcadia a Teatrului Regina Maria s-a al\u0103turat proiectului \u201eTeatru contemporan \u00een s\u0103li de clas\u0103\u201d, lansat de Asocia\u021bia Rom\u00e2n\u0103 pentru Promovarea Artelor Spectacolului (ARPAS), \u00een colaborare cu Goethe-Institut Bucure\u0219ti \u0219i cu agen\u021bia Henschel din Berlin, cofinan\u0163at de Administra\u0163ia Fondului Cultural Na\u0163ional. Misiunea proiectului este","inLanguage":"hu-HU","isPartOf":{"@id":"https:\/\/www.teatrulreginamaria.ro\/hu\/#website"},"breadcrumb":{"@id":"https:\/\/www.teatrulreginamaria.ro\/hu\/comunicat-de-presa-armonii-de-toamna-teatru-contemporan-in-sali-de-clasa\/#breadcrumblist"},"author":{"@id":"https:\/\/www.teatrulreginamaria.ro\/hu\/author\/w3bmaster\/#author"},"creator":{"@id":"https:\/\/www.teatrulreginamaria.ro\/hu\/author\/w3bmaster\/#author"},"image":{"@type":"ImageObject","url":"https:\/\/www.teatrulreginamaria.ro\/wp-content\/uploads\/2022\/05\/Teatru_contemporan_in_sali_de_clasa.jpg","@id":"https:\/\/www.teatrulreginamaria.ro\/hu\/comunicat-de-presa-armonii-de-toamna-teatru-contemporan-in-sali-de-clasa\/#mainImage","width":1920,"height":1005},"primaryImageOfPage":{"@id":"https:\/\/www.teatrulreginamaria.ro\/hu\/comunicat-de-presa-armonii-de-toamna-teatru-contemporan-in-sali-de-clasa\/#mainImage"},"datePublished":"2022-05-17T12:39:28+03:00","dateModified":"2022-05-17T12:39:28+03:00"},{"@type":"WebSite","@id":"https:\/\/www.teatrulreginamaria.ro\/hu\/#website","url":"https:\/\/www.teatrulreginamaria.ro\/hu\/","name":"Teatrul Regina Maria Oradea","alternateName":"TRM Oradea","description":"Trupa Iosif Vulcan \u0219i Trupa Arcadia","inLanguage":"hu-HU","publisher":{"@id":"https:\/\/www.teatrulreginamaria.ro\/hu\/#organization"}}]},"og:locale":"hu_HU","og:site_name":"Teatrul Regina Maria Oradea - Trupa Iosif Vulcan \u0219i Trupa Arcadia","og:type":"article","og:title":"COMUNICAT DE PRES\u0102 | Teatru contemporan \u00een s\u0103li de clas\u0103 - Teatrul Regina Maria Oradea","og:description":"Un proiect pilot \u00een Rom\u00e2nia - \u201eTeatru contemporan \u00een s\u0103li de clase\u201d Trupa Arcadia a Teatrului Regina Maria s-a al\u0103turat proiectului \u201eTeatru contemporan \u00een s\u0103li de clas\u0103\u201d, lansat de Asocia\u021bia Rom\u00e2n\u0103 pentru Promovarea Artelor Spectacolului (ARPAS), \u00een colaborare cu Goethe-Institut Bucure\u0219ti \u0219i cu agen\u021bia Henschel din Berlin, cofinan\u0163at de Administra\u0163ia Fondului Cultural Na\u0163ional. Misiunea proiectului este","og:url":"https:\/\/www.teatrulreginamaria.ro\/hu\/comunicat-de-presa-armonii-de-toamna-teatru-contemporan-in-sali-de-clasa\/","og:image":"https:\/\/www.teatrulreginamaria.ro\/wp-content\/uploads\/2025\/03\/trm-istoric-01.jpg","og:image:secure_url":"https:\/\/www.teatrulreginamaria.ro\/wp-content\/uploads\/2025\/03\/trm-istoric-01.jpg","og:image:width":1200,"og:image:height":800,"article:published_time":"2022-05-17T12:39:28+00:00","article:modified_time":"2022-05-17T12:39:28+00:00","article:publisher":"https:\/\/www.facebook.com\/TRMTrupaIosifVulcan\/","twitter:card":"summary_large_image","twitter:site":"@TRMOradea","twitter:title":"COMUNICAT DE PRES\u0102 | Teatru contemporan \u00een s\u0103li de clas\u0103 - Teatrul Regina Maria Oradea","twitter:description":"Un proiect pilot \u00een Rom\u00e2nia - \u201eTeatru contemporan \u00een s\u0103li de clase\u201d Trupa Arcadia a Teatrului Regina Maria s-a al\u0103turat proiectului \u201eTeatru contemporan \u00een s\u0103li de clas\u0103\u201d, lansat de Asocia\u021bia Rom\u00e2n\u0103 pentru Promovarea Artelor Spectacolului (ARPAS), \u00een colaborare cu Goethe-Institut Bucure\u0219ti \u0219i cu agen\u021bia Henschel din Berlin, cofinan\u0163at de Administra\u0163ia Fondului Cultural Na\u0163ional. Misiunea proiectului este","twitter:creator":"@TRMOradea","twitter:image":"https:\/\/www.teatrulreginamaria.ro\/wp-content\/uploads\/2025\/03\/trm-istoric-01.jpg"},"aioseo_meta_data":{"post_id":"5114","title":null,"description":null,"keywords":null,"keyphrases":null,"primary_term":null,"canonical_url":null,"og_title":null,"og_description":null,"og_object_type":"default","og_image_type":"default","og_image_url":null,"og_image_width":null,"og_image_height":null,"og_image_custom_url":null,"og_image_custom_fields":null,"og_video":null,"og_custom_url":null,"og_article_section":null,"og_article_tags":null,"twitter_use_og":false,"twitter_card":"default","twitter_image_type":"default","twitter_image_url":null,"twitter_image_custom_url":null,"twitter_image_custom_fields":null,"twitter_title":null,"twitter_description":null,"schema":{"blockGraphs":[],"customGraphs":[],"default":{"data":{"Article":[],"Course":[],"Dataset":[],"FAQPage":[],"Movie":[],"Person":[],"Product":[],"ProductReview":[],"Car":[],"Recipe":[],"Service":[],"SoftwareApplication":[],"WebPage":[]},"graphName":"","isEnabled":true},"graphs":[]},"schema_type":"default","schema_type_options":null,"pillar_content":false,"robots_default":true,"robots_noindex":false,"robots_noarchive":false,"robots_nosnippet":false,"robots_nofollow":false,"robots_noimageindex":false,"robots_noodp":false,"robots_notranslate":false,"robots_max_snippet":null,"robots_max_videopreview":null,"robots_max_imagepreview":"large","priority":null,"frequency":null,"local_seo":null,"seo_analyzer_scan_date":"2026-05-13 02:56:46","breadcrumb_settings":null,"limit_modified_date":false,"reviewed_by":null,"open_ai":null,"ai":null,"created":"2025-04-09 17:42:43","updated":"2026-05-13 02:56:46","focus_keyword":null,"additional_keywords":null,"truseo_locale":null},"aioseo_breadcrumb":"<div class=\"aioseo-breadcrumbs\"><span class=\"aioseo-breadcrumb\">\n\t<a href=\"https:\/\/www.teatrulreginamaria.ro\/hu\" title=\"Home\">Home<\/a>\n<\/span><span class=\"aioseo-breadcrumb-separator\">&raquo;<\/span><span class=\"aioseo-breadcrumb\">\n\t<a href=\"https:\/\/www.teatrulreginamaria.ro\/hu\/categorie\/noutati\/\" title=\"Nout\u0103\u021bi\">Nout\u0103\u021bi<\/a>\n<\/span><span class=\"aioseo-breadcrumb-separator\">&raquo;<\/span><span class=\"aioseo-breadcrumb\">\n\t<a href=\"https:\/\/www.teatrulreginamaria.ro\/hu\/categorie\/noutati\/noutati-trupa-arcadia\/\" title=\"Nout\u0103\u021bi - Trupa Arcadia\">Nout\u0103\u021bi - Trupa Arcadia<\/a>\n<\/span><span class=\"aioseo-breadcrumb-separator\">&raquo;<\/span><span class=\"aioseo-breadcrumb\">\n\tCOMUNICAT DE PRES\u0102 | Teatru contemporan \u00een s\u0103li de clas\u0103\n<\/span><\/div>","aioseo_breadcrumb_json":[{"label":"Home","link":"https:\/\/www.teatrulreginamaria.ro\/hu"},{"label":"Nout\u0103\u021bi","link":"https:\/\/www.teatrulreginamaria.ro\/hu\/categorie\/noutati\/"},{"label":"Nout\u0103\u021bi - Trupa Arcadia","link":"https:\/\/www.teatrulreginamaria.ro\/hu\/categorie\/noutati\/noutati-trupa-arcadia\/"},{"label":"COMUNICAT DE PRES\u0102 | Teatru contemporan \u00een s\u0103li de clas\u0103","link":"https:\/\/www.teatrulreginamaria.ro\/hu\/comunicat-de-presa-armonii-de-toamna-teatru-contemporan-in-sali-de-clasa\/"}],"acf":[],"_links":{"self":[{"href":"https:\/\/www.teatrulreginamaria.ro\/hu\/wp-json\/wp\/v2\/posts\/5114","targetHints":{"allow":["GET"]}}],"collection":[{"href":"https:\/\/www.teatrulreginamaria.ro\/hu\/wp-json\/wp\/v2\/posts"}],"about":[{"href":"https:\/\/www.teatrulreginamaria.ro\/hu\/wp-json\/wp\/v2\/types\/post"}],"author":[{"embeddable":true,"href":"https:\/\/www.teatrulreginamaria.ro\/hu\/wp-json\/wp\/v2\/users\/6"}],"replies":[{"embeddable":true,"href":"https:\/\/www.teatrulreginamaria.ro\/hu\/wp-json\/wp\/v2\/comments?post=5114"}],"version-history":[{"count":0,"href":"https:\/\/www.teatrulreginamaria.ro\/hu\/wp-json\/wp\/v2\/posts\/5114\/revisions"}],"wp:featuredmedia":[{"embeddable":true,"href":"https:\/\/www.teatrulreginamaria.ro\/hu\/wp-json\/wp\/v2\/media\/5113"}],"wp:attachment":[{"href":"https:\/\/www.teatrulreginamaria.ro\/hu\/wp-json\/wp\/v2\/media?parent=5114"}],"wp:term":[{"taxonomy":"category","embeddable":true,"href":"https:\/\/www.teatrulreginamaria.ro\/hu\/wp-json\/wp\/v2\/categories?post=5114"},{"taxonomy":"post_tag","embeddable":true,"href":"https:\/\/www.teatrulreginamaria.ro\/hu\/wp-json\/wp\/v2\/tags?post=5114"}],"curies":[{"name":"munkaf\u00fczet","href":"https:\/\/api.w.org\/{rel}","templated":true}]}}