{"id":5147,"date":"2022-06-09T12:12:03","date_gmt":"2022-06-09T12:12:03","guid":{"rendered":"https:\/\/teatrulreginamaria.ro\/2022\/06\/09\/comunicat-de-presa-r-m-n-cel-mai-nou-film-al-regizorului-cristian-mungiu-in-premiera-la-oradea\/"},"modified":"2022-06-09T12:12:03","modified_gmt":"2022-06-09T12:12:03","slug":"rmn-sajtokozlemeny-cristian-mungiu-rendezo-legujabb-filmjenek-premierje-nagyvaradon","status":"publish","type":"post","link":"https:\/\/www.teatrulreginamaria.ro\/hu\/comunicat-de-presa-r-m-n-cel-mai-nou-film-al-regizorului-cristian-mungiu-in-premiera-la-oradea\/","title":{"rendered":"SAJT\u00d3K\u00d6ZLEM\u00c9NY | RMN, Cristian Mungiu rendez\u0151 leg\u00fajabb filmje Nagyv\u00e1radon"},"content":{"rendered":"<p style=\"text-align: center;\"><strong>RMN, Cristian Mungiu rendez\u0151 leg\u00fajabb filmje,\u00a0<\/strong><strong>el\u0151sz\u00f6r, a nagyv\u00e1radi csapat jelenl\u00e9t\u00e9ben<\/strong><\/p>\n<\/p>\n<p><strong><em>MRI, <\/em><\/strong>Cristian Mungiu rendez\u0151 leg\u00fajabb filmj\u00e9t egy k\u00fcl\u00f6nleges vet\u00edt\u00e9sen tekinthetik meg a ... <strong>Regina Maria Sz\u00ednh\u00e1z Nagyv\u00e1radon, p\u00e9nteken, j\u00fanius 10-\u00e9n<\/strong>, kezdve <strong>19.00.<\/strong> A rendezv\u00e9nyen jelen lesz Cristian Mungiu rendez\u0151 \u00e9s Kov\u00e1cs Levente Jr. sz\u00ednm\u0171v\u00e9sz, akik a vet\u00edt\u00e9s v\u00e9g\u00e9n v\u00e1laszolnak a k\u00f6z\u00f6ns\u00e9g k\u00e9rd\u00e9seire.<\/p>\n<p><strong><em>MRI.<\/em><\/strong> egy t\u00f6rt\u00e9netet mes\u00e9l el az emberi viselked\u00e9s m\u00e9lyen gy\u00f6kerez\u0151 okair\u00f3l a minket meglep val\u00f3s\u00e1gokkal szemben, a m\u00e1sokkal val\u00f3 kapcsolatunkr\u00f3l, \u00e9s arr\u00f3l, hogyan viszonyulunk ma mindannyian a nyugtalan\u00edt\u00f3 j\u00f6v\u0151h\u00f6z. Cristian Mungiu rendez\u0151 \u00edgy jellemzi a filmet: <em>\u201eEgy t\u00f6rt\u00e9net a r\u00e9gi id\u0151k \u2013 melyeket megb\u00edzhat\u00f3bbnak tartottunk, mert ismer\u0151ss\u00e9 v\u00e1ltak sz\u00e1munkra \u2013 \u00e9s a jelen, melyet kaotikusnak \u00e9rz\u00fcnk, kapcsolat\u00e1r\u00f3l. Egyben t\u00f6rt\u00e9net az \u00f6n\u00e1m\u00edt\u00e1sr\u00f3l is, melyet egy sor eur\u00f3pai \u00e9rt\u00e9k gener\u00e1l, melyek ink\u00e1bb k\u00edv\u00e1natnak, mint eredm\u00e9nynek sz\u00e1m\u00edtanak. Egy t\u00f6rt\u00e9net az intoleranci\u00e1r\u00f3l \u00e9s a diszkrimin\u00e1ci\u00f3r\u00f3l, az el\u0151\u00edt\u00e9letekr\u0151l, a sztereot\u00edpi\u00e1kr\u00f3l, a tekint\u00e9lyr\u0151l \u00e9s a szabads\u00e1gr\u00f3l, egy t\u00f6rt\u00e9net a gy\u00e1vas\u00e1gr\u00f3l \u00e9s a b\u00e1tors\u00e1gr\u00f3l, az egy\u00e9nr\u0151l \u00e9s a t\u00f6megekr\u0151l, a szem\u00e9lyes sorsr\u00f3l a k\u00f6z\u00f6ss\u00e9ggel szemben. Egy t\u00f6rt\u00e9net a t\u00fal\u00e9l\u00e9sr\u0151l, a szeg\u00e9nys\u00e9gr\u0151l, a f\u00e9lelemr\u0151l \u00e9s a nyugtalan\u00edt\u00f3 j\u00f6v\u0151r\u0151l is.\u201d.<\/em><\/p>\n<p>A cannes-i filmfesztiv\u00e1lon tartott vil\u00e1gpremier ut\u00e1n jelentek meg az els\u0151 dics\u00e9r\u0151 kritik\u00e1k nemzetk\u00f6zi kiadv\u00e1nyokban: <em>\u201eDiszkr\u00e9t szekvenci\u00e1k, leny\u0171g\u00f6z\u0151 tisztas\u00e1ggal \u00e9s s\u0171r\u0171s\u00e9ggel, a szerkeszt\u00e9s szigor\u00fas\u00e1g\u00e1t a bemutat\u00e1s spontaneit\u00e1sa \u00e1lc\u00e1zza.\u201d<\/em>, <em>\u201eEgy \u00f6sszetett film, annyira tele \u00f6tletekkel, hogy azt v\u00e1rn\u00e1 az ember, hogy az eszt\u00e9tika nem \u00e9lvez priorit\u00e1st, de az MRI-vizsg\u00e1lat szinte hihetetlen\u00fcl sz\u00e9p.\u201d<\/em> jegyzi meg Jessica Kiang a Varietyben. <em>\u201eAz RMN leny\u0171g\u00f6z\u0151 \u00e9s nagyon emberi felt\u00e1r\u00e1sa a Rom\u00e1nia el\u0151tt \u00e1ll\u00f3 sz\u00e1mos probl\u00e9m\u00e1nak.\u201d<\/em> \u00a0\u00e9rt\u00e9keli Jordan Mintzert a The Hollywood Reporterben.<\/p>\n<p><!--more--><\/p>\n<p>A nagyv\u00e1radi n\u00e9z\u0151k a j\u00fanius 10-\u00e9n, p\u00e9nteken 19 \u00f3rakor kezd\u0151d\u0151 vet\u00edt\u00e9sen nagy k\u00e9perny\u0151n l\u00e1thatj\u00e1k a filmet, \u00e9s lehet\u0151s\u00e9g\u00fck lesz tal\u00e1lkozni Cristian Mungiu rendez\u0151vel \u00e9s Kov\u00e1cs Levente Jr. sz\u00edn\u00e9sszel.<\/p>\n<p>A rendezv\u00e9nyt a Regina Maria Oradea Sz\u00ednh\u00e1zzal k\u00f6z\u00f6sen szervezik.<\/p>\n<p>A film f\u0151szerepl\u0151i Marin Grigore, Judith State, Macrina B\u00e2rl\u0103deanu \u00e9s Orsolya Moldov\u00e1n. A forgat\u00f3k\u00f6nyvet \u00e9s a rendez\u00e9st Cristian Mungiu \u00edrta. A forgat\u00e1s 2021 novembere \u00e9s 2022 janu\u00e1rja k\u00f6z\u00f6tt zajlott, f\u0151k\u00e9nt a Feh\u00e9r megyei Torock\u00f3 (Rimetea) faluban, de Erd\u00e9ly m\u00e1s telep\u00fcl\u00e9sein is felbukkant.<\/p>\n<p><strong>Szinopszis: <\/strong>Kar\u00e1csony k\u00f6rny\u00e9k\u00e9n Matthias visszat\u00e9r n\u00e9metorsz\u00e1gi munk\u00e1j\u00e1b\u00f3l erd\u00e9lyi sz\u00fcl\u0151faluj\u00e1ba, ahol a n\u00e9lk\u00fcle feln\u00f6v\u0151 gyermek (Rudi), az egyed\u00fcl maradt apja (Otto) \u00e9s a nagyon v\u00e1gy\u00f3 gyerekkori szerelme (Csilla) foglalkoztatja. Szeretn\u00e9 jobban bevon\u00f3dni a fi\u00fa oktat\u00e1s\u00e1ba, akit t\u00fal sok\u00e1ig egyed\u00fcl hagytak anyja (Ana) gondjaira, \u00e9s megszabad\u00edtani \u0151t a hom\u00e1lyos f\u00e9lelmekt\u0151l, amelyek gy\u00f6t\u00f6rt\u00e9k. Amikor k\u00fclf\u00f6ldi munk\u00e1sokat alkalmaznak a Csilla \u00e1ltal gondozott gy\u00e1rban, a kommuna b\u00e9k\u00e9je felborul, a f\u00e9lelmek a feln\u0151tteket is el\u00f6ntik, \u00e9s a l\u00e1tsz\u00f3lagos meg\u00e9rt\u00e9s \u00e9s nyugalom v\u00e9kony r\u00e9teg\u00e9n kereszt\u00fcl a felsz\u00ednre t\u00f6rnek a frusztr\u00e1ci\u00f3k, konfliktusok \u00e9s indulatok.\u00a0<\/p>\n<p><strong><em>MRI.<\/em><\/strong> Rom\u00e1ni\u00e1ban j\u00fanius 3-t\u00f3l forgalmazza a Voodoo Films. Az el\u0151zetes megtekinthet\u0151 itt: <a href=\"https:\/\/www.youtube.com\/watch?v=Q9bjpg20EmA&amp;t=17s\">https:\/\/www.youtube.com\/watch?v=Q9bjpg20EmA&amp;t=17s<\/a><\/p>\n<p>Tov\u00e1bbi r\u00e9szleteket itt tal\u00e1l:<br \/> <a href=\"https:\/\/www.facebook.com\/RMNfilmul\">www.facebook.com\/RMNfilmul<\/a><\/p>\n<p><a href=\"http:\/\/www.voodoofilms.ro\/rmn\">www.voodoofilms.ro\/rmn<\/a><\/p>\n<p>A filmet a Mobra Films k\u00e9sz\u00edtette (<em>A N\u0151v\u00e9rek Testv\u00e9rei, La Civil<\/em>) \u00e9s a Why Not Productions t\u00e1rsproducere (<em>\u00c9n, Daniel Blake, Deephan<\/em>), a Wild Bunch International (<em>tit\u00e1n<\/em>), a France 3 Cinema \u00e9s a Le Pacte Franciaorsz\u00e1gb\u00f3l, a Les Films du Fleuve (Belgium), a Filmgate Films \u00e9s a Film i V\u00e4st (Sv\u00e9dorsz\u00e1g), a Canal+ t\u00e1mogat\u00e1s\u00e1val, a Rom\u00e1n Nemzeti Filmk\u00f6zpont finansz\u00edroz\u00e1s\u00e1val \u00e9s az Eurimages t\u00e1mogat\u00e1s\u00e1val.<\/p>\n<p>A film rom\u00e1niai bemutat\u00f3j\u00e1nak hivatalos partnere: Unicredit Bank<br \/>Partner: Nemzeti Filmk\u00f6zpont<br \/>M\u00e9diapartner: Europa FM<br \/>Helyi partnerek: Nagyv\u00e1radi Regina Maria Sz\u00ednh\u00e1z<\/p>","protected":false},"excerpt":{"rendered":"<p>R.M.N., cel mai nou film al regizorului Cristian Mungiu,\u00a0\u00een premier\u0103, \u00een prezen\u021ba echipei la Oradea R.M.N., cel mai nou film al regizorului Cristian Mungiu, va putea fi v\u0103zut \u00eentr-o proiec\u021bie special\u0103 la Teatrul Regina Maria din Oradea, vineri, 10 iunie, \u00eencep\u00e2nd cu ora 19.00. Regizorul Cristian Mungiu \u0219i actorul Kov\u00e1cs Levente Jr. Vor fi prezen\u021bi [&hellip;]<\/p>\n","protected":false},"author":6,"featured_media":5145,"comment_status":"open","ping_status":"open","sticky":false,"template":"","format":"standard","meta":{"_acf_changed":false,"footnotes":""},"categories":[22],"tags":[],"class_list":["post-5147","post","type-post","status-publish","format-standard","has-post-thumbnail","hentry","category-noutati-trupa-iosif-vulcan"],"aioseo_notices":[],"aioseo_head":"\n\t\t<!-- All in One SEO Pro 5.0.1.1 - aioseo.com -->\n\t<meta name=\"description\" content=\"R.M.N., cel mai nou film al regizorului Cristian Mungiu, \u00een premier\u0103, \u00een prezen\u021ba echipei la Oradea R.M.N., cel mai nou film al regizorului Cristian Mungiu, va putea fi v\u0103zut \u00eentr-o proiec\u021bie special\u0103 la Teatrul Regina Maria din Oradea, vineri, 10 iunie, \u00eencep\u00e2nd cu ora 19.00. Regizorul Cristian Mungiu \u0219i actorul Kov\u00e1cs Levente Jr. Vor fi prezen\u021bi\" \/>\n\t<meta name=\"robots\" content=\"max-image-preview:large\" \/>\n\t<meta name=\"author\" content=\"Teatrul Regina Maria\"\/>\n\t<link rel=\"canonical\" href=\"https:\/\/www.teatrulreginamaria.ro\/hu\/comunicat-de-presa-r-m-n-cel-mai-nou-film-al-regizorului-cristian-mungiu-in-premiera-la-oradea\/\" \/>\n\t<meta name=\"generator\" content=\"All in One SEO Pro (AIOSEO) 5.0.1.1\" \/>\n\t\t<meta property=\"og:locale\" content=\"hu_HU\" \/>\n\t\t<meta property=\"og:site_name\" content=\"Teatrul Regina Maria Oradea - Trupa Iosif Vulcan \u0219i Trupa Arcadia\" \/>\n\t\t<meta property=\"og:type\" content=\"article\" \/>\n\t\t<meta property=\"og:title\" content=\"COMUNICAT DE PRES\u0102 | R.M.N., cel mai nou film al regizorului Cristian Mungiu, la Oradea - Teatrul Regina Maria Oradea\" \/>\n\t\t<meta property=\"og:description\" content=\"R.M.N., cel mai nou film al regizorului Cristian Mungiu, \u00een premier\u0103, \u00een prezen\u021ba echipei la Oradea R.M.N., cel mai nou film al regizorului Cristian Mungiu, va putea fi v\u0103zut \u00eentr-o proiec\u021bie special\u0103 la Teatrul Regina Maria din Oradea, vineri, 10 iunie, \u00eencep\u00e2nd cu ora 19.00. Regizorul Cristian Mungiu \u0219i actorul Kov\u00e1cs Levente Jr. Vor fi prezen\u021bi\" \/>\n\t\t<meta property=\"og:url\" content=\"https:\/\/www.teatrulreginamaria.ro\/hu\/comunicat-de-presa-r-m-n-cel-mai-nou-film-al-regizorului-cristian-mungiu-in-premiera-la-oradea\/\" \/>\n\t\t<meta property=\"og:image\" content=\"https:\/\/www.teatrulreginamaria.ro\/wp-content\/uploads\/2025\/03\/trm-istoric-01.jpg\" \/>\n\t\t<meta property=\"og:image:secure_url\" content=\"https:\/\/www.teatrulreginamaria.ro\/wp-content\/uploads\/2025\/03\/trm-istoric-01.jpg\" \/>\n\t\t<meta property=\"og:image:width\" content=\"1200\" \/>\n\t\t<meta property=\"og:image:height\" content=\"800\" \/>\n\t\t<meta property=\"article:published_time\" content=\"2022-06-09T12:12:03+00:00\" \/>\n\t\t<meta property=\"article:modified_time\" content=\"2022-06-09T12:12:03+00:00\" \/>\n\t\t<meta property=\"article:publisher\" content=\"https:\/\/www.facebook.com\/TRMTrupaIosifVulcan\/\" \/>\n\t\t<meta name=\"twitter:card\" content=\"summary_large_image\" \/>\n\t\t<meta name=\"twitter:site\" content=\"@TRMOradea\" \/>\n\t\t<meta name=\"twitter:title\" content=\"COMUNICAT DE PRES\u0102 | R.M.N., cel mai nou film al regizorului Cristian Mungiu, la Oradea - Teatrul Regina Maria Oradea\" \/>\n\t\t<meta name=\"twitter:description\" content=\"R.M.N., cel mai nou film al regizorului Cristian Mungiu, \u00een premier\u0103, \u00een prezen\u021ba echipei la Oradea R.M.N., cel mai nou film al regizorului Cristian Mungiu, va putea fi v\u0103zut \u00eentr-o proiec\u021bie special\u0103 la Teatrul Regina Maria din Oradea, vineri, 10 iunie, \u00eencep\u00e2nd cu ora 19.00. Regizorul Cristian Mungiu \u0219i actorul Kov\u00e1cs Levente Jr. Vor fi prezen\u021bi\" \/>\n\t\t<meta name=\"twitter:creator\" content=\"@TRMOradea\" \/>\n\t\t<meta name=\"twitter:image\" content=\"https:\/\/www.teatrulreginamaria.ro\/wp-content\/uploads\/2025\/03\/trm-istoric-01.jpg\" \/>\n\t\t<script type=\"application\/ld+json\" class=\"aioseo-schema\">\n\t\t\t{\"@context\":\"https:\\\/\\\/schema.org\",\"@graph\":[{\"@type\":\"BlogPosting\",\"@id\":\"https:\\\/\\\/www.teatrulreginamaria.ro\\\/hu\\\/comunicat-de-presa-r-m-n-cel-mai-nou-film-al-regizorului-cristian-mungiu-in-premiera-la-oradea\\\/#blogposting\",\"name\":\"COMUNICAT DE PRES\\u0102 | R.M.N., cel mai nou film al regizorului Cristian Mungiu, la Oradea - Teatrul Regina Maria Oradea\",\"headline\":\"COMUNICAT DE PRES\\u0102 | R.M.N., cel mai nou film al regizorului Cristian Mungiu, la Oradea\",\"author\":{\"@id\":\"https:\\\/\\\/www.teatrulreginamaria.ro\\\/hu\\\/author\\\/w3bmaster\\\/#author\"},\"publisher\":{\"@id\":\"https:\\\/\\\/www.teatrulreginamaria.ro\\\/hu\\\/#organization\"},\"image\":{\"@type\":\"ImageObject\",\"url\":\"https:\\\/\\\/www.teatrulreginamaria.ro\\\/wp-content\\\/uploads\\\/2022\\\/06\\\/RMN.jpg\",\"width\":1440,\"height\":2048},\"datePublished\":\"2022-06-09T12:12:03+03:00\",\"dateModified\":\"2022-06-09T12:12:03+03:00\",\"inLanguage\":\"hu-HU\",\"mainEntityOfPage\":{\"@id\":\"https:\\\/\\\/www.teatrulreginamaria.ro\\\/hu\\\/comunicat-de-presa-r-m-n-cel-mai-nou-film-al-regizorului-cristian-mungiu-in-premiera-la-oradea\\\/#webpage\"},\"isPartOf\":{\"@id\":\"https:\\\/\\\/www.teatrulreginamaria.ro\\\/hu\\\/comunicat-de-presa-r-m-n-cel-mai-nou-film-al-regizorului-cristian-mungiu-in-premiera-la-oradea\\\/#webpage\"},\"articleSection\":\"Nout\\u0103\\u021bi - Trupa Iosif Vulcan\"},{\"@type\":\"BreadcrumbList\",\"@id\":\"https:\\\/\\\/www.teatrulreginamaria.ro\\\/hu\\\/comunicat-de-presa-r-m-n-cel-mai-nou-film-al-regizorului-cristian-mungiu-in-premiera-la-oradea\\\/#breadcrumblist\",\"itemListElement\":[{\"@type\":\"ListItem\",\"@id\":\"https:\\\/\\\/www.teatrulreginamaria.ro\\\/hu#listItem\",\"position\":1,\"name\":\"Home\",\"item\":\"https:\\\/\\\/www.teatrulreginamaria.ro\\\/hu\",\"nextItem\":{\"@type\":\"ListItem\",\"@id\":\"https:\\\/\\\/www.teatrulreginamaria.ro\\\/hu\\\/categorie\\\/noutati\\\/#listItem\",\"name\":\"Nout\\u0103\\u021bi\"}},{\"@type\":\"ListItem\",\"@id\":\"https:\\\/\\\/www.teatrulreginamaria.ro\\\/hu\\\/categorie\\\/noutati\\\/#listItem\",\"position\":2,\"name\":\"Nout\\u0103\\u021bi\",\"item\":\"https:\\\/\\\/www.teatrulreginamaria.ro\\\/hu\\\/categorie\\\/noutati\\\/\",\"nextItem\":{\"@type\":\"ListItem\",\"@id\":\"https:\\\/\\\/www.teatrulreginamaria.ro\\\/hu\\\/categorie\\\/noutati\\\/noutati-trupa-iosif-vulcan\\\/#listItem\",\"name\":\"Nout\\u0103\\u021bi - Trupa Iosif Vulcan\"},\"previousItem\":{\"@type\":\"ListItem\",\"@id\":\"https:\\\/\\\/www.teatrulreginamaria.ro\\\/hu#listItem\",\"name\":\"Home\"}},{\"@type\":\"ListItem\",\"@id\":\"https:\\\/\\\/www.teatrulreginamaria.ro\\\/hu\\\/categorie\\\/noutati\\\/noutati-trupa-iosif-vulcan\\\/#listItem\",\"position\":3,\"name\":\"Nout\\u0103\\u021bi - Trupa Iosif Vulcan\",\"item\":\"https:\\\/\\\/www.teatrulreginamaria.ro\\\/hu\\\/categorie\\\/noutati\\\/noutati-trupa-iosif-vulcan\\\/\",\"nextItem\":{\"@type\":\"ListItem\",\"@id\":\"https:\\\/\\\/www.teatrulreginamaria.ro\\\/hu\\\/comunicat-de-presa-r-m-n-cel-mai-nou-film-al-regizorului-cristian-mungiu-in-premiera-la-oradea\\\/#listItem\",\"name\":\"COMUNICAT DE PRES\\u0102 | R.M.N., cel mai nou film al regizorului Cristian Mungiu, la Oradea\"},\"previousItem\":{\"@type\":\"ListItem\",\"@id\":\"https:\\\/\\\/www.teatrulreginamaria.ro\\\/hu\\\/categorie\\\/noutati\\\/#listItem\",\"name\":\"Nout\\u0103\\u021bi\"}},{\"@type\":\"ListItem\",\"@id\":\"https:\\\/\\\/www.teatrulreginamaria.ro\\\/hu\\\/comunicat-de-presa-r-m-n-cel-mai-nou-film-al-regizorului-cristian-mungiu-in-premiera-la-oradea\\\/#listItem\",\"position\":4,\"name\":\"COMUNICAT DE PRES\\u0102 | R.M.N., cel mai nou film al regizorului Cristian Mungiu, la Oradea\",\"previousItem\":{\"@type\":\"ListItem\",\"@id\":\"https:\\\/\\\/www.teatrulreginamaria.ro\\\/hu\\\/categorie\\\/noutati\\\/noutati-trupa-iosif-vulcan\\\/#listItem\",\"name\":\"Nout\\u0103\\u021bi - Trupa Iosif Vulcan\"}}]},{\"@type\":\"Organization\",\"@id\":\"https:\\\/\\\/www.teatrulreginamaria.ro\\\/hu\\\/#organization\",\"name\":\"Teatrul Regina Maria Oradea\",\"description\":\"Trupa Iosif Vulcan \\u0219i Trupa Arcadia\",\"url\":\"https:\\\/\\\/www.teatrulreginamaria.ro\\\/hu\\\/\",\"email\":\"marketing@teatrulreginamaria.ro\",\"telephone\":\"+40359411534\",\"numberOfEmployees\":{\"@type\":\"QuantitativeValue\",\"minValue\":0,\"maxValue\":150},\"logo\":{\"@type\":\"ImageObject\",\"url\":\"https:\\\/\\\/www.teatrulreginamaria.ro\\\/wp-content\\\/uploads\\\/2025\\\/06\\\/logo-trm-01-dark.png\",\"@id\":\"https:\\\/\\\/www.teatrulreginamaria.ro\\\/hu\\\/comunicat-de-presa-r-m-n-cel-mai-nou-film-al-regizorului-cristian-mungiu-in-premiera-la-oradea\\\/#organizationLogo\",\"width\":300,\"height\":148},\"image\":{\"@id\":\"https:\\\/\\\/www.teatrulreginamaria.ro\\\/hu\\\/comunicat-de-presa-r-m-n-cel-mai-nou-film-al-regizorului-cristian-mungiu-in-premiera-la-oradea\\\/#organizationLogo\"},\"sameAs\":[\"https:\\\/\\\/www.facebook.com\\\/TRMTrupaIosifVulcan\\\/\",\"https:\\\/\\\/x.com\\\/TRMOradea\",\"https:\\\/\\\/www.instagram.com\\\/teatrul_regina_maria\\\/\",\"https:\\\/\\\/www.youtube.com\\\/c\\\/TeatrulReginaMariaOradea\",\"https:\\\/\\\/www.linkedin.com\\\/company\\\/teatrul-regina-maria\"]},{\"@type\":\"Person\",\"@id\":\"https:\\\/\\\/www.teatrulreginamaria.ro\\\/hu\\\/author\\\/w3bmaster\\\/#author\",\"url\":\"https:\\\/\\\/www.teatrulreginamaria.ro\\\/hu\\\/author\\\/w3bmaster\\\/\",\"name\":\"Teatrul Regina Maria\",\"image\":{\"@type\":\"ImageObject\",\"@id\":\"https:\\\/\\\/www.teatrulreginamaria.ro\\\/hu\\\/comunicat-de-presa-r-m-n-cel-mai-nou-film-al-regizorului-cristian-mungiu-in-premiera-la-oradea\\\/#authorImage\",\"url\":\"https:\\\/\\\/secure.gravatar.com\\\/avatar\\\/5884139d508ae3f0bafe45e60563b48a9640146d3b08ccc6278c305ff9329305?s=96&d=mm&r=g\",\"width\":96,\"height\":96,\"caption\":\"Teatrul Regina Maria\"}},{\"@type\":\"WebPage\",\"@id\":\"https:\\\/\\\/www.teatrulreginamaria.ro\\\/hu\\\/comunicat-de-presa-r-m-n-cel-mai-nou-film-al-regizorului-cristian-mungiu-in-premiera-la-oradea\\\/#webpage\",\"url\":\"https:\\\/\\\/www.teatrulreginamaria.ro\\\/hu\\\/comunicat-de-presa-r-m-n-cel-mai-nou-film-al-regizorului-cristian-mungiu-in-premiera-la-oradea\\\/\",\"name\":\"COMUNICAT DE PRES\\u0102 | R.M.N., cel mai nou film al regizorului Cristian Mungiu, la Oradea - Teatrul Regina Maria Oradea\",\"description\":\"R.M.N., cel mai nou film al regizorului Cristian Mungiu, \\u00een premier\\u0103, \\u00een prezen\\u021ba echipei la Oradea R.M.N., cel mai nou film al regizorului Cristian Mungiu, va putea fi v\\u0103zut \\u00eentr-o proiec\\u021bie special\\u0103 la Teatrul Regina Maria din Oradea, vineri, 10 iunie, \\u00eencep\\u00e2nd cu ora 19.00. Regizorul Cristian Mungiu \\u0219i actorul Kov\\u00e1cs Levente Jr. Vor fi prezen\\u021bi\",\"inLanguage\":\"hu-HU\",\"isPartOf\":{\"@id\":\"https:\\\/\\\/www.teatrulreginamaria.ro\\\/hu\\\/#website\"},\"breadcrumb\":{\"@id\":\"https:\\\/\\\/www.teatrulreginamaria.ro\\\/hu\\\/comunicat-de-presa-r-m-n-cel-mai-nou-film-al-regizorului-cristian-mungiu-in-premiera-la-oradea\\\/#breadcrumblist\"},\"author\":{\"@id\":\"https:\\\/\\\/www.teatrulreginamaria.ro\\\/hu\\\/author\\\/w3bmaster\\\/#author\"},\"creator\":{\"@id\":\"https:\\\/\\\/www.teatrulreginamaria.ro\\\/hu\\\/author\\\/w3bmaster\\\/#author\"},\"image\":{\"@type\":\"ImageObject\",\"url\":\"https:\\\/\\\/www.teatrulreginamaria.ro\\\/wp-content\\\/uploads\\\/2022\\\/06\\\/RMN.jpg\",\"@id\":\"https:\\\/\\\/www.teatrulreginamaria.ro\\\/hu\\\/comunicat-de-presa-r-m-n-cel-mai-nou-film-al-regizorului-cristian-mungiu-in-premiera-la-oradea\\\/#mainImage\",\"width\":1440,\"height\":2048},\"primaryImageOfPage\":{\"@id\":\"https:\\\/\\\/www.teatrulreginamaria.ro\\\/hu\\\/comunicat-de-presa-r-m-n-cel-mai-nou-film-al-regizorului-cristian-mungiu-in-premiera-la-oradea\\\/#mainImage\"},\"datePublished\":\"2022-06-09T12:12:03+03:00\",\"dateModified\":\"2022-06-09T12:12:03+03:00\"},{\"@type\":\"WebSite\",\"@id\":\"https:\\\/\\\/www.teatrulreginamaria.ro\\\/hu\\\/#website\",\"url\":\"https:\\\/\\\/www.teatrulreginamaria.ro\\\/hu\\\/\",\"name\":\"Teatrul Regina Maria Oradea\",\"alternateName\":\"TRM Oradea\",\"description\":\"Trupa Iosif Vulcan \\u0219i Trupa Arcadia\",\"inLanguage\":\"hu-HU\",\"publisher\":{\"@id\":\"https:\\\/\\\/www.teatrulreginamaria.ro\\\/hu\\\/#organization\"}}]}\n\t\t<\/script>\n\t\t<!-- All in One SEO Pro -->\r\n\t\t<title>COMUNICAT DE PRES\u0102 | R.M.N., cel mai nou film al regizorului Cristian Mungiu, la Oradea - Teatrul Regina Maria Oradea<\/title>\n\n","aioseo_head_json":{"title":"SAJT\u00d3K\u00d6ZLEM\u00c9NY | RMN, Cristian Mungiu rendez\u0151 leg\u00fajabb filmje Nagyv\u00e1radon - Regina Maria Sz\u00ednh\u00e1z Nagyv\u00e1rad","description":"Cristian Mungiu rendez\u0151 leg\u00fajabb filmj\u00e9nek, az RMN-nek a premierje Nagyv\u00e1radon lesz, a csapat jelenl\u00e9t\u00e9ben. Cristian Mungiu rendez\u0151 leg\u00fajabb filmj\u00e9t, az RMN-t egy k\u00fcl\u00f6nleges vet\u00edt\u00e9sen tekinthetik meg a nagyv\u00e1radi Regina Maria Sz\u00ednh\u00e1zban, j\u00fanius 10-\u00e9n, p\u00e9nteken 19:00 \u00f3rai kezdettel. Jelen lesz Cristian Mungiu rendez\u0151 \u00e9s Kov\u00e1cs Levente Jr. sz\u00edn\u00e9sz.","canonical_url":"https:\/\/www.teatrulreginamaria.ro\/hu\/comunicat-de-presa-r-m-n-cel-mai-nou-film-al-regizorului-cristian-mungiu-in-premiera-la-oradea\/","robots":"max-image-preview:large","keywords":"","webmasterTools":{"miscellaneous":""},"schema":{"@context":"https:\/\/schema.org","@graph":[{"@type":"BlogPosting","@id":"https:\/\/www.teatrulreginamaria.ro\/hu\/comunicat-de-presa-r-m-n-cel-mai-nou-film-al-regizorului-cristian-mungiu-in-premiera-la-oradea\/#blogposting","name":"COMUNICAT DE PRES\u0102 | R.M.N., cel mai nou film al regizorului Cristian Mungiu, la Oradea - Teatrul Regina Maria Oradea","headline":"COMUNICAT DE PRES\u0102 | R.M.N., cel mai nou film al regizorului Cristian Mungiu, la Oradea","author":{"@id":"https:\/\/www.teatrulreginamaria.ro\/hu\/author\/w3bmaster\/#author"},"publisher":{"@id":"https:\/\/www.teatrulreginamaria.ro\/hu\/#organization"},"image":{"@type":"ImageObject","url":"https:\/\/www.teatrulreginamaria.ro\/wp-content\/uploads\/2022\/06\/RMN.jpg","width":1440,"height":2048},"datePublished":"2022-06-09T12:12:03+03:00","dateModified":"2022-06-09T12:12:03+03:00","inLanguage":"hu-HU","mainEntityOfPage":{"@id":"https:\/\/www.teatrulreginamaria.ro\/hu\/comunicat-de-presa-r-m-n-cel-mai-nou-film-al-regizorului-cristian-mungiu-in-premiera-la-oradea\/#webpage"},"isPartOf":{"@id":"https:\/\/www.teatrulreginamaria.ro\/hu\/comunicat-de-presa-r-m-n-cel-mai-nou-film-al-regizorului-cristian-mungiu-in-premiera-la-oradea\/#webpage"},"articleSection":"Nout\u0103\u021bi - Trupa Iosif Vulcan"},{"@type":"BreadcrumbList","@id":"https:\/\/www.teatrulreginamaria.ro\/hu\/comunicat-de-presa-r-m-n-cel-mai-nou-film-al-regizorului-cristian-mungiu-in-premiera-la-oradea\/#breadcrumblist","itemListElement":[{"@type":"ListItem","@id":"https:\/\/www.teatrulreginamaria.ro\/hu#listItem","position":1,"name":"Home","item":"https:\/\/www.teatrulreginamaria.ro\/hu","nextItem":{"@type":"ListItem","@id":"https:\/\/www.teatrulreginamaria.ro\/hu\/categorie\/noutati\/#listItem","name":"Nout\u0103\u021bi"}},{"@type":"ListItem","@id":"https:\/\/www.teatrulreginamaria.ro\/hu\/categorie\/noutati\/#listItem","position":2,"name":"Nout\u0103\u021bi","item":"https:\/\/www.teatrulreginamaria.ro\/hu\/categorie\/noutati\/","nextItem":{"@type":"ListItem","@id":"https:\/\/www.teatrulreginamaria.ro\/hu\/categorie\/noutati\/noutati-trupa-iosif-vulcan\/#listItem","name":"Nout\u0103\u021bi - Trupa Iosif Vulcan"},"previousItem":{"@type":"ListItem","@id":"https:\/\/www.teatrulreginamaria.ro\/hu#listItem","name":"Home"}},{"@type":"ListItem","@id":"https:\/\/www.teatrulreginamaria.ro\/hu\/categorie\/noutati\/noutati-trupa-iosif-vulcan\/#listItem","position":3,"name":"Nout\u0103\u021bi - Trupa Iosif Vulcan","item":"https:\/\/www.teatrulreginamaria.ro\/hu\/categorie\/noutati\/noutati-trupa-iosif-vulcan\/","nextItem":{"@type":"ListItem","@id":"https:\/\/www.teatrulreginamaria.ro\/hu\/comunicat-de-presa-r-m-n-cel-mai-nou-film-al-regizorului-cristian-mungiu-in-premiera-la-oradea\/#listItem","name":"COMUNICAT DE PRES\u0102 | R.M.N., cel mai nou film al regizorului Cristian Mungiu, la Oradea"},"previousItem":{"@type":"ListItem","@id":"https:\/\/www.teatrulreginamaria.ro\/hu\/categorie\/noutati\/#listItem","name":"Nout\u0103\u021bi"}},{"@type":"ListItem","@id":"https:\/\/www.teatrulreginamaria.ro\/hu\/comunicat-de-presa-r-m-n-cel-mai-nou-film-al-regizorului-cristian-mungiu-in-premiera-la-oradea\/#listItem","position":4,"name":"COMUNICAT DE PRES\u0102 | R.M.N., cel mai nou film al regizorului Cristian Mungiu, la Oradea","previousItem":{"@type":"ListItem","@id":"https:\/\/www.teatrulreginamaria.ro\/hu\/categorie\/noutati\/noutati-trupa-iosif-vulcan\/#listItem","name":"Nout\u0103\u021bi - Trupa Iosif Vulcan"}}]},{"@type":"Organization","@id":"https:\/\/www.teatrulreginamaria.ro\/hu\/#organization","name":"Teatrul Regina Maria Oradea","description":"Trupa Iosif Vulcan \u0219i Trupa Arcadia","url":"https:\/\/www.teatrulreginamaria.ro\/hu\/","email":"marketing@teatrulreginamaria.ro","telephone":"+40359411534","numberOfEmployees":{"@type":"QuantitativeValue","minValue":0,"maxValue":150},"logo":{"@type":"ImageObject","url":"https:\/\/www.teatrulreginamaria.ro\/wp-content\/uploads\/2025\/06\/logo-trm-01-dark.png","@id":"https:\/\/www.teatrulreginamaria.ro\/hu\/comunicat-de-presa-r-m-n-cel-mai-nou-film-al-regizorului-cristian-mungiu-in-premiera-la-oradea\/#organizationLogo","width":300,"height":148},"image":{"@id":"https:\/\/www.teatrulreginamaria.ro\/hu\/comunicat-de-presa-r-m-n-cel-mai-nou-film-al-regizorului-cristian-mungiu-in-premiera-la-oradea\/#organizationLogo"},"sameAs":["https:\/\/www.facebook.com\/TRMTrupaIosifVulcan\/","https:\/\/x.com\/TRMOradea","https:\/\/www.instagram.com\/teatrul_regina_maria\/","https:\/\/www.youtube.com\/c\/TeatrulReginaMariaOradea","https:\/\/www.linkedin.com\/company\/teatrul-regina-maria"]},{"@type":"Person","@id":"https:\/\/www.teatrulreginamaria.ro\/hu\/author\/w3bmaster\/#author","url":"https:\/\/www.teatrulreginamaria.ro\/hu\/author\/w3bmaster\/","name":"Teatrul Regina Maria","image":{"@type":"ImageObject","@id":"https:\/\/www.teatrulreginamaria.ro\/hu\/comunicat-de-presa-r-m-n-cel-mai-nou-film-al-regizorului-cristian-mungiu-in-premiera-la-oradea\/#authorImage","url":"https:\/\/secure.gravatar.com\/avatar\/5884139d508ae3f0bafe45e60563b48a9640146d3b08ccc6278c305ff9329305?s=96&d=mm&r=g","width":96,"height":96,"caption":"Teatrul Regina Maria"}},{"@type":"WebPage","@id":"https:\/\/www.teatrulreginamaria.ro\/hu\/comunicat-de-presa-r-m-n-cel-mai-nou-film-al-regizorului-cristian-mungiu-in-premiera-la-oradea\/#webpage","url":"https:\/\/www.teatrulreginamaria.ro\/hu\/comunicat-de-presa-r-m-n-cel-mai-nou-film-al-regizorului-cristian-mungiu-in-premiera-la-oradea\/","name":"COMUNICAT DE PRES\u0102 | R.M.N., cel mai nou film al regizorului Cristian Mungiu, la Oradea - Teatrul Regina Maria Oradea","description":"R.M.N., cel mai nou film al regizorului Cristian Mungiu, \u00een premier\u0103, \u00een prezen\u021ba echipei la Oradea R.M.N., cel mai nou film al regizorului Cristian Mungiu, va putea fi v\u0103zut \u00eentr-o proiec\u021bie special\u0103 la Teatrul Regina Maria din Oradea, vineri, 10 iunie, \u00eencep\u00e2nd cu ora 19.00. Regizorul Cristian Mungiu \u0219i actorul Kov\u00e1cs Levente Jr. Vor fi prezen\u021bi","inLanguage":"hu-HU","isPartOf":{"@id":"https:\/\/www.teatrulreginamaria.ro\/hu\/#website"},"breadcrumb":{"@id":"https:\/\/www.teatrulreginamaria.ro\/hu\/comunicat-de-presa-r-m-n-cel-mai-nou-film-al-regizorului-cristian-mungiu-in-premiera-la-oradea\/#breadcrumblist"},"author":{"@id":"https:\/\/www.teatrulreginamaria.ro\/hu\/author\/w3bmaster\/#author"},"creator":{"@id":"https:\/\/www.teatrulreginamaria.ro\/hu\/author\/w3bmaster\/#author"},"image":{"@type":"ImageObject","url":"https:\/\/www.teatrulreginamaria.ro\/wp-content\/uploads\/2022\/06\/RMN.jpg","@id":"https:\/\/www.teatrulreginamaria.ro\/hu\/comunicat-de-presa-r-m-n-cel-mai-nou-film-al-regizorului-cristian-mungiu-in-premiera-la-oradea\/#mainImage","width":1440,"height":2048},"primaryImageOfPage":{"@id":"https:\/\/www.teatrulreginamaria.ro\/hu\/comunicat-de-presa-r-m-n-cel-mai-nou-film-al-regizorului-cristian-mungiu-in-premiera-la-oradea\/#mainImage"},"datePublished":"2022-06-09T12:12:03+03:00","dateModified":"2022-06-09T12:12:03+03:00"},{"@type":"WebSite","@id":"https:\/\/www.teatrulreginamaria.ro\/hu\/#website","url":"https:\/\/www.teatrulreginamaria.ro\/hu\/","name":"Teatrul Regina Maria Oradea","alternateName":"TRM Oradea","description":"Trupa Iosif Vulcan \u0219i Trupa Arcadia","inLanguage":"hu-HU","publisher":{"@id":"https:\/\/www.teatrulreginamaria.ro\/hu\/#organization"}}]},"og:locale":"hu_HU","og:site_name":"Teatrul Regina Maria Oradea - Trupa Iosif Vulcan \u0219i Trupa Arcadia","og:type":"article","og:title":"COMUNICAT DE PRES\u0102 | R.M.N., cel mai nou film al regizorului Cristian Mungiu, la Oradea - Teatrul Regina Maria Oradea","og:description":"R.M.N., cel mai nou film al regizorului Cristian Mungiu, \u00een premier\u0103, \u00een prezen\u021ba echipei la Oradea R.M.N., cel mai nou film al regizorului Cristian Mungiu, va putea fi v\u0103zut \u00eentr-o proiec\u021bie special\u0103 la Teatrul Regina Maria din Oradea, vineri, 10 iunie, \u00eencep\u00e2nd cu ora 19.00. Regizorul Cristian Mungiu \u0219i actorul Kov\u00e1cs Levente Jr. Vor fi prezen\u021bi","og:url":"https:\/\/www.teatrulreginamaria.ro\/hu\/comunicat-de-presa-r-m-n-cel-mai-nou-film-al-regizorului-cristian-mungiu-in-premiera-la-oradea\/","og:image":"https:\/\/www.teatrulreginamaria.ro\/wp-content\/uploads\/2025\/03\/trm-istoric-01.jpg","og:image:secure_url":"https:\/\/www.teatrulreginamaria.ro\/wp-content\/uploads\/2025\/03\/trm-istoric-01.jpg","og:image:width":1200,"og:image:height":800,"article:published_time":"2022-06-09T12:12:03+00:00","article:modified_time":"2022-06-09T12:12:03+00:00","article:publisher":"https:\/\/www.facebook.com\/TRMTrupaIosifVulcan\/","twitter:card":"summary_large_image","twitter:site":"@TRMOradea","twitter:title":"COMUNICAT DE PRES\u0102 | R.M.N., cel mai nou film al regizorului Cristian Mungiu, la Oradea - Teatrul Regina Maria Oradea","twitter:description":"R.M.N., cel mai nou film al regizorului Cristian Mungiu, \u00een premier\u0103, \u00een prezen\u021ba echipei la Oradea R.M.N., cel mai nou film al regizorului Cristian Mungiu, va putea fi v\u0103zut \u00eentr-o proiec\u021bie special\u0103 la Teatrul Regina Maria din Oradea, vineri, 10 iunie, \u00eencep\u00e2nd cu ora 19.00. Regizorul Cristian Mungiu \u0219i actorul Kov\u00e1cs Levente Jr. Vor fi prezen\u021bi","twitter:creator":"@TRMOradea","twitter:image":"https:\/\/www.teatrulreginamaria.ro\/wp-content\/uploads\/2025\/03\/trm-istoric-01.jpg"},"aioseo_meta_data":{"post_id":"5147","title":null,"description":null,"keywords":null,"keyphrases":null,"primary_term":null,"canonical_url":null,"og_title":null,"og_description":null,"og_object_type":"default","og_image_type":"default","og_image_url":null,"og_image_width":null,"og_image_height":null,"og_image_custom_url":null,"og_image_custom_fields":null,"og_video":null,"og_custom_url":null,"og_article_section":null,"og_article_tags":null,"twitter_use_og":false,"twitter_card":"default","twitter_image_type":"default","twitter_image_url":null,"twitter_image_custom_url":null,"twitter_image_custom_fields":null,"twitter_title":null,"twitter_description":null,"schema":{"blockGraphs":[],"customGraphs":[],"default":{"data":{"Article":[],"Course":[],"Dataset":[],"FAQPage":[],"Movie":[],"Person":[],"Product":[],"ProductReview":[],"Car":[],"Recipe":[],"Service":[],"SoftwareApplication":[],"WebPage":[]},"graphName":"","isEnabled":true},"graphs":[]},"schema_type":"default","schema_type_options":null,"pillar_content":false,"robots_default":true,"robots_noindex":false,"robots_noarchive":false,"robots_nosnippet":false,"robots_nofollow":false,"robots_noimageindex":false,"robots_noodp":false,"robots_notranslate":false,"robots_max_snippet":null,"robots_max_videopreview":null,"robots_max_imagepreview":"large","priority":null,"frequency":null,"local_seo":null,"seo_analyzer_scan_date":"2026-05-13 02:58:01","breadcrumb_settings":null,"limit_modified_date":false,"reviewed_by":null,"open_ai":null,"ai":null,"created":"2025-04-09 17:42:44","updated":"2026-05-13 02:58:01","focus_keyword":null,"additional_keywords":null,"truseo_locale":null},"aioseo_breadcrumb":"<div class=\"aioseo-breadcrumbs\"><span class=\"aioseo-breadcrumb\">\n\t<a href=\"https:\/\/www.teatrulreginamaria.ro\/hu\" title=\"Home\">Home<\/a>\n<\/span><span class=\"aioseo-breadcrumb-separator\">&raquo;<\/span><span class=\"aioseo-breadcrumb\">\n\t<a href=\"https:\/\/www.teatrulreginamaria.ro\/hu\/categorie\/noutati\/\" title=\"Nout\u0103\u021bi\">Nout\u0103\u021bi<\/a>\n<\/span><span class=\"aioseo-breadcrumb-separator\">&raquo;<\/span><span class=\"aioseo-breadcrumb\">\n\t<a href=\"https:\/\/www.teatrulreginamaria.ro\/hu\/categorie\/noutati\/noutati-trupa-iosif-vulcan\/\" title=\"Nout\u0103\u021bi - Trupa Iosif Vulcan\">Nout\u0103\u021bi - Trupa Iosif Vulcan<\/a>\n<\/span><span class=\"aioseo-breadcrumb-separator\">&raquo;<\/span><span class=\"aioseo-breadcrumb\">\n\tCOMUNICAT DE PRES\u0102 | R.M.N., cel mai nou film al regizorului Cristian Mungiu, la Oradea\n<\/span><\/div>","aioseo_breadcrumb_json":[{"label":"Home","link":"https:\/\/www.teatrulreginamaria.ro\/hu"},{"label":"Nout\u0103\u021bi","link":"https:\/\/www.teatrulreginamaria.ro\/hu\/categorie\/noutati\/"},{"label":"Nout\u0103\u021bi - Trupa Iosif Vulcan","link":"https:\/\/www.teatrulreginamaria.ro\/hu\/categorie\/noutati\/noutati-trupa-iosif-vulcan\/"},{"label":"COMUNICAT DE PRES\u0102 | R.M.N., cel mai nou film al regizorului Cristian Mungiu, la Oradea","link":"https:\/\/www.teatrulreginamaria.ro\/hu\/comunicat-de-presa-r-m-n-cel-mai-nou-film-al-regizorului-cristian-mungiu-in-premiera-la-oradea\/"}],"acf":[],"_links":{"self":[{"href":"https:\/\/www.teatrulreginamaria.ro\/hu\/wp-json\/wp\/v2\/posts\/5147","targetHints":{"allow":["GET"]}}],"collection":[{"href":"https:\/\/www.teatrulreginamaria.ro\/hu\/wp-json\/wp\/v2\/posts"}],"about":[{"href":"https:\/\/www.teatrulreginamaria.ro\/hu\/wp-json\/wp\/v2\/types\/post"}],"author":[{"embeddable":true,"href":"https:\/\/www.teatrulreginamaria.ro\/hu\/wp-json\/wp\/v2\/users\/6"}],"replies":[{"embeddable":true,"href":"https:\/\/www.teatrulreginamaria.ro\/hu\/wp-json\/wp\/v2\/comments?post=5147"}],"version-history":[{"count":0,"href":"https:\/\/www.teatrulreginamaria.ro\/hu\/wp-json\/wp\/v2\/posts\/5147\/revisions"}],"wp:featuredmedia":[{"embeddable":true,"href":"https:\/\/www.teatrulreginamaria.ro\/hu\/wp-json\/wp\/v2\/media\/5145"}],"wp:attachment":[{"href":"https:\/\/www.teatrulreginamaria.ro\/hu\/wp-json\/wp\/v2\/media?parent=5147"}],"wp:term":[{"taxonomy":"category","embeddable":true,"href":"https:\/\/www.teatrulreginamaria.ro\/hu\/wp-json\/wp\/v2\/categories?post=5147"},{"taxonomy":"post_tag","embeddable":true,"href":"https:\/\/www.teatrulreginamaria.ro\/hu\/wp-json\/wp\/v2\/tags?post=5147"}],"curies":[{"name":"munkaf\u00fczet","href":"https:\/\/api.w.org\/{rel}","templated":true}]}}