{"id":5189,"date":"2022-08-31T10:36:38","date_gmt":"2022-08-31T10:36:38","guid":{"rendered":"https:\/\/teatrulreginamaria.ro\/2022\/08\/31\/invitatie-la-teatru-pentru-copiii-si-persoanele-cu-dizabilitati\/"},"modified":"2022-08-31T10:36:38","modified_gmt":"2022-08-31T10:36:38","slug":"meghivo-szinhazba-gyermekek-es-fogyatekkal-elok-szamara","status":"publish","type":"post","link":"https:\/\/www.teatrulreginamaria.ro\/hu\/invitatie-la-teatru-pentru-copiii-si-persoanele-cu-dizabilitati\/","title":{"rendered":"Megh\u00edv\u00f3 sz\u00ednh\u00e1zba gyermekek \u00e9s fogyat\u00e9kkal \u00e9l\u0151k sz\u00e1m\u00e1ra"},"content":{"rendered":"<p><strong>A minden \u00e9v szeptember 5-\u00e9n megtartott Nemzetk\u00f6zi J\u00f3t\u00e9konys\u00e1gi Nap alkalm\u00e1b\u00f3l k\u00e9t ingyenes el\u0151ad\u00e1sra ker\u00fcl sor fogyat\u00e9kkal \u00e9l\u0151 gyermekek \u00e9s serd\u00fcl\u0151k sz\u00e1m\u00e1ra a Regina Maria Sz\u00ednh\u00e1z nagyterm\u00e9ben. <\/strong><\/p>\n<p>A Regina Maria Sz\u00ednh\u00e1z minden t\u00e1rsulata egy el\u0151ad\u00e1ssal l\u00e9p fel a Nagyteremben, azzal a c\u00e9llal, hogy t\u00e1mogassa a nagyv\u00e1radi \u00e9s Bihar megyei fogyat\u00e9kkal \u00e9l\u0151 gyermekek \u00e9s fiatalok t\u00e1rsadalmi integr\u00e1ci\u00f3j\u00e1t. 11:00 \u00f3r\u00e1t\u00f3l a \u201eSz\u00e9ps\u00e9g \u00e9s a Sz\u00f6rnyeteg\u201d c\u00edm\u0171 el\u0151ad\u00e1sra ker\u00fcl sor, amelyben az Arcadia T\u00e1rsulat b\u00e1bosait l\u00e1thatj\u00e1k, 18:00 \u00f3r\u00e1t\u00f3l pedig a \u201eFrancia tan\u00e1rn\u0151\u201d c\u00edm\u0171 el\u0151ad\u00e1sra ker\u00fcl sor, amelyet a Iosif Vulcan T\u00e1rsulat sz\u00edn\u00e9szei adnak el\u0151.<\/p>\n<p><!--more--><\/p>\n<p>Ez az esem\u00e9nysorozat a Nagyv\u00e1rad \u00e9s Bihar megye fogyat\u00e9kkal \u00e9l\u0151 gyermekeinek \u00e9s fiataljainak t\u00e1rsadalmi integr\u00e1ci\u00f3j\u00e1t el\u0151seg\u00edt\u0151 program keret\u00e9ben ker\u00fcl megrendez\u00e9sre, amely program szabadid\u0151s \u00e9s sportesem\u00e9nyeket is tartalmazott (mint p\u00e9ld\u00e1ul a Rotary Bar\u00e1ts\u00e1g Vonat, vagy egy kajakoz\u00e1ssal egybek\u00f6t\u00f6tt piknik szervez\u00e9se a Merita-tavon Cheresigben). A kezdem\u00e9nyez\u00e9st a Bihari Fogyat\u00e9kkal \u00c9l\u0151k Sz\u00f6vets\u00e9ge, az ID Oradea Alliance (Integr\u00e1ljuk a Fogyat\u00e9koss\u00e1got Nagyv\u00e1radon) kezdem\u00e9nyezte a Nagyv\u00e1radi Rotary Klub, a Bihari Szkler\u00f3zis Multiplex Alap\u00edtv\u00e1ny \u00e9s a Nagyv\u00e1radi Filantr\u00f3pia Egyes\u00fclet k\u00f6zvet\u00edt\u00e9s\u00e9vel. Az \u201eID Oradea \u2013 el\u0151seg\u00edtj\u00fck a fogyat\u00e9kkal \u00e9l\u0151k integr\u00e1ci\u00f3j\u00e1t\u201d c\u00edm\u0171 projektet az SM Bihor Alap\u00edtv\u00e1ny koordin\u00e1lja, \u00e9s a Bihar Megyei Tan\u00e1cs t\u00e1rsfinansz\u00edrozza.<\/p>\n<p>A rendezv\u00e9ny ingyenes, a szabad helyek f\u00fcggv\u00e9ny\u00e9ben \u00e9s el\u0151zetes bejelentkez\u00e9s alapj\u00e1n l\u00e1togathat\u00f3. A k\u00e9t el\u0151ad\u00e1s b\u00e1rmelyik\u00e9n r\u00e9szt venni k\u00edv\u00e1n\u00f3 gyermekek \u00e9s fogyat\u00e9kkal \u00e9l\u0151k az al\u00e1bbiak szerint foglalhatj\u00e1k le hely\u00fcket:<\/p>\n<ul>\n<li>Telefonos foglal\u00e1s: 0770 338 963<\/li>\n<li>Online foglal\u00e1s a linken:\u00a0<a href=\"https:\/\/forms.gle\/pv8jvTHxPALsuSz6A\">https:\/\/forms.gle\/pv8jvTHxPALsuSz6A<\/a><\/li>\n<li>Foglal\u00e1s az ID Oradea Sz\u00f6vets\u00e9g egyik tagj\u00e1n\u00e1l:<\/li>\n<\/ul>\n<p>Bihori Mozg\u00e1ss\u00e9r\u00fcltek Egyes\u00fclete<br \/>DOWN Oradea Egyes\u00fclet<br \/>Rom\u00e1niai Siketek Orsz\u00e1gos Sz\u00f6vets\u00e9ge (Bihar megyei fi\u00f3ktelep)<br \/>Rom\u00e1n Vakok Egyes\u00fclete (Bihar megyei fi\u00f3ktelep)<br \/>Soha nem vagy egyed\u00fcl Egyes\u00fclet<br \/>PKU Life Romania Egyes\u00fclet (bihari fi\u00f3k)<br \/>Rom\u00e1n Szkler\u00f3zis Multiplex Egyes\u00fclet<br \/>SOS Autizmus Egyes\u00fclet Bihor<br \/>Bihori Szkler\u00f3zis Multiplex Alap\u00edtv\u00e1ny<\/p>\n<p>K\u00f6sz\u00f6nj\u00fck, \u00e9s v\u00e1rjuk \u00d6n\u00f6ket szeretettel a sz\u00ednh\u00e1zban!<\/p>","protected":false},"excerpt":{"rendered":"<p>Cu ocazia Zilei Interna\u021bionale a Carit\u0103\u021bii, marcat\u0103 \u00een fiecare an pe data de 5 septembrie, la Sala Mare a Teatrul Regina Maria vor avea loc dou\u0103 spectacole gratuite pentru copii \u0219i adolescen\u021bi cu dizabilit\u0103\u021bi. Fiecare trup\u0103 a Teatrului Regina Maria va sus\u021bine, la Sala Mare, c\u00e2te un spectacol, cu scopul de a sprijini integrarea social\u0103 [&hellip;]<\/p>\n","protected":false},"author":6,"featured_media":5186,"comment_status":"open","ping_status":"open","sticky":false,"template":"","format":"standard","meta":{"_acf_changed":false,"footnotes":""},"categories":[22],"tags":[],"class_list":["post-5189","post","type-post","status-publish","format-standard","has-post-thumbnail","hentry","category-noutati-trupa-iosif-vulcan"],"aioseo_notices":[],"aioseo_head":"\n\t\t<!-- All in One SEO Pro 5.0.1.1 - aioseo.com -->\n\t<meta name=\"description\" content=\"Cu ocazia Zilei Interna\u021bionale a Carit\u0103\u021bii, marcat\u0103 \u00een fiecare an pe data de 5 septembrie, la Sala Mare a Teatrul Regina Maria vor avea loc dou\u0103 spectacole gratuite pentru copii \u0219i adolescen\u021bi cu dizabilit\u0103\u021bi. Fiecare trup\u0103 a Teatrului Regina Maria va sus\u021bine, la Sala Mare, c\u00e2te un spectacol, cu scopul de a sprijini integrarea social\u0103\" \/>\n\t<meta name=\"robots\" content=\"max-image-preview:large\" \/>\n\t<meta name=\"author\" content=\"Teatrul Regina Maria\"\/>\n\t<link rel=\"canonical\" href=\"https:\/\/www.teatrulreginamaria.ro\/hu\/invitatie-la-teatru-pentru-copiii-si-persoanele-cu-dizabilitati\/\" \/>\n\t<meta name=\"generator\" content=\"All in One SEO Pro (AIOSEO) 5.0.1.1\" \/>\n\t\t<meta property=\"og:locale\" content=\"hu_HU\" \/>\n\t\t<meta property=\"og:site_name\" content=\"Teatrul Regina Maria Oradea - Trupa Iosif Vulcan \u0219i Trupa Arcadia\" \/>\n\t\t<meta property=\"og:type\" content=\"article\" \/>\n\t\t<meta property=\"og:title\" content=\"Invita\u021bie la teatru pentru copiii \u0219i persoanele cu dizabilit\u0103\u021bi - Teatrul Regina Maria Oradea\" \/>\n\t\t<meta property=\"og:description\" content=\"Cu ocazia Zilei Interna\u021bionale a Carit\u0103\u021bii, marcat\u0103 \u00een fiecare an pe data de 5 septembrie, la Sala Mare a Teatrul Regina Maria vor avea loc dou\u0103 spectacole gratuite pentru copii \u0219i adolescen\u021bi cu dizabilit\u0103\u021bi. Fiecare trup\u0103 a Teatrului Regina Maria va sus\u021bine, la Sala Mare, c\u00e2te un spectacol, cu scopul de a sprijini integrarea social\u0103\" \/>\n\t\t<meta property=\"og:url\" content=\"https:\/\/www.teatrulreginamaria.ro\/hu\/invitatie-la-teatru-pentru-copiii-si-persoanele-cu-dizabilitati\/\" \/>\n\t\t<meta property=\"og:image\" content=\"https:\/\/www.teatrulreginamaria.ro\/wp-content\/uploads\/2025\/03\/trm-istoric-01.jpg\" \/>\n\t\t<meta property=\"og:image:secure_url\" content=\"https:\/\/www.teatrulreginamaria.ro\/wp-content\/uploads\/2025\/03\/trm-istoric-01.jpg\" \/>\n\t\t<meta property=\"og:image:width\" content=\"1200\" \/>\n\t\t<meta property=\"og:image:height\" content=\"800\" \/>\n\t\t<meta property=\"article:published_time\" content=\"2022-08-31T10:36:38+00:00\" \/>\n\t\t<meta property=\"article:modified_time\" content=\"2022-08-31T10:36:38+00:00\" \/>\n\t\t<meta property=\"article:publisher\" content=\"https:\/\/www.facebook.com\/TRMTrupaIosifVulcan\/\" \/>\n\t\t<meta name=\"twitter:card\" content=\"summary_large_image\" \/>\n\t\t<meta name=\"twitter:site\" content=\"@TRMOradea\" \/>\n\t\t<meta name=\"twitter:title\" content=\"Invita\u021bie la teatru pentru copiii \u0219i persoanele cu dizabilit\u0103\u021bi - Teatrul Regina Maria Oradea\" \/>\n\t\t<meta name=\"twitter:description\" content=\"Cu ocazia Zilei Interna\u021bionale a Carit\u0103\u021bii, marcat\u0103 \u00een fiecare an pe data de 5 septembrie, la Sala Mare a Teatrul Regina Maria vor avea loc dou\u0103 spectacole gratuite pentru copii \u0219i adolescen\u021bi cu dizabilit\u0103\u021bi. Fiecare trup\u0103 a Teatrului Regina Maria va sus\u021bine, la Sala Mare, c\u00e2te un spectacol, cu scopul de a sprijini integrarea social\u0103\" \/>\n\t\t<meta name=\"twitter:creator\" content=\"@TRMOradea\" \/>\n\t\t<meta name=\"twitter:image\" content=\"https:\/\/www.teatrulreginamaria.ro\/wp-content\/uploads\/2025\/03\/trm-istoric-01.jpg\" \/>\n\t\t<script type=\"application\/ld+json\" class=\"aioseo-schema\">\n\t\t\t{\"@context\":\"https:\\\/\\\/schema.org\",\"@graph\":[{\"@type\":\"BlogPosting\",\"@id\":\"https:\\\/\\\/www.teatrulreginamaria.ro\\\/hu\\\/invitatie-la-teatru-pentru-copiii-si-persoanele-cu-dizabilitati\\\/#blogposting\",\"name\":\"Invita\\u021bie la teatru pentru copiii \\u0219i persoanele cu dizabilit\\u0103\\u021bi - Teatrul Regina Maria Oradea\",\"headline\":\"Invita\\u021bie la teatru pentru copiii \\u0219i persoanele cu dizabilit\\u0103\\u021bi\",\"author\":{\"@id\":\"https:\\\/\\\/www.teatrulreginamaria.ro\\\/hu\\\/author\\\/w3bmaster\\\/#author\"},\"publisher\":{\"@id\":\"https:\\\/\\\/www.teatrulreginamaria.ro\\\/hu\\\/#organization\"},\"image\":{\"@type\":\"ImageObject\",\"url\":\"https:\\\/\\\/www.teatrulreginamaria.ro\\\/wp-content\\\/uploads\\\/2022\\\/08\\\/ID_Oradea_teatru_5_septembrie_fr_link_1.png\",\"width\":2479,\"height\":1761},\"datePublished\":\"2022-08-31T10:36:38+03:00\",\"dateModified\":\"2022-08-31T10:36:38+03:00\",\"inLanguage\":\"hu-HU\",\"mainEntityOfPage\":{\"@id\":\"https:\\\/\\\/www.teatrulreginamaria.ro\\\/hu\\\/invitatie-la-teatru-pentru-copiii-si-persoanele-cu-dizabilitati\\\/#webpage\"},\"isPartOf\":{\"@id\":\"https:\\\/\\\/www.teatrulreginamaria.ro\\\/hu\\\/invitatie-la-teatru-pentru-copiii-si-persoanele-cu-dizabilitati\\\/#webpage\"},\"articleSection\":\"Nout\\u0103\\u021bi - Trupa Iosif Vulcan\"},{\"@type\":\"BreadcrumbList\",\"@id\":\"https:\\\/\\\/www.teatrulreginamaria.ro\\\/hu\\\/invitatie-la-teatru-pentru-copiii-si-persoanele-cu-dizabilitati\\\/#breadcrumblist\",\"itemListElement\":[{\"@type\":\"ListItem\",\"@id\":\"https:\\\/\\\/www.teatrulreginamaria.ro\\\/hu#listItem\",\"position\":1,\"name\":\"Home\",\"item\":\"https:\\\/\\\/www.teatrulreginamaria.ro\\\/hu\",\"nextItem\":{\"@type\":\"ListItem\",\"@id\":\"https:\\\/\\\/www.teatrulreginamaria.ro\\\/hu\\\/categorie\\\/noutati\\\/#listItem\",\"name\":\"Nout\\u0103\\u021bi\"}},{\"@type\":\"ListItem\",\"@id\":\"https:\\\/\\\/www.teatrulreginamaria.ro\\\/hu\\\/categorie\\\/noutati\\\/#listItem\",\"position\":2,\"name\":\"Nout\\u0103\\u021bi\",\"item\":\"https:\\\/\\\/www.teatrulreginamaria.ro\\\/hu\\\/categorie\\\/noutati\\\/\",\"nextItem\":{\"@type\":\"ListItem\",\"@id\":\"https:\\\/\\\/www.teatrulreginamaria.ro\\\/hu\\\/categorie\\\/noutati\\\/noutati-trupa-iosif-vulcan\\\/#listItem\",\"name\":\"Nout\\u0103\\u021bi - Trupa Iosif Vulcan\"},\"previousItem\":{\"@type\":\"ListItem\",\"@id\":\"https:\\\/\\\/www.teatrulreginamaria.ro\\\/hu#listItem\",\"name\":\"Home\"}},{\"@type\":\"ListItem\",\"@id\":\"https:\\\/\\\/www.teatrulreginamaria.ro\\\/hu\\\/categorie\\\/noutati\\\/noutati-trupa-iosif-vulcan\\\/#listItem\",\"position\":3,\"name\":\"Nout\\u0103\\u021bi - Trupa Iosif Vulcan\",\"item\":\"https:\\\/\\\/www.teatrulreginamaria.ro\\\/hu\\\/categorie\\\/noutati\\\/noutati-trupa-iosif-vulcan\\\/\",\"nextItem\":{\"@type\":\"ListItem\",\"@id\":\"https:\\\/\\\/www.teatrulreginamaria.ro\\\/hu\\\/invitatie-la-teatru-pentru-copiii-si-persoanele-cu-dizabilitati\\\/#listItem\",\"name\":\"Invita\\u021bie la teatru pentru copiii \\u0219i persoanele cu dizabilit\\u0103\\u021bi\"},\"previousItem\":{\"@type\":\"ListItem\",\"@id\":\"https:\\\/\\\/www.teatrulreginamaria.ro\\\/hu\\\/categorie\\\/noutati\\\/#listItem\",\"name\":\"Nout\\u0103\\u021bi\"}},{\"@type\":\"ListItem\",\"@id\":\"https:\\\/\\\/www.teatrulreginamaria.ro\\\/hu\\\/invitatie-la-teatru-pentru-copiii-si-persoanele-cu-dizabilitati\\\/#listItem\",\"position\":4,\"name\":\"Invita\\u021bie la teatru pentru copiii \\u0219i persoanele cu dizabilit\\u0103\\u021bi\",\"previousItem\":{\"@type\":\"ListItem\",\"@id\":\"https:\\\/\\\/www.teatrulreginamaria.ro\\\/hu\\\/categorie\\\/noutati\\\/noutati-trupa-iosif-vulcan\\\/#listItem\",\"name\":\"Nout\\u0103\\u021bi - Trupa Iosif Vulcan\"}}]},{\"@type\":\"Organization\",\"@id\":\"https:\\\/\\\/www.teatrulreginamaria.ro\\\/hu\\\/#organization\",\"name\":\"Teatrul Regina Maria Oradea\",\"description\":\"Trupa Iosif Vulcan \\u0219i Trupa Arcadia\",\"url\":\"https:\\\/\\\/www.teatrulreginamaria.ro\\\/hu\\\/\",\"email\":\"marketing@teatrulreginamaria.ro\",\"telephone\":\"+40359411534\",\"numberOfEmployees\":{\"@type\":\"QuantitativeValue\",\"minValue\":0,\"maxValue\":150},\"logo\":{\"@type\":\"ImageObject\",\"url\":\"https:\\\/\\\/www.teatrulreginamaria.ro\\\/wp-content\\\/uploads\\\/2025\\\/06\\\/logo-trm-01-dark.png\",\"@id\":\"https:\\\/\\\/www.teatrulreginamaria.ro\\\/hu\\\/invitatie-la-teatru-pentru-copiii-si-persoanele-cu-dizabilitati\\\/#organizationLogo\",\"width\":300,\"height\":148},\"image\":{\"@id\":\"https:\\\/\\\/www.teatrulreginamaria.ro\\\/hu\\\/invitatie-la-teatru-pentru-copiii-si-persoanele-cu-dizabilitati\\\/#organizationLogo\"},\"sameAs\":[\"https:\\\/\\\/www.facebook.com\\\/TRMTrupaIosifVulcan\\\/\",\"https:\\\/\\\/x.com\\\/TRMOradea\",\"https:\\\/\\\/www.instagram.com\\\/teatrul_regina_maria\\\/\",\"https:\\\/\\\/www.youtube.com\\\/c\\\/TeatrulReginaMariaOradea\",\"https:\\\/\\\/www.linkedin.com\\\/company\\\/teatrul-regina-maria\"]},{\"@type\":\"Person\",\"@id\":\"https:\\\/\\\/www.teatrulreginamaria.ro\\\/hu\\\/author\\\/w3bmaster\\\/#author\",\"url\":\"https:\\\/\\\/www.teatrulreginamaria.ro\\\/hu\\\/author\\\/w3bmaster\\\/\",\"name\":\"Teatrul Regina Maria\",\"image\":{\"@type\":\"ImageObject\",\"@id\":\"https:\\\/\\\/www.teatrulreginamaria.ro\\\/hu\\\/invitatie-la-teatru-pentru-copiii-si-persoanele-cu-dizabilitati\\\/#authorImage\",\"url\":\"https:\\\/\\\/secure.gravatar.com\\\/avatar\\\/5884139d508ae3f0bafe45e60563b48a9640146d3b08ccc6278c305ff9329305?s=96&d=mm&r=g\",\"width\":96,\"height\":96,\"caption\":\"Teatrul Regina Maria\"}},{\"@type\":\"WebPage\",\"@id\":\"https:\\\/\\\/www.teatrulreginamaria.ro\\\/hu\\\/invitatie-la-teatru-pentru-copiii-si-persoanele-cu-dizabilitati\\\/#webpage\",\"url\":\"https:\\\/\\\/www.teatrulreginamaria.ro\\\/hu\\\/invitatie-la-teatru-pentru-copiii-si-persoanele-cu-dizabilitati\\\/\",\"name\":\"Invita\\u021bie la teatru pentru copiii \\u0219i persoanele cu dizabilit\\u0103\\u021bi - Teatrul Regina Maria Oradea\",\"description\":\"Cu ocazia Zilei Interna\\u021bionale a Carit\\u0103\\u021bii, marcat\\u0103 \\u00een fiecare an pe data de 5 septembrie, la Sala Mare a Teatrul Regina Maria vor avea loc dou\\u0103 spectacole gratuite pentru copii \\u0219i adolescen\\u021bi cu dizabilit\\u0103\\u021bi. Fiecare trup\\u0103 a Teatrului Regina Maria va sus\\u021bine, la Sala Mare, c\\u00e2te un spectacol, cu scopul de a sprijini integrarea social\\u0103\",\"inLanguage\":\"hu-HU\",\"isPartOf\":{\"@id\":\"https:\\\/\\\/www.teatrulreginamaria.ro\\\/hu\\\/#website\"},\"breadcrumb\":{\"@id\":\"https:\\\/\\\/www.teatrulreginamaria.ro\\\/hu\\\/invitatie-la-teatru-pentru-copiii-si-persoanele-cu-dizabilitati\\\/#breadcrumblist\"},\"author\":{\"@id\":\"https:\\\/\\\/www.teatrulreginamaria.ro\\\/hu\\\/author\\\/w3bmaster\\\/#author\"},\"creator\":{\"@id\":\"https:\\\/\\\/www.teatrulreginamaria.ro\\\/hu\\\/author\\\/w3bmaster\\\/#author\"},\"image\":{\"@type\":\"ImageObject\",\"url\":\"https:\\\/\\\/www.teatrulreginamaria.ro\\\/wp-content\\\/uploads\\\/2022\\\/08\\\/ID_Oradea_teatru_5_septembrie_fr_link_1.png\",\"@id\":\"https:\\\/\\\/www.teatrulreginamaria.ro\\\/hu\\\/invitatie-la-teatru-pentru-copiii-si-persoanele-cu-dizabilitati\\\/#mainImage\",\"width\":2479,\"height\":1761},\"primaryImageOfPage\":{\"@id\":\"https:\\\/\\\/www.teatrulreginamaria.ro\\\/hu\\\/invitatie-la-teatru-pentru-copiii-si-persoanele-cu-dizabilitati\\\/#mainImage\"},\"datePublished\":\"2022-08-31T10:36:38+03:00\",\"dateModified\":\"2022-08-31T10:36:38+03:00\"},{\"@type\":\"WebSite\",\"@id\":\"https:\\\/\\\/www.teatrulreginamaria.ro\\\/hu\\\/#website\",\"url\":\"https:\\\/\\\/www.teatrulreginamaria.ro\\\/hu\\\/\",\"name\":\"Teatrul Regina Maria Oradea\",\"alternateName\":\"TRM Oradea\",\"description\":\"Trupa Iosif Vulcan \\u0219i Trupa Arcadia\",\"inLanguage\":\"hu-HU\",\"publisher\":{\"@id\":\"https:\\\/\\\/www.teatrulreginamaria.ro\\\/hu\\\/#organization\"}}]}\n\t\t<\/script>\n\t\t<!-- All in One SEO Pro -->\r\n\t\t<title>Invita\u021bie la teatru pentru copiii \u0219i persoanele cu dizabilit\u0103\u021bi - Teatrul Regina Maria Oradea<\/title>\n\n","aioseo_head_json":{"title":"Megh\u00edv\u00f3 a gyermek- \u00e9s fogyat\u00e9kkal \u00e9l\u0151 sz\u00ednh\u00e1zba - Regina Maria Sz\u00ednh\u00e1z Nagyv\u00e1radon","description":"A minden \u00e9v szeptember 5-\u00e9n megtartott nemzetk\u00f6zi j\u00f3t\u00e9konys\u00e1gi nap alkalm\u00e1b\u00f3l k\u00e9t ingyenes el\u0151ad\u00e1st rendeznek fogyat\u00e9kkal \u00e9l\u0151 gyermekek \u00e9s serd\u00fcl\u0151k sz\u00e1m\u00e1ra a Regina Maria Sz\u00ednh\u00e1z nagyterm\u00e9ben. A Regina Maria Sz\u00ednh\u00e1z minden t\u00e1rsulata egy el\u0151ad\u00e1st mutat be a nagyteremben, a t\u00e1rsadalmi integr\u00e1ci\u00f3 t\u00e1mogat\u00e1sa c\u00e9lj\u00e1b\u00f3l.","canonical_url":"https:\/\/www.teatrulreginamaria.ro\/hu\/invitatie-la-teatru-pentru-copiii-si-persoanele-cu-dizabilitati\/","robots":"max-image-preview:large","keywords":"","webmasterTools":{"miscellaneous":""},"schema":{"@context":"https:\/\/schema.org","@graph":[{"@type":"BlogPosting","@id":"https:\/\/www.teatrulreginamaria.ro\/hu\/invitatie-la-teatru-pentru-copiii-si-persoanele-cu-dizabilitati\/#blogposting","name":"Invita\u021bie la teatru pentru copiii \u0219i persoanele cu dizabilit\u0103\u021bi - Teatrul Regina Maria Oradea","headline":"Invita\u021bie la teatru pentru copiii \u0219i persoanele cu dizabilit\u0103\u021bi","author":{"@id":"https:\/\/www.teatrulreginamaria.ro\/hu\/author\/w3bmaster\/#author"},"publisher":{"@id":"https:\/\/www.teatrulreginamaria.ro\/hu\/#organization"},"image":{"@type":"ImageObject","url":"https:\/\/www.teatrulreginamaria.ro\/wp-content\/uploads\/2022\/08\/ID_Oradea_teatru_5_septembrie_fr_link_1.png","width":2479,"height":1761},"datePublished":"2022-08-31T10:36:38+03:00","dateModified":"2022-08-31T10:36:38+03:00","inLanguage":"hu-HU","mainEntityOfPage":{"@id":"https:\/\/www.teatrulreginamaria.ro\/hu\/invitatie-la-teatru-pentru-copiii-si-persoanele-cu-dizabilitati\/#webpage"},"isPartOf":{"@id":"https:\/\/www.teatrulreginamaria.ro\/hu\/invitatie-la-teatru-pentru-copiii-si-persoanele-cu-dizabilitati\/#webpage"},"articleSection":"Nout\u0103\u021bi - Trupa Iosif Vulcan"},{"@type":"BreadcrumbList","@id":"https:\/\/www.teatrulreginamaria.ro\/hu\/invitatie-la-teatru-pentru-copiii-si-persoanele-cu-dizabilitati\/#breadcrumblist","itemListElement":[{"@type":"ListItem","@id":"https:\/\/www.teatrulreginamaria.ro\/hu#listItem","position":1,"name":"Home","item":"https:\/\/www.teatrulreginamaria.ro\/hu","nextItem":{"@type":"ListItem","@id":"https:\/\/www.teatrulreginamaria.ro\/hu\/categorie\/noutati\/#listItem","name":"Nout\u0103\u021bi"}},{"@type":"ListItem","@id":"https:\/\/www.teatrulreginamaria.ro\/hu\/categorie\/noutati\/#listItem","position":2,"name":"Nout\u0103\u021bi","item":"https:\/\/www.teatrulreginamaria.ro\/hu\/categorie\/noutati\/","nextItem":{"@type":"ListItem","@id":"https:\/\/www.teatrulreginamaria.ro\/hu\/categorie\/noutati\/noutati-trupa-iosif-vulcan\/#listItem","name":"Nout\u0103\u021bi - Trupa Iosif Vulcan"},"previousItem":{"@type":"ListItem","@id":"https:\/\/www.teatrulreginamaria.ro\/hu#listItem","name":"Home"}},{"@type":"ListItem","@id":"https:\/\/www.teatrulreginamaria.ro\/hu\/categorie\/noutati\/noutati-trupa-iosif-vulcan\/#listItem","position":3,"name":"Nout\u0103\u021bi - Trupa Iosif Vulcan","item":"https:\/\/www.teatrulreginamaria.ro\/hu\/categorie\/noutati\/noutati-trupa-iosif-vulcan\/","nextItem":{"@type":"ListItem","@id":"https:\/\/www.teatrulreginamaria.ro\/hu\/invitatie-la-teatru-pentru-copiii-si-persoanele-cu-dizabilitati\/#listItem","name":"Invita\u021bie la teatru pentru copiii \u0219i persoanele cu dizabilit\u0103\u021bi"},"previousItem":{"@type":"ListItem","@id":"https:\/\/www.teatrulreginamaria.ro\/hu\/categorie\/noutati\/#listItem","name":"Nout\u0103\u021bi"}},{"@type":"ListItem","@id":"https:\/\/www.teatrulreginamaria.ro\/hu\/invitatie-la-teatru-pentru-copiii-si-persoanele-cu-dizabilitati\/#listItem","position":4,"name":"Invita\u021bie la teatru pentru copiii \u0219i persoanele cu dizabilit\u0103\u021bi","previousItem":{"@type":"ListItem","@id":"https:\/\/www.teatrulreginamaria.ro\/hu\/categorie\/noutati\/noutati-trupa-iosif-vulcan\/#listItem","name":"Nout\u0103\u021bi - Trupa Iosif Vulcan"}}]},{"@type":"Organization","@id":"https:\/\/www.teatrulreginamaria.ro\/hu\/#organization","name":"Teatrul Regina Maria Oradea","description":"Trupa Iosif Vulcan \u0219i Trupa Arcadia","url":"https:\/\/www.teatrulreginamaria.ro\/hu\/","email":"marketing@teatrulreginamaria.ro","telephone":"+40359411534","numberOfEmployees":{"@type":"QuantitativeValue","minValue":0,"maxValue":150},"logo":{"@type":"ImageObject","url":"https:\/\/www.teatrulreginamaria.ro\/wp-content\/uploads\/2025\/06\/logo-trm-01-dark.png","@id":"https:\/\/www.teatrulreginamaria.ro\/hu\/invitatie-la-teatru-pentru-copiii-si-persoanele-cu-dizabilitati\/#organizationLogo","width":300,"height":148},"image":{"@id":"https:\/\/www.teatrulreginamaria.ro\/hu\/invitatie-la-teatru-pentru-copiii-si-persoanele-cu-dizabilitati\/#organizationLogo"},"sameAs":["https:\/\/www.facebook.com\/TRMTrupaIosifVulcan\/","https:\/\/x.com\/TRMOradea","https:\/\/www.instagram.com\/teatrul_regina_maria\/","https:\/\/www.youtube.com\/c\/TeatrulReginaMariaOradea","https:\/\/www.linkedin.com\/company\/teatrul-regina-maria"]},{"@type":"Person","@id":"https:\/\/www.teatrulreginamaria.ro\/hu\/author\/w3bmaster\/#author","url":"https:\/\/www.teatrulreginamaria.ro\/hu\/author\/w3bmaster\/","name":"Teatrul Regina Maria","image":{"@type":"ImageObject","@id":"https:\/\/www.teatrulreginamaria.ro\/hu\/invitatie-la-teatru-pentru-copiii-si-persoanele-cu-dizabilitati\/#authorImage","url":"https:\/\/secure.gravatar.com\/avatar\/5884139d508ae3f0bafe45e60563b48a9640146d3b08ccc6278c305ff9329305?s=96&d=mm&r=g","width":96,"height":96,"caption":"Teatrul Regina Maria"}},{"@type":"WebPage","@id":"https:\/\/www.teatrulreginamaria.ro\/hu\/invitatie-la-teatru-pentru-copiii-si-persoanele-cu-dizabilitati\/#webpage","url":"https:\/\/www.teatrulreginamaria.ro\/hu\/invitatie-la-teatru-pentru-copiii-si-persoanele-cu-dizabilitati\/","name":"Invita\u021bie la teatru pentru copiii \u0219i persoanele cu dizabilit\u0103\u021bi - Teatrul Regina Maria Oradea","description":"Cu ocazia Zilei Interna\u021bionale a Carit\u0103\u021bii, marcat\u0103 \u00een fiecare an pe data de 5 septembrie, la Sala Mare a Teatrul Regina Maria vor avea loc dou\u0103 spectacole gratuite pentru copii \u0219i adolescen\u021bi cu dizabilit\u0103\u021bi. Fiecare trup\u0103 a Teatrului Regina Maria va sus\u021bine, la Sala Mare, c\u00e2te un spectacol, cu scopul de a sprijini integrarea social\u0103","inLanguage":"hu-HU","isPartOf":{"@id":"https:\/\/www.teatrulreginamaria.ro\/hu\/#website"},"breadcrumb":{"@id":"https:\/\/www.teatrulreginamaria.ro\/hu\/invitatie-la-teatru-pentru-copiii-si-persoanele-cu-dizabilitati\/#breadcrumblist"},"author":{"@id":"https:\/\/www.teatrulreginamaria.ro\/hu\/author\/w3bmaster\/#author"},"creator":{"@id":"https:\/\/www.teatrulreginamaria.ro\/hu\/author\/w3bmaster\/#author"},"image":{"@type":"ImageObject","url":"https:\/\/www.teatrulreginamaria.ro\/wp-content\/uploads\/2022\/08\/ID_Oradea_teatru_5_septembrie_fr_link_1.png","@id":"https:\/\/www.teatrulreginamaria.ro\/hu\/invitatie-la-teatru-pentru-copiii-si-persoanele-cu-dizabilitati\/#mainImage","width":2479,"height":1761},"primaryImageOfPage":{"@id":"https:\/\/www.teatrulreginamaria.ro\/hu\/invitatie-la-teatru-pentru-copiii-si-persoanele-cu-dizabilitati\/#mainImage"},"datePublished":"2022-08-31T10:36:38+03:00","dateModified":"2022-08-31T10:36:38+03:00"},{"@type":"WebSite","@id":"https:\/\/www.teatrulreginamaria.ro\/hu\/#website","url":"https:\/\/www.teatrulreginamaria.ro\/hu\/","name":"Teatrul Regina Maria Oradea","alternateName":"TRM Oradea","description":"Trupa Iosif Vulcan \u0219i Trupa Arcadia","inLanguage":"hu-HU","publisher":{"@id":"https:\/\/www.teatrulreginamaria.ro\/hu\/#organization"}}]},"og:locale":"hu_HU","og:site_name":"Teatrul Regina Maria Oradea - Trupa Iosif Vulcan \u0219i Trupa Arcadia","og:type":"article","og:title":"Invita\u021bie la teatru pentru copiii \u0219i persoanele cu dizabilit\u0103\u021bi - Teatrul Regina Maria Oradea","og:description":"Cu ocazia Zilei Interna\u021bionale a Carit\u0103\u021bii, marcat\u0103 \u00een fiecare an pe data de 5 septembrie, la Sala Mare a Teatrul Regina Maria vor avea loc dou\u0103 spectacole gratuite pentru copii \u0219i adolescen\u021bi cu dizabilit\u0103\u021bi. Fiecare trup\u0103 a Teatrului Regina Maria va sus\u021bine, la Sala Mare, c\u00e2te un spectacol, cu scopul de a sprijini integrarea social\u0103","og:url":"https:\/\/www.teatrulreginamaria.ro\/hu\/invitatie-la-teatru-pentru-copiii-si-persoanele-cu-dizabilitati\/","og:image":"https:\/\/www.teatrulreginamaria.ro\/wp-content\/uploads\/2025\/03\/trm-istoric-01.jpg","og:image:secure_url":"https:\/\/www.teatrulreginamaria.ro\/wp-content\/uploads\/2025\/03\/trm-istoric-01.jpg","og:image:width":1200,"og:image:height":800,"article:published_time":"2022-08-31T10:36:38+00:00","article:modified_time":"2022-08-31T10:36:38+00:00","article:publisher":"https:\/\/www.facebook.com\/TRMTrupaIosifVulcan\/","twitter:card":"summary_large_image","twitter:site":"@TRMOradea","twitter:title":"Invita\u021bie la teatru pentru copiii \u0219i persoanele cu dizabilit\u0103\u021bi - Teatrul Regina Maria Oradea","twitter:description":"Cu ocazia Zilei Interna\u021bionale a Carit\u0103\u021bii, marcat\u0103 \u00een fiecare an pe data de 5 septembrie, la Sala Mare a Teatrul Regina Maria vor avea loc dou\u0103 spectacole gratuite pentru copii \u0219i adolescen\u021bi cu dizabilit\u0103\u021bi. Fiecare trup\u0103 a Teatrului Regina Maria va sus\u021bine, la Sala Mare, c\u00e2te un spectacol, cu scopul de a sprijini integrarea social\u0103","twitter:creator":"@TRMOradea","twitter:image":"https:\/\/www.teatrulreginamaria.ro\/wp-content\/uploads\/2025\/03\/trm-istoric-01.jpg"},"aioseo_meta_data":{"post_id":"5189","title":null,"description":null,"keywords":null,"keyphrases":null,"primary_term":null,"canonical_url":null,"og_title":null,"og_description":null,"og_object_type":"default","og_image_type":"default","og_image_url":null,"og_image_width":null,"og_image_height":null,"og_image_custom_url":null,"og_image_custom_fields":null,"og_video":null,"og_custom_url":null,"og_article_section":null,"og_article_tags":null,"twitter_use_og":false,"twitter_card":"default","twitter_image_type":"default","twitter_image_url":null,"twitter_image_custom_url":null,"twitter_image_custom_fields":null,"twitter_title":null,"twitter_description":null,"schema":{"blockGraphs":[],"customGraphs":[],"default":{"data":{"Article":[],"Course":[],"Dataset":[],"FAQPage":[],"Movie":[],"Person":[],"Product":[],"ProductReview":[],"Car":[],"Recipe":[],"Service":[],"SoftwareApplication":[],"WebPage":[]},"graphName":"","isEnabled":true},"graphs":[]},"schema_type":"default","schema_type_options":null,"pillar_content":false,"robots_default":true,"robots_noindex":false,"robots_noarchive":false,"robots_nosnippet":false,"robots_nofollow":false,"robots_noimageindex":false,"robots_noodp":false,"robots_notranslate":false,"robots_max_snippet":null,"robots_max_videopreview":null,"robots_max_imagepreview":"large","priority":null,"frequency":null,"local_seo":null,"seo_analyzer_scan_date":"2026-05-13 02:58:04","breadcrumb_settings":null,"limit_modified_date":false,"reviewed_by":null,"open_ai":null,"ai":null,"created":"2025-04-09 17:42:44","updated":"2026-05-13 02:58:04","focus_keyword":null,"additional_keywords":null,"truseo_locale":null},"aioseo_breadcrumb":"<div class=\"aioseo-breadcrumbs\"><span class=\"aioseo-breadcrumb\">\n\t<a href=\"https:\/\/www.teatrulreginamaria.ro\/hu\" title=\"Home\">Home<\/a>\n<\/span><span class=\"aioseo-breadcrumb-separator\">&raquo;<\/span><span class=\"aioseo-breadcrumb\">\n\t<a href=\"https:\/\/www.teatrulreginamaria.ro\/hu\/categorie\/noutati\/\" title=\"Nout\u0103\u021bi\">Nout\u0103\u021bi<\/a>\n<\/span><span class=\"aioseo-breadcrumb-separator\">&raquo;<\/span><span class=\"aioseo-breadcrumb\">\n\t<a href=\"https:\/\/www.teatrulreginamaria.ro\/hu\/categorie\/noutati\/noutati-trupa-iosif-vulcan\/\" title=\"Nout\u0103\u021bi - Trupa Iosif Vulcan\">Nout\u0103\u021bi - Trupa Iosif Vulcan<\/a>\n<\/span><span class=\"aioseo-breadcrumb-separator\">&raquo;<\/span><span class=\"aioseo-breadcrumb\">\n\tInvita\u021bie la teatru pentru copiii \u0219i persoanele cu dizabilit\u0103\u021bi\n<\/span><\/div>","aioseo_breadcrumb_json":[{"label":"Home","link":"https:\/\/www.teatrulreginamaria.ro\/hu"},{"label":"Nout\u0103\u021bi","link":"https:\/\/www.teatrulreginamaria.ro\/hu\/categorie\/noutati\/"},{"label":"Nout\u0103\u021bi - Trupa Iosif Vulcan","link":"https:\/\/www.teatrulreginamaria.ro\/hu\/categorie\/noutati\/noutati-trupa-iosif-vulcan\/"},{"label":"Invita\u021bie la teatru pentru copiii \u0219i persoanele cu dizabilit\u0103\u021bi","link":"https:\/\/www.teatrulreginamaria.ro\/hu\/invitatie-la-teatru-pentru-copiii-si-persoanele-cu-dizabilitati\/"}],"acf":[],"_links":{"self":[{"href":"https:\/\/www.teatrulreginamaria.ro\/hu\/wp-json\/wp\/v2\/posts\/5189","targetHints":{"allow":["GET"]}}],"collection":[{"href":"https:\/\/www.teatrulreginamaria.ro\/hu\/wp-json\/wp\/v2\/posts"}],"about":[{"href":"https:\/\/www.teatrulreginamaria.ro\/hu\/wp-json\/wp\/v2\/types\/post"}],"author":[{"embeddable":true,"href":"https:\/\/www.teatrulreginamaria.ro\/hu\/wp-json\/wp\/v2\/users\/6"}],"replies":[{"embeddable":true,"href":"https:\/\/www.teatrulreginamaria.ro\/hu\/wp-json\/wp\/v2\/comments?post=5189"}],"version-history":[{"count":0,"href":"https:\/\/www.teatrulreginamaria.ro\/hu\/wp-json\/wp\/v2\/posts\/5189\/revisions"}],"wp:featuredmedia":[{"embeddable":true,"href":"https:\/\/www.teatrulreginamaria.ro\/hu\/wp-json\/wp\/v2\/media\/5186"}],"wp:attachment":[{"href":"https:\/\/www.teatrulreginamaria.ro\/hu\/wp-json\/wp\/v2\/media?parent=5189"}],"wp:term":[{"taxonomy":"category","embeddable":true,"href":"https:\/\/www.teatrulreginamaria.ro\/hu\/wp-json\/wp\/v2\/categories?post=5189"},{"taxonomy":"post_tag","embeddable":true,"href":"https:\/\/www.teatrulreginamaria.ro\/hu\/wp-json\/wp\/v2\/tags?post=5189"}],"curies":[{"name":"munkaf\u00fczet","href":"https:\/\/api.w.org\/{rel}","templated":true}]}}