{"id":5254,"date":"2022-11-24T11:42:26","date_gmt":"2022-11-24T11:42:26","guid":{"rendered":"https:\/\/teatrulreginamaria.ro\/2022\/11\/24\/comunicat-de-presa-craciun-in-tinutul-papusilor-trupa-arcadia\/"},"modified":"2022-11-24T11:42:26","modified_gmt":"2022-11-24T11:42:26","slug":"sajtokozlemeny-karacsony-a-babak-foldjen-arcadia-zenekar","status":"publish","type":"post","link":"https:\/\/www.teatrulreginamaria.ro\/hu\/comunicat-de-presa-craciun-in-tinutul-papusilor-trupa-arcadia\/","title":{"rendered":"Kar\u00e1csony a bab\u00e1k f\u00f6ldj\u00e9n_Arcadia Troupe"},"content":{"rendered":"<p><strong>A Regina Maria Sz\u00ednh\u00e1z Arcadia t\u00e1rsulata egy \u00faj fesztiv\u00e1lra k\u00e9sz\u00fcl: a \u201eKar\u00e1csony a b\u00e1bok f\u00f6ldj\u00e9n\u201d-re, amely 2022. december 4. \u00e9s 22. k\u00f6z\u00f6tt ker\u00fcl megrendez\u00e9sre az Arcadia Sz\u00ednh\u00e1zban. \u00dajrafeldolgoz\u00e1s, vend\u00e9gel\u0151ad\u00e1sok, mesemond\u00f3 workshopok, kar\u00e1csonyi \u00e9nekek \u00e9s dekor\u00e1ci\u00f3k, valamint a Mikul\u00e1ssal val\u00f3 tal\u00e1lkoz\u00e1sok teszik teljess\u00e9 a fesztiv\u00e1l programj\u00e1t \u00e9s teremtenek var\u00e1zslatos hangulatot.<\/strong><\/p>\n<p><!--more--><\/p>\n<p>A Bab\u00e1k Orsz\u00e1ga megnyitja var\u00e1zslatos kapuit a fiatal n\u00e9z\u0151k el\u0151tt egy t\u00e9li, f\u00e9nyekb\u0151l \u00e9s \u00e1rny\u00e9kokb\u00f3l alkotott el\u0151ad\u00e1ssal: \u201eA H\u00f3kir\u00e1lyn\u0151 \u00e9s az elvar\u00e1zsolt t\u00fck\u00f6r\u201d, majd j\u00e1t\u00e9kos hangv\u00e9tellel folytatja tematikus \u00e9s b\u00e1bel\u0151ad\u00e1sokkal. Ezek k\u00f6z\u00f6tt szerepel a \u201eMikul\u00e1s sz\u00e1nja\u201d c\u00edm\u0171 el\u0151ad\u00e1s feldolgoz\u00e1sa, amely Andreea Costea sz\u00f6vege alapj\u00e1n k\u00e9sz\u00fclt, Igor Lungu rendez\u00e9s\u00e9ben, \u00e9s amely a gyermekkor halhatatlan t\u00f6rt\u00e9netein kalauzol v\u00e9gig minket, \u00faj perspekt\u00edv\u00e1b\u00f3l mutatva be a mes\u00e9k negat\u00edv szerepl\u0151it, akiket j\u00f3 cselekedetekre h\u00edvnak fel a kar\u00e1csony megment\u00e9se \u00e9rdek\u00e9ben.<\/p>\n<p>A fesztiv\u00e1l programj\u00e1t h\u00e1rom vend\u00e9gel\u0151ad\u00e1s is gazdag\u00edtja. A temesv\u00e1ri &quot;Merlin&quot; Gyermek- \u00e9s Ifj\u00fas\u00e1gi Sz\u00ednh\u00e1z a &quot;Piroska \u00e9s a farkas \u00faj t\u00f6rt\u00e9nete&quot; c\u00edm\u0171 el\u0151ad\u00e1ssal v\u00e1rja a k\u00f6z\u00f6ns\u00e9get, a kolozsv\u00e1ri &quot;Puck&quot; B\u00e1bsz\u00ednh\u00e1z a &quot;Csizm\u00e1s kand\u00far&quot; c\u00edm\u0171 el\u0151ad\u00e1ssal, a Szigligeti Sz\u00ednh\u00e1z Liliput t\u00e1rsulata pedig a &quot;Keszty\u0171k \u00e9s l\u00e1bujjak&quot; c\u00edm\u0171 el\u0151ad\u00e1ssal v\u00e1rja a 0-3 \u00e9ves kisgyermekeket.<\/p>\n<p>A sz\u00f3rakoztat\u00f3 \u00e9s oktat\u00f3 jelleg\u0171 el\u0151ad\u00e1sok mellett b\u00e1bosok, k\u00e9pzett k\u00e9zm\u0171vesek v\u00e1rnak minket j\u00e1t\u00e9kra \u00e9s j\u00e1t\u00e9kra, valamint gyermekfoglalkoz\u00e1sok sorozat\u00e1ra, melyek c\u00e9lja a kreat\u00edv k\u00e9szs\u00e9gek fejleszt\u00e9se: sz\u00edn\u00e9szi, zenei \u00e9s gyakorlati. A \u201eKar\u00e1csonyi t\u00f6rt\u00e9netek b\u00e1bokkal\u201d c\u00edm\u0171 foglalkoz\u00e1sok interakt\u00edv \u00e9s sz\u00f3rakoztat\u00f3 m\u00f3don k\u00edn\u00e1lj\u00e1k a meseolvas\u00e1st, ahol a gyerekek n\u00e9z\u0151b\u0151l sz\u00edn\u00e9szekk\u00e9 v\u00e1ltoznak, \u00e9s kis szerepeket t\u00f6ltenek be az olvas\u00e1s sor\u00e1n. A Kar\u00e1csonyi \u00e9nekm\u0171helyben a kis r\u00e9sztvev\u0151k felfedezhetik a r\u00e9gi \u00e9s \u00faj kar\u00e1csonyi \u00e9nekek sz\u00e9ps\u00e9g\u00e9t, \u00e9s alaposan felk\u00e9sz\u00fclhetnek a szenteste est\u00e9re, a Dekor\u00e1ci\u00f3s workshopokon pedig lehet\u0151s\u00e9g\u00fck ny\u00edlik \u00fcnnepi dekor\u00e1ci\u00f3k k\u00e9sz\u00edt\u00e9s\u00e9re filcb\u0151l \u00e9s m\u00e1s bar\u00e1ts\u00e1gos anyagokb\u00f3l, melyeket hazavihetnek, hogy a f\u00e1ra helyezz\u00e9k, feld\u00edsz\u00edts\u00e9k a szob\u00e1jukat, vagy aj\u00e1nd\u00e9kba adjanak egy kedves szem\u00e9lynek.<\/p>\n<p>A fesztiv\u00e1l utols\u00f3 het\u00e9ben, miut\u00e1n kutattuk \u00e9s mes\u00e9k seg\u00edts\u00e9g\u00e9vel felfedezt\u00fck, hogyan is kellene lenn\u00fcnk kar\u00e1csonykor, ki a Mikul\u00e1s \u00e9s mik a vil\u00e1g legnagyobb kincsei, kar\u00e1csonyi \u00e9nekek tanul\u00e1s\u00e1val \u00e9s d\u00edszek k\u00e9sz\u00edt\u00e9s\u00e9vel k\u00e9sz\u00fclt\u00fcnk az \u00fcnnepekre, tal\u00e1lkozunk a Mikul\u00e1ssal. Egy var\u00e1zslatos k\u00f6rnyezetben, amely m\u00e1r a fesztiv\u00e1l kezdet\u00e9t\u0151l fogva meleg fogadtat\u00e1sban r\u00e9szes\u00edt minket, meg\u00e1ll \u00e9s meghallgatja minden olyan gyermek k\u00edv\u00e1ns\u00e1g\u00e1t, akinek lesz b\u00e1tors\u00e1ga bel\u00e9pni a bab\u00e1k f\u00f6ldj\u00e9re.<\/p>\n<p>Az el\u0151ad\u00e1sokra \u00e9s workshopokra a jegyek m\u00e1r kaphat\u00f3k, \u00e9s megv\u00e1s\u00e1rolhat\u00f3k a Regina Maria Sz\u00ednh\u00e1z \u00fcgyn\u00f6ks\u00e9g\u00e9n\u00e9l, amely kedden \u00e9s cs\u00fct\u00f6rt\u00f6k\u00f6n 12:00-18:00, szerd\u00e1n \u00e9s p\u00e9nteken 10:00-14:00, szombaton pedig 11:00-13:00 \u00f3ra k\u00f6z\u00f6tt tart nyitva, online az Eventim.ro oldalon, vagy az Arcadia Sz\u00ednh\u00e1zban tartott el\u0151ad\u00e1sok kezdete el\u0151tt egy \u00f3r\u00e1val (a szabad helyek f\u00fcggv\u00e9ny\u00e9ben). A &quot;Kezek \u00e9s l\u00e1bak&quot; c\u00edm\u0171 el\u0151ad\u00e1sra jegyek a Szigligeti Sz\u00ednh\u00e1z \u00fcgyn\u00f6ks\u00e9g\u00e9n\u00e9l \u00e9s online a Biletmaster.ro oldalon v\u00e1s\u00e1rolhat\u00f3k. A Mikul\u00e1ssal val\u00f3 tal\u00e1lkoz\u00f3kon val\u00f3 r\u00e9szv\u00e9tel regisztr\u00e1ci\u00f3hoz k\u00f6t\u00f6tt, \u00e9s gyermekenk\u00e9nt \u00e9s esem\u00e9nyenk\u00e9nt 10 lejbe ker\u00fcl, a regisztr\u00e1ci\u00f3s \u0171rlapok pedig itt tal\u00e1lhat\u00f3k:<\/p>\n<p><span>H\u00e9tf\u0151, december 19., 18:00 \u2013 Arcadia Hall el\u0151csarnok<\/span><span><br \/><\/span><b>TAL\u00c1LKOZ\u00d3 A MIKUL\u00c1SSAL<br \/><span>Regisztr\u00e1ci\u00f3s \u0171rlap:\u00a0<\/span><a class=\"x1i10hfl xjbqb8w x6umtig x1b1mbwd xaqea5y xav7gou x9f619 x1ypdohk xt0psk2 xe8uvvx xdj266r x11i5rnm xat24cr x1mh8g0r xexx8yu x4uap5 x18d9i69 xkhd6sd x16tdsg8 x1hl2dhg xggy1nq x1a2a7pz xt0b8zv x1fey0fg\" href=\"https:\/\/forms.gle\/WmiF2txJ5NvcDqAo6?fbclid=IwAR1arwnrwTmjLoUaH6EhG-iKwTGlSbT4xWxegIyatsMXV4KexCfYV9G3NHY\" rel=\"nofollow noopener noreferrer\" role=\"link\" target=\"_blank\" tabindex=\"0\">https:\/\/forms.gle\/WmiF2txJ5NvcDqAo6<\/a><\/b><\/p>\n<p><span>Kedd, december 20., 18:00 \u2013 Arcadia Hall el\u0151csarnok<\/span><span><br \/><\/span><b>TAL\u00c1LKOZ\u00d3 A MIKUL\u00c1SSAL<br \/><span>Regisztr\u00e1ci\u00f3s \u0171rlap:\u00a0<\/span><a class=\"x1i10hfl xjbqb8w x6umtig x1b1mbwd xaqea5y xav7gou x9f619 x1ypdohk xt0psk2 xe8uvvx xdj266r x11i5rnm xat24cr x1mh8g0r xexx8yu x4uap5 x18d9i69 xkhd6sd x16tdsg8 x1hl2dhg xggy1nq x1a2a7pz xt0b8zv x1fey0fg\" href=\"https:\/\/forms.gle\/C8QqX5tC6tuJ7GPF6?fbclid=IwAR38tBwfbHhBeVKtXwRc7gBti_ko8hp2hHQNfTOxQX8hz2X5UtgLV_5zsP0\" rel=\"nofollow noopener noreferrer\" role=\"link\" target=\"_blank\" tabindex=\"0\">https:\/\/forms.gle\/C8QqX5tC6tuJ7GPF6<\/a><br \/><\/b><\/p>\n<p><span>Szerda, december 21., 16:30 \u2013 Studio Arcadia Hall | +4<\/span><span><br \/><\/span><b>M\u0170HELY: Dekor\u00e1ci\u00f3k<span>\u00a0<\/span><\/b><span>(Armanca Seraccal \u00e9s Alexandru Poppal)<\/span><\/p>\n<p><span>Szerda, december 21., 18:00 \u2013 Arcadia Hall el\u0151csarnok<\/span><span><br \/><\/span><b>TAL\u00c1LKOZ\u00d3 A MIKUL\u00c1SSAL<br \/><span>Regisztr\u00e1ci\u00f3s \u0171rlap:\u00a0<\/span><a class=\"x1i10hfl xjbqb8w x6umtig x1b1mbwd xaqea5y xav7gou x9f619 x1ypdohk xt0psk2 xe8uvvx xdj266r x11i5rnm xat24cr x1mh8g0r xexx8yu x4uap5 x18d9i69 xkhd6sd x16tdsg8 x1hl2dhg xggy1nq x1a2a7pz xt0b8zv x1fey0fg\" href=\"https:\/\/forms.gle\/43g1A3E27XGWeqHP6?fbclid=IwAR3WN7uNbgrOihND_8oeSaSeE6Gc4YmnHk0rM0L3tbFnP6Y_WoHfWwyOU60\" rel=\"nofollow noopener noreferrer\" role=\"link\" target=\"_blank\" tabindex=\"0\">https:\/\/forms.gle\/43g1A3E27XGWeqHP6<\/a><br \/><\/b><\/p>\n<p><span>Cs\u00fct\u00f6rt\u00f6k, december 22., 16:00 \u2013 Arcadia Hall el\u0151csarnok<\/span><span><br \/><\/span><b>TAL\u00c1LKOZ\u00d3 A MIKUL\u00c1SSAL<br \/><\/b><b><span>Regisztr\u00e1ci\u00f3s \u0171rlap:\u00a0<\/span><a class=\"x1i10hfl xjbqb8w x6umtig x1b1mbwd xaqea5y xav7gou x9f619 x1ypdohk xt0psk2 xe8uvvx xdj266r x11i5rnm xat24cr x1mh8g0r xexx8yu x4uap5 x18d9i69 xkhd6sd x16tdsg8 x1hl2dhg xggy1nq x1a2a7pz xt0b8zv x1fey0fg\" href=\"https:\/\/forms.gle\/XaoMr967U3LdXTrQ9?fbclid=IwAR3HihMA1UaEHWRNPr7EIE1eD3tf8zqHCIoEgYGiVlfAMMNzJpiJabtTaPo\" rel=\"nofollow noopener noreferrer\" role=\"link\" target=\"_blank\" tabindex=\"0\">https:\/\/forms.gle\/XaoMr967U3LdXTrQ9<\/a><\/b><\/p>","protected":false},"excerpt":{"rendered":"<p>A Regina Maria Sz\u00ednh\u00e1z Arcadia t\u00e1rsulata egy \u00faj fesztiv\u00e1lra k\u00e9sz\u00fcl: a \u201eKar\u00e1csony a b\u00e1bok f\u00f6ldj\u00e9n\u201d-re, amely 2022. december 4. \u00e9s 22. k\u00f6z\u00f6tt ker\u00fcl megrendez\u00e9sre az Arcadia Sz\u00ednh\u00e1zban. \u00dajrafeldolgoz\u00e1s, vend\u00e9gel\u0151ad\u00e1sok, mesemond\u00f3 workshopok, kar\u00e1csonyi \u00e9nekek \u00e9s dekor\u00e1ci\u00f3k, valamint a Mikul\u00e1ssal val\u00f3 tal\u00e1lkoz\u00e1sok teszik teljess\u00e9 a fesztiv\u00e1l programj\u00e1t \u00e9s teremtenek var\u00e1zslatos hangulatot.<\/p>","protected":false},"author":6,"featured_media":5251,"comment_status":"open","ping_status":"open","sticky":false,"template":"","format":"standard","meta":{"_acf_changed":false,"footnotes":""},"categories":[37],"tags":[],"class_list":["post-5254","post","type-post","status-publish","format-standard","has-post-thumbnail","hentry","category-noutati-trupa-arcadia"],"aioseo_notices":[],"aioseo_head":"\n\t\t<!-- All in One SEO Pro 5.0.1.1 - aioseo.com -->\n\t<meta name=\"description\" content=\"Trupa Arcadia a Teatrului Regina Maria se preg\u0103te\u0219te de un nou festival: \u201eCr\u0103ciun \u00een \u021binutul p\u0103pu\u0219ilor\u201d, care se va desf\u0103\u0219ura la Teatrul Arcadia \u00een perioada 4-22 decembrie 2022. Un remake, spectacole invitate, ateliere de pove\u0219ti, colinde \u0219i decora\u021biuni, \u00eent\u00e2lniri cu Mo\u0219 Cr\u0103ciun vor completa programul festivalului \u0219i vor crea o atmosfer\u0103 magic\u0103. \u021ainutul p\u0103pu\u0219ilor \u00ee\u0219i\" \/>\n\t<meta name=\"robots\" content=\"max-image-preview:large\" \/>\n\t<meta name=\"author\" content=\"Teatrul Regina Maria\"\/>\n\t<link rel=\"canonical\" href=\"https:\/\/www.teatrulreginamaria.ro\/hu\/comunicat-de-presa-craciun-in-tinutul-papusilor-trupa-arcadia\/\" \/>\n\t<meta name=\"generator\" content=\"All in One SEO Pro (AIOSEO) 5.0.1.1\" \/>\n\t\t<meta property=\"og:locale\" content=\"hu_HU\" \/>\n\t\t<meta property=\"og:site_name\" content=\"Teatrul Regina Maria Oradea - Trupa Iosif Vulcan \u0219i Trupa Arcadia\" \/>\n\t\t<meta property=\"og:type\" content=\"article\" \/>\n\t\t<meta property=\"og:title\" content=\"Cr\u0103ciun \u00een \u021binutul p\u0103pu\u0219ilor_Trupa Arcadia - Teatrul Regina Maria Oradea\" \/>\n\t\t<meta property=\"og:description\" content=\"Trupa Arcadia a Teatrului Regina Maria se preg\u0103te\u0219te de un nou festival: \u201eCr\u0103ciun \u00een \u021binutul p\u0103pu\u0219ilor\u201d, care se va desf\u0103\u0219ura la Teatrul Arcadia \u00een perioada 4-22 decembrie 2022. Un remake, spectacole invitate, ateliere de pove\u0219ti, colinde \u0219i decora\u021biuni, \u00eent\u00e2lniri cu Mo\u0219 Cr\u0103ciun vor completa programul festivalului \u0219i vor crea o atmosfer\u0103 magic\u0103. \u021ainutul p\u0103pu\u0219ilor \u00ee\u0219i\" \/>\n\t\t<meta property=\"og:url\" content=\"https:\/\/www.teatrulreginamaria.ro\/hu\/comunicat-de-presa-craciun-in-tinutul-papusilor-trupa-arcadia\/\" \/>\n\t\t<meta property=\"og:image\" content=\"https:\/\/www.teatrulreginamaria.ro\/wp-content\/uploads\/2025\/03\/trm-istoric-01.jpg\" \/>\n\t\t<meta property=\"og:image:secure_url\" content=\"https:\/\/www.teatrulreginamaria.ro\/wp-content\/uploads\/2025\/03\/trm-istoric-01.jpg\" \/>\n\t\t<meta property=\"og:image:width\" content=\"1200\" \/>\n\t\t<meta property=\"og:image:height\" content=\"800\" \/>\n\t\t<meta property=\"article:published_time\" content=\"2022-11-24T11:42:26+00:00\" \/>\n\t\t<meta property=\"article:modified_time\" content=\"2022-11-24T11:42:26+00:00\" \/>\n\t\t<meta property=\"article:publisher\" content=\"https:\/\/www.facebook.com\/TRMTrupaIosifVulcan\/\" \/>\n\t\t<meta name=\"twitter:card\" content=\"summary_large_image\" \/>\n\t\t<meta name=\"twitter:site\" content=\"@TRMOradea\" \/>\n\t\t<meta name=\"twitter:title\" content=\"Cr\u0103ciun \u00een \u021binutul p\u0103pu\u0219ilor_Trupa Arcadia - Teatrul Regina Maria Oradea\" \/>\n\t\t<meta name=\"twitter:description\" content=\"Trupa Arcadia a Teatrului Regina Maria se preg\u0103te\u0219te de un nou festival: \u201eCr\u0103ciun \u00een \u021binutul p\u0103pu\u0219ilor\u201d, care se va desf\u0103\u0219ura la Teatrul Arcadia \u00een perioada 4-22 decembrie 2022. Un remake, spectacole invitate, ateliere de pove\u0219ti, colinde \u0219i decora\u021biuni, \u00eent\u00e2lniri cu Mo\u0219 Cr\u0103ciun vor completa programul festivalului \u0219i vor crea o atmosfer\u0103 magic\u0103. \u021ainutul p\u0103pu\u0219ilor \u00ee\u0219i\" \/>\n\t\t<meta name=\"twitter:creator\" content=\"@TRMOradea\" \/>\n\t\t<meta name=\"twitter:image\" content=\"https:\/\/www.teatrulreginamaria.ro\/wp-content\/uploads\/2025\/03\/trm-istoric-01.jpg\" \/>\n\t\t<script type=\"application\/ld+json\" class=\"aioseo-schema\">\n\t\t\t{\"@context\":\"https:\\\/\\\/schema.org\",\"@graph\":[{\"@type\":\"BlogPosting\",\"@id\":\"https:\\\/\\\/www.teatrulreginamaria.ro\\\/hu\\\/comunicat-de-presa-craciun-in-tinutul-papusilor-trupa-arcadia\\\/#blogposting\",\"name\":\"Cr\\u0103ciun \\u00een \\u021binutul p\\u0103pu\\u0219ilor_Trupa Arcadia - Teatrul Regina Maria Oradea\",\"headline\":\"Cr\\u0103ciun \\u00een \\u021binutul p\\u0103pu\\u0219ilor_Trupa Arcadia\",\"author\":{\"@id\":\"https:\\\/\\\/www.teatrulreginamaria.ro\\\/hu\\\/author\\\/w3bmaster\\\/#author\"},\"publisher\":{\"@id\":\"https:\\\/\\\/www.teatrulreginamaria.ro\\\/hu\\\/#organization\"},\"image\":{\"@type\":\"ImageObject\",\"url\":\"https:\\\/\\\/www.teatrulreginamaria.ro\\\/wp-content\\\/uploads\\\/2022\\\/11\\\/AFIS_festivalul_craciun_RGB_pt_web-02-scaled.jpg\",\"width\":1792,\"height\":2560},\"datePublished\":\"2022-11-24T11:42:26+02:00\",\"dateModified\":\"2022-11-24T11:42:26+02:00\",\"inLanguage\":\"hu-HU\",\"mainEntityOfPage\":{\"@id\":\"https:\\\/\\\/www.teatrulreginamaria.ro\\\/hu\\\/comunicat-de-presa-craciun-in-tinutul-papusilor-trupa-arcadia\\\/#webpage\"},\"isPartOf\":{\"@id\":\"https:\\\/\\\/www.teatrulreginamaria.ro\\\/hu\\\/comunicat-de-presa-craciun-in-tinutul-papusilor-trupa-arcadia\\\/#webpage\"},\"articleSection\":\"Nout\\u0103\\u021bi - Trupa Arcadia\"},{\"@type\":\"BreadcrumbList\",\"@id\":\"https:\\\/\\\/www.teatrulreginamaria.ro\\\/hu\\\/comunicat-de-presa-craciun-in-tinutul-papusilor-trupa-arcadia\\\/#breadcrumblist\",\"itemListElement\":[{\"@type\":\"ListItem\",\"@id\":\"https:\\\/\\\/www.teatrulreginamaria.ro\\\/hu#listItem\",\"position\":1,\"name\":\"Home\",\"item\":\"https:\\\/\\\/www.teatrulreginamaria.ro\\\/hu\",\"nextItem\":{\"@type\":\"ListItem\",\"@id\":\"https:\\\/\\\/www.teatrulreginamaria.ro\\\/hu\\\/categorie\\\/noutati\\\/#listItem\",\"name\":\"Nout\\u0103\\u021bi\"}},{\"@type\":\"ListItem\",\"@id\":\"https:\\\/\\\/www.teatrulreginamaria.ro\\\/hu\\\/categorie\\\/noutati\\\/#listItem\",\"position\":2,\"name\":\"Nout\\u0103\\u021bi\",\"item\":\"https:\\\/\\\/www.teatrulreginamaria.ro\\\/hu\\\/categorie\\\/noutati\\\/\",\"nextItem\":{\"@type\":\"ListItem\",\"@id\":\"https:\\\/\\\/www.teatrulreginamaria.ro\\\/hu\\\/categorie\\\/noutati\\\/noutati-trupa-arcadia\\\/#listItem\",\"name\":\"Nout\\u0103\\u021bi - Trupa Arcadia\"},\"previousItem\":{\"@type\":\"ListItem\",\"@id\":\"https:\\\/\\\/www.teatrulreginamaria.ro\\\/hu#listItem\",\"name\":\"Home\"}},{\"@type\":\"ListItem\",\"@id\":\"https:\\\/\\\/www.teatrulreginamaria.ro\\\/hu\\\/categorie\\\/noutati\\\/noutati-trupa-arcadia\\\/#listItem\",\"position\":3,\"name\":\"Nout\\u0103\\u021bi - Trupa Arcadia\",\"item\":\"https:\\\/\\\/www.teatrulreginamaria.ro\\\/hu\\\/categorie\\\/noutati\\\/noutati-trupa-arcadia\\\/\",\"nextItem\":{\"@type\":\"ListItem\",\"@id\":\"https:\\\/\\\/www.teatrulreginamaria.ro\\\/hu\\\/comunicat-de-presa-craciun-in-tinutul-papusilor-trupa-arcadia\\\/#listItem\",\"name\":\"Cr\\u0103ciun \\u00een \\u021binutul p\\u0103pu\\u0219ilor_Trupa Arcadia\"},\"previousItem\":{\"@type\":\"ListItem\",\"@id\":\"https:\\\/\\\/www.teatrulreginamaria.ro\\\/hu\\\/categorie\\\/noutati\\\/#listItem\",\"name\":\"Nout\\u0103\\u021bi\"}},{\"@type\":\"ListItem\",\"@id\":\"https:\\\/\\\/www.teatrulreginamaria.ro\\\/hu\\\/comunicat-de-presa-craciun-in-tinutul-papusilor-trupa-arcadia\\\/#listItem\",\"position\":4,\"name\":\"Cr\\u0103ciun \\u00een \\u021binutul p\\u0103pu\\u0219ilor_Trupa Arcadia\",\"previousItem\":{\"@type\":\"ListItem\",\"@id\":\"https:\\\/\\\/www.teatrulreginamaria.ro\\\/hu\\\/categorie\\\/noutati\\\/noutati-trupa-arcadia\\\/#listItem\",\"name\":\"Nout\\u0103\\u021bi - Trupa Arcadia\"}}]},{\"@type\":\"Organization\",\"@id\":\"https:\\\/\\\/www.teatrulreginamaria.ro\\\/hu\\\/#organization\",\"name\":\"Teatrul Regina Maria Oradea\",\"description\":\"Trupa Iosif Vulcan \\u0219i Trupa Arcadia\",\"url\":\"https:\\\/\\\/www.teatrulreginamaria.ro\\\/hu\\\/\",\"email\":\"marketing@teatrulreginamaria.ro\",\"telephone\":\"+40359411534\",\"numberOfEmployees\":{\"@type\":\"QuantitativeValue\",\"minValue\":0,\"maxValue\":150},\"logo\":{\"@type\":\"ImageObject\",\"url\":\"https:\\\/\\\/www.teatrulreginamaria.ro\\\/wp-content\\\/uploads\\\/2025\\\/06\\\/logo-trm-01-dark.png\",\"@id\":\"https:\\\/\\\/www.teatrulreginamaria.ro\\\/hu\\\/comunicat-de-presa-craciun-in-tinutul-papusilor-trupa-arcadia\\\/#organizationLogo\",\"width\":300,\"height\":148},\"image\":{\"@id\":\"https:\\\/\\\/www.teatrulreginamaria.ro\\\/hu\\\/comunicat-de-presa-craciun-in-tinutul-papusilor-trupa-arcadia\\\/#organizationLogo\"},\"sameAs\":[\"https:\\\/\\\/www.facebook.com\\\/TRMTrupaIosifVulcan\\\/\",\"https:\\\/\\\/x.com\\\/TRMOradea\",\"https:\\\/\\\/www.instagram.com\\\/teatrul_regina_maria\\\/\",\"https:\\\/\\\/www.youtube.com\\\/c\\\/TeatrulReginaMariaOradea\",\"https:\\\/\\\/www.linkedin.com\\\/company\\\/teatrul-regina-maria\"]},{\"@type\":\"Person\",\"@id\":\"https:\\\/\\\/www.teatrulreginamaria.ro\\\/hu\\\/author\\\/w3bmaster\\\/#author\",\"url\":\"https:\\\/\\\/www.teatrulreginamaria.ro\\\/hu\\\/author\\\/w3bmaster\\\/\",\"name\":\"Teatrul Regina Maria\",\"image\":{\"@type\":\"ImageObject\",\"@id\":\"https:\\\/\\\/www.teatrulreginamaria.ro\\\/hu\\\/comunicat-de-presa-craciun-in-tinutul-papusilor-trupa-arcadia\\\/#authorImage\",\"url\":\"https:\\\/\\\/secure.gravatar.com\\\/avatar\\\/5884139d508ae3f0bafe45e60563b48a9640146d3b08ccc6278c305ff9329305?s=96&d=mm&r=g\",\"width\":96,\"height\":96,\"caption\":\"Teatrul Regina Maria\"}},{\"@type\":\"WebPage\",\"@id\":\"https:\\\/\\\/www.teatrulreginamaria.ro\\\/hu\\\/comunicat-de-presa-craciun-in-tinutul-papusilor-trupa-arcadia\\\/#webpage\",\"url\":\"https:\\\/\\\/www.teatrulreginamaria.ro\\\/hu\\\/comunicat-de-presa-craciun-in-tinutul-papusilor-trupa-arcadia\\\/\",\"name\":\"Cr\\u0103ciun \\u00een \\u021binutul p\\u0103pu\\u0219ilor_Trupa Arcadia - Teatrul Regina Maria Oradea\",\"description\":\"Trupa Arcadia a Teatrului Regina Maria se preg\\u0103te\\u0219te de un nou festival: \\u201eCr\\u0103ciun \\u00een \\u021binutul p\\u0103pu\\u0219ilor\\u201d, care se va desf\\u0103\\u0219ura la Teatrul Arcadia \\u00een perioada 4-22 decembrie 2022. Un remake, spectacole invitate, ateliere de pove\\u0219ti, colinde \\u0219i decora\\u021biuni, \\u00eent\\u00e2lniri cu Mo\\u0219 Cr\\u0103ciun vor completa programul festivalului \\u0219i vor crea o atmosfer\\u0103 magic\\u0103. \\u021ainutul p\\u0103pu\\u0219ilor \\u00ee\\u0219i\",\"inLanguage\":\"hu-HU\",\"isPartOf\":{\"@id\":\"https:\\\/\\\/www.teatrulreginamaria.ro\\\/hu\\\/#website\"},\"breadcrumb\":{\"@id\":\"https:\\\/\\\/www.teatrulreginamaria.ro\\\/hu\\\/comunicat-de-presa-craciun-in-tinutul-papusilor-trupa-arcadia\\\/#breadcrumblist\"},\"author\":{\"@id\":\"https:\\\/\\\/www.teatrulreginamaria.ro\\\/hu\\\/author\\\/w3bmaster\\\/#author\"},\"creator\":{\"@id\":\"https:\\\/\\\/www.teatrulreginamaria.ro\\\/hu\\\/author\\\/w3bmaster\\\/#author\"},\"image\":{\"@type\":\"ImageObject\",\"url\":\"https:\\\/\\\/www.teatrulreginamaria.ro\\\/wp-content\\\/uploads\\\/2022\\\/11\\\/AFIS_festivalul_craciun_RGB_pt_web-02-scaled.jpg\",\"@id\":\"https:\\\/\\\/www.teatrulreginamaria.ro\\\/hu\\\/comunicat-de-presa-craciun-in-tinutul-papusilor-trupa-arcadia\\\/#mainImage\",\"width\":1792,\"height\":2560},\"primaryImageOfPage\":{\"@id\":\"https:\\\/\\\/www.teatrulreginamaria.ro\\\/hu\\\/comunicat-de-presa-craciun-in-tinutul-papusilor-trupa-arcadia\\\/#mainImage\"},\"datePublished\":\"2022-11-24T11:42:26+02:00\",\"dateModified\":\"2022-11-24T11:42:26+02:00\"},{\"@type\":\"WebSite\",\"@id\":\"https:\\\/\\\/www.teatrulreginamaria.ro\\\/hu\\\/#website\",\"url\":\"https:\\\/\\\/www.teatrulreginamaria.ro\\\/hu\\\/\",\"name\":\"Teatrul Regina Maria Oradea\",\"alternateName\":\"TRM Oradea\",\"description\":\"Trupa Iosif Vulcan \\u0219i Trupa Arcadia\",\"inLanguage\":\"hu-HU\",\"publisher\":{\"@id\":\"https:\\\/\\\/www.teatrulreginamaria.ro\\\/hu\\\/#organization\"}}]}\n\t\t<\/script>\n\t\t<!-- All in One SEO Pro -->\r\n\t\t<title>Cr\u0103ciun \u00een \u021binutul p\u0103pu\u0219ilor_Trupa Arcadia - Teatrul Regina Maria Oradea<\/title>\n\n","aioseo_head_json":{"title":"Kar\u00e1csony a bab\u00e1k f\u00f6ldj\u00e9n_Arcadia T\u00e1rsulat - Regina Maria Sz\u00ednh\u00e1z Nagyv\u00e1radon","description":"A Regina Maria Sz\u00ednh\u00e1z Arcadia t\u00e1rsulata egy \u00faj fesztiv\u00e1lra k\u00e9sz\u00fcl: a \u201eKar\u00e1csony a b\u00e1bok f\u00f6ldj\u00e9n\u201d-re, amely 2022. december 4. \u00e9s 22. k\u00f6z\u00f6tt ker\u00fcl megrendez\u00e9sre az Arcadia Sz\u00ednh\u00e1zban. \u00dajrafeldolgoz\u00e1s, vend\u00e9gel\u0151ad\u00e1sok, mesemond\u00f3 workshopok, kar\u00e1csonyi \u00e9nekek \u00e9s dekor\u00e1ci\u00f3k, valamint a Mikul\u00e1ssal val\u00f3 tal\u00e1lkoz\u00e1sok teszik teljess\u00e9 a fesztiv\u00e1l programj\u00e1t \u00e9s teremtenek var\u00e1zslatos hangulatot. A B\u00e1bok f\u00f6ldj\u00e9nek megvan a maga","canonical_url":"https:\/\/www.teatrulreginamaria.ro\/hu\/comunicat-de-presa-craciun-in-tinutul-papusilor-trupa-arcadia\/","robots":"max-image-preview:large","keywords":"","webmasterTools":{"miscellaneous":""},"schema":{"@context":"https:\/\/schema.org","@graph":[{"@type":"BlogPosting","@id":"https:\/\/www.teatrulreginamaria.ro\/hu\/comunicat-de-presa-craciun-in-tinutul-papusilor-trupa-arcadia\/#blogposting","name":"Cr\u0103ciun \u00een \u021binutul p\u0103pu\u0219ilor_Trupa Arcadia - Teatrul Regina Maria Oradea","headline":"Cr\u0103ciun \u00een \u021binutul p\u0103pu\u0219ilor_Trupa Arcadia","author":{"@id":"https:\/\/www.teatrulreginamaria.ro\/hu\/author\/w3bmaster\/#author"},"publisher":{"@id":"https:\/\/www.teatrulreginamaria.ro\/hu\/#organization"},"image":{"@type":"ImageObject","url":"https:\/\/www.teatrulreginamaria.ro\/wp-content\/uploads\/2022\/11\/AFIS_festivalul_craciun_RGB_pt_web-02-scaled.jpg","width":1792,"height":2560},"datePublished":"2022-11-24T11:42:26+02:00","dateModified":"2022-11-24T11:42:26+02:00","inLanguage":"hu-HU","mainEntityOfPage":{"@id":"https:\/\/www.teatrulreginamaria.ro\/hu\/comunicat-de-presa-craciun-in-tinutul-papusilor-trupa-arcadia\/#webpage"},"isPartOf":{"@id":"https:\/\/www.teatrulreginamaria.ro\/hu\/comunicat-de-presa-craciun-in-tinutul-papusilor-trupa-arcadia\/#webpage"},"articleSection":"Nout\u0103\u021bi - Trupa Arcadia"},{"@type":"BreadcrumbList","@id":"https:\/\/www.teatrulreginamaria.ro\/hu\/comunicat-de-presa-craciun-in-tinutul-papusilor-trupa-arcadia\/#breadcrumblist","itemListElement":[{"@type":"ListItem","@id":"https:\/\/www.teatrulreginamaria.ro\/hu#listItem","position":1,"name":"Home","item":"https:\/\/www.teatrulreginamaria.ro\/hu","nextItem":{"@type":"ListItem","@id":"https:\/\/www.teatrulreginamaria.ro\/hu\/categorie\/noutati\/#listItem","name":"Nout\u0103\u021bi"}},{"@type":"ListItem","@id":"https:\/\/www.teatrulreginamaria.ro\/hu\/categorie\/noutati\/#listItem","position":2,"name":"Nout\u0103\u021bi","item":"https:\/\/www.teatrulreginamaria.ro\/hu\/categorie\/noutati\/","nextItem":{"@type":"ListItem","@id":"https:\/\/www.teatrulreginamaria.ro\/hu\/categorie\/noutati\/noutati-trupa-arcadia\/#listItem","name":"Nout\u0103\u021bi - Trupa Arcadia"},"previousItem":{"@type":"ListItem","@id":"https:\/\/www.teatrulreginamaria.ro\/hu#listItem","name":"Home"}},{"@type":"ListItem","@id":"https:\/\/www.teatrulreginamaria.ro\/hu\/categorie\/noutati\/noutati-trupa-arcadia\/#listItem","position":3,"name":"Nout\u0103\u021bi - Trupa Arcadia","item":"https:\/\/www.teatrulreginamaria.ro\/hu\/categorie\/noutati\/noutati-trupa-arcadia\/","nextItem":{"@type":"ListItem","@id":"https:\/\/www.teatrulreginamaria.ro\/hu\/comunicat-de-presa-craciun-in-tinutul-papusilor-trupa-arcadia\/#listItem","name":"Cr\u0103ciun \u00een \u021binutul p\u0103pu\u0219ilor_Trupa Arcadia"},"previousItem":{"@type":"ListItem","@id":"https:\/\/www.teatrulreginamaria.ro\/hu\/categorie\/noutati\/#listItem","name":"Nout\u0103\u021bi"}},{"@type":"ListItem","@id":"https:\/\/www.teatrulreginamaria.ro\/hu\/comunicat-de-presa-craciun-in-tinutul-papusilor-trupa-arcadia\/#listItem","position":4,"name":"Cr\u0103ciun \u00een \u021binutul p\u0103pu\u0219ilor_Trupa Arcadia","previousItem":{"@type":"ListItem","@id":"https:\/\/www.teatrulreginamaria.ro\/hu\/categorie\/noutati\/noutati-trupa-arcadia\/#listItem","name":"Nout\u0103\u021bi - Trupa Arcadia"}}]},{"@type":"Organization","@id":"https:\/\/www.teatrulreginamaria.ro\/hu\/#organization","name":"Teatrul Regina Maria Oradea","description":"Trupa Iosif Vulcan \u0219i Trupa Arcadia","url":"https:\/\/www.teatrulreginamaria.ro\/hu\/","email":"marketing@teatrulreginamaria.ro","telephone":"+40359411534","numberOfEmployees":{"@type":"QuantitativeValue","minValue":0,"maxValue":150},"logo":{"@type":"ImageObject","url":"https:\/\/www.teatrulreginamaria.ro\/wp-content\/uploads\/2025\/06\/logo-trm-01-dark.png","@id":"https:\/\/www.teatrulreginamaria.ro\/hu\/comunicat-de-presa-craciun-in-tinutul-papusilor-trupa-arcadia\/#organizationLogo","width":300,"height":148},"image":{"@id":"https:\/\/www.teatrulreginamaria.ro\/hu\/comunicat-de-presa-craciun-in-tinutul-papusilor-trupa-arcadia\/#organizationLogo"},"sameAs":["https:\/\/www.facebook.com\/TRMTrupaIosifVulcan\/","https:\/\/x.com\/TRMOradea","https:\/\/www.instagram.com\/teatrul_regina_maria\/","https:\/\/www.youtube.com\/c\/TeatrulReginaMariaOradea","https:\/\/www.linkedin.com\/company\/teatrul-regina-maria"]},{"@type":"Person","@id":"https:\/\/www.teatrulreginamaria.ro\/hu\/author\/w3bmaster\/#author","url":"https:\/\/www.teatrulreginamaria.ro\/hu\/author\/w3bmaster\/","name":"Teatrul Regina Maria","image":{"@type":"ImageObject","@id":"https:\/\/www.teatrulreginamaria.ro\/hu\/comunicat-de-presa-craciun-in-tinutul-papusilor-trupa-arcadia\/#authorImage","url":"https:\/\/secure.gravatar.com\/avatar\/5884139d508ae3f0bafe45e60563b48a9640146d3b08ccc6278c305ff9329305?s=96&d=mm&r=g","width":96,"height":96,"caption":"Teatrul Regina Maria"}},{"@type":"WebPage","@id":"https:\/\/www.teatrulreginamaria.ro\/hu\/comunicat-de-presa-craciun-in-tinutul-papusilor-trupa-arcadia\/#webpage","url":"https:\/\/www.teatrulreginamaria.ro\/hu\/comunicat-de-presa-craciun-in-tinutul-papusilor-trupa-arcadia\/","name":"Cr\u0103ciun \u00een \u021binutul p\u0103pu\u0219ilor_Trupa Arcadia - Teatrul Regina Maria Oradea","description":"Trupa Arcadia a Teatrului Regina Maria se preg\u0103te\u0219te de un nou festival: \u201eCr\u0103ciun \u00een \u021binutul p\u0103pu\u0219ilor\u201d, care se va desf\u0103\u0219ura la Teatrul Arcadia \u00een perioada 4-22 decembrie 2022. Un remake, spectacole invitate, ateliere de pove\u0219ti, colinde \u0219i decora\u021biuni, \u00eent\u00e2lniri cu Mo\u0219 Cr\u0103ciun vor completa programul festivalului \u0219i vor crea o atmosfer\u0103 magic\u0103. \u021ainutul p\u0103pu\u0219ilor \u00ee\u0219i","inLanguage":"hu-HU","isPartOf":{"@id":"https:\/\/www.teatrulreginamaria.ro\/hu\/#website"},"breadcrumb":{"@id":"https:\/\/www.teatrulreginamaria.ro\/hu\/comunicat-de-presa-craciun-in-tinutul-papusilor-trupa-arcadia\/#breadcrumblist"},"author":{"@id":"https:\/\/www.teatrulreginamaria.ro\/hu\/author\/w3bmaster\/#author"},"creator":{"@id":"https:\/\/www.teatrulreginamaria.ro\/hu\/author\/w3bmaster\/#author"},"image":{"@type":"ImageObject","url":"https:\/\/www.teatrulreginamaria.ro\/wp-content\/uploads\/2022\/11\/AFIS_festivalul_craciun_RGB_pt_web-02-scaled.jpg","@id":"https:\/\/www.teatrulreginamaria.ro\/hu\/comunicat-de-presa-craciun-in-tinutul-papusilor-trupa-arcadia\/#mainImage","width":1792,"height":2560},"primaryImageOfPage":{"@id":"https:\/\/www.teatrulreginamaria.ro\/hu\/comunicat-de-presa-craciun-in-tinutul-papusilor-trupa-arcadia\/#mainImage"},"datePublished":"2022-11-24T11:42:26+02:00","dateModified":"2022-11-24T11:42:26+02:00"},{"@type":"WebSite","@id":"https:\/\/www.teatrulreginamaria.ro\/hu\/#website","url":"https:\/\/www.teatrulreginamaria.ro\/hu\/","name":"Teatrul Regina Maria Oradea","alternateName":"TRM Oradea","description":"Trupa Iosif Vulcan \u0219i Trupa Arcadia","inLanguage":"hu-HU","publisher":{"@id":"https:\/\/www.teatrulreginamaria.ro\/hu\/#organization"}}]},"og:locale":"hu_HU","og:site_name":"Teatrul Regina Maria Oradea - Trupa Iosif Vulcan \u0219i Trupa Arcadia","og:type":"article","og:title":"Cr\u0103ciun \u00een \u021binutul p\u0103pu\u0219ilor_Trupa Arcadia - Teatrul Regina Maria Oradea","og:description":"Trupa Arcadia a Teatrului Regina Maria se preg\u0103te\u0219te de un nou festival: \u201eCr\u0103ciun \u00een \u021binutul p\u0103pu\u0219ilor\u201d, care se va desf\u0103\u0219ura la Teatrul Arcadia \u00een perioada 4-22 decembrie 2022. Un remake, spectacole invitate, ateliere de pove\u0219ti, colinde \u0219i decora\u021biuni, \u00eent\u00e2lniri cu Mo\u0219 Cr\u0103ciun vor completa programul festivalului \u0219i vor crea o atmosfer\u0103 magic\u0103. \u021ainutul p\u0103pu\u0219ilor \u00ee\u0219i","og:url":"https:\/\/www.teatrulreginamaria.ro\/hu\/comunicat-de-presa-craciun-in-tinutul-papusilor-trupa-arcadia\/","og:image":"https:\/\/www.teatrulreginamaria.ro\/wp-content\/uploads\/2025\/03\/trm-istoric-01.jpg","og:image:secure_url":"https:\/\/www.teatrulreginamaria.ro\/wp-content\/uploads\/2025\/03\/trm-istoric-01.jpg","og:image:width":1200,"og:image:height":800,"article:published_time":"2022-11-24T11:42:26+00:00","article:modified_time":"2022-11-24T11:42:26+00:00","article:publisher":"https:\/\/www.facebook.com\/TRMTrupaIosifVulcan\/","twitter:card":"summary_large_image","twitter:site":"@TRMOradea","twitter:title":"Cr\u0103ciun \u00een \u021binutul p\u0103pu\u0219ilor_Trupa Arcadia - Teatrul Regina Maria Oradea","twitter:description":"Trupa Arcadia a Teatrului Regina Maria se preg\u0103te\u0219te de un nou festival: \u201eCr\u0103ciun \u00een \u021binutul p\u0103pu\u0219ilor\u201d, care se va desf\u0103\u0219ura la Teatrul Arcadia \u00een perioada 4-22 decembrie 2022. Un remake, spectacole invitate, ateliere de pove\u0219ti, colinde \u0219i decora\u021biuni, \u00eent\u00e2lniri cu Mo\u0219 Cr\u0103ciun vor completa programul festivalului \u0219i vor crea o atmosfer\u0103 magic\u0103. \u021ainutul p\u0103pu\u0219ilor \u00ee\u0219i","twitter:creator":"@TRMOradea","twitter:image":"https:\/\/www.teatrulreginamaria.ro\/wp-content\/uploads\/2025\/03\/trm-istoric-01.jpg"},"aioseo_meta_data":{"post_id":"5254","title":null,"description":null,"keywords":null,"keyphrases":{"focus":[],"additional":[]},"primary_term":null,"canonical_url":null,"og_title":null,"og_description":null,"og_object_type":"default","og_image_type":"default","og_image_url":null,"og_image_width":null,"og_image_height":null,"og_image_custom_url":null,"og_image_custom_fields":null,"og_video":null,"og_custom_url":null,"og_article_section":null,"og_article_tags":null,"twitter_use_og":false,"twitter_card":"default","twitter_image_type":"default","twitter_image_url":null,"twitter_image_custom_url":null,"twitter_image_custom_fields":null,"twitter_title":null,"twitter_description":null,"schema":{"blockGraphs":[],"customGraphs":[],"default":{"data":{"Article":[],"Course":[],"Dataset":[],"FAQPage":[],"Movie":[],"Person":[],"Product":[],"ProductReview":[],"Car":[],"Recipe":[],"Service":[],"SoftwareApplication":[],"WebPage":[]},"graphName":"","isEnabled":true},"graphs":[]},"schema_type":"default","schema_type_options":null,"pillar_content":false,"robots_default":true,"robots_noindex":false,"robots_noarchive":false,"robots_nosnippet":false,"robots_nofollow":false,"robots_noimageindex":false,"robots_noodp":false,"robots_notranslate":false,"robots_max_snippet":null,"robots_max_videopreview":null,"robots_max_imagepreview":"large","priority":null,"frequency":null,"local_seo":null,"seo_analyzer_scan_date":"2026-05-13 03:03:34","breadcrumb_settings":null,"limit_modified_date":false,"reviewed_by":null,"open_ai":null,"ai":null,"created":"2025-04-09 17:42:44","updated":"2026-08-14 23:13:10","focus_keyword":null,"additional_keywords":null,"truseo_locale":null},"aioseo_breadcrumb":"<div class=\"aioseo-breadcrumbs\"><span class=\"aioseo-breadcrumb\">\n\t<a href=\"https:\/\/www.teatrulreginamaria.ro\/hu\" title=\"Home\">Home<\/a>\n<\/span><span class=\"aioseo-breadcrumb-separator\">&raquo;<\/span><span class=\"aioseo-breadcrumb\">\n\t<a href=\"https:\/\/www.teatrulreginamaria.ro\/hu\/categorie\/noutati\/\" title=\"Nout\u0103\u021bi\">Nout\u0103\u021bi<\/a>\n<\/span><span class=\"aioseo-breadcrumb-separator\">&raquo;<\/span><span class=\"aioseo-breadcrumb\">\n\t<a href=\"https:\/\/www.teatrulreginamaria.ro\/hu\/categorie\/noutati\/noutati-trupa-arcadia\/\" title=\"Nout\u0103\u021bi - Trupa Arcadia\">Nout\u0103\u021bi - Trupa Arcadia<\/a>\n<\/span><span class=\"aioseo-breadcrumb-separator\">&raquo;<\/span><span class=\"aioseo-breadcrumb\">\n\tCr\u0103ciun \u00een \u021binutul p\u0103pu\u0219ilor_Trupa Arcadia\n<\/span><\/div>","aioseo_breadcrumb_json":[{"label":"Home","link":"https:\/\/www.teatrulreginamaria.ro\/hu"},{"label":"Nout\u0103\u021bi","link":"https:\/\/www.teatrulreginamaria.ro\/hu\/categorie\/noutati\/"},{"label":"Nout\u0103\u021bi - Trupa Arcadia","link":"https:\/\/www.teatrulreginamaria.ro\/hu\/categorie\/noutati\/noutati-trupa-arcadia\/"},{"label":"Cr\u0103ciun \u00een \u021binutul p\u0103pu\u0219ilor_Trupa Arcadia","link":"https:\/\/www.teatrulreginamaria.ro\/hu\/comunicat-de-presa-craciun-in-tinutul-papusilor-trupa-arcadia\/"}],"acf":[],"_links":{"self":[{"href":"https:\/\/www.teatrulreginamaria.ro\/hu\/wp-json\/wp\/v2\/posts\/5254","targetHints":{"allow":["GET"]}}],"collection":[{"href":"https:\/\/www.teatrulreginamaria.ro\/hu\/wp-json\/wp\/v2\/posts"}],"about":[{"href":"https:\/\/www.teatrulreginamaria.ro\/hu\/wp-json\/wp\/v2\/types\/post"}],"author":[{"embeddable":true,"href":"https:\/\/www.teatrulreginamaria.ro\/hu\/wp-json\/wp\/v2\/users\/6"}],"replies":[{"embeddable":true,"href":"https:\/\/www.teatrulreginamaria.ro\/hu\/wp-json\/wp\/v2\/comments?post=5254"}],"version-history":[{"count":0,"href":"https:\/\/www.teatrulreginamaria.ro\/hu\/wp-json\/wp\/v2\/posts\/5254\/revisions"}],"wp:featuredmedia":[{"embeddable":true,"href":"https:\/\/www.teatrulreginamaria.ro\/hu\/wp-json\/wp\/v2\/media\/5251"}],"wp:attachment":[{"href":"https:\/\/www.teatrulreginamaria.ro\/hu\/wp-json\/wp\/v2\/media?parent=5254"}],"wp:term":[{"taxonomy":"category","embeddable":true,"href":"https:\/\/www.teatrulreginamaria.ro\/hu\/wp-json\/wp\/v2\/categories?post=5254"},{"taxonomy":"post_tag","embeddable":true,"href":"https:\/\/www.teatrulreginamaria.ro\/hu\/wp-json\/wp\/v2\/tags?post=5254"}],"curies":[{"name":"munkaf\u00fczet","href":"https:\/\/api.w.org\/{rel}","templated":true}]}}