{"id":5311,"date":"2023-01-25T12:15:17","date_gmt":"2023-01-25T12:15:17","guid":{"rendered":"https:\/\/teatrulreginamaria.ro\/2023\/01\/25\/start-inscrierilor-la-fts-2023\/"},"modified":"2023-01-25T12:15:17","modified_gmt":"2023-01-25T12:15:17","slug":"az-fts-regisztraciok-kezdete-2023-ban","status":"publish","type":"post","link":"https:\/\/www.teatrulreginamaria.ro\/hu\/start-inscrierilor-la-fts-2023\/","title":{"rendered":"SAJT\u00d3K\u00d6ZLEM\u00c9NY | A 2023-AS FTS REGISZTR\u00c1CI\u00d3J\u00c1NAK KEZD\u0150D\u00c9SE"},"content":{"rendered":"<p><b>Nagyv\u00e1radi Nemzetk\u00f6zi Sz\u00ednh\u00e1zi Fesztiv\u00e1l<\/b><span style=\"font-weight: 400;\"> egy nagyszab\u00e1s\u00fa kultur\u00e1lis esem\u00e9ny, amelynek c\u00e9lja, hogy teret biztos\u00edtson a sz\u00ednh\u00e1zm\u0171v\u00e9szetnek, amelyen kereszt\u00fcl \u00f6szt\u00f6n\u00f6zze a kultur\u00e1lis fogyaszt\u00e1st, t\u00e1mogassa \u00e9s n\u00e9pszer\u0171s\u00edtse a helyi dr\u00e1mai alkot\u00e1sokat, a rom\u00e1n \u00e9s k\u00fclf\u00f6ldi sz\u00ednh\u00e1zi produkci\u00f3kat, valamint lehet\u0151s\u00e9geket teremtsen a rom\u00e1n \u00e9s k\u00fclf\u00f6ldi m\u0171v\u00e9szek sz\u00e1m\u00e1ra a j\u00f3 gyakorlatok \u00e9s innovat\u00edv \u00f6tletek megoszt\u00e1s\u00e1ra, \u00e9s a legv\u00e1ltozatosabb nemzeti \u00e9s nemzetk\u00f6zi partners\u00e9gek kezdem\u00e9nyez\u00e9s\u00e9re.<\/span><\/p>\n<p><span style=\"font-weight: 400;\">Ezt a koncepci\u00f3t a Regina Maria Sz\u00ednh\u00e1z ind\u00edtotta \u00fatj\u00e1ra 2013-ban a Nagyv\u00e1radi Nemzetk\u00f6zi Sz\u00ednh\u00e1zi Fesztiv\u00e1l Kultur\u00e1lis Alap\u00edtv\u00e1nnyal egy\u00fcttm\u0171k\u00f6dve, \u00e9s az alap\u00edtv\u00e1ny erny\u0151je alatt egyes\u00edti a k\u00f6vetkez\u0151ket: <\/span><b>R\u00f6vid Sz\u00ednh\u00e1zi Fesztiv\u00e1l (FTS)<\/b><span style=\"font-weight: 400;\">, ami term\u00e9szet\u00e9n\u00e9l fogva versenyk\u00e9pes, <\/span><b>Nagyszer\u0171 vend\u00e9gm\u0171sorok szekci\u00f3ja<\/b><span style=\"font-weight: 400;\"> \u00e9s<\/span><b> F\u00fcggetlen m\u0171sorok \u2013 Fringe<\/b><span style=\"font-weight: 400;\">.<\/span><\/p>\n<p><span style=\"font-weight: 400;\">A R\u00f6vidj\u00e1t\u00e9kok Fesztiv\u00e1lja a Nagyv\u00e1radi Nemzetk\u00f6zi Sz\u00ednh\u00e1zi Fesztiv\u00e1l egyik legfontosabb szekci\u00f3ja, \u00e9s folytatja az 1976-ban a Nagyv\u00e1radi Sz\u00ednh\u00e1zban megkezdett hagyom\u00e1nyt. Az FTS mostanra el\u00e9rte 26. kiad\u00e1s\u00e1t, ezzel Rom\u00e1nia egyetlen egyfelvon\u00e1sos fesztiv\u00e1ljak\u00e9nt.<\/span><\/p>\n<p><!--more--><\/p>\n<p><span style=\"font-weight: 400;\">A nagyv\u00e1radi Regina Maria Sz\u00ednh\u00e1z bejelentette a regisztr\u00e1ci\u00f3 megkezd\u00e9s\u00e9t<strong>A R\u00f6vid Sz\u00ednh\u00e1zi Fesztiv\u00e1l 26. kiad\u00e1sa<\/strong>, amelyre id\u00e9n ker\u00fcl sor a\u00a0<strong>2023. j\u00fanius 4\u201311.<\/strong>.<\/span><\/p>\n<h3>EL\u0150\u00cdR\u00c1SOK<\/h3>\n<p>\u2013 <strong>A kiv\u00e1lasztott el\u0151ad\u00e1soknak illeszkedni\u00fck kell a r\u00f6vid sz\u00ednh\u00e1zi fesztiv\u00e1l saj\u00e1toss\u00e1gaihoz (maximum 90 perc, sz\u00fcnet n\u00e9lk\u00fcl);<\/strong><br \/>\u2013 A regisztr\u00e1ci\u00f3s id\u0151szak a k\u00f6vetkez\u0151 id\u0151pontokban van:<strong> 2023. janu\u00e1r 25. \u2013 m\u00e1rcius 17.<\/strong>;<br \/>\u2013 A fesztiv\u00e1lon bemutat\u00e1sra ker\u00fcl\u0151 el\u0151ad\u00e1sok list\u00e1j\u00e1t a napt\u00e1ri napon fogj\u00e1k kihirdetni. <strong>2023. \u00e1prilis 28.<\/strong>;<br \/>\u2013 A versenyszekci\u00f3ban szerepl\u0151 zenekarok \u00f6sszet\u00e9tele a k\u00f6vetkez\u0151:\u00a0<strong>maximum 30 f\u0151<\/strong>;<br \/>\u2013 A szervez\u0151k nem v\u00e1llalnak felel\u0151ss\u00e9get a kiv\u00e1lasztott el\u0151ad\u00e1sok szerz\u0151i jogainak megszerz\u00e9s\u00e9vel kapcsolatos esetleges probl\u00e9m\u00e1k\u00e9rt;<br \/>\u2013 A szervez\u0151k a fesztiv\u00e1l k\u00f6lts\u00e9gvet\u00e9s\u00e9t\u0151l f\u00fcgg\u0151en maximum ... f\u0151 r\u00e9sz\u00e9re tudnak sz\u00e1ll\u00e1st biztos\u00edtani<strong> 2<\/strong> \u00e9jszak\u00e1k, nappalok, valamint emberek \u00e9s t\u00e1jak k\u00f6zleked\u00e9se;<br \/>\u2013 Minden r\u00e9szt vev\u0151 m\u0171v\u00e9szeti csoport sz\u00e1m\u00e1ra ingyenes technikai seg\u00edts\u00e9gny\u00fajt\u00e1s biztos\u00edtott;<br \/>\u2013 A zenekarok k\u00e9r\u00e9s\u00e9re a szervez\u0151k m\u00e1s helysz\u00edneket is rendelkez\u00e9sre tudnak bocs\u00e1tani az el\u0151ad\u00e1sok lebonyol\u00edt\u00e1s\u00e1ra.<br \/>\u00a0<\/p>\n<p>A fesztiv\u00e1l verseny jelleg\u0171. A rom\u00e1n sz\u00ednh\u00e1zi \u00e9let szem\u00e9lyis\u00e9geib\u0151l \u00e1ll\u00f3 zs\u0171ri a k\u00f6vetkez\u0151 d\u00edjakat d\u00edjazza:<strong> D\u00edjak<\/strong>:<\/p>\n<p>Legjobb m\u0171sor d\u00edja<br \/>Legjobb rendez\u0151 d\u00edja<br \/>D\u00edj a legjobb d\u00edszletrajz\u00e9rt<br \/>Legjobb sz\u00edn\u00e9sz d\u00edja<br \/>Legjobb sz\u00edn\u00e9szn\u0151 d\u00edja<br \/>\u00a0<\/p>\n<p><strong>J\u00e1tsz\u00f3terek a fesztiv\u00e1l ideje alatt:<\/strong><\/p>\n<p>A Queen Maria Sz\u00ednh\u00e1z nagyterme<br \/>Regina Maria Sz\u00ednh\u00e1z Arcadia terme<br \/>Nagyv\u00e1rad Citadella \u2013 mobil sz\u00ednpad<br \/>Erd\u00e9ly Csarnok<br \/>\u00a0<\/p>\n<p><strong>Regisztr\u00e1ci\u00f3hoz sz\u00fcks\u00e9ges anyagok:<\/strong><\/p>\n<p>A m\u0171sor felv\u00e9tele \u2013 online felt\u00f6ltve (YouTube-on nem list\u00e1zva, vagy felh\u0151alap\u00fa linkkel, ahol a m\u0171sor megtekinthet\u0151);<br \/>\u00d6sszefoglal\u00f3 \u00e9s sajt\u00f3k\u00f6zlem\u00e9nyek;<br \/>5 fot\u00f3;<br \/><a href=\"\/hu\/Users\/Teatrul%20Regina%20Maria\/Desktop\/FTS%202023\/RO_Formular-de-%C3%AEnscriere-FTS_2023.pdf\/\" target=\"_blank\" rel=\"noopener noreferrer\">Regisztr\u00e1ci\u00f3s \u0171rlap (r\u00e9szletek, technikai r\u00e9szletek, logisztikai r\u00e9szletek) \u2013 CSATLAKOZVA<\/a><br \/>\u00a0<\/p>\n<p>Az anyagokat a k\u00f6vetkez\u0151 e-mail c\u00edmre lehet elk\u00fcldeni:<strong> ftsoradea@gmail.com<\/strong> (aj\u00e1nlott)<\/p>\n<p>Vagy fizikailag, azzal a megjegyz\u00e9ssel, hogy a felv\u00e9telt DVD-n 2 p\u00e9ld\u00e1nyban kell elk\u00fcldeni a k\u00f6vetkez\u0151 c\u00edmre:<br \/><strong>Queen Mary Sz\u00ednh\u00e1z<\/strong><br \/><strong>I. Ferdin\u00e1nd kir\u00e1ly t\u00e9r, sz. 6, 410021, Nagyv\u00e1rad, Bihar, Rom\u00e1nia<\/strong><br \/><strong>A R\u00f6vid Sz\u00ednh\u00e1zi Fesztiv\u00e1lra<\/strong><\/p>\n<p>\u00a0<\/p>\n<p>Tov\u00e1bbi inform\u00e1ci\u00f3k\u00e9rt a k\u00f6vetkez\u0151 el\u00e9rhet\u0151s\u00e9geken veheti fel vel\u00fcnk a kapcsolatot:<br \/>Telefon: 0359.411.5340\/0359.411.535<br \/>E-mail:\u00a0ftsoradea@gmail.com<\/p>\n<p>\u00a0<\/p>\n<p>Kapcsolattart\u00f3 szem\u00e9ly:<br \/>Vikt\u00f3ria B\u00e1lint, az Iosif Vulcan T\u00e1rsulat igazgat\u00f3ja<br \/>Telefon: 0730 009 507<\/p>\n<p>\u00a0<\/p>\n<p><em><strong>A 2022-es, t\u00f6r\u00f6lt FTS-re tov\u00e1bbra is lehet jelentkezni. K\u00e9rj\u00fck, csak olyan el\u0151ad\u00e1sokat k\u00fcldjenek be, amelyeket kor\u00e1bban m\u00e9g nem ny\u00fajtottak be, \u00e9s megfelelnek a kiv\u00e1laszt\u00e1si k\u00f6vetelm\u00e9nyeknek.<\/strong><\/em><\/p>\n<\/p>\n<p>V\u00e1rjuk javaslataitokat!<\/p>","protected":false},"excerpt":{"rendered":"<p>Festivalul Interna\u021bional de Teatru Oradea este un eveniment cultural de amploare, care \u00ee\u0219i propune s\u0103 ofere un spa\u021biu dedicat artelor teatrale, prin care s\u0103 stimuleze consumul cultural, s\u0103 sprijine \u0219i s\u0103 promoveze crea\u021biile dramatice autohtone, produc\u021biile teatrale rom\u00e2ne\u0219ti \u0219i str\u0103ine, precum \u0219i s\u0103 creeze oportunit\u0103\u021bi pentru arti\u0219tii rom\u00e2ni \u0219i str\u0103ini de a \u00eemp\u0103rt\u0103\u0219i experien\u0163e de [&hellip;]<\/p>\n","protected":false},"author":6,"featured_media":5310,"comment_status":"open","ping_status":"open","sticky":false,"template":"","format":"standard","meta":{"_acf_changed":false,"footnotes":""},"categories":[22],"tags":[],"class_list":["post-5311","post","type-post","status-publish","format-standard","has-post-thumbnail","hentry","category-noutati-trupa-iosif-vulcan"],"aioseo_notices":[],"aioseo_head":"\n\t\t<!-- All in One SEO Pro 5.0.1.1 - aioseo.com -->\n\t<meta name=\"description\" content=\"Festivalul Interna\u021bional de Teatru Oradea este un eveniment cultural de amploare, care \u00ee\u0219i propune s\u0103 ofere un spa\u021biu dedicat artelor teatrale, prin care s\u0103 stimuleze consumul cultural, s\u0103 sprijine \u0219i s\u0103 promoveze crea\u021biile dramatice autohtone, produc\u021biile teatrale rom\u00e2ne\u0219ti \u0219i str\u0103ine, precum \u0219i s\u0103 creeze oportunit\u0103\u021bi pentru arti\u0219tii rom\u00e2ni \u0219i str\u0103ini de a \u00eemp\u0103rt\u0103\u0219i experien\u0163e de\" \/>\n\t<meta name=\"robots\" content=\"max-image-preview:large\" \/>\n\t<meta name=\"author\" content=\"Teatrul Regina Maria\"\/>\n\t<link rel=\"canonical\" href=\"https:\/\/www.teatrulreginamaria.ro\/hu\/start-inscrierilor-la-fts-2023\/\" \/>\n\t<meta name=\"generator\" content=\"All in One SEO Pro (AIOSEO) 5.0.1.1\" \/>\n\t\t<meta property=\"og:locale\" content=\"hu_HU\" \/>\n\t\t<meta property=\"og:site_name\" content=\"Teatrul Regina Maria Oradea - Trupa Iosif Vulcan \u0219i Trupa Arcadia\" \/>\n\t\t<meta property=\"og:type\" content=\"article\" \/>\n\t\t<meta property=\"og:title\" content=\"COMUNICAT DE PRES\u0102 | START \u00eenscrierilor la FTS 2023 - Teatrul Regina Maria Oradea\" \/>\n\t\t<meta property=\"og:description\" content=\"Festivalul Interna\u021bional de Teatru Oradea este un eveniment cultural de amploare, care \u00ee\u0219i propune s\u0103 ofere un spa\u021biu dedicat artelor teatrale, prin care s\u0103 stimuleze consumul cultural, s\u0103 sprijine \u0219i s\u0103 promoveze crea\u021biile dramatice autohtone, produc\u021biile teatrale rom\u00e2ne\u0219ti \u0219i str\u0103ine, precum \u0219i s\u0103 creeze oportunit\u0103\u021bi pentru arti\u0219tii rom\u00e2ni \u0219i str\u0103ini de a \u00eemp\u0103rt\u0103\u0219i experien\u0163e de\" \/>\n\t\t<meta property=\"og:url\" content=\"https:\/\/www.teatrulreginamaria.ro\/hu\/start-inscrierilor-la-fts-2023\/\" \/>\n\t\t<meta property=\"og:image\" content=\"https:\/\/www.teatrulreginamaria.ro\/wp-content\/uploads\/2025\/03\/trm-istoric-01.jpg\" \/>\n\t\t<meta property=\"og:image:secure_url\" content=\"https:\/\/www.teatrulreginamaria.ro\/wp-content\/uploads\/2025\/03\/trm-istoric-01.jpg\" \/>\n\t\t<meta property=\"og:image:width\" content=\"1200\" \/>\n\t\t<meta property=\"og:image:height\" content=\"800\" \/>\n\t\t<meta property=\"article:published_time\" content=\"2023-01-25T12:15:17+00:00\" \/>\n\t\t<meta property=\"article:modified_time\" content=\"2023-01-25T12:15:17+00:00\" \/>\n\t\t<meta property=\"article:publisher\" content=\"https:\/\/www.facebook.com\/TRMTrupaIosifVulcan\/\" \/>\n\t\t<meta name=\"twitter:card\" content=\"summary_large_image\" \/>\n\t\t<meta name=\"twitter:site\" content=\"@TRMOradea\" \/>\n\t\t<meta name=\"twitter:title\" content=\"COMUNICAT DE PRES\u0102 | START \u00eenscrierilor la FTS 2023 - Teatrul Regina Maria Oradea\" \/>\n\t\t<meta name=\"twitter:description\" content=\"Festivalul Interna\u021bional de Teatru Oradea este un eveniment cultural de amploare, care \u00ee\u0219i propune s\u0103 ofere un spa\u021biu dedicat artelor teatrale, prin care s\u0103 stimuleze consumul cultural, s\u0103 sprijine \u0219i s\u0103 promoveze crea\u021biile dramatice autohtone, produc\u021biile teatrale rom\u00e2ne\u0219ti \u0219i str\u0103ine, precum \u0219i s\u0103 creeze oportunit\u0103\u021bi pentru arti\u0219tii rom\u00e2ni \u0219i str\u0103ini de a \u00eemp\u0103rt\u0103\u0219i experien\u0163e de\" \/>\n\t\t<meta name=\"twitter:creator\" content=\"@TRMOradea\" \/>\n\t\t<meta name=\"twitter:image\" content=\"https:\/\/www.teatrulreginamaria.ro\/wp-content\/uploads\/2025\/03\/trm-istoric-01.jpg\" \/>\n\t\t<script type=\"application\/ld+json\" class=\"aioseo-schema\">\n\t\t\t{\"@context\":\"https:\\\/\\\/schema.org\",\"@graph\":[{\"@type\":\"BlogPosting\",\"@id\":\"https:\\\/\\\/www.teatrulreginamaria.ro\\\/hu\\\/start-inscrierilor-la-fts-2023\\\/#blogposting\",\"name\":\"COMUNICAT DE PRES\\u0102 | START \\u00eenscrierilor la FTS 2023 - Teatrul Regina Maria Oradea\",\"headline\":\"COMUNICAT DE PRES\\u0102 | START \\u00eenscrierilor la FTS 2023\",\"author\":{\"@id\":\"https:\\\/\\\/www.teatrulreginamaria.ro\\\/hu\\\/author\\\/w3bmaster\\\/#author\"},\"publisher\":{\"@id\":\"https:\\\/\\\/www.teatrulreginamaria.ro\\\/hu\\\/#organization\"},\"image\":{\"@type\":\"ImageObject\",\"url\":\"https:\\\/\\\/www.teatrulreginamaria.ro\\\/wp-content\\\/uploads\\\/2023\\\/01\\\/mapa-sponsori.jpg\",\"width\":1240,\"height\":1110},\"datePublished\":\"2023-01-25T12:15:17+02:00\",\"dateModified\":\"2023-01-25T12:15:17+02:00\",\"inLanguage\":\"hu-HU\",\"mainEntityOfPage\":{\"@id\":\"https:\\\/\\\/www.teatrulreginamaria.ro\\\/hu\\\/start-inscrierilor-la-fts-2023\\\/#webpage\"},\"isPartOf\":{\"@id\":\"https:\\\/\\\/www.teatrulreginamaria.ro\\\/hu\\\/start-inscrierilor-la-fts-2023\\\/#webpage\"},\"articleSection\":\"Nout\\u0103\\u021bi - Trupa Iosif Vulcan\"},{\"@type\":\"BreadcrumbList\",\"@id\":\"https:\\\/\\\/www.teatrulreginamaria.ro\\\/hu\\\/start-inscrierilor-la-fts-2023\\\/#breadcrumblist\",\"itemListElement\":[{\"@type\":\"ListItem\",\"@id\":\"https:\\\/\\\/www.teatrulreginamaria.ro\\\/hu#listItem\",\"position\":1,\"name\":\"Home\",\"item\":\"https:\\\/\\\/www.teatrulreginamaria.ro\\\/hu\",\"nextItem\":{\"@type\":\"ListItem\",\"@id\":\"https:\\\/\\\/www.teatrulreginamaria.ro\\\/hu\\\/categorie\\\/noutati\\\/#listItem\",\"name\":\"Nout\\u0103\\u021bi\"}},{\"@type\":\"ListItem\",\"@id\":\"https:\\\/\\\/www.teatrulreginamaria.ro\\\/hu\\\/categorie\\\/noutati\\\/#listItem\",\"position\":2,\"name\":\"Nout\\u0103\\u021bi\",\"item\":\"https:\\\/\\\/www.teatrulreginamaria.ro\\\/hu\\\/categorie\\\/noutati\\\/\",\"nextItem\":{\"@type\":\"ListItem\",\"@id\":\"https:\\\/\\\/www.teatrulreginamaria.ro\\\/hu\\\/categorie\\\/noutati\\\/noutati-trupa-iosif-vulcan\\\/#listItem\",\"name\":\"Nout\\u0103\\u021bi - Trupa Iosif Vulcan\"},\"previousItem\":{\"@type\":\"ListItem\",\"@id\":\"https:\\\/\\\/www.teatrulreginamaria.ro\\\/hu#listItem\",\"name\":\"Home\"}},{\"@type\":\"ListItem\",\"@id\":\"https:\\\/\\\/www.teatrulreginamaria.ro\\\/hu\\\/categorie\\\/noutati\\\/noutati-trupa-iosif-vulcan\\\/#listItem\",\"position\":3,\"name\":\"Nout\\u0103\\u021bi - Trupa Iosif Vulcan\",\"item\":\"https:\\\/\\\/www.teatrulreginamaria.ro\\\/hu\\\/categorie\\\/noutati\\\/noutati-trupa-iosif-vulcan\\\/\",\"nextItem\":{\"@type\":\"ListItem\",\"@id\":\"https:\\\/\\\/www.teatrulreginamaria.ro\\\/hu\\\/start-inscrierilor-la-fts-2023\\\/#listItem\",\"name\":\"COMUNICAT DE PRES\\u0102 | START \\u00eenscrierilor la FTS 2023\"},\"previousItem\":{\"@type\":\"ListItem\",\"@id\":\"https:\\\/\\\/www.teatrulreginamaria.ro\\\/hu\\\/categorie\\\/noutati\\\/#listItem\",\"name\":\"Nout\\u0103\\u021bi\"}},{\"@type\":\"ListItem\",\"@id\":\"https:\\\/\\\/www.teatrulreginamaria.ro\\\/hu\\\/start-inscrierilor-la-fts-2023\\\/#listItem\",\"position\":4,\"name\":\"COMUNICAT DE PRES\\u0102 | START \\u00eenscrierilor la FTS 2023\",\"previousItem\":{\"@type\":\"ListItem\",\"@id\":\"https:\\\/\\\/www.teatrulreginamaria.ro\\\/hu\\\/categorie\\\/noutati\\\/noutati-trupa-iosif-vulcan\\\/#listItem\",\"name\":\"Nout\\u0103\\u021bi - Trupa Iosif Vulcan\"}}]},{\"@type\":\"Organization\",\"@id\":\"https:\\\/\\\/www.teatrulreginamaria.ro\\\/hu\\\/#organization\",\"name\":\"Teatrul Regina Maria Oradea\",\"description\":\"Trupa Iosif Vulcan \\u0219i Trupa Arcadia\",\"url\":\"https:\\\/\\\/www.teatrulreginamaria.ro\\\/hu\\\/\",\"email\":\"marketing@teatrulreginamaria.ro\",\"telephone\":\"+40359411534\",\"numberOfEmployees\":{\"@type\":\"QuantitativeValue\",\"minValue\":0,\"maxValue\":150},\"logo\":{\"@type\":\"ImageObject\",\"url\":\"https:\\\/\\\/www.teatrulreginamaria.ro\\\/wp-content\\\/uploads\\\/2025\\\/06\\\/logo-trm-01-dark.png\",\"@id\":\"https:\\\/\\\/www.teatrulreginamaria.ro\\\/hu\\\/start-inscrierilor-la-fts-2023\\\/#organizationLogo\",\"width\":300,\"height\":148},\"image\":{\"@id\":\"https:\\\/\\\/www.teatrulreginamaria.ro\\\/hu\\\/start-inscrierilor-la-fts-2023\\\/#organizationLogo\"},\"sameAs\":[\"https:\\\/\\\/www.facebook.com\\\/TRMTrupaIosifVulcan\\\/\",\"https:\\\/\\\/x.com\\\/TRMOradea\",\"https:\\\/\\\/www.instagram.com\\\/teatrul_regina_maria\\\/\",\"https:\\\/\\\/www.youtube.com\\\/c\\\/TeatrulReginaMariaOradea\",\"https:\\\/\\\/www.linkedin.com\\\/company\\\/teatrul-regina-maria\"]},{\"@type\":\"Person\",\"@id\":\"https:\\\/\\\/www.teatrulreginamaria.ro\\\/hu\\\/author\\\/w3bmaster\\\/#author\",\"url\":\"https:\\\/\\\/www.teatrulreginamaria.ro\\\/hu\\\/author\\\/w3bmaster\\\/\",\"name\":\"Teatrul Regina Maria\",\"image\":{\"@type\":\"ImageObject\",\"@id\":\"https:\\\/\\\/www.teatrulreginamaria.ro\\\/hu\\\/start-inscrierilor-la-fts-2023\\\/#authorImage\",\"url\":\"https:\\\/\\\/secure.gravatar.com\\\/avatar\\\/5884139d508ae3f0bafe45e60563b48a9640146d3b08ccc6278c305ff9329305?s=96&d=mm&r=g\",\"width\":96,\"height\":96,\"caption\":\"Teatrul Regina Maria\"}},{\"@type\":\"WebPage\",\"@id\":\"https:\\\/\\\/www.teatrulreginamaria.ro\\\/hu\\\/start-inscrierilor-la-fts-2023\\\/#webpage\",\"url\":\"https:\\\/\\\/www.teatrulreginamaria.ro\\\/hu\\\/start-inscrierilor-la-fts-2023\\\/\",\"name\":\"COMUNICAT DE PRES\\u0102 | START \\u00eenscrierilor la FTS 2023 - Teatrul Regina Maria Oradea\",\"description\":\"Festivalul Interna\\u021bional de Teatru Oradea este un eveniment cultural de amploare, care \\u00ee\\u0219i propune s\\u0103 ofere un spa\\u021biu dedicat artelor teatrale, prin care s\\u0103 stimuleze consumul cultural, s\\u0103 sprijine \\u0219i s\\u0103 promoveze crea\\u021biile dramatice autohtone, produc\\u021biile teatrale rom\\u00e2ne\\u0219ti \\u0219i str\\u0103ine, precum \\u0219i s\\u0103 creeze oportunit\\u0103\\u021bi pentru arti\\u0219tii rom\\u00e2ni \\u0219i str\\u0103ini de a \\u00eemp\\u0103rt\\u0103\\u0219i experien\\u0163e de\",\"inLanguage\":\"hu-HU\",\"isPartOf\":{\"@id\":\"https:\\\/\\\/www.teatrulreginamaria.ro\\\/hu\\\/#website\"},\"breadcrumb\":{\"@id\":\"https:\\\/\\\/www.teatrulreginamaria.ro\\\/hu\\\/start-inscrierilor-la-fts-2023\\\/#breadcrumblist\"},\"author\":{\"@id\":\"https:\\\/\\\/www.teatrulreginamaria.ro\\\/hu\\\/author\\\/w3bmaster\\\/#author\"},\"creator\":{\"@id\":\"https:\\\/\\\/www.teatrulreginamaria.ro\\\/hu\\\/author\\\/w3bmaster\\\/#author\"},\"image\":{\"@type\":\"ImageObject\",\"url\":\"https:\\\/\\\/www.teatrulreginamaria.ro\\\/wp-content\\\/uploads\\\/2023\\\/01\\\/mapa-sponsori.jpg\",\"@id\":\"https:\\\/\\\/www.teatrulreginamaria.ro\\\/hu\\\/start-inscrierilor-la-fts-2023\\\/#mainImage\",\"width\":1240,\"height\":1110},\"primaryImageOfPage\":{\"@id\":\"https:\\\/\\\/www.teatrulreginamaria.ro\\\/hu\\\/start-inscrierilor-la-fts-2023\\\/#mainImage\"},\"datePublished\":\"2023-01-25T12:15:17+02:00\",\"dateModified\":\"2023-01-25T12:15:17+02:00\"},{\"@type\":\"WebSite\",\"@id\":\"https:\\\/\\\/www.teatrulreginamaria.ro\\\/hu\\\/#website\",\"url\":\"https:\\\/\\\/www.teatrulreginamaria.ro\\\/hu\\\/\",\"name\":\"Teatrul Regina Maria Oradea\",\"alternateName\":\"TRM Oradea\",\"description\":\"Trupa Iosif Vulcan \\u0219i Trupa Arcadia\",\"inLanguage\":\"hu-HU\",\"publisher\":{\"@id\":\"https:\\\/\\\/www.teatrulreginamaria.ro\\\/hu\\\/#organization\"}}]}\n\t\t<\/script>\n\t\t<!-- All in One SEO Pro -->\r\n\t\t<title>COMUNICAT DE PRES\u0102 | START \u00eenscrierilor la FTS 2023 - Teatrul Regina Maria Oradea<\/title>\n\n","aioseo_head_json":{"title":"SAJT\u00d3K\u00d6ZLEM\u00c9NY | REGISZTR\u00c1CI\u00d3 MEGKEZD\u0150D\u00d6TT A 2023-AS FTS-RE - Regina Maria Sz\u00ednh\u00e1z, Nagyv\u00e1radi","description":"A Nagyv\u00e1radi Nemzetk\u00f6zi Sz\u00ednh\u00e1zi Fesztiv\u00e1l egy nagyszab\u00e1s\u00fa kultur\u00e1lis esem\u00e9ny, amelynek c\u00e9lja, hogy teret biztos\u00edtson a sz\u00ednh\u00e1zi m\u0171v\u00e9szeteknek, \u00f6szt\u00f6n\u00f6zze a kultur\u00e1lis fogyaszt\u00e1st, t\u00e1mogassa \u00e9s n\u00e9pszer\u0171s\u00edtse a helyi dr\u00e1mai alkot\u00e1sokat, a rom\u00e1n \u00e9s k\u00fclf\u00f6ldi sz\u00ednh\u00e1zi produkci\u00f3kat, valamint lehet\u0151s\u00e9geket teremtsen a rom\u00e1n \u00e9s k\u00fclf\u00f6ldi m\u0171v\u00e9szek sz\u00e1m\u00e1ra a tapasztalatcser\u00e9re.","canonical_url":"https:\/\/www.teatrulreginamaria.ro\/hu\/start-inscrierilor-la-fts-2023\/","robots":"max-image-preview:large","keywords":"","webmasterTools":{"miscellaneous":""},"schema":{"@context":"https:\/\/schema.org","@graph":[{"@type":"BlogPosting","@id":"https:\/\/www.teatrulreginamaria.ro\/hu\/start-inscrierilor-la-fts-2023\/#blogposting","name":"COMUNICAT DE PRES\u0102 | START \u00eenscrierilor la FTS 2023 - Teatrul Regina Maria Oradea","headline":"COMUNICAT DE PRES\u0102 | START \u00eenscrierilor la FTS 2023","author":{"@id":"https:\/\/www.teatrulreginamaria.ro\/hu\/author\/w3bmaster\/#author"},"publisher":{"@id":"https:\/\/www.teatrulreginamaria.ro\/hu\/#organization"},"image":{"@type":"ImageObject","url":"https:\/\/www.teatrulreginamaria.ro\/wp-content\/uploads\/2023\/01\/mapa-sponsori.jpg","width":1240,"height":1110},"datePublished":"2023-01-25T12:15:17+02:00","dateModified":"2023-01-25T12:15:17+02:00","inLanguage":"hu-HU","mainEntityOfPage":{"@id":"https:\/\/www.teatrulreginamaria.ro\/hu\/start-inscrierilor-la-fts-2023\/#webpage"},"isPartOf":{"@id":"https:\/\/www.teatrulreginamaria.ro\/hu\/start-inscrierilor-la-fts-2023\/#webpage"},"articleSection":"Nout\u0103\u021bi - Trupa Iosif Vulcan"},{"@type":"BreadcrumbList","@id":"https:\/\/www.teatrulreginamaria.ro\/hu\/start-inscrierilor-la-fts-2023\/#breadcrumblist","itemListElement":[{"@type":"ListItem","@id":"https:\/\/www.teatrulreginamaria.ro\/hu#listItem","position":1,"name":"Home","item":"https:\/\/www.teatrulreginamaria.ro\/hu","nextItem":{"@type":"ListItem","@id":"https:\/\/www.teatrulreginamaria.ro\/hu\/categorie\/noutati\/#listItem","name":"Nout\u0103\u021bi"}},{"@type":"ListItem","@id":"https:\/\/www.teatrulreginamaria.ro\/hu\/categorie\/noutati\/#listItem","position":2,"name":"Nout\u0103\u021bi","item":"https:\/\/www.teatrulreginamaria.ro\/hu\/categorie\/noutati\/","nextItem":{"@type":"ListItem","@id":"https:\/\/www.teatrulreginamaria.ro\/hu\/categorie\/noutati\/noutati-trupa-iosif-vulcan\/#listItem","name":"Nout\u0103\u021bi - Trupa Iosif Vulcan"},"previousItem":{"@type":"ListItem","@id":"https:\/\/www.teatrulreginamaria.ro\/hu#listItem","name":"Home"}},{"@type":"ListItem","@id":"https:\/\/www.teatrulreginamaria.ro\/hu\/categorie\/noutati\/noutati-trupa-iosif-vulcan\/#listItem","position":3,"name":"Nout\u0103\u021bi - Trupa Iosif Vulcan","item":"https:\/\/www.teatrulreginamaria.ro\/hu\/categorie\/noutati\/noutati-trupa-iosif-vulcan\/","nextItem":{"@type":"ListItem","@id":"https:\/\/www.teatrulreginamaria.ro\/hu\/start-inscrierilor-la-fts-2023\/#listItem","name":"COMUNICAT DE PRES\u0102 | START \u00eenscrierilor la FTS 2023"},"previousItem":{"@type":"ListItem","@id":"https:\/\/www.teatrulreginamaria.ro\/hu\/categorie\/noutati\/#listItem","name":"Nout\u0103\u021bi"}},{"@type":"ListItem","@id":"https:\/\/www.teatrulreginamaria.ro\/hu\/start-inscrierilor-la-fts-2023\/#listItem","position":4,"name":"COMUNICAT DE PRES\u0102 | START \u00eenscrierilor la FTS 2023","previousItem":{"@type":"ListItem","@id":"https:\/\/www.teatrulreginamaria.ro\/hu\/categorie\/noutati\/noutati-trupa-iosif-vulcan\/#listItem","name":"Nout\u0103\u021bi - Trupa Iosif Vulcan"}}]},{"@type":"Organization","@id":"https:\/\/www.teatrulreginamaria.ro\/hu\/#organization","name":"Teatrul Regina Maria Oradea","description":"Trupa Iosif Vulcan \u0219i Trupa Arcadia","url":"https:\/\/www.teatrulreginamaria.ro\/hu\/","email":"marketing@teatrulreginamaria.ro","telephone":"+40359411534","numberOfEmployees":{"@type":"QuantitativeValue","minValue":0,"maxValue":150},"logo":{"@type":"ImageObject","url":"https:\/\/www.teatrulreginamaria.ro\/wp-content\/uploads\/2025\/06\/logo-trm-01-dark.png","@id":"https:\/\/www.teatrulreginamaria.ro\/hu\/start-inscrierilor-la-fts-2023\/#organizationLogo","width":300,"height":148},"image":{"@id":"https:\/\/www.teatrulreginamaria.ro\/hu\/start-inscrierilor-la-fts-2023\/#organizationLogo"},"sameAs":["https:\/\/www.facebook.com\/TRMTrupaIosifVulcan\/","https:\/\/x.com\/TRMOradea","https:\/\/www.instagram.com\/teatrul_regina_maria\/","https:\/\/www.youtube.com\/c\/TeatrulReginaMariaOradea","https:\/\/www.linkedin.com\/company\/teatrul-regina-maria"]},{"@type":"Person","@id":"https:\/\/www.teatrulreginamaria.ro\/hu\/author\/w3bmaster\/#author","url":"https:\/\/www.teatrulreginamaria.ro\/hu\/author\/w3bmaster\/","name":"Teatrul Regina Maria","image":{"@type":"ImageObject","@id":"https:\/\/www.teatrulreginamaria.ro\/hu\/start-inscrierilor-la-fts-2023\/#authorImage","url":"https:\/\/secure.gravatar.com\/avatar\/5884139d508ae3f0bafe45e60563b48a9640146d3b08ccc6278c305ff9329305?s=96&d=mm&r=g","width":96,"height":96,"caption":"Teatrul Regina Maria"}},{"@type":"WebPage","@id":"https:\/\/www.teatrulreginamaria.ro\/hu\/start-inscrierilor-la-fts-2023\/#webpage","url":"https:\/\/www.teatrulreginamaria.ro\/hu\/start-inscrierilor-la-fts-2023\/","name":"COMUNICAT DE PRES\u0102 | START \u00eenscrierilor la FTS 2023 - Teatrul Regina Maria Oradea","description":"Festivalul Interna\u021bional de Teatru Oradea este un eveniment cultural de amploare, care \u00ee\u0219i propune s\u0103 ofere un spa\u021biu dedicat artelor teatrale, prin care s\u0103 stimuleze consumul cultural, s\u0103 sprijine \u0219i s\u0103 promoveze crea\u021biile dramatice autohtone, produc\u021biile teatrale rom\u00e2ne\u0219ti \u0219i str\u0103ine, precum \u0219i s\u0103 creeze oportunit\u0103\u021bi pentru arti\u0219tii rom\u00e2ni \u0219i str\u0103ini de a \u00eemp\u0103rt\u0103\u0219i experien\u0163e de","inLanguage":"hu-HU","isPartOf":{"@id":"https:\/\/www.teatrulreginamaria.ro\/hu\/#website"},"breadcrumb":{"@id":"https:\/\/www.teatrulreginamaria.ro\/hu\/start-inscrierilor-la-fts-2023\/#breadcrumblist"},"author":{"@id":"https:\/\/www.teatrulreginamaria.ro\/hu\/author\/w3bmaster\/#author"},"creator":{"@id":"https:\/\/www.teatrulreginamaria.ro\/hu\/author\/w3bmaster\/#author"},"image":{"@type":"ImageObject","url":"https:\/\/www.teatrulreginamaria.ro\/wp-content\/uploads\/2023\/01\/mapa-sponsori.jpg","@id":"https:\/\/www.teatrulreginamaria.ro\/hu\/start-inscrierilor-la-fts-2023\/#mainImage","width":1240,"height":1110},"primaryImageOfPage":{"@id":"https:\/\/www.teatrulreginamaria.ro\/hu\/start-inscrierilor-la-fts-2023\/#mainImage"},"datePublished":"2023-01-25T12:15:17+02:00","dateModified":"2023-01-25T12:15:17+02:00"},{"@type":"WebSite","@id":"https:\/\/www.teatrulreginamaria.ro\/hu\/#website","url":"https:\/\/www.teatrulreginamaria.ro\/hu\/","name":"Teatrul Regina Maria Oradea","alternateName":"TRM Oradea","description":"Trupa Iosif Vulcan \u0219i Trupa Arcadia","inLanguage":"hu-HU","publisher":{"@id":"https:\/\/www.teatrulreginamaria.ro\/hu\/#organization"}}]},"og:locale":"hu_HU","og:site_name":"Teatrul Regina Maria Oradea - Trupa Iosif Vulcan \u0219i Trupa Arcadia","og:type":"article","og:title":"COMUNICAT DE PRES\u0102 | START \u00eenscrierilor la FTS 2023 - Teatrul Regina Maria Oradea","og:description":"Festivalul Interna\u021bional de Teatru Oradea este un eveniment cultural de amploare, care \u00ee\u0219i propune s\u0103 ofere un spa\u021biu dedicat artelor teatrale, prin care s\u0103 stimuleze consumul cultural, s\u0103 sprijine \u0219i s\u0103 promoveze crea\u021biile dramatice autohtone, produc\u021biile teatrale rom\u00e2ne\u0219ti \u0219i str\u0103ine, precum \u0219i s\u0103 creeze oportunit\u0103\u021bi pentru arti\u0219tii rom\u00e2ni \u0219i str\u0103ini de a \u00eemp\u0103rt\u0103\u0219i experien\u0163e de","og:url":"https:\/\/www.teatrulreginamaria.ro\/hu\/start-inscrierilor-la-fts-2023\/","og:image":"https:\/\/www.teatrulreginamaria.ro\/wp-content\/uploads\/2025\/03\/trm-istoric-01.jpg","og:image:secure_url":"https:\/\/www.teatrulreginamaria.ro\/wp-content\/uploads\/2025\/03\/trm-istoric-01.jpg","og:image:width":1200,"og:image:height":800,"article:published_time":"2023-01-25T12:15:17+00:00","article:modified_time":"2023-01-25T12:15:17+00:00","article:publisher":"https:\/\/www.facebook.com\/TRMTrupaIosifVulcan\/","twitter:card":"summary_large_image","twitter:site":"@TRMOradea","twitter:title":"COMUNICAT DE PRES\u0102 | START \u00eenscrierilor la FTS 2023 - Teatrul Regina Maria Oradea","twitter:description":"Festivalul Interna\u021bional de Teatru Oradea este un eveniment cultural de amploare, care \u00ee\u0219i propune s\u0103 ofere un spa\u021biu dedicat artelor teatrale, prin care s\u0103 stimuleze consumul cultural, s\u0103 sprijine \u0219i s\u0103 promoveze crea\u021biile dramatice autohtone, produc\u021biile teatrale rom\u00e2ne\u0219ti \u0219i str\u0103ine, precum \u0219i s\u0103 creeze oportunit\u0103\u021bi pentru arti\u0219tii rom\u00e2ni \u0219i str\u0103ini de a \u00eemp\u0103rt\u0103\u0219i experien\u0163e de","twitter:creator":"@TRMOradea","twitter:image":"https:\/\/www.teatrulreginamaria.ro\/wp-content\/uploads\/2025\/03\/trm-istoric-01.jpg"},"aioseo_meta_data":{"post_id":"5311","title":null,"description":null,"keywords":null,"keyphrases":null,"primary_term":null,"canonical_url":null,"og_title":null,"og_description":null,"og_object_type":"default","og_image_type":"default","og_image_url":null,"og_image_width":null,"og_image_height":null,"og_image_custom_url":null,"og_image_custom_fields":null,"og_video":null,"og_custom_url":null,"og_article_section":null,"og_article_tags":null,"twitter_use_og":false,"twitter_card":"default","twitter_image_type":"default","twitter_image_url":null,"twitter_image_custom_url":null,"twitter_image_custom_fields":null,"twitter_title":null,"twitter_description":null,"schema":{"blockGraphs":[],"customGraphs":[],"default":{"data":{"Article":[],"Course":[],"Dataset":[],"FAQPage":[],"Movie":[],"Person":[],"Product":[],"ProductReview":[],"Car":[],"Recipe":[],"Service":[],"SoftwareApplication":[],"WebPage":[]},"graphName":"","isEnabled":true},"graphs":[]},"schema_type":"default","schema_type_options":null,"pillar_content":false,"robots_default":true,"robots_noindex":false,"robots_noarchive":false,"robots_nosnippet":false,"robots_nofollow":false,"robots_noimageindex":false,"robots_noodp":false,"robots_notranslate":false,"robots_max_snippet":null,"robots_max_videopreview":null,"robots_max_imagepreview":"large","priority":null,"frequency":null,"local_seo":null,"seo_analyzer_scan_date":"2026-05-13 03:07:39","breadcrumb_settings":null,"limit_modified_date":false,"reviewed_by":null,"open_ai":null,"ai":null,"created":"2025-04-09 17:42:44","updated":"2026-05-13 03:07:39","focus_keyword":null,"additional_keywords":null,"truseo_locale":null},"aioseo_breadcrumb":"<div class=\"aioseo-breadcrumbs\"><span class=\"aioseo-breadcrumb\">\n\t<a href=\"https:\/\/www.teatrulreginamaria.ro\/hu\" title=\"Home\">Home<\/a>\n<\/span><span class=\"aioseo-breadcrumb-separator\">&raquo;<\/span><span class=\"aioseo-breadcrumb\">\n\t<a href=\"https:\/\/www.teatrulreginamaria.ro\/hu\/categorie\/noutati\/\" title=\"Nout\u0103\u021bi\">Nout\u0103\u021bi<\/a>\n<\/span><span class=\"aioseo-breadcrumb-separator\">&raquo;<\/span><span class=\"aioseo-breadcrumb\">\n\t<a href=\"https:\/\/www.teatrulreginamaria.ro\/hu\/categorie\/noutati\/noutati-trupa-iosif-vulcan\/\" title=\"Nout\u0103\u021bi - Trupa Iosif Vulcan\">Nout\u0103\u021bi - Trupa Iosif Vulcan<\/a>\n<\/span><span class=\"aioseo-breadcrumb-separator\">&raquo;<\/span><span class=\"aioseo-breadcrumb\">\n\tCOMUNICAT DE PRES\u0102 | START \u00eenscrierilor la FTS 2023\n<\/span><\/div>","aioseo_breadcrumb_json":[{"label":"Home","link":"https:\/\/www.teatrulreginamaria.ro\/hu"},{"label":"Nout\u0103\u021bi","link":"https:\/\/www.teatrulreginamaria.ro\/hu\/categorie\/noutati\/"},{"label":"Nout\u0103\u021bi - Trupa Iosif Vulcan","link":"https:\/\/www.teatrulreginamaria.ro\/hu\/categorie\/noutati\/noutati-trupa-iosif-vulcan\/"},{"label":"COMUNICAT DE PRES\u0102 | START \u00eenscrierilor la FTS 2023","link":"https:\/\/www.teatrulreginamaria.ro\/hu\/start-inscrierilor-la-fts-2023\/"}],"acf":[],"_links":{"self":[{"href":"https:\/\/www.teatrulreginamaria.ro\/hu\/wp-json\/wp\/v2\/posts\/5311","targetHints":{"allow":["GET"]}}],"collection":[{"href":"https:\/\/www.teatrulreginamaria.ro\/hu\/wp-json\/wp\/v2\/posts"}],"about":[{"href":"https:\/\/www.teatrulreginamaria.ro\/hu\/wp-json\/wp\/v2\/types\/post"}],"author":[{"embeddable":true,"href":"https:\/\/www.teatrulreginamaria.ro\/hu\/wp-json\/wp\/v2\/users\/6"}],"replies":[{"embeddable":true,"href":"https:\/\/www.teatrulreginamaria.ro\/hu\/wp-json\/wp\/v2\/comments?post=5311"}],"version-history":[{"count":0,"href":"https:\/\/www.teatrulreginamaria.ro\/hu\/wp-json\/wp\/v2\/posts\/5311\/revisions"}],"wp:featuredmedia":[{"embeddable":true,"href":"https:\/\/www.teatrulreginamaria.ro\/hu\/wp-json\/wp\/v2\/media\/5310"}],"wp:attachment":[{"href":"https:\/\/www.teatrulreginamaria.ro\/hu\/wp-json\/wp\/v2\/media?parent=5311"}],"wp:term":[{"taxonomy":"category","embeddable":true,"href":"https:\/\/www.teatrulreginamaria.ro\/hu\/wp-json\/wp\/v2\/categories?post=5311"},{"taxonomy":"post_tag","embeddable":true,"href":"https:\/\/www.teatrulreginamaria.ro\/hu\/wp-json\/wp\/v2\/tags?post=5311"}],"curies":[{"name":"munkaf\u00fczet","href":"https:\/\/api.w.org\/{rel}","templated":true}]}}