{"id":5360,"date":"2023-04-19T11:46:52","date_gmt":"2023-04-19T11:46:52","guid":{"rendered":"https:\/\/teatrulreginamaria.ro\/2023\/04\/19\/teatrul-regina-maria-se-pregateste-pentru-o-noua-premiera-98-decizia-corecta\/"},"modified":"2023-04-19T11:46:52","modified_gmt":"2023-04-19T11:46:52","slug":"a-queen-maria-szinhaz-uj-premierre-keszul-a-98-as-dontes-helyes-volt","status":"publish","type":"post","link":"https:\/\/www.teatrulreginamaria.ro\/hu\/teatrul-regina-maria-se-pregateste-pentru-o-noua-premiera-98-decizia-corecta\/","title":{"rendered":"\u00daj premierre k\u00e9sz\u00fcl a Regina Maria Sz\u00ednh\u00e1z: 98% (a helyes d\u00f6nt\u00e9s)!"},"content":{"rendered":"<p><strong>A Regina Maria Sz\u00ednh\u00e1z \u201eIosif Vulcan\u201d t\u00e1rsulata nagy \u00f6r\u00f6mmel jelentheti be<\/strong><strong>\u00de<\/strong><strong>Andreea T\u0103nase &quot;98% (a helyes d\u00f6nt\u00e9s)&quot; c\u00edm\u0171 m\u0171sor\u00e1nak premierje C\u0103t\u0103lin Mardale rendez\u00e9s\u00e9ben, amely \u00e1prilis 23-\u00e1n 19 \u00f3rakor lesz az \u00c1rk\u00e1dia teremben.<\/strong><\/p>\n<p><!--more--><\/p>\n<p>A m\u0171sor tin\u00e9dzsereknek sz\u00f3l, \u00e9s egy olyan \u00e9rz\u00e9keny t\u00e9m\u00e1t dolgoz fel, amellyel t\u00e1rsadalmunk ma is szembes\u00fcl: a tin\u00e9dzserkori terhess\u00e9get \u00e9s azt a t\u00e1rsadalmi-\u00e9rzelmi hull\u00e1mvasutat, amelybe azok ker\u00fclnek, akik ezzel szembes\u00fclnek. A f\u0151 t\u00e9m\u00e1hoz kapcsol\u00f3d\u00f3an egy m\u00e1sik, a fiatalok sz\u00e1m\u00e1ra relev\u00e1ns t\u00e9ma is felmer\u00fcl: <em>zaklat\u00e1s<\/em> az iskol\u00e1kban.<\/p>\n<p>Az el\u0151ad\u00e1s a Regina Maria Sz\u00ednh\u00e1z \u00e1ltal kezdem\u00e9nyezett, fiataloknak sz\u00f3l\u00f3 oktat\u00e1si program r\u00e9sze, amelynek c\u00e9lja egy <em>biztons\u00e1gos hely<\/em> vita aktu\u00e1lis t\u00e9m\u00e1kr\u00f3l, amelyeket t\u00e1rsadalmunkban m\u00e9g mindig tabunak tekint\u00fcnk. A k\u00f6z\u00e9piskol\u00e1k sz\u00e1m\u00e1ra szervezett el\u0151ad\u00e1sok ut\u00e1n iskolapszichol\u00f3gussal besz\u00e9lgetnek a m\u0171sorban felvetett t\u00e9m\u00e1r\u00f3l.<\/p>\n<p>Ugyanakkor a \u201e98% (a helyes d\u00f6nt\u00e9s)\u201d c\u00edm\u0171 projektet C\u0103t\u0103lin Mardale rendez\u0151 ny\u00fajtotta be a Regina Maria Sz\u00ednh\u00e1z \u00e1ltal 2022 janu\u00e1rj\u00e1ban ind\u00edtott \u201eStart-up Theatre Directing\u201d program keret\u00e9ben, \u00e9s nyertesnek is nyilv\u00e1n\u00edtott\u00e1k.<\/p>\n<p>C\u0103t\u0103lin Mardale sz\u00ednh\u00e1zrendez\u0151k\u00e9nt v\u00e9gzett Gelu Badea professzor oszt\u00e1ly\u00e1ban a kolozsv\u00e1ri Babe\u0219 Bolyai Egyetem Sz\u00ednh\u00e1z- \u00e9s Telev\u00edzi\u00f3s Kar\u00e1n, ahol doktori tanulm\u00e1nyait is folytatja sz\u00ednh\u00e1z- \u00e9s el\u0151ad\u00f3m\u0171v\u00e9szeti szakon. Rendezte Spir\u00f3 Gy\u0151rgy &quot;Por&quot; c\u00edm\u0171 darabj\u00e1t a Nagyb\u00e1nyai V\u00e1rosi Sz\u00ednh\u00e1zban, valamint sz\u00e1mos f\u00fcggetlen el\u0151ad\u00e1st, egy\u00fcttm\u0171k\u00f6dve a kolozsv\u00e1ri Reactor de Crea\u021bie \u0219i Experimenttel \u00e9s a Fabrica de Pensule-val.<\/p>\n<p><em>A v\u00e1ratlan terhess\u00e9ggel szembes\u00fcl\u0151 tizen\u00e9ves l\u00e1nyokat legt\u00f6bbsz\u00f6r vagy hib\u00e1ztatj\u00e1k, vagy egyszer\u0171en figyelmen k\u00edv\u00fcl hagyj\u00e1k. Az ilyen helyzetben \u00e1t\u00e9lt \u00e9rzelmi sokk mellett Rom\u00e1ni\u00e1ban a tizen\u00e9ves any\u00e1k a szolg\u00e1ltat\u00e1sok hi\u00e1ny\u00e1val is szembes\u00fclnek. A Save the Children jelent\u00e9se szerint 10 terhes tin\u00e9dzserb\u0151l 5 nem esett \u00e1t n\u0151gy\u00f3gy\u00e1sz vizsg\u00e1laton a terhess\u00e9ge alatt.<\/em><\/p>\n<p><em>Az \u00e1ltalam javasolt m\u0171sorral egyr\u00e9szt v\u00e9szharangot szeretn\u00e9k kongatni. M\u00e1sr\u00e9szt azonban nem akarom Iz\u00e1t \u00e1ldozatt\u00e1 tenni. \u00c9pp ellenkez\u0151leg. Er\u0151s hangg\u00e1 v\u00e1lik minden olyan tizen\u00e9ves l\u00e1ny sz\u00e1m\u00e1ra, aki terhess\u00e9ggel n\u00e9zett szembe.<\/em> (Catalin Mardale)<\/p>\n<p>A m\u0171sorban vet\u00edtett szcenogr\u00e1fia \u00e9s anim\u00e1ci\u00f3k R\u0103zvan Chendrean\u00e9, a st\u00e1bban pedig a k\u00f6vetkez\u0151 sz\u00edn\u00e9szek szerepelnek: Giorgiana Coman, Lucia Rogoz, Sorin Ionescu, Carina Bunea, Tudor Manea, Angela Tanko, Petra Panait, Eugen Neag \u00e9s David Constantinescu.<\/p>\n<p>A premieren r\u00e9szt vesz Andreea T\u0103nase dr\u00e1ma\u00edr\u00f3 is, aki v\u00e1laszolt a felh\u00edv\u00e1sunkra, hogy vegyen r\u00e9szt egy besz\u00e9lget\u00e9ssorozatban a k\u00f6z\u00f6ns\u00e9ggel a sz\u00f6vegr\u0151l, az inspir\u00e1ci\u00f3 forr\u00e1sair\u00f3l, az \u00e9get\u0151 t\u00e9m\u00e1k feldolgoz\u00e1s\u00e1nak sz\u00fcks\u00e9gess\u00e9g\u00e9r\u0151l \u00e9s arr\u00f3l, hogy t\u00fckr\u00f6t tartson a mai t\u00e1rsadalom el\u00e9.<\/p>\n<p>Az el\u0151ad\u00e1s 14 \u00e9ven aluliaknak nem aj\u00e1nlott!<\/p>\n<p>A premierre 2023. \u00e1prilis 23-\u00e1n, 19:00 \u00f3r\u00e1t\u00f3l ker\u00fcl sor az Arcadia Hallban, a k\u00f6vetkez\u0151 el\u0151ad\u00e1sok pedig \u00e1prilis 27-\u00e9n \u00e9s m\u00e1jus 10-\u00e9n lesznek. Jegyek m\u00e1r kaphat\u00f3k a sz\u00ednh\u00e1zi \u00fcgyn\u00f6ks\u00e9gn\u00e9l (kedden \u00e9s cs\u00fct\u00f6rt\u00f6k\u00f6n 12:00 \u00e9s 18:00 \u00f3ra k\u00f6z\u00f6tt, szerd\u00e1n \u00e9s p\u00e9nteken 10:00 \u00e9s 14:00 \u00f3ra k\u00f6z\u00f6tt, szombaton 11:00 \u00e9s 13:00 \u00f3ra k\u00f6z\u00f6tt, vagy az el\u0151ad\u00e1sok el\u0151tt egy \u00f3r\u00e1val) \u00e9s online az Eventim.ro oldalon.<\/p>\n<p>Tov\u00e1bbi inform\u00e1ci\u00f3 a m\u0171sorr\u00f3l \u00e9s a csapatr\u00f3l a weboldalon tal\u00e1lhat\u00f3 <a href=\"https:\/\/www.teatrulreginamaria.ro\/hu\/\">Queen Maria Sz\u00ednh\u00e1z<\/a>.<\/p>\n<p>Szeretettel v\u00e1runk a sz\u00ednh\u00e1zba!<\/p>","protected":false},"excerpt":{"rendered":"<p>A Regina Maria Sz\u00ednh\u00e1z \u201eIosif Vulcan\u201d t\u00e1rsulata \u00f6r\u00f6mmel jelenti be Andreea T\u0103nase \u201e98% (a helyes d\u00f6nt\u00e9s)\u201d c\u00edm\u0171 darabj\u00e1nak premierj\u00e9t, amelyet C\u0103t\u0103lin Mardale rendezett, \u00e9s amelyre \u00e1prilis 23-\u00e1n, 19 \u00f3rakor ker\u00fcl sor az Arcadia Teremben.<\/p>","protected":false},"author":6,"featured_media":5345,"comment_status":"open","ping_status":"open","sticky":false,"template":"","format":"standard","meta":{"_acf_changed":false,"footnotes":""},"categories":[22],"tags":[],"class_list":["post-5360","post","type-post","status-publish","format-standard","has-post-thumbnail","hentry","category-noutati-trupa-iosif-vulcan"],"aioseo_notices":[],"aioseo_head":"\n\t\t<!-- All in One SEO Pro 5.0.1.1 - aioseo.com -->\n\t<meta name=\"description\" content=\"Trupa \u201eIosif Vulcan\u201d a Teatrul Regina Maria are deosebita pl\u0103cere de a anun\u021ba premiera spectacolului \u201e98% (decizia corect\u0103)\u201d de Andreea T\u0103nase, regia C\u0103t\u0103lin Mardale, care va avea loc \u00een 23 aprilie, de la ora 19, la Sala Arcadia. Spectacolul are ca public \u021bint\u0103 adolescen\u021bii \u0219i trateaz\u0103 un subiect sensibil cu care societatea noastr\u0103 \u00eenc\u0103 se\" \/>\n\t<meta name=\"robots\" content=\"max-image-preview:large\" \/>\n\t<meta name=\"author\" content=\"Teatrul Regina Maria\"\/>\n\t<link rel=\"canonical\" href=\"https:\/\/www.teatrulreginamaria.ro\/hu\/teatrul-regina-maria-se-pregateste-pentru-o-noua-premiera-98-decizia-corecta\/\" \/>\n\t<meta name=\"generator\" content=\"All in One SEO Pro (AIOSEO) 5.0.1.1\" \/>\n\t\t<meta property=\"og:locale\" content=\"hu_HU\" \/>\n\t\t<meta property=\"og:site_name\" content=\"Teatrul Regina Maria Oradea - Trupa Iosif Vulcan \u0219i Trupa Arcadia\" \/>\n\t\t<meta property=\"og:type\" content=\"article\" \/>\n\t\t<meta property=\"og:title\" content=\"Teatrul Regina Maria se preg\u0103te\u0219te pentru o nou\u0103 premier\u0103: 98% (decizia corect\u0103)! - Teatrul Regina Maria Oradea\" \/>\n\t\t<meta property=\"og:description\" content=\"Trupa \u201eIosif Vulcan\u201d a Teatrul Regina Maria are deosebita pl\u0103cere de a anun\u021ba premiera spectacolului \u201e98% (decizia corect\u0103)\u201d de Andreea T\u0103nase, regia C\u0103t\u0103lin Mardale, care va avea loc \u00een 23 aprilie, de la ora 19, la Sala Arcadia. Spectacolul are ca public \u021bint\u0103 adolescen\u021bii \u0219i trateaz\u0103 un subiect sensibil cu care societatea noastr\u0103 \u00eenc\u0103 se\" \/>\n\t\t<meta property=\"og:url\" content=\"https:\/\/www.teatrulreginamaria.ro\/hu\/teatrul-regina-maria-se-pregateste-pentru-o-noua-premiera-98-decizia-corecta\/\" \/>\n\t\t<meta property=\"og:image\" content=\"https:\/\/www.teatrulreginamaria.ro\/wp-content\/uploads\/2025\/03\/trm-istoric-01.jpg\" \/>\n\t\t<meta property=\"og:image:secure_url\" content=\"https:\/\/www.teatrulreginamaria.ro\/wp-content\/uploads\/2025\/03\/trm-istoric-01.jpg\" \/>\n\t\t<meta property=\"og:image:width\" content=\"1200\" \/>\n\t\t<meta property=\"og:image:height\" content=\"800\" \/>\n\t\t<meta property=\"article:published_time\" content=\"2023-04-19T11:46:52+00:00\" \/>\n\t\t<meta property=\"article:modified_time\" content=\"2023-04-19T11:46:52+00:00\" \/>\n\t\t<meta property=\"article:publisher\" content=\"https:\/\/www.facebook.com\/TRMTrupaIosifVulcan\/\" \/>\n\t\t<meta name=\"twitter:card\" content=\"summary_large_image\" \/>\n\t\t<meta name=\"twitter:site\" content=\"@TRMOradea\" \/>\n\t\t<meta name=\"twitter:title\" content=\"Teatrul Regina Maria se preg\u0103te\u0219te pentru o nou\u0103 premier\u0103: 98% (decizia corect\u0103)! - Teatrul Regina Maria Oradea\" \/>\n\t\t<meta name=\"twitter:description\" content=\"Trupa \u201eIosif Vulcan\u201d a Teatrul Regina Maria are deosebita pl\u0103cere de a anun\u021ba premiera spectacolului \u201e98% (decizia corect\u0103)\u201d de Andreea T\u0103nase, regia C\u0103t\u0103lin Mardale, care va avea loc \u00een 23 aprilie, de la ora 19, la Sala Arcadia. Spectacolul are ca public \u021bint\u0103 adolescen\u021bii \u0219i trateaz\u0103 un subiect sensibil cu care societatea noastr\u0103 \u00eenc\u0103 se\" \/>\n\t\t<meta name=\"twitter:creator\" content=\"@TRMOradea\" \/>\n\t\t<meta name=\"twitter:image\" content=\"https:\/\/www.teatrulreginamaria.ro\/wp-content\/uploads\/2025\/03\/trm-istoric-01.jpg\" \/>\n\t\t<script type=\"application\/ld+json\" class=\"aioseo-schema\">\n\t\t\t{\"@context\":\"https:\\\/\\\/schema.org\",\"@graph\":[{\"@type\":\"BlogPosting\",\"@id\":\"https:\\\/\\\/www.teatrulreginamaria.ro\\\/hu\\\/teatrul-regina-maria-se-pregateste-pentru-o-noua-premiera-98-decizia-corecta\\\/#blogposting\",\"name\":\"Teatrul Regina Maria se preg\\u0103te\\u0219te pentru o nou\\u0103 premier\\u0103: 98% (decizia corect\\u0103)! - Teatrul Regina Maria Oradea\",\"headline\":\"Teatrul Regina Maria se preg\\u0103te\\u0219te pentru o nou\\u0103 premier\\u0103: 98% (decizia corect\\u0103)!\",\"author\":{\"@id\":\"https:\\\/\\\/www.teatrulreginamaria.ro\\\/hu\\\/author\\\/w3bmaster\\\/#author\"},\"publisher\":{\"@id\":\"https:\\\/\\\/www.teatrulreginamaria.ro\\\/hu\\\/#organization\"},\"image\":{\"@type\":\"ImageObject\",\"url\":\"https:\\\/\\\/www.teatrulreginamaria.ro\\\/wp-content\\\/uploads\\\/2023\\\/03\\\/Afis_98_decizia_corecta.png\",\"width\":1985,\"height\":2835},\"datePublished\":\"2023-04-19T11:46:52+03:00\",\"dateModified\":\"2023-04-19T11:46:52+03:00\",\"inLanguage\":\"hu-HU\",\"mainEntityOfPage\":{\"@id\":\"https:\\\/\\\/www.teatrulreginamaria.ro\\\/hu\\\/teatrul-regina-maria-se-pregateste-pentru-o-noua-premiera-98-decizia-corecta\\\/#webpage\"},\"isPartOf\":{\"@id\":\"https:\\\/\\\/www.teatrulreginamaria.ro\\\/hu\\\/teatrul-regina-maria-se-pregateste-pentru-o-noua-premiera-98-decizia-corecta\\\/#webpage\"},\"articleSection\":\"Nout\\u0103\\u021bi - Trupa Iosif Vulcan\"},{\"@type\":\"BreadcrumbList\",\"@id\":\"https:\\\/\\\/www.teatrulreginamaria.ro\\\/hu\\\/teatrul-regina-maria-se-pregateste-pentru-o-noua-premiera-98-decizia-corecta\\\/#breadcrumblist\",\"itemListElement\":[{\"@type\":\"ListItem\",\"@id\":\"https:\\\/\\\/www.teatrulreginamaria.ro\\\/hu#listItem\",\"position\":1,\"name\":\"Home\",\"item\":\"https:\\\/\\\/www.teatrulreginamaria.ro\\\/hu\",\"nextItem\":{\"@type\":\"ListItem\",\"@id\":\"https:\\\/\\\/www.teatrulreginamaria.ro\\\/hu\\\/categorie\\\/noutati\\\/#listItem\",\"name\":\"Nout\\u0103\\u021bi\"}},{\"@type\":\"ListItem\",\"@id\":\"https:\\\/\\\/www.teatrulreginamaria.ro\\\/hu\\\/categorie\\\/noutati\\\/#listItem\",\"position\":2,\"name\":\"Nout\\u0103\\u021bi\",\"item\":\"https:\\\/\\\/www.teatrulreginamaria.ro\\\/hu\\\/categorie\\\/noutati\\\/\",\"nextItem\":{\"@type\":\"ListItem\",\"@id\":\"https:\\\/\\\/www.teatrulreginamaria.ro\\\/hu\\\/categorie\\\/noutati\\\/noutati-trupa-iosif-vulcan\\\/#listItem\",\"name\":\"Nout\\u0103\\u021bi - Trupa Iosif Vulcan\"},\"previousItem\":{\"@type\":\"ListItem\",\"@id\":\"https:\\\/\\\/www.teatrulreginamaria.ro\\\/hu#listItem\",\"name\":\"Home\"}},{\"@type\":\"ListItem\",\"@id\":\"https:\\\/\\\/www.teatrulreginamaria.ro\\\/hu\\\/categorie\\\/noutati\\\/noutati-trupa-iosif-vulcan\\\/#listItem\",\"position\":3,\"name\":\"Nout\\u0103\\u021bi - Trupa Iosif Vulcan\",\"item\":\"https:\\\/\\\/www.teatrulreginamaria.ro\\\/hu\\\/categorie\\\/noutati\\\/noutati-trupa-iosif-vulcan\\\/\",\"nextItem\":{\"@type\":\"ListItem\",\"@id\":\"https:\\\/\\\/www.teatrulreginamaria.ro\\\/hu\\\/teatrul-regina-maria-se-pregateste-pentru-o-noua-premiera-98-decizia-corecta\\\/#listItem\",\"name\":\"Teatrul Regina Maria se preg\\u0103te\\u0219te pentru o nou\\u0103 premier\\u0103: 98% (decizia corect\\u0103)!\"},\"previousItem\":{\"@type\":\"ListItem\",\"@id\":\"https:\\\/\\\/www.teatrulreginamaria.ro\\\/hu\\\/categorie\\\/noutati\\\/#listItem\",\"name\":\"Nout\\u0103\\u021bi\"}},{\"@type\":\"ListItem\",\"@id\":\"https:\\\/\\\/www.teatrulreginamaria.ro\\\/hu\\\/teatrul-regina-maria-se-pregateste-pentru-o-noua-premiera-98-decizia-corecta\\\/#listItem\",\"position\":4,\"name\":\"Teatrul Regina Maria se preg\\u0103te\\u0219te pentru o nou\\u0103 premier\\u0103: 98% (decizia corect\\u0103)!\",\"previousItem\":{\"@type\":\"ListItem\",\"@id\":\"https:\\\/\\\/www.teatrulreginamaria.ro\\\/hu\\\/categorie\\\/noutati\\\/noutati-trupa-iosif-vulcan\\\/#listItem\",\"name\":\"Nout\\u0103\\u021bi - Trupa Iosif Vulcan\"}}]},{\"@type\":\"Organization\",\"@id\":\"https:\\\/\\\/www.teatrulreginamaria.ro\\\/hu\\\/#organization\",\"name\":\"Teatrul Regina Maria Oradea\",\"description\":\"Trupa Iosif Vulcan \\u0219i Trupa Arcadia\",\"url\":\"https:\\\/\\\/www.teatrulreginamaria.ro\\\/hu\\\/\",\"email\":\"marketing@teatrulreginamaria.ro\",\"telephone\":\"+40359411534\",\"numberOfEmployees\":{\"@type\":\"QuantitativeValue\",\"minValue\":0,\"maxValue\":150},\"logo\":{\"@type\":\"ImageObject\",\"url\":\"https:\\\/\\\/www.teatrulreginamaria.ro\\\/wp-content\\\/uploads\\\/2025\\\/06\\\/logo-trm-01-dark.png\",\"@id\":\"https:\\\/\\\/www.teatrulreginamaria.ro\\\/hu\\\/teatrul-regina-maria-se-pregateste-pentru-o-noua-premiera-98-decizia-corecta\\\/#organizationLogo\",\"width\":300,\"height\":148},\"image\":{\"@id\":\"https:\\\/\\\/www.teatrulreginamaria.ro\\\/hu\\\/teatrul-regina-maria-se-pregateste-pentru-o-noua-premiera-98-decizia-corecta\\\/#organizationLogo\"},\"sameAs\":[\"https:\\\/\\\/www.facebook.com\\\/TRMTrupaIosifVulcan\\\/\",\"https:\\\/\\\/x.com\\\/TRMOradea\",\"https:\\\/\\\/www.instagram.com\\\/teatrul_regina_maria\\\/\",\"https:\\\/\\\/www.youtube.com\\\/c\\\/TeatrulReginaMariaOradea\",\"https:\\\/\\\/www.linkedin.com\\\/company\\\/teatrul-regina-maria\"]},{\"@type\":\"Person\",\"@id\":\"https:\\\/\\\/www.teatrulreginamaria.ro\\\/hu\\\/author\\\/w3bmaster\\\/#author\",\"url\":\"https:\\\/\\\/www.teatrulreginamaria.ro\\\/hu\\\/author\\\/w3bmaster\\\/\",\"name\":\"Teatrul Regina Maria\",\"image\":{\"@type\":\"ImageObject\",\"@id\":\"https:\\\/\\\/www.teatrulreginamaria.ro\\\/hu\\\/teatrul-regina-maria-se-pregateste-pentru-o-noua-premiera-98-decizia-corecta\\\/#authorImage\",\"url\":\"https:\\\/\\\/secure.gravatar.com\\\/avatar\\\/5884139d508ae3f0bafe45e60563b48a9640146d3b08ccc6278c305ff9329305?s=96&d=mm&r=g\",\"width\":96,\"height\":96,\"caption\":\"Teatrul Regina Maria\"}},{\"@type\":\"WebPage\",\"@id\":\"https:\\\/\\\/www.teatrulreginamaria.ro\\\/hu\\\/teatrul-regina-maria-se-pregateste-pentru-o-noua-premiera-98-decizia-corecta\\\/#webpage\",\"url\":\"https:\\\/\\\/www.teatrulreginamaria.ro\\\/hu\\\/teatrul-regina-maria-se-pregateste-pentru-o-noua-premiera-98-decizia-corecta\\\/\",\"name\":\"Teatrul Regina Maria se preg\\u0103te\\u0219te pentru o nou\\u0103 premier\\u0103: 98% (decizia corect\\u0103)! - Teatrul Regina Maria Oradea\",\"description\":\"Trupa \\u201eIosif Vulcan\\u201d a Teatrul Regina Maria are deosebita pl\\u0103cere de a anun\\u021ba premiera spectacolului \\u201e98% (decizia corect\\u0103)\\u201d de Andreea T\\u0103nase, regia C\\u0103t\\u0103lin Mardale, care va avea loc \\u00een 23 aprilie, de la ora 19, la Sala Arcadia. Spectacolul are ca public \\u021bint\\u0103 adolescen\\u021bii \\u0219i trateaz\\u0103 un subiect sensibil cu care societatea noastr\\u0103 \\u00eenc\\u0103 se\",\"inLanguage\":\"hu-HU\",\"isPartOf\":{\"@id\":\"https:\\\/\\\/www.teatrulreginamaria.ro\\\/hu\\\/#website\"},\"breadcrumb\":{\"@id\":\"https:\\\/\\\/www.teatrulreginamaria.ro\\\/hu\\\/teatrul-regina-maria-se-pregateste-pentru-o-noua-premiera-98-decizia-corecta\\\/#breadcrumblist\"},\"author\":{\"@id\":\"https:\\\/\\\/www.teatrulreginamaria.ro\\\/hu\\\/author\\\/w3bmaster\\\/#author\"},\"creator\":{\"@id\":\"https:\\\/\\\/www.teatrulreginamaria.ro\\\/hu\\\/author\\\/w3bmaster\\\/#author\"},\"image\":{\"@type\":\"ImageObject\",\"url\":\"https:\\\/\\\/www.teatrulreginamaria.ro\\\/wp-content\\\/uploads\\\/2023\\\/03\\\/Afis_98_decizia_corecta.png\",\"@id\":\"https:\\\/\\\/www.teatrulreginamaria.ro\\\/hu\\\/teatrul-regina-maria-se-pregateste-pentru-o-noua-premiera-98-decizia-corecta\\\/#mainImage\",\"width\":1985,\"height\":2835},\"primaryImageOfPage\":{\"@id\":\"https:\\\/\\\/www.teatrulreginamaria.ro\\\/hu\\\/teatrul-regina-maria-se-pregateste-pentru-o-noua-premiera-98-decizia-corecta\\\/#mainImage\"},\"datePublished\":\"2023-04-19T11:46:52+03:00\",\"dateModified\":\"2023-04-19T11:46:52+03:00\"},{\"@type\":\"WebSite\",\"@id\":\"https:\\\/\\\/www.teatrulreginamaria.ro\\\/hu\\\/#website\",\"url\":\"https:\\\/\\\/www.teatrulreginamaria.ro\\\/hu\\\/\",\"name\":\"Teatrul Regina Maria Oradea\",\"alternateName\":\"TRM Oradea\",\"description\":\"Trupa Iosif Vulcan \\u0219i Trupa Arcadia\",\"inLanguage\":\"hu-HU\",\"publisher\":{\"@id\":\"https:\\\/\\\/www.teatrulreginamaria.ro\\\/hu\\\/#organization\"}}]}\n\t\t<\/script>\n\t\t<!-- All in One SEO Pro -->\r\n\t\t<title>Teatrul Regina Maria se preg\u0103te\u0219te pentru o nou\u0103 premier\u0103: 98% (decizia corect\u0103)! - Teatrul Regina Maria Oradea<\/title>\n\n","aioseo_head_json":{"title":"A Regina Maria Sz\u00ednh\u00e1z \u00faj premierre k\u00e9sz\u00fcl: 98% (a helyes d\u00f6nt\u00e9s)! - A nagyv\u00e1radi Regina Maria Sz\u00ednh\u00e1z","description":"A Regina Maria Sz\u00ednh\u00e1z \u201eIosif Vulcan\u201d t\u00e1rsulata \u00f6r\u00f6mmel jelenti be Andreea T\u0103nase \u201e98% (a helyes d\u00f6nt\u00e9s)\u201d c\u00edm\u0171 darabj\u00e1nak premierj\u00e9t, amelyet C\u0103t\u0103lin Mardale rendezett, \u00e9s amelyre \u00e1prilis 23-\u00e1n, 19 \u00f3rakor ker\u00fcl sor az Arcadia Hallban. Az el\u0151ad\u00e1s tin\u00e9dzsereknek sz\u00f3l, \u00e9s egy olyan \u00e9rz\u00e9keny t\u00e9m\u00e1t dolgoz fel, amellyel t\u00e1rsadalmunk m\u00e9g mindig k\u00fczd.","canonical_url":"https:\/\/www.teatrulreginamaria.ro\/hu\/teatrul-regina-maria-se-pregateste-pentru-o-noua-premiera-98-decizia-corecta\/","robots":"max-image-preview:large","keywords":"","webmasterTools":{"miscellaneous":""},"schema":{"@context":"https:\/\/schema.org","@graph":[{"@type":"BlogPosting","@id":"https:\/\/www.teatrulreginamaria.ro\/hu\/teatrul-regina-maria-se-pregateste-pentru-o-noua-premiera-98-decizia-corecta\/#blogposting","name":"Teatrul Regina Maria se preg\u0103te\u0219te pentru o nou\u0103 premier\u0103: 98% (decizia corect\u0103)! - Teatrul Regina Maria Oradea","headline":"Teatrul Regina Maria se preg\u0103te\u0219te pentru o nou\u0103 premier\u0103: 98% (decizia corect\u0103)!","author":{"@id":"https:\/\/www.teatrulreginamaria.ro\/hu\/author\/w3bmaster\/#author"},"publisher":{"@id":"https:\/\/www.teatrulreginamaria.ro\/hu\/#organization"},"image":{"@type":"ImageObject","url":"https:\/\/www.teatrulreginamaria.ro\/wp-content\/uploads\/2023\/03\/Afis_98_decizia_corecta.png","width":1985,"height":2835},"datePublished":"2023-04-19T11:46:52+03:00","dateModified":"2023-04-19T11:46:52+03:00","inLanguage":"hu-HU","mainEntityOfPage":{"@id":"https:\/\/www.teatrulreginamaria.ro\/hu\/teatrul-regina-maria-se-pregateste-pentru-o-noua-premiera-98-decizia-corecta\/#webpage"},"isPartOf":{"@id":"https:\/\/www.teatrulreginamaria.ro\/hu\/teatrul-regina-maria-se-pregateste-pentru-o-noua-premiera-98-decizia-corecta\/#webpage"},"articleSection":"Nout\u0103\u021bi - Trupa Iosif Vulcan"},{"@type":"BreadcrumbList","@id":"https:\/\/www.teatrulreginamaria.ro\/hu\/teatrul-regina-maria-se-pregateste-pentru-o-noua-premiera-98-decizia-corecta\/#breadcrumblist","itemListElement":[{"@type":"ListItem","@id":"https:\/\/www.teatrulreginamaria.ro\/hu#listItem","position":1,"name":"Home","item":"https:\/\/www.teatrulreginamaria.ro\/hu","nextItem":{"@type":"ListItem","@id":"https:\/\/www.teatrulreginamaria.ro\/hu\/categorie\/noutati\/#listItem","name":"Nout\u0103\u021bi"}},{"@type":"ListItem","@id":"https:\/\/www.teatrulreginamaria.ro\/hu\/categorie\/noutati\/#listItem","position":2,"name":"Nout\u0103\u021bi","item":"https:\/\/www.teatrulreginamaria.ro\/hu\/categorie\/noutati\/","nextItem":{"@type":"ListItem","@id":"https:\/\/www.teatrulreginamaria.ro\/hu\/categorie\/noutati\/noutati-trupa-iosif-vulcan\/#listItem","name":"Nout\u0103\u021bi - Trupa Iosif Vulcan"},"previousItem":{"@type":"ListItem","@id":"https:\/\/www.teatrulreginamaria.ro\/hu#listItem","name":"Home"}},{"@type":"ListItem","@id":"https:\/\/www.teatrulreginamaria.ro\/hu\/categorie\/noutati\/noutati-trupa-iosif-vulcan\/#listItem","position":3,"name":"Nout\u0103\u021bi - Trupa Iosif Vulcan","item":"https:\/\/www.teatrulreginamaria.ro\/hu\/categorie\/noutati\/noutati-trupa-iosif-vulcan\/","nextItem":{"@type":"ListItem","@id":"https:\/\/www.teatrulreginamaria.ro\/hu\/teatrul-regina-maria-se-pregateste-pentru-o-noua-premiera-98-decizia-corecta\/#listItem","name":"Teatrul Regina Maria se preg\u0103te\u0219te pentru o nou\u0103 premier\u0103: 98% (decizia corect\u0103)!"},"previousItem":{"@type":"ListItem","@id":"https:\/\/www.teatrulreginamaria.ro\/hu\/categorie\/noutati\/#listItem","name":"Nout\u0103\u021bi"}},{"@type":"ListItem","@id":"https:\/\/www.teatrulreginamaria.ro\/hu\/teatrul-regina-maria-se-pregateste-pentru-o-noua-premiera-98-decizia-corecta\/#listItem","position":4,"name":"Teatrul Regina Maria se preg\u0103te\u0219te pentru o nou\u0103 premier\u0103: 98% (decizia corect\u0103)!","previousItem":{"@type":"ListItem","@id":"https:\/\/www.teatrulreginamaria.ro\/hu\/categorie\/noutati\/noutati-trupa-iosif-vulcan\/#listItem","name":"Nout\u0103\u021bi - Trupa Iosif Vulcan"}}]},{"@type":"Organization","@id":"https:\/\/www.teatrulreginamaria.ro\/hu\/#organization","name":"Teatrul Regina Maria Oradea","description":"Trupa Iosif Vulcan \u0219i Trupa Arcadia","url":"https:\/\/www.teatrulreginamaria.ro\/hu\/","email":"marketing@teatrulreginamaria.ro","telephone":"+40359411534","numberOfEmployees":{"@type":"QuantitativeValue","minValue":0,"maxValue":150},"logo":{"@type":"ImageObject","url":"https:\/\/www.teatrulreginamaria.ro\/wp-content\/uploads\/2025\/06\/logo-trm-01-dark.png","@id":"https:\/\/www.teatrulreginamaria.ro\/hu\/teatrul-regina-maria-se-pregateste-pentru-o-noua-premiera-98-decizia-corecta\/#organizationLogo","width":300,"height":148},"image":{"@id":"https:\/\/www.teatrulreginamaria.ro\/hu\/teatrul-regina-maria-se-pregateste-pentru-o-noua-premiera-98-decizia-corecta\/#organizationLogo"},"sameAs":["https:\/\/www.facebook.com\/TRMTrupaIosifVulcan\/","https:\/\/x.com\/TRMOradea","https:\/\/www.instagram.com\/teatrul_regina_maria\/","https:\/\/www.youtube.com\/c\/TeatrulReginaMariaOradea","https:\/\/www.linkedin.com\/company\/teatrul-regina-maria"]},{"@type":"Person","@id":"https:\/\/www.teatrulreginamaria.ro\/hu\/author\/w3bmaster\/#author","url":"https:\/\/www.teatrulreginamaria.ro\/hu\/author\/w3bmaster\/","name":"Teatrul Regina Maria","image":{"@type":"ImageObject","@id":"https:\/\/www.teatrulreginamaria.ro\/hu\/teatrul-regina-maria-se-pregateste-pentru-o-noua-premiera-98-decizia-corecta\/#authorImage","url":"https:\/\/secure.gravatar.com\/avatar\/5884139d508ae3f0bafe45e60563b48a9640146d3b08ccc6278c305ff9329305?s=96&d=mm&r=g","width":96,"height":96,"caption":"Teatrul Regina Maria"}},{"@type":"WebPage","@id":"https:\/\/www.teatrulreginamaria.ro\/hu\/teatrul-regina-maria-se-pregateste-pentru-o-noua-premiera-98-decizia-corecta\/#webpage","url":"https:\/\/www.teatrulreginamaria.ro\/hu\/teatrul-regina-maria-se-pregateste-pentru-o-noua-premiera-98-decizia-corecta\/","name":"Teatrul Regina Maria se preg\u0103te\u0219te pentru o nou\u0103 premier\u0103: 98% (decizia corect\u0103)! - Teatrul Regina Maria Oradea","description":"Trupa \u201eIosif Vulcan\u201d a Teatrul Regina Maria are deosebita pl\u0103cere de a anun\u021ba premiera spectacolului \u201e98% (decizia corect\u0103)\u201d de Andreea T\u0103nase, regia C\u0103t\u0103lin Mardale, care va avea loc \u00een 23 aprilie, de la ora 19, la Sala Arcadia. Spectacolul are ca public \u021bint\u0103 adolescen\u021bii \u0219i trateaz\u0103 un subiect sensibil cu care societatea noastr\u0103 \u00eenc\u0103 se","inLanguage":"hu-HU","isPartOf":{"@id":"https:\/\/www.teatrulreginamaria.ro\/hu\/#website"},"breadcrumb":{"@id":"https:\/\/www.teatrulreginamaria.ro\/hu\/teatrul-regina-maria-se-pregateste-pentru-o-noua-premiera-98-decizia-corecta\/#breadcrumblist"},"author":{"@id":"https:\/\/www.teatrulreginamaria.ro\/hu\/author\/w3bmaster\/#author"},"creator":{"@id":"https:\/\/www.teatrulreginamaria.ro\/hu\/author\/w3bmaster\/#author"},"image":{"@type":"ImageObject","url":"https:\/\/www.teatrulreginamaria.ro\/wp-content\/uploads\/2023\/03\/Afis_98_decizia_corecta.png","@id":"https:\/\/www.teatrulreginamaria.ro\/hu\/teatrul-regina-maria-se-pregateste-pentru-o-noua-premiera-98-decizia-corecta\/#mainImage","width":1985,"height":2835},"primaryImageOfPage":{"@id":"https:\/\/www.teatrulreginamaria.ro\/hu\/teatrul-regina-maria-se-pregateste-pentru-o-noua-premiera-98-decizia-corecta\/#mainImage"},"datePublished":"2023-04-19T11:46:52+03:00","dateModified":"2023-04-19T11:46:52+03:00"},{"@type":"WebSite","@id":"https:\/\/www.teatrulreginamaria.ro\/hu\/#website","url":"https:\/\/www.teatrulreginamaria.ro\/hu\/","name":"Teatrul Regina Maria Oradea","alternateName":"TRM Oradea","description":"Trupa Iosif Vulcan \u0219i Trupa Arcadia","inLanguage":"hu-HU","publisher":{"@id":"https:\/\/www.teatrulreginamaria.ro\/hu\/#organization"}}]},"og:locale":"hu_HU","og:site_name":"Teatrul Regina Maria Oradea - Trupa Iosif Vulcan \u0219i Trupa Arcadia","og:type":"article","og:title":"Teatrul Regina Maria se preg\u0103te\u0219te pentru o nou\u0103 premier\u0103: 98% (decizia corect\u0103)! - Teatrul Regina Maria Oradea","og:description":"Trupa \u201eIosif Vulcan\u201d a Teatrul Regina Maria are deosebita pl\u0103cere de a anun\u021ba premiera spectacolului \u201e98% (decizia corect\u0103)\u201d de Andreea T\u0103nase, regia C\u0103t\u0103lin Mardale, care va avea loc \u00een 23 aprilie, de la ora 19, la Sala Arcadia. Spectacolul are ca public \u021bint\u0103 adolescen\u021bii \u0219i trateaz\u0103 un subiect sensibil cu care societatea noastr\u0103 \u00eenc\u0103 se","og:url":"https:\/\/www.teatrulreginamaria.ro\/hu\/teatrul-regina-maria-se-pregateste-pentru-o-noua-premiera-98-decizia-corecta\/","og:image":"https:\/\/www.teatrulreginamaria.ro\/wp-content\/uploads\/2025\/03\/trm-istoric-01.jpg","og:image:secure_url":"https:\/\/www.teatrulreginamaria.ro\/wp-content\/uploads\/2025\/03\/trm-istoric-01.jpg","og:image:width":1200,"og:image:height":800,"article:published_time":"2023-04-19T11:46:52+00:00","article:modified_time":"2023-04-19T11:46:52+00:00","article:publisher":"https:\/\/www.facebook.com\/TRMTrupaIosifVulcan\/","twitter:card":"summary_large_image","twitter:site":"@TRMOradea","twitter:title":"Teatrul Regina Maria se preg\u0103te\u0219te pentru o nou\u0103 premier\u0103: 98% (decizia corect\u0103)! - Teatrul Regina Maria Oradea","twitter:description":"Trupa \u201eIosif Vulcan\u201d a Teatrul Regina Maria are deosebita pl\u0103cere de a anun\u021ba premiera spectacolului \u201e98% (decizia corect\u0103)\u201d de Andreea T\u0103nase, regia C\u0103t\u0103lin Mardale, care va avea loc \u00een 23 aprilie, de la ora 19, la Sala Arcadia. Spectacolul are ca public \u021bint\u0103 adolescen\u021bii \u0219i trateaz\u0103 un subiect sensibil cu care societatea noastr\u0103 \u00eenc\u0103 se","twitter:creator":"@TRMOradea","twitter:image":"https:\/\/www.teatrulreginamaria.ro\/wp-content\/uploads\/2025\/03\/trm-istoric-01.jpg"},"aioseo_meta_data":{"post_id":"5360","title":null,"description":null,"keywords":null,"keyphrases":{"focus":[],"additional":[]},"primary_term":null,"canonical_url":null,"og_title":null,"og_description":null,"og_object_type":"default","og_image_type":"default","og_image_url":null,"og_image_width":null,"og_image_height":null,"og_image_custom_url":null,"og_image_custom_fields":null,"og_video":null,"og_custom_url":null,"og_article_section":null,"og_article_tags":null,"twitter_use_og":false,"twitter_card":"default","twitter_image_type":"default","twitter_image_url":null,"twitter_image_custom_url":null,"twitter_image_custom_fields":null,"twitter_title":null,"twitter_description":null,"schema":{"blockGraphs":[],"customGraphs":[],"default":{"data":{"Article":[],"Course":[],"Dataset":[],"FAQPage":[],"Movie":[],"Person":[],"Product":[],"ProductReview":[],"Car":[],"Recipe":[],"Service":[],"SoftwareApplication":[],"WebPage":[]},"graphName":"","isEnabled":true},"graphs":[]},"schema_type":"default","schema_type_options":null,"pillar_content":false,"robots_default":true,"robots_noindex":false,"robots_noarchive":false,"robots_nosnippet":false,"robots_nofollow":false,"robots_noimageindex":false,"robots_noodp":false,"robots_notranslate":false,"robots_max_snippet":null,"robots_max_videopreview":null,"robots_max_imagepreview":"large","priority":null,"frequency":null,"local_seo":null,"seo_analyzer_scan_date":"2026-05-13 03:11:57","breadcrumb_settings":null,"limit_modified_date":false,"reviewed_by":null,"open_ai":null,"ai":null,"created":"2025-04-09 17:42:44","updated":"2026-08-14 23:13:10","focus_keyword":null,"additional_keywords":null,"truseo_locale":null},"aioseo_breadcrumb":"<div class=\"aioseo-breadcrumbs\"><span class=\"aioseo-breadcrumb\">\n\t<a href=\"https:\/\/www.teatrulreginamaria.ro\/hu\" title=\"Home\">Home<\/a>\n<\/span><span class=\"aioseo-breadcrumb-separator\">&raquo;<\/span><span class=\"aioseo-breadcrumb\">\n\t<a href=\"https:\/\/www.teatrulreginamaria.ro\/hu\/categorie\/noutati\/\" title=\"Nout\u0103\u021bi\">Nout\u0103\u021bi<\/a>\n<\/span><span class=\"aioseo-breadcrumb-separator\">&raquo;<\/span><span class=\"aioseo-breadcrumb\">\n\t<a href=\"https:\/\/www.teatrulreginamaria.ro\/hu\/categorie\/noutati\/noutati-trupa-iosif-vulcan\/\" title=\"Nout\u0103\u021bi - Trupa Iosif Vulcan\">Nout\u0103\u021bi - Trupa Iosif Vulcan<\/a>\n<\/span><span class=\"aioseo-breadcrumb-separator\">&raquo;<\/span><span class=\"aioseo-breadcrumb\">\n\tTeatrul Regina Maria se preg\u0103te\u0219te pentru o nou\u0103 premier\u0103: 98% (decizia corect\u0103)!\n<\/span><\/div>","aioseo_breadcrumb_json":[{"label":"Home","link":"https:\/\/www.teatrulreginamaria.ro\/hu"},{"label":"Nout\u0103\u021bi","link":"https:\/\/www.teatrulreginamaria.ro\/hu\/categorie\/noutati\/"},{"label":"Nout\u0103\u021bi - Trupa Iosif Vulcan","link":"https:\/\/www.teatrulreginamaria.ro\/hu\/categorie\/noutati\/noutati-trupa-iosif-vulcan\/"},{"label":"Teatrul Regina Maria se preg\u0103te\u0219te pentru o nou\u0103 premier\u0103: 98% (decizia corect\u0103)!","link":"https:\/\/www.teatrulreginamaria.ro\/hu\/teatrul-regina-maria-se-pregateste-pentru-o-noua-premiera-98-decizia-corecta\/"}],"acf":[],"_links":{"self":[{"href":"https:\/\/www.teatrulreginamaria.ro\/hu\/wp-json\/wp\/v2\/posts\/5360","targetHints":{"allow":["GET"]}}],"collection":[{"href":"https:\/\/www.teatrulreginamaria.ro\/hu\/wp-json\/wp\/v2\/posts"}],"about":[{"href":"https:\/\/www.teatrulreginamaria.ro\/hu\/wp-json\/wp\/v2\/types\/post"}],"author":[{"embeddable":true,"href":"https:\/\/www.teatrulreginamaria.ro\/hu\/wp-json\/wp\/v2\/users\/6"}],"replies":[{"embeddable":true,"href":"https:\/\/www.teatrulreginamaria.ro\/hu\/wp-json\/wp\/v2\/comments?post=5360"}],"version-history":[{"count":0,"href":"https:\/\/www.teatrulreginamaria.ro\/hu\/wp-json\/wp\/v2\/posts\/5360\/revisions"}],"wp:featuredmedia":[{"embeddable":true,"href":"https:\/\/www.teatrulreginamaria.ro\/hu\/wp-json\/wp\/v2\/media\/5345"}],"wp:attachment":[{"href":"https:\/\/www.teatrulreginamaria.ro\/hu\/wp-json\/wp\/v2\/media?parent=5360"}],"wp:term":[{"taxonomy":"category","embeddable":true,"href":"https:\/\/www.teatrulreginamaria.ro\/hu\/wp-json\/wp\/v2\/categories?post=5360"},{"taxonomy":"post_tag","embeddable":true,"href":"https:\/\/www.teatrulreginamaria.ro\/hu\/wp-json\/wp\/v2\/tags?post=5360"}],"curies":[{"name":"munkaf\u00fczet","href":"https:\/\/api.w.org\/{rel}","templated":true}]}}