{"id":5381,"date":"2023-06-16T10:44:32","date_gmt":"2023-06-16T10:44:32","guid":{"rendered":"https:\/\/teatrulreginamaria.ro\/2023\/06\/16\/comunicat-de-presa-premiera-vasilache-si-marioara\/"},"modified":"2023-06-16T10:44:32","modified_gmt":"2023-06-16T10:44:32","slug":"sajtokozlemeny-premierje-a-vasilache-es-marioara","status":"publish","type":"post","link":"https:\/\/www.teatrulreginamaria.ro\/hu\/comunicat-de-presa-premiera-vasilache-si-marioara\/","title":{"rendered":"SAJT\u00d3K\u00d6ZLEM\u00c9NY | A Vasilache \u00e9s M\u0103rioara premierje"},"content":{"rendered":"<p><strong>A Regina Maria Sz\u00ednh\u00e1z Arcadia t\u00e1rsulata \u00faj premierj\u00e9t hirdeti a 2022-2023-as \u00e9vadra: a Mihai Cri\u015fan sz\u00f6vege alapj\u00e1n k\u00e9sz\u00fclt &quot;Vasilache \u00e9s M\u0103rioara&quot;, adapt\u00e1ci\u00f3 \u00e9s m\u0171v\u00e9szeti koordin\u00e1ci\u00f3: Igor Lungu, amelyre j\u00fanius 18-\u00e1n, vas\u00e1rnap, 11:00 \u00f3rakor ker\u00fcl sor az Arcadia Teremben.<\/strong><\/p>\n<p><!--more--><\/p>\n<p>Az \u0151si gy\u00f6kerekkel rendelkez\u0151 \u00e9s a Commedia dell&#039;Arte-val vir\u00e1gz\u00f3 v\u00e1s\u00e1ri sz\u00ednh\u00e1z szerkezet\u00e9re \u00e9p\u00fcl\u0151 \u201eVasilache \u00e9s M\u0103rioara\u201d c\u00edm\u0171 el\u0151ad\u00e1sban a boh\u00f3zat, a szat\u00edra \u00e9s a cs\u00ednytev\u00e9sek adj\u00e1k a sz\u00ednt \u00e9s a humort. Term\u00e9szetesen a rom\u00e1n szerepl\u0151k anyanyelvi von\u00e1sokat is felvesznek: n\u00e9pviselet, zene \u00e9s t\u00e1nc, k\u00f6znyelv, a k\u00f6zemberre jellemz\u0151, de elt\u00falzott attit\u0171d\u00f6k. A k\u00e9t szerepl\u0151t val\u00f3j\u00e1ban a rom\u00e1n utaz\u00f3 b\u00e1bsz\u00ednh\u00e1z legh\u00edresebb szerepl\u0151inek tartj\u00e1k.<\/p>\n<p>A t\u00f6rt\u00e9net, b\u00e1rmilyen form\u00e1t is \u00f6lt \u2013 mivel az improviz\u00e1ci\u00f3 az alapja egy vid\u00e1mparki sz\u00ednh\u00e1zi el\u0151ad\u00e1snak \u2013 k\u00f6zponti cselekm\u00e9nye a p\u00e1r konfliktusa, a humor sz\u0171r\u0151j\u00e9n kereszt\u00fcl. Annak \u00e9rdek\u00e9ben, hogy kider\u00fclj\u00f6n, ki \u00e9nekel a csal\u00e1dban, a ty\u00fak vagy a kakas, a k\u00e9t szerepl\u0151 veszekszik, tr\u00e9f\u00e1lkozik, ellentmond egym\u00e1snak, s\u0151t, m\u00e9g egym\u00e1snak is tetteti mag\u00e1t, de amikor Vasilache nagy bajba ker\u00fcl, M\u0103rioara a seg\u00edts\u00e9g\u00e9re siet.<\/p>\n<p>A commedia dell&#039;arte jellemz\u0151ib\u0151l kiindulva Vasilache archet\u00edpusk\u00e9nt oszt\u00e1lyozhat\u00f3. <em>Csal\u00f3<\/em>, a tr\u00fckk\u00f6s karakterb\u0151l, mint Pulcinella, aki k\u00f6zvet\u00edt\u0151 az anyagi \u00e9s a spiritu\u00e1lis vil\u00e1g k\u00f6z\u00f6tt, \u00e9s akit az intelligencia, a nyers er\u0151 \u00e9s a vakmer\u0151 b\u00e1tors\u00e1g jellemez. C\u00e9lja, hogy legy\u0151zze azokat, akik a negat\u00edv tekint\u00e9lyt k\u00e9pviselik, jelen esetben a Hal\u00e1lt.<\/p>\n<p>A kreat\u00edv csapat tagja Igor Lungu, aki a sz\u00f6veg adapt\u00e1ci\u00f3ja, rendez\u00e9se \u00e9s a szerepl\u0151g\u00e1rda tagja, valamint Iulia Dinescu. Iulia Dinescu az UNATC b\u00e1b-marionett szak\u00e1n tanult, b\u00e1bm\u0171v\u00e9sz volt a kolozsv\u00e1ri Puck Sz\u00ednh\u00e1zban \u00e9s a Magic Puppet Sz\u00ednh\u00e1zban, \u00e9s ett\u0151l az \u00e9vt\u0151l az Arcadia Troupe munkat\u00e1rsa. A d\u00edszletet M\u0103d\u0103lina Baciu tervezte.<\/p>\n<p>Az el\u0151ad\u00e1st 5 \u00e9v feletti gyermekek sz\u00e1m\u00e1ra aj\u00e1nljuk.<\/p>\n<p>A \u201eVasilache \u00e9s M\u0103roara\u201d c\u00edm\u0171 darab m\u00e1sodik el\u0151ad\u00e1sa j\u00falius 2-\u00e1n, d\u00e9lel\u0151tt 11 \u00f3r\u00e1ra van kit\u0171zve az Arcadia Teremben. Szeretettel v\u00e1rjuk \u00d6n\u00f6ket id\u00e9n ny\u00e1ron a \u201eSz\u00e9ps\u00e9g \u00e9s a sz\u00f6rnyeteg\u201d (j\u00fanius 24.) \u00e9s a \u201eH\u00e1rom kismalac\u201d (j\u00falius 9.) c\u00edm\u0171 el\u0151ad\u00e1sokra 11 \u00f3r\u00e1ra az Arcadia Teremben.<\/p>\n<p>Jegyeket a sz\u00ednh\u00e1zi \u00fcgyn\u00f6ks\u00e9gn\u00e9l v\u00e1s\u00e1rolhat, amely kedden \u00e9s cs\u00fct\u00f6rt\u00f6k\u00f6n 12:00-18:00, szerd\u00e1n \u00e9s p\u00e9nteken 10:00-14:00, szombaton pedig 11:00-13:00 \u00f3ra k\u00f6z\u00f6tt tart nyitva, online az Eventim.ro oldalon, vagy egy \u00f3r\u00e1val az el\u0151ad\u00e1s kezdete el\u0151tt az Arcadia Sz\u00ednh\u00e1zban (a szabad helyek f\u00fcggv\u00e9ny\u00e9ben).<\/p>\n<p>Teremts\u00fcnk egy\u00fctt egy t\u00f6rt\u00e9netekkel teli nyarat!<\/p>","protected":false},"excerpt":{"rendered":"<p>A Regina Maria Sz\u00ednh\u00e1z Arcadia t\u00e1rsulata \u00faj premierj\u00e9t hirdeti a 2022-2023-as \u00e9vadra: a Mihai Cri\u015fan sz\u00f6vege alapj\u00e1n k\u00e9sz\u00fclt &quot;Vasilache \u00e9s M\u0103rioara&quot;, adapt\u00e1ci\u00f3 \u00e9s m\u0171v\u00e9szeti koordin\u00e1ci\u00f3: Igor Lungu, amelyre j\u00fanius 18-\u00e1n, vas\u00e1rnap, 11:00 \u00f3rakor ker\u00fcl sor az Arcadia Teremben.<\/p>","protected":false},"author":6,"featured_media":5377,"comment_status":"open","ping_status":"open","sticky":false,"template":"","format":"standard","meta":{"_acf_changed":false,"footnotes":""},"categories":[37],"tags":[],"class_list":["post-5381","post","type-post","status-publish","format-standard","has-post-thumbnail","hentry","category-noutati-trupa-arcadia"],"aioseo_notices":[],"aioseo_head":"\n\t\t<!-- All in One SEO Pro 5.0.1.1 - aioseo.com -->\n\t<meta name=\"description\" content=\"Trupa Arcadia a Teatrului Regina Maria anun\u021b\u0103 o nou\u0103 premier\u0103 a stagiunii 2022-2023: \u201eVasilache \u0219i M\u0103rioara\u201d, dup\u0103 un text de Mihai Cri\u015fan, adaptare \u0219i coordonare artistic\u0103: Igor Lungu, care va avea loc duminic\u0103, 18 iunie, de la ora 11:00, la Sala Arcadia. Creat pe structura teatrului de b\u00e2lci, care are r\u0103d\u0103cini antice \u0219i cunoa\u0219te perioada\" \/>\n\t<meta name=\"robots\" content=\"max-image-preview:large\" \/>\n\t<meta name=\"author\" content=\"Teatrul Regina Maria\"\/>\n\t<link rel=\"canonical\" href=\"https:\/\/www.teatrulreginamaria.ro\/hu\/comunicat-de-presa-premiera-vasilache-si-marioara\/\" \/>\n\t<meta name=\"generator\" content=\"All in One SEO Pro (AIOSEO) 5.0.1.1\" \/>\n\t\t<meta property=\"og:locale\" content=\"hu_HU\" \/>\n\t\t<meta property=\"og:site_name\" content=\"Teatrul Regina Maria Oradea - Trupa Iosif Vulcan \u0219i Trupa Arcadia\" \/>\n\t\t<meta property=\"og:type\" content=\"article\" \/>\n\t\t<meta property=\"og:title\" content=\"COMUNICAT DE PRES\u0102 | Premier\u0103 \u201eVasilache \u0219i M\u0103rioara\u201d - Teatrul Regina Maria Oradea\" \/>\n\t\t<meta property=\"og:description\" content=\"Trupa Arcadia a Teatrului Regina Maria anun\u021b\u0103 o nou\u0103 premier\u0103 a stagiunii 2022-2023: \u201eVasilache \u0219i M\u0103rioara\u201d, dup\u0103 un text de Mihai Cri\u015fan, adaptare \u0219i coordonare artistic\u0103: Igor Lungu, care va avea loc duminic\u0103, 18 iunie, de la ora 11:00, la Sala Arcadia. Creat pe structura teatrului de b\u00e2lci, care are r\u0103d\u0103cini antice \u0219i cunoa\u0219te perioada\" \/>\n\t\t<meta property=\"og:url\" content=\"https:\/\/www.teatrulreginamaria.ro\/hu\/comunicat-de-presa-premiera-vasilache-si-marioara\/\" \/>\n\t\t<meta property=\"og:image\" content=\"https:\/\/www.teatrulreginamaria.ro\/wp-content\/uploads\/2025\/03\/trm-istoric-01.jpg\" \/>\n\t\t<meta property=\"og:image:secure_url\" content=\"https:\/\/www.teatrulreginamaria.ro\/wp-content\/uploads\/2025\/03\/trm-istoric-01.jpg\" \/>\n\t\t<meta property=\"og:image:width\" content=\"1200\" \/>\n\t\t<meta property=\"og:image:height\" content=\"800\" \/>\n\t\t<meta property=\"article:published_time\" content=\"2023-06-16T10:44:32+00:00\" \/>\n\t\t<meta property=\"article:modified_time\" content=\"2023-06-16T10:44:32+00:00\" \/>\n\t\t<meta property=\"article:publisher\" content=\"https:\/\/www.facebook.com\/TRMTrupaIosifVulcan\/\" \/>\n\t\t<meta name=\"twitter:card\" content=\"summary_large_image\" \/>\n\t\t<meta name=\"twitter:site\" content=\"@TRMOradea\" \/>\n\t\t<meta name=\"twitter:title\" content=\"COMUNICAT DE PRES\u0102 | Premier\u0103 \u201eVasilache \u0219i M\u0103rioara\u201d - Teatrul Regina Maria Oradea\" \/>\n\t\t<meta name=\"twitter:description\" content=\"Trupa Arcadia a Teatrului Regina Maria anun\u021b\u0103 o nou\u0103 premier\u0103 a stagiunii 2022-2023: \u201eVasilache \u0219i M\u0103rioara\u201d, dup\u0103 un text de Mihai Cri\u015fan, adaptare \u0219i coordonare artistic\u0103: Igor Lungu, care va avea loc duminic\u0103, 18 iunie, de la ora 11:00, la Sala Arcadia. Creat pe structura teatrului de b\u00e2lci, care are r\u0103d\u0103cini antice \u0219i cunoa\u0219te perioada\" \/>\n\t\t<meta name=\"twitter:creator\" content=\"@TRMOradea\" \/>\n\t\t<meta name=\"twitter:image\" content=\"https:\/\/www.teatrulreginamaria.ro\/wp-content\/uploads\/2025\/03\/trm-istoric-01.jpg\" \/>\n\t\t<script type=\"application\/ld+json\" class=\"aioseo-schema\">\n\t\t\t{\"@context\":\"https:\\\/\\\/schema.org\",\"@graph\":[{\"@type\":\"BlogPosting\",\"@id\":\"https:\\\/\\\/www.teatrulreginamaria.ro\\\/hu\\\/comunicat-de-presa-premiera-vasilache-si-marioara\\\/#blogposting\",\"name\":\"COMUNICAT DE PRES\\u0102 | Premier\\u0103 \\u201eVasilache \\u0219i M\\u0103rioara\\u201d - Teatrul Regina Maria Oradea\",\"headline\":\"COMUNICAT DE PRES\\u0102 | Premier\\u0103 \\u201eVasilache \\u0219i M\\u0103rioara\\u201d\",\"author\":{\"@id\":\"https:\\\/\\\/www.teatrulreginamaria.ro\\\/hu\\\/author\\\/w3bmaster\\\/#author\"},\"publisher\":{\"@id\":\"https:\\\/\\\/www.teatrulreginamaria.ro\\\/hu\\\/#organization\"},\"image\":{\"@type\":\"ImageObject\",\"url\":\"https:\\\/\\\/www.teatrulreginamaria.ro\\\/wp-content\\\/uploads\\\/2023\\\/06\\\/Vasilache_i_Mrioara_web.png\",\"width\":5953,\"height\":8504},\"datePublished\":\"2023-06-16T10:44:32+03:00\",\"dateModified\":\"2023-06-16T10:44:32+03:00\",\"inLanguage\":\"hu-HU\",\"mainEntityOfPage\":{\"@id\":\"https:\\\/\\\/www.teatrulreginamaria.ro\\\/hu\\\/comunicat-de-presa-premiera-vasilache-si-marioara\\\/#webpage\"},\"isPartOf\":{\"@id\":\"https:\\\/\\\/www.teatrulreginamaria.ro\\\/hu\\\/comunicat-de-presa-premiera-vasilache-si-marioara\\\/#webpage\"},\"articleSection\":\"Nout\\u0103\\u021bi - Trupa Arcadia\"},{\"@type\":\"BreadcrumbList\",\"@id\":\"https:\\\/\\\/www.teatrulreginamaria.ro\\\/hu\\\/comunicat-de-presa-premiera-vasilache-si-marioara\\\/#breadcrumblist\",\"itemListElement\":[{\"@type\":\"ListItem\",\"@id\":\"https:\\\/\\\/www.teatrulreginamaria.ro\\\/hu#listItem\",\"position\":1,\"name\":\"Home\",\"item\":\"https:\\\/\\\/www.teatrulreginamaria.ro\\\/hu\",\"nextItem\":{\"@type\":\"ListItem\",\"@id\":\"https:\\\/\\\/www.teatrulreginamaria.ro\\\/hu\\\/categorie\\\/noutati\\\/#listItem\",\"name\":\"Nout\\u0103\\u021bi\"}},{\"@type\":\"ListItem\",\"@id\":\"https:\\\/\\\/www.teatrulreginamaria.ro\\\/hu\\\/categorie\\\/noutati\\\/#listItem\",\"position\":2,\"name\":\"Nout\\u0103\\u021bi\",\"item\":\"https:\\\/\\\/www.teatrulreginamaria.ro\\\/hu\\\/categorie\\\/noutati\\\/\",\"nextItem\":{\"@type\":\"ListItem\",\"@id\":\"https:\\\/\\\/www.teatrulreginamaria.ro\\\/hu\\\/categorie\\\/noutati\\\/noutati-trupa-arcadia\\\/#listItem\",\"name\":\"Nout\\u0103\\u021bi - Trupa Arcadia\"},\"previousItem\":{\"@type\":\"ListItem\",\"@id\":\"https:\\\/\\\/www.teatrulreginamaria.ro\\\/hu#listItem\",\"name\":\"Home\"}},{\"@type\":\"ListItem\",\"@id\":\"https:\\\/\\\/www.teatrulreginamaria.ro\\\/hu\\\/categorie\\\/noutati\\\/noutati-trupa-arcadia\\\/#listItem\",\"position\":3,\"name\":\"Nout\\u0103\\u021bi - Trupa Arcadia\",\"item\":\"https:\\\/\\\/www.teatrulreginamaria.ro\\\/hu\\\/categorie\\\/noutati\\\/noutati-trupa-arcadia\\\/\",\"nextItem\":{\"@type\":\"ListItem\",\"@id\":\"https:\\\/\\\/www.teatrulreginamaria.ro\\\/hu\\\/comunicat-de-presa-premiera-vasilache-si-marioara\\\/#listItem\",\"name\":\"COMUNICAT DE PRES\\u0102 | Premier\\u0103 \\u201eVasilache \\u0219i M\\u0103rioara\\u201d\"},\"previousItem\":{\"@type\":\"ListItem\",\"@id\":\"https:\\\/\\\/www.teatrulreginamaria.ro\\\/hu\\\/categorie\\\/noutati\\\/#listItem\",\"name\":\"Nout\\u0103\\u021bi\"}},{\"@type\":\"ListItem\",\"@id\":\"https:\\\/\\\/www.teatrulreginamaria.ro\\\/hu\\\/comunicat-de-presa-premiera-vasilache-si-marioara\\\/#listItem\",\"position\":4,\"name\":\"COMUNICAT DE PRES\\u0102 | Premier\\u0103 \\u201eVasilache \\u0219i M\\u0103rioara\\u201d\",\"previousItem\":{\"@type\":\"ListItem\",\"@id\":\"https:\\\/\\\/www.teatrulreginamaria.ro\\\/hu\\\/categorie\\\/noutati\\\/noutati-trupa-arcadia\\\/#listItem\",\"name\":\"Nout\\u0103\\u021bi - Trupa Arcadia\"}}]},{\"@type\":\"Organization\",\"@id\":\"https:\\\/\\\/www.teatrulreginamaria.ro\\\/hu\\\/#organization\",\"name\":\"Teatrul Regina Maria Oradea\",\"description\":\"Trupa Iosif Vulcan \\u0219i Trupa Arcadia\",\"url\":\"https:\\\/\\\/www.teatrulreginamaria.ro\\\/hu\\\/\",\"email\":\"marketing@teatrulreginamaria.ro\",\"telephone\":\"+40359411534\",\"numberOfEmployees\":{\"@type\":\"QuantitativeValue\",\"minValue\":0,\"maxValue\":150},\"logo\":{\"@type\":\"ImageObject\",\"url\":\"https:\\\/\\\/www.teatrulreginamaria.ro\\\/wp-content\\\/uploads\\\/2025\\\/06\\\/logo-trm-01-dark.png\",\"@id\":\"https:\\\/\\\/www.teatrulreginamaria.ro\\\/hu\\\/comunicat-de-presa-premiera-vasilache-si-marioara\\\/#organizationLogo\",\"width\":300,\"height\":148},\"image\":{\"@id\":\"https:\\\/\\\/www.teatrulreginamaria.ro\\\/hu\\\/comunicat-de-presa-premiera-vasilache-si-marioara\\\/#organizationLogo\"},\"sameAs\":[\"https:\\\/\\\/www.facebook.com\\\/TRMTrupaIosifVulcan\\\/\",\"https:\\\/\\\/x.com\\\/TRMOradea\",\"https:\\\/\\\/www.instagram.com\\\/teatrul_regina_maria\\\/\",\"https:\\\/\\\/www.youtube.com\\\/c\\\/TeatrulReginaMariaOradea\",\"https:\\\/\\\/www.linkedin.com\\\/company\\\/teatrul-regina-maria\"]},{\"@type\":\"Person\",\"@id\":\"https:\\\/\\\/www.teatrulreginamaria.ro\\\/hu\\\/author\\\/w3bmaster\\\/#author\",\"url\":\"https:\\\/\\\/www.teatrulreginamaria.ro\\\/hu\\\/author\\\/w3bmaster\\\/\",\"name\":\"Teatrul Regina Maria\",\"image\":{\"@type\":\"ImageObject\",\"@id\":\"https:\\\/\\\/www.teatrulreginamaria.ro\\\/hu\\\/comunicat-de-presa-premiera-vasilache-si-marioara\\\/#authorImage\",\"url\":\"https:\\\/\\\/secure.gravatar.com\\\/avatar\\\/5884139d508ae3f0bafe45e60563b48a9640146d3b08ccc6278c305ff9329305?s=96&d=mm&r=g\",\"width\":96,\"height\":96,\"caption\":\"Teatrul Regina Maria\"}},{\"@type\":\"WebPage\",\"@id\":\"https:\\\/\\\/www.teatrulreginamaria.ro\\\/hu\\\/comunicat-de-presa-premiera-vasilache-si-marioara\\\/#webpage\",\"url\":\"https:\\\/\\\/www.teatrulreginamaria.ro\\\/hu\\\/comunicat-de-presa-premiera-vasilache-si-marioara\\\/\",\"name\":\"COMUNICAT DE PRES\\u0102 | Premier\\u0103 \\u201eVasilache \\u0219i M\\u0103rioara\\u201d - Teatrul Regina Maria Oradea\",\"description\":\"Trupa Arcadia a Teatrului Regina Maria anun\\u021b\\u0103 o nou\\u0103 premier\\u0103 a stagiunii 2022-2023: \\u201eVasilache \\u0219i M\\u0103rioara\\u201d, dup\\u0103 un text de Mihai Cri\\u015fan, adaptare \\u0219i coordonare artistic\\u0103: Igor Lungu, care va avea loc duminic\\u0103, 18 iunie, de la ora 11:00, la Sala Arcadia. Creat pe structura teatrului de b\\u00e2lci, care are r\\u0103d\\u0103cini antice \\u0219i cunoa\\u0219te perioada\",\"inLanguage\":\"hu-HU\",\"isPartOf\":{\"@id\":\"https:\\\/\\\/www.teatrulreginamaria.ro\\\/hu\\\/#website\"},\"breadcrumb\":{\"@id\":\"https:\\\/\\\/www.teatrulreginamaria.ro\\\/hu\\\/comunicat-de-presa-premiera-vasilache-si-marioara\\\/#breadcrumblist\"},\"author\":{\"@id\":\"https:\\\/\\\/www.teatrulreginamaria.ro\\\/hu\\\/author\\\/w3bmaster\\\/#author\"},\"creator\":{\"@id\":\"https:\\\/\\\/www.teatrulreginamaria.ro\\\/hu\\\/author\\\/w3bmaster\\\/#author\"},\"image\":{\"@type\":\"ImageObject\",\"url\":\"https:\\\/\\\/www.teatrulreginamaria.ro\\\/wp-content\\\/uploads\\\/2023\\\/06\\\/Vasilache_i_Mrioara_web.png\",\"@id\":\"https:\\\/\\\/www.teatrulreginamaria.ro\\\/hu\\\/comunicat-de-presa-premiera-vasilache-si-marioara\\\/#mainImage\",\"width\":5953,\"height\":8504},\"primaryImageOfPage\":{\"@id\":\"https:\\\/\\\/www.teatrulreginamaria.ro\\\/hu\\\/comunicat-de-presa-premiera-vasilache-si-marioara\\\/#mainImage\"},\"datePublished\":\"2023-06-16T10:44:32+03:00\",\"dateModified\":\"2023-06-16T10:44:32+03:00\"},{\"@type\":\"WebSite\",\"@id\":\"https:\\\/\\\/www.teatrulreginamaria.ro\\\/hu\\\/#website\",\"url\":\"https:\\\/\\\/www.teatrulreginamaria.ro\\\/hu\\\/\",\"name\":\"Teatrul Regina Maria Oradea\",\"alternateName\":\"TRM Oradea\",\"description\":\"Trupa Iosif Vulcan \\u0219i Trupa Arcadia\",\"inLanguage\":\"hu-HU\",\"publisher\":{\"@id\":\"https:\\\/\\\/www.teatrulreginamaria.ro\\\/hu\\\/#organization\"}}]}\n\t\t<\/script>\n\t\t<!-- All in One SEO Pro -->\r\n\t\t<title>COMUNICAT DE PRES\u0102 | Premier\u0103 \u201eVasilache \u0219i M\u0103rioara\u201d - Teatrul Regina Maria Oradea<\/title>\n\n","aioseo_head_json":{"title":"SAJT\u00d3K\u00d6ZLEM\u00c9NY | \u201eVasilache \u00e9s M\u0103rioara\u201d bemutat\u00f3ja \u2013 Nagyv\u00e1radi Regina Maria Sz\u00ednh\u00e1z","description":"A Regina Maria Sz\u00ednh\u00e1z Arcadia t\u00e1rsulata \u00faj premierj\u00e9t hirdeti a 2022-2023-as \u00e9vadra: a Mihai Cri\u015fan sz\u00f6vege alapj\u00e1n k\u00e9sz\u00fclt &quot;Vasilache \u00e9s M\u0103rioara&quot;, adapt\u00e1ci\u00f3ja \u00e9s m\u0171v\u00e9szeti koordin\u00e1ci\u00f3ja: Igor Lungu, amelyre j\u00fanius 18-\u00e1n, vas\u00e1rnap 11:00 \u00f3rakor ker\u00fcl sor az Arcadia Csarnokban. Az el\u0151ad\u00e1s a v\u00e1s\u00e1ri sz\u00ednh\u00e1z szerkezet\u00e9re \u00e9p\u00fclt, amely \u0151si gy\u00f6kerekkel rendelkezik \u00e9s ismeri a korszakot.","canonical_url":"https:\/\/www.teatrulreginamaria.ro\/hu\/comunicat-de-presa-premiera-vasilache-si-marioara\/","robots":"max-image-preview:large","keywords":"","webmasterTools":{"miscellaneous":""},"schema":{"@context":"https:\/\/schema.org","@graph":[{"@type":"BlogPosting","@id":"https:\/\/www.teatrulreginamaria.ro\/hu\/comunicat-de-presa-premiera-vasilache-si-marioara\/#blogposting","name":"COMUNICAT DE PRES\u0102 | Premier\u0103 \u201eVasilache \u0219i M\u0103rioara\u201d - Teatrul Regina Maria Oradea","headline":"COMUNICAT DE PRES\u0102 | Premier\u0103 \u201eVasilache \u0219i M\u0103rioara\u201d","author":{"@id":"https:\/\/www.teatrulreginamaria.ro\/hu\/author\/w3bmaster\/#author"},"publisher":{"@id":"https:\/\/www.teatrulreginamaria.ro\/hu\/#organization"},"image":{"@type":"ImageObject","url":"https:\/\/www.teatrulreginamaria.ro\/wp-content\/uploads\/2023\/06\/Vasilache_i_Mrioara_web.png","width":5953,"height":8504},"datePublished":"2023-06-16T10:44:32+03:00","dateModified":"2023-06-16T10:44:32+03:00","inLanguage":"hu-HU","mainEntityOfPage":{"@id":"https:\/\/www.teatrulreginamaria.ro\/hu\/comunicat-de-presa-premiera-vasilache-si-marioara\/#webpage"},"isPartOf":{"@id":"https:\/\/www.teatrulreginamaria.ro\/hu\/comunicat-de-presa-premiera-vasilache-si-marioara\/#webpage"},"articleSection":"Nout\u0103\u021bi - Trupa Arcadia"},{"@type":"BreadcrumbList","@id":"https:\/\/www.teatrulreginamaria.ro\/hu\/comunicat-de-presa-premiera-vasilache-si-marioara\/#breadcrumblist","itemListElement":[{"@type":"ListItem","@id":"https:\/\/www.teatrulreginamaria.ro\/hu#listItem","position":1,"name":"Home","item":"https:\/\/www.teatrulreginamaria.ro\/hu","nextItem":{"@type":"ListItem","@id":"https:\/\/www.teatrulreginamaria.ro\/hu\/categorie\/noutati\/#listItem","name":"Nout\u0103\u021bi"}},{"@type":"ListItem","@id":"https:\/\/www.teatrulreginamaria.ro\/hu\/categorie\/noutati\/#listItem","position":2,"name":"Nout\u0103\u021bi","item":"https:\/\/www.teatrulreginamaria.ro\/hu\/categorie\/noutati\/","nextItem":{"@type":"ListItem","@id":"https:\/\/www.teatrulreginamaria.ro\/hu\/categorie\/noutati\/noutati-trupa-arcadia\/#listItem","name":"Nout\u0103\u021bi - Trupa Arcadia"},"previousItem":{"@type":"ListItem","@id":"https:\/\/www.teatrulreginamaria.ro\/hu#listItem","name":"Home"}},{"@type":"ListItem","@id":"https:\/\/www.teatrulreginamaria.ro\/hu\/categorie\/noutati\/noutati-trupa-arcadia\/#listItem","position":3,"name":"Nout\u0103\u021bi - Trupa Arcadia","item":"https:\/\/www.teatrulreginamaria.ro\/hu\/categorie\/noutati\/noutati-trupa-arcadia\/","nextItem":{"@type":"ListItem","@id":"https:\/\/www.teatrulreginamaria.ro\/hu\/comunicat-de-presa-premiera-vasilache-si-marioara\/#listItem","name":"COMUNICAT DE PRES\u0102 | Premier\u0103 \u201eVasilache \u0219i M\u0103rioara\u201d"},"previousItem":{"@type":"ListItem","@id":"https:\/\/www.teatrulreginamaria.ro\/hu\/categorie\/noutati\/#listItem","name":"Nout\u0103\u021bi"}},{"@type":"ListItem","@id":"https:\/\/www.teatrulreginamaria.ro\/hu\/comunicat-de-presa-premiera-vasilache-si-marioara\/#listItem","position":4,"name":"COMUNICAT DE PRES\u0102 | Premier\u0103 \u201eVasilache \u0219i M\u0103rioara\u201d","previousItem":{"@type":"ListItem","@id":"https:\/\/www.teatrulreginamaria.ro\/hu\/categorie\/noutati\/noutati-trupa-arcadia\/#listItem","name":"Nout\u0103\u021bi - Trupa Arcadia"}}]},{"@type":"Organization","@id":"https:\/\/www.teatrulreginamaria.ro\/hu\/#organization","name":"Teatrul Regina Maria Oradea","description":"Trupa Iosif Vulcan \u0219i Trupa Arcadia","url":"https:\/\/www.teatrulreginamaria.ro\/hu\/","email":"marketing@teatrulreginamaria.ro","telephone":"+40359411534","numberOfEmployees":{"@type":"QuantitativeValue","minValue":0,"maxValue":150},"logo":{"@type":"ImageObject","url":"https:\/\/www.teatrulreginamaria.ro\/wp-content\/uploads\/2025\/06\/logo-trm-01-dark.png","@id":"https:\/\/www.teatrulreginamaria.ro\/hu\/comunicat-de-presa-premiera-vasilache-si-marioara\/#organizationLogo","width":300,"height":148},"image":{"@id":"https:\/\/www.teatrulreginamaria.ro\/hu\/comunicat-de-presa-premiera-vasilache-si-marioara\/#organizationLogo"},"sameAs":["https:\/\/www.facebook.com\/TRMTrupaIosifVulcan\/","https:\/\/x.com\/TRMOradea","https:\/\/www.instagram.com\/teatrul_regina_maria\/","https:\/\/www.youtube.com\/c\/TeatrulReginaMariaOradea","https:\/\/www.linkedin.com\/company\/teatrul-regina-maria"]},{"@type":"Person","@id":"https:\/\/www.teatrulreginamaria.ro\/hu\/author\/w3bmaster\/#author","url":"https:\/\/www.teatrulreginamaria.ro\/hu\/author\/w3bmaster\/","name":"Teatrul Regina Maria","image":{"@type":"ImageObject","@id":"https:\/\/www.teatrulreginamaria.ro\/hu\/comunicat-de-presa-premiera-vasilache-si-marioara\/#authorImage","url":"https:\/\/secure.gravatar.com\/avatar\/5884139d508ae3f0bafe45e60563b48a9640146d3b08ccc6278c305ff9329305?s=96&d=mm&r=g","width":96,"height":96,"caption":"Teatrul Regina Maria"}},{"@type":"WebPage","@id":"https:\/\/www.teatrulreginamaria.ro\/hu\/comunicat-de-presa-premiera-vasilache-si-marioara\/#webpage","url":"https:\/\/www.teatrulreginamaria.ro\/hu\/comunicat-de-presa-premiera-vasilache-si-marioara\/","name":"COMUNICAT DE PRES\u0102 | Premier\u0103 \u201eVasilache \u0219i M\u0103rioara\u201d - Teatrul Regina Maria Oradea","description":"Trupa Arcadia a Teatrului Regina Maria anun\u021b\u0103 o nou\u0103 premier\u0103 a stagiunii 2022-2023: \u201eVasilache \u0219i M\u0103rioara\u201d, dup\u0103 un text de Mihai Cri\u015fan, adaptare \u0219i coordonare artistic\u0103: Igor Lungu, care va avea loc duminic\u0103, 18 iunie, de la ora 11:00, la Sala Arcadia. Creat pe structura teatrului de b\u00e2lci, care are r\u0103d\u0103cini antice \u0219i cunoa\u0219te perioada","inLanguage":"hu-HU","isPartOf":{"@id":"https:\/\/www.teatrulreginamaria.ro\/hu\/#website"},"breadcrumb":{"@id":"https:\/\/www.teatrulreginamaria.ro\/hu\/comunicat-de-presa-premiera-vasilache-si-marioara\/#breadcrumblist"},"author":{"@id":"https:\/\/www.teatrulreginamaria.ro\/hu\/author\/w3bmaster\/#author"},"creator":{"@id":"https:\/\/www.teatrulreginamaria.ro\/hu\/author\/w3bmaster\/#author"},"image":{"@type":"ImageObject","url":"https:\/\/www.teatrulreginamaria.ro\/wp-content\/uploads\/2023\/06\/Vasilache_i_Mrioara_web.png","@id":"https:\/\/www.teatrulreginamaria.ro\/hu\/comunicat-de-presa-premiera-vasilache-si-marioara\/#mainImage","width":5953,"height":8504},"primaryImageOfPage":{"@id":"https:\/\/www.teatrulreginamaria.ro\/hu\/comunicat-de-presa-premiera-vasilache-si-marioara\/#mainImage"},"datePublished":"2023-06-16T10:44:32+03:00","dateModified":"2023-06-16T10:44:32+03:00"},{"@type":"WebSite","@id":"https:\/\/www.teatrulreginamaria.ro\/hu\/#website","url":"https:\/\/www.teatrulreginamaria.ro\/hu\/","name":"Teatrul Regina Maria Oradea","alternateName":"TRM Oradea","description":"Trupa Iosif Vulcan \u0219i Trupa Arcadia","inLanguage":"hu-HU","publisher":{"@id":"https:\/\/www.teatrulreginamaria.ro\/hu\/#organization"}}]},"og:locale":"hu_HU","og:site_name":"Teatrul Regina Maria Oradea - Trupa Iosif Vulcan \u0219i Trupa Arcadia","og:type":"article","og:title":"COMUNICAT DE PRES\u0102 | Premier\u0103 \u201eVasilache \u0219i M\u0103rioara\u201d - Teatrul Regina Maria Oradea","og:description":"Trupa Arcadia a Teatrului Regina Maria anun\u021b\u0103 o nou\u0103 premier\u0103 a stagiunii 2022-2023: \u201eVasilache \u0219i M\u0103rioara\u201d, dup\u0103 un text de Mihai Cri\u015fan, adaptare \u0219i coordonare artistic\u0103: Igor Lungu, care va avea loc duminic\u0103, 18 iunie, de la ora 11:00, la Sala Arcadia. Creat pe structura teatrului de b\u00e2lci, care are r\u0103d\u0103cini antice \u0219i cunoa\u0219te perioada","og:url":"https:\/\/www.teatrulreginamaria.ro\/hu\/comunicat-de-presa-premiera-vasilache-si-marioara\/","og:image":"https:\/\/www.teatrulreginamaria.ro\/wp-content\/uploads\/2025\/03\/trm-istoric-01.jpg","og:image:secure_url":"https:\/\/www.teatrulreginamaria.ro\/wp-content\/uploads\/2025\/03\/trm-istoric-01.jpg","og:image:width":1200,"og:image:height":800,"article:published_time":"2023-06-16T10:44:32+00:00","article:modified_time":"2023-06-16T10:44:32+00:00","article:publisher":"https:\/\/www.facebook.com\/TRMTrupaIosifVulcan\/","twitter:card":"summary_large_image","twitter:site":"@TRMOradea","twitter:title":"COMUNICAT DE PRES\u0102 | Premier\u0103 \u201eVasilache \u0219i M\u0103rioara\u201d - Teatrul Regina Maria Oradea","twitter:description":"Trupa Arcadia a Teatrului Regina Maria anun\u021b\u0103 o nou\u0103 premier\u0103 a stagiunii 2022-2023: \u201eVasilache \u0219i M\u0103rioara\u201d, dup\u0103 un text de Mihai Cri\u015fan, adaptare \u0219i coordonare artistic\u0103: Igor Lungu, care va avea loc duminic\u0103, 18 iunie, de la ora 11:00, la Sala Arcadia. Creat pe structura teatrului de b\u00e2lci, care are r\u0103d\u0103cini antice \u0219i cunoa\u0219te perioada","twitter:creator":"@TRMOradea","twitter:image":"https:\/\/www.teatrulreginamaria.ro\/wp-content\/uploads\/2025\/03\/trm-istoric-01.jpg"},"aioseo_meta_data":{"post_id":"5381","title":null,"description":null,"keywords":null,"keyphrases":null,"primary_term":null,"canonical_url":null,"og_title":null,"og_description":null,"og_object_type":"default","og_image_type":"default","og_image_url":null,"og_image_width":null,"og_image_height":null,"og_image_custom_url":null,"og_image_custom_fields":null,"og_video":null,"og_custom_url":null,"og_article_section":null,"og_article_tags":null,"twitter_use_og":false,"twitter_card":"default","twitter_image_type":"default","twitter_image_url":null,"twitter_image_custom_url":null,"twitter_image_custom_fields":null,"twitter_title":null,"twitter_description":null,"schema":{"blockGraphs":[],"customGraphs":[],"default":{"data":{"Article":[],"Course":[],"Dataset":[],"FAQPage":[],"Movie":[],"Person":[],"Product":[],"ProductReview":[],"Car":[],"Recipe":[],"Service":[],"SoftwareApplication":[],"WebPage":[]},"graphName":"","isEnabled":true},"graphs":[]},"schema_type":"default","schema_type_options":null,"pillar_content":false,"robots_default":true,"robots_noindex":false,"robots_noarchive":false,"robots_nosnippet":false,"robots_nofollow":false,"robots_noimageindex":false,"robots_noodp":false,"robots_notranslate":false,"robots_max_snippet":null,"robots_max_videopreview":null,"robots_max_imagepreview":"large","priority":null,"frequency":null,"local_seo":null,"seo_analyzer_scan_date":"2026-05-13 03:13:57","breadcrumb_settings":null,"limit_modified_date":false,"reviewed_by":null,"open_ai":null,"ai":null,"created":"2025-04-09 17:42:44","updated":"2026-05-13 03:13:57","focus_keyword":null,"additional_keywords":null,"truseo_locale":null},"aioseo_breadcrumb":"<div class=\"aioseo-breadcrumbs\"><span class=\"aioseo-breadcrumb\">\n\t<a href=\"https:\/\/www.teatrulreginamaria.ro\/hu\" title=\"Home\">Home<\/a>\n<\/span><span class=\"aioseo-breadcrumb-separator\">&raquo;<\/span><span class=\"aioseo-breadcrumb\">\n\t<a href=\"https:\/\/www.teatrulreginamaria.ro\/hu\/categorie\/noutati\/\" title=\"Nout\u0103\u021bi\">Nout\u0103\u021bi<\/a>\n<\/span><span class=\"aioseo-breadcrumb-separator\">&raquo;<\/span><span class=\"aioseo-breadcrumb\">\n\t<a href=\"https:\/\/www.teatrulreginamaria.ro\/hu\/categorie\/noutati\/noutati-trupa-arcadia\/\" title=\"Nout\u0103\u021bi - Trupa Arcadia\">Nout\u0103\u021bi - Trupa Arcadia<\/a>\n<\/span><span class=\"aioseo-breadcrumb-separator\">&raquo;<\/span><span class=\"aioseo-breadcrumb\">\n\tCOMUNICAT DE PRES\u0102 | Premier\u0103 \u201eVasilache \u0219i M\u0103rioara\u201d\n<\/span><\/div>","aioseo_breadcrumb_json":[{"label":"Home","link":"https:\/\/www.teatrulreginamaria.ro\/hu"},{"label":"Nout\u0103\u021bi","link":"https:\/\/www.teatrulreginamaria.ro\/hu\/categorie\/noutati\/"},{"label":"Nout\u0103\u021bi - Trupa Arcadia","link":"https:\/\/www.teatrulreginamaria.ro\/hu\/categorie\/noutati\/noutati-trupa-arcadia\/"},{"label":"COMUNICAT DE PRES\u0102 | Premier\u0103 \u201eVasilache \u0219i M\u0103rioara\u201d","link":"https:\/\/www.teatrulreginamaria.ro\/hu\/comunicat-de-presa-premiera-vasilache-si-marioara\/"}],"acf":[],"_links":{"self":[{"href":"https:\/\/www.teatrulreginamaria.ro\/hu\/wp-json\/wp\/v2\/posts\/5381","targetHints":{"allow":["GET"]}}],"collection":[{"href":"https:\/\/www.teatrulreginamaria.ro\/hu\/wp-json\/wp\/v2\/posts"}],"about":[{"href":"https:\/\/www.teatrulreginamaria.ro\/hu\/wp-json\/wp\/v2\/types\/post"}],"author":[{"embeddable":true,"href":"https:\/\/www.teatrulreginamaria.ro\/hu\/wp-json\/wp\/v2\/users\/6"}],"replies":[{"embeddable":true,"href":"https:\/\/www.teatrulreginamaria.ro\/hu\/wp-json\/wp\/v2\/comments?post=5381"}],"version-history":[{"count":0,"href":"https:\/\/www.teatrulreginamaria.ro\/hu\/wp-json\/wp\/v2\/posts\/5381\/revisions"}],"wp:featuredmedia":[{"embeddable":true,"href":"https:\/\/www.teatrulreginamaria.ro\/hu\/wp-json\/wp\/v2\/media\/5377"}],"wp:attachment":[{"href":"https:\/\/www.teatrulreginamaria.ro\/hu\/wp-json\/wp\/v2\/media?parent=5381"}],"wp:term":[{"taxonomy":"category","embeddable":true,"href":"https:\/\/www.teatrulreginamaria.ro\/hu\/wp-json\/wp\/v2\/categories?post=5381"},{"taxonomy":"post_tag","embeddable":true,"href":"https:\/\/www.teatrulreginamaria.ro\/hu\/wp-json\/wp\/v2\/tags?post=5381"}],"curies":[{"name":"munkaf\u00fczet","href":"https:\/\/api.w.org\/{rel}","templated":true}]}}