{"id":5386,"date":"2023-06-27T11:02:29","date_gmt":"2023-06-27T11:02:29","guid":{"rendered":"https:\/\/teatrulreginamaria.ro\/2023\/06\/27\/final-de-stagiune-la-teatrul-regina-maria-oradea\/"},"modified":"2023-06-27T11:02:29","modified_gmt":"2023-06-27T11:02:29","slug":"evadzaro-a-queen-maria-oradea-szinhazban","status":"publish","type":"post","link":"https:\/\/www.teatrulreginamaria.ro\/hu\/final-de-stagiune-la-teatrul-regina-maria-oradea\/","title":{"rendered":"\u00c9VAD V\u00c9GE A QUEEN MARIA SZ\u00cdNH\u00c1ZBAN"},"content":{"rendered":"<p><u><\/u><span><\/span><\/p>\n<p><span>A Regina Maria Sz\u00ednh\u00e1z egy rendk\u00edv\u00fcli el\u0151ad\u00e1sokkal teli \u00e9v, rangos hazai \u00e9s k\u00fclf\u00f6ldi fesztiv\u00e1lokon val\u00f3 r\u00e9szv\u00e9tel, valamint a Nemzetk\u00f6zi Sz\u00ednh\u00e1zi Fesztiv\u00e1l sikeres megrendez\u00e9se ut\u00e1n szezonja v\u00e9g\u00e9hez \u00e9rkezett. J\u00falius a j\u00f3l meg\u00e9rdemelt vak\u00e1ci\u00f3t hoz mag\u00e1val, de nem el\u0151bb, mint a Regina Maria Sz\u00ednh\u00e1z sikerlist\u00e1j\u00e1n a 2022 augusztus\u00e1t\u00f3l 2023 j\u00fanius\u00e1ig tart\u00f3 premiereket, fesztiv\u00e1lokat \u00e9s kir\u00e1ndul\u00e1sokat. <\/span><span>\u00a0 \u00a0 \u00a0 \u00a0 \u00a0 \u00a0 \u00a0 \u00a0 \u00a0<\/span><\/p>\n<p><!--more--><\/p>\n<h2><strong><span>IOSIF VULCAN TROPE<\/span><\/strong><\/h2>\n<p>Ebben az id\u0151szakban a Iosif Vulcan t\u00e1rsulat 9 \u0151sbemutat\u00f3t, 2 felolvas\u00f3el\u0151ad\u00e1st, a &quot;Portret de autor&quot; Fesztiv\u00e1l els\u0151 kiad\u00e1s\u00e1t \u00e9s a nyolcadik alkalommal rendezte meg a Nagyv\u00e1radi Nemzetk\u00f6zi Sz\u00ednh\u00e1zi Fesztiv\u00e1lt.<\/p>\n<h3><strong>9 premier \u00e9s egy AFCN projekt<\/strong><\/h3>\n<p>Az \u00e9vad els\u0151 bemutat\u00f3ja Florian Zeller &quot;A fia&quot; Bobi Pricop rendez\u00e9s\u00e9ben, melynek \u0151sbemutat\u00f3j\u00e1val a &quot;Portret de autor&quot; Fesztiv\u00e1l keretein bel\u00fcl avatt\u00e1k fel a Transilvania Hallt. Az \u00e9vad sor\u00e1n a Transilvania Hallban ker\u00fclt m\u00e9g sz\u00ednre Mimi Br\u0103nescu \u201eAz utols\u00f3\u201d c\u00edm\u0171 el\u0151ad\u00e1sa Denisa Irina Vlad rendez\u00e9s\u00e9ben, Pozsgai Zsolt \u201eMig a hal\u00e1lig (Liselotte \u00e9s m\u00e1jus)\u201d c\u00edm\u0171 el\u0151ad\u00e1sa Daniel Vulcu rendez\u00e9s\u00e9ben, valamint Anton Fink \u201eVonz\u00f3 aj\u00e1nlat\u201d c\u00edm\u0171 el\u0151ad\u00e1sa Elvira R\u00eembu rendez\u00e9s\u00e9ben.<\/p>\n<p>A nagyteremben Jean Poiret \u201eColivia nebunelor\u201d c\u00edm\u0171 el\u0151ad\u00e1sa, Daniel Vulcu rendez\u00e9s\u00e9ben, a premier \u00f3ta a k\u00f6z\u00f6ns\u00e9g \u00e1ltal kedvelt zen\u00e9s v\u00edgj\u00e1t\u00e9k, valamint Martin McDonagh \u201eLieutenantul din Inishmore\u201d c\u00edm\u0171 el\u0151ad\u00e1sa, Bogdan Bude\u0219 ford\u00edt\u00e1s\u00e1ban, Ovidiu Caidy\u021ba rendez\u00e9s\u00e9ben, a jelenkori fekete sz\u00f6veg egyik legjelent\u0151sebb sz\u00f6vege alapj\u00e1n. sz\u00ednh\u00e1zi jelens\u00e9g. <em>in-yer-face<\/em>.<\/p>\n<p>A K\u00f6lt\u00e9szet Nemzetk\u00f6zi Napja alkalm\u00e1b\u00f3l az \u00c1rk\u00e1dia Csarnok adott otthont Eugen \u021augulea sz\u00ednm\u0171v\u00e9sz \u201eEml\u00e9kek, \u00e9rz\u00e9sek, versek\u201d c\u00edm\u0171 vers\u00e9nek, valamint Andreea T\u0103nase \u201e98% a helyes d\u00f6nt\u00e9s\u201d c\u00edm\u0171 m\u0171sor\u00e1nak, C\u0103t\u0103lin Mardale rendez\u00e9s\u00e9ben, egy els\u0151sorban tin\u00e9dzsereknek szentelt projekt.<\/p>\n<p>Szint\u00e9n az Arcadia Hallban mutatkozott be Gabriel Sandu \u201eLux\u201d c\u00edm\u0171 m\u0171sora, amely az \u201ea.LIVE\u201d projekt r\u00e9szek\u00e9nt k\u00e9sz\u00fclt, a \u201eFITO\u201d Kultur\u00e1lis Alap\u00edtv\u00e1ny \u00e1ltal megval\u00f3s\u00edtott \u00e9s az AFCN t\u00e1rsfinansz\u00edroz\u00e1s\u00e1val.<\/p>\n<p>Az Iosif Vulcan Troupe reperto\u00e1rj\u00e1nak kieg\u00e9sz\u00edt\u00e9s\u00e9re az iskolai tantervb\u0151l felolvas\u00f3 el\u0151ad\u00e1sok programja indult \u00e9s zajlott az oktat\u00e1si int\u00e9zm\u00e9nyekben. K\u00e9t felolvas\u00f3el\u0151ad\u00e1s is szerepelt benne, a &quot;Szerencs\u00e9s malom&quot; Ioan Slavici dramatiz\u00e1l\u00e1sa Ioana Drago\u0219 Gajdo rendez\u00e9s\u00e9ben \u00e9s &quot;A lecke&quot; Eugen Ionesco rendez\u00e9s\u00e9ben, George Dometi rendez\u00e9s\u00e9ben.<\/p>\n<p>Szint\u00e9n ebben az \u00e9vadban ker\u00fclt sor a nagy visszat\u00e9r\u00e9sre a sz\u00ednpadra a Regina Maria Sz\u00ednh\u00e1z emblematikus musicalje, a &quot;Heged\u0171s a h\u00e1ztet\u0151n&quot; c\u00edm\u0171 darabja, amelyet, mint mindig, minden el\u0151ad\u00e1son telth\u00e1zra j\u00e1tszottak. \u00a0<\/p>\n<h3><strong>\u201eSzerz\u0151i portr\u00e9\u201d Fesztiv\u00e1l<\/strong><\/h3>\n<p>Az idei \u00e9vad reperto\u00e1rj\u00e1t k\u00e9pez\u0151 sz\u00ednh\u00e1zi el\u0151ad\u00e1sok mellett sor ker\u00fclt a \u201ePortret de autor\u201d Fesztiv\u00e1l els\u0151 kiad\u00e1s\u00e1ra is, amely okt\u00f3ber 9. \u00e9s 16. k\u00f6z\u00f6tt zajlott, \u00e9s k\u00e9t szekci\u00f3b\u00f3l \u00e1llt: a \u201ePortret de autor \u2013 Florian Zeller\u201d \u00e9s a \u201ePortret Trupa Iosif Vulcan\u201d szekci\u00f3b\u00f3l. A &quot;PORTRET DE AUTOR&quot; fesztiv\u00e1l a nagyv\u00e1radi \u00e9s a rom\u00e1n kult\u00fart\u00e1j \u00faj sz\u00ednh\u00e1zi esem\u00e9nye, ez az els\u0151 kiad\u00e1s k\u00eds\u00e9rleti jelleg\u0171, amely abb\u00f3l a v\u00e1gyb\u00f3l sz\u00fcletett, hogy alternat\u00edv tal\u00e1lkoz\u00e1si teret teremtsen a nagy sz\u00ednh\u00e1zi alkot\u00f3k munk\u00e1ja \u00e9s a nagyv\u00e1radi k\u00f6z\u00f6ns\u00e9g, valamint a kultur\u00e1lis emberek k\u00f6z\u00f6tt.<\/p>\n<h3><strong>Nagyv\u00e1radi Nemzetk\u00f6zi Sz\u00ednh\u00e1zi Fesztiv\u00e1l \u2013 8. kiad\u00e1s<\/strong><\/h3>\n<p>H\u00e1rom \u00e9v sz\u00fcnet ut\u00e1n nagy sz\u00e9ri\u00e1val t\u00e9rt vissza a FITO, melyben a bihari n\u00e9z\u0151k, valamint a j\u00fanius elej\u00e9n Nagyv\u00e1radra l\u00e1togat\u00f3 turist\u00e1k 11 intenz\u00edv sz\u00ednh\u00e1zi napot \u00e9lvezhettek, melynek sor\u00e1n 26 el\u0151ad\u00e1st tekinthettek meg orsz\u00e1gszerte, de hat\u00e1ron t\u00falr\u00f3l is neves sz\u00ednh\u00e1zakb\u00f3l, k\u00e9t koncertet, valamint r\u00e9szt vehettek k\u00f6nyvbemutat\u00f3kon \u00e9s k\u00f6nyvbemutat\u00f3kon.<\/p>\n<p>Id\u00e9n a Nagyv\u00e1radi Nemzetk\u00f6zi Sz\u00ednh\u00e1zi Fesztiv\u00e1lt a Regina Maria Sz\u00ednh\u00e1z \u00e9s a Bihar Megyei Tan\u00e1cs szervezte, a Nagyv\u00e1radi V\u00e1rosh\u00e1za \u00e9s a Nagyv\u00e1rad \u00e9s R\u00e9gi\u00f3 Turisztikai El\u0151mozd\u00edt\u00e1s\u00e1\u00e9rt Egyes\u00fclet (Visit Oradea) t\u00e1mogat\u00e1s\u00e1val, \u00e9s h\u00e1rom f\u0151 szekci\u00f3t foglalt mag\u00e1ban: a Verseny szekci\u00f3 - R\u00f6vid Sz\u00ednh\u00e1zi Fesztiv\u00e1l, a Vend\u00e9gel\u0151ad\u00e1sok szekci\u00f3ja - Versenyen k\u00edv\u00fcli \u00e9s a Szabadt\u00e9ri szekci\u00f3.<\/p>\n<h2><strong>\u00c1RK\u00c1DIA TROMBITA<\/strong><\/h2>\n<p>Az Arcadia t\u00e1rsulat 5 premieren szerepelt a m\u0171v\u00e9szi napt\u00e1rban, a &quot;Kar\u00e1csony a b\u00e1bok f\u00f6ldj\u00e9n&quot; fesztiv\u00e1l els\u0151 kiad\u00e1s\u00e1ban, valamint a &quot;B\u00e1bok hete&quot; rendezv\u00e9ny m\u00e1sodik kiad\u00e1s\u00e1ban. <em>Mes\u00e9k \u00c1rk\u00e1di\u00e1b\u00f3l<\/em>&quot;.<\/p>\n<h3><strong>5 premier<\/strong><\/h3>\n<p>Az Arcadia t\u00e1rsulata nem kevesebb, mint \u00f6t figyelemre m\u00e9lt\u00f3 premiert \u00e9rt el a nemr\u00e9g lez\u00e1rult \u00e9vadban. Ezek k\u00f6z\u00e9 tartozott Andrei Mihalache &quot;A h\u00e1rom kismalac&quot; c\u00edm\u0171 darabj\u00e1nak adapt\u00e1ci\u00f3ja, amely Walt Disney eredeti t\u00f6rt\u00e9nete alapj\u00e1n k\u00e9sz\u00fclt, \u00e9s Daniel Vulcu rendezte. A zenekar bemutatta a \u201eNorr a sz\u00ednek vil\u00e1g\u00e1ban\u201d c\u00edm\u0171 szenzoros show-t is, amelyet kifejezetten a 0 \u00e9s 3 \u00e9v k\u00f6z\u00f6tti fiatalok sz\u00e1m\u00e1ra k\u00e9sz\u00edtettek Florian Silaghi m\u0171v\u00e9szi vezet\u00e9s\u00e9vel.<\/p>\n<p>A t\u00e9li \u00fcnnepek alkalm\u00e1b\u00f3l az Arcadia Troupe a Mikul\u00e1s sz\u00e1nja c\u00edm\u0171 t\u00f6rt\u00e9net\u00e9nek k\u00fcl\u00f6nleges adapt\u00e1ci\u00f3j\u00e1t hozta sz\u00ednpadra, Andreea Costea \u00edr\u00f3ja Igor Lungu rendezte, \u00e9s a kar\u00e1csony var\u00e1zslatos hangulat\u00e1t k\u00edv\u00e1nta humorral \u00e9s jelent\u00e9ssel egyar\u00e1nt megragadni. Egy m\u00e1sik k\u00fcl\u00f6nleges projekt a &quot;Doctor Aum\u0103doare&quot; volt, Iulian Bulancea eredeti alkot\u00e1sa, amelyet Kornei Chukovski k\u00f6nyve ihletett.<\/p>\n<p>Az \u00e9vad v\u00e9g\u00e9n a k\u00f6z\u00f6ns\u00e9g \u00e9lvezhette a \u201eVasilache \u00e9s M\u0103rioara\u201d c\u00edm\u0171 el\u0151ad\u00e1st, amelyet Igor Lungu adapt\u00e1lt \u00e9s m\u0171v\u00e9szileg koordin\u00e1lt Mihai Cri\u0219an sz\u00f6vege ut\u00e1n, amely komikus \u00e9s mag\u00e1val ragad\u00f3 hangulatot hozott a t\u00e1rsulat reperto\u00e1rj\u00e1ba.<\/p>\n<h3><strong>&quot;Kar\u00e1csony a bab\u00e1k f\u00f6ldj\u00e9n&quot; fesztiv\u00e1l<\/strong><\/h3>\n<p>Az egyik kiterjedt projekt, amely az Arcadia Troupe m\u0171v\u00e9szeti napt\u00e1r\u00e1nak r\u00e9sz\u00e9t k\u00e9pezi, a \u201eKar\u00e1csony a bab\u00e1k f\u00f6ldj\u00e9n\u201d fesztiv\u00e1l volt. Volt benne figyelemrem\u00e9lt\u00f3 el\u0151ad\u00e1s, k\u00fcl\u00f6nleges vend\u00e9gek, mesefoglalkoz\u00e1sok, \u00e9nekek \u00e9s tematikus dekor\u00e1ci\u00f3k, valamint \u00e9rzelmes tal\u00e1lkoz\u00e1sok a Mikul\u00e1ssal, amelyek hozz\u00e1j\u00e1rultak ahhoz, hogy var\u00e1zslatos \u00e9s elb\u0171v\u00f6l\u0151 hangulatot teremtsenek a kicsik sz\u00e1m\u00e1ra.<\/p>\n<h3><strong>&quot;Arcadia mes\u00e9i&quot; h\u00e9t<\/strong><\/h3>\n<p>K\u00f6zvetlen\u00fcl a Nagyv\u00e1radi Nemzetk\u00f6zi Sz\u00ednh\u00e1zi Fesztiv\u00e1l el\u0151tt, m\u00e1jus 26-31. k\u00f6z\u00f6tt az \u00c1rk\u00e1dia t\u00e1rsulat m\u00e1sodik alkalommal rendezte meg a \u201eNagyv\u00e1radi Sz\u00ednh\u00e1zi H\u00e9t\u201d c\u00edm\u0171 rendezv\u00e9nyt. <em>Mes\u00e9k \u00c1rk\u00e1di\u00e1b\u00f3l<\/em>Ez a kiad\u00e1s egyar\u00e1nt tartalmazott a t\u00e1rsulat reperto\u00e1rj\u00e1b\u00f3l kedvelt sz\u00ednh\u00e1zi el\u0151ad\u00e1sokat, valamint interakt\u00edv, ismeretterjeszt\u0151 \u00e9s sz\u00f3rakoztat\u00f3 esem\u00e9nyeket, amelyek a fiatal n\u00e9z\u0151k fant\u00e1zi\u00e1j\u00e1t megmozgatj\u00e1k \u00e9s meg\u00f6rvendeztett\u00e9k.<\/p>\n<h3><strong>Utaz\u00e1s fesztiv\u00e1lokra<\/strong><\/h3>\n<p>Ebben a szezonban mindk\u00e9t egy\u00fcttes fell\u00e9pett az orsz\u00e1g m\u00e1s v\u00e1rosaiban \u00e9s k\u00fclf\u00f6ld\u00f6n is. A Iosif Vulcan t\u00e1rsulat 16 alkalommal vett r\u00e9szt fesztiv\u00e1lokon (t\u00f6bbek k\u00f6z\u00f6tt az Orsz\u00e1gos Sz\u00ednh\u00e1zi Fesztiv\u00e1lon az \u201eEcet Tom\u201d-mal, a t\u00f6r\u00f6korsz\u00e1gi Burs\u00e1ban a \u201eBalkan Breeze\u201d Nemzetk\u00f6zi Sz\u00ednh\u00e1zi Fesztiv\u00e1lon a \u201eTartuffe\u201d-val), turn\u00e9kon (a legkiterjedtebb N\u00e9metorsz\u00e1gban, ahol az \u201eAmig a hal\u00e1lig el nem v\u00e1laszt\u201d c\u00edm\u0171 el\u0151ad\u00e1st N\u00e9metorsz\u00e1g n\u00e9gy nagyv\u00e1ros\u00e1ban adt\u00e1k el\u0151). Az Arcadia t\u00e1rsulat 130 el\u0151ad\u00e1st tartott ebben az \u00e9vadban. A sz\u00e9kh\u00e1zi el\u0151ad\u00e1sok mellett sz\u00e1mtalan el\u0151ad\u00e1st l\u00e1thattak a fiatal n\u00e9z\u0151k Bihar megy\u00e9ben, de az orsz\u00e1g olyan fesztiv\u00e1ljain is, mint a kolozsv\u00e1ri &quot;WonderPuck&quot; Utcafesztiv\u00e1l vagy a Temesv\u00e1ri &quot;Merlin p\u00e1lca alatt&quot; Fesztiv\u00e1l.<\/p>\n<h3><strong>A k\u00f6vetkez\u0151 szezonban<\/strong><\/h3>\n<p>A k\u00f6vetkez\u0151 \u00e9vad kezdet\u00e9re k\u00e9sz\u00fclve az Iosif Vulcan Troupe-ban h\u00e1rom premier van, a &quot;Kegyetlens\u00e9g \u00e9s gyeng\u00e9ds\u00e9g&quot;, Martin Crimp rendez\u00e9s\u00e9ben, Andrei Dinu rendez\u00e9s\u00e9ben, &quot;Kaktuszvir\u00e1g&quot;, Pierre Barillet \u00e9s Jean-Pierre Gredy, rendez\u0151: Daniel Vulcu \u00e9s &quot;Cyrano de Bergerac&quot;, Edmond \u00e9s H. Surrarac rendez\u00e9se ut\u00e1n. Arcadia Troupe, &quot;The Bremen Town Musicians&quot;, rendez\u0151: Ciprian Hu\u021banu.<\/p>\n<p>K\u00f6sz\u00f6nj\u00fck mindenkinek, aki vel\u00fcnk volt ebben a szezonban. Tal\u00e1lkozunk a 2023-2024-es szezonban, \u00faj projektekkel \u00e9s friss er\u0151kkel!<\/p>","protected":false},"excerpt":{"rendered":"<p>Teatrul Regina Maria a ajuns la final de stagiune, dup\u0103 un an plin de spectacole extraordinare, de particip\u0103ri la festivaluri prestigioase din \u0163ar\u0103 \u015fi din str\u0103in\u0103tate \u0219i o edi\u021bie reu\u0219it\u0103 a Festivalului Interna\u021bional de Teatru. Luna iulie aduce cu sine o vacan\u0163\u0103 binemeritat\u0103, dar nu \u00eenainte de a \u00eenregistra \u00een condica de succese a Teatrului [&hellip;]<\/p>\n","protected":false},"author":6,"featured_media":5385,"comment_status":"open","ping_status":"open","sticky":false,"template":"","format":"standard","meta":{"_acf_changed":false,"footnotes":""},"categories":[41],"tags":[],"class_list":["post-5386","post","type-post","status-publish","format-standard","has-post-thumbnail","hentry","category-noutati"],"aioseo_notices":[],"aioseo_head":"\n\t\t<!-- All in One SEO Pro 5.0.1.1 - aioseo.com -->\n\t<meta name=\"description\" content=\"Teatrul Regina Maria a ajuns la final de stagiune, dup\u0103 un an plin de spectacole extraordinare, de particip\u0103ri la festivaluri prestigioase din \u0163ar\u0103 \u015fi din str\u0103in\u0103tate \u0219i o edi\u021bie reu\u0219it\u0103 a Festivalului Interna\u021bional de Teatru. Luna iulie aduce cu sine o vacan\u0163\u0103 binemeritat\u0103, dar nu \u00eenainte de a \u00eenregistra \u00een condica de succese a Teatrului\" \/>\n\t<meta name=\"robots\" content=\"max-image-preview:large\" \/>\n\t<meta name=\"author\" content=\"Teatrul Regina Maria\"\/>\n\t<link rel=\"canonical\" href=\"https:\/\/www.teatrulreginamaria.ro\/hu\/final-de-stagiune-la-teatrul-regina-maria-oradea\/\" \/>\n\t<meta name=\"generator\" content=\"All in One SEO Pro (AIOSEO) 5.0.1.1\" \/>\n\t\t<meta property=\"og:locale\" content=\"hu_HU\" \/>\n\t\t<meta property=\"og:site_name\" content=\"Teatrul Regina Maria Oradea - Trupa Iosif Vulcan \u0219i Trupa Arcadia\" \/>\n\t\t<meta property=\"og:type\" content=\"article\" \/>\n\t\t<meta property=\"og:title\" content=\"FINAL DE STAGIUNE LA TEATRUL REGINA MARIA ORADEA - Teatrul Regina Maria Oradea\" \/>\n\t\t<meta property=\"og:description\" content=\"Teatrul Regina Maria a ajuns la final de stagiune, dup\u0103 un an plin de spectacole extraordinare, de particip\u0103ri la festivaluri prestigioase din \u0163ar\u0103 \u015fi din str\u0103in\u0103tate \u0219i o edi\u021bie reu\u0219it\u0103 a Festivalului Interna\u021bional de Teatru. Luna iulie aduce cu sine o vacan\u0163\u0103 binemeritat\u0103, dar nu \u00eenainte de a \u00eenregistra \u00een condica de succese a Teatrului\" \/>\n\t\t<meta property=\"og:url\" content=\"https:\/\/www.teatrulreginamaria.ro\/hu\/final-de-stagiune-la-teatrul-regina-maria-oradea\/\" \/>\n\t\t<meta property=\"og:image\" content=\"https:\/\/www.teatrulreginamaria.ro\/wp-content\/uploads\/2025\/03\/trm-istoric-01.jpg\" \/>\n\t\t<meta property=\"og:image:secure_url\" content=\"https:\/\/www.teatrulreginamaria.ro\/wp-content\/uploads\/2025\/03\/trm-istoric-01.jpg\" \/>\n\t\t<meta property=\"og:image:width\" content=\"1200\" \/>\n\t\t<meta property=\"og:image:height\" content=\"800\" \/>\n\t\t<meta property=\"article:published_time\" content=\"2023-06-27T11:02:29+00:00\" \/>\n\t\t<meta property=\"article:modified_time\" content=\"2023-06-27T11:02:29+00:00\" \/>\n\t\t<meta property=\"article:publisher\" content=\"https:\/\/www.facebook.com\/TRMTrupaIosifVulcan\/\" \/>\n\t\t<meta name=\"twitter:card\" content=\"summary_large_image\" \/>\n\t\t<meta name=\"twitter:site\" content=\"@TRMOradea\" \/>\n\t\t<meta name=\"twitter:title\" content=\"FINAL DE STAGIUNE LA TEATRUL REGINA MARIA ORADEA - Teatrul Regina Maria Oradea\" \/>\n\t\t<meta name=\"twitter:description\" content=\"Teatrul Regina Maria a ajuns la final de stagiune, dup\u0103 un an plin de spectacole extraordinare, de particip\u0103ri la festivaluri prestigioase din \u0163ar\u0103 \u015fi din str\u0103in\u0103tate \u0219i o edi\u021bie reu\u0219it\u0103 a Festivalului Interna\u021bional de Teatru. Luna iulie aduce cu sine o vacan\u0163\u0103 binemeritat\u0103, dar nu \u00eenainte de a \u00eenregistra \u00een condica de succese a Teatrului\" \/>\n\t\t<meta name=\"twitter:creator\" content=\"@TRMOradea\" \/>\n\t\t<meta name=\"twitter:image\" content=\"https:\/\/www.teatrulreginamaria.ro\/wp-content\/uploads\/2025\/03\/trm-istoric-01.jpg\" \/>\n\t\t<script type=\"application\/ld+json\" class=\"aioseo-schema\">\n\t\t\t{\"@context\":\"https:\\\/\\\/schema.org\",\"@graph\":[{\"@type\":\"BlogPosting\",\"@id\":\"https:\\\/\\\/www.teatrulreginamaria.ro\\\/hu\\\/final-de-stagiune-la-teatrul-regina-maria-oradea\\\/#blogposting\",\"name\":\"FINAL DE STAGIUNE LA TEATRUL REGINA MARIA ORADEA - Teatrul Regina Maria Oradea\",\"headline\":\"FINAL DE STAGIUNE LA TEATRUL REGINA MARIA ORADEA\",\"author\":{\"@id\":\"https:\\\/\\\/www.teatrulreginamaria.ro\\\/hu\\\/author\\\/w3bmaster\\\/#author\"},\"publisher\":{\"@id\":\"https:\\\/\\\/www.teatrulreginamaria.ro\\\/hu\\\/#organization\"},\"image\":{\"@type\":\"ImageObject\",\"url\":\"https:\\\/\\\/www.teatrulreginamaria.ro\\\/wp-content\\\/uploads\\\/2023\\\/06\\\/Artboard_1.png\",\"width\":3402,\"height\":2835},\"datePublished\":\"2023-06-27T11:02:29+03:00\",\"dateModified\":\"2023-06-27T11:02:29+03:00\",\"inLanguage\":\"hu-HU\",\"mainEntityOfPage\":{\"@id\":\"https:\\\/\\\/www.teatrulreginamaria.ro\\\/hu\\\/final-de-stagiune-la-teatrul-regina-maria-oradea\\\/#webpage\"},\"isPartOf\":{\"@id\":\"https:\\\/\\\/www.teatrulreginamaria.ro\\\/hu\\\/final-de-stagiune-la-teatrul-regina-maria-oradea\\\/#webpage\"},\"articleSection\":\"Nout\\u0103\\u021bi\"},{\"@type\":\"BreadcrumbList\",\"@id\":\"https:\\\/\\\/www.teatrulreginamaria.ro\\\/hu\\\/final-de-stagiune-la-teatrul-regina-maria-oradea\\\/#breadcrumblist\",\"itemListElement\":[{\"@type\":\"ListItem\",\"@id\":\"https:\\\/\\\/www.teatrulreginamaria.ro\\\/hu#listItem\",\"position\":1,\"name\":\"Home\",\"item\":\"https:\\\/\\\/www.teatrulreginamaria.ro\\\/hu\",\"nextItem\":{\"@type\":\"ListItem\",\"@id\":\"https:\\\/\\\/www.teatrulreginamaria.ro\\\/hu\\\/categorie\\\/noutati\\\/#listItem\",\"name\":\"Nout\\u0103\\u021bi\"}},{\"@type\":\"ListItem\",\"@id\":\"https:\\\/\\\/www.teatrulreginamaria.ro\\\/hu\\\/categorie\\\/noutati\\\/#listItem\",\"position\":2,\"name\":\"Nout\\u0103\\u021bi\",\"item\":\"https:\\\/\\\/www.teatrulreginamaria.ro\\\/hu\\\/categorie\\\/noutati\\\/\",\"nextItem\":{\"@type\":\"ListItem\",\"@id\":\"https:\\\/\\\/www.teatrulreginamaria.ro\\\/hu\\\/final-de-stagiune-la-teatrul-regina-maria-oradea\\\/#listItem\",\"name\":\"FINAL DE STAGIUNE LA TEATRUL REGINA MARIA ORADEA\"},\"previousItem\":{\"@type\":\"ListItem\",\"@id\":\"https:\\\/\\\/www.teatrulreginamaria.ro\\\/hu#listItem\",\"name\":\"Home\"}},{\"@type\":\"ListItem\",\"@id\":\"https:\\\/\\\/www.teatrulreginamaria.ro\\\/hu\\\/final-de-stagiune-la-teatrul-regina-maria-oradea\\\/#listItem\",\"position\":3,\"name\":\"FINAL DE STAGIUNE LA TEATRUL REGINA MARIA ORADEA\",\"previousItem\":{\"@type\":\"ListItem\",\"@id\":\"https:\\\/\\\/www.teatrulreginamaria.ro\\\/hu\\\/categorie\\\/noutati\\\/#listItem\",\"name\":\"Nout\\u0103\\u021bi\"}}]},{\"@type\":\"Organization\",\"@id\":\"https:\\\/\\\/www.teatrulreginamaria.ro\\\/hu\\\/#organization\",\"name\":\"Teatrul Regina Maria Oradea\",\"description\":\"Trupa Iosif Vulcan \\u0219i Trupa Arcadia\",\"url\":\"https:\\\/\\\/www.teatrulreginamaria.ro\\\/hu\\\/\",\"email\":\"marketing@teatrulreginamaria.ro\",\"telephone\":\"+40359411534\",\"numberOfEmployees\":{\"@type\":\"QuantitativeValue\",\"minValue\":0,\"maxValue\":150},\"logo\":{\"@type\":\"ImageObject\",\"url\":\"https:\\\/\\\/www.teatrulreginamaria.ro\\\/wp-content\\\/uploads\\\/2025\\\/06\\\/logo-trm-01-dark.png\",\"@id\":\"https:\\\/\\\/www.teatrulreginamaria.ro\\\/hu\\\/final-de-stagiune-la-teatrul-regina-maria-oradea\\\/#organizationLogo\",\"width\":300,\"height\":148},\"image\":{\"@id\":\"https:\\\/\\\/www.teatrulreginamaria.ro\\\/hu\\\/final-de-stagiune-la-teatrul-regina-maria-oradea\\\/#organizationLogo\"},\"sameAs\":[\"https:\\\/\\\/www.facebook.com\\\/TRMTrupaIosifVulcan\\\/\",\"https:\\\/\\\/x.com\\\/TRMOradea\",\"https:\\\/\\\/www.instagram.com\\\/teatrul_regina_maria\\\/\",\"https:\\\/\\\/www.youtube.com\\\/c\\\/TeatrulReginaMariaOradea\",\"https:\\\/\\\/www.linkedin.com\\\/company\\\/teatrul-regina-maria\"]},{\"@type\":\"Person\",\"@id\":\"https:\\\/\\\/www.teatrulreginamaria.ro\\\/hu\\\/author\\\/w3bmaster\\\/#author\",\"url\":\"https:\\\/\\\/www.teatrulreginamaria.ro\\\/hu\\\/author\\\/w3bmaster\\\/\",\"name\":\"Teatrul Regina Maria\",\"image\":{\"@type\":\"ImageObject\",\"@id\":\"https:\\\/\\\/www.teatrulreginamaria.ro\\\/hu\\\/final-de-stagiune-la-teatrul-regina-maria-oradea\\\/#authorImage\",\"url\":\"https:\\\/\\\/secure.gravatar.com\\\/avatar\\\/5884139d508ae3f0bafe45e60563b48a9640146d3b08ccc6278c305ff9329305?s=96&d=mm&r=g\",\"width\":96,\"height\":96,\"caption\":\"Teatrul Regina Maria\"}},{\"@type\":\"WebPage\",\"@id\":\"https:\\\/\\\/www.teatrulreginamaria.ro\\\/hu\\\/final-de-stagiune-la-teatrul-regina-maria-oradea\\\/#webpage\",\"url\":\"https:\\\/\\\/www.teatrulreginamaria.ro\\\/hu\\\/final-de-stagiune-la-teatrul-regina-maria-oradea\\\/\",\"name\":\"FINAL DE STAGIUNE LA TEATRUL REGINA MARIA ORADEA - Teatrul Regina Maria Oradea\",\"description\":\"Teatrul Regina Maria a ajuns la final de stagiune, dup\\u0103 un an plin de spectacole extraordinare, de particip\\u0103ri la festivaluri prestigioase din \\u0163ar\\u0103 \\u015fi din str\\u0103in\\u0103tate \\u0219i o edi\\u021bie reu\\u0219it\\u0103 a Festivalului Interna\\u021bional de Teatru. Luna iulie aduce cu sine o vacan\\u0163\\u0103 binemeritat\\u0103, dar nu \\u00eenainte de a \\u00eenregistra \\u00een condica de succese a Teatrului\",\"inLanguage\":\"hu-HU\",\"isPartOf\":{\"@id\":\"https:\\\/\\\/www.teatrulreginamaria.ro\\\/hu\\\/#website\"},\"breadcrumb\":{\"@id\":\"https:\\\/\\\/www.teatrulreginamaria.ro\\\/hu\\\/final-de-stagiune-la-teatrul-regina-maria-oradea\\\/#breadcrumblist\"},\"author\":{\"@id\":\"https:\\\/\\\/www.teatrulreginamaria.ro\\\/hu\\\/author\\\/w3bmaster\\\/#author\"},\"creator\":{\"@id\":\"https:\\\/\\\/www.teatrulreginamaria.ro\\\/hu\\\/author\\\/w3bmaster\\\/#author\"},\"image\":{\"@type\":\"ImageObject\",\"url\":\"https:\\\/\\\/www.teatrulreginamaria.ro\\\/wp-content\\\/uploads\\\/2023\\\/06\\\/Artboard_1.png\",\"@id\":\"https:\\\/\\\/www.teatrulreginamaria.ro\\\/hu\\\/final-de-stagiune-la-teatrul-regina-maria-oradea\\\/#mainImage\",\"width\":3402,\"height\":2835},\"primaryImageOfPage\":{\"@id\":\"https:\\\/\\\/www.teatrulreginamaria.ro\\\/hu\\\/final-de-stagiune-la-teatrul-regina-maria-oradea\\\/#mainImage\"},\"datePublished\":\"2023-06-27T11:02:29+03:00\",\"dateModified\":\"2023-06-27T11:02:29+03:00\"},{\"@type\":\"WebSite\",\"@id\":\"https:\\\/\\\/www.teatrulreginamaria.ro\\\/hu\\\/#website\",\"url\":\"https:\\\/\\\/www.teatrulreginamaria.ro\\\/hu\\\/\",\"name\":\"Teatrul Regina Maria Oradea\",\"alternateName\":\"TRM Oradea\",\"description\":\"Trupa Iosif Vulcan \\u0219i Trupa Arcadia\",\"inLanguage\":\"hu-HU\",\"publisher\":{\"@id\":\"https:\\\/\\\/www.teatrulreginamaria.ro\\\/hu\\\/#organization\"}}]}\n\t\t<\/script>\n\t\t<!-- All in One SEO Pro -->\r\n\t\t<title>FINAL DE STAGIUNE LA TEATRUL REGINA MARIA ORADEA - Teatrul Regina Maria Oradea<\/title>\n\n","aioseo_head_json":{"title":"SZEZON V\u00c9GE A V\u00c1RADI REGINA MARIA SZ\u00cdNH\u00c1ZBAN - Regina Maria Sz\u00ednh\u00e1z Nagyv\u00e1radi","description":"A Regina Maria Sz\u00ednh\u00e1z egy rendk\u00edv\u00fcli el\u0151ad\u00e1sokkal teli \u00e9v, rangos hazai \u00e9s k\u00fclf\u00f6ldi fesztiv\u00e1lokon val\u00f3 r\u00e9szv\u00e9tel, valamint a Nemzetk\u00f6zi Sz\u00ednh\u00e1zi Fesztiv\u00e1l sikeres megrendez\u00e9se ut\u00e1n szezonja v\u00e9g\u00e9hez \u00e9rkezett. J\u00falius meg\u00e9rdemelt vak\u00e1ci\u00f3t hoz mag\u00e1val, de nem a Sz\u00ednh\u00e1z sikereinek r\u00f6gz\u00edt\u00e9se el\u0151tt","canonical_url":"https:\/\/www.teatrulreginamaria.ro\/hu\/final-de-stagiune-la-teatrul-regina-maria-oradea\/","robots":"max-image-preview:large","keywords":"","webmasterTools":{"miscellaneous":""},"schema":{"@context":"https:\/\/schema.org","@graph":[{"@type":"BlogPosting","@id":"https:\/\/www.teatrulreginamaria.ro\/hu\/final-de-stagiune-la-teatrul-regina-maria-oradea\/#blogposting","name":"FINAL DE STAGIUNE LA TEATRUL REGINA MARIA ORADEA - Teatrul Regina Maria Oradea","headline":"FINAL DE STAGIUNE LA TEATRUL REGINA MARIA ORADEA","author":{"@id":"https:\/\/www.teatrulreginamaria.ro\/hu\/author\/w3bmaster\/#author"},"publisher":{"@id":"https:\/\/www.teatrulreginamaria.ro\/hu\/#organization"},"image":{"@type":"ImageObject","url":"https:\/\/www.teatrulreginamaria.ro\/wp-content\/uploads\/2023\/06\/Artboard_1.png","width":3402,"height":2835},"datePublished":"2023-06-27T11:02:29+03:00","dateModified":"2023-06-27T11:02:29+03:00","inLanguage":"hu-HU","mainEntityOfPage":{"@id":"https:\/\/www.teatrulreginamaria.ro\/hu\/final-de-stagiune-la-teatrul-regina-maria-oradea\/#webpage"},"isPartOf":{"@id":"https:\/\/www.teatrulreginamaria.ro\/hu\/final-de-stagiune-la-teatrul-regina-maria-oradea\/#webpage"},"articleSection":"Nout\u0103\u021bi"},{"@type":"BreadcrumbList","@id":"https:\/\/www.teatrulreginamaria.ro\/hu\/final-de-stagiune-la-teatrul-regina-maria-oradea\/#breadcrumblist","itemListElement":[{"@type":"ListItem","@id":"https:\/\/www.teatrulreginamaria.ro\/hu#listItem","position":1,"name":"Home","item":"https:\/\/www.teatrulreginamaria.ro\/hu","nextItem":{"@type":"ListItem","@id":"https:\/\/www.teatrulreginamaria.ro\/hu\/categorie\/noutati\/#listItem","name":"Nout\u0103\u021bi"}},{"@type":"ListItem","@id":"https:\/\/www.teatrulreginamaria.ro\/hu\/categorie\/noutati\/#listItem","position":2,"name":"Nout\u0103\u021bi","item":"https:\/\/www.teatrulreginamaria.ro\/hu\/categorie\/noutati\/","nextItem":{"@type":"ListItem","@id":"https:\/\/www.teatrulreginamaria.ro\/hu\/final-de-stagiune-la-teatrul-regina-maria-oradea\/#listItem","name":"FINAL DE STAGIUNE LA TEATRUL REGINA MARIA ORADEA"},"previousItem":{"@type":"ListItem","@id":"https:\/\/www.teatrulreginamaria.ro\/hu#listItem","name":"Home"}},{"@type":"ListItem","@id":"https:\/\/www.teatrulreginamaria.ro\/hu\/final-de-stagiune-la-teatrul-regina-maria-oradea\/#listItem","position":3,"name":"FINAL DE STAGIUNE LA TEATRUL REGINA MARIA ORADEA","previousItem":{"@type":"ListItem","@id":"https:\/\/www.teatrulreginamaria.ro\/hu\/categorie\/noutati\/#listItem","name":"Nout\u0103\u021bi"}}]},{"@type":"Organization","@id":"https:\/\/www.teatrulreginamaria.ro\/hu\/#organization","name":"Teatrul Regina Maria Oradea","description":"Trupa Iosif Vulcan \u0219i Trupa Arcadia","url":"https:\/\/www.teatrulreginamaria.ro\/hu\/","email":"marketing@teatrulreginamaria.ro","telephone":"+40359411534","numberOfEmployees":{"@type":"QuantitativeValue","minValue":0,"maxValue":150},"logo":{"@type":"ImageObject","url":"https:\/\/www.teatrulreginamaria.ro\/wp-content\/uploads\/2025\/06\/logo-trm-01-dark.png","@id":"https:\/\/www.teatrulreginamaria.ro\/hu\/final-de-stagiune-la-teatrul-regina-maria-oradea\/#organizationLogo","width":300,"height":148},"image":{"@id":"https:\/\/www.teatrulreginamaria.ro\/hu\/final-de-stagiune-la-teatrul-regina-maria-oradea\/#organizationLogo"},"sameAs":["https:\/\/www.facebook.com\/TRMTrupaIosifVulcan\/","https:\/\/x.com\/TRMOradea","https:\/\/www.instagram.com\/teatrul_regina_maria\/","https:\/\/www.youtube.com\/c\/TeatrulReginaMariaOradea","https:\/\/www.linkedin.com\/company\/teatrul-regina-maria"]},{"@type":"Person","@id":"https:\/\/www.teatrulreginamaria.ro\/hu\/author\/w3bmaster\/#author","url":"https:\/\/www.teatrulreginamaria.ro\/hu\/author\/w3bmaster\/","name":"Teatrul Regina Maria","image":{"@type":"ImageObject","@id":"https:\/\/www.teatrulreginamaria.ro\/hu\/final-de-stagiune-la-teatrul-regina-maria-oradea\/#authorImage","url":"https:\/\/secure.gravatar.com\/avatar\/5884139d508ae3f0bafe45e60563b48a9640146d3b08ccc6278c305ff9329305?s=96&d=mm&r=g","width":96,"height":96,"caption":"Teatrul Regina Maria"}},{"@type":"WebPage","@id":"https:\/\/www.teatrulreginamaria.ro\/hu\/final-de-stagiune-la-teatrul-regina-maria-oradea\/#webpage","url":"https:\/\/www.teatrulreginamaria.ro\/hu\/final-de-stagiune-la-teatrul-regina-maria-oradea\/","name":"FINAL DE STAGIUNE LA TEATRUL REGINA MARIA ORADEA - Teatrul Regina Maria Oradea","description":"Teatrul Regina Maria a ajuns la final de stagiune, dup\u0103 un an plin de spectacole extraordinare, de particip\u0103ri la festivaluri prestigioase din \u0163ar\u0103 \u015fi din str\u0103in\u0103tate \u0219i o edi\u021bie reu\u0219it\u0103 a Festivalului Interna\u021bional de Teatru. Luna iulie aduce cu sine o vacan\u0163\u0103 binemeritat\u0103, dar nu \u00eenainte de a \u00eenregistra \u00een condica de succese a Teatrului","inLanguage":"hu-HU","isPartOf":{"@id":"https:\/\/www.teatrulreginamaria.ro\/hu\/#website"},"breadcrumb":{"@id":"https:\/\/www.teatrulreginamaria.ro\/hu\/final-de-stagiune-la-teatrul-regina-maria-oradea\/#breadcrumblist"},"author":{"@id":"https:\/\/www.teatrulreginamaria.ro\/hu\/author\/w3bmaster\/#author"},"creator":{"@id":"https:\/\/www.teatrulreginamaria.ro\/hu\/author\/w3bmaster\/#author"},"image":{"@type":"ImageObject","url":"https:\/\/www.teatrulreginamaria.ro\/wp-content\/uploads\/2023\/06\/Artboard_1.png","@id":"https:\/\/www.teatrulreginamaria.ro\/hu\/final-de-stagiune-la-teatrul-regina-maria-oradea\/#mainImage","width":3402,"height":2835},"primaryImageOfPage":{"@id":"https:\/\/www.teatrulreginamaria.ro\/hu\/final-de-stagiune-la-teatrul-regina-maria-oradea\/#mainImage"},"datePublished":"2023-06-27T11:02:29+03:00","dateModified":"2023-06-27T11:02:29+03:00"},{"@type":"WebSite","@id":"https:\/\/www.teatrulreginamaria.ro\/hu\/#website","url":"https:\/\/www.teatrulreginamaria.ro\/hu\/","name":"Teatrul Regina Maria Oradea","alternateName":"TRM Oradea","description":"Trupa Iosif Vulcan \u0219i Trupa Arcadia","inLanguage":"hu-HU","publisher":{"@id":"https:\/\/www.teatrulreginamaria.ro\/hu\/#organization"}}]},"og:locale":"hu_HU","og:site_name":"Teatrul Regina Maria Oradea - Trupa Iosif Vulcan \u0219i Trupa Arcadia","og:type":"article","og:title":"FINAL DE STAGIUNE LA TEATRUL REGINA MARIA ORADEA - Teatrul Regina Maria Oradea","og:description":"Teatrul Regina Maria a ajuns la final de stagiune, dup\u0103 un an plin de spectacole extraordinare, de particip\u0103ri la festivaluri prestigioase din \u0163ar\u0103 \u015fi din str\u0103in\u0103tate \u0219i o edi\u021bie reu\u0219it\u0103 a Festivalului Interna\u021bional de Teatru. Luna iulie aduce cu sine o vacan\u0163\u0103 binemeritat\u0103, dar nu \u00eenainte de a \u00eenregistra \u00een condica de succese a Teatrului","og:url":"https:\/\/www.teatrulreginamaria.ro\/hu\/final-de-stagiune-la-teatrul-regina-maria-oradea\/","og:image":"https:\/\/www.teatrulreginamaria.ro\/wp-content\/uploads\/2025\/03\/trm-istoric-01.jpg","og:image:secure_url":"https:\/\/www.teatrulreginamaria.ro\/wp-content\/uploads\/2025\/03\/trm-istoric-01.jpg","og:image:width":1200,"og:image:height":800,"article:published_time":"2023-06-27T11:02:29+00:00","article:modified_time":"2023-06-27T11:02:29+00:00","article:publisher":"https:\/\/www.facebook.com\/TRMTrupaIosifVulcan\/","twitter:card":"summary_large_image","twitter:site":"@TRMOradea","twitter:title":"FINAL DE STAGIUNE LA TEATRUL REGINA MARIA ORADEA - Teatrul Regina Maria Oradea","twitter:description":"Teatrul Regina Maria a ajuns la final de stagiune, dup\u0103 un an plin de spectacole extraordinare, de particip\u0103ri la festivaluri prestigioase din \u0163ar\u0103 \u015fi din str\u0103in\u0103tate \u0219i o edi\u021bie reu\u0219it\u0103 a Festivalului Interna\u021bional de Teatru. Luna iulie aduce cu sine o vacan\u0163\u0103 binemeritat\u0103, dar nu \u00eenainte de a \u00eenregistra \u00een condica de succese a Teatrului","twitter:creator":"@TRMOradea","twitter:image":"https:\/\/www.teatrulreginamaria.ro\/wp-content\/uploads\/2025\/03\/trm-istoric-01.jpg"},"aioseo_meta_data":{"post_id":"5386","title":null,"description":null,"keywords":null,"keyphrases":null,"primary_term":null,"canonical_url":null,"og_title":null,"og_description":null,"og_object_type":"default","og_image_type":"default","og_image_url":null,"og_image_width":null,"og_image_height":null,"og_image_custom_url":null,"og_image_custom_fields":null,"og_video":null,"og_custom_url":null,"og_article_section":null,"og_article_tags":null,"twitter_use_og":false,"twitter_card":"default","twitter_image_type":"default","twitter_image_url":null,"twitter_image_custom_url":null,"twitter_image_custom_fields":null,"twitter_title":null,"twitter_description":null,"schema":{"blockGraphs":[],"customGraphs":[],"default":{"data":{"Article":[],"Course":[],"Dataset":[],"FAQPage":[],"Movie":[],"Person":[],"Product":[],"ProductReview":[],"Car":[],"Recipe":[],"Service":[],"SoftwareApplication":[],"WebPage":[]},"graphName":"","isEnabled":true},"graphs":[]},"schema_type":"default","schema_type_options":null,"pillar_content":false,"robots_default":true,"robots_noindex":false,"robots_noarchive":false,"robots_nosnippet":false,"robots_nofollow":false,"robots_noimageindex":false,"robots_noodp":false,"robots_notranslate":false,"robots_max_snippet":null,"robots_max_videopreview":null,"robots_max_imagepreview":"large","priority":null,"frequency":null,"local_seo":null,"seo_analyzer_scan_date":"2026-05-13 03:13:53","breadcrumb_settings":null,"limit_modified_date":false,"reviewed_by":null,"open_ai":null,"ai":null,"created":"2025-04-09 17:42:44","updated":"2026-05-13 03:13:53","focus_keyword":null,"additional_keywords":null,"truseo_locale":null},"aioseo_breadcrumb":"<div class=\"aioseo-breadcrumbs\"><span class=\"aioseo-breadcrumb\">\n\t<a href=\"https:\/\/www.teatrulreginamaria.ro\/hu\" title=\"Home\">Home<\/a>\n<\/span><span class=\"aioseo-breadcrumb-separator\">&raquo;<\/span><span class=\"aioseo-breadcrumb\">\n\t<a href=\"https:\/\/www.teatrulreginamaria.ro\/hu\/categorie\/noutati\/\" title=\"Nout\u0103\u021bi\">Nout\u0103\u021bi<\/a>\n<\/span><span class=\"aioseo-breadcrumb-separator\">&raquo;<\/span><span class=\"aioseo-breadcrumb\">\n\tFINAL DE STAGIUNE LA TEATRUL REGINA MARIA ORADEA\n<\/span><\/div>","aioseo_breadcrumb_json":[{"label":"Home","link":"https:\/\/www.teatrulreginamaria.ro\/hu"},{"label":"Nout\u0103\u021bi","link":"https:\/\/www.teatrulreginamaria.ro\/hu\/categorie\/noutati\/"},{"label":"FINAL DE STAGIUNE LA TEATRUL REGINA MARIA ORADEA","link":"https:\/\/www.teatrulreginamaria.ro\/hu\/final-de-stagiune-la-teatrul-regina-maria-oradea\/"}],"acf":[],"_links":{"self":[{"href":"https:\/\/www.teatrulreginamaria.ro\/hu\/wp-json\/wp\/v2\/posts\/5386","targetHints":{"allow":["GET"]}}],"collection":[{"href":"https:\/\/www.teatrulreginamaria.ro\/hu\/wp-json\/wp\/v2\/posts"}],"about":[{"href":"https:\/\/www.teatrulreginamaria.ro\/hu\/wp-json\/wp\/v2\/types\/post"}],"author":[{"embeddable":true,"href":"https:\/\/www.teatrulreginamaria.ro\/hu\/wp-json\/wp\/v2\/users\/6"}],"replies":[{"embeddable":true,"href":"https:\/\/www.teatrulreginamaria.ro\/hu\/wp-json\/wp\/v2\/comments?post=5386"}],"version-history":[{"count":0,"href":"https:\/\/www.teatrulreginamaria.ro\/hu\/wp-json\/wp\/v2\/posts\/5386\/revisions"}],"wp:featuredmedia":[{"embeddable":true,"href":"https:\/\/www.teatrulreginamaria.ro\/hu\/wp-json\/wp\/v2\/media\/5385"}],"wp:attachment":[{"href":"https:\/\/www.teatrulreginamaria.ro\/hu\/wp-json\/wp\/v2\/media?parent=5386"}],"wp:term":[{"taxonomy":"category","embeddable":true,"href":"https:\/\/www.teatrulreginamaria.ro\/hu\/wp-json\/wp\/v2\/categories?post=5386"},{"taxonomy":"post_tag","embeddable":true,"href":"https:\/\/www.teatrulreginamaria.ro\/hu\/wp-json\/wp\/v2\/tags?post=5386"}],"curies":[{"name":"munkaf\u00fczet","href":"https:\/\/api.w.org\/{rel}","templated":true}]}}