{"id":5389,"date":"2023-08-18T10:49:20","date_gmt":"2023-08-18T10:49:20","guid":{"rendered":"https:\/\/teatrulreginamaria.ro\/2023\/08\/18\/cortina-teatrului-regina-maria-se-ridica-pentru-stagiunea-2023-2024-cu-spectacole-fascinante-si-premiere-de-neuitat\/"},"modified":"2023-08-18T10:49:20","modified_gmt":"2023-08-18T10:49:20","slug":"a-queen-maria-szinhaz-fuggonye-felgordul-a-2023-2024-es-evadra-lenyugozo-eloadasokkal-es-felejthetetlen-premierekkel","status":"publish","type":"post","link":"https:\/\/www.teatrulreginamaria.ro\/hu\/cortina-teatrului-regina-maria-se-ridica-pentru-stagiunea-2023-2024-cu-spectacole-fascinante-si-premiere-de-neuitat\/","title":{"rendered":"A Regina Maria Sz\u00ednh\u00e1z f\u00fcgg\u00f6nye felg\u00f6rd\u00fcl a 2023\u20132024-es \u00e9vadra leny\u0171g\u00f6z\u0151 el\u0151ad\u00e1sokkal \u00e9s felejthetetlen premierekkel!"},"content":{"rendered":"<p style=\"font-weight: 400;\"><strong>A Regina Maria Sz\u00ednh\u00e1z csapata lelkesed\u00e9ssel t\u00e9r vissza a vak\u00e1ci\u00f3r\u00f3l, hogy \u00e9rzelmekkel, humorral \u00e9s magas sz\u00ednvonal\u00fa sz\u00ednh\u00e1zi m\u0171v\u00e9szettel teli \u00faj \u00e9vadba l\u00e9pjen. A n\u00e9z\u0151k szeptemberben k\u00e9t premiert, vend\u00e9gel\u0151ad\u00e1sokat, de a Iosif Vulcan t\u00e1rsulat m\u00e1r befutott produkci\u00f3it is \u00e9lvezhetik.<\/strong><\/p>\n<p style=\"font-weight: 400;\"><strong>Sikeres premier: &quot;\u201e<a href=\"\/hu\/ro\/zenekar-josif-vulcan\/esemenyek\/2792-cruzime-si-tandrete\/\">Kegyetlens\u00e9g \u00e9s gyeng\u00e9ds\u00e9g<\/a>&quot;<\/strong><\/p>\n<p style=\"font-weight: 400;\">Az \u00e9vad Martin Crimp \u201eKegyetlens\u00e9g \u00e9s gyeng\u00e9ds\u00e9g\u201d c\u00edm\u0171 darabj\u00e1nak premierj\u00e9vel kezd\u0151dik, Andrei Dinu rendez\u00e9s\u00e9ben, augusztus 24-\u00e9n, 19:00 \u00f3rakor a Transilvania Csarnokban. A k\u00f6z\u00f6ns\u00e9g lelkesen fogadta az el\u0151ad\u00e1st, \u00e9s a jegyek gyorsan elfogytak erre a m\u00e9ly t\u00f6rt\u00e9net\u00e9vel leny\u0171g\u00f6z\u0151 \u00e9s mag\u00e1val ragad\u00f3 el\u0151ad\u00e1sra. A k\u00f6vetkez\u0151 el\u0151ad\u00e1sra szeptember 12-\u00e9n ker\u00fcl sor, a jegyek online v\u00e1s\u00e1rolhat\u00f3k az Eventim.ro oldalon vagy a jegyirod\u00e1ban.<\/p>\n<p style=\"font-weight: 400;\"><strong>Alig v\u00e1rva: &quot;Kaktuszvir\u00e1g&quot;\u201e<\/strong><\/p>\n<p style=\"font-weight: 400;\">A k\u00f6vetkez\u0151 h\u00f3nap v\u00e9g\u00e9n a Regina Maria Sz\u00ednh\u00e1z egy \u00faj meglepet\u00e9ssel k\u00e9sz\u00fcl a k\u00f6z\u00f6ns\u00e9gnek: Pierre Barillet \u00e9s Jean-Pierre Gr\u00e9dy &quot;Kaktuszvir\u00e1g&quot; c\u00edm\u0171 v\u00edgj\u00e1t\u00e9k\u00e1val, Daniel Vulcu rendez\u00e9s\u00e9ben, amelynek premierje szeptember 24-\u00e9n, 19:00 \u00f3rakor lesz a Nagyteremben. Egy \u00f6tletes forgat\u00f3k\u00f6nyvvel \u00e9s figyelemre m\u00e9lt\u00f3 alak\u00edt\u00e1sokkal ez az el\u0151ad\u00e1s nevet\u00e9st csal a min\u0151s\u00e9gi v\u00edgj\u00e1t\u00e9kokat kedvel\u0151 n\u00e9z\u0151k arc\u00e1ra.<\/p>\n<p><!--more--><\/p>\n<p style=\"font-weight: 400;\"><strong>Roadshow: &quot;\u201e<a href=\"\/hu\/ro\/zenekar-josif-vulcan\/esemenyek\/2731-lux\/\">Luxus<\/a>&quot;\u00a0<\/strong><\/p>\n<p style=\"font-weight: 400;\">Gabriel Sandu \u201eLux\u201d c\u00edm\u0171 darabja szeptember 1-j\u00e9n 19 \u00f3rakor t\u00e9r vissza az Arcadia Hall sz\u00ednpad\u00e1ra, majd a h\u00f3nap folyam\u00e1n a Piatra Neam\u021b Sz\u00ednh\u00e1zi Fesztiv\u00e1l 2023 \u2013 Safety Zone programja keret\u00e9ben, valamint a Bukaresti Fringe program \u2013 F\u00fcggetlen Sz\u00ednh\u00e1zi Maraton \u2013 r\u00e9szek\u00e9nt lesz l\u00e1that\u00f3.\u00a0<\/p>\n<p style=\"font-weight: 400;\"><strong>Visszat\u00e9rve a tengerpartr\u00f3l: &quot;\u201e<a href=\"\/hu\/ro\/zenekar-josif-vulcan\/esemenyek\/2733-colivia-nebunelor\/\">Az \u0151r\u00fcltek ketrece<\/a>&quot;<\/strong><\/p>\n<p style=\"font-weight: 400;\">A &quot;Colivia nebunelor&quot; c\u00edm\u0171 el\u0151ad\u00e1s visszat\u00e9rt a tengerpartr\u00f3l, miut\u00e1n a SEAS - a Performing Arts ny\u00e1ri \u00e9vada - alatt egy figyelemre m\u00e9lt\u00f3 el\u0151ad\u00e1st ny\u00fajtott. Friss energi\u00e1val \u00e9s t\u00falcsordul\u00f3 lelkesed\u00e9ssel a sz\u00ednh\u00e1zi csapat megh\u00edvja \u00d6nt, hogy legyen r\u00e9szese az \u0151r\u00fclt \u00e9s mag\u00e1val ragad\u00f3 \u00e9lm\u00e9nynek, amelyet ez az el\u0151ad\u00e1s k\u00edn\u00e1l a Nagyteremben augusztus 27-\u00e9n, 19:00 \u00f3r\u00e1t\u00f3l.<\/p>\n<p style=\"font-weight: 400;\"><strong>Vend\u00e9gm\u0171sor: &quot;Minden relat\u00edv&quot;\u201e<\/strong><\/p>\n<p style=\"font-weight: 400;\">Az \u00e9vadkezdet m\u00e1sik \u00fajdons\u00e1ga Alan Ayckbourn \u201eMinden relat\u00edv\u201d c\u00edm\u0171 darabja, Claudiu Goga rendez\u00e9s\u00e9ben, amelyet a Marosv\u00e1s\u00e1rhelyi Nemzeti Sz\u00ednh\u00e1z \u201eLiviu Rebreanu\u201d T\u00e1rsulat\u00e1nak csapata mutat be. Az egyre bonyolultabb helyzeteket felvonultat\u00f3, a lehet\u0151 legjobb brit humorral \u00e1titatott v\u00edgj\u00e1t\u00e9k szeptember 2-\u00e1n, 19 \u00f3rakor lesz l\u00e1that\u00f3 a Nagyteremben.\u00a0<\/p>\n<p style=\"font-weight: 400;\"><strong>V\u00e1ltozatos el\u0151ad\u00e1sok szeptemberben<\/strong><\/p>\n<p style=\"font-weight: 400;\">Szeptember sz\u00e1mos v\u00e1ltozatos \u00e9s lebilincsel\u0151 el\u0151ad\u00e1st hoz. A kiv\u00e9teles v\u00edgj\u00e1t\u00e9kokt\u00f3l a megind\u00edt\u00f3 dr\u00e1m\u00e1kig a Regina Maria Sz\u00ednh\u00e1z minden \u00edzl\u00e9snek k\u00edn\u00e1l valamit, ez\u00e9rt \u00edme a tov\u00e1bbi el\u0151ad\u00e1sok, amelyeket ebben a h\u00f3napban \u00fajran\u00e9zhet vagy felfedezhet: \u201eHeged\u0171s a h\u00e1ztet\u0151n\u201d, \u201eVonz\u00f3 aj\u00e1nlat\u201d, \u201eA v\u00e1dl\u00f3 nem\u201d, \u201eInishmore hadnagya\u201d, \u201eA fi\u00fa\u201d \u00e9s \u201eAz utols\u00f3\u201d.<\/p>\n<p style=\"font-weight: 400;\"><strong>Felh\u00edv\u00e1s sz\u00ednh\u00e1zkedvel\u0151knek<\/strong><\/p>\n<p style=\"font-weight: 400;\">A Regina Maria Sz\u00ednh\u00e1z szeretettel megh\u00edvja \u00d6nt, hogy legyen r\u00e9szese ennek a m\u0171v\u00e9szeti \u00e9rzelmek hull\u00e1m\u00e1nak a 2023-2024-es \u00e9vadban. Ak\u00e1r m\u00e1r h\u0171s\u00e9ges k\u00f6z\u00f6ns\u00e9g, ak\u00e1r \u00faj m\u0171v\u00e9szeti \u00e9lm\u00e9nyekre v\u00e1gyik, k\u00e9szen \u00e1llunk arra, hogy felejthetetlen pillanatokat k\u00edn\u00e1ljunk \u00d6nnek a sz\u00ednh\u00e1z leny\u0171g\u00f6z\u0151 vil\u00e1g\u00e1ban.<\/p>\n<p style=\"font-weight: 400;\"><strong><a href=\"\/hu\/ro\/program\/2794-programul-lunii-septembrie\/\">Program<\/a> \u00e9s jegyek<\/strong><\/p>\n<p style=\"font-weight: 400;\">Jegyek v\u00e1s\u00e1rolhat\u00f3k a sz\u00ednh\u00e1zi \u00fcgyn\u00f6ks\u00e9gn\u00e9l (nyitva tart\u00e1s: kedden \u00e9s cs\u00fct\u00f6rt\u00f6k\u00f6n 12:00-18:00, szerd\u00e1n \u00e9s p\u00e9nteken 10:00-14:00, szombaton pedig 11:00-13:00) vagy online az Eventim.ro oldalon.<\/p>\n<p style=\"font-weight: 400;\">Szeretettel v\u00e1runk a sz\u00ednh\u00e1zba!<\/p>\n<p style=\"font-weight: 400;\">","protected":false},"excerpt":{"rendered":"<p>Echipa Teatrului Regina Maria revine din vacan\u021b\u0103 cu entuziasm pentru a p\u0103\u0219i \u00eentr-o nou\u0103 o stagiune plin\u0103 de emo\u021bie, umor \u0219i art\u0103 teatral\u0103 de calibru. Spectatorii se vor putea bucura \u00een luna septembrie de dou\u0103 premiere, spectacole invitate, dar \u0219i de produc\u021bii deja consacrate ale trupei Iosif Vulcan. O premier\u0103 de succes: \u201eCruzime \u0219i tandre\u021be\u201d [&hellip;]<\/p>\n","protected":false},"author":6,"featured_media":5387,"comment_status":"open","ping_status":"open","sticky":false,"template":"","format":"standard","meta":{"_acf_changed":false,"footnotes":""},"categories":[41],"tags":[],"class_list":["post-5389","post","type-post","status-publish","format-standard","has-post-thumbnail","hentry","category-noutati"],"aioseo_notices":[],"aioseo_head":"\n\t\t<!-- All in One SEO Pro 5.0.1.1 - aioseo.com -->\n\t<meta name=\"description\" content=\"Echipa Teatrului Regina Maria revine din vacan\u021b\u0103 cu entuziasm pentru a p\u0103\u0219i \u00eentr-o nou\u0103 o stagiune plin\u0103 de emo\u021bie, umor \u0219i art\u0103 teatral\u0103 de calibru. Spectatorii se vor putea bucura \u00een luna septembrie de dou\u0103 premiere, spectacole invitate, dar \u0219i de produc\u021bii deja consacrate ale trupei Iosif Vulcan. O premier\u0103 de succes: \u201eCruzime \u0219i tandre\u021be\u201d\" \/>\n\t<meta name=\"robots\" content=\"max-image-preview:large\" \/>\n\t<meta name=\"author\" content=\"Teatrul Regina Maria\"\/>\n\t<link rel=\"canonical\" href=\"https:\/\/www.teatrulreginamaria.ro\/hu\/cortina-teatrului-regina-maria-se-ridica-pentru-stagiunea-2023-2024-cu-spectacole-fascinante-si-premiere-de-neuitat\/\" \/>\n\t<meta name=\"generator\" content=\"All in One SEO Pro (AIOSEO) 5.0.1.1\" \/>\n\t\t<meta property=\"og:locale\" content=\"hu_HU\" \/>\n\t\t<meta property=\"og:site_name\" content=\"Teatrul Regina Maria Oradea - Trupa Iosif Vulcan \u0219i Trupa Arcadia\" \/>\n\t\t<meta property=\"og:type\" content=\"article\" \/>\n\t\t<meta property=\"og:title\" content=\"Cortina Teatrului Regina Maria se ridic\u0103 pentru stagiunea 2023-2024 cu spectacole fascinante \u0219i premiere de neuitat! - Teatrul Regina Maria Oradea\" \/>\n\t\t<meta property=\"og:description\" content=\"Echipa Teatrului Regina Maria revine din vacan\u021b\u0103 cu entuziasm pentru a p\u0103\u0219i \u00eentr-o nou\u0103 o stagiune plin\u0103 de emo\u021bie, umor \u0219i art\u0103 teatral\u0103 de calibru. Spectatorii se vor putea bucura \u00een luna septembrie de dou\u0103 premiere, spectacole invitate, dar \u0219i de produc\u021bii deja consacrate ale trupei Iosif Vulcan. O premier\u0103 de succes: \u201eCruzime \u0219i tandre\u021be\u201d\" \/>\n\t\t<meta property=\"og:url\" content=\"https:\/\/www.teatrulreginamaria.ro\/hu\/cortina-teatrului-regina-maria-se-ridica-pentru-stagiunea-2023-2024-cu-spectacole-fascinante-si-premiere-de-neuitat\/\" \/>\n\t\t<meta property=\"og:image\" content=\"https:\/\/www.teatrulreginamaria.ro\/wp-content\/uploads\/2025\/03\/trm-istoric-01.jpg\" \/>\n\t\t<meta property=\"og:image:secure_url\" content=\"https:\/\/www.teatrulreginamaria.ro\/wp-content\/uploads\/2025\/03\/trm-istoric-01.jpg\" \/>\n\t\t<meta property=\"og:image:width\" content=\"1200\" \/>\n\t\t<meta property=\"og:image:height\" content=\"800\" \/>\n\t\t<meta property=\"article:published_time\" content=\"2023-08-18T10:49:20+00:00\" \/>\n\t\t<meta property=\"article:modified_time\" content=\"2023-08-18T10:49:20+00:00\" \/>\n\t\t<meta property=\"article:publisher\" content=\"https:\/\/www.facebook.com\/TRMTrupaIosifVulcan\/\" \/>\n\t\t<meta name=\"twitter:card\" content=\"summary_large_image\" \/>\n\t\t<meta name=\"twitter:site\" content=\"@TRMOradea\" \/>\n\t\t<meta name=\"twitter:title\" content=\"Cortina Teatrului Regina Maria se ridic\u0103 pentru stagiunea 2023-2024 cu spectacole fascinante \u0219i premiere de neuitat! - Teatrul Regina Maria Oradea\" \/>\n\t\t<meta name=\"twitter:description\" content=\"Echipa Teatrului Regina Maria revine din vacan\u021b\u0103 cu entuziasm pentru a p\u0103\u0219i \u00eentr-o nou\u0103 o stagiune plin\u0103 de emo\u021bie, umor \u0219i art\u0103 teatral\u0103 de calibru. Spectatorii se vor putea bucura \u00een luna septembrie de dou\u0103 premiere, spectacole invitate, dar \u0219i de produc\u021bii deja consacrate ale trupei Iosif Vulcan. O premier\u0103 de succes: \u201eCruzime \u0219i tandre\u021be\u201d\" \/>\n\t\t<meta name=\"twitter:creator\" content=\"@TRMOradea\" \/>\n\t\t<meta name=\"twitter:image\" content=\"https:\/\/www.teatrulreginamaria.ro\/wp-content\/uploads\/2025\/03\/trm-istoric-01.jpg\" \/>\n\t\t<script type=\"application\/ld+json\" class=\"aioseo-schema\">\n\t\t\t{\"@context\":\"https:\\\/\\\/schema.org\",\"@graph\":[{\"@type\":\"BlogPosting\",\"@id\":\"https:\\\/\\\/www.teatrulreginamaria.ro\\\/hu\\\/cortina-teatrului-regina-maria-se-ridica-pentru-stagiunea-2023-2024-cu-spectacole-fascinante-si-premiere-de-neuitat\\\/#blogposting\",\"name\":\"Cortina Teatrului Regina Maria se ridic\\u0103 pentru stagiunea 2023-2024 cu spectacole fascinante \\u0219i premiere de neuitat! - Teatrul Regina Maria Oradea\",\"headline\":\"Cortina Teatrului Regina Maria se ridic\\u0103 pentru stagiunea 2023-2024 cu spectacole  fascinante \\u0219i premiere de neuitat!\",\"author\":{\"@id\":\"https:\\\/\\\/www.teatrulreginamaria.ro\\\/hu\\\/author\\\/w3bmaster\\\/#author\"},\"publisher\":{\"@id\":\"https:\\\/\\\/www.teatrulreginamaria.ro\\\/hu\\\/#organization\"},\"image\":{\"@type\":\"ImageObject\",\"url\":\"https:\\\/\\\/www.teatrulreginamaria.ro\\\/wp-content\\\/uploads\\\/2023\\\/08\\\/Afis_PROGRAM-01-scaled.jpg\",\"width\":1792,\"height\":2560},\"datePublished\":\"2023-08-18T10:49:20+03:00\",\"dateModified\":\"2023-08-18T10:49:20+03:00\",\"inLanguage\":\"hu-HU\",\"mainEntityOfPage\":{\"@id\":\"https:\\\/\\\/www.teatrulreginamaria.ro\\\/hu\\\/cortina-teatrului-regina-maria-se-ridica-pentru-stagiunea-2023-2024-cu-spectacole-fascinante-si-premiere-de-neuitat\\\/#webpage\"},\"isPartOf\":{\"@id\":\"https:\\\/\\\/www.teatrulreginamaria.ro\\\/hu\\\/cortina-teatrului-regina-maria-se-ridica-pentru-stagiunea-2023-2024-cu-spectacole-fascinante-si-premiere-de-neuitat\\\/#webpage\"},\"articleSection\":\"Nout\\u0103\\u021bi\"},{\"@type\":\"BreadcrumbList\",\"@id\":\"https:\\\/\\\/www.teatrulreginamaria.ro\\\/hu\\\/cortina-teatrului-regina-maria-se-ridica-pentru-stagiunea-2023-2024-cu-spectacole-fascinante-si-premiere-de-neuitat\\\/#breadcrumblist\",\"itemListElement\":[{\"@type\":\"ListItem\",\"@id\":\"https:\\\/\\\/www.teatrulreginamaria.ro\\\/hu#listItem\",\"position\":1,\"name\":\"Home\",\"item\":\"https:\\\/\\\/www.teatrulreginamaria.ro\\\/hu\",\"nextItem\":{\"@type\":\"ListItem\",\"@id\":\"https:\\\/\\\/www.teatrulreginamaria.ro\\\/hu\\\/categorie\\\/noutati\\\/#listItem\",\"name\":\"Nout\\u0103\\u021bi\"}},{\"@type\":\"ListItem\",\"@id\":\"https:\\\/\\\/www.teatrulreginamaria.ro\\\/hu\\\/categorie\\\/noutati\\\/#listItem\",\"position\":2,\"name\":\"Nout\\u0103\\u021bi\",\"item\":\"https:\\\/\\\/www.teatrulreginamaria.ro\\\/hu\\\/categorie\\\/noutati\\\/\",\"nextItem\":{\"@type\":\"ListItem\",\"@id\":\"https:\\\/\\\/www.teatrulreginamaria.ro\\\/hu\\\/cortina-teatrului-regina-maria-se-ridica-pentru-stagiunea-2023-2024-cu-spectacole-fascinante-si-premiere-de-neuitat\\\/#listItem\",\"name\":\"Cortina Teatrului Regina Maria se ridic\\u0103 pentru stagiunea 2023-2024 cu spectacole  fascinante \\u0219i premiere de neuitat!\"},\"previousItem\":{\"@type\":\"ListItem\",\"@id\":\"https:\\\/\\\/www.teatrulreginamaria.ro\\\/hu#listItem\",\"name\":\"Home\"}},{\"@type\":\"ListItem\",\"@id\":\"https:\\\/\\\/www.teatrulreginamaria.ro\\\/hu\\\/cortina-teatrului-regina-maria-se-ridica-pentru-stagiunea-2023-2024-cu-spectacole-fascinante-si-premiere-de-neuitat\\\/#listItem\",\"position\":3,\"name\":\"Cortina Teatrului Regina Maria se ridic\\u0103 pentru stagiunea 2023-2024 cu spectacole  fascinante \\u0219i premiere de neuitat!\",\"previousItem\":{\"@type\":\"ListItem\",\"@id\":\"https:\\\/\\\/www.teatrulreginamaria.ro\\\/hu\\\/categorie\\\/noutati\\\/#listItem\",\"name\":\"Nout\\u0103\\u021bi\"}}]},{\"@type\":\"Organization\",\"@id\":\"https:\\\/\\\/www.teatrulreginamaria.ro\\\/hu\\\/#organization\",\"name\":\"Teatrul Regina Maria Oradea\",\"description\":\"Trupa Iosif Vulcan \\u0219i Trupa Arcadia\",\"url\":\"https:\\\/\\\/www.teatrulreginamaria.ro\\\/hu\\\/\",\"email\":\"marketing@teatrulreginamaria.ro\",\"telephone\":\"+40359411534\",\"numberOfEmployees\":{\"@type\":\"QuantitativeValue\",\"minValue\":0,\"maxValue\":150},\"logo\":{\"@type\":\"ImageObject\",\"url\":\"https:\\\/\\\/www.teatrulreginamaria.ro\\\/wp-content\\\/uploads\\\/2025\\\/06\\\/logo-trm-01-dark.png\",\"@id\":\"https:\\\/\\\/www.teatrulreginamaria.ro\\\/hu\\\/cortina-teatrului-regina-maria-se-ridica-pentru-stagiunea-2023-2024-cu-spectacole-fascinante-si-premiere-de-neuitat\\\/#organizationLogo\",\"width\":300,\"height\":148},\"image\":{\"@id\":\"https:\\\/\\\/www.teatrulreginamaria.ro\\\/hu\\\/cortina-teatrului-regina-maria-se-ridica-pentru-stagiunea-2023-2024-cu-spectacole-fascinante-si-premiere-de-neuitat\\\/#organizationLogo\"},\"sameAs\":[\"https:\\\/\\\/www.facebook.com\\\/TRMTrupaIosifVulcan\\\/\",\"https:\\\/\\\/x.com\\\/TRMOradea\",\"https:\\\/\\\/www.instagram.com\\\/teatrul_regina_maria\\\/\",\"https:\\\/\\\/www.youtube.com\\\/c\\\/TeatrulReginaMariaOradea\",\"https:\\\/\\\/www.linkedin.com\\\/company\\\/teatrul-regina-maria\"]},{\"@type\":\"Person\",\"@id\":\"https:\\\/\\\/www.teatrulreginamaria.ro\\\/hu\\\/author\\\/w3bmaster\\\/#author\",\"url\":\"https:\\\/\\\/www.teatrulreginamaria.ro\\\/hu\\\/author\\\/w3bmaster\\\/\",\"name\":\"Teatrul Regina Maria\",\"image\":{\"@type\":\"ImageObject\",\"@id\":\"https:\\\/\\\/www.teatrulreginamaria.ro\\\/hu\\\/cortina-teatrului-regina-maria-se-ridica-pentru-stagiunea-2023-2024-cu-spectacole-fascinante-si-premiere-de-neuitat\\\/#authorImage\",\"url\":\"https:\\\/\\\/secure.gravatar.com\\\/avatar\\\/5884139d508ae3f0bafe45e60563b48a9640146d3b08ccc6278c305ff9329305?s=96&d=mm&r=g\",\"width\":96,\"height\":96,\"caption\":\"Teatrul Regina Maria\"}},{\"@type\":\"WebPage\",\"@id\":\"https:\\\/\\\/www.teatrulreginamaria.ro\\\/hu\\\/cortina-teatrului-regina-maria-se-ridica-pentru-stagiunea-2023-2024-cu-spectacole-fascinante-si-premiere-de-neuitat\\\/#webpage\",\"url\":\"https:\\\/\\\/www.teatrulreginamaria.ro\\\/hu\\\/cortina-teatrului-regina-maria-se-ridica-pentru-stagiunea-2023-2024-cu-spectacole-fascinante-si-premiere-de-neuitat\\\/\",\"name\":\"Cortina Teatrului Regina Maria se ridic\\u0103 pentru stagiunea 2023-2024 cu spectacole fascinante \\u0219i premiere de neuitat! - Teatrul Regina Maria Oradea\",\"description\":\"Echipa Teatrului Regina Maria revine din vacan\\u021b\\u0103 cu entuziasm pentru a p\\u0103\\u0219i \\u00eentr-o nou\\u0103 o stagiune plin\\u0103 de emo\\u021bie, umor \\u0219i art\\u0103 teatral\\u0103 de calibru. Spectatorii se vor putea bucura \\u00een luna septembrie de dou\\u0103 premiere, spectacole invitate, dar \\u0219i de produc\\u021bii deja consacrate ale trupei Iosif Vulcan. O premier\\u0103 de succes: \\u201eCruzime \\u0219i tandre\\u021be\\u201d\",\"inLanguage\":\"hu-HU\",\"isPartOf\":{\"@id\":\"https:\\\/\\\/www.teatrulreginamaria.ro\\\/hu\\\/#website\"},\"breadcrumb\":{\"@id\":\"https:\\\/\\\/www.teatrulreginamaria.ro\\\/hu\\\/cortina-teatrului-regina-maria-se-ridica-pentru-stagiunea-2023-2024-cu-spectacole-fascinante-si-premiere-de-neuitat\\\/#breadcrumblist\"},\"author\":{\"@id\":\"https:\\\/\\\/www.teatrulreginamaria.ro\\\/hu\\\/author\\\/w3bmaster\\\/#author\"},\"creator\":{\"@id\":\"https:\\\/\\\/www.teatrulreginamaria.ro\\\/hu\\\/author\\\/w3bmaster\\\/#author\"},\"image\":{\"@type\":\"ImageObject\",\"url\":\"https:\\\/\\\/www.teatrulreginamaria.ro\\\/wp-content\\\/uploads\\\/2023\\\/08\\\/Afis_PROGRAM-01-scaled.jpg\",\"@id\":\"https:\\\/\\\/www.teatrulreginamaria.ro\\\/hu\\\/cortina-teatrului-regina-maria-se-ridica-pentru-stagiunea-2023-2024-cu-spectacole-fascinante-si-premiere-de-neuitat\\\/#mainImage\",\"width\":1792,\"height\":2560},\"primaryImageOfPage\":{\"@id\":\"https:\\\/\\\/www.teatrulreginamaria.ro\\\/hu\\\/cortina-teatrului-regina-maria-se-ridica-pentru-stagiunea-2023-2024-cu-spectacole-fascinante-si-premiere-de-neuitat\\\/#mainImage\"},\"datePublished\":\"2023-08-18T10:49:20+03:00\",\"dateModified\":\"2023-08-18T10:49:20+03:00\"},{\"@type\":\"WebSite\",\"@id\":\"https:\\\/\\\/www.teatrulreginamaria.ro\\\/hu\\\/#website\",\"url\":\"https:\\\/\\\/www.teatrulreginamaria.ro\\\/hu\\\/\",\"name\":\"Teatrul Regina Maria Oradea\",\"alternateName\":\"TRM Oradea\",\"description\":\"Trupa Iosif Vulcan \\u0219i Trupa Arcadia\",\"inLanguage\":\"hu-HU\",\"publisher\":{\"@id\":\"https:\\\/\\\/www.teatrulreginamaria.ro\\\/hu\\\/#organization\"}}]}\n\t\t<\/script>\n\t\t<!-- All in One SEO Pro -->\r\n\t\t<title>Cortina Teatrului Regina Maria se ridic\u0103 pentru stagiunea 2023-2024 cu spectacole fascinante \u0219i premiere de neuitat! - Teatrul Regina Maria Oradea<\/title>\n\n","aioseo_head_json":{"title":"A Regina Maria Sz\u00ednh\u00e1z f\u00fcgg\u00f6nye felg\u00f6rd\u00fcl a 2023-2024-es \u00e9vadra leny\u0171g\u00f6z\u0151 el\u0151ad\u00e1sokkal \u00e9s felejthetetlen premierekkel! - Regina Maria Sz\u00ednh\u00e1z Nagyv\u00e1radon","description":"A Regina Maria Sz\u00ednh\u00e1z csapata lelkesed\u00e9ssel t\u00e9r vissza a vak\u00e1ci\u00f3r\u00f3l, hogy \u00faj, \u00e9rzelmekkel, humorral \u00e9s magas sz\u00ednvonal\u00fa sz\u00ednh\u00e1zi m\u0171v\u00e9szettel teli \u00e9vadba kezdjen. A n\u00e9z\u0151k szeptemberben k\u00e9t premiert, vend\u00e9gel\u0151ad\u00e1sokat, valamint a Iosif Vulcan t\u00e1rsulat m\u00e1r befutott produkci\u00f3it is \u00e9lvezhetik. Egy sikeres premier: &quot;Crucime \u0219i tandre\u021be&quot;\u201e","canonical_url":"https:\/\/www.teatrulreginamaria.ro\/hu\/cortina-teatrului-regina-maria-se-ridica-pentru-stagiunea-2023-2024-cu-spectacole-fascinante-si-premiere-de-neuitat\/","robots":"max-image-preview:large","keywords":"","webmasterTools":{"miscellaneous":""},"schema":{"@context":"https:\/\/schema.org","@graph":[{"@type":"BlogPosting","@id":"https:\/\/www.teatrulreginamaria.ro\/hu\/cortina-teatrului-regina-maria-se-ridica-pentru-stagiunea-2023-2024-cu-spectacole-fascinante-si-premiere-de-neuitat\/#blogposting","name":"Cortina Teatrului Regina Maria se ridic\u0103 pentru stagiunea 2023-2024 cu spectacole fascinante \u0219i premiere de neuitat! - Teatrul Regina Maria Oradea","headline":"Cortina Teatrului Regina Maria se ridic\u0103 pentru stagiunea 2023-2024 cu spectacole  fascinante \u0219i premiere de neuitat!","author":{"@id":"https:\/\/www.teatrulreginamaria.ro\/hu\/author\/w3bmaster\/#author"},"publisher":{"@id":"https:\/\/www.teatrulreginamaria.ro\/hu\/#organization"},"image":{"@type":"ImageObject","url":"https:\/\/www.teatrulreginamaria.ro\/wp-content\/uploads\/2023\/08\/Afis_PROGRAM-01-scaled.jpg","width":1792,"height":2560},"datePublished":"2023-08-18T10:49:20+03:00","dateModified":"2023-08-18T10:49:20+03:00","inLanguage":"hu-HU","mainEntityOfPage":{"@id":"https:\/\/www.teatrulreginamaria.ro\/hu\/cortina-teatrului-regina-maria-se-ridica-pentru-stagiunea-2023-2024-cu-spectacole-fascinante-si-premiere-de-neuitat\/#webpage"},"isPartOf":{"@id":"https:\/\/www.teatrulreginamaria.ro\/hu\/cortina-teatrului-regina-maria-se-ridica-pentru-stagiunea-2023-2024-cu-spectacole-fascinante-si-premiere-de-neuitat\/#webpage"},"articleSection":"Nout\u0103\u021bi"},{"@type":"BreadcrumbList","@id":"https:\/\/www.teatrulreginamaria.ro\/hu\/cortina-teatrului-regina-maria-se-ridica-pentru-stagiunea-2023-2024-cu-spectacole-fascinante-si-premiere-de-neuitat\/#breadcrumblist","itemListElement":[{"@type":"ListItem","@id":"https:\/\/www.teatrulreginamaria.ro\/hu#listItem","position":1,"name":"Home","item":"https:\/\/www.teatrulreginamaria.ro\/hu","nextItem":{"@type":"ListItem","@id":"https:\/\/www.teatrulreginamaria.ro\/hu\/categorie\/noutati\/#listItem","name":"Nout\u0103\u021bi"}},{"@type":"ListItem","@id":"https:\/\/www.teatrulreginamaria.ro\/hu\/categorie\/noutati\/#listItem","position":2,"name":"Nout\u0103\u021bi","item":"https:\/\/www.teatrulreginamaria.ro\/hu\/categorie\/noutati\/","nextItem":{"@type":"ListItem","@id":"https:\/\/www.teatrulreginamaria.ro\/hu\/cortina-teatrului-regina-maria-se-ridica-pentru-stagiunea-2023-2024-cu-spectacole-fascinante-si-premiere-de-neuitat\/#listItem","name":"Cortina Teatrului Regina Maria se ridic\u0103 pentru stagiunea 2023-2024 cu spectacole  fascinante \u0219i premiere de neuitat!"},"previousItem":{"@type":"ListItem","@id":"https:\/\/www.teatrulreginamaria.ro\/hu#listItem","name":"Home"}},{"@type":"ListItem","@id":"https:\/\/www.teatrulreginamaria.ro\/hu\/cortina-teatrului-regina-maria-se-ridica-pentru-stagiunea-2023-2024-cu-spectacole-fascinante-si-premiere-de-neuitat\/#listItem","position":3,"name":"Cortina Teatrului Regina Maria se ridic\u0103 pentru stagiunea 2023-2024 cu spectacole  fascinante \u0219i premiere de neuitat!","previousItem":{"@type":"ListItem","@id":"https:\/\/www.teatrulreginamaria.ro\/hu\/categorie\/noutati\/#listItem","name":"Nout\u0103\u021bi"}}]},{"@type":"Organization","@id":"https:\/\/www.teatrulreginamaria.ro\/hu\/#organization","name":"Teatrul Regina Maria Oradea","description":"Trupa Iosif Vulcan \u0219i Trupa Arcadia","url":"https:\/\/www.teatrulreginamaria.ro\/hu\/","email":"marketing@teatrulreginamaria.ro","telephone":"+40359411534","numberOfEmployees":{"@type":"QuantitativeValue","minValue":0,"maxValue":150},"logo":{"@type":"ImageObject","url":"https:\/\/www.teatrulreginamaria.ro\/wp-content\/uploads\/2025\/06\/logo-trm-01-dark.png","@id":"https:\/\/www.teatrulreginamaria.ro\/hu\/cortina-teatrului-regina-maria-se-ridica-pentru-stagiunea-2023-2024-cu-spectacole-fascinante-si-premiere-de-neuitat\/#organizationLogo","width":300,"height":148},"image":{"@id":"https:\/\/www.teatrulreginamaria.ro\/hu\/cortina-teatrului-regina-maria-se-ridica-pentru-stagiunea-2023-2024-cu-spectacole-fascinante-si-premiere-de-neuitat\/#organizationLogo"},"sameAs":["https:\/\/www.facebook.com\/TRMTrupaIosifVulcan\/","https:\/\/x.com\/TRMOradea","https:\/\/www.instagram.com\/teatrul_regina_maria\/","https:\/\/www.youtube.com\/c\/TeatrulReginaMariaOradea","https:\/\/www.linkedin.com\/company\/teatrul-regina-maria"]},{"@type":"Person","@id":"https:\/\/www.teatrulreginamaria.ro\/hu\/author\/w3bmaster\/#author","url":"https:\/\/www.teatrulreginamaria.ro\/hu\/author\/w3bmaster\/","name":"Teatrul Regina Maria","image":{"@type":"ImageObject","@id":"https:\/\/www.teatrulreginamaria.ro\/hu\/cortina-teatrului-regina-maria-se-ridica-pentru-stagiunea-2023-2024-cu-spectacole-fascinante-si-premiere-de-neuitat\/#authorImage","url":"https:\/\/secure.gravatar.com\/avatar\/5884139d508ae3f0bafe45e60563b48a9640146d3b08ccc6278c305ff9329305?s=96&d=mm&r=g","width":96,"height":96,"caption":"Teatrul Regina Maria"}},{"@type":"WebPage","@id":"https:\/\/www.teatrulreginamaria.ro\/hu\/cortina-teatrului-regina-maria-se-ridica-pentru-stagiunea-2023-2024-cu-spectacole-fascinante-si-premiere-de-neuitat\/#webpage","url":"https:\/\/www.teatrulreginamaria.ro\/hu\/cortina-teatrului-regina-maria-se-ridica-pentru-stagiunea-2023-2024-cu-spectacole-fascinante-si-premiere-de-neuitat\/","name":"Cortina Teatrului Regina Maria se ridic\u0103 pentru stagiunea 2023-2024 cu spectacole fascinante \u0219i premiere de neuitat! - Teatrul Regina Maria Oradea","description":"Echipa Teatrului Regina Maria revine din vacan\u021b\u0103 cu entuziasm pentru a p\u0103\u0219i \u00eentr-o nou\u0103 o stagiune plin\u0103 de emo\u021bie, umor \u0219i art\u0103 teatral\u0103 de calibru. Spectatorii se vor putea bucura \u00een luna septembrie de dou\u0103 premiere, spectacole invitate, dar \u0219i de produc\u021bii deja consacrate ale trupei Iosif Vulcan. O premier\u0103 de succes: \u201eCruzime \u0219i tandre\u021be\u201d","inLanguage":"hu-HU","isPartOf":{"@id":"https:\/\/www.teatrulreginamaria.ro\/hu\/#website"},"breadcrumb":{"@id":"https:\/\/www.teatrulreginamaria.ro\/hu\/cortina-teatrului-regina-maria-se-ridica-pentru-stagiunea-2023-2024-cu-spectacole-fascinante-si-premiere-de-neuitat\/#breadcrumblist"},"author":{"@id":"https:\/\/www.teatrulreginamaria.ro\/hu\/author\/w3bmaster\/#author"},"creator":{"@id":"https:\/\/www.teatrulreginamaria.ro\/hu\/author\/w3bmaster\/#author"},"image":{"@type":"ImageObject","url":"https:\/\/www.teatrulreginamaria.ro\/wp-content\/uploads\/2023\/08\/Afis_PROGRAM-01-scaled.jpg","@id":"https:\/\/www.teatrulreginamaria.ro\/hu\/cortina-teatrului-regina-maria-se-ridica-pentru-stagiunea-2023-2024-cu-spectacole-fascinante-si-premiere-de-neuitat\/#mainImage","width":1792,"height":2560},"primaryImageOfPage":{"@id":"https:\/\/www.teatrulreginamaria.ro\/hu\/cortina-teatrului-regina-maria-se-ridica-pentru-stagiunea-2023-2024-cu-spectacole-fascinante-si-premiere-de-neuitat\/#mainImage"},"datePublished":"2023-08-18T10:49:20+03:00","dateModified":"2023-08-18T10:49:20+03:00"},{"@type":"WebSite","@id":"https:\/\/www.teatrulreginamaria.ro\/hu\/#website","url":"https:\/\/www.teatrulreginamaria.ro\/hu\/","name":"Teatrul Regina Maria Oradea","alternateName":"TRM Oradea","description":"Trupa Iosif Vulcan \u0219i Trupa Arcadia","inLanguage":"hu-HU","publisher":{"@id":"https:\/\/www.teatrulreginamaria.ro\/hu\/#organization"}}]},"og:locale":"hu_HU","og:site_name":"Teatrul Regina Maria Oradea - Trupa Iosif Vulcan \u0219i Trupa Arcadia","og:type":"article","og:title":"Cortina Teatrului Regina Maria se ridic\u0103 pentru stagiunea 2023-2024 cu spectacole fascinante \u0219i premiere de neuitat! - Teatrul Regina Maria Oradea","og:description":"Echipa Teatrului Regina Maria revine din vacan\u021b\u0103 cu entuziasm pentru a p\u0103\u0219i \u00eentr-o nou\u0103 o stagiune plin\u0103 de emo\u021bie, umor \u0219i art\u0103 teatral\u0103 de calibru. Spectatorii se vor putea bucura \u00een luna septembrie de dou\u0103 premiere, spectacole invitate, dar \u0219i de produc\u021bii deja consacrate ale trupei Iosif Vulcan. O premier\u0103 de succes: \u201eCruzime \u0219i tandre\u021be\u201d","og:url":"https:\/\/www.teatrulreginamaria.ro\/hu\/cortina-teatrului-regina-maria-se-ridica-pentru-stagiunea-2023-2024-cu-spectacole-fascinante-si-premiere-de-neuitat\/","og:image":"https:\/\/www.teatrulreginamaria.ro\/wp-content\/uploads\/2025\/03\/trm-istoric-01.jpg","og:image:secure_url":"https:\/\/www.teatrulreginamaria.ro\/wp-content\/uploads\/2025\/03\/trm-istoric-01.jpg","og:image:width":1200,"og:image:height":800,"article:published_time":"2023-08-18T10:49:20+00:00","article:modified_time":"2023-08-18T10:49:20+00:00","article:publisher":"https:\/\/www.facebook.com\/TRMTrupaIosifVulcan\/","twitter:card":"summary_large_image","twitter:site":"@TRMOradea","twitter:title":"Cortina Teatrului Regina Maria se ridic\u0103 pentru stagiunea 2023-2024 cu spectacole fascinante \u0219i premiere de neuitat! - Teatrul Regina Maria Oradea","twitter:description":"Echipa Teatrului Regina Maria revine din vacan\u021b\u0103 cu entuziasm pentru a p\u0103\u0219i \u00eentr-o nou\u0103 o stagiune plin\u0103 de emo\u021bie, umor \u0219i art\u0103 teatral\u0103 de calibru. Spectatorii se vor putea bucura \u00een luna septembrie de dou\u0103 premiere, spectacole invitate, dar \u0219i de produc\u021bii deja consacrate ale trupei Iosif Vulcan. O premier\u0103 de succes: \u201eCruzime \u0219i tandre\u021be\u201d","twitter:creator":"@TRMOradea","twitter:image":"https:\/\/www.teatrulreginamaria.ro\/wp-content\/uploads\/2025\/03\/trm-istoric-01.jpg"},"aioseo_meta_data":{"post_id":"5389","title":null,"description":null,"keywords":null,"keyphrases":null,"primary_term":null,"canonical_url":null,"og_title":null,"og_description":null,"og_object_type":"default","og_image_type":"default","og_image_url":null,"og_image_width":null,"og_image_height":null,"og_image_custom_url":null,"og_image_custom_fields":null,"og_video":null,"og_custom_url":null,"og_article_section":null,"og_article_tags":null,"twitter_use_og":false,"twitter_card":"default","twitter_image_type":"default","twitter_image_url":null,"twitter_image_custom_url":null,"twitter_image_custom_fields":null,"twitter_title":null,"twitter_description":null,"schema":{"blockGraphs":[],"customGraphs":[],"default":{"data":{"Article":[],"Course":[],"Dataset":[],"FAQPage":[],"Movie":[],"Person":[],"Product":[],"ProductReview":[],"Car":[],"Recipe":[],"Service":[],"SoftwareApplication":[],"WebPage":[]},"graphName":"","isEnabled":true},"graphs":[]},"schema_type":"default","schema_type_options":null,"pillar_content":false,"robots_default":true,"robots_noindex":false,"robots_noarchive":false,"robots_nosnippet":false,"robots_nofollow":false,"robots_noimageindex":false,"robots_noodp":false,"robots_notranslate":false,"robots_max_snippet":null,"robots_max_videopreview":null,"robots_max_imagepreview":"large","priority":null,"frequency":null,"local_seo":null,"seo_analyzer_scan_date":"2026-05-13 03:15:44","breadcrumb_settings":null,"limit_modified_date":false,"reviewed_by":null,"open_ai":null,"ai":null,"created":"2025-04-09 17:42:44","updated":"2026-05-13 03:15:44","focus_keyword":null,"additional_keywords":null,"truseo_locale":null},"aioseo_breadcrumb":"<div class=\"aioseo-breadcrumbs\"><span class=\"aioseo-breadcrumb\">\n\t<a href=\"https:\/\/www.teatrulreginamaria.ro\/hu\" title=\"Home\">Home<\/a>\n<\/span><span class=\"aioseo-breadcrumb-separator\">&raquo;<\/span><span class=\"aioseo-breadcrumb\">\n\t<a href=\"https:\/\/www.teatrulreginamaria.ro\/hu\/categorie\/noutati\/\" title=\"Nout\u0103\u021bi\">Nout\u0103\u021bi<\/a>\n<\/span><span class=\"aioseo-breadcrumb-separator\">&raquo;<\/span><span class=\"aioseo-breadcrumb\">\n\tCortina Teatrului Regina Maria se ridic\u0103 pentru stagiunea 2023-2024 cu spectacole  fascinante \u0219i premiere de neuitat!\n<\/span><\/div>","aioseo_breadcrumb_json":[{"label":"Home","link":"https:\/\/www.teatrulreginamaria.ro\/hu"},{"label":"Nout\u0103\u021bi","link":"https:\/\/www.teatrulreginamaria.ro\/hu\/categorie\/noutati\/"},{"label":"Cortina Teatrului Regina Maria se ridic\u0103 pentru stagiunea 2023-2024 cu spectacole  fascinante \u0219i premiere de neuitat!","link":"https:\/\/www.teatrulreginamaria.ro\/hu\/cortina-teatrului-regina-maria-se-ridica-pentru-stagiunea-2023-2024-cu-spectacole-fascinante-si-premiere-de-neuitat\/"}],"acf":[],"_links":{"self":[{"href":"https:\/\/www.teatrulreginamaria.ro\/hu\/wp-json\/wp\/v2\/posts\/5389","targetHints":{"allow":["GET"]}}],"collection":[{"href":"https:\/\/www.teatrulreginamaria.ro\/hu\/wp-json\/wp\/v2\/posts"}],"about":[{"href":"https:\/\/www.teatrulreginamaria.ro\/hu\/wp-json\/wp\/v2\/types\/post"}],"author":[{"embeddable":true,"href":"https:\/\/www.teatrulreginamaria.ro\/hu\/wp-json\/wp\/v2\/users\/6"}],"replies":[{"embeddable":true,"href":"https:\/\/www.teatrulreginamaria.ro\/hu\/wp-json\/wp\/v2\/comments?post=5389"}],"version-history":[{"count":0,"href":"https:\/\/www.teatrulreginamaria.ro\/hu\/wp-json\/wp\/v2\/posts\/5389\/revisions"}],"wp:featuredmedia":[{"embeddable":true,"href":"https:\/\/www.teatrulreginamaria.ro\/hu\/wp-json\/wp\/v2\/media\/5387"}],"wp:attachment":[{"href":"https:\/\/www.teatrulreginamaria.ro\/hu\/wp-json\/wp\/v2\/media?parent=5389"}],"wp:term":[{"taxonomy":"category","embeddable":true,"href":"https:\/\/www.teatrulreginamaria.ro\/hu\/wp-json\/wp\/v2\/categories?post=5389"},{"taxonomy":"post_tag","embeddable":true,"href":"https:\/\/www.teatrulreginamaria.ro\/hu\/wp-json\/wp\/v2\/tags?post=5389"}],"curies":[{"name":"munkaf\u00fczet","href":"https:\/\/api.w.org\/{rel}","templated":true}]}}