{"id":5407,"date":"2023-09-06T12:25:00","date_gmt":"2023-09-06T12:25:00","guid":{"rendered":"https:\/\/teatrulreginamaria.ro\/2023\/09\/06\/doliu-in-teatrul-oradean-actorul-ion-ruscut-a-trecut-la-cele-vesnice\/"},"modified":"2023-09-06T12:25:00","modified_gmt":"2023-09-06T12:25:00","slug":"gyasz-a-nagyvaradi-szinhazban-elhunyt-ion-ruscut-szinesz","status":"publish","type":"post","link":"https:\/\/www.teatrulreginamaria.ro\/hu\/doliu-in-teatrul-oradean-actorul-ion-ruscut-a-trecut-la-cele-vesnice\/","title":{"rendered":"Gy\u00e1sz a nagyv\u00e1radi sz\u00ednh\u00e1zban \u2013 elhunyt Ion Ruscu\u021b sz\u00edn\u00e9sz"},"content":{"rendered":"<div class=\"xdj266r x11i5rnm xat24cr x1mh8g0r x1vvkbs x126k92a\">\n<div dir=\"auto\"><\/div>\n<\/div>\n<div class=\"x11i5rnm xat24cr x1mh8g0r x1vvkbs xtlvy1s x126k92a\">\n<div dir=\"auto\">A Regina Maria Sz\u00ednh\u00e1z kollekt\u00edv\u00e1ja gy\u00e1szolja a szeretett sz\u00edn\u00e9szt, Ion Ruscu\u021bt, aki n\u00e9h\u00e1ny nappal 68. sz\u00fclet\u00e9snapja el\u0151tt hunyt el.<\/div>\n<div dir=\"auto\"><\/div>\n<\/div>\n<div class=\"x11i5rnm xat24cr x1mh8g0r x1vvkbs xtlvy1s x126k92a\">\n<div dir=\"auto\">Ion Ruscu\u021b mindig eml\u00e9kezetes marad sz\u00e1munkra, mint sz\u00edn\u00e9sz, aki komolys\u00e1ggal \u00e9s nagylelk\u0171s\u00e9ggel v\u00e9gezte munk\u00e1j\u00e1t, \u00e9s mint kedves ember, p\u00e1ratlan humor\u00e9rz\u00e9kkel, akivel \u00e9rt\u00e9kes eml\u00e9keket \u00e9p\u00edtett\u00fcnk fel.<\/div>\n<div dir=\"auto\">\n<!--more-->\n<\/div>\n<div dir=\"auto\">Nyereg <span><a tabindex=\"-1\"><\/a><\/span>1955. szeptember 26-\u00e1n sz\u00fcletett a Bihar megyei T\u0103ut faluban. A marosv\u00e1s\u00e1rhelyi Szentgy\u00f6rgy Istv\u00e1n Sz\u00ednh\u00e1zi Int\u00e9zetben tanult, ahol 1980-ban v\u00e9gzett. 1983 \u00f3ta sz\u00e1mos karakternek adott \u00e9letet a nagyv\u00e1radi sz\u00ednh\u00e1zi sz\u00ednpadon, t\u00f6bbek k\u00f6z\u00f6tt:<\/div>\n<\/div>\n<div class=\"x11i5rnm xat24cr x1mh8g0r x1vvkbs xtlvy1s x126k92a\">\n<div dir=\"auto\">\u2605 George A hal\u00e1lt l\u00e1t\u00f3 ember c\u00edm\u0171 reg\u00e9ny\u00e9ben, \u00edrta Victor Eftimiu<\/div>\n<div dir=\"auto\">\u2605 Gonzague in DONA JUANA, Anca Visdei<\/div>\n<div dir=\"auto\">\u2605 Ichim a N\u00c9VTELEN CSILLAG c\u00edm\u0171 reg\u00e9nyben, \u00edrta Mihail Sebastian<\/div>\n<div dir=\"auto\">\u2605 Titi Vasilescu: Mircea \u015etef\u0103nescu: SZERETET \u00c1LOM (SZ\u00c1RAZS\u00c1G \u00c1LOM)<\/div>\n<div dir=\"auto\">\u2605 Roberto a LA GRANDE MAGIA-ban, Eduardo de Filippo, m\u0171v\u00e9szeti vezet\u0151 Alexandru Colpacci<\/div>\n<div dir=\"auto\">\u2605 Popescu EGY ELVESZETT LEV\u00c9Lben, IL Caragiale, m\u0171v\u00e9szeti vezet\u0151 Cristian Ioan<\/div>\n<div dir=\"auto\">\u2605 Bromden az EGY REP\u00dcL\u00c9S A KAKU F\u00c9SZEKE FELETT c\u00edm\u0171 darabban, Dale Wasserman adapt\u00e1ci\u00f3ja Ken Kesey nyom\u00e1n, m\u0171v\u00e9szeti vezet\u00e9s: Marius Oltean<\/div>\n<div dir=\"auto\">\u2605 Ionescu a \u0162IGANIADA-ban, Radu Macrinici dramatiz\u00e1l\u00e1sa Ion Budai-Deleanu ut\u00e1n, m\u0171v\u00e9szi rendez\u00e9s Sorin Militaru<\/div>\n<div dir=\"auto\">\u2605 Polonius az \u00c9JSZAKA SZ\u00cdV\u00c9BEN \u2013 A HAMLET EPIZ\u00d3DJ\u00c1BAN, Gavriil Pinte forgat\u00f3k\u00f6nyve, George Banu \u00e9s Monique Borie bet\u00e9teivel, m\u0171v\u00e9szeti vezet\u00e9s: Gavriil Pinte<\/div>\n<div dir=\"auto\">\u2605 Feny\u0151k a CSERESZNYEKERTBEN, \u00edrta: A. P. Csehov, m\u0171v\u00e9szeti vezet\u0151: Alexandru Dabija<\/div>\n<div dir=\"auto\">\u2605 Marc Dujardin a H\u00c1ZASS\u00c1GT\u00d6R\u00c9S M\u0170V\u00c9SZETE c\u00edm\u0171 darabban, Pierre Chesnot toll\u00e1b\u00f3l, Daniel Vulcu rendez\u00e9s\u00e9ben<\/div>\n<div dir=\"auto\"><\/div>\n<\/div>\n<div class=\"x11i5rnm xat24cr x1mh8g0r x1vvkbs xtlvy1s x126k92a\">\n<div dir=\"auto\">Sz\u00edvesen szerepelt gyermekel\u0151ad\u00e1sokban is, p\u00e9ld\u00e1ul \u201eA kis gyufa\u00e1rusl\u00e1ny\u201d, \u201eA b\u00e1tor szab\u00f3 \u00e9s a cs\u00e1sz\u00e1r \u00faj ruh\u00e1ja\u201d \u00e9s \u201eA kis herceg\u201d c\u00edm\u0171ekben.<\/div>\n<\/div>\n<div class=\"x11i5rnm xat24cr x1mh8g0r x1vvkbs xtlvy1s x126k92a\">\n<div dir=\"auto\">Szerepelt Marian Cri\u0219an Morgen (2010) \u00e9s Berliner (2020) c\u00edm\u0171 filmjeiben is.<\/div>\n<div dir=\"auto\"><\/div>\n<\/div>\n<div class=\"x11i5rnm xat24cr x1mh8g0r x1vvkbs xtlvy1s x126k92a\">\n<div dir=\"auto\">\u00d6sszet\u00e9veszthetetlen hangj\u00e1t minden olyan gyerek felismeri, aki a nagyv\u00e1radi st\u00fadi\u00f3ban szinkroniz\u00e1lt rajzfilmekkel n\u0151tt fel, ahol sz\u00edn\u00e9sz \u00e9s szinkronrendez\u0151 is volt.<\/div>\n<\/div>\n<div class=\"x11i5rnm xat24cr x1mh8g0r x1vvkbs xtlvy1s x126k92a\">\n<div dir=\"auto\">A temet\u00e9s szeptember 8-\u00e1n, p\u00e9nteken lesz T\u0103ut faluban.<\/div>\n<div dir=\"auto\"><\/div>\n<div dir=\"auto\">\u0150szinte r\u00e9szv\u00e9t\u00fcnk a gy\u00e1szol\u00f3 csal\u00e1dnak!<\/div>\n<\/div>\n<div class=\"x11i5rnm xat24cr x1mh8g0r x1vvkbs xtlvy1s x126k92a\">\n<div dir=\"auto\">Sima utat a csillagok fel\u00e9 \u00e9s \u00f6r\u00f6k nyugalmat!<\/div>\n<\/div>","protected":false},"excerpt":{"rendered":"<p>Colectivul Teatrului Regina Maria depl\u00e2nge trecerea la cele ve\u0219nice a \u00eendr\u0103gitului actor Ion Ruscu\u021b, care s-a stins din via\u021b\u0103 cu c\u00e2teva zile \u00eenainte de a \u00eemplini 68 de ani. Ion Ruscu\u021b va r\u0103m\u00e2ne mereu \u00een amintirea noastr\u0103 at\u00e2t ca actorul care \u00ee\u0219i f\u0103cea meseria cu seriozitate \u0219i generozitate, c\u00e2t \u0219i ca omul cald \u0219i cu [&hellip;]<\/p>\n","protected":false},"author":6,"featured_media":5406,"comment_status":"open","ping_status":"open","sticky":false,"template":"","format":"standard","meta":{"_acf_changed":false,"footnotes":""},"categories":[22],"tags":[],"class_list":["post-5407","post","type-post","status-publish","format-standard","has-post-thumbnail","hentry","category-noutati-trupa-iosif-vulcan"],"aioseo_notices":[],"aioseo_head":"\n\t\t<!-- All in One SEO Pro 5.0.1.1 - aioseo.com -->\n\t<meta name=\"description\" content=\"Colectivul Teatrului Regina Maria depl\u00e2nge trecerea la cele ve\u0219nice a \u00eendr\u0103gitului actor Ion Ruscu\u021b, care s-a stins din via\u021b\u0103 cu c\u00e2teva zile \u00eenainte de a \u00eemplini 68 de ani. Ion Ruscu\u021b va r\u0103m\u00e2ne mereu \u00een amintirea noastr\u0103 at\u00e2t ca actorul care \u00ee\u0219i f\u0103cea meseria cu seriozitate \u0219i generozitate, c\u00e2t \u0219i ca omul cald \u0219i cu\" \/>\n\t<meta name=\"robots\" content=\"max-image-preview:large\" \/>\n\t<meta name=\"author\" content=\"Teatrul Regina Maria\"\/>\n\t<link rel=\"canonical\" href=\"https:\/\/www.teatrulreginamaria.ro\/hu\/doliu-in-teatrul-oradean-actorul-ion-ruscut-a-trecut-la-cele-vesnice\/\" \/>\n\t<meta name=\"generator\" content=\"All in One SEO Pro (AIOSEO) 5.0.1.1\" \/>\n\t\t<meta property=\"og:locale\" content=\"hu_HU\" \/>\n\t\t<meta property=\"og:site_name\" content=\"Teatrul Regina Maria Oradea - Trupa Iosif Vulcan \u0219i Trupa Arcadia\" \/>\n\t\t<meta property=\"og:type\" content=\"article\" \/>\n\t\t<meta property=\"og:title\" content=\"Doliu \u00een teatrul or\u0103dean \u2013 actorul Ion Ruscu\u021b a trecut la cele ve\u0219nice - Teatrul Regina Maria Oradea\" \/>\n\t\t<meta property=\"og:description\" content=\"Colectivul Teatrului Regina Maria depl\u00e2nge trecerea la cele ve\u0219nice a \u00eendr\u0103gitului actor Ion Ruscu\u021b, care s-a stins din via\u021b\u0103 cu c\u00e2teva zile \u00eenainte de a \u00eemplini 68 de ani. Ion Ruscu\u021b va r\u0103m\u00e2ne mereu \u00een amintirea noastr\u0103 at\u00e2t ca actorul care \u00ee\u0219i f\u0103cea meseria cu seriozitate \u0219i generozitate, c\u00e2t \u0219i ca omul cald \u0219i cu\" \/>\n\t\t<meta property=\"og:url\" content=\"https:\/\/www.teatrulreginamaria.ro\/hu\/doliu-in-teatrul-oradean-actorul-ion-ruscut-a-trecut-la-cele-vesnice\/\" \/>\n\t\t<meta property=\"og:image\" content=\"https:\/\/www.teatrulreginamaria.ro\/wp-content\/uploads\/2025\/03\/trm-istoric-01.jpg\" \/>\n\t\t<meta property=\"og:image:secure_url\" content=\"https:\/\/www.teatrulreginamaria.ro\/wp-content\/uploads\/2025\/03\/trm-istoric-01.jpg\" \/>\n\t\t<meta property=\"og:image:width\" content=\"1200\" \/>\n\t\t<meta property=\"og:image:height\" content=\"800\" \/>\n\t\t<meta property=\"article:published_time\" content=\"2023-09-06T12:25:00+00:00\" \/>\n\t\t<meta property=\"article:modified_time\" content=\"2023-09-06T12:25:00+00:00\" \/>\n\t\t<meta property=\"article:publisher\" content=\"https:\/\/www.facebook.com\/TRMTrupaIosifVulcan\/\" \/>\n\t\t<meta name=\"twitter:card\" content=\"summary_large_image\" \/>\n\t\t<meta name=\"twitter:site\" content=\"@TRMOradea\" \/>\n\t\t<meta name=\"twitter:title\" content=\"Doliu \u00een teatrul or\u0103dean \u2013 actorul Ion Ruscu\u021b a trecut la cele ve\u0219nice - Teatrul Regina Maria Oradea\" \/>\n\t\t<meta name=\"twitter:description\" content=\"Colectivul Teatrului Regina Maria depl\u00e2nge trecerea la cele ve\u0219nice a \u00eendr\u0103gitului actor Ion Ruscu\u021b, care s-a stins din via\u021b\u0103 cu c\u00e2teva zile \u00eenainte de a \u00eemplini 68 de ani. Ion Ruscu\u021b va r\u0103m\u00e2ne mereu \u00een amintirea noastr\u0103 at\u00e2t ca actorul care \u00ee\u0219i f\u0103cea meseria cu seriozitate \u0219i generozitate, c\u00e2t \u0219i ca omul cald \u0219i cu\" \/>\n\t\t<meta name=\"twitter:creator\" content=\"@TRMOradea\" \/>\n\t\t<meta name=\"twitter:image\" content=\"https:\/\/www.teatrulreginamaria.ro\/wp-content\/uploads\/2025\/03\/trm-istoric-01.jpg\" \/>\n\t\t<script type=\"application\/ld+json\" class=\"aioseo-schema\">\n\t\t\t{\"@context\":\"https:\\\/\\\/schema.org\",\"@graph\":[{\"@type\":\"BlogPosting\",\"@id\":\"https:\\\/\\\/www.teatrulreginamaria.ro\\\/hu\\\/doliu-in-teatrul-oradean-actorul-ion-ruscut-a-trecut-la-cele-vesnice\\\/#blogposting\",\"name\":\"Doliu \\u00een teatrul or\\u0103dean \\u2013 actorul Ion Ruscu\\u021b a trecut la cele ve\\u0219nice - Teatrul Regina Maria Oradea\",\"headline\":\"Doliu \\u00een teatrul or\\u0103dean &#8211; actorul Ion Ruscu\\u021b a trecut la cele ve\\u0219nice\",\"author\":{\"@id\":\"https:\\\/\\\/www.teatrulreginamaria.ro\\\/hu\\\/author\\\/w3bmaster\\\/#author\"},\"publisher\":{\"@id\":\"https:\\\/\\\/www.teatrulreginamaria.ro\\\/hu\\\/#organization\"},\"image\":{\"@type\":\"ImageObject\",\"url\":\"https:\\\/\\\/www.teatrulreginamaria.ro\\\/wp-content\\\/uploads\\\/2023\\\/09\\\/Ion_Ruscu_1955_-_2023.png\",\"width\":1414,\"height\":2000},\"datePublished\":\"2023-09-06T12:25:00+03:00\",\"dateModified\":\"2023-09-06T12:25:00+03:00\",\"inLanguage\":\"hu-HU\",\"mainEntityOfPage\":{\"@id\":\"https:\\\/\\\/www.teatrulreginamaria.ro\\\/hu\\\/doliu-in-teatrul-oradean-actorul-ion-ruscut-a-trecut-la-cele-vesnice\\\/#webpage\"},\"isPartOf\":{\"@id\":\"https:\\\/\\\/www.teatrulreginamaria.ro\\\/hu\\\/doliu-in-teatrul-oradean-actorul-ion-ruscut-a-trecut-la-cele-vesnice\\\/#webpage\"},\"articleSection\":\"Nout\\u0103\\u021bi - Trupa Iosif Vulcan\"},{\"@type\":\"BreadcrumbList\",\"@id\":\"https:\\\/\\\/www.teatrulreginamaria.ro\\\/hu\\\/doliu-in-teatrul-oradean-actorul-ion-ruscut-a-trecut-la-cele-vesnice\\\/#breadcrumblist\",\"itemListElement\":[{\"@type\":\"ListItem\",\"@id\":\"https:\\\/\\\/www.teatrulreginamaria.ro\\\/hu#listItem\",\"position\":1,\"name\":\"Home\",\"item\":\"https:\\\/\\\/www.teatrulreginamaria.ro\\\/hu\",\"nextItem\":{\"@type\":\"ListItem\",\"@id\":\"https:\\\/\\\/www.teatrulreginamaria.ro\\\/hu\\\/categorie\\\/noutati\\\/#listItem\",\"name\":\"Nout\\u0103\\u021bi\"}},{\"@type\":\"ListItem\",\"@id\":\"https:\\\/\\\/www.teatrulreginamaria.ro\\\/hu\\\/categorie\\\/noutati\\\/#listItem\",\"position\":2,\"name\":\"Nout\\u0103\\u021bi\",\"item\":\"https:\\\/\\\/www.teatrulreginamaria.ro\\\/hu\\\/categorie\\\/noutati\\\/\",\"nextItem\":{\"@type\":\"ListItem\",\"@id\":\"https:\\\/\\\/www.teatrulreginamaria.ro\\\/hu\\\/categorie\\\/noutati\\\/noutati-trupa-iosif-vulcan\\\/#listItem\",\"name\":\"Nout\\u0103\\u021bi - Trupa Iosif Vulcan\"},\"previousItem\":{\"@type\":\"ListItem\",\"@id\":\"https:\\\/\\\/www.teatrulreginamaria.ro\\\/hu#listItem\",\"name\":\"Home\"}},{\"@type\":\"ListItem\",\"@id\":\"https:\\\/\\\/www.teatrulreginamaria.ro\\\/hu\\\/categorie\\\/noutati\\\/noutati-trupa-iosif-vulcan\\\/#listItem\",\"position\":3,\"name\":\"Nout\\u0103\\u021bi - Trupa Iosif Vulcan\",\"item\":\"https:\\\/\\\/www.teatrulreginamaria.ro\\\/hu\\\/categorie\\\/noutati\\\/noutati-trupa-iosif-vulcan\\\/\",\"nextItem\":{\"@type\":\"ListItem\",\"@id\":\"https:\\\/\\\/www.teatrulreginamaria.ro\\\/hu\\\/doliu-in-teatrul-oradean-actorul-ion-ruscut-a-trecut-la-cele-vesnice\\\/#listItem\",\"name\":\"Doliu \\u00een teatrul or\\u0103dean &#8211; actorul Ion Ruscu\\u021b a trecut la cele ve\\u0219nice\"},\"previousItem\":{\"@type\":\"ListItem\",\"@id\":\"https:\\\/\\\/www.teatrulreginamaria.ro\\\/hu\\\/categorie\\\/noutati\\\/#listItem\",\"name\":\"Nout\\u0103\\u021bi\"}},{\"@type\":\"ListItem\",\"@id\":\"https:\\\/\\\/www.teatrulreginamaria.ro\\\/hu\\\/doliu-in-teatrul-oradean-actorul-ion-ruscut-a-trecut-la-cele-vesnice\\\/#listItem\",\"position\":4,\"name\":\"Doliu \\u00een teatrul or\\u0103dean &#8211; actorul Ion Ruscu\\u021b a trecut la cele ve\\u0219nice\",\"previousItem\":{\"@type\":\"ListItem\",\"@id\":\"https:\\\/\\\/www.teatrulreginamaria.ro\\\/hu\\\/categorie\\\/noutati\\\/noutati-trupa-iosif-vulcan\\\/#listItem\",\"name\":\"Nout\\u0103\\u021bi - Trupa Iosif Vulcan\"}}]},{\"@type\":\"Organization\",\"@id\":\"https:\\\/\\\/www.teatrulreginamaria.ro\\\/hu\\\/#organization\",\"name\":\"Teatrul Regina Maria Oradea\",\"description\":\"Trupa Iosif Vulcan \\u0219i Trupa Arcadia\",\"url\":\"https:\\\/\\\/www.teatrulreginamaria.ro\\\/hu\\\/\",\"email\":\"marketing@teatrulreginamaria.ro\",\"telephone\":\"+40359411534\",\"numberOfEmployees\":{\"@type\":\"QuantitativeValue\",\"minValue\":0,\"maxValue\":150},\"logo\":{\"@type\":\"ImageObject\",\"url\":\"https:\\\/\\\/www.teatrulreginamaria.ro\\\/wp-content\\\/uploads\\\/2025\\\/06\\\/logo-trm-01-dark.png\",\"@id\":\"https:\\\/\\\/www.teatrulreginamaria.ro\\\/hu\\\/doliu-in-teatrul-oradean-actorul-ion-ruscut-a-trecut-la-cele-vesnice\\\/#organizationLogo\",\"width\":300,\"height\":148},\"image\":{\"@id\":\"https:\\\/\\\/www.teatrulreginamaria.ro\\\/hu\\\/doliu-in-teatrul-oradean-actorul-ion-ruscut-a-trecut-la-cele-vesnice\\\/#organizationLogo\"},\"sameAs\":[\"https:\\\/\\\/www.facebook.com\\\/TRMTrupaIosifVulcan\\\/\",\"https:\\\/\\\/x.com\\\/TRMOradea\",\"https:\\\/\\\/www.instagram.com\\\/teatrul_regina_maria\\\/\",\"https:\\\/\\\/www.youtube.com\\\/c\\\/TeatrulReginaMariaOradea\",\"https:\\\/\\\/www.linkedin.com\\\/company\\\/teatrul-regina-maria\"]},{\"@type\":\"Person\",\"@id\":\"https:\\\/\\\/www.teatrulreginamaria.ro\\\/hu\\\/author\\\/w3bmaster\\\/#author\",\"url\":\"https:\\\/\\\/www.teatrulreginamaria.ro\\\/hu\\\/author\\\/w3bmaster\\\/\",\"name\":\"Teatrul Regina Maria\",\"image\":{\"@type\":\"ImageObject\",\"@id\":\"https:\\\/\\\/www.teatrulreginamaria.ro\\\/hu\\\/doliu-in-teatrul-oradean-actorul-ion-ruscut-a-trecut-la-cele-vesnice\\\/#authorImage\",\"url\":\"https:\\\/\\\/secure.gravatar.com\\\/avatar\\\/5884139d508ae3f0bafe45e60563b48a9640146d3b08ccc6278c305ff9329305?s=96&d=mm&r=g\",\"width\":96,\"height\":96,\"caption\":\"Teatrul Regina Maria\"}},{\"@type\":\"WebPage\",\"@id\":\"https:\\\/\\\/www.teatrulreginamaria.ro\\\/hu\\\/doliu-in-teatrul-oradean-actorul-ion-ruscut-a-trecut-la-cele-vesnice\\\/#webpage\",\"url\":\"https:\\\/\\\/www.teatrulreginamaria.ro\\\/hu\\\/doliu-in-teatrul-oradean-actorul-ion-ruscut-a-trecut-la-cele-vesnice\\\/\",\"name\":\"Doliu \\u00een teatrul or\\u0103dean \\u2013 actorul Ion Ruscu\\u021b a trecut la cele ve\\u0219nice - Teatrul Regina Maria Oradea\",\"description\":\"Colectivul Teatrului Regina Maria depl\\u00e2nge trecerea la cele ve\\u0219nice a \\u00eendr\\u0103gitului actor Ion Ruscu\\u021b, care s-a stins din via\\u021b\\u0103 cu c\\u00e2teva zile \\u00eenainte de a \\u00eemplini 68 de ani. Ion Ruscu\\u021b va r\\u0103m\\u00e2ne mereu \\u00een amintirea noastr\\u0103 at\\u00e2t ca actorul care \\u00ee\\u0219i f\\u0103cea meseria cu seriozitate \\u0219i generozitate, c\\u00e2t \\u0219i ca omul cald \\u0219i cu\",\"inLanguage\":\"hu-HU\",\"isPartOf\":{\"@id\":\"https:\\\/\\\/www.teatrulreginamaria.ro\\\/hu\\\/#website\"},\"breadcrumb\":{\"@id\":\"https:\\\/\\\/www.teatrulreginamaria.ro\\\/hu\\\/doliu-in-teatrul-oradean-actorul-ion-ruscut-a-trecut-la-cele-vesnice\\\/#breadcrumblist\"},\"author\":{\"@id\":\"https:\\\/\\\/www.teatrulreginamaria.ro\\\/hu\\\/author\\\/w3bmaster\\\/#author\"},\"creator\":{\"@id\":\"https:\\\/\\\/www.teatrulreginamaria.ro\\\/hu\\\/author\\\/w3bmaster\\\/#author\"},\"image\":{\"@type\":\"ImageObject\",\"url\":\"https:\\\/\\\/www.teatrulreginamaria.ro\\\/wp-content\\\/uploads\\\/2023\\\/09\\\/Ion_Ruscu_1955_-_2023.png\",\"@id\":\"https:\\\/\\\/www.teatrulreginamaria.ro\\\/hu\\\/doliu-in-teatrul-oradean-actorul-ion-ruscut-a-trecut-la-cele-vesnice\\\/#mainImage\",\"width\":1414,\"height\":2000},\"primaryImageOfPage\":{\"@id\":\"https:\\\/\\\/www.teatrulreginamaria.ro\\\/hu\\\/doliu-in-teatrul-oradean-actorul-ion-ruscut-a-trecut-la-cele-vesnice\\\/#mainImage\"},\"datePublished\":\"2023-09-06T12:25:00+03:00\",\"dateModified\":\"2023-09-06T12:25:00+03:00\"},{\"@type\":\"WebSite\",\"@id\":\"https:\\\/\\\/www.teatrulreginamaria.ro\\\/hu\\\/#website\",\"url\":\"https:\\\/\\\/www.teatrulreginamaria.ro\\\/hu\\\/\",\"name\":\"Teatrul Regina Maria Oradea\",\"alternateName\":\"TRM Oradea\",\"description\":\"Trupa Iosif Vulcan \\u0219i Trupa Arcadia\",\"inLanguage\":\"hu-HU\",\"publisher\":{\"@id\":\"https:\\\/\\\/www.teatrulreginamaria.ro\\\/hu\\\/#organization\"}}]}\n\t\t<\/script>\n\t\t<!-- All in One SEO Pro -->\r\n\t\t<title>Doliu \u00een teatrul or\u0103dean \u2013 actorul Ion Ruscu\u021b a trecut la cele ve\u0219nice - Teatrul Regina Maria Oradea<\/title>\n\n","aioseo_head_json":{"title":"Gy\u00e1sz a nagyv\u00e1radi sz\u00ednh\u00e1zban \u2013 elhunyt Ion Ruscu\u021b sz\u00edn\u00e9sz - Regina Maria Nagyv\u00e1radi Sz\u00ednh\u00e1z","description":"A Regina Maria Sz\u00ednh\u00e1z kollekt\u00edv\u00e1ja gy\u00e1szolja a szeretett sz\u00edn\u00e9szt, Ion Ruscu\u021bt, aki n\u00e9h\u00e1ny nappal 68. sz\u00fclet\u00e9snapja el\u0151tt hunyt el. Ion Ruscu\u021b mindig eml\u00e9kezet\u00fcnkben \u00e9l, mint a munk\u00e1j\u00e1t komolyan \u00e9s nagylelk\u0171en v\u00e9gz\u0151 sz\u00edn\u00e9sz, valamint mint kedves \u00e9s melegsz\u00edv\u0171 ember.","canonical_url":"https:\/\/www.teatrulreginamaria.ro\/hu\/doliu-in-teatrul-oradean-actorul-ion-ruscut-a-trecut-la-cele-vesnice\/","robots":"max-image-preview:large","keywords":"","webmasterTools":{"miscellaneous":""},"schema":{"@context":"https:\/\/schema.org","@graph":[{"@type":"BlogPosting","@id":"https:\/\/www.teatrulreginamaria.ro\/hu\/doliu-in-teatrul-oradean-actorul-ion-ruscut-a-trecut-la-cele-vesnice\/#blogposting","name":"Doliu \u00een teatrul or\u0103dean \u2013 actorul Ion Ruscu\u021b a trecut la cele ve\u0219nice - Teatrul Regina Maria Oradea","headline":"Doliu \u00een teatrul or\u0103dean &#8211; actorul Ion Ruscu\u021b a trecut la cele ve\u0219nice","author":{"@id":"https:\/\/www.teatrulreginamaria.ro\/hu\/author\/w3bmaster\/#author"},"publisher":{"@id":"https:\/\/www.teatrulreginamaria.ro\/hu\/#organization"},"image":{"@type":"ImageObject","url":"https:\/\/www.teatrulreginamaria.ro\/wp-content\/uploads\/2023\/09\/Ion_Ruscu_1955_-_2023.png","width":1414,"height":2000},"datePublished":"2023-09-06T12:25:00+03:00","dateModified":"2023-09-06T12:25:00+03:00","inLanguage":"hu-HU","mainEntityOfPage":{"@id":"https:\/\/www.teatrulreginamaria.ro\/hu\/doliu-in-teatrul-oradean-actorul-ion-ruscut-a-trecut-la-cele-vesnice\/#webpage"},"isPartOf":{"@id":"https:\/\/www.teatrulreginamaria.ro\/hu\/doliu-in-teatrul-oradean-actorul-ion-ruscut-a-trecut-la-cele-vesnice\/#webpage"},"articleSection":"Nout\u0103\u021bi - Trupa Iosif Vulcan"},{"@type":"BreadcrumbList","@id":"https:\/\/www.teatrulreginamaria.ro\/hu\/doliu-in-teatrul-oradean-actorul-ion-ruscut-a-trecut-la-cele-vesnice\/#breadcrumblist","itemListElement":[{"@type":"ListItem","@id":"https:\/\/www.teatrulreginamaria.ro\/hu#listItem","position":1,"name":"Home","item":"https:\/\/www.teatrulreginamaria.ro\/hu","nextItem":{"@type":"ListItem","@id":"https:\/\/www.teatrulreginamaria.ro\/hu\/categorie\/noutati\/#listItem","name":"Nout\u0103\u021bi"}},{"@type":"ListItem","@id":"https:\/\/www.teatrulreginamaria.ro\/hu\/categorie\/noutati\/#listItem","position":2,"name":"Nout\u0103\u021bi","item":"https:\/\/www.teatrulreginamaria.ro\/hu\/categorie\/noutati\/","nextItem":{"@type":"ListItem","@id":"https:\/\/www.teatrulreginamaria.ro\/hu\/categorie\/noutati\/noutati-trupa-iosif-vulcan\/#listItem","name":"Nout\u0103\u021bi - Trupa Iosif Vulcan"},"previousItem":{"@type":"ListItem","@id":"https:\/\/www.teatrulreginamaria.ro\/hu#listItem","name":"Home"}},{"@type":"ListItem","@id":"https:\/\/www.teatrulreginamaria.ro\/hu\/categorie\/noutati\/noutati-trupa-iosif-vulcan\/#listItem","position":3,"name":"Nout\u0103\u021bi - Trupa Iosif Vulcan","item":"https:\/\/www.teatrulreginamaria.ro\/hu\/categorie\/noutati\/noutati-trupa-iosif-vulcan\/","nextItem":{"@type":"ListItem","@id":"https:\/\/www.teatrulreginamaria.ro\/hu\/doliu-in-teatrul-oradean-actorul-ion-ruscut-a-trecut-la-cele-vesnice\/#listItem","name":"Doliu \u00een teatrul or\u0103dean &#8211; actorul Ion Ruscu\u021b a trecut la cele ve\u0219nice"},"previousItem":{"@type":"ListItem","@id":"https:\/\/www.teatrulreginamaria.ro\/hu\/categorie\/noutati\/#listItem","name":"Nout\u0103\u021bi"}},{"@type":"ListItem","@id":"https:\/\/www.teatrulreginamaria.ro\/hu\/doliu-in-teatrul-oradean-actorul-ion-ruscut-a-trecut-la-cele-vesnice\/#listItem","position":4,"name":"Doliu \u00een teatrul or\u0103dean &#8211; actorul Ion Ruscu\u021b a trecut la cele ve\u0219nice","previousItem":{"@type":"ListItem","@id":"https:\/\/www.teatrulreginamaria.ro\/hu\/categorie\/noutati\/noutati-trupa-iosif-vulcan\/#listItem","name":"Nout\u0103\u021bi - Trupa Iosif Vulcan"}}]},{"@type":"Organization","@id":"https:\/\/www.teatrulreginamaria.ro\/hu\/#organization","name":"Teatrul Regina Maria Oradea","description":"Trupa Iosif Vulcan \u0219i Trupa Arcadia","url":"https:\/\/www.teatrulreginamaria.ro\/hu\/","email":"marketing@teatrulreginamaria.ro","telephone":"+40359411534","numberOfEmployees":{"@type":"QuantitativeValue","minValue":0,"maxValue":150},"logo":{"@type":"ImageObject","url":"https:\/\/www.teatrulreginamaria.ro\/wp-content\/uploads\/2025\/06\/logo-trm-01-dark.png","@id":"https:\/\/www.teatrulreginamaria.ro\/hu\/doliu-in-teatrul-oradean-actorul-ion-ruscut-a-trecut-la-cele-vesnice\/#organizationLogo","width":300,"height":148},"image":{"@id":"https:\/\/www.teatrulreginamaria.ro\/hu\/doliu-in-teatrul-oradean-actorul-ion-ruscut-a-trecut-la-cele-vesnice\/#organizationLogo"},"sameAs":["https:\/\/www.facebook.com\/TRMTrupaIosifVulcan\/","https:\/\/x.com\/TRMOradea","https:\/\/www.instagram.com\/teatrul_regina_maria\/","https:\/\/www.youtube.com\/c\/TeatrulReginaMariaOradea","https:\/\/www.linkedin.com\/company\/teatrul-regina-maria"]},{"@type":"Person","@id":"https:\/\/www.teatrulreginamaria.ro\/hu\/author\/w3bmaster\/#author","url":"https:\/\/www.teatrulreginamaria.ro\/hu\/author\/w3bmaster\/","name":"Teatrul Regina Maria","image":{"@type":"ImageObject","@id":"https:\/\/www.teatrulreginamaria.ro\/hu\/doliu-in-teatrul-oradean-actorul-ion-ruscut-a-trecut-la-cele-vesnice\/#authorImage","url":"https:\/\/secure.gravatar.com\/avatar\/5884139d508ae3f0bafe45e60563b48a9640146d3b08ccc6278c305ff9329305?s=96&d=mm&r=g","width":96,"height":96,"caption":"Teatrul Regina Maria"}},{"@type":"WebPage","@id":"https:\/\/www.teatrulreginamaria.ro\/hu\/doliu-in-teatrul-oradean-actorul-ion-ruscut-a-trecut-la-cele-vesnice\/#webpage","url":"https:\/\/www.teatrulreginamaria.ro\/hu\/doliu-in-teatrul-oradean-actorul-ion-ruscut-a-trecut-la-cele-vesnice\/","name":"Doliu \u00een teatrul or\u0103dean \u2013 actorul Ion Ruscu\u021b a trecut la cele ve\u0219nice - Teatrul Regina Maria Oradea","description":"Colectivul Teatrului Regina Maria depl\u00e2nge trecerea la cele ve\u0219nice a \u00eendr\u0103gitului actor Ion Ruscu\u021b, care s-a stins din via\u021b\u0103 cu c\u00e2teva zile \u00eenainte de a \u00eemplini 68 de ani. Ion Ruscu\u021b va r\u0103m\u00e2ne mereu \u00een amintirea noastr\u0103 at\u00e2t ca actorul care \u00ee\u0219i f\u0103cea meseria cu seriozitate \u0219i generozitate, c\u00e2t \u0219i ca omul cald \u0219i cu","inLanguage":"hu-HU","isPartOf":{"@id":"https:\/\/www.teatrulreginamaria.ro\/hu\/#website"},"breadcrumb":{"@id":"https:\/\/www.teatrulreginamaria.ro\/hu\/doliu-in-teatrul-oradean-actorul-ion-ruscut-a-trecut-la-cele-vesnice\/#breadcrumblist"},"author":{"@id":"https:\/\/www.teatrulreginamaria.ro\/hu\/author\/w3bmaster\/#author"},"creator":{"@id":"https:\/\/www.teatrulreginamaria.ro\/hu\/author\/w3bmaster\/#author"},"image":{"@type":"ImageObject","url":"https:\/\/www.teatrulreginamaria.ro\/wp-content\/uploads\/2023\/09\/Ion_Ruscu_1955_-_2023.png","@id":"https:\/\/www.teatrulreginamaria.ro\/hu\/doliu-in-teatrul-oradean-actorul-ion-ruscut-a-trecut-la-cele-vesnice\/#mainImage","width":1414,"height":2000},"primaryImageOfPage":{"@id":"https:\/\/www.teatrulreginamaria.ro\/hu\/doliu-in-teatrul-oradean-actorul-ion-ruscut-a-trecut-la-cele-vesnice\/#mainImage"},"datePublished":"2023-09-06T12:25:00+03:00","dateModified":"2023-09-06T12:25:00+03:00"},{"@type":"WebSite","@id":"https:\/\/www.teatrulreginamaria.ro\/hu\/#website","url":"https:\/\/www.teatrulreginamaria.ro\/hu\/","name":"Teatrul Regina Maria Oradea","alternateName":"TRM Oradea","description":"Trupa Iosif Vulcan \u0219i Trupa Arcadia","inLanguage":"hu-HU","publisher":{"@id":"https:\/\/www.teatrulreginamaria.ro\/hu\/#organization"}}]},"og:locale":"hu_HU","og:site_name":"Teatrul Regina Maria Oradea - Trupa Iosif Vulcan \u0219i Trupa Arcadia","og:type":"article","og:title":"Doliu \u00een teatrul or\u0103dean \u2013 actorul Ion Ruscu\u021b a trecut la cele ve\u0219nice - Teatrul Regina Maria Oradea","og:description":"Colectivul Teatrului Regina Maria depl\u00e2nge trecerea la cele ve\u0219nice a \u00eendr\u0103gitului actor Ion Ruscu\u021b, care s-a stins din via\u021b\u0103 cu c\u00e2teva zile \u00eenainte de a \u00eemplini 68 de ani. Ion Ruscu\u021b va r\u0103m\u00e2ne mereu \u00een amintirea noastr\u0103 at\u00e2t ca actorul care \u00ee\u0219i f\u0103cea meseria cu seriozitate \u0219i generozitate, c\u00e2t \u0219i ca omul cald \u0219i cu","og:url":"https:\/\/www.teatrulreginamaria.ro\/hu\/doliu-in-teatrul-oradean-actorul-ion-ruscut-a-trecut-la-cele-vesnice\/","og:image":"https:\/\/www.teatrulreginamaria.ro\/wp-content\/uploads\/2025\/03\/trm-istoric-01.jpg","og:image:secure_url":"https:\/\/www.teatrulreginamaria.ro\/wp-content\/uploads\/2025\/03\/trm-istoric-01.jpg","og:image:width":1200,"og:image:height":800,"article:published_time":"2023-09-06T12:25:00+00:00","article:modified_time":"2023-09-06T12:25:00+00:00","article:publisher":"https:\/\/www.facebook.com\/TRMTrupaIosifVulcan\/","twitter:card":"summary_large_image","twitter:site":"@TRMOradea","twitter:title":"Doliu \u00een teatrul or\u0103dean \u2013 actorul Ion Ruscu\u021b a trecut la cele ve\u0219nice - Teatrul Regina Maria Oradea","twitter:description":"Colectivul Teatrului Regina Maria depl\u00e2nge trecerea la cele ve\u0219nice a \u00eendr\u0103gitului actor Ion Ruscu\u021b, care s-a stins din via\u021b\u0103 cu c\u00e2teva zile \u00eenainte de a \u00eemplini 68 de ani. Ion Ruscu\u021b va r\u0103m\u00e2ne mereu \u00een amintirea noastr\u0103 at\u00e2t ca actorul care \u00ee\u0219i f\u0103cea meseria cu seriozitate \u0219i generozitate, c\u00e2t \u0219i ca omul cald \u0219i cu","twitter:creator":"@TRMOradea","twitter:image":"https:\/\/www.teatrulreginamaria.ro\/wp-content\/uploads\/2025\/03\/trm-istoric-01.jpg"},"aioseo_meta_data":{"post_id":"5407","title":null,"description":null,"keywords":null,"keyphrases":null,"primary_term":null,"canonical_url":null,"og_title":null,"og_description":null,"og_object_type":"default","og_image_type":"default","og_image_url":null,"og_image_width":null,"og_image_height":null,"og_image_custom_url":null,"og_image_custom_fields":null,"og_video":null,"og_custom_url":null,"og_article_section":null,"og_article_tags":null,"twitter_use_og":false,"twitter_card":"default","twitter_image_type":"default","twitter_image_url":null,"twitter_image_custom_url":null,"twitter_image_custom_fields":null,"twitter_title":null,"twitter_description":null,"schema":{"blockGraphs":[],"customGraphs":[],"default":{"data":{"Article":[],"Course":[],"Dataset":[],"FAQPage":[],"Movie":[],"Person":[],"Product":[],"ProductReview":[],"Car":[],"Recipe":[],"Service":[],"SoftwareApplication":[],"WebPage":[]},"graphName":"","isEnabled":true},"graphs":[]},"schema_type":"default","schema_type_options":null,"pillar_content":false,"robots_default":true,"robots_noindex":false,"robots_noarchive":false,"robots_nosnippet":false,"robots_nofollow":false,"robots_noimageindex":false,"robots_noodp":false,"robots_notranslate":false,"robots_max_snippet":null,"robots_max_videopreview":null,"robots_max_imagepreview":"large","priority":null,"frequency":null,"local_seo":null,"seo_analyzer_scan_date":"2026-05-13 03:15:46","breadcrumb_settings":null,"limit_modified_date":false,"reviewed_by":null,"open_ai":null,"ai":null,"created":"2025-04-09 17:42:44","updated":"2026-05-13 03:15:46","focus_keyword":null,"additional_keywords":null,"truseo_locale":null},"aioseo_breadcrumb":"<div class=\"aioseo-breadcrumbs\"><span class=\"aioseo-breadcrumb\">\n\t<a href=\"https:\/\/www.teatrulreginamaria.ro\/hu\" title=\"Home\">Home<\/a>\n<\/span><span class=\"aioseo-breadcrumb-separator\">&raquo;<\/span><span class=\"aioseo-breadcrumb\">\n\t<a href=\"https:\/\/www.teatrulreginamaria.ro\/hu\/categorie\/noutati\/\" title=\"Nout\u0103\u021bi\">Nout\u0103\u021bi<\/a>\n<\/span><span class=\"aioseo-breadcrumb-separator\">&raquo;<\/span><span class=\"aioseo-breadcrumb\">\n\t<a href=\"https:\/\/www.teatrulreginamaria.ro\/hu\/categorie\/noutati\/noutati-trupa-iosif-vulcan\/\" title=\"Nout\u0103\u021bi - Trupa Iosif Vulcan\">Nout\u0103\u021bi - Trupa Iosif Vulcan<\/a>\n<\/span><span class=\"aioseo-breadcrumb-separator\">&raquo;<\/span><span class=\"aioseo-breadcrumb\">\n\tDoliu \u00een teatrul or\u0103dean \u2013 actorul Ion Ruscu\u021b a trecut la cele ve\u0219nice\n<\/span><\/div>","aioseo_breadcrumb_json":[{"label":"Home","link":"https:\/\/www.teatrulreginamaria.ro\/hu"},{"label":"Nout\u0103\u021bi","link":"https:\/\/www.teatrulreginamaria.ro\/hu\/categorie\/noutati\/"},{"label":"Nout\u0103\u021bi - Trupa Iosif Vulcan","link":"https:\/\/www.teatrulreginamaria.ro\/hu\/categorie\/noutati\/noutati-trupa-iosif-vulcan\/"},{"label":"Doliu \u00een teatrul or\u0103dean &#8211; actorul Ion Ruscu\u021b a trecut la cele ve\u0219nice","link":"https:\/\/www.teatrulreginamaria.ro\/hu\/doliu-in-teatrul-oradean-actorul-ion-ruscut-a-trecut-la-cele-vesnice\/"}],"acf":[],"_links":{"self":[{"href":"https:\/\/www.teatrulreginamaria.ro\/hu\/wp-json\/wp\/v2\/posts\/5407","targetHints":{"allow":["GET"]}}],"collection":[{"href":"https:\/\/www.teatrulreginamaria.ro\/hu\/wp-json\/wp\/v2\/posts"}],"about":[{"href":"https:\/\/www.teatrulreginamaria.ro\/hu\/wp-json\/wp\/v2\/types\/post"}],"author":[{"embeddable":true,"href":"https:\/\/www.teatrulreginamaria.ro\/hu\/wp-json\/wp\/v2\/users\/6"}],"replies":[{"embeddable":true,"href":"https:\/\/www.teatrulreginamaria.ro\/hu\/wp-json\/wp\/v2\/comments?post=5407"}],"version-history":[{"count":0,"href":"https:\/\/www.teatrulreginamaria.ro\/hu\/wp-json\/wp\/v2\/posts\/5407\/revisions"}],"wp:featuredmedia":[{"embeddable":true,"href":"https:\/\/www.teatrulreginamaria.ro\/hu\/wp-json\/wp\/v2\/media\/5406"}],"wp:attachment":[{"href":"https:\/\/www.teatrulreginamaria.ro\/hu\/wp-json\/wp\/v2\/media?parent=5407"}],"wp:term":[{"taxonomy":"category","embeddable":true,"href":"https:\/\/www.teatrulreginamaria.ro\/hu\/wp-json\/wp\/v2\/categories?post=5407"},{"taxonomy":"post_tag","embeddable":true,"href":"https:\/\/www.teatrulreginamaria.ro\/hu\/wp-json\/wp\/v2\/tags?post=5407"}],"curies":[{"name":"munkaf\u00fczet","href":"https:\/\/api.w.org\/{rel}","templated":true}]}}