{"id":5462,"date":"2023-11-02T19:00:43","date_gmt":"2023-11-02T17:00:43","guid":{"rendered":"https:\/\/teatrulreginamaria.ro\/2023\/10\/24\/zeite-de-categoria-b\/"},"modified":"2025-03-27T15:21:36","modified_gmt":"2025-03-27T13:21:36","slug":"b-kategorias-istennok","status":"publish","type":"post","link":"https:\/\/www.teatrulreginamaria.ro\/hu\/zeite-de-categoria-b\/","title":{"rendered":"B-kateg\u00f3ri\u00e1s istenn\u0151k"},"content":{"rendered":"<p class=\"wp-block-paragraph\">Felseghi Alexandra &quot;B-kateg\u00f3ri\u00e1s istenn\u0151k&quot; c\u00edm\u0171 filmje Andrei M\u0103jeri \u00f6tlete alapj\u00e1n \u00e9s rendez\u00e9s\u00e9ben egy olyan show-esem\u00e9ny, amely h\u00e1rom v\u00e1ros \u00e9s h\u00e1rom k\u00fcl\u00f6nb\u00f6z\u0151 sz\u00ednh\u00e1z sz\u00edn\u00e9szn\u0151it k\u00edv\u00e1nja ugyanarra a sz\u00ednpadra hozni, akiknek megtapsolj\u00e1k azokon a f\u00f6ldrajzi tereken, ahol j\u00e1tszanak, de rajtuk k\u00edv\u00fcl kev\u00e9sb\u00e9 ismertek: Elena Ivanca (a C-Blauacianapoga sz\u00edn\u00e9szn\u0151je) Ioana Drago\u0219 Gajd\u00f3 (a nagyv\u00e1radi Regina Maria Sz\u00ednh\u00e1z sz\u00edn\u00e9szn\u0151je), Silvia Luca (a boto\u0219ani &quot;Mihai Eminescu&quot; Sz\u00ednh\u00e1z sz\u00edn\u00e9szn\u0151je).<\/p>\n\n\n\n<p class=\"wp-block-paragraph\">A premierre szeptember 22-\u00e9n, 23-\u00e1n \u00e9s 24-\u00e9n ker\u00fclt sor Bukarestben, a projekt kezdem\u00e9nyez\u0151je \u00e9s f\u0151producere, a creart\/TEATRELLI-ben, majd a bemutat\u00f3t az \u00f6sszes koprodukci\u00f3s sz\u00ednh\u00e1zban, illetve a Kolozsv\u00e1ri Nemzeti Sz\u00ednh\u00e1zban, a Regina Maria Sz\u00ednh\u00e1zban, a &quot;Miha\u0219uaniamine&quot; Bost\u00f3ria Sz\u00ednh\u00e1zban j\u00e1tszott\u00e1k.<\/p>\n\n\n\n<!--more-->\n\n\n\n<p class=\"wp-block-paragraph\">A \u201eB-kateg\u00f3ri\u00e1s istenn\u0151k\u201d c\u00edm\u0171 darab egy kort\u00e1rs \u00e9rdekl\u0151d\u00e9sre sz\u00e1mot tart\u00f3 t\u00e9m\u00e1t vizsg\u00e1l: a nyilv\u00e1nos \u00e9s a mag\u00e1n\u00e9let, a sz\u00ednpad var\u00e1zsa \u00e9s a szem\u00e9lyes \u00e9let val\u00f3s\u00e1ga k\u00f6z\u00f6tti hat\u00e1rt. A m\u0171sor egy \u00f6n\u00e9letrajzi dokumentumfilmb\u0151l indul, f\u0151k\u00e9nt a h\u00e1rom sz\u00edn\u00e9szn\u0151 karrierj\u00e9nek kulcsfontoss\u00e1g\u00fa pontjaira \u00f6sszpontos\u00edtva, azokra, amelyek jelent\u0151s fordulatokat okoztak. Egy olyan megk\u00f6zel\u00edt\u00e9s, amely megk\u00e9rd\u0151jelezi azokat a m\u00f3dokat, ahogyan a m\u0171v\u00e9szeket gyakran cser\u00e9lik, mint a darabokat. A m\u0171v\u00e9szetek zord mechanizmusa \u00f6sszet\u00f6ri az \u00e9rz\u00e9keny, egy m\u00e1sik korszakban alkot\u00f3 szem\u00e9lyis\u00e9geket, elk\u00e1b\u00edtja a koroszt\u00e1lyok k\u00f6z\u00f6tt ragadtakat, \u00e9s nem sok rem\u00e9nyt ad azoknak, akik p\u00e1ly\u00e1juk elej\u00e9n j\u00e1rnak. De a hivat\u00e1s nem v\u00e1lik elavultt\u00e1, \u00faj kik\u00f6t\u0151ket keres a kik\u00f6t\u00e9shez, t\u00e1rsalkot\u00f3kat, akik kis szem\u00e9lyes forradalmakat sz\u00edtanak \u00e9s p\u00e1rbesz\u00e9det provok\u00e1lnak.<\/p>\n\n\n\n<p class=\"wp-block-paragraph\">Az \u00faj produkci\u00f3t a creart\/Teatrelli \u00e1ltal 2021-ben ki\u00edrt ny\u00edlt p\u00e1ly\u00e1zat keret\u00e9ben v\u00e1lasztott\u00e1k ki, azzal a c\u00e9llal, hogy egy laborat\u00f3riumi el\u0151ad\u00e1st val\u00f3s\u00edtsanak meg. <br>A v\u00e1logat\u00e1st az Octavian Saiu, Radu Nica, Cristian Ban \u00e9s Roxana L\u0103p\u0103dat tagjaib\u00f3l \u00e1ll\u00f3 zs\u0171ri v\u00e9gezte.<\/p>\n\n\n\n<p class=\"wp-block-paragraph\"><strong>Szerepl\u0151k: Elena Ivanca, Ioana Drago\u0219 Gajd\u00f3, Silvia Luca<\/strong><\/p>\n\n\n\n<p class=\"wp-block-paragraph\">Rendezte: Andrei Majeri<br>Hang\u00e9lm\u00e9ny: Adrian Piciorea<br>Jelmezek: v\u00e1logat\u00e1s Lucian Brosc\u0103\u021bean gy\u0171jtem\u00e9nyeinek darabjaib\u00f3l<br>\u00c9kszerek: Monom, Georgiana Ciceo<\/p>\n\n\n\n<p class=\"wp-block-paragraph\">F\u0151 producer: creart \/ Teatrelli<br>T\u00e1rsproducerek: &quot;Lucian Blaga&quot; Kolozsv\u00e1ri Nemzeti Sz\u00ednh\u00e1z, &quot;Regina Maria&quot; Sz\u00ednh\u00e1z Nagyv\u00e1radi, &quot;Mihai Eminescu&quot; Sz\u00ednh\u00e1z Boto\u0219ani<\/p>\n\n\n\n<p class=\"wp-block-paragraph\"><strong>Premier: 2023. november 2., 3. \u2013 Arcadia Hall<\/strong><br><br>Id\u0151tartam: 1 \u00f3ra 30 perc<br>Korhat\u00e1r: +12<\/p>\n\n\n\n<p class=\"wp-block-paragraph\"><\/p>","protected":false},"excerpt":{"rendered":"<p>\u201ezei\u021be de categoria B\u201d de Alexandra Felseghi, dup\u0103 o idee de \u0219i \u00een regia lui Andrei M\u0103jeri, este un spectacol-eveniment care \u00ee\u0219i propune s\u0103 aduc\u0103 pe aceea\u0219i scen\u0103 actri\u021be din trei ora\u0219e \u0219i trei teatre diferite, aplaudate \u00een spa\u021biile geografice \u00een care joac\u0103, dar mai pu\u021bin cunoscute \u00een afara lor: Elena Ivanca (actri\u021b\u0103 a Teatrului [&hellip;]<\/p>\n","protected":false},"author":6,"featured_media":11890,"comment_status":"open","ping_status":"open","sticky":false,"template":"","format":"standard","meta":{"_acf_changed":false,"footnotes":""},"categories":[10],"tags":[518,516],"class_list":["post-5462","post","type-post","status-publish","format-standard","has-post-thumbnail","hentry","category-spectacole-trupa-iosif-vulcan","tag-repertoriu-2025","tag-spectacole-2023-2024"],"aioseo_notices":[],"aioseo_head":"\n\t\t<!-- All in One SEO Pro 5.0.1.1 - aioseo.com -->\n\t<meta name=\"description\" content=\"\u201ezei\u021be de categoria B\u201d de Alexandra Felseghi, dup\u0103 o idee de \u0219i \u00een regia lui Andrei M\u0103jeri, este un spectacol-eveniment care \u00ee\u0219i propune s\u0103 aduc\u0103 pe aceea\u0219i scen\u0103 actri\u021be din trei ora\u0219e \u0219i trei teatre diferite, aplaudate \u00een spa\u021biile geografice \u00een care joac\u0103, dar mai pu\u021bin cunoscute \u00een afara lor: Elena Ivanca (actri\u021b\u0103 a Teatrului\" \/>\n\t<meta name=\"robots\" content=\"max-image-preview:large\" \/>\n\t<meta name=\"author\" content=\"Teatrul Regina Maria\"\/>\n\t<link rel=\"canonical\" href=\"https:\/\/www.teatrulreginamaria.ro\/hu\/zeite-de-categoria-b\/\" \/>\n\t<meta name=\"generator\" content=\"All in One SEO Pro (AIOSEO) 5.0.1.1\" \/>\n\t\t<meta property=\"og:locale\" content=\"hu_HU\" \/>\n\t\t<meta property=\"og:site_name\" content=\"Teatrul Regina Maria Oradea - Trupa Iosif Vulcan \u0219i Trupa Arcadia\" \/>\n\t\t<meta property=\"og:type\" content=\"article\" \/>\n\t\t<meta property=\"og:title\" content=\"zei\u021be de categoria B - Teatrul Regina Maria Oradea\" \/>\n\t\t<meta property=\"og:description\" content=\"\u201ezei\u021be de categoria B\u201d de Alexandra Felseghi, dup\u0103 o idee de \u0219i \u00een regia lui Andrei M\u0103jeri, este un spectacol-eveniment care \u00ee\u0219i propune s\u0103 aduc\u0103 pe aceea\u0219i scen\u0103 actri\u021be din trei ora\u0219e \u0219i trei teatre diferite, aplaudate \u00een spa\u021biile geografice \u00een care joac\u0103, dar mai pu\u021bin cunoscute \u00een afara lor: Elena Ivanca (actri\u021b\u0103 a Teatrului\" \/>\n\t\t<meta property=\"og:url\" content=\"https:\/\/www.teatrulreginamaria.ro\/hu\/zeite-de-categoria-b\/\" \/>\n\t\t<meta property=\"og:image\" content=\"https:\/\/www.teatrulreginamaria.ro\/wp-content\/uploads\/2025\/03\/trm-istoric-01.jpg\" \/>\n\t\t<meta property=\"og:image:secure_url\" content=\"https:\/\/www.teatrulreginamaria.ro\/wp-content\/uploads\/2025\/03\/trm-istoric-01.jpg\" \/>\n\t\t<meta property=\"og:image:width\" content=\"1200\" \/>\n\t\t<meta property=\"og:image:height\" content=\"800\" \/>\n\t\t<meta property=\"article:published_time\" content=\"2023-11-02T17:00:43+00:00\" \/>\n\t\t<meta property=\"article:modified_time\" content=\"2025-03-27T13:21:36+00:00\" \/>\n\t\t<meta property=\"article:publisher\" content=\"https:\/\/www.facebook.com\/TRMTrupaIosifVulcan\/\" \/>\n\t\t<meta name=\"twitter:card\" content=\"summary_large_image\" \/>\n\t\t<meta name=\"twitter:site\" content=\"@TRMOradea\" \/>\n\t\t<meta name=\"twitter:title\" content=\"zei\u021be de categoria B - Teatrul Regina Maria Oradea\" \/>\n\t\t<meta name=\"twitter:description\" content=\"\u201ezei\u021be de categoria B\u201d de Alexandra Felseghi, dup\u0103 o idee de \u0219i \u00een regia lui Andrei M\u0103jeri, este un spectacol-eveniment care \u00ee\u0219i propune s\u0103 aduc\u0103 pe aceea\u0219i scen\u0103 actri\u021be din trei ora\u0219e \u0219i trei teatre diferite, aplaudate \u00een spa\u021biile geografice \u00een care joac\u0103, dar mai pu\u021bin cunoscute \u00een afara lor: Elena Ivanca (actri\u021b\u0103 a Teatrului\" \/>\n\t\t<meta name=\"twitter:creator\" content=\"@TRMOradea\" \/>\n\t\t<meta name=\"twitter:image\" content=\"https:\/\/www.teatrulreginamaria.ro\/wp-content\/uploads\/2025\/03\/trm-istoric-01.jpg\" \/>\n\t\t<script type=\"application\/ld+json\" class=\"aioseo-schema\">\n\t\t\t{\"@context\":\"https:\\\/\\\/schema.org\",\"@graph\":[{\"@type\":\"BlogPosting\",\"@id\":\"https:\\\/\\\/www.teatrulreginamaria.ro\\\/hu\\\/zeite-de-categoria-b\\\/#blogposting\",\"name\":\"zei\\u021be de categoria B - Teatrul Regina Maria Oradea\",\"headline\":\"zei\\u021be de categoria B\",\"author\":{\"@id\":\"https:\\\/\\\/www.teatrulreginamaria.ro\\\/hu\\\/author\\\/w3bmaster\\\/#author\"},\"publisher\":{\"@id\":\"https:\\\/\\\/www.teatrulreginamaria.ro\\\/hu\\\/#organization\"},\"image\":{\"@type\":\"ImageObject\",\"url\":\"https:\\\/\\\/www.teatrulreginamaria.ro\\\/wp-content\\\/uploads\\\/2023\\\/11\\\/zeite-de-categoria-B-7-e1743081676630.png\",\"width\":1707,\"height\":740},\"datePublished\":\"2023-11-02T19:00:43+02:00\",\"dateModified\":\"2025-03-27T15:21:36+02:00\",\"inLanguage\":\"hu-HU\",\"mainEntityOfPage\":{\"@id\":\"https:\\\/\\\/www.teatrulreginamaria.ro\\\/hu\\\/zeite-de-categoria-b\\\/#webpage\"},\"isPartOf\":{\"@id\":\"https:\\\/\\\/www.teatrulreginamaria.ro\\\/hu\\\/zeite-de-categoria-b\\\/#webpage\"},\"articleSection\":\"Spectacole Trupa Iosif Vulcan, Repertoriu 2025, Spectacole 2023-2024\"},{\"@type\":\"BreadcrumbList\",\"@id\":\"https:\\\/\\\/www.teatrulreginamaria.ro\\\/hu\\\/zeite-de-categoria-b\\\/#breadcrumblist\",\"itemListElement\":[{\"@type\":\"ListItem\",\"@id\":\"https:\\\/\\\/www.teatrulreginamaria.ro\\\/hu#listItem\",\"position\":1,\"name\":\"Home\",\"item\":\"https:\\\/\\\/www.teatrulreginamaria.ro\\\/hu\",\"nextItem\":{\"@type\":\"ListItem\",\"@id\":\"https:\\\/\\\/www.teatrulreginamaria.ro\\\/hu\\\/categorie\\\/trupa-iosif-vulcan\\\/#listItem\",\"name\":\"Trupa Iosif Vulcan\"}},{\"@type\":\"ListItem\",\"@id\":\"https:\\\/\\\/www.teatrulreginamaria.ro\\\/hu\\\/categorie\\\/trupa-iosif-vulcan\\\/#listItem\",\"position\":2,\"name\":\"Trupa Iosif Vulcan\",\"item\":\"https:\\\/\\\/www.teatrulreginamaria.ro\\\/hu\\\/categorie\\\/trupa-iosif-vulcan\\\/\",\"nextItem\":{\"@type\":\"ListItem\",\"@id\":\"https:\\\/\\\/www.teatrulreginamaria.ro\\\/hu\\\/categorie\\\/trupa-iosif-vulcan\\\/spectacole-trupa-iosif-vulcan\\\/#listItem\",\"name\":\"Spectacole Trupa Iosif Vulcan\"},\"previousItem\":{\"@type\":\"ListItem\",\"@id\":\"https:\\\/\\\/www.teatrulreginamaria.ro\\\/hu#listItem\",\"name\":\"Home\"}},{\"@type\":\"ListItem\",\"@id\":\"https:\\\/\\\/www.teatrulreginamaria.ro\\\/hu\\\/categorie\\\/trupa-iosif-vulcan\\\/spectacole-trupa-iosif-vulcan\\\/#listItem\",\"position\":3,\"name\":\"Spectacole Trupa Iosif Vulcan\",\"item\":\"https:\\\/\\\/www.teatrulreginamaria.ro\\\/hu\\\/categorie\\\/trupa-iosif-vulcan\\\/spectacole-trupa-iosif-vulcan\\\/\",\"nextItem\":{\"@type\":\"ListItem\",\"@id\":\"https:\\\/\\\/www.teatrulreginamaria.ro\\\/hu\\\/zeite-de-categoria-b\\\/#listItem\",\"name\":\"zei\\u021be de categoria B\"},\"previousItem\":{\"@type\":\"ListItem\",\"@id\":\"https:\\\/\\\/www.teatrulreginamaria.ro\\\/hu\\\/categorie\\\/trupa-iosif-vulcan\\\/#listItem\",\"name\":\"Trupa Iosif Vulcan\"}},{\"@type\":\"ListItem\",\"@id\":\"https:\\\/\\\/www.teatrulreginamaria.ro\\\/hu\\\/zeite-de-categoria-b\\\/#listItem\",\"position\":4,\"name\":\"zei\\u021be de categoria B\",\"previousItem\":{\"@type\":\"ListItem\",\"@id\":\"https:\\\/\\\/www.teatrulreginamaria.ro\\\/hu\\\/categorie\\\/trupa-iosif-vulcan\\\/spectacole-trupa-iosif-vulcan\\\/#listItem\",\"name\":\"Spectacole Trupa Iosif Vulcan\"}}]},{\"@type\":\"Organization\",\"@id\":\"https:\\\/\\\/www.teatrulreginamaria.ro\\\/hu\\\/#organization\",\"name\":\"Teatrul Regina Maria Oradea\",\"description\":\"Trupa Iosif Vulcan \\u0219i Trupa Arcadia\",\"url\":\"https:\\\/\\\/www.teatrulreginamaria.ro\\\/hu\\\/\",\"email\":\"marketing@teatrulreginamaria.ro\",\"telephone\":\"+40359411534\",\"numberOfEmployees\":{\"@type\":\"QuantitativeValue\",\"minValue\":0,\"maxValue\":150},\"logo\":{\"@type\":\"ImageObject\",\"url\":\"https:\\\/\\\/www.teatrulreginamaria.ro\\\/wp-content\\\/uploads\\\/2025\\\/06\\\/logo-trm-01-dark.png\",\"@id\":\"https:\\\/\\\/www.teatrulreginamaria.ro\\\/hu\\\/zeite-de-categoria-b\\\/#organizationLogo\",\"width\":300,\"height\":148},\"image\":{\"@id\":\"https:\\\/\\\/www.teatrulreginamaria.ro\\\/hu\\\/zeite-de-categoria-b\\\/#organizationLogo\"},\"sameAs\":[\"https:\\\/\\\/www.facebook.com\\\/TRMTrupaIosifVulcan\\\/\",\"https:\\\/\\\/x.com\\\/TRMOradea\",\"https:\\\/\\\/www.instagram.com\\\/teatrul_regina_maria\\\/\",\"https:\\\/\\\/www.youtube.com\\\/c\\\/TeatrulReginaMariaOradea\",\"https:\\\/\\\/www.linkedin.com\\\/company\\\/teatrul-regina-maria\"]},{\"@type\":\"Person\",\"@id\":\"https:\\\/\\\/www.teatrulreginamaria.ro\\\/hu\\\/author\\\/w3bmaster\\\/#author\",\"url\":\"https:\\\/\\\/www.teatrulreginamaria.ro\\\/hu\\\/author\\\/w3bmaster\\\/\",\"name\":\"Teatrul Regina Maria\",\"image\":{\"@type\":\"ImageObject\",\"@id\":\"https:\\\/\\\/www.teatrulreginamaria.ro\\\/hu\\\/zeite-de-categoria-b\\\/#authorImage\",\"url\":\"https:\\\/\\\/secure.gravatar.com\\\/avatar\\\/5884139d508ae3f0bafe45e60563b48a9640146d3b08ccc6278c305ff9329305?s=96&d=mm&r=g\",\"width\":96,\"height\":96,\"caption\":\"Teatrul Regina Maria\"}},{\"@type\":\"WebPage\",\"@id\":\"https:\\\/\\\/www.teatrulreginamaria.ro\\\/hu\\\/zeite-de-categoria-b\\\/#webpage\",\"url\":\"https:\\\/\\\/www.teatrulreginamaria.ro\\\/hu\\\/zeite-de-categoria-b\\\/\",\"name\":\"zei\\u021be de categoria B - Teatrul Regina Maria Oradea\",\"description\":\"\\u201ezei\\u021be de categoria B\\u201d de Alexandra Felseghi, dup\\u0103 o idee de \\u0219i \\u00een regia lui Andrei M\\u0103jeri, este un spectacol-eveniment care \\u00ee\\u0219i propune s\\u0103 aduc\\u0103 pe aceea\\u0219i scen\\u0103 actri\\u021be din trei ora\\u0219e \\u0219i trei teatre diferite, aplaudate \\u00een spa\\u021biile geografice \\u00een care joac\\u0103, dar mai pu\\u021bin cunoscute \\u00een afara lor: Elena Ivanca (actri\\u021b\\u0103 a Teatrului\",\"inLanguage\":\"hu-HU\",\"isPartOf\":{\"@id\":\"https:\\\/\\\/www.teatrulreginamaria.ro\\\/hu\\\/#website\"},\"breadcrumb\":{\"@id\":\"https:\\\/\\\/www.teatrulreginamaria.ro\\\/hu\\\/zeite-de-categoria-b\\\/#breadcrumblist\"},\"author\":{\"@id\":\"https:\\\/\\\/www.teatrulreginamaria.ro\\\/hu\\\/author\\\/w3bmaster\\\/#author\"},\"creator\":{\"@id\":\"https:\\\/\\\/www.teatrulreginamaria.ro\\\/hu\\\/author\\\/w3bmaster\\\/#author\"},\"image\":{\"@type\":\"ImageObject\",\"url\":\"https:\\\/\\\/www.teatrulreginamaria.ro\\\/wp-content\\\/uploads\\\/2023\\\/11\\\/zeite-de-categoria-B-7-e1743081676630.png\",\"@id\":\"https:\\\/\\\/www.teatrulreginamaria.ro\\\/hu\\\/zeite-de-categoria-b\\\/#mainImage\",\"width\":1707,\"height\":740},\"primaryImageOfPage\":{\"@id\":\"https:\\\/\\\/www.teatrulreginamaria.ro\\\/hu\\\/zeite-de-categoria-b\\\/#mainImage\"},\"datePublished\":\"2023-11-02T19:00:43+02:00\",\"dateModified\":\"2025-03-27T15:21:36+02:00\"},{\"@type\":\"WebSite\",\"@id\":\"https:\\\/\\\/www.teatrulreginamaria.ro\\\/hu\\\/#website\",\"url\":\"https:\\\/\\\/www.teatrulreginamaria.ro\\\/hu\\\/\",\"name\":\"Teatrul Regina Maria Oradea\",\"alternateName\":\"TRM Oradea\",\"description\":\"Trupa Iosif Vulcan \\u0219i Trupa Arcadia\",\"inLanguage\":\"hu-HU\",\"publisher\":{\"@id\":\"https:\\\/\\\/www.teatrulreginamaria.ro\\\/hu\\\/#organization\"}}]}\n\t\t<\/script>\n\t\t<!-- All in One SEO Pro -->\r\n\t\t<title>zei\u021be de categoria B - Teatrul Regina Maria Oradea<\/title>\n\n","aioseo_head_json":{"title":"B kateg\u00f3ri\u00e1s istenn\u0151k - Regina Maria Sz\u00ednh\u00e1z Nagyv\u00e1rad","description":"Alexandra Felseghi \u201eB-kateg\u00f3ri\u00e1s istenn\u0151k\u201d c\u00edm\u0171 el\u0151ad\u00e1sa, Andrei M\u0103jeri \u00f6tlete \u00e9s rendez\u00e9se alapj\u00e1n, egy olyan show-esem\u00e9ny, amelynek c\u00e9lja, hogy h\u00e1rom v\u00e1ros \u00e9s h\u00e1rom k\u00fcl\u00f6nb\u00f6z\u0151 sz\u00ednh\u00e1z sz\u00edn\u00e9szn\u0151it hozza \u00f6ssze egy sz\u00ednpadon, akiket a f\u00f6ldrajzi t\u00e9rben, ahol j\u00e1tszanak, tapsolnak, de azon k\u00edv\u00fcl kev\u00e9sb\u00e9 ismertek: Elena Ivanca (a Sz\u00ednh\u00e1z sz\u00edn\u00e9szn\u0151je","canonical_url":"https:\/\/www.teatrulreginamaria.ro\/hu\/zeite-de-categoria-b\/","robots":"max-image-preview:large","keywords":"","webmasterTools":{"miscellaneous":""},"schema":{"@context":"https:\/\/schema.org","@graph":[{"@type":"BlogPosting","@id":"https:\/\/www.teatrulreginamaria.ro\/hu\/zeite-de-categoria-b\/#blogposting","name":"zei\u021be de categoria B - Teatrul Regina Maria Oradea","headline":"zei\u021be de categoria B","author":{"@id":"https:\/\/www.teatrulreginamaria.ro\/hu\/author\/w3bmaster\/#author"},"publisher":{"@id":"https:\/\/www.teatrulreginamaria.ro\/hu\/#organization"},"image":{"@type":"ImageObject","url":"https:\/\/www.teatrulreginamaria.ro\/wp-content\/uploads\/2023\/11\/zeite-de-categoria-B-7-e1743081676630.png","width":1707,"height":740},"datePublished":"2023-11-02T19:00:43+02:00","dateModified":"2025-03-27T15:21:36+02:00","inLanguage":"hu-HU","mainEntityOfPage":{"@id":"https:\/\/www.teatrulreginamaria.ro\/hu\/zeite-de-categoria-b\/#webpage"},"isPartOf":{"@id":"https:\/\/www.teatrulreginamaria.ro\/hu\/zeite-de-categoria-b\/#webpage"},"articleSection":"Spectacole Trupa Iosif Vulcan, Repertoriu 2025, Spectacole 2023-2024"},{"@type":"BreadcrumbList","@id":"https:\/\/www.teatrulreginamaria.ro\/hu\/zeite-de-categoria-b\/#breadcrumblist","itemListElement":[{"@type":"ListItem","@id":"https:\/\/www.teatrulreginamaria.ro\/hu#listItem","position":1,"name":"Home","item":"https:\/\/www.teatrulreginamaria.ro\/hu","nextItem":{"@type":"ListItem","@id":"https:\/\/www.teatrulreginamaria.ro\/hu\/categorie\/trupa-iosif-vulcan\/#listItem","name":"Trupa Iosif Vulcan"}},{"@type":"ListItem","@id":"https:\/\/www.teatrulreginamaria.ro\/hu\/categorie\/trupa-iosif-vulcan\/#listItem","position":2,"name":"Trupa Iosif Vulcan","item":"https:\/\/www.teatrulreginamaria.ro\/hu\/categorie\/trupa-iosif-vulcan\/","nextItem":{"@type":"ListItem","@id":"https:\/\/www.teatrulreginamaria.ro\/hu\/categorie\/trupa-iosif-vulcan\/spectacole-trupa-iosif-vulcan\/#listItem","name":"Spectacole Trupa Iosif Vulcan"},"previousItem":{"@type":"ListItem","@id":"https:\/\/www.teatrulreginamaria.ro\/hu#listItem","name":"Home"}},{"@type":"ListItem","@id":"https:\/\/www.teatrulreginamaria.ro\/hu\/categorie\/trupa-iosif-vulcan\/spectacole-trupa-iosif-vulcan\/#listItem","position":3,"name":"Spectacole Trupa Iosif Vulcan","item":"https:\/\/www.teatrulreginamaria.ro\/hu\/categorie\/trupa-iosif-vulcan\/spectacole-trupa-iosif-vulcan\/","nextItem":{"@type":"ListItem","@id":"https:\/\/www.teatrulreginamaria.ro\/hu\/zeite-de-categoria-b\/#listItem","name":"zei\u021be de categoria B"},"previousItem":{"@type":"ListItem","@id":"https:\/\/www.teatrulreginamaria.ro\/hu\/categorie\/trupa-iosif-vulcan\/#listItem","name":"Trupa Iosif Vulcan"}},{"@type":"ListItem","@id":"https:\/\/www.teatrulreginamaria.ro\/hu\/zeite-de-categoria-b\/#listItem","position":4,"name":"zei\u021be de categoria B","previousItem":{"@type":"ListItem","@id":"https:\/\/www.teatrulreginamaria.ro\/hu\/categorie\/trupa-iosif-vulcan\/spectacole-trupa-iosif-vulcan\/#listItem","name":"Spectacole Trupa Iosif Vulcan"}}]},{"@type":"Organization","@id":"https:\/\/www.teatrulreginamaria.ro\/hu\/#organization","name":"Teatrul Regina Maria Oradea","description":"Trupa Iosif Vulcan \u0219i Trupa Arcadia","url":"https:\/\/www.teatrulreginamaria.ro\/hu\/","email":"marketing@teatrulreginamaria.ro","telephone":"+40359411534","numberOfEmployees":{"@type":"QuantitativeValue","minValue":0,"maxValue":150},"logo":{"@type":"ImageObject","url":"https:\/\/www.teatrulreginamaria.ro\/wp-content\/uploads\/2025\/06\/logo-trm-01-dark.png","@id":"https:\/\/www.teatrulreginamaria.ro\/hu\/zeite-de-categoria-b\/#organizationLogo","width":300,"height":148},"image":{"@id":"https:\/\/www.teatrulreginamaria.ro\/hu\/zeite-de-categoria-b\/#organizationLogo"},"sameAs":["https:\/\/www.facebook.com\/TRMTrupaIosifVulcan\/","https:\/\/x.com\/TRMOradea","https:\/\/www.instagram.com\/teatrul_regina_maria\/","https:\/\/www.youtube.com\/c\/TeatrulReginaMariaOradea","https:\/\/www.linkedin.com\/company\/teatrul-regina-maria"]},{"@type":"Person","@id":"https:\/\/www.teatrulreginamaria.ro\/hu\/author\/w3bmaster\/#author","url":"https:\/\/www.teatrulreginamaria.ro\/hu\/author\/w3bmaster\/","name":"Teatrul Regina Maria","image":{"@type":"ImageObject","@id":"https:\/\/www.teatrulreginamaria.ro\/hu\/zeite-de-categoria-b\/#authorImage","url":"https:\/\/secure.gravatar.com\/avatar\/5884139d508ae3f0bafe45e60563b48a9640146d3b08ccc6278c305ff9329305?s=96&d=mm&r=g","width":96,"height":96,"caption":"Teatrul Regina Maria"}},{"@type":"WebPage","@id":"https:\/\/www.teatrulreginamaria.ro\/hu\/zeite-de-categoria-b\/#webpage","url":"https:\/\/www.teatrulreginamaria.ro\/hu\/zeite-de-categoria-b\/","name":"zei\u021be de categoria B - Teatrul Regina Maria Oradea","description":"\u201ezei\u021be de categoria B\u201d de Alexandra Felseghi, dup\u0103 o idee de \u0219i \u00een regia lui Andrei M\u0103jeri, este un spectacol-eveniment care \u00ee\u0219i propune s\u0103 aduc\u0103 pe aceea\u0219i scen\u0103 actri\u021be din trei ora\u0219e \u0219i trei teatre diferite, aplaudate \u00een spa\u021biile geografice \u00een care joac\u0103, dar mai pu\u021bin cunoscute \u00een afara lor: Elena Ivanca (actri\u021b\u0103 a Teatrului","inLanguage":"hu-HU","isPartOf":{"@id":"https:\/\/www.teatrulreginamaria.ro\/hu\/#website"},"breadcrumb":{"@id":"https:\/\/www.teatrulreginamaria.ro\/hu\/zeite-de-categoria-b\/#breadcrumblist"},"author":{"@id":"https:\/\/www.teatrulreginamaria.ro\/hu\/author\/w3bmaster\/#author"},"creator":{"@id":"https:\/\/www.teatrulreginamaria.ro\/hu\/author\/w3bmaster\/#author"},"image":{"@type":"ImageObject","url":"https:\/\/www.teatrulreginamaria.ro\/wp-content\/uploads\/2023\/11\/zeite-de-categoria-B-7-e1743081676630.png","@id":"https:\/\/www.teatrulreginamaria.ro\/hu\/zeite-de-categoria-b\/#mainImage","width":1707,"height":740},"primaryImageOfPage":{"@id":"https:\/\/www.teatrulreginamaria.ro\/hu\/zeite-de-categoria-b\/#mainImage"},"datePublished":"2023-11-02T19:00:43+02:00","dateModified":"2025-03-27T15:21:36+02:00"},{"@type":"WebSite","@id":"https:\/\/www.teatrulreginamaria.ro\/hu\/#website","url":"https:\/\/www.teatrulreginamaria.ro\/hu\/","name":"Teatrul Regina Maria Oradea","alternateName":"TRM Oradea","description":"Trupa Iosif Vulcan \u0219i Trupa Arcadia","inLanguage":"hu-HU","publisher":{"@id":"https:\/\/www.teatrulreginamaria.ro\/hu\/#organization"}}]},"og:locale":"hu_HU","og:site_name":"Teatrul Regina Maria Oradea - Trupa Iosif Vulcan \u0219i Trupa Arcadia","og:type":"article","og:title":"zei\u021be de categoria B - Teatrul Regina Maria Oradea","og:description":"\u201ezei\u021be de categoria B\u201d de Alexandra Felseghi, dup\u0103 o idee de \u0219i \u00een regia lui Andrei M\u0103jeri, este un spectacol-eveniment care \u00ee\u0219i propune s\u0103 aduc\u0103 pe aceea\u0219i scen\u0103 actri\u021be din trei ora\u0219e \u0219i trei teatre diferite, aplaudate \u00een spa\u021biile geografice \u00een care joac\u0103, dar mai pu\u021bin cunoscute \u00een afara lor: Elena Ivanca (actri\u021b\u0103 a Teatrului","og:url":"https:\/\/www.teatrulreginamaria.ro\/hu\/zeite-de-categoria-b\/","og:image":"https:\/\/www.teatrulreginamaria.ro\/wp-content\/uploads\/2025\/03\/trm-istoric-01.jpg","og:image:secure_url":"https:\/\/www.teatrulreginamaria.ro\/wp-content\/uploads\/2025\/03\/trm-istoric-01.jpg","og:image:width":1200,"og:image:height":800,"article:published_time":"2023-11-02T17:00:43+00:00","article:modified_time":"2025-03-27T13:21:36+00:00","article:publisher":"https:\/\/www.facebook.com\/TRMTrupaIosifVulcan\/","twitter:card":"summary_large_image","twitter:site":"@TRMOradea","twitter:title":"zei\u021be de categoria B - Teatrul Regina Maria Oradea","twitter:description":"\u201ezei\u021be de categoria B\u201d de Alexandra Felseghi, dup\u0103 o idee de \u0219i \u00een regia lui Andrei M\u0103jeri, este un spectacol-eveniment care \u00ee\u0219i propune s\u0103 aduc\u0103 pe aceea\u0219i scen\u0103 actri\u021be din trei ora\u0219e \u0219i trei teatre diferite, aplaudate \u00een spa\u021biile geografice \u00een care joac\u0103, dar mai pu\u021bin cunoscute \u00een afara lor: Elena Ivanca (actri\u021b\u0103 a Teatrului","twitter:creator":"@TRMOradea","twitter:image":"https:\/\/www.teatrulreginamaria.ro\/wp-content\/uploads\/2025\/03\/trm-istoric-01.jpg"},"aioseo_meta_data":{"post_id":"5462","title":null,"description":null,"keywords":null,"keyphrases":null,"primary_term":null,"canonical_url":null,"og_title":null,"og_description":null,"og_object_type":"default","og_image_type":"default","og_image_url":null,"og_image_width":null,"og_image_height":null,"og_image_custom_url":null,"og_image_custom_fields":null,"og_video":null,"og_custom_url":null,"og_article_section":null,"og_article_tags":null,"twitter_use_og":false,"twitter_card":"default","twitter_image_type":"default","twitter_image_url":null,"twitter_image_custom_url":null,"twitter_image_custom_fields":null,"twitter_title":null,"twitter_description":null,"schema":{"blockGraphs":[],"customGraphs":[],"default":{"data":{"Article":[],"Course":[],"Dataset":[],"FAQPage":[],"Movie":[],"Person":[],"Product":[],"ProductReview":[],"Car":[],"Recipe":[],"Service":[],"SoftwareApplication":[],"WebPage":[]},"graphName":"","isEnabled":true},"graphs":[]},"schema_type":"default","schema_type_options":null,"pillar_content":false,"robots_default":true,"robots_noindex":false,"robots_noarchive":false,"robots_nosnippet":false,"robots_nofollow":false,"robots_noimageindex":false,"robots_noodp":false,"robots_notranslate":false,"robots_max_snippet":null,"robots_max_videopreview":null,"robots_max_imagepreview":"large","priority":null,"frequency":null,"local_seo":null,"seo_analyzer_scan_date":"2026-05-13 03:19:12","breadcrumb_settings":null,"limit_modified_date":false,"reviewed_by":null,"open_ai":null,"ai":null,"created":"2025-04-09 17:42:44","updated":"2026-05-13 03:19:12","focus_keyword":null,"additional_keywords":null,"truseo_locale":null},"aioseo_breadcrumb":"<div class=\"aioseo-breadcrumbs\"><span class=\"aioseo-breadcrumb\">\n\t<a href=\"https:\/\/www.teatrulreginamaria.ro\/hu\" title=\"Home\">Home<\/a>\n<\/span><span class=\"aioseo-breadcrumb-separator\">&raquo;<\/span><span class=\"aioseo-breadcrumb\">\n\t<a href=\"https:\/\/www.teatrulreginamaria.ro\/hu\/categorie\/trupa-iosif-vulcan\/\" title=\"Trupa Iosif Vulcan\">Trupa Iosif Vulcan<\/a>\n<\/span><span class=\"aioseo-breadcrumb-separator\">&raquo;<\/span><span class=\"aioseo-breadcrumb\">\n\t<a href=\"https:\/\/www.teatrulreginamaria.ro\/hu\/categorie\/trupa-iosif-vulcan\/spectacole-trupa-iosif-vulcan\/\" title=\"Spectacole Trupa Iosif Vulcan\">Spectacole Trupa Iosif Vulcan<\/a>\n<\/span><span class=\"aioseo-breadcrumb-separator\">&raquo;<\/span><span class=\"aioseo-breadcrumb\">\n\tzei\u021be de categoria B\n<\/span><\/div>","aioseo_breadcrumb_json":[{"label":"Home","link":"https:\/\/www.teatrulreginamaria.ro\/hu"},{"label":"Trupa Iosif Vulcan","link":"https:\/\/www.teatrulreginamaria.ro\/hu\/categorie\/trupa-iosif-vulcan\/"},{"label":"Spectacole Trupa Iosif Vulcan","link":"https:\/\/www.teatrulreginamaria.ro\/hu\/categorie\/trupa-iosif-vulcan\/spectacole-trupa-iosif-vulcan\/"},{"label":"zei\u021be de categoria B","link":"https:\/\/www.teatrulreginamaria.ro\/hu\/zeite-de-categoria-b\/"}],"acf":[],"_links":{"self":[{"href":"https:\/\/www.teatrulreginamaria.ro\/hu\/wp-json\/wp\/v2\/posts\/5462","targetHints":{"allow":["GET"]}}],"collection":[{"href":"https:\/\/www.teatrulreginamaria.ro\/hu\/wp-json\/wp\/v2\/posts"}],"about":[{"href":"https:\/\/www.teatrulreginamaria.ro\/hu\/wp-json\/wp\/v2\/types\/post"}],"author":[{"embeddable":true,"href":"https:\/\/www.teatrulreginamaria.ro\/hu\/wp-json\/wp\/v2\/users\/6"}],"replies":[{"embeddable":true,"href":"https:\/\/www.teatrulreginamaria.ro\/hu\/wp-json\/wp\/v2\/comments?post=5462"}],"version-history":[{"count":3,"href":"https:\/\/www.teatrulreginamaria.ro\/hu\/wp-json\/wp\/v2\/posts\/5462\/revisions"}],"predecessor-version":[{"id":11897,"href":"https:\/\/www.teatrulreginamaria.ro\/hu\/wp-json\/wp\/v2\/posts\/5462\/revisions\/11897"}],"wp:featuredmedia":[{"embeddable":true,"href":"https:\/\/www.teatrulreginamaria.ro\/hu\/wp-json\/wp\/v2\/media\/11890"}],"wp:attachment":[{"href":"https:\/\/www.teatrulreginamaria.ro\/hu\/wp-json\/wp\/v2\/media?parent=5462"}],"wp:term":[{"taxonomy":"category","embeddable":true,"href":"https:\/\/www.teatrulreginamaria.ro\/hu\/wp-json\/wp\/v2\/categories?post=5462"},{"taxonomy":"post_tag","embeddable":true,"href":"https:\/\/www.teatrulreginamaria.ro\/hu\/wp-json\/wp\/v2\/tags?post=5462"}],"curies":[{"name":"munkaf\u00fczet","href":"https:\/\/api.w.org\/{rel}","templated":true}]}}