{"id":5473,"date":"2023-11-26T11:45:42","date_gmt":"2023-11-26T11:45:42","guid":{"rendered":"https:\/\/teatrulreginamaria.ro\/2023\/11\/26\/craciun-in-tinutul-papusilor-editia-a-ii-a-campanii-caritabile\/"},"modified":"2023-11-26T11:45:42","modified_gmt":"2023-11-26T11:45:42","slug":"karacsony-a-babak-foldjen-a-jotekonysagi-kampany-2-kiadasa","status":"publish","type":"post","link":"https:\/\/www.teatrulreginamaria.ro\/hu\/craciun-in-tinutul-papusilor-editia-a-ii-a-campanii-caritabile\/","title":{"rendered":"Kar\u00e1csony a bab\u00e1k f\u00f6ldj\u00e9n 2. kiad\u00e1s \u2013 J\u00f3t\u00e9konys\u00e1gi kamp\u00e1nyok"},"content":{"rendered":"<p>\u201eA \u201dKar\u00e1csony a b\u00e1bok f\u00f6ldj\u00e9n\u201d c\u00edm\u0171 tematikus rendezv\u00e9nyt a Regina Maria Sz\u00ednh\u00e1z Arcadia T\u00e1rsulata szervezi, amely id\u00e9n m\u00e1sodik kiad\u00e1s\u00e1t \u00fcnnepli, \u00e9s 2023. december 12. \u00e9s 18. k\u00f6z\u00f6tt ker\u00fcl megrendez\u00e9sre. Az els\u0151 kiad\u00e1s hagyom\u00e1nyait folytatva a gyerekek \u00e9rt\u00e9kes id\u0151t t\u00f6lthetnek sz\u00fcleikkel, tan\u00e1raikkal, bar\u00e1taikkal, \u00e9lvezhetik a legszebb mesefigur\u00e1kkal val\u00f3 tal\u00e1lkoz\u00e1st, sz\u00f3rakoztat\u00f3 \u00e9s oktat\u00f3 jelleg\u0171 tev\u00e9kenys\u00e9geket, mindezt egy var\u00e1zslatos \u00fcnnepi k\u00f6rnyezetben.<\/p>\n<p><!--more--><\/p>\n<p> A rendezv\u00e9ny m\u00e1sodik kiad\u00e1s\u00e1nak \u00fajdons\u00e1ga a humanit\u00e1rius dimenzi\u00f3, amelyet a DGASPC Bihorral partners\u00e9gben l\u00e9trehozott k\u00e9t j\u00f3t\u00e9konys\u00e1gi kamp\u00e1nyon kereszt\u00fcl val\u00f3s\u00edtunk meg, amelyeken kereszt\u00fcl \u00f6r\u00f6met \u00e9s rem\u00e9nyt szeretn\u00e9nk adni a Bihar megyei elhelyez\u0151k\u00f6zpontokban vagy csal\u00e1di otthonokban \u00e9l\u0151 elhagyott gyermekeknek: \u201eTeljes\u00edtsd a k\u00edv\u00e1ns\u00e1godat\u201d \u00e9s \u201eKar\u00e1csonyi aj\u00e1nd\u00e9k\u201d.<br \/>\u201eAmikor kar\u00e1csonyr\u00f3l besz\u00e9l\u00fcnk, a csal\u00e1dra, a kedvess\u00e9gre, a rem\u00e9nyre gondolunk, de a k\u00edv\u00e1ns\u00e1gok beteljes\u00fcl\u00e9s\u00e9re is. Azok, akik a leger\u0151sebben \u00e9rzik ennek az \u00fcnnepnek a var\u00e1zs\u00e1t, a gyerekek. Id\u00e9n kar\u00e1csonykor arra h\u00edvunk benneteket, hogy legyetek jobbak, \u00e9s adjatok rem\u00e9nyt azoknak a gyerekeknek \u00e9s serd\u00fcl\u0151knek, akikkel az \u00e9let nem volt ilyen nagylelk\u0171.\u201d (Daniel Vulcu, igazgat\u00f3, Teatrul Regina Maria)<\/p>\n<p>A \u201eK\u00edv\u00e1ns\u00e1gteljes\u00edt\u00e9s\u201d kamp\u00e1ny a DGASPC Bihor elhelyez\u00e9si k\u00f6zpontjaiban \u00e9l\u0151 gyermekeknek \u00e9s serd\u00fcl\u0151knek sz\u00f3l. A kamp\u00e1ny c\u00e9lja, hogy lehet\u0151s\u00e9get biztos\u00edtson azoknak a gyermekeknek, akik nem \u00e9lvezik a csal\u00e1d szeretet\u00e9t \u00e9s v\u00e9delm\u00e9t, hogy ak\u00e1r egy pillanatra is \u00e9rezz\u00e9k, hogy k\u00edv\u00e1ns\u00e1gaikat, b\u00e1rmilyenek is legyenek, valaki meghallgatja, \u00e9s hogy nekik is joguk van egy kis k\u00e9nyeztet\u00e9shez:<br \/>\u201eKezdetben \u201eGyermekek a gyermekek\u00e9rt\u201d-nek szerett\u00fck volna elnevezni a kamp\u00e1nyt, mert szerett\u00fck volna felhatalmazni a fiatal n\u00e9z\u0151ket, \u00e9s a j\u00f3t\u00e9konys\u00e1gra nevelni \u0151ket. Azt\u00e1n r\u00e1j\u00f6tt\u00fcnk, hogy az \u00fcnnepek alatt am\u00fagy is eml\u00e9kez\u00fcnk arra, hogy jobbak legy\u00fcnk. Hajland\u00f3bbak vagyunk adom\u00e1nyozni, enni, ruh\u00e1zni, \u00e9s \u00f6sszefogni a h\u00e1tr\u00e1nyos helyzet\u0171 csal\u00e1dok megseg\u00edt\u00e9s\u00e9re ir\u00e1nyul\u00f3 akci\u00f3kban.\u201d. <br \/>\u00cdgy a j\u00f3t\u00e9konys\u00e1gi kamp\u00e1nyt egy\u2026 \u00e9rz\u00e9kenys\u00e9gi kamp\u00e1nyz\u00e1 alak\u00edtottuk. Megeml\u00e9kezt\u00fcnk azokr\u00f3l a gyerekekr\u0151l \u00e9s tin\u00e9dzserekr\u0151l, akiknek \u00e9let\u00fck k\u00fcl\u00f6nb\u00f6z\u0151 k\u00fcl\u00f6nleges pillanataiban k\u00edv\u00e1ns\u00e1gaik vannak. A sz\u00fcl\u0151kr\u0151l, akik \u00e1lmaik beteljes\u00edt\u00e9s\u00e9\u00e9rt k\u00fczdenek. \u00c9s a sz\u00fcl\u0151k n\u00e9lk\u00fcli gyerekekr\u0151l. A DGASPC Bihor int\u00e9zm\u00e9nyben \u00e9l\u0151, eg\u00e9szs\u00e9ges, fiatal gyermekei nevel\u0151sz\u00fcl\u0151k csal\u00e1dj\u00e1ba ker\u00fclnek. Lehet\u0151s\u00e9g\u00fck van arra, hogy \u00e9rezz\u00e9k, hogy tartoznak valahova, ez az ige az ember egyik alapvet\u0151 \u00e9rzelmi sz\u00fcks\u00e9glet\u00e9t hat\u00e1rozza meg. Egy olyan sz\u00fcks\u00e9glet, amely a pszichol\u00f3gusok szerint ugyanolyan fontos, mint az \u00e9lelem vagy a mened\u00e9k ir\u00e1nti ig\u00e9ny. A betegek \u00e9s a 11 \u00e9v felettiek nagykor\u00fav\u00e1 v\u00e1l\u00e1sukig elhelyez\u0151 k\u00f6zpontokban maradnak. R\u00e1juk gondoltunk ebben a kamp\u00e1nyban. Megk\u00e9rdezt\u00fck t\u0151l\u00fck, mit szeretn\u00e9nek kar\u00e1csonyra, \u00e9s \u0151k megengedt\u00e9k maguknak, hogy \u00e1lmodozzanak. Mit lenn\u00e9nk hajland\u00f3ak felaj\u00e1nlani egy olyan gyereknek, akinek m\u00e1r van kab\u00e1tja, egy t\u00e1ny\u00e9r \u00e9tele \u00e9s mened\u00e9ke? De mi a helyzet egy tin\u00e9dzserrel? Seg\u00edthet\u00fcnk neki abban, hogy tartozzon\u2026 ahhoz a nagy gyermekcsal\u00e1dhoz, akiknek a k\u00edv\u00e1ns\u00e1gai val\u00f3ra v\u00e1lnak? Sokan k\u00f6z\u00fcl\u00fck j\u00f3k voltak\u2026 megl\u00e1tj\u00e1k. \u00cdrtak nektek egy levelet\u2026\u201d \u2013 magyar\u00e1zza Andreea Costea, az Arcadia Troupe igazgat\u00f3ja.<\/p>\n<p>A DGASPC Bihor int\u00e9zm\u00e9nyi elhelyez\u00e9si k\u00f6zpontjaiban \u00e9l\u0151 gyermekeket arra k\u00e9rt\u00e9k, hogy \u00edrjanak egy levelet, amelyben le\u00edrj\u00e1k, mit szeretn\u00e9nek kar\u00e1csonyra. A leveleket felt\u00f6ltik a kamp\u00e1ny platformj\u00e1ra. <a href=\"https:\/\/indeplinesteodorinta.ro\/\">https:\/\/indeplinesteodorinta.ro\/<\/a>, ahol elolvashatj\u00e1k \u00e9s kiv\u00e1laszthatj\u00e1k azokat azok, akik teljes\u00edteni szeretn\u00e9k a gyerekek k\u00edv\u00e1ns\u00e1gait. Az aj\u00e1nd\u00e9kokat december 15-ig k\u00f6zpontos\u00edtj\u00e1k a Regina Maria Sz\u00ednh\u00e1zban, \u00e9s a Mikul\u00e1s adja \u00e1t a gyerekeknek, aki megl\u00e1togatja \u0151ket a k\u00f6zpontokban. Szeretn\u00e9nk megk\u00f6sz\u00f6nni a csapatnak ezt. <a href=\"https:\/\/nrgo.ro\/\">NRGO<\/a> a weboldal l\u00e9trehoz\u00e1s\u00e1hoz.<\/p>\n<p>A m\u00e1sodik kamp\u00e1ny, a \u201eKar\u00e1csonyi aj\u00e1nd\u00e9k\u201d a nevel\u0151sz\u00fcl\u0151k gondoz\u00e1s\u00e1ban l\u00e9v\u0151 3 \u00e9s 11 \u00e9v k\u00f6z\u00f6tti gyermekeket c\u00e9lozza meg. A kamp\u00e1ny r\u00e9szek\u00e9nt december 13-\u00e1n, 17:00 \u00f3r\u00e1t\u00f3l az Arcadia Hallban a \u201eH\u00e1rom kismalac\u201d c\u00edm\u0171 el\u0151ad\u00e1st j\u00e1tssz\u00e1k a gyerekek, \u00e9s az Arcadia T\u00e1rsulat \u00e1ltal felaj\u00e1nlott sz\u00ednh\u00e1zi aj\u00e1nd\u00e9k mellett humanit\u00e1rius felh\u00edv\u00e1st int\u00e9zt\u00fcnk a k\u00f6rny\u00e9k t\u00f6bb t\u00e1rsulat\u00e1hoz, hogy k\u00e9sz\u00edthessenek egy kis kar\u00e1csonyi aj\u00e1nd\u00e9kot a gyerekeknek, amelyet az el\u0151ad\u00e1s ut\u00e1n a Mikul\u00e1s ad \u00e1t. <br \/>A \u201eKar\u00e1csony a b\u00e1bok f\u00f6ldj\u00e9n\u201d rendezv\u00e9ny teljes programja megtekinthet\u0151 a Regina Maria Sz\u00ednh\u00e1z \u2013 Arcadia T\u00e1rsulat Facebook oldal\u00e1n \u00e9s a Regina Maria Sz\u00ednh\u00e1z weboldal\u00e1n. <br \/>Teremts\u00fcnk egy\u00fctt egy mes\u00e9s kar\u00e1csonyt!<\/p>","protected":false},"excerpt":{"rendered":"<p>\u201eCr\u0103ciun \u00een \u021ainutul P\u0103pu\u0219ilor\u201d este un eveniment tematic organizat de c\u0103tre Trupa Arcadia a Teatrului Regina Maria, care a ajuns anul acesta la edi\u021bia a II-a \u0219i se va desf\u0103\u0219ura \u00een perioada 12-18 decembrie 2023. Continu\u00e2nd tradi\u021bia primei edi\u021bii, copiii vor putea petrece timp pre\u021bios al\u0103turi de p\u0103rin\u021bi, profesori, prieteni, bucur\u00e2ndu-se de \u00eent\u00e2lnirea cu cele [&hellip;]<\/p>\n","protected":false},"author":6,"featured_media":5472,"comment_status":"open","ping_status":"open","sticky":false,"template":"","format":"standard","meta":{"_acf_changed":false,"footnotes":""},"categories":[37],"tags":[],"class_list":["post-5473","post","type-post","status-publish","format-standard","has-post-thumbnail","hentry","category-noutati-trupa-arcadia"],"aioseo_notices":[],"aioseo_head":"\n\t\t<!-- All in One SEO Pro 5.0.1.1 - aioseo.com -->\n\t<meta name=\"description\" content=\"\u201eCr\u0103ciun \u00een \u021ainutul P\u0103pu\u0219ilor\u201d este un eveniment tematic organizat de c\u0103tre Trupa Arcadia a Teatrului Regina Maria, care a ajuns anul acesta la edi\u021bia a II-a \u0219i se va desf\u0103\u0219ura \u00een perioada 12-18 decembrie 2023. Continu\u00e2nd tradi\u021bia primei edi\u021bii, copiii vor putea petrece timp pre\u021bios al\u0103turi de p\u0103rin\u021bi, profesori, prieteni, bucur\u00e2ndu-se de \u00eent\u00e2lnirea cu cele\" \/>\n\t<meta name=\"robots\" content=\"max-image-preview:large\" \/>\n\t<meta name=\"author\" content=\"Teatrul Regina Maria\"\/>\n\t<link rel=\"canonical\" href=\"https:\/\/www.teatrulreginamaria.ro\/hu\/craciun-in-tinutul-papusilor-editia-a-ii-a-campanii-caritabile\/\" \/>\n\t<meta name=\"generator\" content=\"All in One SEO Pro (AIOSEO) 5.0.1.1\" \/>\n\t\t<meta property=\"og:locale\" content=\"hu_HU\" \/>\n\t\t<meta property=\"og:site_name\" content=\"Teatrul Regina Maria Oradea - Trupa Iosif Vulcan \u0219i Trupa Arcadia\" \/>\n\t\t<meta property=\"og:type\" content=\"article\" \/>\n\t\t<meta property=\"og:title\" content=\"Cr\u0103ciun \u00een \u021ainutul P\u0103pu\u0219ilor Edi\u021bia a II-a \u2013 Campanii caritabile - Teatrul Regina Maria Oradea\" \/>\n\t\t<meta property=\"og:description\" content=\"\u201eCr\u0103ciun \u00een \u021ainutul P\u0103pu\u0219ilor\u201d este un eveniment tematic organizat de c\u0103tre Trupa Arcadia a Teatrului Regina Maria, care a ajuns anul acesta la edi\u021bia a II-a \u0219i se va desf\u0103\u0219ura \u00een perioada 12-18 decembrie 2023. Continu\u00e2nd tradi\u021bia primei edi\u021bii, copiii vor putea petrece timp pre\u021bios al\u0103turi de p\u0103rin\u021bi, profesori, prieteni, bucur\u00e2ndu-se de \u00eent\u00e2lnirea cu cele\" \/>\n\t\t<meta property=\"og:url\" content=\"https:\/\/www.teatrulreginamaria.ro\/hu\/craciun-in-tinutul-papusilor-editia-a-ii-a-campanii-caritabile\/\" \/>\n\t\t<meta property=\"og:image\" content=\"https:\/\/www.teatrulreginamaria.ro\/wp-content\/uploads\/2025\/03\/trm-istoric-01.jpg\" \/>\n\t\t<meta property=\"og:image:secure_url\" content=\"https:\/\/www.teatrulreginamaria.ro\/wp-content\/uploads\/2025\/03\/trm-istoric-01.jpg\" \/>\n\t\t<meta property=\"og:image:width\" content=\"1200\" \/>\n\t\t<meta property=\"og:image:height\" content=\"800\" \/>\n\t\t<meta property=\"article:published_time\" content=\"2023-11-26T11:45:42+00:00\" \/>\n\t\t<meta property=\"article:modified_time\" content=\"2023-11-26T11:45:42+00:00\" \/>\n\t\t<meta property=\"article:publisher\" content=\"https:\/\/www.facebook.com\/TRMTrupaIosifVulcan\/\" \/>\n\t\t<meta name=\"twitter:card\" content=\"summary_large_image\" \/>\n\t\t<meta name=\"twitter:site\" content=\"@TRMOradea\" \/>\n\t\t<meta name=\"twitter:title\" content=\"Cr\u0103ciun \u00een \u021ainutul P\u0103pu\u0219ilor Edi\u021bia a II-a \u2013 Campanii caritabile - Teatrul Regina Maria Oradea\" \/>\n\t\t<meta name=\"twitter:description\" content=\"\u201eCr\u0103ciun \u00een \u021ainutul P\u0103pu\u0219ilor\u201d este un eveniment tematic organizat de c\u0103tre Trupa Arcadia a Teatrului Regina Maria, care a ajuns anul acesta la edi\u021bia a II-a \u0219i se va desf\u0103\u0219ura \u00een perioada 12-18 decembrie 2023. Continu\u00e2nd tradi\u021bia primei edi\u021bii, copiii vor putea petrece timp pre\u021bios al\u0103turi de p\u0103rin\u021bi, profesori, prieteni, bucur\u00e2ndu-se de \u00eent\u00e2lnirea cu cele\" \/>\n\t\t<meta name=\"twitter:creator\" content=\"@TRMOradea\" \/>\n\t\t<meta name=\"twitter:image\" content=\"https:\/\/www.teatrulreginamaria.ro\/wp-content\/uploads\/2025\/03\/trm-istoric-01.jpg\" \/>\n\t\t<script type=\"application\/ld+json\" class=\"aioseo-schema\">\n\t\t\t{\"@context\":\"https:\\\/\\\/schema.org\",\"@graph\":[{\"@type\":\"BlogPosting\",\"@id\":\"https:\\\/\\\/www.teatrulreginamaria.ro\\\/hu\\\/craciun-in-tinutul-papusilor-editia-a-ii-a-campanii-caritabile\\\/#blogposting\",\"name\":\"Cr\\u0103ciun \\u00een \\u021ainutul P\\u0103pu\\u0219ilor Edi\\u021bia a II-a \\u2013 Campanii caritabile - Teatrul Regina Maria Oradea\",\"headline\":\"Cr\\u0103ciun \\u00een \\u021ainutul P\\u0103pu\\u0219ilor Edi\\u021bia a II-a \\u2013 Campanii caritabile\",\"author\":{\"@id\":\"https:\\\/\\\/www.teatrulreginamaria.ro\\\/hu\\\/author\\\/w3bmaster\\\/#author\"},\"publisher\":{\"@id\":\"https:\\\/\\\/www.teatrulreginamaria.ro\\\/hu\\\/#organization\"},\"image\":{\"@type\":\"ImageObject\",\"url\":\"https:\\\/\\\/www.teatrulreginamaria.ro\\\/wp-content\\\/uploads\\\/2023\\\/11\\\/Crciun_n_inutul_ppuilor.jpg\",\"width\":1414,\"height\":2000},\"datePublished\":\"2023-11-26T11:45:42+02:00\",\"dateModified\":\"2023-11-26T11:45:42+02:00\",\"inLanguage\":\"hu-HU\",\"mainEntityOfPage\":{\"@id\":\"https:\\\/\\\/www.teatrulreginamaria.ro\\\/hu\\\/craciun-in-tinutul-papusilor-editia-a-ii-a-campanii-caritabile\\\/#webpage\"},\"isPartOf\":{\"@id\":\"https:\\\/\\\/www.teatrulreginamaria.ro\\\/hu\\\/craciun-in-tinutul-papusilor-editia-a-ii-a-campanii-caritabile\\\/#webpage\"},\"articleSection\":\"Nout\\u0103\\u021bi - Trupa Arcadia\"},{\"@type\":\"BreadcrumbList\",\"@id\":\"https:\\\/\\\/www.teatrulreginamaria.ro\\\/hu\\\/craciun-in-tinutul-papusilor-editia-a-ii-a-campanii-caritabile\\\/#breadcrumblist\",\"itemListElement\":[{\"@type\":\"ListItem\",\"@id\":\"https:\\\/\\\/www.teatrulreginamaria.ro\\\/hu#listItem\",\"position\":1,\"name\":\"Home\",\"item\":\"https:\\\/\\\/www.teatrulreginamaria.ro\\\/hu\",\"nextItem\":{\"@type\":\"ListItem\",\"@id\":\"https:\\\/\\\/www.teatrulreginamaria.ro\\\/hu\\\/categorie\\\/noutati\\\/#listItem\",\"name\":\"Nout\\u0103\\u021bi\"}},{\"@type\":\"ListItem\",\"@id\":\"https:\\\/\\\/www.teatrulreginamaria.ro\\\/hu\\\/categorie\\\/noutati\\\/#listItem\",\"position\":2,\"name\":\"Nout\\u0103\\u021bi\",\"item\":\"https:\\\/\\\/www.teatrulreginamaria.ro\\\/hu\\\/categorie\\\/noutati\\\/\",\"nextItem\":{\"@type\":\"ListItem\",\"@id\":\"https:\\\/\\\/www.teatrulreginamaria.ro\\\/hu\\\/categorie\\\/noutati\\\/noutati-trupa-arcadia\\\/#listItem\",\"name\":\"Nout\\u0103\\u021bi - Trupa Arcadia\"},\"previousItem\":{\"@type\":\"ListItem\",\"@id\":\"https:\\\/\\\/www.teatrulreginamaria.ro\\\/hu#listItem\",\"name\":\"Home\"}},{\"@type\":\"ListItem\",\"@id\":\"https:\\\/\\\/www.teatrulreginamaria.ro\\\/hu\\\/categorie\\\/noutati\\\/noutati-trupa-arcadia\\\/#listItem\",\"position\":3,\"name\":\"Nout\\u0103\\u021bi - Trupa Arcadia\",\"item\":\"https:\\\/\\\/www.teatrulreginamaria.ro\\\/hu\\\/categorie\\\/noutati\\\/noutati-trupa-arcadia\\\/\",\"nextItem\":{\"@type\":\"ListItem\",\"@id\":\"https:\\\/\\\/www.teatrulreginamaria.ro\\\/hu\\\/craciun-in-tinutul-papusilor-editia-a-ii-a-campanii-caritabile\\\/#listItem\",\"name\":\"Cr\\u0103ciun \\u00een \\u021ainutul P\\u0103pu\\u0219ilor Edi\\u021bia a II-a \\u2013 Campanii caritabile\"},\"previousItem\":{\"@type\":\"ListItem\",\"@id\":\"https:\\\/\\\/www.teatrulreginamaria.ro\\\/hu\\\/categorie\\\/noutati\\\/#listItem\",\"name\":\"Nout\\u0103\\u021bi\"}},{\"@type\":\"ListItem\",\"@id\":\"https:\\\/\\\/www.teatrulreginamaria.ro\\\/hu\\\/craciun-in-tinutul-papusilor-editia-a-ii-a-campanii-caritabile\\\/#listItem\",\"position\":4,\"name\":\"Cr\\u0103ciun \\u00een \\u021ainutul P\\u0103pu\\u0219ilor Edi\\u021bia a II-a \\u2013 Campanii caritabile\",\"previousItem\":{\"@type\":\"ListItem\",\"@id\":\"https:\\\/\\\/www.teatrulreginamaria.ro\\\/hu\\\/categorie\\\/noutati\\\/noutati-trupa-arcadia\\\/#listItem\",\"name\":\"Nout\\u0103\\u021bi - Trupa Arcadia\"}}]},{\"@type\":\"Organization\",\"@id\":\"https:\\\/\\\/www.teatrulreginamaria.ro\\\/hu\\\/#organization\",\"name\":\"Teatrul Regina Maria Oradea\",\"description\":\"Trupa Iosif Vulcan \\u0219i Trupa Arcadia\",\"url\":\"https:\\\/\\\/www.teatrulreginamaria.ro\\\/hu\\\/\",\"email\":\"marketing@teatrulreginamaria.ro\",\"telephone\":\"+40359411534\",\"numberOfEmployees\":{\"@type\":\"QuantitativeValue\",\"minValue\":0,\"maxValue\":150},\"logo\":{\"@type\":\"ImageObject\",\"url\":\"https:\\\/\\\/www.teatrulreginamaria.ro\\\/wp-content\\\/uploads\\\/2025\\\/06\\\/logo-trm-01-dark.png\",\"@id\":\"https:\\\/\\\/www.teatrulreginamaria.ro\\\/hu\\\/craciun-in-tinutul-papusilor-editia-a-ii-a-campanii-caritabile\\\/#organizationLogo\",\"width\":300,\"height\":148},\"image\":{\"@id\":\"https:\\\/\\\/www.teatrulreginamaria.ro\\\/hu\\\/craciun-in-tinutul-papusilor-editia-a-ii-a-campanii-caritabile\\\/#organizationLogo\"},\"sameAs\":[\"https:\\\/\\\/www.facebook.com\\\/TRMTrupaIosifVulcan\\\/\",\"https:\\\/\\\/x.com\\\/TRMOradea\",\"https:\\\/\\\/www.instagram.com\\\/teatrul_regina_maria\\\/\",\"https:\\\/\\\/www.youtube.com\\\/c\\\/TeatrulReginaMariaOradea\",\"https:\\\/\\\/www.linkedin.com\\\/company\\\/teatrul-regina-maria\"]},{\"@type\":\"Person\",\"@id\":\"https:\\\/\\\/www.teatrulreginamaria.ro\\\/hu\\\/author\\\/w3bmaster\\\/#author\",\"url\":\"https:\\\/\\\/www.teatrulreginamaria.ro\\\/hu\\\/author\\\/w3bmaster\\\/\",\"name\":\"Teatrul Regina Maria\",\"image\":{\"@type\":\"ImageObject\",\"@id\":\"https:\\\/\\\/www.teatrulreginamaria.ro\\\/hu\\\/craciun-in-tinutul-papusilor-editia-a-ii-a-campanii-caritabile\\\/#authorImage\",\"url\":\"https:\\\/\\\/secure.gravatar.com\\\/avatar\\\/5884139d508ae3f0bafe45e60563b48a9640146d3b08ccc6278c305ff9329305?s=96&d=mm&r=g\",\"width\":96,\"height\":96,\"caption\":\"Teatrul Regina Maria\"}},{\"@type\":\"WebPage\",\"@id\":\"https:\\\/\\\/www.teatrulreginamaria.ro\\\/hu\\\/craciun-in-tinutul-papusilor-editia-a-ii-a-campanii-caritabile\\\/#webpage\",\"url\":\"https:\\\/\\\/www.teatrulreginamaria.ro\\\/hu\\\/craciun-in-tinutul-papusilor-editia-a-ii-a-campanii-caritabile\\\/\",\"name\":\"Cr\\u0103ciun \\u00een \\u021ainutul P\\u0103pu\\u0219ilor Edi\\u021bia a II-a \\u2013 Campanii caritabile - Teatrul Regina Maria Oradea\",\"description\":\"\\u201eCr\\u0103ciun \\u00een \\u021ainutul P\\u0103pu\\u0219ilor\\u201d este un eveniment tematic organizat de c\\u0103tre Trupa Arcadia a Teatrului Regina Maria, care a ajuns anul acesta la edi\\u021bia a II-a \\u0219i se va desf\\u0103\\u0219ura \\u00een perioada 12-18 decembrie 2023. Continu\\u00e2nd tradi\\u021bia primei edi\\u021bii, copiii vor putea petrece timp pre\\u021bios al\\u0103turi de p\\u0103rin\\u021bi, profesori, prieteni, bucur\\u00e2ndu-se de \\u00eent\\u00e2lnirea cu cele\",\"inLanguage\":\"hu-HU\",\"isPartOf\":{\"@id\":\"https:\\\/\\\/www.teatrulreginamaria.ro\\\/hu\\\/#website\"},\"breadcrumb\":{\"@id\":\"https:\\\/\\\/www.teatrulreginamaria.ro\\\/hu\\\/craciun-in-tinutul-papusilor-editia-a-ii-a-campanii-caritabile\\\/#breadcrumblist\"},\"author\":{\"@id\":\"https:\\\/\\\/www.teatrulreginamaria.ro\\\/hu\\\/author\\\/w3bmaster\\\/#author\"},\"creator\":{\"@id\":\"https:\\\/\\\/www.teatrulreginamaria.ro\\\/hu\\\/author\\\/w3bmaster\\\/#author\"},\"image\":{\"@type\":\"ImageObject\",\"url\":\"https:\\\/\\\/www.teatrulreginamaria.ro\\\/wp-content\\\/uploads\\\/2023\\\/11\\\/Crciun_n_inutul_ppuilor.jpg\",\"@id\":\"https:\\\/\\\/www.teatrulreginamaria.ro\\\/hu\\\/craciun-in-tinutul-papusilor-editia-a-ii-a-campanii-caritabile\\\/#mainImage\",\"width\":1414,\"height\":2000},\"primaryImageOfPage\":{\"@id\":\"https:\\\/\\\/www.teatrulreginamaria.ro\\\/hu\\\/craciun-in-tinutul-papusilor-editia-a-ii-a-campanii-caritabile\\\/#mainImage\"},\"datePublished\":\"2023-11-26T11:45:42+02:00\",\"dateModified\":\"2023-11-26T11:45:42+02:00\"},{\"@type\":\"WebSite\",\"@id\":\"https:\\\/\\\/www.teatrulreginamaria.ro\\\/hu\\\/#website\",\"url\":\"https:\\\/\\\/www.teatrulreginamaria.ro\\\/hu\\\/\",\"name\":\"Teatrul Regina Maria Oradea\",\"alternateName\":\"TRM Oradea\",\"description\":\"Trupa Iosif Vulcan \\u0219i Trupa Arcadia\",\"inLanguage\":\"hu-HU\",\"publisher\":{\"@id\":\"https:\\\/\\\/www.teatrulreginamaria.ro\\\/hu\\\/#organization\"}}]}\n\t\t<\/script>\n\t\t<!-- All in One SEO Pro -->\r\n\t\t<title>Cr\u0103ciun \u00een \u021ainutul P\u0103pu\u0219ilor Edi\u021bia a II-a \u2013 Campanii caritabile - Teatrul Regina Maria Oradea<\/title>\n\n","aioseo_head_json":{"title":"Kar\u00e1csony a bab\u00e1k f\u00f6ldj\u00e9n 2. kiad\u00e1s \u2013 J\u00f3t\u00e9konys\u00e1gi akci\u00f3k - Regina Maria Sz\u00ednh\u00e1z, Nagyv\u00e1radi","description":"\u201eA \u201dKar\u00e1csony a b\u00e1bok f\u00f6ldj\u00e9n\u201d c\u00edm\u0171 tematikus rendezv\u00e9nyt a Regina Maria Sz\u00ednh\u00e1z Arcadia T\u00e1rsulata szervezi, amely id\u00e9n m\u00e1sodik kiad\u00e1s\u00e1t \u00e9rte el, \u00e9s 2023. december 12. \u00e9s 18. k\u00f6z\u00f6tt ker\u00fcl megrendez\u00e9sre. Az els\u0151 kiad\u00e1s hagyom\u00e1nyait folytatva a gyerekek \u00e9rt\u00e9kes id\u0151t t\u00f6lthetnek sz\u00fcleikkel, tan\u00e1raikkal, bar\u00e1taikkal, \u00e9lvezve a tal\u00e1lkoz\u00e1st a...","canonical_url":"https:\/\/www.teatrulreginamaria.ro\/hu\/craciun-in-tinutul-papusilor-editia-a-ii-a-campanii-caritabile\/","robots":"max-image-preview:large","keywords":"","webmasterTools":{"miscellaneous":""},"schema":{"@context":"https:\/\/schema.org","@graph":[{"@type":"BlogPosting","@id":"https:\/\/www.teatrulreginamaria.ro\/hu\/craciun-in-tinutul-papusilor-editia-a-ii-a-campanii-caritabile\/#blogposting","name":"Cr\u0103ciun \u00een \u021ainutul P\u0103pu\u0219ilor Edi\u021bia a II-a \u2013 Campanii caritabile - Teatrul Regina Maria Oradea","headline":"Cr\u0103ciun \u00een \u021ainutul P\u0103pu\u0219ilor Edi\u021bia a II-a \u2013 Campanii caritabile","author":{"@id":"https:\/\/www.teatrulreginamaria.ro\/hu\/author\/w3bmaster\/#author"},"publisher":{"@id":"https:\/\/www.teatrulreginamaria.ro\/hu\/#organization"},"image":{"@type":"ImageObject","url":"https:\/\/www.teatrulreginamaria.ro\/wp-content\/uploads\/2023\/11\/Crciun_n_inutul_ppuilor.jpg","width":1414,"height":2000},"datePublished":"2023-11-26T11:45:42+02:00","dateModified":"2023-11-26T11:45:42+02:00","inLanguage":"hu-HU","mainEntityOfPage":{"@id":"https:\/\/www.teatrulreginamaria.ro\/hu\/craciun-in-tinutul-papusilor-editia-a-ii-a-campanii-caritabile\/#webpage"},"isPartOf":{"@id":"https:\/\/www.teatrulreginamaria.ro\/hu\/craciun-in-tinutul-papusilor-editia-a-ii-a-campanii-caritabile\/#webpage"},"articleSection":"Nout\u0103\u021bi - Trupa Arcadia"},{"@type":"BreadcrumbList","@id":"https:\/\/www.teatrulreginamaria.ro\/hu\/craciun-in-tinutul-papusilor-editia-a-ii-a-campanii-caritabile\/#breadcrumblist","itemListElement":[{"@type":"ListItem","@id":"https:\/\/www.teatrulreginamaria.ro\/hu#listItem","position":1,"name":"Home","item":"https:\/\/www.teatrulreginamaria.ro\/hu","nextItem":{"@type":"ListItem","@id":"https:\/\/www.teatrulreginamaria.ro\/hu\/categorie\/noutati\/#listItem","name":"Nout\u0103\u021bi"}},{"@type":"ListItem","@id":"https:\/\/www.teatrulreginamaria.ro\/hu\/categorie\/noutati\/#listItem","position":2,"name":"Nout\u0103\u021bi","item":"https:\/\/www.teatrulreginamaria.ro\/hu\/categorie\/noutati\/","nextItem":{"@type":"ListItem","@id":"https:\/\/www.teatrulreginamaria.ro\/hu\/categorie\/noutati\/noutati-trupa-arcadia\/#listItem","name":"Nout\u0103\u021bi - Trupa Arcadia"},"previousItem":{"@type":"ListItem","@id":"https:\/\/www.teatrulreginamaria.ro\/hu#listItem","name":"Home"}},{"@type":"ListItem","@id":"https:\/\/www.teatrulreginamaria.ro\/hu\/categorie\/noutati\/noutati-trupa-arcadia\/#listItem","position":3,"name":"Nout\u0103\u021bi - Trupa Arcadia","item":"https:\/\/www.teatrulreginamaria.ro\/hu\/categorie\/noutati\/noutati-trupa-arcadia\/","nextItem":{"@type":"ListItem","@id":"https:\/\/www.teatrulreginamaria.ro\/hu\/craciun-in-tinutul-papusilor-editia-a-ii-a-campanii-caritabile\/#listItem","name":"Cr\u0103ciun \u00een \u021ainutul P\u0103pu\u0219ilor Edi\u021bia a II-a \u2013 Campanii caritabile"},"previousItem":{"@type":"ListItem","@id":"https:\/\/www.teatrulreginamaria.ro\/hu\/categorie\/noutati\/#listItem","name":"Nout\u0103\u021bi"}},{"@type":"ListItem","@id":"https:\/\/www.teatrulreginamaria.ro\/hu\/craciun-in-tinutul-papusilor-editia-a-ii-a-campanii-caritabile\/#listItem","position":4,"name":"Cr\u0103ciun \u00een \u021ainutul P\u0103pu\u0219ilor Edi\u021bia a II-a \u2013 Campanii caritabile","previousItem":{"@type":"ListItem","@id":"https:\/\/www.teatrulreginamaria.ro\/hu\/categorie\/noutati\/noutati-trupa-arcadia\/#listItem","name":"Nout\u0103\u021bi - Trupa Arcadia"}}]},{"@type":"Organization","@id":"https:\/\/www.teatrulreginamaria.ro\/hu\/#organization","name":"Teatrul Regina Maria Oradea","description":"Trupa Iosif Vulcan \u0219i Trupa Arcadia","url":"https:\/\/www.teatrulreginamaria.ro\/hu\/","email":"marketing@teatrulreginamaria.ro","telephone":"+40359411534","numberOfEmployees":{"@type":"QuantitativeValue","minValue":0,"maxValue":150},"logo":{"@type":"ImageObject","url":"https:\/\/www.teatrulreginamaria.ro\/wp-content\/uploads\/2025\/06\/logo-trm-01-dark.png","@id":"https:\/\/www.teatrulreginamaria.ro\/hu\/craciun-in-tinutul-papusilor-editia-a-ii-a-campanii-caritabile\/#organizationLogo","width":300,"height":148},"image":{"@id":"https:\/\/www.teatrulreginamaria.ro\/hu\/craciun-in-tinutul-papusilor-editia-a-ii-a-campanii-caritabile\/#organizationLogo"},"sameAs":["https:\/\/www.facebook.com\/TRMTrupaIosifVulcan\/","https:\/\/x.com\/TRMOradea","https:\/\/www.instagram.com\/teatrul_regina_maria\/","https:\/\/www.youtube.com\/c\/TeatrulReginaMariaOradea","https:\/\/www.linkedin.com\/company\/teatrul-regina-maria"]},{"@type":"Person","@id":"https:\/\/www.teatrulreginamaria.ro\/hu\/author\/w3bmaster\/#author","url":"https:\/\/www.teatrulreginamaria.ro\/hu\/author\/w3bmaster\/","name":"Teatrul Regina Maria","image":{"@type":"ImageObject","@id":"https:\/\/www.teatrulreginamaria.ro\/hu\/craciun-in-tinutul-papusilor-editia-a-ii-a-campanii-caritabile\/#authorImage","url":"https:\/\/secure.gravatar.com\/avatar\/5884139d508ae3f0bafe45e60563b48a9640146d3b08ccc6278c305ff9329305?s=96&d=mm&r=g","width":96,"height":96,"caption":"Teatrul Regina Maria"}},{"@type":"WebPage","@id":"https:\/\/www.teatrulreginamaria.ro\/hu\/craciun-in-tinutul-papusilor-editia-a-ii-a-campanii-caritabile\/#webpage","url":"https:\/\/www.teatrulreginamaria.ro\/hu\/craciun-in-tinutul-papusilor-editia-a-ii-a-campanii-caritabile\/","name":"Cr\u0103ciun \u00een \u021ainutul P\u0103pu\u0219ilor Edi\u021bia a II-a \u2013 Campanii caritabile - Teatrul Regina Maria Oradea","description":"\u201eCr\u0103ciun \u00een \u021ainutul P\u0103pu\u0219ilor\u201d este un eveniment tematic organizat de c\u0103tre Trupa Arcadia a Teatrului Regina Maria, care a ajuns anul acesta la edi\u021bia a II-a \u0219i se va desf\u0103\u0219ura \u00een perioada 12-18 decembrie 2023. Continu\u00e2nd tradi\u021bia primei edi\u021bii, copiii vor putea petrece timp pre\u021bios al\u0103turi de p\u0103rin\u021bi, profesori, prieteni, bucur\u00e2ndu-se de \u00eent\u00e2lnirea cu cele","inLanguage":"hu-HU","isPartOf":{"@id":"https:\/\/www.teatrulreginamaria.ro\/hu\/#website"},"breadcrumb":{"@id":"https:\/\/www.teatrulreginamaria.ro\/hu\/craciun-in-tinutul-papusilor-editia-a-ii-a-campanii-caritabile\/#breadcrumblist"},"author":{"@id":"https:\/\/www.teatrulreginamaria.ro\/hu\/author\/w3bmaster\/#author"},"creator":{"@id":"https:\/\/www.teatrulreginamaria.ro\/hu\/author\/w3bmaster\/#author"},"image":{"@type":"ImageObject","url":"https:\/\/www.teatrulreginamaria.ro\/wp-content\/uploads\/2023\/11\/Crciun_n_inutul_ppuilor.jpg","@id":"https:\/\/www.teatrulreginamaria.ro\/hu\/craciun-in-tinutul-papusilor-editia-a-ii-a-campanii-caritabile\/#mainImage","width":1414,"height":2000},"primaryImageOfPage":{"@id":"https:\/\/www.teatrulreginamaria.ro\/hu\/craciun-in-tinutul-papusilor-editia-a-ii-a-campanii-caritabile\/#mainImage"},"datePublished":"2023-11-26T11:45:42+02:00","dateModified":"2023-11-26T11:45:42+02:00"},{"@type":"WebSite","@id":"https:\/\/www.teatrulreginamaria.ro\/hu\/#website","url":"https:\/\/www.teatrulreginamaria.ro\/hu\/","name":"Teatrul Regina Maria Oradea","alternateName":"TRM Oradea","description":"Trupa Iosif Vulcan \u0219i Trupa Arcadia","inLanguage":"hu-HU","publisher":{"@id":"https:\/\/www.teatrulreginamaria.ro\/hu\/#organization"}}]},"og:locale":"hu_HU","og:site_name":"Teatrul Regina Maria Oradea - Trupa Iosif Vulcan \u0219i Trupa Arcadia","og:type":"article","og:title":"Cr\u0103ciun \u00een \u021ainutul P\u0103pu\u0219ilor Edi\u021bia a II-a \u2013 Campanii caritabile - Teatrul Regina Maria Oradea","og:description":"\u201eCr\u0103ciun \u00een \u021ainutul P\u0103pu\u0219ilor\u201d este un eveniment tematic organizat de c\u0103tre Trupa Arcadia a Teatrului Regina Maria, care a ajuns anul acesta la edi\u021bia a II-a \u0219i se va desf\u0103\u0219ura \u00een perioada 12-18 decembrie 2023. Continu\u00e2nd tradi\u021bia primei edi\u021bii, copiii vor putea petrece timp pre\u021bios al\u0103turi de p\u0103rin\u021bi, profesori, prieteni, bucur\u00e2ndu-se de \u00eent\u00e2lnirea cu cele","og:url":"https:\/\/www.teatrulreginamaria.ro\/hu\/craciun-in-tinutul-papusilor-editia-a-ii-a-campanii-caritabile\/","og:image":"https:\/\/www.teatrulreginamaria.ro\/wp-content\/uploads\/2025\/03\/trm-istoric-01.jpg","og:image:secure_url":"https:\/\/www.teatrulreginamaria.ro\/wp-content\/uploads\/2025\/03\/trm-istoric-01.jpg","og:image:width":1200,"og:image:height":800,"article:published_time":"2023-11-26T11:45:42+00:00","article:modified_time":"2023-11-26T11:45:42+00:00","article:publisher":"https:\/\/www.facebook.com\/TRMTrupaIosifVulcan\/","twitter:card":"summary_large_image","twitter:site":"@TRMOradea","twitter:title":"Cr\u0103ciun \u00een \u021ainutul P\u0103pu\u0219ilor Edi\u021bia a II-a \u2013 Campanii caritabile - Teatrul Regina Maria Oradea","twitter:description":"\u201eCr\u0103ciun \u00een \u021ainutul P\u0103pu\u0219ilor\u201d este un eveniment tematic organizat de c\u0103tre Trupa Arcadia a Teatrului Regina Maria, care a ajuns anul acesta la edi\u021bia a II-a \u0219i se va desf\u0103\u0219ura \u00een perioada 12-18 decembrie 2023. Continu\u00e2nd tradi\u021bia primei edi\u021bii, copiii vor putea petrece timp pre\u021bios al\u0103turi de p\u0103rin\u021bi, profesori, prieteni, bucur\u00e2ndu-se de \u00eent\u00e2lnirea cu cele","twitter:creator":"@TRMOradea","twitter:image":"https:\/\/www.teatrulreginamaria.ro\/wp-content\/uploads\/2025\/03\/trm-istoric-01.jpg"},"aioseo_meta_data":{"post_id":"5473","title":null,"description":null,"keywords":null,"keyphrases":null,"primary_term":null,"canonical_url":null,"og_title":null,"og_description":null,"og_object_type":"default","og_image_type":"default","og_image_url":null,"og_image_width":null,"og_image_height":null,"og_image_custom_url":null,"og_image_custom_fields":null,"og_video":null,"og_custom_url":null,"og_article_section":null,"og_article_tags":null,"twitter_use_og":false,"twitter_card":"default","twitter_image_type":"default","twitter_image_url":null,"twitter_image_custom_url":null,"twitter_image_custom_fields":null,"twitter_title":null,"twitter_description":null,"schema":{"blockGraphs":[],"customGraphs":[],"default":{"data":{"Article":[],"Course":[],"Dataset":[],"FAQPage":[],"Movie":[],"Person":[],"Product":[],"ProductReview":[],"Car":[],"Recipe":[],"Service":[],"SoftwareApplication":[],"WebPage":[]},"graphName":"","isEnabled":true},"graphs":[]},"schema_type":"default","schema_type_options":null,"pillar_content":false,"robots_default":true,"robots_noindex":false,"robots_noarchive":false,"robots_nosnippet":false,"robots_nofollow":false,"robots_noimageindex":false,"robots_noodp":false,"robots_notranslate":false,"robots_max_snippet":null,"robots_max_videopreview":null,"robots_max_imagepreview":"large","priority":null,"frequency":null,"local_seo":null,"seo_analyzer_scan_date":"2026-05-13 03:19:15","breadcrumb_settings":null,"limit_modified_date":false,"reviewed_by":null,"open_ai":null,"ai":null,"created":"2025-04-09 17:42:44","updated":"2026-05-13 03:19:15","focus_keyword":null,"additional_keywords":null,"truseo_locale":null},"aioseo_breadcrumb":"<div class=\"aioseo-breadcrumbs\"><span class=\"aioseo-breadcrumb\">\n\t<a href=\"https:\/\/www.teatrulreginamaria.ro\/hu\" title=\"Home\">Home<\/a>\n<\/span><span class=\"aioseo-breadcrumb-separator\">&raquo;<\/span><span class=\"aioseo-breadcrumb\">\n\t<a href=\"https:\/\/www.teatrulreginamaria.ro\/hu\/categorie\/noutati\/\" title=\"Nout\u0103\u021bi\">Nout\u0103\u021bi<\/a>\n<\/span><span class=\"aioseo-breadcrumb-separator\">&raquo;<\/span><span class=\"aioseo-breadcrumb\">\n\t<a href=\"https:\/\/www.teatrulreginamaria.ro\/hu\/categorie\/noutati\/noutati-trupa-arcadia\/\" title=\"Nout\u0103\u021bi - Trupa Arcadia\">Nout\u0103\u021bi - Trupa Arcadia<\/a>\n<\/span><span class=\"aioseo-breadcrumb-separator\">&raquo;<\/span><span class=\"aioseo-breadcrumb\">\n\tCr\u0103ciun \u00een \u021ainutul P\u0103pu\u0219ilor Edi\u021bia a II-a \u2013 Campanii caritabile\n<\/span><\/div>","aioseo_breadcrumb_json":[{"label":"Home","link":"https:\/\/www.teatrulreginamaria.ro\/hu"},{"label":"Nout\u0103\u021bi","link":"https:\/\/www.teatrulreginamaria.ro\/hu\/categorie\/noutati\/"},{"label":"Nout\u0103\u021bi - Trupa Arcadia","link":"https:\/\/www.teatrulreginamaria.ro\/hu\/categorie\/noutati\/noutati-trupa-arcadia\/"},{"label":"Cr\u0103ciun \u00een \u021ainutul P\u0103pu\u0219ilor Edi\u021bia a II-a \u2013 Campanii caritabile","link":"https:\/\/www.teatrulreginamaria.ro\/hu\/craciun-in-tinutul-papusilor-editia-a-ii-a-campanii-caritabile\/"}],"acf":[],"_links":{"self":[{"href":"https:\/\/www.teatrulreginamaria.ro\/hu\/wp-json\/wp\/v2\/posts\/5473","targetHints":{"allow":["GET"]}}],"collection":[{"href":"https:\/\/www.teatrulreginamaria.ro\/hu\/wp-json\/wp\/v2\/posts"}],"about":[{"href":"https:\/\/www.teatrulreginamaria.ro\/hu\/wp-json\/wp\/v2\/types\/post"}],"author":[{"embeddable":true,"href":"https:\/\/www.teatrulreginamaria.ro\/hu\/wp-json\/wp\/v2\/users\/6"}],"replies":[{"embeddable":true,"href":"https:\/\/www.teatrulreginamaria.ro\/hu\/wp-json\/wp\/v2\/comments?post=5473"}],"version-history":[{"count":0,"href":"https:\/\/www.teatrulreginamaria.ro\/hu\/wp-json\/wp\/v2\/posts\/5473\/revisions"}],"wp:featuredmedia":[{"embeddable":true,"href":"https:\/\/www.teatrulreginamaria.ro\/hu\/wp-json\/wp\/v2\/media\/5472"}],"wp:attachment":[{"href":"https:\/\/www.teatrulreginamaria.ro\/hu\/wp-json\/wp\/v2\/media?parent=5473"}],"wp:term":[{"taxonomy":"category","embeddable":true,"href":"https:\/\/www.teatrulreginamaria.ro\/hu\/wp-json\/wp\/v2\/categories?post=5473"},{"taxonomy":"post_tag","embeddable":true,"href":"https:\/\/www.teatrulreginamaria.ro\/hu\/wp-json\/wp\/v2\/tags?post=5473"}],"curies":[{"name":"munkaf\u00fczet","href":"https:\/\/api.w.org\/{rel}","templated":true}]}}