{"id":5514,"date":"2024-03-06T12:38:41","date_gmt":"2024-03-06T12:38:41","guid":{"rendered":"https:\/\/teatrulreginamaria.ro\/2024\/03\/06\/comunicat-de-presa-lansare-de-carte-papusa-eram-eu-omul-de-teatru-maria-mierlut\/"},"modified":"2024-03-06T12:38:41","modified_gmt":"2024-03-06T12:38:41","slug":"sajtokozlemeny-konyvbemutato-a-baba-en-voltam-a-szinhazi-ember-maria-mierlut","status":"publish","type":"post","link":"https:\/\/www.teatrulreginamaria.ro\/hu\/comunicat-de-presa-lansare-de-carte-papusa-eram-eu-omul-de-teatru-maria-mierlut\/","title":{"rendered":"SAJT\u00d3K\u00d6ZLEM\u00c9NY | K\u00f6nyvbemutat\u00f3: &quot;\u00c9n voltam a baba - Sz\u00ednh\u00e1zi ember Maria Mierlu\u021b&quot;\u201e"},"content":{"rendered":"<p>\u00a0<strong>Arcadia Band<\/strong> megtiszteltet\u00e9s sz\u00e1momra, hogy megh\u00edvhatlak <strong>Szombat, m\u00e1rcius 9.<\/strong>, att\u00f3l az id\u0151t\u0151l kezdve <strong>11:30<\/strong>, az Arcadia Hallban, a k\u00f6nyvbemutat\u00f3n <strong>\u201e\u00c9n voltam a b\u00e1b\u201d \u2013 Maria Mierlu\u021b, a sz\u00ednh\u00e1zi ember<\/strong>\u201d&quot;, Toma Hogea al\u00e1\u00edr\u00e1s\u00e1val.<\/p>\n<p><!--more--><\/p>\n<p>A rendezv\u00e9nyen jelen lesz a k\u00f6nyv szerz\u0151je, a tan\u00e1r, a sz\u00edn\u00e9sz \u00e9s a rendez\u0151. <strong>Toma Hogea<\/strong> \u00e9s a filmkutat\u00f3, a b\u00f6lcs\u00e9szettudom\u00e1nyok doktora \u00e9s egyetemi oktat\u00f3 <strong>Violeta Tipa<\/strong>, akik kifejezetten a bemutat\u00f3ra \u00e9rkeztek a Moldovai K\u00f6zt\u00e1rsas\u00e1gb\u00f3l. A tal\u00e1lkoz\u00f3 moder\u00e1tora a TRM m\u0171v\u00e9szeti titk\u00e1ra lesz. <strong>Florina Dometi<\/strong>.<\/p>\n<p>k\u00f6tet <em>A b\u00e1b \u00e9n voltam \u2013 Maria Mierlu\u021b sz\u00ednh\u00e1zi ember<\/em> Toma Hogea sz\u00edn\u00e9sz \u00e9s rendez\u0151 v\u00e9gs\u0151 \u00e9s legf\u0151bb tisztelg\u00e9se a rom\u00e1n anim\u00e1ci\u00f3s sz\u00ednh\u00e1z hatalmas szem\u00e9lyis\u00e9ge \u00e9s bar\u00e1tja el\u0151tt. A gondosan v\u00e1logatott sz\u00f6vegek \u00e9l\u0151 \u00e9s m\u00e9lt\u00f3s\u00e1gteljes tan\u00fas\u00e1gt\u00e9telei annak, hogy milyen volt Maria Mierlu\u021b b\u00e1bm\u0171v\u00e9szk\u00e9nt \u00e9s emberk\u00e9nt egyar\u00e1nt, akit a vil\u00e1g szeretett, akit tisztelt, \u00e9s akinek az \u0171r\u00e9t ma oly neh\u00e9z bet\u00f6lteni. Egyr\u00e9szt a k\u00f6nyv val\u00f3di arch\u00edv dokumentum, amely a bor\u00edt\u00f3i k\u00f6z\u00f6tt Maria Mierlu\u021b k\u00fcl\u00f6nb\u00f6z\u0151 magazinokban megjelent interj\u00fait, az \u00e1ltala rendezett el\u0151ad\u00e1sok sz\u00ednh\u00e1zi kritik\u00e1it, valamint plak\u00e1tokat, m\u0171sorf\u00fczeteket vagy v\u00e1zlatokat gy\u0171jti \u00f6ssze, amelyeket p\u00e1lyafut\u00e1sa sor\u00e1n haszn\u00e1lt. Ez\u00e9rt k\u00f6telez\u0151 olvasm\u00e1ny mindenkinek, akit \u00e9rdekel az anim\u00e1ci\u00f3s sz\u00ednh\u00e1z, f\u00fcggetlen\u00fcl att\u00f3l, hogy amat\u0151r vagy profi. M\u00e1sr\u00e9szt bens\u0151s\u00e9ges vallom\u00e1s arr\u00f3l, hogyan l\u00e1tt\u00e1k \u0151t azok, akikkel egy\u00fctt dolgozott, meghat\u00f3 tisztelg\u00e9s az &quot;Anim\u00e1ci\u00f3s Sz\u00ednh\u00e1z H\u00f6lgye&quot; becen\u00e9vre hallgat\u00f3 el\u0151tt.<\/p>\n<p><strong>Maria Mierlu\u021b <\/strong>Nagyv\u00e1radr\u00f3l sz\u00e1rmaz\u00f3 sz\u00edn\u00e9szn\u0151 \u00e9s anim\u00e1ci\u00f3s sz\u00ednh\u00e1zi rendez\u0151 volt. Filoz\u00f3fi\u00e1t tanult a kolozsv\u00e1ri Babe\u0219-Bolyai Egyetemen, de a sz\u00ednh\u00e1z ir\u00e1nti szeretete arra \u00f6szt\u00f6n\u00f6zte, hogy beiratkozzon a Nagyv\u00e1radi N\u00e9pi Iskola kurzusaira, ahol a nagy rendez\u0151, Radu Penciulescu keze alatt tanult. 1961-ben egy p\u00e1ly\u00e1zat r\u00e9v\u00e9n beker\u00fclt sz\u00fcl\u0151v\u00e1ros\u00e1ban a B\u00e1bsz\u00ednh\u00e1zba, ahol 1965-ig dolgozott. K\u00e9s\u0151bb a marosv\u00e1s\u00e1rhelyi B\u00e1bsz\u00ednh\u00e1zba ker\u00fclt, ahol sz\u00edn\u00e9szn\u0151k\u00e9nt \u00e9s m\u0171v\u00e9szeti vezet\u0151k\u00e9nt is tev\u00e9kenykedett, \u00e9s els\u00f6pr\u0151 sikert aratott. Gondolatai mindig Nagyv\u00e1radon \u00e9s a v\u00e1ros sz\u00ednh\u00e1zaiban \u00e9ltek, bevallva, hogy a sz\u00ednh\u00e1zban a leg&quot;legszabadabb \u00e9s legk\u00fcl\u00f6nlegesebb&quot; id\u0151szakot \u00e9lte \u00e1t, ez\u00e9rt mindig visszat\u00e9rt k\u00fcl\u00f6nb\u00f6z\u0151 projektekre. 2013-ban a &quot;Michaela Tonitza Iordache&quot; d\u00edjat kapta a rom\u00e1n anim\u00e1ci\u00f3ban el\u00e9rt kiv\u00e1l\u00f3s\u00e1g\u00e1\u00e9rt, teljes m\u0171v\u00e9szi p\u00e1lyafut\u00e1s\u00e1\u00e9rt.<\/p>\n<p><strong>Toma Hogea <\/strong>Rom\u00e1n anim\u00e1ci\u00f3s sz\u00ednh\u00e1zi sz\u00edn\u00e9sz \u00e9s rendez\u0151. A j\u00e1szv\u00e1s\u00e1ri &quot;George Enescu&quot; M\u0171v\u00e9szeti Akad\u00e9mi\u00e1n v\u00e9gzett &quot;B\u00e1b- \u00e9s Marionettsz\u00edn\u00e9sz m\u0171v\u00e9szete&quot; szakon. Sz\u00edn\u00e9szk\u00e9nt 1978-ban deb\u00fct\u00e1lt a boto\u0219ani &quot;Mihai Eminescu&quot; Sz\u00ednh\u00e1z sz\u00ednpad\u00e1n, rendez\u0151k\u00e9nt pedig 2000-ben a j\u00e1szv\u00e1s\u00e1ri &quot;Luceaf\u0103rul&quot; Gyermek- \u00e9s Ifj\u00fas\u00e1gi Sz\u00ednh\u00e1zban. 2006-ban el\u0151ad\u00f3m\u0171v\u00e9szeti doktor\u00e1tust szerzett a j\u00e1szv\u00e1s\u00e1ri &quot;George Enescu&quot; M\u0171v\u00e9szeti Egyetemen, k\u00e9s\u0151bb egyetemi el\u0151ad\u00f3 lett az int\u00e9zm\u00e9ny B\u00e1b- \u00e9s Marionettmanipul\u00e1ci\u00f3s Tansz\u00e9k\u00e9n. Munk\u00e1ss\u00e1g\u00e1\u00e9rt sz\u00e1mos d\u00edjat \u00e9s kit\u00fcntet\u00e9st kapott mind orsz\u00e1gosan, mind nemzetk\u00f6zi szinten.<\/p>\n<p>\u00a0A bemutat\u00f3t 10 \u00f3rakor el\u0151zi meg Maria Mierlu\u021b 2014-ben bemutatott \u201ePiroska\u201d c\u00edm\u0171 el\u0151ad\u00e1sa.<\/p>\n<p>\u00a0<\/p>","protected":false},"excerpt":{"rendered":"<p>\u00a0Az Arcadia t\u00e1rsulatnak megtiszteltet\u00e9s, hogy megh\u00edvhatja \u00d6nt m\u00e1rcius 9-\u00e9n, szombaton 11:30-t\u00f3l az Arcadia Csarnokba a Toma Hogea dedik\u00e1lta &quot;A b\u00e1b, aki voltam - A sz\u00ednh\u00e1zi ember, Maria Mierlu\u021b&quot; c\u00edm\u0171 k\u00f6nyv bemutat\u00f3j\u00e1ra.<\/p>","protected":false},"author":6,"featured_media":5511,"comment_status":"open","ping_status":"open","sticky":false,"template":"","format":"standard","meta":{"_acf_changed":false,"footnotes":""},"categories":[41],"tags":[],"class_list":["post-5514","post","type-post","status-publish","format-standard","has-post-thumbnail","hentry","category-noutati"],"aioseo_notices":[],"aioseo_head":"\n\t\t<!-- All in One SEO Pro 5.0.1.1 - aioseo.com -->\n\t<meta name=\"description\" content=\"Trupa Arcadia are onoarea s\u0103 v\u0103 invite s\u00e2mb\u0103t\u0103, 9 martie, de la ora 11:30, la Sala Arcadia, la lansarea c\u0103r\u021bii \u201eP\u0103pu\u0219a eram eu \u2013 Omul de teatru Maria Mierlu\u021b\u201d, semnat\u0103 de Toma Hogea. La eveniment vor fi prezen\u021bi autorul volumului, profesorul, actorul \u0219i regizorul Toma Hogea \u0219i filmologul, doctorul \u00een studiul artelor \u0219i conferen\u0163iarul universitar\" \/>\n\t<meta name=\"robots\" content=\"max-image-preview:large\" \/>\n\t<meta name=\"author\" content=\"Teatrul Regina Maria\"\/>\n\t<link rel=\"canonical\" href=\"https:\/\/www.teatrulreginamaria.ro\/hu\/comunicat-de-presa-lansare-de-carte-papusa-eram-eu-omul-de-teatru-maria-mierlut\/\" \/>\n\t<meta name=\"generator\" content=\"All in One SEO Pro (AIOSEO) 5.0.1.1\" \/>\n\t\t<meta property=\"og:locale\" content=\"hu_HU\" \/>\n\t\t<meta property=\"og:site_name\" content=\"Teatrul Regina Maria Oradea - Trupa Iosif Vulcan \u0219i Trupa Arcadia\" \/>\n\t\t<meta property=\"og:type\" content=\"article\" \/>\n\t\t<meta property=\"og:title\" content=\"COMUNICAT DE PRES\u0102 | Lansare de carte: \u201eP\u0103pu\u0219a eram eu \u2013 Omul de teatru Maria Mierlu\u021b\u201d - Teatrul Regina Maria Oradea\" \/>\n\t\t<meta property=\"og:description\" content=\"Trupa Arcadia are onoarea s\u0103 v\u0103 invite s\u00e2mb\u0103t\u0103, 9 martie, de la ora 11:30, la Sala Arcadia, la lansarea c\u0103r\u021bii \u201eP\u0103pu\u0219a eram eu \u2013 Omul de teatru Maria Mierlu\u021b\u201d, semnat\u0103 de Toma Hogea. La eveniment vor fi prezen\u021bi autorul volumului, profesorul, actorul \u0219i regizorul Toma Hogea \u0219i filmologul, doctorul \u00een studiul artelor \u0219i conferen\u0163iarul universitar\" \/>\n\t\t<meta property=\"og:url\" content=\"https:\/\/www.teatrulreginamaria.ro\/hu\/comunicat-de-presa-lansare-de-carte-papusa-eram-eu-omul-de-teatru-maria-mierlut\/\" \/>\n\t\t<meta property=\"og:image\" content=\"https:\/\/www.teatrulreginamaria.ro\/wp-content\/uploads\/2025\/03\/trm-istoric-01.jpg\" \/>\n\t\t<meta property=\"og:image:secure_url\" content=\"https:\/\/www.teatrulreginamaria.ro\/wp-content\/uploads\/2025\/03\/trm-istoric-01.jpg\" \/>\n\t\t<meta property=\"og:image:width\" content=\"1200\" \/>\n\t\t<meta property=\"og:image:height\" content=\"800\" \/>\n\t\t<meta property=\"article:published_time\" content=\"2024-03-06T12:38:41+00:00\" \/>\n\t\t<meta property=\"article:modified_time\" content=\"2024-03-06T12:38:41+00:00\" \/>\n\t\t<meta property=\"article:publisher\" content=\"https:\/\/www.facebook.com\/TRMTrupaIosifVulcan\/\" \/>\n\t\t<meta name=\"twitter:card\" content=\"summary_large_image\" \/>\n\t\t<meta name=\"twitter:site\" content=\"@TRMOradea\" \/>\n\t\t<meta name=\"twitter:title\" content=\"COMUNICAT DE PRES\u0102 | Lansare de carte: \u201eP\u0103pu\u0219a eram eu \u2013 Omul de teatru Maria Mierlu\u021b\u201d - Teatrul Regina Maria Oradea\" \/>\n\t\t<meta name=\"twitter:description\" content=\"Trupa Arcadia are onoarea s\u0103 v\u0103 invite s\u00e2mb\u0103t\u0103, 9 martie, de la ora 11:30, la Sala Arcadia, la lansarea c\u0103r\u021bii \u201eP\u0103pu\u0219a eram eu \u2013 Omul de teatru Maria Mierlu\u021b\u201d, semnat\u0103 de Toma Hogea. La eveniment vor fi prezen\u021bi autorul volumului, profesorul, actorul \u0219i regizorul Toma Hogea \u0219i filmologul, doctorul \u00een studiul artelor \u0219i conferen\u0163iarul universitar\" \/>\n\t\t<meta name=\"twitter:creator\" content=\"@TRMOradea\" \/>\n\t\t<meta name=\"twitter:image\" content=\"https:\/\/www.teatrulreginamaria.ro\/wp-content\/uploads\/2025\/03\/trm-istoric-01.jpg\" \/>\n\t\t<script type=\"application\/ld+json\" class=\"aioseo-schema\">\n\t\t\t{\"@context\":\"https:\\\/\\\/schema.org\",\"@graph\":[{\"@type\":\"BlogPosting\",\"@id\":\"https:\\\/\\\/www.teatrulreginamaria.ro\\\/hu\\\/comunicat-de-presa-lansare-de-carte-papusa-eram-eu-omul-de-teatru-maria-mierlut\\\/#blogposting\",\"name\":\"COMUNICAT DE PRES\\u0102 | Lansare de carte: \\u201eP\\u0103pu\\u0219a eram eu \\u2013 Omul de teatru Maria Mierlu\\u021b\\u201d - Teatrul Regina Maria Oradea\",\"headline\":\"COMUNICAT DE PRES\\u0102 |  Lansare de carte: \\u201eP\\u0103pu\\u0219a eram eu &#8211; Omul de teatru Maria Mierlu\\u021b\\u201d\",\"author\":{\"@id\":\"https:\\\/\\\/www.teatrulreginamaria.ro\\\/hu\\\/author\\\/w3bmaster\\\/#author\"},\"publisher\":{\"@id\":\"https:\\\/\\\/www.teatrulreginamaria.ro\\\/hu\\\/#organization\"},\"image\":{\"@type\":\"ImageObject\",\"url\":\"https:\\\/\\\/www.teatrulreginamaria.ro\\\/wp-content\\\/uploads\\\/2024\\\/03\\\/Lansare_de_carte_web.png\",\"width\":1414,\"height\":2000},\"datePublished\":\"2024-03-06T12:38:41+02:00\",\"dateModified\":\"2024-03-06T12:38:41+02:00\",\"inLanguage\":\"hu-HU\",\"mainEntityOfPage\":{\"@id\":\"https:\\\/\\\/www.teatrulreginamaria.ro\\\/hu\\\/comunicat-de-presa-lansare-de-carte-papusa-eram-eu-omul-de-teatru-maria-mierlut\\\/#webpage\"},\"isPartOf\":{\"@id\":\"https:\\\/\\\/www.teatrulreginamaria.ro\\\/hu\\\/comunicat-de-presa-lansare-de-carte-papusa-eram-eu-omul-de-teatru-maria-mierlut\\\/#webpage\"},\"articleSection\":\"Nout\\u0103\\u021bi\"},{\"@type\":\"BreadcrumbList\",\"@id\":\"https:\\\/\\\/www.teatrulreginamaria.ro\\\/hu\\\/comunicat-de-presa-lansare-de-carte-papusa-eram-eu-omul-de-teatru-maria-mierlut\\\/#breadcrumblist\",\"itemListElement\":[{\"@type\":\"ListItem\",\"@id\":\"https:\\\/\\\/www.teatrulreginamaria.ro\\\/hu#listItem\",\"position\":1,\"name\":\"Home\",\"item\":\"https:\\\/\\\/www.teatrulreginamaria.ro\\\/hu\",\"nextItem\":{\"@type\":\"ListItem\",\"@id\":\"https:\\\/\\\/www.teatrulreginamaria.ro\\\/hu\\\/categorie\\\/noutati\\\/#listItem\",\"name\":\"Nout\\u0103\\u021bi\"}},{\"@type\":\"ListItem\",\"@id\":\"https:\\\/\\\/www.teatrulreginamaria.ro\\\/hu\\\/categorie\\\/noutati\\\/#listItem\",\"position\":2,\"name\":\"Nout\\u0103\\u021bi\",\"item\":\"https:\\\/\\\/www.teatrulreginamaria.ro\\\/hu\\\/categorie\\\/noutati\\\/\",\"nextItem\":{\"@type\":\"ListItem\",\"@id\":\"https:\\\/\\\/www.teatrulreginamaria.ro\\\/hu\\\/comunicat-de-presa-lansare-de-carte-papusa-eram-eu-omul-de-teatru-maria-mierlut\\\/#listItem\",\"name\":\"COMUNICAT DE PRES\\u0102 |  Lansare de carte: \\u201eP\\u0103pu\\u0219a eram eu &#8211; Omul de teatru Maria Mierlu\\u021b\\u201d\"},\"previousItem\":{\"@type\":\"ListItem\",\"@id\":\"https:\\\/\\\/www.teatrulreginamaria.ro\\\/hu#listItem\",\"name\":\"Home\"}},{\"@type\":\"ListItem\",\"@id\":\"https:\\\/\\\/www.teatrulreginamaria.ro\\\/hu\\\/comunicat-de-presa-lansare-de-carte-papusa-eram-eu-omul-de-teatru-maria-mierlut\\\/#listItem\",\"position\":3,\"name\":\"COMUNICAT DE PRES\\u0102 |  Lansare de carte: \\u201eP\\u0103pu\\u0219a eram eu &#8211; Omul de teatru Maria Mierlu\\u021b\\u201d\",\"previousItem\":{\"@type\":\"ListItem\",\"@id\":\"https:\\\/\\\/www.teatrulreginamaria.ro\\\/hu\\\/categorie\\\/noutati\\\/#listItem\",\"name\":\"Nout\\u0103\\u021bi\"}}]},{\"@type\":\"Organization\",\"@id\":\"https:\\\/\\\/www.teatrulreginamaria.ro\\\/hu\\\/#organization\",\"name\":\"Teatrul Regina Maria Oradea\",\"description\":\"Trupa Iosif Vulcan \\u0219i Trupa Arcadia\",\"url\":\"https:\\\/\\\/www.teatrulreginamaria.ro\\\/hu\\\/\",\"email\":\"marketing@teatrulreginamaria.ro\",\"telephone\":\"+40359411534\",\"numberOfEmployees\":{\"@type\":\"QuantitativeValue\",\"minValue\":0,\"maxValue\":150},\"logo\":{\"@type\":\"ImageObject\",\"url\":\"https:\\\/\\\/www.teatrulreginamaria.ro\\\/wp-content\\\/uploads\\\/2025\\\/06\\\/logo-trm-01-dark.png\",\"@id\":\"https:\\\/\\\/www.teatrulreginamaria.ro\\\/hu\\\/comunicat-de-presa-lansare-de-carte-papusa-eram-eu-omul-de-teatru-maria-mierlut\\\/#organizationLogo\",\"width\":300,\"height\":148},\"image\":{\"@id\":\"https:\\\/\\\/www.teatrulreginamaria.ro\\\/hu\\\/comunicat-de-presa-lansare-de-carte-papusa-eram-eu-omul-de-teatru-maria-mierlut\\\/#organizationLogo\"},\"sameAs\":[\"https:\\\/\\\/www.facebook.com\\\/TRMTrupaIosifVulcan\\\/\",\"https:\\\/\\\/x.com\\\/TRMOradea\",\"https:\\\/\\\/www.instagram.com\\\/teatrul_regina_maria\\\/\",\"https:\\\/\\\/www.youtube.com\\\/c\\\/TeatrulReginaMariaOradea\",\"https:\\\/\\\/www.linkedin.com\\\/company\\\/teatrul-regina-maria\"]},{\"@type\":\"Person\",\"@id\":\"https:\\\/\\\/www.teatrulreginamaria.ro\\\/hu\\\/author\\\/w3bmaster\\\/#author\",\"url\":\"https:\\\/\\\/www.teatrulreginamaria.ro\\\/hu\\\/author\\\/w3bmaster\\\/\",\"name\":\"Teatrul Regina Maria\",\"image\":{\"@type\":\"ImageObject\",\"@id\":\"https:\\\/\\\/www.teatrulreginamaria.ro\\\/hu\\\/comunicat-de-presa-lansare-de-carte-papusa-eram-eu-omul-de-teatru-maria-mierlut\\\/#authorImage\",\"url\":\"https:\\\/\\\/secure.gravatar.com\\\/avatar\\\/5884139d508ae3f0bafe45e60563b48a9640146d3b08ccc6278c305ff9329305?s=96&d=mm&r=g\",\"width\":96,\"height\":96,\"caption\":\"Teatrul Regina Maria\"}},{\"@type\":\"WebPage\",\"@id\":\"https:\\\/\\\/www.teatrulreginamaria.ro\\\/hu\\\/comunicat-de-presa-lansare-de-carte-papusa-eram-eu-omul-de-teatru-maria-mierlut\\\/#webpage\",\"url\":\"https:\\\/\\\/www.teatrulreginamaria.ro\\\/hu\\\/comunicat-de-presa-lansare-de-carte-papusa-eram-eu-omul-de-teatru-maria-mierlut\\\/\",\"name\":\"COMUNICAT DE PRES\\u0102 | Lansare de carte: \\u201eP\\u0103pu\\u0219a eram eu \\u2013 Omul de teatru Maria Mierlu\\u021b\\u201d - Teatrul Regina Maria Oradea\",\"description\":\"Trupa Arcadia are onoarea s\\u0103 v\\u0103 invite s\\u00e2mb\\u0103t\\u0103, 9 martie, de la ora 11:30, la Sala Arcadia, la lansarea c\\u0103r\\u021bii \\u201eP\\u0103pu\\u0219a eram eu \\u2013 Omul de teatru Maria Mierlu\\u021b\\u201d, semnat\\u0103 de Toma Hogea. La eveniment vor fi prezen\\u021bi autorul volumului, profesorul, actorul \\u0219i regizorul Toma Hogea \\u0219i filmologul, doctorul \\u00een studiul artelor \\u0219i conferen\\u0163iarul universitar\",\"inLanguage\":\"hu-HU\",\"isPartOf\":{\"@id\":\"https:\\\/\\\/www.teatrulreginamaria.ro\\\/hu\\\/#website\"},\"breadcrumb\":{\"@id\":\"https:\\\/\\\/www.teatrulreginamaria.ro\\\/hu\\\/comunicat-de-presa-lansare-de-carte-papusa-eram-eu-omul-de-teatru-maria-mierlut\\\/#breadcrumblist\"},\"author\":{\"@id\":\"https:\\\/\\\/www.teatrulreginamaria.ro\\\/hu\\\/author\\\/w3bmaster\\\/#author\"},\"creator\":{\"@id\":\"https:\\\/\\\/www.teatrulreginamaria.ro\\\/hu\\\/author\\\/w3bmaster\\\/#author\"},\"image\":{\"@type\":\"ImageObject\",\"url\":\"https:\\\/\\\/www.teatrulreginamaria.ro\\\/wp-content\\\/uploads\\\/2024\\\/03\\\/Lansare_de_carte_web.png\",\"@id\":\"https:\\\/\\\/www.teatrulreginamaria.ro\\\/hu\\\/comunicat-de-presa-lansare-de-carte-papusa-eram-eu-omul-de-teatru-maria-mierlut\\\/#mainImage\",\"width\":1414,\"height\":2000},\"primaryImageOfPage\":{\"@id\":\"https:\\\/\\\/www.teatrulreginamaria.ro\\\/hu\\\/comunicat-de-presa-lansare-de-carte-papusa-eram-eu-omul-de-teatru-maria-mierlut\\\/#mainImage\"},\"datePublished\":\"2024-03-06T12:38:41+02:00\",\"dateModified\":\"2024-03-06T12:38:41+02:00\"},{\"@type\":\"WebSite\",\"@id\":\"https:\\\/\\\/www.teatrulreginamaria.ro\\\/hu\\\/#website\",\"url\":\"https:\\\/\\\/www.teatrulreginamaria.ro\\\/hu\\\/\",\"name\":\"Teatrul Regina Maria Oradea\",\"alternateName\":\"TRM Oradea\",\"description\":\"Trupa Iosif Vulcan \\u0219i Trupa Arcadia\",\"inLanguage\":\"hu-HU\",\"publisher\":{\"@id\":\"https:\\\/\\\/www.teatrulreginamaria.ro\\\/hu\\\/#organization\"}}]}\n\t\t<\/script>\n\t\t<!-- All in One SEO Pro -->\r\n\t\t<title>COMUNICAT DE PRES\u0102 | Lansare de carte: \u201eP\u0103pu\u0219a eram eu \u2013 Omul de teatru Maria Mierlu\u021b\u201d - Teatrul Regina Maria Oradea<\/title>\n\n","aioseo_head_json":{"title":"SAJT\u00d3K\u00d6ZLEM\u00c9NY | K\u00f6nyvbemutat\u00f3: &quot;\u00c9n voltam a baba - Sz\u00ednh\u00e1zi ember Maria Mierlu\u021b&quot; - Regina Maria Sz\u00ednh\u00e1z, Nagyv\u00e1radi","description":"Az Arcadia t\u00e1rsulat tisztelettel megh\u00edvja \u00d6nt m\u00e1rcius 9-\u00e9n, szombaton 11:30-t\u00f3l az Arcadia Csarnokba a Toma Hogea dedik\u00e1lta &quot;P\u0103pu\u0219a eram eu - Omul de teatru Maria Mierlu\u021b&quot; c\u00edm\u0171 k\u00f6nyv bemutat\u00f3j\u00e1ra. Az esem\u00e9nyen r\u00e9szt vesz a k\u00f6tet szerz\u0151je, Toma Hogea professzor, sz\u00edn\u00e9sz \u00e9s rendez\u0151, valamint a filmkutat\u00f3, a m\u0171v\u00e9szetek doktora \u00e9s egyetemi oktat\u00f3.","canonical_url":"https:\/\/www.teatrulreginamaria.ro\/hu\/comunicat-de-presa-lansare-de-carte-papusa-eram-eu-omul-de-teatru-maria-mierlut\/","robots":"max-image-preview:large","keywords":"","webmasterTools":{"miscellaneous":""},"schema":{"@context":"https:\/\/schema.org","@graph":[{"@type":"BlogPosting","@id":"https:\/\/www.teatrulreginamaria.ro\/hu\/comunicat-de-presa-lansare-de-carte-papusa-eram-eu-omul-de-teatru-maria-mierlut\/#blogposting","name":"COMUNICAT DE PRES\u0102 | Lansare de carte: \u201eP\u0103pu\u0219a eram eu \u2013 Omul de teatru Maria Mierlu\u021b\u201d - Teatrul Regina Maria Oradea","headline":"COMUNICAT DE PRES\u0102 |  Lansare de carte: \u201eP\u0103pu\u0219a eram eu &#8211; Omul de teatru Maria Mierlu\u021b\u201d","author":{"@id":"https:\/\/www.teatrulreginamaria.ro\/hu\/author\/w3bmaster\/#author"},"publisher":{"@id":"https:\/\/www.teatrulreginamaria.ro\/hu\/#organization"},"image":{"@type":"ImageObject","url":"https:\/\/www.teatrulreginamaria.ro\/wp-content\/uploads\/2024\/03\/Lansare_de_carte_web.png","width":1414,"height":2000},"datePublished":"2024-03-06T12:38:41+02:00","dateModified":"2024-03-06T12:38:41+02:00","inLanguage":"hu-HU","mainEntityOfPage":{"@id":"https:\/\/www.teatrulreginamaria.ro\/hu\/comunicat-de-presa-lansare-de-carte-papusa-eram-eu-omul-de-teatru-maria-mierlut\/#webpage"},"isPartOf":{"@id":"https:\/\/www.teatrulreginamaria.ro\/hu\/comunicat-de-presa-lansare-de-carte-papusa-eram-eu-omul-de-teatru-maria-mierlut\/#webpage"},"articleSection":"Nout\u0103\u021bi"},{"@type":"BreadcrumbList","@id":"https:\/\/www.teatrulreginamaria.ro\/hu\/comunicat-de-presa-lansare-de-carte-papusa-eram-eu-omul-de-teatru-maria-mierlut\/#breadcrumblist","itemListElement":[{"@type":"ListItem","@id":"https:\/\/www.teatrulreginamaria.ro\/hu#listItem","position":1,"name":"Home","item":"https:\/\/www.teatrulreginamaria.ro\/hu","nextItem":{"@type":"ListItem","@id":"https:\/\/www.teatrulreginamaria.ro\/hu\/categorie\/noutati\/#listItem","name":"Nout\u0103\u021bi"}},{"@type":"ListItem","@id":"https:\/\/www.teatrulreginamaria.ro\/hu\/categorie\/noutati\/#listItem","position":2,"name":"Nout\u0103\u021bi","item":"https:\/\/www.teatrulreginamaria.ro\/hu\/categorie\/noutati\/","nextItem":{"@type":"ListItem","@id":"https:\/\/www.teatrulreginamaria.ro\/hu\/comunicat-de-presa-lansare-de-carte-papusa-eram-eu-omul-de-teatru-maria-mierlut\/#listItem","name":"COMUNICAT DE PRES\u0102 |  Lansare de carte: \u201eP\u0103pu\u0219a eram eu &#8211; Omul de teatru Maria Mierlu\u021b\u201d"},"previousItem":{"@type":"ListItem","@id":"https:\/\/www.teatrulreginamaria.ro\/hu#listItem","name":"Home"}},{"@type":"ListItem","@id":"https:\/\/www.teatrulreginamaria.ro\/hu\/comunicat-de-presa-lansare-de-carte-papusa-eram-eu-omul-de-teatru-maria-mierlut\/#listItem","position":3,"name":"COMUNICAT DE PRES\u0102 |  Lansare de carte: \u201eP\u0103pu\u0219a eram eu &#8211; Omul de teatru Maria Mierlu\u021b\u201d","previousItem":{"@type":"ListItem","@id":"https:\/\/www.teatrulreginamaria.ro\/hu\/categorie\/noutati\/#listItem","name":"Nout\u0103\u021bi"}}]},{"@type":"Organization","@id":"https:\/\/www.teatrulreginamaria.ro\/hu\/#organization","name":"Teatrul Regina Maria Oradea","description":"Trupa Iosif Vulcan \u0219i Trupa Arcadia","url":"https:\/\/www.teatrulreginamaria.ro\/hu\/","email":"marketing@teatrulreginamaria.ro","telephone":"+40359411534","numberOfEmployees":{"@type":"QuantitativeValue","minValue":0,"maxValue":150},"logo":{"@type":"ImageObject","url":"https:\/\/www.teatrulreginamaria.ro\/wp-content\/uploads\/2025\/06\/logo-trm-01-dark.png","@id":"https:\/\/www.teatrulreginamaria.ro\/hu\/comunicat-de-presa-lansare-de-carte-papusa-eram-eu-omul-de-teatru-maria-mierlut\/#organizationLogo","width":300,"height":148},"image":{"@id":"https:\/\/www.teatrulreginamaria.ro\/hu\/comunicat-de-presa-lansare-de-carte-papusa-eram-eu-omul-de-teatru-maria-mierlut\/#organizationLogo"},"sameAs":["https:\/\/www.facebook.com\/TRMTrupaIosifVulcan\/","https:\/\/x.com\/TRMOradea","https:\/\/www.instagram.com\/teatrul_regina_maria\/","https:\/\/www.youtube.com\/c\/TeatrulReginaMariaOradea","https:\/\/www.linkedin.com\/company\/teatrul-regina-maria"]},{"@type":"Person","@id":"https:\/\/www.teatrulreginamaria.ro\/hu\/author\/w3bmaster\/#author","url":"https:\/\/www.teatrulreginamaria.ro\/hu\/author\/w3bmaster\/","name":"Teatrul Regina Maria","image":{"@type":"ImageObject","@id":"https:\/\/www.teatrulreginamaria.ro\/hu\/comunicat-de-presa-lansare-de-carte-papusa-eram-eu-omul-de-teatru-maria-mierlut\/#authorImage","url":"https:\/\/secure.gravatar.com\/avatar\/5884139d508ae3f0bafe45e60563b48a9640146d3b08ccc6278c305ff9329305?s=96&d=mm&r=g","width":96,"height":96,"caption":"Teatrul Regina Maria"}},{"@type":"WebPage","@id":"https:\/\/www.teatrulreginamaria.ro\/hu\/comunicat-de-presa-lansare-de-carte-papusa-eram-eu-omul-de-teatru-maria-mierlut\/#webpage","url":"https:\/\/www.teatrulreginamaria.ro\/hu\/comunicat-de-presa-lansare-de-carte-papusa-eram-eu-omul-de-teatru-maria-mierlut\/","name":"COMUNICAT DE PRES\u0102 | Lansare de carte: \u201eP\u0103pu\u0219a eram eu \u2013 Omul de teatru Maria Mierlu\u021b\u201d - Teatrul Regina Maria Oradea","description":"Trupa Arcadia are onoarea s\u0103 v\u0103 invite s\u00e2mb\u0103t\u0103, 9 martie, de la ora 11:30, la Sala Arcadia, la lansarea c\u0103r\u021bii \u201eP\u0103pu\u0219a eram eu \u2013 Omul de teatru Maria Mierlu\u021b\u201d, semnat\u0103 de Toma Hogea. La eveniment vor fi prezen\u021bi autorul volumului, profesorul, actorul \u0219i regizorul Toma Hogea \u0219i filmologul, doctorul \u00een studiul artelor \u0219i conferen\u0163iarul universitar","inLanguage":"hu-HU","isPartOf":{"@id":"https:\/\/www.teatrulreginamaria.ro\/hu\/#website"},"breadcrumb":{"@id":"https:\/\/www.teatrulreginamaria.ro\/hu\/comunicat-de-presa-lansare-de-carte-papusa-eram-eu-omul-de-teatru-maria-mierlut\/#breadcrumblist"},"author":{"@id":"https:\/\/www.teatrulreginamaria.ro\/hu\/author\/w3bmaster\/#author"},"creator":{"@id":"https:\/\/www.teatrulreginamaria.ro\/hu\/author\/w3bmaster\/#author"},"image":{"@type":"ImageObject","url":"https:\/\/www.teatrulreginamaria.ro\/wp-content\/uploads\/2024\/03\/Lansare_de_carte_web.png","@id":"https:\/\/www.teatrulreginamaria.ro\/hu\/comunicat-de-presa-lansare-de-carte-papusa-eram-eu-omul-de-teatru-maria-mierlut\/#mainImage","width":1414,"height":2000},"primaryImageOfPage":{"@id":"https:\/\/www.teatrulreginamaria.ro\/hu\/comunicat-de-presa-lansare-de-carte-papusa-eram-eu-omul-de-teatru-maria-mierlut\/#mainImage"},"datePublished":"2024-03-06T12:38:41+02:00","dateModified":"2024-03-06T12:38:41+02:00"},{"@type":"WebSite","@id":"https:\/\/www.teatrulreginamaria.ro\/hu\/#website","url":"https:\/\/www.teatrulreginamaria.ro\/hu\/","name":"Teatrul Regina Maria Oradea","alternateName":"TRM Oradea","description":"Trupa Iosif Vulcan \u0219i Trupa Arcadia","inLanguage":"hu-HU","publisher":{"@id":"https:\/\/www.teatrulreginamaria.ro\/hu\/#organization"}}]},"og:locale":"hu_HU","og:site_name":"Teatrul Regina Maria Oradea - Trupa Iosif Vulcan \u0219i Trupa Arcadia","og:type":"article","og:title":"COMUNICAT DE PRES\u0102 | Lansare de carte: \u201eP\u0103pu\u0219a eram eu \u2013 Omul de teatru Maria Mierlu\u021b\u201d - Teatrul Regina Maria Oradea","og:description":"Trupa Arcadia are onoarea s\u0103 v\u0103 invite s\u00e2mb\u0103t\u0103, 9 martie, de la ora 11:30, la Sala Arcadia, la lansarea c\u0103r\u021bii \u201eP\u0103pu\u0219a eram eu \u2013 Omul de teatru Maria Mierlu\u021b\u201d, semnat\u0103 de Toma Hogea. La eveniment vor fi prezen\u021bi autorul volumului, profesorul, actorul \u0219i regizorul Toma Hogea \u0219i filmologul, doctorul \u00een studiul artelor \u0219i conferen\u0163iarul universitar","og:url":"https:\/\/www.teatrulreginamaria.ro\/hu\/comunicat-de-presa-lansare-de-carte-papusa-eram-eu-omul-de-teatru-maria-mierlut\/","og:image":"https:\/\/www.teatrulreginamaria.ro\/wp-content\/uploads\/2025\/03\/trm-istoric-01.jpg","og:image:secure_url":"https:\/\/www.teatrulreginamaria.ro\/wp-content\/uploads\/2025\/03\/trm-istoric-01.jpg","og:image:width":1200,"og:image:height":800,"article:published_time":"2024-03-06T12:38:41+00:00","article:modified_time":"2024-03-06T12:38:41+00:00","article:publisher":"https:\/\/www.facebook.com\/TRMTrupaIosifVulcan\/","twitter:card":"summary_large_image","twitter:site":"@TRMOradea","twitter:title":"COMUNICAT DE PRES\u0102 | Lansare de carte: \u201eP\u0103pu\u0219a eram eu \u2013 Omul de teatru Maria Mierlu\u021b\u201d - Teatrul Regina Maria Oradea","twitter:description":"Trupa Arcadia are onoarea s\u0103 v\u0103 invite s\u00e2mb\u0103t\u0103, 9 martie, de la ora 11:30, la Sala Arcadia, la lansarea c\u0103r\u021bii \u201eP\u0103pu\u0219a eram eu \u2013 Omul de teatru Maria Mierlu\u021b\u201d, semnat\u0103 de Toma Hogea. La eveniment vor fi prezen\u021bi autorul volumului, profesorul, actorul \u0219i regizorul Toma Hogea \u0219i filmologul, doctorul \u00een studiul artelor \u0219i conferen\u0163iarul universitar","twitter:creator":"@TRMOradea","twitter:image":"https:\/\/www.teatrulreginamaria.ro\/wp-content\/uploads\/2025\/03\/trm-istoric-01.jpg"},"aioseo_meta_data":{"post_id":"5514","title":null,"description":null,"keywords":null,"keyphrases":null,"primary_term":null,"canonical_url":null,"og_title":null,"og_description":null,"og_object_type":"default","og_image_type":"default","og_image_url":null,"og_image_width":null,"og_image_height":null,"og_image_custom_url":null,"og_image_custom_fields":null,"og_video":null,"og_custom_url":null,"og_article_section":null,"og_article_tags":null,"twitter_use_og":false,"twitter_card":"default","twitter_image_type":"default","twitter_image_url":null,"twitter_image_custom_url":null,"twitter_image_custom_fields":null,"twitter_title":null,"twitter_description":null,"schema":{"blockGraphs":[],"customGraphs":[],"default":{"data":{"Article":[],"Course":[],"Dataset":[],"FAQPage":[],"Movie":[],"Person":[],"Product":[],"ProductReview":[],"Car":[],"Recipe":[],"Service":[],"SoftwareApplication":[],"WebPage":[]},"graphName":"","isEnabled":true},"graphs":[]},"schema_type":"default","schema_type_options":null,"pillar_content":false,"robots_default":true,"robots_noindex":false,"robots_noarchive":false,"robots_nosnippet":false,"robots_nofollow":false,"robots_noimageindex":false,"robots_noodp":false,"robots_notranslate":false,"robots_max_snippet":null,"robots_max_videopreview":null,"robots_max_imagepreview":"large","priority":null,"frequency":null,"local_seo":null,"seo_analyzer_scan_date":"2026-05-13 03:22:37","breadcrumb_settings":null,"limit_modified_date":false,"reviewed_by":null,"open_ai":null,"ai":null,"created":"2025-04-09 17:42:45","updated":"2026-05-13 03:22:37","focus_keyword":null,"additional_keywords":null,"truseo_locale":null},"aioseo_breadcrumb":"<div class=\"aioseo-breadcrumbs\"><span class=\"aioseo-breadcrumb\">\n\t<a href=\"https:\/\/www.teatrulreginamaria.ro\/hu\" title=\"Home\">Home<\/a>\n<\/span><span class=\"aioseo-breadcrumb-separator\">&raquo;<\/span><span class=\"aioseo-breadcrumb\">\n\t<a href=\"https:\/\/www.teatrulreginamaria.ro\/hu\/categorie\/noutati\/\" title=\"Nout\u0103\u021bi\">Nout\u0103\u021bi<\/a>\n<\/span><span class=\"aioseo-breadcrumb-separator\">&raquo;<\/span><span class=\"aioseo-breadcrumb\">\n\tCOMUNICAT DE PRES\u0102 |  Lansare de carte: \u201eP\u0103pu\u0219a eram eu \u2013 Omul de teatru Maria Mierlu\u021b\u201d\n<\/span><\/div>","aioseo_breadcrumb_json":[{"label":"Home","link":"https:\/\/www.teatrulreginamaria.ro\/hu"},{"label":"Nout\u0103\u021bi","link":"https:\/\/www.teatrulreginamaria.ro\/hu\/categorie\/noutati\/"},{"label":"COMUNICAT DE PRES\u0102 |  Lansare de carte: \u201eP\u0103pu\u0219a eram eu &#8211; Omul de teatru Maria Mierlu\u021b\u201d","link":"https:\/\/www.teatrulreginamaria.ro\/hu\/comunicat-de-presa-lansare-de-carte-papusa-eram-eu-omul-de-teatru-maria-mierlut\/"}],"acf":[],"_links":{"self":[{"href":"https:\/\/www.teatrulreginamaria.ro\/hu\/wp-json\/wp\/v2\/posts\/5514","targetHints":{"allow":["GET"]}}],"collection":[{"href":"https:\/\/www.teatrulreginamaria.ro\/hu\/wp-json\/wp\/v2\/posts"}],"about":[{"href":"https:\/\/www.teatrulreginamaria.ro\/hu\/wp-json\/wp\/v2\/types\/post"}],"author":[{"embeddable":true,"href":"https:\/\/www.teatrulreginamaria.ro\/hu\/wp-json\/wp\/v2\/users\/6"}],"replies":[{"embeddable":true,"href":"https:\/\/www.teatrulreginamaria.ro\/hu\/wp-json\/wp\/v2\/comments?post=5514"}],"version-history":[{"count":0,"href":"https:\/\/www.teatrulreginamaria.ro\/hu\/wp-json\/wp\/v2\/posts\/5514\/revisions"}],"wp:featuredmedia":[{"embeddable":true,"href":"https:\/\/www.teatrulreginamaria.ro\/hu\/wp-json\/wp\/v2\/media\/5511"}],"wp:attachment":[{"href":"https:\/\/www.teatrulreginamaria.ro\/hu\/wp-json\/wp\/v2\/media?parent=5514"}],"wp:term":[{"taxonomy":"category","embeddable":true,"href":"https:\/\/www.teatrulreginamaria.ro\/hu\/wp-json\/wp\/v2\/categories?post=5514"},{"taxonomy":"post_tag","embeddable":true,"href":"https:\/\/www.teatrulreginamaria.ro\/hu\/wp-json\/wp\/v2\/tags?post=5514"}],"curies":[{"name":"munkaf\u00fczet","href":"https:\/\/api.w.org\/{rel}","templated":true}]}}