{"id":5536,"date":"2024-04-19T08:42:35","date_gmt":"2024-04-19T08:42:35","guid":{"rendered":"https:\/\/teatrulreginamaria.ro\/2024\/04\/19\/comunicat-de-presa-incepe-saptamana-povesti-din-arcadia\/"},"modified":"2024-04-19T08:42:35","modified_gmt":"2024-04-19T08:42:35","slug":"sajtokozlemeny-inditja-az-arcadia-torteneteinek-hetet","status":"publish","type":"post","link":"https:\/\/www.teatrulreginamaria.ro\/hu\/comunicat-de-presa-incepe-saptamana-povesti-din-arcadia\/","title":{"rendered":"SAJT\u00d3K\u00d6ZLEM\u00c9NY | Elkezd\u0151d\u00f6tt az \u201eArcadia T\u00f6rt\u00e9netek Hete\u201d"},"content":{"rendered":"<p><strong>A Regina Maria Sz\u00ednh\u00e1z Arcadia t\u00e1rsulata k\u00e9sz\u00fcl az \u201e\u00c1rk\u00e1diai mes\u00e9k\u201d h\u00e9t 3. kiad\u00e1s\u00e1ra, amely 2024. \u00e1prilis 20. \u00e9s 27. k\u00f6z\u00f6tt ker\u00fcl megrendez\u00e9sre. A program, mint minden \u00e9vben, a t\u00e1rsulat reperto\u00e1rj\u00e1b\u00f3l sz\u00e1rmaz\u00f3 sz\u00f3rakoztat\u00f3 sz\u00ednh\u00e1zi el\u0151ad\u00e1sok maratonj\u00e1t, a h\u00edres pizsamames\u00e9s est\u00e9ket, egy term\u00e9szet t\u00e9m\u00e1j\u00fa festm\u00e9nyki\u00e1ll\u00edt\u00e1st \u00e9s m\u0171v\u00e9szetter\u00e1pi\u00e1s workshopokat k\u00edn\u00e1l.<\/strong><\/p>\n<p><!--more--><\/p>\n<p>Az Arcadia T\u00e1rsulat sz\u00edn\u00e9szei h\u00e9t napon \u00e1t a t\u00e1rsulat reperto\u00e1rj\u00e1nak legh\u00edresebb darabjait adj\u00e1k el\u0151, mint p\u00e9ld\u00e1ul: \u201eA bremeni zen\u00e9szek\u201d, \u201eDoktor Aum\u0103doare\u201d, \u201eA k\u00edv\u00e1ncsi elef\u00e1nt\u201d, \u201eApolodor, az utaz\u00f3 pingvin\u201d, \u201eVasilache \u00e9s M\u0103rioara\u201d, a legfiatalabb n\u00e9z\u0151knek pedig: \u201eNorr a sz\u00ednek vil\u00e1g\u00e1ban\u201d.<\/p>\n<p>M\u00edg az \u00e1prilis 20-i \u201eA bremeni zen\u00e9szek\u201d, az \u00e1prilis 21-i \u201eNorr a sz\u00ednek vil\u00e1g\u00e1ban\u201d, az \u00e1prilis 22-i \u201eVasilache \u00e9s M\u0103rioara\u201d, valamint az \u00e1prilis 27-i \u201eA k\u00edv\u00e1ncsi elef\u00e1nt\u201d c\u00edm\u0171 el\u0151ad\u00e1sok, illetve a Pizsamames\u00e9k Est\u00e9k a nagyk\u00f6z\u00f6ns\u00e9gnek sz\u00f3lnak, hogy az \u00e1rk\u00e1diai t\u00f6rt\u00e9neteket kedvel\u0151 fiatal n\u00e9z\u0151k sz\u00fcleiket, nagysz\u00fcleiket \u00e9s bar\u00e1taikat is elhozhass\u00e1k a sz\u00ednh\u00e1zba, addig a fesztiv\u00e1l egyes esem\u00e9nyeit kifejezetten \u00f3vod\u00e1k \u00e9s iskol\u00e1k sz\u00e1m\u00e1ra szervezik, kieg\u00e9sz\u00edtve a \u201eZ\u00f6ld H\u00e9t\u201d program keret\u00e9ben megval\u00f3sul\u00f3 tev\u00e9kenys\u00e9geket.<\/p>\n<p>A kis n\u00e9z\u0151ket arra biztatjuk, hogy hozz\u00e1k magukkal pizsam\u00e1jukat, takar\u00f3jukat \u00e9s kedvenc pl\u00fcssj\u00e1t\u00e9kukat, \u00edgy ebben a kiad\u00e1sban var\u00e1zslatos est\u00e9ket t\u00f6lthetnek... mes\u00e9kkel teli pizsam\u00e1ban. Az els\u0151 mesemond\u00f3 este \u00e1prilis 20-\u00e1n, szombaton 18:00 \u00f3r\u00e1t\u00f3l lesz a Studio Arcadia term\u00e9ben, ahol Armanca Serac \u00e9s Alexandru Pop sz\u00edn\u00e9szek k\u00fcl\u00f6nf\u00e9le meglepet\u00e9sekkel \u00e9s leny\u0171g\u00f6z\u0151 t\u00f6rt\u00e9netekkel k\u00e9sz\u00fcltek a gyerekeknek. \u00c1prilis 21-\u00e9n, 18:00 \u00f3r\u00e1t\u00f3l j\u00e1t\u00e9kos \u00e9s \u00e9lettel teli m\u0171sorban Adela Laz\u0103r \u00e9s Florian Silaghi sz\u00edn\u00e9szek interakt\u00edv \u00e9s sz\u00f3rakoztat\u00f3 m\u00f3don olvass\u00e1k fel a vil\u00e1g legszebb t\u00f6rt\u00e9neteit. Minden est\u00e9nek meglesz a maga var\u00e1zsa \u00e9s jellegzetes hangulata.<\/p>\n<p>Emellett \u00faj ki\u00e1ll\u00edt\u00e1s ny\u00edlik az Arcadia Sz\u00ednh\u00e1z el\u0151csarnok\u00e1ban: \u201eTerm\u00e9szet \u2013 \u00c9l\u0151hely\u201d, amely M\u0103d\u0103lina Baciu m\u0171v\u00e9sz kilenc m\u0171v\u00e9b\u0151l \u00e1ll\u00f3 sorozat\u00e1t mutatja be. A ki\u00e1ll\u00edt\u00e1s a \u201eZ\u00f6ld H\u00e9t\u201d program t\u00e9m\u00e1j\u00e1ba illeszkedik, \u00e9s arra \u00f6szt\u00f6nzi a n\u00e9z\u0151ket, hogy gondolkodjanak el a term\u00e9szetr\u0151l, a biot\u00f3pr\u00f3l \u00e9s az \u00e9l\u0151 k\u00f6rnyezet egyens\u00faly\u00e1nak meg\u0151rz\u00e9s\u00e9nek fontoss\u00e1g\u00e1r\u00f3l.<\/p>\n<p>\u201eA ki\u00e1ll\u00edt\u00e1s soksz\u00edn\u0171s\u00e9ge egyszerre tematikus \u00e9s kromatikus. Figur\u00e1lis alkot\u00e1sokat \u00e1ll\u00edtottunk ki, mint p\u00e9ld\u00e1ul <em>K\u00f6ly\u00f6kkutya dinamika<\/em>, amelynek f\u0151 eleme Giacomo Balla m\u0171v\u00e9sz j\u00f3l ismert futurista munk\u00e1ss\u00e1g\u00e1nak r\u00e9szlete, vagy a \u201eTango\u201d c\u00edm\u0171 alkot\u00e1s, mindkett\u0151 di\u00e1k\u00e9veiben k\u00e9sz\u00fclt; H\u00e1rom sz\u00e1momra kedves, vir\u00e1gos t\u00e9m\u00e1j\u00fa m\u0171vet is v\u00e1lasztottam, amelyeken kereszt\u00fcl megpr\u00f3b\u00e1ltam m\u00e1s perspekt\u00edv\u00e1b\u00f3l bemutatni a n\u00f6v\u00e9nyeket, felhaszn\u00e1lva sz\u00ednbelis\u00e9g\u00fcket \u00e9s plaszticit\u00e1sukat. \u201eM\u0171veim arra \u00f6szt\u00f6nzik a n\u00e9z\u0151t, hogy alkosson egy t\u00f6rt\u00e9netet, egy j\u00e1t\u00e9kot, amelyben a k\u00e9pzelet visszat\u00e9r a gyermekkorba\u201d \u2013 teszi hozz\u00e1 M\u0103d\u0103lina Baciu.<\/p>\n<p>Ugyanekkor, szint\u00e9n az Arcadia Sz\u00ednh\u00e1z el\u0151csarnok\u00e1ban megcsod\u00e1lhat\u00f3 a &quot;RecyclArt - a szem\u00e9tt\u0151l a m\u0171v\u00e9szetig&quot; c\u00edm\u0171 ki\u00e1ll\u00edt\u00e1s, amely Adela Laz\u0103r fest\u0151m\u0171v\u00e9sz sz\u00ednes \u00e9s t\u00f6rt\u00e9nettel teli install\u00e1ci\u00f3it mutatja be, amely a &quot;Z\u00f6ld H\u00e9t&quot; iskolai program t\u00e9m\u00e1j\u00e1ba is illeszkedik, \u00e9s egy j\u00e1t\u00e9kos \u00e9s kreat\u00edv m\u00f3dot k\u00edn\u00e1l az \u00fajrahasznos\u00edt\u00e1sra.<\/p>\n<p>A k\u00f6z\u00e9piskol\u00e1soknak sz\u00f3l\u00f3 \u201eInside Out\u201d m\u0171v\u00e9szetter\u00e1pi\u00e1s workshopokat Ioana Druga\u0219 iskolapszichol\u00f3gus fogja t\u00e1mogatni, \u00e9s c\u00e9ljuk az \u00e9rzelmi \u00e1llapotok m\u0171v\u00e9szi kifejez\u00e9sm\u00f3don kereszt\u00fcli meg\u00e9rt\u00e9se. A di\u00e1kokat arra k\u00e9rik, hogy fest\u00e9szettel illusztr\u00e1lj\u00e1k bels\u0151 \u00e1llapotaikat, elemzik az ezekhez az \u00e1llapotokhoz k\u00edn\u00e1lt vegy\u00e9rt\u00e9keket, \u00e9s strat\u00e9gi\u00e1kat azonos\u00edtanak az affekt\u00edv \u00e1llapotok optimaliz\u00e1l\u00e1s\u00e1ra.<\/p>\n<p>&quot;<em>Nem tudom kital\u00e1lni, mi van a fej\u00e9ben!\/Nem tudom kital\u00e1lni, mi van a lelk\u00e9ben! <\/em>Ismer\u0151sek vagyunk az ilyen felki\u00e1lt\u00e1sokban, mivel a mai fiatalok olyan gazdag bels\u0151 \u00e9letet fejlesztenek ki, amilyen ismeretlen (\u00e9szrevehetetlen) a k\u00f6r\u00fcl\u00f6tt\u00fck l\u00e9v\u0151k sz\u00e1m\u00e1ra.<em>. <\/em>Tudtad, hogy m\u00e9g egy zaklat\u00f3 is kimondhatatlan szenved\u00e9st \u00e9lhet \u00e1t? Tudtad, hogy m\u00e9g a legsikeresebb di\u00e1knak is sok intenz\u00edv aggodalma van? \u201eA m\u0171v\u00e9szetter\u00e1pia egy olyan eszk\u00f6z, amelyet a pszichoeduk\u00e1ci\u00f3s szakemberek pontosan erre a c\u00e9lra haszn\u00e1lnak, hogy megvizsg\u00e1lj\u00e1k a di\u00e1kok \u00e9rzelmi \u00e1llapot\u00e1t az \u00e9rzelmi szell\u0151z\u00e9s \u00e9s a gy\u00f3gyul\u00e1s c\u00e9lj\u00e1b\u00f3l\u201d \u2013 mondja Ioana Druga\u0219.<\/p>\n<p>A nagyv\u00e1radi \u201eIuliu Maniu\u201d \u00e9s \u201eDon Orione\u201d g\u00f6r\u00f6gkatolikus k\u00f6z\u00e9piskol\u00e1k di\u00e1kjai vesznek r\u00e9szt a m\u0171helyfoglalkoz\u00e1sokon.<\/p>\n<p>M\u00e1r nagyon kev\u00e9s jegy van az elad\u00e1sra k\u00edn\u00e1lt el\u0151ad\u00e1sokra \u00e9s a pizsamames\u00e9s est\u00e9kre, ezek a sz\u00ednh\u00e1zi \u00fcgyn\u00f6ks\u00e9gn\u00e9l \u00e9s online az Eventim.ro oldalon kaphat\u00f3k.<\/p>\n<p>V\u00e1runk mindenkit szeretettel az &quot;\u00c1rk\u00e1diai T\u00f6rt\u00e9netek Het\u00e9n&quot;!<\/p>","protected":false},"excerpt":{"rendered":"<p>Trupa Arcadia a Teatrului Regina Maria se preg\u0103te\u0219te de edi\u021bia a III-a a S\u0103pt\u0103m\u00e2nii \u201ePove\u0219ti din Arcadia\u201d, care va avea loc \u00een perioada 20-27 aprilie 2024. Programul, ca \u00een fiecare an, propune un maraton distractiv de spectacole de teatru din repertoriul trupei, celebrele seri de pove\u0219ti \u00een pijama, o expozi\u021bie de pictur\u0103, care are ca [&hellip;]<\/p>\n","protected":false},"author":6,"featured_media":5531,"comment_status":"open","ping_status":"open","sticky":false,"template":"","format":"standard","meta":{"_acf_changed":false,"footnotes":""},"categories":[37],"tags":[],"class_list":["post-5536","post","type-post","status-publish","format-standard","has-post-thumbnail","hentry","category-noutati-trupa-arcadia"],"aioseo_notices":[],"aioseo_head":"\n\t\t<!-- All in One SEO Pro 5.0.1.1 - aioseo.com -->\n\t<meta name=\"description\" content=\"Trupa Arcadia a Teatrului Regina Maria se preg\u0103te\u0219te de edi\u021bia a III-a a S\u0103pt\u0103m\u00e2nii \u201ePove\u0219ti din Arcadia\u201d, care va avea loc \u00een perioada 20-27 aprilie 2024. Programul, ca \u00een fiecare an, propune un maraton distractiv de spectacole de teatru din repertoriul trupei, celebrele seri de pove\u0219ti \u00een pijama, o expozi\u021bie de pictur\u0103, care are ca\" \/>\n\t<meta name=\"robots\" content=\"max-image-preview:large\" \/>\n\t<meta name=\"author\" content=\"Teatrul Regina Maria\"\/>\n\t<link rel=\"canonical\" href=\"https:\/\/www.teatrulreginamaria.ro\/hu\/comunicat-de-presa-incepe-saptamana-povesti-din-arcadia\/\" \/>\n\t<meta name=\"generator\" content=\"All in One SEO Pro (AIOSEO) 5.0.1.1\" \/>\n\t\t<meta property=\"og:locale\" content=\"hu_HU\" \/>\n\t\t<meta property=\"og:site_name\" content=\"Teatrul Regina Maria Oradea - Trupa Iosif Vulcan \u0219i Trupa Arcadia\" \/>\n\t\t<meta property=\"og:type\" content=\"article\" \/>\n\t\t<meta property=\"og:title\" content=\"COMUNICAT DE PRES\u0102 | \u00cencepe \u201eS\u0103pt\u0103m\u00e2na Pove\u0219ti din Arcadia\u201d - Teatrul Regina Maria Oradea\" \/>\n\t\t<meta property=\"og:description\" content=\"Trupa Arcadia a Teatrului Regina Maria se preg\u0103te\u0219te de edi\u021bia a III-a a S\u0103pt\u0103m\u00e2nii \u201ePove\u0219ti din Arcadia\u201d, care va avea loc \u00een perioada 20-27 aprilie 2024. Programul, ca \u00een fiecare an, propune un maraton distractiv de spectacole de teatru din repertoriul trupei, celebrele seri de pove\u0219ti \u00een pijama, o expozi\u021bie de pictur\u0103, care are ca\" \/>\n\t\t<meta property=\"og:url\" content=\"https:\/\/www.teatrulreginamaria.ro\/hu\/comunicat-de-presa-incepe-saptamana-povesti-din-arcadia\/\" \/>\n\t\t<meta property=\"og:image\" content=\"https:\/\/www.teatrulreginamaria.ro\/wp-content\/uploads\/2025\/03\/trm-istoric-01.jpg\" \/>\n\t\t<meta property=\"og:image:secure_url\" content=\"https:\/\/www.teatrulreginamaria.ro\/wp-content\/uploads\/2025\/03\/trm-istoric-01.jpg\" \/>\n\t\t<meta property=\"og:image:width\" content=\"1200\" \/>\n\t\t<meta property=\"og:image:height\" content=\"800\" \/>\n\t\t<meta property=\"article:published_time\" content=\"2024-04-19T08:42:35+00:00\" \/>\n\t\t<meta property=\"article:modified_time\" content=\"2024-04-19T08:42:35+00:00\" \/>\n\t\t<meta property=\"article:publisher\" content=\"https:\/\/www.facebook.com\/TRMTrupaIosifVulcan\/\" \/>\n\t\t<meta name=\"twitter:card\" content=\"summary_large_image\" \/>\n\t\t<meta name=\"twitter:site\" content=\"@TRMOradea\" \/>\n\t\t<meta name=\"twitter:title\" content=\"COMUNICAT DE PRES\u0102 | \u00cencepe \u201eS\u0103pt\u0103m\u00e2na Pove\u0219ti din Arcadia\u201d - Teatrul Regina Maria Oradea\" \/>\n\t\t<meta name=\"twitter:description\" content=\"Trupa Arcadia a Teatrului Regina Maria se preg\u0103te\u0219te de edi\u021bia a III-a a S\u0103pt\u0103m\u00e2nii \u201ePove\u0219ti din Arcadia\u201d, care va avea loc \u00een perioada 20-27 aprilie 2024. Programul, ca \u00een fiecare an, propune un maraton distractiv de spectacole de teatru din repertoriul trupei, celebrele seri de pove\u0219ti \u00een pijama, o expozi\u021bie de pictur\u0103, care are ca\" \/>\n\t\t<meta name=\"twitter:creator\" content=\"@TRMOradea\" \/>\n\t\t<meta name=\"twitter:image\" content=\"https:\/\/www.teatrulreginamaria.ro\/wp-content\/uploads\/2025\/03\/trm-istoric-01.jpg\" \/>\n\t\t<script type=\"application\/ld+json\" class=\"aioseo-schema\">\n\t\t\t{\"@context\":\"https:\\\/\\\/schema.org\",\"@graph\":[{\"@type\":\"BlogPosting\",\"@id\":\"https:\\\/\\\/www.teatrulreginamaria.ro\\\/hu\\\/comunicat-de-presa-incepe-saptamana-povesti-din-arcadia\\\/#blogposting\",\"name\":\"COMUNICAT DE PRES\\u0102 | \\u00cencepe \\u201eS\\u0103pt\\u0103m\\u00e2na Pove\\u0219ti din Arcadia\\u201d - Teatrul Regina Maria Oradea\",\"headline\":\"COMUNICAT DE PRES\\u0102 | \\u00cencepe \\u201eS\\u0103pt\\u0103m\\u00e2na Pove\\u0219ti din Arcadia\\u201d\",\"author\":{\"@id\":\"https:\\\/\\\/www.teatrulreginamaria.ro\\\/hu\\\/author\\\/w3bmaster\\\/#author\"},\"publisher\":{\"@id\":\"https:\\\/\\\/www.teatrulreginamaria.ro\\\/hu\\\/#organization\"},\"image\":{\"@type\":\"ImageObject\",\"url\":\"https:\\\/\\\/www.teatrulreginamaria.ro\\\/wp-content\\\/uploads\\\/2024\\\/04\\\/nou_web_Program_Apr_Arcadia-01-scaled.jpg\",\"width\":1792,\"height\":2560},\"datePublished\":\"2024-04-19T08:42:35+03:00\",\"dateModified\":\"2024-04-19T08:42:35+03:00\",\"inLanguage\":\"hu-HU\",\"mainEntityOfPage\":{\"@id\":\"https:\\\/\\\/www.teatrulreginamaria.ro\\\/hu\\\/comunicat-de-presa-incepe-saptamana-povesti-din-arcadia\\\/#webpage\"},\"isPartOf\":{\"@id\":\"https:\\\/\\\/www.teatrulreginamaria.ro\\\/hu\\\/comunicat-de-presa-incepe-saptamana-povesti-din-arcadia\\\/#webpage\"},\"articleSection\":\"Nout\\u0103\\u021bi - Trupa Arcadia\"},{\"@type\":\"BreadcrumbList\",\"@id\":\"https:\\\/\\\/www.teatrulreginamaria.ro\\\/hu\\\/comunicat-de-presa-incepe-saptamana-povesti-din-arcadia\\\/#breadcrumblist\",\"itemListElement\":[{\"@type\":\"ListItem\",\"@id\":\"https:\\\/\\\/www.teatrulreginamaria.ro\\\/hu#listItem\",\"position\":1,\"name\":\"Home\",\"item\":\"https:\\\/\\\/www.teatrulreginamaria.ro\\\/hu\",\"nextItem\":{\"@type\":\"ListItem\",\"@id\":\"https:\\\/\\\/www.teatrulreginamaria.ro\\\/hu\\\/categorie\\\/noutati\\\/#listItem\",\"name\":\"Nout\\u0103\\u021bi\"}},{\"@type\":\"ListItem\",\"@id\":\"https:\\\/\\\/www.teatrulreginamaria.ro\\\/hu\\\/categorie\\\/noutati\\\/#listItem\",\"position\":2,\"name\":\"Nout\\u0103\\u021bi\",\"item\":\"https:\\\/\\\/www.teatrulreginamaria.ro\\\/hu\\\/categorie\\\/noutati\\\/\",\"nextItem\":{\"@type\":\"ListItem\",\"@id\":\"https:\\\/\\\/www.teatrulreginamaria.ro\\\/hu\\\/categorie\\\/noutati\\\/noutati-trupa-arcadia\\\/#listItem\",\"name\":\"Nout\\u0103\\u021bi - Trupa Arcadia\"},\"previousItem\":{\"@type\":\"ListItem\",\"@id\":\"https:\\\/\\\/www.teatrulreginamaria.ro\\\/hu#listItem\",\"name\":\"Home\"}},{\"@type\":\"ListItem\",\"@id\":\"https:\\\/\\\/www.teatrulreginamaria.ro\\\/hu\\\/categorie\\\/noutati\\\/noutati-trupa-arcadia\\\/#listItem\",\"position\":3,\"name\":\"Nout\\u0103\\u021bi - Trupa Arcadia\",\"item\":\"https:\\\/\\\/www.teatrulreginamaria.ro\\\/hu\\\/categorie\\\/noutati\\\/noutati-trupa-arcadia\\\/\",\"nextItem\":{\"@type\":\"ListItem\",\"@id\":\"https:\\\/\\\/www.teatrulreginamaria.ro\\\/hu\\\/comunicat-de-presa-incepe-saptamana-povesti-din-arcadia\\\/#listItem\",\"name\":\"COMUNICAT DE PRES\\u0102 | \\u00cencepe \\u201eS\\u0103pt\\u0103m\\u00e2na Pove\\u0219ti din Arcadia\\u201d\"},\"previousItem\":{\"@type\":\"ListItem\",\"@id\":\"https:\\\/\\\/www.teatrulreginamaria.ro\\\/hu\\\/categorie\\\/noutati\\\/#listItem\",\"name\":\"Nout\\u0103\\u021bi\"}},{\"@type\":\"ListItem\",\"@id\":\"https:\\\/\\\/www.teatrulreginamaria.ro\\\/hu\\\/comunicat-de-presa-incepe-saptamana-povesti-din-arcadia\\\/#listItem\",\"position\":4,\"name\":\"COMUNICAT DE PRES\\u0102 | \\u00cencepe \\u201eS\\u0103pt\\u0103m\\u00e2na Pove\\u0219ti din Arcadia\\u201d\",\"previousItem\":{\"@type\":\"ListItem\",\"@id\":\"https:\\\/\\\/www.teatrulreginamaria.ro\\\/hu\\\/categorie\\\/noutati\\\/noutati-trupa-arcadia\\\/#listItem\",\"name\":\"Nout\\u0103\\u021bi - Trupa Arcadia\"}}]},{\"@type\":\"Organization\",\"@id\":\"https:\\\/\\\/www.teatrulreginamaria.ro\\\/hu\\\/#organization\",\"name\":\"Teatrul Regina Maria Oradea\",\"description\":\"Trupa Iosif Vulcan \\u0219i Trupa Arcadia\",\"url\":\"https:\\\/\\\/www.teatrulreginamaria.ro\\\/hu\\\/\",\"email\":\"marketing@teatrulreginamaria.ro\",\"telephone\":\"+40359411534\",\"numberOfEmployees\":{\"@type\":\"QuantitativeValue\",\"minValue\":0,\"maxValue\":150},\"logo\":{\"@type\":\"ImageObject\",\"url\":\"https:\\\/\\\/www.teatrulreginamaria.ro\\\/wp-content\\\/uploads\\\/2025\\\/06\\\/logo-trm-01-dark.png\",\"@id\":\"https:\\\/\\\/www.teatrulreginamaria.ro\\\/hu\\\/comunicat-de-presa-incepe-saptamana-povesti-din-arcadia\\\/#organizationLogo\",\"width\":300,\"height\":148},\"image\":{\"@id\":\"https:\\\/\\\/www.teatrulreginamaria.ro\\\/hu\\\/comunicat-de-presa-incepe-saptamana-povesti-din-arcadia\\\/#organizationLogo\"},\"sameAs\":[\"https:\\\/\\\/www.facebook.com\\\/TRMTrupaIosifVulcan\\\/\",\"https:\\\/\\\/x.com\\\/TRMOradea\",\"https:\\\/\\\/www.instagram.com\\\/teatrul_regina_maria\\\/\",\"https:\\\/\\\/www.youtube.com\\\/c\\\/TeatrulReginaMariaOradea\",\"https:\\\/\\\/www.linkedin.com\\\/company\\\/teatrul-regina-maria\"]},{\"@type\":\"Person\",\"@id\":\"https:\\\/\\\/www.teatrulreginamaria.ro\\\/hu\\\/author\\\/w3bmaster\\\/#author\",\"url\":\"https:\\\/\\\/www.teatrulreginamaria.ro\\\/hu\\\/author\\\/w3bmaster\\\/\",\"name\":\"Teatrul Regina Maria\",\"image\":{\"@type\":\"ImageObject\",\"@id\":\"https:\\\/\\\/www.teatrulreginamaria.ro\\\/hu\\\/comunicat-de-presa-incepe-saptamana-povesti-din-arcadia\\\/#authorImage\",\"url\":\"https:\\\/\\\/secure.gravatar.com\\\/avatar\\\/5884139d508ae3f0bafe45e60563b48a9640146d3b08ccc6278c305ff9329305?s=96&d=mm&r=g\",\"width\":96,\"height\":96,\"caption\":\"Teatrul Regina Maria\"}},{\"@type\":\"WebPage\",\"@id\":\"https:\\\/\\\/www.teatrulreginamaria.ro\\\/hu\\\/comunicat-de-presa-incepe-saptamana-povesti-din-arcadia\\\/#webpage\",\"url\":\"https:\\\/\\\/www.teatrulreginamaria.ro\\\/hu\\\/comunicat-de-presa-incepe-saptamana-povesti-din-arcadia\\\/\",\"name\":\"COMUNICAT DE PRES\\u0102 | \\u00cencepe \\u201eS\\u0103pt\\u0103m\\u00e2na Pove\\u0219ti din Arcadia\\u201d - Teatrul Regina Maria Oradea\",\"description\":\"Trupa Arcadia a Teatrului Regina Maria se preg\\u0103te\\u0219te de edi\\u021bia a III-a a S\\u0103pt\\u0103m\\u00e2nii \\u201ePove\\u0219ti din Arcadia\\u201d, care va avea loc \\u00een perioada 20-27 aprilie 2024. Programul, ca \\u00een fiecare an, propune un maraton distractiv de spectacole de teatru din repertoriul trupei, celebrele seri de pove\\u0219ti \\u00een pijama, o expozi\\u021bie de pictur\\u0103, care are ca\",\"inLanguage\":\"hu-HU\",\"isPartOf\":{\"@id\":\"https:\\\/\\\/www.teatrulreginamaria.ro\\\/hu\\\/#website\"},\"breadcrumb\":{\"@id\":\"https:\\\/\\\/www.teatrulreginamaria.ro\\\/hu\\\/comunicat-de-presa-incepe-saptamana-povesti-din-arcadia\\\/#breadcrumblist\"},\"author\":{\"@id\":\"https:\\\/\\\/www.teatrulreginamaria.ro\\\/hu\\\/author\\\/w3bmaster\\\/#author\"},\"creator\":{\"@id\":\"https:\\\/\\\/www.teatrulreginamaria.ro\\\/hu\\\/author\\\/w3bmaster\\\/#author\"},\"image\":{\"@type\":\"ImageObject\",\"url\":\"https:\\\/\\\/www.teatrulreginamaria.ro\\\/wp-content\\\/uploads\\\/2024\\\/04\\\/nou_web_Program_Apr_Arcadia-01-scaled.jpg\",\"@id\":\"https:\\\/\\\/www.teatrulreginamaria.ro\\\/hu\\\/comunicat-de-presa-incepe-saptamana-povesti-din-arcadia\\\/#mainImage\",\"width\":1792,\"height\":2560},\"primaryImageOfPage\":{\"@id\":\"https:\\\/\\\/www.teatrulreginamaria.ro\\\/hu\\\/comunicat-de-presa-incepe-saptamana-povesti-din-arcadia\\\/#mainImage\"},\"datePublished\":\"2024-04-19T08:42:35+03:00\",\"dateModified\":\"2024-04-19T08:42:35+03:00\"},{\"@type\":\"WebSite\",\"@id\":\"https:\\\/\\\/www.teatrulreginamaria.ro\\\/hu\\\/#website\",\"url\":\"https:\\\/\\\/www.teatrulreginamaria.ro\\\/hu\\\/\",\"name\":\"Teatrul Regina Maria Oradea\",\"alternateName\":\"TRM Oradea\",\"description\":\"Trupa Iosif Vulcan \\u0219i Trupa Arcadia\",\"inLanguage\":\"hu-HU\",\"publisher\":{\"@id\":\"https:\\\/\\\/www.teatrulreginamaria.ro\\\/hu\\\/#organization\"}}]}\n\t\t<\/script>\n\t\t<!-- All in One SEO Pro -->\r\n\t\t<title>COMUNICAT DE PRES\u0102 | \u00cencepe \u201eS\u0103pt\u0103m\u00e2na Pove\u0219ti din Arcadia\u201d - Teatrul Regina Maria Oradea<\/title>\n\n","aioseo_head_json":{"title":"SAJT\u00d3K\u00d6ZLEM\u00c9NY | Indul az \u201eArcadia Mes\u00e9k Hete\u201d \u2013 Nagyv\u00e1radi Regina Maria Sz\u00ednh\u00e1z","description":"A Regina Maria Sz\u00ednh\u00e1z Arcadia t\u00e1rsulata k\u00e9sz\u00fcl az \u201eArcadia Mes\u00e9k\u201d Het\u00e9nek 3. kiad\u00e1s\u00e1ra, amely 2024. \u00e1prilis 20. \u00e9s 27. k\u00f6z\u00f6tt ker\u00fcl megrendez\u00e9sre. A program, mint minden \u00e9vben, a t\u00e1rsulat reperto\u00e1rj\u00e1b\u00f3l sz\u00e1rmaz\u00f3 sz\u00f3rakoztat\u00f3 sz\u00ednh\u00e1zi el\u0151ad\u00e1sok maratonj\u00e1t, a h\u00edres pizsamames\u00e9s est\u00e9ket \u00e9s egy festm\u00e9nyki\u00e1ll\u00edt\u00e1st k\u00edn\u00e1l, amelynek c\u00e9lja, hogy","canonical_url":"https:\/\/www.teatrulreginamaria.ro\/hu\/comunicat-de-presa-incepe-saptamana-povesti-din-arcadia\/","robots":"max-image-preview:large","keywords":"","webmasterTools":{"miscellaneous":""},"schema":{"@context":"https:\/\/schema.org","@graph":[{"@type":"BlogPosting","@id":"https:\/\/www.teatrulreginamaria.ro\/hu\/comunicat-de-presa-incepe-saptamana-povesti-din-arcadia\/#blogposting","name":"COMUNICAT DE PRES\u0102 | \u00cencepe \u201eS\u0103pt\u0103m\u00e2na Pove\u0219ti din Arcadia\u201d - Teatrul Regina Maria Oradea","headline":"COMUNICAT DE PRES\u0102 | \u00cencepe \u201eS\u0103pt\u0103m\u00e2na Pove\u0219ti din Arcadia\u201d","author":{"@id":"https:\/\/www.teatrulreginamaria.ro\/hu\/author\/w3bmaster\/#author"},"publisher":{"@id":"https:\/\/www.teatrulreginamaria.ro\/hu\/#organization"},"image":{"@type":"ImageObject","url":"https:\/\/www.teatrulreginamaria.ro\/wp-content\/uploads\/2024\/04\/nou_web_Program_Apr_Arcadia-01-scaled.jpg","width":1792,"height":2560},"datePublished":"2024-04-19T08:42:35+03:00","dateModified":"2024-04-19T08:42:35+03:00","inLanguage":"hu-HU","mainEntityOfPage":{"@id":"https:\/\/www.teatrulreginamaria.ro\/hu\/comunicat-de-presa-incepe-saptamana-povesti-din-arcadia\/#webpage"},"isPartOf":{"@id":"https:\/\/www.teatrulreginamaria.ro\/hu\/comunicat-de-presa-incepe-saptamana-povesti-din-arcadia\/#webpage"},"articleSection":"Nout\u0103\u021bi - Trupa Arcadia"},{"@type":"BreadcrumbList","@id":"https:\/\/www.teatrulreginamaria.ro\/hu\/comunicat-de-presa-incepe-saptamana-povesti-din-arcadia\/#breadcrumblist","itemListElement":[{"@type":"ListItem","@id":"https:\/\/www.teatrulreginamaria.ro\/hu#listItem","position":1,"name":"Home","item":"https:\/\/www.teatrulreginamaria.ro\/hu","nextItem":{"@type":"ListItem","@id":"https:\/\/www.teatrulreginamaria.ro\/hu\/categorie\/noutati\/#listItem","name":"Nout\u0103\u021bi"}},{"@type":"ListItem","@id":"https:\/\/www.teatrulreginamaria.ro\/hu\/categorie\/noutati\/#listItem","position":2,"name":"Nout\u0103\u021bi","item":"https:\/\/www.teatrulreginamaria.ro\/hu\/categorie\/noutati\/","nextItem":{"@type":"ListItem","@id":"https:\/\/www.teatrulreginamaria.ro\/hu\/categorie\/noutati\/noutati-trupa-arcadia\/#listItem","name":"Nout\u0103\u021bi - Trupa Arcadia"},"previousItem":{"@type":"ListItem","@id":"https:\/\/www.teatrulreginamaria.ro\/hu#listItem","name":"Home"}},{"@type":"ListItem","@id":"https:\/\/www.teatrulreginamaria.ro\/hu\/categorie\/noutati\/noutati-trupa-arcadia\/#listItem","position":3,"name":"Nout\u0103\u021bi - Trupa Arcadia","item":"https:\/\/www.teatrulreginamaria.ro\/hu\/categorie\/noutati\/noutati-trupa-arcadia\/","nextItem":{"@type":"ListItem","@id":"https:\/\/www.teatrulreginamaria.ro\/hu\/comunicat-de-presa-incepe-saptamana-povesti-din-arcadia\/#listItem","name":"COMUNICAT DE PRES\u0102 | \u00cencepe \u201eS\u0103pt\u0103m\u00e2na Pove\u0219ti din Arcadia\u201d"},"previousItem":{"@type":"ListItem","@id":"https:\/\/www.teatrulreginamaria.ro\/hu\/categorie\/noutati\/#listItem","name":"Nout\u0103\u021bi"}},{"@type":"ListItem","@id":"https:\/\/www.teatrulreginamaria.ro\/hu\/comunicat-de-presa-incepe-saptamana-povesti-din-arcadia\/#listItem","position":4,"name":"COMUNICAT DE PRES\u0102 | \u00cencepe \u201eS\u0103pt\u0103m\u00e2na Pove\u0219ti din Arcadia\u201d","previousItem":{"@type":"ListItem","@id":"https:\/\/www.teatrulreginamaria.ro\/hu\/categorie\/noutati\/noutati-trupa-arcadia\/#listItem","name":"Nout\u0103\u021bi - Trupa Arcadia"}}]},{"@type":"Organization","@id":"https:\/\/www.teatrulreginamaria.ro\/hu\/#organization","name":"Teatrul Regina Maria Oradea","description":"Trupa Iosif Vulcan \u0219i Trupa Arcadia","url":"https:\/\/www.teatrulreginamaria.ro\/hu\/","email":"marketing@teatrulreginamaria.ro","telephone":"+40359411534","numberOfEmployees":{"@type":"QuantitativeValue","minValue":0,"maxValue":150},"logo":{"@type":"ImageObject","url":"https:\/\/www.teatrulreginamaria.ro\/wp-content\/uploads\/2025\/06\/logo-trm-01-dark.png","@id":"https:\/\/www.teatrulreginamaria.ro\/hu\/comunicat-de-presa-incepe-saptamana-povesti-din-arcadia\/#organizationLogo","width":300,"height":148},"image":{"@id":"https:\/\/www.teatrulreginamaria.ro\/hu\/comunicat-de-presa-incepe-saptamana-povesti-din-arcadia\/#organizationLogo"},"sameAs":["https:\/\/www.facebook.com\/TRMTrupaIosifVulcan\/","https:\/\/x.com\/TRMOradea","https:\/\/www.instagram.com\/teatrul_regina_maria\/","https:\/\/www.youtube.com\/c\/TeatrulReginaMariaOradea","https:\/\/www.linkedin.com\/company\/teatrul-regina-maria"]},{"@type":"Person","@id":"https:\/\/www.teatrulreginamaria.ro\/hu\/author\/w3bmaster\/#author","url":"https:\/\/www.teatrulreginamaria.ro\/hu\/author\/w3bmaster\/","name":"Teatrul Regina Maria","image":{"@type":"ImageObject","@id":"https:\/\/www.teatrulreginamaria.ro\/hu\/comunicat-de-presa-incepe-saptamana-povesti-din-arcadia\/#authorImage","url":"https:\/\/secure.gravatar.com\/avatar\/5884139d508ae3f0bafe45e60563b48a9640146d3b08ccc6278c305ff9329305?s=96&d=mm&r=g","width":96,"height":96,"caption":"Teatrul Regina Maria"}},{"@type":"WebPage","@id":"https:\/\/www.teatrulreginamaria.ro\/hu\/comunicat-de-presa-incepe-saptamana-povesti-din-arcadia\/#webpage","url":"https:\/\/www.teatrulreginamaria.ro\/hu\/comunicat-de-presa-incepe-saptamana-povesti-din-arcadia\/","name":"COMUNICAT DE PRES\u0102 | \u00cencepe \u201eS\u0103pt\u0103m\u00e2na Pove\u0219ti din Arcadia\u201d - Teatrul Regina Maria Oradea","description":"Trupa Arcadia a Teatrului Regina Maria se preg\u0103te\u0219te de edi\u021bia a III-a a S\u0103pt\u0103m\u00e2nii \u201ePove\u0219ti din Arcadia\u201d, care va avea loc \u00een perioada 20-27 aprilie 2024. Programul, ca \u00een fiecare an, propune un maraton distractiv de spectacole de teatru din repertoriul trupei, celebrele seri de pove\u0219ti \u00een pijama, o expozi\u021bie de pictur\u0103, care are ca","inLanguage":"hu-HU","isPartOf":{"@id":"https:\/\/www.teatrulreginamaria.ro\/hu\/#website"},"breadcrumb":{"@id":"https:\/\/www.teatrulreginamaria.ro\/hu\/comunicat-de-presa-incepe-saptamana-povesti-din-arcadia\/#breadcrumblist"},"author":{"@id":"https:\/\/www.teatrulreginamaria.ro\/hu\/author\/w3bmaster\/#author"},"creator":{"@id":"https:\/\/www.teatrulreginamaria.ro\/hu\/author\/w3bmaster\/#author"},"image":{"@type":"ImageObject","url":"https:\/\/www.teatrulreginamaria.ro\/wp-content\/uploads\/2024\/04\/nou_web_Program_Apr_Arcadia-01-scaled.jpg","@id":"https:\/\/www.teatrulreginamaria.ro\/hu\/comunicat-de-presa-incepe-saptamana-povesti-din-arcadia\/#mainImage","width":1792,"height":2560},"primaryImageOfPage":{"@id":"https:\/\/www.teatrulreginamaria.ro\/hu\/comunicat-de-presa-incepe-saptamana-povesti-din-arcadia\/#mainImage"},"datePublished":"2024-04-19T08:42:35+03:00","dateModified":"2024-04-19T08:42:35+03:00"},{"@type":"WebSite","@id":"https:\/\/www.teatrulreginamaria.ro\/hu\/#website","url":"https:\/\/www.teatrulreginamaria.ro\/hu\/","name":"Teatrul Regina Maria Oradea","alternateName":"TRM Oradea","description":"Trupa Iosif Vulcan \u0219i Trupa Arcadia","inLanguage":"hu-HU","publisher":{"@id":"https:\/\/www.teatrulreginamaria.ro\/hu\/#organization"}}]},"og:locale":"hu_HU","og:site_name":"Teatrul Regina Maria Oradea - Trupa Iosif Vulcan \u0219i Trupa Arcadia","og:type":"article","og:title":"COMUNICAT DE PRES\u0102 | \u00cencepe \u201eS\u0103pt\u0103m\u00e2na Pove\u0219ti din Arcadia\u201d - Teatrul Regina Maria Oradea","og:description":"Trupa Arcadia a Teatrului Regina Maria se preg\u0103te\u0219te de edi\u021bia a III-a a S\u0103pt\u0103m\u00e2nii \u201ePove\u0219ti din Arcadia\u201d, care va avea loc \u00een perioada 20-27 aprilie 2024. Programul, ca \u00een fiecare an, propune un maraton distractiv de spectacole de teatru din repertoriul trupei, celebrele seri de pove\u0219ti \u00een pijama, o expozi\u021bie de pictur\u0103, care are ca","og:url":"https:\/\/www.teatrulreginamaria.ro\/hu\/comunicat-de-presa-incepe-saptamana-povesti-din-arcadia\/","og:image":"https:\/\/www.teatrulreginamaria.ro\/wp-content\/uploads\/2025\/03\/trm-istoric-01.jpg","og:image:secure_url":"https:\/\/www.teatrulreginamaria.ro\/wp-content\/uploads\/2025\/03\/trm-istoric-01.jpg","og:image:width":1200,"og:image:height":800,"article:published_time":"2024-04-19T08:42:35+00:00","article:modified_time":"2024-04-19T08:42:35+00:00","article:publisher":"https:\/\/www.facebook.com\/TRMTrupaIosifVulcan\/","twitter:card":"summary_large_image","twitter:site":"@TRMOradea","twitter:title":"COMUNICAT DE PRES\u0102 | \u00cencepe \u201eS\u0103pt\u0103m\u00e2na Pove\u0219ti din Arcadia\u201d - Teatrul Regina Maria Oradea","twitter:description":"Trupa Arcadia a Teatrului Regina Maria se preg\u0103te\u0219te de edi\u021bia a III-a a S\u0103pt\u0103m\u00e2nii \u201ePove\u0219ti din Arcadia\u201d, care va avea loc \u00een perioada 20-27 aprilie 2024. Programul, ca \u00een fiecare an, propune un maraton distractiv de spectacole de teatru din repertoriul trupei, celebrele seri de pove\u0219ti \u00een pijama, o expozi\u021bie de pictur\u0103, care are ca","twitter:creator":"@TRMOradea","twitter:image":"https:\/\/www.teatrulreginamaria.ro\/wp-content\/uploads\/2025\/03\/trm-istoric-01.jpg"},"aioseo_meta_data":{"post_id":"5536","title":null,"description":null,"keywords":null,"keyphrases":null,"primary_term":null,"canonical_url":null,"og_title":null,"og_description":null,"og_object_type":"default","og_image_type":"default","og_image_url":null,"og_image_width":null,"og_image_height":null,"og_image_custom_url":null,"og_image_custom_fields":null,"og_video":null,"og_custom_url":null,"og_article_section":null,"og_article_tags":null,"twitter_use_og":false,"twitter_card":"default","twitter_image_type":"default","twitter_image_url":null,"twitter_image_custom_url":null,"twitter_image_custom_fields":null,"twitter_title":null,"twitter_description":null,"schema":{"blockGraphs":[],"customGraphs":[],"default":{"data":{"Article":[],"Course":[],"Dataset":[],"FAQPage":[],"Movie":[],"Person":[],"Product":[],"ProductReview":[],"Car":[],"Recipe":[],"Service":[],"SoftwareApplication":[],"WebPage":[]},"graphName":"","isEnabled":true},"graphs":[]},"schema_type":"default","schema_type_options":null,"pillar_content":false,"robots_default":true,"robots_noindex":false,"robots_noarchive":false,"robots_nosnippet":false,"robots_nofollow":false,"robots_noimageindex":false,"robots_noodp":false,"robots_notranslate":false,"robots_max_snippet":null,"robots_max_videopreview":null,"robots_max_imagepreview":"large","priority":null,"frequency":null,"local_seo":null,"seo_analyzer_scan_date":"2026-05-13 03:26:37","breadcrumb_settings":null,"limit_modified_date":false,"reviewed_by":null,"open_ai":null,"ai":null,"created":"2025-04-09 17:42:45","updated":"2026-05-13 03:26:37","focus_keyword":null,"additional_keywords":null,"truseo_locale":null},"aioseo_breadcrumb":"<div class=\"aioseo-breadcrumbs\"><span class=\"aioseo-breadcrumb\">\n\t<a href=\"https:\/\/www.teatrulreginamaria.ro\/hu\" title=\"Home\">Home<\/a>\n<\/span><span class=\"aioseo-breadcrumb-separator\">&raquo;<\/span><span class=\"aioseo-breadcrumb\">\n\t<a href=\"https:\/\/www.teatrulreginamaria.ro\/hu\/categorie\/noutati\/\" title=\"Nout\u0103\u021bi\">Nout\u0103\u021bi<\/a>\n<\/span><span class=\"aioseo-breadcrumb-separator\">&raquo;<\/span><span class=\"aioseo-breadcrumb\">\n\t<a href=\"https:\/\/www.teatrulreginamaria.ro\/hu\/categorie\/noutati\/noutati-trupa-arcadia\/\" title=\"Nout\u0103\u021bi - Trupa Arcadia\">Nout\u0103\u021bi - Trupa Arcadia<\/a>\n<\/span><span class=\"aioseo-breadcrumb-separator\">&raquo;<\/span><span class=\"aioseo-breadcrumb\">\n\tCOMUNICAT DE PRES\u0102 | \u00cencepe \u201eS\u0103pt\u0103m\u00e2na Pove\u0219ti din Arcadia\u201d\n<\/span><\/div>","aioseo_breadcrumb_json":[{"label":"Home","link":"https:\/\/www.teatrulreginamaria.ro\/hu"},{"label":"Nout\u0103\u021bi","link":"https:\/\/www.teatrulreginamaria.ro\/hu\/categorie\/noutati\/"},{"label":"Nout\u0103\u021bi - Trupa Arcadia","link":"https:\/\/www.teatrulreginamaria.ro\/hu\/categorie\/noutati\/noutati-trupa-arcadia\/"},{"label":"COMUNICAT DE PRES\u0102 | \u00cencepe \u201eS\u0103pt\u0103m\u00e2na Pove\u0219ti din Arcadia\u201d","link":"https:\/\/www.teatrulreginamaria.ro\/hu\/comunicat-de-presa-incepe-saptamana-povesti-din-arcadia\/"}],"acf":[],"_links":{"self":[{"href":"https:\/\/www.teatrulreginamaria.ro\/hu\/wp-json\/wp\/v2\/posts\/5536","targetHints":{"allow":["GET"]}}],"collection":[{"href":"https:\/\/www.teatrulreginamaria.ro\/hu\/wp-json\/wp\/v2\/posts"}],"about":[{"href":"https:\/\/www.teatrulreginamaria.ro\/hu\/wp-json\/wp\/v2\/types\/post"}],"author":[{"embeddable":true,"href":"https:\/\/www.teatrulreginamaria.ro\/hu\/wp-json\/wp\/v2\/users\/6"}],"replies":[{"embeddable":true,"href":"https:\/\/www.teatrulreginamaria.ro\/hu\/wp-json\/wp\/v2\/comments?post=5536"}],"version-history":[{"count":0,"href":"https:\/\/www.teatrulreginamaria.ro\/hu\/wp-json\/wp\/v2\/posts\/5536\/revisions"}],"wp:featuredmedia":[{"embeddable":true,"href":"https:\/\/www.teatrulreginamaria.ro\/hu\/wp-json\/wp\/v2\/media\/5531"}],"wp:attachment":[{"href":"https:\/\/www.teatrulreginamaria.ro\/hu\/wp-json\/wp\/v2\/media?parent=5536"}],"wp:term":[{"taxonomy":"category","embeddable":true,"href":"https:\/\/www.teatrulreginamaria.ro\/hu\/wp-json\/wp\/v2\/categories?post=5536"},{"taxonomy":"post_tag","embeddable":true,"href":"https:\/\/www.teatrulreginamaria.ro\/hu\/wp-json\/wp\/v2\/tags?post=5536"}],"curies":[{"name":"munkaf\u00fczet","href":"https:\/\/api.w.org\/{rel}","templated":true}]}}