{"id":5539,"date":"2024-04-08T09:00:31","date_gmt":"2024-04-08T09:00:31","guid":{"rendered":"https:\/\/teatrulreginamaria.ro\/2024\/04\/08\/comunicat-de-presa-trupa-arcadia-se-pregateste-de-premiera-elefantelul-curios\/"},"modified":"2024-04-08T09:00:31","modified_gmt":"2024-04-08T09:00:31","slug":"sajtokozlemeny-az-arcadia-zenekar-a-kivancsi-elefant-premierjere-keszul","status":"publish","type":"post","link":"https:\/\/www.teatrulreginamaria.ro\/hu\/comunicat-de-presa-trupa-arcadia-se-pregateste-de-premiera-elefantelul-curios\/","title":{"rendered":"SAJT\u00d3K\u00d6ZLEM\u00c9NY | Az Arcadia t\u00e1rsulat A K\u00cdV\u00c1NCSI ELEF\u00c1NT premierj\u00e9re k\u00e9sz\u00fcl"},"content":{"rendered":"<p>A Regina Maria Sz\u00ednh\u00e1z Arcadia T\u00e1rsulat\u00e1nak csapata \u00faj premierre k\u00e9sz\u00fcl: <strong>\u201e&quot;A k\u00edv\u00e1ncsi elef\u00e1nt&quot;\u201d<\/strong> Nina Cassian alkot\u00e1sa, Iulian Bulancea \u00e1tdolgoz\u00e1sa \u00e9s rendez\u00e9se, amely a ... <strong>\u00c1prilis 14-\u00e9n, vas\u00e1rnap, 11:00 \u00f3r\u00e1t\u00f3l az Arcadia Hallban. <\/strong><\/p>\n<p>\u201eA k\u00edv\u00e1ncsi elef\u00e1nt\u201d egy vicces t\u00f6rt\u00e9net, melyet Rudyard Kipling \u201eAz elef\u00e1ntk\u00f6ly\u00f6k\u201d c\u00edm\u0171 t\u00f6rt\u00e9nete ihletett. A t\u00f6rt\u00e9net f\u0151szerepl\u0151je egy elef\u00e1ntb\u00e9bi, abb\u00f3l az id\u0151b\u0151l, amikor az elef\u00e1ntoknak m\u00e9g nem volt orm\u00e1nyuk, \u00e9s aki fel akarja fedezni a vil\u00e1got. Ez\u00e9rt rengeteg k\u00e9rd\u00e9st tesz fel a k\u00f6r\u00fcl\u00f6tte l\u00e9v\u0151 \u00e1llatoknak, de azok bosszankodnak a makacss\u00e1ga miatt, \u00e9s v\u00e9g\u00fcl elker\u00fclik. De a elef\u00e1ntb\u00e9bi nem adja fel, \u00e9s amikor felmer\u00fcl benne a k\u00edv\u00e1ncsis\u00e1g, hogy mit eszik vacsor\u00e1ra a krokodil, igazi kalandra indul, hogy megtal\u00e1lja a v\u00e1laszt.<\/p>\n<p><!--more--><\/p>\n<p>Nina Cassian t\u00f6rt\u00e9nete a naiv versel\u00e9s, a k\u00e9rd\u00e9sek \u00f6z\u00f6n\u00e9b\u0151l fakad\u00f3 hihetetlen humor \u00e9s a gyermekekre jellemz\u0151 \u00e1rtatlans\u00e1g k\u00f6z\u00f6tti \u00f6tletes j\u00e1t\u00e9kra \u00e9p\u00fcl. A sz\u00f6veg f\u0151 t\u00e9m\u00e1ja a k\u00edv\u00e1ncsis\u00e1g fontoss\u00e1ga a gyermek fejl\u0151d\u00e9s\u00e9ben, egy term\u00e9szetes tulajdons\u00e1g, amely elengedhetetlen a n\u00f6veked\u00e9s \u00e9s a nevel\u00e9s folyamat\u00e1ban, meglep\u0151 eredm\u00e9nyekkel t\u00e1rsadalmi, kognit\u00edv \u00e9s \u00e9rzelmi szempontb\u00f3l. De a t\u00f6rt\u00e9net ann\u00e1l j\u00e1t\u00e9kosabb, mivel finoman \u00e1talakul \u00e9rt\u00e9kes buzd\u00edt\u00e1ss\u00e1 a sz\u00fcl\u0151k sz\u00e1m\u00e1ra: kelts\u00e9k fel a gyermekek k\u00edv\u00e1ncsis\u00e1g\u00e1t, \u00e9s legyenek t\u00fcrelmesek k\u00e9rd\u00e9seik megv\u00e1laszol\u00e1s\u00e1hoz.<\/p>\n<p>Az el\u0151ad\u00e1st a rendez\u0151 \u00e1ll\u00edtja sz\u00ednpadra <strong>Julian Bulancea<\/strong>, aki m\u00e1r a harmadik egy\u00fcttm\u0171k\u00f6d\u00e9s\u00e9n dolgozik az Arcadia Troupe-pal. Minden alkalommal szokatlan rendez\u00e9si javaslattal \u00e1ll el\u0151, \u00e9s ha el\u0151sz\u00f6r az \u00e1rnysz\u00ednh\u00e1zat v\u00e1lasztotta, m\u00e1sodszor egy 2D-s d\u00edszletet, ez\u00fattal egy t\u00f6bbsz\u00edn\u0171 neonf\u00e9nyekb\u0151l \u00e1ll\u00f3 el\u0151ad\u00e1st v\u00e1lasztott.<\/p>\n<p><em>Iskol\u00e1skoromban fedeztem fel a sz\u00f6veget Nina Cassian egyik k\u00f6tet\u00e9ben, \u00e9s nagyon tetszett. K\u00e9s\u0151bb t\u00f6bb el\u0151ad\u00e1st is l\u00e1ttam, \u00e9s olvastam a sz\u00f6veg alapj\u00e1n k\u00e9sz\u00fclt el\u0151ad\u00e1sokr\u00f3l sz\u00f3l\u00f3 kritik\u00e1kat. Nagyon j\u00f3, tanuls\u00e1gos \u00e9s az \u00edr\u00e1s szempontj\u00e1b\u00f3l is nagyon sz\u00e9p sz\u00f6vegnek tartottam., <\/em>vallja be Iulian Bulancea rendez\u0151.<\/p>\n<p>A szerepl\u0151g\u00e1rda a k\u00f6vetkez\u0151 sz\u00edn\u00e9szekb\u0151l \u00e1ll: <strong>Armanca Serac, Florian Silaghi, Andrei Fazeca\u0219, Igor Lungu, Alexandru Pop \u00e9s Iulia Dinescu.<\/strong><\/p>\n<p>A m\u0171sor kreat\u00edv csapat\u00e1ban Cs\u00fcri Emese d\u00edszlettervez\u0151 \u00e9s R\u0103zvan Chendrean kell\u00e9kk\u00e9sz\u00edt\u0151 is dolgozik.<\/p>\n<p>A premierre minden jegy elkelt. A k\u00f6vetkez\u0151, nagyk\u00f6z\u00f6ns\u00e9g sz\u00e1m\u00e1ra k\u00e9sz\u00fclt el\u0151ad\u00e1s \u00e1prilis 27-\u00e9n, 11:00 \u00f3rakor lesz az Arcadia Hallban, az Arcadia Story Week rendezv\u00e9nysorozat r\u00e9szek\u00e9nt.<\/p>\n<p>Jegyek kaphat\u00f3k a sz\u00ednh\u00e1z p\u00e9nzt\u00e1r\u00e1ban, az al\u00e1bbi id\u0151pontban:<\/p>\n<p>Kedd-Cs\u00fct\u00f6rt\u00f6k: <strong>12:00-18:00<br \/><\/strong>Szerda-p\u00e9ntek: <strong>10:00-14:00<br \/><\/strong>Szombat: <strong>11:00-13:00<\/strong><\/p>\n<p>Jegyek online is v\u00e1s\u00e1rolhat\u00f3k az Eventim weboldal\u00e1n (https:\/\/www.eventim.ro\/ro\/bilete\/elefantelul-curios-oradea-sala-arcadia-637224\/event.html), vagy az el\u0151ad\u00e1s kezdete el\u0151tt egy \u00f3r\u00e1val a sz\u00ednh\u00e1z \u00fcgyn\u00f6ks\u00e9g\u00e9n\u00e9l, a szabad helyek erej\u00e9ig.<\/p>\n<p>Szeretettel v\u00e1runk a sz\u00ednh\u00e1zba!<\/p>","protected":false},"excerpt":{"rendered":"<p>Echipa Trupei Arcadia a Teatrului Regina Maria se preg\u0103te\u0219te pentru o nou\u0103 premier\u0103: \u201eElef\u0103n\u021belul curios\u201d de Nina Cassian, adaptarea \u0219i regia Iulian Bulancea, care va avea loc duminic\u0103, 14 aprilie, de la ora 11:00, la Sala Arcadia. \u201eElef\u0103n\u021belul curios\u201d este un text nostim, inspirat din povestirea \u201ePuiul de elefant\u201d a lui Rudyard Kipling. Personajul principal [&hellip;]<\/p>\n","protected":false},"author":6,"featured_media":5537,"comment_status":"open","ping_status":"open","sticky":false,"template":"","format":"standard","meta":{"_acf_changed":false,"footnotes":""},"categories":[37],"tags":[],"class_list":["post-5539","post","type-post","status-publish","format-standard","has-post-thumbnail","hentry","category-noutati-trupa-arcadia"],"aioseo_notices":[],"aioseo_head":"\n\t\t<!-- All in One SEO Pro 5.0.1.1 - aioseo.com -->\n\t<meta name=\"description\" content=\"Echipa Trupei Arcadia a Teatrului Regina Maria se preg\u0103te\u0219te pentru o nou\u0103 premier\u0103: \u201eElef\u0103n\u021belul curios\u201d de Nina Cassian, adaptarea \u0219i regia Iulian Bulancea, care va avea loc duminic\u0103, 14 aprilie, de la ora 11:00, la Sala Arcadia. \u201eElef\u0103n\u021belul curios\u201d este un text nostim, inspirat din povestirea \u201ePuiul de elefant\u201d a lui Rudyard Kipling. Personajul principal\" \/>\n\t<meta name=\"robots\" content=\"max-image-preview:large\" \/>\n\t<meta name=\"author\" content=\"Teatrul Regina Maria\"\/>\n\t<link rel=\"canonical\" href=\"https:\/\/www.teatrulreginamaria.ro\/hu\/comunicat-de-presa-trupa-arcadia-se-pregateste-de-premiera-elefantelul-curios\/\" \/>\n\t<meta name=\"generator\" content=\"All in One SEO Pro (AIOSEO) 5.0.1.1\" \/>\n\t\t<meta property=\"og:locale\" content=\"hu_HU\" \/>\n\t\t<meta property=\"og:site_name\" content=\"Teatrul Regina Maria Oradea - Trupa Iosif Vulcan \u0219i Trupa Arcadia\" \/>\n\t\t<meta property=\"og:type\" content=\"article\" \/>\n\t\t<meta property=\"og:title\" content=\"COMUNICAT DE PRES\u0102 | Trupa Arcadia se preg\u0103te\u0219te de premier\u0103 ELEF\u0102N\u021aELUL CURIOS - Teatrul Regina Maria Oradea\" \/>\n\t\t<meta property=\"og:description\" content=\"Echipa Trupei Arcadia a Teatrului Regina Maria se preg\u0103te\u0219te pentru o nou\u0103 premier\u0103: \u201eElef\u0103n\u021belul curios\u201d de Nina Cassian, adaptarea \u0219i regia Iulian Bulancea, care va avea loc duminic\u0103, 14 aprilie, de la ora 11:00, la Sala Arcadia. \u201eElef\u0103n\u021belul curios\u201d este un text nostim, inspirat din povestirea \u201ePuiul de elefant\u201d a lui Rudyard Kipling. Personajul principal\" \/>\n\t\t<meta property=\"og:url\" content=\"https:\/\/www.teatrulreginamaria.ro\/hu\/comunicat-de-presa-trupa-arcadia-se-pregateste-de-premiera-elefantelul-curios\/\" \/>\n\t\t<meta property=\"og:image\" content=\"https:\/\/www.teatrulreginamaria.ro\/wp-content\/uploads\/2025\/03\/trm-istoric-01.jpg\" \/>\n\t\t<meta property=\"og:image:secure_url\" content=\"https:\/\/www.teatrulreginamaria.ro\/wp-content\/uploads\/2025\/03\/trm-istoric-01.jpg\" \/>\n\t\t<meta property=\"og:image:width\" content=\"1200\" \/>\n\t\t<meta property=\"og:image:height\" content=\"800\" \/>\n\t\t<meta property=\"article:published_time\" content=\"2024-04-08T09:00:31+00:00\" \/>\n\t\t<meta property=\"article:modified_time\" content=\"2024-04-08T09:00:31+00:00\" \/>\n\t\t<meta property=\"article:publisher\" content=\"https:\/\/www.facebook.com\/TRMTrupaIosifVulcan\/\" \/>\n\t\t<meta name=\"twitter:card\" content=\"summary_large_image\" \/>\n\t\t<meta name=\"twitter:site\" content=\"@TRMOradea\" \/>\n\t\t<meta name=\"twitter:title\" content=\"COMUNICAT DE PRES\u0102 | Trupa Arcadia se preg\u0103te\u0219te de premier\u0103 ELEF\u0102N\u021aELUL CURIOS - Teatrul Regina Maria Oradea\" \/>\n\t\t<meta name=\"twitter:description\" content=\"Echipa Trupei Arcadia a Teatrului Regina Maria se preg\u0103te\u0219te pentru o nou\u0103 premier\u0103: \u201eElef\u0103n\u021belul curios\u201d de Nina Cassian, adaptarea \u0219i regia Iulian Bulancea, care va avea loc duminic\u0103, 14 aprilie, de la ora 11:00, la Sala Arcadia. \u201eElef\u0103n\u021belul curios\u201d este un text nostim, inspirat din povestirea \u201ePuiul de elefant\u201d a lui Rudyard Kipling. Personajul principal\" \/>\n\t\t<meta name=\"twitter:creator\" content=\"@TRMOradea\" \/>\n\t\t<meta name=\"twitter:image\" content=\"https:\/\/www.teatrulreginamaria.ro\/wp-content\/uploads\/2025\/03\/trm-istoric-01.jpg\" \/>\n\t\t<script type=\"application\/ld+json\" class=\"aioseo-schema\">\n\t\t\t{\"@context\":\"https:\\\/\\\/schema.org\",\"@graph\":[{\"@type\":\"BlogPosting\",\"@id\":\"https:\\\/\\\/www.teatrulreginamaria.ro\\\/hu\\\/comunicat-de-presa-trupa-arcadia-se-pregateste-de-premiera-elefantelul-curios\\\/#blogposting\",\"name\":\"COMUNICAT DE PRES\\u0102 | Trupa Arcadia se preg\\u0103te\\u0219te de premier\\u0103 ELEF\\u0102N\\u021aELUL CURIOS - Teatrul Regina Maria Oradea\",\"headline\":\"COMUNICAT DE PRES\\u0102 | Trupa Arcadia se preg\\u0103te\\u0219te de premier\\u0103 ELEF\\u0102N\\u021aELUL CURIOS\",\"author\":{\"@id\":\"https:\\\/\\\/www.teatrulreginamaria.ro\\\/hu\\\/author\\\/w3bmaster\\\/#author\"},\"publisher\":{\"@id\":\"https:\\\/\\\/www.teatrulreginamaria.ro\\\/hu\\\/#organization\"},\"image\":{\"@type\":\"ImageObject\",\"url\":\"https:\\\/\\\/www.teatrulreginamaria.ro\\\/wp-content\\\/uploads\\\/2024\\\/04\\\/ELEFANTEL_50_x_35_FINAL_MIC-scaled.jpg\",\"width\":1792,\"height\":2560},\"datePublished\":\"2024-04-08T09:00:31+03:00\",\"dateModified\":\"2024-04-08T09:00:31+03:00\",\"inLanguage\":\"hu-HU\",\"mainEntityOfPage\":{\"@id\":\"https:\\\/\\\/www.teatrulreginamaria.ro\\\/hu\\\/comunicat-de-presa-trupa-arcadia-se-pregateste-de-premiera-elefantelul-curios\\\/#webpage\"},\"isPartOf\":{\"@id\":\"https:\\\/\\\/www.teatrulreginamaria.ro\\\/hu\\\/comunicat-de-presa-trupa-arcadia-se-pregateste-de-premiera-elefantelul-curios\\\/#webpage\"},\"articleSection\":\"Nout\\u0103\\u021bi - Trupa Arcadia\"},{\"@type\":\"BreadcrumbList\",\"@id\":\"https:\\\/\\\/www.teatrulreginamaria.ro\\\/hu\\\/comunicat-de-presa-trupa-arcadia-se-pregateste-de-premiera-elefantelul-curios\\\/#breadcrumblist\",\"itemListElement\":[{\"@type\":\"ListItem\",\"@id\":\"https:\\\/\\\/www.teatrulreginamaria.ro\\\/hu#listItem\",\"position\":1,\"name\":\"Home\",\"item\":\"https:\\\/\\\/www.teatrulreginamaria.ro\\\/hu\",\"nextItem\":{\"@type\":\"ListItem\",\"@id\":\"https:\\\/\\\/www.teatrulreginamaria.ro\\\/hu\\\/categorie\\\/noutati\\\/#listItem\",\"name\":\"Nout\\u0103\\u021bi\"}},{\"@type\":\"ListItem\",\"@id\":\"https:\\\/\\\/www.teatrulreginamaria.ro\\\/hu\\\/categorie\\\/noutati\\\/#listItem\",\"position\":2,\"name\":\"Nout\\u0103\\u021bi\",\"item\":\"https:\\\/\\\/www.teatrulreginamaria.ro\\\/hu\\\/categorie\\\/noutati\\\/\",\"nextItem\":{\"@type\":\"ListItem\",\"@id\":\"https:\\\/\\\/www.teatrulreginamaria.ro\\\/hu\\\/categorie\\\/noutati\\\/noutati-trupa-arcadia\\\/#listItem\",\"name\":\"Nout\\u0103\\u021bi - Trupa Arcadia\"},\"previousItem\":{\"@type\":\"ListItem\",\"@id\":\"https:\\\/\\\/www.teatrulreginamaria.ro\\\/hu#listItem\",\"name\":\"Home\"}},{\"@type\":\"ListItem\",\"@id\":\"https:\\\/\\\/www.teatrulreginamaria.ro\\\/hu\\\/categorie\\\/noutati\\\/noutati-trupa-arcadia\\\/#listItem\",\"position\":3,\"name\":\"Nout\\u0103\\u021bi - Trupa Arcadia\",\"item\":\"https:\\\/\\\/www.teatrulreginamaria.ro\\\/hu\\\/categorie\\\/noutati\\\/noutati-trupa-arcadia\\\/\",\"nextItem\":{\"@type\":\"ListItem\",\"@id\":\"https:\\\/\\\/www.teatrulreginamaria.ro\\\/hu\\\/comunicat-de-presa-trupa-arcadia-se-pregateste-de-premiera-elefantelul-curios\\\/#listItem\",\"name\":\"COMUNICAT DE PRES\\u0102 | Trupa Arcadia se preg\\u0103te\\u0219te de premier\\u0103 ELEF\\u0102N\\u021aELUL CURIOS\"},\"previousItem\":{\"@type\":\"ListItem\",\"@id\":\"https:\\\/\\\/www.teatrulreginamaria.ro\\\/hu\\\/categorie\\\/noutati\\\/#listItem\",\"name\":\"Nout\\u0103\\u021bi\"}},{\"@type\":\"ListItem\",\"@id\":\"https:\\\/\\\/www.teatrulreginamaria.ro\\\/hu\\\/comunicat-de-presa-trupa-arcadia-se-pregateste-de-premiera-elefantelul-curios\\\/#listItem\",\"position\":4,\"name\":\"COMUNICAT DE PRES\\u0102 | Trupa Arcadia se preg\\u0103te\\u0219te de premier\\u0103 ELEF\\u0102N\\u021aELUL CURIOS\",\"previousItem\":{\"@type\":\"ListItem\",\"@id\":\"https:\\\/\\\/www.teatrulreginamaria.ro\\\/hu\\\/categorie\\\/noutati\\\/noutati-trupa-arcadia\\\/#listItem\",\"name\":\"Nout\\u0103\\u021bi - Trupa Arcadia\"}}]},{\"@type\":\"Organization\",\"@id\":\"https:\\\/\\\/www.teatrulreginamaria.ro\\\/hu\\\/#organization\",\"name\":\"Teatrul Regina Maria Oradea\",\"description\":\"Trupa Iosif Vulcan \\u0219i Trupa Arcadia\",\"url\":\"https:\\\/\\\/www.teatrulreginamaria.ro\\\/hu\\\/\",\"email\":\"marketing@teatrulreginamaria.ro\",\"telephone\":\"+40359411534\",\"numberOfEmployees\":{\"@type\":\"QuantitativeValue\",\"minValue\":0,\"maxValue\":150},\"logo\":{\"@type\":\"ImageObject\",\"url\":\"https:\\\/\\\/www.teatrulreginamaria.ro\\\/wp-content\\\/uploads\\\/2025\\\/06\\\/logo-trm-01-dark.png\",\"@id\":\"https:\\\/\\\/www.teatrulreginamaria.ro\\\/hu\\\/comunicat-de-presa-trupa-arcadia-se-pregateste-de-premiera-elefantelul-curios\\\/#organizationLogo\",\"width\":300,\"height\":148},\"image\":{\"@id\":\"https:\\\/\\\/www.teatrulreginamaria.ro\\\/hu\\\/comunicat-de-presa-trupa-arcadia-se-pregateste-de-premiera-elefantelul-curios\\\/#organizationLogo\"},\"sameAs\":[\"https:\\\/\\\/www.facebook.com\\\/TRMTrupaIosifVulcan\\\/\",\"https:\\\/\\\/x.com\\\/TRMOradea\",\"https:\\\/\\\/www.instagram.com\\\/teatrul_regina_maria\\\/\",\"https:\\\/\\\/www.youtube.com\\\/c\\\/TeatrulReginaMariaOradea\",\"https:\\\/\\\/www.linkedin.com\\\/company\\\/teatrul-regina-maria\"]},{\"@type\":\"Person\",\"@id\":\"https:\\\/\\\/www.teatrulreginamaria.ro\\\/hu\\\/author\\\/w3bmaster\\\/#author\",\"url\":\"https:\\\/\\\/www.teatrulreginamaria.ro\\\/hu\\\/author\\\/w3bmaster\\\/\",\"name\":\"Teatrul Regina Maria\",\"image\":{\"@type\":\"ImageObject\",\"@id\":\"https:\\\/\\\/www.teatrulreginamaria.ro\\\/hu\\\/comunicat-de-presa-trupa-arcadia-se-pregateste-de-premiera-elefantelul-curios\\\/#authorImage\",\"url\":\"https:\\\/\\\/secure.gravatar.com\\\/avatar\\\/5884139d508ae3f0bafe45e60563b48a9640146d3b08ccc6278c305ff9329305?s=96&d=mm&r=g\",\"width\":96,\"height\":96,\"caption\":\"Teatrul Regina Maria\"}},{\"@type\":\"WebPage\",\"@id\":\"https:\\\/\\\/www.teatrulreginamaria.ro\\\/hu\\\/comunicat-de-presa-trupa-arcadia-se-pregateste-de-premiera-elefantelul-curios\\\/#webpage\",\"url\":\"https:\\\/\\\/www.teatrulreginamaria.ro\\\/hu\\\/comunicat-de-presa-trupa-arcadia-se-pregateste-de-premiera-elefantelul-curios\\\/\",\"name\":\"COMUNICAT DE PRES\\u0102 | Trupa Arcadia se preg\\u0103te\\u0219te de premier\\u0103 ELEF\\u0102N\\u021aELUL CURIOS - Teatrul Regina Maria Oradea\",\"description\":\"Echipa Trupei Arcadia a Teatrului Regina Maria se preg\\u0103te\\u0219te pentru o nou\\u0103 premier\\u0103: \\u201eElef\\u0103n\\u021belul curios\\u201d de Nina Cassian, adaptarea \\u0219i regia Iulian Bulancea, care va avea loc duminic\\u0103, 14 aprilie, de la ora 11:00, la Sala Arcadia. \\u201eElef\\u0103n\\u021belul curios\\u201d este un text nostim, inspirat din povestirea \\u201ePuiul de elefant\\u201d a lui Rudyard Kipling. Personajul principal\",\"inLanguage\":\"hu-HU\",\"isPartOf\":{\"@id\":\"https:\\\/\\\/www.teatrulreginamaria.ro\\\/hu\\\/#website\"},\"breadcrumb\":{\"@id\":\"https:\\\/\\\/www.teatrulreginamaria.ro\\\/hu\\\/comunicat-de-presa-trupa-arcadia-se-pregateste-de-premiera-elefantelul-curios\\\/#breadcrumblist\"},\"author\":{\"@id\":\"https:\\\/\\\/www.teatrulreginamaria.ro\\\/hu\\\/author\\\/w3bmaster\\\/#author\"},\"creator\":{\"@id\":\"https:\\\/\\\/www.teatrulreginamaria.ro\\\/hu\\\/author\\\/w3bmaster\\\/#author\"},\"image\":{\"@type\":\"ImageObject\",\"url\":\"https:\\\/\\\/www.teatrulreginamaria.ro\\\/wp-content\\\/uploads\\\/2024\\\/04\\\/ELEFANTEL_50_x_35_FINAL_MIC-scaled.jpg\",\"@id\":\"https:\\\/\\\/www.teatrulreginamaria.ro\\\/hu\\\/comunicat-de-presa-trupa-arcadia-se-pregateste-de-premiera-elefantelul-curios\\\/#mainImage\",\"width\":1792,\"height\":2560},\"primaryImageOfPage\":{\"@id\":\"https:\\\/\\\/www.teatrulreginamaria.ro\\\/hu\\\/comunicat-de-presa-trupa-arcadia-se-pregateste-de-premiera-elefantelul-curios\\\/#mainImage\"},\"datePublished\":\"2024-04-08T09:00:31+03:00\",\"dateModified\":\"2024-04-08T09:00:31+03:00\"},{\"@type\":\"WebSite\",\"@id\":\"https:\\\/\\\/www.teatrulreginamaria.ro\\\/hu\\\/#website\",\"url\":\"https:\\\/\\\/www.teatrulreginamaria.ro\\\/hu\\\/\",\"name\":\"Teatrul Regina Maria Oradea\",\"alternateName\":\"TRM Oradea\",\"description\":\"Trupa Iosif Vulcan \\u0219i Trupa Arcadia\",\"inLanguage\":\"hu-HU\",\"publisher\":{\"@id\":\"https:\\\/\\\/www.teatrulreginamaria.ro\\\/hu\\\/#organization\"}}]}\n\t\t<\/script>\n\t\t<!-- All in One SEO Pro -->\r\n\t\t<title>COMUNICAT DE PRES\u0102 | Trupa Arcadia se preg\u0103te\u0219te de premier\u0103 ELEF\u0102N\u021aELUL CURIOS - Teatrul Regina Maria Oradea<\/title>\n\n","aioseo_head_json":{"title":"SAJT\u00d3K\u00d6ZLEM\u00c9NY | Az Arcadia T\u00e1rsulat A K\u00cdV\u00c1NCSI ELEF\u00c1NT premierj\u00e9re k\u00e9sz\u00fcl - Regina Maria Sz\u00ednh\u00e1z, Nagyv\u00e1radi","description":"A Regina Maria Sz\u00ednh\u00e1z Arcadia T\u00e1rsulat\u00e1nak csapata \u00faj premierre k\u00e9sz\u00fcl: Nina Cassian &quot;A k\u00edv\u00e1ncsi elef\u00e1nt&quot; c\u00edm\u0171 darabj\u00e1ra, Iulian Bulancea \u00e1tdolgoz\u00e1s\u00e1ban \u00e9s rendez\u00e9s\u00e9ben, amelyre \u00e1prilis 14-\u00e9n, vas\u00e1rnap 11 \u00f3rakor ker\u00fcl sor az Arcadia Teremben. A &quot;A k\u00edv\u00e1ncsi elef\u00e1nt&quot; egy vicces sz\u00f6veg, amelyet Rudyard Kipling &quot;Az elef\u00e1ntfi\u00f3ka&quot; c\u00edm\u0171 t\u00f6rt\u00e9nete ihletett. A f\u0151szerepl\u0151...","canonical_url":"https:\/\/www.teatrulreginamaria.ro\/hu\/comunicat-de-presa-trupa-arcadia-se-pregateste-de-premiera-elefantelul-curios\/","robots":"max-image-preview:large","keywords":"","webmasterTools":{"miscellaneous":""},"schema":{"@context":"https:\/\/schema.org","@graph":[{"@type":"BlogPosting","@id":"https:\/\/www.teatrulreginamaria.ro\/hu\/comunicat-de-presa-trupa-arcadia-se-pregateste-de-premiera-elefantelul-curios\/#blogposting","name":"COMUNICAT DE PRES\u0102 | Trupa Arcadia se preg\u0103te\u0219te de premier\u0103 ELEF\u0102N\u021aELUL CURIOS - Teatrul Regina Maria Oradea","headline":"COMUNICAT DE PRES\u0102 | Trupa Arcadia se preg\u0103te\u0219te de premier\u0103 ELEF\u0102N\u021aELUL CURIOS","author":{"@id":"https:\/\/www.teatrulreginamaria.ro\/hu\/author\/w3bmaster\/#author"},"publisher":{"@id":"https:\/\/www.teatrulreginamaria.ro\/hu\/#organization"},"image":{"@type":"ImageObject","url":"https:\/\/www.teatrulreginamaria.ro\/wp-content\/uploads\/2024\/04\/ELEFANTEL_50_x_35_FINAL_MIC-scaled.jpg","width":1792,"height":2560},"datePublished":"2024-04-08T09:00:31+03:00","dateModified":"2024-04-08T09:00:31+03:00","inLanguage":"hu-HU","mainEntityOfPage":{"@id":"https:\/\/www.teatrulreginamaria.ro\/hu\/comunicat-de-presa-trupa-arcadia-se-pregateste-de-premiera-elefantelul-curios\/#webpage"},"isPartOf":{"@id":"https:\/\/www.teatrulreginamaria.ro\/hu\/comunicat-de-presa-trupa-arcadia-se-pregateste-de-premiera-elefantelul-curios\/#webpage"},"articleSection":"Nout\u0103\u021bi - Trupa Arcadia"},{"@type":"BreadcrumbList","@id":"https:\/\/www.teatrulreginamaria.ro\/hu\/comunicat-de-presa-trupa-arcadia-se-pregateste-de-premiera-elefantelul-curios\/#breadcrumblist","itemListElement":[{"@type":"ListItem","@id":"https:\/\/www.teatrulreginamaria.ro\/hu#listItem","position":1,"name":"Home","item":"https:\/\/www.teatrulreginamaria.ro\/hu","nextItem":{"@type":"ListItem","@id":"https:\/\/www.teatrulreginamaria.ro\/hu\/categorie\/noutati\/#listItem","name":"Nout\u0103\u021bi"}},{"@type":"ListItem","@id":"https:\/\/www.teatrulreginamaria.ro\/hu\/categorie\/noutati\/#listItem","position":2,"name":"Nout\u0103\u021bi","item":"https:\/\/www.teatrulreginamaria.ro\/hu\/categorie\/noutati\/","nextItem":{"@type":"ListItem","@id":"https:\/\/www.teatrulreginamaria.ro\/hu\/categorie\/noutati\/noutati-trupa-arcadia\/#listItem","name":"Nout\u0103\u021bi - Trupa Arcadia"},"previousItem":{"@type":"ListItem","@id":"https:\/\/www.teatrulreginamaria.ro\/hu#listItem","name":"Home"}},{"@type":"ListItem","@id":"https:\/\/www.teatrulreginamaria.ro\/hu\/categorie\/noutati\/noutati-trupa-arcadia\/#listItem","position":3,"name":"Nout\u0103\u021bi - Trupa Arcadia","item":"https:\/\/www.teatrulreginamaria.ro\/hu\/categorie\/noutati\/noutati-trupa-arcadia\/","nextItem":{"@type":"ListItem","@id":"https:\/\/www.teatrulreginamaria.ro\/hu\/comunicat-de-presa-trupa-arcadia-se-pregateste-de-premiera-elefantelul-curios\/#listItem","name":"COMUNICAT DE PRES\u0102 | Trupa Arcadia se preg\u0103te\u0219te de premier\u0103 ELEF\u0102N\u021aELUL CURIOS"},"previousItem":{"@type":"ListItem","@id":"https:\/\/www.teatrulreginamaria.ro\/hu\/categorie\/noutati\/#listItem","name":"Nout\u0103\u021bi"}},{"@type":"ListItem","@id":"https:\/\/www.teatrulreginamaria.ro\/hu\/comunicat-de-presa-trupa-arcadia-se-pregateste-de-premiera-elefantelul-curios\/#listItem","position":4,"name":"COMUNICAT DE PRES\u0102 | Trupa Arcadia se preg\u0103te\u0219te de premier\u0103 ELEF\u0102N\u021aELUL CURIOS","previousItem":{"@type":"ListItem","@id":"https:\/\/www.teatrulreginamaria.ro\/hu\/categorie\/noutati\/noutati-trupa-arcadia\/#listItem","name":"Nout\u0103\u021bi - Trupa Arcadia"}}]},{"@type":"Organization","@id":"https:\/\/www.teatrulreginamaria.ro\/hu\/#organization","name":"Teatrul Regina Maria Oradea","description":"Trupa Iosif Vulcan \u0219i Trupa Arcadia","url":"https:\/\/www.teatrulreginamaria.ro\/hu\/","email":"marketing@teatrulreginamaria.ro","telephone":"+40359411534","numberOfEmployees":{"@type":"QuantitativeValue","minValue":0,"maxValue":150},"logo":{"@type":"ImageObject","url":"https:\/\/www.teatrulreginamaria.ro\/wp-content\/uploads\/2025\/06\/logo-trm-01-dark.png","@id":"https:\/\/www.teatrulreginamaria.ro\/hu\/comunicat-de-presa-trupa-arcadia-se-pregateste-de-premiera-elefantelul-curios\/#organizationLogo","width":300,"height":148},"image":{"@id":"https:\/\/www.teatrulreginamaria.ro\/hu\/comunicat-de-presa-trupa-arcadia-se-pregateste-de-premiera-elefantelul-curios\/#organizationLogo"},"sameAs":["https:\/\/www.facebook.com\/TRMTrupaIosifVulcan\/","https:\/\/x.com\/TRMOradea","https:\/\/www.instagram.com\/teatrul_regina_maria\/","https:\/\/www.youtube.com\/c\/TeatrulReginaMariaOradea","https:\/\/www.linkedin.com\/company\/teatrul-regina-maria"]},{"@type":"Person","@id":"https:\/\/www.teatrulreginamaria.ro\/hu\/author\/w3bmaster\/#author","url":"https:\/\/www.teatrulreginamaria.ro\/hu\/author\/w3bmaster\/","name":"Teatrul Regina Maria","image":{"@type":"ImageObject","@id":"https:\/\/www.teatrulreginamaria.ro\/hu\/comunicat-de-presa-trupa-arcadia-se-pregateste-de-premiera-elefantelul-curios\/#authorImage","url":"https:\/\/secure.gravatar.com\/avatar\/5884139d508ae3f0bafe45e60563b48a9640146d3b08ccc6278c305ff9329305?s=96&d=mm&r=g","width":96,"height":96,"caption":"Teatrul Regina Maria"}},{"@type":"WebPage","@id":"https:\/\/www.teatrulreginamaria.ro\/hu\/comunicat-de-presa-trupa-arcadia-se-pregateste-de-premiera-elefantelul-curios\/#webpage","url":"https:\/\/www.teatrulreginamaria.ro\/hu\/comunicat-de-presa-trupa-arcadia-se-pregateste-de-premiera-elefantelul-curios\/","name":"COMUNICAT DE PRES\u0102 | Trupa Arcadia se preg\u0103te\u0219te de premier\u0103 ELEF\u0102N\u021aELUL CURIOS - Teatrul Regina Maria Oradea","description":"Echipa Trupei Arcadia a Teatrului Regina Maria se preg\u0103te\u0219te pentru o nou\u0103 premier\u0103: \u201eElef\u0103n\u021belul curios\u201d de Nina Cassian, adaptarea \u0219i regia Iulian Bulancea, care va avea loc duminic\u0103, 14 aprilie, de la ora 11:00, la Sala Arcadia. \u201eElef\u0103n\u021belul curios\u201d este un text nostim, inspirat din povestirea \u201ePuiul de elefant\u201d a lui Rudyard Kipling. Personajul principal","inLanguage":"hu-HU","isPartOf":{"@id":"https:\/\/www.teatrulreginamaria.ro\/hu\/#website"},"breadcrumb":{"@id":"https:\/\/www.teatrulreginamaria.ro\/hu\/comunicat-de-presa-trupa-arcadia-se-pregateste-de-premiera-elefantelul-curios\/#breadcrumblist"},"author":{"@id":"https:\/\/www.teatrulreginamaria.ro\/hu\/author\/w3bmaster\/#author"},"creator":{"@id":"https:\/\/www.teatrulreginamaria.ro\/hu\/author\/w3bmaster\/#author"},"image":{"@type":"ImageObject","url":"https:\/\/www.teatrulreginamaria.ro\/wp-content\/uploads\/2024\/04\/ELEFANTEL_50_x_35_FINAL_MIC-scaled.jpg","@id":"https:\/\/www.teatrulreginamaria.ro\/hu\/comunicat-de-presa-trupa-arcadia-se-pregateste-de-premiera-elefantelul-curios\/#mainImage","width":1792,"height":2560},"primaryImageOfPage":{"@id":"https:\/\/www.teatrulreginamaria.ro\/hu\/comunicat-de-presa-trupa-arcadia-se-pregateste-de-premiera-elefantelul-curios\/#mainImage"},"datePublished":"2024-04-08T09:00:31+03:00","dateModified":"2024-04-08T09:00:31+03:00"},{"@type":"WebSite","@id":"https:\/\/www.teatrulreginamaria.ro\/hu\/#website","url":"https:\/\/www.teatrulreginamaria.ro\/hu\/","name":"Teatrul Regina Maria Oradea","alternateName":"TRM Oradea","description":"Trupa Iosif Vulcan \u0219i Trupa Arcadia","inLanguage":"hu-HU","publisher":{"@id":"https:\/\/www.teatrulreginamaria.ro\/hu\/#organization"}}]},"og:locale":"hu_HU","og:site_name":"Teatrul Regina Maria Oradea - Trupa Iosif Vulcan \u0219i Trupa Arcadia","og:type":"article","og:title":"COMUNICAT DE PRES\u0102 | Trupa Arcadia se preg\u0103te\u0219te de premier\u0103 ELEF\u0102N\u021aELUL CURIOS - Teatrul Regina Maria Oradea","og:description":"Echipa Trupei Arcadia a Teatrului Regina Maria se preg\u0103te\u0219te pentru o nou\u0103 premier\u0103: \u201eElef\u0103n\u021belul curios\u201d de Nina Cassian, adaptarea \u0219i regia Iulian Bulancea, care va avea loc duminic\u0103, 14 aprilie, de la ora 11:00, la Sala Arcadia. \u201eElef\u0103n\u021belul curios\u201d este un text nostim, inspirat din povestirea \u201ePuiul de elefant\u201d a lui Rudyard Kipling. Personajul principal","og:url":"https:\/\/www.teatrulreginamaria.ro\/hu\/comunicat-de-presa-trupa-arcadia-se-pregateste-de-premiera-elefantelul-curios\/","og:image":"https:\/\/www.teatrulreginamaria.ro\/wp-content\/uploads\/2025\/03\/trm-istoric-01.jpg","og:image:secure_url":"https:\/\/www.teatrulreginamaria.ro\/wp-content\/uploads\/2025\/03\/trm-istoric-01.jpg","og:image:width":1200,"og:image:height":800,"article:published_time":"2024-04-08T09:00:31+00:00","article:modified_time":"2024-04-08T09:00:31+00:00","article:publisher":"https:\/\/www.facebook.com\/TRMTrupaIosifVulcan\/","twitter:card":"summary_large_image","twitter:site":"@TRMOradea","twitter:title":"COMUNICAT DE PRES\u0102 | Trupa Arcadia se preg\u0103te\u0219te de premier\u0103 ELEF\u0102N\u021aELUL CURIOS - Teatrul Regina Maria Oradea","twitter:description":"Echipa Trupei Arcadia a Teatrului Regina Maria se preg\u0103te\u0219te pentru o nou\u0103 premier\u0103: \u201eElef\u0103n\u021belul curios\u201d de Nina Cassian, adaptarea \u0219i regia Iulian Bulancea, care va avea loc duminic\u0103, 14 aprilie, de la ora 11:00, la Sala Arcadia. \u201eElef\u0103n\u021belul curios\u201d este un text nostim, inspirat din povestirea \u201ePuiul de elefant\u201d a lui Rudyard Kipling. Personajul principal","twitter:creator":"@TRMOradea","twitter:image":"https:\/\/www.teatrulreginamaria.ro\/wp-content\/uploads\/2025\/03\/trm-istoric-01.jpg"},"aioseo_meta_data":{"post_id":"5539","title":null,"description":null,"keywords":null,"keyphrases":null,"primary_term":null,"canonical_url":null,"og_title":null,"og_description":null,"og_object_type":"default","og_image_type":"default","og_image_url":null,"og_image_width":null,"og_image_height":null,"og_image_custom_url":null,"og_image_custom_fields":null,"og_video":null,"og_custom_url":null,"og_article_section":null,"og_article_tags":null,"twitter_use_og":false,"twitter_card":"default","twitter_image_type":"default","twitter_image_url":null,"twitter_image_custom_url":null,"twitter_image_custom_fields":null,"twitter_title":null,"twitter_description":null,"schema":{"blockGraphs":[],"customGraphs":[],"default":{"data":{"Article":[],"Course":[],"Dataset":[],"FAQPage":[],"Movie":[],"Person":[],"Product":[],"ProductReview":[],"Car":[],"Recipe":[],"Service":[],"SoftwareApplication":[],"WebPage":[]},"graphName":"","isEnabled":true},"graphs":[]},"schema_type":"default","schema_type_options":null,"pillar_content":false,"robots_default":true,"robots_noindex":false,"robots_noarchive":false,"robots_nosnippet":false,"robots_nofollow":false,"robots_noimageindex":false,"robots_noodp":false,"robots_notranslate":false,"robots_max_snippet":null,"robots_max_videopreview":null,"robots_max_imagepreview":"large","priority":null,"frequency":null,"local_seo":null,"seo_analyzer_scan_date":"2026-05-13 03:24:36","breadcrumb_settings":null,"limit_modified_date":false,"reviewed_by":null,"open_ai":null,"ai":null,"created":"2025-04-09 17:42:45","updated":"2026-05-13 03:24:36","focus_keyword":null,"additional_keywords":null,"truseo_locale":null},"aioseo_breadcrumb":"<div class=\"aioseo-breadcrumbs\"><span class=\"aioseo-breadcrumb\">\n\t<a href=\"https:\/\/www.teatrulreginamaria.ro\/hu\" title=\"Home\">Home<\/a>\n<\/span><span class=\"aioseo-breadcrumb-separator\">&raquo;<\/span><span class=\"aioseo-breadcrumb\">\n\t<a href=\"https:\/\/www.teatrulreginamaria.ro\/hu\/categorie\/noutati\/\" title=\"Nout\u0103\u021bi\">Nout\u0103\u021bi<\/a>\n<\/span><span class=\"aioseo-breadcrumb-separator\">&raquo;<\/span><span class=\"aioseo-breadcrumb\">\n\t<a href=\"https:\/\/www.teatrulreginamaria.ro\/hu\/categorie\/noutati\/noutati-trupa-arcadia\/\" title=\"Nout\u0103\u021bi - Trupa Arcadia\">Nout\u0103\u021bi - Trupa Arcadia<\/a>\n<\/span><span class=\"aioseo-breadcrumb-separator\">&raquo;<\/span><span class=\"aioseo-breadcrumb\">\n\tCOMUNICAT DE PRES\u0102 | Trupa Arcadia se preg\u0103te\u0219te de premier\u0103 ELEF\u0102N\u021aELUL CURIOS\n<\/span><\/div>","aioseo_breadcrumb_json":[{"label":"Home","link":"https:\/\/www.teatrulreginamaria.ro\/hu"},{"label":"Nout\u0103\u021bi","link":"https:\/\/www.teatrulreginamaria.ro\/hu\/categorie\/noutati\/"},{"label":"Nout\u0103\u021bi - Trupa Arcadia","link":"https:\/\/www.teatrulreginamaria.ro\/hu\/categorie\/noutati\/noutati-trupa-arcadia\/"},{"label":"COMUNICAT DE PRES\u0102 | Trupa Arcadia se preg\u0103te\u0219te de premier\u0103 ELEF\u0102N\u021aELUL CURIOS","link":"https:\/\/www.teatrulreginamaria.ro\/hu\/comunicat-de-presa-trupa-arcadia-se-pregateste-de-premiera-elefantelul-curios\/"}],"acf":[],"_links":{"self":[{"href":"https:\/\/www.teatrulreginamaria.ro\/hu\/wp-json\/wp\/v2\/posts\/5539","targetHints":{"allow":["GET"]}}],"collection":[{"href":"https:\/\/www.teatrulreginamaria.ro\/hu\/wp-json\/wp\/v2\/posts"}],"about":[{"href":"https:\/\/www.teatrulreginamaria.ro\/hu\/wp-json\/wp\/v2\/types\/post"}],"author":[{"embeddable":true,"href":"https:\/\/www.teatrulreginamaria.ro\/hu\/wp-json\/wp\/v2\/users\/6"}],"replies":[{"embeddable":true,"href":"https:\/\/www.teatrulreginamaria.ro\/hu\/wp-json\/wp\/v2\/comments?post=5539"}],"version-history":[{"count":0,"href":"https:\/\/www.teatrulreginamaria.ro\/hu\/wp-json\/wp\/v2\/posts\/5539\/revisions"}],"wp:featuredmedia":[{"embeddable":true,"href":"https:\/\/www.teatrulreginamaria.ro\/hu\/wp-json\/wp\/v2\/media\/5537"}],"wp:attachment":[{"href":"https:\/\/www.teatrulreginamaria.ro\/hu\/wp-json\/wp\/v2\/media?parent=5539"}],"wp:term":[{"taxonomy":"category","embeddable":true,"href":"https:\/\/www.teatrulreginamaria.ro\/hu\/wp-json\/wp\/v2\/categories?post=5539"},{"taxonomy":"post_tag","embeddable":true,"href":"https:\/\/www.teatrulreginamaria.ro\/hu\/wp-json\/wp\/v2\/tags?post=5539"}],"curies":[{"name":"munkaf\u00fczet","href":"https:\/\/api.w.org\/{rel}","templated":true}]}}