{"id":5621,"date":"2024-10-18T08:39:05","date_gmt":"2024-10-18T08:39:05","guid":{"rendered":"https:\/\/teatrulreginamaria.ro\/2024\/10\/18\/comunicat-de-presa-prima-premiera-a-noii-stagiuni-la-trupa-arcadia-o-raza-de-soare-in-regia-lui-toma-hogea\/"},"modified":"2024-10-18T08:39:05","modified_gmt":"2024-10-18T08:39:05","slug":"sajtokozlemeny-az-arcadia-tarsulat-uj-evadanak-elso-premierje-egy-napsugar-rendezte-toma-hogea","status":"publish","type":"post","link":"https:\/\/www.teatrulreginamaria.ro\/hu\/comunicat-de-presa-prima-premiera-a-noii-stagiuni-la-trupa-arcadia-o-raza-de-soare-in-regia-lui-toma-hogea\/","title":{"rendered":"SAJT\u00d3K\u00d6ZLEM\u00c9NY | Az Arcadia T\u00e1rsulat \u00faj \u00e9vad\u00e1nak els\u0151 premierje: &quot;A Ray of Sun&quot;, rendezte: Toma Hogea"},"content":{"rendered":"<p><strong>A Regina Maria Sz\u00ednh\u00e1z Arcadia t\u00e1rsulata mesemond\u00f3 \u00e9vadot hirdet, amelyben az orsz\u00e1g minden id\u0151k legelismertebb anim\u00e1ci\u00f3s sz\u00ednh\u00e1zi rendez\u0151i mutatnak be el\u0151ad\u00e1sokat. Az els\u0151 premieren egy \u00e9rz\u00e9keny, j\u00e1t\u00e9kos t\u00f6rt\u00e9net ker\u00fcl sz\u00ednpadra, amely k\u00e9pes visszavezetni minket a sarkalatos emberi \u00e9rt\u00e9kekhez: Al.T. \u201eA Ray of Sunshine\u201d c\u00edm\u0171 m\u0171ve. Popescu, rendez\u0151: Toma Hogea.<\/strong><\/p>\n<p><!--more--><\/p>\n<p>Toma Hogea \u00f6sszetett alkot\u00f3: az alkot\u00e1s \u00f6r\u00f6m\u00e9vel meg\u00e1ldott b\u00e1bm\u0171v\u00e9sz, aki az id\u0151k sor\u00e1n sz\u00e1mos k\u00fcl\u00f6nb\u00f6z\u0151 m\u0171faj\u00fa el\u0151ad\u00e1sban t\u00f6bb sz\u00e1z szerepet j\u00e1tszott, m\u0171v\u00e9szeti vezet\u0151, akinek reperto\u00e1rj\u00e1ban sz\u00e1mos, orsz\u00e1gszerte bemutatott, magas sz\u00ednvonal\u00fa el\u0151ad\u00e1s tal\u00e1lhat\u00f3, a b\u00e1bm\u0171v\u00e9szetr\u0151l sz\u00f3l\u00f3 jelent\u0151s k\u00f6tetek szerz\u0151je \u00e9s a J\u00e1szv\u00e1s\u00e1ri M\u0171v\u00e9szeti Egyetem professzora, az anim\u00e1ci\u00f3s sz\u00ednh\u00e1z szem\u00e9lyis\u00e9ge, akit m\u0171v\u00e9szi tev\u00e9kenys\u00e9g\u00e9\u00e9rt sz\u00e1mos hazai \u00e9s nemzetk\u00f6zi d\u00edjjal jutalmaztak. Els\u0151 alkalommal l\u00e9p fel az Arcadia T\u00e1rsulatban, de nem ismeretlen sz\u00e1m\u00e1ra a nagyv\u00e1radi b\u00e1bsz\u00ednh\u00e1z sem, amelyhez k\u00f6zvetve Maria Mierlu\u021b m\u0171v\u00e9szn\u0151 r\u00e9v\u00e9n k\u00f6t\u0151d\u00f6tt.<\/p>\n<p>A \u201eNapsug\u00e1r\u201d c\u00edm\u0171 sz\u00f6veg att\u00f3l a pillanatt\u00f3l kezdve leny\u0171g\u00f6zte, hogy felfedezte, \u00e9s 27 \u00e9vvel azut\u00e1n, hogy a j\u00e1szv\u00e1s\u00e1ri \u201eLuceaf\u0103rul\u201d Sz\u00ednh\u00e1zban bemutatta, ahol hossz\u00fa \u00e9letet \u00e9lt, ugyanolyan aktu\u00e1lisnak, s\u0151t tal\u00e1n m\u00e9g relev\u00e1nsabbnak tal\u00e1lja, mert olyan alapvet\u0151 emberi \u00e9rt\u00e9keket boncolgat, amelyek felh\u00edgulhatnak, de a sz\u00ednh\u00e1z sz\u00e9ps\u00e9g\u00e9n \u00e9s j\u00e1t\u00e9koss\u00e1g\u00e1n kereszt\u00fcl \u00e1tadhat\u00f3k a gyerekeknek, \u00e9s eml\u00e9keztethet\u0151k a feln\u0151ttekre.<\/p>\n<p><em>\u201eAz Al.T. Popescu \u00e1ltal \u00edrt \u201dEgy napsug\u00e1r\u201d c\u00edm\u0171 sz\u00f6veg els\u0151sorban gyerekeknek (\u00f3vod\u00e1soknak \u00e9s kisiskol\u00e1soknak) sz\u00f3l. \u0150szintes\u00e9ggel, l\u00edrais\u00e1ggal, \u00e9rzelmekkel, n\u00e9ha fesz\u00fclts\u00e9ggel teli t\u00f6rt\u00e9net, melynek alapvet\u0151 t\u00e9m\u00e1ja a BAR\u00c1TS\u00c1G! A dramatiz\u00e1l\u00e1s \u00e9s a dalsz\u00f6vegek, a d\u00edszlet (Oana Cernea) \u00e9s az eredeti zene (C\u00e1ri Tibor) egy b\u00e1bj\u00e1t\u00e9kot hoznak el\u0151t\u00e9rbe, amely k\u00fcl\u00f6nb\u00f6z\u0151 kezel\u00e9si m\u00f3dokat (bibabo, bunraku, marionett) alkalmaz egy olyan j\u00e1t\u00e9kt\u00e9rben, amely egyed\u00fcl\u00e1ll\u00f3 az anim\u00e1ci\u00f3s sz\u00ednh\u00e1zban, de kifejezetten a dr\u00e1masz\u00ednh\u00e1zra jellemz\u0151. A j\u00e1t\u00e9kt\u00e9r, a szerepl\u0151k\/b\u00e1bok finoms\u00e1ga \u00e9s t\u00f6r\u00e9kenys\u00e9ge k\u00f6z\u00f6tti boldog kapcsolat eredetis\u00e9get \u00e9s \u00e9rzelmeket k\u00f6lcs\u00f6n\u00f6z... ami annyira elengedhetetlen a gyermekeknek sz\u00f3l\u00f3 el\u0151ad\u00e1shoz. A BAR\u00c1TS\u00c1G t\u00e9m\u00e1j\u00e1t eset\u00fcnkben az \u00c1LDOZAT (embert\u00e1rsak\u00e9rt, m\u00e9g ink\u00e1bb egy bar\u00e1t\u00e9rt) t\u00e9m\u00e1ja eg\u00e9sz\u00edti ki term\u00e9szetes m\u00f3don, \u00e9rz\u00e9kenys\u00e9ggel, \u0151szintes\u00e9ggel, j\u00e1t\u00e9koss\u00e1ggal, humorral \u00e9s a j\u00e1t\u00e9k \u00f6r\u00f6m\u00e9vel, mindezt pedig a sz\u00ednpad, a karakter \u00e9s a k\u00f6z\u00f6ns\u00e9g ir\u00e1nti elk\u00f6telezett SZ\u00cdN\u00c9SZEK j\u00f3l al\u00e1t\u00e1masztj\u00e1k., <\/em>Toma Hogea bevallja.<\/p>\n<p>A kreat\u00edv csapat tagja C\u00e1ri Tibor, az UNITER-d\u00edjas zeneszerz\u0151 is, aki a darab eredeti zen\u00e9j\u00e9t \u00edrta, \u00e9s akivel Toma Hogea rendez\u0151 hossz\u00fa \u00e9s gy\u00f6ny\u00f6r\u0171 egy\u00fcttm\u0171k\u00f6d\u00e9st \u00e1pol.<\/p>\n<p><em>C\u00e1ri Tibor az a zeneszerz\u0151, aki meg\u00e9rt engem \u00e9s teljes m\u00e9rt\u00e9kben v\u00e1laszol nekem.<\/em> <em>Az \u00e9n \u00e9rz\u00e9seimet, a fel\u00e9p\u00edt\u00e9semet ismeri, meg\u00e9rti minden gondolatomat \u00e9s sz\u00ednpadi t\u00f6rekv\u00e9semet. Az orsz\u00e1g \u00f6sszes produkci\u00f3j\u00e1ban dolgoztam m\u00e1r vele, \u00e9s zseni\u00e1lisan b\u00e1nik b\u00e1rmilyen sz\u00f6veggel \u2013 legyen az dr\u00e1mai vagy gyermeksz\u00f6veg.,<\/em> teszi hozz\u00e1 Toma Hogea rendez\u0151.<\/p>\n<p>D\u00edszlet\u00e9p\u00edt\u00e9szet, <em>l\u00e9tfontoss\u00e1g\u00fa eleme egy gyermekm\u0171sornak \u00e9s a nekik sz\u00e1nt moziknak<\/em>, Oana Cernea szerz\u0151dtette, akir\u0151l a j\u00e1szv\u00e1s\u00e1ri rendez\u0151 nagy potenci\u00e1llal rendelkez\u0151 d\u00edszlettervez\u0151nek mondja, akivel szeretne \u00fajra tal\u00e1lkozni.<\/p>\n<p>A darab szerepl\u0151g\u00e1rd\u00e1ja a k\u00f6vetkez\u0151 sz\u00edn\u00e9szekb\u0151l \u00e1ll: Florian Silaghi (az eg\u00e9r Muf), Consuela Egyed (Pitt balerina) \u00e9s Igor Lungu (a macska).<\/p>\n<p>Az el\u0151ad\u00e1s premierje okt\u00f3ber 19-\u00e9n, 11:00 \u00f3rakor lesz az Arcadia Hallban, a k\u00f6vetkez\u0151 el\u0151ad\u00e1s pedig okt\u00f3ber 26-\u00e1n lesz. Mindk\u00e9t, okt\u00f3berben a nagyk\u00f6z\u00f6ns\u00e9g sz\u00e1m\u00e1ra tervezett el\u0151ad\u00e1sra m\u00e1r minden jegy elkelt. Az el\u0151ad\u00e1st az \u00f3vod\u00e1k \u00e9s iskol\u00e1k sz\u00e1m\u00e1ra szervezett \u201eM\u00e1sk\u00e9pp iskol\u00e1zunk\u201d h\u00e9t alatt is bemutatj\u00e1k.<\/p>\n<p>Szeretettel v\u00e1runk a sz\u00ednh\u00e1zba!<\/p>","protected":false},"excerpt":{"rendered":"<p>Trupa Arcadia a Teatrului Regina Maria anun\u021b\u0103 o stagiune de poveste, \u00een care vor pune \u00een scen\u0103 spectacole unii dintre cei mai aprecia\u021bi regizori de teatru de anima\u021bie din \u021bar\u0103 ai momentului. Prima premier\u0103 readuce pe scen\u0103 o poveste sensibil\u0103, juc\u0103u\u0219\u0103, care are darul de a ne re\u00eentoarce spre valori umane cardinale: \u201eO raz\u0103 de [&hellip;]<\/p>\n","protected":false},"author":6,"featured_media":5609,"comment_status":"open","ping_status":"open","sticky":false,"template":"","format":"standard","meta":{"_acf_changed":false,"footnotes":""},"categories":[41],"tags":[],"class_list":["post-5621","post","type-post","status-publish","format-standard","has-post-thumbnail","hentry","category-noutati"],"aioseo_notices":[],"aioseo_head":"\n\t\t<!-- All in One SEO Pro 5.0.1.1 - aioseo.com -->\n\t<meta name=\"description\" content=\"Trupa Arcadia a Teatrului Regina Maria anun\u021b\u0103 o stagiune de poveste, \u00een care vor pune \u00een scen\u0103 spectacole unii dintre cei mai aprecia\u021bi regizori de teatru de anima\u021bie din \u021bar\u0103 ai momentului. Prima premier\u0103 readuce pe scen\u0103 o poveste sensibil\u0103, juc\u0103u\u0219\u0103, care are darul de a ne re\u00eentoarce spre valori umane cardinale: \u201eO raz\u0103 de\" \/>\n\t<meta name=\"robots\" content=\"max-image-preview:large\" \/>\n\t<meta name=\"author\" content=\"Teatrul Regina Maria\"\/>\n\t<link rel=\"canonical\" href=\"https:\/\/www.teatrulreginamaria.ro\/hu\/comunicat-de-presa-prima-premiera-a-noii-stagiuni-la-trupa-arcadia-o-raza-de-soare-in-regia-lui-toma-hogea\/\" \/>\n\t<meta name=\"generator\" content=\"All in One SEO Pro (AIOSEO) 5.0.1.1\" \/>\n\t\t<meta property=\"og:locale\" content=\"hu_HU\" \/>\n\t\t<meta property=\"og:site_name\" content=\"Teatrul Regina Maria Oradea - Trupa Iosif Vulcan \u0219i Trupa Arcadia\" \/>\n\t\t<meta property=\"og:type\" content=\"article\" \/>\n\t\t<meta property=\"og:title\" content=\"COMUNICAT DE PRES\u0102 | Prima premier\u0103 a noii stagiuni la Trupa Arcadia: \u201eO raz\u0103 de soare\u201d, \u00een regia lui Toma Hogea - Teatrul Regina Maria Oradea\" \/>\n\t\t<meta property=\"og:description\" content=\"Trupa Arcadia a Teatrului Regina Maria anun\u021b\u0103 o stagiune de poveste, \u00een care vor pune \u00een scen\u0103 spectacole unii dintre cei mai aprecia\u021bi regizori de teatru de anima\u021bie din \u021bar\u0103 ai momentului. Prima premier\u0103 readuce pe scen\u0103 o poveste sensibil\u0103, juc\u0103u\u0219\u0103, care are darul de a ne re\u00eentoarce spre valori umane cardinale: \u201eO raz\u0103 de\" \/>\n\t\t<meta property=\"og:url\" content=\"https:\/\/www.teatrulreginamaria.ro\/hu\/comunicat-de-presa-prima-premiera-a-noii-stagiuni-la-trupa-arcadia-o-raza-de-soare-in-regia-lui-toma-hogea\/\" \/>\n\t\t<meta property=\"og:image\" content=\"https:\/\/www.teatrulreginamaria.ro\/wp-content\/uploads\/2025\/03\/trm-istoric-01.jpg\" \/>\n\t\t<meta property=\"og:image:secure_url\" content=\"https:\/\/www.teatrulreginamaria.ro\/wp-content\/uploads\/2025\/03\/trm-istoric-01.jpg\" \/>\n\t\t<meta property=\"og:image:width\" content=\"1200\" \/>\n\t\t<meta property=\"og:image:height\" content=\"800\" \/>\n\t\t<meta property=\"article:published_time\" content=\"2024-10-18T08:39:05+00:00\" \/>\n\t\t<meta property=\"article:modified_time\" content=\"2024-10-18T08:39:05+00:00\" \/>\n\t\t<meta property=\"article:publisher\" content=\"https:\/\/www.facebook.com\/TRMTrupaIosifVulcan\/\" \/>\n\t\t<meta name=\"twitter:card\" content=\"summary_large_image\" \/>\n\t\t<meta name=\"twitter:site\" content=\"@TRMOradea\" \/>\n\t\t<meta name=\"twitter:title\" content=\"COMUNICAT DE PRES\u0102 | Prima premier\u0103 a noii stagiuni la Trupa Arcadia: \u201eO raz\u0103 de soare\u201d, \u00een regia lui Toma Hogea - Teatrul Regina Maria Oradea\" \/>\n\t\t<meta name=\"twitter:description\" content=\"Trupa Arcadia a Teatrului Regina Maria anun\u021b\u0103 o stagiune de poveste, \u00een care vor pune \u00een scen\u0103 spectacole unii dintre cei mai aprecia\u021bi regizori de teatru de anima\u021bie din \u021bar\u0103 ai momentului. Prima premier\u0103 readuce pe scen\u0103 o poveste sensibil\u0103, juc\u0103u\u0219\u0103, care are darul de a ne re\u00eentoarce spre valori umane cardinale: \u201eO raz\u0103 de\" \/>\n\t\t<meta name=\"twitter:creator\" content=\"@TRMOradea\" \/>\n\t\t<meta name=\"twitter:image\" content=\"https:\/\/www.teatrulreginamaria.ro\/wp-content\/uploads\/2025\/03\/trm-istoric-01.jpg\" \/>\n\t\t<script type=\"application\/ld+json\" class=\"aioseo-schema\">\n\t\t\t{\"@context\":\"https:\\\/\\\/schema.org\",\"@graph\":[{\"@type\":\"BlogPosting\",\"@id\":\"https:\\\/\\\/www.teatrulreginamaria.ro\\\/hu\\\/comunicat-de-presa-prima-premiera-a-noii-stagiuni-la-trupa-arcadia-o-raza-de-soare-in-regia-lui-toma-hogea\\\/#blogposting\",\"name\":\"COMUNICAT DE PRES\\u0102 | Prima premier\\u0103 a noii stagiuni la Trupa Arcadia: \\u201eO raz\\u0103 de soare\\u201d, \\u00een regia lui Toma Hogea - Teatrul Regina Maria Oradea\",\"headline\":\"COMUNICAT DE PRES\\u0102 | Prima premier\\u0103 a noii stagiuni la Trupa Arcadia: \\u201eO raz\\u0103 de soare\\u201d, \\u00een regia lui Toma Hogea\",\"author\":{\"@id\":\"https:\\\/\\\/www.teatrulreginamaria.ro\\\/hu\\\/author\\\/w3bmaster\\\/#author\"},\"publisher\":{\"@id\":\"https:\\\/\\\/www.teatrulreginamaria.ro\\\/hu\\\/#organization\"},\"image\":{\"@type\":\"ImageObject\",\"url\":\"https:\\\/\\\/www.teatrulreginamaria.ro\\\/wp-content\\\/uploads\\\/2024\\\/10\\\/AFIS_O_RAZA_DE_SOARE_2024_5_MIC-scaled.jpg\",\"width\":1792,\"height\":2560},\"datePublished\":\"2024-10-18T08:39:05+03:00\",\"dateModified\":\"2024-10-18T08:39:05+03:00\",\"inLanguage\":\"hu-HU\",\"mainEntityOfPage\":{\"@id\":\"https:\\\/\\\/www.teatrulreginamaria.ro\\\/hu\\\/comunicat-de-presa-prima-premiera-a-noii-stagiuni-la-trupa-arcadia-o-raza-de-soare-in-regia-lui-toma-hogea\\\/#webpage\"},\"isPartOf\":{\"@id\":\"https:\\\/\\\/www.teatrulreginamaria.ro\\\/hu\\\/comunicat-de-presa-prima-premiera-a-noii-stagiuni-la-trupa-arcadia-o-raza-de-soare-in-regia-lui-toma-hogea\\\/#webpage\"},\"articleSection\":\"Nout\\u0103\\u021bi\"},{\"@type\":\"BreadcrumbList\",\"@id\":\"https:\\\/\\\/www.teatrulreginamaria.ro\\\/hu\\\/comunicat-de-presa-prima-premiera-a-noii-stagiuni-la-trupa-arcadia-o-raza-de-soare-in-regia-lui-toma-hogea\\\/#breadcrumblist\",\"itemListElement\":[{\"@type\":\"ListItem\",\"@id\":\"https:\\\/\\\/www.teatrulreginamaria.ro\\\/hu#listItem\",\"position\":1,\"name\":\"Home\",\"item\":\"https:\\\/\\\/www.teatrulreginamaria.ro\\\/hu\",\"nextItem\":{\"@type\":\"ListItem\",\"@id\":\"https:\\\/\\\/www.teatrulreginamaria.ro\\\/hu\\\/categorie\\\/noutati\\\/#listItem\",\"name\":\"Nout\\u0103\\u021bi\"}},{\"@type\":\"ListItem\",\"@id\":\"https:\\\/\\\/www.teatrulreginamaria.ro\\\/hu\\\/categorie\\\/noutati\\\/#listItem\",\"position\":2,\"name\":\"Nout\\u0103\\u021bi\",\"item\":\"https:\\\/\\\/www.teatrulreginamaria.ro\\\/hu\\\/categorie\\\/noutati\\\/\",\"nextItem\":{\"@type\":\"ListItem\",\"@id\":\"https:\\\/\\\/www.teatrulreginamaria.ro\\\/hu\\\/comunicat-de-presa-prima-premiera-a-noii-stagiuni-la-trupa-arcadia-o-raza-de-soare-in-regia-lui-toma-hogea\\\/#listItem\",\"name\":\"COMUNICAT DE PRES\\u0102 | Prima premier\\u0103 a noii stagiuni la Trupa Arcadia: \\u201eO raz\\u0103 de soare\\u201d, \\u00een regia lui Toma Hogea\"},\"previousItem\":{\"@type\":\"ListItem\",\"@id\":\"https:\\\/\\\/www.teatrulreginamaria.ro\\\/hu#listItem\",\"name\":\"Home\"}},{\"@type\":\"ListItem\",\"@id\":\"https:\\\/\\\/www.teatrulreginamaria.ro\\\/hu\\\/comunicat-de-presa-prima-premiera-a-noii-stagiuni-la-trupa-arcadia-o-raza-de-soare-in-regia-lui-toma-hogea\\\/#listItem\",\"position\":3,\"name\":\"COMUNICAT DE PRES\\u0102 | Prima premier\\u0103 a noii stagiuni la Trupa Arcadia: \\u201eO raz\\u0103 de soare\\u201d, \\u00een regia lui Toma Hogea\",\"previousItem\":{\"@type\":\"ListItem\",\"@id\":\"https:\\\/\\\/www.teatrulreginamaria.ro\\\/hu\\\/categorie\\\/noutati\\\/#listItem\",\"name\":\"Nout\\u0103\\u021bi\"}}]},{\"@type\":\"Organization\",\"@id\":\"https:\\\/\\\/www.teatrulreginamaria.ro\\\/hu\\\/#organization\",\"name\":\"Teatrul Regina Maria Oradea\",\"description\":\"Trupa Iosif Vulcan \\u0219i Trupa Arcadia\",\"url\":\"https:\\\/\\\/www.teatrulreginamaria.ro\\\/hu\\\/\",\"email\":\"marketing@teatrulreginamaria.ro\",\"telephone\":\"+40359411534\",\"numberOfEmployees\":{\"@type\":\"QuantitativeValue\",\"minValue\":0,\"maxValue\":150},\"logo\":{\"@type\":\"ImageObject\",\"url\":\"https:\\\/\\\/www.teatrulreginamaria.ro\\\/wp-content\\\/uploads\\\/2025\\\/06\\\/logo-trm-01-dark.png\",\"@id\":\"https:\\\/\\\/www.teatrulreginamaria.ro\\\/hu\\\/comunicat-de-presa-prima-premiera-a-noii-stagiuni-la-trupa-arcadia-o-raza-de-soare-in-regia-lui-toma-hogea\\\/#organizationLogo\",\"width\":300,\"height\":148},\"image\":{\"@id\":\"https:\\\/\\\/www.teatrulreginamaria.ro\\\/hu\\\/comunicat-de-presa-prima-premiera-a-noii-stagiuni-la-trupa-arcadia-o-raza-de-soare-in-regia-lui-toma-hogea\\\/#organizationLogo\"},\"sameAs\":[\"https:\\\/\\\/www.facebook.com\\\/TRMTrupaIosifVulcan\\\/\",\"https:\\\/\\\/x.com\\\/TRMOradea\",\"https:\\\/\\\/www.instagram.com\\\/teatrul_regina_maria\\\/\",\"https:\\\/\\\/www.youtube.com\\\/c\\\/TeatrulReginaMariaOradea\",\"https:\\\/\\\/www.linkedin.com\\\/company\\\/teatrul-regina-maria\"]},{\"@type\":\"Person\",\"@id\":\"https:\\\/\\\/www.teatrulreginamaria.ro\\\/hu\\\/author\\\/w3bmaster\\\/#author\",\"url\":\"https:\\\/\\\/www.teatrulreginamaria.ro\\\/hu\\\/author\\\/w3bmaster\\\/\",\"name\":\"Teatrul Regina Maria\",\"image\":{\"@type\":\"ImageObject\",\"@id\":\"https:\\\/\\\/www.teatrulreginamaria.ro\\\/hu\\\/comunicat-de-presa-prima-premiera-a-noii-stagiuni-la-trupa-arcadia-o-raza-de-soare-in-regia-lui-toma-hogea\\\/#authorImage\",\"url\":\"https:\\\/\\\/secure.gravatar.com\\\/avatar\\\/5884139d508ae3f0bafe45e60563b48a9640146d3b08ccc6278c305ff9329305?s=96&d=mm&r=g\",\"width\":96,\"height\":96,\"caption\":\"Teatrul Regina Maria\"}},{\"@type\":\"WebPage\",\"@id\":\"https:\\\/\\\/www.teatrulreginamaria.ro\\\/hu\\\/comunicat-de-presa-prima-premiera-a-noii-stagiuni-la-trupa-arcadia-o-raza-de-soare-in-regia-lui-toma-hogea\\\/#webpage\",\"url\":\"https:\\\/\\\/www.teatrulreginamaria.ro\\\/hu\\\/comunicat-de-presa-prima-premiera-a-noii-stagiuni-la-trupa-arcadia-o-raza-de-soare-in-regia-lui-toma-hogea\\\/\",\"name\":\"COMUNICAT DE PRES\\u0102 | Prima premier\\u0103 a noii stagiuni la Trupa Arcadia: \\u201eO raz\\u0103 de soare\\u201d, \\u00een regia lui Toma Hogea - Teatrul Regina Maria Oradea\",\"description\":\"Trupa Arcadia a Teatrului Regina Maria anun\\u021b\\u0103 o stagiune de poveste, \\u00een care vor pune \\u00een scen\\u0103 spectacole unii dintre cei mai aprecia\\u021bi regizori de teatru de anima\\u021bie din \\u021bar\\u0103 ai momentului. Prima premier\\u0103 readuce pe scen\\u0103 o poveste sensibil\\u0103, juc\\u0103u\\u0219\\u0103, care are darul de a ne re\\u00eentoarce spre valori umane cardinale: \\u201eO raz\\u0103 de\",\"inLanguage\":\"hu-HU\",\"isPartOf\":{\"@id\":\"https:\\\/\\\/www.teatrulreginamaria.ro\\\/hu\\\/#website\"},\"breadcrumb\":{\"@id\":\"https:\\\/\\\/www.teatrulreginamaria.ro\\\/hu\\\/comunicat-de-presa-prima-premiera-a-noii-stagiuni-la-trupa-arcadia-o-raza-de-soare-in-regia-lui-toma-hogea\\\/#breadcrumblist\"},\"author\":{\"@id\":\"https:\\\/\\\/www.teatrulreginamaria.ro\\\/hu\\\/author\\\/w3bmaster\\\/#author\"},\"creator\":{\"@id\":\"https:\\\/\\\/www.teatrulreginamaria.ro\\\/hu\\\/author\\\/w3bmaster\\\/#author\"},\"image\":{\"@type\":\"ImageObject\",\"url\":\"https:\\\/\\\/www.teatrulreginamaria.ro\\\/wp-content\\\/uploads\\\/2024\\\/10\\\/AFIS_O_RAZA_DE_SOARE_2024_5_MIC-scaled.jpg\",\"@id\":\"https:\\\/\\\/www.teatrulreginamaria.ro\\\/hu\\\/comunicat-de-presa-prima-premiera-a-noii-stagiuni-la-trupa-arcadia-o-raza-de-soare-in-regia-lui-toma-hogea\\\/#mainImage\",\"width\":1792,\"height\":2560},\"primaryImageOfPage\":{\"@id\":\"https:\\\/\\\/www.teatrulreginamaria.ro\\\/hu\\\/comunicat-de-presa-prima-premiera-a-noii-stagiuni-la-trupa-arcadia-o-raza-de-soare-in-regia-lui-toma-hogea\\\/#mainImage\"},\"datePublished\":\"2024-10-18T08:39:05+03:00\",\"dateModified\":\"2024-10-18T08:39:05+03:00\"},{\"@type\":\"WebSite\",\"@id\":\"https:\\\/\\\/www.teatrulreginamaria.ro\\\/hu\\\/#website\",\"url\":\"https:\\\/\\\/www.teatrulreginamaria.ro\\\/hu\\\/\",\"name\":\"Teatrul Regina Maria Oradea\",\"alternateName\":\"TRM Oradea\",\"description\":\"Trupa Iosif Vulcan \\u0219i Trupa Arcadia\",\"inLanguage\":\"hu-HU\",\"publisher\":{\"@id\":\"https:\\\/\\\/www.teatrulreginamaria.ro\\\/hu\\\/#organization\"}}]}\n\t\t<\/script>\n\t\t<!-- All in One SEO Pro -->\r\n\t\t<title>COMUNICAT DE PRES\u0102 | Prima premier\u0103 a noii stagiuni la Trupa Arcadia: \u201eO raz\u0103 de soare\u201d, \u00een regia lui Toma Hogea - Teatrul Regina Maria Oradea<\/title>\n\n","aioseo_head_json":{"title":"SAJT\u00d3K\u00d6ZLEM\u00c9NY | Az Arcadia T\u00e1rsulat \u00faj \u00e9vad\u00e1nak els\u0151 premierje: &quot;Napsug\u00e1r&quot;, rendezte: Toma Hogea - Regina Maria Sz\u00ednh\u00e1z, Nagyv\u00e1radi","description":"A Regina Maria Sz\u00ednh\u00e1z Arcadia t\u00e1rsulata t\u00f6rt\u00e9netmes\u00e9l\u00e9si \u00e9vadot hirdet, amelyben az orsz\u00e1g legelismertebb anim\u00e1ci\u00f3s sz\u00ednh\u00e1zi rendez\u0151i mutatnak be el\u0151ad\u00e1sokat. Az els\u0151 premier egy \u00e9rz\u00e9keny, j\u00e1t\u00e9kos t\u00f6rt\u00e9netet hoz vissza a sz\u00ednpadra, amely k\u00e9pes visszavezetni minket a sarkalatos emberi \u00e9rt\u00e9kekhez: &quot;Egy sug\u00e1r...","canonical_url":"https:\/\/www.teatrulreginamaria.ro\/hu\/comunicat-de-presa-prima-premiera-a-noii-stagiuni-la-trupa-arcadia-o-raza-de-soare-in-regia-lui-toma-hogea\/","robots":"max-image-preview:large","keywords":"","webmasterTools":{"miscellaneous":""},"schema":{"@context":"https:\/\/schema.org","@graph":[{"@type":"BlogPosting","@id":"https:\/\/www.teatrulreginamaria.ro\/hu\/comunicat-de-presa-prima-premiera-a-noii-stagiuni-la-trupa-arcadia-o-raza-de-soare-in-regia-lui-toma-hogea\/#blogposting","name":"COMUNICAT DE PRES\u0102 | Prima premier\u0103 a noii stagiuni la Trupa Arcadia: \u201eO raz\u0103 de soare\u201d, \u00een regia lui Toma Hogea - Teatrul Regina Maria Oradea","headline":"COMUNICAT DE PRES\u0102 | Prima premier\u0103 a noii stagiuni la Trupa Arcadia: \u201eO raz\u0103 de soare\u201d, \u00een regia lui Toma Hogea","author":{"@id":"https:\/\/www.teatrulreginamaria.ro\/hu\/author\/w3bmaster\/#author"},"publisher":{"@id":"https:\/\/www.teatrulreginamaria.ro\/hu\/#organization"},"image":{"@type":"ImageObject","url":"https:\/\/www.teatrulreginamaria.ro\/wp-content\/uploads\/2024\/10\/AFIS_O_RAZA_DE_SOARE_2024_5_MIC-scaled.jpg","width":1792,"height":2560},"datePublished":"2024-10-18T08:39:05+03:00","dateModified":"2024-10-18T08:39:05+03:00","inLanguage":"hu-HU","mainEntityOfPage":{"@id":"https:\/\/www.teatrulreginamaria.ro\/hu\/comunicat-de-presa-prima-premiera-a-noii-stagiuni-la-trupa-arcadia-o-raza-de-soare-in-regia-lui-toma-hogea\/#webpage"},"isPartOf":{"@id":"https:\/\/www.teatrulreginamaria.ro\/hu\/comunicat-de-presa-prima-premiera-a-noii-stagiuni-la-trupa-arcadia-o-raza-de-soare-in-regia-lui-toma-hogea\/#webpage"},"articleSection":"Nout\u0103\u021bi"},{"@type":"BreadcrumbList","@id":"https:\/\/www.teatrulreginamaria.ro\/hu\/comunicat-de-presa-prima-premiera-a-noii-stagiuni-la-trupa-arcadia-o-raza-de-soare-in-regia-lui-toma-hogea\/#breadcrumblist","itemListElement":[{"@type":"ListItem","@id":"https:\/\/www.teatrulreginamaria.ro\/hu#listItem","position":1,"name":"Home","item":"https:\/\/www.teatrulreginamaria.ro\/hu","nextItem":{"@type":"ListItem","@id":"https:\/\/www.teatrulreginamaria.ro\/hu\/categorie\/noutati\/#listItem","name":"Nout\u0103\u021bi"}},{"@type":"ListItem","@id":"https:\/\/www.teatrulreginamaria.ro\/hu\/categorie\/noutati\/#listItem","position":2,"name":"Nout\u0103\u021bi","item":"https:\/\/www.teatrulreginamaria.ro\/hu\/categorie\/noutati\/","nextItem":{"@type":"ListItem","@id":"https:\/\/www.teatrulreginamaria.ro\/hu\/comunicat-de-presa-prima-premiera-a-noii-stagiuni-la-trupa-arcadia-o-raza-de-soare-in-regia-lui-toma-hogea\/#listItem","name":"COMUNICAT DE PRES\u0102 | Prima premier\u0103 a noii stagiuni la Trupa Arcadia: \u201eO raz\u0103 de soare\u201d, \u00een regia lui Toma Hogea"},"previousItem":{"@type":"ListItem","@id":"https:\/\/www.teatrulreginamaria.ro\/hu#listItem","name":"Home"}},{"@type":"ListItem","@id":"https:\/\/www.teatrulreginamaria.ro\/hu\/comunicat-de-presa-prima-premiera-a-noii-stagiuni-la-trupa-arcadia-o-raza-de-soare-in-regia-lui-toma-hogea\/#listItem","position":3,"name":"COMUNICAT DE PRES\u0102 | Prima premier\u0103 a noii stagiuni la Trupa Arcadia: \u201eO raz\u0103 de soare\u201d, \u00een regia lui Toma Hogea","previousItem":{"@type":"ListItem","@id":"https:\/\/www.teatrulreginamaria.ro\/hu\/categorie\/noutati\/#listItem","name":"Nout\u0103\u021bi"}}]},{"@type":"Organization","@id":"https:\/\/www.teatrulreginamaria.ro\/hu\/#organization","name":"Teatrul Regina Maria Oradea","description":"Trupa Iosif Vulcan \u0219i Trupa Arcadia","url":"https:\/\/www.teatrulreginamaria.ro\/hu\/","email":"marketing@teatrulreginamaria.ro","telephone":"+40359411534","numberOfEmployees":{"@type":"QuantitativeValue","minValue":0,"maxValue":150},"logo":{"@type":"ImageObject","url":"https:\/\/www.teatrulreginamaria.ro\/wp-content\/uploads\/2025\/06\/logo-trm-01-dark.png","@id":"https:\/\/www.teatrulreginamaria.ro\/hu\/comunicat-de-presa-prima-premiera-a-noii-stagiuni-la-trupa-arcadia-o-raza-de-soare-in-regia-lui-toma-hogea\/#organizationLogo","width":300,"height":148},"image":{"@id":"https:\/\/www.teatrulreginamaria.ro\/hu\/comunicat-de-presa-prima-premiera-a-noii-stagiuni-la-trupa-arcadia-o-raza-de-soare-in-regia-lui-toma-hogea\/#organizationLogo"},"sameAs":["https:\/\/www.facebook.com\/TRMTrupaIosifVulcan\/","https:\/\/x.com\/TRMOradea","https:\/\/www.instagram.com\/teatrul_regina_maria\/","https:\/\/www.youtube.com\/c\/TeatrulReginaMariaOradea","https:\/\/www.linkedin.com\/company\/teatrul-regina-maria"]},{"@type":"Person","@id":"https:\/\/www.teatrulreginamaria.ro\/hu\/author\/w3bmaster\/#author","url":"https:\/\/www.teatrulreginamaria.ro\/hu\/author\/w3bmaster\/","name":"Teatrul Regina Maria","image":{"@type":"ImageObject","@id":"https:\/\/www.teatrulreginamaria.ro\/hu\/comunicat-de-presa-prima-premiera-a-noii-stagiuni-la-trupa-arcadia-o-raza-de-soare-in-regia-lui-toma-hogea\/#authorImage","url":"https:\/\/secure.gravatar.com\/avatar\/5884139d508ae3f0bafe45e60563b48a9640146d3b08ccc6278c305ff9329305?s=96&d=mm&r=g","width":96,"height":96,"caption":"Teatrul Regina Maria"}},{"@type":"WebPage","@id":"https:\/\/www.teatrulreginamaria.ro\/hu\/comunicat-de-presa-prima-premiera-a-noii-stagiuni-la-trupa-arcadia-o-raza-de-soare-in-regia-lui-toma-hogea\/#webpage","url":"https:\/\/www.teatrulreginamaria.ro\/hu\/comunicat-de-presa-prima-premiera-a-noii-stagiuni-la-trupa-arcadia-o-raza-de-soare-in-regia-lui-toma-hogea\/","name":"COMUNICAT DE PRES\u0102 | Prima premier\u0103 a noii stagiuni la Trupa Arcadia: \u201eO raz\u0103 de soare\u201d, \u00een regia lui Toma Hogea - Teatrul Regina Maria Oradea","description":"Trupa Arcadia a Teatrului Regina Maria anun\u021b\u0103 o stagiune de poveste, \u00een care vor pune \u00een scen\u0103 spectacole unii dintre cei mai aprecia\u021bi regizori de teatru de anima\u021bie din \u021bar\u0103 ai momentului. Prima premier\u0103 readuce pe scen\u0103 o poveste sensibil\u0103, juc\u0103u\u0219\u0103, care are darul de a ne re\u00eentoarce spre valori umane cardinale: \u201eO raz\u0103 de","inLanguage":"hu-HU","isPartOf":{"@id":"https:\/\/www.teatrulreginamaria.ro\/hu\/#website"},"breadcrumb":{"@id":"https:\/\/www.teatrulreginamaria.ro\/hu\/comunicat-de-presa-prima-premiera-a-noii-stagiuni-la-trupa-arcadia-o-raza-de-soare-in-regia-lui-toma-hogea\/#breadcrumblist"},"author":{"@id":"https:\/\/www.teatrulreginamaria.ro\/hu\/author\/w3bmaster\/#author"},"creator":{"@id":"https:\/\/www.teatrulreginamaria.ro\/hu\/author\/w3bmaster\/#author"},"image":{"@type":"ImageObject","url":"https:\/\/www.teatrulreginamaria.ro\/wp-content\/uploads\/2024\/10\/AFIS_O_RAZA_DE_SOARE_2024_5_MIC-scaled.jpg","@id":"https:\/\/www.teatrulreginamaria.ro\/hu\/comunicat-de-presa-prima-premiera-a-noii-stagiuni-la-trupa-arcadia-o-raza-de-soare-in-regia-lui-toma-hogea\/#mainImage","width":1792,"height":2560},"primaryImageOfPage":{"@id":"https:\/\/www.teatrulreginamaria.ro\/hu\/comunicat-de-presa-prima-premiera-a-noii-stagiuni-la-trupa-arcadia-o-raza-de-soare-in-regia-lui-toma-hogea\/#mainImage"},"datePublished":"2024-10-18T08:39:05+03:00","dateModified":"2024-10-18T08:39:05+03:00"},{"@type":"WebSite","@id":"https:\/\/www.teatrulreginamaria.ro\/hu\/#website","url":"https:\/\/www.teatrulreginamaria.ro\/hu\/","name":"Teatrul Regina Maria Oradea","alternateName":"TRM Oradea","description":"Trupa Iosif Vulcan \u0219i Trupa Arcadia","inLanguage":"hu-HU","publisher":{"@id":"https:\/\/www.teatrulreginamaria.ro\/hu\/#organization"}}]},"og:locale":"hu_HU","og:site_name":"Teatrul Regina Maria Oradea - Trupa Iosif Vulcan \u0219i Trupa Arcadia","og:type":"article","og:title":"COMUNICAT DE PRES\u0102 | Prima premier\u0103 a noii stagiuni la Trupa Arcadia: \u201eO raz\u0103 de soare\u201d, \u00een regia lui Toma Hogea - Teatrul Regina Maria Oradea","og:description":"Trupa Arcadia a Teatrului Regina Maria anun\u021b\u0103 o stagiune de poveste, \u00een care vor pune \u00een scen\u0103 spectacole unii dintre cei mai aprecia\u021bi regizori de teatru de anima\u021bie din \u021bar\u0103 ai momentului. Prima premier\u0103 readuce pe scen\u0103 o poveste sensibil\u0103, juc\u0103u\u0219\u0103, care are darul de a ne re\u00eentoarce spre valori umane cardinale: \u201eO raz\u0103 de","og:url":"https:\/\/www.teatrulreginamaria.ro\/hu\/comunicat-de-presa-prima-premiera-a-noii-stagiuni-la-trupa-arcadia-o-raza-de-soare-in-regia-lui-toma-hogea\/","og:image":"https:\/\/www.teatrulreginamaria.ro\/wp-content\/uploads\/2025\/03\/trm-istoric-01.jpg","og:image:secure_url":"https:\/\/www.teatrulreginamaria.ro\/wp-content\/uploads\/2025\/03\/trm-istoric-01.jpg","og:image:width":1200,"og:image:height":800,"article:published_time":"2024-10-18T08:39:05+00:00","article:modified_time":"2024-10-18T08:39:05+00:00","article:publisher":"https:\/\/www.facebook.com\/TRMTrupaIosifVulcan\/","twitter:card":"summary_large_image","twitter:site":"@TRMOradea","twitter:title":"COMUNICAT DE PRES\u0102 | Prima premier\u0103 a noii stagiuni la Trupa Arcadia: \u201eO raz\u0103 de soare\u201d, \u00een regia lui Toma Hogea - Teatrul Regina Maria Oradea","twitter:description":"Trupa Arcadia a Teatrului Regina Maria anun\u021b\u0103 o stagiune de poveste, \u00een care vor pune \u00een scen\u0103 spectacole unii dintre cei mai aprecia\u021bi regizori de teatru de anima\u021bie din \u021bar\u0103 ai momentului. Prima premier\u0103 readuce pe scen\u0103 o poveste sensibil\u0103, juc\u0103u\u0219\u0103, care are darul de a ne re\u00eentoarce spre valori umane cardinale: \u201eO raz\u0103 de","twitter:creator":"@TRMOradea","twitter:image":"https:\/\/www.teatrulreginamaria.ro\/wp-content\/uploads\/2025\/03\/trm-istoric-01.jpg"},"aioseo_meta_data":{"post_id":"5621","title":null,"description":null,"keywords":null,"keyphrases":null,"primary_term":null,"canonical_url":null,"og_title":null,"og_description":null,"og_object_type":"default","og_image_type":"default","og_image_url":null,"og_image_width":null,"og_image_height":null,"og_image_custom_url":null,"og_image_custom_fields":null,"og_video":null,"og_custom_url":null,"og_article_section":null,"og_article_tags":null,"twitter_use_og":false,"twitter_card":"default","twitter_image_type":"default","twitter_image_url":null,"twitter_image_custom_url":null,"twitter_image_custom_fields":null,"twitter_title":null,"twitter_description":null,"schema":{"blockGraphs":[],"customGraphs":[],"default":{"data":{"Article":[],"Course":[],"Dataset":[],"FAQPage":[],"Movie":[],"Person":[],"Product":[],"ProductReview":[],"Car":[],"Recipe":[],"Service":[],"SoftwareApplication":[],"WebPage":[]},"graphName":"","isEnabled":true},"graphs":[]},"schema_type":"default","schema_type_options":null,"pillar_content":false,"robots_default":true,"robots_noindex":false,"robots_noarchive":false,"robots_nosnippet":false,"robots_nofollow":false,"robots_noimageindex":false,"robots_noodp":false,"robots_notranslate":false,"robots_max_snippet":null,"robots_max_videopreview":null,"robots_max_imagepreview":"large","priority":null,"frequency":null,"local_seo":null,"seo_analyzer_scan_date":"2026-05-13 03:32:56","breadcrumb_settings":null,"limit_modified_date":false,"reviewed_by":null,"open_ai":null,"ai":null,"created":"2025-04-09 17:42:45","updated":"2026-05-13 03:32:56","focus_keyword":null,"additional_keywords":null,"truseo_locale":null},"aioseo_breadcrumb":"<div class=\"aioseo-breadcrumbs\"><span class=\"aioseo-breadcrumb\">\n\t<a href=\"https:\/\/www.teatrulreginamaria.ro\/hu\" title=\"Home\">Home<\/a>\n<\/span><span class=\"aioseo-breadcrumb-separator\">&raquo;<\/span><span class=\"aioseo-breadcrumb\">\n\t<a href=\"https:\/\/www.teatrulreginamaria.ro\/hu\/categorie\/noutati\/\" title=\"Nout\u0103\u021bi\">Nout\u0103\u021bi<\/a>\n<\/span><span class=\"aioseo-breadcrumb-separator\">&raquo;<\/span><span class=\"aioseo-breadcrumb\">\n\tCOMUNICAT DE PRES\u0102 | Prima premier\u0103 a noii stagiuni la Trupa Arcadia: \u201eO raz\u0103 de soare\u201d, \u00een regia lui Toma Hogea\n<\/span><\/div>","aioseo_breadcrumb_json":[{"label":"Home","link":"https:\/\/www.teatrulreginamaria.ro\/hu"},{"label":"Nout\u0103\u021bi","link":"https:\/\/www.teatrulreginamaria.ro\/hu\/categorie\/noutati\/"},{"label":"COMUNICAT DE PRES\u0102 | Prima premier\u0103 a noii stagiuni la Trupa Arcadia: \u201eO raz\u0103 de soare\u201d, \u00een regia lui Toma Hogea","link":"https:\/\/www.teatrulreginamaria.ro\/hu\/comunicat-de-presa-prima-premiera-a-noii-stagiuni-la-trupa-arcadia-o-raza-de-soare-in-regia-lui-toma-hogea\/"}],"acf":[],"_links":{"self":[{"href":"https:\/\/www.teatrulreginamaria.ro\/hu\/wp-json\/wp\/v2\/posts\/5621","targetHints":{"allow":["GET"]}}],"collection":[{"href":"https:\/\/www.teatrulreginamaria.ro\/hu\/wp-json\/wp\/v2\/posts"}],"about":[{"href":"https:\/\/www.teatrulreginamaria.ro\/hu\/wp-json\/wp\/v2\/types\/post"}],"author":[{"embeddable":true,"href":"https:\/\/www.teatrulreginamaria.ro\/hu\/wp-json\/wp\/v2\/users\/6"}],"replies":[{"embeddable":true,"href":"https:\/\/www.teatrulreginamaria.ro\/hu\/wp-json\/wp\/v2\/comments?post=5621"}],"version-history":[{"count":0,"href":"https:\/\/www.teatrulreginamaria.ro\/hu\/wp-json\/wp\/v2\/posts\/5621\/revisions"}],"wp:featuredmedia":[{"embeddable":true,"href":"https:\/\/www.teatrulreginamaria.ro\/hu\/wp-json\/wp\/v2\/media\/5609"}],"wp:attachment":[{"href":"https:\/\/www.teatrulreginamaria.ro\/hu\/wp-json\/wp\/v2\/media?parent=5621"}],"wp:term":[{"taxonomy":"category","embeddable":true,"href":"https:\/\/www.teatrulreginamaria.ro\/hu\/wp-json\/wp\/v2\/categories?post=5621"},{"taxonomy":"post_tag","embeddable":true,"href":"https:\/\/www.teatrulreginamaria.ro\/hu\/wp-json\/wp\/v2\/tags?post=5621"}],"curies":[{"name":"munkaf\u00fczet","href":"https:\/\/api.w.org\/{rel}","templated":true}]}}