{"id":8441,"date":"2021-11-21T19:00:29","date_gmt":"2021-11-21T17:00:29","guid":{"rendered":"https:\/\/teatrulreginamaria.ro\/?p=8441"},"modified":"2025-03-25T12:32:57","modified_gmt":"2025-03-25T10:32:57","slug":"eva-heyman-2","status":"publish","type":"post","link":"https:\/\/www.teatrulreginamaria.ro\/hu\/eva-heyman-2\/","title":{"rendered":"EVA HEYMAN"},"content":{"rendered":"<p class=\"wp-block-paragraph\">A Regina Maria Sz\u00ednh\u00e1z szeretettel megh\u00edvja \u00d6nt az &quot;Eva Heyman&quot; c\u00edm\u0171 el\u0151ad\u00e1s premierj\u00e9re. Egy megr\u00e1z\u00f3 egyszem\u00e9lyes el\u0151ad\u00e1s, amely egy nagyv\u00e1radi zsid\u00f3 kisl\u00e1ny napl\u00f3j\u00e1n alapul, aki tragikus hal\u00e1lt hal az auschwitzi t\u00e1borban. A m\u0171sor \u00c9va esem\u00e9nyeit, gondolatait \u00e9s \u00e9rz\u00e9seit r\u00f6gz\u00edti t\u00f6bb h\u00f3napon kereszt\u00fcl, k\u00f6zvetlen\u00fcl a kitoloncol\u00e1sa el\u0151tt. Hiteles tan\u00fas\u00e1gt\u00e9tel egy gyermek \u00e9s egy n\u00e9p trag\u00e9di\u00e1j\u00e1r\u00f3l!<\/p>\n\n\n\n<!--more-->\n\n\n\n<p class=\"wp-block-paragraph\">\u201eA dramatiz\u00e1l\u00e1s Eva Heyman, egy 13 \u00e9ves zsid\u00f3 l\u00e1ny napl\u00f3j\u00e1n alapul, aki a gett\u00f3s\u00edt\u00e1s idej\u00e9n Nagyv\u00e1radon \u00e9lt. Teh\u00e1t a cselekm\u00e9ny 1944-ben j\u00e1tsz\u00f3dik Nagyv\u00e1radon, ez\u00e9rt mindig is \u00fagy gondoltam, hogy ennek a sz\u00ednpadi t\u00f6rt\u00e9netnek itt, az \u0151 otthon\u00e1ban kellene megsz\u00fcletnie. Eva sz\u00fclei elv\u00e1ltak. Nagysz\u00fcleivel \u00e9l, \u00e9s fot\u00f3riporter szeretne lenni, de mindenekel\u0151tt \u00e9lni akar. Rendk\u00edv\u00fcli \u00e9letv\u00e1gya van az utols\u00f3 pillanatig. Tan\u00faja lesz, amikor a n\u00e9metek elrabolj\u00e1k legjobb bar\u00e1tj\u00e1t, akit soha t\u00f6bb\u00e9 nem l\u00e1t, tan\u00faja lesz, amikor a n\u00e9metek \u201e\u00e1gy\u00fakkal \u00e9s tankokkal\u201d bevonulnak Nagyv\u00e1radra, tan\u00faja lesz, amikor elveszik t\u0151le a piros biciklit, amely\u00e9rt annyira agg\u00f3dik, a f\u00e9nyk\u00e9pez\u0151g\u00e9p\u00e9t \u00e9s tulajdonk\u00e9ppen az \u00f6sszes t\u00e1rgyat is. Kimondhatatlan borzalmaknak van szemtan\u00faja, de az \u00e9lni akar\u00e1s sosem hagyja el. Az el\u0151ad\u00e1s sor\u00e1n egy gyermek \u00e9let\u00e9nek h\u00e9tk\u00f6znapi pillanatait is szemtan\u00fai lehet\u00fcnk, de egy teljesen szokatlan kontextusba helyezve. J\u00e1tszik, f\u00e9lt\u00e9keny, beleszeret, \u00e9s sokat \u00e1lmodik, annak ellen\u00e9re, hogy \u00e1lland\u00f3 fenyeget\u00e9s alatt \u00e9l.\u201d Naiv, de rendk\u00edv\u00fcl intelligens. Egy olyan gyerek, akit id\u0151 el\u0151tt k\u00e9nyszer\u00edtettek a feln\u0151tt\u00e9 v\u00e1l\u00e1sra. A szerep megalkot\u00e1sakor nagyban t\u00e1maszkodtam ezekre az er\u0151s jellemvon\u00e1sokra. \u00c9va, 13 \u00e9vesen, igazi harcos. \u201eHa siker\u00fcl \u00e9letben tartanom a rem\u00e9nyt a v\u00e9g\u00e9ig, mind a sz\u00ednpadon, mind a teremben, azt hiszem, el\u00e9rtem a c\u00e9lom legal\u00e1bb egy r\u00e9sz\u00e9t.\u201d (Ioana-Maria Repciuc)<\/p>\n\n\n\n<p class=\"wp-block-paragraph\"><strong>K\u00f6zrem\u0171k\u00f6dik: Ioana Maria Repciuc<br><br>Dramatiz\u00e1l\u00e1s, koncepci\u00f3 \u00e9s rendez\u00e9s: Emil Sauciuc \u00e9s Ioana-Maria Repciuc<br>D\u00edszlettervez\u0151: Ilinca Ghimbasan<br>Vet\u00edt\u00e9s \u00e9s zenei illusztr\u00e1ci\u00f3: Ioana Maria Repciuc<br>Plak\u00e1ttervez\u00e9s \u00e9s illusztr\u00e1ci\u00f3: Cristina Dandu<\/strong><\/p>\n\n\n\n<p class=\"wp-block-paragraph\"><strong>Premier d\u00e1tuma: 2021. november 21.<\/strong><br><strong>Az el\u0151ad\u00e1s id\u0151tartama: 1 \u00f3ra 10 perc<\/strong><\/p>","protected":false},"excerpt":{"rendered":"<p>Teatrul Regina Maria v\u0103 invit\u0103 la premiera spectacolului \u201eEva Heyman\u201d. Un one-women show cutremur\u0103tor, bazat pe jurnalul micu\u021bei evreice din Oradea, care \u00ee\u0219i g\u0103se\u0219te sf\u00e2r\u0219itul tragic \u00een lag\u0103rul de la Auschwitz. Spectacolul surprinde \u00eent\u00e2mpl\u0103rile, g\u00e2ndurile, sentimentele Evei pe o perioad\u0103 de c\u00e2teva luni, chiar \u00eenainte de a fi deportat\u0103. O m\u0103rturie autentic\u0103 despre tragedia unui [&hellip;]<\/p>\n","protected":false},"author":6,"featured_media":8442,"comment_status":"open","ping_status":"open","sticky":false,"template":"","format":"standard","meta":{"_acf_changed":false,"footnotes":""},"categories":[10],"tags":[518,522],"class_list":["post-8441","post","type-post","status-publish","format-standard","has-post-thumbnail","hentry","category-spectacole-trupa-iosif-vulcan","tag-repertoriu-2025","tag-spectacole-2020-2021"],"aioseo_notices":[],"aioseo_head":"\n\t\t<!-- All in One SEO Pro 5.0.1.1 - aioseo.com -->\n\t<meta name=\"description\" content=\"Teatrul Regina Maria v\u0103 invit\u0103 la premiera spectacolului \u201eEva Heyman\u201d. Un one-women show cutremur\u0103tor, bazat pe jurnalul micu\u021bei evreice din Oradea, care \u00ee\u0219i g\u0103se\u0219te sf\u00e2r\u0219itul tragic \u00een lag\u0103rul de la Auschwitz. Spectacolul surprinde \u00eent\u00e2mpl\u0103rile, g\u00e2ndurile, sentimentele Evei pe o perioad\u0103 de c\u00e2teva luni, chiar \u00eenainte de a fi deportat\u0103. O m\u0103rturie autentic\u0103 despre tragedia unui\" \/>\n\t<meta name=\"robots\" content=\"max-image-preview:large\" \/>\n\t<meta name=\"author\" content=\"Teatrul Regina Maria\"\/>\n\t<link rel=\"canonical\" href=\"https:\/\/www.teatrulreginamaria.ro\/hu\/eva-heyman-2\/\" \/>\n\t<meta name=\"generator\" content=\"All in One SEO Pro (AIOSEO) 5.0.1.1\" \/>\n\t\t<meta property=\"og:locale\" content=\"hu_HU\" \/>\n\t\t<meta property=\"og:site_name\" content=\"Teatrul Regina Maria Oradea - Trupa Iosif Vulcan \u0219i Trupa Arcadia\" \/>\n\t\t<meta property=\"og:type\" content=\"article\" \/>\n\t\t<meta property=\"og:title\" content=\"EVA HEYMAN - Teatrul Regina Maria Oradea\" \/>\n\t\t<meta property=\"og:description\" content=\"Teatrul Regina Maria v\u0103 invit\u0103 la premiera spectacolului \u201eEva Heyman\u201d. Un one-women show cutremur\u0103tor, bazat pe jurnalul micu\u021bei evreice din Oradea, care \u00ee\u0219i g\u0103se\u0219te sf\u00e2r\u0219itul tragic \u00een lag\u0103rul de la Auschwitz. Spectacolul surprinde \u00eent\u00e2mpl\u0103rile, g\u00e2ndurile, sentimentele Evei pe o perioad\u0103 de c\u00e2teva luni, chiar \u00eenainte de a fi deportat\u0103. O m\u0103rturie autentic\u0103 despre tragedia unui\" \/>\n\t\t<meta property=\"og:url\" content=\"https:\/\/www.teatrulreginamaria.ro\/hu\/eva-heyman-2\/\" \/>\n\t\t<meta property=\"og:image\" content=\"https:\/\/www.teatrulreginamaria.ro\/wp-content\/uploads\/2025\/03\/trm-istoric-01.jpg\" \/>\n\t\t<meta property=\"og:image:secure_url\" content=\"https:\/\/www.teatrulreginamaria.ro\/wp-content\/uploads\/2025\/03\/trm-istoric-01.jpg\" \/>\n\t\t<meta property=\"og:image:width\" content=\"1200\" \/>\n\t\t<meta property=\"og:image:height\" content=\"800\" \/>\n\t\t<meta property=\"article:published_time\" content=\"2021-11-21T17:00:29+00:00\" \/>\n\t\t<meta property=\"article:modified_time\" content=\"2025-03-25T10:32:57+00:00\" \/>\n\t\t<meta property=\"article:publisher\" content=\"https:\/\/www.facebook.com\/TRMTrupaIosifVulcan\/\" \/>\n\t\t<meta name=\"twitter:card\" content=\"summary_large_image\" \/>\n\t\t<meta name=\"twitter:site\" content=\"@TRMOradea\" \/>\n\t\t<meta name=\"twitter:title\" content=\"EVA HEYMAN - Teatrul Regina Maria Oradea\" \/>\n\t\t<meta name=\"twitter:description\" content=\"Teatrul Regina Maria v\u0103 invit\u0103 la premiera spectacolului \u201eEva Heyman\u201d. Un one-women show cutremur\u0103tor, bazat pe jurnalul micu\u021bei evreice din Oradea, care \u00ee\u0219i g\u0103se\u0219te sf\u00e2r\u0219itul tragic \u00een lag\u0103rul de la Auschwitz. Spectacolul surprinde \u00eent\u00e2mpl\u0103rile, g\u00e2ndurile, sentimentele Evei pe o perioad\u0103 de c\u00e2teva luni, chiar \u00eenainte de a fi deportat\u0103. O m\u0103rturie autentic\u0103 despre tragedia unui\" \/>\n\t\t<meta name=\"twitter:creator\" content=\"@TRMOradea\" \/>\n\t\t<meta name=\"twitter:image\" content=\"https:\/\/www.teatrulreginamaria.ro\/wp-content\/uploads\/2025\/03\/trm-istoric-01.jpg\" \/>\n\t\t<script type=\"application\/ld+json\" class=\"aioseo-schema\">\n\t\t\t{\"@context\":\"https:\\\/\\\/schema.org\",\"@graph\":[{\"@type\":\"BlogPosting\",\"@id\":\"https:\\\/\\\/www.teatrulreginamaria.ro\\\/hu\\\/eva-heyman-2\\\/#blogposting\",\"name\":\"EVA HEYMAN - Teatrul Regina Maria Oradea\",\"headline\":\"EVA HEYMAN\",\"author\":{\"@id\":\"https:\\\/\\\/www.teatrulreginamaria.ro\\\/hu\\\/author\\\/w3bmaster\\\/#author\"},\"publisher\":{\"@id\":\"https:\\\/\\\/www.teatrulreginamaria.ro\\\/hu\\\/#organization\"},\"image\":{\"@type\":\"ImageObject\",\"url\":\"https:\\\/\\\/www.teatrulreginamaria.ro\\\/wp-content\\\/uploads\\\/2025\\\/01\\\/Eva-Heyman_Ovi-D.-Pop-113-scaled.jpg\",\"width\":2560,\"height\":1709},\"datePublished\":\"2021-11-21T19:00:29+02:00\",\"dateModified\":\"2025-03-25T12:32:57+02:00\",\"inLanguage\":\"hu-HU\",\"mainEntityOfPage\":{\"@id\":\"https:\\\/\\\/www.teatrulreginamaria.ro\\\/hu\\\/eva-heyman-2\\\/#webpage\"},\"isPartOf\":{\"@id\":\"https:\\\/\\\/www.teatrulreginamaria.ro\\\/hu\\\/eva-heyman-2\\\/#webpage\"},\"articleSection\":\"Spectacole Trupa Iosif Vulcan, Repertoriu 2025, Spectacole 2020-2021\"},{\"@type\":\"BreadcrumbList\",\"@id\":\"https:\\\/\\\/www.teatrulreginamaria.ro\\\/hu\\\/eva-heyman-2\\\/#breadcrumblist\",\"itemListElement\":[{\"@type\":\"ListItem\",\"@id\":\"https:\\\/\\\/www.teatrulreginamaria.ro\\\/hu#listItem\",\"position\":1,\"name\":\"Home\",\"item\":\"https:\\\/\\\/www.teatrulreginamaria.ro\\\/hu\",\"nextItem\":{\"@type\":\"ListItem\",\"@id\":\"https:\\\/\\\/www.teatrulreginamaria.ro\\\/hu\\\/categorie\\\/trupa-iosif-vulcan\\\/#listItem\",\"name\":\"Trupa Iosif Vulcan\"}},{\"@type\":\"ListItem\",\"@id\":\"https:\\\/\\\/www.teatrulreginamaria.ro\\\/hu\\\/categorie\\\/trupa-iosif-vulcan\\\/#listItem\",\"position\":2,\"name\":\"Trupa Iosif Vulcan\",\"item\":\"https:\\\/\\\/www.teatrulreginamaria.ro\\\/hu\\\/categorie\\\/trupa-iosif-vulcan\\\/\",\"nextItem\":{\"@type\":\"ListItem\",\"@id\":\"https:\\\/\\\/www.teatrulreginamaria.ro\\\/hu\\\/categorie\\\/trupa-iosif-vulcan\\\/spectacole-trupa-iosif-vulcan\\\/#listItem\",\"name\":\"Spectacole Trupa Iosif Vulcan\"},\"previousItem\":{\"@type\":\"ListItem\",\"@id\":\"https:\\\/\\\/www.teatrulreginamaria.ro\\\/hu#listItem\",\"name\":\"Home\"}},{\"@type\":\"ListItem\",\"@id\":\"https:\\\/\\\/www.teatrulreginamaria.ro\\\/hu\\\/categorie\\\/trupa-iosif-vulcan\\\/spectacole-trupa-iosif-vulcan\\\/#listItem\",\"position\":3,\"name\":\"Spectacole Trupa Iosif Vulcan\",\"item\":\"https:\\\/\\\/www.teatrulreginamaria.ro\\\/hu\\\/categorie\\\/trupa-iosif-vulcan\\\/spectacole-trupa-iosif-vulcan\\\/\",\"nextItem\":{\"@type\":\"ListItem\",\"@id\":\"https:\\\/\\\/www.teatrulreginamaria.ro\\\/hu\\\/eva-heyman-2\\\/#listItem\",\"name\":\"EVA HEYMAN\"},\"previousItem\":{\"@type\":\"ListItem\",\"@id\":\"https:\\\/\\\/www.teatrulreginamaria.ro\\\/hu\\\/categorie\\\/trupa-iosif-vulcan\\\/#listItem\",\"name\":\"Trupa Iosif Vulcan\"}},{\"@type\":\"ListItem\",\"@id\":\"https:\\\/\\\/www.teatrulreginamaria.ro\\\/hu\\\/eva-heyman-2\\\/#listItem\",\"position\":4,\"name\":\"EVA HEYMAN\",\"previousItem\":{\"@type\":\"ListItem\",\"@id\":\"https:\\\/\\\/www.teatrulreginamaria.ro\\\/hu\\\/categorie\\\/trupa-iosif-vulcan\\\/spectacole-trupa-iosif-vulcan\\\/#listItem\",\"name\":\"Spectacole Trupa Iosif Vulcan\"}}]},{\"@type\":\"Organization\",\"@id\":\"https:\\\/\\\/www.teatrulreginamaria.ro\\\/hu\\\/#organization\",\"name\":\"Teatrul Regina Maria Oradea\",\"description\":\"Trupa Iosif Vulcan \\u0219i Trupa Arcadia\",\"url\":\"https:\\\/\\\/www.teatrulreginamaria.ro\\\/hu\\\/\",\"email\":\"marketing@teatrulreginamaria.ro\",\"telephone\":\"+40359411534\",\"numberOfEmployees\":{\"@type\":\"QuantitativeValue\",\"minValue\":0,\"maxValue\":150},\"logo\":{\"@type\":\"ImageObject\",\"url\":\"https:\\\/\\\/www.teatrulreginamaria.ro\\\/wp-content\\\/uploads\\\/2025\\\/06\\\/logo-trm-01-dark.png\",\"@id\":\"https:\\\/\\\/www.teatrulreginamaria.ro\\\/hu\\\/eva-heyman-2\\\/#organizationLogo\",\"width\":300,\"height\":148},\"image\":{\"@id\":\"https:\\\/\\\/www.teatrulreginamaria.ro\\\/hu\\\/eva-heyman-2\\\/#organizationLogo\"},\"sameAs\":[\"https:\\\/\\\/www.facebook.com\\\/TRMTrupaIosifVulcan\\\/\",\"https:\\\/\\\/x.com\\\/TRMOradea\",\"https:\\\/\\\/www.instagram.com\\\/teatrul_regina_maria\\\/\",\"https:\\\/\\\/www.youtube.com\\\/c\\\/TeatrulReginaMariaOradea\",\"https:\\\/\\\/www.linkedin.com\\\/company\\\/teatrul-regina-maria\"]},{\"@type\":\"Person\",\"@id\":\"https:\\\/\\\/www.teatrulreginamaria.ro\\\/hu\\\/author\\\/w3bmaster\\\/#author\",\"url\":\"https:\\\/\\\/www.teatrulreginamaria.ro\\\/hu\\\/author\\\/w3bmaster\\\/\",\"name\":\"Teatrul Regina Maria\",\"image\":{\"@type\":\"ImageObject\",\"@id\":\"https:\\\/\\\/www.teatrulreginamaria.ro\\\/hu\\\/eva-heyman-2\\\/#authorImage\",\"url\":\"https:\\\/\\\/secure.gravatar.com\\\/avatar\\\/5884139d508ae3f0bafe45e60563b48a9640146d3b08ccc6278c305ff9329305?s=96&d=mm&r=g\",\"width\":96,\"height\":96,\"caption\":\"Teatrul Regina Maria\"}},{\"@type\":\"WebPage\",\"@id\":\"https:\\\/\\\/www.teatrulreginamaria.ro\\\/hu\\\/eva-heyman-2\\\/#webpage\",\"url\":\"https:\\\/\\\/www.teatrulreginamaria.ro\\\/hu\\\/eva-heyman-2\\\/\",\"name\":\"EVA HEYMAN - Teatrul Regina Maria Oradea\",\"description\":\"Teatrul Regina Maria v\\u0103 invit\\u0103 la premiera spectacolului \\u201eEva Heyman\\u201d. Un one-women show cutremur\\u0103tor, bazat pe jurnalul micu\\u021bei evreice din Oradea, care \\u00ee\\u0219i g\\u0103se\\u0219te sf\\u00e2r\\u0219itul tragic \\u00een lag\\u0103rul de la Auschwitz. Spectacolul surprinde \\u00eent\\u00e2mpl\\u0103rile, g\\u00e2ndurile, sentimentele Evei pe o perioad\\u0103 de c\\u00e2teva luni, chiar \\u00eenainte de a fi deportat\\u0103. O m\\u0103rturie autentic\\u0103 despre tragedia unui\",\"inLanguage\":\"hu-HU\",\"isPartOf\":{\"@id\":\"https:\\\/\\\/www.teatrulreginamaria.ro\\\/hu\\\/#website\"},\"breadcrumb\":{\"@id\":\"https:\\\/\\\/www.teatrulreginamaria.ro\\\/hu\\\/eva-heyman-2\\\/#breadcrumblist\"},\"author\":{\"@id\":\"https:\\\/\\\/www.teatrulreginamaria.ro\\\/hu\\\/author\\\/w3bmaster\\\/#author\"},\"creator\":{\"@id\":\"https:\\\/\\\/www.teatrulreginamaria.ro\\\/hu\\\/author\\\/w3bmaster\\\/#author\"},\"image\":{\"@type\":\"ImageObject\",\"url\":\"https:\\\/\\\/www.teatrulreginamaria.ro\\\/wp-content\\\/uploads\\\/2025\\\/01\\\/Eva-Heyman_Ovi-D.-Pop-113-scaled.jpg\",\"@id\":\"https:\\\/\\\/www.teatrulreginamaria.ro\\\/hu\\\/eva-heyman-2\\\/#mainImage\",\"width\":2560,\"height\":1709},\"primaryImageOfPage\":{\"@id\":\"https:\\\/\\\/www.teatrulreginamaria.ro\\\/hu\\\/eva-heyman-2\\\/#mainImage\"},\"datePublished\":\"2021-11-21T19:00:29+02:00\",\"dateModified\":\"2025-03-25T12:32:57+02:00\"},{\"@type\":\"WebSite\",\"@id\":\"https:\\\/\\\/www.teatrulreginamaria.ro\\\/hu\\\/#website\",\"url\":\"https:\\\/\\\/www.teatrulreginamaria.ro\\\/hu\\\/\",\"name\":\"Teatrul Regina Maria Oradea\",\"alternateName\":\"TRM Oradea\",\"description\":\"Trupa Iosif Vulcan \\u0219i Trupa Arcadia\",\"inLanguage\":\"hu-HU\",\"publisher\":{\"@id\":\"https:\\\/\\\/www.teatrulreginamaria.ro\\\/hu\\\/#organization\"}}]}\n\t\t<\/script>\n\t\t<!-- All in One SEO Pro -->\r\n\t\t<title>EVA HEYMAN - Teatrul Regina Maria Oradea<\/title>\n\n","aioseo_head_json":{"title":"HEYMAN EVA - Nagyv\u00e1radi Regina Maria Sz\u00ednh\u00e1z","description":"A Regina Maria Sz\u00ednh\u00e1z szeretettel megh\u00edvja \u00d6nt az &quot;Eva Heyman&quot; c\u00edm\u0171 el\u0151ad\u00e1s premierj\u00e9re. Egy megr\u00e1z\u00f3 egyszem\u00e9lyes el\u0151ad\u00e1s, amely egy nagyv\u00e1radi zsid\u00f3 kisl\u00e1ny napl\u00f3j\u00e1n alapul, aki tragikus hal\u00e1lt hal az auschwitzi t\u00e1borban. A m\u0171sor \u00c9va esem\u00e9nyeit, gondolatait \u00e9s \u00e9rz\u00e9seit r\u00f6gz\u00edti t\u00f6bb h\u00f3napon kereszt\u00fcl, k\u00f6zvetlen\u00fcl a kitoloncol\u00e1sa el\u0151tt. Egy hiteles tan\u00favallom\u00e1s egy trag\u00e9di\u00e1r\u00f3l","canonical_url":"https:\/\/www.teatrulreginamaria.ro\/hu\/eva-heyman-2\/","robots":"max-image-preview:large","keywords":"","webmasterTools":{"miscellaneous":""},"schema":{"@context":"https:\/\/schema.org","@graph":[{"@type":"BlogPosting","@id":"https:\/\/www.teatrulreginamaria.ro\/hu\/eva-heyman-2\/#blogposting","name":"EVA HEYMAN - Teatrul Regina Maria Oradea","headline":"EVA HEYMAN","author":{"@id":"https:\/\/www.teatrulreginamaria.ro\/hu\/author\/w3bmaster\/#author"},"publisher":{"@id":"https:\/\/www.teatrulreginamaria.ro\/hu\/#organization"},"image":{"@type":"ImageObject","url":"https:\/\/www.teatrulreginamaria.ro\/wp-content\/uploads\/2025\/01\/Eva-Heyman_Ovi-D.-Pop-113-scaled.jpg","width":2560,"height":1709},"datePublished":"2021-11-21T19:00:29+02:00","dateModified":"2025-03-25T12:32:57+02:00","inLanguage":"hu-HU","mainEntityOfPage":{"@id":"https:\/\/www.teatrulreginamaria.ro\/hu\/eva-heyman-2\/#webpage"},"isPartOf":{"@id":"https:\/\/www.teatrulreginamaria.ro\/hu\/eva-heyman-2\/#webpage"},"articleSection":"Spectacole Trupa Iosif Vulcan, Repertoriu 2025, Spectacole 2020-2021"},{"@type":"BreadcrumbList","@id":"https:\/\/www.teatrulreginamaria.ro\/hu\/eva-heyman-2\/#breadcrumblist","itemListElement":[{"@type":"ListItem","@id":"https:\/\/www.teatrulreginamaria.ro\/hu#listItem","position":1,"name":"Home","item":"https:\/\/www.teatrulreginamaria.ro\/hu","nextItem":{"@type":"ListItem","@id":"https:\/\/www.teatrulreginamaria.ro\/hu\/categorie\/trupa-iosif-vulcan\/#listItem","name":"Trupa Iosif Vulcan"}},{"@type":"ListItem","@id":"https:\/\/www.teatrulreginamaria.ro\/hu\/categorie\/trupa-iosif-vulcan\/#listItem","position":2,"name":"Trupa Iosif Vulcan","item":"https:\/\/www.teatrulreginamaria.ro\/hu\/categorie\/trupa-iosif-vulcan\/","nextItem":{"@type":"ListItem","@id":"https:\/\/www.teatrulreginamaria.ro\/hu\/categorie\/trupa-iosif-vulcan\/spectacole-trupa-iosif-vulcan\/#listItem","name":"Spectacole Trupa Iosif Vulcan"},"previousItem":{"@type":"ListItem","@id":"https:\/\/www.teatrulreginamaria.ro\/hu#listItem","name":"Home"}},{"@type":"ListItem","@id":"https:\/\/www.teatrulreginamaria.ro\/hu\/categorie\/trupa-iosif-vulcan\/spectacole-trupa-iosif-vulcan\/#listItem","position":3,"name":"Spectacole Trupa Iosif Vulcan","item":"https:\/\/www.teatrulreginamaria.ro\/hu\/categorie\/trupa-iosif-vulcan\/spectacole-trupa-iosif-vulcan\/","nextItem":{"@type":"ListItem","@id":"https:\/\/www.teatrulreginamaria.ro\/hu\/eva-heyman-2\/#listItem","name":"EVA HEYMAN"},"previousItem":{"@type":"ListItem","@id":"https:\/\/www.teatrulreginamaria.ro\/hu\/categorie\/trupa-iosif-vulcan\/#listItem","name":"Trupa Iosif Vulcan"}},{"@type":"ListItem","@id":"https:\/\/www.teatrulreginamaria.ro\/hu\/eva-heyman-2\/#listItem","position":4,"name":"EVA HEYMAN","previousItem":{"@type":"ListItem","@id":"https:\/\/www.teatrulreginamaria.ro\/hu\/categorie\/trupa-iosif-vulcan\/spectacole-trupa-iosif-vulcan\/#listItem","name":"Spectacole Trupa Iosif Vulcan"}}]},{"@type":"Organization","@id":"https:\/\/www.teatrulreginamaria.ro\/hu\/#organization","name":"Teatrul Regina Maria Oradea","description":"Trupa Iosif Vulcan \u0219i Trupa Arcadia","url":"https:\/\/www.teatrulreginamaria.ro\/hu\/","email":"marketing@teatrulreginamaria.ro","telephone":"+40359411534","numberOfEmployees":{"@type":"QuantitativeValue","minValue":0,"maxValue":150},"logo":{"@type":"ImageObject","url":"https:\/\/www.teatrulreginamaria.ro\/wp-content\/uploads\/2025\/06\/logo-trm-01-dark.png","@id":"https:\/\/www.teatrulreginamaria.ro\/hu\/eva-heyman-2\/#organizationLogo","width":300,"height":148},"image":{"@id":"https:\/\/www.teatrulreginamaria.ro\/hu\/eva-heyman-2\/#organizationLogo"},"sameAs":["https:\/\/www.facebook.com\/TRMTrupaIosifVulcan\/","https:\/\/x.com\/TRMOradea","https:\/\/www.instagram.com\/teatrul_regina_maria\/","https:\/\/www.youtube.com\/c\/TeatrulReginaMariaOradea","https:\/\/www.linkedin.com\/company\/teatrul-regina-maria"]},{"@type":"Person","@id":"https:\/\/www.teatrulreginamaria.ro\/hu\/author\/w3bmaster\/#author","url":"https:\/\/www.teatrulreginamaria.ro\/hu\/author\/w3bmaster\/","name":"Teatrul Regina Maria","image":{"@type":"ImageObject","@id":"https:\/\/www.teatrulreginamaria.ro\/hu\/eva-heyman-2\/#authorImage","url":"https:\/\/secure.gravatar.com\/avatar\/5884139d508ae3f0bafe45e60563b48a9640146d3b08ccc6278c305ff9329305?s=96&d=mm&r=g","width":96,"height":96,"caption":"Teatrul Regina Maria"}},{"@type":"WebPage","@id":"https:\/\/www.teatrulreginamaria.ro\/hu\/eva-heyman-2\/#webpage","url":"https:\/\/www.teatrulreginamaria.ro\/hu\/eva-heyman-2\/","name":"EVA HEYMAN - Teatrul Regina Maria Oradea","description":"Teatrul Regina Maria v\u0103 invit\u0103 la premiera spectacolului \u201eEva Heyman\u201d. Un one-women show cutremur\u0103tor, bazat pe jurnalul micu\u021bei evreice din Oradea, care \u00ee\u0219i g\u0103se\u0219te sf\u00e2r\u0219itul tragic \u00een lag\u0103rul de la Auschwitz. Spectacolul surprinde \u00eent\u00e2mpl\u0103rile, g\u00e2ndurile, sentimentele Evei pe o perioad\u0103 de c\u00e2teva luni, chiar \u00eenainte de a fi deportat\u0103. O m\u0103rturie autentic\u0103 despre tragedia unui","inLanguage":"hu-HU","isPartOf":{"@id":"https:\/\/www.teatrulreginamaria.ro\/hu\/#website"},"breadcrumb":{"@id":"https:\/\/www.teatrulreginamaria.ro\/hu\/eva-heyman-2\/#breadcrumblist"},"author":{"@id":"https:\/\/www.teatrulreginamaria.ro\/hu\/author\/w3bmaster\/#author"},"creator":{"@id":"https:\/\/www.teatrulreginamaria.ro\/hu\/author\/w3bmaster\/#author"},"image":{"@type":"ImageObject","url":"https:\/\/www.teatrulreginamaria.ro\/wp-content\/uploads\/2025\/01\/Eva-Heyman_Ovi-D.-Pop-113-scaled.jpg","@id":"https:\/\/www.teatrulreginamaria.ro\/hu\/eva-heyman-2\/#mainImage","width":2560,"height":1709},"primaryImageOfPage":{"@id":"https:\/\/www.teatrulreginamaria.ro\/hu\/eva-heyman-2\/#mainImage"},"datePublished":"2021-11-21T19:00:29+02:00","dateModified":"2025-03-25T12:32:57+02:00"},{"@type":"WebSite","@id":"https:\/\/www.teatrulreginamaria.ro\/hu\/#website","url":"https:\/\/www.teatrulreginamaria.ro\/hu\/","name":"Teatrul Regina Maria Oradea","alternateName":"TRM Oradea","description":"Trupa Iosif Vulcan \u0219i Trupa Arcadia","inLanguage":"hu-HU","publisher":{"@id":"https:\/\/www.teatrulreginamaria.ro\/hu\/#organization"}}]},"og:locale":"hu_HU","og:site_name":"Teatrul Regina Maria Oradea - Trupa Iosif Vulcan \u0219i Trupa Arcadia","og:type":"article","og:title":"EVA HEYMAN - Teatrul Regina Maria Oradea","og:description":"Teatrul Regina Maria v\u0103 invit\u0103 la premiera spectacolului \u201eEva Heyman\u201d. Un one-women show cutremur\u0103tor, bazat pe jurnalul micu\u021bei evreice din Oradea, care \u00ee\u0219i g\u0103se\u0219te sf\u00e2r\u0219itul tragic \u00een lag\u0103rul de la Auschwitz. Spectacolul surprinde \u00eent\u00e2mpl\u0103rile, g\u00e2ndurile, sentimentele Evei pe o perioad\u0103 de c\u00e2teva luni, chiar \u00eenainte de a fi deportat\u0103. O m\u0103rturie autentic\u0103 despre tragedia unui","og:url":"https:\/\/www.teatrulreginamaria.ro\/hu\/eva-heyman-2\/","og:image":"https:\/\/www.teatrulreginamaria.ro\/wp-content\/uploads\/2025\/03\/trm-istoric-01.jpg","og:image:secure_url":"https:\/\/www.teatrulreginamaria.ro\/wp-content\/uploads\/2025\/03\/trm-istoric-01.jpg","og:image:width":1200,"og:image:height":800,"article:published_time":"2021-11-21T17:00:29+00:00","article:modified_time":"2025-03-25T10:32:57+00:00","article:publisher":"https:\/\/www.facebook.com\/TRMTrupaIosifVulcan\/","twitter:card":"summary_large_image","twitter:site":"@TRMOradea","twitter:title":"EVA HEYMAN - Teatrul Regina Maria Oradea","twitter:description":"Teatrul Regina Maria v\u0103 invit\u0103 la premiera spectacolului \u201eEva Heyman\u201d. Un one-women show cutremur\u0103tor, bazat pe jurnalul micu\u021bei evreice din Oradea, care \u00ee\u0219i g\u0103se\u0219te sf\u00e2r\u0219itul tragic \u00een lag\u0103rul de la Auschwitz. Spectacolul surprinde \u00eent\u00e2mpl\u0103rile, g\u00e2ndurile, sentimentele Evei pe o perioad\u0103 de c\u00e2teva luni, chiar \u00eenainte de a fi deportat\u0103. O m\u0103rturie autentic\u0103 despre tragedia unui","twitter:creator":"@TRMOradea","twitter:image":"https:\/\/www.teatrulreginamaria.ro\/wp-content\/uploads\/2025\/03\/trm-istoric-01.jpg"},"aioseo_meta_data":{"post_id":"8441","title":null,"description":null,"keywords":null,"keyphrases":null,"primary_term":null,"canonical_url":null,"og_title":null,"og_description":null,"og_object_type":"default","og_image_type":"default","og_image_url":null,"og_image_width":null,"og_image_height":null,"og_image_custom_url":null,"og_image_custom_fields":null,"og_video":null,"og_custom_url":null,"og_article_section":null,"og_article_tags":null,"twitter_use_og":false,"twitter_card":"default","twitter_image_type":"default","twitter_image_url":null,"twitter_image_custom_url":null,"twitter_image_custom_fields":null,"twitter_title":null,"twitter_description":null,"schema":{"blockGraphs":[],"customGraphs":[],"default":{"data":{"Article":[],"Course":[],"Dataset":[],"FAQPage":[],"Movie":[],"Person":[],"Product":[],"ProductReview":[],"Car":[],"Recipe":[],"Service":[],"SoftwareApplication":[],"WebPage":[]},"graphName":"","isEnabled":true},"graphs":[]},"schema_type":"default","schema_type_options":null,"pillar_content":false,"robots_default":true,"robots_noindex":false,"robots_noarchive":false,"robots_nosnippet":false,"robots_nofollow":false,"robots_noimageindex":false,"robots_noodp":false,"robots_notranslate":false,"robots_max_snippet":null,"robots_max_videopreview":null,"robots_max_imagepreview":"large","priority":null,"frequency":null,"local_seo":null,"seo_analyzer_scan_date":"2026-05-13 02:52:04","breadcrumb_settings":null,"limit_modified_date":false,"reviewed_by":null,"open_ai":null,"ai":null,"created":"2025-04-09 17:42:43","updated":"2026-05-13 02:52:04","focus_keyword":null,"additional_keywords":null,"truseo_locale":null},"aioseo_breadcrumb":"<div class=\"aioseo-breadcrumbs\"><span class=\"aioseo-breadcrumb\">\n\t<a href=\"https:\/\/www.teatrulreginamaria.ro\/hu\" title=\"Home\">Home<\/a>\n<\/span><span class=\"aioseo-breadcrumb-separator\">&raquo;<\/span><span class=\"aioseo-breadcrumb\">\n\t<a href=\"https:\/\/www.teatrulreginamaria.ro\/hu\/categorie\/trupa-iosif-vulcan\/\" title=\"Trupa Iosif Vulcan\">Trupa Iosif Vulcan<\/a>\n<\/span><span class=\"aioseo-breadcrumb-separator\">&raquo;<\/span><span class=\"aioseo-breadcrumb\">\n\t<a href=\"https:\/\/www.teatrulreginamaria.ro\/hu\/categorie\/trupa-iosif-vulcan\/spectacole-trupa-iosif-vulcan\/\" title=\"Spectacole Trupa Iosif Vulcan\">Spectacole Trupa Iosif Vulcan<\/a>\n<\/span><span class=\"aioseo-breadcrumb-separator\">&raquo;<\/span><span class=\"aioseo-breadcrumb\">\n\tEVA HEYMAN\n<\/span><\/div>","aioseo_breadcrumb_json":[{"label":"Home","link":"https:\/\/www.teatrulreginamaria.ro\/hu"},{"label":"Trupa Iosif Vulcan","link":"https:\/\/www.teatrulreginamaria.ro\/hu\/categorie\/trupa-iosif-vulcan\/"},{"label":"Spectacole Trupa Iosif Vulcan","link":"https:\/\/www.teatrulreginamaria.ro\/hu\/categorie\/trupa-iosif-vulcan\/spectacole-trupa-iosif-vulcan\/"},{"label":"EVA HEYMAN","link":"https:\/\/www.teatrulreginamaria.ro\/hu\/eva-heyman-2\/"}],"acf":[],"_links":{"self":[{"href":"https:\/\/www.teatrulreginamaria.ro\/hu\/wp-json\/wp\/v2\/posts\/8441","targetHints":{"allow":["GET"]}}],"collection":[{"href":"https:\/\/www.teatrulreginamaria.ro\/hu\/wp-json\/wp\/v2\/posts"}],"about":[{"href":"https:\/\/www.teatrulreginamaria.ro\/hu\/wp-json\/wp\/v2\/types\/post"}],"author":[{"embeddable":true,"href":"https:\/\/www.teatrulreginamaria.ro\/hu\/wp-json\/wp\/v2\/users\/6"}],"replies":[{"embeddable":true,"href":"https:\/\/www.teatrulreginamaria.ro\/hu\/wp-json\/wp\/v2\/comments?post=8441"}],"version-history":[{"count":3,"href":"https:\/\/www.teatrulreginamaria.ro\/hu\/wp-json\/wp\/v2\/posts\/8441\/revisions"}],"predecessor-version":[{"id":11490,"href":"https:\/\/www.teatrulreginamaria.ro\/hu\/wp-json\/wp\/v2\/posts\/8441\/revisions\/11490"}],"wp:featuredmedia":[{"embeddable":true,"href":"https:\/\/www.teatrulreginamaria.ro\/hu\/wp-json\/wp\/v2\/media\/8442"}],"wp:attachment":[{"href":"https:\/\/www.teatrulreginamaria.ro\/hu\/wp-json\/wp\/v2\/media?parent=8441"}],"wp:term":[{"taxonomy":"category","embeddable":true,"href":"https:\/\/www.teatrulreginamaria.ro\/hu\/wp-json\/wp\/v2\/categories?post=8441"},{"taxonomy":"post_tag","embeddable":true,"href":"https:\/\/www.teatrulreginamaria.ro\/hu\/wp-json\/wp\/v2\/tags?post=8441"}],"curies":[{"name":"munkaf\u00fczet","href":"https:\/\/api.w.org\/{rel}","templated":true}]}}