{"id":887,"date":"2012-06-29T10:52:21","date_gmt":"2012-06-29T10:52:21","guid":{"rendered":"https:\/\/teatrulreginamaria.ro\/2012\/06\/29\/o-vara-plina-cu-proiecte-la-teatrul-regina-maria\/"},"modified":"2012-06-29T10:52:21","modified_gmt":"2012-06-29T10:52:21","slug":"egy-projektekkel-teli-nyar-a-queen-maria-szinhazban","status":"publish","type":"post","link":"https:\/\/www.teatrulreginamaria.ro\/hu\/o-vara-plina-cu-proiecte-la-teatrul-regina-maria\/","title":{"rendered":"PROJEKTEKKEL TELI NY\u00c1R A REGINA MARIA SZ\u00cdNH\u00c1ZBAN"},"content":{"rendered":"<p style=\"text-align: justify;\">B\u00e1r n\u00e9h\u00e1nyan m\u00e1r elmentek nyaralni, a Regina Maria Sz\u00ednh\u00e1z teljes st\u00e1bja a barik\u00e1dokon van! Intenz\u00edven gyakorolj\u00e1k azokat a projekteket, amelyek \u0151sszel, a R\u00f6vidsz\u00ednh\u00e1zi Fesztiv\u00e1lon \u00e9s az \u00faj \u00e9vadban jelennek meg.<\/p>\n<p style=\"text-align: justify;\"><strong>H\u00e1rom premier a Nagyteremben<\/strong><\/p>\n<p style=\"text-align: justify;\">\u00cdgy megism\u00e9tl\u0151dik az EQUUS c\u00edm\u0171 el\u0151ad\u00e1s (Peter Shaffer) Szab\u00f3 K. Istv\u00e1n m\u0171v\u00e9szeti vezet\u00e9s\u00e9vel, amely az idei 18. FTS megnyit\u00f3ja lesz (szeptember 23-\u00e1n). A szerepl\u0151g\u00e1rd\u00e1ban a k\u00f6zkedvelt sz\u00edn\u00e9szek szerepelnek: Richard Balint, Ciprian Ciuciu, Alina Vicoveanu, Suzana Macovei, Corina Cernea, Petre Ghimb\u0103\u015fan, Sebastian Lupu, Angela Tanko, a k\u00f3rusban pedig: R\u0103zvan Vicoveanu, Pavel S\u00eerghi, Denisa Vlad, Mihaela Gherdan \u00e9s Dania \u0162inca (a Iosif Vulcan T\u00e1rsulat \u00faj munkat\u00e1rsa). A zenei illusztr\u00e1ci\u00f3\u00e9rt Ovidiu Iloc felel, a koreogr\u00e1fi\u00e1\u00e9rt M\u0103lina Andrei. A d\u00edszleteket Mira Janos Tamas (Magyarorsz\u00e1g) k\u00e9sz\u00edti, a jelmezek pedig a nagyv\u00e1radi m\u0171v\u00e9sz, Vioara Bara k\u00e9zjegy\u00e9t viselik.<\/p>\n<p><!--more--><\/p>\n<p style=\"text-align: justify;\">J\u00fanius 15-\u00e9n, p\u00e9nteken megkezd\u0151dtek a HAMAROSAN ELJ\u00d6N A TIME (Line Knutzon) c\u00edm\u0171 el\u0151ad\u00e1s pr\u00f3b\u00e1i, Radu Afrim m\u0171v\u00e9szeti vezet\u00e9s\u00e9vel, Cristina Milea d\u00edszletei alatt. A Regina Maria Sz\u00ednh\u00e1z az idei R\u00f6vidsz\u00ednh\u00e1zi Fesztiv\u00e1l versenyszekci\u00f3j\u00e1ban vesz r\u00e9szt. A szerepl\u0151k: Liliana Ghi\u0163\u0103 (vend\u00e9gsz\u00edn\u00e9sz a br\u0103ila-i &quot;Maria Filotti&quot; Sz\u00ednh\u00e1zb\u00f3l), Richard Balint, Pavel S\u00eerghi, Ioana Drago\u015f-Gajdo, Ioana Dag\u0103u \u00e9s Mirela Corbeanu.<\/p>\n<p style=\"text-align: justify;\">Szint\u00e9n id\u00e9n \u0151sszel ker\u00fcl sor a BORDEL c\u00edm\u0171 (Gabriel Barylli rendez\u00e9s\u00e9ben k\u00e9sz\u00fclt) el\u0151ad\u00e1s premierj\u00e9re, amely az els\u0151 koprodukci\u00f3 k\u00fclf\u00f6ldi sz\u00ednh\u00e1zzal: a Regina Maria Sz\u00ednh\u00e1z a b\u00e9csi Pygmalion Sz\u00ednh\u00e1zzal m\u0171k\u00f6dik egy\u00fctt. Ez a nagyv\u00e1radi sz\u00ednh\u00e1z els\u0151 projektje, amely rem\u00e9lj\u00fck, utat nyit sz\u00e1mos tov\u00e1bbi egy\u00fcttm\u0171k\u00f6d\u00e9s el\u0151tt k\u00fclf\u00f6ldi sz\u00ednh\u00e1zakkal. A Geirun Tino rendez\u00e9s\u00e9ben k\u00e9sz\u00fclt k\u00e9tszerepl\u0151s darab Nagyv\u00e1radon \u00e9s B\u00e9csben is bemutat\u00e1sra ker\u00fcl, a szerepl\u0151k k\u00f6z\u00f6tt Daniel Vulcu, Georgia C\u0103pr\u0103rin (a nagyv\u00e1radi el\u0151ad\u00e1shoz \u2013 az Arcadia Troupe \u00faj munkat\u00e1rsa) \u00e9s Julia Prock-Schauer (a b\u00e9csi el\u0151ad\u00e1shoz).<\/p>\n<p style=\"text-align: justify;\"><strong>K\u00e9t premier az Arcadia Hallban<\/strong><\/p>\n<p style=\"text-align: justify;\">Befejez\u0151dtek a J\u00c1T\u00c9K V\u00c9GE (Samuel Beckett) c\u00edm\u0171 darab pr\u00f3b\u00e1i. Rendez\u0151: Iosif Vulcan T\u00e1rsulat sz\u00edn\u00e9sze, Emil Sauciuc, szerepl\u0151g\u00e1rd\u00e1j\u00e1ban Petre Ghimb\u0103\u015fan, \u015eerban Borda, Tiberiu Covaci \u00e9s Mirela Lupu, valamint a sz\u00ednh\u00e1z \u00f6nk\u00e9nteseib\u0151l \u00e1ll\u00f3 csapat. A d\u00edszletet Vioara Bara tervezte, a zenei illusztr\u00e1ci\u00f3t is Emil Sauciuc k\u00e9sz\u00edtette. Az el\u0151ad\u00e1s premierje \u0151sszel, k\u00f6zvetlen\u00fcl a R\u00f6vid Sz\u00ednh\u00e1zi Fesztiv\u00e1l ut\u00e1n lesz.<\/p>\n<p style=\"text-align: justify;\">Az Arcadia T\u00e1rsulatn\u00e1l pedig bejelentj\u00fck a premiert, egy teljes eg\u00e9sz\u00e9ben b\u00e1bok seg\u00edts\u00e9g\u00e9vel k\u00e9sz\u00fclt el\u0151ad\u00e1st, amire m\u00e1r nagyon r\u00e9g\u00f3ta nem volt p\u00e9lda Nagyv\u00e1radon \u2013 az ALB\u0102 CA Z\u0102PADA c\u00edm\u0171 darabot (a Grimm testv\u00e9rek adapt\u00e1ci\u00f3ja), amelyet Traian Savinescu rendezett, a d\u00edszlet pedig Mihai Pastramagiu. Az Arcadia T\u00e1rsulat sz\u00edn\u00e9szei, akik a b\u00e1bok mellett j\u00e1tszanak: Georgia C\u0103pr\u0103rin, Florian Silaghi, Andrei Fazeca\u0219, Alexandru Pop, Florin Stan, Rin Tripa, Igor Lungu, Mirela Corbeanu, Marlena Prigoreanu, Zentania Lup\u0219e \u00e9s Ioana Dag\u0103u.<\/p>\n<p style=\"text-align: justify;\"><strong>Premier egy rendhagy\u00f3 t\u00e9rben<\/strong><\/p>\n<p style=\"text-align: justify;\">Az utols\u00f3 sz\u00e1z m\u00e9teren zajlanak a PHANTOM PAINS (Vaszilii Sigariov) c\u00edm\u0171 el\u0151ad\u00e1s pr\u00f3b\u00e1i is, Bogdan Hu\u015fanu m\u0171v\u00e9szeti vezet\u00e9s\u00e9vel, amelyet az OTL villamostelep egyik villamos\u00e1n j\u00e1tszanak. A d\u00edszlettervez\u0151 Ianis Vasilatos, a szerepl\u0151k k\u00f6z\u00f6tt Mihaela Gherdan, Pavel S\u00eerghi \u00e9s Alexandru Rusu is szerepel, a premier pedig szint\u00e9n \u0151szre van kit\u0171zve.<\/p>\n<p style=\"text-align: justify;\">Ami a R\u00f6vidsz\u00ednh\u00e1zi Fesztiv\u00e1lt illeti, annak 18. kiad\u00e1s\u00e1t, az szeptember 23. \u00e9s 30. k\u00f6z\u00f6tt ker\u00fcl megrendez\u00e9sre, \u00e9s \u2013 ahogy azt m\u00e1r megszokhattuk \u2013 h\u00e1rom el\u0151ad\u00e1si szekci\u00f3t (versenyel\u0151ad\u00e1sok, megh\u00edvott nagyobb el\u0151ad\u00e1sok \u00e9s a kocsma- \u00e9s utcasz\u00ednh\u00e1zi szekci\u00f3), valamint a Familia Magazinnal egy\u00fcttm\u0171k\u00f6dve szervezett dramaturgiai versenyt tartalmaz majd.<\/p>","protected":false},"excerpt":{"rendered":"<p>Chiar dac\u0103 unii au intrat deja \u00een vacan\u021b\u0103, \u00eentreg colectivul Teatrului Regina Maria se afl\u0103 pe baricade! Se repet\u0103 intens proiectele care urmeaz\u0103 s\u0103 apar\u0103 \u00een toamn\u0103, \u00een Festivalul de Teatru Scurt \u0219i \u00een noua stagiune. Trei premiere la Sala Mare A\u0219adar, se repet\u0103 pentru spectacolul EQUUS (de Peter Shaffer), \u00een regia artistic\u0103 a lui [&hellip;]<\/p>\n","protected":false},"author":6,"featured_media":0,"comment_status":"open","ping_status":"open","sticky":false,"template":"","format":"standard","meta":{"_acf_changed":false,"footnotes":""},"categories":[22],"tags":[],"class_list":["post-887","post","type-post","status-publish","format-standard","hentry","category-noutati-trupa-iosif-vulcan"],"aioseo_notices":[],"aioseo_head":"\n\t\t<!-- All in One SEO Pro 5.0.1.1 - aioseo.com -->\n\t<meta name=\"description\" content=\"Chiar dac\u0103 unii au intrat deja \u00een vacan\u021b\u0103, \u00eentreg colectivul Teatrului Regina Maria se afl\u0103 pe baricade! Se repet\u0103 intens proiectele care urmeaz\u0103 s\u0103 apar\u0103 \u00een toamn\u0103, \u00een Festivalul de Teatru Scurt \u0219i \u00een noua stagiune. Trei premiere la Sala Mare A\u0219adar, se repet\u0103 pentru spectacolul EQUUS (de Peter Shaffer), \u00een regia artistic\u0103 a lui\" \/>\n\t<meta name=\"robots\" content=\"max-image-preview:large\" \/>\n\t<meta name=\"author\" content=\"Teatrul Regina Maria\"\/>\n\t<link rel=\"canonical\" href=\"https:\/\/www.teatrulreginamaria.ro\/hu\/o-vara-plina-cu-proiecte-la-teatrul-regina-maria\/\" \/>\n\t<meta name=\"generator\" content=\"All in One SEO Pro (AIOSEO) 5.0.1.1\" \/>\n\t\t<meta property=\"og:locale\" content=\"hu_HU\" \/>\n\t\t<meta property=\"og:site_name\" content=\"Teatrul Regina Maria Oradea - Trupa Iosif Vulcan \u0219i Trupa Arcadia\" \/>\n\t\t<meta property=\"og:type\" content=\"article\" \/>\n\t\t<meta property=\"og:title\" content=\"O VAR\u0102 PLIN\u0102 CU PROIECTE LA TEATRUL REGINA MARIA - Teatrul Regina Maria Oradea\" \/>\n\t\t<meta property=\"og:description\" content=\"Chiar dac\u0103 unii au intrat deja \u00een vacan\u021b\u0103, \u00eentreg colectivul Teatrului Regina Maria se afl\u0103 pe baricade! Se repet\u0103 intens proiectele care urmeaz\u0103 s\u0103 apar\u0103 \u00een toamn\u0103, \u00een Festivalul de Teatru Scurt \u0219i \u00een noua stagiune. Trei premiere la Sala Mare A\u0219adar, se repet\u0103 pentru spectacolul EQUUS (de Peter Shaffer), \u00een regia artistic\u0103 a lui\" \/>\n\t\t<meta property=\"og:url\" content=\"https:\/\/www.teatrulreginamaria.ro\/hu\/o-vara-plina-cu-proiecte-la-teatrul-regina-maria\/\" \/>\n\t\t<meta property=\"og:image\" content=\"https:\/\/www.teatrulreginamaria.ro\/wp-content\/uploads\/2025\/03\/trm-istoric-01.jpg\" \/>\n\t\t<meta property=\"og:image:secure_url\" content=\"https:\/\/www.teatrulreginamaria.ro\/wp-content\/uploads\/2025\/03\/trm-istoric-01.jpg\" \/>\n\t\t<meta property=\"og:image:width\" content=\"1200\" \/>\n\t\t<meta property=\"og:image:height\" content=\"800\" \/>\n\t\t<meta property=\"article:published_time\" content=\"2012-06-29T10:52:21+00:00\" \/>\n\t\t<meta property=\"article:modified_time\" content=\"2012-06-29T10:52:21+00:00\" \/>\n\t\t<meta property=\"article:publisher\" content=\"https:\/\/www.facebook.com\/TRMTrupaIosifVulcan\/\" \/>\n\t\t<meta name=\"twitter:card\" content=\"summary_large_image\" \/>\n\t\t<meta name=\"twitter:site\" content=\"@TRMOradea\" \/>\n\t\t<meta name=\"twitter:title\" content=\"O VAR\u0102 PLIN\u0102 CU PROIECTE LA TEATRUL REGINA MARIA - Teatrul Regina Maria Oradea\" \/>\n\t\t<meta name=\"twitter:description\" content=\"Chiar dac\u0103 unii au intrat deja \u00een vacan\u021b\u0103, \u00eentreg colectivul Teatrului Regina Maria se afl\u0103 pe baricade! Se repet\u0103 intens proiectele care urmeaz\u0103 s\u0103 apar\u0103 \u00een toamn\u0103, \u00een Festivalul de Teatru Scurt \u0219i \u00een noua stagiune. Trei premiere la Sala Mare A\u0219adar, se repet\u0103 pentru spectacolul EQUUS (de Peter Shaffer), \u00een regia artistic\u0103 a lui\" \/>\n\t\t<meta name=\"twitter:creator\" content=\"@TRMOradea\" \/>\n\t\t<meta name=\"twitter:image\" content=\"https:\/\/www.teatrulreginamaria.ro\/wp-content\/uploads\/2025\/03\/trm-istoric-01.jpg\" \/>\n\t\t<script type=\"application\/ld+json\" class=\"aioseo-schema\">\n\t\t\t{\"@context\":\"https:\\\/\\\/schema.org\",\"@graph\":[{\"@type\":\"BlogPosting\",\"@id\":\"https:\\\/\\\/www.teatrulreginamaria.ro\\\/hu\\\/o-vara-plina-cu-proiecte-la-teatrul-regina-maria\\\/#blogposting\",\"name\":\"O VAR\\u0102 PLIN\\u0102 CU PROIECTE LA TEATRUL REGINA MARIA - Teatrul Regina Maria Oradea\",\"headline\":\"O VAR\\u0102 PLIN\\u0102 CU PROIECTE LA TEATRUL REGINA MARIA\",\"author\":{\"@id\":\"https:\\\/\\\/www.teatrulreginamaria.ro\\\/hu\\\/author\\\/w3bmaster\\\/#author\"},\"publisher\":{\"@id\":\"https:\\\/\\\/www.teatrulreginamaria.ro\\\/hu\\\/#organization\"},\"image\":{\"@type\":\"ImageObject\",\"url\":\"https:\\\/\\\/www.teatrulreginamaria.ro\\\/wp-content\\\/uploads\\\/2025\\\/06\\\/logo-trm-01-dark.png\",\"@id\":\"https:\\\/\\\/www.teatrulreginamaria.ro\\\/hu\\\/#articleImage\",\"width\":300,\"height\":148},\"datePublished\":\"2012-06-29T10:52:21+03:00\",\"dateModified\":\"2012-06-29T10:52:21+03:00\",\"inLanguage\":\"hu-HU\",\"mainEntityOfPage\":{\"@id\":\"https:\\\/\\\/www.teatrulreginamaria.ro\\\/hu\\\/o-vara-plina-cu-proiecte-la-teatrul-regina-maria\\\/#webpage\"},\"isPartOf\":{\"@id\":\"https:\\\/\\\/www.teatrulreginamaria.ro\\\/hu\\\/o-vara-plina-cu-proiecte-la-teatrul-regina-maria\\\/#webpage\"},\"articleSection\":\"Nout\\u0103\\u021bi - Trupa Iosif Vulcan\"},{\"@type\":\"BreadcrumbList\",\"@id\":\"https:\\\/\\\/www.teatrulreginamaria.ro\\\/hu\\\/o-vara-plina-cu-proiecte-la-teatrul-regina-maria\\\/#breadcrumblist\",\"itemListElement\":[{\"@type\":\"ListItem\",\"@id\":\"https:\\\/\\\/www.teatrulreginamaria.ro\\\/hu#listItem\",\"position\":1,\"name\":\"Home\",\"item\":\"https:\\\/\\\/www.teatrulreginamaria.ro\\\/hu\",\"nextItem\":{\"@type\":\"ListItem\",\"@id\":\"https:\\\/\\\/www.teatrulreginamaria.ro\\\/hu\\\/categorie\\\/noutati\\\/#listItem\",\"name\":\"Nout\\u0103\\u021bi\"}},{\"@type\":\"ListItem\",\"@id\":\"https:\\\/\\\/www.teatrulreginamaria.ro\\\/hu\\\/categorie\\\/noutati\\\/#listItem\",\"position\":2,\"name\":\"Nout\\u0103\\u021bi\",\"item\":\"https:\\\/\\\/www.teatrulreginamaria.ro\\\/hu\\\/categorie\\\/noutati\\\/\",\"nextItem\":{\"@type\":\"ListItem\",\"@id\":\"https:\\\/\\\/www.teatrulreginamaria.ro\\\/hu\\\/categorie\\\/noutati\\\/noutati-trupa-iosif-vulcan\\\/#listItem\",\"name\":\"Nout\\u0103\\u021bi - Trupa Iosif Vulcan\"},\"previousItem\":{\"@type\":\"ListItem\",\"@id\":\"https:\\\/\\\/www.teatrulreginamaria.ro\\\/hu#listItem\",\"name\":\"Home\"}},{\"@type\":\"ListItem\",\"@id\":\"https:\\\/\\\/www.teatrulreginamaria.ro\\\/hu\\\/categorie\\\/noutati\\\/noutati-trupa-iosif-vulcan\\\/#listItem\",\"position\":3,\"name\":\"Nout\\u0103\\u021bi - Trupa Iosif Vulcan\",\"item\":\"https:\\\/\\\/www.teatrulreginamaria.ro\\\/hu\\\/categorie\\\/noutati\\\/noutati-trupa-iosif-vulcan\\\/\",\"nextItem\":{\"@type\":\"ListItem\",\"@id\":\"https:\\\/\\\/www.teatrulreginamaria.ro\\\/hu\\\/o-vara-plina-cu-proiecte-la-teatrul-regina-maria\\\/#listItem\",\"name\":\"O VAR\\u0102 PLIN\\u0102 CU PROIECTE LA TEATRUL REGINA MARIA\"},\"previousItem\":{\"@type\":\"ListItem\",\"@id\":\"https:\\\/\\\/www.teatrulreginamaria.ro\\\/hu\\\/categorie\\\/noutati\\\/#listItem\",\"name\":\"Nout\\u0103\\u021bi\"}},{\"@type\":\"ListItem\",\"@id\":\"https:\\\/\\\/www.teatrulreginamaria.ro\\\/hu\\\/o-vara-plina-cu-proiecte-la-teatrul-regina-maria\\\/#listItem\",\"position\":4,\"name\":\"O VAR\\u0102 PLIN\\u0102 CU PROIECTE LA TEATRUL REGINA MARIA\",\"previousItem\":{\"@type\":\"ListItem\",\"@id\":\"https:\\\/\\\/www.teatrulreginamaria.ro\\\/hu\\\/categorie\\\/noutati\\\/noutati-trupa-iosif-vulcan\\\/#listItem\",\"name\":\"Nout\\u0103\\u021bi - Trupa Iosif Vulcan\"}}]},{\"@type\":\"Organization\",\"@id\":\"https:\\\/\\\/www.teatrulreginamaria.ro\\\/hu\\\/#organization\",\"name\":\"Teatrul Regina Maria Oradea\",\"description\":\"Trupa Iosif Vulcan \\u0219i Trupa Arcadia\",\"url\":\"https:\\\/\\\/www.teatrulreginamaria.ro\\\/hu\\\/\",\"email\":\"marketing@teatrulreginamaria.ro\",\"telephone\":\"+40359411534\",\"numberOfEmployees\":{\"@type\":\"QuantitativeValue\",\"minValue\":0,\"maxValue\":150},\"logo\":{\"@type\":\"ImageObject\",\"url\":\"https:\\\/\\\/www.teatrulreginamaria.ro\\\/wp-content\\\/uploads\\\/2025\\\/06\\\/logo-trm-01-dark.png\",\"@id\":\"https:\\\/\\\/www.teatrulreginamaria.ro\\\/hu\\\/o-vara-plina-cu-proiecte-la-teatrul-regina-maria\\\/#organizationLogo\",\"width\":300,\"height\":148},\"image\":{\"@id\":\"https:\\\/\\\/www.teatrulreginamaria.ro\\\/hu\\\/o-vara-plina-cu-proiecte-la-teatrul-regina-maria\\\/#organizationLogo\"},\"sameAs\":[\"https:\\\/\\\/www.facebook.com\\\/TRMTrupaIosifVulcan\\\/\",\"https:\\\/\\\/x.com\\\/TRMOradea\",\"https:\\\/\\\/www.instagram.com\\\/teatrul_regina_maria\\\/\",\"https:\\\/\\\/www.youtube.com\\\/c\\\/TeatrulReginaMariaOradea\",\"https:\\\/\\\/www.linkedin.com\\\/company\\\/teatrul-regina-maria\"]},{\"@type\":\"Person\",\"@id\":\"https:\\\/\\\/www.teatrulreginamaria.ro\\\/hu\\\/author\\\/w3bmaster\\\/#author\",\"url\":\"https:\\\/\\\/www.teatrulreginamaria.ro\\\/hu\\\/author\\\/w3bmaster\\\/\",\"name\":\"Teatrul Regina Maria\",\"image\":{\"@type\":\"ImageObject\",\"@id\":\"https:\\\/\\\/www.teatrulreginamaria.ro\\\/hu\\\/o-vara-plina-cu-proiecte-la-teatrul-regina-maria\\\/#authorImage\",\"url\":\"https:\\\/\\\/secure.gravatar.com\\\/avatar\\\/5884139d508ae3f0bafe45e60563b48a9640146d3b08ccc6278c305ff9329305?s=96&d=mm&r=g\",\"width\":96,\"height\":96,\"caption\":\"Teatrul Regina Maria\"}},{\"@type\":\"WebPage\",\"@id\":\"https:\\\/\\\/www.teatrulreginamaria.ro\\\/hu\\\/o-vara-plina-cu-proiecte-la-teatrul-regina-maria\\\/#webpage\",\"url\":\"https:\\\/\\\/www.teatrulreginamaria.ro\\\/hu\\\/o-vara-plina-cu-proiecte-la-teatrul-regina-maria\\\/\",\"name\":\"O VAR\\u0102 PLIN\\u0102 CU PROIECTE LA TEATRUL REGINA MARIA - Teatrul Regina Maria Oradea\",\"description\":\"Chiar dac\\u0103 unii au intrat deja \\u00een vacan\\u021b\\u0103, \\u00eentreg colectivul Teatrului Regina Maria se afl\\u0103 pe baricade! Se repet\\u0103 intens proiectele care urmeaz\\u0103 s\\u0103 apar\\u0103 \\u00een toamn\\u0103, \\u00een Festivalul de Teatru Scurt \\u0219i \\u00een noua stagiune. Trei premiere la Sala Mare A\\u0219adar, se repet\\u0103 pentru spectacolul EQUUS (de Peter Shaffer), \\u00een regia artistic\\u0103 a lui\",\"inLanguage\":\"hu-HU\",\"isPartOf\":{\"@id\":\"https:\\\/\\\/www.teatrulreginamaria.ro\\\/hu\\\/#website\"},\"breadcrumb\":{\"@id\":\"https:\\\/\\\/www.teatrulreginamaria.ro\\\/hu\\\/o-vara-plina-cu-proiecte-la-teatrul-regina-maria\\\/#breadcrumblist\"},\"author\":{\"@id\":\"https:\\\/\\\/www.teatrulreginamaria.ro\\\/hu\\\/author\\\/w3bmaster\\\/#author\"},\"creator\":{\"@id\":\"https:\\\/\\\/www.teatrulreginamaria.ro\\\/hu\\\/author\\\/w3bmaster\\\/#author\"},\"datePublished\":\"2012-06-29T10:52:21+03:00\",\"dateModified\":\"2012-06-29T10:52:21+03:00\"},{\"@type\":\"WebSite\",\"@id\":\"https:\\\/\\\/www.teatrulreginamaria.ro\\\/hu\\\/#website\",\"url\":\"https:\\\/\\\/www.teatrulreginamaria.ro\\\/hu\\\/\",\"name\":\"Teatrul Regina Maria Oradea\",\"alternateName\":\"TRM Oradea\",\"description\":\"Trupa Iosif Vulcan \\u0219i Trupa Arcadia\",\"inLanguage\":\"hu-HU\",\"publisher\":{\"@id\":\"https:\\\/\\\/www.teatrulreginamaria.ro\\\/hu\\\/#organization\"}}]}\n\t\t<\/script>\n\t\t<!-- All in One SEO Pro -->\r\n\t\t<title>O VAR\u0102 PLIN\u0102 CU PROIECTE LA TEATRUL REGINA MARIA - Teatrul Regina Maria Oradea<\/title>\n\n","aioseo_head_json":{"title":"PROJEKTEKKEL TELI NY\u00c1R A REGINA MARIA SZ\u00cdNH\u00c1ZBAN - Regina Maria Sz\u00ednh\u00e1z Nagyv\u00e1rad","description":"B\u00e1r n\u00e9h\u00e1nyan m\u00e1r elmentek nyaralni, a Regina Maria Sz\u00ednh\u00e1z teljes csapata a barik\u00e1dokon van! Az \u0151sszel, a R\u00f6vidsz\u00ednh\u00e1zi Fesztiv\u00e1lon \u00e9s az \u00faj \u00e9vadban bemutat\u00e1sra ker\u00fcl\u0151 projekteket intenz\u00edven pr\u00f3b\u00e1lj\u00e1k. H\u00e1rom premier a Nagyteremben Teh\u00e1t folyamatban vannak az EQUUS (Peter Shaffer) c\u00edm\u0171 el\u0151ad\u00e1s pr\u00f3b\u00e1i, m\u0171v\u00e9szeti vezet\u00e9s\u00e9vel","canonical_url":"https:\/\/www.teatrulreginamaria.ro\/hu\/o-vara-plina-cu-proiecte-la-teatrul-regina-maria\/","robots":"max-image-preview:large","keywords":"","webmasterTools":{"miscellaneous":""},"schema":{"@context":"https:\/\/schema.org","@graph":[{"@type":"BlogPosting","@id":"https:\/\/www.teatrulreginamaria.ro\/hu\/o-vara-plina-cu-proiecte-la-teatrul-regina-maria\/#blogposting","name":"O VAR\u0102 PLIN\u0102 CU PROIECTE LA TEATRUL REGINA MARIA - Teatrul Regina Maria Oradea","headline":"O VAR\u0102 PLIN\u0102 CU PROIECTE LA TEATRUL REGINA MARIA","author":{"@id":"https:\/\/www.teatrulreginamaria.ro\/hu\/author\/w3bmaster\/#author"},"publisher":{"@id":"https:\/\/www.teatrulreginamaria.ro\/hu\/#organization"},"image":{"@type":"ImageObject","url":"https:\/\/www.teatrulreginamaria.ro\/wp-content\/uploads\/2025\/06\/logo-trm-01-dark.png","@id":"https:\/\/www.teatrulreginamaria.ro\/hu\/#articleImage","width":300,"height":148},"datePublished":"2012-06-29T10:52:21+03:00","dateModified":"2012-06-29T10:52:21+03:00","inLanguage":"hu-HU","mainEntityOfPage":{"@id":"https:\/\/www.teatrulreginamaria.ro\/hu\/o-vara-plina-cu-proiecte-la-teatrul-regina-maria\/#webpage"},"isPartOf":{"@id":"https:\/\/www.teatrulreginamaria.ro\/hu\/o-vara-plina-cu-proiecte-la-teatrul-regina-maria\/#webpage"},"articleSection":"Nout\u0103\u021bi - Trupa Iosif Vulcan"},{"@type":"BreadcrumbList","@id":"https:\/\/www.teatrulreginamaria.ro\/hu\/o-vara-plina-cu-proiecte-la-teatrul-regina-maria\/#breadcrumblist","itemListElement":[{"@type":"ListItem","@id":"https:\/\/www.teatrulreginamaria.ro\/hu#listItem","position":1,"name":"Home","item":"https:\/\/www.teatrulreginamaria.ro\/hu","nextItem":{"@type":"ListItem","@id":"https:\/\/www.teatrulreginamaria.ro\/hu\/categorie\/noutati\/#listItem","name":"Nout\u0103\u021bi"}},{"@type":"ListItem","@id":"https:\/\/www.teatrulreginamaria.ro\/hu\/categorie\/noutati\/#listItem","position":2,"name":"Nout\u0103\u021bi","item":"https:\/\/www.teatrulreginamaria.ro\/hu\/categorie\/noutati\/","nextItem":{"@type":"ListItem","@id":"https:\/\/www.teatrulreginamaria.ro\/hu\/categorie\/noutati\/noutati-trupa-iosif-vulcan\/#listItem","name":"Nout\u0103\u021bi - Trupa Iosif Vulcan"},"previousItem":{"@type":"ListItem","@id":"https:\/\/www.teatrulreginamaria.ro\/hu#listItem","name":"Home"}},{"@type":"ListItem","@id":"https:\/\/www.teatrulreginamaria.ro\/hu\/categorie\/noutati\/noutati-trupa-iosif-vulcan\/#listItem","position":3,"name":"Nout\u0103\u021bi - Trupa Iosif Vulcan","item":"https:\/\/www.teatrulreginamaria.ro\/hu\/categorie\/noutati\/noutati-trupa-iosif-vulcan\/","nextItem":{"@type":"ListItem","@id":"https:\/\/www.teatrulreginamaria.ro\/hu\/o-vara-plina-cu-proiecte-la-teatrul-regina-maria\/#listItem","name":"O VAR\u0102 PLIN\u0102 CU PROIECTE LA TEATRUL REGINA MARIA"},"previousItem":{"@type":"ListItem","@id":"https:\/\/www.teatrulreginamaria.ro\/hu\/categorie\/noutati\/#listItem","name":"Nout\u0103\u021bi"}},{"@type":"ListItem","@id":"https:\/\/www.teatrulreginamaria.ro\/hu\/o-vara-plina-cu-proiecte-la-teatrul-regina-maria\/#listItem","position":4,"name":"O VAR\u0102 PLIN\u0102 CU PROIECTE LA TEATRUL REGINA MARIA","previousItem":{"@type":"ListItem","@id":"https:\/\/www.teatrulreginamaria.ro\/hu\/categorie\/noutati\/noutati-trupa-iosif-vulcan\/#listItem","name":"Nout\u0103\u021bi - Trupa Iosif Vulcan"}}]},{"@type":"Organization","@id":"https:\/\/www.teatrulreginamaria.ro\/hu\/#organization","name":"Teatrul Regina Maria Oradea","description":"Trupa Iosif Vulcan \u0219i Trupa Arcadia","url":"https:\/\/www.teatrulreginamaria.ro\/hu\/","email":"marketing@teatrulreginamaria.ro","telephone":"+40359411534","numberOfEmployees":{"@type":"QuantitativeValue","minValue":0,"maxValue":150},"logo":{"@type":"ImageObject","url":"https:\/\/www.teatrulreginamaria.ro\/wp-content\/uploads\/2025\/06\/logo-trm-01-dark.png","@id":"https:\/\/www.teatrulreginamaria.ro\/hu\/o-vara-plina-cu-proiecte-la-teatrul-regina-maria\/#organizationLogo","width":300,"height":148},"image":{"@id":"https:\/\/www.teatrulreginamaria.ro\/hu\/o-vara-plina-cu-proiecte-la-teatrul-regina-maria\/#organizationLogo"},"sameAs":["https:\/\/www.facebook.com\/TRMTrupaIosifVulcan\/","https:\/\/x.com\/TRMOradea","https:\/\/www.instagram.com\/teatrul_regina_maria\/","https:\/\/www.youtube.com\/c\/TeatrulReginaMariaOradea","https:\/\/www.linkedin.com\/company\/teatrul-regina-maria"]},{"@type":"Person","@id":"https:\/\/www.teatrulreginamaria.ro\/hu\/author\/w3bmaster\/#author","url":"https:\/\/www.teatrulreginamaria.ro\/hu\/author\/w3bmaster\/","name":"Teatrul Regina Maria","image":{"@type":"ImageObject","@id":"https:\/\/www.teatrulreginamaria.ro\/hu\/o-vara-plina-cu-proiecte-la-teatrul-regina-maria\/#authorImage","url":"https:\/\/secure.gravatar.com\/avatar\/5884139d508ae3f0bafe45e60563b48a9640146d3b08ccc6278c305ff9329305?s=96&d=mm&r=g","width":96,"height":96,"caption":"Teatrul Regina Maria"}},{"@type":"WebPage","@id":"https:\/\/www.teatrulreginamaria.ro\/hu\/o-vara-plina-cu-proiecte-la-teatrul-regina-maria\/#webpage","url":"https:\/\/www.teatrulreginamaria.ro\/hu\/o-vara-plina-cu-proiecte-la-teatrul-regina-maria\/","name":"O VAR\u0102 PLIN\u0102 CU PROIECTE LA TEATRUL REGINA MARIA - Teatrul Regina Maria Oradea","description":"Chiar dac\u0103 unii au intrat deja \u00een vacan\u021b\u0103, \u00eentreg colectivul Teatrului Regina Maria se afl\u0103 pe baricade! Se repet\u0103 intens proiectele care urmeaz\u0103 s\u0103 apar\u0103 \u00een toamn\u0103, \u00een Festivalul de Teatru Scurt \u0219i \u00een noua stagiune. Trei premiere la Sala Mare A\u0219adar, se repet\u0103 pentru spectacolul EQUUS (de Peter Shaffer), \u00een regia artistic\u0103 a lui","inLanguage":"hu-HU","isPartOf":{"@id":"https:\/\/www.teatrulreginamaria.ro\/hu\/#website"},"breadcrumb":{"@id":"https:\/\/www.teatrulreginamaria.ro\/hu\/o-vara-plina-cu-proiecte-la-teatrul-regina-maria\/#breadcrumblist"},"author":{"@id":"https:\/\/www.teatrulreginamaria.ro\/hu\/author\/w3bmaster\/#author"},"creator":{"@id":"https:\/\/www.teatrulreginamaria.ro\/hu\/author\/w3bmaster\/#author"},"datePublished":"2012-06-29T10:52:21+03:00","dateModified":"2012-06-29T10:52:21+03:00"},{"@type":"WebSite","@id":"https:\/\/www.teatrulreginamaria.ro\/hu\/#website","url":"https:\/\/www.teatrulreginamaria.ro\/hu\/","name":"Teatrul Regina Maria Oradea","alternateName":"TRM Oradea","description":"Trupa Iosif Vulcan \u0219i Trupa Arcadia","inLanguage":"hu-HU","publisher":{"@id":"https:\/\/www.teatrulreginamaria.ro\/hu\/#organization"}}]},"og:locale":"hu_HU","og:site_name":"Teatrul Regina Maria Oradea - Trupa Iosif Vulcan \u0219i Trupa Arcadia","og:type":"article","og:title":"O VAR\u0102 PLIN\u0102 CU PROIECTE LA TEATRUL REGINA MARIA - Teatrul Regina Maria Oradea","og:description":"Chiar dac\u0103 unii au intrat deja \u00een vacan\u021b\u0103, \u00eentreg colectivul Teatrului Regina Maria se afl\u0103 pe baricade! Se repet\u0103 intens proiectele care urmeaz\u0103 s\u0103 apar\u0103 \u00een toamn\u0103, \u00een Festivalul de Teatru Scurt \u0219i \u00een noua stagiune. Trei premiere la Sala Mare A\u0219adar, se repet\u0103 pentru spectacolul EQUUS (de Peter Shaffer), \u00een regia artistic\u0103 a lui","og:url":"https:\/\/www.teatrulreginamaria.ro\/hu\/o-vara-plina-cu-proiecte-la-teatrul-regina-maria\/","og:image":"https:\/\/www.teatrulreginamaria.ro\/wp-content\/uploads\/2025\/03\/trm-istoric-01.jpg","og:image:secure_url":"https:\/\/www.teatrulreginamaria.ro\/wp-content\/uploads\/2025\/03\/trm-istoric-01.jpg","og:image:width":1200,"og:image:height":800,"article:published_time":"2012-06-29T10:52:21+00:00","article:modified_time":"2012-06-29T10:52:21+00:00","article:publisher":"https:\/\/www.facebook.com\/TRMTrupaIosifVulcan\/","twitter:card":"summary_large_image","twitter:site":"@TRMOradea","twitter:title":"O VAR\u0102 PLIN\u0102 CU PROIECTE LA TEATRUL REGINA MARIA - Teatrul Regina Maria Oradea","twitter:description":"Chiar dac\u0103 unii au intrat deja \u00een vacan\u021b\u0103, \u00eentreg colectivul Teatrului Regina Maria se afl\u0103 pe baricade! Se repet\u0103 intens proiectele care urmeaz\u0103 s\u0103 apar\u0103 \u00een toamn\u0103, \u00een Festivalul de Teatru Scurt \u0219i \u00een noua stagiune. Trei premiere la Sala Mare A\u0219adar, se repet\u0103 pentru spectacolul EQUUS (de Peter Shaffer), \u00een regia artistic\u0103 a lui","twitter:creator":"@TRMOradea","twitter:image":"https:\/\/www.teatrulreginamaria.ro\/wp-content\/uploads\/2025\/03\/trm-istoric-01.jpg"},"aioseo_meta_data":{"post_id":"887","title":null,"description":null,"keywords":null,"keyphrases":null,"primary_term":null,"canonical_url":null,"og_title":null,"og_description":null,"og_object_type":"default","og_image_type":"default","og_image_url":null,"og_image_width":null,"og_image_height":null,"og_image_custom_url":null,"og_image_custom_fields":null,"og_video":null,"og_custom_url":null,"og_article_section":null,"og_article_tags":null,"twitter_use_og":false,"twitter_card":"default","twitter_image_type":"default","twitter_image_url":null,"twitter_image_custom_url":null,"twitter_image_custom_fields":null,"twitter_title":null,"twitter_description":null,"schema":{"blockGraphs":[],"customGraphs":[],"default":{"data":{"Article":[],"Course":[],"Dataset":[],"FAQPage":[],"Movie":[],"Person":[],"Product":[],"ProductReview":[],"Car":[],"Recipe":[],"Service":[],"SoftwareApplication":[],"WebPage":[]},"graphName":"","isEnabled":true},"graphs":[]},"schema_type":"default","schema_type_options":null,"pillar_content":false,"robots_default":true,"robots_noindex":false,"robots_noarchive":false,"robots_nosnippet":false,"robots_nofollow":false,"robots_noimageindex":false,"robots_noodp":false,"robots_notranslate":false,"robots_max_snippet":null,"robots_max_videopreview":null,"robots_max_imagepreview":"large","priority":null,"frequency":null,"local_seo":null,"seo_analyzer_scan_date":"2026-05-12 23:34:34","breadcrumb_settings":null,"limit_modified_date":false,"reviewed_by":null,"open_ai":null,"ai":null,"created":"2025-04-09 17:40:54","updated":"2026-05-12 23:34:34","focus_keyword":null,"additional_keywords":null,"truseo_locale":null},"aioseo_breadcrumb":"<div class=\"aioseo-breadcrumbs\"><span class=\"aioseo-breadcrumb\">\n\t<a href=\"https:\/\/www.teatrulreginamaria.ro\/hu\" title=\"Home\">Home<\/a>\n<\/span><span class=\"aioseo-breadcrumb-separator\">&raquo;<\/span><span class=\"aioseo-breadcrumb\">\n\t<a href=\"https:\/\/www.teatrulreginamaria.ro\/hu\/categorie\/noutati\/\" title=\"Nout\u0103\u021bi\">Nout\u0103\u021bi<\/a>\n<\/span><span class=\"aioseo-breadcrumb-separator\">&raquo;<\/span><span class=\"aioseo-breadcrumb\">\n\t<a href=\"https:\/\/www.teatrulreginamaria.ro\/hu\/categorie\/noutati\/noutati-trupa-iosif-vulcan\/\" title=\"Nout\u0103\u021bi - Trupa Iosif Vulcan\">Nout\u0103\u021bi - Trupa Iosif Vulcan<\/a>\n<\/span><span class=\"aioseo-breadcrumb-separator\">&raquo;<\/span><span class=\"aioseo-breadcrumb\">\n\tO VAR\u0102 PLIN\u0102 CU PROIECTE LA TEATRUL REGINA MARIA\n<\/span><\/div>","aioseo_breadcrumb_json":[{"label":"Home","link":"https:\/\/www.teatrulreginamaria.ro\/hu"},{"label":"Nout\u0103\u021bi","link":"https:\/\/www.teatrulreginamaria.ro\/hu\/categorie\/noutati\/"},{"label":"Nout\u0103\u021bi - Trupa Iosif Vulcan","link":"https:\/\/www.teatrulreginamaria.ro\/hu\/categorie\/noutati\/noutati-trupa-iosif-vulcan\/"},{"label":"O VAR\u0102 PLIN\u0102 CU PROIECTE LA TEATRUL REGINA MARIA","link":"https:\/\/www.teatrulreginamaria.ro\/hu\/o-vara-plina-cu-proiecte-la-teatrul-regina-maria\/"}],"acf":[],"_links":{"self":[{"href":"https:\/\/www.teatrulreginamaria.ro\/hu\/wp-json\/wp\/v2\/posts\/887","targetHints":{"allow":["GET"]}}],"collection":[{"href":"https:\/\/www.teatrulreginamaria.ro\/hu\/wp-json\/wp\/v2\/posts"}],"about":[{"href":"https:\/\/www.teatrulreginamaria.ro\/hu\/wp-json\/wp\/v2\/types\/post"}],"author":[{"embeddable":true,"href":"https:\/\/www.teatrulreginamaria.ro\/hu\/wp-json\/wp\/v2\/users\/6"}],"replies":[{"embeddable":true,"href":"https:\/\/www.teatrulreginamaria.ro\/hu\/wp-json\/wp\/v2\/comments?post=887"}],"version-history":[{"count":0,"href":"https:\/\/www.teatrulreginamaria.ro\/hu\/wp-json\/wp\/v2\/posts\/887\/revisions"}],"wp:attachment":[{"href":"https:\/\/www.teatrulreginamaria.ro\/hu\/wp-json\/wp\/v2\/media?parent=887"}],"wp:term":[{"taxonomy":"category","embeddable":true,"href":"https:\/\/www.teatrulreginamaria.ro\/hu\/wp-json\/wp\/v2\/categories?post=887"},{"taxonomy":"post_tag","embeddable":true,"href":"https:\/\/www.teatrulreginamaria.ro\/hu\/wp-json\/wp\/v2\/tags?post=887"}],"curies":[{"name":"munkaf\u00fczet","href":"https:\/\/api.w.org\/{rel}","templated":true}]}}