{"id":889,"date":"2012-07-02T07:11:58","date_gmt":"2012-07-02T07:11:58","guid":{"rendered":"https:\/\/teatrulreginamaria.ro\/2012\/07\/02\/doliu-in-teatrul-oradean-a-murit-actorul-marcel-popa\/"},"modified":"2012-07-02T07:11:58","modified_gmt":"2012-07-02T07:11:58","slug":"gyasz-a-nagyvaradi-szinhazban-elhunyt-marcel-popa-szinesz","status":"publish","type":"post","link":"https:\/\/www.teatrulreginamaria.ro\/hu\/doliu-in-teatrul-oradean-a-murit-actorul-marcel-popa\/","title":{"rendered":"GY\u00c1SZ A NAGYORSZ\u00c1GI SZ\u00cdNH\u00c1ZBAN \u2013 MEGHALT MARCEL POPA SZ\u00cdN\u00c9SZ"},"content":{"rendered":"<p style=\"text-align: justify;\">A nagyv\u00e1radi Regina Maria Sz\u00ednh\u00e1z m\u0171v\u00e9szeti kollekt\u00edv\u00e1ja gy\u00e1szolja a szeretett sz\u00edn\u00e9szt, Marcel Pop\u00e1t (aki j\u00fanius 26-\u00e1n hunyt el Bukarestben), \u00e9s egy\u00fctt \u00e9rz a gy\u00e1szol\u00f3 csal\u00e1ddal.<\/p>\n<p style=\"text-align: justify;\">Sz\u00ednh\u00e1zunk sz\u00e1mos sz\u00edn\u00e9sze szem\u00e9lyesen ismerte \u0151t, iskolat\u00e1rsak, sz\u00ednpadt\u00e1rsak \u00e9s r\u00e9gi bar\u00e1tok voltak. \u00d6r\u00f6kk\u00e9 nagyszer\u0171 sz\u00edn\u00e9szk\u00e9nt \u00e9s megb\u00edzhat\u00f3 bar\u00e1tk\u00e9nt fog \u00e9lni az eml\u00e9kezet\u00fckben. Isten nyugosztalja b\u00e9k\u00e9ben!<\/p>\n<p style=\"text-align: justify;\"><strong>Marcel Popa \u2013 sz\u00edn\u00e9sz<\/strong><\/p>\n<p style=\"text-align: justify;\">Sz\u00fclet\u00e9si id\u0151 \u00e9s hely: 1931.05.20., Vaslui<\/p>\n<p style=\"text-align: justify;\">Tanulm\u00e1nyok: nincsenek szakir\u00e1ny\u00fa tanulm\u00e1nyok<\/p>\n<p style=\"text-align: justify;\">Elv\u00e1lt. Van egy l\u00e1nya.<\/p>\n<p><!--more--><\/p>\n<p style=\"text-align: justify;\">A bukaresti &quot;Ciocarlia&quot; Egy\u00fcttes sz\u00ednh\u00e1zi tansz\u00e9k\u00e9n kezdett sz\u00edn\u00e9szkedni. T\u00edz \u00e9v ut\u00e1n a petrozs\u00e1ni &quot;Valea Jiului&quot; Sz\u00ednh\u00e1zhoz ker\u00fclt. Hat \u00e9ven \u00e1t (1964-1970) sz\u00e1mos szerepet j\u00e1tszott Marietta Sadova (akit a b\u00f6rt\u00f6nb\u0151l frissen szabadulva csak a Bukarestt\u0151l lehet\u0151 legt\u00e1volabbi sz\u00ednh\u00e1zakba vettek fel), Ion Olteanu, C\u0103lin Florian \u00e9s Mihai Zirra rendez\u00e9s\u00e9ben. Lehet\u0151s\u00e9g a sz\u00edn\u00e9szeknek, egy igazi sz\u00ednh\u00e1zi iskola, ami rendk\u00edv\u00fcl hasznos volt Marcel Popa sz\u00e1m\u00e1ra is \u2013 aki nem szakosodott iskol\u00e1b\u00f3l v\u00e9gzett.<\/p>\n<p style=\"text-align: justify;\">Eleg\u00e1ns alkat\u00e1val, magas, izmos testalkat\u00e1val \u00e9s kiv\u00e1l\u00f3 sz\u00f3kincs\u00e9vel \u2013 olyan tulajdons\u00e1gokkal, amelyek fontos f\u0151szerepekre aj\u00e1nlott\u00e1k \u0151t klasszikus \u00e9s modern dr\u00e1m\u00e1kban \u2013 Marcel Popa sz\u00e1mos olyan karaktert alkotott, amelyek nyilv\u00e1nval\u00f3an hozz\u00e1j\u00e1rultak a kialakul\u00e1s\u00e1hoz: Ric\u0103 Venturiano (I. L. Cargiale \u2013 Viharos \u00e9jszaka), a Bolond (William Shakespeare \u2013 V\u00edzkereszt), Fiorello (Lope de Vega \u2013 A kert\u00e9sz kuty\u00e1ja), Castri\u015f (Mihail Sorbul \u2013 V\u00f6r\u00f6s szenved\u00e9ly) \u00e9s Solness (Henrik Ibsen \u2013 Az \u00e9p\u00edt\u0151mester). Egy-k\u00e9t \u00e9vig (1971-1972) ezut\u00e1n Szatm\u00e1rn\u00e9metiben j\u00e1tszott, ahol m\u00e1s j\u00f3 szerepek mellett lehet\u0151s\u00e9ge ny\u00edlt Roger Avermaete \u201eR\u0103zboiul vacii\u201d c\u00edm\u0171 darabj\u00e1ban is j\u00e1tszani, Alexandru Tocilescu rendez\u00e9s\u00e9ben.<\/p>\n<p style=\"text-align: justify;\">Nagyv\u00e1radon (1972 \u00f3ta) sz\u00e1mos k\u00f6z\u00e9phossz\u00fa \u00e9s n\u00e9h\u00e1ny f\u0151szerepet j\u00e1tszott. Eml\u00e9kezz\u00fcnk csak n\u00e9h\u00e1nyra: Br\u00e2nzovenescu (I. L. Caragiale: \u201eElveszett lev\u00e9l\u201d) \u00e9s Mangini (Luigi Pirandello: \u201eMa este improviz\u00e1lnak\u201d), melyekhez Alexandru Colpacci rendez\u0151 intelligens v\u00edzi\u00f3j\u00e1nak k\u00f6sz\u00f6nhet\u0151en is \u00e1lland\u00f3s\u00e1got biztos\u00edtott.<\/p>\n<p style=\"text-align: justify;\">V\u00edgj\u00e1t\u00e9kokat is j\u00e1tszott, okosan \u00e9s humorosan \u00e9p\u00edtette fel karaktereit: Iacaccia (G. L. Bernini: Trevi-k\u00fat), Bungrazescu (A. de Hertz: Vil\u00e1gok z\u0171rzavara), Olimpia \u00e9s Ion Mainea partnereivel. J\u00f3zan \u00e9s eleg\u00e1ns volt az angol \u00fariember alakj\u00e1val, az arisztokr\u00e1cia vil\u00e1g\u00e1b\u00f3l sz\u00e1rmaz\u00f3 urakat testes\u00edtve meg: Mr. Clinton (J. B. Priestley: A botr\u00e1nyos kapcsolat...), a francia attas\u00e9 \u00e9s Ion Bratiunu (Mircea Bradu: A d\u00f6nt\u00e9s), Mr. Davenport Barlow (W. Somerset Maugham: Hogyan nyerj\u00fcnk embereket), Mr. Cochette (Barillet-Gr\u00e9dy: Kaktuszvir\u00e1g), Dr. Murgu (Ileana Vulpescu: A besz\u00e9lget\u00e9s m\u0171v\u00e9szete). Nagyon j\u00f3 alak\u00edt\u00e1st ny\u00fajtott Kurt szerep\u00e9ben D\u00fcrrenmatt atya &quot;Play Strindberg&quot; c\u00edm\u0171 darabj\u00e1ban, kiv\u00e1l\u00f3 koll\u00e9g\u00e1i, Simona Constantinescu \u00e9s Ion Mainea oldal\u00e1n.<\/p>\n<p style=\"text-align: justify;\">Soha nem utas\u00edtott vissza egyetlen szerepet sem, b\u00e1rmilyen kicsi is volt az, minden karakterben kereste azokat a tulajdons\u00e1gokat, amelyek megk\u00f6nnyebb\u00fcl\u00e9st hozhattak sz\u00e1m\u00e1ra (A karmester \u2013 Mihail Sebastian \u201eA n\u00e9vtelen csillag\u201d, Az Anonim T\u00e1rsas\u00e1g igazgat\u00f3ja \u2013 D\u00fcrrenmatt atya \u201eA szam\u00e1r \u00e1rny\u00e9k\u00e1nak t\u00e1rgyal\u00e1sa\u201d, Egy falusi \u2013 Mircea Bradu \u201eAz el\u00e1tkozott falu\u201d stb.).<\/p>\n<p style=\"text-align: justify;\">Sz\u00edvesen j\u00e1tszott gyermekm\u0171sorokban is (Lev Ustinov \u201eKrist\u00e1lysz\u00edv\u201d, Ion Creang\u0103 \u201eIvan Turbinc\u0103\u201d, Vasile Alecsandri \u201eS\u00e2nziana \u00e9s Pepelea\u201d).<\/p>\n<p style=\"text-align: justify;\">A lelkes olvas\u00f3, fegyelmezett, komoly \u00e9s bar\u00e1ts\u00e1gos Marcel Pop\u00e1t mindig is hasznos sz\u00edn\u00e9sznek tartott\u00e1k. Sajnos egy buta baleset a hal\u00e1l sz\u00e9l\u00e9re sodorta, pedig gy\u00f6ny\u00f6r\u0171 szerepeket, kor\u00e1nak megfelel\u0151 karaktereket j\u00e1tszhatott volna.<\/p>\n<p style=\"text-align: justify;\"><strong>M\u0171v\u00e9szeti lap \u2013 Nagyv\u00e1radi \u00c1llami Sz\u00ednh\u00e1z<\/strong><\/p>\n<ul>\n<li>Dr. Negrin a M\u00c9R\u0150OLVAS\u00d3 c\u00edm\u0171 filmben, Paul Everac rendez\u00e9s\u00e9ben, 1973, Nicoleta Toia rendez\u00e9s\u00e9ben<\/li>\n<li>Titta-Nane: A CHIOGGI K\u00c9RD\u00c9SEK, Carlo Goldoni, 1974, rendezte: Farkas \u015etefan<\/li>\n<li>David Vincenzo di Mattia A hatodik hatalm\u00e1ban, 1974, rendez\u0151: Alexandru Colpacci<\/li>\n<li>Od\u00fcsszeusz A TR\u00d3JAI H\u00c1BOR\u00da NEM LESZ MEG, \u00edrta Jean Giraudoux, 1974, rendezte: Szombati, Gille Otto<\/li>\n<li>Szerepelt a HOP AND WE IN A MAGAZINE c\u00edm\u0171 darabban, 1974, rendezte: Dorel Url\u0103\u0163eanu<\/li>\n<li>Kurt Friedrich D\u00fcrrenmatt PLAY STRINDBERG c\u00edm\u0171 filmj\u00e9ben, 1974, rendez\u0151. Szombati Gille Otto<\/li>\n<li>S\u0103deanu \u00fcgyv\u00e9d az 1975-\u00f6s Paul Everac \u00e1ltal \u00edrt \u00daJ \u00c9LET, MINT A KOCSI, rendezte: Szombati Gille Otto<\/li>\n<li>Coty Adam az Al. Kiri\u0163escu \u00e1ltal 1975-ben rendezett A DIKT\u00c1TOR c\u00edm\u0171 filmben, Sergiu Savin rendez\u00e9s\u00e9ben<\/li>\n<li>Polyxenus A T\u00c9LI MES\u00c9BEN, William Shakespeare, 1975, r. Alexandru Colpacci<\/li>\n<li>Al.Ioan Cuza EMINESCU IN B\u00c9CSBEN Stelian Vasilescut\u00f3l, 1975, rendezte: Ion M\u00e2inea<\/li>\n<li>Mircea Bradu Bora a FEH\u00c9R \u00c9JBEN, 1975, rendez\u0151. Zoe Anghel Stanca<\/li>\n<li>Andy Cott a NAP BOMB\u00c1JA c\u00edm\u0171 filmben, Ben Hecht \u00e9s Charles McArthur, 1976, rendezte: Szombati, Gille Otto<\/li>\n<li>A SZENVEDELEM AZ ERK\u00c9LYEN, DRPopescu, 1976, rendezte: Alexandru Colpacci<\/li>\n<li>Iacaccia a TREVI-k\u00fatban, Gian Lorenzo Bernini, 1976, rendezte: Sergiu Savin<\/li>\n<li>Protokollf\u0151n\u00f6k az APPASSIONATA c\u00edm\u0171 darabban, rendezte Aurel Gh. Ardeleanu, 1976, Sergiu Savin<\/li>\n<li>A B\u00edr\u00f3 \u00e9s a S\u00edr\u00e1s\u00f3 III. A HETEDIK PARANCSNOKS\u00c1G: LOP\u00c1S EGY KEVESEBBET c\u00edm\u0171 filmben, Dario Fo, 1977, Sergiu Savin rendez\u00e9s\u00e9ben<\/li>\n<li>A francia attas\u00e9 \u00e9s Ion Br\u0103tianu: A D\u00d6NT\u00c9S, Mircea Bradu, 1977, rendezte: Alexandru Colpacci<\/li>\n<li>Tr\u00fckk a S\u00c2NZIANA \u00c9S PEPELEA-ban, Vasile Alecsandri, 1977, rendez\u0151: Sergiu Savin<\/li>\n<li>Szerepl\u0151: HORV\u00c1TH IMRE TRIBUTE RECITAL, 1976, rendez\u0151: Szombati Gille Otto<\/li>\n<li>Szerepelt az Eugen \u0162ugulea rendezte, F\u00dcGGETLENEK \u00c9S SZUVER\u00c9NEK VAGYUNK c\u00edm\u0171 1977-es filmben<\/li>\n<li>Szentj\u00e1noskeny\u00e9r a VESEK\u00d6VEK c\u00edm\u0171 darabban, Paul Everac, 1977, rendezte: Szombati Gille Otto<\/li>\n<li>Szerepelt az 1977-es THIS IS LIFE c\u00edm\u0171 filmben, rendezte: Ion M\u00e2inea<\/li>\n<li>H\u00e1zigazda az OCCISIO GREGORII MOLDAVI\u00c1BAN VODAE TRAGEDICE EXPRESSA, 1978, rendez\u0151 Ion Olteanu<\/li>\n<li>Bungrazescu in \u0130NCURC\u0102-LUME, A. de Herz, 1978, rendezte: Farkas \u015etefan \u00e9s Ion M\u00e2inea<\/li>\n<li>Mangini a MA ESTI IMPROVIZ\u00c1CI\u00d3BAN Luigi Pirandellot\u00f3l, 1978, rendez\u0151. Alexandru Colpacci<\/li>\n<li>Tanasis a KIS FARIZESZEKBEN, Dimitris Psatas, 1978, rendez\u0151 Szombati Gille Otto<\/li>\n<li>Diom\u00e9d\u00e9sz a RH\u00c9SZOSZ (A TH\u00c1R KIR\u00c1LY) c\u00edm\u0171 darabban, Euripid\u00e9sz, 1979, rendezte: Sergiu Savin<\/li>\n<li>Wallner az INIMA-ban, Mircea Bradu, 1979, rendez\u0151. Alexandru Colpacci<\/li>\n<li>Saint-Morsan a MADAME SANS-G\u00caNE-ben, Victorien Sardou \u00e9s E.Moreau, 1979, rendez\u0151: Szombati Gille Otto<\/li>\n<li>Sir Simon (A fantom) a Kark\u00f6t\u0151s szellem c\u00edm\u0171 filmben, Mircea Bere\u015f, 1979, rendezte: Mircea Corni\u015fteanu<\/li>\n<li>A reszket\u0151 kir\u00e1ly a KRIST\u00c1LYSZ\u00cdVBEN, \u00edrta Lev Usztinov, 1979, rendezte: Szombati Gille Otto<\/li>\n<li>Br\u00e2nzovenescu az ELVESZETT LEV\u00c9L c\u00edm\u0171 darabban, rendezte: ILCaragiale, 1979<\/li>\n<li>Nelu Ionescu, 1980, Mihai: HOGY LETT CATINCA \u00d6REGLE\u00c1NY, 1980. Eugen \u0162ugulea<\/li>\n<li>Nagy S\u00e1ndor a Diogen\u00e9sz, a kutya c\u00edm\u0171 darabban, Dumitru Solomon, 1980, rendezte: Alexandru Colpacci<\/li>\n<li>Ilihoi az IOVITA K\u00d6NYVE c\u00edm\u0171 darabban, Paul Everac, 1981, rendezte: Dan Alecsandrescu<\/li>\n<li>Jakin az Iv\u00e1n c\u00e1r megv\u00e1ltoztatja a hivat\u00e1s\u00e1t c\u00edm\u0171 darabban, rendezte Mihail Bulgakov, 1981, rendezte: Alexandru Colpacci<\/li>\n<li>A karmester, a csend\u0151r, az els\u0151 kapit\u00e1ny \u00e9s a szolga az Ion Lucian \u00e9s Virgil Puicea \u00e1ltal \u00edrt, 1981-es MASZKOK \u00c9S SZ\u00d3DAV\u00c9DEK c\u00edm\u0171 darabban, rendezte: Ion Lucian<\/li>\n<li>Sartoni a KETT\u0150S J\u00c1T\u00c9K c\u00edm\u0171 darabban, rendezte Robert Thomas, 1981, Szombati Gille Otto<\/li>\n<li>IV. Vlad a VIR\u00c1GOK H\u00c1Z\u00c1BAN, Marin Sorescu, 1981, rendezte: Sergiu Savin<\/li>\n<li>Felix in the FLORENTINE HAT, Eug\u00e8ne Labiche, 1982, r. Zoe Anghel Stanca<\/li>\n<li>A m\u00e1sodik szen\u00e1tor a kup\u00e9sz\u00ednh\u00e1zban Leonid Andrejev THE SABINE BLESSIES \u00e9s THE HORSE IN THE SENATUS c\u00edm\u0171 darabjaiban, 1982, rendezte: Sergiu Savin<\/li>\n<li>Reg\u00e9ny a kup\u00e9el\u0151ad\u00e1sban: A SABINE BLESSIES \u00e9s A L\u00d3 A SZEN\u00c1TUSBAN, Leonyid Andrejev, 1982, rendezte: Sergiu Savin<\/li>\n<li>Profiriu az ARCV\u00c1LTOZ\u00c1SBAN G.M. Zamfirescu, 1982, d.Eugen Mercus<\/li>\n<li>Von Kalb Fr. INTRIGUM \u00c9S SZERETET c. Schiller, 1982, rendez\u0151. Zoe Anghel Stanca<\/li>\n<li>Az apa az 1983-as Zoe Anghel Stanca rendezte, SZERELMESEK ESTE KILENC \u00d3R\u00c1N c\u00edm\u0171 filmben, Adrian Dohotaru toll\u00e1b\u00f3l<\/li>\n<li>Murgu doktor: A BESZ\u00c9LGET\u00c9S M\u0170V\u00c9SZETE, Ileana Vulpescu, 1983, rendez\u0151. Zoe Anghel Stanca<\/li>\n<li>Mr. de Sotenville A megcsalt f\u00e9rj (GEORGE DANDIN) c\u00edm\u0171 Moli\u00e8re-filmben, 1984-ben, Ion M\u00e2inea rendez\u00e9s\u00e9ben<\/li>\n<li>Szerepl\u0151 az ENTERTAINMENT &#039;84-ben, 1984, rendez\u0151: G\u00e1bor J\u00f3zsef \u00e9s G\u00e1bor Kati<\/li>\n<li>Falusi az EL\u00c1TOTT FALU c\u00edm\u0171 filmben, Mircea Bradu, 1984, rendezte: Sergiu Savin<\/li>\n<li>Cantemir a BACALAUREATE VIZSG\u00c1BAN (FATA MORGANA), Dumitru Solomon, 1985, rendez\u0151: Victor Ioan Frunz\u0103<\/li>\n<li>Fell\u00e9p az ONE MORE SING, ONE MORE Joke, 1985, G\u00e1bor J\u00f3zsef \u00e9s G\u00e1bor Kati rendez\u00e9s\u00e9ben<\/li>\n<li>Ilihoi az IOVI\u0162\u0102 K\u00d6NYVEBEN (ism\u00e9tl\u00e9s), Paul Everac, 1986, rendezte Dan Alecsandrescu<\/li>\n<li>Von Strack gr\u00f3f Peter Shaffer AMADEUS-j\u00e1ban, 1986, rendez\u0151. Alexandru Darie<\/li>\n<li>Mr. Cochet a Kaktuszvir\u00e1g c\u00edm\u0171 darabban, Barillet \u00e9s Gr\u00e9dy toll\u00e1b\u00f3l, 1986, Farkas \u015etefan rendez\u00e9s\u00e9ben<\/li>\n<li>Mr. X a STRESS-ben, Mircea Radu Iacoban, 1986, dir. Dan Alecsandrescu<\/li>\n<li>a rendez\u0151 szerepe a Tudor Popescu \u00e1ltal 1987-ben \u00edrt T\u00cdZ NEVET\u00c9S c\u00edm\u0171 filmben, rendezte: Alexandru Darie<\/li>\n<li>Egy hang a MESTER\u00c9NEKES c\u00edm\u0171 filmben, Frank Wedekind, 1988, dir. Laurian Oniga<\/li>\n<li>Davenport Barlow \u00far a HOGYAN NYERJ\u00dcNK MEG F\u00c9RFIAKAT (PENELOPE) c\u00edm\u0171 Somerset Maugham \u00e1ltal 1988-ban \u00edrt, Farkas \u015etefan \u00e1ltal rendezett filmben<\/li>\n<li>Anselmo a VERSENYH\u00c1ZASS\u00c1G c\u00edm\u0171 darabban, Carlo Goldoni, 1988, rendezte: Nicoleta Toia<\/li>\n<li>Corneliu Barbu: Viorel Cacoveanu \u00e9jf\u00e9li kering\u0151j\u00e9ben, 1989, rendez\u0151: Nicoleta Toia<\/li>\n<li>Szerepl\u0151 az 1990-es, Sergiu Savin rendez\u00e9s\u00e9ben k\u00e9sz\u00fclt UNCENSORE c\u00edm\u0171 filmben<\/li>\n<li>Piscik A CSERESZNYESKERTBEN, A. P. Csehov, 1990, rendezte: Laurian Oniga<\/li>\n<li>George Bertoux a LIFTING-ben, Pierre Chesnot, 1990, rendez\u0151. Szombati Gille Otto<\/li>\n<li>Smetan\u00eeci a S\u00dcRG\u0150SEN KOMMUNISTA NAGYANY\u00c1T KERES\u00dcNK (A MEGB\u00cdZ\u00c1S) c\u00edm\u0171 filmben, rendezte: Nikolai Erdman, 1991, rendezte: Cornel Mihalache<\/li>\n<li>William Shakespeare Francisco in THE STORM, 1992, rendez\u0151. Tudor Chiril\u0103<\/li>\n<li>Marley \u00e9s Don Quichotte Silvia Kerim KAR\u00c1CSONYI T\u00d6RT\u00c9NETE c\u00edm\u0171 Charles Dickens-re \u00e9p\u00fcl\u0151 reg\u00e9ny\u00e9ben, 1992, rendezte: Rodica Radu<\/li>\n<li>Sir Dinadan az Egy jenki Art\u00far kir\u00e1ly udvar\u00e1ban c\u00edm\u0171 darabban, Mark Twain, 1993, rendezte: Eugen Harizomenov<\/li>\n<li>Dupont-Dufort Az apa a TOLVAJOK B\u00c1LJ\u00c1BAN, Jean Anouilh, 1993, rendezte: Louise D\u0103nceanu<\/li>\n<li>Egy udvarl\u00f3 \u00e9s az Apa a H\u00c9T TENGEREN \u00c9S H\u00c9T\u2026 MES\u00c9KEN T\u00d6RT\u00c9N\u0150 T\u00c1VOL, \u00edrta Gheorghe Stana, 1994, rendezte: Gheorghe Stana<\/li>\n<li>Egy ol\u00e1h f\u00e9rfi a v\u00edgj\u00e1t\u00e9k m\u0171v\u00e9szet\u00e9ben, Eduardo de Filippo, 1994, rendezte: Mihai Lungeanu<\/li>\n<li>Mr. Clinton a BOTR\u00c1NYOS \u00dcGY MR. KETTLE \u00c9S MRS. MOON K\u00d6Z\u00d6TT c\u00edm\u0171 darabban, JBPriestley, 1995, rendezte: Szombati Gille Otto<\/li>\n<li>A r\u00e9szv\u00e9nyt\u00e1rsas\u00e1g igazgat\u00f3ja a Friedrich D\u00fcrrenmatt 1997-es, Cristian Ioan \u00e1ltal rendezett A SZAM\u00c1R \u00c1RNY\u00c9K\u00c1NAK PER\u00c9BEN c\u00edm\u0171 filmj\u00e9ben<\/li>\n<li>A Boyar IVAN TURBINC\u0102-ban Ion Creang\u0102 ut\u00e1n, 1997, r. Daniel Vulcu<\/li>\n<li>Eduardo de Filippo Attilio in THE JOBEN, 1997, r. Ion Ciubotaru<\/li>\n<li>Stratos in the COLD, Marin Sorescu, 1998, rendez\u0151. Ion Ciubotaru<\/li>\n<li>Kr\u00e9m\u00e9szek Arisztophan\u00e9sz N\u0150GY\u00dcLEKEZET c\u00edm\u0171 m\u0171v\u00e9ben, 1998, rendezte: Eugen Harizomenov<\/li>\n<li>A karmester Mihail Sebastian N\u00c9VTELEN CSILLAG c\u00edm\u0171 darabj\u00e1ban, 1999-ben, Florin Antoniu rendez\u00e9s\u00e9ben<\/li>\n<li>A h\u00e1zass\u00e1gt\u00f6r\u0151 f\u00e9rj a CANDIDA ER\u00c9NDIRA \u00c9S DURVA NAGYANYA FANTASZTIKUS \u00c9S SZOMOR\u00da T\u00d6RT\u00c9NET\u00c9BEN, G.G. M\u00e1rquez novell\u00e1j\u00e1nak dramatiz\u00e1l\u00e1s\u00e1ban, Ion Sapdaru, 2000, rendezte: Ion Sapdaru<\/li>\n<li>Az \u00f6reg szolga a F\u00c9LRE\u00c9RT\u00c9S c\u00edm\u0171 darabban, Albert Camus, 2001, rendezte: Alina Hiristea<\/li>\n<li>Don Louis a Dom Juanban, Moli\u00e8re, 2001, rendezte: Radu Nichifor<\/li>\n<\/ul>","protected":false},"excerpt":{"rendered":"<p>Colectivul artistic al Teatrului Regina Maria din Oradea depl\u00e2nge trecerea \u00een nefiin\u0163\u0103\u00a0a \u00eendr\u0103gitului actor Marcel Popa (decedat la Bucure\u0219ti, \u00een 26 iunie) \u015fi este al\u0103turi de familia \u00eendoliat\u0103. Mul\u0163i actori ai teatrului nostru l-au cunoscut personal, au fost colegi de \u015fcoal\u0103, de scen\u0103 \u015fi prieteni vechi. Va r\u0103m\u00e2ne mereu \u00een amintirea lor ca un mare [&hellip;]<\/p>\n","protected":false},"author":6,"featured_media":0,"comment_status":"open","ping_status":"open","sticky":false,"template":"","format":"standard","meta":{"_acf_changed":false,"footnotes":""},"categories":[22],"tags":[],"class_list":["post-889","post","type-post","status-publish","format-standard","hentry","category-noutati-trupa-iosif-vulcan"],"aioseo_notices":[],"aioseo_head":"\n\t\t<!-- All in One SEO Pro 5.0.1.1 - aioseo.com -->\n\t<meta name=\"description\" content=\"Colectivul artistic al Teatrului Regina Maria din Oradea depl\u00e2nge trecerea \u00een nefiin\u0163\u0103 a \u00eendr\u0103gitului actor Marcel Popa (decedat la Bucure\u0219ti, \u00een 26 iunie) \u015fi este al\u0103turi de familia \u00eendoliat\u0103. Mul\u0163i actori ai teatrului nostru l-au cunoscut personal, au fost colegi de \u015fcoal\u0103, de scen\u0103 \u015fi prieteni vechi. Va r\u0103m\u00e2ne mereu \u00een amintirea lor ca un mare\" \/>\n\t<meta name=\"robots\" content=\"max-image-preview:large\" \/>\n\t<meta name=\"author\" content=\"Teatrul Regina Maria\"\/>\n\t<link rel=\"canonical\" href=\"https:\/\/www.teatrulreginamaria.ro\/hu\/doliu-in-teatrul-oradean-a-murit-actorul-marcel-popa\/\" \/>\n\t<meta name=\"generator\" content=\"All in One SEO Pro (AIOSEO) 5.0.1.1\" \/>\n\t\t<meta property=\"og:locale\" content=\"hu_HU\" \/>\n\t\t<meta property=\"og:site_name\" content=\"Teatrul Regina Maria Oradea - Trupa Iosif Vulcan \u0219i Trupa Arcadia\" \/>\n\t\t<meta property=\"og:type\" content=\"article\" \/>\n\t\t<meta property=\"og:title\" content=\"DOLIU \u00ceN TEATRUL OR\u0102DEAN \u2013 A MURIT ACTORUL MARCEL POPA - Teatrul Regina Maria Oradea\" \/>\n\t\t<meta property=\"og:description\" content=\"Colectivul artistic al Teatrului Regina Maria din Oradea depl\u00e2nge trecerea \u00een nefiin\u0163\u0103 a \u00eendr\u0103gitului actor Marcel Popa (decedat la Bucure\u0219ti, \u00een 26 iunie) \u015fi este al\u0103turi de familia \u00eendoliat\u0103. Mul\u0163i actori ai teatrului nostru l-au cunoscut personal, au fost colegi de \u015fcoal\u0103, de scen\u0103 \u015fi prieteni vechi. Va r\u0103m\u00e2ne mereu \u00een amintirea lor ca un mare\" \/>\n\t\t<meta property=\"og:url\" content=\"https:\/\/www.teatrulreginamaria.ro\/hu\/doliu-in-teatrul-oradean-a-murit-actorul-marcel-popa\/\" \/>\n\t\t<meta property=\"og:image\" content=\"https:\/\/www.teatrulreginamaria.ro\/wp-content\/uploads\/2025\/03\/trm-istoric-01.jpg\" \/>\n\t\t<meta property=\"og:image:secure_url\" content=\"https:\/\/www.teatrulreginamaria.ro\/wp-content\/uploads\/2025\/03\/trm-istoric-01.jpg\" \/>\n\t\t<meta property=\"og:image:width\" content=\"1200\" \/>\n\t\t<meta property=\"og:image:height\" content=\"800\" \/>\n\t\t<meta property=\"article:published_time\" content=\"2012-07-02T07:11:58+00:00\" \/>\n\t\t<meta property=\"article:modified_time\" content=\"2012-07-02T07:11:58+00:00\" \/>\n\t\t<meta property=\"article:publisher\" content=\"https:\/\/www.facebook.com\/TRMTrupaIosifVulcan\/\" \/>\n\t\t<meta name=\"twitter:card\" content=\"summary_large_image\" \/>\n\t\t<meta name=\"twitter:site\" content=\"@TRMOradea\" \/>\n\t\t<meta name=\"twitter:title\" content=\"DOLIU \u00ceN TEATRUL OR\u0102DEAN \u2013 A MURIT ACTORUL MARCEL POPA - Teatrul Regina Maria Oradea\" \/>\n\t\t<meta name=\"twitter:description\" content=\"Colectivul artistic al Teatrului Regina Maria din Oradea depl\u00e2nge trecerea \u00een nefiin\u0163\u0103 a \u00eendr\u0103gitului actor Marcel Popa (decedat la Bucure\u0219ti, \u00een 26 iunie) \u015fi este al\u0103turi de familia \u00eendoliat\u0103. Mul\u0163i actori ai teatrului nostru l-au cunoscut personal, au fost colegi de \u015fcoal\u0103, de scen\u0103 \u015fi prieteni vechi. Va r\u0103m\u00e2ne mereu \u00een amintirea lor ca un mare\" \/>\n\t\t<meta name=\"twitter:creator\" content=\"@TRMOradea\" \/>\n\t\t<meta name=\"twitter:image\" content=\"https:\/\/www.teatrulreginamaria.ro\/wp-content\/uploads\/2025\/03\/trm-istoric-01.jpg\" \/>\n\t\t<script type=\"application\/ld+json\" class=\"aioseo-schema\">\n\t\t\t{\"@context\":\"https:\\\/\\\/schema.org\",\"@graph\":[{\"@type\":\"BlogPosting\",\"@id\":\"https:\\\/\\\/www.teatrulreginamaria.ro\\\/hu\\\/doliu-in-teatrul-oradean-a-murit-actorul-marcel-popa\\\/#blogposting\",\"name\":\"DOLIU \\u00ceN TEATRUL OR\\u0102DEAN \\u2013 A MURIT ACTORUL MARCEL POPA - Teatrul Regina Maria Oradea\",\"headline\":\"DOLIU \\u00ceN TEATRUL OR\\u0102DEAN &#8211; A MURIT ACTORUL MARCEL POPA\",\"author\":{\"@id\":\"https:\\\/\\\/www.teatrulreginamaria.ro\\\/hu\\\/author\\\/w3bmaster\\\/#author\"},\"publisher\":{\"@id\":\"https:\\\/\\\/www.teatrulreginamaria.ro\\\/hu\\\/#organization\"},\"image\":{\"@type\":\"ImageObject\",\"url\":\"https:\\\/\\\/www.teatrulreginamaria.ro\\\/wp-content\\\/uploads\\\/2025\\\/06\\\/logo-trm-01-dark.png\",\"@id\":\"https:\\\/\\\/www.teatrulreginamaria.ro\\\/hu\\\/#articleImage\",\"width\":300,\"height\":148},\"datePublished\":\"2012-07-02T07:11:58+03:00\",\"dateModified\":\"2012-07-02T07:11:58+03:00\",\"inLanguage\":\"hu-HU\",\"mainEntityOfPage\":{\"@id\":\"https:\\\/\\\/www.teatrulreginamaria.ro\\\/hu\\\/doliu-in-teatrul-oradean-a-murit-actorul-marcel-popa\\\/#webpage\"},\"isPartOf\":{\"@id\":\"https:\\\/\\\/www.teatrulreginamaria.ro\\\/hu\\\/doliu-in-teatrul-oradean-a-murit-actorul-marcel-popa\\\/#webpage\"},\"articleSection\":\"Nout\\u0103\\u021bi - Trupa Iosif Vulcan\"},{\"@type\":\"BreadcrumbList\",\"@id\":\"https:\\\/\\\/www.teatrulreginamaria.ro\\\/hu\\\/doliu-in-teatrul-oradean-a-murit-actorul-marcel-popa\\\/#breadcrumblist\",\"itemListElement\":[{\"@type\":\"ListItem\",\"@id\":\"https:\\\/\\\/www.teatrulreginamaria.ro\\\/hu#listItem\",\"position\":1,\"name\":\"Home\",\"item\":\"https:\\\/\\\/www.teatrulreginamaria.ro\\\/hu\",\"nextItem\":{\"@type\":\"ListItem\",\"@id\":\"https:\\\/\\\/www.teatrulreginamaria.ro\\\/hu\\\/categorie\\\/noutati\\\/#listItem\",\"name\":\"Nout\\u0103\\u021bi\"}},{\"@type\":\"ListItem\",\"@id\":\"https:\\\/\\\/www.teatrulreginamaria.ro\\\/hu\\\/categorie\\\/noutati\\\/#listItem\",\"position\":2,\"name\":\"Nout\\u0103\\u021bi\",\"item\":\"https:\\\/\\\/www.teatrulreginamaria.ro\\\/hu\\\/categorie\\\/noutati\\\/\",\"nextItem\":{\"@type\":\"ListItem\",\"@id\":\"https:\\\/\\\/www.teatrulreginamaria.ro\\\/hu\\\/categorie\\\/noutati\\\/noutati-trupa-iosif-vulcan\\\/#listItem\",\"name\":\"Nout\\u0103\\u021bi - Trupa Iosif Vulcan\"},\"previousItem\":{\"@type\":\"ListItem\",\"@id\":\"https:\\\/\\\/www.teatrulreginamaria.ro\\\/hu#listItem\",\"name\":\"Home\"}},{\"@type\":\"ListItem\",\"@id\":\"https:\\\/\\\/www.teatrulreginamaria.ro\\\/hu\\\/categorie\\\/noutati\\\/noutati-trupa-iosif-vulcan\\\/#listItem\",\"position\":3,\"name\":\"Nout\\u0103\\u021bi - Trupa Iosif Vulcan\",\"item\":\"https:\\\/\\\/www.teatrulreginamaria.ro\\\/hu\\\/categorie\\\/noutati\\\/noutati-trupa-iosif-vulcan\\\/\",\"nextItem\":{\"@type\":\"ListItem\",\"@id\":\"https:\\\/\\\/www.teatrulreginamaria.ro\\\/hu\\\/doliu-in-teatrul-oradean-a-murit-actorul-marcel-popa\\\/#listItem\",\"name\":\"DOLIU \\u00ceN TEATRUL OR\\u0102DEAN &#8211; A MURIT ACTORUL MARCEL POPA\"},\"previousItem\":{\"@type\":\"ListItem\",\"@id\":\"https:\\\/\\\/www.teatrulreginamaria.ro\\\/hu\\\/categorie\\\/noutati\\\/#listItem\",\"name\":\"Nout\\u0103\\u021bi\"}},{\"@type\":\"ListItem\",\"@id\":\"https:\\\/\\\/www.teatrulreginamaria.ro\\\/hu\\\/doliu-in-teatrul-oradean-a-murit-actorul-marcel-popa\\\/#listItem\",\"position\":4,\"name\":\"DOLIU \\u00ceN TEATRUL OR\\u0102DEAN &#8211; A MURIT ACTORUL MARCEL POPA\",\"previousItem\":{\"@type\":\"ListItem\",\"@id\":\"https:\\\/\\\/www.teatrulreginamaria.ro\\\/hu\\\/categorie\\\/noutati\\\/noutati-trupa-iosif-vulcan\\\/#listItem\",\"name\":\"Nout\\u0103\\u021bi - Trupa Iosif Vulcan\"}}]},{\"@type\":\"Organization\",\"@id\":\"https:\\\/\\\/www.teatrulreginamaria.ro\\\/hu\\\/#organization\",\"name\":\"Teatrul Regina Maria Oradea\",\"description\":\"Trupa Iosif Vulcan \\u0219i Trupa Arcadia\",\"url\":\"https:\\\/\\\/www.teatrulreginamaria.ro\\\/hu\\\/\",\"email\":\"marketing@teatrulreginamaria.ro\",\"telephone\":\"+40359411534\",\"numberOfEmployees\":{\"@type\":\"QuantitativeValue\",\"minValue\":0,\"maxValue\":150},\"logo\":{\"@type\":\"ImageObject\",\"url\":\"https:\\\/\\\/www.teatrulreginamaria.ro\\\/wp-content\\\/uploads\\\/2025\\\/06\\\/logo-trm-01-dark.png\",\"@id\":\"https:\\\/\\\/www.teatrulreginamaria.ro\\\/hu\\\/doliu-in-teatrul-oradean-a-murit-actorul-marcel-popa\\\/#organizationLogo\",\"width\":300,\"height\":148},\"image\":{\"@id\":\"https:\\\/\\\/www.teatrulreginamaria.ro\\\/hu\\\/doliu-in-teatrul-oradean-a-murit-actorul-marcel-popa\\\/#organizationLogo\"},\"sameAs\":[\"https:\\\/\\\/www.facebook.com\\\/TRMTrupaIosifVulcan\\\/\",\"https:\\\/\\\/x.com\\\/TRMOradea\",\"https:\\\/\\\/www.instagram.com\\\/teatrul_regina_maria\\\/\",\"https:\\\/\\\/www.youtube.com\\\/c\\\/TeatrulReginaMariaOradea\",\"https:\\\/\\\/www.linkedin.com\\\/company\\\/teatrul-regina-maria\"]},{\"@type\":\"Person\",\"@id\":\"https:\\\/\\\/www.teatrulreginamaria.ro\\\/hu\\\/author\\\/w3bmaster\\\/#author\",\"url\":\"https:\\\/\\\/www.teatrulreginamaria.ro\\\/hu\\\/author\\\/w3bmaster\\\/\",\"name\":\"Teatrul Regina Maria\",\"image\":{\"@type\":\"ImageObject\",\"@id\":\"https:\\\/\\\/www.teatrulreginamaria.ro\\\/hu\\\/doliu-in-teatrul-oradean-a-murit-actorul-marcel-popa\\\/#authorImage\",\"url\":\"https:\\\/\\\/secure.gravatar.com\\\/avatar\\\/5884139d508ae3f0bafe45e60563b48a9640146d3b08ccc6278c305ff9329305?s=96&d=mm&r=g\",\"width\":96,\"height\":96,\"caption\":\"Teatrul Regina Maria\"}},{\"@type\":\"WebPage\",\"@id\":\"https:\\\/\\\/www.teatrulreginamaria.ro\\\/hu\\\/doliu-in-teatrul-oradean-a-murit-actorul-marcel-popa\\\/#webpage\",\"url\":\"https:\\\/\\\/www.teatrulreginamaria.ro\\\/hu\\\/doliu-in-teatrul-oradean-a-murit-actorul-marcel-popa\\\/\",\"name\":\"DOLIU \\u00ceN TEATRUL OR\\u0102DEAN \\u2013 A MURIT ACTORUL MARCEL POPA - Teatrul Regina Maria Oradea\",\"description\":\"Colectivul artistic al Teatrului Regina Maria din Oradea depl\\u00e2nge trecerea \\u00een nefiin\\u0163\\u0103 a \\u00eendr\\u0103gitului actor Marcel Popa (decedat la Bucure\\u0219ti, \\u00een 26 iunie) \\u015fi este al\\u0103turi de familia \\u00eendoliat\\u0103. Mul\\u0163i actori ai teatrului nostru l-au cunoscut personal, au fost colegi de \\u015fcoal\\u0103, de scen\\u0103 \\u015fi prieteni vechi. Va r\\u0103m\\u00e2ne mereu \\u00een amintirea lor ca un mare\",\"inLanguage\":\"hu-HU\",\"isPartOf\":{\"@id\":\"https:\\\/\\\/www.teatrulreginamaria.ro\\\/hu\\\/#website\"},\"breadcrumb\":{\"@id\":\"https:\\\/\\\/www.teatrulreginamaria.ro\\\/hu\\\/doliu-in-teatrul-oradean-a-murit-actorul-marcel-popa\\\/#breadcrumblist\"},\"author\":{\"@id\":\"https:\\\/\\\/www.teatrulreginamaria.ro\\\/hu\\\/author\\\/w3bmaster\\\/#author\"},\"creator\":{\"@id\":\"https:\\\/\\\/www.teatrulreginamaria.ro\\\/hu\\\/author\\\/w3bmaster\\\/#author\"},\"datePublished\":\"2012-07-02T07:11:58+03:00\",\"dateModified\":\"2012-07-02T07:11:58+03:00\"},{\"@type\":\"WebSite\",\"@id\":\"https:\\\/\\\/www.teatrulreginamaria.ro\\\/hu\\\/#website\",\"url\":\"https:\\\/\\\/www.teatrulreginamaria.ro\\\/hu\\\/\",\"name\":\"Teatrul Regina Maria Oradea\",\"alternateName\":\"TRM Oradea\",\"description\":\"Trupa Iosif Vulcan \\u0219i Trupa Arcadia\",\"inLanguage\":\"hu-HU\",\"publisher\":{\"@id\":\"https:\\\/\\\/www.teatrulreginamaria.ro\\\/hu\\\/#organization\"}}]}\n\t\t<\/script>\n\t\t<!-- All in One SEO Pro -->\r\n\t\t<title>DOLIU \u00ceN TEATRUL OR\u0102DEAN \u2013 A MURIT ACTORUL MARCEL POPA - Teatrul Regina Maria Oradea<\/title>\n\n","aioseo_head_json":{"title":"GY\u00c1SZ A NAGYV\u00c1RADI SZ\u00cdNH\u00c1ZBAN \u2013 MEGHALT MARCEL POPA SZ\u00cdN\u00c9SZ - Regina Maria Nagyv\u00e1radi Sz\u00ednh\u00e1z","description":"A nagyv\u00e1radi Regina Maria Sz\u00ednh\u00e1z m\u0171v\u00e9szeti kollekt\u00edv\u00e1ja gy\u00e1szolja a szeretett sz\u00edn\u00e9szt, Marcel Pop\u00e1t (elhunyt Bukarestben, j\u00fanius 26-\u00e1n), \u00e9s egy\u00fctt \u00e1ll a gy\u00e1szol\u00f3 csal\u00e1ddal. Sz\u00ednh\u00e1zunk sz\u00e1mos sz\u00edn\u00e9sze szem\u00e9lyesen ismerte \u0151t, iskolat\u00e1rsak, sz\u00ednpadi koll\u00e9g\u00e1k \u00e9s r\u00e9gi bar\u00e1tok voltak. \u00d6r\u00f6kk\u00e9 eml\u00e9kezet\u00fckben \u00e9l majd.","canonical_url":"https:\/\/www.teatrulreginamaria.ro\/hu\/doliu-in-teatrul-oradean-a-murit-actorul-marcel-popa\/","robots":"max-image-preview:large","keywords":"","webmasterTools":{"miscellaneous":""},"schema":{"@context":"https:\/\/schema.org","@graph":[{"@type":"BlogPosting","@id":"https:\/\/www.teatrulreginamaria.ro\/hu\/doliu-in-teatrul-oradean-a-murit-actorul-marcel-popa\/#blogposting","name":"DOLIU \u00ceN TEATRUL OR\u0102DEAN \u2013 A MURIT ACTORUL MARCEL POPA - Teatrul Regina Maria Oradea","headline":"DOLIU \u00ceN TEATRUL OR\u0102DEAN &#8211; A MURIT ACTORUL MARCEL POPA","author":{"@id":"https:\/\/www.teatrulreginamaria.ro\/hu\/author\/w3bmaster\/#author"},"publisher":{"@id":"https:\/\/www.teatrulreginamaria.ro\/hu\/#organization"},"image":{"@type":"ImageObject","url":"https:\/\/www.teatrulreginamaria.ro\/wp-content\/uploads\/2025\/06\/logo-trm-01-dark.png","@id":"https:\/\/www.teatrulreginamaria.ro\/hu\/#articleImage","width":300,"height":148},"datePublished":"2012-07-02T07:11:58+03:00","dateModified":"2012-07-02T07:11:58+03:00","inLanguage":"hu-HU","mainEntityOfPage":{"@id":"https:\/\/www.teatrulreginamaria.ro\/hu\/doliu-in-teatrul-oradean-a-murit-actorul-marcel-popa\/#webpage"},"isPartOf":{"@id":"https:\/\/www.teatrulreginamaria.ro\/hu\/doliu-in-teatrul-oradean-a-murit-actorul-marcel-popa\/#webpage"},"articleSection":"Nout\u0103\u021bi - Trupa Iosif Vulcan"},{"@type":"BreadcrumbList","@id":"https:\/\/www.teatrulreginamaria.ro\/hu\/doliu-in-teatrul-oradean-a-murit-actorul-marcel-popa\/#breadcrumblist","itemListElement":[{"@type":"ListItem","@id":"https:\/\/www.teatrulreginamaria.ro\/hu#listItem","position":1,"name":"Home","item":"https:\/\/www.teatrulreginamaria.ro\/hu","nextItem":{"@type":"ListItem","@id":"https:\/\/www.teatrulreginamaria.ro\/hu\/categorie\/noutati\/#listItem","name":"Nout\u0103\u021bi"}},{"@type":"ListItem","@id":"https:\/\/www.teatrulreginamaria.ro\/hu\/categorie\/noutati\/#listItem","position":2,"name":"Nout\u0103\u021bi","item":"https:\/\/www.teatrulreginamaria.ro\/hu\/categorie\/noutati\/","nextItem":{"@type":"ListItem","@id":"https:\/\/www.teatrulreginamaria.ro\/hu\/categorie\/noutati\/noutati-trupa-iosif-vulcan\/#listItem","name":"Nout\u0103\u021bi - Trupa Iosif Vulcan"},"previousItem":{"@type":"ListItem","@id":"https:\/\/www.teatrulreginamaria.ro\/hu#listItem","name":"Home"}},{"@type":"ListItem","@id":"https:\/\/www.teatrulreginamaria.ro\/hu\/categorie\/noutati\/noutati-trupa-iosif-vulcan\/#listItem","position":3,"name":"Nout\u0103\u021bi - Trupa Iosif Vulcan","item":"https:\/\/www.teatrulreginamaria.ro\/hu\/categorie\/noutati\/noutati-trupa-iosif-vulcan\/","nextItem":{"@type":"ListItem","@id":"https:\/\/www.teatrulreginamaria.ro\/hu\/doliu-in-teatrul-oradean-a-murit-actorul-marcel-popa\/#listItem","name":"DOLIU \u00ceN TEATRUL OR\u0102DEAN &#8211; A MURIT ACTORUL MARCEL POPA"},"previousItem":{"@type":"ListItem","@id":"https:\/\/www.teatrulreginamaria.ro\/hu\/categorie\/noutati\/#listItem","name":"Nout\u0103\u021bi"}},{"@type":"ListItem","@id":"https:\/\/www.teatrulreginamaria.ro\/hu\/doliu-in-teatrul-oradean-a-murit-actorul-marcel-popa\/#listItem","position":4,"name":"DOLIU \u00ceN TEATRUL OR\u0102DEAN &#8211; A MURIT ACTORUL MARCEL POPA","previousItem":{"@type":"ListItem","@id":"https:\/\/www.teatrulreginamaria.ro\/hu\/categorie\/noutati\/noutati-trupa-iosif-vulcan\/#listItem","name":"Nout\u0103\u021bi - Trupa Iosif Vulcan"}}]},{"@type":"Organization","@id":"https:\/\/www.teatrulreginamaria.ro\/hu\/#organization","name":"Teatrul Regina Maria Oradea","description":"Trupa Iosif Vulcan \u0219i Trupa Arcadia","url":"https:\/\/www.teatrulreginamaria.ro\/hu\/","email":"marketing@teatrulreginamaria.ro","telephone":"+40359411534","numberOfEmployees":{"@type":"QuantitativeValue","minValue":0,"maxValue":150},"logo":{"@type":"ImageObject","url":"https:\/\/www.teatrulreginamaria.ro\/wp-content\/uploads\/2025\/06\/logo-trm-01-dark.png","@id":"https:\/\/www.teatrulreginamaria.ro\/hu\/doliu-in-teatrul-oradean-a-murit-actorul-marcel-popa\/#organizationLogo","width":300,"height":148},"image":{"@id":"https:\/\/www.teatrulreginamaria.ro\/hu\/doliu-in-teatrul-oradean-a-murit-actorul-marcel-popa\/#organizationLogo"},"sameAs":["https:\/\/www.facebook.com\/TRMTrupaIosifVulcan\/","https:\/\/x.com\/TRMOradea","https:\/\/www.instagram.com\/teatrul_regina_maria\/","https:\/\/www.youtube.com\/c\/TeatrulReginaMariaOradea","https:\/\/www.linkedin.com\/company\/teatrul-regina-maria"]},{"@type":"Person","@id":"https:\/\/www.teatrulreginamaria.ro\/hu\/author\/w3bmaster\/#author","url":"https:\/\/www.teatrulreginamaria.ro\/hu\/author\/w3bmaster\/","name":"Teatrul Regina Maria","image":{"@type":"ImageObject","@id":"https:\/\/www.teatrulreginamaria.ro\/hu\/doliu-in-teatrul-oradean-a-murit-actorul-marcel-popa\/#authorImage","url":"https:\/\/secure.gravatar.com\/avatar\/5884139d508ae3f0bafe45e60563b48a9640146d3b08ccc6278c305ff9329305?s=96&d=mm&r=g","width":96,"height":96,"caption":"Teatrul Regina Maria"}},{"@type":"WebPage","@id":"https:\/\/www.teatrulreginamaria.ro\/hu\/doliu-in-teatrul-oradean-a-murit-actorul-marcel-popa\/#webpage","url":"https:\/\/www.teatrulreginamaria.ro\/hu\/doliu-in-teatrul-oradean-a-murit-actorul-marcel-popa\/","name":"DOLIU \u00ceN TEATRUL OR\u0102DEAN \u2013 A MURIT ACTORUL MARCEL POPA - Teatrul Regina Maria Oradea","description":"Colectivul artistic al Teatrului Regina Maria din Oradea depl\u00e2nge trecerea \u00een nefiin\u0163\u0103 a \u00eendr\u0103gitului actor Marcel Popa (decedat la Bucure\u0219ti, \u00een 26 iunie) \u015fi este al\u0103turi de familia \u00eendoliat\u0103. Mul\u0163i actori ai teatrului nostru l-au cunoscut personal, au fost colegi de \u015fcoal\u0103, de scen\u0103 \u015fi prieteni vechi. Va r\u0103m\u00e2ne mereu \u00een amintirea lor ca un mare","inLanguage":"hu-HU","isPartOf":{"@id":"https:\/\/www.teatrulreginamaria.ro\/hu\/#website"},"breadcrumb":{"@id":"https:\/\/www.teatrulreginamaria.ro\/hu\/doliu-in-teatrul-oradean-a-murit-actorul-marcel-popa\/#breadcrumblist"},"author":{"@id":"https:\/\/www.teatrulreginamaria.ro\/hu\/author\/w3bmaster\/#author"},"creator":{"@id":"https:\/\/www.teatrulreginamaria.ro\/hu\/author\/w3bmaster\/#author"},"datePublished":"2012-07-02T07:11:58+03:00","dateModified":"2012-07-02T07:11:58+03:00"},{"@type":"WebSite","@id":"https:\/\/www.teatrulreginamaria.ro\/hu\/#website","url":"https:\/\/www.teatrulreginamaria.ro\/hu\/","name":"Teatrul Regina Maria Oradea","alternateName":"TRM Oradea","description":"Trupa Iosif Vulcan \u0219i Trupa Arcadia","inLanguage":"hu-HU","publisher":{"@id":"https:\/\/www.teatrulreginamaria.ro\/hu\/#organization"}}]},"og:locale":"hu_HU","og:site_name":"Teatrul Regina Maria Oradea - Trupa Iosif Vulcan \u0219i Trupa Arcadia","og:type":"article","og:title":"DOLIU \u00ceN TEATRUL OR\u0102DEAN \u2013 A MURIT ACTORUL MARCEL POPA - Teatrul Regina Maria Oradea","og:description":"Colectivul artistic al Teatrului Regina Maria din Oradea depl\u00e2nge trecerea \u00een nefiin\u0163\u0103 a \u00eendr\u0103gitului actor Marcel Popa (decedat la Bucure\u0219ti, \u00een 26 iunie) \u015fi este al\u0103turi de familia \u00eendoliat\u0103. Mul\u0163i actori ai teatrului nostru l-au cunoscut personal, au fost colegi de \u015fcoal\u0103, de scen\u0103 \u015fi prieteni vechi. Va r\u0103m\u00e2ne mereu \u00een amintirea lor ca un mare","og:url":"https:\/\/www.teatrulreginamaria.ro\/hu\/doliu-in-teatrul-oradean-a-murit-actorul-marcel-popa\/","og:image":"https:\/\/www.teatrulreginamaria.ro\/wp-content\/uploads\/2025\/03\/trm-istoric-01.jpg","og:image:secure_url":"https:\/\/www.teatrulreginamaria.ro\/wp-content\/uploads\/2025\/03\/trm-istoric-01.jpg","og:image:width":1200,"og:image:height":800,"article:published_time":"2012-07-02T07:11:58+00:00","article:modified_time":"2012-07-02T07:11:58+00:00","article:publisher":"https:\/\/www.facebook.com\/TRMTrupaIosifVulcan\/","twitter:card":"summary_large_image","twitter:site":"@TRMOradea","twitter:title":"DOLIU \u00ceN TEATRUL OR\u0102DEAN \u2013 A MURIT ACTORUL MARCEL POPA - Teatrul Regina Maria Oradea","twitter:description":"Colectivul artistic al Teatrului Regina Maria din Oradea depl\u00e2nge trecerea \u00een nefiin\u0163\u0103 a \u00eendr\u0103gitului actor Marcel Popa (decedat la Bucure\u0219ti, \u00een 26 iunie) \u015fi este al\u0103turi de familia \u00eendoliat\u0103. Mul\u0163i actori ai teatrului nostru l-au cunoscut personal, au fost colegi de \u015fcoal\u0103, de scen\u0103 \u015fi prieteni vechi. Va r\u0103m\u00e2ne mereu \u00een amintirea lor ca un mare","twitter:creator":"@TRMOradea","twitter:image":"https:\/\/www.teatrulreginamaria.ro\/wp-content\/uploads\/2025\/03\/trm-istoric-01.jpg"},"aioseo_meta_data":{"post_id":"889","title":null,"description":null,"keywords":null,"keyphrases":null,"primary_term":null,"canonical_url":null,"og_title":null,"og_description":null,"og_object_type":"default","og_image_type":"default","og_image_url":null,"og_image_width":null,"og_image_height":null,"og_image_custom_url":null,"og_image_custom_fields":null,"og_video":null,"og_custom_url":null,"og_article_section":null,"og_article_tags":null,"twitter_use_og":false,"twitter_card":"default","twitter_image_type":"default","twitter_image_url":null,"twitter_image_custom_url":null,"twitter_image_custom_fields":null,"twitter_title":null,"twitter_description":null,"schema":{"blockGraphs":[],"customGraphs":[],"default":{"data":{"Article":[],"Course":[],"Dataset":[],"FAQPage":[],"Movie":[],"Person":[],"Product":[],"ProductReview":[],"Car":[],"Recipe":[],"Service":[],"SoftwareApplication":[],"WebPage":[]},"graphName":"","isEnabled":true},"graphs":[]},"schema_type":"default","schema_type_options":null,"pillar_content":false,"robots_default":true,"robots_noindex":false,"robots_noarchive":false,"robots_nosnippet":false,"robots_nofollow":false,"robots_noimageindex":false,"robots_noodp":false,"robots_notranslate":false,"robots_max_snippet":null,"robots_max_videopreview":null,"robots_max_imagepreview":"large","priority":null,"frequency":null,"local_seo":null,"seo_analyzer_scan_date":"2026-05-12 23:34:35","breadcrumb_settings":null,"limit_modified_date":false,"reviewed_by":null,"open_ai":null,"ai":null,"created":"2025-04-09 17:40:54","updated":"2026-05-12 23:34:35","focus_keyword":null,"additional_keywords":null,"truseo_locale":null},"aioseo_breadcrumb":"<div class=\"aioseo-breadcrumbs\"><span class=\"aioseo-breadcrumb\">\n\t<a href=\"https:\/\/www.teatrulreginamaria.ro\/hu\" title=\"Home\">Home<\/a>\n<\/span><span class=\"aioseo-breadcrumb-separator\">&raquo;<\/span><span class=\"aioseo-breadcrumb\">\n\t<a href=\"https:\/\/www.teatrulreginamaria.ro\/hu\/categorie\/noutati\/\" title=\"Nout\u0103\u021bi\">Nout\u0103\u021bi<\/a>\n<\/span><span class=\"aioseo-breadcrumb-separator\">&raquo;<\/span><span class=\"aioseo-breadcrumb\">\n\t<a href=\"https:\/\/www.teatrulreginamaria.ro\/hu\/categorie\/noutati\/noutati-trupa-iosif-vulcan\/\" title=\"Nout\u0103\u021bi - Trupa Iosif Vulcan\">Nout\u0103\u021bi - Trupa Iosif Vulcan<\/a>\n<\/span><span class=\"aioseo-breadcrumb-separator\">&raquo;<\/span><span class=\"aioseo-breadcrumb\">\n\tDOLIU \u00ceN TEATRUL OR\u0102DEAN \u2013 A MURIT ACTORUL MARCEL POPA\n<\/span><\/div>","aioseo_breadcrumb_json":[{"label":"Home","link":"https:\/\/www.teatrulreginamaria.ro\/hu"},{"label":"Nout\u0103\u021bi","link":"https:\/\/www.teatrulreginamaria.ro\/hu\/categorie\/noutati\/"},{"label":"Nout\u0103\u021bi - Trupa Iosif Vulcan","link":"https:\/\/www.teatrulreginamaria.ro\/hu\/categorie\/noutati\/noutati-trupa-iosif-vulcan\/"},{"label":"DOLIU \u00ceN TEATRUL OR\u0102DEAN &#8211; A MURIT ACTORUL MARCEL POPA","link":"https:\/\/www.teatrulreginamaria.ro\/hu\/doliu-in-teatrul-oradean-a-murit-actorul-marcel-popa\/"}],"acf":[],"_links":{"self":[{"href":"https:\/\/www.teatrulreginamaria.ro\/hu\/wp-json\/wp\/v2\/posts\/889","targetHints":{"allow":["GET"]}}],"collection":[{"href":"https:\/\/www.teatrulreginamaria.ro\/hu\/wp-json\/wp\/v2\/posts"}],"about":[{"href":"https:\/\/www.teatrulreginamaria.ro\/hu\/wp-json\/wp\/v2\/types\/post"}],"author":[{"embeddable":true,"href":"https:\/\/www.teatrulreginamaria.ro\/hu\/wp-json\/wp\/v2\/users\/6"}],"replies":[{"embeddable":true,"href":"https:\/\/www.teatrulreginamaria.ro\/hu\/wp-json\/wp\/v2\/comments?post=889"}],"version-history":[{"count":0,"href":"https:\/\/www.teatrulreginamaria.ro\/hu\/wp-json\/wp\/v2\/posts\/889\/revisions"}],"wp:attachment":[{"href":"https:\/\/www.teatrulreginamaria.ro\/hu\/wp-json\/wp\/v2\/media?parent=889"}],"wp:term":[{"taxonomy":"category","embeddable":true,"href":"https:\/\/www.teatrulreginamaria.ro\/hu\/wp-json\/wp\/v2\/categories?post=889"},{"taxonomy":"post_tag","embeddable":true,"href":"https:\/\/www.teatrulreginamaria.ro\/hu\/wp-json\/wp\/v2\/tags?post=889"}],"curies":[{"name":"munkaf\u00fczet","href":"https:\/\/api.w.org\/{rel}","templated":true}]}}