{"id":895,"date":"2012-10-01T07:59:38","date_gmt":"2012-10-01T07:59:38","guid":{"rendered":"https:\/\/teatrulreginamaria.ro\/2012\/10\/01\/premiile-editiei-a-xviii-a-a-festivalului-international-teatru-scur\/"},"modified":"2012-10-01T07:59:38","modified_gmt":"2012-10-01T07:59:38","slug":"a-18-nemzetkozi-rovidszinhazi-fesztival-dijai","status":"publish","type":"post","link":"https:\/\/www.teatrulreginamaria.ro\/hu\/premiile-editiei-a-xviii-a-a-festivalului-international-teatru-scur\/","title":{"rendered":"A 18. NEMZETK\u00d6ZI R\u00d6VIDSZ\u00cdNH\u00c1ZI FESZTIV\u00c1L D\u00cdJAI"},"content":{"rendered":"<p style=\"text-align: justify;\">A Nagyv\u00e1radi R\u00f6vidsz\u00ednh\u00e1zi Fesztiv\u00e1l zs\u0171rije, melynek tagjai:<\/p>\n<p style=\"text-align: justify;\">Eln\u00f6k: Prof. Dr. <strong>LUDMILA PATLANJOGLU<\/strong> \u2013 sz\u00ednh\u00e1zkritikus, a bukaresti \u201cIL Caragiale\u201d UNATC \u201cSz\u00ednh\u00e1ztudom\u00e1nyi\u201d Tansz\u00e9k\u00e9nek igazgat\u00f3ja<\/p>\n<p style=\"text-align: justify;\">Tagok:<\/p>\n<p style=\"text-align: justify;\"><strong>CRISTIAN HADJI-CULEA<\/strong> \u2013 rendez\u0151, a j\u00e1szv\u00e1s\u00e1ri \u201cVasile Alecsandri\u201d Nemzeti Sz\u00ednh\u00e1z f\u0151igazgat\u00f3ja<\/p>\n<p style=\"text-align: justify;\">Egyetemi tan\u00e1r. <strong>STEFANIA CENEAN<\/strong> \u2013 d\u00edszlettervez\u0151, a bukaresti \u201cIL Caragiale\u201d UNATC \u201cD\u00edszletm\u0171v\u00e9szeti\u201d Oszt\u00e1ly\u00e1nak igazgat\u00f3ja<\/p>\n<p style=\"text-align: justify;\"><strong>MIHAI GINGULESCU<\/strong> \u2013 sz\u00edn\u00e9sz<\/p>\n<p style=\"text-align: justify;\"><strong>MARIUS ZARAFESCU<\/strong> \u2013 sz\u00ednh\u00e1zi szak\u00e9rt\u0151, a Kultur\u00e1lis \u00e9s Nemzeti \u00d6r\u00f6ks\u00e9g Miniszt\u00e9rium\u00e1nak \u201cEl\u0151ad\u00f3m\u0171v\u00e9szet, Filmm\u0171v\u00e9szet, Audiovizu\u00e1lis\u201d Igazgat\u00f3s\u00e1g\u00e1nak igazgat\u00f3ja<\/p>\n<p><!--more--><\/p>\n<p style=\"text-align: justify;\">A k\u00f6vetkez\u0151 d\u00edjak oda\u00edt\u00e9l\u00e9s\u00e9r\u0151l d\u00f6nt\u00f6tt:<\/p>\n<ul style=\"text-align: justify;\">\n<li>Legjobb d\u00edszletmunk\u00e1\u00e9rt j\u00e1r\u00f3 d\u00edj:<\/li>\n<\/ul>\n<p style=\"text-align: justify;\">LIA DOGARU az IL Caragiale (Marin Sorescu Nemzeti Sz\u00ednh\u00e1z, Craiova) A VIHAROS \u00c9JSZAK c\u00edm\u0171 el\u0151ad\u00e1s\u00e1\u00e9rt<\/p>\n<ul style=\"text-align: justify;\">\n<li>Legjobb rendez\u0151 d\u00edja:<\/li>\n<\/ul>\n<p style=\"text-align: justify;\">BOBI PRICOP az Edna Mazya J\u00c1T\u00c9KOK A H\u00c1TS\u00d3UDVARBAN c\u00edm\u0171 el\u0151ad\u00e1s\u00e1\u00e9rt (ACT Sz\u00ednh\u00e1z Bukarest)<\/p>\n<ul style=\"text-align: justify;\">\n<li>Legjobb n\u0151i f\u0151szerepl\u0151 d\u00edja:<\/li>\n<\/ul>\n<p style=\"text-align: justify;\">egyenl\u0151 d\u00edjjal jutalmazz\u00e1k:<\/p>\n<p style=\"text-align: justify;\">CERASELA IOSIFESCU Veta (IL Caragiale T\u00c9LI \u00c9JSZAKA c\u00edm\u0171 darabja \u2013 Marin Sorescu Nemzeti Sz\u00ednh\u00e1z, Craiova) \u00e9s Anette Reille (Yasmina Reza A m\u00e9sz\u00e1rl\u00e1s istene \u2013 Nottara Sz\u00ednh\u00e1z, Bukarest) szerepei\u00e9rt<\/p>\n<p style=\"text-align: justify;\">IOANA MANCIU Dvori \u00e9s az \u00dcgy\u00e9sz szerep\u00e9\u00e9rt (Edna Mazya J\u00c1T\u00c9KOK A H\u00c1TS\u00d3UDVARBAN c\u00edm\u0171 el\u0151ad\u00e1sa \u2013 ACT Sz\u00ednh\u00e1z Bukarest)<\/p>\n<ul style=\"text-align: justify;\">\n<li>Legjobb sz\u00edn\u00e9sz d\u00edja:<\/li>\n<\/ul>\n<p style=\"text-align: justify;\">Egyenl\u0151 \u00e9rt\u00e9k\u0171 d\u00edjjal t\u00fcntetik ki:<\/p>\n<p style=\"text-align: justify;\">RICHARD BALINT (Martin Dysat szerep\u00e9\u00e9rt Peter Shaffer EQUUS c\u00edm\u0171 darabj\u00e1ban \u00e9s Hilbert szerep\u00e9\u00e9rt Line Knutzon TIME IS COMING SOON c\u00edm\u0171 darabj\u00e1ban \u2013 Regina Maria Sz\u00ednh\u00e1z, Nagyv\u00e1rad)<\/p>\n<p style=\"text-align: justify;\">ALEXANDRU PAVEL Tom szerep\u00e9\u00e9rt (Maria Goos CLOACA c\u00edm\u0171 el\u0151ad\u00e1sa \u2013 Marosv\u00e1s\u00e1rhelyi Nemzeti Sz\u00ednh\u00e1z \u2013 Liviu Rebreanu T\u00e1rsulat)<\/p>\n<ul style=\"text-align: justify;\">\n<li>Zs\u0171ri k\u00fcl\u00f6nd\u00edja:<\/li>\n<\/ul>\n<p style=\"text-align: justify;\">TANIA POPA a Lia Bugnar SZIV\u00c1RV\u00c1NYL\u00c1NY c\u00edm\u0171 el\u0151ad\u00e1s\u00e1\u00e9rt (IL Caragiale Nemzeti Sz\u00ednh\u00e1z, Bukarest)<\/p>\n<ul style=\"text-align: justify;\">\n<li>Legjobb el\u0151ad\u00e1s d\u00edja:<\/li>\n<\/ul>\n<p style=\"text-align: justify;\">Nem enged\u00e9lyezett<\/p>","protected":false},"excerpt":{"rendered":"<p>Juriul Festivalului de Teatru Scurt de la Oradea, format din: Pre\u015fedinte: Prof.univ.dr. LUDMILA PATLANJOGLU \u2013 critic de teatru,\u00a0Director al Departamentului \u201cStudii Teatrale\u201d din UNATC \u201cI.L. Caragiale\u201d Bucure\u015fti Membri: CRISTIAN HADJI-CULEA \u2013 regizor, Director General al Teatrului Na\u0163ional \u201cVasile Alecsandri\u201d Ia\u015fi Prof.univ.dr. \u015eTEFANIA CENEAN \u2013 scenograf, Director al Departamentului \u201cArt\u0103 Scenografic\u0103\u201d din UNATC \u201cI.L. Caragiale\u201d Bucure\u015fti [&hellip;]<\/p>\n","protected":false},"author":6,"featured_media":0,"comment_status":"open","ping_status":"open","sticky":false,"template":"","format":"standard","meta":{"_acf_changed":false,"footnotes":""},"categories":[22],"tags":[],"class_list":["post-895","post","type-post","status-publish","format-standard","hentry","category-noutati-trupa-iosif-vulcan"],"aioseo_notices":[],"aioseo_head":"\n\t\t<!-- All in One SEO Pro 5.0.1.1 - aioseo.com -->\n\t<meta name=\"description\" content=\"Juriul Festivalului de Teatru Scurt de la Oradea, format din: Pre\u015fedinte: Prof.univ.dr. LUDMILA PATLANJOGLU \u2013 critic de teatru, Director al Departamentului \u201cStudii Teatrale\u201d din UNATC \u201cI.L. Caragiale\u201d Bucure\u015fti Membri: CRISTIAN HADJI-CULEA \u2013 regizor, Director General al Teatrului Na\u0163ional \u201cVasile Alecsandri\u201d Ia\u015fi Prof.univ.dr. \u015eTEFANIA CENEAN \u2013 scenograf, Director al Departamentului \u201cArt\u0103 Scenografic\u0103\u201d din UNATC \u201cI.L. Caragiale\u201d Bucure\u015fti\" \/>\n\t<meta name=\"robots\" content=\"max-image-preview:large\" \/>\n\t<meta name=\"author\" content=\"Teatrul Regina Maria\"\/>\n\t<link rel=\"canonical\" href=\"https:\/\/www.teatrulreginamaria.ro\/hu\/premiile-editiei-a-xviii-a-a-festivalului-international-teatru-scur\/\" \/>\n\t<meta name=\"generator\" content=\"All in One SEO Pro (AIOSEO) 5.0.1.1\" \/>\n\t\t<meta property=\"og:locale\" content=\"hu_HU\" \/>\n\t\t<meta property=\"og:site_name\" content=\"Teatrul Regina Maria Oradea - Trupa Iosif Vulcan \u0219i Trupa Arcadia\" \/>\n\t\t<meta property=\"og:type\" content=\"article\" \/>\n\t\t<meta property=\"og:title\" content=\"PREMIILE EDI\u0162IEI A XVIII-A A FESTIVALULUI INTERNA\u0162IONAL DE TEATRU SCURT - Teatrul Regina Maria Oradea\" \/>\n\t\t<meta property=\"og:description\" content=\"Juriul Festivalului de Teatru Scurt de la Oradea, format din: Pre\u015fedinte: Prof.univ.dr. LUDMILA PATLANJOGLU \u2013 critic de teatru, Director al Departamentului \u201cStudii Teatrale\u201d din UNATC \u201cI.L. Caragiale\u201d Bucure\u015fti Membri: CRISTIAN HADJI-CULEA \u2013 regizor, Director General al Teatrului Na\u0163ional \u201cVasile Alecsandri\u201d Ia\u015fi Prof.univ.dr. \u015eTEFANIA CENEAN \u2013 scenograf, Director al Departamentului \u201cArt\u0103 Scenografic\u0103\u201d din UNATC \u201cI.L. Caragiale\u201d Bucure\u015fti\" \/>\n\t\t<meta property=\"og:url\" content=\"https:\/\/www.teatrulreginamaria.ro\/hu\/premiile-editiei-a-xviii-a-a-festivalului-international-teatru-scur\/\" \/>\n\t\t<meta property=\"og:image\" content=\"https:\/\/www.teatrulreginamaria.ro\/wp-content\/uploads\/2025\/03\/trm-istoric-01.jpg\" \/>\n\t\t<meta property=\"og:image:secure_url\" content=\"https:\/\/www.teatrulreginamaria.ro\/wp-content\/uploads\/2025\/03\/trm-istoric-01.jpg\" \/>\n\t\t<meta property=\"og:image:width\" content=\"1200\" \/>\n\t\t<meta property=\"og:image:height\" content=\"800\" \/>\n\t\t<meta property=\"article:published_time\" content=\"2012-10-01T07:59:38+00:00\" \/>\n\t\t<meta property=\"article:modified_time\" content=\"2012-10-01T07:59:38+00:00\" \/>\n\t\t<meta property=\"article:publisher\" content=\"https:\/\/www.facebook.com\/TRMTrupaIosifVulcan\/\" \/>\n\t\t<meta name=\"twitter:card\" content=\"summary_large_image\" \/>\n\t\t<meta name=\"twitter:site\" content=\"@TRMOradea\" \/>\n\t\t<meta name=\"twitter:title\" content=\"PREMIILE EDI\u0162IEI A XVIII-A A FESTIVALULUI INTERNA\u0162IONAL DE TEATRU SCURT - Teatrul Regina Maria Oradea\" \/>\n\t\t<meta name=\"twitter:description\" content=\"Juriul Festivalului de Teatru Scurt de la Oradea, format din: Pre\u015fedinte: Prof.univ.dr. LUDMILA PATLANJOGLU \u2013 critic de teatru, Director al Departamentului \u201cStudii Teatrale\u201d din UNATC \u201cI.L. Caragiale\u201d Bucure\u015fti Membri: CRISTIAN HADJI-CULEA \u2013 regizor, Director General al Teatrului Na\u0163ional \u201cVasile Alecsandri\u201d Ia\u015fi Prof.univ.dr. \u015eTEFANIA CENEAN \u2013 scenograf, Director al Departamentului \u201cArt\u0103 Scenografic\u0103\u201d din UNATC \u201cI.L. Caragiale\u201d Bucure\u015fti\" \/>\n\t\t<meta name=\"twitter:creator\" content=\"@TRMOradea\" \/>\n\t\t<meta name=\"twitter:image\" content=\"https:\/\/www.teatrulreginamaria.ro\/wp-content\/uploads\/2025\/03\/trm-istoric-01.jpg\" \/>\n\t\t<script type=\"application\/ld+json\" class=\"aioseo-schema\">\n\t\t\t{\"@context\":\"https:\\\/\\\/schema.org\",\"@graph\":[{\"@type\":\"BlogPosting\",\"@id\":\"https:\\\/\\\/www.teatrulreginamaria.ro\\\/hu\\\/premiile-editiei-a-xviii-a-a-festivalului-international-teatru-scur\\\/#blogposting\",\"name\":\"PREMIILE EDI\\u0162IEI A XVIII-A A FESTIVALULUI INTERNA\\u0162IONAL DE TEATRU SCURT - Teatrul Regina Maria Oradea\",\"headline\":\"PREMIILE EDI\\u0162IEI A XVIII-A A FESTIVALULUI INTERNA\\u0162IONAL DE TEATRU SCURT\",\"author\":{\"@id\":\"https:\\\/\\\/www.teatrulreginamaria.ro\\\/hu\\\/author\\\/w3bmaster\\\/#author\"},\"publisher\":{\"@id\":\"https:\\\/\\\/www.teatrulreginamaria.ro\\\/hu\\\/#organization\"},\"image\":{\"@type\":\"ImageObject\",\"url\":\"https:\\\/\\\/www.teatrulreginamaria.ro\\\/wp-content\\\/uploads\\\/2025\\\/06\\\/logo-trm-01-dark.png\",\"@id\":\"https:\\\/\\\/www.teatrulreginamaria.ro\\\/hu\\\/#articleImage\",\"width\":300,\"height\":148},\"datePublished\":\"2012-10-01T07:59:38+03:00\",\"dateModified\":\"2012-10-01T07:59:38+03:00\",\"inLanguage\":\"hu-HU\",\"mainEntityOfPage\":{\"@id\":\"https:\\\/\\\/www.teatrulreginamaria.ro\\\/hu\\\/premiile-editiei-a-xviii-a-a-festivalului-international-teatru-scur\\\/#webpage\"},\"isPartOf\":{\"@id\":\"https:\\\/\\\/www.teatrulreginamaria.ro\\\/hu\\\/premiile-editiei-a-xviii-a-a-festivalului-international-teatru-scur\\\/#webpage\"},\"articleSection\":\"Nout\\u0103\\u021bi - Trupa Iosif Vulcan\"},{\"@type\":\"BreadcrumbList\",\"@id\":\"https:\\\/\\\/www.teatrulreginamaria.ro\\\/hu\\\/premiile-editiei-a-xviii-a-a-festivalului-international-teatru-scur\\\/#breadcrumblist\",\"itemListElement\":[{\"@type\":\"ListItem\",\"@id\":\"https:\\\/\\\/www.teatrulreginamaria.ro\\\/hu#listItem\",\"position\":1,\"name\":\"Home\",\"item\":\"https:\\\/\\\/www.teatrulreginamaria.ro\\\/hu\",\"nextItem\":{\"@type\":\"ListItem\",\"@id\":\"https:\\\/\\\/www.teatrulreginamaria.ro\\\/hu\\\/categorie\\\/noutati\\\/#listItem\",\"name\":\"Nout\\u0103\\u021bi\"}},{\"@type\":\"ListItem\",\"@id\":\"https:\\\/\\\/www.teatrulreginamaria.ro\\\/hu\\\/categorie\\\/noutati\\\/#listItem\",\"position\":2,\"name\":\"Nout\\u0103\\u021bi\",\"item\":\"https:\\\/\\\/www.teatrulreginamaria.ro\\\/hu\\\/categorie\\\/noutati\\\/\",\"nextItem\":{\"@type\":\"ListItem\",\"@id\":\"https:\\\/\\\/www.teatrulreginamaria.ro\\\/hu\\\/categorie\\\/noutati\\\/noutati-trupa-iosif-vulcan\\\/#listItem\",\"name\":\"Nout\\u0103\\u021bi - Trupa Iosif Vulcan\"},\"previousItem\":{\"@type\":\"ListItem\",\"@id\":\"https:\\\/\\\/www.teatrulreginamaria.ro\\\/hu#listItem\",\"name\":\"Home\"}},{\"@type\":\"ListItem\",\"@id\":\"https:\\\/\\\/www.teatrulreginamaria.ro\\\/hu\\\/categorie\\\/noutati\\\/noutati-trupa-iosif-vulcan\\\/#listItem\",\"position\":3,\"name\":\"Nout\\u0103\\u021bi - Trupa Iosif Vulcan\",\"item\":\"https:\\\/\\\/www.teatrulreginamaria.ro\\\/hu\\\/categorie\\\/noutati\\\/noutati-trupa-iosif-vulcan\\\/\",\"nextItem\":{\"@type\":\"ListItem\",\"@id\":\"https:\\\/\\\/www.teatrulreginamaria.ro\\\/hu\\\/premiile-editiei-a-xviii-a-a-festivalului-international-teatru-scur\\\/#listItem\",\"name\":\"PREMIILE EDI\\u0162IEI A XVIII-A A FESTIVALULUI INTERNA\\u0162IONAL DE TEATRU SCURT\"},\"previousItem\":{\"@type\":\"ListItem\",\"@id\":\"https:\\\/\\\/www.teatrulreginamaria.ro\\\/hu\\\/categorie\\\/noutati\\\/#listItem\",\"name\":\"Nout\\u0103\\u021bi\"}},{\"@type\":\"ListItem\",\"@id\":\"https:\\\/\\\/www.teatrulreginamaria.ro\\\/hu\\\/premiile-editiei-a-xviii-a-a-festivalului-international-teatru-scur\\\/#listItem\",\"position\":4,\"name\":\"PREMIILE EDI\\u0162IEI A XVIII-A A FESTIVALULUI INTERNA\\u0162IONAL DE TEATRU SCURT\",\"previousItem\":{\"@type\":\"ListItem\",\"@id\":\"https:\\\/\\\/www.teatrulreginamaria.ro\\\/hu\\\/categorie\\\/noutati\\\/noutati-trupa-iosif-vulcan\\\/#listItem\",\"name\":\"Nout\\u0103\\u021bi - Trupa Iosif Vulcan\"}}]},{\"@type\":\"Organization\",\"@id\":\"https:\\\/\\\/www.teatrulreginamaria.ro\\\/hu\\\/#organization\",\"name\":\"Teatrul Regina Maria Oradea\",\"description\":\"Trupa Iosif Vulcan \\u0219i Trupa Arcadia\",\"url\":\"https:\\\/\\\/www.teatrulreginamaria.ro\\\/hu\\\/\",\"email\":\"marketing@teatrulreginamaria.ro\",\"telephone\":\"+40359411534\",\"numberOfEmployees\":{\"@type\":\"QuantitativeValue\",\"minValue\":0,\"maxValue\":150},\"logo\":{\"@type\":\"ImageObject\",\"url\":\"https:\\\/\\\/www.teatrulreginamaria.ro\\\/wp-content\\\/uploads\\\/2025\\\/06\\\/logo-trm-01-dark.png\",\"@id\":\"https:\\\/\\\/www.teatrulreginamaria.ro\\\/hu\\\/premiile-editiei-a-xviii-a-a-festivalului-international-teatru-scur\\\/#organizationLogo\",\"width\":300,\"height\":148},\"image\":{\"@id\":\"https:\\\/\\\/www.teatrulreginamaria.ro\\\/hu\\\/premiile-editiei-a-xviii-a-a-festivalului-international-teatru-scur\\\/#organizationLogo\"},\"sameAs\":[\"https:\\\/\\\/www.facebook.com\\\/TRMTrupaIosifVulcan\\\/\",\"https:\\\/\\\/x.com\\\/TRMOradea\",\"https:\\\/\\\/www.instagram.com\\\/teatrul_regina_maria\\\/\",\"https:\\\/\\\/www.youtube.com\\\/c\\\/TeatrulReginaMariaOradea\",\"https:\\\/\\\/www.linkedin.com\\\/company\\\/teatrul-regina-maria\"]},{\"@type\":\"Person\",\"@id\":\"https:\\\/\\\/www.teatrulreginamaria.ro\\\/hu\\\/author\\\/w3bmaster\\\/#author\",\"url\":\"https:\\\/\\\/www.teatrulreginamaria.ro\\\/hu\\\/author\\\/w3bmaster\\\/\",\"name\":\"Teatrul Regina Maria\",\"image\":{\"@type\":\"ImageObject\",\"@id\":\"https:\\\/\\\/www.teatrulreginamaria.ro\\\/hu\\\/premiile-editiei-a-xviii-a-a-festivalului-international-teatru-scur\\\/#authorImage\",\"url\":\"https:\\\/\\\/secure.gravatar.com\\\/avatar\\\/5884139d508ae3f0bafe45e60563b48a9640146d3b08ccc6278c305ff9329305?s=96&d=mm&r=g\",\"width\":96,\"height\":96,\"caption\":\"Teatrul Regina Maria\"}},{\"@type\":\"WebPage\",\"@id\":\"https:\\\/\\\/www.teatrulreginamaria.ro\\\/hu\\\/premiile-editiei-a-xviii-a-a-festivalului-international-teatru-scur\\\/#webpage\",\"url\":\"https:\\\/\\\/www.teatrulreginamaria.ro\\\/hu\\\/premiile-editiei-a-xviii-a-a-festivalului-international-teatru-scur\\\/\",\"name\":\"PREMIILE EDI\\u0162IEI A XVIII-A A FESTIVALULUI INTERNA\\u0162IONAL DE TEATRU SCURT - Teatrul Regina Maria Oradea\",\"description\":\"Juriul Festivalului de Teatru Scurt de la Oradea, format din: Pre\\u015fedinte: Prof.univ.dr. LUDMILA PATLANJOGLU \\u2013 critic de teatru, Director al Departamentului \\u201cStudii Teatrale\\u201d din UNATC \\u201cI.L. Caragiale\\u201d Bucure\\u015fti Membri: CRISTIAN HADJI-CULEA \\u2013 regizor, Director General al Teatrului Na\\u0163ional \\u201cVasile Alecsandri\\u201d Ia\\u015fi Prof.univ.dr. \\u015eTEFANIA CENEAN \\u2013 scenograf, Director al Departamentului \\u201cArt\\u0103 Scenografic\\u0103\\u201d din UNATC \\u201cI.L. Caragiale\\u201d Bucure\\u015fti\",\"inLanguage\":\"hu-HU\",\"isPartOf\":{\"@id\":\"https:\\\/\\\/www.teatrulreginamaria.ro\\\/hu\\\/#website\"},\"breadcrumb\":{\"@id\":\"https:\\\/\\\/www.teatrulreginamaria.ro\\\/hu\\\/premiile-editiei-a-xviii-a-a-festivalului-international-teatru-scur\\\/#breadcrumblist\"},\"author\":{\"@id\":\"https:\\\/\\\/www.teatrulreginamaria.ro\\\/hu\\\/author\\\/w3bmaster\\\/#author\"},\"creator\":{\"@id\":\"https:\\\/\\\/www.teatrulreginamaria.ro\\\/hu\\\/author\\\/w3bmaster\\\/#author\"},\"datePublished\":\"2012-10-01T07:59:38+03:00\",\"dateModified\":\"2012-10-01T07:59:38+03:00\"},{\"@type\":\"WebSite\",\"@id\":\"https:\\\/\\\/www.teatrulreginamaria.ro\\\/hu\\\/#website\",\"url\":\"https:\\\/\\\/www.teatrulreginamaria.ro\\\/hu\\\/\",\"name\":\"Teatrul Regina Maria Oradea\",\"alternateName\":\"TRM Oradea\",\"description\":\"Trupa Iosif Vulcan \\u0219i Trupa Arcadia\",\"inLanguage\":\"hu-HU\",\"publisher\":{\"@id\":\"https:\\\/\\\/www.teatrulreginamaria.ro\\\/hu\\\/#organization\"}}]}\n\t\t<\/script>\n\t\t<!-- All in One SEO Pro -->\r\n\t\t<title>PREMIILE EDI\u0162IEI A XVIII-A A FESTIVALULUI INTERNA\u0162IONAL DE TEATRU SCURT - Teatrul Regina Maria Oradea<\/title>\n\n","aioseo_head_json":{"title":"A 18. NEMZETK\u00d6ZI R\u00d6VIDSZ\u00cdNH\u00c1ZI FESZTIV\u00c1L D\u00cdJAI - Regina Maria Oradea Sz\u00ednh\u00e1z","description":"A Nagyv\u00e1radi R\u00f6vid Sz\u00ednh\u00e1zi Fesztiv\u00e1l zs\u0171rije: Eln\u00f6k: Prof. LUDMILA PATLANJOGLU \u2013 sz\u00ednh\u00e1zi kritikus, az UNATC \u201cIL Caragiale\u201d Bukarest \u201cSz\u00ednh\u00e1ztudom\u00e1nyi\u201d oszt\u00e1ly\u00e1nak igazgat\u00f3ja Tagok: CRISTIAN HADJI-CULEA \u2013 igazgat\u00f3, a \u201cVasile Alecsandri\u201d Nemzeti Thea\u015eteifIA Prof. CENEAN \u2013 szcenogr\u00e1fus, az UNATC \u201cIL Caragiale\u201d Bukarest \u201cScenogr\u00e1fiai m\u0171v\u00e9szeti\u201d r\u00e9szleg\u00e9nek igazgat\u00f3ja","canonical_url":"https:\/\/www.teatrulreginamaria.ro\/hu\/premiile-editiei-a-xviii-a-a-festivalului-international-teatru-scur\/","robots":"max-image-preview:large","keywords":"","webmasterTools":{"miscellaneous":""},"schema":{"@context":"https:\/\/schema.org","@graph":[{"@type":"BlogPosting","@id":"https:\/\/www.teatrulreginamaria.ro\/hu\/premiile-editiei-a-xviii-a-a-festivalului-international-teatru-scur\/#blogposting","name":"PREMIILE EDI\u0162IEI A XVIII-A A FESTIVALULUI INTERNA\u0162IONAL DE TEATRU SCURT - Teatrul Regina Maria Oradea","headline":"PREMIILE EDI\u0162IEI A XVIII-A A FESTIVALULUI INTERNA\u0162IONAL DE TEATRU SCURT","author":{"@id":"https:\/\/www.teatrulreginamaria.ro\/hu\/author\/w3bmaster\/#author"},"publisher":{"@id":"https:\/\/www.teatrulreginamaria.ro\/hu\/#organization"},"image":{"@type":"ImageObject","url":"https:\/\/www.teatrulreginamaria.ro\/wp-content\/uploads\/2025\/06\/logo-trm-01-dark.png","@id":"https:\/\/www.teatrulreginamaria.ro\/hu\/#articleImage","width":300,"height":148},"datePublished":"2012-10-01T07:59:38+03:00","dateModified":"2012-10-01T07:59:38+03:00","inLanguage":"hu-HU","mainEntityOfPage":{"@id":"https:\/\/www.teatrulreginamaria.ro\/hu\/premiile-editiei-a-xviii-a-a-festivalului-international-teatru-scur\/#webpage"},"isPartOf":{"@id":"https:\/\/www.teatrulreginamaria.ro\/hu\/premiile-editiei-a-xviii-a-a-festivalului-international-teatru-scur\/#webpage"},"articleSection":"Nout\u0103\u021bi - Trupa Iosif Vulcan"},{"@type":"BreadcrumbList","@id":"https:\/\/www.teatrulreginamaria.ro\/hu\/premiile-editiei-a-xviii-a-a-festivalului-international-teatru-scur\/#breadcrumblist","itemListElement":[{"@type":"ListItem","@id":"https:\/\/www.teatrulreginamaria.ro\/hu#listItem","position":1,"name":"Home","item":"https:\/\/www.teatrulreginamaria.ro\/hu","nextItem":{"@type":"ListItem","@id":"https:\/\/www.teatrulreginamaria.ro\/hu\/categorie\/noutati\/#listItem","name":"Nout\u0103\u021bi"}},{"@type":"ListItem","@id":"https:\/\/www.teatrulreginamaria.ro\/hu\/categorie\/noutati\/#listItem","position":2,"name":"Nout\u0103\u021bi","item":"https:\/\/www.teatrulreginamaria.ro\/hu\/categorie\/noutati\/","nextItem":{"@type":"ListItem","@id":"https:\/\/www.teatrulreginamaria.ro\/hu\/categorie\/noutati\/noutati-trupa-iosif-vulcan\/#listItem","name":"Nout\u0103\u021bi - Trupa Iosif Vulcan"},"previousItem":{"@type":"ListItem","@id":"https:\/\/www.teatrulreginamaria.ro\/hu#listItem","name":"Home"}},{"@type":"ListItem","@id":"https:\/\/www.teatrulreginamaria.ro\/hu\/categorie\/noutati\/noutati-trupa-iosif-vulcan\/#listItem","position":3,"name":"Nout\u0103\u021bi - Trupa Iosif Vulcan","item":"https:\/\/www.teatrulreginamaria.ro\/hu\/categorie\/noutati\/noutati-trupa-iosif-vulcan\/","nextItem":{"@type":"ListItem","@id":"https:\/\/www.teatrulreginamaria.ro\/hu\/premiile-editiei-a-xviii-a-a-festivalului-international-teatru-scur\/#listItem","name":"PREMIILE EDI\u0162IEI A XVIII-A A FESTIVALULUI INTERNA\u0162IONAL DE TEATRU SCURT"},"previousItem":{"@type":"ListItem","@id":"https:\/\/www.teatrulreginamaria.ro\/hu\/categorie\/noutati\/#listItem","name":"Nout\u0103\u021bi"}},{"@type":"ListItem","@id":"https:\/\/www.teatrulreginamaria.ro\/hu\/premiile-editiei-a-xviii-a-a-festivalului-international-teatru-scur\/#listItem","position":4,"name":"PREMIILE EDI\u0162IEI A XVIII-A A FESTIVALULUI INTERNA\u0162IONAL DE TEATRU SCURT","previousItem":{"@type":"ListItem","@id":"https:\/\/www.teatrulreginamaria.ro\/hu\/categorie\/noutati\/noutati-trupa-iosif-vulcan\/#listItem","name":"Nout\u0103\u021bi - Trupa Iosif Vulcan"}}]},{"@type":"Organization","@id":"https:\/\/www.teatrulreginamaria.ro\/hu\/#organization","name":"Teatrul Regina Maria Oradea","description":"Trupa Iosif Vulcan \u0219i Trupa Arcadia","url":"https:\/\/www.teatrulreginamaria.ro\/hu\/","email":"marketing@teatrulreginamaria.ro","telephone":"+40359411534","numberOfEmployees":{"@type":"QuantitativeValue","minValue":0,"maxValue":150},"logo":{"@type":"ImageObject","url":"https:\/\/www.teatrulreginamaria.ro\/wp-content\/uploads\/2025\/06\/logo-trm-01-dark.png","@id":"https:\/\/www.teatrulreginamaria.ro\/hu\/premiile-editiei-a-xviii-a-a-festivalului-international-teatru-scur\/#organizationLogo","width":300,"height":148},"image":{"@id":"https:\/\/www.teatrulreginamaria.ro\/hu\/premiile-editiei-a-xviii-a-a-festivalului-international-teatru-scur\/#organizationLogo"},"sameAs":["https:\/\/www.facebook.com\/TRMTrupaIosifVulcan\/","https:\/\/x.com\/TRMOradea","https:\/\/www.instagram.com\/teatrul_regina_maria\/","https:\/\/www.youtube.com\/c\/TeatrulReginaMariaOradea","https:\/\/www.linkedin.com\/company\/teatrul-regina-maria"]},{"@type":"Person","@id":"https:\/\/www.teatrulreginamaria.ro\/hu\/author\/w3bmaster\/#author","url":"https:\/\/www.teatrulreginamaria.ro\/hu\/author\/w3bmaster\/","name":"Teatrul Regina Maria","image":{"@type":"ImageObject","@id":"https:\/\/www.teatrulreginamaria.ro\/hu\/premiile-editiei-a-xviii-a-a-festivalului-international-teatru-scur\/#authorImage","url":"https:\/\/secure.gravatar.com\/avatar\/5884139d508ae3f0bafe45e60563b48a9640146d3b08ccc6278c305ff9329305?s=96&d=mm&r=g","width":96,"height":96,"caption":"Teatrul Regina Maria"}},{"@type":"WebPage","@id":"https:\/\/www.teatrulreginamaria.ro\/hu\/premiile-editiei-a-xviii-a-a-festivalului-international-teatru-scur\/#webpage","url":"https:\/\/www.teatrulreginamaria.ro\/hu\/premiile-editiei-a-xviii-a-a-festivalului-international-teatru-scur\/","name":"PREMIILE EDI\u0162IEI A XVIII-A A FESTIVALULUI INTERNA\u0162IONAL DE TEATRU SCURT - Teatrul Regina Maria Oradea","description":"Juriul Festivalului de Teatru Scurt de la Oradea, format din: Pre\u015fedinte: Prof.univ.dr. LUDMILA PATLANJOGLU \u2013 critic de teatru, Director al Departamentului \u201cStudii Teatrale\u201d din UNATC \u201cI.L. Caragiale\u201d Bucure\u015fti Membri: CRISTIAN HADJI-CULEA \u2013 regizor, Director General al Teatrului Na\u0163ional \u201cVasile Alecsandri\u201d Ia\u015fi Prof.univ.dr. \u015eTEFANIA CENEAN \u2013 scenograf, Director al Departamentului \u201cArt\u0103 Scenografic\u0103\u201d din UNATC \u201cI.L. Caragiale\u201d Bucure\u015fti","inLanguage":"hu-HU","isPartOf":{"@id":"https:\/\/www.teatrulreginamaria.ro\/hu\/#website"},"breadcrumb":{"@id":"https:\/\/www.teatrulreginamaria.ro\/hu\/premiile-editiei-a-xviii-a-a-festivalului-international-teatru-scur\/#breadcrumblist"},"author":{"@id":"https:\/\/www.teatrulreginamaria.ro\/hu\/author\/w3bmaster\/#author"},"creator":{"@id":"https:\/\/www.teatrulreginamaria.ro\/hu\/author\/w3bmaster\/#author"},"datePublished":"2012-10-01T07:59:38+03:00","dateModified":"2012-10-01T07:59:38+03:00"},{"@type":"WebSite","@id":"https:\/\/www.teatrulreginamaria.ro\/hu\/#website","url":"https:\/\/www.teatrulreginamaria.ro\/hu\/","name":"Teatrul Regina Maria Oradea","alternateName":"TRM Oradea","description":"Trupa Iosif Vulcan \u0219i Trupa Arcadia","inLanguage":"hu-HU","publisher":{"@id":"https:\/\/www.teatrulreginamaria.ro\/hu\/#organization"}}]},"og:locale":"hu_HU","og:site_name":"Teatrul Regina Maria Oradea - Trupa Iosif Vulcan \u0219i Trupa Arcadia","og:type":"article","og:title":"PREMIILE EDI\u0162IEI A XVIII-A A FESTIVALULUI INTERNA\u0162IONAL DE TEATRU SCURT - Teatrul Regina Maria Oradea","og:description":"Juriul Festivalului de Teatru Scurt de la Oradea, format din: Pre\u015fedinte: Prof.univ.dr. LUDMILA PATLANJOGLU \u2013 critic de teatru, Director al Departamentului \u201cStudii Teatrale\u201d din UNATC \u201cI.L. Caragiale\u201d Bucure\u015fti Membri: CRISTIAN HADJI-CULEA \u2013 regizor, Director General al Teatrului Na\u0163ional \u201cVasile Alecsandri\u201d Ia\u015fi Prof.univ.dr. \u015eTEFANIA CENEAN \u2013 scenograf, Director al Departamentului \u201cArt\u0103 Scenografic\u0103\u201d din UNATC \u201cI.L. Caragiale\u201d Bucure\u015fti","og:url":"https:\/\/www.teatrulreginamaria.ro\/hu\/premiile-editiei-a-xviii-a-a-festivalului-international-teatru-scur\/","og:image":"https:\/\/www.teatrulreginamaria.ro\/wp-content\/uploads\/2025\/03\/trm-istoric-01.jpg","og:image:secure_url":"https:\/\/www.teatrulreginamaria.ro\/wp-content\/uploads\/2025\/03\/trm-istoric-01.jpg","og:image:width":1200,"og:image:height":800,"article:published_time":"2012-10-01T07:59:38+00:00","article:modified_time":"2012-10-01T07:59:38+00:00","article:publisher":"https:\/\/www.facebook.com\/TRMTrupaIosifVulcan\/","twitter:card":"summary_large_image","twitter:site":"@TRMOradea","twitter:title":"PREMIILE EDI\u0162IEI A XVIII-A A FESTIVALULUI INTERNA\u0162IONAL DE TEATRU SCURT - Teatrul Regina Maria Oradea","twitter:description":"Juriul Festivalului de Teatru Scurt de la Oradea, format din: Pre\u015fedinte: Prof.univ.dr. LUDMILA PATLANJOGLU \u2013 critic de teatru, Director al Departamentului \u201cStudii Teatrale\u201d din UNATC \u201cI.L. Caragiale\u201d Bucure\u015fti Membri: CRISTIAN HADJI-CULEA \u2013 regizor, Director General al Teatrului Na\u0163ional \u201cVasile Alecsandri\u201d Ia\u015fi Prof.univ.dr. \u015eTEFANIA CENEAN \u2013 scenograf, Director al Departamentului \u201cArt\u0103 Scenografic\u0103\u201d din UNATC \u201cI.L. Caragiale\u201d Bucure\u015fti","twitter:creator":"@TRMOradea","twitter:image":"https:\/\/www.teatrulreginamaria.ro\/wp-content\/uploads\/2025\/03\/trm-istoric-01.jpg"},"aioseo_meta_data":{"post_id":"895","title":null,"description":null,"keywords":null,"keyphrases":null,"primary_term":null,"canonical_url":null,"og_title":null,"og_description":null,"og_object_type":"default","og_image_type":"default","og_image_url":null,"og_image_width":null,"og_image_height":null,"og_image_custom_url":null,"og_image_custom_fields":null,"og_video":null,"og_custom_url":null,"og_article_section":null,"og_article_tags":null,"twitter_use_og":false,"twitter_card":"default","twitter_image_type":"default","twitter_image_url":null,"twitter_image_custom_url":null,"twitter_image_custom_fields":null,"twitter_title":null,"twitter_description":null,"schema":{"blockGraphs":[],"customGraphs":[],"default":{"data":{"Article":[],"Course":[],"Dataset":[],"FAQPage":[],"Movie":[],"Person":[],"Product":[],"ProductReview":[],"Car":[],"Recipe":[],"Service":[],"SoftwareApplication":[],"WebPage":[]},"graphName":"","isEnabled":true},"graphs":[]},"schema_type":"default","schema_type_options":null,"pillar_content":false,"robots_default":true,"robots_noindex":false,"robots_noarchive":false,"robots_nosnippet":false,"robots_nofollow":false,"robots_noimageindex":false,"robots_noodp":false,"robots_notranslate":false,"robots_max_snippet":null,"robots_max_videopreview":null,"robots_max_imagepreview":"large","priority":null,"frequency":null,"local_seo":null,"seo_analyzer_scan_date":"2026-05-12 23:36:43","breadcrumb_settings":null,"limit_modified_date":false,"reviewed_by":null,"open_ai":null,"ai":null,"created":"2025-04-09 17:40:54","updated":"2026-05-12 23:36:43","focus_keyword":null,"additional_keywords":null,"truseo_locale":null},"aioseo_breadcrumb":"<div class=\"aioseo-breadcrumbs\"><span class=\"aioseo-breadcrumb\">\n\t<a href=\"https:\/\/www.teatrulreginamaria.ro\/hu\" title=\"Home\">Home<\/a>\n<\/span><span class=\"aioseo-breadcrumb-separator\">&raquo;<\/span><span class=\"aioseo-breadcrumb\">\n\t<a href=\"https:\/\/www.teatrulreginamaria.ro\/hu\/categorie\/noutati\/\" title=\"Nout\u0103\u021bi\">Nout\u0103\u021bi<\/a>\n<\/span><span class=\"aioseo-breadcrumb-separator\">&raquo;<\/span><span class=\"aioseo-breadcrumb\">\n\t<a href=\"https:\/\/www.teatrulreginamaria.ro\/hu\/categorie\/noutati\/noutati-trupa-iosif-vulcan\/\" title=\"Nout\u0103\u021bi - Trupa Iosif Vulcan\">Nout\u0103\u021bi - Trupa Iosif Vulcan<\/a>\n<\/span><span class=\"aioseo-breadcrumb-separator\">&raquo;<\/span><span class=\"aioseo-breadcrumb\">\n\tPREMIILE EDI\u0162IEI A XVIII-A A FESTIVALULUI INTERNA\u0162IONAL DE TEATRU SCURT\n<\/span><\/div>","aioseo_breadcrumb_json":[{"label":"Home","link":"https:\/\/www.teatrulreginamaria.ro\/hu"},{"label":"Nout\u0103\u021bi","link":"https:\/\/www.teatrulreginamaria.ro\/hu\/categorie\/noutati\/"},{"label":"Nout\u0103\u021bi - Trupa Iosif Vulcan","link":"https:\/\/www.teatrulreginamaria.ro\/hu\/categorie\/noutati\/noutati-trupa-iosif-vulcan\/"},{"label":"PREMIILE EDI\u0162IEI A XVIII-A A FESTIVALULUI INTERNA\u0162IONAL DE TEATRU SCURT","link":"https:\/\/www.teatrulreginamaria.ro\/hu\/premiile-editiei-a-xviii-a-a-festivalului-international-teatru-scur\/"}],"acf":[],"_links":{"self":[{"href":"https:\/\/www.teatrulreginamaria.ro\/hu\/wp-json\/wp\/v2\/posts\/895","targetHints":{"allow":["GET"]}}],"collection":[{"href":"https:\/\/www.teatrulreginamaria.ro\/hu\/wp-json\/wp\/v2\/posts"}],"about":[{"href":"https:\/\/www.teatrulreginamaria.ro\/hu\/wp-json\/wp\/v2\/types\/post"}],"author":[{"embeddable":true,"href":"https:\/\/www.teatrulreginamaria.ro\/hu\/wp-json\/wp\/v2\/users\/6"}],"replies":[{"embeddable":true,"href":"https:\/\/www.teatrulreginamaria.ro\/hu\/wp-json\/wp\/v2\/comments?post=895"}],"version-history":[{"count":0,"href":"https:\/\/www.teatrulreginamaria.ro\/hu\/wp-json\/wp\/v2\/posts\/895\/revisions"}],"wp:attachment":[{"href":"https:\/\/www.teatrulreginamaria.ro\/hu\/wp-json\/wp\/v2\/media?parent=895"}],"wp:term":[{"taxonomy":"category","embeddable":true,"href":"https:\/\/www.teatrulreginamaria.ro\/hu\/wp-json\/wp\/v2\/categories?post=895"},{"taxonomy":"post_tag","embeddable":true,"href":"https:\/\/www.teatrulreginamaria.ro\/hu\/wp-json\/wp\/v2\/tags?post=895"}],"curies":[{"name":"munkaf\u00fczet","href":"https:\/\/api.w.org\/{rel}","templated":true}]}}