{"id":900,"date":"2012-10-16T12:10:11","date_gmt":"2012-10-16T12:10:11","guid":{"rendered":"https:\/\/teatrulreginamaria.ro\/2012\/10\/16\/a-patra-premiera-a-trupei-iosif-vulcan-sfarsit-de-partida\/"},"modified":"2012-10-16T12:10:11","modified_gmt":"2012-10-16T12:10:11","slug":"a-iosif-vulcan-zenekar-negyedik-premierje-end-of-the-game","status":"publish","type":"post","link":"https:\/\/www.teatrulreginamaria.ro\/hu\/a-patra-premiera-a-trupei-iosif-vulcan-sfarsit-de-partida\/","title":{"rendered":"A IOSIF VULCAN TRUP NEGYEDIK PREMIERJE \u2013 A BULI V\u00c9GE"},"content":{"rendered":"<p style=\"text-align: justify;\">Szeretettel megh\u00edvjuk \u00d6nt a Iosif Vulcan T\u00e1rsulat negyedik premierj\u00e9re ebben az \u00e9vadban: A J\u00c1T\u00c9K V\u00c9GE (Samuel Beckett, rendezte: Emil Sauciuc). Az el\u0151ad\u00e1sra okt\u00f3ber 20-\u00e1n, szombaton 19 \u00f3rakor ker\u00fcl sor az Arcadia Hallban. Jegyek v\u00e1s\u00e1rolhat\u00f3k a Theatre Agency-ben (nyitva h\u00e9tf\u0151t\u0151l p\u00e9ntekig 12:00 \u00e9s 18:00 \u00f3ra k\u00f6z\u00f6tt, valamint az Arcadia Hallban, az el\u0151ad\u00e1s el\u0151tt egy \u00f3r\u00e1val), \u00e9s online a weboldalon. <span style=\"color: #ff0000;\"><a href=\"http:\/\/www.biletmaster.ro\/\"><span style=\"color: #ff0000;\">www.biletmaster.ro<\/span><\/a><\/span>. A jegy \u00e1ra 15 lej.<\/p>\n<p><!--more--><\/p>\n<p style=\"text-align: justify;\">A m\u0171sor m\u00e1sodik el\u0151ad\u00e1sa okt\u00f3ber 23-\u00e1n, kedden 19 \u00f3rakor lesz az Arcadia Csarnokban, a jegy \u00e1ra 10 lej.<\/p>\n<p style=\"text-align: justify;\">Az eredetileg franci\u00e1ul \u00edrt, majd maga a szerz\u0151 ford\u00edtotta angolra \u201eA j\u00e1t\u00e9k v\u00e9ge\u201d c\u00edm\u0171 darab p\u00e1rhuzamot von a sakkj\u00e1tszma utols\u00f3 szakasza, amikor az eredm\u00e9ny m\u00e1r ismert, \u00e9s az \u00e9let utols\u00f3 szakaszai k\u00f6z\u00f6tt.<\/p>\n<p style=\"text-align: justify;\">A darab n\u00e9gy szerepl\u0151re \u00f6sszpontos\u00edt, akik bez\u00e1rk\u00f3zva \u00e9lnek egy olyan t\u00e9rben, amelyen k\u00edv\u00fcl semmi sem maradt, mintha egy apokalipszis ut\u00e1n. A vak \u00e9s tehetetlen Hamm tol\u00f3sz\u00e9khez k\u00f6t\u00f6tt; szolg\u00e1ja vagy fia, Clov, \u00e1lland\u00f3 izgatotts\u00e1gban van, \u00e1lland\u00f3 konfliktusban Hammel, k\u00e9ptelen megnyugodni vagy m\u00e1shov\u00e1 menni, hogy kiszabaduljon. A kett\u0151j\u00fck mellett, akik \u00e9rthetetlen okokb\u00f3l egy\u00fctt maradnak, Nagg \u00e9s Nell, Hamm sz\u00fclei, szemeteskuk\u00e1kban \u00e9lik \u00e9let\u00fcket. Egyetlen boldogs\u00e1guk a m\u00falt eml\u00e9ke; dehumaniz\u00e1lva \u00e9s Clovt\u00f3l f\u00fcggve, k\u00e9ptelenek meg\u00e9rteni a jelent a szenved\u00e9seiken k\u00edv\u00fcl.<\/p>\n<p style=\"text-align: justify;\">A szereposzt\u00e1sban a k\u00f6vetkez\u0151 sz\u00edn\u00e9szek szerepelnek: \u0218erban Borda, Petre Ghimb\u0103\u0219an, Tiberiu Covaci \u00e9s Mirela Ni\u021b\u0103 Lupu. A d\u00edszletet Vioara Bara, a k\u00e9pszerkeszt\u0151t \u0218erban Car\u021bi\u0219 k\u00e9sz\u00edtette.<\/p>","protected":false},"excerpt":{"rendered":"<p>V\u0103 invit\u0103m s\u0103 ne fi\u021bi al\u0103turi la cea de-a patra premier\u0103 a Trupei Iosif Vulcan din aceast\u0103 stagiune: spectacolul SF\u00c2R\u0218IT DE PARTID\u0102 (de Samuel Beckett, \u00een regia lui Emil Sauciuc). Aceasta va avea loc s\u00e2mb\u0103t\u0103, 20 octombrie, de la ora 19, la Sala Arcadia. Biletele se pot achizi\u021biona at\u00e2t de la Agen\u021bia Teatrului (deschis\u0103 de [&hellip;]<\/p>\n","protected":false},"author":6,"featured_media":0,"comment_status":"open","ping_status":"open","sticky":false,"template":"","format":"standard","meta":{"_acf_changed":false,"footnotes":""},"categories":[22],"tags":[],"class_list":["post-900","post","type-post","status-publish","format-standard","hentry","category-noutati-trupa-iosif-vulcan"],"aioseo_notices":[],"aioseo_head":"\n\t\t<!-- All in One SEO Pro 5.0.1.1 - aioseo.com -->\n\t<meta name=\"description\" content=\"V\u0103 invit\u0103m s\u0103 ne fi\u021bi al\u0103turi la cea de-a patra premier\u0103 a Trupei Iosif Vulcan din aceast\u0103 stagiune: spectacolul SF\u00c2R\u0218IT DE PARTID\u0102 (de Samuel Beckett, \u00een regia lui Emil Sauciuc). Aceasta va avea loc s\u00e2mb\u0103t\u0103, 20 octombrie, de la ora 19, la Sala Arcadia. Biletele se pot achizi\u021biona at\u00e2t de la Agen\u021bia Teatrului (deschis\u0103 de\" \/>\n\t<meta name=\"robots\" content=\"max-image-preview:large\" \/>\n\t<meta name=\"author\" content=\"Teatrul Regina Maria\"\/>\n\t<link rel=\"canonical\" href=\"https:\/\/www.teatrulreginamaria.ro\/hu\/a-patra-premiera-a-trupei-iosif-vulcan-sfarsit-de-partida\/\" \/>\n\t<meta name=\"generator\" content=\"All in One SEO Pro (AIOSEO) 5.0.1.1\" \/>\n\t\t<meta property=\"og:locale\" content=\"hu_HU\" \/>\n\t\t<meta property=\"og:site_name\" content=\"Teatrul Regina Maria Oradea - Trupa Iosif Vulcan \u0219i Trupa Arcadia\" \/>\n\t\t<meta property=\"og:type\" content=\"article\" \/>\n\t\t<meta property=\"og:title\" content=\"A PATRA PREMIER\u0102 A TRUPEI IOSIF VULCAN \u2013 SF\u00c2R\u015eIT DE PARTID\u0102 - Teatrul Regina Maria Oradea\" \/>\n\t\t<meta property=\"og:description\" content=\"V\u0103 invit\u0103m s\u0103 ne fi\u021bi al\u0103turi la cea de-a patra premier\u0103 a Trupei Iosif Vulcan din aceast\u0103 stagiune: spectacolul SF\u00c2R\u0218IT DE PARTID\u0102 (de Samuel Beckett, \u00een regia lui Emil Sauciuc). Aceasta va avea loc s\u00e2mb\u0103t\u0103, 20 octombrie, de la ora 19, la Sala Arcadia. Biletele se pot achizi\u021biona at\u00e2t de la Agen\u021bia Teatrului (deschis\u0103 de\" \/>\n\t\t<meta property=\"og:url\" content=\"https:\/\/www.teatrulreginamaria.ro\/hu\/a-patra-premiera-a-trupei-iosif-vulcan-sfarsit-de-partida\/\" \/>\n\t\t<meta property=\"og:image\" content=\"https:\/\/www.teatrulreginamaria.ro\/wp-content\/uploads\/2025\/03\/trm-istoric-01.jpg\" \/>\n\t\t<meta property=\"og:image:secure_url\" content=\"https:\/\/www.teatrulreginamaria.ro\/wp-content\/uploads\/2025\/03\/trm-istoric-01.jpg\" \/>\n\t\t<meta property=\"og:image:width\" content=\"1200\" \/>\n\t\t<meta property=\"og:image:height\" content=\"800\" \/>\n\t\t<meta property=\"article:published_time\" content=\"2012-10-16T12:10:11+00:00\" \/>\n\t\t<meta property=\"article:modified_time\" content=\"2012-10-16T12:10:11+00:00\" \/>\n\t\t<meta property=\"article:publisher\" content=\"https:\/\/www.facebook.com\/TRMTrupaIosifVulcan\/\" \/>\n\t\t<meta name=\"twitter:card\" content=\"summary_large_image\" \/>\n\t\t<meta name=\"twitter:site\" content=\"@TRMOradea\" \/>\n\t\t<meta name=\"twitter:title\" content=\"A PATRA PREMIER\u0102 A TRUPEI IOSIF VULCAN \u2013 SF\u00c2R\u015eIT DE PARTID\u0102 - Teatrul Regina Maria Oradea\" \/>\n\t\t<meta name=\"twitter:description\" content=\"V\u0103 invit\u0103m s\u0103 ne fi\u021bi al\u0103turi la cea de-a patra premier\u0103 a Trupei Iosif Vulcan din aceast\u0103 stagiune: spectacolul SF\u00c2R\u0218IT DE PARTID\u0102 (de Samuel Beckett, \u00een regia lui Emil Sauciuc). Aceasta va avea loc s\u00e2mb\u0103t\u0103, 20 octombrie, de la ora 19, la Sala Arcadia. Biletele se pot achizi\u021biona at\u00e2t de la Agen\u021bia Teatrului (deschis\u0103 de\" \/>\n\t\t<meta name=\"twitter:creator\" content=\"@TRMOradea\" \/>\n\t\t<meta name=\"twitter:image\" content=\"https:\/\/www.teatrulreginamaria.ro\/wp-content\/uploads\/2025\/03\/trm-istoric-01.jpg\" \/>\n\t\t<script type=\"application\/ld+json\" class=\"aioseo-schema\">\n\t\t\t{\"@context\":\"https:\\\/\\\/schema.org\",\"@graph\":[{\"@type\":\"BlogPosting\",\"@id\":\"https:\\\/\\\/www.teatrulreginamaria.ro\\\/hu\\\/a-patra-premiera-a-trupei-iosif-vulcan-sfarsit-de-partida\\\/#blogposting\",\"name\":\"A PATRA PREMIER\\u0102 A TRUPEI IOSIF VULCAN \\u2013 SF\\u00c2R\\u015eIT DE PARTID\\u0102 - Teatrul Regina Maria Oradea\",\"headline\":\"A PATRA PREMIER\\u0102 A TRUPEI IOSIF VULCAN &#8211; SF\\u00c2R\\u015eIT DE PARTID\\u0102\",\"author\":{\"@id\":\"https:\\\/\\\/www.teatrulreginamaria.ro\\\/hu\\\/author\\\/w3bmaster\\\/#author\"},\"publisher\":{\"@id\":\"https:\\\/\\\/www.teatrulreginamaria.ro\\\/hu\\\/#organization\"},\"image\":{\"@type\":\"ImageObject\",\"url\":\"https:\\\/\\\/www.teatrulreginamaria.ro\\\/wp-content\\\/uploads\\\/2025\\\/06\\\/logo-trm-01-dark.png\",\"@id\":\"https:\\\/\\\/www.teatrulreginamaria.ro\\\/hu\\\/#articleImage\",\"width\":300,\"height\":148},\"datePublished\":\"2012-10-16T12:10:11+03:00\",\"dateModified\":\"2012-10-16T12:10:11+03:00\",\"inLanguage\":\"hu-HU\",\"mainEntityOfPage\":{\"@id\":\"https:\\\/\\\/www.teatrulreginamaria.ro\\\/hu\\\/a-patra-premiera-a-trupei-iosif-vulcan-sfarsit-de-partida\\\/#webpage\"},\"isPartOf\":{\"@id\":\"https:\\\/\\\/www.teatrulreginamaria.ro\\\/hu\\\/a-patra-premiera-a-trupei-iosif-vulcan-sfarsit-de-partida\\\/#webpage\"},\"articleSection\":\"Nout\\u0103\\u021bi - Trupa Iosif Vulcan\"},{\"@type\":\"BreadcrumbList\",\"@id\":\"https:\\\/\\\/www.teatrulreginamaria.ro\\\/hu\\\/a-patra-premiera-a-trupei-iosif-vulcan-sfarsit-de-partida\\\/#breadcrumblist\",\"itemListElement\":[{\"@type\":\"ListItem\",\"@id\":\"https:\\\/\\\/www.teatrulreginamaria.ro\\\/hu#listItem\",\"position\":1,\"name\":\"Home\",\"item\":\"https:\\\/\\\/www.teatrulreginamaria.ro\\\/hu\",\"nextItem\":{\"@type\":\"ListItem\",\"@id\":\"https:\\\/\\\/www.teatrulreginamaria.ro\\\/hu\\\/categorie\\\/noutati\\\/#listItem\",\"name\":\"Nout\\u0103\\u021bi\"}},{\"@type\":\"ListItem\",\"@id\":\"https:\\\/\\\/www.teatrulreginamaria.ro\\\/hu\\\/categorie\\\/noutati\\\/#listItem\",\"position\":2,\"name\":\"Nout\\u0103\\u021bi\",\"item\":\"https:\\\/\\\/www.teatrulreginamaria.ro\\\/hu\\\/categorie\\\/noutati\\\/\",\"nextItem\":{\"@type\":\"ListItem\",\"@id\":\"https:\\\/\\\/www.teatrulreginamaria.ro\\\/hu\\\/categorie\\\/noutati\\\/noutati-trupa-iosif-vulcan\\\/#listItem\",\"name\":\"Nout\\u0103\\u021bi - Trupa Iosif Vulcan\"},\"previousItem\":{\"@type\":\"ListItem\",\"@id\":\"https:\\\/\\\/www.teatrulreginamaria.ro\\\/hu#listItem\",\"name\":\"Home\"}},{\"@type\":\"ListItem\",\"@id\":\"https:\\\/\\\/www.teatrulreginamaria.ro\\\/hu\\\/categorie\\\/noutati\\\/noutati-trupa-iosif-vulcan\\\/#listItem\",\"position\":3,\"name\":\"Nout\\u0103\\u021bi - Trupa Iosif Vulcan\",\"item\":\"https:\\\/\\\/www.teatrulreginamaria.ro\\\/hu\\\/categorie\\\/noutati\\\/noutati-trupa-iosif-vulcan\\\/\",\"nextItem\":{\"@type\":\"ListItem\",\"@id\":\"https:\\\/\\\/www.teatrulreginamaria.ro\\\/hu\\\/a-patra-premiera-a-trupei-iosif-vulcan-sfarsit-de-partida\\\/#listItem\",\"name\":\"A PATRA PREMIER\\u0102 A TRUPEI IOSIF VULCAN &#8211; SF\\u00c2R\\u015eIT DE PARTID\\u0102\"},\"previousItem\":{\"@type\":\"ListItem\",\"@id\":\"https:\\\/\\\/www.teatrulreginamaria.ro\\\/hu\\\/categorie\\\/noutati\\\/#listItem\",\"name\":\"Nout\\u0103\\u021bi\"}},{\"@type\":\"ListItem\",\"@id\":\"https:\\\/\\\/www.teatrulreginamaria.ro\\\/hu\\\/a-patra-premiera-a-trupei-iosif-vulcan-sfarsit-de-partida\\\/#listItem\",\"position\":4,\"name\":\"A PATRA PREMIER\\u0102 A TRUPEI IOSIF VULCAN &#8211; SF\\u00c2R\\u015eIT DE PARTID\\u0102\",\"previousItem\":{\"@type\":\"ListItem\",\"@id\":\"https:\\\/\\\/www.teatrulreginamaria.ro\\\/hu\\\/categorie\\\/noutati\\\/noutati-trupa-iosif-vulcan\\\/#listItem\",\"name\":\"Nout\\u0103\\u021bi - Trupa Iosif Vulcan\"}}]},{\"@type\":\"Organization\",\"@id\":\"https:\\\/\\\/www.teatrulreginamaria.ro\\\/hu\\\/#organization\",\"name\":\"Teatrul Regina Maria Oradea\",\"description\":\"Trupa Iosif Vulcan \\u0219i Trupa Arcadia\",\"url\":\"https:\\\/\\\/www.teatrulreginamaria.ro\\\/hu\\\/\",\"email\":\"marketing@teatrulreginamaria.ro\",\"telephone\":\"+40359411534\",\"numberOfEmployees\":{\"@type\":\"QuantitativeValue\",\"minValue\":0,\"maxValue\":150},\"logo\":{\"@type\":\"ImageObject\",\"url\":\"https:\\\/\\\/www.teatrulreginamaria.ro\\\/wp-content\\\/uploads\\\/2025\\\/06\\\/logo-trm-01-dark.png\",\"@id\":\"https:\\\/\\\/www.teatrulreginamaria.ro\\\/hu\\\/a-patra-premiera-a-trupei-iosif-vulcan-sfarsit-de-partida\\\/#organizationLogo\",\"width\":300,\"height\":148},\"image\":{\"@id\":\"https:\\\/\\\/www.teatrulreginamaria.ro\\\/hu\\\/a-patra-premiera-a-trupei-iosif-vulcan-sfarsit-de-partida\\\/#organizationLogo\"},\"sameAs\":[\"https:\\\/\\\/www.facebook.com\\\/TRMTrupaIosifVulcan\\\/\",\"https:\\\/\\\/x.com\\\/TRMOradea\",\"https:\\\/\\\/www.instagram.com\\\/teatrul_regina_maria\\\/\",\"https:\\\/\\\/www.youtube.com\\\/c\\\/TeatrulReginaMariaOradea\",\"https:\\\/\\\/www.linkedin.com\\\/company\\\/teatrul-regina-maria\"]},{\"@type\":\"Person\",\"@id\":\"https:\\\/\\\/www.teatrulreginamaria.ro\\\/hu\\\/author\\\/w3bmaster\\\/#author\",\"url\":\"https:\\\/\\\/www.teatrulreginamaria.ro\\\/hu\\\/author\\\/w3bmaster\\\/\",\"name\":\"Teatrul Regina Maria\",\"image\":{\"@type\":\"ImageObject\",\"@id\":\"https:\\\/\\\/www.teatrulreginamaria.ro\\\/hu\\\/a-patra-premiera-a-trupei-iosif-vulcan-sfarsit-de-partida\\\/#authorImage\",\"url\":\"https:\\\/\\\/secure.gravatar.com\\\/avatar\\\/5884139d508ae3f0bafe45e60563b48a9640146d3b08ccc6278c305ff9329305?s=96&d=mm&r=g\",\"width\":96,\"height\":96,\"caption\":\"Teatrul Regina Maria\"}},{\"@type\":\"WebPage\",\"@id\":\"https:\\\/\\\/www.teatrulreginamaria.ro\\\/hu\\\/a-patra-premiera-a-trupei-iosif-vulcan-sfarsit-de-partida\\\/#webpage\",\"url\":\"https:\\\/\\\/www.teatrulreginamaria.ro\\\/hu\\\/a-patra-premiera-a-trupei-iosif-vulcan-sfarsit-de-partida\\\/\",\"name\":\"A PATRA PREMIER\\u0102 A TRUPEI IOSIF VULCAN \\u2013 SF\\u00c2R\\u015eIT DE PARTID\\u0102 - Teatrul Regina Maria Oradea\",\"description\":\"V\\u0103 invit\\u0103m s\\u0103 ne fi\\u021bi al\\u0103turi la cea de-a patra premier\\u0103 a Trupei Iosif Vulcan din aceast\\u0103 stagiune: spectacolul SF\\u00c2R\\u0218IT DE PARTID\\u0102 (de Samuel Beckett, \\u00een regia lui Emil Sauciuc). Aceasta va avea loc s\\u00e2mb\\u0103t\\u0103, 20 octombrie, de la ora 19, la Sala Arcadia. Biletele se pot achizi\\u021biona at\\u00e2t de la Agen\\u021bia Teatrului (deschis\\u0103 de\",\"inLanguage\":\"hu-HU\",\"isPartOf\":{\"@id\":\"https:\\\/\\\/www.teatrulreginamaria.ro\\\/hu\\\/#website\"},\"breadcrumb\":{\"@id\":\"https:\\\/\\\/www.teatrulreginamaria.ro\\\/hu\\\/a-patra-premiera-a-trupei-iosif-vulcan-sfarsit-de-partida\\\/#breadcrumblist\"},\"author\":{\"@id\":\"https:\\\/\\\/www.teatrulreginamaria.ro\\\/hu\\\/author\\\/w3bmaster\\\/#author\"},\"creator\":{\"@id\":\"https:\\\/\\\/www.teatrulreginamaria.ro\\\/hu\\\/author\\\/w3bmaster\\\/#author\"},\"datePublished\":\"2012-10-16T12:10:11+03:00\",\"dateModified\":\"2012-10-16T12:10:11+03:00\"},{\"@type\":\"WebSite\",\"@id\":\"https:\\\/\\\/www.teatrulreginamaria.ro\\\/hu\\\/#website\",\"url\":\"https:\\\/\\\/www.teatrulreginamaria.ro\\\/hu\\\/\",\"name\":\"Teatrul Regina Maria Oradea\",\"alternateName\":\"TRM Oradea\",\"description\":\"Trupa Iosif Vulcan \\u0219i Trupa Arcadia\",\"inLanguage\":\"hu-HU\",\"publisher\":{\"@id\":\"https:\\\/\\\/www.teatrulreginamaria.ro\\\/hu\\\/#organization\"}}]}\n\t\t<\/script>\n\t\t<!-- All in One SEO Pro -->\r\n\t\t<title>A PATRA PREMIER\u0102 A TRUPEI IOSIF VULCAN \u2013 SF\u00c2R\u015eIT DE PARTID\u0102 - Teatrul Regina Maria Oradea<\/title>\n\n","aioseo_head_json":{"title":"A IOSIF VULCAN TRUP NEGYEDIK PREMIERJE \u2013 A BULI V\u00c9GE - Regina Maria Sz\u00ednh\u00e1z, Nagyv\u00e1radi","description":"Szeretettel megh\u00edvjuk \u00d6nt a Iosif Vulcan T\u00e1rsulat negyedik premierj\u00e9re ebben az \u00e9vadban: A J\u00c1T\u00c9K V\u00c9GE (Samuel Beckett, rendezte: Emil Sauciuc) c\u00edm\u0171 el\u0151ad\u00e1sra. Okt\u00f3ber 20-\u00e1n, szombaton 19 \u00f3rakor ker\u00fcl sor az Arcadia Hallban. Jegyek v\u00e1s\u00e1rolhat\u00f3k a Sz\u00ednh\u00e1zi \u00dcgyn\u00f6ks\u00e9gn\u00e9l (nyitva tart\u00e1s: ...","canonical_url":"https:\/\/www.teatrulreginamaria.ro\/hu\/a-patra-premiera-a-trupei-iosif-vulcan-sfarsit-de-partida\/","robots":"max-image-preview:large","keywords":"","webmasterTools":{"miscellaneous":""},"schema":{"@context":"https:\/\/schema.org","@graph":[{"@type":"BlogPosting","@id":"https:\/\/www.teatrulreginamaria.ro\/hu\/a-patra-premiera-a-trupei-iosif-vulcan-sfarsit-de-partida\/#blogposting","name":"A PATRA PREMIER\u0102 A TRUPEI IOSIF VULCAN \u2013 SF\u00c2R\u015eIT DE PARTID\u0102 - Teatrul Regina Maria Oradea","headline":"A PATRA PREMIER\u0102 A TRUPEI IOSIF VULCAN &#8211; SF\u00c2R\u015eIT DE PARTID\u0102","author":{"@id":"https:\/\/www.teatrulreginamaria.ro\/hu\/author\/w3bmaster\/#author"},"publisher":{"@id":"https:\/\/www.teatrulreginamaria.ro\/hu\/#organization"},"image":{"@type":"ImageObject","url":"https:\/\/www.teatrulreginamaria.ro\/wp-content\/uploads\/2025\/06\/logo-trm-01-dark.png","@id":"https:\/\/www.teatrulreginamaria.ro\/hu\/#articleImage","width":300,"height":148},"datePublished":"2012-10-16T12:10:11+03:00","dateModified":"2012-10-16T12:10:11+03:00","inLanguage":"hu-HU","mainEntityOfPage":{"@id":"https:\/\/www.teatrulreginamaria.ro\/hu\/a-patra-premiera-a-trupei-iosif-vulcan-sfarsit-de-partida\/#webpage"},"isPartOf":{"@id":"https:\/\/www.teatrulreginamaria.ro\/hu\/a-patra-premiera-a-trupei-iosif-vulcan-sfarsit-de-partida\/#webpage"},"articleSection":"Nout\u0103\u021bi - Trupa Iosif Vulcan"},{"@type":"BreadcrumbList","@id":"https:\/\/www.teatrulreginamaria.ro\/hu\/a-patra-premiera-a-trupei-iosif-vulcan-sfarsit-de-partida\/#breadcrumblist","itemListElement":[{"@type":"ListItem","@id":"https:\/\/www.teatrulreginamaria.ro\/hu#listItem","position":1,"name":"Home","item":"https:\/\/www.teatrulreginamaria.ro\/hu","nextItem":{"@type":"ListItem","@id":"https:\/\/www.teatrulreginamaria.ro\/hu\/categorie\/noutati\/#listItem","name":"Nout\u0103\u021bi"}},{"@type":"ListItem","@id":"https:\/\/www.teatrulreginamaria.ro\/hu\/categorie\/noutati\/#listItem","position":2,"name":"Nout\u0103\u021bi","item":"https:\/\/www.teatrulreginamaria.ro\/hu\/categorie\/noutati\/","nextItem":{"@type":"ListItem","@id":"https:\/\/www.teatrulreginamaria.ro\/hu\/categorie\/noutati\/noutati-trupa-iosif-vulcan\/#listItem","name":"Nout\u0103\u021bi - Trupa Iosif Vulcan"},"previousItem":{"@type":"ListItem","@id":"https:\/\/www.teatrulreginamaria.ro\/hu#listItem","name":"Home"}},{"@type":"ListItem","@id":"https:\/\/www.teatrulreginamaria.ro\/hu\/categorie\/noutati\/noutati-trupa-iosif-vulcan\/#listItem","position":3,"name":"Nout\u0103\u021bi - Trupa Iosif Vulcan","item":"https:\/\/www.teatrulreginamaria.ro\/hu\/categorie\/noutati\/noutati-trupa-iosif-vulcan\/","nextItem":{"@type":"ListItem","@id":"https:\/\/www.teatrulreginamaria.ro\/hu\/a-patra-premiera-a-trupei-iosif-vulcan-sfarsit-de-partida\/#listItem","name":"A PATRA PREMIER\u0102 A TRUPEI IOSIF VULCAN &#8211; SF\u00c2R\u015eIT DE PARTID\u0102"},"previousItem":{"@type":"ListItem","@id":"https:\/\/www.teatrulreginamaria.ro\/hu\/categorie\/noutati\/#listItem","name":"Nout\u0103\u021bi"}},{"@type":"ListItem","@id":"https:\/\/www.teatrulreginamaria.ro\/hu\/a-patra-premiera-a-trupei-iosif-vulcan-sfarsit-de-partida\/#listItem","position":4,"name":"A PATRA PREMIER\u0102 A TRUPEI IOSIF VULCAN &#8211; SF\u00c2R\u015eIT DE PARTID\u0102","previousItem":{"@type":"ListItem","@id":"https:\/\/www.teatrulreginamaria.ro\/hu\/categorie\/noutati\/noutati-trupa-iosif-vulcan\/#listItem","name":"Nout\u0103\u021bi - Trupa Iosif Vulcan"}}]},{"@type":"Organization","@id":"https:\/\/www.teatrulreginamaria.ro\/hu\/#organization","name":"Teatrul Regina Maria Oradea","description":"Trupa Iosif Vulcan \u0219i Trupa Arcadia","url":"https:\/\/www.teatrulreginamaria.ro\/hu\/","email":"marketing@teatrulreginamaria.ro","telephone":"+40359411534","numberOfEmployees":{"@type":"QuantitativeValue","minValue":0,"maxValue":150},"logo":{"@type":"ImageObject","url":"https:\/\/www.teatrulreginamaria.ro\/wp-content\/uploads\/2025\/06\/logo-trm-01-dark.png","@id":"https:\/\/www.teatrulreginamaria.ro\/hu\/a-patra-premiera-a-trupei-iosif-vulcan-sfarsit-de-partida\/#organizationLogo","width":300,"height":148},"image":{"@id":"https:\/\/www.teatrulreginamaria.ro\/hu\/a-patra-premiera-a-trupei-iosif-vulcan-sfarsit-de-partida\/#organizationLogo"},"sameAs":["https:\/\/www.facebook.com\/TRMTrupaIosifVulcan\/","https:\/\/x.com\/TRMOradea","https:\/\/www.instagram.com\/teatrul_regina_maria\/","https:\/\/www.youtube.com\/c\/TeatrulReginaMariaOradea","https:\/\/www.linkedin.com\/company\/teatrul-regina-maria"]},{"@type":"Person","@id":"https:\/\/www.teatrulreginamaria.ro\/hu\/author\/w3bmaster\/#author","url":"https:\/\/www.teatrulreginamaria.ro\/hu\/author\/w3bmaster\/","name":"Teatrul Regina Maria","image":{"@type":"ImageObject","@id":"https:\/\/www.teatrulreginamaria.ro\/hu\/a-patra-premiera-a-trupei-iosif-vulcan-sfarsit-de-partida\/#authorImage","url":"https:\/\/secure.gravatar.com\/avatar\/5884139d508ae3f0bafe45e60563b48a9640146d3b08ccc6278c305ff9329305?s=96&d=mm&r=g","width":96,"height":96,"caption":"Teatrul Regina Maria"}},{"@type":"WebPage","@id":"https:\/\/www.teatrulreginamaria.ro\/hu\/a-patra-premiera-a-trupei-iosif-vulcan-sfarsit-de-partida\/#webpage","url":"https:\/\/www.teatrulreginamaria.ro\/hu\/a-patra-premiera-a-trupei-iosif-vulcan-sfarsit-de-partida\/","name":"A PATRA PREMIER\u0102 A TRUPEI IOSIF VULCAN \u2013 SF\u00c2R\u015eIT DE PARTID\u0102 - Teatrul Regina Maria Oradea","description":"V\u0103 invit\u0103m s\u0103 ne fi\u021bi al\u0103turi la cea de-a patra premier\u0103 a Trupei Iosif Vulcan din aceast\u0103 stagiune: spectacolul SF\u00c2R\u0218IT DE PARTID\u0102 (de Samuel Beckett, \u00een regia lui Emil Sauciuc). Aceasta va avea loc s\u00e2mb\u0103t\u0103, 20 octombrie, de la ora 19, la Sala Arcadia. Biletele se pot achizi\u021biona at\u00e2t de la Agen\u021bia Teatrului (deschis\u0103 de","inLanguage":"hu-HU","isPartOf":{"@id":"https:\/\/www.teatrulreginamaria.ro\/hu\/#website"},"breadcrumb":{"@id":"https:\/\/www.teatrulreginamaria.ro\/hu\/a-patra-premiera-a-trupei-iosif-vulcan-sfarsit-de-partida\/#breadcrumblist"},"author":{"@id":"https:\/\/www.teatrulreginamaria.ro\/hu\/author\/w3bmaster\/#author"},"creator":{"@id":"https:\/\/www.teatrulreginamaria.ro\/hu\/author\/w3bmaster\/#author"},"datePublished":"2012-10-16T12:10:11+03:00","dateModified":"2012-10-16T12:10:11+03:00"},{"@type":"WebSite","@id":"https:\/\/www.teatrulreginamaria.ro\/hu\/#website","url":"https:\/\/www.teatrulreginamaria.ro\/hu\/","name":"Teatrul Regina Maria Oradea","alternateName":"TRM Oradea","description":"Trupa Iosif Vulcan \u0219i Trupa Arcadia","inLanguage":"hu-HU","publisher":{"@id":"https:\/\/www.teatrulreginamaria.ro\/hu\/#organization"}}]},"og:locale":"hu_HU","og:site_name":"Teatrul Regina Maria Oradea - Trupa Iosif Vulcan \u0219i Trupa Arcadia","og:type":"article","og:title":"A PATRA PREMIER\u0102 A TRUPEI IOSIF VULCAN \u2013 SF\u00c2R\u015eIT DE PARTID\u0102 - Teatrul Regina Maria Oradea","og:description":"V\u0103 invit\u0103m s\u0103 ne fi\u021bi al\u0103turi la cea de-a patra premier\u0103 a Trupei Iosif Vulcan din aceast\u0103 stagiune: spectacolul SF\u00c2R\u0218IT DE PARTID\u0102 (de Samuel Beckett, \u00een regia lui Emil Sauciuc). Aceasta va avea loc s\u00e2mb\u0103t\u0103, 20 octombrie, de la ora 19, la Sala Arcadia. Biletele se pot achizi\u021biona at\u00e2t de la Agen\u021bia Teatrului (deschis\u0103 de","og:url":"https:\/\/www.teatrulreginamaria.ro\/hu\/a-patra-premiera-a-trupei-iosif-vulcan-sfarsit-de-partida\/","og:image":"https:\/\/www.teatrulreginamaria.ro\/wp-content\/uploads\/2025\/03\/trm-istoric-01.jpg","og:image:secure_url":"https:\/\/www.teatrulreginamaria.ro\/wp-content\/uploads\/2025\/03\/trm-istoric-01.jpg","og:image:width":1200,"og:image:height":800,"article:published_time":"2012-10-16T12:10:11+00:00","article:modified_time":"2012-10-16T12:10:11+00:00","article:publisher":"https:\/\/www.facebook.com\/TRMTrupaIosifVulcan\/","twitter:card":"summary_large_image","twitter:site":"@TRMOradea","twitter:title":"A PATRA PREMIER\u0102 A TRUPEI IOSIF VULCAN \u2013 SF\u00c2R\u015eIT DE PARTID\u0102 - Teatrul Regina Maria Oradea","twitter:description":"V\u0103 invit\u0103m s\u0103 ne fi\u021bi al\u0103turi la cea de-a patra premier\u0103 a Trupei Iosif Vulcan din aceast\u0103 stagiune: spectacolul SF\u00c2R\u0218IT DE PARTID\u0102 (de Samuel Beckett, \u00een regia lui Emil Sauciuc). Aceasta va avea loc s\u00e2mb\u0103t\u0103, 20 octombrie, de la ora 19, la Sala Arcadia. Biletele se pot achizi\u021biona at\u00e2t de la Agen\u021bia Teatrului (deschis\u0103 de","twitter:creator":"@TRMOradea","twitter:image":"https:\/\/www.teatrulreginamaria.ro\/wp-content\/uploads\/2025\/03\/trm-istoric-01.jpg"},"aioseo_meta_data":{"post_id":"900","title":null,"description":null,"keywords":null,"keyphrases":null,"primary_term":null,"canonical_url":null,"og_title":null,"og_description":null,"og_object_type":"default","og_image_type":"default","og_image_url":null,"og_image_width":null,"og_image_height":null,"og_image_custom_url":null,"og_image_custom_fields":null,"og_video":null,"og_custom_url":null,"og_article_section":null,"og_article_tags":null,"twitter_use_og":false,"twitter_card":"default","twitter_image_type":"default","twitter_image_url":null,"twitter_image_custom_url":null,"twitter_image_custom_fields":null,"twitter_title":null,"twitter_description":null,"schema":{"blockGraphs":[],"customGraphs":[],"default":{"data":{"Article":[],"Course":[],"Dataset":[],"FAQPage":[],"Movie":[],"Person":[],"Product":[],"ProductReview":[],"Car":[],"Recipe":[],"Service":[],"SoftwareApplication":[],"WebPage":[]},"graphName":"","isEnabled":true},"graphs":[]},"schema_type":"default","schema_type_options":null,"pillar_content":false,"robots_default":true,"robots_noindex":false,"robots_noarchive":false,"robots_nosnippet":false,"robots_nofollow":false,"robots_noimageindex":false,"robots_noodp":false,"robots_notranslate":false,"robots_max_snippet":null,"robots_max_videopreview":null,"robots_max_imagepreview":"large","priority":null,"frequency":null,"local_seo":null,"seo_analyzer_scan_date":"2026-05-12 23:40:36","breadcrumb_settings":null,"limit_modified_date":false,"reviewed_by":null,"open_ai":null,"ai":null,"created":"2025-04-09 17:40:54","updated":"2026-05-12 23:40:36","focus_keyword":null,"additional_keywords":null,"truseo_locale":null},"aioseo_breadcrumb":"<div class=\"aioseo-breadcrumbs\"><span class=\"aioseo-breadcrumb\">\n\t<a href=\"https:\/\/www.teatrulreginamaria.ro\/hu\" title=\"Home\">Home<\/a>\n<\/span><span class=\"aioseo-breadcrumb-separator\">&raquo;<\/span><span class=\"aioseo-breadcrumb\">\n\t<a href=\"https:\/\/www.teatrulreginamaria.ro\/hu\/categorie\/noutati\/\" title=\"Nout\u0103\u021bi\">Nout\u0103\u021bi<\/a>\n<\/span><span class=\"aioseo-breadcrumb-separator\">&raquo;<\/span><span class=\"aioseo-breadcrumb\">\n\t<a href=\"https:\/\/www.teatrulreginamaria.ro\/hu\/categorie\/noutati\/noutati-trupa-iosif-vulcan\/\" title=\"Nout\u0103\u021bi - Trupa Iosif Vulcan\">Nout\u0103\u021bi - Trupa Iosif Vulcan<\/a>\n<\/span><span class=\"aioseo-breadcrumb-separator\">&raquo;<\/span><span class=\"aioseo-breadcrumb\">\n\tA PATRA PREMIER\u0102 A TRUPEI IOSIF VULCAN \u2013 SF\u00c2R\u015eIT DE PARTID\u0102\n<\/span><\/div>","aioseo_breadcrumb_json":[{"label":"Home","link":"https:\/\/www.teatrulreginamaria.ro\/hu"},{"label":"Nout\u0103\u021bi","link":"https:\/\/www.teatrulreginamaria.ro\/hu\/categorie\/noutati\/"},{"label":"Nout\u0103\u021bi - Trupa Iosif Vulcan","link":"https:\/\/www.teatrulreginamaria.ro\/hu\/categorie\/noutati\/noutati-trupa-iosif-vulcan\/"},{"label":"A PATRA PREMIER\u0102 A TRUPEI IOSIF VULCAN &#8211; SF\u00c2R\u015eIT DE PARTID\u0102","link":"https:\/\/www.teatrulreginamaria.ro\/hu\/a-patra-premiera-a-trupei-iosif-vulcan-sfarsit-de-partida\/"}],"acf":[],"_links":{"self":[{"href":"https:\/\/www.teatrulreginamaria.ro\/hu\/wp-json\/wp\/v2\/posts\/900","targetHints":{"allow":["GET"]}}],"collection":[{"href":"https:\/\/www.teatrulreginamaria.ro\/hu\/wp-json\/wp\/v2\/posts"}],"about":[{"href":"https:\/\/www.teatrulreginamaria.ro\/hu\/wp-json\/wp\/v2\/types\/post"}],"author":[{"embeddable":true,"href":"https:\/\/www.teatrulreginamaria.ro\/hu\/wp-json\/wp\/v2\/users\/6"}],"replies":[{"embeddable":true,"href":"https:\/\/www.teatrulreginamaria.ro\/hu\/wp-json\/wp\/v2\/comments?post=900"}],"version-history":[{"count":0,"href":"https:\/\/www.teatrulreginamaria.ro\/hu\/wp-json\/wp\/v2\/posts\/900\/revisions"}],"wp:attachment":[{"href":"https:\/\/www.teatrulreginamaria.ro\/hu\/wp-json\/wp\/v2\/media?parent=900"}],"wp:term":[{"taxonomy":"category","embeddable":true,"href":"https:\/\/www.teatrulreginamaria.ro\/hu\/wp-json\/wp\/v2\/categories?post=900"},{"taxonomy":"post_tag","embeddable":true,"href":"https:\/\/www.teatrulreginamaria.ro\/hu\/wp-json\/wp\/v2\/tags?post=900"}],"curies":[{"name":"munkaf\u00fczet","href":"https:\/\/api.w.org\/{rel}","templated":true}]}}