{"id":924,"date":"2013-03-26T09:48:31","date_gmt":"2013-03-26T09:48:31","guid":{"rendered":"https:\/\/teatrulreginamaria.ro\/2013\/03\/26\/ziua-mondiala-a-teatrului-artistii-pentru-artisti\/"},"modified":"2013-03-26T09:48:31","modified_gmt":"2013-03-26T09:48:31","slug":"szinhazi-vilagnap-muveszek-muveszeknek","status":"publish","type":"post","link":"https:\/\/www.teatrulreginamaria.ro\/hu\/ziua-mondiala-a-teatrului-artistii-pentru-artisti\/","title":{"rendered":"SZ\u00cdNH\u00c1ZI VIL\u00c1GNAP \u2013 M\u0170V\u00c9SZEK A M\u0170V\u00c9SZEKNEK"},"content":{"rendered":"<p style=\"text-align: justify;\" align=\"center\">Mint minden \u00e9vben, a Regina Maria Sz\u00ednh\u00e1z v\u00e1laszol az UNITER \u00e1ltal ind\u00edtott orsz\u00e1gos kamp\u00e1nyra \u2013 \u201eM\u0171v\u00e9szek a m\u0171v\u00e9szek\u00e9rt\u201d, \u00edgy id\u00e9n, a m\u00e1rcius 27-\u00e9n \u00fcnnepelt Sz\u00ednh\u00e1zi Vil\u00e1gnap alkalm\u00e1b\u00f3l a k\u00fcl\u00f6nleges napra v\u00e1lasztott el\u0151ad\u00e1s az EQUUS* (Peter Shaffer alkot\u00e1sa, Szab\u00f3 K. Istv\u00e1n m\u0171v\u00e9szeti vezet\u00e9s\u00e9vel) \u2013, amely m\u00e1rcius 28-\u00e1n, 18 \u00f3r\u00e1t\u00f3l lesz l\u00e1that\u00f3 a Nagyteremben.<\/p>\n<p style=\"text-align: justify;\">A Sz\u00ednh\u00e1zi Vil\u00e1gnapon a nemzetk\u00f6zi \u00fczenetet Dario Fo dr\u00e1ma\u00edr\u00f3, a nemzeti \u00fczenetet pedig Ion Caramitru fogalmazta meg. Ezeket az \u00fczeneteket az UNITER \u00e1ltal ind\u00edtott kamp\u00e1ny el\u0151ad\u00e1sai el\u0151tt olvass\u00e1k fel a k\u00f6z\u00f6ns\u00e9gnek.<\/p>\n<p><!--more--><\/p>\n<p style=\"text-align: justify;\">A \u201eM\u0171v\u00e9szek a m\u0171v\u00e9szek\u00e9rt\u201d orsz\u00e1gos kamp\u00e1nyt az UNITER szervezi bukaresti \u00e9s orsz\u00e1gszerte m\u0171k\u00f6d\u0151 sz\u00ednh\u00e1zakkal k\u00f6z\u00f6sen, azzal a c\u00e9llal, hogy adom\u00e1nyokat gy\u0171jtsenek eg\u00e9szs\u00e9g\u00fcgyi probl\u00e9m\u00e1kkal k\u00fczd\u0151 id\u0151s m\u0171v\u00e9szek sz\u00e1m\u00e1ra.<\/p>\n<p style=\"text-align: justify;\">A 2002 \u00f3ta ind\u00edtott \u00e9s szervezett \u201eM\u0171v\u00e9szek a M\u0171v\u00e9szek\u00e9rt\u201d orsz\u00e1gos kamp\u00e1ny a c\u00e9hek k\u00f6z\u00f6tti szolidarit\u00e1s \u00f6szt\u00f6nz\u0151je, p\u00e9nz\u00fcgyi forr\u00e1s az eg\u00e9szs\u00e9g\u00fcgyi probl\u00e9m\u00e1kkal k\u00fczd\u0151 id\u0151s m\u0171v\u00e9szek sz\u00e1m\u00e1ra, valamint jelz\u00e9s a nyilv\u00e1noss\u00e1g \u00e9s a hat\u00f3s\u00e1gok sz\u00e1m\u00e1ra helyzet\u00fckkel \u00e9s m\u00e9lt\u00f3s\u00e1gukkal kapcsolatban.<\/p>\n<p style=\"text-align: justify;\">Az UNITER minden \u00e9vben jelent\u0151s m\u0171v\u00e9szekkel \u00e9s sz\u00ednh\u00e1zi int\u00e9zm\u00e9nyekkel, valamint a programhoz csatlakozott partnerekkel egy\u00fcttm\u0171k\u00f6dve lehet\u0151v\u00e9 teszi a \u201eM\u0171v\u00e9szek a m\u0171v\u00e9szek\u00e9rt\u201d orsz\u00e1gos kamp\u00e1nyt, amelynek keret\u00e9ben el\u0151teremtik a sz\u00fcks\u00e9ges forr\u00e1sokat az orsz\u00e1g minden t\u00e1j\u00e1r\u00f3l \u00e9rkez\u0151 id\u0151s m\u0171v\u00e9szek t\u00e1mogat\u00e1s\u00e1ra. A sz\u00ednh\u00e1zak \u00e1ltal a jegyelad\u00e1sokb\u00f3l befolyt \u00f6sszegeket egy erre a c\u00e9lra l\u00e9trehozott alapba, a Sz\u00ednh\u00e1zi Szolidarit\u00e1si Alapba utalj\u00e1k.<\/p>\n<p style=\"text-align: justify;\">*Az Equus (1973) c\u00edm\u0171 darabot Peter Shaffer angol dr\u00e1ma\u00edr\u00f3 \u00edrta, \u00e9s egy pszichi\u00e1terr\u0151l sz\u00f3l, aki megpr\u00f3b\u00e1l kezelni egy fiatalembert, aki k\u00f3ros vall\u00e1si vonzalommal viseltetik a lovak ir\u00e1nt. Shaffert egy megd\u00f6bbent\u0151 esem\u00e9ny ihlette az Equus meg\u00edr\u00e1s\u00e1ra: egy 17 \u00e9ves fi\u00fa hat lovat vak\u00edtott meg egy Suffolk k\u00f6zel\u00e9ben l\u00e9v\u0151 kisv\u00e1rosban. A dr\u00e1ma\u00edr\u00f3 egy kital\u00e1lt t\u00f6rt\u00e9netet \u00e9p\u00edtett fel az eset lehets\u00e9ges okair\u00f3l, an\u00e9lk\u00fcl, hogy b\u00e1rmilyen m\u00e1s r\u00e9szletet ismert volna r\u00f3la. A darab cselekm\u00e9nye hasonl\u00edt egy detekt\u00edvt\u00f6rt\u00e9nethez, amelyben Martin Dysart pszichi\u00e1ter megpr\u00f3b\u00e1lja meg\u00e9rteni a fi\u00fa tetteinek okait, mik\u00f6zben ellentmond\u00e1sos \u00e9rz\u00e9sekkel k\u00fczd a mag\u00e1n\u00e9let\u00e9vel kapcsolatban.<\/p>","protected":false},"excerpt":{"rendered":"<p>Ca \u00een fiecare an, Teatrul Regina Maria r\u0103spunde Campaniei Na\u021bionale lansate de UNITER &#8211; \u201eArti\u015ftii pentru arti\u015fti\u201d, astfel c\u0103 anul acesta, cu prilejul Zilei Mondiale a Teatrului, celebrat\u0103 \u00een 27 martie, spectacolul ales cu ocazia acestei zile speciale e EQUUS* (de Peter Shaffer, \u00een regia artistic\u0103 a lui Szab\u00f3 K. Istv\u00e1n) \u2013 care se va [&hellip;]<\/p>\n","protected":false},"author":6,"featured_media":0,"comment_status":"open","ping_status":"open","sticky":false,"template":"","format":"standard","meta":{"_acf_changed":false,"footnotes":""},"categories":[22],"tags":[],"class_list":["post-924","post","type-post","status-publish","format-standard","hentry","category-noutati-trupa-iosif-vulcan"],"aioseo_notices":[],"aioseo_head":"\n\t\t<!-- All in One SEO Pro 5.0.1.1 - aioseo.com -->\n\t<meta name=\"description\" content=\"Ca \u00een fiecare an, Teatrul Regina Maria r\u0103spunde Campaniei Na\u021bionale lansate de UNITER - \u201eArti\u015ftii pentru arti\u015fti\u201d, astfel c\u0103 anul acesta, cu prilejul Zilei Mondiale a Teatrului, celebrat\u0103 \u00een 27 martie, spectacolul ales cu ocazia acestei zile speciale e EQUUS* (de Peter Shaffer, \u00een regia artistic\u0103 a lui Szab\u00f3 K. Istv\u00e1n) \u2013 care se va\" \/>\n\t<meta name=\"robots\" content=\"max-image-preview:large\" \/>\n\t<meta name=\"author\" content=\"Teatrul Regina Maria\"\/>\n\t<link rel=\"canonical\" href=\"https:\/\/www.teatrulreginamaria.ro\/hu\/ziua-mondiala-a-teatrului-artistii-pentru-artisti\/\" \/>\n\t<meta name=\"generator\" content=\"All in One SEO Pro (AIOSEO) 5.0.1.1\" \/>\n\t\t<meta property=\"og:locale\" content=\"hu_HU\" \/>\n\t\t<meta property=\"og:site_name\" content=\"Teatrul Regina Maria Oradea - Trupa Iosif Vulcan \u0219i Trupa Arcadia\" \/>\n\t\t<meta property=\"og:type\" content=\"article\" \/>\n\t\t<meta property=\"og:title\" content=\"ZIUA MONDIAL\u0102 A TEATRULUI \u2013 ARTI\u0218TII PENTRU ARTI\u0218TI - Teatrul Regina Maria Oradea\" \/>\n\t\t<meta property=\"og:description\" content=\"Ca \u00een fiecare an, Teatrul Regina Maria r\u0103spunde Campaniei Na\u021bionale lansate de UNITER - \u201eArti\u015ftii pentru arti\u015fti\u201d, astfel c\u0103 anul acesta, cu prilejul Zilei Mondiale a Teatrului, celebrat\u0103 \u00een 27 martie, spectacolul ales cu ocazia acestei zile speciale e EQUUS* (de Peter Shaffer, \u00een regia artistic\u0103 a lui Szab\u00f3 K. Istv\u00e1n) \u2013 care se va\" \/>\n\t\t<meta property=\"og:url\" content=\"https:\/\/www.teatrulreginamaria.ro\/hu\/ziua-mondiala-a-teatrului-artistii-pentru-artisti\/\" \/>\n\t\t<meta property=\"og:image\" content=\"https:\/\/www.teatrulreginamaria.ro\/wp-content\/uploads\/2025\/03\/trm-istoric-01.jpg\" \/>\n\t\t<meta property=\"og:image:secure_url\" content=\"https:\/\/www.teatrulreginamaria.ro\/wp-content\/uploads\/2025\/03\/trm-istoric-01.jpg\" \/>\n\t\t<meta property=\"og:image:width\" content=\"1200\" \/>\n\t\t<meta property=\"og:image:height\" content=\"800\" \/>\n\t\t<meta property=\"article:published_time\" content=\"2013-03-26T09:48:31+00:00\" \/>\n\t\t<meta property=\"article:modified_time\" content=\"2013-03-26T09:48:31+00:00\" \/>\n\t\t<meta property=\"article:publisher\" content=\"https:\/\/www.facebook.com\/TRMTrupaIosifVulcan\/\" \/>\n\t\t<meta name=\"twitter:card\" content=\"summary_large_image\" \/>\n\t\t<meta name=\"twitter:site\" content=\"@TRMOradea\" \/>\n\t\t<meta name=\"twitter:title\" content=\"ZIUA MONDIAL\u0102 A TEATRULUI \u2013 ARTI\u0218TII PENTRU ARTI\u0218TI - Teatrul Regina Maria Oradea\" \/>\n\t\t<meta name=\"twitter:description\" content=\"Ca \u00een fiecare an, Teatrul Regina Maria r\u0103spunde Campaniei Na\u021bionale lansate de UNITER - \u201eArti\u015ftii pentru arti\u015fti\u201d, astfel c\u0103 anul acesta, cu prilejul Zilei Mondiale a Teatrului, celebrat\u0103 \u00een 27 martie, spectacolul ales cu ocazia acestei zile speciale e EQUUS* (de Peter Shaffer, \u00een regia artistic\u0103 a lui Szab\u00f3 K. Istv\u00e1n) \u2013 care se va\" \/>\n\t\t<meta name=\"twitter:creator\" content=\"@TRMOradea\" \/>\n\t\t<meta name=\"twitter:image\" content=\"https:\/\/www.teatrulreginamaria.ro\/wp-content\/uploads\/2025\/03\/trm-istoric-01.jpg\" \/>\n\t\t<script type=\"application\/ld+json\" class=\"aioseo-schema\">\n\t\t\t{\"@context\":\"https:\\\/\\\/schema.org\",\"@graph\":[{\"@type\":\"BlogPosting\",\"@id\":\"https:\\\/\\\/www.teatrulreginamaria.ro\\\/hu\\\/ziua-mondiala-a-teatrului-artistii-pentru-artisti\\\/#blogposting\",\"name\":\"ZIUA MONDIAL\\u0102 A TEATRULUI \\u2013 ARTI\\u0218TII PENTRU ARTI\\u0218TI - Teatrul Regina Maria Oradea\",\"headline\":\"ZIUA MONDIAL\\u0102 A TEATRULUI &#8211; ARTI\\u0218TII PENTRU ARTI\\u0218TI\",\"author\":{\"@id\":\"https:\\\/\\\/www.teatrulreginamaria.ro\\\/hu\\\/author\\\/w3bmaster\\\/#author\"},\"publisher\":{\"@id\":\"https:\\\/\\\/www.teatrulreginamaria.ro\\\/hu\\\/#organization\"},\"image\":{\"@type\":\"ImageObject\",\"url\":\"https:\\\/\\\/www.teatrulreginamaria.ro\\\/wp-content\\\/uploads\\\/2025\\\/06\\\/logo-trm-01-dark.png\",\"@id\":\"https:\\\/\\\/www.teatrulreginamaria.ro\\\/hu\\\/#articleImage\",\"width\":300,\"height\":148},\"datePublished\":\"2013-03-26T09:48:31+02:00\",\"dateModified\":\"2013-03-26T09:48:31+02:00\",\"inLanguage\":\"hu-HU\",\"mainEntityOfPage\":{\"@id\":\"https:\\\/\\\/www.teatrulreginamaria.ro\\\/hu\\\/ziua-mondiala-a-teatrului-artistii-pentru-artisti\\\/#webpage\"},\"isPartOf\":{\"@id\":\"https:\\\/\\\/www.teatrulreginamaria.ro\\\/hu\\\/ziua-mondiala-a-teatrului-artistii-pentru-artisti\\\/#webpage\"},\"articleSection\":\"Nout\\u0103\\u021bi - Trupa Iosif Vulcan\"},{\"@type\":\"BreadcrumbList\",\"@id\":\"https:\\\/\\\/www.teatrulreginamaria.ro\\\/hu\\\/ziua-mondiala-a-teatrului-artistii-pentru-artisti\\\/#breadcrumblist\",\"itemListElement\":[{\"@type\":\"ListItem\",\"@id\":\"https:\\\/\\\/www.teatrulreginamaria.ro\\\/hu#listItem\",\"position\":1,\"name\":\"Home\",\"item\":\"https:\\\/\\\/www.teatrulreginamaria.ro\\\/hu\",\"nextItem\":{\"@type\":\"ListItem\",\"@id\":\"https:\\\/\\\/www.teatrulreginamaria.ro\\\/hu\\\/categorie\\\/noutati\\\/#listItem\",\"name\":\"Nout\\u0103\\u021bi\"}},{\"@type\":\"ListItem\",\"@id\":\"https:\\\/\\\/www.teatrulreginamaria.ro\\\/hu\\\/categorie\\\/noutati\\\/#listItem\",\"position\":2,\"name\":\"Nout\\u0103\\u021bi\",\"item\":\"https:\\\/\\\/www.teatrulreginamaria.ro\\\/hu\\\/categorie\\\/noutati\\\/\",\"nextItem\":{\"@type\":\"ListItem\",\"@id\":\"https:\\\/\\\/www.teatrulreginamaria.ro\\\/hu\\\/categorie\\\/noutati\\\/noutati-trupa-iosif-vulcan\\\/#listItem\",\"name\":\"Nout\\u0103\\u021bi - Trupa Iosif Vulcan\"},\"previousItem\":{\"@type\":\"ListItem\",\"@id\":\"https:\\\/\\\/www.teatrulreginamaria.ro\\\/hu#listItem\",\"name\":\"Home\"}},{\"@type\":\"ListItem\",\"@id\":\"https:\\\/\\\/www.teatrulreginamaria.ro\\\/hu\\\/categorie\\\/noutati\\\/noutati-trupa-iosif-vulcan\\\/#listItem\",\"position\":3,\"name\":\"Nout\\u0103\\u021bi - Trupa Iosif Vulcan\",\"item\":\"https:\\\/\\\/www.teatrulreginamaria.ro\\\/hu\\\/categorie\\\/noutati\\\/noutati-trupa-iosif-vulcan\\\/\",\"nextItem\":{\"@type\":\"ListItem\",\"@id\":\"https:\\\/\\\/www.teatrulreginamaria.ro\\\/hu\\\/ziua-mondiala-a-teatrului-artistii-pentru-artisti\\\/#listItem\",\"name\":\"ZIUA MONDIAL\\u0102 A TEATRULUI &#8211; ARTI\\u0218TII PENTRU ARTI\\u0218TI\"},\"previousItem\":{\"@type\":\"ListItem\",\"@id\":\"https:\\\/\\\/www.teatrulreginamaria.ro\\\/hu\\\/categorie\\\/noutati\\\/#listItem\",\"name\":\"Nout\\u0103\\u021bi\"}},{\"@type\":\"ListItem\",\"@id\":\"https:\\\/\\\/www.teatrulreginamaria.ro\\\/hu\\\/ziua-mondiala-a-teatrului-artistii-pentru-artisti\\\/#listItem\",\"position\":4,\"name\":\"ZIUA MONDIAL\\u0102 A TEATRULUI &#8211; ARTI\\u0218TII PENTRU ARTI\\u0218TI\",\"previousItem\":{\"@type\":\"ListItem\",\"@id\":\"https:\\\/\\\/www.teatrulreginamaria.ro\\\/hu\\\/categorie\\\/noutati\\\/noutati-trupa-iosif-vulcan\\\/#listItem\",\"name\":\"Nout\\u0103\\u021bi - Trupa Iosif Vulcan\"}}]},{\"@type\":\"Organization\",\"@id\":\"https:\\\/\\\/www.teatrulreginamaria.ro\\\/hu\\\/#organization\",\"name\":\"Teatrul Regina Maria Oradea\",\"description\":\"Trupa Iosif Vulcan \\u0219i Trupa Arcadia\",\"url\":\"https:\\\/\\\/www.teatrulreginamaria.ro\\\/hu\\\/\",\"email\":\"marketing@teatrulreginamaria.ro\",\"telephone\":\"+40359411534\",\"numberOfEmployees\":{\"@type\":\"QuantitativeValue\",\"minValue\":0,\"maxValue\":150},\"logo\":{\"@type\":\"ImageObject\",\"url\":\"https:\\\/\\\/www.teatrulreginamaria.ro\\\/wp-content\\\/uploads\\\/2025\\\/06\\\/logo-trm-01-dark.png\",\"@id\":\"https:\\\/\\\/www.teatrulreginamaria.ro\\\/hu\\\/ziua-mondiala-a-teatrului-artistii-pentru-artisti\\\/#organizationLogo\",\"width\":300,\"height\":148},\"image\":{\"@id\":\"https:\\\/\\\/www.teatrulreginamaria.ro\\\/hu\\\/ziua-mondiala-a-teatrului-artistii-pentru-artisti\\\/#organizationLogo\"},\"sameAs\":[\"https:\\\/\\\/www.facebook.com\\\/TRMTrupaIosifVulcan\\\/\",\"https:\\\/\\\/x.com\\\/TRMOradea\",\"https:\\\/\\\/www.instagram.com\\\/teatrul_regina_maria\\\/\",\"https:\\\/\\\/www.youtube.com\\\/c\\\/TeatrulReginaMariaOradea\",\"https:\\\/\\\/www.linkedin.com\\\/company\\\/teatrul-regina-maria\"]},{\"@type\":\"Person\",\"@id\":\"https:\\\/\\\/www.teatrulreginamaria.ro\\\/hu\\\/author\\\/w3bmaster\\\/#author\",\"url\":\"https:\\\/\\\/www.teatrulreginamaria.ro\\\/hu\\\/author\\\/w3bmaster\\\/\",\"name\":\"Teatrul Regina Maria\",\"image\":{\"@type\":\"ImageObject\",\"@id\":\"https:\\\/\\\/www.teatrulreginamaria.ro\\\/hu\\\/ziua-mondiala-a-teatrului-artistii-pentru-artisti\\\/#authorImage\",\"url\":\"https:\\\/\\\/secure.gravatar.com\\\/avatar\\\/5884139d508ae3f0bafe45e60563b48a9640146d3b08ccc6278c305ff9329305?s=96&d=mm&r=g\",\"width\":96,\"height\":96,\"caption\":\"Teatrul Regina Maria\"}},{\"@type\":\"WebPage\",\"@id\":\"https:\\\/\\\/www.teatrulreginamaria.ro\\\/hu\\\/ziua-mondiala-a-teatrului-artistii-pentru-artisti\\\/#webpage\",\"url\":\"https:\\\/\\\/www.teatrulreginamaria.ro\\\/hu\\\/ziua-mondiala-a-teatrului-artistii-pentru-artisti\\\/\",\"name\":\"ZIUA MONDIAL\\u0102 A TEATRULUI \\u2013 ARTI\\u0218TII PENTRU ARTI\\u0218TI - Teatrul Regina Maria Oradea\",\"description\":\"Ca \\u00een fiecare an, Teatrul Regina Maria r\\u0103spunde Campaniei Na\\u021bionale lansate de UNITER - \\u201eArti\\u015ftii pentru arti\\u015fti\\u201d, astfel c\\u0103 anul acesta, cu prilejul Zilei Mondiale a Teatrului, celebrat\\u0103 \\u00een 27 martie, spectacolul ales cu ocazia acestei zile speciale e EQUUS* (de Peter Shaffer, \\u00een regia artistic\\u0103 a lui Szab\\u00f3 K. Istv\\u00e1n) \\u2013 care se va\",\"inLanguage\":\"hu-HU\",\"isPartOf\":{\"@id\":\"https:\\\/\\\/www.teatrulreginamaria.ro\\\/hu\\\/#website\"},\"breadcrumb\":{\"@id\":\"https:\\\/\\\/www.teatrulreginamaria.ro\\\/hu\\\/ziua-mondiala-a-teatrului-artistii-pentru-artisti\\\/#breadcrumblist\"},\"author\":{\"@id\":\"https:\\\/\\\/www.teatrulreginamaria.ro\\\/hu\\\/author\\\/w3bmaster\\\/#author\"},\"creator\":{\"@id\":\"https:\\\/\\\/www.teatrulreginamaria.ro\\\/hu\\\/author\\\/w3bmaster\\\/#author\"},\"datePublished\":\"2013-03-26T09:48:31+02:00\",\"dateModified\":\"2013-03-26T09:48:31+02:00\"},{\"@type\":\"WebSite\",\"@id\":\"https:\\\/\\\/www.teatrulreginamaria.ro\\\/hu\\\/#website\",\"url\":\"https:\\\/\\\/www.teatrulreginamaria.ro\\\/hu\\\/\",\"name\":\"Teatrul Regina Maria Oradea\",\"alternateName\":\"TRM Oradea\",\"description\":\"Trupa Iosif Vulcan \\u0219i Trupa Arcadia\",\"inLanguage\":\"hu-HU\",\"publisher\":{\"@id\":\"https:\\\/\\\/www.teatrulreginamaria.ro\\\/hu\\\/#organization\"}}]}\n\t\t<\/script>\n\t\t<!-- All in One SEO Pro -->\r\n\t\t<title>ZIUA MONDIAL\u0102 A TEATRULUI \u2013 ARTI\u0218TII PENTRU ARTI\u0218TI - Teatrul Regina Maria Oradea<\/title>\n\n","aioseo_head_json":{"title":"SZ\u00cdNH\u00c1ZI VIL\u00c1GNAP \u2013 M\u0170V\u00c9SZEK A M\u0170V\u00c9SZEKNEK - Regina Maria Sz\u00ednh\u00e1z, Nagyv\u00e1radi","description":"Mint minden \u00e9vben, a Regina Maria Sz\u00ednh\u00e1z v\u00e1laszol az UNITER \u00e1ltal ind\u00edtott orsz\u00e1gos kamp\u00e1nyra - &quot;M\u0171v\u00e9szek a m\u0171v\u00e9szek\u00e9rt&quot;, \u00edgy id\u00e9n, a m\u00e1rcius 27-\u00e9n \u00fcnnepelt Sz\u00ednh\u00e1zi Vil\u00e1gnap alkalm\u00e1b\u00f3l az EQUUS* (Peter Shaffer alkot\u00e1sa, Szab\u00f3 K. Istv\u00e1n m\u0171v\u00e9szeti vezet\u00e9s\u00e9vel) c\u00edm\u0171 el\u0151ad\u00e1st v\u00e1lasztott\u00e1k erre a k\u00fcl\u00f6nleges napra -, amely...","canonical_url":"https:\/\/www.teatrulreginamaria.ro\/hu\/ziua-mondiala-a-teatrului-artistii-pentru-artisti\/","robots":"max-image-preview:large","keywords":"","webmasterTools":{"miscellaneous":""},"schema":{"@context":"https:\/\/schema.org","@graph":[{"@type":"BlogPosting","@id":"https:\/\/www.teatrulreginamaria.ro\/hu\/ziua-mondiala-a-teatrului-artistii-pentru-artisti\/#blogposting","name":"ZIUA MONDIAL\u0102 A TEATRULUI \u2013 ARTI\u0218TII PENTRU ARTI\u0218TI - Teatrul Regina Maria Oradea","headline":"ZIUA MONDIAL\u0102 A TEATRULUI &#8211; ARTI\u0218TII PENTRU ARTI\u0218TI","author":{"@id":"https:\/\/www.teatrulreginamaria.ro\/hu\/author\/w3bmaster\/#author"},"publisher":{"@id":"https:\/\/www.teatrulreginamaria.ro\/hu\/#organization"},"image":{"@type":"ImageObject","url":"https:\/\/www.teatrulreginamaria.ro\/wp-content\/uploads\/2025\/06\/logo-trm-01-dark.png","@id":"https:\/\/www.teatrulreginamaria.ro\/hu\/#articleImage","width":300,"height":148},"datePublished":"2013-03-26T09:48:31+02:00","dateModified":"2013-03-26T09:48:31+02:00","inLanguage":"hu-HU","mainEntityOfPage":{"@id":"https:\/\/www.teatrulreginamaria.ro\/hu\/ziua-mondiala-a-teatrului-artistii-pentru-artisti\/#webpage"},"isPartOf":{"@id":"https:\/\/www.teatrulreginamaria.ro\/hu\/ziua-mondiala-a-teatrului-artistii-pentru-artisti\/#webpage"},"articleSection":"Nout\u0103\u021bi - Trupa Iosif Vulcan"},{"@type":"BreadcrumbList","@id":"https:\/\/www.teatrulreginamaria.ro\/hu\/ziua-mondiala-a-teatrului-artistii-pentru-artisti\/#breadcrumblist","itemListElement":[{"@type":"ListItem","@id":"https:\/\/www.teatrulreginamaria.ro\/hu#listItem","position":1,"name":"Home","item":"https:\/\/www.teatrulreginamaria.ro\/hu","nextItem":{"@type":"ListItem","@id":"https:\/\/www.teatrulreginamaria.ro\/hu\/categorie\/noutati\/#listItem","name":"Nout\u0103\u021bi"}},{"@type":"ListItem","@id":"https:\/\/www.teatrulreginamaria.ro\/hu\/categorie\/noutati\/#listItem","position":2,"name":"Nout\u0103\u021bi","item":"https:\/\/www.teatrulreginamaria.ro\/hu\/categorie\/noutati\/","nextItem":{"@type":"ListItem","@id":"https:\/\/www.teatrulreginamaria.ro\/hu\/categorie\/noutati\/noutati-trupa-iosif-vulcan\/#listItem","name":"Nout\u0103\u021bi - Trupa Iosif Vulcan"},"previousItem":{"@type":"ListItem","@id":"https:\/\/www.teatrulreginamaria.ro\/hu#listItem","name":"Home"}},{"@type":"ListItem","@id":"https:\/\/www.teatrulreginamaria.ro\/hu\/categorie\/noutati\/noutati-trupa-iosif-vulcan\/#listItem","position":3,"name":"Nout\u0103\u021bi - Trupa Iosif Vulcan","item":"https:\/\/www.teatrulreginamaria.ro\/hu\/categorie\/noutati\/noutati-trupa-iosif-vulcan\/","nextItem":{"@type":"ListItem","@id":"https:\/\/www.teatrulreginamaria.ro\/hu\/ziua-mondiala-a-teatrului-artistii-pentru-artisti\/#listItem","name":"ZIUA MONDIAL\u0102 A TEATRULUI &#8211; ARTI\u0218TII PENTRU ARTI\u0218TI"},"previousItem":{"@type":"ListItem","@id":"https:\/\/www.teatrulreginamaria.ro\/hu\/categorie\/noutati\/#listItem","name":"Nout\u0103\u021bi"}},{"@type":"ListItem","@id":"https:\/\/www.teatrulreginamaria.ro\/hu\/ziua-mondiala-a-teatrului-artistii-pentru-artisti\/#listItem","position":4,"name":"ZIUA MONDIAL\u0102 A TEATRULUI &#8211; ARTI\u0218TII PENTRU ARTI\u0218TI","previousItem":{"@type":"ListItem","@id":"https:\/\/www.teatrulreginamaria.ro\/hu\/categorie\/noutati\/noutati-trupa-iosif-vulcan\/#listItem","name":"Nout\u0103\u021bi - Trupa Iosif Vulcan"}}]},{"@type":"Organization","@id":"https:\/\/www.teatrulreginamaria.ro\/hu\/#organization","name":"Teatrul Regina Maria Oradea","description":"Trupa Iosif Vulcan \u0219i Trupa Arcadia","url":"https:\/\/www.teatrulreginamaria.ro\/hu\/","email":"marketing@teatrulreginamaria.ro","telephone":"+40359411534","numberOfEmployees":{"@type":"QuantitativeValue","minValue":0,"maxValue":150},"logo":{"@type":"ImageObject","url":"https:\/\/www.teatrulreginamaria.ro\/wp-content\/uploads\/2025\/06\/logo-trm-01-dark.png","@id":"https:\/\/www.teatrulreginamaria.ro\/hu\/ziua-mondiala-a-teatrului-artistii-pentru-artisti\/#organizationLogo","width":300,"height":148},"image":{"@id":"https:\/\/www.teatrulreginamaria.ro\/hu\/ziua-mondiala-a-teatrului-artistii-pentru-artisti\/#organizationLogo"},"sameAs":["https:\/\/www.facebook.com\/TRMTrupaIosifVulcan\/","https:\/\/x.com\/TRMOradea","https:\/\/www.instagram.com\/teatrul_regina_maria\/","https:\/\/www.youtube.com\/c\/TeatrulReginaMariaOradea","https:\/\/www.linkedin.com\/company\/teatrul-regina-maria"]},{"@type":"Person","@id":"https:\/\/www.teatrulreginamaria.ro\/hu\/author\/w3bmaster\/#author","url":"https:\/\/www.teatrulreginamaria.ro\/hu\/author\/w3bmaster\/","name":"Teatrul Regina Maria","image":{"@type":"ImageObject","@id":"https:\/\/www.teatrulreginamaria.ro\/hu\/ziua-mondiala-a-teatrului-artistii-pentru-artisti\/#authorImage","url":"https:\/\/secure.gravatar.com\/avatar\/5884139d508ae3f0bafe45e60563b48a9640146d3b08ccc6278c305ff9329305?s=96&d=mm&r=g","width":96,"height":96,"caption":"Teatrul Regina Maria"}},{"@type":"WebPage","@id":"https:\/\/www.teatrulreginamaria.ro\/hu\/ziua-mondiala-a-teatrului-artistii-pentru-artisti\/#webpage","url":"https:\/\/www.teatrulreginamaria.ro\/hu\/ziua-mondiala-a-teatrului-artistii-pentru-artisti\/","name":"ZIUA MONDIAL\u0102 A TEATRULUI \u2013 ARTI\u0218TII PENTRU ARTI\u0218TI - Teatrul Regina Maria Oradea","description":"Ca \u00een fiecare an, Teatrul Regina Maria r\u0103spunde Campaniei Na\u021bionale lansate de UNITER - \u201eArti\u015ftii pentru arti\u015fti\u201d, astfel c\u0103 anul acesta, cu prilejul Zilei Mondiale a Teatrului, celebrat\u0103 \u00een 27 martie, spectacolul ales cu ocazia acestei zile speciale e EQUUS* (de Peter Shaffer, \u00een regia artistic\u0103 a lui Szab\u00f3 K. Istv\u00e1n) \u2013 care se va","inLanguage":"hu-HU","isPartOf":{"@id":"https:\/\/www.teatrulreginamaria.ro\/hu\/#website"},"breadcrumb":{"@id":"https:\/\/www.teatrulreginamaria.ro\/hu\/ziua-mondiala-a-teatrului-artistii-pentru-artisti\/#breadcrumblist"},"author":{"@id":"https:\/\/www.teatrulreginamaria.ro\/hu\/author\/w3bmaster\/#author"},"creator":{"@id":"https:\/\/www.teatrulreginamaria.ro\/hu\/author\/w3bmaster\/#author"},"datePublished":"2013-03-26T09:48:31+02:00","dateModified":"2013-03-26T09:48:31+02:00"},{"@type":"WebSite","@id":"https:\/\/www.teatrulreginamaria.ro\/hu\/#website","url":"https:\/\/www.teatrulreginamaria.ro\/hu\/","name":"Teatrul Regina Maria Oradea","alternateName":"TRM Oradea","description":"Trupa Iosif Vulcan \u0219i Trupa Arcadia","inLanguage":"hu-HU","publisher":{"@id":"https:\/\/www.teatrulreginamaria.ro\/hu\/#organization"}}]},"og:locale":"hu_HU","og:site_name":"Teatrul Regina Maria Oradea - Trupa Iosif Vulcan \u0219i Trupa Arcadia","og:type":"article","og:title":"ZIUA MONDIAL\u0102 A TEATRULUI \u2013 ARTI\u0218TII PENTRU ARTI\u0218TI - Teatrul Regina Maria Oradea","og:description":"Ca \u00een fiecare an, Teatrul Regina Maria r\u0103spunde Campaniei Na\u021bionale lansate de UNITER - \u201eArti\u015ftii pentru arti\u015fti\u201d, astfel c\u0103 anul acesta, cu prilejul Zilei Mondiale a Teatrului, celebrat\u0103 \u00een 27 martie, spectacolul ales cu ocazia acestei zile speciale e EQUUS* (de Peter Shaffer, \u00een regia artistic\u0103 a lui Szab\u00f3 K. Istv\u00e1n) \u2013 care se va","og:url":"https:\/\/www.teatrulreginamaria.ro\/hu\/ziua-mondiala-a-teatrului-artistii-pentru-artisti\/","og:image":"https:\/\/www.teatrulreginamaria.ro\/wp-content\/uploads\/2025\/03\/trm-istoric-01.jpg","og:image:secure_url":"https:\/\/www.teatrulreginamaria.ro\/wp-content\/uploads\/2025\/03\/trm-istoric-01.jpg","og:image:width":1200,"og:image:height":800,"article:published_time":"2013-03-26T09:48:31+00:00","article:modified_time":"2013-03-26T09:48:31+00:00","article:publisher":"https:\/\/www.facebook.com\/TRMTrupaIosifVulcan\/","twitter:card":"summary_large_image","twitter:site":"@TRMOradea","twitter:title":"ZIUA MONDIAL\u0102 A TEATRULUI \u2013 ARTI\u0218TII PENTRU ARTI\u0218TI - Teatrul Regina Maria Oradea","twitter:description":"Ca \u00een fiecare an, Teatrul Regina Maria r\u0103spunde Campaniei Na\u021bionale lansate de UNITER - \u201eArti\u015ftii pentru arti\u015fti\u201d, astfel c\u0103 anul acesta, cu prilejul Zilei Mondiale a Teatrului, celebrat\u0103 \u00een 27 martie, spectacolul ales cu ocazia acestei zile speciale e EQUUS* (de Peter Shaffer, \u00een regia artistic\u0103 a lui Szab\u00f3 K. Istv\u00e1n) \u2013 care se va","twitter:creator":"@TRMOradea","twitter:image":"https:\/\/www.teatrulreginamaria.ro\/wp-content\/uploads\/2025\/03\/trm-istoric-01.jpg"},"aioseo_meta_data":{"post_id":"924","title":null,"description":null,"keywords":null,"keyphrases":null,"primary_term":null,"canonical_url":null,"og_title":null,"og_description":null,"og_object_type":"default","og_image_type":"default","og_image_url":null,"og_image_width":null,"og_image_height":null,"og_image_custom_url":null,"og_image_custom_fields":null,"og_video":null,"og_custom_url":null,"og_article_section":null,"og_article_tags":null,"twitter_use_og":false,"twitter_card":"default","twitter_image_type":"default","twitter_image_url":null,"twitter_image_custom_url":null,"twitter_image_custom_fields":null,"twitter_title":null,"twitter_description":null,"schema":{"blockGraphs":[],"customGraphs":[],"default":{"data":{"Article":[],"Course":[],"Dataset":[],"FAQPage":[],"Movie":[],"Person":[],"Product":[],"ProductReview":[],"Car":[],"Recipe":[],"Service":[],"SoftwareApplication":[],"WebPage":[]},"graphName":"","isEnabled":true},"graphs":[]},"schema_type":"default","schema_type_options":null,"pillar_content":false,"robots_default":true,"robots_noindex":false,"robots_noarchive":false,"robots_nosnippet":false,"robots_nofollow":false,"robots_noimageindex":false,"robots_noodp":false,"robots_notranslate":false,"robots_max_snippet":null,"robots_max_videopreview":null,"robots_max_imagepreview":"large","priority":null,"frequency":null,"local_seo":null,"seo_analyzer_scan_date":"2026-05-12 23:45:34","breadcrumb_settings":null,"limit_modified_date":false,"reviewed_by":null,"open_ai":null,"ai":null,"created":"2025-04-09 17:40:54","updated":"2026-05-12 23:45:34","focus_keyword":null,"additional_keywords":null,"truseo_locale":null},"aioseo_breadcrumb":"<div class=\"aioseo-breadcrumbs\"><span class=\"aioseo-breadcrumb\">\n\t<a href=\"https:\/\/www.teatrulreginamaria.ro\/hu\" title=\"Home\">Home<\/a>\n<\/span><span class=\"aioseo-breadcrumb-separator\">&raquo;<\/span><span class=\"aioseo-breadcrumb\">\n\t<a href=\"https:\/\/www.teatrulreginamaria.ro\/hu\/categorie\/noutati\/\" title=\"Nout\u0103\u021bi\">Nout\u0103\u021bi<\/a>\n<\/span><span class=\"aioseo-breadcrumb-separator\">&raquo;<\/span><span class=\"aioseo-breadcrumb\">\n\t<a href=\"https:\/\/www.teatrulreginamaria.ro\/hu\/categorie\/noutati\/noutati-trupa-iosif-vulcan\/\" title=\"Nout\u0103\u021bi - Trupa Iosif Vulcan\">Nout\u0103\u021bi - Trupa Iosif Vulcan<\/a>\n<\/span><span class=\"aioseo-breadcrumb-separator\">&raquo;<\/span><span class=\"aioseo-breadcrumb\">\n\tZIUA MONDIAL\u0102 A TEATRULUI \u2013 ARTI\u0218TII PENTRU ARTI\u0218TI\n<\/span><\/div>","aioseo_breadcrumb_json":[{"label":"Home","link":"https:\/\/www.teatrulreginamaria.ro\/hu"},{"label":"Nout\u0103\u021bi","link":"https:\/\/www.teatrulreginamaria.ro\/hu\/categorie\/noutati\/"},{"label":"Nout\u0103\u021bi - Trupa Iosif Vulcan","link":"https:\/\/www.teatrulreginamaria.ro\/hu\/categorie\/noutati\/noutati-trupa-iosif-vulcan\/"},{"label":"ZIUA MONDIAL\u0102 A TEATRULUI &#8211; ARTI\u0218TII PENTRU ARTI\u0218TI","link":"https:\/\/www.teatrulreginamaria.ro\/hu\/ziua-mondiala-a-teatrului-artistii-pentru-artisti\/"}],"acf":[],"_links":{"self":[{"href":"https:\/\/www.teatrulreginamaria.ro\/hu\/wp-json\/wp\/v2\/posts\/924","targetHints":{"allow":["GET"]}}],"collection":[{"href":"https:\/\/www.teatrulreginamaria.ro\/hu\/wp-json\/wp\/v2\/posts"}],"about":[{"href":"https:\/\/www.teatrulreginamaria.ro\/hu\/wp-json\/wp\/v2\/types\/post"}],"author":[{"embeddable":true,"href":"https:\/\/www.teatrulreginamaria.ro\/hu\/wp-json\/wp\/v2\/users\/6"}],"replies":[{"embeddable":true,"href":"https:\/\/www.teatrulreginamaria.ro\/hu\/wp-json\/wp\/v2\/comments?post=924"}],"version-history":[{"count":0,"href":"https:\/\/www.teatrulreginamaria.ro\/hu\/wp-json\/wp\/v2\/posts\/924\/revisions"}],"wp:attachment":[{"href":"https:\/\/www.teatrulreginamaria.ro\/hu\/wp-json\/wp\/v2\/media?parent=924"}],"wp:term":[{"taxonomy":"category","embeddable":true,"href":"https:\/\/www.teatrulreginamaria.ro\/hu\/wp-json\/wp\/v2\/categories?post=924"},{"taxonomy":"post_tag","embeddable":true,"href":"https:\/\/www.teatrulreginamaria.ro\/hu\/wp-json\/wp\/v2\/tags?post=924"}],"curies":[{"name":"munkaf\u00fczet","href":"https:\/\/api.w.org\/{rel}","templated":true}]}}