{"id":936,"date":"2013-05-20T09:36:44","date_gmt":"2013-05-20T09:36:44","guid":{"rendered":"https:\/\/teatrulreginamaria.ro\/2013\/05\/20\/mircea-diaconu-la-oradea-in-dialoguri-interioare\/"},"modified":"2013-05-20T09:36:44","modified_gmt":"2013-05-20T09:36:44","slug":"mircea-diaconu-nagyvaradon-belso-parbeszedekben","status":"publish","type":"post","link":"https:\/\/www.teatrulreginamaria.ro\/hu\/mircea-diaconu-la-oradea-in-dialoguri-interioare\/","title":{"rendered":"MIRCEA DIACONU V\u00c1RADON, BELS\u0150 P\u00c1RBESZ\u00c9DEKBEN"},"content":{"rendered":"<p style=\"text-align: justify;\">A nagyv\u00e1radi REGINA MARIA Sz\u00ednh\u00e1z j\u00fanius 4-\u00e9n, kedden 19:00 \u00f3r\u00e1t\u00f3l szeretettel v\u00e1rja \u00d6nt a sz\u00ednh\u00e1z nagyterm\u00e9ben az els\u0151 tal\u00e1lkoz\u00e1sra Radu Vaida rendez\u0151vel, egy egyed\u00fcl\u00e1ll\u00f3 kultur\u00e1lis-m\u0171v\u00e9szeti-filoz\u00f3fiai-spiritu\u00e1lis el\u0151ad\u00e1s h\u00e1zigazd\u00e1j\u00e1val, amely minden h\u00f3napban a nagyv\u00e1radi sz\u00ednh\u00e1z sz\u00ednpad\u00e1ra \u00e9s az itteni k\u00f6z\u00f6ns\u00e9ggel p\u00e1rbesz\u00e9dbe hozza Rom\u00e1nia kultur\u00e1lis \u00e9let\u00e9nek szem\u00e9lyis\u00e9geit, azzal a c\u00e9llal, hogy helyre\u00e1ll\u00edts\u00e1k \u00e9s \u00fcnnepelj\u00e9k a legfontosabb spiritu\u00e1lis \u00e9s erk\u00f6lcsi \u00e9rt\u00e9keket, amelyek szerint egy eg\u00e9szs\u00e9ges t\u00e1rsadalomnak m\u0171k\u00f6dnie kell.<\/p>\n<p><!--more--><\/p>\n<p style=\"text-align: justify;\">A BELS\u0150 P\u00c1RBESZ\u00c9DEK c\u00edm\u0171 m\u0171sor els\u0151 vend\u00e9gei a h\u00edres sz\u00ednh\u00e1zi \u00e9s filmsz\u00edn\u00e9sz, Mircea Diaconu, valamint a nagyv\u00e1radi sz\u00ednpad ismert sz\u00edn\u00e9szn\u0151je, Ioana Drago\u015f Gajdo lesznek, akik a m\u0171sorvezet\u0151, de a n\u00e9z\u0151k, az egyed\u00fcl\u00e1ll\u00f3 el\u0151ad\u00e1s akt\u00edv r\u00e9sztvev\u0151i \u00e1ltal feltett k\u00e9rd\u00e9sekre is v\u00e1laszolnak, akiknek k\u00e9rd\u00e9seit Alina Leonte, a REGINA MARIA Sz\u00ednh\u00e1z sz\u00edn\u00e9szn\u0151je k\u00f6zvet\u00edti a vend\u00e9gek fel\u00e9 b\u00e1josan \u00e9s kecsesen. \u201eM\u00e9ly, konkr\u00e9t, egyedi \u00e9s pozit\u00edv\u201d t\u00e9m\u00e1kat vitatnak meg, a nagyv\u00e1radi VARADINUM kvartett harm\u00f3ni\u00e1inak k\u00eds\u00e9ret\u00e9ben, valamint Diana Gabriela Gavrila\u015f m\u0171v\u00e9szn\u0151 festm\u00e9nyeinek k\u00eds\u00e9ret\u00e9ben, aki ez alkalomb\u00f3l \u201eOlasz kertek\u201d c\u00edm\u0171 ki\u00e1ll\u00edt\u00e1s\u00e1t is bemutatja.<\/p>\n<p style=\"text-align: justify;\">Ahogy Radu Vaida, a m\u0171sor alkot\u00f3ja \u00e9s rendez\u0151je fogalmazott: \u201eez az \u0151szinte \u00e9s m\u00e9ly p\u00e1rbesz\u00e9d megh\u00edv\u00e1s lesz arra, hogy l\u00e1ssuk a poharat f\u00e9lig tele, \u00e9s k\u00eds\u00e9rlet arra, hogy a vil\u00e1got, amelyben \u00e9l\u00fcnk, ne sz\u00fcrke \u00e1rnyalatokban, hanem pasztellsz\u00ednekben mutassuk be. B\u00e1r n\u00e9ha \u00fagy t\u0171nik sz\u00e1munkra, hogy csak a l\u00e1bnyomainkat l\u00e1tjuk az \u00e9let tengerpartj\u00e1n, \u00e9s az a benyom\u00e1sunk, hogy egyed\u00fcl \u00e9s gyakran elhagyatva vagyunk, tal\u00e1n pontosan ilyenkor hordoz minket Isten a karjaiban.\u201d<\/p>\n<p style=\"text-align: justify;\">Ez\u00e9rt megh\u00edvjuk \u00d6nt a tal\u00e1lkoz\u00f3ra Mircea Diaconu \u00e9s Ioana Drago\u015f Gajdo sz\u00edn\u00e9szekkel, a rom\u00e1n sz\u00ednpad k\u00e9t fontos szolg\u00e1j\u00e1val, azzal az \u00edg\u00e9rettel, hogy a BELS\u0150 P\u00c1RBESZ\u00c9DEK minden h\u00f3napban visszat\u00e9rnek, mert \u2013 ugye? \u2013 mindannyiunknak sz\u00fcks\u00e9g\u00fcnk van a p\u00e1rbesz\u00e9dre, most jobban, mint valaha.<\/p>\n<p style=\"text-align: justify;\">A jegyek kaphat\u00f3k a Sz\u00ednh\u00e1zi \u00dcgyn\u00f6ks\u00e9gn\u00e9l (h\u00e9tf\u0151t\u0151l p\u00e9ntekig 10 \u00e9s 19 \u00f3ra k\u00f6z\u00f6tt, valamint szombaton \u00e9s vas\u00e1rnap 10 \u00e9s 13 \u00f3ra k\u00f6z\u00f6tt, valamint az el\u0151ad\u00e1s kezdete el\u0151tt egy \u00f3r\u00e1val), \u00e9s online a weboldalon is. <span style=\"color: #ff0000;\"><a href=\"http:\/\/www.biletmaster.ro\/\"><span style=\"color: #ff0000;\">www.biletmaster.ro<\/span><\/a><\/span>.<\/p>\n<p style=\"text-align: justify;\">A jegy \u00e1ra erre az el\u0151ad\u00e1sra 10 lej, egyenk\u00e9nt.<\/p>","protected":false},"excerpt":{"rendered":"<p>Teatrul REGINA MARIA din Oradea v\u0103 invit\u0103 mar\u0163i, 4 iunie, de la ora 19.00, \u00een sala mare a teatrului, la prima \u00eent\u00e2lnire cu invita\u0163ii regizorului Radu Vaida, amfitrionul unui inedit show cultural-artistic-filozofic-spiritual, care va aduce \u00een fiecare lun\u0103, pe scena teatrului or\u0103dean \u015fi \u00een dialog cu publicul de aici, personalit\u0103\u0163i ale vie\u0163ii culturale din Rom\u00e2nia, [&hellip;]<\/p>\n","protected":false},"author":6,"featured_media":0,"comment_status":"open","ping_status":"open","sticky":false,"template":"","format":"standard","meta":{"_acf_changed":false,"footnotes":""},"categories":[22],"tags":[],"class_list":["post-936","post","type-post","status-publish","format-standard","hentry","category-noutati-trupa-iosif-vulcan"],"aioseo_notices":[],"aioseo_head":"\n\t\t<!-- All in One SEO Pro 5.0.1.1 - aioseo.com -->\n\t<meta name=\"description\" content=\"Teatrul REGINA MARIA din Oradea v\u0103 invit\u0103 mar\u0163i, 4 iunie, de la ora 19.00, \u00een sala mare a teatrului, la prima \u00eent\u00e2lnire cu invita\u0163ii regizorului Radu Vaida, amfitrionul unui inedit show cultural-artistic-filozofic-spiritual, care va aduce \u00een fiecare lun\u0103, pe scena teatrului or\u0103dean \u015fi \u00een dialog cu publicul de aici, personalit\u0103\u0163i ale vie\u0163ii culturale din Rom\u00e2nia,\" \/>\n\t<meta name=\"robots\" content=\"max-image-preview:large\" \/>\n\t<meta name=\"author\" content=\"Teatrul Regina Maria\"\/>\n\t<link rel=\"canonical\" href=\"https:\/\/www.teatrulreginamaria.ro\/hu\/mircea-diaconu-la-oradea-in-dialoguri-interioare\/\" \/>\n\t<meta name=\"generator\" content=\"All in One SEO Pro (AIOSEO) 5.0.1.1\" \/>\n\t\t<meta property=\"og:locale\" content=\"hu_HU\" \/>\n\t\t<meta property=\"og:site_name\" content=\"Teatrul Regina Maria Oradea - Trupa Iosif Vulcan \u0219i Trupa Arcadia\" \/>\n\t\t<meta property=\"og:type\" content=\"article\" \/>\n\t\t<meta property=\"og:title\" content=\"MIRCEA DIACONU LA ORADEA, \u00ceN DIALOGURI INTERIOARE - Teatrul Regina Maria Oradea\" \/>\n\t\t<meta property=\"og:description\" content=\"Teatrul REGINA MARIA din Oradea v\u0103 invit\u0103 mar\u0163i, 4 iunie, de la ora 19.00, \u00een sala mare a teatrului, la prima \u00eent\u00e2lnire cu invita\u0163ii regizorului Radu Vaida, amfitrionul unui inedit show cultural-artistic-filozofic-spiritual, care va aduce \u00een fiecare lun\u0103, pe scena teatrului or\u0103dean \u015fi \u00een dialog cu publicul de aici, personalit\u0103\u0163i ale vie\u0163ii culturale din Rom\u00e2nia,\" \/>\n\t\t<meta property=\"og:url\" content=\"https:\/\/www.teatrulreginamaria.ro\/hu\/mircea-diaconu-la-oradea-in-dialoguri-interioare\/\" \/>\n\t\t<meta property=\"og:image\" content=\"https:\/\/www.teatrulreginamaria.ro\/wp-content\/uploads\/2025\/03\/trm-istoric-01.jpg\" \/>\n\t\t<meta property=\"og:image:secure_url\" content=\"https:\/\/www.teatrulreginamaria.ro\/wp-content\/uploads\/2025\/03\/trm-istoric-01.jpg\" \/>\n\t\t<meta property=\"og:image:width\" content=\"1200\" \/>\n\t\t<meta property=\"og:image:height\" content=\"800\" \/>\n\t\t<meta property=\"article:published_time\" content=\"2013-05-20T09:36:44+00:00\" \/>\n\t\t<meta property=\"article:modified_time\" content=\"2013-05-20T09:36:44+00:00\" \/>\n\t\t<meta property=\"article:publisher\" content=\"https:\/\/www.facebook.com\/TRMTrupaIosifVulcan\/\" \/>\n\t\t<meta name=\"twitter:card\" content=\"summary_large_image\" \/>\n\t\t<meta name=\"twitter:site\" content=\"@TRMOradea\" \/>\n\t\t<meta name=\"twitter:title\" content=\"MIRCEA DIACONU LA ORADEA, \u00ceN DIALOGURI INTERIOARE - Teatrul Regina Maria Oradea\" \/>\n\t\t<meta name=\"twitter:description\" content=\"Teatrul REGINA MARIA din Oradea v\u0103 invit\u0103 mar\u0163i, 4 iunie, de la ora 19.00, \u00een sala mare a teatrului, la prima \u00eent\u00e2lnire cu invita\u0163ii regizorului Radu Vaida, amfitrionul unui inedit show cultural-artistic-filozofic-spiritual, care va aduce \u00een fiecare lun\u0103, pe scena teatrului or\u0103dean \u015fi \u00een dialog cu publicul de aici, personalit\u0103\u0163i ale vie\u0163ii culturale din Rom\u00e2nia,\" \/>\n\t\t<meta name=\"twitter:creator\" content=\"@TRMOradea\" \/>\n\t\t<meta name=\"twitter:image\" content=\"https:\/\/www.teatrulreginamaria.ro\/wp-content\/uploads\/2025\/03\/trm-istoric-01.jpg\" \/>\n\t\t<script type=\"application\/ld+json\" class=\"aioseo-schema\">\n\t\t\t{\"@context\":\"https:\\\/\\\/schema.org\",\"@graph\":[{\"@type\":\"BlogPosting\",\"@id\":\"https:\\\/\\\/www.teatrulreginamaria.ro\\\/hu\\\/mircea-diaconu-la-oradea-in-dialoguri-interioare\\\/#blogposting\",\"name\":\"MIRCEA DIACONU LA ORADEA, \\u00ceN DIALOGURI INTERIOARE - Teatrul Regina Maria Oradea\",\"headline\":\"MIRCEA DIACONU LA ORADEA, \\u00ceN DIALOGURI INTERIOARE\",\"author\":{\"@id\":\"https:\\\/\\\/www.teatrulreginamaria.ro\\\/hu\\\/author\\\/w3bmaster\\\/#author\"},\"publisher\":{\"@id\":\"https:\\\/\\\/www.teatrulreginamaria.ro\\\/hu\\\/#organization\"},\"image\":{\"@type\":\"ImageObject\",\"url\":\"https:\\\/\\\/www.teatrulreginamaria.ro\\\/wp-content\\\/uploads\\\/2025\\\/06\\\/logo-trm-01-dark.png\",\"@id\":\"https:\\\/\\\/www.teatrulreginamaria.ro\\\/hu\\\/#articleImage\",\"width\":300,\"height\":148},\"datePublished\":\"2013-05-20T09:36:44+03:00\",\"dateModified\":\"2013-05-20T09:36:44+03:00\",\"inLanguage\":\"hu-HU\",\"mainEntityOfPage\":{\"@id\":\"https:\\\/\\\/www.teatrulreginamaria.ro\\\/hu\\\/mircea-diaconu-la-oradea-in-dialoguri-interioare\\\/#webpage\"},\"isPartOf\":{\"@id\":\"https:\\\/\\\/www.teatrulreginamaria.ro\\\/hu\\\/mircea-diaconu-la-oradea-in-dialoguri-interioare\\\/#webpage\"},\"articleSection\":\"Nout\\u0103\\u021bi - Trupa Iosif Vulcan\"},{\"@type\":\"BreadcrumbList\",\"@id\":\"https:\\\/\\\/www.teatrulreginamaria.ro\\\/hu\\\/mircea-diaconu-la-oradea-in-dialoguri-interioare\\\/#breadcrumblist\",\"itemListElement\":[{\"@type\":\"ListItem\",\"@id\":\"https:\\\/\\\/www.teatrulreginamaria.ro\\\/hu#listItem\",\"position\":1,\"name\":\"Home\",\"item\":\"https:\\\/\\\/www.teatrulreginamaria.ro\\\/hu\",\"nextItem\":{\"@type\":\"ListItem\",\"@id\":\"https:\\\/\\\/www.teatrulreginamaria.ro\\\/hu\\\/categorie\\\/noutati\\\/#listItem\",\"name\":\"Nout\\u0103\\u021bi\"}},{\"@type\":\"ListItem\",\"@id\":\"https:\\\/\\\/www.teatrulreginamaria.ro\\\/hu\\\/categorie\\\/noutati\\\/#listItem\",\"position\":2,\"name\":\"Nout\\u0103\\u021bi\",\"item\":\"https:\\\/\\\/www.teatrulreginamaria.ro\\\/hu\\\/categorie\\\/noutati\\\/\",\"nextItem\":{\"@type\":\"ListItem\",\"@id\":\"https:\\\/\\\/www.teatrulreginamaria.ro\\\/hu\\\/categorie\\\/noutati\\\/noutati-trupa-iosif-vulcan\\\/#listItem\",\"name\":\"Nout\\u0103\\u021bi - Trupa Iosif Vulcan\"},\"previousItem\":{\"@type\":\"ListItem\",\"@id\":\"https:\\\/\\\/www.teatrulreginamaria.ro\\\/hu#listItem\",\"name\":\"Home\"}},{\"@type\":\"ListItem\",\"@id\":\"https:\\\/\\\/www.teatrulreginamaria.ro\\\/hu\\\/categorie\\\/noutati\\\/noutati-trupa-iosif-vulcan\\\/#listItem\",\"position\":3,\"name\":\"Nout\\u0103\\u021bi - Trupa Iosif Vulcan\",\"item\":\"https:\\\/\\\/www.teatrulreginamaria.ro\\\/hu\\\/categorie\\\/noutati\\\/noutati-trupa-iosif-vulcan\\\/\",\"nextItem\":{\"@type\":\"ListItem\",\"@id\":\"https:\\\/\\\/www.teatrulreginamaria.ro\\\/hu\\\/mircea-diaconu-la-oradea-in-dialoguri-interioare\\\/#listItem\",\"name\":\"MIRCEA DIACONU LA ORADEA, \\u00ceN DIALOGURI INTERIOARE\"},\"previousItem\":{\"@type\":\"ListItem\",\"@id\":\"https:\\\/\\\/www.teatrulreginamaria.ro\\\/hu\\\/categorie\\\/noutati\\\/#listItem\",\"name\":\"Nout\\u0103\\u021bi\"}},{\"@type\":\"ListItem\",\"@id\":\"https:\\\/\\\/www.teatrulreginamaria.ro\\\/hu\\\/mircea-diaconu-la-oradea-in-dialoguri-interioare\\\/#listItem\",\"position\":4,\"name\":\"MIRCEA DIACONU LA ORADEA, \\u00ceN DIALOGURI INTERIOARE\",\"previousItem\":{\"@type\":\"ListItem\",\"@id\":\"https:\\\/\\\/www.teatrulreginamaria.ro\\\/hu\\\/categorie\\\/noutati\\\/noutati-trupa-iosif-vulcan\\\/#listItem\",\"name\":\"Nout\\u0103\\u021bi - Trupa Iosif Vulcan\"}}]},{\"@type\":\"Organization\",\"@id\":\"https:\\\/\\\/www.teatrulreginamaria.ro\\\/hu\\\/#organization\",\"name\":\"Teatrul Regina Maria Oradea\",\"description\":\"Trupa Iosif Vulcan \\u0219i Trupa Arcadia\",\"url\":\"https:\\\/\\\/www.teatrulreginamaria.ro\\\/hu\\\/\",\"email\":\"marketing@teatrulreginamaria.ro\",\"telephone\":\"+40359411534\",\"numberOfEmployees\":{\"@type\":\"QuantitativeValue\",\"minValue\":0,\"maxValue\":150},\"logo\":{\"@type\":\"ImageObject\",\"url\":\"https:\\\/\\\/www.teatrulreginamaria.ro\\\/wp-content\\\/uploads\\\/2025\\\/06\\\/logo-trm-01-dark.png\",\"@id\":\"https:\\\/\\\/www.teatrulreginamaria.ro\\\/hu\\\/mircea-diaconu-la-oradea-in-dialoguri-interioare\\\/#organizationLogo\",\"width\":300,\"height\":148},\"image\":{\"@id\":\"https:\\\/\\\/www.teatrulreginamaria.ro\\\/hu\\\/mircea-diaconu-la-oradea-in-dialoguri-interioare\\\/#organizationLogo\"},\"sameAs\":[\"https:\\\/\\\/www.facebook.com\\\/TRMTrupaIosifVulcan\\\/\",\"https:\\\/\\\/x.com\\\/TRMOradea\",\"https:\\\/\\\/www.instagram.com\\\/teatrul_regina_maria\\\/\",\"https:\\\/\\\/www.youtube.com\\\/c\\\/TeatrulReginaMariaOradea\",\"https:\\\/\\\/www.linkedin.com\\\/company\\\/teatrul-regina-maria\"]},{\"@type\":\"Person\",\"@id\":\"https:\\\/\\\/www.teatrulreginamaria.ro\\\/hu\\\/author\\\/w3bmaster\\\/#author\",\"url\":\"https:\\\/\\\/www.teatrulreginamaria.ro\\\/hu\\\/author\\\/w3bmaster\\\/\",\"name\":\"Teatrul Regina Maria\",\"image\":{\"@type\":\"ImageObject\",\"@id\":\"https:\\\/\\\/www.teatrulreginamaria.ro\\\/hu\\\/mircea-diaconu-la-oradea-in-dialoguri-interioare\\\/#authorImage\",\"url\":\"https:\\\/\\\/secure.gravatar.com\\\/avatar\\\/5884139d508ae3f0bafe45e60563b48a9640146d3b08ccc6278c305ff9329305?s=96&d=mm&r=g\",\"width\":96,\"height\":96,\"caption\":\"Teatrul Regina Maria\"}},{\"@type\":\"WebPage\",\"@id\":\"https:\\\/\\\/www.teatrulreginamaria.ro\\\/hu\\\/mircea-diaconu-la-oradea-in-dialoguri-interioare\\\/#webpage\",\"url\":\"https:\\\/\\\/www.teatrulreginamaria.ro\\\/hu\\\/mircea-diaconu-la-oradea-in-dialoguri-interioare\\\/\",\"name\":\"MIRCEA DIACONU LA ORADEA, \\u00ceN DIALOGURI INTERIOARE - Teatrul Regina Maria Oradea\",\"description\":\"Teatrul REGINA MARIA din Oradea v\\u0103 invit\\u0103 mar\\u0163i, 4 iunie, de la ora 19.00, \\u00een sala mare a teatrului, la prima \\u00eent\\u00e2lnire cu invita\\u0163ii regizorului Radu Vaida, amfitrionul unui inedit show cultural-artistic-filozofic-spiritual, care va aduce \\u00een fiecare lun\\u0103, pe scena teatrului or\\u0103dean \\u015fi \\u00een dialog cu publicul de aici, personalit\\u0103\\u0163i ale vie\\u0163ii culturale din Rom\\u00e2nia,\",\"inLanguage\":\"hu-HU\",\"isPartOf\":{\"@id\":\"https:\\\/\\\/www.teatrulreginamaria.ro\\\/hu\\\/#website\"},\"breadcrumb\":{\"@id\":\"https:\\\/\\\/www.teatrulreginamaria.ro\\\/hu\\\/mircea-diaconu-la-oradea-in-dialoguri-interioare\\\/#breadcrumblist\"},\"author\":{\"@id\":\"https:\\\/\\\/www.teatrulreginamaria.ro\\\/hu\\\/author\\\/w3bmaster\\\/#author\"},\"creator\":{\"@id\":\"https:\\\/\\\/www.teatrulreginamaria.ro\\\/hu\\\/author\\\/w3bmaster\\\/#author\"},\"datePublished\":\"2013-05-20T09:36:44+03:00\",\"dateModified\":\"2013-05-20T09:36:44+03:00\"},{\"@type\":\"WebSite\",\"@id\":\"https:\\\/\\\/www.teatrulreginamaria.ro\\\/hu\\\/#website\",\"url\":\"https:\\\/\\\/www.teatrulreginamaria.ro\\\/hu\\\/\",\"name\":\"Teatrul Regina Maria Oradea\",\"alternateName\":\"TRM Oradea\",\"description\":\"Trupa Iosif Vulcan \\u0219i Trupa Arcadia\",\"inLanguage\":\"hu-HU\",\"publisher\":{\"@id\":\"https:\\\/\\\/www.teatrulreginamaria.ro\\\/hu\\\/#organization\"}}]}\n\t\t<\/script>\n\t\t<!-- All in One SEO Pro -->\r\n\t\t<title>MIRCEA DIACONU LA ORADEA, \u00ceN DIALOGURI INTERIOARE - Teatrul Regina Maria Oradea<\/title>\n\n","aioseo_head_json":{"title":"MIRCEA DIACONU NAGYV\u00c1RADON, BELS\u0150 P\u00c1RBESZ\u00c9DEKBEN - Regina Maria Nagyv\u00e1radi Sz\u00ednh\u00e1z","description":"A nagyv\u00e1radi REGINA MARIA Sz\u00ednh\u00e1z j\u00fanius 4-\u00e9n, kedden 19:00 \u00f3r\u00e1t\u00f3l szeretettel v\u00e1rja \u00d6nt a sz\u00ednh\u00e1z nagyterm\u00e9ben az els\u0151 tal\u00e1lkoz\u00e1sra Radu Vaida rendez\u0151vel, egy egyed\u00fcl\u00e1ll\u00f3 kultur\u00e1lis-m\u0171v\u00e9szeti-filoz\u00f3fiai-spiritu\u00e1lis el\u0151ad\u00e1s h\u00e1zigazd\u00e1j\u00e1val, amely minden h\u00f3napban a rom\u00e1niai kultur\u00e1lis \u00e9let szem\u00e9lyis\u00e9geit hozza el a nagyv\u00e1radi sz\u00ednh\u00e1z sz\u00ednpad\u00e1ra \u00e9s p\u00e1rbesz\u00e9dbe az itteni k\u00f6z\u00f6ns\u00e9ggel.,","canonical_url":"https:\/\/www.teatrulreginamaria.ro\/hu\/mircea-diaconu-la-oradea-in-dialoguri-interioare\/","robots":"max-image-preview:large","keywords":"","webmasterTools":{"miscellaneous":""},"schema":{"@context":"https:\/\/schema.org","@graph":[{"@type":"BlogPosting","@id":"https:\/\/www.teatrulreginamaria.ro\/hu\/mircea-diaconu-la-oradea-in-dialoguri-interioare\/#blogposting","name":"MIRCEA DIACONU LA ORADEA, \u00ceN DIALOGURI INTERIOARE - Teatrul Regina Maria Oradea","headline":"MIRCEA DIACONU LA ORADEA, \u00ceN DIALOGURI INTERIOARE","author":{"@id":"https:\/\/www.teatrulreginamaria.ro\/hu\/author\/w3bmaster\/#author"},"publisher":{"@id":"https:\/\/www.teatrulreginamaria.ro\/hu\/#organization"},"image":{"@type":"ImageObject","url":"https:\/\/www.teatrulreginamaria.ro\/wp-content\/uploads\/2025\/06\/logo-trm-01-dark.png","@id":"https:\/\/www.teatrulreginamaria.ro\/hu\/#articleImage","width":300,"height":148},"datePublished":"2013-05-20T09:36:44+03:00","dateModified":"2013-05-20T09:36:44+03:00","inLanguage":"hu-HU","mainEntityOfPage":{"@id":"https:\/\/www.teatrulreginamaria.ro\/hu\/mircea-diaconu-la-oradea-in-dialoguri-interioare\/#webpage"},"isPartOf":{"@id":"https:\/\/www.teatrulreginamaria.ro\/hu\/mircea-diaconu-la-oradea-in-dialoguri-interioare\/#webpage"},"articleSection":"Nout\u0103\u021bi - Trupa Iosif Vulcan"},{"@type":"BreadcrumbList","@id":"https:\/\/www.teatrulreginamaria.ro\/hu\/mircea-diaconu-la-oradea-in-dialoguri-interioare\/#breadcrumblist","itemListElement":[{"@type":"ListItem","@id":"https:\/\/www.teatrulreginamaria.ro\/hu#listItem","position":1,"name":"Home","item":"https:\/\/www.teatrulreginamaria.ro\/hu","nextItem":{"@type":"ListItem","@id":"https:\/\/www.teatrulreginamaria.ro\/hu\/categorie\/noutati\/#listItem","name":"Nout\u0103\u021bi"}},{"@type":"ListItem","@id":"https:\/\/www.teatrulreginamaria.ro\/hu\/categorie\/noutati\/#listItem","position":2,"name":"Nout\u0103\u021bi","item":"https:\/\/www.teatrulreginamaria.ro\/hu\/categorie\/noutati\/","nextItem":{"@type":"ListItem","@id":"https:\/\/www.teatrulreginamaria.ro\/hu\/categorie\/noutati\/noutati-trupa-iosif-vulcan\/#listItem","name":"Nout\u0103\u021bi - Trupa Iosif Vulcan"},"previousItem":{"@type":"ListItem","@id":"https:\/\/www.teatrulreginamaria.ro\/hu#listItem","name":"Home"}},{"@type":"ListItem","@id":"https:\/\/www.teatrulreginamaria.ro\/hu\/categorie\/noutati\/noutati-trupa-iosif-vulcan\/#listItem","position":3,"name":"Nout\u0103\u021bi - Trupa Iosif Vulcan","item":"https:\/\/www.teatrulreginamaria.ro\/hu\/categorie\/noutati\/noutati-trupa-iosif-vulcan\/","nextItem":{"@type":"ListItem","@id":"https:\/\/www.teatrulreginamaria.ro\/hu\/mircea-diaconu-la-oradea-in-dialoguri-interioare\/#listItem","name":"MIRCEA DIACONU LA ORADEA, \u00ceN DIALOGURI INTERIOARE"},"previousItem":{"@type":"ListItem","@id":"https:\/\/www.teatrulreginamaria.ro\/hu\/categorie\/noutati\/#listItem","name":"Nout\u0103\u021bi"}},{"@type":"ListItem","@id":"https:\/\/www.teatrulreginamaria.ro\/hu\/mircea-diaconu-la-oradea-in-dialoguri-interioare\/#listItem","position":4,"name":"MIRCEA DIACONU LA ORADEA, \u00ceN DIALOGURI INTERIOARE","previousItem":{"@type":"ListItem","@id":"https:\/\/www.teatrulreginamaria.ro\/hu\/categorie\/noutati\/noutati-trupa-iosif-vulcan\/#listItem","name":"Nout\u0103\u021bi - Trupa Iosif Vulcan"}}]},{"@type":"Organization","@id":"https:\/\/www.teatrulreginamaria.ro\/hu\/#organization","name":"Teatrul Regina Maria Oradea","description":"Trupa Iosif Vulcan \u0219i Trupa Arcadia","url":"https:\/\/www.teatrulreginamaria.ro\/hu\/","email":"marketing@teatrulreginamaria.ro","telephone":"+40359411534","numberOfEmployees":{"@type":"QuantitativeValue","minValue":0,"maxValue":150},"logo":{"@type":"ImageObject","url":"https:\/\/www.teatrulreginamaria.ro\/wp-content\/uploads\/2025\/06\/logo-trm-01-dark.png","@id":"https:\/\/www.teatrulreginamaria.ro\/hu\/mircea-diaconu-la-oradea-in-dialoguri-interioare\/#organizationLogo","width":300,"height":148},"image":{"@id":"https:\/\/www.teatrulreginamaria.ro\/hu\/mircea-diaconu-la-oradea-in-dialoguri-interioare\/#organizationLogo"},"sameAs":["https:\/\/www.facebook.com\/TRMTrupaIosifVulcan\/","https:\/\/x.com\/TRMOradea","https:\/\/www.instagram.com\/teatrul_regina_maria\/","https:\/\/www.youtube.com\/c\/TeatrulReginaMariaOradea","https:\/\/www.linkedin.com\/company\/teatrul-regina-maria"]},{"@type":"Person","@id":"https:\/\/www.teatrulreginamaria.ro\/hu\/author\/w3bmaster\/#author","url":"https:\/\/www.teatrulreginamaria.ro\/hu\/author\/w3bmaster\/","name":"Teatrul Regina Maria","image":{"@type":"ImageObject","@id":"https:\/\/www.teatrulreginamaria.ro\/hu\/mircea-diaconu-la-oradea-in-dialoguri-interioare\/#authorImage","url":"https:\/\/secure.gravatar.com\/avatar\/5884139d508ae3f0bafe45e60563b48a9640146d3b08ccc6278c305ff9329305?s=96&d=mm&r=g","width":96,"height":96,"caption":"Teatrul Regina Maria"}},{"@type":"WebPage","@id":"https:\/\/www.teatrulreginamaria.ro\/hu\/mircea-diaconu-la-oradea-in-dialoguri-interioare\/#webpage","url":"https:\/\/www.teatrulreginamaria.ro\/hu\/mircea-diaconu-la-oradea-in-dialoguri-interioare\/","name":"MIRCEA DIACONU LA ORADEA, \u00ceN DIALOGURI INTERIOARE - Teatrul Regina Maria Oradea","description":"Teatrul REGINA MARIA din Oradea v\u0103 invit\u0103 mar\u0163i, 4 iunie, de la ora 19.00, \u00een sala mare a teatrului, la prima \u00eent\u00e2lnire cu invita\u0163ii regizorului Radu Vaida, amfitrionul unui inedit show cultural-artistic-filozofic-spiritual, care va aduce \u00een fiecare lun\u0103, pe scena teatrului or\u0103dean \u015fi \u00een dialog cu publicul de aici, personalit\u0103\u0163i ale vie\u0163ii culturale din Rom\u00e2nia,","inLanguage":"hu-HU","isPartOf":{"@id":"https:\/\/www.teatrulreginamaria.ro\/hu\/#website"},"breadcrumb":{"@id":"https:\/\/www.teatrulreginamaria.ro\/hu\/mircea-diaconu-la-oradea-in-dialoguri-interioare\/#breadcrumblist"},"author":{"@id":"https:\/\/www.teatrulreginamaria.ro\/hu\/author\/w3bmaster\/#author"},"creator":{"@id":"https:\/\/www.teatrulreginamaria.ro\/hu\/author\/w3bmaster\/#author"},"datePublished":"2013-05-20T09:36:44+03:00","dateModified":"2013-05-20T09:36:44+03:00"},{"@type":"WebSite","@id":"https:\/\/www.teatrulreginamaria.ro\/hu\/#website","url":"https:\/\/www.teatrulreginamaria.ro\/hu\/","name":"Teatrul Regina Maria Oradea","alternateName":"TRM Oradea","description":"Trupa Iosif Vulcan \u0219i Trupa Arcadia","inLanguage":"hu-HU","publisher":{"@id":"https:\/\/www.teatrulreginamaria.ro\/hu\/#organization"}}]},"og:locale":"hu_HU","og:site_name":"Teatrul Regina Maria Oradea - Trupa Iosif Vulcan \u0219i Trupa Arcadia","og:type":"article","og:title":"MIRCEA DIACONU LA ORADEA, \u00ceN DIALOGURI INTERIOARE - Teatrul Regina Maria Oradea","og:description":"Teatrul REGINA MARIA din Oradea v\u0103 invit\u0103 mar\u0163i, 4 iunie, de la ora 19.00, \u00een sala mare a teatrului, la prima \u00eent\u00e2lnire cu invita\u0163ii regizorului Radu Vaida, amfitrionul unui inedit show cultural-artistic-filozofic-spiritual, care va aduce \u00een fiecare lun\u0103, pe scena teatrului or\u0103dean \u015fi \u00een dialog cu publicul de aici, personalit\u0103\u0163i ale vie\u0163ii culturale din Rom\u00e2nia,","og:url":"https:\/\/www.teatrulreginamaria.ro\/hu\/mircea-diaconu-la-oradea-in-dialoguri-interioare\/","og:image":"https:\/\/www.teatrulreginamaria.ro\/wp-content\/uploads\/2025\/03\/trm-istoric-01.jpg","og:image:secure_url":"https:\/\/www.teatrulreginamaria.ro\/wp-content\/uploads\/2025\/03\/trm-istoric-01.jpg","og:image:width":1200,"og:image:height":800,"article:published_time":"2013-05-20T09:36:44+00:00","article:modified_time":"2013-05-20T09:36:44+00:00","article:publisher":"https:\/\/www.facebook.com\/TRMTrupaIosifVulcan\/","twitter:card":"summary_large_image","twitter:site":"@TRMOradea","twitter:title":"MIRCEA DIACONU LA ORADEA, \u00ceN DIALOGURI INTERIOARE - Teatrul Regina Maria Oradea","twitter:description":"Teatrul REGINA MARIA din Oradea v\u0103 invit\u0103 mar\u0163i, 4 iunie, de la ora 19.00, \u00een sala mare a teatrului, la prima \u00eent\u00e2lnire cu invita\u0163ii regizorului Radu Vaida, amfitrionul unui inedit show cultural-artistic-filozofic-spiritual, care va aduce \u00een fiecare lun\u0103, pe scena teatrului or\u0103dean \u015fi \u00een dialog cu publicul de aici, personalit\u0103\u0163i ale vie\u0163ii culturale din Rom\u00e2nia,","twitter:creator":"@TRMOradea","twitter:image":"https:\/\/www.teatrulreginamaria.ro\/wp-content\/uploads\/2025\/03\/trm-istoric-01.jpg"},"aioseo_meta_data":{"post_id":"936","title":null,"description":null,"keywords":null,"keyphrases":null,"primary_term":null,"canonical_url":null,"og_title":null,"og_description":null,"og_object_type":"default","og_image_type":"default","og_image_url":null,"og_image_width":null,"og_image_height":null,"og_image_custom_url":null,"og_image_custom_fields":null,"og_video":null,"og_custom_url":null,"og_article_section":null,"og_article_tags":null,"twitter_use_og":false,"twitter_card":"default","twitter_image_type":"default","twitter_image_url":null,"twitter_image_custom_url":null,"twitter_image_custom_fields":null,"twitter_title":null,"twitter_description":null,"schema":{"blockGraphs":[],"customGraphs":[],"default":{"data":{"Article":[],"Course":[],"Dataset":[],"FAQPage":[],"Movie":[],"Person":[],"Product":[],"ProductReview":[],"Car":[],"Recipe":[],"Service":[],"SoftwareApplication":[],"WebPage":[]},"graphName":"","isEnabled":true},"graphs":[]},"schema_type":"default","schema_type_options":null,"pillar_content":false,"robots_default":true,"robots_noindex":false,"robots_noarchive":false,"robots_nosnippet":false,"robots_nofollow":false,"robots_noimageindex":false,"robots_noodp":false,"robots_notranslate":false,"robots_max_snippet":null,"robots_max_videopreview":null,"robots_max_imagepreview":"large","priority":null,"frequency":null,"local_seo":null,"seo_analyzer_scan_date":"2026-05-12 23:49:35","breadcrumb_settings":null,"limit_modified_date":false,"reviewed_by":null,"open_ai":null,"ai":null,"created":"2025-04-09 17:40:54","updated":"2026-05-12 23:49:35","focus_keyword":null,"additional_keywords":null,"truseo_locale":null},"aioseo_breadcrumb":"<div class=\"aioseo-breadcrumbs\"><span class=\"aioseo-breadcrumb\">\n\t<a href=\"https:\/\/www.teatrulreginamaria.ro\/hu\" title=\"Home\">Home<\/a>\n<\/span><span class=\"aioseo-breadcrumb-separator\">&raquo;<\/span><span class=\"aioseo-breadcrumb\">\n\t<a href=\"https:\/\/www.teatrulreginamaria.ro\/hu\/categorie\/noutati\/\" title=\"Nout\u0103\u021bi\">Nout\u0103\u021bi<\/a>\n<\/span><span class=\"aioseo-breadcrumb-separator\">&raquo;<\/span><span class=\"aioseo-breadcrumb\">\n\t<a href=\"https:\/\/www.teatrulreginamaria.ro\/hu\/categorie\/noutati\/noutati-trupa-iosif-vulcan\/\" title=\"Nout\u0103\u021bi - Trupa Iosif Vulcan\">Nout\u0103\u021bi - Trupa Iosif Vulcan<\/a>\n<\/span><span class=\"aioseo-breadcrumb-separator\">&raquo;<\/span><span class=\"aioseo-breadcrumb\">\n\tMIRCEA DIACONU LA ORADEA, \u00ceN DIALOGURI INTERIOARE\n<\/span><\/div>","aioseo_breadcrumb_json":[{"label":"Home","link":"https:\/\/www.teatrulreginamaria.ro\/hu"},{"label":"Nout\u0103\u021bi","link":"https:\/\/www.teatrulreginamaria.ro\/hu\/categorie\/noutati\/"},{"label":"Nout\u0103\u021bi - Trupa Iosif Vulcan","link":"https:\/\/www.teatrulreginamaria.ro\/hu\/categorie\/noutati\/noutati-trupa-iosif-vulcan\/"},{"label":"MIRCEA DIACONU LA ORADEA, \u00ceN DIALOGURI INTERIOARE","link":"https:\/\/www.teatrulreginamaria.ro\/hu\/mircea-diaconu-la-oradea-in-dialoguri-interioare\/"}],"acf":[],"_links":{"self":[{"href":"https:\/\/www.teatrulreginamaria.ro\/hu\/wp-json\/wp\/v2\/posts\/936","targetHints":{"allow":["GET"]}}],"collection":[{"href":"https:\/\/www.teatrulreginamaria.ro\/hu\/wp-json\/wp\/v2\/posts"}],"about":[{"href":"https:\/\/www.teatrulreginamaria.ro\/hu\/wp-json\/wp\/v2\/types\/post"}],"author":[{"embeddable":true,"href":"https:\/\/www.teatrulreginamaria.ro\/hu\/wp-json\/wp\/v2\/users\/6"}],"replies":[{"embeddable":true,"href":"https:\/\/www.teatrulreginamaria.ro\/hu\/wp-json\/wp\/v2\/comments?post=936"}],"version-history":[{"count":0,"href":"https:\/\/www.teatrulreginamaria.ro\/hu\/wp-json\/wp\/v2\/posts\/936\/revisions"}],"wp:attachment":[{"href":"https:\/\/www.teatrulreginamaria.ro\/hu\/wp-json\/wp\/v2\/media?parent=936"}],"wp:term":[{"taxonomy":"category","embeddable":true,"href":"https:\/\/www.teatrulreginamaria.ro\/hu\/wp-json\/wp\/v2\/categories?post=936"},{"taxonomy":"post_tag","embeddable":true,"href":"https:\/\/www.teatrulreginamaria.ro\/hu\/wp-json\/wp\/v2\/tags?post=936"}],"curies":[{"name":"munkaf\u00fczet","href":"https:\/\/api.w.org\/{rel}","templated":true}]}}