{"id":94,"date":"2012-03-27T10:28:29","date_gmt":"2012-03-27T10:28:29","guid":{"rendered":"https:\/\/teatrulreginamaria.ro\/2012\/03\/27\/mesajul-de-ziua-mondiala-a-teatrului\/"},"modified":"2012-03-27T10:28:29","modified_gmt":"2012-03-27T10:28:29","slug":"uzenet-a-szinhazi-vilagnapra-2","status":"publish","type":"post","link":"https:\/\/www.teatrulreginamaria.ro\/hu\/mesajul-de-ziua-mondiala-a-teatrului\/","title":{"rendered":"VIL\u00c1GSZ\u00cdNH\u00c1ZI NAP \u00dcZENETE"},"content":{"rendered":"<p style=\"text-align: justify;\">Sz\u00ednh\u00e1zi Vil\u00e1gnap \u2013 2012. m\u00e1rcius 27.<\/p>\n<p style=\"text-align: justify;\">Nemzetk\u00f6zi \u00fczenet<\/p>\n<p style=\"text-align: justify;\">\u201cMegtiszteltet\u00e9s sz\u00e1momra az UNESCO Nemzetk\u00f6zi Sz\u00ednh\u00e1zi Int\u00e9zet\u00e9nek megh\u00edv\u00e1sa, hogy k\u00f6sz\u00f6nthessem az els\u0151 Sz\u00ednh\u00e1zi Vil\u00e1gnap 50. \u00e9vfordul\u00f3j\u00e1t. N\u00e9h\u00e1ny r\u00f6vid gondolattal forduln\u00e9k sz\u00ednh\u00e1zi koll\u00e9g\u00e1imhoz \u00e9s bar\u00e1taimhoz.<\/p>\n<p style=\"text-align: justify;\">Azt k\u00edv\u00e1nom, hogy munk\u00e1d leny\u0171g\u00f6z\u0151 \u00e9s eredeti legyen. Azt k\u00edv\u00e1nom, hogy m\u00e9lyrehat\u00f3, megind\u00edt\u00f3, elm\u00e9lked\u00e9sre k\u00e9sztet\u0151, egyedi. Seg\u00edtsen nek\u00fcnk elm\u00e9lkedni azon, hogy mit jelent embernek lenni, \u00e9s \u00e1ldott legyen ez a medit\u00e1ci\u00f3 l\u00e9lekkel, \u0151szintes\u00e9ggel, \u00e1rtatlans\u00e1ggal \u00e9s kegyelemmel. Azt k\u00edv\u00e1nom, hogy gy\u0151zd le a neh\u00e9zs\u00e9geket, a cenz\u00far\u00e1t, a szeg\u00e9nys\u00e9get \u00e9s a nihilizmust, amire biztosan sokan k\u00e9nytelenek lesznek. Azt k\u00edv\u00e1nom, hogy \u00e1ldott legyen meg benned a tehets\u00e9g \u00e9s a szigor, ami ahhoz sz\u00fcks\u00e9ges, hogy megtan\u00edtsd nek\u00fcnk az emberi sz\u00edvver\u00e9st minden \u00f6sszetetts\u00e9g\u00e9ben, valamint a szer\u00e9nys\u00e9g \u00e9s a k\u00edv\u00e1ncsis\u00e1g, ami ahhoz sz\u00fcks\u00e9ges, hogy ez legyen az \u00e9leted feladata. B\u00e1rcsak a legjobbak k\u00f6z\u00fcletek \u2013 mert csak azok, csak ritk\u00e1n \u00e9s csak r\u00f6vid ideig j\u00e1rnak sikerrel \u2013 k\u00e9pesek lenn\u00e9nek illusztr\u00e1lni az elemi k\u00e9rd\u00e9st: &quot;Milyen az \u00e9let?&quot;. Sok szerencs\u00e9t!&quot; (John Malkovich)<\/p>\n<p style=\"text-align: justify;\">John Malkovich<\/p>\n<p><!--more--><\/p>\n<p style=\"text-align: justify;\">\u00c9letrajz: Az amerikai sz\u00edn\u00e9sz, forgat\u00f3k\u00f6nyv\u00edr\u00f3 \u00e9s rendez\u0151, John Malkovich els\u0151sorban sz\u00ednpadi sz\u00edn\u00e9sz. Miut\u00e1n az 1970-es \u00e9vek elej\u00e9n az Illinois-i Egyetemen felfedezte a sz\u00ednh\u00e1zat, megalap\u00edtotta a h\u00edres Steppenwolf sz\u00ednh\u00e1zi t\u00e1rsulatot Terry Kinney-vel, Jeff Perry-vel \u00e9s Gary Sinise-szel egy\u00fctt. A filmiparban Valmont szerep\u00e9vel szerzett h\u00edrnevet Stephen Frears Vesz\u00e9lyes viszonyok c\u00edm\u0171 filmj\u00e9ben, Michelle Pfeiffer \u00e9s Glenn Close oldal\u00e1n. Ezt a szerepet k\u00f6vet\u0151en, amely fontos l\u00e9p\u00e9s volt karrierj\u00e9ben, t\u00f6bb mint 70 filmben j\u00e1tszott az Egyes\u00fclt \u00c1llamokban \u00e9s k\u00fclf\u00f6ld\u00f6n egyar\u00e1nt. V\u00e1ltozatos szerepei\u00e9rt k\u00e9t Oscar-jel\u00f6l\u00e9st kapott a legjobb f\u00e9rfi mell\u00e9kszerepl\u0151 kateg\u00f3ri\u00e1ban, a Helyek a sz\u00edvben (1984) \u00e9s a T\u0171zvonalban (1993) c\u00edm\u0171 filmekben, valamint d\u00edjakat kapott a Gyilkos mez\u0151k, A vesz\u00e9lyes viszonyok, John Malkovichnak lenni \u00e9s a V\u00e1ltoz\u00f3 alak c\u00edm\u0171 filmekben ny\u00fajtott alak\u00edt\u00e1sai\u00e9rt.<\/p>\n<p style=\"text-align: justify;\">2011-ben rendezte harmadik sz\u00ednh\u00e1zi el\u0151ad\u00e1s\u00e1t P\u00e1rizsban, a Les Liaisons Dangereuses-t a Th\u00e9\u00e2tre de l&#039;Atelier-ben, a Hysteria (Marigny, 2002) \u00e9s A j\u00f3 kan\u00e1ri (Com\u00e9die, 2007) sikerei ut\u00e1n, amelyek\u00e9rt Moli\u00e8re-d\u00edjat kapott rendez\u00e9si kateg\u00f3ri\u00e1ban.<\/p>\n<p style=\"text-align: justify;\">Nemzeti \u00fczenet<\/p>\n<p style=\"text-align: justify;\">\u201cNem hiszem, hogy l\u00e9tezik hitelesebb m\u00f3dja annak, hogy kapcsolatba ker\u00fclj\u00fcnk a mai rom\u00e1niai nemzet val\u00f3s\u00e1g\u00e1val, mint a sz\u00ednh\u00e1z. Caragiale \u00e9v\u00e9ben j\u00e1runk, \u00e9s karakterei folyamatosan k\u00eds\u00e9rtenek minket. A rom\u00e1n t\u00e1rsadalom teljes fejl\u0151d\u00e9se \u00e9s hanyatl\u00e1sa a sz\u00ednh\u00e1zban t\u00falzott m\u00e9rt\u00e9kben t\u00fckr\u00f6z\u0151dik. Kevesebb, mint amire sz\u00e1m\u00edtottunk volna, \u00e9s t\u00f6bb, mint amit elk\u00e9pzelt\u00fcnk volna. Ha ma elm\u00e9sz sz\u00ednh\u00e1zba, boldog befejez\u00e9sben \u00e9s katarzisban lesz r\u00e9szed, \u00e9s n\u00e9mileg megb\u00e9k\u00e9lve t\u00e1vozol otthonr\u00f3l az \u00e1tmenet mindennapi trag\u00e9di\u00e1j\u00e1val.\u201d.<\/p>\n<p style=\"text-align: justify;\">\u201eA sz\u00ednh\u00e1z a vil\u00e1g t\u00fckre\u201d \u2013 ki\u00e1ltotta Hamlet, egzisztenci\u00e1lis dilemm\u00e1j\u00e1ban menek\u00fclve \u2013, \u201eaz er\u00e9nyt mutatja meg arc\u00e1nak, a b\u0171nt ikonj\u00e1nak, az id\u0151t \u00e9s a sokas\u00e1got pedig kor\u00e1nak, form\u00e1j\u00e1nak \u00e9s korl\u00e1tainak.\u201d<\/p>\n<p style=\"text-align: justify;\">Mit akarsz m\u00e9g?<\/p>\n<p style=\"text-align: justify;\">Gyere el hozz\u00e1nk, \u00e9lvezd az \u00e9letet, vidd el, ami tetszik az udvarunkb\u00f3l, \u00e9s ir\u00e1ny a k\u00f6nyvt\u00e1r \u2013 egy olyan mened\u00e9k, ahol a hi\u00fas\u00e1g tilos.<\/p>\n<p style=\"text-align: justify;\">A sz\u00ednh\u00e1z a t\u00f6rt\u00e9nelem b\u00f6lcs\u0151j\u00e9v\u00e9 v\u00e1lt, ahol m\u00e9g a gy\u00f6tr\u0151d\u0151 polg\u00e1rnak is megtal\u00e1lja a hely\u00e9t korunk \u201eh\u0151seivel\u201d teli vil\u00e1gban.<\/p>\n<p style=\"text-align: justify;\">Sziasztok, kedveseim!\u201d (Ion Caramitru \u2013 az UNITER \/ Rom\u00e1n ITI K\u00f6zpont eln\u00f6ke)<\/p>","protected":false},"excerpt":{"rendered":"<p>Ziua Mondial\u0103 a Teatrului \u2013 27 Martie 2012 Mesaj Interna\u0163ional \u201cSunt onorat de invita\u0163ia Institutului Interna\u0163ional de Teatru al UNESCO de a saluta aniversarea a 50 de ani de la prima Zi Mondial\u0103 a Teatrului. Voi adresa c\u00e2teva g\u00e2nduri succinte tuturor colegilor \u015fi prietenilor mei din teatre. V\u0103 doresc ca munca voastr\u0103 s\u0103 fie conving\u0103toare [&hellip;]<\/p>\n","protected":false},"author":6,"featured_media":0,"comment_status":"open","ping_status":"open","sticky":false,"template":"","format":"standard","meta":{"_acf_changed":false,"footnotes":""},"categories":[22],"tags":[],"class_list":["post-94","post","type-post","status-publish","format-standard","hentry","category-noutati-trupa-iosif-vulcan"],"aioseo_notices":[],"aioseo_head":"\n\t\t<!-- All in One SEO Pro 5.0.1.1 - aioseo.com -->\n\t<meta name=\"description\" content=\"Ziua Mondial\u0103 a Teatrului \u2013 27 Martie 2012 Mesaj Interna\u0163ional \u201cSunt onorat de invita\u0163ia Institutului Interna\u0163ional de Teatru al UNESCO de a saluta aniversarea a 50 de ani de la prima Zi Mondial\u0103 a Teatrului. Voi adresa c\u00e2teva g\u00e2nduri succinte tuturor colegilor \u015fi prietenilor mei din teatre. V\u0103 doresc ca munca voastr\u0103 s\u0103 fie conving\u0103toare\" \/>\n\t<meta name=\"robots\" content=\"max-image-preview:large\" \/>\n\t<meta name=\"author\" content=\"Teatrul Regina Maria\"\/>\n\t<link rel=\"canonical\" href=\"https:\/\/www.teatrulreginamaria.ro\/hu\/mesajul-de-ziua-mondiala-a-teatrului\/\" \/>\n\t<meta name=\"generator\" content=\"All in One SEO Pro (AIOSEO) 5.0.1.1\" \/>\n\t\t<meta property=\"og:locale\" content=\"hu_HU\" \/>\n\t\t<meta property=\"og:site_name\" content=\"Teatrul Regina Maria Oradea - Trupa Iosif Vulcan \u0219i Trupa Arcadia\" \/>\n\t\t<meta property=\"og:type\" content=\"article\" \/>\n\t\t<meta property=\"og:title\" content=\"MESAJUL DE ZIUA MONDIAL\u0102 A TEATRULUI - Teatrul Regina Maria Oradea\" \/>\n\t\t<meta property=\"og:description\" content=\"Ziua Mondial\u0103 a Teatrului \u2013 27 Martie 2012 Mesaj Interna\u0163ional \u201cSunt onorat de invita\u0163ia Institutului Interna\u0163ional de Teatru al UNESCO de a saluta aniversarea a 50 de ani de la prima Zi Mondial\u0103 a Teatrului. Voi adresa c\u00e2teva g\u00e2nduri succinte tuturor colegilor \u015fi prietenilor mei din teatre. V\u0103 doresc ca munca voastr\u0103 s\u0103 fie conving\u0103toare\" \/>\n\t\t<meta property=\"og:url\" content=\"https:\/\/www.teatrulreginamaria.ro\/hu\/mesajul-de-ziua-mondiala-a-teatrului\/\" \/>\n\t\t<meta property=\"og:image\" content=\"https:\/\/www.teatrulreginamaria.ro\/wp-content\/uploads\/2025\/03\/trm-istoric-01.jpg\" \/>\n\t\t<meta property=\"og:image:secure_url\" content=\"https:\/\/www.teatrulreginamaria.ro\/wp-content\/uploads\/2025\/03\/trm-istoric-01.jpg\" \/>\n\t\t<meta property=\"og:image:width\" content=\"1200\" \/>\n\t\t<meta property=\"og:image:height\" content=\"800\" \/>\n\t\t<meta property=\"article:published_time\" content=\"2012-03-27T10:28:29+00:00\" \/>\n\t\t<meta property=\"article:modified_time\" content=\"2012-03-27T10:28:29+00:00\" \/>\n\t\t<meta property=\"article:publisher\" content=\"https:\/\/www.facebook.com\/TRMTrupaIosifVulcan\/\" \/>\n\t\t<meta name=\"twitter:card\" content=\"summary_large_image\" \/>\n\t\t<meta name=\"twitter:site\" content=\"@TRMOradea\" \/>\n\t\t<meta name=\"twitter:title\" content=\"MESAJUL DE ZIUA MONDIAL\u0102 A TEATRULUI - Teatrul Regina Maria Oradea\" \/>\n\t\t<meta name=\"twitter:description\" content=\"Ziua Mondial\u0103 a Teatrului \u2013 27 Martie 2012 Mesaj Interna\u0163ional \u201cSunt onorat de invita\u0163ia Institutului Interna\u0163ional de Teatru al UNESCO de a saluta aniversarea a 50 de ani de la prima Zi Mondial\u0103 a Teatrului. Voi adresa c\u00e2teva g\u00e2nduri succinte tuturor colegilor \u015fi prietenilor mei din teatre. V\u0103 doresc ca munca voastr\u0103 s\u0103 fie conving\u0103toare\" \/>\n\t\t<meta name=\"twitter:creator\" content=\"@TRMOradea\" \/>\n\t\t<meta name=\"twitter:image\" content=\"https:\/\/www.teatrulreginamaria.ro\/wp-content\/uploads\/2025\/03\/trm-istoric-01.jpg\" \/>\n\t\t<script type=\"application\/ld+json\" class=\"aioseo-schema\">\n\t\t\t{\"@context\":\"https:\\\/\\\/schema.org\",\"@graph\":[{\"@type\":\"BlogPosting\",\"@id\":\"https:\\\/\\\/www.teatrulreginamaria.ro\\\/hu\\\/mesajul-de-ziua-mondiala-a-teatrului\\\/#blogposting\",\"name\":\"MESAJUL DE ZIUA MONDIAL\\u0102 A TEATRULUI - Teatrul Regina Maria Oradea\",\"headline\":\"MESAJUL DE ZIUA MONDIAL\\u0102 A TEATRULUI\",\"author\":{\"@id\":\"https:\\\/\\\/www.teatrulreginamaria.ro\\\/hu\\\/author\\\/w3bmaster\\\/#author\"},\"publisher\":{\"@id\":\"https:\\\/\\\/www.teatrulreginamaria.ro\\\/hu\\\/#organization\"},\"image\":{\"@type\":\"ImageObject\",\"url\":\"https:\\\/\\\/www.teatrulreginamaria.ro\\\/wp-content\\\/uploads\\\/2025\\\/06\\\/logo-trm-01-dark.png\",\"@id\":\"https:\\\/\\\/www.teatrulreginamaria.ro\\\/hu\\\/#articleImage\",\"width\":300,\"height\":148},\"datePublished\":\"2012-03-27T10:28:29+03:00\",\"dateModified\":\"2012-03-27T10:28:29+03:00\",\"inLanguage\":\"hu-HU\",\"mainEntityOfPage\":{\"@id\":\"https:\\\/\\\/www.teatrulreginamaria.ro\\\/hu\\\/mesajul-de-ziua-mondiala-a-teatrului\\\/#webpage\"},\"isPartOf\":{\"@id\":\"https:\\\/\\\/www.teatrulreginamaria.ro\\\/hu\\\/mesajul-de-ziua-mondiala-a-teatrului\\\/#webpage\"},\"articleSection\":\"Nout\\u0103\\u021bi - Trupa Iosif Vulcan\"},{\"@type\":\"BreadcrumbList\",\"@id\":\"https:\\\/\\\/www.teatrulreginamaria.ro\\\/hu\\\/mesajul-de-ziua-mondiala-a-teatrului\\\/#breadcrumblist\",\"itemListElement\":[{\"@type\":\"ListItem\",\"@id\":\"https:\\\/\\\/www.teatrulreginamaria.ro\\\/hu#listItem\",\"position\":1,\"name\":\"Home\",\"item\":\"https:\\\/\\\/www.teatrulreginamaria.ro\\\/hu\",\"nextItem\":{\"@type\":\"ListItem\",\"@id\":\"https:\\\/\\\/www.teatrulreginamaria.ro\\\/hu\\\/categorie\\\/noutati\\\/#listItem\",\"name\":\"Nout\\u0103\\u021bi\"}},{\"@type\":\"ListItem\",\"@id\":\"https:\\\/\\\/www.teatrulreginamaria.ro\\\/hu\\\/categorie\\\/noutati\\\/#listItem\",\"position\":2,\"name\":\"Nout\\u0103\\u021bi\",\"item\":\"https:\\\/\\\/www.teatrulreginamaria.ro\\\/hu\\\/categorie\\\/noutati\\\/\",\"nextItem\":{\"@type\":\"ListItem\",\"@id\":\"https:\\\/\\\/www.teatrulreginamaria.ro\\\/hu\\\/categorie\\\/noutati\\\/noutati-trupa-iosif-vulcan\\\/#listItem\",\"name\":\"Nout\\u0103\\u021bi - Trupa Iosif Vulcan\"},\"previousItem\":{\"@type\":\"ListItem\",\"@id\":\"https:\\\/\\\/www.teatrulreginamaria.ro\\\/hu#listItem\",\"name\":\"Home\"}},{\"@type\":\"ListItem\",\"@id\":\"https:\\\/\\\/www.teatrulreginamaria.ro\\\/hu\\\/categorie\\\/noutati\\\/noutati-trupa-iosif-vulcan\\\/#listItem\",\"position\":3,\"name\":\"Nout\\u0103\\u021bi - Trupa Iosif Vulcan\",\"item\":\"https:\\\/\\\/www.teatrulreginamaria.ro\\\/hu\\\/categorie\\\/noutati\\\/noutati-trupa-iosif-vulcan\\\/\",\"nextItem\":{\"@type\":\"ListItem\",\"@id\":\"https:\\\/\\\/www.teatrulreginamaria.ro\\\/hu\\\/mesajul-de-ziua-mondiala-a-teatrului\\\/#listItem\",\"name\":\"MESAJUL DE ZIUA MONDIAL\\u0102 A TEATRULUI\"},\"previousItem\":{\"@type\":\"ListItem\",\"@id\":\"https:\\\/\\\/www.teatrulreginamaria.ro\\\/hu\\\/categorie\\\/noutati\\\/#listItem\",\"name\":\"Nout\\u0103\\u021bi\"}},{\"@type\":\"ListItem\",\"@id\":\"https:\\\/\\\/www.teatrulreginamaria.ro\\\/hu\\\/mesajul-de-ziua-mondiala-a-teatrului\\\/#listItem\",\"position\":4,\"name\":\"MESAJUL DE ZIUA MONDIAL\\u0102 A TEATRULUI\",\"previousItem\":{\"@type\":\"ListItem\",\"@id\":\"https:\\\/\\\/www.teatrulreginamaria.ro\\\/hu\\\/categorie\\\/noutati\\\/noutati-trupa-iosif-vulcan\\\/#listItem\",\"name\":\"Nout\\u0103\\u021bi - Trupa Iosif Vulcan\"}}]},{\"@type\":\"Organization\",\"@id\":\"https:\\\/\\\/www.teatrulreginamaria.ro\\\/hu\\\/#organization\",\"name\":\"Teatrul Regina Maria Oradea\",\"description\":\"Trupa Iosif Vulcan \\u0219i Trupa Arcadia\",\"url\":\"https:\\\/\\\/www.teatrulreginamaria.ro\\\/hu\\\/\",\"email\":\"marketing@teatrulreginamaria.ro\",\"telephone\":\"+40359411534\",\"numberOfEmployees\":{\"@type\":\"QuantitativeValue\",\"minValue\":0,\"maxValue\":150},\"logo\":{\"@type\":\"ImageObject\",\"url\":\"https:\\\/\\\/www.teatrulreginamaria.ro\\\/wp-content\\\/uploads\\\/2025\\\/06\\\/logo-trm-01-dark.png\",\"@id\":\"https:\\\/\\\/www.teatrulreginamaria.ro\\\/hu\\\/mesajul-de-ziua-mondiala-a-teatrului\\\/#organizationLogo\",\"width\":300,\"height\":148},\"image\":{\"@id\":\"https:\\\/\\\/www.teatrulreginamaria.ro\\\/hu\\\/mesajul-de-ziua-mondiala-a-teatrului\\\/#organizationLogo\"},\"sameAs\":[\"https:\\\/\\\/www.facebook.com\\\/TRMTrupaIosifVulcan\\\/\",\"https:\\\/\\\/x.com\\\/TRMOradea\",\"https:\\\/\\\/www.instagram.com\\\/teatrul_regina_maria\\\/\",\"https:\\\/\\\/www.youtube.com\\\/c\\\/TeatrulReginaMariaOradea\",\"https:\\\/\\\/www.linkedin.com\\\/company\\\/teatrul-regina-maria\"]},{\"@type\":\"Person\",\"@id\":\"https:\\\/\\\/www.teatrulreginamaria.ro\\\/hu\\\/author\\\/w3bmaster\\\/#author\",\"url\":\"https:\\\/\\\/www.teatrulreginamaria.ro\\\/hu\\\/author\\\/w3bmaster\\\/\",\"name\":\"Teatrul Regina Maria\",\"image\":{\"@type\":\"ImageObject\",\"@id\":\"https:\\\/\\\/www.teatrulreginamaria.ro\\\/hu\\\/mesajul-de-ziua-mondiala-a-teatrului\\\/#authorImage\",\"url\":\"https:\\\/\\\/secure.gravatar.com\\\/avatar\\\/5884139d508ae3f0bafe45e60563b48a9640146d3b08ccc6278c305ff9329305?s=96&d=mm&r=g\",\"width\":96,\"height\":96,\"caption\":\"Teatrul Regina Maria\"}},{\"@type\":\"WebPage\",\"@id\":\"https:\\\/\\\/www.teatrulreginamaria.ro\\\/hu\\\/mesajul-de-ziua-mondiala-a-teatrului\\\/#webpage\",\"url\":\"https:\\\/\\\/www.teatrulreginamaria.ro\\\/hu\\\/mesajul-de-ziua-mondiala-a-teatrului\\\/\",\"name\":\"MESAJUL DE ZIUA MONDIAL\\u0102 A TEATRULUI - Teatrul Regina Maria Oradea\",\"description\":\"Ziua Mondial\\u0103 a Teatrului \\u2013 27 Martie 2012 Mesaj Interna\\u0163ional \\u201cSunt onorat de invita\\u0163ia Institutului Interna\\u0163ional de Teatru al UNESCO de a saluta aniversarea a 50 de ani de la prima Zi Mondial\\u0103 a Teatrului. Voi adresa c\\u00e2teva g\\u00e2nduri succinte tuturor colegilor \\u015fi prietenilor mei din teatre. V\\u0103 doresc ca munca voastr\\u0103 s\\u0103 fie conving\\u0103toare\",\"inLanguage\":\"hu-HU\",\"isPartOf\":{\"@id\":\"https:\\\/\\\/www.teatrulreginamaria.ro\\\/hu\\\/#website\"},\"breadcrumb\":{\"@id\":\"https:\\\/\\\/www.teatrulreginamaria.ro\\\/hu\\\/mesajul-de-ziua-mondiala-a-teatrului\\\/#breadcrumblist\"},\"author\":{\"@id\":\"https:\\\/\\\/www.teatrulreginamaria.ro\\\/hu\\\/author\\\/w3bmaster\\\/#author\"},\"creator\":{\"@id\":\"https:\\\/\\\/www.teatrulreginamaria.ro\\\/hu\\\/author\\\/w3bmaster\\\/#author\"},\"datePublished\":\"2012-03-27T10:28:29+03:00\",\"dateModified\":\"2012-03-27T10:28:29+03:00\"},{\"@type\":\"WebSite\",\"@id\":\"https:\\\/\\\/www.teatrulreginamaria.ro\\\/hu\\\/#website\",\"url\":\"https:\\\/\\\/www.teatrulreginamaria.ro\\\/hu\\\/\",\"name\":\"Teatrul Regina Maria Oradea\",\"alternateName\":\"TRM Oradea\",\"description\":\"Trupa Iosif Vulcan \\u0219i Trupa Arcadia\",\"inLanguage\":\"hu-HU\",\"publisher\":{\"@id\":\"https:\\\/\\\/www.teatrulreginamaria.ro\\\/hu\\\/#organization\"}}]}\n\t\t<\/script>\n\t\t<!-- All in One SEO Pro -->\r\n\t\t<title>MESAJUL DE ZIUA MONDIAL\u0102 A TEATRULUI - Teatrul Regina Maria Oradea<\/title>\n\n","aioseo_head_json":{"title":"VIL\u00c1GSZ\u00cdNH\u00c1ZI NAP \u00dcZENETE - Regina Maria Sz\u00ednh\u00e1z, Nagyv\u00e1radi","description":"Sz\u00ednh\u00e1zi Vil\u00e1gnap \u2013 2012. m\u00e1rcius 27. Nemzetk\u00f6zi \u00fczenet \u201cMegtiszteltet\u00e9s sz\u00e1momra az UNESCO Nemzetk\u00f6zi Sz\u00ednh\u00e1zi Int\u00e9zet\u00e9nek megh\u00edv\u00e1sa, hogy k\u00f6sz\u00f6nthessem az els\u0151 Sz\u00ednh\u00e1zi Vil\u00e1gnap 50. \u00e9vfordul\u00f3j\u00e1t. N\u00e9h\u00e1ny r\u00f6vid gondolattal fordulok minden sz\u00ednh\u00e1zi koll\u00e9g\u00e1mhoz \u00e9s bar\u00e1tomhoz. Azt k\u00edv\u00e1nom, hogy munk\u00e1juk meggy\u0151z\u0151 legyen.\u201d","canonical_url":"https:\/\/www.teatrulreginamaria.ro\/hu\/mesajul-de-ziua-mondiala-a-teatrului\/","robots":"max-image-preview:large","keywords":"","webmasterTools":{"miscellaneous":""},"schema":{"@context":"https:\/\/schema.org","@graph":[{"@type":"BlogPosting","@id":"https:\/\/www.teatrulreginamaria.ro\/hu\/mesajul-de-ziua-mondiala-a-teatrului\/#blogposting","name":"MESAJUL DE ZIUA MONDIAL\u0102 A TEATRULUI - Teatrul Regina Maria Oradea","headline":"MESAJUL DE ZIUA MONDIAL\u0102 A TEATRULUI","author":{"@id":"https:\/\/www.teatrulreginamaria.ro\/hu\/author\/w3bmaster\/#author"},"publisher":{"@id":"https:\/\/www.teatrulreginamaria.ro\/hu\/#organization"},"image":{"@type":"ImageObject","url":"https:\/\/www.teatrulreginamaria.ro\/wp-content\/uploads\/2025\/06\/logo-trm-01-dark.png","@id":"https:\/\/www.teatrulreginamaria.ro\/hu\/#articleImage","width":300,"height":148},"datePublished":"2012-03-27T10:28:29+03:00","dateModified":"2012-03-27T10:28:29+03:00","inLanguage":"hu-HU","mainEntityOfPage":{"@id":"https:\/\/www.teatrulreginamaria.ro\/hu\/mesajul-de-ziua-mondiala-a-teatrului\/#webpage"},"isPartOf":{"@id":"https:\/\/www.teatrulreginamaria.ro\/hu\/mesajul-de-ziua-mondiala-a-teatrului\/#webpage"},"articleSection":"Nout\u0103\u021bi - Trupa Iosif Vulcan"},{"@type":"BreadcrumbList","@id":"https:\/\/www.teatrulreginamaria.ro\/hu\/mesajul-de-ziua-mondiala-a-teatrului\/#breadcrumblist","itemListElement":[{"@type":"ListItem","@id":"https:\/\/www.teatrulreginamaria.ro\/hu#listItem","position":1,"name":"Home","item":"https:\/\/www.teatrulreginamaria.ro\/hu","nextItem":{"@type":"ListItem","@id":"https:\/\/www.teatrulreginamaria.ro\/hu\/categorie\/noutati\/#listItem","name":"Nout\u0103\u021bi"}},{"@type":"ListItem","@id":"https:\/\/www.teatrulreginamaria.ro\/hu\/categorie\/noutati\/#listItem","position":2,"name":"Nout\u0103\u021bi","item":"https:\/\/www.teatrulreginamaria.ro\/hu\/categorie\/noutati\/","nextItem":{"@type":"ListItem","@id":"https:\/\/www.teatrulreginamaria.ro\/hu\/categorie\/noutati\/noutati-trupa-iosif-vulcan\/#listItem","name":"Nout\u0103\u021bi - Trupa Iosif Vulcan"},"previousItem":{"@type":"ListItem","@id":"https:\/\/www.teatrulreginamaria.ro\/hu#listItem","name":"Home"}},{"@type":"ListItem","@id":"https:\/\/www.teatrulreginamaria.ro\/hu\/categorie\/noutati\/noutati-trupa-iosif-vulcan\/#listItem","position":3,"name":"Nout\u0103\u021bi - Trupa Iosif Vulcan","item":"https:\/\/www.teatrulreginamaria.ro\/hu\/categorie\/noutati\/noutati-trupa-iosif-vulcan\/","nextItem":{"@type":"ListItem","@id":"https:\/\/www.teatrulreginamaria.ro\/hu\/mesajul-de-ziua-mondiala-a-teatrului\/#listItem","name":"MESAJUL DE ZIUA MONDIAL\u0102 A TEATRULUI"},"previousItem":{"@type":"ListItem","@id":"https:\/\/www.teatrulreginamaria.ro\/hu\/categorie\/noutati\/#listItem","name":"Nout\u0103\u021bi"}},{"@type":"ListItem","@id":"https:\/\/www.teatrulreginamaria.ro\/hu\/mesajul-de-ziua-mondiala-a-teatrului\/#listItem","position":4,"name":"MESAJUL DE ZIUA MONDIAL\u0102 A TEATRULUI","previousItem":{"@type":"ListItem","@id":"https:\/\/www.teatrulreginamaria.ro\/hu\/categorie\/noutati\/noutati-trupa-iosif-vulcan\/#listItem","name":"Nout\u0103\u021bi - Trupa Iosif Vulcan"}}]},{"@type":"Organization","@id":"https:\/\/www.teatrulreginamaria.ro\/hu\/#organization","name":"Teatrul Regina Maria Oradea","description":"Trupa Iosif Vulcan \u0219i Trupa Arcadia","url":"https:\/\/www.teatrulreginamaria.ro\/hu\/","email":"marketing@teatrulreginamaria.ro","telephone":"+40359411534","numberOfEmployees":{"@type":"QuantitativeValue","minValue":0,"maxValue":150},"logo":{"@type":"ImageObject","url":"https:\/\/www.teatrulreginamaria.ro\/wp-content\/uploads\/2025\/06\/logo-trm-01-dark.png","@id":"https:\/\/www.teatrulreginamaria.ro\/hu\/mesajul-de-ziua-mondiala-a-teatrului\/#organizationLogo","width":300,"height":148},"image":{"@id":"https:\/\/www.teatrulreginamaria.ro\/hu\/mesajul-de-ziua-mondiala-a-teatrului\/#organizationLogo"},"sameAs":["https:\/\/www.facebook.com\/TRMTrupaIosifVulcan\/","https:\/\/x.com\/TRMOradea","https:\/\/www.instagram.com\/teatrul_regina_maria\/","https:\/\/www.youtube.com\/c\/TeatrulReginaMariaOradea","https:\/\/www.linkedin.com\/company\/teatrul-regina-maria"]},{"@type":"Person","@id":"https:\/\/www.teatrulreginamaria.ro\/hu\/author\/w3bmaster\/#author","url":"https:\/\/www.teatrulreginamaria.ro\/hu\/author\/w3bmaster\/","name":"Teatrul Regina Maria","image":{"@type":"ImageObject","@id":"https:\/\/www.teatrulreginamaria.ro\/hu\/mesajul-de-ziua-mondiala-a-teatrului\/#authorImage","url":"https:\/\/secure.gravatar.com\/avatar\/5884139d508ae3f0bafe45e60563b48a9640146d3b08ccc6278c305ff9329305?s=96&d=mm&r=g","width":96,"height":96,"caption":"Teatrul Regina Maria"}},{"@type":"WebPage","@id":"https:\/\/www.teatrulreginamaria.ro\/hu\/mesajul-de-ziua-mondiala-a-teatrului\/#webpage","url":"https:\/\/www.teatrulreginamaria.ro\/hu\/mesajul-de-ziua-mondiala-a-teatrului\/","name":"MESAJUL DE ZIUA MONDIAL\u0102 A TEATRULUI - Teatrul Regina Maria Oradea","description":"Ziua Mondial\u0103 a Teatrului \u2013 27 Martie 2012 Mesaj Interna\u0163ional \u201cSunt onorat de invita\u0163ia Institutului Interna\u0163ional de Teatru al UNESCO de a saluta aniversarea a 50 de ani de la prima Zi Mondial\u0103 a Teatrului. Voi adresa c\u00e2teva g\u00e2nduri succinte tuturor colegilor \u015fi prietenilor mei din teatre. V\u0103 doresc ca munca voastr\u0103 s\u0103 fie conving\u0103toare","inLanguage":"hu-HU","isPartOf":{"@id":"https:\/\/www.teatrulreginamaria.ro\/hu\/#website"},"breadcrumb":{"@id":"https:\/\/www.teatrulreginamaria.ro\/hu\/mesajul-de-ziua-mondiala-a-teatrului\/#breadcrumblist"},"author":{"@id":"https:\/\/www.teatrulreginamaria.ro\/hu\/author\/w3bmaster\/#author"},"creator":{"@id":"https:\/\/www.teatrulreginamaria.ro\/hu\/author\/w3bmaster\/#author"},"datePublished":"2012-03-27T10:28:29+03:00","dateModified":"2012-03-27T10:28:29+03:00"},{"@type":"WebSite","@id":"https:\/\/www.teatrulreginamaria.ro\/hu\/#website","url":"https:\/\/www.teatrulreginamaria.ro\/hu\/","name":"Teatrul Regina Maria Oradea","alternateName":"TRM Oradea","description":"Trupa Iosif Vulcan \u0219i Trupa Arcadia","inLanguage":"hu-HU","publisher":{"@id":"https:\/\/www.teatrulreginamaria.ro\/hu\/#organization"}}]},"og:locale":"hu_HU","og:site_name":"Teatrul Regina Maria Oradea - Trupa Iosif Vulcan \u0219i Trupa Arcadia","og:type":"article","og:title":"MESAJUL DE ZIUA MONDIAL\u0102 A TEATRULUI - Teatrul Regina Maria Oradea","og:description":"Ziua Mondial\u0103 a Teatrului \u2013 27 Martie 2012 Mesaj Interna\u0163ional \u201cSunt onorat de invita\u0163ia Institutului Interna\u0163ional de Teatru al UNESCO de a saluta aniversarea a 50 de ani de la prima Zi Mondial\u0103 a Teatrului. Voi adresa c\u00e2teva g\u00e2nduri succinte tuturor colegilor \u015fi prietenilor mei din teatre. V\u0103 doresc ca munca voastr\u0103 s\u0103 fie conving\u0103toare","og:url":"https:\/\/www.teatrulreginamaria.ro\/hu\/mesajul-de-ziua-mondiala-a-teatrului\/","og:image":"https:\/\/www.teatrulreginamaria.ro\/wp-content\/uploads\/2025\/03\/trm-istoric-01.jpg","og:image:secure_url":"https:\/\/www.teatrulreginamaria.ro\/wp-content\/uploads\/2025\/03\/trm-istoric-01.jpg","og:image:width":1200,"og:image:height":800,"article:published_time":"2012-03-27T10:28:29+00:00","article:modified_time":"2012-03-27T10:28:29+00:00","article:publisher":"https:\/\/www.facebook.com\/TRMTrupaIosifVulcan\/","twitter:card":"summary_large_image","twitter:site":"@TRMOradea","twitter:title":"MESAJUL DE ZIUA MONDIAL\u0102 A TEATRULUI - Teatrul Regina Maria Oradea","twitter:description":"Ziua Mondial\u0103 a Teatrului \u2013 27 Martie 2012 Mesaj Interna\u0163ional \u201cSunt onorat de invita\u0163ia Institutului Interna\u0163ional de Teatru al UNESCO de a saluta aniversarea a 50 de ani de la prima Zi Mondial\u0103 a Teatrului. Voi adresa c\u00e2teva g\u00e2nduri succinte tuturor colegilor \u015fi prietenilor mei din teatre. V\u0103 doresc ca munca voastr\u0103 s\u0103 fie conving\u0103toare","twitter:creator":"@TRMOradea","twitter:image":"https:\/\/www.teatrulreginamaria.ro\/wp-content\/uploads\/2025\/03\/trm-istoric-01.jpg"},"aioseo_meta_data":{"post_id":"94","title":null,"description":null,"keywords":null,"keyphrases":{"focus":[],"additional":[]},"primary_term":null,"canonical_url":null,"og_title":null,"og_description":null,"og_object_type":"default","og_image_type":"default","og_image_url":null,"og_image_width":null,"og_image_height":null,"og_image_custom_url":null,"og_image_custom_fields":null,"og_video":null,"og_custom_url":null,"og_article_section":null,"og_article_tags":null,"twitter_use_og":false,"twitter_card":"default","twitter_image_type":"default","twitter_image_url":null,"twitter_image_custom_url":null,"twitter_image_custom_fields":null,"twitter_title":null,"twitter_description":null,"schema":{"blockGraphs":[],"customGraphs":[],"default":{"data":{"Article":[],"Course":[],"Dataset":[],"FAQPage":[],"Movie":[],"Person":[],"Product":[],"ProductReview":[],"Car":[],"Recipe":[],"Service":[],"SoftwareApplication":[],"WebPage":[]},"graphName":"","isEnabled":true},"graphs":[]},"schema_type":"default","schema_type_options":null,"pillar_content":false,"robots_default":true,"robots_noindex":false,"robots_noarchive":false,"robots_nosnippet":false,"robots_nofollow":false,"robots_noimageindex":false,"robots_noodp":false,"robots_notranslate":false,"robots_max_snippet":null,"robots_max_videopreview":null,"robots_max_imagepreview":"large","priority":null,"frequency":null,"local_seo":null,"seo_analyzer_scan_date":"2026-05-12 23:25:41","breadcrumb_settings":null,"limit_modified_date":false,"reviewed_by":null,"open_ai":null,"ai":null,"created":"2025-04-09 17:40:54","updated":"2026-08-14 23:13:11","focus_keyword":null,"additional_keywords":null,"truseo_locale":null},"aioseo_breadcrumb":"<div class=\"aioseo-breadcrumbs\"><span class=\"aioseo-breadcrumb\">\n\t<a href=\"https:\/\/www.teatrulreginamaria.ro\/hu\" title=\"Home\">Home<\/a>\n<\/span><span class=\"aioseo-breadcrumb-separator\">&raquo;<\/span><span class=\"aioseo-breadcrumb\">\n\t<a href=\"https:\/\/www.teatrulreginamaria.ro\/hu\/categorie\/noutati\/\" title=\"Nout\u0103\u021bi\">Nout\u0103\u021bi<\/a>\n<\/span><span class=\"aioseo-breadcrumb-separator\">&raquo;<\/span><span class=\"aioseo-breadcrumb\">\n\t<a href=\"https:\/\/www.teatrulreginamaria.ro\/hu\/categorie\/noutati\/noutati-trupa-iosif-vulcan\/\" title=\"Nout\u0103\u021bi - Trupa Iosif Vulcan\">Nout\u0103\u021bi - Trupa Iosif Vulcan<\/a>\n<\/span><span class=\"aioseo-breadcrumb-separator\">&raquo;<\/span><span class=\"aioseo-breadcrumb\">\n\tMESAJUL DE ZIUA MONDIAL\u0102 A TEATRULUI\n<\/span><\/div>","aioseo_breadcrumb_json":[{"label":"Home","link":"https:\/\/www.teatrulreginamaria.ro\/hu"},{"label":"Nout\u0103\u021bi","link":"https:\/\/www.teatrulreginamaria.ro\/hu\/categorie\/noutati\/"},{"label":"Nout\u0103\u021bi - Trupa Iosif Vulcan","link":"https:\/\/www.teatrulreginamaria.ro\/hu\/categorie\/noutati\/noutati-trupa-iosif-vulcan\/"},{"label":"MESAJUL DE ZIUA MONDIAL\u0102 A TEATRULUI","link":"https:\/\/www.teatrulreginamaria.ro\/hu\/mesajul-de-ziua-mondiala-a-teatrului\/"}],"acf":[],"_links":{"self":[{"href":"https:\/\/www.teatrulreginamaria.ro\/hu\/wp-json\/wp\/v2\/posts\/94","targetHints":{"allow":["GET"]}}],"collection":[{"href":"https:\/\/www.teatrulreginamaria.ro\/hu\/wp-json\/wp\/v2\/posts"}],"about":[{"href":"https:\/\/www.teatrulreginamaria.ro\/hu\/wp-json\/wp\/v2\/types\/post"}],"author":[{"embeddable":true,"href":"https:\/\/www.teatrulreginamaria.ro\/hu\/wp-json\/wp\/v2\/users\/6"}],"replies":[{"embeddable":true,"href":"https:\/\/www.teatrulreginamaria.ro\/hu\/wp-json\/wp\/v2\/comments?post=94"}],"version-history":[{"count":0,"href":"https:\/\/www.teatrulreginamaria.ro\/hu\/wp-json\/wp\/v2\/posts\/94\/revisions"}],"wp:attachment":[{"href":"https:\/\/www.teatrulreginamaria.ro\/hu\/wp-json\/wp\/v2\/media?parent=94"}],"wp:term":[{"taxonomy":"category","embeddable":true,"href":"https:\/\/www.teatrulreginamaria.ro\/hu\/wp-json\/wp\/v2\/categories?post=94"},{"taxonomy":"post_tag","embeddable":true,"href":"https:\/\/www.teatrulreginamaria.ro\/hu\/wp-json\/wp\/v2\/tags?post=94"}],"curies":[{"name":"munkaf\u00fczet","href":"https:\/\/api.w.org\/{rel}","templated":true}]}}