{"id":947,"date":"2013-06-20T10:34:33","date_gmt":"2013-06-20T10:34:33","guid":{"rendered":"https:\/\/teatrulreginamaria.ro\/2013\/06\/20\/scripcarul-pe-acoperis-la-festivalul-international-al-educatiei-iasi\/"},"modified":"2013-06-20T10:34:33","modified_gmt":"2013-06-20T10:34:33","slug":"hegedus-a-teton-a-jaszvasari-nemzetkozi-oktatasi-fesztivalon","status":"publish","type":"post","link":"https:\/\/www.teatrulreginamaria.ro\/hu\/scripcarul-pe-acoperis-la-festivalul-international-al-educatiei-iasi\/","title":{"rendered":"\u201cA HEGED\u0170S A TET\u0150N\u201d AZ IA\u015eI NEMZETK\u00d6ZI OKTAT\u00c1SI FESZTIV\u00c1LON"},"content":{"rendered":"<p style=\"text-align: justify;\">A Regina Maria Sz\u00ednh\u00e1znak k\u00fcl\u00f6nleges megtiszteltet\u00e9sben r\u00e9szes\u00fclt, hogy r\u00e9szt vehet a 2013-as FIE Ia\u015fi Nemzetk\u00f6zi Oktat\u00e1si Fesztiv\u00e1lon Korcsm\u00e1ros Gy\u00f6rgy rendez\u00e9s\u00e9ben, a &quot;TET\u0150HEGYES&quot; c\u00edm\u0171 el\u0151ad\u00e1ssal, amelyre 2013. j\u00fanius 23-\u00e1n, vas\u00e1rnap ker\u00fcl sor a Di\u00e1km\u0171vel\u0151d\u00e9si H\u00e1zban. Ez a fesztiv\u00e1l egy \u00faj kultur\u00e1lis ter\u00fcletet fejleszt ki, \u00e9s Ia\u015fit Eur\u00f3pa legkreat\u00edvabb v\u00e1rosai k\u00f6z\u00e9 sorolja egy \u00faj koncepci\u00f3, az &quot;oktat\u00e1s, kult\u00fara \u00e9s m\u0171v\u00e9szet a szabadban&quot;, \u00e9s mindenekel\u0151tt az &quot;oktat\u00e1s a sz\u00f3rakoztat\u00e1son kereszt\u00fcl&quot; r\u00e9v\u00e9n.<\/p>\n<p style=\"text-align: justify;\">A J\u00e1szv\u00e1s\u00e1rban bemutat\u00e1sra ker\u00fcl\u0151 el\u0151ad\u00e1sban a Iosif Vulcan T\u00e1rsulat, az Arcadia T\u00e1rsulat \u00e9s a Cri\u015fana Professzion\u00e1lis M\u0171v\u00e9szeti Egy\u00fcttes sz\u00edn\u00e9szeinek nagy sz\u00e1ma l\u00e9p fel, akikhez csatlakozik a zsid\u00f3 zenekar is., <strong>Hakeshet Klezmer Zenekar, <\/strong>Rom\u00e1nia legsikeresebb musicalj\u00e9nek megalkot\u00e1sa!<\/p>\n<p><!--more--><\/p>\n<p style=\"text-align: justify;\">Shalom Alehem \u201eTevye l\u00e1nyai\u201d c\u00edm\u0171 t\u00f6rt\u00e9net\u00e9b\u0151l adapt\u00e1lt \u201eHeged\u0171s a h\u00e1ztet\u0151n\u201d minden id\u0151k egyik legsikeresebb musicalje. Az els\u0151 sz\u00ednpadi adapt\u00e1ci\u00f3, amelyet a Broadway-i Imperial Theatre-ben mutattak be, 1964-ben premierelt, \u00e9s az \u00e9vek sor\u00e1n t\u00f6bb mint 3200 el\u0151ad\u00e1st l\u00e1tott. Az 1971-es filmadapt\u00e1ci\u00f3 is nagy sikert aratott a k\u00f6z\u00f6ns\u00e9g \u00e9s a kritikusok k\u00f6r\u00e9ben.<\/p>\n<p style=\"text-align: justify;\">Az el\u0151ad\u00e1s min\u0151s\u00e9g\u00e9nek val\u00f3di bizony\u00edt\u00e9kak\u00e9nt eml\u00e9keztet\u00fcnk arra, hogy 22 el\u0151ad\u00e1st j\u00e1tszottak z\u00e1r\u00f3el\u0151ad\u00e1s el\u0151tt. Ugyanakkor sz\u00e1mos fesztiv\u00e1lon is szerepelt, ahol jel\u00f6l\u00e9seket \u00e9s elismer\u00e9seket kapott, amelyek k\u00f6z\u00fcl kiemelend\u0151 a 2012-es UNITER D\u00edj\u00e1tad\u00f3 G\u00e1la k\u00e9t jel\u00f6l\u00e9se \u2013 a legjobb n\u0151i mell\u00e9kszerepl\u0151: Ioana Drago\u015f-Gajdo \u00e9s a legjobb d\u00edszlet: Vioara Bara, valamint a 2012-es ATELIER Nemzetk\u00f6zi Sz\u00ednh\u00e1zi Fesztiv\u00e1l k\u00e9t d\u00edja \u2013 a zs\u0171ri k\u00fcl\u00f6nd\u00edja: Richard Balint \u00e9s a legjobb koreogr\u00e1fus d\u00edja: Lor\u00e1nt Andr\u00e1s.<\/p>\n<p style=\"text-align: justify;\">J\u00e1szv\u00e1s\u00e1ron az orsz\u00e1g n\u00e9h\u00e1ny legfontosabb sz\u00ednh\u00e1z\u00e1val fogunk egy\u00fctt j\u00e1tszani: a bukaresti Odeon Sz\u00ednh\u00e1zzal, a bukaresti Nemzeti Sz\u00ednh\u00e1zzal, a j\u00e1szv\u00e1s\u00e1ri &quot;Vasile Alecsandri&quot; Nemzeti Sz\u00ednh\u00e1zzal \u00e9s a nagyszebeni &quot;Radu Stanca&quot; Nemzeti Sz\u00ednh\u00e1zzal.<\/p>","protected":false},"excerpt":{"rendered":"<p>Teatrului Regina Maria \u00eei revine deosebita onoare de a participa la Festivalul Interna\u0163ional al Educa\u0163iei FIE Ia\u015fi, edi\u0163ia 2013, cu spectacolul \u201eSCRIPCARUL PE ACOPERI\u015e\u201d, \u00een regia lui Korcsm\u00e1ros Gy\u00f6rgy, care va avea loc duminic\u0103, 23 iunie 2013, la Casa de Cultur\u0103 a Studen\u0163ilor. Acest festival dezvolt\u0103 un c\u00e2mp cultural nou \u015fi \u00eenscrie Ia\u015ful \u00een r\u00e2ndul [&hellip;]<\/p>\n","protected":false},"author":6,"featured_media":0,"comment_status":"open","ping_status":"open","sticky":false,"template":"","format":"standard","meta":{"_acf_changed":false,"footnotes":""},"categories":[22],"tags":[],"class_list":["post-947","post","type-post","status-publish","format-standard","hentry","category-noutati-trupa-iosif-vulcan"],"aioseo_notices":[],"aioseo_head":"\n\t\t<!-- All in One SEO Pro 5.0.1.1 - aioseo.com -->\n\t<meta name=\"description\" content=\"Teatrului Regina Maria \u00eei revine deosebita onoare de a participa la Festivalul Interna\u0163ional al Educa\u0163iei FIE Ia\u015fi, edi\u0163ia 2013, cu spectacolul \u201eSCRIPCARUL PE ACOPERI\u015e\u201d, \u00een regia lui Korcsm\u00e1ros Gy\u00f6rgy, care va avea loc duminic\u0103, 23 iunie 2013, la Casa de Cultur\u0103 a Studen\u0163ilor. Acest festival dezvolt\u0103 un c\u00e2mp cultural nou \u015fi \u00eenscrie Ia\u015ful \u00een r\u00e2ndul\" \/>\n\t<meta name=\"robots\" content=\"max-image-preview:large\" \/>\n\t<meta name=\"author\" content=\"Teatrul Regina Maria\"\/>\n\t<link rel=\"canonical\" href=\"https:\/\/www.teatrulreginamaria.ro\/hu\/scripcarul-pe-acoperis-la-festivalul-international-al-educatiei-iasi\/\" \/>\n\t<meta name=\"generator\" content=\"All in One SEO Pro (AIOSEO) 5.0.1.1\" \/>\n\t\t<meta property=\"og:locale\" content=\"hu_HU\" \/>\n\t\t<meta property=\"og:site_name\" content=\"Teatrul Regina Maria Oradea - Trupa Iosif Vulcan \u0219i Trupa Arcadia\" \/>\n\t\t<meta property=\"og:type\" content=\"article\" \/>\n\t\t<meta property=\"og:title\" content=\"\u201cSCRIPCARUL PE ACOPERI\u015e\u201d LA FESTIVALUL INTERNA\u0162IONAL AL EDUCA\u0162IEI IA\u015eI - Teatrul Regina Maria Oradea\" \/>\n\t\t<meta property=\"og:description\" content=\"Teatrului Regina Maria \u00eei revine deosebita onoare de a participa la Festivalul Interna\u0163ional al Educa\u0163iei FIE Ia\u015fi, edi\u0163ia 2013, cu spectacolul \u201eSCRIPCARUL PE ACOPERI\u015e\u201d, \u00een regia lui Korcsm\u00e1ros Gy\u00f6rgy, care va avea loc duminic\u0103, 23 iunie 2013, la Casa de Cultur\u0103 a Studen\u0163ilor. Acest festival dezvolt\u0103 un c\u00e2mp cultural nou \u015fi \u00eenscrie Ia\u015ful \u00een r\u00e2ndul\" \/>\n\t\t<meta property=\"og:url\" content=\"https:\/\/www.teatrulreginamaria.ro\/hu\/scripcarul-pe-acoperis-la-festivalul-international-al-educatiei-iasi\/\" \/>\n\t\t<meta property=\"og:image\" content=\"https:\/\/www.teatrulreginamaria.ro\/wp-content\/uploads\/2025\/03\/trm-istoric-01.jpg\" \/>\n\t\t<meta property=\"og:image:secure_url\" content=\"https:\/\/www.teatrulreginamaria.ro\/wp-content\/uploads\/2025\/03\/trm-istoric-01.jpg\" \/>\n\t\t<meta property=\"og:image:width\" content=\"1200\" \/>\n\t\t<meta property=\"og:image:height\" content=\"800\" \/>\n\t\t<meta property=\"article:published_time\" content=\"2013-06-20T10:34:33+00:00\" \/>\n\t\t<meta property=\"article:modified_time\" content=\"2013-06-20T10:34:33+00:00\" \/>\n\t\t<meta property=\"article:publisher\" content=\"https:\/\/www.facebook.com\/TRMTrupaIosifVulcan\/\" \/>\n\t\t<meta name=\"twitter:card\" content=\"summary_large_image\" \/>\n\t\t<meta name=\"twitter:site\" content=\"@TRMOradea\" \/>\n\t\t<meta name=\"twitter:title\" content=\"\u201cSCRIPCARUL PE ACOPERI\u015e\u201d LA FESTIVALUL INTERNA\u0162IONAL AL EDUCA\u0162IEI IA\u015eI - Teatrul Regina Maria Oradea\" \/>\n\t\t<meta name=\"twitter:description\" content=\"Teatrului Regina Maria \u00eei revine deosebita onoare de a participa la Festivalul Interna\u0163ional al Educa\u0163iei FIE Ia\u015fi, edi\u0163ia 2013, cu spectacolul \u201eSCRIPCARUL PE ACOPERI\u015e\u201d, \u00een regia lui Korcsm\u00e1ros Gy\u00f6rgy, care va avea loc duminic\u0103, 23 iunie 2013, la Casa de Cultur\u0103 a Studen\u0163ilor. Acest festival dezvolt\u0103 un c\u00e2mp cultural nou \u015fi \u00eenscrie Ia\u015ful \u00een r\u00e2ndul\" \/>\n\t\t<meta name=\"twitter:creator\" content=\"@TRMOradea\" \/>\n\t\t<meta name=\"twitter:image\" content=\"https:\/\/www.teatrulreginamaria.ro\/wp-content\/uploads\/2025\/03\/trm-istoric-01.jpg\" \/>\n\t\t<script type=\"application\/ld+json\" class=\"aioseo-schema\">\n\t\t\t{\"@context\":\"https:\\\/\\\/schema.org\",\"@graph\":[{\"@type\":\"BlogPosting\",\"@id\":\"https:\\\/\\\/www.teatrulreginamaria.ro\\\/hu\\\/scripcarul-pe-acoperis-la-festivalul-international-al-educatiei-iasi\\\/#blogposting\",\"name\":\"\\u201cSCRIPCARUL PE ACOPERI\\u015e\\u201d LA FESTIVALUL INTERNA\\u0162IONAL AL EDUCA\\u0162IEI IA\\u015eI - Teatrul Regina Maria Oradea\",\"headline\":\"\\u201cSCRIPCARUL PE ACOPERI\\u015e\\u201d LA FESTIVALUL INTERNA\\u0162IONAL AL EDUCA\\u0162IEI IA\\u015eI\",\"author\":{\"@id\":\"https:\\\/\\\/www.teatrulreginamaria.ro\\\/hu\\\/author\\\/w3bmaster\\\/#author\"},\"publisher\":{\"@id\":\"https:\\\/\\\/www.teatrulreginamaria.ro\\\/hu\\\/#organization\"},\"image\":{\"@type\":\"ImageObject\",\"url\":\"https:\\\/\\\/www.teatrulreginamaria.ro\\\/wp-content\\\/uploads\\\/2025\\\/06\\\/logo-trm-01-dark.png\",\"@id\":\"https:\\\/\\\/www.teatrulreginamaria.ro\\\/hu\\\/#articleImage\",\"width\":300,\"height\":148},\"datePublished\":\"2013-06-20T10:34:33+03:00\",\"dateModified\":\"2013-06-20T10:34:33+03:00\",\"inLanguage\":\"hu-HU\",\"mainEntityOfPage\":{\"@id\":\"https:\\\/\\\/www.teatrulreginamaria.ro\\\/hu\\\/scripcarul-pe-acoperis-la-festivalul-international-al-educatiei-iasi\\\/#webpage\"},\"isPartOf\":{\"@id\":\"https:\\\/\\\/www.teatrulreginamaria.ro\\\/hu\\\/scripcarul-pe-acoperis-la-festivalul-international-al-educatiei-iasi\\\/#webpage\"},\"articleSection\":\"Nout\\u0103\\u021bi - Trupa Iosif Vulcan\"},{\"@type\":\"BreadcrumbList\",\"@id\":\"https:\\\/\\\/www.teatrulreginamaria.ro\\\/hu\\\/scripcarul-pe-acoperis-la-festivalul-international-al-educatiei-iasi\\\/#breadcrumblist\",\"itemListElement\":[{\"@type\":\"ListItem\",\"@id\":\"https:\\\/\\\/www.teatrulreginamaria.ro\\\/hu#listItem\",\"position\":1,\"name\":\"Home\",\"item\":\"https:\\\/\\\/www.teatrulreginamaria.ro\\\/hu\",\"nextItem\":{\"@type\":\"ListItem\",\"@id\":\"https:\\\/\\\/www.teatrulreginamaria.ro\\\/hu\\\/categorie\\\/noutati\\\/#listItem\",\"name\":\"Nout\\u0103\\u021bi\"}},{\"@type\":\"ListItem\",\"@id\":\"https:\\\/\\\/www.teatrulreginamaria.ro\\\/hu\\\/categorie\\\/noutati\\\/#listItem\",\"position\":2,\"name\":\"Nout\\u0103\\u021bi\",\"item\":\"https:\\\/\\\/www.teatrulreginamaria.ro\\\/hu\\\/categorie\\\/noutati\\\/\",\"nextItem\":{\"@type\":\"ListItem\",\"@id\":\"https:\\\/\\\/www.teatrulreginamaria.ro\\\/hu\\\/categorie\\\/noutati\\\/noutati-trupa-iosif-vulcan\\\/#listItem\",\"name\":\"Nout\\u0103\\u021bi - Trupa Iosif Vulcan\"},\"previousItem\":{\"@type\":\"ListItem\",\"@id\":\"https:\\\/\\\/www.teatrulreginamaria.ro\\\/hu#listItem\",\"name\":\"Home\"}},{\"@type\":\"ListItem\",\"@id\":\"https:\\\/\\\/www.teatrulreginamaria.ro\\\/hu\\\/categorie\\\/noutati\\\/noutati-trupa-iosif-vulcan\\\/#listItem\",\"position\":3,\"name\":\"Nout\\u0103\\u021bi - Trupa Iosif Vulcan\",\"item\":\"https:\\\/\\\/www.teatrulreginamaria.ro\\\/hu\\\/categorie\\\/noutati\\\/noutati-trupa-iosif-vulcan\\\/\",\"nextItem\":{\"@type\":\"ListItem\",\"@id\":\"https:\\\/\\\/www.teatrulreginamaria.ro\\\/hu\\\/scripcarul-pe-acoperis-la-festivalul-international-al-educatiei-iasi\\\/#listItem\",\"name\":\"\\u201cSCRIPCARUL PE ACOPERI\\u015e\\u201d LA FESTIVALUL INTERNA\\u0162IONAL AL EDUCA\\u0162IEI IA\\u015eI\"},\"previousItem\":{\"@type\":\"ListItem\",\"@id\":\"https:\\\/\\\/www.teatrulreginamaria.ro\\\/hu\\\/categorie\\\/noutati\\\/#listItem\",\"name\":\"Nout\\u0103\\u021bi\"}},{\"@type\":\"ListItem\",\"@id\":\"https:\\\/\\\/www.teatrulreginamaria.ro\\\/hu\\\/scripcarul-pe-acoperis-la-festivalul-international-al-educatiei-iasi\\\/#listItem\",\"position\":4,\"name\":\"\\u201cSCRIPCARUL PE ACOPERI\\u015e\\u201d LA FESTIVALUL INTERNA\\u0162IONAL AL EDUCA\\u0162IEI IA\\u015eI\",\"previousItem\":{\"@type\":\"ListItem\",\"@id\":\"https:\\\/\\\/www.teatrulreginamaria.ro\\\/hu\\\/categorie\\\/noutati\\\/noutati-trupa-iosif-vulcan\\\/#listItem\",\"name\":\"Nout\\u0103\\u021bi - Trupa Iosif Vulcan\"}}]},{\"@type\":\"Organization\",\"@id\":\"https:\\\/\\\/www.teatrulreginamaria.ro\\\/hu\\\/#organization\",\"name\":\"Teatrul Regina Maria Oradea\",\"description\":\"Trupa Iosif Vulcan \\u0219i Trupa Arcadia\",\"url\":\"https:\\\/\\\/www.teatrulreginamaria.ro\\\/hu\\\/\",\"email\":\"marketing@teatrulreginamaria.ro\",\"telephone\":\"+40359411534\",\"numberOfEmployees\":{\"@type\":\"QuantitativeValue\",\"minValue\":0,\"maxValue\":150},\"logo\":{\"@type\":\"ImageObject\",\"url\":\"https:\\\/\\\/www.teatrulreginamaria.ro\\\/wp-content\\\/uploads\\\/2025\\\/06\\\/logo-trm-01-dark.png\",\"@id\":\"https:\\\/\\\/www.teatrulreginamaria.ro\\\/hu\\\/scripcarul-pe-acoperis-la-festivalul-international-al-educatiei-iasi\\\/#organizationLogo\",\"width\":300,\"height\":148},\"image\":{\"@id\":\"https:\\\/\\\/www.teatrulreginamaria.ro\\\/hu\\\/scripcarul-pe-acoperis-la-festivalul-international-al-educatiei-iasi\\\/#organizationLogo\"},\"sameAs\":[\"https:\\\/\\\/www.facebook.com\\\/TRMTrupaIosifVulcan\\\/\",\"https:\\\/\\\/x.com\\\/TRMOradea\",\"https:\\\/\\\/www.instagram.com\\\/teatrul_regina_maria\\\/\",\"https:\\\/\\\/www.youtube.com\\\/c\\\/TeatrulReginaMariaOradea\",\"https:\\\/\\\/www.linkedin.com\\\/company\\\/teatrul-regina-maria\"]},{\"@type\":\"Person\",\"@id\":\"https:\\\/\\\/www.teatrulreginamaria.ro\\\/hu\\\/author\\\/w3bmaster\\\/#author\",\"url\":\"https:\\\/\\\/www.teatrulreginamaria.ro\\\/hu\\\/author\\\/w3bmaster\\\/\",\"name\":\"Teatrul Regina Maria\",\"image\":{\"@type\":\"ImageObject\",\"@id\":\"https:\\\/\\\/www.teatrulreginamaria.ro\\\/hu\\\/scripcarul-pe-acoperis-la-festivalul-international-al-educatiei-iasi\\\/#authorImage\",\"url\":\"https:\\\/\\\/secure.gravatar.com\\\/avatar\\\/5884139d508ae3f0bafe45e60563b48a9640146d3b08ccc6278c305ff9329305?s=96&d=mm&r=g\",\"width\":96,\"height\":96,\"caption\":\"Teatrul Regina Maria\"}},{\"@type\":\"WebPage\",\"@id\":\"https:\\\/\\\/www.teatrulreginamaria.ro\\\/hu\\\/scripcarul-pe-acoperis-la-festivalul-international-al-educatiei-iasi\\\/#webpage\",\"url\":\"https:\\\/\\\/www.teatrulreginamaria.ro\\\/hu\\\/scripcarul-pe-acoperis-la-festivalul-international-al-educatiei-iasi\\\/\",\"name\":\"\\u201cSCRIPCARUL PE ACOPERI\\u015e\\u201d LA FESTIVALUL INTERNA\\u0162IONAL AL EDUCA\\u0162IEI IA\\u015eI - Teatrul Regina Maria Oradea\",\"description\":\"Teatrului Regina Maria \\u00eei revine deosebita onoare de a participa la Festivalul Interna\\u0163ional al Educa\\u0163iei FIE Ia\\u015fi, edi\\u0163ia 2013, cu spectacolul \\u201eSCRIPCARUL PE ACOPERI\\u015e\\u201d, \\u00een regia lui Korcsm\\u00e1ros Gy\\u00f6rgy, care va avea loc duminic\\u0103, 23 iunie 2013, la Casa de Cultur\\u0103 a Studen\\u0163ilor. Acest festival dezvolt\\u0103 un c\\u00e2mp cultural nou \\u015fi \\u00eenscrie Ia\\u015ful \\u00een r\\u00e2ndul\",\"inLanguage\":\"hu-HU\",\"isPartOf\":{\"@id\":\"https:\\\/\\\/www.teatrulreginamaria.ro\\\/hu\\\/#website\"},\"breadcrumb\":{\"@id\":\"https:\\\/\\\/www.teatrulreginamaria.ro\\\/hu\\\/scripcarul-pe-acoperis-la-festivalul-international-al-educatiei-iasi\\\/#breadcrumblist\"},\"author\":{\"@id\":\"https:\\\/\\\/www.teatrulreginamaria.ro\\\/hu\\\/author\\\/w3bmaster\\\/#author\"},\"creator\":{\"@id\":\"https:\\\/\\\/www.teatrulreginamaria.ro\\\/hu\\\/author\\\/w3bmaster\\\/#author\"},\"datePublished\":\"2013-06-20T10:34:33+03:00\",\"dateModified\":\"2013-06-20T10:34:33+03:00\"},{\"@type\":\"WebSite\",\"@id\":\"https:\\\/\\\/www.teatrulreginamaria.ro\\\/hu\\\/#website\",\"url\":\"https:\\\/\\\/www.teatrulreginamaria.ro\\\/hu\\\/\",\"name\":\"Teatrul Regina Maria Oradea\",\"alternateName\":\"TRM Oradea\",\"description\":\"Trupa Iosif Vulcan \\u0219i Trupa Arcadia\",\"inLanguage\":\"hu-HU\",\"publisher\":{\"@id\":\"https:\\\/\\\/www.teatrulreginamaria.ro\\\/hu\\\/#organization\"}}]}\n\t\t<\/script>\n\t\t<!-- All in One SEO Pro -->\r\n\t\t<title>\u201cSCRIPCARUL PE ACOPERI\u015e\u201d LA FESTIVALUL INTERNA\u0162IONAL AL EDUCA\u0162IEI IA\u015eI - Teatrul Regina Maria Oradea<\/title>\n\n","aioseo_head_json":{"title":"\u201cHeged\u0171s a h\u00e1ztet\u0151n\u201d a J\u00e1szv\u00e1s\u00e1ri Nemzetk\u00f6zi Oktat\u00e1si Fesztiv\u00e1lon - Regina Maria Sz\u00ednh\u00e1z Nagyv\u00e1radi","description":"A Regina Maria Sz\u00ednh\u00e1znak k\u00fcl\u00f6nleges megtiszteltet\u00e9sben r\u00e9szes\u00fclt, hogy r\u00e9szt vehet a 2013-as Ia\u015fi Nemzetk\u00f6zi Oktat\u00e1si Fesztiv\u00e1lon a Korcsm\u00e1ros Gy\u00f6rgy rendez\u00e9s\u00e9ben bemutatott &quot;A TET\u0150\u00d6KL\u00d6Z\u0150 HEGED\u0170S&quot; c\u00edm\u0171 el\u0151ad\u00e1ssal, amelyre 2013. j\u00fanius 23-\u00e1n, vas\u00e1rnap ker\u00fcl sor a Di\u00e1km\u0171vel\u0151d\u00e9si H\u00e1zban. Ez a fesztiv\u00e1l egy \u00faj kultur\u00e1lis ter\u00fcletet fejleszt ki, \u00e9s Ia\u015fit a ... k\u00f6z\u00e9 sorolja.","canonical_url":"https:\/\/www.teatrulreginamaria.ro\/hu\/scripcarul-pe-acoperis-la-festivalul-international-al-educatiei-iasi\/","robots":"max-image-preview:large","keywords":"","webmasterTools":{"miscellaneous":""},"schema":{"@context":"https:\/\/schema.org","@graph":[{"@type":"BlogPosting","@id":"https:\/\/www.teatrulreginamaria.ro\/hu\/scripcarul-pe-acoperis-la-festivalul-international-al-educatiei-iasi\/#blogposting","name":"\u201cSCRIPCARUL PE ACOPERI\u015e\u201d LA FESTIVALUL INTERNA\u0162IONAL AL EDUCA\u0162IEI IA\u015eI - Teatrul Regina Maria Oradea","headline":"\u201cSCRIPCARUL PE ACOPERI\u015e\u201d LA FESTIVALUL INTERNA\u0162IONAL AL EDUCA\u0162IEI IA\u015eI","author":{"@id":"https:\/\/www.teatrulreginamaria.ro\/hu\/author\/w3bmaster\/#author"},"publisher":{"@id":"https:\/\/www.teatrulreginamaria.ro\/hu\/#organization"},"image":{"@type":"ImageObject","url":"https:\/\/www.teatrulreginamaria.ro\/wp-content\/uploads\/2025\/06\/logo-trm-01-dark.png","@id":"https:\/\/www.teatrulreginamaria.ro\/hu\/#articleImage","width":300,"height":148},"datePublished":"2013-06-20T10:34:33+03:00","dateModified":"2013-06-20T10:34:33+03:00","inLanguage":"hu-HU","mainEntityOfPage":{"@id":"https:\/\/www.teatrulreginamaria.ro\/hu\/scripcarul-pe-acoperis-la-festivalul-international-al-educatiei-iasi\/#webpage"},"isPartOf":{"@id":"https:\/\/www.teatrulreginamaria.ro\/hu\/scripcarul-pe-acoperis-la-festivalul-international-al-educatiei-iasi\/#webpage"},"articleSection":"Nout\u0103\u021bi - Trupa Iosif Vulcan"},{"@type":"BreadcrumbList","@id":"https:\/\/www.teatrulreginamaria.ro\/hu\/scripcarul-pe-acoperis-la-festivalul-international-al-educatiei-iasi\/#breadcrumblist","itemListElement":[{"@type":"ListItem","@id":"https:\/\/www.teatrulreginamaria.ro\/hu#listItem","position":1,"name":"Home","item":"https:\/\/www.teatrulreginamaria.ro\/hu","nextItem":{"@type":"ListItem","@id":"https:\/\/www.teatrulreginamaria.ro\/hu\/categorie\/noutati\/#listItem","name":"Nout\u0103\u021bi"}},{"@type":"ListItem","@id":"https:\/\/www.teatrulreginamaria.ro\/hu\/categorie\/noutati\/#listItem","position":2,"name":"Nout\u0103\u021bi","item":"https:\/\/www.teatrulreginamaria.ro\/hu\/categorie\/noutati\/","nextItem":{"@type":"ListItem","@id":"https:\/\/www.teatrulreginamaria.ro\/hu\/categorie\/noutati\/noutati-trupa-iosif-vulcan\/#listItem","name":"Nout\u0103\u021bi - Trupa Iosif Vulcan"},"previousItem":{"@type":"ListItem","@id":"https:\/\/www.teatrulreginamaria.ro\/hu#listItem","name":"Home"}},{"@type":"ListItem","@id":"https:\/\/www.teatrulreginamaria.ro\/hu\/categorie\/noutati\/noutati-trupa-iosif-vulcan\/#listItem","position":3,"name":"Nout\u0103\u021bi - Trupa Iosif Vulcan","item":"https:\/\/www.teatrulreginamaria.ro\/hu\/categorie\/noutati\/noutati-trupa-iosif-vulcan\/","nextItem":{"@type":"ListItem","@id":"https:\/\/www.teatrulreginamaria.ro\/hu\/scripcarul-pe-acoperis-la-festivalul-international-al-educatiei-iasi\/#listItem","name":"\u201cSCRIPCARUL PE ACOPERI\u015e\u201d LA FESTIVALUL INTERNA\u0162IONAL AL EDUCA\u0162IEI IA\u015eI"},"previousItem":{"@type":"ListItem","@id":"https:\/\/www.teatrulreginamaria.ro\/hu\/categorie\/noutati\/#listItem","name":"Nout\u0103\u021bi"}},{"@type":"ListItem","@id":"https:\/\/www.teatrulreginamaria.ro\/hu\/scripcarul-pe-acoperis-la-festivalul-international-al-educatiei-iasi\/#listItem","position":4,"name":"\u201cSCRIPCARUL PE ACOPERI\u015e\u201d LA FESTIVALUL INTERNA\u0162IONAL AL EDUCA\u0162IEI IA\u015eI","previousItem":{"@type":"ListItem","@id":"https:\/\/www.teatrulreginamaria.ro\/hu\/categorie\/noutati\/noutati-trupa-iosif-vulcan\/#listItem","name":"Nout\u0103\u021bi - Trupa Iosif Vulcan"}}]},{"@type":"Organization","@id":"https:\/\/www.teatrulreginamaria.ro\/hu\/#organization","name":"Teatrul Regina Maria Oradea","description":"Trupa Iosif Vulcan \u0219i Trupa Arcadia","url":"https:\/\/www.teatrulreginamaria.ro\/hu\/","email":"marketing@teatrulreginamaria.ro","telephone":"+40359411534","numberOfEmployees":{"@type":"QuantitativeValue","minValue":0,"maxValue":150},"logo":{"@type":"ImageObject","url":"https:\/\/www.teatrulreginamaria.ro\/wp-content\/uploads\/2025\/06\/logo-trm-01-dark.png","@id":"https:\/\/www.teatrulreginamaria.ro\/hu\/scripcarul-pe-acoperis-la-festivalul-international-al-educatiei-iasi\/#organizationLogo","width":300,"height":148},"image":{"@id":"https:\/\/www.teatrulreginamaria.ro\/hu\/scripcarul-pe-acoperis-la-festivalul-international-al-educatiei-iasi\/#organizationLogo"},"sameAs":["https:\/\/www.facebook.com\/TRMTrupaIosifVulcan\/","https:\/\/x.com\/TRMOradea","https:\/\/www.instagram.com\/teatrul_regina_maria\/","https:\/\/www.youtube.com\/c\/TeatrulReginaMariaOradea","https:\/\/www.linkedin.com\/company\/teatrul-regina-maria"]},{"@type":"Person","@id":"https:\/\/www.teatrulreginamaria.ro\/hu\/author\/w3bmaster\/#author","url":"https:\/\/www.teatrulreginamaria.ro\/hu\/author\/w3bmaster\/","name":"Teatrul Regina Maria","image":{"@type":"ImageObject","@id":"https:\/\/www.teatrulreginamaria.ro\/hu\/scripcarul-pe-acoperis-la-festivalul-international-al-educatiei-iasi\/#authorImage","url":"https:\/\/secure.gravatar.com\/avatar\/5884139d508ae3f0bafe45e60563b48a9640146d3b08ccc6278c305ff9329305?s=96&d=mm&r=g","width":96,"height":96,"caption":"Teatrul Regina Maria"}},{"@type":"WebPage","@id":"https:\/\/www.teatrulreginamaria.ro\/hu\/scripcarul-pe-acoperis-la-festivalul-international-al-educatiei-iasi\/#webpage","url":"https:\/\/www.teatrulreginamaria.ro\/hu\/scripcarul-pe-acoperis-la-festivalul-international-al-educatiei-iasi\/","name":"\u201cSCRIPCARUL PE ACOPERI\u015e\u201d LA FESTIVALUL INTERNA\u0162IONAL AL EDUCA\u0162IEI IA\u015eI - Teatrul Regina Maria Oradea","description":"Teatrului Regina Maria \u00eei revine deosebita onoare de a participa la Festivalul Interna\u0163ional al Educa\u0163iei FIE Ia\u015fi, edi\u0163ia 2013, cu spectacolul \u201eSCRIPCARUL PE ACOPERI\u015e\u201d, \u00een regia lui Korcsm\u00e1ros Gy\u00f6rgy, care va avea loc duminic\u0103, 23 iunie 2013, la Casa de Cultur\u0103 a Studen\u0163ilor. Acest festival dezvolt\u0103 un c\u00e2mp cultural nou \u015fi \u00eenscrie Ia\u015ful \u00een r\u00e2ndul","inLanguage":"hu-HU","isPartOf":{"@id":"https:\/\/www.teatrulreginamaria.ro\/hu\/#website"},"breadcrumb":{"@id":"https:\/\/www.teatrulreginamaria.ro\/hu\/scripcarul-pe-acoperis-la-festivalul-international-al-educatiei-iasi\/#breadcrumblist"},"author":{"@id":"https:\/\/www.teatrulreginamaria.ro\/hu\/author\/w3bmaster\/#author"},"creator":{"@id":"https:\/\/www.teatrulreginamaria.ro\/hu\/author\/w3bmaster\/#author"},"datePublished":"2013-06-20T10:34:33+03:00","dateModified":"2013-06-20T10:34:33+03:00"},{"@type":"WebSite","@id":"https:\/\/www.teatrulreginamaria.ro\/hu\/#website","url":"https:\/\/www.teatrulreginamaria.ro\/hu\/","name":"Teatrul Regina Maria Oradea","alternateName":"TRM Oradea","description":"Trupa Iosif Vulcan \u0219i Trupa Arcadia","inLanguage":"hu-HU","publisher":{"@id":"https:\/\/www.teatrulreginamaria.ro\/hu\/#organization"}}]},"og:locale":"hu_HU","og:site_name":"Teatrul Regina Maria Oradea - Trupa Iosif Vulcan \u0219i Trupa Arcadia","og:type":"article","og:title":"\u201cSCRIPCARUL PE ACOPERI\u015e\u201d LA FESTIVALUL INTERNA\u0162IONAL AL EDUCA\u0162IEI IA\u015eI - Teatrul Regina Maria Oradea","og:description":"Teatrului Regina Maria \u00eei revine deosebita onoare de a participa la Festivalul Interna\u0163ional al Educa\u0163iei FIE Ia\u015fi, edi\u0163ia 2013, cu spectacolul \u201eSCRIPCARUL PE ACOPERI\u015e\u201d, \u00een regia lui Korcsm\u00e1ros Gy\u00f6rgy, care va avea loc duminic\u0103, 23 iunie 2013, la Casa de Cultur\u0103 a Studen\u0163ilor. Acest festival dezvolt\u0103 un c\u00e2mp cultural nou \u015fi \u00eenscrie Ia\u015ful \u00een r\u00e2ndul","og:url":"https:\/\/www.teatrulreginamaria.ro\/hu\/scripcarul-pe-acoperis-la-festivalul-international-al-educatiei-iasi\/","og:image":"https:\/\/www.teatrulreginamaria.ro\/wp-content\/uploads\/2025\/03\/trm-istoric-01.jpg","og:image:secure_url":"https:\/\/www.teatrulreginamaria.ro\/wp-content\/uploads\/2025\/03\/trm-istoric-01.jpg","og:image:width":1200,"og:image:height":800,"article:published_time":"2013-06-20T10:34:33+00:00","article:modified_time":"2013-06-20T10:34:33+00:00","article:publisher":"https:\/\/www.facebook.com\/TRMTrupaIosifVulcan\/","twitter:card":"summary_large_image","twitter:site":"@TRMOradea","twitter:title":"\u201cSCRIPCARUL PE ACOPERI\u015e\u201d LA FESTIVALUL INTERNA\u0162IONAL AL EDUCA\u0162IEI IA\u015eI - Teatrul Regina Maria Oradea","twitter:description":"Teatrului Regina Maria \u00eei revine deosebita onoare de a participa la Festivalul Interna\u0163ional al Educa\u0163iei FIE Ia\u015fi, edi\u0163ia 2013, cu spectacolul \u201eSCRIPCARUL PE ACOPERI\u015e\u201d, \u00een regia lui Korcsm\u00e1ros Gy\u00f6rgy, care va avea loc duminic\u0103, 23 iunie 2013, la Casa de Cultur\u0103 a Studen\u0163ilor. Acest festival dezvolt\u0103 un c\u00e2mp cultural nou \u015fi \u00eenscrie Ia\u015ful \u00een r\u00e2ndul","twitter:creator":"@TRMOradea","twitter:image":"https:\/\/www.teatrulreginamaria.ro\/wp-content\/uploads\/2025\/03\/trm-istoric-01.jpg"},"aioseo_meta_data":{"post_id":"947","title":null,"description":null,"keywords":null,"keyphrases":null,"primary_term":null,"canonical_url":null,"og_title":null,"og_description":null,"og_object_type":"default","og_image_type":"default","og_image_url":null,"og_image_width":null,"og_image_height":null,"og_image_custom_url":null,"og_image_custom_fields":null,"og_video":null,"og_custom_url":null,"og_article_section":null,"og_article_tags":null,"twitter_use_og":false,"twitter_card":"default","twitter_image_type":"default","twitter_image_url":null,"twitter_image_custom_url":null,"twitter_image_custom_fields":null,"twitter_title":null,"twitter_description":null,"schema":{"blockGraphs":[],"customGraphs":[],"default":{"data":{"Article":[],"Course":[],"Dataset":[],"FAQPage":[],"Movie":[],"Person":[],"Product":[],"ProductReview":[],"Car":[],"Recipe":[],"Service":[],"SoftwareApplication":[],"WebPage":[]},"graphName":"","isEnabled":true},"graphs":[]},"schema_type":"default","schema_type_options":null,"pillar_content":false,"robots_default":true,"robots_noindex":false,"robots_noarchive":false,"robots_nosnippet":false,"robots_nofollow":false,"robots_noimageindex":false,"robots_noodp":false,"robots_notranslate":false,"robots_max_snippet":null,"robots_max_videopreview":null,"robots_max_imagepreview":"large","priority":null,"frequency":null,"local_seo":null,"seo_analyzer_scan_date":"2026-05-12 23:51:40","breadcrumb_settings":null,"limit_modified_date":false,"reviewed_by":null,"open_ai":null,"ai":null,"created":"2025-04-09 17:40:54","updated":"2026-05-12 23:51:40","focus_keyword":null,"additional_keywords":null,"truseo_locale":null},"aioseo_breadcrumb":"<div class=\"aioseo-breadcrumbs\"><span class=\"aioseo-breadcrumb\">\n\t<a href=\"https:\/\/www.teatrulreginamaria.ro\/hu\" title=\"Home\">Home<\/a>\n<\/span><span class=\"aioseo-breadcrumb-separator\">&raquo;<\/span><span class=\"aioseo-breadcrumb\">\n\t<a href=\"https:\/\/www.teatrulreginamaria.ro\/hu\/categorie\/noutati\/\" title=\"Nout\u0103\u021bi\">Nout\u0103\u021bi<\/a>\n<\/span><span class=\"aioseo-breadcrumb-separator\">&raquo;<\/span><span class=\"aioseo-breadcrumb\">\n\t<a href=\"https:\/\/www.teatrulreginamaria.ro\/hu\/categorie\/noutati\/noutati-trupa-iosif-vulcan\/\" title=\"Nout\u0103\u021bi - Trupa Iosif Vulcan\">Nout\u0103\u021bi - Trupa Iosif Vulcan<\/a>\n<\/span><span class=\"aioseo-breadcrumb-separator\">&raquo;<\/span><span class=\"aioseo-breadcrumb\">\n\t\u201cSCRIPCARUL PE ACOPERI\u015e\u201d LA FESTIVALUL INTERNA\u0162IONAL AL EDUCA\u0162IEI IA\u015eI\n<\/span><\/div>","aioseo_breadcrumb_json":[{"label":"Home","link":"https:\/\/www.teatrulreginamaria.ro\/hu"},{"label":"Nout\u0103\u021bi","link":"https:\/\/www.teatrulreginamaria.ro\/hu\/categorie\/noutati\/"},{"label":"Nout\u0103\u021bi - Trupa Iosif Vulcan","link":"https:\/\/www.teatrulreginamaria.ro\/hu\/categorie\/noutati\/noutati-trupa-iosif-vulcan\/"},{"label":"\u201cSCRIPCARUL PE ACOPERI\u015e\u201d LA FESTIVALUL INTERNA\u0162IONAL AL EDUCA\u0162IEI IA\u015eI","link":"https:\/\/www.teatrulreginamaria.ro\/hu\/scripcarul-pe-acoperis-la-festivalul-international-al-educatiei-iasi\/"}],"acf":[],"_links":{"self":[{"href":"https:\/\/www.teatrulreginamaria.ro\/hu\/wp-json\/wp\/v2\/posts\/947","targetHints":{"allow":["GET"]}}],"collection":[{"href":"https:\/\/www.teatrulreginamaria.ro\/hu\/wp-json\/wp\/v2\/posts"}],"about":[{"href":"https:\/\/www.teatrulreginamaria.ro\/hu\/wp-json\/wp\/v2\/types\/post"}],"author":[{"embeddable":true,"href":"https:\/\/www.teatrulreginamaria.ro\/hu\/wp-json\/wp\/v2\/users\/6"}],"replies":[{"embeddable":true,"href":"https:\/\/www.teatrulreginamaria.ro\/hu\/wp-json\/wp\/v2\/comments?post=947"}],"version-history":[{"count":0,"href":"https:\/\/www.teatrulreginamaria.ro\/hu\/wp-json\/wp\/v2\/posts\/947\/revisions"}],"wp:attachment":[{"href":"https:\/\/www.teatrulreginamaria.ro\/hu\/wp-json\/wp\/v2\/media?parent=947"}],"wp:term":[{"taxonomy":"category","embeddable":true,"href":"https:\/\/www.teatrulreginamaria.ro\/hu\/wp-json\/wp\/v2\/categories?post=947"},{"taxonomy":"post_tag","embeddable":true,"href":"https:\/\/www.teatrulreginamaria.ro\/hu\/wp-json\/wp\/v2\/tags?post=947"}],"curies":[{"name":"munkaf\u00fczet","href":"https:\/\/api.w.org\/{rel}","templated":true}]}}