{"id":96,"date":"2012-03-28T14:11:04","date_gmt":"2012-03-28T14:11:04","guid":{"rendered":"https:\/\/teatrulreginamaria.ro\/2012\/03\/28\/sustinem-earth-hour\/"},"modified":"2012-03-28T14:11:04","modified_gmt":"2012-03-28T14:11:04","slug":"tamogatjuk-a-fold-orajat","status":"publish","type":"post","link":"https:\/\/www.teatrulreginamaria.ro\/hu\/sustinem-earth-hour\/","title":{"rendered":"T\u00c1MOGATJUK A F\u00d6LD \u00d3R\u00c1J\u00c1T"},"content":{"rendered":"<p style=\"text-align: justify;\">A F\u00f6ld \u00d3r\u00e1ja mozgalom egy glob\u00e1lis kezdem\u00e9nyez\u00e9s, amelynek c\u00e9lja, hogy felh\u00edvja a figyelmet a glob\u00e1lis felmeleged\u00e9s jelentette probl\u00e9m\u00e1kra \u00e9s az er\u0151forr\u00e1sok t\u00falzott fogyaszt\u00e1s\u00e1nak vesz\u00e9lyeire. Nemcsak a villany egy \u00f3r\u00e1ra t\u00f6rt\u00e9n\u0151 lekapcsol\u00e1s\u00e1b\u00f3l \u00e1ll, hanem a viselked\u00e9s \u00e9s az \u00e9letm\u00f3d megv\u00e1ltoztat\u00e1s\u00e1ra val\u00f3 val\u00f3di elk\u00f6telezetts\u00e9gr\u0151l is sz\u00f3l, hogy a lehet\u0151 legnagyobb m\u00e9rt\u00e9kben cs\u00f6kkents\u00fck a k\u00f6rnyezetre gyakorolt hat\u00e1st. A legut\u00f3bbi, 2011-es kiad\u00e1sban t\u00f6bb mint 135 orsz\u00e1g, 6000 v\u00e1ros \u00e9s mintegy 1 milli\u00e1rd 500 milli\u00f3 ember vett r\u00e9szt ebben a kamp\u00e1nyban vil\u00e1gszerte.<\/p>\n<p><!--more--><\/p>\n<p style=\"text-align: justify;\">Id\u00e9n, 2012.03.31-\u00e9n, helyi id\u0151 szerint 20:30-kor a vil\u00e1g legfontosabb v\u00e1rosaiban, bele\u00e9rtve Rom\u00e1ni\u00e1t is, 60 percre kikapcsolj\u00e1k a rekl\u00e1mokat \u00e9s a turisztikai vil\u00e1g\u00edt\u00e1st, a k\u00f6zvil\u00e1g\u00edt\u00e1s \u00e9s a lakoss\u00e1g biztons\u00e1g\u00e1nak vesz\u00e9lyeztet\u00e9se n\u00e9lk\u00fcl. Mag\u00e1nszem\u00e9lyek \u00e9s jogi szem\u00e9lyek is csatlakoznak a kamp\u00e1nyhoz, \u00e9s arra \u00f6szt\u00f6nzik \u0151ket, hogy ebben az id\u0151szakban sz\u00fcntess\u00e9k meg azon fogyaszt\u00f3k \u00e1ramfogyaszt\u00e1s\u00e1t, amelyek nem l\u00e9tfontoss\u00e1g\u00faak (m\u0171k\u00f6d\u0151k\u00e9pes \u00e1llapotban hagyott sz\u00e1m\u00edt\u00f3g\u00e9pek \u00e9s elektronikus berendez\u00e9sek, \u00e9g\u0151 izz\u00f3k, rekl\u00e1mt\u00e1bl\u00e1k stb.).<\/p>\n<p style=\"text-align: justify;\">A kezdem\u00e9nyez\u0151 csoport \u00e9vr\u0151l \u00e9vre r\u00e9szt vesz a F\u00f6ld \u00d3r\u00e1ja projekt jelent\u00e9s\u00e9nek \u00e9s c\u00e9ljainak tudatos\u00edt\u00e1s\u00e1ban. Nagyv\u00e1rad volt az els\u0151 rom\u00e1niai v\u00e1ros, amely Bukarest mellett csatlakozott a glob\u00e1lis kezdem\u00e9nyez\u00e9shez 2008 \u00f3ta. Helyi szinten a mozgalom, mint minden \u00e9vben, \u00e9lvezni fogja a Rom\u00e1n Cserk\u00e9szek Orsz\u00e1gos Szervezet\u00e9nek - Nagyv\u00e1radi Helyi K\u00f6zpontj\u00e1nak r\u00e9szv\u00e9tel\u00e9t, valamint a Nagyv\u00e1radi V\u00e1rosh\u00e1za \u00e9s a Regina Maria Sz\u00ednh\u00e1z t\u00e1mogat\u00e1s\u00e1t.<\/p>\n<p style=\"text-align: justify;\">B\u00e1r 2012. m\u00e1rcius 31-\u00e9n lesz egy el\u0151ad\u00e1sunk, \u00e9s a 2. felvon\u00e1s m\u00e1r teljes g\u0151zzel zajlik, a Regina Maria Sz\u00ednh\u00e1z az int\u00e9zm\u00e9ny \u00e9p\u00edt\u00e9szeti vil\u00e1g\u00edt\u00e1s\u00e1nak lekapcsol\u00e1s\u00e1val t\u00e1mogatja a mozgalmat, amely kor\u00e1bban m\u00e1r r\u00e9szt vett a mozgalomban, biztos\u00edtva ezzel a helyi F\u00f6ld \u00d3r\u00e1ja mozgalom \u00e9rt\u00e9kes folytonoss\u00e1g\u00e1t. A Rom\u00e1n Cserk\u00e9szek Orsz\u00e1gos Szervezete \u2013 Nagyv\u00e1radi Helyi K\u00f6zpont k\u00e9zzel k\u00e9sz\u00edtett \u00f6kol\u00f3giai gyerty\u00e1kat \u00e9s l\u00e1mp\u00e1kat biztos\u00edt, amelyeket szimbolikusan a sz\u00ednh\u00e1z\u00e9p\u00fclet el\u00e9 helyeznek el a 60 perces el\u0151ad\u00e1s id\u0151tartama alatt.<\/p>\n<p style=\"text-align: justify;\">\u00a0<\/p>","protected":false},"excerpt":{"rendered":"<p>Mi\u0219carea Ora P\u0103m\u00e2ntului (Earth Hour) este o ini\u0163iativ\u0103 la nivel mondial care \u00ee\u015fi propune atragerea aten\u0163iei asupra problemelor reprezentate de \u00eenc\u0103lzirea global\u0103 \u015fi pericolul consumului exagerat de resurse. Aceasta const\u0103 nu doar \u00een stingerea luminii pentru o or\u0103 ci se refer\u0103 la un adev\u0103rat angajament pentru schimbarea comportamentului \u0219i stilului de via\u021b\u0103 cu scopul de [&hellip;]<\/p>\n","protected":false},"author":6,"featured_media":0,"comment_status":"open","ping_status":"open","sticky":false,"template":"","format":"standard","meta":{"_acf_changed":false,"footnotes":""},"categories":[22],"tags":[],"class_list":["post-96","post","type-post","status-publish","format-standard","hentry","category-noutati-trupa-iosif-vulcan"],"aioseo_notices":[],"aioseo_head":"\n\t\t<!-- All in One SEO Pro 5.0.1.1 - aioseo.com -->\n\t<meta name=\"description\" content=\"Mi\u0219carea Ora P\u0103m\u00e2ntului (Earth Hour) este o ini\u0163iativ\u0103 la nivel mondial care \u00ee\u015fi propune atragerea aten\u0163iei asupra problemelor reprezentate de \u00eenc\u0103lzirea global\u0103 \u015fi pericolul consumului exagerat de resurse. Aceasta const\u0103 nu doar \u00een stingerea luminii pentru o or\u0103 ci se refer\u0103 la un adev\u0103rat angajament pentru schimbarea comportamentului \u0219i stilului de via\u021b\u0103 cu scopul de\" \/>\n\t<meta name=\"robots\" content=\"max-image-preview:large\" \/>\n\t<meta name=\"author\" content=\"Teatrul Regina Maria\"\/>\n\t<link rel=\"canonical\" href=\"https:\/\/www.teatrulreginamaria.ro\/hu\/sustinem-earth-hour\/\" \/>\n\t<meta name=\"generator\" content=\"All in One SEO Pro (AIOSEO) 5.0.1.1\" \/>\n\t\t<meta property=\"og:locale\" content=\"hu_HU\" \/>\n\t\t<meta property=\"og:site_name\" content=\"Teatrul Regina Maria Oradea - Trupa Iosif Vulcan \u0219i Trupa Arcadia\" \/>\n\t\t<meta property=\"og:type\" content=\"article\" \/>\n\t\t<meta property=\"og:title\" content=\"SUS\u0162INEM EARTH HOUR - Teatrul Regina Maria Oradea\" \/>\n\t\t<meta property=\"og:description\" content=\"Mi\u0219carea Ora P\u0103m\u00e2ntului (Earth Hour) este o ini\u0163iativ\u0103 la nivel mondial care \u00ee\u015fi propune atragerea aten\u0163iei asupra problemelor reprezentate de \u00eenc\u0103lzirea global\u0103 \u015fi pericolul consumului exagerat de resurse. Aceasta const\u0103 nu doar \u00een stingerea luminii pentru o or\u0103 ci se refer\u0103 la un adev\u0103rat angajament pentru schimbarea comportamentului \u0219i stilului de via\u021b\u0103 cu scopul de\" \/>\n\t\t<meta property=\"og:url\" content=\"https:\/\/www.teatrulreginamaria.ro\/hu\/sustinem-earth-hour\/\" \/>\n\t\t<meta property=\"og:image\" content=\"https:\/\/www.teatrulreginamaria.ro\/wp-content\/uploads\/2025\/03\/trm-istoric-01.jpg\" \/>\n\t\t<meta property=\"og:image:secure_url\" content=\"https:\/\/www.teatrulreginamaria.ro\/wp-content\/uploads\/2025\/03\/trm-istoric-01.jpg\" \/>\n\t\t<meta property=\"og:image:width\" content=\"1200\" \/>\n\t\t<meta property=\"og:image:height\" content=\"800\" \/>\n\t\t<meta property=\"article:published_time\" content=\"2012-03-28T14:11:04+00:00\" \/>\n\t\t<meta property=\"article:modified_time\" content=\"2012-03-28T14:11:04+00:00\" \/>\n\t\t<meta property=\"article:publisher\" content=\"https:\/\/www.facebook.com\/TRMTrupaIosifVulcan\/\" \/>\n\t\t<meta name=\"twitter:card\" content=\"summary_large_image\" \/>\n\t\t<meta name=\"twitter:site\" content=\"@TRMOradea\" \/>\n\t\t<meta name=\"twitter:title\" content=\"SUS\u0162INEM EARTH HOUR - Teatrul Regina Maria Oradea\" \/>\n\t\t<meta name=\"twitter:description\" content=\"Mi\u0219carea Ora P\u0103m\u00e2ntului (Earth Hour) este o ini\u0163iativ\u0103 la nivel mondial care \u00ee\u015fi propune atragerea aten\u0163iei asupra problemelor reprezentate de \u00eenc\u0103lzirea global\u0103 \u015fi pericolul consumului exagerat de resurse. Aceasta const\u0103 nu doar \u00een stingerea luminii pentru o or\u0103 ci se refer\u0103 la un adev\u0103rat angajament pentru schimbarea comportamentului \u0219i stilului de via\u021b\u0103 cu scopul de\" \/>\n\t\t<meta name=\"twitter:creator\" content=\"@TRMOradea\" \/>\n\t\t<meta name=\"twitter:image\" content=\"https:\/\/www.teatrulreginamaria.ro\/wp-content\/uploads\/2025\/03\/trm-istoric-01.jpg\" \/>\n\t\t<script type=\"application\/ld+json\" class=\"aioseo-schema\">\n\t\t\t{\"@context\":\"https:\\\/\\\/schema.org\",\"@graph\":[{\"@type\":\"BlogPosting\",\"@id\":\"https:\\\/\\\/www.teatrulreginamaria.ro\\\/hu\\\/sustinem-earth-hour\\\/#blogposting\",\"name\":\"SUS\\u0162INEM EARTH HOUR - Teatrul Regina Maria Oradea\",\"headline\":\"SUS\\u0162INEM EARTH HOUR\",\"author\":{\"@id\":\"https:\\\/\\\/www.teatrulreginamaria.ro\\\/hu\\\/author\\\/w3bmaster\\\/#author\"},\"publisher\":{\"@id\":\"https:\\\/\\\/www.teatrulreginamaria.ro\\\/hu\\\/#organization\"},\"image\":{\"@type\":\"ImageObject\",\"url\":\"https:\\\/\\\/www.teatrulreginamaria.ro\\\/wp-content\\\/uploads\\\/2025\\\/06\\\/logo-trm-01-dark.png\",\"@id\":\"https:\\\/\\\/www.teatrulreginamaria.ro\\\/hu\\\/#articleImage\",\"width\":300,\"height\":148},\"datePublished\":\"2012-03-28T14:11:04+03:00\",\"dateModified\":\"2012-03-28T14:11:04+03:00\",\"inLanguage\":\"hu-HU\",\"mainEntityOfPage\":{\"@id\":\"https:\\\/\\\/www.teatrulreginamaria.ro\\\/hu\\\/sustinem-earth-hour\\\/#webpage\"},\"isPartOf\":{\"@id\":\"https:\\\/\\\/www.teatrulreginamaria.ro\\\/hu\\\/sustinem-earth-hour\\\/#webpage\"},\"articleSection\":\"Nout\\u0103\\u021bi - Trupa Iosif Vulcan\"},{\"@type\":\"BreadcrumbList\",\"@id\":\"https:\\\/\\\/www.teatrulreginamaria.ro\\\/hu\\\/sustinem-earth-hour\\\/#breadcrumblist\",\"itemListElement\":[{\"@type\":\"ListItem\",\"@id\":\"https:\\\/\\\/www.teatrulreginamaria.ro\\\/hu#listItem\",\"position\":1,\"name\":\"Home\",\"item\":\"https:\\\/\\\/www.teatrulreginamaria.ro\\\/hu\",\"nextItem\":{\"@type\":\"ListItem\",\"@id\":\"https:\\\/\\\/www.teatrulreginamaria.ro\\\/hu\\\/categorie\\\/noutati\\\/#listItem\",\"name\":\"Nout\\u0103\\u021bi\"}},{\"@type\":\"ListItem\",\"@id\":\"https:\\\/\\\/www.teatrulreginamaria.ro\\\/hu\\\/categorie\\\/noutati\\\/#listItem\",\"position\":2,\"name\":\"Nout\\u0103\\u021bi\",\"item\":\"https:\\\/\\\/www.teatrulreginamaria.ro\\\/hu\\\/categorie\\\/noutati\\\/\",\"nextItem\":{\"@type\":\"ListItem\",\"@id\":\"https:\\\/\\\/www.teatrulreginamaria.ro\\\/hu\\\/categorie\\\/noutati\\\/noutati-trupa-iosif-vulcan\\\/#listItem\",\"name\":\"Nout\\u0103\\u021bi - Trupa Iosif Vulcan\"},\"previousItem\":{\"@type\":\"ListItem\",\"@id\":\"https:\\\/\\\/www.teatrulreginamaria.ro\\\/hu#listItem\",\"name\":\"Home\"}},{\"@type\":\"ListItem\",\"@id\":\"https:\\\/\\\/www.teatrulreginamaria.ro\\\/hu\\\/categorie\\\/noutati\\\/noutati-trupa-iosif-vulcan\\\/#listItem\",\"position\":3,\"name\":\"Nout\\u0103\\u021bi - Trupa Iosif Vulcan\",\"item\":\"https:\\\/\\\/www.teatrulreginamaria.ro\\\/hu\\\/categorie\\\/noutati\\\/noutati-trupa-iosif-vulcan\\\/\",\"nextItem\":{\"@type\":\"ListItem\",\"@id\":\"https:\\\/\\\/www.teatrulreginamaria.ro\\\/hu\\\/sustinem-earth-hour\\\/#listItem\",\"name\":\"SUS\\u0162INEM EARTH HOUR\"},\"previousItem\":{\"@type\":\"ListItem\",\"@id\":\"https:\\\/\\\/www.teatrulreginamaria.ro\\\/hu\\\/categorie\\\/noutati\\\/#listItem\",\"name\":\"Nout\\u0103\\u021bi\"}},{\"@type\":\"ListItem\",\"@id\":\"https:\\\/\\\/www.teatrulreginamaria.ro\\\/hu\\\/sustinem-earth-hour\\\/#listItem\",\"position\":4,\"name\":\"SUS\\u0162INEM EARTH HOUR\",\"previousItem\":{\"@type\":\"ListItem\",\"@id\":\"https:\\\/\\\/www.teatrulreginamaria.ro\\\/hu\\\/categorie\\\/noutati\\\/noutati-trupa-iosif-vulcan\\\/#listItem\",\"name\":\"Nout\\u0103\\u021bi - Trupa Iosif Vulcan\"}}]},{\"@type\":\"Organization\",\"@id\":\"https:\\\/\\\/www.teatrulreginamaria.ro\\\/hu\\\/#organization\",\"name\":\"Teatrul Regina Maria Oradea\",\"description\":\"Trupa Iosif Vulcan \\u0219i Trupa Arcadia\",\"url\":\"https:\\\/\\\/www.teatrulreginamaria.ro\\\/hu\\\/\",\"email\":\"marketing@teatrulreginamaria.ro\",\"telephone\":\"+40359411534\",\"numberOfEmployees\":{\"@type\":\"QuantitativeValue\",\"minValue\":0,\"maxValue\":150},\"logo\":{\"@type\":\"ImageObject\",\"url\":\"https:\\\/\\\/www.teatrulreginamaria.ro\\\/wp-content\\\/uploads\\\/2025\\\/06\\\/logo-trm-01-dark.png\",\"@id\":\"https:\\\/\\\/www.teatrulreginamaria.ro\\\/hu\\\/sustinem-earth-hour\\\/#organizationLogo\",\"width\":300,\"height\":148},\"image\":{\"@id\":\"https:\\\/\\\/www.teatrulreginamaria.ro\\\/hu\\\/sustinem-earth-hour\\\/#organizationLogo\"},\"sameAs\":[\"https:\\\/\\\/www.facebook.com\\\/TRMTrupaIosifVulcan\\\/\",\"https:\\\/\\\/x.com\\\/TRMOradea\",\"https:\\\/\\\/www.instagram.com\\\/teatrul_regina_maria\\\/\",\"https:\\\/\\\/www.youtube.com\\\/c\\\/TeatrulReginaMariaOradea\",\"https:\\\/\\\/www.linkedin.com\\\/company\\\/teatrul-regina-maria\"]},{\"@type\":\"Person\",\"@id\":\"https:\\\/\\\/www.teatrulreginamaria.ro\\\/hu\\\/author\\\/w3bmaster\\\/#author\",\"url\":\"https:\\\/\\\/www.teatrulreginamaria.ro\\\/hu\\\/author\\\/w3bmaster\\\/\",\"name\":\"Teatrul Regina Maria\",\"image\":{\"@type\":\"ImageObject\",\"@id\":\"https:\\\/\\\/www.teatrulreginamaria.ro\\\/hu\\\/sustinem-earth-hour\\\/#authorImage\",\"url\":\"https:\\\/\\\/secure.gravatar.com\\\/avatar\\\/5884139d508ae3f0bafe45e60563b48a9640146d3b08ccc6278c305ff9329305?s=96&d=mm&r=g\",\"width\":96,\"height\":96,\"caption\":\"Teatrul Regina Maria\"}},{\"@type\":\"WebPage\",\"@id\":\"https:\\\/\\\/www.teatrulreginamaria.ro\\\/hu\\\/sustinem-earth-hour\\\/#webpage\",\"url\":\"https:\\\/\\\/www.teatrulreginamaria.ro\\\/hu\\\/sustinem-earth-hour\\\/\",\"name\":\"SUS\\u0162INEM EARTH HOUR - Teatrul Regina Maria Oradea\",\"description\":\"Mi\\u0219carea Ora P\\u0103m\\u00e2ntului (Earth Hour) este o ini\\u0163iativ\\u0103 la nivel mondial care \\u00ee\\u015fi propune atragerea aten\\u0163iei asupra problemelor reprezentate de \\u00eenc\\u0103lzirea global\\u0103 \\u015fi pericolul consumului exagerat de resurse. Aceasta const\\u0103 nu doar \\u00een stingerea luminii pentru o or\\u0103 ci se refer\\u0103 la un adev\\u0103rat angajament pentru schimbarea comportamentului \\u0219i stilului de via\\u021b\\u0103 cu scopul de\",\"inLanguage\":\"hu-HU\",\"isPartOf\":{\"@id\":\"https:\\\/\\\/www.teatrulreginamaria.ro\\\/hu\\\/#website\"},\"breadcrumb\":{\"@id\":\"https:\\\/\\\/www.teatrulreginamaria.ro\\\/hu\\\/sustinem-earth-hour\\\/#breadcrumblist\"},\"author\":{\"@id\":\"https:\\\/\\\/www.teatrulreginamaria.ro\\\/hu\\\/author\\\/w3bmaster\\\/#author\"},\"creator\":{\"@id\":\"https:\\\/\\\/www.teatrulreginamaria.ro\\\/hu\\\/author\\\/w3bmaster\\\/#author\"},\"datePublished\":\"2012-03-28T14:11:04+03:00\",\"dateModified\":\"2012-03-28T14:11:04+03:00\"},{\"@type\":\"WebSite\",\"@id\":\"https:\\\/\\\/www.teatrulreginamaria.ro\\\/hu\\\/#website\",\"url\":\"https:\\\/\\\/www.teatrulreginamaria.ro\\\/hu\\\/\",\"name\":\"Teatrul Regina Maria Oradea\",\"alternateName\":\"TRM Oradea\",\"description\":\"Trupa Iosif Vulcan \\u0219i Trupa Arcadia\",\"inLanguage\":\"hu-HU\",\"publisher\":{\"@id\":\"https:\\\/\\\/www.teatrulreginamaria.ro\\\/hu\\\/#organization\"}}]}\n\t\t<\/script>\n\t\t<!-- All in One SEO Pro -->\r\n\t\t<title>SUS\u0162INEM EARTH HOUR - Teatrul Regina Maria Oradea<\/title>\n\n","aioseo_head_json":{"title":"T\u00c1MOGATJUK A F\u00d6LD \u00d3R\u00c1J\u00c1T - Regina Maria Sz\u00ednh\u00e1z Nagyv\u00e1radon","description":"A F\u00f6ld \u00d3r\u00e1ja mozgalom egy vil\u00e1gm\u00e9ret\u0171 kezdem\u00e9nyez\u00e9s, amelynek c\u00e9lja, hogy felh\u00edvja a figyelmet a glob\u00e1lis felmeleged\u00e9s jelentette probl\u00e9m\u00e1kra \u00e9s az er\u0151forr\u00e1sok t\u00falzott fogyaszt\u00e1s\u00e1nak vesz\u00e9lyeire. Nem csup\u00e1n a villany egy \u00f3r\u00e1ra t\u00f6rt\u00e9n\u0151 lekapcsol\u00e1s\u00e1b\u00f3l \u00e1ll, hanem a viselked\u00e9s \u00e9s az \u00e9letm\u00f3d megv\u00e1ltoztat\u00e1s\u00e1ra val\u00f3 val\u00f3di elk\u00f6telezetts\u00e9gr\u0151l is sz\u00f3l annak \u00e9rdek\u00e9ben, hogy...","canonical_url":"https:\/\/www.teatrulreginamaria.ro\/hu\/sustinem-earth-hour\/","robots":"max-image-preview:large","keywords":"","webmasterTools":{"miscellaneous":""},"schema":{"@context":"https:\/\/schema.org","@graph":[{"@type":"BlogPosting","@id":"https:\/\/www.teatrulreginamaria.ro\/hu\/sustinem-earth-hour\/#blogposting","name":"SUS\u0162INEM EARTH HOUR - Teatrul Regina Maria Oradea","headline":"SUS\u0162INEM EARTH HOUR","author":{"@id":"https:\/\/www.teatrulreginamaria.ro\/hu\/author\/w3bmaster\/#author"},"publisher":{"@id":"https:\/\/www.teatrulreginamaria.ro\/hu\/#organization"},"image":{"@type":"ImageObject","url":"https:\/\/www.teatrulreginamaria.ro\/wp-content\/uploads\/2025\/06\/logo-trm-01-dark.png","@id":"https:\/\/www.teatrulreginamaria.ro\/hu\/#articleImage","width":300,"height":148},"datePublished":"2012-03-28T14:11:04+03:00","dateModified":"2012-03-28T14:11:04+03:00","inLanguage":"hu-HU","mainEntityOfPage":{"@id":"https:\/\/www.teatrulreginamaria.ro\/hu\/sustinem-earth-hour\/#webpage"},"isPartOf":{"@id":"https:\/\/www.teatrulreginamaria.ro\/hu\/sustinem-earth-hour\/#webpage"},"articleSection":"Nout\u0103\u021bi - Trupa Iosif Vulcan"},{"@type":"BreadcrumbList","@id":"https:\/\/www.teatrulreginamaria.ro\/hu\/sustinem-earth-hour\/#breadcrumblist","itemListElement":[{"@type":"ListItem","@id":"https:\/\/www.teatrulreginamaria.ro\/hu#listItem","position":1,"name":"Home","item":"https:\/\/www.teatrulreginamaria.ro\/hu","nextItem":{"@type":"ListItem","@id":"https:\/\/www.teatrulreginamaria.ro\/hu\/categorie\/noutati\/#listItem","name":"Nout\u0103\u021bi"}},{"@type":"ListItem","@id":"https:\/\/www.teatrulreginamaria.ro\/hu\/categorie\/noutati\/#listItem","position":2,"name":"Nout\u0103\u021bi","item":"https:\/\/www.teatrulreginamaria.ro\/hu\/categorie\/noutati\/","nextItem":{"@type":"ListItem","@id":"https:\/\/www.teatrulreginamaria.ro\/hu\/categorie\/noutati\/noutati-trupa-iosif-vulcan\/#listItem","name":"Nout\u0103\u021bi - Trupa Iosif Vulcan"},"previousItem":{"@type":"ListItem","@id":"https:\/\/www.teatrulreginamaria.ro\/hu#listItem","name":"Home"}},{"@type":"ListItem","@id":"https:\/\/www.teatrulreginamaria.ro\/hu\/categorie\/noutati\/noutati-trupa-iosif-vulcan\/#listItem","position":3,"name":"Nout\u0103\u021bi - Trupa Iosif Vulcan","item":"https:\/\/www.teatrulreginamaria.ro\/hu\/categorie\/noutati\/noutati-trupa-iosif-vulcan\/","nextItem":{"@type":"ListItem","@id":"https:\/\/www.teatrulreginamaria.ro\/hu\/sustinem-earth-hour\/#listItem","name":"SUS\u0162INEM EARTH HOUR"},"previousItem":{"@type":"ListItem","@id":"https:\/\/www.teatrulreginamaria.ro\/hu\/categorie\/noutati\/#listItem","name":"Nout\u0103\u021bi"}},{"@type":"ListItem","@id":"https:\/\/www.teatrulreginamaria.ro\/hu\/sustinem-earth-hour\/#listItem","position":4,"name":"SUS\u0162INEM EARTH HOUR","previousItem":{"@type":"ListItem","@id":"https:\/\/www.teatrulreginamaria.ro\/hu\/categorie\/noutati\/noutati-trupa-iosif-vulcan\/#listItem","name":"Nout\u0103\u021bi - Trupa Iosif Vulcan"}}]},{"@type":"Organization","@id":"https:\/\/www.teatrulreginamaria.ro\/hu\/#organization","name":"Teatrul Regina Maria Oradea","description":"Trupa Iosif Vulcan \u0219i Trupa Arcadia","url":"https:\/\/www.teatrulreginamaria.ro\/hu\/","email":"marketing@teatrulreginamaria.ro","telephone":"+40359411534","numberOfEmployees":{"@type":"QuantitativeValue","minValue":0,"maxValue":150},"logo":{"@type":"ImageObject","url":"https:\/\/www.teatrulreginamaria.ro\/wp-content\/uploads\/2025\/06\/logo-trm-01-dark.png","@id":"https:\/\/www.teatrulreginamaria.ro\/hu\/sustinem-earth-hour\/#organizationLogo","width":300,"height":148},"image":{"@id":"https:\/\/www.teatrulreginamaria.ro\/hu\/sustinem-earth-hour\/#organizationLogo"},"sameAs":["https:\/\/www.facebook.com\/TRMTrupaIosifVulcan\/","https:\/\/x.com\/TRMOradea","https:\/\/www.instagram.com\/teatrul_regina_maria\/","https:\/\/www.youtube.com\/c\/TeatrulReginaMariaOradea","https:\/\/www.linkedin.com\/company\/teatrul-regina-maria"]},{"@type":"Person","@id":"https:\/\/www.teatrulreginamaria.ro\/hu\/author\/w3bmaster\/#author","url":"https:\/\/www.teatrulreginamaria.ro\/hu\/author\/w3bmaster\/","name":"Teatrul Regina Maria","image":{"@type":"ImageObject","@id":"https:\/\/www.teatrulreginamaria.ro\/hu\/sustinem-earth-hour\/#authorImage","url":"https:\/\/secure.gravatar.com\/avatar\/5884139d508ae3f0bafe45e60563b48a9640146d3b08ccc6278c305ff9329305?s=96&d=mm&r=g","width":96,"height":96,"caption":"Teatrul Regina Maria"}},{"@type":"WebPage","@id":"https:\/\/www.teatrulreginamaria.ro\/hu\/sustinem-earth-hour\/#webpage","url":"https:\/\/www.teatrulreginamaria.ro\/hu\/sustinem-earth-hour\/","name":"SUS\u0162INEM EARTH HOUR - Teatrul Regina Maria Oradea","description":"Mi\u0219carea Ora P\u0103m\u00e2ntului (Earth Hour) este o ini\u0163iativ\u0103 la nivel mondial care \u00ee\u015fi propune atragerea aten\u0163iei asupra problemelor reprezentate de \u00eenc\u0103lzirea global\u0103 \u015fi pericolul consumului exagerat de resurse. Aceasta const\u0103 nu doar \u00een stingerea luminii pentru o or\u0103 ci se refer\u0103 la un adev\u0103rat angajament pentru schimbarea comportamentului \u0219i stilului de via\u021b\u0103 cu scopul de","inLanguage":"hu-HU","isPartOf":{"@id":"https:\/\/www.teatrulreginamaria.ro\/hu\/#website"},"breadcrumb":{"@id":"https:\/\/www.teatrulreginamaria.ro\/hu\/sustinem-earth-hour\/#breadcrumblist"},"author":{"@id":"https:\/\/www.teatrulreginamaria.ro\/hu\/author\/w3bmaster\/#author"},"creator":{"@id":"https:\/\/www.teatrulreginamaria.ro\/hu\/author\/w3bmaster\/#author"},"datePublished":"2012-03-28T14:11:04+03:00","dateModified":"2012-03-28T14:11:04+03:00"},{"@type":"WebSite","@id":"https:\/\/www.teatrulreginamaria.ro\/hu\/#website","url":"https:\/\/www.teatrulreginamaria.ro\/hu\/","name":"Teatrul Regina Maria Oradea","alternateName":"TRM Oradea","description":"Trupa Iosif Vulcan \u0219i Trupa Arcadia","inLanguage":"hu-HU","publisher":{"@id":"https:\/\/www.teatrulreginamaria.ro\/hu\/#organization"}}]},"og:locale":"hu_HU","og:site_name":"Teatrul Regina Maria Oradea - Trupa Iosif Vulcan \u0219i Trupa Arcadia","og:type":"article","og:title":"SUS\u0162INEM EARTH HOUR - Teatrul Regina Maria Oradea","og:description":"Mi\u0219carea Ora P\u0103m\u00e2ntului (Earth Hour) este o ini\u0163iativ\u0103 la nivel mondial care \u00ee\u015fi propune atragerea aten\u0163iei asupra problemelor reprezentate de \u00eenc\u0103lzirea global\u0103 \u015fi pericolul consumului exagerat de resurse. Aceasta const\u0103 nu doar \u00een stingerea luminii pentru o or\u0103 ci se refer\u0103 la un adev\u0103rat angajament pentru schimbarea comportamentului \u0219i stilului de via\u021b\u0103 cu scopul de","og:url":"https:\/\/www.teatrulreginamaria.ro\/hu\/sustinem-earth-hour\/","og:image":"https:\/\/www.teatrulreginamaria.ro\/wp-content\/uploads\/2025\/03\/trm-istoric-01.jpg","og:image:secure_url":"https:\/\/www.teatrulreginamaria.ro\/wp-content\/uploads\/2025\/03\/trm-istoric-01.jpg","og:image:width":1200,"og:image:height":800,"article:published_time":"2012-03-28T14:11:04+00:00","article:modified_time":"2012-03-28T14:11:04+00:00","article:publisher":"https:\/\/www.facebook.com\/TRMTrupaIosifVulcan\/","twitter:card":"summary_large_image","twitter:site":"@TRMOradea","twitter:title":"SUS\u0162INEM EARTH HOUR - Teatrul Regina Maria Oradea","twitter:description":"Mi\u0219carea Ora P\u0103m\u00e2ntului (Earth Hour) este o ini\u0163iativ\u0103 la nivel mondial care \u00ee\u015fi propune atragerea aten\u0163iei asupra problemelor reprezentate de \u00eenc\u0103lzirea global\u0103 \u015fi pericolul consumului exagerat de resurse. Aceasta const\u0103 nu doar \u00een stingerea luminii pentru o or\u0103 ci se refer\u0103 la un adev\u0103rat angajament pentru schimbarea comportamentului \u0219i stilului de via\u021b\u0103 cu scopul de","twitter:creator":"@TRMOradea","twitter:image":"https:\/\/www.teatrulreginamaria.ro\/wp-content\/uploads\/2025\/03\/trm-istoric-01.jpg"},"aioseo_meta_data":{"post_id":"96","title":null,"description":null,"keywords":null,"keyphrases":null,"primary_term":null,"canonical_url":null,"og_title":null,"og_description":null,"og_object_type":"default","og_image_type":"default","og_image_url":null,"og_image_width":null,"og_image_height":null,"og_image_custom_url":null,"og_image_custom_fields":null,"og_video":null,"og_custom_url":null,"og_article_section":null,"og_article_tags":null,"twitter_use_og":false,"twitter_card":"default","twitter_image_type":"default","twitter_image_url":null,"twitter_image_custom_url":null,"twitter_image_custom_fields":null,"twitter_title":null,"twitter_description":null,"schema":{"blockGraphs":[],"customGraphs":[],"default":{"data":{"Article":[],"Course":[],"Dataset":[],"FAQPage":[],"Movie":[],"Person":[],"Product":[],"ProductReview":[],"Car":[],"Recipe":[],"Service":[],"SoftwareApplication":[],"WebPage":[]},"graphName":"","isEnabled":true},"graphs":[]},"schema_type":"default","schema_type_options":null,"pillar_content":false,"robots_default":true,"robots_noindex":false,"robots_noarchive":false,"robots_nosnippet":false,"robots_nofollow":false,"robots_noimageindex":false,"robots_noodp":false,"robots_notranslate":false,"robots_max_snippet":null,"robots_max_videopreview":null,"robots_max_imagepreview":"large","priority":null,"frequency":null,"local_seo":null,"seo_analyzer_scan_date":"2026-05-12 23:25:39","breadcrumb_settings":null,"limit_modified_date":false,"reviewed_by":null,"open_ai":null,"ai":null,"created":"2025-04-09 17:40:54","updated":"2026-05-12 23:25:39","focus_keyword":null,"additional_keywords":null,"truseo_locale":null},"aioseo_breadcrumb":"<div class=\"aioseo-breadcrumbs\"><span class=\"aioseo-breadcrumb\">\n\t<a href=\"https:\/\/www.teatrulreginamaria.ro\/hu\" title=\"Home\">Home<\/a>\n<\/span><span class=\"aioseo-breadcrumb-separator\">&raquo;<\/span><span class=\"aioseo-breadcrumb\">\n\t<a href=\"https:\/\/www.teatrulreginamaria.ro\/hu\/categorie\/noutati\/\" title=\"Nout\u0103\u021bi\">Nout\u0103\u021bi<\/a>\n<\/span><span class=\"aioseo-breadcrumb-separator\">&raquo;<\/span><span class=\"aioseo-breadcrumb\">\n\t<a href=\"https:\/\/www.teatrulreginamaria.ro\/hu\/categorie\/noutati\/noutati-trupa-iosif-vulcan\/\" title=\"Nout\u0103\u021bi - Trupa Iosif Vulcan\">Nout\u0103\u021bi - Trupa Iosif Vulcan<\/a>\n<\/span><span class=\"aioseo-breadcrumb-separator\">&raquo;<\/span><span class=\"aioseo-breadcrumb\">\n\tSUS\u0162INEM EARTH HOUR\n<\/span><\/div>","aioseo_breadcrumb_json":[{"label":"Home","link":"https:\/\/www.teatrulreginamaria.ro\/hu"},{"label":"Nout\u0103\u021bi","link":"https:\/\/www.teatrulreginamaria.ro\/hu\/categorie\/noutati\/"},{"label":"Nout\u0103\u021bi - Trupa Iosif Vulcan","link":"https:\/\/www.teatrulreginamaria.ro\/hu\/categorie\/noutati\/noutati-trupa-iosif-vulcan\/"},{"label":"SUS\u0162INEM EARTH HOUR","link":"https:\/\/www.teatrulreginamaria.ro\/hu\/sustinem-earth-hour\/"}],"acf":[],"_links":{"self":[{"href":"https:\/\/www.teatrulreginamaria.ro\/hu\/wp-json\/wp\/v2\/posts\/96","targetHints":{"allow":["GET"]}}],"collection":[{"href":"https:\/\/www.teatrulreginamaria.ro\/hu\/wp-json\/wp\/v2\/posts"}],"about":[{"href":"https:\/\/www.teatrulreginamaria.ro\/hu\/wp-json\/wp\/v2\/types\/post"}],"author":[{"embeddable":true,"href":"https:\/\/www.teatrulreginamaria.ro\/hu\/wp-json\/wp\/v2\/users\/6"}],"replies":[{"embeddable":true,"href":"https:\/\/www.teatrulreginamaria.ro\/hu\/wp-json\/wp\/v2\/comments?post=96"}],"version-history":[{"count":0,"href":"https:\/\/www.teatrulreginamaria.ro\/hu\/wp-json\/wp\/v2\/posts\/96\/revisions"}],"wp:attachment":[{"href":"https:\/\/www.teatrulreginamaria.ro\/hu\/wp-json\/wp\/v2\/media?parent=96"}],"wp:term":[{"taxonomy":"category","embeddable":true,"href":"https:\/\/www.teatrulreginamaria.ro\/hu\/wp-json\/wp\/v2\/categories?post=96"},{"taxonomy":"post_tag","embeddable":true,"href":"https:\/\/www.teatrulreginamaria.ro\/hu\/wp-json\/wp\/v2\/tags?post=96"}],"curies":[{"name":"munkaf\u00fczet","href":"https:\/\/api.w.org\/{rel}","templated":true}]}}