{"id":973,"date":"2013-12-09T11:04:21","date_gmt":"2013-12-09T11:04:21","guid":{"rendered":"https:\/\/teatrulreginamaria.ro\/2013\/12\/09\/dar-din-dar-se-face-sarbatoare\/"},"modified":"2013-12-09T11:04:21","modified_gmt":"2013-12-09T11:04:21","slug":"de-az-ajandekbol-unnep-lesz","status":"publish","type":"post","link":"https:\/\/www.teatrulreginamaria.ro\/hu\/dar-din-dar-se-face-sarbatoare\/","title":{"rendered":"AZ AJ\u00c1ND\u00c9K \u00dcNNEP\u00c9V\u00c9 V\u00c1LIK"},"content":{"rendered":"<p style=\"text-align: justify;\">A Communications Media ezen a t\u00e9len elind\u00edtja a \u201dSeg\u00edts\u00e9g, bekapcsol\u00f3d\u00e1s, oktat\u00e1s!\u201d t\u00e1rsadalmi felel\u0151ss\u00e9gv\u00e1llal\u00e1si projektet, egy sz\u00edvhez sz\u00f3l\u00f3 projektet, amellyel egyr\u00e9szt a h\u00e1tr\u00e1nyos helyzet\u0171 vagy neh\u00e9z anyagi helyzet\u0171 csal\u00e1dokb\u00f3l sz\u00e1rmaz\u00f3 gyermekek oktat\u00e1shoz val\u00f3 hozz\u00e1f\u00e9r\u00e9s\u00e9t k\u00edv\u00e1njuk t\u00e1mogatni, m\u00e1sr\u00e9szt \u00f6szt\u00f6n\u00f6zni tanulm\u00e1nyi \u00e9s m\u0171v\u00e9szeti teljes\u00edtm\u00e9ny\u00fcket.<\/p>\n<p style=\"text-align: justify;\">A projekt els\u0151 esem\u00e9ny\u00e9re az \u201dIoan Slavici\u201d K\u00f6z\u00e9piskol\u00e1ban ker\u00fcl sor december 13-\u00e1n, p\u00e9nteken, 11 \u00f3rakor. Ahogy az aj\u00e1nd\u00e9k \u00fcnnepp\u00e9 v\u00e1lik, itt 250 gyermek \u2013 akiknek t\u00f6bbs\u00e9ge keveset tud a kar\u00e1csonyr\u00f3l \u2013 sz\u00e1mos meglepet\u00e9sben \u00e9s aj\u00e1nd\u00e9kban r\u00e9szes\u00fcl. A Mikul\u00e1s aj\u00e1nd\u00e9kt\u00e1rgyakat \u00e9s \u00e9dess\u00e9geket hoz nekik, a Kiwanis Art \u00f6nk\u00e9ntesei \u00e9s az \u201dEmanuil Gojdu\u201d Nemzeti F\u0151iskola di\u00e1kk\u00f3rusa pedig egy gy\u00f6ny\u00f6r\u0171 kar\u00e1csonyi koncerttel kedveskedik nekik.<\/p>\n<p><!--more--><\/p>\n<p style=\"text-align: justify;\">A \u201dleg\u00e9desebb\u201d meglepet\u00e9s azonban a Regina Maria Sz\u00ednh\u00e1zt\u00f3l sz\u00e1rmazik, a \u201dJancsi \u00e9s Juliska\u201d c\u00edm\u0171 darabbal, amelyet az Arcadia T\u00e1rsulat ad el\u0151, \u00e9s amely n\u00e9lk\u00fcl az \u00f6r\u00f6m nem lett volna tanuls\u00e1gos. Az el\u0151ad\u00e1s ut\u00e1n a mese val\u00f3s\u00e1gg\u00e1 v\u00e1lik, \u00e9s a gyerekek megk\u00f3stolhatj\u00e1k a mes\u00e9ben szerepl\u0151 m\u00e9zeskal\u00e1csot. Biztosak vagyunk benne, hogy a gyerekek \u00f6r\u00f6me bet\u00f6lti majd azon partnerek sz\u00edv\u00e9t is, akik vel\u00fcnk vannak ezen az els\u0151 rendezv\u00e9nyen, \u00e9s haboz\u00e1s n\u00e9lk\u00fcl reag\u00e1ltak kezdem\u00e9nyez\u00e9s\u00fcnkre: Daniel Vulcu \u00far, a Regina Maria Sz\u00ednh\u00e1z igazgat\u00f3ja, Florian Silaghi \u00far, az Arcadia T\u00e1rsulat m\u0171v\u00e9szeti vezet\u0151je, a Kiwanis Art Oradea Egyes\u00fclet \u00e9s az \u201dEmanuil Gojdu\u201d Nemzeti F\u0151iskola di\u00e1kk\u00f3rusa, Delia Vulpe tan\u00e1rn\u0151 vezet\u00e9s\u00e9vel.<\/p>\n<p style=\"text-align: justify;\">Szeretn\u00e9nk, ha a \u201dSeg\u00edts\u00e9g, Bevon\u00e1s, Oktat\u00e1s!\u201d projekt hossz\u00fa t\u00e1v\u00fa lenne, mivel hisz\u00fcnk abban, hogy nem csak \u00fcnnepnapokon tehet\u00fcnk j\u00f3t. Ez\u00e9rt a Communications Media \u00fcgyn\u00f6ks\u00e9g k\u00f6zpontj\u00e1ban havonta oktat\u00e1si \u00e9s kreat\u00edv workshopokat szervez\u00fcnk, amelyek sor\u00e1n tehets\u00e9ges \u00f6nk\u00e9ntesek osztj\u00e1k meg a gyerekekkel szenved\u00e9lyeiket k\u00fcl\u00f6nb\u00f6z\u0151 ter\u00fcleteken.<\/p>","protected":false},"excerpt":{"rendered":"<p>\u00cen aceast\u0103 iarn\u0103, Communications Media lanseaz\u0103 proiectul de responsabilitate social\u0103 \u201dAjut\u0103, implic\u0103-te, educ\u0103!\u201d, un proiect de suflet, prin care dorim at\u00e2t sus\u021binerea accesului la educa\u021bie pentru copiii defavoriza\u021bi sau provenind din familii cu situa\u021bie material\u0103 precar\u0103, c\u00e2t \u0219i stimularea performan\u021belor \u0219colare \u0219i artistice ale acestora. Primul eveniment din cadrul proiectului are loc la \u0218coala Gimnazial\u0103 [&hellip;]<\/p>\n","protected":false},"author":6,"featured_media":0,"comment_status":"open","ping_status":"open","sticky":false,"template":"","format":"standard","meta":{"_acf_changed":false,"footnotes":""},"categories":[22],"tags":[],"class_list":["post-973","post","type-post","status-publish","format-standard","hentry","category-noutati-trupa-iosif-vulcan"],"aioseo_notices":[],"aioseo_head":"\n\t\t<!-- All in One SEO Pro 5.0.1.1 - aioseo.com -->\n\t<meta name=\"description\" content=\"\u00cen aceast\u0103 iarn\u0103, Communications Media lanseaz\u0103 proiectul de responsabilitate social\u0103 \u201dAjut\u0103, implic\u0103-te, educ\u0103!\u201d, un proiect de suflet, prin care dorim at\u00e2t sus\u021binerea accesului la educa\u021bie pentru copiii defavoriza\u021bi sau provenind din familii cu situa\u021bie material\u0103 precar\u0103, c\u00e2t \u0219i stimularea performan\u021belor \u0219colare \u0219i artistice ale acestora. Primul eveniment din cadrul proiectului are loc la \u0218coala Gimnazial\u0103\" \/>\n\t<meta name=\"robots\" content=\"max-image-preview:large\" \/>\n\t<meta name=\"author\" content=\"Teatrul Regina Maria\"\/>\n\t<link rel=\"canonical\" href=\"https:\/\/www.teatrulreginamaria.ro\/hu\/dar-din-dar-se-face-sarbatoare\/\" \/>\n\t<meta name=\"generator\" content=\"All in One SEO Pro (AIOSEO) 5.0.1.1\" \/>\n\t\t<meta property=\"og:locale\" content=\"hu_HU\" \/>\n\t\t<meta property=\"og:site_name\" content=\"Teatrul Regina Maria Oradea - Trupa Iosif Vulcan \u0219i Trupa Arcadia\" \/>\n\t\t<meta property=\"og:type\" content=\"article\" \/>\n\t\t<meta property=\"og:title\" content=\"DAR DIN DAR SE FACE S\u0102RB\u0102TOARE - Teatrul Regina Maria Oradea\" \/>\n\t\t<meta property=\"og:description\" content=\"\u00cen aceast\u0103 iarn\u0103, Communications Media lanseaz\u0103 proiectul de responsabilitate social\u0103 \u201dAjut\u0103, implic\u0103-te, educ\u0103!\u201d, un proiect de suflet, prin care dorim at\u00e2t sus\u021binerea accesului la educa\u021bie pentru copiii defavoriza\u021bi sau provenind din familii cu situa\u021bie material\u0103 precar\u0103, c\u00e2t \u0219i stimularea performan\u021belor \u0219colare \u0219i artistice ale acestora. Primul eveniment din cadrul proiectului are loc la \u0218coala Gimnazial\u0103\" \/>\n\t\t<meta property=\"og:url\" content=\"https:\/\/www.teatrulreginamaria.ro\/hu\/dar-din-dar-se-face-sarbatoare\/\" \/>\n\t\t<meta property=\"og:image\" content=\"https:\/\/www.teatrulreginamaria.ro\/wp-content\/uploads\/2025\/03\/trm-istoric-01.jpg\" \/>\n\t\t<meta property=\"og:image:secure_url\" content=\"https:\/\/www.teatrulreginamaria.ro\/wp-content\/uploads\/2025\/03\/trm-istoric-01.jpg\" \/>\n\t\t<meta property=\"og:image:width\" content=\"1200\" \/>\n\t\t<meta property=\"og:image:height\" content=\"800\" \/>\n\t\t<meta property=\"article:published_time\" content=\"2013-12-09T11:04:21+00:00\" \/>\n\t\t<meta property=\"article:modified_time\" content=\"2013-12-09T11:04:21+00:00\" \/>\n\t\t<meta property=\"article:publisher\" content=\"https:\/\/www.facebook.com\/TRMTrupaIosifVulcan\/\" \/>\n\t\t<meta name=\"twitter:card\" content=\"summary_large_image\" \/>\n\t\t<meta name=\"twitter:site\" content=\"@TRMOradea\" \/>\n\t\t<meta name=\"twitter:title\" content=\"DAR DIN DAR SE FACE S\u0102RB\u0102TOARE - Teatrul Regina Maria Oradea\" \/>\n\t\t<meta name=\"twitter:description\" content=\"\u00cen aceast\u0103 iarn\u0103, Communications Media lanseaz\u0103 proiectul de responsabilitate social\u0103 \u201dAjut\u0103, implic\u0103-te, educ\u0103!\u201d, un proiect de suflet, prin care dorim at\u00e2t sus\u021binerea accesului la educa\u021bie pentru copiii defavoriza\u021bi sau provenind din familii cu situa\u021bie material\u0103 precar\u0103, c\u00e2t \u0219i stimularea performan\u021belor \u0219colare \u0219i artistice ale acestora. Primul eveniment din cadrul proiectului are loc la \u0218coala Gimnazial\u0103\" \/>\n\t\t<meta name=\"twitter:creator\" content=\"@TRMOradea\" \/>\n\t\t<meta name=\"twitter:image\" content=\"https:\/\/www.teatrulreginamaria.ro\/wp-content\/uploads\/2025\/03\/trm-istoric-01.jpg\" \/>\n\t\t<script type=\"application\/ld+json\" class=\"aioseo-schema\">\n\t\t\t{\"@context\":\"https:\\\/\\\/schema.org\",\"@graph\":[{\"@type\":\"BlogPosting\",\"@id\":\"https:\\\/\\\/www.teatrulreginamaria.ro\\\/hu\\\/dar-din-dar-se-face-sarbatoare\\\/#blogposting\",\"name\":\"DAR DIN DAR SE FACE S\\u0102RB\\u0102TOARE - Teatrul Regina Maria Oradea\",\"headline\":\"DAR DIN DAR SE FACE S\\u0102RB\\u0102TOARE\",\"author\":{\"@id\":\"https:\\\/\\\/www.teatrulreginamaria.ro\\\/hu\\\/author\\\/w3bmaster\\\/#author\"},\"publisher\":{\"@id\":\"https:\\\/\\\/www.teatrulreginamaria.ro\\\/hu\\\/#organization\"},\"image\":{\"@type\":\"ImageObject\",\"url\":\"https:\\\/\\\/www.teatrulreginamaria.ro\\\/wp-content\\\/uploads\\\/2025\\\/06\\\/logo-trm-01-dark.png\",\"@id\":\"https:\\\/\\\/www.teatrulreginamaria.ro\\\/hu\\\/#articleImage\",\"width\":300,\"height\":148},\"datePublished\":\"2013-12-09T11:04:21+02:00\",\"dateModified\":\"2013-12-09T11:04:21+02:00\",\"inLanguage\":\"hu-HU\",\"mainEntityOfPage\":{\"@id\":\"https:\\\/\\\/www.teatrulreginamaria.ro\\\/hu\\\/dar-din-dar-se-face-sarbatoare\\\/#webpage\"},\"isPartOf\":{\"@id\":\"https:\\\/\\\/www.teatrulreginamaria.ro\\\/hu\\\/dar-din-dar-se-face-sarbatoare\\\/#webpage\"},\"articleSection\":\"Nout\\u0103\\u021bi - Trupa Iosif Vulcan\"},{\"@type\":\"BreadcrumbList\",\"@id\":\"https:\\\/\\\/www.teatrulreginamaria.ro\\\/hu\\\/dar-din-dar-se-face-sarbatoare\\\/#breadcrumblist\",\"itemListElement\":[{\"@type\":\"ListItem\",\"@id\":\"https:\\\/\\\/www.teatrulreginamaria.ro\\\/hu#listItem\",\"position\":1,\"name\":\"Home\",\"item\":\"https:\\\/\\\/www.teatrulreginamaria.ro\\\/hu\",\"nextItem\":{\"@type\":\"ListItem\",\"@id\":\"https:\\\/\\\/www.teatrulreginamaria.ro\\\/hu\\\/categorie\\\/noutati\\\/#listItem\",\"name\":\"Nout\\u0103\\u021bi\"}},{\"@type\":\"ListItem\",\"@id\":\"https:\\\/\\\/www.teatrulreginamaria.ro\\\/hu\\\/categorie\\\/noutati\\\/#listItem\",\"position\":2,\"name\":\"Nout\\u0103\\u021bi\",\"item\":\"https:\\\/\\\/www.teatrulreginamaria.ro\\\/hu\\\/categorie\\\/noutati\\\/\",\"nextItem\":{\"@type\":\"ListItem\",\"@id\":\"https:\\\/\\\/www.teatrulreginamaria.ro\\\/hu\\\/categorie\\\/noutati\\\/noutati-trupa-iosif-vulcan\\\/#listItem\",\"name\":\"Nout\\u0103\\u021bi - Trupa Iosif Vulcan\"},\"previousItem\":{\"@type\":\"ListItem\",\"@id\":\"https:\\\/\\\/www.teatrulreginamaria.ro\\\/hu#listItem\",\"name\":\"Home\"}},{\"@type\":\"ListItem\",\"@id\":\"https:\\\/\\\/www.teatrulreginamaria.ro\\\/hu\\\/categorie\\\/noutati\\\/noutati-trupa-iosif-vulcan\\\/#listItem\",\"position\":3,\"name\":\"Nout\\u0103\\u021bi - Trupa Iosif Vulcan\",\"item\":\"https:\\\/\\\/www.teatrulreginamaria.ro\\\/hu\\\/categorie\\\/noutati\\\/noutati-trupa-iosif-vulcan\\\/\",\"nextItem\":{\"@type\":\"ListItem\",\"@id\":\"https:\\\/\\\/www.teatrulreginamaria.ro\\\/hu\\\/dar-din-dar-se-face-sarbatoare\\\/#listItem\",\"name\":\"DAR DIN DAR SE FACE S\\u0102RB\\u0102TOARE\"},\"previousItem\":{\"@type\":\"ListItem\",\"@id\":\"https:\\\/\\\/www.teatrulreginamaria.ro\\\/hu\\\/categorie\\\/noutati\\\/#listItem\",\"name\":\"Nout\\u0103\\u021bi\"}},{\"@type\":\"ListItem\",\"@id\":\"https:\\\/\\\/www.teatrulreginamaria.ro\\\/hu\\\/dar-din-dar-se-face-sarbatoare\\\/#listItem\",\"position\":4,\"name\":\"DAR DIN DAR SE FACE S\\u0102RB\\u0102TOARE\",\"previousItem\":{\"@type\":\"ListItem\",\"@id\":\"https:\\\/\\\/www.teatrulreginamaria.ro\\\/hu\\\/categorie\\\/noutati\\\/noutati-trupa-iosif-vulcan\\\/#listItem\",\"name\":\"Nout\\u0103\\u021bi - Trupa Iosif Vulcan\"}}]},{\"@type\":\"Organization\",\"@id\":\"https:\\\/\\\/www.teatrulreginamaria.ro\\\/hu\\\/#organization\",\"name\":\"Teatrul Regina Maria Oradea\",\"description\":\"Trupa Iosif Vulcan \\u0219i Trupa Arcadia\",\"url\":\"https:\\\/\\\/www.teatrulreginamaria.ro\\\/hu\\\/\",\"email\":\"marketing@teatrulreginamaria.ro\",\"telephone\":\"+40359411534\",\"numberOfEmployees\":{\"@type\":\"QuantitativeValue\",\"minValue\":0,\"maxValue\":150},\"logo\":{\"@type\":\"ImageObject\",\"url\":\"https:\\\/\\\/www.teatrulreginamaria.ro\\\/wp-content\\\/uploads\\\/2025\\\/06\\\/logo-trm-01-dark.png\",\"@id\":\"https:\\\/\\\/www.teatrulreginamaria.ro\\\/hu\\\/dar-din-dar-se-face-sarbatoare\\\/#organizationLogo\",\"width\":300,\"height\":148},\"image\":{\"@id\":\"https:\\\/\\\/www.teatrulreginamaria.ro\\\/hu\\\/dar-din-dar-se-face-sarbatoare\\\/#organizationLogo\"},\"sameAs\":[\"https:\\\/\\\/www.facebook.com\\\/TRMTrupaIosifVulcan\\\/\",\"https:\\\/\\\/x.com\\\/TRMOradea\",\"https:\\\/\\\/www.instagram.com\\\/teatrul_regina_maria\\\/\",\"https:\\\/\\\/www.youtube.com\\\/c\\\/TeatrulReginaMariaOradea\",\"https:\\\/\\\/www.linkedin.com\\\/company\\\/teatrul-regina-maria\"]},{\"@type\":\"Person\",\"@id\":\"https:\\\/\\\/www.teatrulreginamaria.ro\\\/hu\\\/author\\\/w3bmaster\\\/#author\",\"url\":\"https:\\\/\\\/www.teatrulreginamaria.ro\\\/hu\\\/author\\\/w3bmaster\\\/\",\"name\":\"Teatrul Regina Maria\",\"image\":{\"@type\":\"ImageObject\",\"@id\":\"https:\\\/\\\/www.teatrulreginamaria.ro\\\/hu\\\/dar-din-dar-se-face-sarbatoare\\\/#authorImage\",\"url\":\"https:\\\/\\\/secure.gravatar.com\\\/avatar\\\/5884139d508ae3f0bafe45e60563b48a9640146d3b08ccc6278c305ff9329305?s=96&d=mm&r=g\",\"width\":96,\"height\":96,\"caption\":\"Teatrul Regina Maria\"}},{\"@type\":\"WebPage\",\"@id\":\"https:\\\/\\\/www.teatrulreginamaria.ro\\\/hu\\\/dar-din-dar-se-face-sarbatoare\\\/#webpage\",\"url\":\"https:\\\/\\\/www.teatrulreginamaria.ro\\\/hu\\\/dar-din-dar-se-face-sarbatoare\\\/\",\"name\":\"DAR DIN DAR SE FACE S\\u0102RB\\u0102TOARE - Teatrul Regina Maria Oradea\",\"description\":\"\\u00cen aceast\\u0103 iarn\\u0103, Communications Media lanseaz\\u0103 proiectul de responsabilitate social\\u0103 \\u201dAjut\\u0103, implic\\u0103-te, educ\\u0103!\\u201d, un proiect de suflet, prin care dorim at\\u00e2t sus\\u021binerea accesului la educa\\u021bie pentru copiii defavoriza\\u021bi sau provenind din familii cu situa\\u021bie material\\u0103 precar\\u0103, c\\u00e2t \\u0219i stimularea performan\\u021belor \\u0219colare \\u0219i artistice ale acestora. Primul eveniment din cadrul proiectului are loc la \\u0218coala Gimnazial\\u0103\",\"inLanguage\":\"hu-HU\",\"isPartOf\":{\"@id\":\"https:\\\/\\\/www.teatrulreginamaria.ro\\\/hu\\\/#website\"},\"breadcrumb\":{\"@id\":\"https:\\\/\\\/www.teatrulreginamaria.ro\\\/hu\\\/dar-din-dar-se-face-sarbatoare\\\/#breadcrumblist\"},\"author\":{\"@id\":\"https:\\\/\\\/www.teatrulreginamaria.ro\\\/hu\\\/author\\\/w3bmaster\\\/#author\"},\"creator\":{\"@id\":\"https:\\\/\\\/www.teatrulreginamaria.ro\\\/hu\\\/author\\\/w3bmaster\\\/#author\"},\"datePublished\":\"2013-12-09T11:04:21+02:00\",\"dateModified\":\"2013-12-09T11:04:21+02:00\"},{\"@type\":\"WebSite\",\"@id\":\"https:\\\/\\\/www.teatrulreginamaria.ro\\\/hu\\\/#website\",\"url\":\"https:\\\/\\\/www.teatrulreginamaria.ro\\\/hu\\\/\",\"name\":\"Teatrul Regina Maria Oradea\",\"alternateName\":\"TRM Oradea\",\"description\":\"Trupa Iosif Vulcan \\u0219i Trupa Arcadia\",\"inLanguage\":\"hu-HU\",\"publisher\":{\"@id\":\"https:\\\/\\\/www.teatrulreginamaria.ro\\\/hu\\\/#organization\"}}]}\n\t\t<\/script>\n\t\t<!-- All in One SEO Pro -->\r\n\t\t<title>DAR DIN DAR SE FACE S\u0102RB\u0102TOARE - Teatrul Regina Maria Oradea<\/title>\n\n","aioseo_head_json":{"title":"AZ AJ\u00c1ND\u00c9K \u00dcNNEP - Regina Maria Sz\u00ednh\u00e1z, Nagyv\u00e1radi","description":"A Communications Media ezen a t\u00e9len elind\u00edtja a \u201dSeg\u00edts\u00e9g, bekapcsol\u00f3d\u00e1s, oktat\u00e1s!\u201d t\u00e1rsadalmi felel\u0151ss\u00e9gv\u00e1llal\u00e1si projektet, egy sz\u00edvb\u0151l j\u00f6v\u0151 kezdem\u00e9nyez\u00e9st, amellyel a h\u00e1tr\u00e1nyos helyzet\u0171 vagy neh\u00e9z anyagi helyzet\u0171 csal\u00e1dokb\u00f3l sz\u00e1rmaz\u00f3 gyermekek oktat\u00e1shoz val\u00f3 hozz\u00e1f\u00e9r\u00e9s\u00e9t szeretn\u00e9nk t\u00e1mogatni, valamint \u00f6szt\u00f6n\u00f6zni tanulm\u00e1nyi \u00e9s m\u0171v\u00e9szeti teljes\u00edtm\u00e9ny\u00fcket. A projekt els\u0151 esem\u00e9ny\u00e9re az \u00c1ltal\u00e1nos Iskol\u00e1ban ker\u00fcl sor.","canonical_url":"https:\/\/www.teatrulreginamaria.ro\/hu\/dar-din-dar-se-face-sarbatoare\/","robots":"max-image-preview:large","keywords":"","webmasterTools":{"miscellaneous":""},"schema":{"@context":"https:\/\/schema.org","@graph":[{"@type":"BlogPosting","@id":"https:\/\/www.teatrulreginamaria.ro\/hu\/dar-din-dar-se-face-sarbatoare\/#blogposting","name":"DAR DIN DAR SE FACE S\u0102RB\u0102TOARE - Teatrul Regina Maria Oradea","headline":"DAR DIN DAR SE FACE S\u0102RB\u0102TOARE","author":{"@id":"https:\/\/www.teatrulreginamaria.ro\/hu\/author\/w3bmaster\/#author"},"publisher":{"@id":"https:\/\/www.teatrulreginamaria.ro\/hu\/#organization"},"image":{"@type":"ImageObject","url":"https:\/\/www.teatrulreginamaria.ro\/wp-content\/uploads\/2025\/06\/logo-trm-01-dark.png","@id":"https:\/\/www.teatrulreginamaria.ro\/hu\/#articleImage","width":300,"height":148},"datePublished":"2013-12-09T11:04:21+02:00","dateModified":"2013-12-09T11:04:21+02:00","inLanguage":"hu-HU","mainEntityOfPage":{"@id":"https:\/\/www.teatrulreginamaria.ro\/hu\/dar-din-dar-se-face-sarbatoare\/#webpage"},"isPartOf":{"@id":"https:\/\/www.teatrulreginamaria.ro\/hu\/dar-din-dar-se-face-sarbatoare\/#webpage"},"articleSection":"Nout\u0103\u021bi - Trupa Iosif Vulcan"},{"@type":"BreadcrumbList","@id":"https:\/\/www.teatrulreginamaria.ro\/hu\/dar-din-dar-se-face-sarbatoare\/#breadcrumblist","itemListElement":[{"@type":"ListItem","@id":"https:\/\/www.teatrulreginamaria.ro\/hu#listItem","position":1,"name":"Home","item":"https:\/\/www.teatrulreginamaria.ro\/hu","nextItem":{"@type":"ListItem","@id":"https:\/\/www.teatrulreginamaria.ro\/hu\/categorie\/noutati\/#listItem","name":"Nout\u0103\u021bi"}},{"@type":"ListItem","@id":"https:\/\/www.teatrulreginamaria.ro\/hu\/categorie\/noutati\/#listItem","position":2,"name":"Nout\u0103\u021bi","item":"https:\/\/www.teatrulreginamaria.ro\/hu\/categorie\/noutati\/","nextItem":{"@type":"ListItem","@id":"https:\/\/www.teatrulreginamaria.ro\/hu\/categorie\/noutati\/noutati-trupa-iosif-vulcan\/#listItem","name":"Nout\u0103\u021bi - Trupa Iosif Vulcan"},"previousItem":{"@type":"ListItem","@id":"https:\/\/www.teatrulreginamaria.ro\/hu#listItem","name":"Home"}},{"@type":"ListItem","@id":"https:\/\/www.teatrulreginamaria.ro\/hu\/categorie\/noutati\/noutati-trupa-iosif-vulcan\/#listItem","position":3,"name":"Nout\u0103\u021bi - Trupa Iosif Vulcan","item":"https:\/\/www.teatrulreginamaria.ro\/hu\/categorie\/noutati\/noutati-trupa-iosif-vulcan\/","nextItem":{"@type":"ListItem","@id":"https:\/\/www.teatrulreginamaria.ro\/hu\/dar-din-dar-se-face-sarbatoare\/#listItem","name":"DAR DIN DAR SE FACE S\u0102RB\u0102TOARE"},"previousItem":{"@type":"ListItem","@id":"https:\/\/www.teatrulreginamaria.ro\/hu\/categorie\/noutati\/#listItem","name":"Nout\u0103\u021bi"}},{"@type":"ListItem","@id":"https:\/\/www.teatrulreginamaria.ro\/hu\/dar-din-dar-se-face-sarbatoare\/#listItem","position":4,"name":"DAR DIN DAR SE FACE S\u0102RB\u0102TOARE","previousItem":{"@type":"ListItem","@id":"https:\/\/www.teatrulreginamaria.ro\/hu\/categorie\/noutati\/noutati-trupa-iosif-vulcan\/#listItem","name":"Nout\u0103\u021bi - Trupa Iosif Vulcan"}}]},{"@type":"Organization","@id":"https:\/\/www.teatrulreginamaria.ro\/hu\/#organization","name":"Teatrul Regina Maria Oradea","description":"Trupa Iosif Vulcan \u0219i Trupa Arcadia","url":"https:\/\/www.teatrulreginamaria.ro\/hu\/","email":"marketing@teatrulreginamaria.ro","telephone":"+40359411534","numberOfEmployees":{"@type":"QuantitativeValue","minValue":0,"maxValue":150},"logo":{"@type":"ImageObject","url":"https:\/\/www.teatrulreginamaria.ro\/wp-content\/uploads\/2025\/06\/logo-trm-01-dark.png","@id":"https:\/\/www.teatrulreginamaria.ro\/hu\/dar-din-dar-se-face-sarbatoare\/#organizationLogo","width":300,"height":148},"image":{"@id":"https:\/\/www.teatrulreginamaria.ro\/hu\/dar-din-dar-se-face-sarbatoare\/#organizationLogo"},"sameAs":["https:\/\/www.facebook.com\/TRMTrupaIosifVulcan\/","https:\/\/x.com\/TRMOradea","https:\/\/www.instagram.com\/teatrul_regina_maria\/","https:\/\/www.youtube.com\/c\/TeatrulReginaMariaOradea","https:\/\/www.linkedin.com\/company\/teatrul-regina-maria"]},{"@type":"Person","@id":"https:\/\/www.teatrulreginamaria.ro\/hu\/author\/w3bmaster\/#author","url":"https:\/\/www.teatrulreginamaria.ro\/hu\/author\/w3bmaster\/","name":"Teatrul Regina Maria","image":{"@type":"ImageObject","@id":"https:\/\/www.teatrulreginamaria.ro\/hu\/dar-din-dar-se-face-sarbatoare\/#authorImage","url":"https:\/\/secure.gravatar.com\/avatar\/5884139d508ae3f0bafe45e60563b48a9640146d3b08ccc6278c305ff9329305?s=96&d=mm&r=g","width":96,"height":96,"caption":"Teatrul Regina Maria"}},{"@type":"WebPage","@id":"https:\/\/www.teatrulreginamaria.ro\/hu\/dar-din-dar-se-face-sarbatoare\/#webpage","url":"https:\/\/www.teatrulreginamaria.ro\/hu\/dar-din-dar-se-face-sarbatoare\/","name":"DAR DIN DAR SE FACE S\u0102RB\u0102TOARE - Teatrul Regina Maria Oradea","description":"\u00cen aceast\u0103 iarn\u0103, Communications Media lanseaz\u0103 proiectul de responsabilitate social\u0103 \u201dAjut\u0103, implic\u0103-te, educ\u0103!\u201d, un proiect de suflet, prin care dorim at\u00e2t sus\u021binerea accesului la educa\u021bie pentru copiii defavoriza\u021bi sau provenind din familii cu situa\u021bie material\u0103 precar\u0103, c\u00e2t \u0219i stimularea performan\u021belor \u0219colare \u0219i artistice ale acestora. Primul eveniment din cadrul proiectului are loc la \u0218coala Gimnazial\u0103","inLanguage":"hu-HU","isPartOf":{"@id":"https:\/\/www.teatrulreginamaria.ro\/hu\/#website"},"breadcrumb":{"@id":"https:\/\/www.teatrulreginamaria.ro\/hu\/dar-din-dar-se-face-sarbatoare\/#breadcrumblist"},"author":{"@id":"https:\/\/www.teatrulreginamaria.ro\/hu\/author\/w3bmaster\/#author"},"creator":{"@id":"https:\/\/www.teatrulreginamaria.ro\/hu\/author\/w3bmaster\/#author"},"datePublished":"2013-12-09T11:04:21+02:00","dateModified":"2013-12-09T11:04:21+02:00"},{"@type":"WebSite","@id":"https:\/\/www.teatrulreginamaria.ro\/hu\/#website","url":"https:\/\/www.teatrulreginamaria.ro\/hu\/","name":"Teatrul Regina Maria Oradea","alternateName":"TRM Oradea","description":"Trupa Iosif Vulcan \u0219i Trupa Arcadia","inLanguage":"hu-HU","publisher":{"@id":"https:\/\/www.teatrulreginamaria.ro\/hu\/#organization"}}]},"og:locale":"hu_HU","og:site_name":"Teatrul Regina Maria Oradea - Trupa Iosif Vulcan \u0219i Trupa Arcadia","og:type":"article","og:title":"DAR DIN DAR SE FACE S\u0102RB\u0102TOARE - Teatrul Regina Maria Oradea","og:description":"\u00cen aceast\u0103 iarn\u0103, Communications Media lanseaz\u0103 proiectul de responsabilitate social\u0103 \u201dAjut\u0103, implic\u0103-te, educ\u0103!\u201d, un proiect de suflet, prin care dorim at\u00e2t sus\u021binerea accesului la educa\u021bie pentru copiii defavoriza\u021bi sau provenind din familii cu situa\u021bie material\u0103 precar\u0103, c\u00e2t \u0219i stimularea performan\u021belor \u0219colare \u0219i artistice ale acestora. Primul eveniment din cadrul proiectului are loc la \u0218coala Gimnazial\u0103","og:url":"https:\/\/www.teatrulreginamaria.ro\/hu\/dar-din-dar-se-face-sarbatoare\/","og:image":"https:\/\/www.teatrulreginamaria.ro\/wp-content\/uploads\/2025\/03\/trm-istoric-01.jpg","og:image:secure_url":"https:\/\/www.teatrulreginamaria.ro\/wp-content\/uploads\/2025\/03\/trm-istoric-01.jpg","og:image:width":1200,"og:image:height":800,"article:published_time":"2013-12-09T11:04:21+00:00","article:modified_time":"2013-12-09T11:04:21+00:00","article:publisher":"https:\/\/www.facebook.com\/TRMTrupaIosifVulcan\/","twitter:card":"summary_large_image","twitter:site":"@TRMOradea","twitter:title":"DAR DIN DAR SE FACE S\u0102RB\u0102TOARE - Teatrul Regina Maria Oradea","twitter:description":"\u00cen aceast\u0103 iarn\u0103, Communications Media lanseaz\u0103 proiectul de responsabilitate social\u0103 \u201dAjut\u0103, implic\u0103-te, educ\u0103!\u201d, un proiect de suflet, prin care dorim at\u00e2t sus\u021binerea accesului la educa\u021bie pentru copiii defavoriza\u021bi sau provenind din familii cu situa\u021bie material\u0103 precar\u0103, c\u00e2t \u0219i stimularea performan\u021belor \u0219colare \u0219i artistice ale acestora. Primul eveniment din cadrul proiectului are loc la \u0218coala Gimnazial\u0103","twitter:creator":"@TRMOradea","twitter:image":"https:\/\/www.teatrulreginamaria.ro\/wp-content\/uploads\/2025\/03\/trm-istoric-01.jpg"},"aioseo_meta_data":{"post_id":"973","title":null,"description":null,"keywords":null,"keyphrases":null,"primary_term":null,"canonical_url":null,"og_title":null,"og_description":null,"og_object_type":"default","og_image_type":"default","og_image_url":null,"og_image_width":null,"og_image_height":null,"og_image_custom_url":null,"og_image_custom_fields":null,"og_video":null,"og_custom_url":null,"og_article_section":null,"og_article_tags":null,"twitter_use_og":false,"twitter_card":"default","twitter_image_type":"default","twitter_image_url":null,"twitter_image_custom_url":null,"twitter_image_custom_fields":null,"twitter_title":null,"twitter_description":null,"schema":{"blockGraphs":[],"customGraphs":[],"default":{"data":{"Article":[],"Course":[],"Dataset":[],"FAQPage":[],"Movie":[],"Person":[],"Product":[],"ProductReview":[],"Car":[],"Recipe":[],"Service":[],"SoftwareApplication":[],"WebPage":[]},"graphName":"","isEnabled":true},"graphs":[]},"schema_type":"default","schema_type_options":null,"pillar_content":false,"robots_default":true,"robots_noindex":false,"robots_noarchive":false,"robots_nosnippet":false,"robots_nofollow":false,"robots_noimageindex":false,"robots_noodp":false,"robots_notranslate":false,"robots_max_snippet":null,"robots_max_videopreview":null,"robots_max_imagepreview":"large","priority":null,"frequency":null,"local_seo":null,"seo_analyzer_scan_date":"2026-05-13 00:03:35","breadcrumb_settings":null,"limit_modified_date":false,"reviewed_by":null,"open_ai":null,"ai":null,"created":"2025-04-09 17:40:55","updated":"2026-05-13 00:03:35","focus_keyword":null,"additional_keywords":null,"truseo_locale":null},"aioseo_breadcrumb":"<div class=\"aioseo-breadcrumbs\"><span class=\"aioseo-breadcrumb\">\n\t<a href=\"https:\/\/www.teatrulreginamaria.ro\/hu\" title=\"Home\">Home<\/a>\n<\/span><span class=\"aioseo-breadcrumb-separator\">&raquo;<\/span><span class=\"aioseo-breadcrumb\">\n\t<a href=\"https:\/\/www.teatrulreginamaria.ro\/hu\/categorie\/noutati\/\" title=\"Nout\u0103\u021bi\">Nout\u0103\u021bi<\/a>\n<\/span><span class=\"aioseo-breadcrumb-separator\">&raquo;<\/span><span class=\"aioseo-breadcrumb\">\n\t<a href=\"https:\/\/www.teatrulreginamaria.ro\/hu\/categorie\/noutati\/noutati-trupa-iosif-vulcan\/\" title=\"Nout\u0103\u021bi - Trupa Iosif Vulcan\">Nout\u0103\u021bi - Trupa Iosif Vulcan<\/a>\n<\/span><span class=\"aioseo-breadcrumb-separator\">&raquo;<\/span><span class=\"aioseo-breadcrumb\">\n\tDAR DIN DAR SE FACE S\u0102RB\u0102TOARE\n<\/span><\/div>","aioseo_breadcrumb_json":[{"label":"Home","link":"https:\/\/www.teatrulreginamaria.ro\/hu"},{"label":"Nout\u0103\u021bi","link":"https:\/\/www.teatrulreginamaria.ro\/hu\/categorie\/noutati\/"},{"label":"Nout\u0103\u021bi - Trupa Iosif Vulcan","link":"https:\/\/www.teatrulreginamaria.ro\/hu\/categorie\/noutati\/noutati-trupa-iosif-vulcan\/"},{"label":"DAR DIN DAR SE FACE S\u0102RB\u0102TOARE","link":"https:\/\/www.teatrulreginamaria.ro\/hu\/dar-din-dar-se-face-sarbatoare\/"}],"acf":[],"_links":{"self":[{"href":"https:\/\/www.teatrulreginamaria.ro\/hu\/wp-json\/wp\/v2\/posts\/973","targetHints":{"allow":["GET"]}}],"collection":[{"href":"https:\/\/www.teatrulreginamaria.ro\/hu\/wp-json\/wp\/v2\/posts"}],"about":[{"href":"https:\/\/www.teatrulreginamaria.ro\/hu\/wp-json\/wp\/v2\/types\/post"}],"author":[{"embeddable":true,"href":"https:\/\/www.teatrulreginamaria.ro\/hu\/wp-json\/wp\/v2\/users\/6"}],"replies":[{"embeddable":true,"href":"https:\/\/www.teatrulreginamaria.ro\/hu\/wp-json\/wp\/v2\/comments?post=973"}],"version-history":[{"count":0,"href":"https:\/\/www.teatrulreginamaria.ro\/hu\/wp-json\/wp\/v2\/posts\/973\/revisions"}],"wp:attachment":[{"href":"https:\/\/www.teatrulreginamaria.ro\/hu\/wp-json\/wp\/v2\/media?parent=973"}],"wp:term":[{"taxonomy":"category","embeddable":true,"href":"https:\/\/www.teatrulreginamaria.ro\/hu\/wp-json\/wp\/v2\/categories?post=973"},{"taxonomy":"post_tag","embeddable":true,"href":"https:\/\/www.teatrulreginamaria.ro\/hu\/wp-json\/wp\/v2\/tags?post=973"}],"curies":[{"name":"munkaf\u00fczet","href":"https:\/\/api.w.org\/{rel}","templated":true}]}}