{"id":980,"date":"2014-01-10T12:26:45","date_gmt":"2014-01-10T12:26:45","guid":{"rendered":"https:\/\/teatrulreginamaria.ro\/2014\/01\/10\/omagiu-adus-poetului-national\/"},"modified":"2014-01-10T12:26:45","modified_gmt":"2014-01-10T12:26:45","slug":"tisztelges-a-nemzeti-kolto-elott","status":"publish","type":"post","link":"https:\/\/www.teatrulreginamaria.ro\/hu\/omagiu-adus-poetului-national\/","title":{"rendered":"TISZTELET A NEMZETI K\u00d6LT\u0150NEK"},"content":{"rendered":"<p style=\"text-align: justify;\"><strong>Esem\u00e9ny bemutat\u00e1sa<\/strong><\/p>\n<p style=\"text-align: justify;\"><strong>Kellett nekik egy nev\u00fck\u2026 Eminescu<\/strong><\/p>\n<p style=\"text-align: justify;\">Mihai Eminescu (1850. janu\u00e1r 15. \u2013 1889. j\u00fanius 15.) sz\u00fclet\u00e9s\u00e9nek 164. \u00e9ve<\/p>\n<p style=\"text-align: justify;\">17:00 \u2013 vir\u00e1gelhelyez\u00e9s \u00e9s a \u201eLa steaua\u201d c\u00edm\u0171 vers elszaval\u00e1sa \u2013 Mihai Eminescu szobra, A rendezv\u00e9ny 17:00-kor kezd\u0151dik, amikor vir\u00e1gok elhelyez\u00e9s\u00e9re ker\u00fcl sor Mihai Eminescu szobr\u00e1n\u00e1l, amely a F\u00fcggetlens\u00e9g t\u00e9ren tal\u00e1lhat\u00f3. A pillanatot a \u201eLa Steaua\u201d c\u00edm\u0171 vers k\u00f3russzaval\u00e1sa jelzi, amelyet pap\u00edrra nyomtatnak, \u00e9s amelyet a rendezv\u00e9ny minden r\u00e9sztvev\u0151je megkap.<\/p>\n<p style=\"text-align: justify;\">18:00 \u2013 BELS\u0150 P\u00c1RBESZ\u00c9DEK \u2013 Radu Vaida el\u0151ad\u00e1sa<\/p>\n<p style=\"text-align: justify;\">Vend\u00e9gek: Eusebiu \u015etef\u0103nescu sz\u00edn\u00e9sz \u00e9s Ion Bogdan \u015etef\u0103nescu fuvolam\u0171v\u00e9sz \u2013 Regina Maria Sz\u00ednh\u00e1z nagyterme\u00a0<\/p>\n<p><!--more--><\/p>\n<p style=\"text-align: justify;\">Az e havi BELS\u0150 P\u00c1RBESZ\u00c9DEK c\u00edm\u0171 m\u0171sor k\u00fcl\u00f6nleges, Mihai Eminescu k\u00f6lt\u0151nek aj\u00e1nlott. Az idei kiad\u00e1s vend\u00e9gei Eusebiu \u015etef\u0103nescu \u00e9s Ion Bogdan \u015etef\u0103nescu lesznek. Eusebiu \u015etef\u0103nescu, a besz\u00e9d \u00e9s a sz\u00ednpadm\u0171v\u00e9szet ter\u00fclet\u00e9n komplex szem\u00e9lyis\u00e9g, sz\u00ednh\u00e1zi \u00e9s filmsz\u00edn\u00e9sz, k\u00f6lt\u0151, \u00edr\u00f3, a sz\u00ednh\u00e1zi el\u0151ad\u00e1sm\u00f3d \u00e9s a sz\u00ednpadi nyelv retorik\u00e1j\u00e1nak teoretikusa \u00e9s gyakorl\u00f3ja, sz\u00edn\u00e9szk\u00e9nt olyan filmekben j\u00e1tszott szerepeir\u0151l ismert, mint a &quot;Vod\u0103 L\u0103pu\u015fneanu visszat\u00e9r\u00e9se&quot; (1979), &quot;A falanszter&quot; (1979), &quot;A m\u00e9lys\u00e9g csendje&quot; (1982), &quot;F\u00e9ny a tizedik emeleten&quot; (1984), &quot;St\u00e1tr\u00e1k&quot; (1986), &quot;Rock&#039;n&#039;roll k\u00f6z\u00e9piskol\u00e1sok&quot; (1991), \u00e9s a leg\u00fajabb &quot;P\u0103cal\u0103 se \u00eentorce&quot;. Sz\u00e1mos filmes \u00e9s sz\u00ednh\u00e1zi szerepe mellett Eusebiu \u015etef\u0103nescu a k\u00f6lt\u00e9szet szerelmeseinek Nichita St\u0103nescu \u00e9s Mihai Eminescu verseit szaval\u00f3 el\u0151ad\u00e1sair\u00f3l ismert, a reflektorf\u00e9nyben kimondott sz\u00f3 l\u00edrai var\u00e1zs\u00e1val h\u00f3d\u00edtva meg a k\u00f6z\u00f6ns\u00e9get. Ion Bogdan \u015etef\u0103nescu a bukaresti George Enescu Filharmonikus Zenekar els\u0151 fuvolist\u00e1ja, valamint olyan ismert zenei egy\u00fcttesek tagja, mint a Contraste, a Profil, a Pro Contemporania, 2006-ban pedig megalap\u00edtotta a Concertino egy\u00fcttest. Ion Bogdan \u015etef\u0103nescu sz\u00e1mos d\u00edj \u00e9s kit\u00fcntet\u00e9s birtokosa: Aranyl\u00edra \u2013 Szucs\u00e1va, Rom\u00e1nia \u00c9neke, Zenei Interpret\u00e1ci\u00f3s Verseny (Marosv\u00e1s\u00e1rhely), a \u201dGh. Dima\u201d Konzervat\u00f3riumi D\u00edj (Kolozsv\u00e1r), a \u201dGB Viotti\u201d verseny (Vercelli, Olaszorsz\u00e1g) kamarazenei szekci\u00f3j\u00e1ban, ahol Kit\u00fcntet\u00e9ses Oklevelet (1984), els\u0151 d\u00edjat a \u201dConcertino\u201d versenyen (Pr\u00e1ga, 1986), a \u201dCella Delavrancea\u201e d\u00edjat a kult\u00far\u00e1ban el\u00e9rt kiemelked\u0151 \u00e9rdemei\u00e9rt (1993) stb. Nemzetk\u00f6zi fesztiv\u00e1lok \u00e1lland\u00f3 vend\u00e9ge.<\/p>\n<p style=\"text-align: justify;\">A Bels\u0151 p\u00e1rbesz\u00e9dek c\u00edm\u0171 el\u0151ad\u00e1s rendez\u00e9se \u00e9s koncepci\u00f3ja Radu Vaida rendez\u0151 munk\u00e1ja, a d\u00edszlettervez\u0151 pedig Ianis Vasilatos\u00e9.<\/p>\n<p style=\"text-align: justify;\">*** A \u201eBels\u0151 p\u00e1rbesz\u00e9dek\u201d c\u00edm\u0171 el\u0151ad\u00e1son a Regina Maria Sz\u00ednh\u00e1zi \u00dcgyn\u00f6ks\u00e9gt\u0151l v\u00e1s\u00e1rolhat\u00f3 jegyek. A jegyiroda h\u00e9tf\u0151t\u0151l p\u00e9ntekig 10:00 \u00e9s 19:00 \u00f3ra k\u00f6z\u00f6tt, szombaton \u00e9s vas\u00e1rnap pedig 10:00 \u00e9s 13:00 \u00f3ra k\u00f6z\u00f6tt tart nyitva. Jegyek az el\u0151ad\u00e1s kezdete el\u0151tt egy \u00f3r\u00e1val, vagy b\u00e1rmikor a www.biletmaster.ro weboldalon is megv\u00e1s\u00e1rolhat\u00f3k.<\/p>\n<p style=\"text-align: justify;\">20:00 \u2013 A CSILLAGN\u00c1L \u2013 zen\u00e9s est (rom\u00e1ncok) \u00e9s Eminescu-sz\u00f6veg \u2013 \u201dButoiul de Aur\u201d \u00e9tterem \u2013<\/p>\n<p style=\"text-align: justify;\">A janu\u00e1r 15-i program utols\u00f3 esem\u00e9nye egy Mihai Eminescu dalsz\u00f6vegei alapj\u00e1n k\u00e9sz\u00fclt zenei est. Az el\u0151ad\u00e1sra a Butoiul de Aur \u00e9tteremben ker\u00fcl sor.<\/p>\n<p style=\"text-align: justify;\">\u2212 szerepl\u0151k: Eugen \u0162ugulea, Alexandru Rusu, \u015eerban Borda, Ciprian Ciuciu, Anda T\u0103m\u0103\u015fanu, Angela Tanko.<\/p>\n<p style=\"text-align: justify;\">\u2212 sz\u00f3list\u00e1k: Mihoc Voichi\u0163a, Lumini\u0163a Tomu\u0163a, Cornelia Covaciu, Felicia Costin, Viorica Bradea, Simona Costin \u00e9s Florian Chelu<\/p>\n<p style=\"text-align: justify;\">\u2212 hangszeresek: Adrian Miescu, Liviu Butiu, Dumitru Negrean, Ciprian Toie, C\u0103t\u0103lin Ardelean, Gheorghe Costache \u00e9s Nicolae Moldovan<\/p>\n<p style=\"text-align: justify;\">* zenei vezet\u00e9s: Eduard Albina<\/p>","protected":false},"excerpt":{"rendered":"<p>Prezentarea evenimentului Trebuiau s\u0103 poarte un nume&#8230; Eminescu 164 de ani de la na\u015fterea lui Mihai Eminescu (15 ian. 1850 &#8211; 15 iunie 1889) ORA 17.00 \u2013 depunere de flori \u015fi recitarea poeziei \u201eLa steaua\u201d\u2013 Statuia lui Mihai Eminescu, Evenimentul debuteaz\u0103 la ora 17.00, c\u00e2nd va avea loc depunerea de flori la statuia lui Mihai [&hellip;]<\/p>\n","protected":false},"author":6,"featured_media":0,"comment_status":"open","ping_status":"open","sticky":false,"template":"","format":"standard","meta":{"_acf_changed":false,"footnotes":""},"categories":[22],"tags":[],"class_list":["post-980","post","type-post","status-publish","format-standard","hentry","category-noutati-trupa-iosif-vulcan"],"aioseo_notices":[],"aioseo_head":"\n\t\t<!-- All in One SEO Pro 5.0.1.1 - aioseo.com -->\n\t<meta name=\"description\" content=\"Prezentarea evenimentului Trebuiau s\u0103 poarte un nume... Eminescu 164 de ani de la na\u015fterea lui Mihai Eminescu (15 ian. 1850 - 15 iunie 1889) ORA 17.00 \u2013 depunere de flori \u015fi recitarea poeziei \u201eLa steaua\u201d\u2013 Statuia lui Mihai Eminescu, Evenimentul debuteaz\u0103 la ora 17.00, c\u00e2nd va avea loc depunerea de flori la statuia lui Mihai\" \/>\n\t<meta name=\"robots\" content=\"max-image-preview:large\" \/>\n\t<meta name=\"author\" content=\"Teatrul Regina Maria\"\/>\n\t<link rel=\"canonical\" href=\"https:\/\/www.teatrulreginamaria.ro\/hu\/omagiu-adus-poetului-national\/\" \/>\n\t<meta name=\"generator\" content=\"All in One SEO Pro (AIOSEO) 5.0.1.1\" \/>\n\t\t<meta property=\"og:locale\" content=\"hu_HU\" \/>\n\t\t<meta property=\"og:site_name\" content=\"Teatrul Regina Maria Oradea - Trupa Iosif Vulcan \u0219i Trupa Arcadia\" \/>\n\t\t<meta property=\"og:type\" content=\"article\" \/>\n\t\t<meta property=\"og:title\" content=\"OMAGIU ADUS POETULUI NA\u021aIONAL - Teatrul Regina Maria Oradea\" \/>\n\t\t<meta property=\"og:description\" content=\"Prezentarea evenimentului Trebuiau s\u0103 poarte un nume... Eminescu 164 de ani de la na\u015fterea lui Mihai Eminescu (15 ian. 1850 - 15 iunie 1889) ORA 17.00 \u2013 depunere de flori \u015fi recitarea poeziei \u201eLa steaua\u201d\u2013 Statuia lui Mihai Eminescu, Evenimentul debuteaz\u0103 la ora 17.00, c\u00e2nd va avea loc depunerea de flori la statuia lui Mihai\" \/>\n\t\t<meta property=\"og:url\" content=\"https:\/\/www.teatrulreginamaria.ro\/hu\/omagiu-adus-poetului-national\/\" \/>\n\t\t<meta property=\"og:image\" content=\"https:\/\/www.teatrulreginamaria.ro\/wp-content\/uploads\/2025\/03\/trm-istoric-01.jpg\" \/>\n\t\t<meta property=\"og:image:secure_url\" content=\"https:\/\/www.teatrulreginamaria.ro\/wp-content\/uploads\/2025\/03\/trm-istoric-01.jpg\" \/>\n\t\t<meta property=\"og:image:width\" content=\"1200\" \/>\n\t\t<meta property=\"og:image:height\" content=\"800\" \/>\n\t\t<meta property=\"article:published_time\" content=\"2014-01-10T12:26:45+00:00\" \/>\n\t\t<meta property=\"article:modified_time\" content=\"2014-01-10T12:26:45+00:00\" \/>\n\t\t<meta property=\"article:publisher\" content=\"https:\/\/www.facebook.com\/TRMTrupaIosifVulcan\/\" \/>\n\t\t<meta name=\"twitter:card\" content=\"summary_large_image\" \/>\n\t\t<meta name=\"twitter:site\" content=\"@TRMOradea\" \/>\n\t\t<meta name=\"twitter:title\" content=\"OMAGIU ADUS POETULUI NA\u021aIONAL - Teatrul Regina Maria Oradea\" \/>\n\t\t<meta name=\"twitter:description\" content=\"Prezentarea evenimentului Trebuiau s\u0103 poarte un nume... Eminescu 164 de ani de la na\u015fterea lui Mihai Eminescu (15 ian. 1850 - 15 iunie 1889) ORA 17.00 \u2013 depunere de flori \u015fi recitarea poeziei \u201eLa steaua\u201d\u2013 Statuia lui Mihai Eminescu, Evenimentul debuteaz\u0103 la ora 17.00, c\u00e2nd va avea loc depunerea de flori la statuia lui Mihai\" \/>\n\t\t<meta name=\"twitter:creator\" content=\"@TRMOradea\" \/>\n\t\t<meta name=\"twitter:image\" content=\"https:\/\/www.teatrulreginamaria.ro\/wp-content\/uploads\/2025\/03\/trm-istoric-01.jpg\" \/>\n\t\t<script type=\"application\/ld+json\" class=\"aioseo-schema\">\n\t\t\t{\"@context\":\"https:\\\/\\\/schema.org\",\"@graph\":[{\"@type\":\"BlogPosting\",\"@id\":\"https:\\\/\\\/www.teatrulreginamaria.ro\\\/hu\\\/omagiu-adus-poetului-national\\\/#blogposting\",\"name\":\"OMAGIU ADUS POETULUI NA\\u021aIONAL - Teatrul Regina Maria Oradea\",\"headline\":\"OMAGIU ADUS POETULUI NA\\u021aIONAL\",\"author\":{\"@id\":\"https:\\\/\\\/www.teatrulreginamaria.ro\\\/hu\\\/author\\\/w3bmaster\\\/#author\"},\"publisher\":{\"@id\":\"https:\\\/\\\/www.teatrulreginamaria.ro\\\/hu\\\/#organization\"},\"image\":{\"@type\":\"ImageObject\",\"url\":\"https:\\\/\\\/www.teatrulreginamaria.ro\\\/wp-content\\\/uploads\\\/2025\\\/06\\\/logo-trm-01-dark.png\",\"@id\":\"https:\\\/\\\/www.teatrulreginamaria.ro\\\/hu\\\/#articleImage\",\"width\":300,\"height\":148},\"datePublished\":\"2014-01-10T12:26:45+02:00\",\"dateModified\":\"2014-01-10T12:26:45+02:00\",\"inLanguage\":\"hu-HU\",\"mainEntityOfPage\":{\"@id\":\"https:\\\/\\\/www.teatrulreginamaria.ro\\\/hu\\\/omagiu-adus-poetului-national\\\/#webpage\"},\"isPartOf\":{\"@id\":\"https:\\\/\\\/www.teatrulreginamaria.ro\\\/hu\\\/omagiu-adus-poetului-national\\\/#webpage\"},\"articleSection\":\"Nout\\u0103\\u021bi - Trupa Iosif Vulcan\"},{\"@type\":\"BreadcrumbList\",\"@id\":\"https:\\\/\\\/www.teatrulreginamaria.ro\\\/hu\\\/omagiu-adus-poetului-national\\\/#breadcrumblist\",\"itemListElement\":[{\"@type\":\"ListItem\",\"@id\":\"https:\\\/\\\/www.teatrulreginamaria.ro\\\/hu#listItem\",\"position\":1,\"name\":\"Home\",\"item\":\"https:\\\/\\\/www.teatrulreginamaria.ro\\\/hu\",\"nextItem\":{\"@type\":\"ListItem\",\"@id\":\"https:\\\/\\\/www.teatrulreginamaria.ro\\\/hu\\\/categorie\\\/noutati\\\/#listItem\",\"name\":\"Nout\\u0103\\u021bi\"}},{\"@type\":\"ListItem\",\"@id\":\"https:\\\/\\\/www.teatrulreginamaria.ro\\\/hu\\\/categorie\\\/noutati\\\/#listItem\",\"position\":2,\"name\":\"Nout\\u0103\\u021bi\",\"item\":\"https:\\\/\\\/www.teatrulreginamaria.ro\\\/hu\\\/categorie\\\/noutati\\\/\",\"nextItem\":{\"@type\":\"ListItem\",\"@id\":\"https:\\\/\\\/www.teatrulreginamaria.ro\\\/hu\\\/categorie\\\/noutati\\\/noutati-trupa-iosif-vulcan\\\/#listItem\",\"name\":\"Nout\\u0103\\u021bi - Trupa Iosif Vulcan\"},\"previousItem\":{\"@type\":\"ListItem\",\"@id\":\"https:\\\/\\\/www.teatrulreginamaria.ro\\\/hu#listItem\",\"name\":\"Home\"}},{\"@type\":\"ListItem\",\"@id\":\"https:\\\/\\\/www.teatrulreginamaria.ro\\\/hu\\\/categorie\\\/noutati\\\/noutati-trupa-iosif-vulcan\\\/#listItem\",\"position\":3,\"name\":\"Nout\\u0103\\u021bi - Trupa Iosif Vulcan\",\"item\":\"https:\\\/\\\/www.teatrulreginamaria.ro\\\/hu\\\/categorie\\\/noutati\\\/noutati-trupa-iosif-vulcan\\\/\",\"nextItem\":{\"@type\":\"ListItem\",\"@id\":\"https:\\\/\\\/www.teatrulreginamaria.ro\\\/hu\\\/omagiu-adus-poetului-national\\\/#listItem\",\"name\":\"OMAGIU ADUS POETULUI NA\\u021aIONAL\"},\"previousItem\":{\"@type\":\"ListItem\",\"@id\":\"https:\\\/\\\/www.teatrulreginamaria.ro\\\/hu\\\/categorie\\\/noutati\\\/#listItem\",\"name\":\"Nout\\u0103\\u021bi\"}},{\"@type\":\"ListItem\",\"@id\":\"https:\\\/\\\/www.teatrulreginamaria.ro\\\/hu\\\/omagiu-adus-poetului-national\\\/#listItem\",\"position\":4,\"name\":\"OMAGIU ADUS POETULUI NA\\u021aIONAL\",\"previousItem\":{\"@type\":\"ListItem\",\"@id\":\"https:\\\/\\\/www.teatrulreginamaria.ro\\\/hu\\\/categorie\\\/noutati\\\/noutati-trupa-iosif-vulcan\\\/#listItem\",\"name\":\"Nout\\u0103\\u021bi - Trupa Iosif Vulcan\"}}]},{\"@type\":\"Organization\",\"@id\":\"https:\\\/\\\/www.teatrulreginamaria.ro\\\/hu\\\/#organization\",\"name\":\"Teatrul Regina Maria Oradea\",\"description\":\"Trupa Iosif Vulcan \\u0219i Trupa Arcadia\",\"url\":\"https:\\\/\\\/www.teatrulreginamaria.ro\\\/hu\\\/\",\"email\":\"marketing@teatrulreginamaria.ro\",\"telephone\":\"+40359411534\",\"numberOfEmployees\":{\"@type\":\"QuantitativeValue\",\"minValue\":0,\"maxValue\":150},\"logo\":{\"@type\":\"ImageObject\",\"url\":\"https:\\\/\\\/www.teatrulreginamaria.ro\\\/wp-content\\\/uploads\\\/2025\\\/06\\\/logo-trm-01-dark.png\",\"@id\":\"https:\\\/\\\/www.teatrulreginamaria.ro\\\/hu\\\/omagiu-adus-poetului-national\\\/#organizationLogo\",\"width\":300,\"height\":148},\"image\":{\"@id\":\"https:\\\/\\\/www.teatrulreginamaria.ro\\\/hu\\\/omagiu-adus-poetului-national\\\/#organizationLogo\"},\"sameAs\":[\"https:\\\/\\\/www.facebook.com\\\/TRMTrupaIosifVulcan\\\/\",\"https:\\\/\\\/x.com\\\/TRMOradea\",\"https:\\\/\\\/www.instagram.com\\\/teatrul_regina_maria\\\/\",\"https:\\\/\\\/www.youtube.com\\\/c\\\/TeatrulReginaMariaOradea\",\"https:\\\/\\\/www.linkedin.com\\\/company\\\/teatrul-regina-maria\"]},{\"@type\":\"Person\",\"@id\":\"https:\\\/\\\/www.teatrulreginamaria.ro\\\/hu\\\/author\\\/w3bmaster\\\/#author\",\"url\":\"https:\\\/\\\/www.teatrulreginamaria.ro\\\/hu\\\/author\\\/w3bmaster\\\/\",\"name\":\"Teatrul Regina Maria\",\"image\":{\"@type\":\"ImageObject\",\"@id\":\"https:\\\/\\\/www.teatrulreginamaria.ro\\\/hu\\\/omagiu-adus-poetului-national\\\/#authorImage\",\"url\":\"https:\\\/\\\/secure.gravatar.com\\\/avatar\\\/5884139d508ae3f0bafe45e60563b48a9640146d3b08ccc6278c305ff9329305?s=96&d=mm&r=g\",\"width\":96,\"height\":96,\"caption\":\"Teatrul Regina Maria\"}},{\"@type\":\"WebPage\",\"@id\":\"https:\\\/\\\/www.teatrulreginamaria.ro\\\/hu\\\/omagiu-adus-poetului-national\\\/#webpage\",\"url\":\"https:\\\/\\\/www.teatrulreginamaria.ro\\\/hu\\\/omagiu-adus-poetului-national\\\/\",\"name\":\"OMAGIU ADUS POETULUI NA\\u021aIONAL - Teatrul Regina Maria Oradea\",\"description\":\"Prezentarea evenimentului Trebuiau s\\u0103 poarte un nume... Eminescu 164 de ani de la na\\u015fterea lui Mihai Eminescu (15 ian. 1850 - 15 iunie 1889) ORA 17.00 \\u2013 depunere de flori \\u015fi recitarea poeziei \\u201eLa steaua\\u201d\\u2013 Statuia lui Mihai Eminescu, Evenimentul debuteaz\\u0103 la ora 17.00, c\\u00e2nd va avea loc depunerea de flori la statuia lui Mihai\",\"inLanguage\":\"hu-HU\",\"isPartOf\":{\"@id\":\"https:\\\/\\\/www.teatrulreginamaria.ro\\\/hu\\\/#website\"},\"breadcrumb\":{\"@id\":\"https:\\\/\\\/www.teatrulreginamaria.ro\\\/hu\\\/omagiu-adus-poetului-national\\\/#breadcrumblist\"},\"author\":{\"@id\":\"https:\\\/\\\/www.teatrulreginamaria.ro\\\/hu\\\/author\\\/w3bmaster\\\/#author\"},\"creator\":{\"@id\":\"https:\\\/\\\/www.teatrulreginamaria.ro\\\/hu\\\/author\\\/w3bmaster\\\/#author\"},\"datePublished\":\"2014-01-10T12:26:45+02:00\",\"dateModified\":\"2014-01-10T12:26:45+02:00\"},{\"@type\":\"WebSite\",\"@id\":\"https:\\\/\\\/www.teatrulreginamaria.ro\\\/hu\\\/#website\",\"url\":\"https:\\\/\\\/www.teatrulreginamaria.ro\\\/hu\\\/\",\"name\":\"Teatrul Regina Maria Oradea\",\"alternateName\":\"TRM Oradea\",\"description\":\"Trupa Iosif Vulcan \\u0219i Trupa Arcadia\",\"inLanguage\":\"hu-HU\",\"publisher\":{\"@id\":\"https:\\\/\\\/www.teatrulreginamaria.ro\\\/hu\\\/#organization\"}}]}\n\t\t<\/script>\n\t\t<!-- All in One SEO Pro -->\r\n\t\t<title>OMAGIU ADUS POETULUI NA\u021aIONAL - Teatrul Regina Maria Oradea<\/title>\n\n","aioseo_head_json":{"title":"TISZTELET A NEMZETI K\u00d6LT\u0150NEK - Regina Maria Sz\u00ednh\u00e1z Nagyv\u00e1radon","description":"Az esem\u00e9ny bemutat\u00e1sa Kellett volna nekik egy nev\u00fck... Eminescu Mihai Eminescu (1850. janu\u00e1r 15. - 1889. j\u00fanius 15.) sz\u00fclet\u00e9s\u00e9nek 164. \u00e9vfordul\u00f3ja 17:00 \u2013 vir\u00e1gelhelyez\u00e9s \u00e9s a &quot;La steaua&quot; c\u00edm\u0171 vers elszaval\u00e1sa \u2013 Mihai Eminescu szobra, Az esem\u00e9ny 17:00-kor kezd\u0151dik, ekkor ker\u00fcl sor a vir\u00e1gok elhelyez\u00e9s\u00e9re Mihai szobr\u00e1n\u00e1l","canonical_url":"https:\/\/www.teatrulreginamaria.ro\/hu\/omagiu-adus-poetului-national\/","robots":"max-image-preview:large","keywords":"","webmasterTools":{"miscellaneous":""},"schema":{"@context":"https:\/\/schema.org","@graph":[{"@type":"BlogPosting","@id":"https:\/\/www.teatrulreginamaria.ro\/hu\/omagiu-adus-poetului-national\/#blogposting","name":"OMAGIU ADUS POETULUI NA\u021aIONAL - Teatrul Regina Maria Oradea","headline":"OMAGIU ADUS POETULUI NA\u021aIONAL","author":{"@id":"https:\/\/www.teatrulreginamaria.ro\/hu\/author\/w3bmaster\/#author"},"publisher":{"@id":"https:\/\/www.teatrulreginamaria.ro\/hu\/#organization"},"image":{"@type":"ImageObject","url":"https:\/\/www.teatrulreginamaria.ro\/wp-content\/uploads\/2025\/06\/logo-trm-01-dark.png","@id":"https:\/\/www.teatrulreginamaria.ro\/hu\/#articleImage","width":300,"height":148},"datePublished":"2014-01-10T12:26:45+02:00","dateModified":"2014-01-10T12:26:45+02:00","inLanguage":"hu-HU","mainEntityOfPage":{"@id":"https:\/\/www.teatrulreginamaria.ro\/hu\/omagiu-adus-poetului-national\/#webpage"},"isPartOf":{"@id":"https:\/\/www.teatrulreginamaria.ro\/hu\/omagiu-adus-poetului-national\/#webpage"},"articleSection":"Nout\u0103\u021bi - Trupa Iosif Vulcan"},{"@type":"BreadcrumbList","@id":"https:\/\/www.teatrulreginamaria.ro\/hu\/omagiu-adus-poetului-national\/#breadcrumblist","itemListElement":[{"@type":"ListItem","@id":"https:\/\/www.teatrulreginamaria.ro\/hu#listItem","position":1,"name":"Home","item":"https:\/\/www.teatrulreginamaria.ro\/hu","nextItem":{"@type":"ListItem","@id":"https:\/\/www.teatrulreginamaria.ro\/hu\/categorie\/noutati\/#listItem","name":"Nout\u0103\u021bi"}},{"@type":"ListItem","@id":"https:\/\/www.teatrulreginamaria.ro\/hu\/categorie\/noutati\/#listItem","position":2,"name":"Nout\u0103\u021bi","item":"https:\/\/www.teatrulreginamaria.ro\/hu\/categorie\/noutati\/","nextItem":{"@type":"ListItem","@id":"https:\/\/www.teatrulreginamaria.ro\/hu\/categorie\/noutati\/noutati-trupa-iosif-vulcan\/#listItem","name":"Nout\u0103\u021bi - Trupa Iosif Vulcan"},"previousItem":{"@type":"ListItem","@id":"https:\/\/www.teatrulreginamaria.ro\/hu#listItem","name":"Home"}},{"@type":"ListItem","@id":"https:\/\/www.teatrulreginamaria.ro\/hu\/categorie\/noutati\/noutati-trupa-iosif-vulcan\/#listItem","position":3,"name":"Nout\u0103\u021bi - Trupa Iosif Vulcan","item":"https:\/\/www.teatrulreginamaria.ro\/hu\/categorie\/noutati\/noutati-trupa-iosif-vulcan\/","nextItem":{"@type":"ListItem","@id":"https:\/\/www.teatrulreginamaria.ro\/hu\/omagiu-adus-poetului-national\/#listItem","name":"OMAGIU ADUS POETULUI NA\u021aIONAL"},"previousItem":{"@type":"ListItem","@id":"https:\/\/www.teatrulreginamaria.ro\/hu\/categorie\/noutati\/#listItem","name":"Nout\u0103\u021bi"}},{"@type":"ListItem","@id":"https:\/\/www.teatrulreginamaria.ro\/hu\/omagiu-adus-poetului-national\/#listItem","position":4,"name":"OMAGIU ADUS POETULUI NA\u021aIONAL","previousItem":{"@type":"ListItem","@id":"https:\/\/www.teatrulreginamaria.ro\/hu\/categorie\/noutati\/noutati-trupa-iosif-vulcan\/#listItem","name":"Nout\u0103\u021bi - Trupa Iosif Vulcan"}}]},{"@type":"Organization","@id":"https:\/\/www.teatrulreginamaria.ro\/hu\/#organization","name":"Teatrul Regina Maria Oradea","description":"Trupa Iosif Vulcan \u0219i Trupa Arcadia","url":"https:\/\/www.teatrulreginamaria.ro\/hu\/","email":"marketing@teatrulreginamaria.ro","telephone":"+40359411534","numberOfEmployees":{"@type":"QuantitativeValue","minValue":0,"maxValue":150},"logo":{"@type":"ImageObject","url":"https:\/\/www.teatrulreginamaria.ro\/wp-content\/uploads\/2025\/06\/logo-trm-01-dark.png","@id":"https:\/\/www.teatrulreginamaria.ro\/hu\/omagiu-adus-poetului-national\/#organizationLogo","width":300,"height":148},"image":{"@id":"https:\/\/www.teatrulreginamaria.ro\/hu\/omagiu-adus-poetului-national\/#organizationLogo"},"sameAs":["https:\/\/www.facebook.com\/TRMTrupaIosifVulcan\/","https:\/\/x.com\/TRMOradea","https:\/\/www.instagram.com\/teatrul_regina_maria\/","https:\/\/www.youtube.com\/c\/TeatrulReginaMariaOradea","https:\/\/www.linkedin.com\/company\/teatrul-regina-maria"]},{"@type":"Person","@id":"https:\/\/www.teatrulreginamaria.ro\/hu\/author\/w3bmaster\/#author","url":"https:\/\/www.teatrulreginamaria.ro\/hu\/author\/w3bmaster\/","name":"Teatrul Regina Maria","image":{"@type":"ImageObject","@id":"https:\/\/www.teatrulreginamaria.ro\/hu\/omagiu-adus-poetului-national\/#authorImage","url":"https:\/\/secure.gravatar.com\/avatar\/5884139d508ae3f0bafe45e60563b48a9640146d3b08ccc6278c305ff9329305?s=96&d=mm&r=g","width":96,"height":96,"caption":"Teatrul Regina Maria"}},{"@type":"WebPage","@id":"https:\/\/www.teatrulreginamaria.ro\/hu\/omagiu-adus-poetului-national\/#webpage","url":"https:\/\/www.teatrulreginamaria.ro\/hu\/omagiu-adus-poetului-national\/","name":"OMAGIU ADUS POETULUI NA\u021aIONAL - Teatrul Regina Maria Oradea","description":"Prezentarea evenimentului Trebuiau s\u0103 poarte un nume... Eminescu 164 de ani de la na\u015fterea lui Mihai Eminescu (15 ian. 1850 - 15 iunie 1889) ORA 17.00 \u2013 depunere de flori \u015fi recitarea poeziei \u201eLa steaua\u201d\u2013 Statuia lui Mihai Eminescu, Evenimentul debuteaz\u0103 la ora 17.00, c\u00e2nd va avea loc depunerea de flori la statuia lui Mihai","inLanguage":"hu-HU","isPartOf":{"@id":"https:\/\/www.teatrulreginamaria.ro\/hu\/#website"},"breadcrumb":{"@id":"https:\/\/www.teatrulreginamaria.ro\/hu\/omagiu-adus-poetului-national\/#breadcrumblist"},"author":{"@id":"https:\/\/www.teatrulreginamaria.ro\/hu\/author\/w3bmaster\/#author"},"creator":{"@id":"https:\/\/www.teatrulreginamaria.ro\/hu\/author\/w3bmaster\/#author"},"datePublished":"2014-01-10T12:26:45+02:00","dateModified":"2014-01-10T12:26:45+02:00"},{"@type":"WebSite","@id":"https:\/\/www.teatrulreginamaria.ro\/hu\/#website","url":"https:\/\/www.teatrulreginamaria.ro\/hu\/","name":"Teatrul Regina Maria Oradea","alternateName":"TRM Oradea","description":"Trupa Iosif Vulcan \u0219i Trupa Arcadia","inLanguage":"hu-HU","publisher":{"@id":"https:\/\/www.teatrulreginamaria.ro\/hu\/#organization"}}]},"og:locale":"hu_HU","og:site_name":"Teatrul Regina Maria Oradea - Trupa Iosif Vulcan \u0219i Trupa Arcadia","og:type":"article","og:title":"OMAGIU ADUS POETULUI NA\u021aIONAL - Teatrul Regina Maria Oradea","og:description":"Prezentarea evenimentului Trebuiau s\u0103 poarte un nume... Eminescu 164 de ani de la na\u015fterea lui Mihai Eminescu (15 ian. 1850 - 15 iunie 1889) ORA 17.00 \u2013 depunere de flori \u015fi recitarea poeziei \u201eLa steaua\u201d\u2013 Statuia lui Mihai Eminescu, Evenimentul debuteaz\u0103 la ora 17.00, c\u00e2nd va avea loc depunerea de flori la statuia lui Mihai","og:url":"https:\/\/www.teatrulreginamaria.ro\/hu\/omagiu-adus-poetului-national\/","og:image":"https:\/\/www.teatrulreginamaria.ro\/wp-content\/uploads\/2025\/03\/trm-istoric-01.jpg","og:image:secure_url":"https:\/\/www.teatrulreginamaria.ro\/wp-content\/uploads\/2025\/03\/trm-istoric-01.jpg","og:image:width":1200,"og:image:height":800,"article:published_time":"2014-01-10T12:26:45+00:00","article:modified_time":"2014-01-10T12:26:45+00:00","article:publisher":"https:\/\/www.facebook.com\/TRMTrupaIosifVulcan\/","twitter:card":"summary_large_image","twitter:site":"@TRMOradea","twitter:title":"OMAGIU ADUS POETULUI NA\u021aIONAL - Teatrul Regina Maria Oradea","twitter:description":"Prezentarea evenimentului Trebuiau s\u0103 poarte un nume... Eminescu 164 de ani de la na\u015fterea lui Mihai Eminescu (15 ian. 1850 - 15 iunie 1889) ORA 17.00 \u2013 depunere de flori \u015fi recitarea poeziei \u201eLa steaua\u201d\u2013 Statuia lui Mihai Eminescu, Evenimentul debuteaz\u0103 la ora 17.00, c\u00e2nd va avea loc depunerea de flori la statuia lui Mihai","twitter:creator":"@TRMOradea","twitter:image":"https:\/\/www.teatrulreginamaria.ro\/wp-content\/uploads\/2025\/03\/trm-istoric-01.jpg"},"aioseo_meta_data":{"post_id":"980","title":null,"description":null,"keywords":null,"keyphrases":null,"primary_term":null,"canonical_url":null,"og_title":null,"og_description":null,"og_object_type":"default","og_image_type":"default","og_image_url":null,"og_image_width":null,"og_image_height":null,"og_image_custom_url":null,"og_image_custom_fields":null,"og_video":null,"og_custom_url":null,"og_article_section":null,"og_article_tags":null,"twitter_use_og":false,"twitter_card":"default","twitter_image_type":"default","twitter_image_url":null,"twitter_image_custom_url":null,"twitter_image_custom_fields":null,"twitter_title":null,"twitter_description":null,"schema":{"blockGraphs":[],"customGraphs":[],"default":{"data":{"Article":[],"Course":[],"Dataset":[],"FAQPage":[],"Movie":[],"Person":[],"Product":[],"ProductReview":[],"Car":[],"Recipe":[],"Service":[],"SoftwareApplication":[],"WebPage":[]},"graphName":"","isEnabled":true},"graphs":[]},"schema_type":"default","schema_type_options":null,"pillar_content":false,"robots_default":true,"robots_noindex":false,"robots_noarchive":false,"robots_nosnippet":false,"robots_nofollow":false,"robots_noimageindex":false,"robots_noodp":false,"robots_notranslate":false,"robots_max_snippet":null,"robots_max_videopreview":null,"robots_max_imagepreview":"large","priority":null,"frequency":null,"local_seo":null,"seo_analyzer_scan_date":"2026-05-13 00:05:34","breadcrumb_settings":null,"limit_modified_date":false,"reviewed_by":null,"open_ai":null,"ai":null,"created":"2025-04-09 17:40:55","updated":"2026-05-13 00:05:34","focus_keyword":null,"additional_keywords":null,"truseo_locale":null},"aioseo_breadcrumb":"<div class=\"aioseo-breadcrumbs\"><span class=\"aioseo-breadcrumb\">\n\t<a href=\"https:\/\/www.teatrulreginamaria.ro\/hu\" title=\"Home\">Home<\/a>\n<\/span><span class=\"aioseo-breadcrumb-separator\">&raquo;<\/span><span class=\"aioseo-breadcrumb\">\n\t<a href=\"https:\/\/www.teatrulreginamaria.ro\/hu\/categorie\/noutati\/\" title=\"Nout\u0103\u021bi\">Nout\u0103\u021bi<\/a>\n<\/span><span class=\"aioseo-breadcrumb-separator\">&raquo;<\/span><span class=\"aioseo-breadcrumb\">\n\t<a href=\"https:\/\/www.teatrulreginamaria.ro\/hu\/categorie\/noutati\/noutati-trupa-iosif-vulcan\/\" title=\"Nout\u0103\u021bi - Trupa Iosif Vulcan\">Nout\u0103\u021bi - Trupa Iosif Vulcan<\/a>\n<\/span><span class=\"aioseo-breadcrumb-separator\">&raquo;<\/span><span class=\"aioseo-breadcrumb\">\n\tOMAGIU ADUS POETULUI NA\u021aIONAL\n<\/span><\/div>","aioseo_breadcrumb_json":[{"label":"Home","link":"https:\/\/www.teatrulreginamaria.ro\/hu"},{"label":"Nout\u0103\u021bi","link":"https:\/\/www.teatrulreginamaria.ro\/hu\/categorie\/noutati\/"},{"label":"Nout\u0103\u021bi - Trupa Iosif Vulcan","link":"https:\/\/www.teatrulreginamaria.ro\/hu\/categorie\/noutati\/noutati-trupa-iosif-vulcan\/"},{"label":"OMAGIU ADUS POETULUI NA\u021aIONAL","link":"https:\/\/www.teatrulreginamaria.ro\/hu\/omagiu-adus-poetului-national\/"}],"acf":[],"_links":{"self":[{"href":"https:\/\/www.teatrulreginamaria.ro\/hu\/wp-json\/wp\/v2\/posts\/980","targetHints":{"allow":["GET"]}}],"collection":[{"href":"https:\/\/www.teatrulreginamaria.ro\/hu\/wp-json\/wp\/v2\/posts"}],"about":[{"href":"https:\/\/www.teatrulreginamaria.ro\/hu\/wp-json\/wp\/v2\/types\/post"}],"author":[{"embeddable":true,"href":"https:\/\/www.teatrulreginamaria.ro\/hu\/wp-json\/wp\/v2\/users\/6"}],"replies":[{"embeddable":true,"href":"https:\/\/www.teatrulreginamaria.ro\/hu\/wp-json\/wp\/v2\/comments?post=980"}],"version-history":[{"count":0,"href":"https:\/\/www.teatrulreginamaria.ro\/hu\/wp-json\/wp\/v2\/posts\/980\/revisions"}],"wp:attachment":[{"href":"https:\/\/www.teatrulreginamaria.ro\/hu\/wp-json\/wp\/v2\/media?parent=980"}],"wp:term":[{"taxonomy":"category","embeddable":true,"href":"https:\/\/www.teatrulreginamaria.ro\/hu\/wp-json\/wp\/v2\/categories?post=980"},{"taxonomy":"post_tag","embeddable":true,"href":"https:\/\/www.teatrulreginamaria.ro\/hu\/wp-json\/wp\/v2\/tags?post=980"}],"curies":[{"name":"munkaf\u00fczet","href":"https:\/\/api.w.org\/{rel}","templated":true}]}}